{"id":388482,"date":"2025-11-28T10:22:41","date_gmt":"2025-11-28T09:22:41","guid":{"rendered":"https:\/\/www.webdo.tn\/fr\/?p=388482"},"modified":"2025-11-28T10:22:42","modified_gmt":"2025-11-28T09:22:42","slug":"ligue-des-champions-caf-groupe-d-lesperance-vise-le-rachat-a-luanda","status":"publish","type":"post","link":"https:\/\/www.webdo.tn\/fr\/actualite\/sport\/ligue-des-champions-caf-groupe-d-lesperance-vise-le-rachat-a-luanda\/388482\/","title":{"rendered":"Ligue des Champions CAF &#8211; Groupe D : L\u2019Esp\u00e9rance vise le rachat \u00e0 Luanda"},"content":{"rendered":"\n<p><strong>Apr\u00e8s un nul frustrant face au Stade Malien lors de son entr\u00e9e en lice, l\u2019Esp\u00e9rance de Tunis se d\u00e9place en Angola pour affronter Petro Atletico, samedi \u00e0 17h00, dans le cadre de la deuxi\u00e8me journ\u00e9e du groupe D. Un match d\u00e9j\u00e0 d\u00e9terminant pour les Sang et Or, bouscul\u00e9s par les absences et attendus au tournant.<\/strong><\/p>\n\n\n\n<h2 class=\"wp-block-heading\" id=\"h-l-esperance-en-quete-de-reaction\">L\u2019Esp\u00e9rance en qu\u00eate de r\u00e9action<\/h2>\n\n\n\n<p>L\u2019ouverture de la campagne africaine n\u2019a pas \u00e9t\u00e9 \u00e0 la hauteur des attentes pour l\u2019Esp\u00e9rance de Tunis. En conc\u00e9dant un 0-0 d\u00e9cevant \u00e0 Rad\u00e8s contre le Stade Malien, le club de Bab Souika s\u2019est imm\u00e9diatement mis sous pression dans un groupe o\u00f9 chaque point comptera.<\/p>\n\n\n\n<p>Le d\u00e9placement \u00e0 Luanda rev\u00eat d\u00e8s lors une importance majeure pour relancer la dynamique et d\u00e9montrer que la contre-performance de la premi\u00e8re journ\u00e9e n\u2019\u00e9tait qu\u2019un incident.<\/p>\n\n\n\n<p>Le staff esp\u00e9rantiste sait que l\u2019opposition face \u00e0 Petro Atletico constitue l\u2019une des sorties les plus d\u00e9licates de cette phase de groupes, d\u2019autant que l\u2019adversaire aborde ce rendez-vous port\u00e9 par sa victoire inaugurale \u00e0 l\u2019ext\u00e9rieur contre Simba (1-0), et b\u00e9n\u00e9ficiant d\u2019un vent de confiance qui pourrait peser dans la balance.<\/p>\n\n\n\n<h2 class=\"wp-block-heading\" id=\"h-choix-difficiles-pour-maher-kanzari\">Choix difficiles pour Maher Kanzari<\/h2>\n\n\n\n<p>Comme lors de leur premi\u00e8re apparition, les Sang et Or se pr\u00e9senteront en Angola diminu\u00e9s par plusieurs absences majeures. Youcef Bela\u00efli, Yan Sasse et Ibrahim Keita restent tous sur le flanc, tandis que Mohamed Amine Tougai, tout juste remis de blessure et convoqu\u00e9 en s\u00e9lection pour la Coupe arabe Qatar 2025, ne sera pas du voyage.<\/p>\n\n\n\n<p>Cette h\u00e9morragie dans l\u2019effectif contraint l\u2019entra\u00eeneur Maher Kanzari \u00e0 repenser son sch\u00e9ma, notamment sur le plan offensif o\u00f9 l\u2019efficacit\u00e9 a cruellement manqu\u00e9 lors du match pr\u00e9c\u00e9dent.<\/p>\n\n\n\n<h2 class=\"wp-block-heading\" id=\"h-petro-atletico-un-adversaire-en-forme\">Petro Atletico, un adversaire en forme<\/h2>\n\n\n\n<p>En face, Petro Atletico appara\u00eet comme l\u2019un des concurrents les plus difficiles \u00e0 man\u0153uvrer dans le groupe D. La formation angolaise, d\u00e9sormais habitu\u00e9e aux joutes continentales, dispose d\u2019un effectif dense et technique, renforc\u00e9 par des individualit\u00e9s capables de faire basculer un match.<\/p>\n\n\n\n<p>L\u2019\u00e9quipe pourra \u00e9galement compter sur le soutien massif de son public et sur la dynamique positive apport\u00e9e par l\u2019entra\u00eeneur-adjoint tunisien Anis Boussaidi, partie prenante de la pr\u00e9paration tactique de cette rencontre.<\/p>\n\n\n\n<p><\/p>\n\n\n\n<blockquote class=\"wp-block-quote is-layout-flow wp-block-quote-is-layout-flow\">\n<p><strong>Lire aussi<\/strong><\/p>\n\n\n\n<ul class=\"wp-block-list\">\n<li><a href=\"https:\/\/www.webdo.tn\/fr\/actualite\/sport\/youssef-msakni-fait-son-grand-retour-a-lesperance\/387978\/\">Youssef Msakni fait son grand retour \u00e0 l\u2019Esp\u00e9rance<\/a><\/li>\n\n\n\n<li><a href=\"https:\/\/www.webdo.tn\/fr\/actualite\/sport\/esperance-st-youcef-belaili-victime-dune-rupture-des-ligaments-croises\/387304\/\">Esp\u00e9rance ST : Youcef Bela\u00efli victime d\u2019une rupture des ligaments crois\u00e9s<\/a><\/li>\n\n\n\n<li><a href=\"https:\/\/www.webdo.tn\/fr\/actualite\/sport\/ligue-des-champions-caf-lesperance-de-tunis-herite-dun-groupe-releve\/386824\/\">Ligue des Champions CAF : L\u2019Esp\u00e9rance de Tunis h\u00e9rite d\u2019un groupe relev\u00e9<\/a><\/li>\n<\/ul>\n<\/blockquote>\n","protected":false},"excerpt":{"rendered":"<p>Apr\u00e8s un nul frustrant face au Stade Malien lors de son entr\u00e9e en lice, l\u2019Esp\u00e9rance de Tunis se d\u00e9place en Angola pour affronter Petro Atletico, samedi \u00e0 17h00, dans le cadre de la deuxi\u00e8me journ\u00e9e du groupe D. Un match d\u00e9j\u00e0 d\u00e9terminant pour les Sang et Or, bouscul\u00e9s par les absences et attendus au tournant. [&hellip;]<\/p>\n","protected":false},"author":3191,"featured_media":386579,"comment_status":"closed","ping_status":"closed","sticky":false,"template":"","format":"standard","meta":{"footnotes":""},"categories":[2593],"tags":[5122,2622,6853,13333,2608],"class_list":["post-388482","post","type-post","status-publish","format-standard","has-post-thumbnail","hentry","category-sport","tag-esperance-sportive-de-tunis","tag-football","tag-ligue-des-champions-africaine","tag-petro-atletico","tag-tunisie"],"yoast_head":"<!-- This site is optimized with the Yoast SEO Premium plugin v27.5 (Yoast SEO v27.5) - https:\/\/yoast.com\/product\/yoast-seo-premium-wordpress\/ -->\n<title>Ligue des Champions CAF - Groupe D : L\u2019Esp\u00e9rance vise le rachat \u00e0 Luanda - webdo<\/title>\n<meta name=\"description\" content=\"Apr\u00e8s un d\u00e9but compliqu\u00e9, l\u2019Esp\u00e9rance cherche \u00e0 s&#039;imposer \u00e0 Luanda. Suivez les d\u00e9tails de la Ligue des Champions CAF - Groupe D.\" \/>\n<link rel=\"canonical\" href=\"https:\/\/www.webdo.tn\/fr\/actualite\/sport\/ligue-des-champions-caf-groupe-d-lesperance-vise-le-rachat-a-luanda\/388482\/\" \/>\n<meta property=\"og:locale\" content=\"fr_FR\" \/>\n<meta property=\"og:type\" content=\"article\" \/>\n<meta property=\"og:title\" content=\"Ligue des Champions CAF - Groupe D : L\u2019Esp\u00e9rance vise le rachat \u00e0 Luanda\" \/>\n<meta property=\"og:description\" content=\"Apr\u00e8s un d\u00e9but compliqu\u00e9, l\u2019Esp\u00e9rance cherche \u00e0 s&#039;imposer \u00e0 Luanda. Suivez les d\u00e9tails de la Ligue des Champions CAF - Groupe D.\" \/>\n<meta property=\"og:url\" content=\"https:\/\/www.webdo.tn\/fr\/actualite\/sport\/ligue-des-champions-caf-groupe-d-lesperance-vise-le-rachat-a-luanda\/388482\/\" \/>\n<meta property=\"og:site_name\" content=\"webdo\" \/>\n<meta property=\"article:publisher\" content=\"https:\/\/www.facebook.com\/webdotn\" \/>\n<meta property=\"article:published_time\" content=\"2025-11-28T09:22:41+00:00\" \/>\n<meta property=\"article:modified_time\" content=\"2025-11-28T09:22:42+00:00\" \/>\n<meta property=\"og:image\" content=\"https:\/\/www.webdo.tn\/fr\/wp-content\/uploads\/2025\/10\/EST.jpg\" \/>\n\t<meta property=\"og:image:width\" content=\"1200\" \/>\n\t<meta property=\"og:image:height\" content=\"599\" \/>\n\t<meta property=\"og:image:type\" content=\"image\/jpeg\" \/>\n<meta name=\"author\" content=\"Mohamed Hedi Touati\" \/>\n<meta name=\"twitter:card\" content=\"summary_large_image\" \/>\n<meta name=\"twitter:creator\" content=\"@webdo_tn\" \/>\n<meta name=\"twitter:site\" content=\"@webdo_tn\" \/>\n<meta name=\"twitter:label1\" content=\"\u00c9crit par\" \/>\n\t<meta name=\"twitter:data1\" content=\"Mohamed Hedi Touati\" \/>\n\t<meta name=\"twitter:label2\" content=\"Dur\u00e9e de lecture estim\u00e9e\" \/>\n\t<meta name=\"twitter:data2\" content=\"2 minutes\" \/>\n<script type=\"application\/ld+json\" class=\"yoast-schema-graph\">{\"@context\":\"https:\\\/\\\/schema.org\",\"@graph\":[{\"@type\":\"NewsArticle\",\"@id\":\"https:\\\/\\\/www.webdo.tn\\\/fr\\\/actualite\\\/sport\\\/ligue-des-champions-caf-groupe-d-lesperance-vise-le-rachat-a-luanda\\\/388482\\\/#article\",\"isPartOf\":{\"@id\":\"https:\\\/\\\/www.webdo.tn\\\/fr\\\/actualite\\\/sport\\\/ligue-des-champions-caf-groupe-d-lesperance-vise-le-rachat-a-luanda\\\/388482\\\/\"},\"author\":{\"name\":\"Mohamed Hedi Touati\",\"@id\":\"https:\\\/\\\/www.webdo.tn\\\/fr\\\/#\\\/schema\\\/person\\\/c652cd8fc2b1b44412b5ffb48c5a911d\"},\"headline\":\"Ligue des Champions CAF &#8211; Groupe D : L\u2019Esp\u00e9rance vise le rachat \u00e0 Luanda\",\"datePublished\":\"2025-11-28T09:22:41+00:00\",\"dateModified\":\"2025-11-28T09:22:42+00:00\",\"mainEntityOfPage\":{\"@id\":\"https:\\\/\\\/www.webdo.tn\\\/fr\\\/actualite\\\/sport\\\/ligue-des-champions-caf-groupe-d-lesperance-vise-le-rachat-a-luanda\\\/388482\\\/\"},\"wordCount\":459,\"publisher\":{\"@id\":\"https:\\\/\\\/www.webdo.tn\\\/fr\\\/#organization\"},\"image\":{\"@id\":\"https:\\\/\\\/www.webdo.tn\\\/fr\\\/actualite\\\/sport\\\/ligue-des-champions-caf-groupe-d-lesperance-vise-le-rachat-a-luanda\\\/388482\\\/#primaryimage\"},\"thumbnailUrl\":\"https:\\\/\\\/www.webdo.tn\\\/fr\\\/wp-content\\\/uploads\\\/2025\\\/10\\\/EST.jpg\",\"keywords\":[\"Esp\u00e9rance Sportive de Tunis\",\"football\",\"ligue des champions africaine\",\"petro atletico\",\"Tunisie\"],\"articleSection\":[\"Sport\"],\"inLanguage\":\"fr-FR\"},{\"@type\":\"WebPage\",\"@id\":\"https:\\\/\\\/www.webdo.tn\\\/fr\\\/actualite\\\/sport\\\/ligue-des-champions-caf-groupe-d-lesperance-vise-le-rachat-a-luanda\\\/388482\\\/\",\"url\":\"https:\\\/\\\/www.webdo.tn\\\/fr\\\/actualite\\\/sport\\\/ligue-des-champions-caf-groupe-d-lesperance-vise-le-rachat-a-luanda\\\/388482\\\/\",\"name\":\"Ligue des Champions CAF - Groupe D : L\u2019Esp\u00e9rance vise le rachat \u00e0 Luanda - webdo\",\"isPartOf\":{\"@id\":\"https:\\\/\\\/www.webdo.tn\\\/fr\\\/#website\"},\"primaryImageOfPage\":{\"@id\":\"https:\\\/\\\/www.webdo.tn\\\/fr\\\/actualite\\\/sport\\\/ligue-des-champions-caf-groupe-d-lesperance-vise-le-rachat-a-luanda\\\/388482\\\/#primaryimage\"},\"image\":{\"@id\":\"https:\\\/\\\/www.webdo.tn\\\/fr\\\/actualite\\\/sport\\\/ligue-des-champions-caf-groupe-d-lesperance-vise-le-rachat-a-luanda\\\/388482\\\/#primaryimage\"},\"thumbnailUrl\":\"https:\\\/\\\/www.webdo.tn\\\/fr\\\/wp-content\\\/uploads\\\/2025\\\/10\\\/EST.jpg\",\"datePublished\":\"2025-11-28T09:22:41+00:00\",\"dateModified\":\"2025-11-28T09:22:42+00:00\",\"description\":\"Apr\u00e8s un d\u00e9but compliqu\u00e9, l\u2019Esp\u00e9rance cherche \u00e0 s'imposer \u00e0 Luanda. Suivez les d\u00e9tails de la Ligue des Champions CAF - Groupe D.\",\"breadcrumb\":{\"@id\":\"https:\\\/\\\/www.webdo.tn\\\/fr\\\/actualite\\\/sport\\\/ligue-des-champions-caf-groupe-d-lesperance-vise-le-rachat-a-luanda\\\/388482\\\/#breadcrumb\"},\"inLanguage\":\"fr-FR\",\"potentialAction\":[{\"@type\":\"ReadAction\",\"target\":[\"https:\\\/\\\/www.webdo.tn\\\/fr\\\/actualite\\\/sport\\\/ligue-des-champions-caf-groupe-d-lesperance-vise-le-rachat-a-luanda\\\/388482\\\/\"]}]},{\"@type\":\"ImageObject\",\"inLanguage\":\"fr-FR\",\"@id\":\"https:\\\/\\\/www.webdo.tn\\\/fr\\\/actualite\\\/sport\\\/ligue-des-champions-caf-groupe-d-lesperance-vise-le-rachat-a-luanda\\\/388482\\\/#primaryimage\",\"url\":\"https:\\\/\\\/www.webdo.tn\\\/fr\\\/wp-content\\\/uploads\\\/2025\\\/10\\\/EST.jpg\",\"contentUrl\":\"https:\\\/\\\/www.webdo.tn\\\/fr\\\/wp-content\\\/uploads\\\/2025\\\/10\\\/EST.jpg\",\"width\":1200,\"height\":599,\"caption\":\"Ligue des Champions CAF - Groupe D : L\u2019Esp\u00e9rance vise le rachat \u00e0 Luanda\"},{\"@type\":\"BreadcrumbList\",\"@id\":\"https:\\\/\\\/www.webdo.tn\\\/fr\\\/actualite\\\/sport\\\/ligue-des-champions-caf-groupe-d-lesperance-vise-le-rachat-a-luanda\\\/388482\\\/#breadcrumb\",\"itemListElement\":[{\"@type\":\"ListItem\",\"position\":1,\"name\":\"Accueil\",\"item\":\"https:\\\/\\\/www.webdo.tn\\\/fr\\\/\"},{\"@type\":\"ListItem\",\"position\":2,\"name\":\"Ligue des Champions CAF &#8211; Groupe D : L\u2019Esp\u00e9rance vise le rachat \u00e0 Luanda\"}]},{\"@type\":\"WebSite\",\"@id\":\"https:\\\/\\\/www.webdo.tn\\\/fr\\\/#website\",\"url\":\"https:\\\/\\\/www.webdo.tn\\\/fr\\\/\",\"name\":\"webdo\",\"description\":\"Tunisie - News en Tunisie et \u00e0 l&#039;international sur Webdo.tn\",\"publisher\":{\"@id\":\"https:\\\/\\\/www.webdo.tn\\\/fr\\\/#organization\"},\"potentialAction\":[{\"@type\":\"SearchAction\",\"target\":{\"@type\":\"EntryPoint\",\"urlTemplate\":\"https:\\\/\\\/www.webdo.tn\\\/fr\\\/?s={search_term_string}\"},\"query-input\":{\"@type\":\"PropertyValueSpecification\",\"valueRequired\":true,\"valueName\":\"search_term_string\"}}],\"inLanguage\":\"fr-FR\"},{\"@type\":\"Organization\",\"@id\":\"https:\\\/\\\/www.webdo.tn\\\/fr\\\/#organization\",\"name\":\"Webdo\",\"alternateName\":\"Webdo.tn\",\"url\":\"https:\\\/\\\/www.webdo.tn\\\/fr\\\/\",\"logo\":{\"@type\":\"ImageObject\",\"inLanguage\":\"fr-FR\",\"@id\":\"https:\\\/\\\/www.webdo.tn\\\/fr\\\/#\\\/schema\\\/logo\\\/image\\\/\",\"url\":\"https:\\\/\\\/www.webdo.tn\\\/fr\\\/wp-content\\\/uploads\\\/2025\\\/06\\\/Webdo-Tunisie_168377.jpg\",\"contentUrl\":\"https:\\\/\\\/www.webdo.tn\\\/fr\\\/wp-content\\\/uploads\\\/2025\\\/06\\\/Webdo-Tunisie_168377.jpg\",\"width\":301,\"height\":301,\"caption\":\"Webdo\"},\"image\":{\"@id\":\"https:\\\/\\\/www.webdo.tn\\\/fr\\\/#\\\/schema\\\/logo\\\/image\\\/\"},\"sameAs\":[\"https:\\\/\\\/www.facebook.com\\\/webdotn\",\"https:\\\/\\\/x.com\\\/webdo_tn\"],\"description\":\"Webdo est un m\u00e9dia num\u00e9rique tunisien fond\u00e9 en 2010, sp\u00e9cialis\u00e9 dans l\u2019actualit\u00e9 nationale et internationale, l\u2019\u00e9conomie, la soci\u00e9t\u00e9 et les analyses politiques. Le site s\u2019adresse \u00e0 un large public francophone et couvre l\u2019information tunisienne en temps r\u00e9el.\",\"email\":\"redac@webdo.tn\",\"legalName\":\"YNJ SARL\",\"foundingDate\":\"2010-09-06\",\"numberOfEmployees\":{\"@type\":\"QuantitativeValue\",\"minValue\":\"11\",\"maxValue\":\"50\"}},{\"@type\":\"Person\",\"@id\":\"https:\\\/\\\/www.webdo.tn\\\/fr\\\/#\\\/schema\\\/person\\\/c652cd8fc2b1b44412b5ffb48c5a911d\",\"name\":\"Mohamed Hedi Touati\",\"image\":{\"@type\":\"ImageObject\",\"inLanguage\":\"fr-FR\",\"@id\":\"https:\\\/\\\/secure.gravatar.com\\\/avatar\\\/9cfd402c745b7a685f13eed0ea6e59d2144a3c2fc50a3db6fd5ed451f6cddf1a?s=96&d=mm&r=g\",\"url\":\"https:\\\/\\\/secure.gravatar.com\\\/avatar\\\/9cfd402c745b7a685f13eed0ea6e59d2144a3c2fc50a3db6fd5ed451f6cddf1a?s=96&d=mm&r=g\",\"contentUrl\":\"https:\\\/\\\/secure.gravatar.com\\\/avatar\\\/9cfd402c745b7a685f13eed0ea6e59d2144a3c2fc50a3db6fd5ed451f6cddf1a?s=96&d=mm&r=g\",\"caption\":\"Mohamed Hedi Touati\"},\"url\":\"https:\\\/\\\/www.webdo.tn\\\/fr\\\/actualite\\\/author\\\/mohamed-hedi-touati\\\/\"}]}<\/script>\n<!-- \/ Yoast SEO Premium plugin. -->","yoast_head_json":{"title":"Ligue des Champions CAF - Groupe D : L\u2019Esp\u00e9rance vise le rachat \u00e0 Luanda - webdo","description":"Apr\u00e8s un d\u00e9but compliqu\u00e9, l\u2019Esp\u00e9rance cherche \u00e0 s'imposer \u00e0 Luanda. Suivez les d\u00e9tails de la Ligue des Champions CAF - Groupe D.","canonical":"https:\/\/www.webdo.tn\/fr\/actualite\/sport\/ligue-des-champions-caf-groupe-d-lesperance-vise-le-rachat-a-luanda\/388482\/","og_locale":"fr_FR","og_type":"article","og_title":"Ligue des Champions CAF - Groupe D : L\u2019Esp\u00e9rance vise le rachat \u00e0 Luanda","og_description":"Apr\u00e8s un d\u00e9but compliqu\u00e9, l\u2019Esp\u00e9rance cherche \u00e0 s'imposer \u00e0 Luanda. Suivez les d\u00e9tails de la Ligue des Champions CAF - Groupe D.","og_url":"https:\/\/www.webdo.tn\/fr\/actualite\/sport\/ligue-des-champions-caf-groupe-d-lesperance-vise-le-rachat-a-luanda\/388482\/","og_site_name":"webdo","article_publisher":"https:\/\/www.facebook.com\/webdotn","article_published_time":"2025-11-28T09:22:41+00:00","article_modified_time":"2025-11-28T09:22:42+00:00","og_image":[{"width":1200,"height":599,"url":"https:\/\/www.webdo.tn\/fr\/wp-content\/uploads\/2025\/10\/EST.jpg","type":"image\/jpeg"}],"author":"Mohamed Hedi Touati","twitter_card":"summary_large_image","twitter_creator":"@webdo_tn","twitter_site":"@webdo_tn","twitter_misc":{"\u00c9crit par":"Mohamed Hedi Touati","Dur\u00e9e de lecture estim\u00e9e":"2 minutes"},"schema":{"@context":"https:\/\/schema.org","@graph":[{"@type":"NewsArticle","@id":"https:\/\/www.webdo.tn\/fr\/actualite\/sport\/ligue-des-champions-caf-groupe-d-lesperance-vise-le-rachat-a-luanda\/388482\/#article","isPartOf":{"@id":"https:\/\/www.webdo.tn\/fr\/actualite\/sport\/ligue-des-champions-caf-groupe-d-lesperance-vise-le-rachat-a-luanda\/388482\/"},"author":{"name":"Mohamed Hedi Touati","@id":"https:\/\/www.webdo.tn\/fr\/#\/schema\/person\/c652cd8fc2b1b44412b5ffb48c5a911d"},"headline":"Ligue des Champions CAF &#8211; Groupe D : L\u2019Esp\u00e9rance vise le rachat \u00e0 Luanda","datePublished":"2025-11-28T09:22:41+00:00","dateModified":"2025-11-28T09:22:42+00:00","mainEntityOfPage":{"@id":"https:\/\/www.webdo.tn\/fr\/actualite\/sport\/ligue-des-champions-caf-groupe-d-lesperance-vise-le-rachat-a-luanda\/388482\/"},"wordCount":459,"publisher":{"@id":"https:\/\/www.webdo.tn\/fr\/#organization"},"image":{"@id":"https:\/\/www.webdo.tn\/fr\/actualite\/sport\/ligue-des-champions-caf-groupe-d-lesperance-vise-le-rachat-a-luanda\/388482\/#primaryimage"},"thumbnailUrl":"https:\/\/www.webdo.tn\/fr\/wp-content\/uploads\/2025\/10\/EST.jpg","keywords":["Esp\u00e9rance Sportive de Tunis","football","ligue des champions africaine","petro atletico","Tunisie"],"articleSection":["Sport"],"inLanguage":"fr-FR"},{"@type":"WebPage","@id":"https:\/\/www.webdo.tn\/fr\/actualite\/sport\/ligue-des-champions-caf-groupe-d-lesperance-vise-le-rachat-a-luanda\/388482\/","url":"https:\/\/www.webdo.tn\/fr\/actualite\/sport\/ligue-des-champions-caf-groupe-d-lesperance-vise-le-rachat-a-luanda\/388482\/","name":"Ligue des Champions CAF - Groupe D : L\u2019Esp\u00e9rance vise le rachat \u00e0 Luanda - webdo","isPartOf":{"@id":"https:\/\/www.webdo.tn\/fr\/#website"},"primaryImageOfPage":{"@id":"https:\/\/www.webdo.tn\/fr\/actualite\/sport\/ligue-des-champions-caf-groupe-d-lesperance-vise-le-rachat-a-luanda\/388482\/#primaryimage"},"image":{"@id":"https:\/\/www.webdo.tn\/fr\/actualite\/sport\/ligue-des-champions-caf-groupe-d-lesperance-vise-le-rachat-a-luanda\/388482\/#primaryimage"},"thumbnailUrl":"https:\/\/www.webdo.tn\/fr\/wp-content\/uploads\/2025\/10\/EST.jpg","datePublished":"2025-11-28T09:22:41+00:00","dateModified":"2025-11-28T09:22:42+00:00","description":"Apr\u00e8s un d\u00e9but compliqu\u00e9, l\u2019Esp\u00e9rance cherche \u00e0 s'imposer \u00e0 Luanda. Suivez les d\u00e9tails de la Ligue des Champions CAF - Groupe D.","breadcrumb":{"@id":"https:\/\/www.webdo.tn\/fr\/actualite\/sport\/ligue-des-champions-caf-groupe-d-lesperance-vise-le-rachat-a-luanda\/388482\/#breadcrumb"},"inLanguage":"fr-FR","potentialAction":[{"@type":"ReadAction","target":["https:\/\/www.webdo.tn\/fr\/actualite\/sport\/ligue-des-champions-caf-groupe-d-lesperance-vise-le-rachat-a-luanda\/388482\/"]}]},{"@type":"ImageObject","inLanguage":"fr-FR","@id":"https:\/\/www.webdo.tn\/fr\/actualite\/sport\/ligue-des-champions-caf-groupe-d-lesperance-vise-le-rachat-a-luanda\/388482\/#primaryimage","url":"https:\/\/www.webdo.tn\/fr\/wp-content\/uploads\/2025\/10\/EST.jpg","contentUrl":"https:\/\/www.webdo.tn\/fr\/wp-content\/uploads\/2025\/10\/EST.jpg","width":1200,"height":599,"caption":"Ligue des Champions CAF - Groupe D : L\u2019Esp\u00e9rance vise le rachat \u00e0 Luanda"},{"@type":"BreadcrumbList","@id":"https:\/\/www.webdo.tn\/fr\/actualite\/sport\/ligue-des-champions-caf-groupe-d-lesperance-vise-le-rachat-a-luanda\/388482\/#breadcrumb","itemListElement":[{"@type":"ListItem","position":1,"name":"Accueil","item":"https:\/\/www.webdo.tn\/fr\/"},{"@type":"ListItem","position":2,"name":"Ligue des Champions CAF &#8211; Groupe D : L\u2019Esp\u00e9rance vise le rachat \u00e0 Luanda"}]},{"@type":"WebSite","@id":"https:\/\/www.webdo.tn\/fr\/#website","url":"https:\/\/www.webdo.tn\/fr\/","name":"webdo","description":"Tunisie - News en Tunisie et \u00e0 l&#039;international sur Webdo.tn","publisher":{"@id":"https:\/\/www.webdo.tn\/fr\/#organization"},"potentialAction":[{"@type":"SearchAction","target":{"@type":"EntryPoint","urlTemplate":"https:\/\/www.webdo.tn\/fr\/?s={search_term_string}"},"query-input":{"@type":"PropertyValueSpecification","valueRequired":true,"valueName":"search_term_string"}}],"inLanguage":"fr-FR"},{"@type":"Organization","@id":"https:\/\/www.webdo.tn\/fr\/#organization","name":"Webdo","alternateName":"Webdo.tn","url":"https:\/\/www.webdo.tn\/fr\/","logo":{"@type":"ImageObject","inLanguage":"fr-FR","@id":"https:\/\/www.webdo.tn\/fr\/#\/schema\/logo\/image\/","url":"https:\/\/www.webdo.tn\/fr\/wp-content\/uploads\/2025\/06\/Webdo-Tunisie_168377.jpg","contentUrl":"https:\/\/www.webdo.tn\/fr\/wp-content\/uploads\/2025\/06\/Webdo-Tunisie_168377.jpg","width":301,"height":301,"caption":"Webdo"},"image":{"@id":"https:\/\/www.webdo.tn\/fr\/#\/schema\/logo\/image\/"},"sameAs":["https:\/\/www.facebook.com\/webdotn","https:\/\/x.com\/webdo_tn"],"description":"Webdo est un m\u00e9dia num\u00e9rique tunisien fond\u00e9 en 2010, sp\u00e9cialis\u00e9 dans l\u2019actualit\u00e9 nationale et internationale, l\u2019\u00e9conomie, la soci\u00e9t\u00e9 et les analyses politiques. Le site s\u2019adresse \u00e0 un large public francophone et couvre l\u2019information tunisienne en temps r\u00e9el.","email":"redac@webdo.tn","legalName":"YNJ SARL","foundingDate":"2010-09-06","numberOfEmployees":{"@type":"QuantitativeValue","minValue":"11","maxValue":"50"}},{"@type":"Person","@id":"https:\/\/www.webdo.tn\/fr\/#\/schema\/person\/c652cd8fc2b1b44412b5ffb48c5a911d","name":"Mohamed Hedi Touati","image":{"@type":"ImageObject","inLanguage":"fr-FR","@id":"https:\/\/secure.gravatar.com\/avatar\/9cfd402c745b7a685f13eed0ea6e59d2144a3c2fc50a3db6fd5ed451f6cddf1a?s=96&d=mm&r=g","url":"https:\/\/secure.gravatar.com\/avatar\/9cfd402c745b7a685f13eed0ea6e59d2144a3c2fc50a3db6fd5ed451f6cddf1a?s=96&d=mm&r=g","contentUrl":"https:\/\/secure.gravatar.com\/avatar\/9cfd402c745b7a685f13eed0ea6e59d2144a3c2fc50a3db6fd5ed451f6cddf1a?s=96&d=mm&r=g","caption":"Mohamed Hedi Touati"},"url":"https:\/\/www.webdo.tn\/fr\/actualite\/author\/mohamed-hedi-touati\/"}]}},"_links":{"self":[{"href":"https:\/\/www.webdo.tn\/fr\/wp-json\/wp\/v2\/posts\/388482","targetHints":{"allow":["GET"]}}],"collection":[{"href":"https:\/\/www.webdo.tn\/fr\/wp-json\/wp\/v2\/posts"}],"about":[{"href":"https:\/\/www.webdo.tn\/fr\/wp-json\/wp\/v2\/types\/post"}],"author":[{"embeddable":true,"href":"https:\/\/www.webdo.tn\/fr\/wp-json\/wp\/v2\/users\/3191"}],"replies":[{"embeddable":true,"href":"https:\/\/www.webdo.tn\/fr\/wp-json\/wp\/v2\/comments?post=388482"}],"version-history":[{"count":0,"href":"https:\/\/www.webdo.tn\/fr\/wp-json\/wp\/v2\/posts\/388482\/revisions"}],"wp:featuredmedia":[{"embeddable":true,"href":"https:\/\/www.webdo.tn\/fr\/wp-json\/wp\/v2\/media\/386579"}],"wp:attachment":[{"href":"https:\/\/www.webdo.tn\/fr\/wp-json\/wp\/v2\/media?parent=388482"}],"wp:term":[{"taxonomy":"category","embeddable":true,"href":"https:\/\/www.webdo.tn\/fr\/wp-json\/wp\/v2\/categories?post=388482"},{"taxonomy":"post_tag","embeddable":true,"href":"https:\/\/www.webdo.tn\/fr\/wp-json\/wp\/v2\/tags?post=388482"}],"curies":[{"name":"wp","href":"https:\/\/api.w.org\/{rel}","templated":true}]}}