{"id":388420,"date":"2025-11-27T09:28:57","date_gmt":"2025-11-27T08:28:57","guid":{"rendered":"https:\/\/www.webdo.tn\/fr\/?p=388420"},"modified":"2025-11-27T09:28:58","modified_gmt":"2025-11-27T08:28:58","slug":"la-peine-du-syndicaliste-sanki-assoudi-reduite-en-appel-a-six-ans-de-prison","status":"publish","type":"post","link":"https:\/\/www.webdo.tn\/fr\/actualite\/national\/la-peine-du-syndicaliste-sanki-assoudi-reduite-en-appel-a-six-ans-de-prison\/388420\/","title":{"rendered":"La peine du syndicaliste Sanki Assoudi r\u00e9duite en appel \u00e0 six ans de prison"},"content":{"rendered":"\n<p><strong>La Cour d\u2019appel de Tunis a confirm\u00e9 la culpabilit\u00e9 du syndicaliste Sanki Assoudi, ancien secr\u00e9taire g\u00e9n\u00e9ral r\u00e9gional de l\u2019UGTT \u00e0 Kasserine, tout en r\u00e9visant \u00e0 la baisse sa peine de prison de dix \u00e0 six ans.<\/strong><\/p>\n\n\n\n<p>La juridiction a \u00e9galement maintenu un jugement par contumace condamnant un ancien PDG de la Soci\u00e9t\u00e9 nationale de cellulose et de papier Alfa (SNCPA) \u00e0 vingt-quatre ans d\u2019emprisonnement dans la m\u00eame affaire de faux certificats professionnels et acad\u00e9miques, rapporte Mosaique fm.<\/p>\n\n\n\n<h2 class=\"wp-block-heading\" id=\"h-falsification-de-documents\">Falsification de documents<\/h2>\n\n\n\n<p>La d\u00e9cision est tomb\u00e9e ce jeudi : la chambre criminelle de la Cour d\u2019appel de Tunis a confirm\u00e9 la responsabilit\u00e9 p\u00e9nale de Sanki Assoudi dans une affaire qui remonte \u00e0 son passage \u00e0 la SNCPA. Il \u00e9tait poursuivi pour des accusations li\u00e9es \u00e0 la falsification de certificats professionnels et acad\u00e9miques en lien avec ses fonctions ant\u00e9rieures.<\/p>\n\n\n\n<p>Si la juridiction a maintenu sa condamnation, elle a toutefois revu la sanction \u00e0 la baisse : six ans de prison au lieu des dix ans inflig\u00e9s en premi\u00e8re instance. Une r\u00e9duction notable, mais qui ne remet pas en cause la reconnaissance de sa participation \u00e0 l\u2019affaire.<\/p>\n\n\n\n<h2 class=\"wp-block-heading\" id=\"h-un-coaccuse-lourdement-condamne-par-contumace\">Un coaccus\u00e9 lourdement condamn\u00e9 par contumace<\/h2>\n\n\n\n<p>Dans le m\u00eame dossier, la Cour a confirm\u00e9 le jugement rendu contre l\u2019ancien pr\u00e9sident-directeur g\u00e9n\u00e9ral de la soci\u00e9t\u00e9. Le verdict, \u00e9mis par contumace, reste inchang\u00e9 : vingt-quatre ans de prison, une peine particuli\u00e8rement lourde qui refl\u00e8te la gravit\u00e9 des accusations de falsification et d\u2019usage de faux au sein de l\u2019entreprise publique.<\/p>\n\n\n\n<p><\/p>\n\n\n\n<blockquote class=\"wp-block-quote is-layout-flow wp-block-quote-is-layout-flow\">\n<p><strong>Lire aussi<\/strong><\/p>\n\n\n\n<ul class=\"wp-block-list\">\n<li><a href=\"https:\/\/www.webdo.tn\/fr\/actualite\/national\/detention-prolongee-pour-sanki-assoudi\/212334\/\">Tunisie : D\u00e9tention prolong\u00e9e pour Sanki Assoudi<\/a><\/li>\n\n\n\n<li><a href=\"https:\/\/www.webdo.tn\/fr\/actualite\/national\/tunisie-12-ans-de-prison-contre-lex-pdg-de-la-sncpa\/379922\/\">Tunisie : 12 ans de prison contre l\u2019ex-PDG de la SNCPA<\/a><\/li>\n\n\n\n<li><a href=\"https:\/\/www.webdo.tn\/fr\/actualite\/national\/mandat-de-depot-a-l-encontre-du-sg-de-l-union-regionale-tunisienne-du-travail-de-kasserine\/212186\/\">Tunisie : Mandat de d\u00e9p\u00f4t \u00e0 l\u2019encontre du SG de l\u2019URTT de Kasserine<\/a><\/li>\n<\/ul>\n<\/blockquote>\n","protected":false},"excerpt":{"rendered":"<p>La Cour d\u2019appel de Tunis a confirm\u00e9 la culpabilit\u00e9 du syndicaliste Sanki Assoudi, ancien secr\u00e9taire g\u00e9n\u00e9ral r\u00e9gional de l\u2019UGTT \u00e0 Kasserine, tout en r\u00e9visant \u00e0 la baisse sa peine de prison de dix \u00e0 six ans. La juridiction a \u00e9galement maintenu un jugement par contumace condamnant un ancien PDG de la Soci\u00e9t\u00e9 nationale de cellulose [&hellip;]<\/p>\n","protected":false},"author":3191,"featured_media":388421,"comment_status":"closed","ping_status":"closed","sticky":false,"template":"","format":"standard","meta":{"footnotes":""},"categories":[44],"tags":[2619,2744,7025,4289,2608],"class_list":["post-388420","post","type-post","status-publish","format-standard","has-post-thumbnail","hentry","category-national","tag-justice","tag-kasserine","tag-sanki-assoudi","tag-sncpa","tag-tunisie"],"yoast_head":"<!-- This site is optimized with the Yoast SEO Premium plugin v27.5 (Yoast SEO v27.5) - https:\/\/yoast.com\/product\/yoast-seo-premium-wordpress\/ -->\n<title>La peine du syndicaliste Sanki Assoudi r\u00e9duite en appel \u00e0 six ans de prison - webdo<\/title>\n<meta name=\"description\" content=\"Sanki Assoudi, ancien syndicaliste de l\u2019UGTT, voit sa peine r\u00e9duite \u00e0 six ans en appel. Informez-vous sur cette d\u00e9cision judiciaire.\" \/>\n<link rel=\"canonical\" href=\"https:\/\/www.webdo.tn\/fr\/actualite\/national\/la-peine-du-syndicaliste-sanki-assoudi-reduite-en-appel-a-six-ans-de-prison\/388420\/\" \/>\n<meta property=\"og:locale\" content=\"fr_FR\" \/>\n<meta property=\"og:type\" content=\"article\" \/>\n<meta property=\"og:title\" content=\"La peine du syndicaliste Sanki Assoudi r\u00e9duite en appel \u00e0 six ans de prison\" \/>\n<meta property=\"og:description\" content=\"Sanki Assoudi, ancien syndicaliste de l\u2019UGTT, voit sa peine r\u00e9duite \u00e0 six ans en appel. Informez-vous sur cette d\u00e9cision judiciaire.\" \/>\n<meta property=\"og:url\" content=\"https:\/\/www.webdo.tn\/fr\/actualite\/national\/la-peine-du-syndicaliste-sanki-assoudi-reduite-en-appel-a-six-ans-de-prison\/388420\/\" \/>\n<meta property=\"og:site_name\" content=\"webdo\" \/>\n<meta property=\"article:publisher\" content=\"https:\/\/www.facebook.com\/webdotn\" \/>\n<meta property=\"article:published_time\" content=\"2025-11-27T08:28:57+00:00\" \/>\n<meta property=\"article:modified_time\" content=\"2025-11-27T08:28:58+00:00\" \/>\n<meta property=\"og:image\" content=\"https:\/\/www.webdo.tn\/fr\/wp-content\/uploads\/2025\/11\/Sanki-Assoudi.jpg\" \/>\n\t<meta property=\"og:image:width\" content=\"1200\" \/>\n\t<meta property=\"og:image:height\" content=\"595\" \/>\n\t<meta property=\"og:image:type\" content=\"image\/jpeg\" \/>\n<meta name=\"author\" content=\"Mohamed Hedi Touati\" \/>\n<meta name=\"twitter:card\" content=\"summary_large_image\" \/>\n<meta name=\"twitter:creator\" content=\"@webdo_tn\" \/>\n<meta name=\"twitter:site\" content=\"@webdo_tn\" \/>\n<meta name=\"twitter:label1\" content=\"\u00c9crit par\" \/>\n\t<meta name=\"twitter:data1\" content=\"Mohamed Hedi Touati\" \/>\n\t<meta name=\"twitter:label2\" content=\"Dur\u00e9e de lecture estim\u00e9e\" \/>\n\t<meta name=\"twitter:data2\" content=\"2 minutes\" \/>\n<script type=\"application\/ld+json\" class=\"yoast-schema-graph\">{\"@context\":\"https:\\\/\\\/schema.org\",\"@graph\":[{\"@type\":\"NewsArticle\",\"@id\":\"https:\\\/\\\/www.webdo.tn\\\/fr\\\/actualite\\\/national\\\/la-peine-du-syndicaliste-sanki-assoudi-reduite-en-appel-a-six-ans-de-prison\\\/388420\\\/#article\",\"isPartOf\":{\"@id\":\"https:\\\/\\\/www.webdo.tn\\\/fr\\\/actualite\\\/national\\\/la-peine-du-syndicaliste-sanki-assoudi-reduite-en-appel-a-six-ans-de-prison\\\/388420\\\/\"},\"author\":{\"name\":\"Mohamed Hedi Touati\",\"@id\":\"https:\\\/\\\/www.webdo.tn\\\/fr\\\/#\\\/schema\\\/person\\\/c652cd8fc2b1b44412b5ffb48c5a911d\"},\"headline\":\"La peine du syndicaliste Sanki Assoudi r\u00e9duite en appel \u00e0 six ans de prison\",\"datePublished\":\"2025-11-27T08:28:57+00:00\",\"dateModified\":\"2025-11-27T08:28:58+00:00\",\"mainEntityOfPage\":{\"@id\":\"https:\\\/\\\/www.webdo.tn\\\/fr\\\/actualite\\\/national\\\/la-peine-du-syndicaliste-sanki-assoudi-reduite-en-appel-a-six-ans-de-prison\\\/388420\\\/\"},\"wordCount\":309,\"publisher\":{\"@id\":\"https:\\\/\\\/www.webdo.tn\\\/fr\\\/#organization\"},\"image\":{\"@id\":\"https:\\\/\\\/www.webdo.tn\\\/fr\\\/actualite\\\/national\\\/la-peine-du-syndicaliste-sanki-assoudi-reduite-en-appel-a-six-ans-de-prison\\\/388420\\\/#primaryimage\"},\"thumbnailUrl\":\"https:\\\/\\\/www.webdo.tn\\\/fr\\\/wp-content\\\/uploads\\\/2025\\\/11\\\/Sanki-Assoudi.jpg\",\"keywords\":[\"justice\",\"Kasserine\",\"Sanki Assoudi\",\"SNCPA\",\"Tunisie\"],\"articleSection\":[\"National\"],\"inLanguage\":\"fr-FR\"},{\"@type\":\"WebPage\",\"@id\":\"https:\\\/\\\/www.webdo.tn\\\/fr\\\/actualite\\\/national\\\/la-peine-du-syndicaliste-sanki-assoudi-reduite-en-appel-a-six-ans-de-prison\\\/388420\\\/\",\"url\":\"https:\\\/\\\/www.webdo.tn\\\/fr\\\/actualite\\\/national\\\/la-peine-du-syndicaliste-sanki-assoudi-reduite-en-appel-a-six-ans-de-prison\\\/388420\\\/\",\"name\":\"La peine du syndicaliste Sanki Assoudi r\u00e9duite en appel \u00e0 six ans de prison - webdo\",\"isPartOf\":{\"@id\":\"https:\\\/\\\/www.webdo.tn\\\/fr\\\/#website\"},\"primaryImageOfPage\":{\"@id\":\"https:\\\/\\\/www.webdo.tn\\\/fr\\\/actualite\\\/national\\\/la-peine-du-syndicaliste-sanki-assoudi-reduite-en-appel-a-six-ans-de-prison\\\/388420\\\/#primaryimage\"},\"image\":{\"@id\":\"https:\\\/\\\/www.webdo.tn\\\/fr\\\/actualite\\\/national\\\/la-peine-du-syndicaliste-sanki-assoudi-reduite-en-appel-a-six-ans-de-prison\\\/388420\\\/#primaryimage\"},\"thumbnailUrl\":\"https:\\\/\\\/www.webdo.tn\\\/fr\\\/wp-content\\\/uploads\\\/2025\\\/11\\\/Sanki-Assoudi.jpg\",\"datePublished\":\"2025-11-27T08:28:57+00:00\",\"dateModified\":\"2025-11-27T08:28:58+00:00\",\"description\":\"Sanki Assoudi, ancien syndicaliste de l\u2019UGTT, voit sa peine r\u00e9duite \u00e0 six ans en appel. Informez-vous sur cette d\u00e9cision judiciaire.\",\"breadcrumb\":{\"@id\":\"https:\\\/\\\/www.webdo.tn\\\/fr\\\/actualite\\\/national\\\/la-peine-du-syndicaliste-sanki-assoudi-reduite-en-appel-a-six-ans-de-prison\\\/388420\\\/#breadcrumb\"},\"inLanguage\":\"fr-FR\",\"potentialAction\":[{\"@type\":\"ReadAction\",\"target\":[\"https:\\\/\\\/www.webdo.tn\\\/fr\\\/actualite\\\/national\\\/la-peine-du-syndicaliste-sanki-assoudi-reduite-en-appel-a-six-ans-de-prison\\\/388420\\\/\"]}]},{\"@type\":\"ImageObject\",\"inLanguage\":\"fr-FR\",\"@id\":\"https:\\\/\\\/www.webdo.tn\\\/fr\\\/actualite\\\/national\\\/la-peine-du-syndicaliste-sanki-assoudi-reduite-en-appel-a-six-ans-de-prison\\\/388420\\\/#primaryimage\",\"url\":\"https:\\\/\\\/www.webdo.tn\\\/fr\\\/wp-content\\\/uploads\\\/2025\\\/11\\\/Sanki-Assoudi.jpg\",\"contentUrl\":\"https:\\\/\\\/www.webdo.tn\\\/fr\\\/wp-content\\\/uploads\\\/2025\\\/11\\\/Sanki-Assoudi.jpg\",\"width\":1200,\"height\":595,\"caption\":\"La peine du syndicaliste Sanki Assoudi r\u00e9duite en appel \u00e0 six ans de prison\"},{\"@type\":\"BreadcrumbList\",\"@id\":\"https:\\\/\\\/www.webdo.tn\\\/fr\\\/actualite\\\/national\\\/la-peine-du-syndicaliste-sanki-assoudi-reduite-en-appel-a-six-ans-de-prison\\\/388420\\\/#breadcrumb\",\"itemListElement\":[{\"@type\":\"ListItem\",\"position\":1,\"name\":\"Accueil\",\"item\":\"https:\\\/\\\/www.webdo.tn\\\/fr\\\/\"},{\"@type\":\"ListItem\",\"position\":2,\"name\":\"La peine du syndicaliste Sanki Assoudi r\u00e9duite en appel \u00e0 six ans de prison\"}]},{\"@type\":\"WebSite\",\"@id\":\"https:\\\/\\\/www.webdo.tn\\\/fr\\\/#website\",\"url\":\"https:\\\/\\\/www.webdo.tn\\\/fr\\\/\",\"name\":\"webdo\",\"description\":\"Tunisie - News en Tunisie et \u00e0 l&#039;international sur Webdo.tn\",\"publisher\":{\"@id\":\"https:\\\/\\\/www.webdo.tn\\\/fr\\\/#organization\"},\"potentialAction\":[{\"@type\":\"SearchAction\",\"target\":{\"@type\":\"EntryPoint\",\"urlTemplate\":\"https:\\\/\\\/www.webdo.tn\\\/fr\\\/?s={search_term_string}\"},\"query-input\":{\"@type\":\"PropertyValueSpecification\",\"valueRequired\":true,\"valueName\":\"search_term_string\"}}],\"inLanguage\":\"fr-FR\"},{\"@type\":\"Organization\",\"@id\":\"https:\\\/\\\/www.webdo.tn\\\/fr\\\/#organization\",\"name\":\"Webdo\",\"alternateName\":\"Webdo.tn\",\"url\":\"https:\\\/\\\/www.webdo.tn\\\/fr\\\/\",\"logo\":{\"@type\":\"ImageObject\",\"inLanguage\":\"fr-FR\",\"@id\":\"https:\\\/\\\/www.webdo.tn\\\/fr\\\/#\\\/schema\\\/logo\\\/image\\\/\",\"url\":\"https:\\\/\\\/www.webdo.tn\\\/fr\\\/wp-content\\\/uploads\\\/2025\\\/06\\\/Webdo-Tunisie_168377.jpg\",\"contentUrl\":\"https:\\\/\\\/www.webdo.tn\\\/fr\\\/wp-content\\\/uploads\\\/2025\\\/06\\\/Webdo-Tunisie_168377.jpg\",\"width\":301,\"height\":301,\"caption\":\"Webdo\"},\"image\":{\"@id\":\"https:\\\/\\\/www.webdo.tn\\\/fr\\\/#\\\/schema\\\/logo\\\/image\\\/\"},\"sameAs\":[\"https:\\\/\\\/www.facebook.com\\\/webdotn\",\"https:\\\/\\\/x.com\\\/webdo_tn\"],\"description\":\"Webdo est un m\u00e9dia num\u00e9rique tunisien fond\u00e9 en 2010, sp\u00e9cialis\u00e9 dans l\u2019actualit\u00e9 nationale et internationale, l\u2019\u00e9conomie, la soci\u00e9t\u00e9 et les analyses politiques. Le site s\u2019adresse \u00e0 un large public francophone et couvre l\u2019information tunisienne en temps r\u00e9el.\",\"email\":\"redac@webdo.tn\",\"legalName\":\"YNJ SARL\",\"foundingDate\":\"2010-09-06\",\"numberOfEmployees\":{\"@type\":\"QuantitativeValue\",\"minValue\":\"11\",\"maxValue\":\"50\"}},{\"@type\":\"Person\",\"@id\":\"https:\\\/\\\/www.webdo.tn\\\/fr\\\/#\\\/schema\\\/person\\\/c652cd8fc2b1b44412b5ffb48c5a911d\",\"name\":\"Mohamed Hedi Touati\",\"image\":{\"@type\":\"ImageObject\",\"inLanguage\":\"fr-FR\",\"@id\":\"https:\\\/\\\/secure.gravatar.com\\\/avatar\\\/9cfd402c745b7a685f13eed0ea6e59d2144a3c2fc50a3db6fd5ed451f6cddf1a?s=96&d=mm&r=g\",\"url\":\"https:\\\/\\\/secure.gravatar.com\\\/avatar\\\/9cfd402c745b7a685f13eed0ea6e59d2144a3c2fc50a3db6fd5ed451f6cddf1a?s=96&d=mm&r=g\",\"contentUrl\":\"https:\\\/\\\/secure.gravatar.com\\\/avatar\\\/9cfd402c745b7a685f13eed0ea6e59d2144a3c2fc50a3db6fd5ed451f6cddf1a?s=96&d=mm&r=g\",\"caption\":\"Mohamed Hedi Touati\"},\"url\":\"https:\\\/\\\/www.webdo.tn\\\/fr\\\/actualite\\\/author\\\/mohamed-hedi-touati\\\/\"}]}<\/script>\n<!-- \/ Yoast SEO Premium plugin. -->","yoast_head_json":{"title":"La peine du syndicaliste Sanki Assoudi r\u00e9duite en appel \u00e0 six ans de prison - webdo","description":"Sanki Assoudi, ancien syndicaliste de l\u2019UGTT, voit sa peine r\u00e9duite \u00e0 six ans en appel. Informez-vous sur cette d\u00e9cision judiciaire.","canonical":"https:\/\/www.webdo.tn\/fr\/actualite\/national\/la-peine-du-syndicaliste-sanki-assoudi-reduite-en-appel-a-six-ans-de-prison\/388420\/","og_locale":"fr_FR","og_type":"article","og_title":"La peine du syndicaliste Sanki Assoudi r\u00e9duite en appel \u00e0 six ans de prison","og_description":"Sanki Assoudi, ancien syndicaliste de l\u2019UGTT, voit sa peine r\u00e9duite \u00e0 six ans en appel. Informez-vous sur cette d\u00e9cision judiciaire.","og_url":"https:\/\/www.webdo.tn\/fr\/actualite\/national\/la-peine-du-syndicaliste-sanki-assoudi-reduite-en-appel-a-six-ans-de-prison\/388420\/","og_site_name":"webdo","article_publisher":"https:\/\/www.facebook.com\/webdotn","article_published_time":"2025-11-27T08:28:57+00:00","article_modified_time":"2025-11-27T08:28:58+00:00","og_image":[{"width":1200,"height":595,"url":"https:\/\/www.webdo.tn\/fr\/wp-content\/uploads\/2025\/11\/Sanki-Assoudi.jpg","type":"image\/jpeg"}],"author":"Mohamed Hedi Touati","twitter_card":"summary_large_image","twitter_creator":"@webdo_tn","twitter_site":"@webdo_tn","twitter_misc":{"\u00c9crit par":"Mohamed Hedi Touati","Dur\u00e9e de lecture estim\u00e9e":"2 minutes"},"schema":{"@context":"https:\/\/schema.org","@graph":[{"@type":"NewsArticle","@id":"https:\/\/www.webdo.tn\/fr\/actualite\/national\/la-peine-du-syndicaliste-sanki-assoudi-reduite-en-appel-a-six-ans-de-prison\/388420\/#article","isPartOf":{"@id":"https:\/\/www.webdo.tn\/fr\/actualite\/national\/la-peine-du-syndicaliste-sanki-assoudi-reduite-en-appel-a-six-ans-de-prison\/388420\/"},"author":{"name":"Mohamed Hedi Touati","@id":"https:\/\/www.webdo.tn\/fr\/#\/schema\/person\/c652cd8fc2b1b44412b5ffb48c5a911d"},"headline":"La peine du syndicaliste Sanki Assoudi r\u00e9duite en appel \u00e0 six ans de prison","datePublished":"2025-11-27T08:28:57+00:00","dateModified":"2025-11-27T08:28:58+00:00","mainEntityOfPage":{"@id":"https:\/\/www.webdo.tn\/fr\/actualite\/national\/la-peine-du-syndicaliste-sanki-assoudi-reduite-en-appel-a-six-ans-de-prison\/388420\/"},"wordCount":309,"publisher":{"@id":"https:\/\/www.webdo.tn\/fr\/#organization"},"image":{"@id":"https:\/\/www.webdo.tn\/fr\/actualite\/national\/la-peine-du-syndicaliste-sanki-assoudi-reduite-en-appel-a-six-ans-de-prison\/388420\/#primaryimage"},"thumbnailUrl":"https:\/\/www.webdo.tn\/fr\/wp-content\/uploads\/2025\/11\/Sanki-Assoudi.jpg","keywords":["justice","Kasserine","Sanki Assoudi","SNCPA","Tunisie"],"articleSection":["National"],"inLanguage":"fr-FR"},{"@type":"WebPage","@id":"https:\/\/www.webdo.tn\/fr\/actualite\/national\/la-peine-du-syndicaliste-sanki-assoudi-reduite-en-appel-a-six-ans-de-prison\/388420\/","url":"https:\/\/www.webdo.tn\/fr\/actualite\/national\/la-peine-du-syndicaliste-sanki-assoudi-reduite-en-appel-a-six-ans-de-prison\/388420\/","name":"La peine du syndicaliste Sanki Assoudi r\u00e9duite en appel \u00e0 six ans de prison - webdo","isPartOf":{"@id":"https:\/\/www.webdo.tn\/fr\/#website"},"primaryImageOfPage":{"@id":"https:\/\/www.webdo.tn\/fr\/actualite\/national\/la-peine-du-syndicaliste-sanki-assoudi-reduite-en-appel-a-six-ans-de-prison\/388420\/#primaryimage"},"image":{"@id":"https:\/\/www.webdo.tn\/fr\/actualite\/national\/la-peine-du-syndicaliste-sanki-assoudi-reduite-en-appel-a-six-ans-de-prison\/388420\/#primaryimage"},"thumbnailUrl":"https:\/\/www.webdo.tn\/fr\/wp-content\/uploads\/2025\/11\/Sanki-Assoudi.jpg","datePublished":"2025-11-27T08:28:57+00:00","dateModified":"2025-11-27T08:28:58+00:00","description":"Sanki Assoudi, ancien syndicaliste de l\u2019UGTT, voit sa peine r\u00e9duite \u00e0 six ans en appel. Informez-vous sur cette d\u00e9cision judiciaire.","breadcrumb":{"@id":"https:\/\/www.webdo.tn\/fr\/actualite\/national\/la-peine-du-syndicaliste-sanki-assoudi-reduite-en-appel-a-six-ans-de-prison\/388420\/#breadcrumb"},"inLanguage":"fr-FR","potentialAction":[{"@type":"ReadAction","target":["https:\/\/www.webdo.tn\/fr\/actualite\/national\/la-peine-du-syndicaliste-sanki-assoudi-reduite-en-appel-a-six-ans-de-prison\/388420\/"]}]},{"@type":"ImageObject","inLanguage":"fr-FR","@id":"https:\/\/www.webdo.tn\/fr\/actualite\/national\/la-peine-du-syndicaliste-sanki-assoudi-reduite-en-appel-a-six-ans-de-prison\/388420\/#primaryimage","url":"https:\/\/www.webdo.tn\/fr\/wp-content\/uploads\/2025\/11\/Sanki-Assoudi.jpg","contentUrl":"https:\/\/www.webdo.tn\/fr\/wp-content\/uploads\/2025\/11\/Sanki-Assoudi.jpg","width":1200,"height":595,"caption":"La peine du syndicaliste Sanki Assoudi r\u00e9duite en appel \u00e0 six ans de prison"},{"@type":"BreadcrumbList","@id":"https:\/\/www.webdo.tn\/fr\/actualite\/national\/la-peine-du-syndicaliste-sanki-assoudi-reduite-en-appel-a-six-ans-de-prison\/388420\/#breadcrumb","itemListElement":[{"@type":"ListItem","position":1,"name":"Accueil","item":"https:\/\/www.webdo.tn\/fr\/"},{"@type":"ListItem","position":2,"name":"La peine du syndicaliste Sanki Assoudi r\u00e9duite en appel \u00e0 six ans de prison"}]},{"@type":"WebSite","@id":"https:\/\/www.webdo.tn\/fr\/#website","url":"https:\/\/www.webdo.tn\/fr\/","name":"webdo","description":"Tunisie - News en Tunisie et \u00e0 l&#039;international sur Webdo.tn","publisher":{"@id":"https:\/\/www.webdo.tn\/fr\/#organization"},"potentialAction":[{"@type":"SearchAction","target":{"@type":"EntryPoint","urlTemplate":"https:\/\/www.webdo.tn\/fr\/?s={search_term_string}"},"query-input":{"@type":"PropertyValueSpecification","valueRequired":true,"valueName":"search_term_string"}}],"inLanguage":"fr-FR"},{"@type":"Organization","@id":"https:\/\/www.webdo.tn\/fr\/#organization","name":"Webdo","alternateName":"Webdo.tn","url":"https:\/\/www.webdo.tn\/fr\/","logo":{"@type":"ImageObject","inLanguage":"fr-FR","@id":"https:\/\/www.webdo.tn\/fr\/#\/schema\/logo\/image\/","url":"https:\/\/www.webdo.tn\/fr\/wp-content\/uploads\/2025\/06\/Webdo-Tunisie_168377.jpg","contentUrl":"https:\/\/www.webdo.tn\/fr\/wp-content\/uploads\/2025\/06\/Webdo-Tunisie_168377.jpg","width":301,"height":301,"caption":"Webdo"},"image":{"@id":"https:\/\/www.webdo.tn\/fr\/#\/schema\/logo\/image\/"},"sameAs":["https:\/\/www.facebook.com\/webdotn","https:\/\/x.com\/webdo_tn"],"description":"Webdo est un m\u00e9dia num\u00e9rique tunisien fond\u00e9 en 2010, sp\u00e9cialis\u00e9 dans l\u2019actualit\u00e9 nationale et internationale, l\u2019\u00e9conomie, la soci\u00e9t\u00e9 et les analyses politiques. Le site s\u2019adresse \u00e0 un large public francophone et couvre l\u2019information tunisienne en temps r\u00e9el.","email":"redac@webdo.tn","legalName":"YNJ SARL","foundingDate":"2010-09-06","numberOfEmployees":{"@type":"QuantitativeValue","minValue":"11","maxValue":"50"}},{"@type":"Person","@id":"https:\/\/www.webdo.tn\/fr\/#\/schema\/person\/c652cd8fc2b1b44412b5ffb48c5a911d","name":"Mohamed Hedi Touati","image":{"@type":"ImageObject","inLanguage":"fr-FR","@id":"https:\/\/secure.gravatar.com\/avatar\/9cfd402c745b7a685f13eed0ea6e59d2144a3c2fc50a3db6fd5ed451f6cddf1a?s=96&d=mm&r=g","url":"https:\/\/secure.gravatar.com\/avatar\/9cfd402c745b7a685f13eed0ea6e59d2144a3c2fc50a3db6fd5ed451f6cddf1a?s=96&d=mm&r=g","contentUrl":"https:\/\/secure.gravatar.com\/avatar\/9cfd402c745b7a685f13eed0ea6e59d2144a3c2fc50a3db6fd5ed451f6cddf1a?s=96&d=mm&r=g","caption":"Mohamed Hedi Touati"},"url":"https:\/\/www.webdo.tn\/fr\/actualite\/author\/mohamed-hedi-touati\/"}]}},"_links":{"self":[{"href":"https:\/\/www.webdo.tn\/fr\/wp-json\/wp\/v2\/posts\/388420","targetHints":{"allow":["GET"]}}],"collection":[{"href":"https:\/\/www.webdo.tn\/fr\/wp-json\/wp\/v2\/posts"}],"about":[{"href":"https:\/\/www.webdo.tn\/fr\/wp-json\/wp\/v2\/types\/post"}],"author":[{"embeddable":true,"href":"https:\/\/www.webdo.tn\/fr\/wp-json\/wp\/v2\/users\/3191"}],"replies":[{"embeddable":true,"href":"https:\/\/www.webdo.tn\/fr\/wp-json\/wp\/v2\/comments?post=388420"}],"version-history":[{"count":0,"href":"https:\/\/www.webdo.tn\/fr\/wp-json\/wp\/v2\/posts\/388420\/revisions"}],"wp:featuredmedia":[{"embeddable":true,"href":"https:\/\/www.webdo.tn\/fr\/wp-json\/wp\/v2\/media\/388421"}],"wp:attachment":[{"href":"https:\/\/www.webdo.tn\/fr\/wp-json\/wp\/v2\/media?parent=388420"}],"wp:term":[{"taxonomy":"category","embeddable":true,"href":"https:\/\/www.webdo.tn\/fr\/wp-json\/wp\/v2\/categories?post=388420"},{"taxonomy":"post_tag","embeddable":true,"href":"https:\/\/www.webdo.tn\/fr\/wp-json\/wp\/v2\/tags?post=388420"}],"curies":[{"name":"wp","href":"https:\/\/api.w.org\/{rel}","templated":true}]}}