{"id":388174,"date":"2025-11-24T10:25:11","date_gmt":"2025-11-24T09:25:11","guid":{"rendered":"https:\/\/www.webdo.tn\/fr\/?p=388174"},"modified":"2025-11-24T10:31:38","modified_gmt":"2025-11-24T09:31:38","slug":"golden-globes-2026-sarah-jessica-parker-recevra-le-carol-burnett-award","status":"publish","type":"post","link":"https:\/\/www.webdo.tn\/fr\/actualite\/culture\/golden-globes-2026-sarah-jessica-parker-recevra-le-carol-burnett-award\/388174\/","title":{"rendered":"Golden Globes 2026\u00a0&#8211; Sarah Jessica Parker recevra le Carol Burnett Award"},"content":{"rendered":"\n<p><\/p>\n\n\n\n<p>L\u2019actrice am\u00e9ricaine Sarah Jessica Parker sera honor\u00e9e du <strong>Carol Burnett Award<\/strong> (Prix Carol Burnett) lors de la c\u00e9r\u00e9monie des Golden Globes 2026, qui sera diffus\u00e9e sur la cha\u00eene CBS le 8 janvier, quelques jours avant la 83\u1d49 \u00e9dition officielle des prix, pr\u00e9vue le 11 janvier. Cette distinction prestigieuse vient saluer l\u2019ensemble de sa carri\u00e8re et son apport majeur \u00e0 la t\u00e9l\u00e9vision, aussi bien devant que derri\u00e8re la cam\u00e9ra.<\/p>\n\n\n\n<p>Connue dans le monde entier pour son r\u00f4le embl\u00e9matique de <strong>Carrie Bradshaw<\/strong> dans la s\u00e9rie <em>Sex and the City<\/em> (1998-2004), Sarah Jessica Parker devient ainsi la sixi\u00e8me personnalit\u00e9 \u00e0 recevoir ce prix cr\u00e9\u00e9 en 2019 en hommage \u00e0 la l\u00e9gendaire com\u00e9dienne Carol Burnett. Elle rejoint un cercle restreint d\u2019artistes d\u2019exception tels que Carol Burnett elle-m\u00eame, Ellen DeGeneres, Norman Lear, Ryan Murphy et Ted Danson, distingu\u00e9s pour leur contribution remarquable \u00e0 l\u2019histoire du petit \u00e9cran.<\/p>\n\n\n\n<p><\/p>\n\n\n<div class=\"wp-block-image\">\n<figure class=\"aligncenter size-full\"><img decoding=\"async\" width=\"652\" height=\"1024\" src=\"https:\/\/www.webdo.tn\/fr\/wp-content\/uploads\/2025\/11\/Golden-Globes-2026-Sarah-Jessica-Parker-2001.jpg\" alt=\"Golden Globes 2026\nSarah Jessica Parker\" class=\"wp-image-388191\" srcset=\"https:\/\/www.webdo.tn\/fr\/wp-content\/uploads\/2025\/11\/Golden-Globes-2026-Sarah-Jessica-Parker-2001.jpg 652w, https:\/\/www.webdo.tn\/fr\/wp-content\/uploads\/2025\/11\/Golden-Globes-2026-Sarah-Jessica-Parker-2001-191x300.jpg 191w\" sizes=\"(max-width: 652px) 100vw, 652px\" \/><figcaption class=\"wp-element-caption\">Sarah Jessica Parker et son Golden Globes de Meilleure actrice en 2001<\/figcaption><\/figure>\n<\/div>\n\n\n<p><\/p>\n\n\n\n<h3 class=\"wp-block-heading\" id=\"h-une-actrice-emblematique-d-une-generation\"><strong>Une actrice embl\u00e9matique d\u2019une g\u00e9n\u00e9ration<\/strong><\/h3>\n\n\n\n<p>Laur\u00e9ate de <strong>quatre Golden Globes<\/strong> pour son interpr\u00e9tation dans <em>Sex and the City<\/em> \u2013 s\u00e9rie \u00e9galement r\u00e9compens\u00e9e trois ann\u00e9es cons\u00e9cutives dans la cat\u00e9gorie Meilleure com\u00e9die \u2013 Sarah Jessica Parker a durablement marqu\u00e9 la culture t\u00e9l\u00e9visuelle. Le personnage de Carrie Bradshaw, chroniqueuse new-yorkaise libre et introspective, a incarn\u00e9 \u00e0 la fin des ann\u00e9es 1990 une nouvelle forme de f\u00e9minit\u00e9 \u00e0 l\u2019\u00e9cran, entre ind\u00e9pendance, vuln\u00e9rabilit\u00e9 et humour.<\/p>\n\n\n\n<p>L\u2019actrice a poursuivi cette aventure avec <em>And Just Like That<\/em> (2021-2025), la suite produite par HBO dont la troisi\u00e8me saison vient de s\u2019achever, reprenant avec finesse les th\u00e8mes du vieillissement, de l\u2019amiti\u00e9 et des mutations sociales contemporaines. Sarah Jessica Parker n\u2019y est plus seulement actrice : elle y exerce \u00e9galement un r\u00f4le de productrice, confirmant sa place au sein de l\u2019industrie t\u00e9l\u00e9visuelle am\u00e9ricaine comme figure de cr\u00e9ation \u00e0 part enti\u00e8re.<\/p>\n\n\n\n<p><\/p>\n\n\n\n<p><\/p>\n\n\n<div class=\"wp-block-image\">\n<figure class=\"aligncenter size-full\"><img decoding=\"async\" width=\"680\" height=\"1021\" src=\"https:\/\/www.webdo.tn\/fr\/wp-content\/uploads\/2025\/11\/Golden-Globes-2026-Sarah-Jessica-Parker-Premiere-And-Just-like-That.jpg\" alt=\"Golden Globes 2026\nSarah Jessica Parker\" class=\"wp-image-388194\" srcset=\"https:\/\/www.webdo.tn\/fr\/wp-content\/uploads\/2025\/11\/Golden-Globes-2026-Sarah-Jessica-Parker-Premiere-And-Just-like-That.jpg 680w, https:\/\/www.webdo.tn\/fr\/wp-content\/uploads\/2025\/11\/Golden-Globes-2026-Sarah-Jessica-Parker-Premiere-And-Just-like-That-200x300.jpg 200w\" sizes=\"(max-width: 680px) 100vw, 680px\" \/><figcaption class=\"wp-element-caption\">Sarah Jessica Parker \u00e0 la premi\u00e8re de \u00ab\u00a0And Just like that\u00a0\u00bb<\/figcaption><\/figure>\n<\/div>\n\n\n<p><\/p>\n\n\n\n<h3 class=\"wp-block-heading\" id=\"h-une-carriere-entre-television-cinema-et-theatre\"><strong>Une carri\u00e8re entre t\u00e9l\u00e9vision, cin\u00e9ma et th\u00e9\u00e2tre<\/strong><\/h3>\n\n\n\n<p>Si la t\u00e9l\u00e9vision l\u2019a consacr\u00e9e, Sarah Jessica Parker a aussi brill\u00e9 au cin\u00e9ma, de <em>Hocus Pocus<\/em> et <em>Hocus Pocus 2<\/em> \u00e0 <em>The Family Stone<\/em>, <em>Failure to Launch<\/em>, <em>The First Wives Club<\/em>, <em>Ed Wood<\/em> ou <em>Mars Attacks!<\/em>. Artiste aux multiples facettes, elle a su conjuguer popularit\u00e9 et exigence, m\u00ealant com\u00e9die, \u00e9motion et engagement. Elle a \u00e9galement re\u00e7u un <strong>Emmy Award<\/strong> et un <strong>Screen Actors Guild Award<\/strong>, confirmant la reconnaissance unanime de ses pairs.<\/p>\n\n\n\n<p>Helen Hoehne, pr\u00e9sidente des Golden Globes, a salu\u00e9 \u00ab <em>une carri\u00e8re qui incarne pleinement l\u2019esprit du Carol Burnett Award<\/em> \u00bb, ajoutant : \u00ab <em>Son impact pionnier sur la t\u00e9l\u00e9vision et son d\u00e9vouement \u00e0 l\u2019art du r\u00e9cit ont laiss\u00e9 une empreinte ind\u00e9l\u00e9bile sur la culture populaire.<\/em> \u00bb<\/p>\n\n\n\n<h3 class=\"wp-block-heading\" id=\"h-un-hommage-partage-avec-helen-mirren\"><strong>Un hommage partag\u00e9 avec Helen Mirren<\/strong><\/h3>\n\n\n\n<p>Lors de <a href=\"https:\/\/www.webdo.tn\/fr\/actualite\/culture\/golden-eve-une-nouvelle-soiree-des-golden-globes-en-prime-time-sur-cbs\/383909\/\">cette m\u00eame soir\u00e9e baptis\u00e9e <strong>Golden Eve<\/strong>,<\/a> l\u2019actrice britannique <strong><a href=\"https:\/\/www.webdo.tn\/fr\/actualite\/culture\/golden-globes-2026-helen-mirren-honoree-par-le-prix-cecil-b-demille\/386977\/\">Helen Mirren se verra remettre le Cecil B. DeMille Award,<\/a><\/strong> r\u00e9compensant une carri\u00e8re exceptionnelle dans le cin\u00e9ma. Cette \u00e9mission sp\u00e9ciale, diffus\u00e9e le 8 janvier \u00e0 20h sur CBS et en streaming sur Paramount+, proposera des r\u00e9trospectives, t\u00e9moignages et moments marquants, retra\u00e7ant le parcours des deux laur\u00e9ates.<\/p>\n\n\n\n<p>L\u2019\u00e9v\u00e9nement s\u2019inscrit dans la nouvelle initiative <strong>Golden Week<\/strong>, une semaine enti\u00e8rement d\u00e9di\u00e9e aux Golden Globes \u00e0 travers les plateformes du groupe Paramount, avant <a href=\"https:\/\/www.webdo.tn\/fr\/actualite\/culture\/golden-globes-2026-les-candidatures-sont-ouvertes-mais-ou-sont-les-films-tunisiens\/380872\/\">la grande c\u00e9r\u00e9monie du 11 janvier anim\u00e9e par la com\u00e9dienne <strong>Nikki Glaser<\/strong>,<\/a> d\u00e9j\u00e0 nomm\u00e9e aux Golden Globes, aux Grammy Awards et aux Emmy Awards.<\/p>\n\n\n\n<h3 class=\"wp-block-heading\" id=\"h-une-tradition-d-excellence-et-de-memoire\"><strong>Une tradition d\u2019excellence et de m\u00e9moire<\/strong><\/h3>\n\n\n\n<p>Depuis sa cr\u00e9ation en 1944, les <strong>Golden Globes<\/strong> se sont impos\u00e9s comme la grande f\u00eate du cin\u00e9ma et de la t\u00e9l\u00e9vision mondiale, attirant chaque ann\u00e9e des millions de spectateurs dans plus de 185 pays. Le Carol Burnett Award, instaur\u00e9 en 2019, vise \u00e0 c\u00e9l\u00e9brer les artistes qui, \u00e0 travers leur \u0153uvre, ont transform\u00e9 la t\u00e9l\u00e9vision et inspir\u00e9 durablement le public.<\/p>\n\n\n\n<p>De leur c\u00f4t\u00e9, les <strong>Cecil B. DeMille Awards<\/strong>, cr\u00e9\u00e9s en 1952, ont honor\u00e9 les plus grands noms de l\u2019histoire du cin\u00e9ma : Walt Disney, Audrey Hepburn, Sidney Poitier, Elizabeth Taylor, Robert Redford, Barbra Streisand, Meryl Streep, Tom Hanks ou encore Oprah Winfrey.<\/p>\n\n\n\n<p>Avec Sarah Jessica Parker et Helen Mirren, l\u2019\u00e9dition 2026 des Golden Globes promet une double c\u00e9l\u00e9bration de l\u2019excellence et de la long\u00e9vit\u00e9, \u00e0 travers deux figures f\u00e9minines dont les parcours, bien que diff\u00e9rents, incarnent chacune \u00e0 leur mani\u00e8re la puissance et la diversit\u00e9 du storytelling audiovisuel.<\/p>\n\n\n\n<h3 class=\"wp-block-heading\" id=\"h-l-heritage-des-golden-globes\"><strong>L\u2019h\u00e9ritage des Golden Globes<\/strong><\/h3>\n\n\n\n<p>Au-del\u00e0 du glamour, les Golden Globes demeurent un acteur majeur du soutien \u00e0 la cr\u00e9ation : au fil des trois derni\u00e8res d\u00e9cennies, plus de <strong>55 millions de dollars<\/strong> ont \u00e9t\u00e9 revers\u00e9s \u00e0 des programmes de bourses, de restauration de films et d\u2019initiatives humanitaires. En s\u2019associant \u00e0 des organisations \u0153uvrant pour une meilleure repr\u00e9sentation et un acc\u00e8s \u00e9largi \u00e0 l\u2019industrie du divertissement, la c\u00e9r\u00e9monie continue de jouer un r\u00f4le social et culturel essentiel.<\/p>\n\n\n\n<p>Produit par <strong>Dick Clark Productions<\/strong>, le gala reste \u00ab Hollywood\u2019s Party of the Year\u00ae \u00bb, un moment o\u00f9 se croisent m\u00e9moire et modernit\u00e9, tradition et renouveau. En distinguant Sarah Jessica Parker, les Golden Globes c\u00e9l\u00e8brent non seulement une actrice, mais aussi une \u00e9poque : celle o\u00f9 la t\u00e9l\u00e9vision s\u2019est impos\u00e9e comme l\u2019un des plus puissants miroirs de notre soci\u00e9t\u00e9.<\/p>\n\n\n\n<p><strong>Ne\u00efla Driss<\/strong><strong><\/strong><\/p>\n","protected":false},"excerpt":{"rendered":"<p>L\u2019actrice am\u00e9ricaine Sarah Jessica Parker sera honor\u00e9e du Carol Burnett Award (Prix Carol Burnett) lors de la c\u00e9r\u00e9monie des Golden Globes 2026, qui sera diffus\u00e9e sur la cha\u00eene CBS le 8 janvier, quelques jours avant la 83\u1d49 \u00e9dition officielle des prix, pr\u00e9vue le 11 janvier. Cette distinction prestigieuse vient saluer l\u2019ensemble de sa carri\u00e8re et [&hellip;]<\/p>\n","protected":false},"author":3164,"featured_media":388184,"comment_status":"closed","ping_status":"closed","sticky":false,"template":"","format":"standard","meta":{"footnotes":""},"categories":[2594],"tags":[4724,4733,2626,4494,12364,12374],"class_list":["post-388174","post","type-post","status-publish","format-standard","has-post-thumbnail","hentry","category-culture","tag-actrice","tag-actrice-americaine","tag-cinema","tag-golden-globes","tag-golden-globes-2026","tag-golden-globes-83"],"yoast_head":"<!-- This site is optimized with the Yoast SEO Premium plugin v27.5 (Yoast SEO v27.5) - https:\/\/yoast.com\/product\/yoast-seo-premium-wordpress\/ -->\n<title>Golden Globes 2026\u00a0- Sarah Jessica Parker recevra le Carol Burnett Award - webdo<\/title>\n<meta name=\"description\" content=\"Sarah Jessica Parker recevra le Carol Burnett Award aux Golden Globes 2026, saluant son influence majeure sur la t\u00e9l\u00e9vision.\" \/>\n<link rel=\"canonical\" href=\"https:\/\/www.webdo.tn\/fr\/actualite\/culture\/golden-globes-2026-sarah-jessica-parker-recevra-le-carol-burnett-award\/388174\/\" \/>\n<meta property=\"og:locale\" content=\"fr_FR\" \/>\n<meta property=\"og:type\" content=\"article\" \/>\n<meta property=\"og:title\" content=\"Golden Globes 2026\u00a0- Sarah Jessica Parker recevra le Carol Burnett Award\" \/>\n<meta property=\"og:description\" content=\"Sarah Jessica Parker recevra le Carol Burnett Award aux Golden Globes 2026, saluant son influence majeure sur la t\u00e9l\u00e9vision.\" \/>\n<meta property=\"og:url\" content=\"https:\/\/www.webdo.tn\/fr\/actualite\/culture\/golden-globes-2026-sarah-jessica-parker-recevra-le-carol-burnett-award\/388174\/\" \/>\n<meta property=\"og:site_name\" content=\"webdo\" \/>\n<meta property=\"article:publisher\" content=\"https:\/\/www.facebook.com\/webdotn\" \/>\n<meta property=\"article:author\" content=\"https:\/\/www.facebook.com\/massir.destiniii\/\" \/>\n<meta property=\"article:published_time\" content=\"2025-11-24T09:25:11+00:00\" \/>\n<meta property=\"article:modified_time\" content=\"2025-11-24T09:31:38+00:00\" \/>\n<meta property=\"og:image\" content=\"https:\/\/www.webdo.tn\/fr\/wp-content\/uploads\/2025\/11\/Golden-Globes-2026-Sarah-Jessica-Parker-H.jpg\" \/>\n\t<meta property=\"og:image:width\" content=\"681\" \/>\n\t<meta property=\"og:image:height\" content=\"383\" \/>\n\t<meta property=\"og:image:type\" content=\"image\/jpeg\" \/>\n<meta name=\"author\" content=\"Ne\u00efla DRISS\" \/>\n<meta name=\"twitter:card\" content=\"summary_large_image\" \/>\n<meta name=\"twitter:creator\" content=\"@https:\/\/x.com\/MassirDestin\" \/>\n<meta name=\"twitter:site\" content=\"@webdo_tn\" \/>\n<meta name=\"twitter:label1\" content=\"\u00c9crit par\" \/>\n\t<meta name=\"twitter:data1\" content=\"Ne\u00efla DRISS\" \/>\n\t<meta name=\"twitter:label2\" content=\"Dur\u00e9e de lecture estim\u00e9e\" \/>\n\t<meta name=\"twitter:data2\" content=\"5 minutes\" \/>\n<script type=\"application\/ld+json\" class=\"yoast-schema-graph\">{\"@context\":\"https:\\\/\\\/schema.org\",\"@graph\":[{\"@type\":\"NewsArticle\",\"@id\":\"https:\\\/\\\/www.webdo.tn\\\/fr\\\/actualite\\\/culture\\\/golden-globes-2026-sarah-jessica-parker-recevra-le-carol-burnett-award\\\/388174\\\/#article\",\"isPartOf\":{\"@id\":\"https:\\\/\\\/www.webdo.tn\\\/fr\\\/actualite\\\/culture\\\/golden-globes-2026-sarah-jessica-parker-recevra-le-carol-burnett-award\\\/388174\\\/\"},\"author\":{\"name\":\"Ne\u00efla DRISS\",\"@id\":\"https:\\\/\\\/www.webdo.tn\\\/fr\\\/#\\\/schema\\\/person\\\/60d5ba619ed3f58783b0dc82b7dada80\"},\"headline\":\"Golden Globes 2026\u00a0&#8211; Sarah Jessica Parker recevra le Carol Burnett Award\",\"datePublished\":\"2025-11-24T09:25:11+00:00\",\"dateModified\":\"2025-11-24T09:31:38+00:00\",\"mainEntityOfPage\":{\"@id\":\"https:\\\/\\\/www.webdo.tn\\\/fr\\\/actualite\\\/culture\\\/golden-globes-2026-sarah-jessica-parker-recevra-le-carol-burnett-award\\\/388174\\\/\"},\"wordCount\":949,\"publisher\":{\"@id\":\"https:\\\/\\\/www.webdo.tn\\\/fr\\\/#organization\"},\"image\":{\"@id\":\"https:\\\/\\\/www.webdo.tn\\\/fr\\\/actualite\\\/culture\\\/golden-globes-2026-sarah-jessica-parker-recevra-le-carol-burnett-award\\\/388174\\\/#primaryimage\"},\"thumbnailUrl\":\"https:\\\/\\\/www.webdo.tn\\\/fr\\\/wp-content\\\/uploads\\\/2025\\\/11\\\/Golden-Globes-2026-Sarah-Jessica-Parker-H.jpg\",\"keywords\":[\"actrice\",\"Actrice Am\u00e9ricaine\",\"Cin\u00e9ma\",\"Golden Globes\",\"Golden Globes 2026\",\"Golden Globes 83\"],\"articleSection\":[\"Culture\"],\"inLanguage\":\"fr-FR\"},{\"@type\":\"WebPage\",\"@id\":\"https:\\\/\\\/www.webdo.tn\\\/fr\\\/actualite\\\/culture\\\/golden-globes-2026-sarah-jessica-parker-recevra-le-carol-burnett-award\\\/388174\\\/\",\"url\":\"https:\\\/\\\/www.webdo.tn\\\/fr\\\/actualite\\\/culture\\\/golden-globes-2026-sarah-jessica-parker-recevra-le-carol-burnett-award\\\/388174\\\/\",\"name\":\"Golden Globes 2026\u00a0- Sarah Jessica Parker recevra le Carol Burnett Award - webdo\",\"isPartOf\":{\"@id\":\"https:\\\/\\\/www.webdo.tn\\\/fr\\\/#website\"},\"primaryImageOfPage\":{\"@id\":\"https:\\\/\\\/www.webdo.tn\\\/fr\\\/actualite\\\/culture\\\/golden-globes-2026-sarah-jessica-parker-recevra-le-carol-burnett-award\\\/388174\\\/#primaryimage\"},\"image\":{\"@id\":\"https:\\\/\\\/www.webdo.tn\\\/fr\\\/actualite\\\/culture\\\/golden-globes-2026-sarah-jessica-parker-recevra-le-carol-burnett-award\\\/388174\\\/#primaryimage\"},\"thumbnailUrl\":\"https:\\\/\\\/www.webdo.tn\\\/fr\\\/wp-content\\\/uploads\\\/2025\\\/11\\\/Golden-Globes-2026-Sarah-Jessica-Parker-H.jpg\",\"datePublished\":\"2025-11-24T09:25:11+00:00\",\"dateModified\":\"2025-11-24T09:31:38+00:00\",\"description\":\"Sarah Jessica Parker recevra le Carol Burnett Award aux Golden Globes 2026, saluant son influence majeure sur la t\u00e9l\u00e9vision.\",\"breadcrumb\":{\"@id\":\"https:\\\/\\\/www.webdo.tn\\\/fr\\\/actualite\\\/culture\\\/golden-globes-2026-sarah-jessica-parker-recevra-le-carol-burnett-award\\\/388174\\\/#breadcrumb\"},\"inLanguage\":\"fr-FR\",\"potentialAction\":[{\"@type\":\"ReadAction\",\"target\":[\"https:\\\/\\\/www.webdo.tn\\\/fr\\\/actualite\\\/culture\\\/golden-globes-2026-sarah-jessica-parker-recevra-le-carol-burnett-award\\\/388174\\\/\"]}]},{\"@type\":\"ImageObject\",\"inLanguage\":\"fr-FR\",\"@id\":\"https:\\\/\\\/www.webdo.tn\\\/fr\\\/actualite\\\/culture\\\/golden-globes-2026-sarah-jessica-parker-recevra-le-carol-burnett-award\\\/388174\\\/#primaryimage\",\"url\":\"https:\\\/\\\/www.webdo.tn\\\/fr\\\/wp-content\\\/uploads\\\/2025\\\/11\\\/Golden-Globes-2026-Sarah-Jessica-Parker-H.jpg\",\"contentUrl\":\"https:\\\/\\\/www.webdo.tn\\\/fr\\\/wp-content\\\/uploads\\\/2025\\\/11\\\/Golden-Globes-2026-Sarah-Jessica-Parker-H.jpg\",\"width\":681,\"height\":383,\"caption\":\"Golden Globes 2026 Sarah Jessica Parker\"},{\"@type\":\"BreadcrumbList\",\"@id\":\"https:\\\/\\\/www.webdo.tn\\\/fr\\\/actualite\\\/culture\\\/golden-globes-2026-sarah-jessica-parker-recevra-le-carol-burnett-award\\\/388174\\\/#breadcrumb\",\"itemListElement\":[{\"@type\":\"ListItem\",\"position\":1,\"name\":\"Accueil\",\"item\":\"https:\\\/\\\/www.webdo.tn\\\/fr\\\/\"},{\"@type\":\"ListItem\",\"position\":2,\"name\":\"Golden Globes 2026\u00a0&#8211; Sarah Jessica Parker recevra le Carol Burnett Award\"}]},{\"@type\":\"WebSite\",\"@id\":\"https:\\\/\\\/www.webdo.tn\\\/fr\\\/#website\",\"url\":\"https:\\\/\\\/www.webdo.tn\\\/fr\\\/\",\"name\":\"webdo\",\"description\":\"Tunisie - News en Tunisie et \u00e0 l&#039;international sur Webdo.tn\",\"publisher\":{\"@id\":\"https:\\\/\\\/www.webdo.tn\\\/fr\\\/#organization\"},\"potentialAction\":[{\"@type\":\"SearchAction\",\"target\":{\"@type\":\"EntryPoint\",\"urlTemplate\":\"https:\\\/\\\/www.webdo.tn\\\/fr\\\/?s={search_term_string}\"},\"query-input\":{\"@type\":\"PropertyValueSpecification\",\"valueRequired\":true,\"valueName\":\"search_term_string\"}}],\"inLanguage\":\"fr-FR\"},{\"@type\":\"Organization\",\"@id\":\"https:\\\/\\\/www.webdo.tn\\\/fr\\\/#organization\",\"name\":\"Webdo\",\"alternateName\":\"Webdo.tn\",\"url\":\"https:\\\/\\\/www.webdo.tn\\\/fr\\\/\",\"logo\":{\"@type\":\"ImageObject\",\"inLanguage\":\"fr-FR\",\"@id\":\"https:\\\/\\\/www.webdo.tn\\\/fr\\\/#\\\/schema\\\/logo\\\/image\\\/\",\"url\":\"https:\\\/\\\/www.webdo.tn\\\/fr\\\/wp-content\\\/uploads\\\/2025\\\/06\\\/Webdo-Tunisie_168377.jpg\",\"contentUrl\":\"https:\\\/\\\/www.webdo.tn\\\/fr\\\/wp-content\\\/uploads\\\/2025\\\/06\\\/Webdo-Tunisie_168377.jpg\",\"width\":301,\"height\":301,\"caption\":\"Webdo\"},\"image\":{\"@id\":\"https:\\\/\\\/www.webdo.tn\\\/fr\\\/#\\\/schema\\\/logo\\\/image\\\/\"},\"sameAs\":[\"https:\\\/\\\/www.facebook.com\\\/webdotn\",\"https:\\\/\\\/x.com\\\/webdo_tn\"],\"description\":\"Webdo est un m\u00e9dia num\u00e9rique tunisien fond\u00e9 en 2010, sp\u00e9cialis\u00e9 dans l\u2019actualit\u00e9 nationale et internationale, l\u2019\u00e9conomie, la soci\u00e9t\u00e9 et les analyses politiques. Le site s\u2019adresse \u00e0 un large public francophone et couvre l\u2019information tunisienne en temps r\u00e9el.\",\"email\":\"redac@webdo.tn\",\"legalName\":\"YNJ SARL\",\"foundingDate\":\"2010-09-06\",\"numberOfEmployees\":{\"@type\":\"QuantitativeValue\",\"minValue\":\"11\",\"maxValue\":\"50\"}},{\"@type\":\"Person\",\"@id\":\"https:\\\/\\\/www.webdo.tn\\\/fr\\\/#\\\/schema\\\/person\\\/60d5ba619ed3f58783b0dc82b7dada80\",\"name\":\"Ne\u00efla DRISS\",\"image\":{\"@type\":\"ImageObject\",\"inLanguage\":\"fr-FR\",\"@id\":\"https:\\\/\\\/www.webdo.tn\\\/fr\\\/wp-content\\\/uploads\\\/2026\\\/04\\\/neila-driss_avatar-96x96.jpg\",\"url\":\"https:\\\/\\\/www.webdo.tn\\\/fr\\\/wp-content\\\/uploads\\\/2026\\\/04\\\/neila-driss_avatar-96x96.jpg\",\"contentUrl\":\"https:\\\/\\\/www.webdo.tn\\\/fr\\\/wp-content\\\/uploads\\\/2026\\\/04\\\/neila-driss_avatar-96x96.jpg\",\"caption\":\"Ne\u00efla DRISS\"},\"description\":\"Ne\u00efla Driss est juriste, journaliste culturelle et critique de cin\u00e9ma tunisienne. Titulaire d\u2019un DEA en droit priv\u00e9 de l\u2019Universit\u00e9 Paris II et d\u2019un DESS de l\u2019IHEC Carthage, elle d\u00e9bute sa carri\u00e8re comme juriste sp\u00e9cialis\u00e9e en gestion de patrimoine immobilier. Elle s\u2019oriente ensuite vers l\u2019\u00e9criture en ligne, o\u00f9 elle se distingue d\u00e8s 2006 aux Tunisia Blog Awards, avant de se consacrer au journalisme culturel, avec une sp\u00e9cialisation dans la critique cin\u00e9matographique. Elle couvre r\u00e9guli\u00e8rement les grands festivals internationaux, notamment le Festival de Cannes, les Journ\u00e9es Cin\u00e9matographiques de Carthage et le Festival du film du Caire. Membre de l\u2019ATPCC et de la FIPRESCI, elle participe \u00e0 des jurys et initiatives internationales de critique. Depuis 2024, elle est \u00e9lectrice internationale aux Golden Globes. Facebook : https:\\\/\\\/www.facebook.com\\\/massir.destiniii\\\/ X : https:\\\/\\\/x.com\\\/MassirDestin\",\"sameAs\":[\"https:\\\/\\\/www.facebook.com\\\/massir.destiniii\\\/\",\"https:\\\/\\\/www.instagram.com\\\/neila.driss\\\/?hl=fr\",\"https:\\\/\\\/www.linkedin.com\\\/in\\\/neila-driss-22606a80\\\/\",\"https:\\\/\\\/x.com\\\/https:\\\/\\\/x.com\\\/MassirDestin\"],\"knowsAbout\":[\"Cin\u00e9ma international\",\"critique cin\u00e9matographique\",\"festivals de cin\u00e9ma\",\"journalisme culturel\"],\"knowsLanguage\":[\"Fran\u00e7ais\",\"Arabe\",\"Anglais\"],\"jobTitle\":\"Journaliste culturelle et critique de cin\u00e9ma\",\"worksFor\":\"Webdo\",\"url\":\"https:\\\/\\\/www.webdo.tn\\\/fr\\\/actualite\\\/author\\\/neila-driss\\\/\"}]}<\/script>\n<!-- \/ Yoast SEO Premium plugin. -->","yoast_head_json":{"title":"Golden Globes 2026\u00a0- Sarah Jessica Parker recevra le Carol Burnett Award - webdo","description":"Sarah Jessica Parker recevra le Carol Burnett Award aux Golden Globes 2026, saluant son influence majeure sur la t\u00e9l\u00e9vision.","canonical":"https:\/\/www.webdo.tn\/fr\/actualite\/culture\/golden-globes-2026-sarah-jessica-parker-recevra-le-carol-burnett-award\/388174\/","og_locale":"fr_FR","og_type":"article","og_title":"Golden Globes 2026\u00a0- Sarah Jessica Parker recevra le Carol Burnett Award","og_description":"Sarah Jessica Parker recevra le Carol Burnett Award aux Golden Globes 2026, saluant son influence majeure sur la t\u00e9l\u00e9vision.","og_url":"https:\/\/www.webdo.tn\/fr\/actualite\/culture\/golden-globes-2026-sarah-jessica-parker-recevra-le-carol-burnett-award\/388174\/","og_site_name":"webdo","article_publisher":"https:\/\/www.facebook.com\/webdotn","article_author":"https:\/\/www.facebook.com\/massir.destiniii\/","article_published_time":"2025-11-24T09:25:11+00:00","article_modified_time":"2025-11-24T09:31:38+00:00","og_image":[{"width":681,"height":383,"url":"https:\/\/www.webdo.tn\/fr\/wp-content\/uploads\/2025\/11\/Golden-Globes-2026-Sarah-Jessica-Parker-H.jpg","type":"image\/jpeg"}],"author":"Ne\u00efla DRISS","twitter_card":"summary_large_image","twitter_creator":"@https:\/\/x.com\/MassirDestin","twitter_site":"@webdo_tn","twitter_misc":{"\u00c9crit par":"Ne\u00efla DRISS","Dur\u00e9e de lecture estim\u00e9e":"5 minutes"},"schema":{"@context":"https:\/\/schema.org","@graph":[{"@type":"NewsArticle","@id":"https:\/\/www.webdo.tn\/fr\/actualite\/culture\/golden-globes-2026-sarah-jessica-parker-recevra-le-carol-burnett-award\/388174\/#article","isPartOf":{"@id":"https:\/\/www.webdo.tn\/fr\/actualite\/culture\/golden-globes-2026-sarah-jessica-parker-recevra-le-carol-burnett-award\/388174\/"},"author":{"name":"Ne\u00efla DRISS","@id":"https:\/\/www.webdo.tn\/fr\/#\/schema\/person\/60d5ba619ed3f58783b0dc82b7dada80"},"headline":"Golden Globes 2026\u00a0&#8211; Sarah Jessica Parker recevra le Carol Burnett Award","datePublished":"2025-11-24T09:25:11+00:00","dateModified":"2025-11-24T09:31:38+00:00","mainEntityOfPage":{"@id":"https:\/\/www.webdo.tn\/fr\/actualite\/culture\/golden-globes-2026-sarah-jessica-parker-recevra-le-carol-burnett-award\/388174\/"},"wordCount":949,"publisher":{"@id":"https:\/\/www.webdo.tn\/fr\/#organization"},"image":{"@id":"https:\/\/www.webdo.tn\/fr\/actualite\/culture\/golden-globes-2026-sarah-jessica-parker-recevra-le-carol-burnett-award\/388174\/#primaryimage"},"thumbnailUrl":"https:\/\/www.webdo.tn\/fr\/wp-content\/uploads\/2025\/11\/Golden-Globes-2026-Sarah-Jessica-Parker-H.jpg","keywords":["actrice","Actrice Am\u00e9ricaine","Cin\u00e9ma","Golden Globes","Golden Globes 2026","Golden Globes 83"],"articleSection":["Culture"],"inLanguage":"fr-FR"},{"@type":"WebPage","@id":"https:\/\/www.webdo.tn\/fr\/actualite\/culture\/golden-globes-2026-sarah-jessica-parker-recevra-le-carol-burnett-award\/388174\/","url":"https:\/\/www.webdo.tn\/fr\/actualite\/culture\/golden-globes-2026-sarah-jessica-parker-recevra-le-carol-burnett-award\/388174\/","name":"Golden Globes 2026\u00a0- Sarah Jessica Parker recevra le Carol Burnett Award - webdo","isPartOf":{"@id":"https:\/\/www.webdo.tn\/fr\/#website"},"primaryImageOfPage":{"@id":"https:\/\/www.webdo.tn\/fr\/actualite\/culture\/golden-globes-2026-sarah-jessica-parker-recevra-le-carol-burnett-award\/388174\/#primaryimage"},"image":{"@id":"https:\/\/www.webdo.tn\/fr\/actualite\/culture\/golden-globes-2026-sarah-jessica-parker-recevra-le-carol-burnett-award\/388174\/#primaryimage"},"thumbnailUrl":"https:\/\/www.webdo.tn\/fr\/wp-content\/uploads\/2025\/11\/Golden-Globes-2026-Sarah-Jessica-Parker-H.jpg","datePublished":"2025-11-24T09:25:11+00:00","dateModified":"2025-11-24T09:31:38+00:00","description":"Sarah Jessica Parker recevra le Carol Burnett Award aux Golden Globes 2026, saluant son influence majeure sur la t\u00e9l\u00e9vision.","breadcrumb":{"@id":"https:\/\/www.webdo.tn\/fr\/actualite\/culture\/golden-globes-2026-sarah-jessica-parker-recevra-le-carol-burnett-award\/388174\/#breadcrumb"},"inLanguage":"fr-FR","potentialAction":[{"@type":"ReadAction","target":["https:\/\/www.webdo.tn\/fr\/actualite\/culture\/golden-globes-2026-sarah-jessica-parker-recevra-le-carol-burnett-award\/388174\/"]}]},{"@type":"ImageObject","inLanguage":"fr-FR","@id":"https:\/\/www.webdo.tn\/fr\/actualite\/culture\/golden-globes-2026-sarah-jessica-parker-recevra-le-carol-burnett-award\/388174\/#primaryimage","url":"https:\/\/www.webdo.tn\/fr\/wp-content\/uploads\/2025\/11\/Golden-Globes-2026-Sarah-Jessica-Parker-H.jpg","contentUrl":"https:\/\/www.webdo.tn\/fr\/wp-content\/uploads\/2025\/11\/Golden-Globes-2026-Sarah-Jessica-Parker-H.jpg","width":681,"height":383,"caption":"Golden Globes 2026 Sarah Jessica Parker"},{"@type":"BreadcrumbList","@id":"https:\/\/www.webdo.tn\/fr\/actualite\/culture\/golden-globes-2026-sarah-jessica-parker-recevra-le-carol-burnett-award\/388174\/#breadcrumb","itemListElement":[{"@type":"ListItem","position":1,"name":"Accueil","item":"https:\/\/www.webdo.tn\/fr\/"},{"@type":"ListItem","position":2,"name":"Golden Globes 2026\u00a0&#8211; Sarah Jessica Parker recevra le Carol Burnett Award"}]},{"@type":"WebSite","@id":"https:\/\/www.webdo.tn\/fr\/#website","url":"https:\/\/www.webdo.tn\/fr\/","name":"webdo","description":"Tunisie - News en Tunisie et \u00e0 l&#039;international sur Webdo.tn","publisher":{"@id":"https:\/\/www.webdo.tn\/fr\/#organization"},"potentialAction":[{"@type":"SearchAction","target":{"@type":"EntryPoint","urlTemplate":"https:\/\/www.webdo.tn\/fr\/?s={search_term_string}"},"query-input":{"@type":"PropertyValueSpecification","valueRequired":true,"valueName":"search_term_string"}}],"inLanguage":"fr-FR"},{"@type":"Organization","@id":"https:\/\/www.webdo.tn\/fr\/#organization","name":"Webdo","alternateName":"Webdo.tn","url":"https:\/\/www.webdo.tn\/fr\/","logo":{"@type":"ImageObject","inLanguage":"fr-FR","@id":"https:\/\/www.webdo.tn\/fr\/#\/schema\/logo\/image\/","url":"https:\/\/www.webdo.tn\/fr\/wp-content\/uploads\/2025\/06\/Webdo-Tunisie_168377.jpg","contentUrl":"https:\/\/www.webdo.tn\/fr\/wp-content\/uploads\/2025\/06\/Webdo-Tunisie_168377.jpg","width":301,"height":301,"caption":"Webdo"},"image":{"@id":"https:\/\/www.webdo.tn\/fr\/#\/schema\/logo\/image\/"},"sameAs":["https:\/\/www.facebook.com\/webdotn","https:\/\/x.com\/webdo_tn"],"description":"Webdo est un m\u00e9dia num\u00e9rique tunisien fond\u00e9 en 2010, sp\u00e9cialis\u00e9 dans l\u2019actualit\u00e9 nationale et internationale, l\u2019\u00e9conomie, la soci\u00e9t\u00e9 et les analyses politiques. Le site s\u2019adresse \u00e0 un large public francophone et couvre l\u2019information tunisienne en temps r\u00e9el.","email":"redac@webdo.tn","legalName":"YNJ SARL","foundingDate":"2010-09-06","numberOfEmployees":{"@type":"QuantitativeValue","minValue":"11","maxValue":"50"}},{"@type":"Person","@id":"https:\/\/www.webdo.tn\/fr\/#\/schema\/person\/60d5ba619ed3f58783b0dc82b7dada80","name":"Ne\u00efla DRISS","image":{"@type":"ImageObject","inLanguage":"fr-FR","@id":"https:\/\/www.webdo.tn\/fr\/wp-content\/uploads\/2026\/04\/neila-driss_avatar-96x96.jpg","url":"https:\/\/www.webdo.tn\/fr\/wp-content\/uploads\/2026\/04\/neila-driss_avatar-96x96.jpg","contentUrl":"https:\/\/www.webdo.tn\/fr\/wp-content\/uploads\/2026\/04\/neila-driss_avatar-96x96.jpg","caption":"Ne\u00efla DRISS"},"description":"Ne\u00efla Driss est juriste, journaliste culturelle et critique de cin\u00e9ma tunisienne. Titulaire d\u2019un DEA en droit priv\u00e9 de l\u2019Universit\u00e9 Paris II et d\u2019un DESS de l\u2019IHEC Carthage, elle d\u00e9bute sa carri\u00e8re comme juriste sp\u00e9cialis\u00e9e en gestion de patrimoine immobilier. Elle s\u2019oriente ensuite vers l\u2019\u00e9criture en ligne, o\u00f9 elle se distingue d\u00e8s 2006 aux Tunisia Blog Awards, avant de se consacrer au journalisme culturel, avec une sp\u00e9cialisation dans la critique cin\u00e9matographique. Elle couvre r\u00e9guli\u00e8rement les grands festivals internationaux, notamment le Festival de Cannes, les Journ\u00e9es Cin\u00e9matographiques de Carthage et le Festival du film du Caire. Membre de l\u2019ATPCC et de la FIPRESCI, elle participe \u00e0 des jurys et initiatives internationales de critique. Depuis 2024, elle est \u00e9lectrice internationale aux Golden Globes. Facebook : https:\/\/www.facebook.com\/massir.destiniii\/ X : https:\/\/x.com\/MassirDestin","sameAs":["https:\/\/www.facebook.com\/massir.destiniii\/","https:\/\/www.instagram.com\/neila.driss\/?hl=fr","https:\/\/www.linkedin.com\/in\/neila-driss-22606a80\/","https:\/\/x.com\/https:\/\/x.com\/MassirDestin"],"knowsAbout":["Cin\u00e9ma international","critique cin\u00e9matographique","festivals de cin\u00e9ma","journalisme culturel"],"knowsLanguage":["Fran\u00e7ais","Arabe","Anglais"],"jobTitle":"Journaliste culturelle et critique de cin\u00e9ma","worksFor":"Webdo","url":"https:\/\/www.webdo.tn\/fr\/actualite\/author\/neila-driss\/"}]}},"_links":{"self":[{"href":"https:\/\/www.webdo.tn\/fr\/wp-json\/wp\/v2\/posts\/388174","targetHints":{"allow":["GET"]}}],"collection":[{"href":"https:\/\/www.webdo.tn\/fr\/wp-json\/wp\/v2\/posts"}],"about":[{"href":"https:\/\/www.webdo.tn\/fr\/wp-json\/wp\/v2\/types\/post"}],"author":[{"embeddable":true,"href":"https:\/\/www.webdo.tn\/fr\/wp-json\/wp\/v2\/users\/3164"}],"replies":[{"embeddable":true,"href":"https:\/\/www.webdo.tn\/fr\/wp-json\/wp\/v2\/comments?post=388174"}],"version-history":[{"count":0,"href":"https:\/\/www.webdo.tn\/fr\/wp-json\/wp\/v2\/posts\/388174\/revisions"}],"wp:featuredmedia":[{"embeddable":true,"href":"https:\/\/www.webdo.tn\/fr\/wp-json\/wp\/v2\/media\/388184"}],"wp:attachment":[{"href":"https:\/\/www.webdo.tn\/fr\/wp-json\/wp\/v2\/media?parent=388174"}],"wp:term":[{"taxonomy":"category","embeddable":true,"href":"https:\/\/www.webdo.tn\/fr\/wp-json\/wp\/v2\/categories?post=388174"},{"taxonomy":"post_tag","embeddable":true,"href":"https:\/\/www.webdo.tn\/fr\/wp-json\/wp\/v2\/tags?post=388174"}],"curies":[{"name":"wp","href":"https:\/\/api.w.org\/{rel}","templated":true}]}}