{"id":388044,"date":"2025-11-22T10:09:22","date_gmt":"2025-11-22T09:09:22","guid":{"rendered":"https:\/\/www.webdo.tn\/fr\/?p=388044"},"modified":"2025-11-22T22:28:42","modified_gmt":"2025-11-22T21:28:42","slug":"suspension-des-cours-a-ain-draham-en-raison-de-la-neige-et-du-mauvais-temps","status":"publish","type":"post","link":"https:\/\/www.webdo.tn\/fr\/actualite\/national\/suspension-des-cours-a-ain-draham-en-raison-de-la-neige-et-du-mauvais-temps\/388044\/","title":{"rendered":"Suspension des cours \u00e0 A\u00efn Draham en raison de la neige et du mauvais temps"},"content":{"rendered":"\n<p><a href=\"https:\/\/www.facebook.com\/share\/p\/1bHympgLhm\/\">La commission r\u00e9gionale de pr\u00e9vention et de gestion des catastrophes \u00e0 Jendouba <\/a>a d\u00e9cid\u00e9 de suspendre les cours, ce samedi 22 novembre 2025, dans toutes les \u00e9coles primaires, coll\u00e8ges et lyc\u00e9es de la d\u00e9l\u00e9gation d\u2019A\u00efn Draham, en raison de la d\u00e9gradation des conditions m\u00e9t\u00e9orologiques. La d\u00e9cision vise \u00e0 garantir la s\u00e9curit\u00e9 des \u00e9l\u00e8ves et de l\u2019ensemble des personnels \u00e9ducatifs.<\/p>\n\n\n\n<h2 class=\"wp-block-heading\" id=\"h-premieres-chutes-de-neige-en-novembre\">Premi\u00e8res chutes de neige en novembre<\/h2>\n\n\n\n<p>Selon l\u2019Observatoire tunisien de la m\u00e9t\u00e9o et du climat, des chutes de neige ont \u00e9t\u00e9 enregistr\u00e9es t\u00f4t ce matin sur les hauteurs d\u2019A\u00efn Draham, ainsi que dans plusieurs zones de la d\u00e9l\u00e9gation de Ghardimaou, notamment El Ghra, A\u00efn Sultan et El Fa\u00efja. Il s\u2019agit d\u2019\u00e9pisodes neigeux pr\u00e9coces, intervenant avant la saison hivernale habituelle. Les temp\u00e9ratures ont \u00e9galement connu une baisse notable, avec des maximales comprises entre 6 et 11\u00b0C dans les r\u00e9gions ouest du Nord et du Centre, et entre 12 et 17\u00b0C dans le reste du pays.<\/p>\n\n\n\n<p>La m\u00e9t\u00e9o annonce un temps froid et instable, avec des passages nuageux parfois denses au Nord, des pluies \u00e9parses et temporairement orageuses, localement intenses \u00e0 l\u2019extr\u00eame Nord-Ouest. Les autorit\u00e9s appellent les usagers de la route \u00e0 la prudence en raison du risque de glissance des chauss\u00e9es et de la baisse de visibilit\u00e9.<\/p>\n\n\n\n<blockquote class=\"wp-block-quote is-layout-flow wp-block-quote-is-layout-flow\">\n<blockquote class=\"wp-block-quote is-layout-flow wp-block-quote-is-layout-flow\">\n<p><strong>Lire aussi:<\/strong><\/p>\n\n\n\n<ul class=\"wp-block-list\">\n<li class=\"has-medium-font-size\"><a href=\"https:\/\/www.webdo.tn\/fr\/actualite\/regions\/tunisie-la-neige-fait-son-apparition-a-jendouba\/218553\/\">Tunisie : La neige fait son apparition \u00e0 Jendouba (2024)<\/a><\/li>\n<\/ul>\n<\/blockquote>\n<\/blockquote>\n\n\n\n<iframe src=\"https:\/\/www.facebook.com\/plugins\/video.php?height=476&#038;href=https%3A%2F%2Fwww.facebook.com%2Freel%2F1152166899958515%2F&#038;show_text=false&#038;width=267&#038;t=0\" width=\"267\" height=\"476\" style=\"border:none;overflow:hidden\" scrolling=\"no\" frameborder=\"0\" allowfullscreen=\"true\" allow=\"autoplay; clipboard-write; encrypted-media; picture-in-picture; web-share\" allowFullScreen=\"true\"><\/iframe>\n\n\n\n<p><\/p>\n","protected":false},"excerpt":{"rendered":"<p>La commission r\u00e9gionale de pr\u00e9vention et de gestion des catastrophes \u00e0 Jendouba a d\u00e9cid\u00e9 de suspendre les cours, ce samedi 22 novembre 2025, dans toutes les \u00e9coles primaires, coll\u00e8ges et lyc\u00e9es de la d\u00e9l\u00e9gation d\u2019A\u00efn Draham, en raison de la d\u00e9gradation des conditions m\u00e9t\u00e9orologiques. La d\u00e9cision vise \u00e0 garantir la s\u00e9curit\u00e9 des \u00e9l\u00e8ves et de [&hellip;]<\/p>\n","protected":false},"author":4779,"featured_media":388046,"comment_status":"closed","ping_status":"closed","sticky":false,"template":"","format":"standard","meta":{"footnotes":""},"categories":[44],"tags":[7483,4359,4360],"class_list":["post-388044","post","type-post","status-publish","format-standard","has-post-thumbnail","hentry","category-national","tag-ain-draham","tag-neige","tag-suspension-des-cours"],"yoast_head":"<!-- This site is optimized with the Yoast SEO Premium plugin v27.5 (Yoast SEO v27.5) - https:\/\/yoast.com\/product\/yoast-seo-premium-wordpress\/ -->\n<title>Suspension des cours \u00e0 A\u00efn Draham en raison de la neige et du mauvais temps - webdo<\/title>\n<meta name=\"description\" content=\"Suspension des cours \u00e0 A\u00efn Draham : conditions m\u00e9t\u00e9orologiques difficiles ce samedi 22 novembre 2025 en raison de la neige.\" \/>\n<link rel=\"canonical\" href=\"https:\/\/www.webdo.tn\/fr\/actualite\/national\/suspension-des-cours-a-ain-draham-en-raison-de-la-neige-et-du-mauvais-temps\/388044\/\" \/>\n<meta property=\"og:locale\" content=\"fr_FR\" \/>\n<meta property=\"og:type\" content=\"article\" \/>\n<meta property=\"og:title\" content=\"Suspension des cours \u00e0 A\u00efn Draham en raison de la neige et du mauvais temps\" \/>\n<meta property=\"og:description\" content=\"Suspension des cours \u00e0 A\u00efn Draham : conditions m\u00e9t\u00e9orologiques difficiles ce samedi 22 novembre 2025 en raison de la neige.\" \/>\n<meta property=\"og:url\" content=\"https:\/\/www.webdo.tn\/fr\/actualite\/national\/suspension-des-cours-a-ain-draham-en-raison-de-la-neige-et-du-mauvais-temps\/388044\/\" \/>\n<meta property=\"og:site_name\" content=\"webdo\" \/>\n<meta property=\"article:publisher\" content=\"https:\/\/www.facebook.com\/webdotn\" \/>\n<meta property=\"article:published_time\" content=\"2025-11-22T09:09:22+00:00\" \/>\n<meta property=\"article:modified_time\" content=\"2025-11-22T21:28:42+00:00\" \/>\n<meta property=\"og:image\" content=\"https:\/\/www.webdo.tn\/fr\/wp-content\/uploads\/2025\/11\/ain-drahem-neiges.jpg\" \/>\n\t<meta property=\"og:image:width\" content=\"1200\" \/>\n\t<meta property=\"og:image:height\" content=\"600\" \/>\n\t<meta property=\"og:image:type\" content=\"image\/jpeg\" \/>\n<meta name=\"author\" content=\"Firas Ben Abdeltif\" \/>\n<meta name=\"twitter:card\" content=\"summary_large_image\" \/>\n<meta name=\"twitter:creator\" content=\"@webdo_tn\" \/>\n<meta name=\"twitter:site\" content=\"@webdo_tn\" \/>\n<meta name=\"twitter:label1\" content=\"\u00c9crit par\" \/>\n\t<meta name=\"twitter:data1\" content=\"Firas Ben Abdeltif\" \/>\n\t<meta name=\"twitter:label2\" content=\"Dur\u00e9e de lecture estim\u00e9e\" \/>\n\t<meta name=\"twitter:data2\" content=\"2 minutes\" \/>\n<script type=\"application\/ld+json\" class=\"yoast-schema-graph\">{\"@context\":\"https:\\\/\\\/schema.org\",\"@graph\":[{\"@type\":\"NewsArticle\",\"@id\":\"https:\\\/\\\/www.webdo.tn\\\/fr\\\/actualite\\\/national\\\/suspension-des-cours-a-ain-draham-en-raison-de-la-neige-et-du-mauvais-temps\\\/388044\\\/#article\",\"isPartOf\":{\"@id\":\"https:\\\/\\\/www.webdo.tn\\\/fr\\\/actualite\\\/national\\\/suspension-des-cours-a-ain-draham-en-raison-de-la-neige-et-du-mauvais-temps\\\/388044\\\/\"},\"author\":{\"name\":\"Firas Ben Abdeltif\",\"@id\":\"https:\\\/\\\/www.webdo.tn\\\/fr\\\/#\\\/schema\\\/person\\\/19664196c9bfdcda126f3c27709f7d11\"},\"headline\":\"Suspension des cours \u00e0 A\u00efn Draham en raison de la neige et du mauvais temps\",\"datePublished\":\"2025-11-22T09:09:22+00:00\",\"dateModified\":\"2025-11-22T21:28:42+00:00\",\"mainEntityOfPage\":{\"@id\":\"https:\\\/\\\/www.webdo.tn\\\/fr\\\/actualite\\\/national\\\/suspension-des-cours-a-ain-draham-en-raison-de-la-neige-et-du-mauvais-temps\\\/388044\\\/\"},\"wordCount\":260,\"publisher\":{\"@id\":\"https:\\\/\\\/www.webdo.tn\\\/fr\\\/#organization\"},\"image\":{\"@id\":\"https:\\\/\\\/www.webdo.tn\\\/fr\\\/actualite\\\/national\\\/suspension-des-cours-a-ain-draham-en-raison-de-la-neige-et-du-mauvais-temps\\\/388044\\\/#primaryimage\"},\"thumbnailUrl\":\"https:\\\/\\\/www.webdo.tn\\\/fr\\\/wp-content\\\/uploads\\\/2025\\\/11\\\/ain-drahem-neiges.jpg\",\"keywords\":[\"ain draham\",\"neige\",\"suspension des cours\"],\"articleSection\":[\"National\"],\"inLanguage\":\"fr-FR\"},{\"@type\":\"WebPage\",\"@id\":\"https:\\\/\\\/www.webdo.tn\\\/fr\\\/actualite\\\/national\\\/suspension-des-cours-a-ain-draham-en-raison-de-la-neige-et-du-mauvais-temps\\\/388044\\\/\",\"url\":\"https:\\\/\\\/www.webdo.tn\\\/fr\\\/actualite\\\/national\\\/suspension-des-cours-a-ain-draham-en-raison-de-la-neige-et-du-mauvais-temps\\\/388044\\\/\",\"name\":\"Suspension des cours \u00e0 A\u00efn Draham en raison de la neige et du mauvais temps - webdo\",\"isPartOf\":{\"@id\":\"https:\\\/\\\/www.webdo.tn\\\/fr\\\/#website\"},\"primaryImageOfPage\":{\"@id\":\"https:\\\/\\\/www.webdo.tn\\\/fr\\\/actualite\\\/national\\\/suspension-des-cours-a-ain-draham-en-raison-de-la-neige-et-du-mauvais-temps\\\/388044\\\/#primaryimage\"},\"image\":{\"@id\":\"https:\\\/\\\/www.webdo.tn\\\/fr\\\/actualite\\\/national\\\/suspension-des-cours-a-ain-draham-en-raison-de-la-neige-et-du-mauvais-temps\\\/388044\\\/#primaryimage\"},\"thumbnailUrl\":\"https:\\\/\\\/www.webdo.tn\\\/fr\\\/wp-content\\\/uploads\\\/2025\\\/11\\\/ain-drahem-neiges.jpg\",\"datePublished\":\"2025-11-22T09:09:22+00:00\",\"dateModified\":\"2025-11-22T21:28:42+00:00\",\"description\":\"Suspension des cours \u00e0 A\u00efn Draham : conditions m\u00e9t\u00e9orologiques difficiles ce samedi 22 novembre 2025 en raison de la neige.\",\"breadcrumb\":{\"@id\":\"https:\\\/\\\/www.webdo.tn\\\/fr\\\/actualite\\\/national\\\/suspension-des-cours-a-ain-draham-en-raison-de-la-neige-et-du-mauvais-temps\\\/388044\\\/#breadcrumb\"},\"inLanguage\":\"fr-FR\",\"potentialAction\":[{\"@type\":\"ReadAction\",\"target\":[\"https:\\\/\\\/www.webdo.tn\\\/fr\\\/actualite\\\/national\\\/suspension-des-cours-a-ain-draham-en-raison-de-la-neige-et-du-mauvais-temps\\\/388044\\\/\"]}]},{\"@type\":\"ImageObject\",\"inLanguage\":\"fr-FR\",\"@id\":\"https:\\\/\\\/www.webdo.tn\\\/fr\\\/actualite\\\/national\\\/suspension-des-cours-a-ain-draham-en-raison-de-la-neige-et-du-mauvais-temps\\\/388044\\\/#primaryimage\",\"url\":\"https:\\\/\\\/www.webdo.tn\\\/fr\\\/wp-content\\\/uploads\\\/2025\\\/11\\\/ain-drahem-neiges.jpg\",\"contentUrl\":\"https:\\\/\\\/www.webdo.tn\\\/fr\\\/wp-content\\\/uploads\\\/2025\\\/11\\\/ain-drahem-neiges.jpg\",\"width\":1200,\"height\":600,\"caption\":\"Premi\u00e8res chutes de neige en novembre - Ain Draham\"},{\"@type\":\"BreadcrumbList\",\"@id\":\"https:\\\/\\\/www.webdo.tn\\\/fr\\\/actualite\\\/national\\\/suspension-des-cours-a-ain-draham-en-raison-de-la-neige-et-du-mauvais-temps\\\/388044\\\/#breadcrumb\",\"itemListElement\":[{\"@type\":\"ListItem\",\"position\":1,\"name\":\"Accueil\",\"item\":\"https:\\\/\\\/www.webdo.tn\\\/fr\\\/\"},{\"@type\":\"ListItem\",\"position\":2,\"name\":\"Suspension des cours \u00e0 A\u00efn Draham en raison de la neige et du mauvais temps\"}]},{\"@type\":\"WebSite\",\"@id\":\"https:\\\/\\\/www.webdo.tn\\\/fr\\\/#website\",\"url\":\"https:\\\/\\\/www.webdo.tn\\\/fr\\\/\",\"name\":\"webdo\",\"description\":\"Tunisie - News en Tunisie et \u00e0 l&#039;international sur Webdo.tn\",\"publisher\":{\"@id\":\"https:\\\/\\\/www.webdo.tn\\\/fr\\\/#organization\"},\"potentialAction\":[{\"@type\":\"SearchAction\",\"target\":{\"@type\":\"EntryPoint\",\"urlTemplate\":\"https:\\\/\\\/www.webdo.tn\\\/fr\\\/?s={search_term_string}\"},\"query-input\":{\"@type\":\"PropertyValueSpecification\",\"valueRequired\":true,\"valueName\":\"search_term_string\"}}],\"inLanguage\":\"fr-FR\"},{\"@type\":\"Organization\",\"@id\":\"https:\\\/\\\/www.webdo.tn\\\/fr\\\/#organization\",\"name\":\"Webdo\",\"alternateName\":\"Webdo.tn\",\"url\":\"https:\\\/\\\/www.webdo.tn\\\/fr\\\/\",\"logo\":{\"@type\":\"ImageObject\",\"inLanguage\":\"fr-FR\",\"@id\":\"https:\\\/\\\/www.webdo.tn\\\/fr\\\/#\\\/schema\\\/logo\\\/image\\\/\",\"url\":\"https:\\\/\\\/www.webdo.tn\\\/fr\\\/wp-content\\\/uploads\\\/2025\\\/06\\\/Webdo-Tunisie_168377.jpg\",\"contentUrl\":\"https:\\\/\\\/www.webdo.tn\\\/fr\\\/wp-content\\\/uploads\\\/2025\\\/06\\\/Webdo-Tunisie_168377.jpg\",\"width\":301,\"height\":301,\"caption\":\"Webdo\"},\"image\":{\"@id\":\"https:\\\/\\\/www.webdo.tn\\\/fr\\\/#\\\/schema\\\/logo\\\/image\\\/\"},\"sameAs\":[\"https:\\\/\\\/www.facebook.com\\\/webdotn\",\"https:\\\/\\\/x.com\\\/webdo_tn\"],\"description\":\"Webdo est un m\u00e9dia num\u00e9rique tunisien fond\u00e9 en 2010, sp\u00e9cialis\u00e9 dans l\u2019actualit\u00e9 nationale et internationale, l\u2019\u00e9conomie, la soci\u00e9t\u00e9 et les analyses politiques. Le site s\u2019adresse \u00e0 un large public francophone et couvre l\u2019information tunisienne en temps r\u00e9el.\",\"email\":\"redac@webdo.tn\",\"legalName\":\"YNJ SARL\",\"foundingDate\":\"2010-09-06\",\"numberOfEmployees\":{\"@type\":\"QuantitativeValue\",\"minValue\":\"11\",\"maxValue\":\"50\"}},{\"@type\":\"Person\",\"@id\":\"https:\\\/\\\/www.webdo.tn\\\/fr\\\/#\\\/schema\\\/person\\\/19664196c9bfdcda126f3c27709f7d11\",\"name\":\"Firas Ben Abdeltif\",\"image\":{\"@type\":\"ImageObject\",\"inLanguage\":\"fr-FR\",\"@id\":\"https:\\\/\\\/secure.gravatar.com\\\/avatar\\\/161a347d40df098a084778c52ed133dbd85f14df003867067c5948081241ec55?s=96&d=mm&r=g\",\"url\":\"https:\\\/\\\/secure.gravatar.com\\\/avatar\\\/161a347d40df098a084778c52ed133dbd85f14df003867067c5948081241ec55?s=96&d=mm&r=g\",\"contentUrl\":\"https:\\\/\\\/secure.gravatar.com\\\/avatar\\\/161a347d40df098a084778c52ed133dbd85f14df003867067c5948081241ec55?s=96&d=mm&r=g\",\"caption\":\"Firas Ben Abdeltif\"},\"url\":\"https:\\\/\\\/www.webdo.tn\\\/fr\\\/actualite\\\/author\\\/firas-ben-abdeltif\\\/\"}]}<\/script>\n<!-- \/ Yoast SEO Premium plugin. -->","yoast_head_json":{"title":"Suspension des cours \u00e0 A\u00efn Draham en raison de la neige et du mauvais temps - webdo","description":"Suspension des cours \u00e0 A\u00efn Draham : conditions m\u00e9t\u00e9orologiques difficiles ce samedi 22 novembre 2025 en raison de la neige.","canonical":"https:\/\/www.webdo.tn\/fr\/actualite\/national\/suspension-des-cours-a-ain-draham-en-raison-de-la-neige-et-du-mauvais-temps\/388044\/","og_locale":"fr_FR","og_type":"article","og_title":"Suspension des cours \u00e0 A\u00efn Draham en raison de la neige et du mauvais temps","og_description":"Suspension des cours \u00e0 A\u00efn Draham : conditions m\u00e9t\u00e9orologiques difficiles ce samedi 22 novembre 2025 en raison de la neige.","og_url":"https:\/\/www.webdo.tn\/fr\/actualite\/national\/suspension-des-cours-a-ain-draham-en-raison-de-la-neige-et-du-mauvais-temps\/388044\/","og_site_name":"webdo","article_publisher":"https:\/\/www.facebook.com\/webdotn","article_published_time":"2025-11-22T09:09:22+00:00","article_modified_time":"2025-11-22T21:28:42+00:00","og_image":[{"width":1200,"height":600,"url":"https:\/\/www.webdo.tn\/fr\/wp-content\/uploads\/2025\/11\/ain-drahem-neiges.jpg","type":"image\/jpeg"}],"author":"Firas Ben Abdeltif","twitter_card":"summary_large_image","twitter_creator":"@webdo_tn","twitter_site":"@webdo_tn","twitter_misc":{"\u00c9crit par":"Firas Ben Abdeltif","Dur\u00e9e de lecture estim\u00e9e":"2 minutes"},"schema":{"@context":"https:\/\/schema.org","@graph":[{"@type":"NewsArticle","@id":"https:\/\/www.webdo.tn\/fr\/actualite\/national\/suspension-des-cours-a-ain-draham-en-raison-de-la-neige-et-du-mauvais-temps\/388044\/#article","isPartOf":{"@id":"https:\/\/www.webdo.tn\/fr\/actualite\/national\/suspension-des-cours-a-ain-draham-en-raison-de-la-neige-et-du-mauvais-temps\/388044\/"},"author":{"name":"Firas Ben Abdeltif","@id":"https:\/\/www.webdo.tn\/fr\/#\/schema\/person\/19664196c9bfdcda126f3c27709f7d11"},"headline":"Suspension des cours \u00e0 A\u00efn Draham en raison de la neige et du mauvais temps","datePublished":"2025-11-22T09:09:22+00:00","dateModified":"2025-11-22T21:28:42+00:00","mainEntityOfPage":{"@id":"https:\/\/www.webdo.tn\/fr\/actualite\/national\/suspension-des-cours-a-ain-draham-en-raison-de-la-neige-et-du-mauvais-temps\/388044\/"},"wordCount":260,"publisher":{"@id":"https:\/\/www.webdo.tn\/fr\/#organization"},"image":{"@id":"https:\/\/www.webdo.tn\/fr\/actualite\/national\/suspension-des-cours-a-ain-draham-en-raison-de-la-neige-et-du-mauvais-temps\/388044\/#primaryimage"},"thumbnailUrl":"https:\/\/www.webdo.tn\/fr\/wp-content\/uploads\/2025\/11\/ain-drahem-neiges.jpg","keywords":["ain draham","neige","suspension des cours"],"articleSection":["National"],"inLanguage":"fr-FR"},{"@type":"WebPage","@id":"https:\/\/www.webdo.tn\/fr\/actualite\/national\/suspension-des-cours-a-ain-draham-en-raison-de-la-neige-et-du-mauvais-temps\/388044\/","url":"https:\/\/www.webdo.tn\/fr\/actualite\/national\/suspension-des-cours-a-ain-draham-en-raison-de-la-neige-et-du-mauvais-temps\/388044\/","name":"Suspension des cours \u00e0 A\u00efn Draham en raison de la neige et du mauvais temps - webdo","isPartOf":{"@id":"https:\/\/www.webdo.tn\/fr\/#website"},"primaryImageOfPage":{"@id":"https:\/\/www.webdo.tn\/fr\/actualite\/national\/suspension-des-cours-a-ain-draham-en-raison-de-la-neige-et-du-mauvais-temps\/388044\/#primaryimage"},"image":{"@id":"https:\/\/www.webdo.tn\/fr\/actualite\/national\/suspension-des-cours-a-ain-draham-en-raison-de-la-neige-et-du-mauvais-temps\/388044\/#primaryimage"},"thumbnailUrl":"https:\/\/www.webdo.tn\/fr\/wp-content\/uploads\/2025\/11\/ain-drahem-neiges.jpg","datePublished":"2025-11-22T09:09:22+00:00","dateModified":"2025-11-22T21:28:42+00:00","description":"Suspension des cours \u00e0 A\u00efn Draham : conditions m\u00e9t\u00e9orologiques difficiles ce samedi 22 novembre 2025 en raison de la neige.","breadcrumb":{"@id":"https:\/\/www.webdo.tn\/fr\/actualite\/national\/suspension-des-cours-a-ain-draham-en-raison-de-la-neige-et-du-mauvais-temps\/388044\/#breadcrumb"},"inLanguage":"fr-FR","potentialAction":[{"@type":"ReadAction","target":["https:\/\/www.webdo.tn\/fr\/actualite\/national\/suspension-des-cours-a-ain-draham-en-raison-de-la-neige-et-du-mauvais-temps\/388044\/"]}]},{"@type":"ImageObject","inLanguage":"fr-FR","@id":"https:\/\/www.webdo.tn\/fr\/actualite\/national\/suspension-des-cours-a-ain-draham-en-raison-de-la-neige-et-du-mauvais-temps\/388044\/#primaryimage","url":"https:\/\/www.webdo.tn\/fr\/wp-content\/uploads\/2025\/11\/ain-drahem-neiges.jpg","contentUrl":"https:\/\/www.webdo.tn\/fr\/wp-content\/uploads\/2025\/11\/ain-drahem-neiges.jpg","width":1200,"height":600,"caption":"Premi\u00e8res chutes de neige en novembre - Ain Draham"},{"@type":"BreadcrumbList","@id":"https:\/\/www.webdo.tn\/fr\/actualite\/national\/suspension-des-cours-a-ain-draham-en-raison-de-la-neige-et-du-mauvais-temps\/388044\/#breadcrumb","itemListElement":[{"@type":"ListItem","position":1,"name":"Accueil","item":"https:\/\/www.webdo.tn\/fr\/"},{"@type":"ListItem","position":2,"name":"Suspension des cours \u00e0 A\u00efn Draham en raison de la neige et du mauvais temps"}]},{"@type":"WebSite","@id":"https:\/\/www.webdo.tn\/fr\/#website","url":"https:\/\/www.webdo.tn\/fr\/","name":"webdo","description":"Tunisie - News en Tunisie et \u00e0 l&#039;international sur Webdo.tn","publisher":{"@id":"https:\/\/www.webdo.tn\/fr\/#organization"},"potentialAction":[{"@type":"SearchAction","target":{"@type":"EntryPoint","urlTemplate":"https:\/\/www.webdo.tn\/fr\/?s={search_term_string}"},"query-input":{"@type":"PropertyValueSpecification","valueRequired":true,"valueName":"search_term_string"}}],"inLanguage":"fr-FR"},{"@type":"Organization","@id":"https:\/\/www.webdo.tn\/fr\/#organization","name":"Webdo","alternateName":"Webdo.tn","url":"https:\/\/www.webdo.tn\/fr\/","logo":{"@type":"ImageObject","inLanguage":"fr-FR","@id":"https:\/\/www.webdo.tn\/fr\/#\/schema\/logo\/image\/","url":"https:\/\/www.webdo.tn\/fr\/wp-content\/uploads\/2025\/06\/Webdo-Tunisie_168377.jpg","contentUrl":"https:\/\/www.webdo.tn\/fr\/wp-content\/uploads\/2025\/06\/Webdo-Tunisie_168377.jpg","width":301,"height":301,"caption":"Webdo"},"image":{"@id":"https:\/\/www.webdo.tn\/fr\/#\/schema\/logo\/image\/"},"sameAs":["https:\/\/www.facebook.com\/webdotn","https:\/\/x.com\/webdo_tn"],"description":"Webdo est un m\u00e9dia num\u00e9rique tunisien fond\u00e9 en 2010, sp\u00e9cialis\u00e9 dans l\u2019actualit\u00e9 nationale et internationale, l\u2019\u00e9conomie, la soci\u00e9t\u00e9 et les analyses politiques. Le site s\u2019adresse \u00e0 un large public francophone et couvre l\u2019information tunisienne en temps r\u00e9el.","email":"redac@webdo.tn","legalName":"YNJ SARL","foundingDate":"2010-09-06","numberOfEmployees":{"@type":"QuantitativeValue","minValue":"11","maxValue":"50"}},{"@type":"Person","@id":"https:\/\/www.webdo.tn\/fr\/#\/schema\/person\/19664196c9bfdcda126f3c27709f7d11","name":"Firas Ben Abdeltif","image":{"@type":"ImageObject","inLanguage":"fr-FR","@id":"https:\/\/secure.gravatar.com\/avatar\/161a347d40df098a084778c52ed133dbd85f14df003867067c5948081241ec55?s=96&d=mm&r=g","url":"https:\/\/secure.gravatar.com\/avatar\/161a347d40df098a084778c52ed133dbd85f14df003867067c5948081241ec55?s=96&d=mm&r=g","contentUrl":"https:\/\/secure.gravatar.com\/avatar\/161a347d40df098a084778c52ed133dbd85f14df003867067c5948081241ec55?s=96&d=mm&r=g","caption":"Firas Ben Abdeltif"},"url":"https:\/\/www.webdo.tn\/fr\/actualite\/author\/firas-ben-abdeltif\/"}]}},"_links":{"self":[{"href":"https:\/\/www.webdo.tn\/fr\/wp-json\/wp\/v2\/posts\/388044","targetHints":{"allow":["GET"]}}],"collection":[{"href":"https:\/\/www.webdo.tn\/fr\/wp-json\/wp\/v2\/posts"}],"about":[{"href":"https:\/\/www.webdo.tn\/fr\/wp-json\/wp\/v2\/types\/post"}],"author":[{"embeddable":true,"href":"https:\/\/www.webdo.tn\/fr\/wp-json\/wp\/v2\/users\/4779"}],"replies":[{"embeddable":true,"href":"https:\/\/www.webdo.tn\/fr\/wp-json\/wp\/v2\/comments?post=388044"}],"version-history":[{"count":0,"href":"https:\/\/www.webdo.tn\/fr\/wp-json\/wp\/v2\/posts\/388044\/revisions"}],"wp:featuredmedia":[{"embeddable":true,"href":"https:\/\/www.webdo.tn\/fr\/wp-json\/wp\/v2\/media\/388046"}],"wp:attachment":[{"href":"https:\/\/www.webdo.tn\/fr\/wp-json\/wp\/v2\/media?parent=388044"}],"wp:term":[{"taxonomy":"category","embeddable":true,"href":"https:\/\/www.webdo.tn\/fr\/wp-json\/wp\/v2\/categories?post=388044"},{"taxonomy":"post_tag","embeddable":true,"href":"https:\/\/www.webdo.tn\/fr\/wp-json\/wp\/v2\/tags?post=388044"}],"curies":[{"name":"wp","href":"https:\/\/api.w.org\/{rel}","templated":true}]}}