{"id":387797,"date":"2025-11-18T15:46:21","date_gmt":"2025-11-18T14:46:21","guid":{"rendered":"https:\/\/www.webdo.tn\/fr\/?p=387797"},"modified":"2026-03-31T13:53:23","modified_gmt":"2026-03-31T12:53:23","slug":"panne-geante-sur-internet-cloudflare-vacille-et-une-partie-du-web-mondial-se-fige","status":"publish","type":"post","link":"https:\/\/www.webdo.tn\/fr\/actualite\/international\/panne-geante-sur-internet-cloudflare-vacille-et-une-partie-du-web-mondial-se-fige\/387797\/","title":{"rendered":"Panne g\u00e9ante sur Internet : Cloudflare vacille et une partie du web mondial se fige"},"content":{"rendered":"\n<p><strong>Une d\u00e9faillance majeure chez Cloudflare a paralys\u00e9 une large portion d\u2019Internet ce mardi, provoquant l\u2019inaccessibilit\u00e9 de sites, services et plateformes parmi les plus utilis\u00e9s au monde. L\u2019origine exacte de l\u2019incident reste pour l\u2019heure ind\u00e9termin\u00e9e, malgr\u00e9 l\u2019intervention rapide des \u00e9quipes techniques.<\/strong><\/p>\n\n\n\n<h2 class=\"wp-block-heading\" id=\"h-un-blocage-soudain-aux-repercussions-mondiales\">Un blocage soudain aux r\u00e9percussions mondiales<\/h2>\n\n\n\n<p>Vers la mi-journ\u00e9e, d\u2019innombrables utilisateurs ont constat\u00e9 l\u2019impossibilit\u00e9 de charger des services pourtant r\u00e9put\u00e9s robustes : X, Feedly, mais aussi plusieurs sites d\u2019information et d\u2019entreprises. La panne a \u00e9t\u00e9 rapidement identifi\u00e9e comme provenant de Cloudflare, acteur central de l\u2019infrastructure mondiale du web, charg\u00e9 de la s\u00e9curit\u00e9, du routage et de la disponibilit\u00e9 du trafic en ligne.<\/p>\n\n\n\n<p>La soci\u00e9t\u00e9, qui prot\u00e8ge ou optimise pr\u00e8s de 20 % des <a href=\"https:\/\/itrend.tn\/\">sites Internet<\/a> dans le monde, a reconnu un incident impactant son fournisseur de portail d\u2019assistance, entra\u00eenant des erreurs massives pour les clients et visiteurs. Elle \u00e9voque \u00e9galement un lien potentiel avec l\u2019interruption partielle constat\u00e9e sur X, ainsi que des difficult\u00e9s r\u00e9p\u00e9t\u00e9es de \u201cv\u00e9rification humaine\u201d lors de l\u2019acc\u00e8s \u00e0 diverses plateformes.<\/p>\n\n\n\n<h2 class=\"wp-block-heading\" id=\"h-des-plateformes-majeures-prises-dans-la-tourmente\">Des plateformes majeures prises dans la tourmente<\/h2>\n\n\n\n<p>La port\u00e9e du dysfonctionnement est exceptionnelle : de X (ex-Twitter) \u00e0 OpenAI, en passant par ChatGPT, Claude AI, ou encore de nombreux m\u00e9dias internationaux, l\u2019interruption a frapp\u00e9 sans distinction. Certaines entreprises majeures ont \u00e9galement signal\u00e9 des perturbations, parmi lesquelles Facebook, AWS, bet365, Canva, Spotify, BrightHR, ou encore des services d\u2019h\u00e9bergement critiques.<\/p>\n\n\n\n<p>La d\u00e9pendance massive du web \u00e0 Cloudflare a amplifi\u00e9 l\u2019effet domino : lorsqu\u2019un \u00e9l\u00e9ment aussi structurant vacille, c\u2019est toute la cha\u00eene qui s\u2019en trouve fragilis\u00e9e.<\/p>\n\n\n\n<h2 class=\"wp-block-heading\" id=\"h-une-source-identifiee-un-correctif-en-cours\">Une source identifi\u00e9e, un correctif en cours<\/h2>\n\n\n\n<p>Aux alentours de 14h, Cloudflare a annonc\u00e9 avoir isol\u00e9 l\u2019origine de la panne et d\u00e9ployait un correctif d\u2019urgence pour r\u00e9tablir progressivement les services. Les premi\u00e8res am\u00e9liorations ont \u00e9t\u00e9 observ\u00e9es dans certaines r\u00e9gions, m\u00eame si la situation restait volatile et sujette \u00e0 des retours d\u2019instabilit\u00e9.<\/p>\n\n\n\n<p><\/p>\n\n\n\n<blockquote class=\"wp-block-quote is-layout-flow wp-block-quote-is-layout-flow\">\n<p>Lire aussi<\/p>\n\n\n\n<ul class=\"wp-block-list\">\n<li><a href=\"https:\/\/www.webdo.tn\/fr\/actualite\/national\/tunisie-lotic-tire-la-sonnette-dalarme-sur-la-mauvaise-qualite-dinternet-et-exige-des-sanctions\/382704\/\">Tunisie : L\u2019OTIC tire la sonnette d\u2019alarme sur la mauvaise qualit\u00e9 d\u2019Internet et exige des sanctions<\/a><\/li>\n<\/ul>\n<\/blockquote>\n","protected":false},"excerpt":{"rendered":"<p>Une d\u00e9faillance majeure chez Cloudflare a paralys\u00e9 une large portion d\u2019Internet ce mardi, provoquant l\u2019inaccessibilit\u00e9 de sites, services et plateformes parmi les plus utilis\u00e9s au monde. L\u2019origine exacte de l\u2019incident reste pour l\u2019heure ind\u00e9termin\u00e9e, malgr\u00e9 l\u2019intervention rapide des \u00e9quipes techniques. Un blocage soudain aux r\u00e9percussions mondiales Vers la mi-journ\u00e9e, d\u2019innombrables utilisateurs ont constat\u00e9 l\u2019impossibilit\u00e9 de [&hellip;]<\/p>\n","protected":false},"author":3191,"featured_media":387798,"comment_status":"closed","ping_status":"closed","sticky":false,"template":"","format":"standard","meta":{"footnotes":""},"categories":[2598],"tags":[13271,6389,13272],"class_list":["post-387797","post","type-post","status-publish","format-standard","has-post-thumbnail","hentry","category-international","tag-cloudfare","tag-internet","tag-panne-mondiale"],"yoast_head":"<!-- This site is optimized with the Yoast SEO Premium plugin v27.5 (Yoast SEO v27.5) - https:\/\/yoast.com\/product\/yoast-seo-premium-wordpress\/ -->\n<title>Panne g\u00e9ante sur Internet : Cloudflare vacille et une partie du web mondial se fige - webdo<\/title>\n<meta name=\"description\" content=\"Cloudflare fait face \u00e0 une panne \u00e9norme, rendant de nombreux services inaccessibles. Informez-vous sur cette d\u00e9faillance sur Internet.\" \/>\n<link rel=\"canonical\" href=\"https:\/\/www.webdo.tn\/fr\/actualite\/international\/panne-geante-sur-internet-cloudflare-vacille-et-une-partie-du-web-mondial-se-fige\/387797\/\" \/>\n<meta property=\"og:locale\" content=\"fr_FR\" \/>\n<meta property=\"og:type\" content=\"article\" \/>\n<meta property=\"og:title\" content=\"Panne g\u00e9ante sur Internet : Cloudflare vacille et une partie du web mondial se fige\" \/>\n<meta property=\"og:description\" content=\"Cloudflare fait face \u00e0 une panne \u00e9norme, rendant de nombreux services inaccessibles. Informez-vous sur cette d\u00e9faillance sur Internet.\" \/>\n<meta property=\"og:url\" content=\"https:\/\/www.webdo.tn\/fr\/actualite\/international\/panne-geante-sur-internet-cloudflare-vacille-et-une-partie-du-web-mondial-se-fige\/387797\/\" \/>\n<meta property=\"og:site_name\" content=\"webdo\" \/>\n<meta property=\"article:publisher\" content=\"https:\/\/www.facebook.com\/webdotn\" \/>\n<meta property=\"article:published_time\" content=\"2025-11-18T14:46:21+00:00\" \/>\n<meta property=\"article:modified_time\" content=\"2026-03-31T12:53:23+00:00\" \/>\n<meta property=\"og:image\" content=\"https:\/\/www.webdo.tn\/fr\/wp-content\/uploads\/2025\/11\/Capture-decran-2025-11-18-145219.png\" \/>\n\t<meta property=\"og:image:width\" content=\"1200\" \/>\n\t<meta property=\"og:image:height\" content=\"602\" \/>\n\t<meta property=\"og:image:type\" content=\"image\/png\" \/>\n<meta name=\"author\" content=\"Mohamed Hedi Touati\" \/>\n<meta name=\"twitter:card\" content=\"summary_large_image\" \/>\n<meta name=\"twitter:creator\" content=\"@webdo_tn\" \/>\n<meta name=\"twitter:site\" content=\"@webdo_tn\" \/>\n<meta name=\"twitter:label1\" content=\"\u00c9crit par\" \/>\n\t<meta name=\"twitter:data1\" content=\"Mohamed Hedi Touati\" \/>\n\t<meta name=\"twitter:label2\" content=\"Dur\u00e9e de lecture estim\u00e9e\" \/>\n\t<meta name=\"twitter:data2\" content=\"2 minutes\" \/>\n<script type=\"application\/ld+json\" class=\"yoast-schema-graph\">{\"@context\":\"https:\\\/\\\/schema.org\",\"@graph\":[{\"@type\":\"NewsArticle\",\"@id\":\"https:\\\/\\\/www.webdo.tn\\\/fr\\\/actualite\\\/international\\\/panne-geante-sur-internet-cloudflare-vacille-et-une-partie-du-web-mondial-se-fige\\\/387797\\\/#article\",\"isPartOf\":{\"@id\":\"https:\\\/\\\/www.webdo.tn\\\/fr\\\/actualite\\\/international\\\/panne-geante-sur-internet-cloudflare-vacille-et-une-partie-du-web-mondial-se-fige\\\/387797\\\/\"},\"author\":{\"name\":\"Mohamed Hedi Touati\",\"@id\":\"https:\\\/\\\/www.webdo.tn\\\/fr\\\/#\\\/schema\\\/person\\\/c652cd8fc2b1b44412b5ffb48c5a911d\"},\"headline\":\"Panne g\u00e9ante sur Internet : Cloudflare vacille et une partie du web mondial se fige\",\"datePublished\":\"2025-11-18T14:46:21+00:00\",\"dateModified\":\"2026-03-31T12:53:23+00:00\",\"mainEntityOfPage\":{\"@id\":\"https:\\\/\\\/www.webdo.tn\\\/fr\\\/actualite\\\/international\\\/panne-geante-sur-internet-cloudflare-vacille-et-une-partie-du-web-mondial-se-fige\\\/387797\\\/\"},\"wordCount\":382,\"publisher\":{\"@id\":\"https:\\\/\\\/www.webdo.tn\\\/fr\\\/#organization\"},\"image\":{\"@id\":\"https:\\\/\\\/www.webdo.tn\\\/fr\\\/actualite\\\/international\\\/panne-geante-sur-internet-cloudflare-vacille-et-une-partie-du-web-mondial-se-fige\\\/387797\\\/#primaryimage\"},\"thumbnailUrl\":\"https:\\\/\\\/www.webdo.tn\\\/fr\\\/wp-content\\\/uploads\\\/2025\\\/11\\\/Capture-decran-2025-11-18-145219.png\",\"keywords\":[\"cloudfare\",\"Internet\",\"panne mondiale\"],\"articleSection\":[\"International\"],\"inLanguage\":\"fr-FR\"},{\"@type\":\"WebPage\",\"@id\":\"https:\\\/\\\/www.webdo.tn\\\/fr\\\/actualite\\\/international\\\/panne-geante-sur-internet-cloudflare-vacille-et-une-partie-du-web-mondial-se-fige\\\/387797\\\/\",\"url\":\"https:\\\/\\\/www.webdo.tn\\\/fr\\\/actualite\\\/international\\\/panne-geante-sur-internet-cloudflare-vacille-et-une-partie-du-web-mondial-se-fige\\\/387797\\\/\",\"name\":\"Panne g\u00e9ante sur Internet : Cloudflare vacille et une partie du web mondial se fige - webdo\",\"isPartOf\":{\"@id\":\"https:\\\/\\\/www.webdo.tn\\\/fr\\\/#website\"},\"primaryImageOfPage\":{\"@id\":\"https:\\\/\\\/www.webdo.tn\\\/fr\\\/actualite\\\/international\\\/panne-geante-sur-internet-cloudflare-vacille-et-une-partie-du-web-mondial-se-fige\\\/387797\\\/#primaryimage\"},\"image\":{\"@id\":\"https:\\\/\\\/www.webdo.tn\\\/fr\\\/actualite\\\/international\\\/panne-geante-sur-internet-cloudflare-vacille-et-une-partie-du-web-mondial-se-fige\\\/387797\\\/#primaryimage\"},\"thumbnailUrl\":\"https:\\\/\\\/www.webdo.tn\\\/fr\\\/wp-content\\\/uploads\\\/2025\\\/11\\\/Capture-decran-2025-11-18-145219.png\",\"datePublished\":\"2025-11-18T14:46:21+00:00\",\"dateModified\":\"2026-03-31T12:53:23+00:00\",\"description\":\"Cloudflare fait face \u00e0 une panne \u00e9norme, rendant de nombreux services inaccessibles. Informez-vous sur cette d\u00e9faillance sur Internet.\",\"breadcrumb\":{\"@id\":\"https:\\\/\\\/www.webdo.tn\\\/fr\\\/actualite\\\/international\\\/panne-geante-sur-internet-cloudflare-vacille-et-une-partie-du-web-mondial-se-fige\\\/387797\\\/#breadcrumb\"},\"inLanguage\":\"fr-FR\",\"potentialAction\":[{\"@type\":\"ReadAction\",\"target\":[\"https:\\\/\\\/www.webdo.tn\\\/fr\\\/actualite\\\/international\\\/panne-geante-sur-internet-cloudflare-vacille-et-une-partie-du-web-mondial-se-fige\\\/387797\\\/\"]}]},{\"@type\":\"ImageObject\",\"inLanguage\":\"fr-FR\",\"@id\":\"https:\\\/\\\/www.webdo.tn\\\/fr\\\/actualite\\\/international\\\/panne-geante-sur-internet-cloudflare-vacille-et-une-partie-du-web-mondial-se-fige\\\/387797\\\/#primaryimage\",\"url\":\"https:\\\/\\\/www.webdo.tn\\\/fr\\\/wp-content\\\/uploads\\\/2025\\\/11\\\/Capture-decran-2025-11-18-145219.png\",\"contentUrl\":\"https:\\\/\\\/www.webdo.tn\\\/fr\\\/wp-content\\\/uploads\\\/2025\\\/11\\\/Capture-decran-2025-11-18-145219.png\",\"width\":1200,\"height\":602,\"caption\":\"Panne g\u00e9ante sur Internet : Cloudflare vacille et une partie du web mondial se fige\"},{\"@type\":\"BreadcrumbList\",\"@id\":\"https:\\\/\\\/www.webdo.tn\\\/fr\\\/actualite\\\/international\\\/panne-geante-sur-internet-cloudflare-vacille-et-une-partie-du-web-mondial-se-fige\\\/387797\\\/#breadcrumb\",\"itemListElement\":[{\"@type\":\"ListItem\",\"position\":1,\"name\":\"Accueil\",\"item\":\"https:\\\/\\\/www.webdo.tn\\\/fr\\\/\"},{\"@type\":\"ListItem\",\"position\":2,\"name\":\"Panne g\u00e9ante sur Internet : Cloudflare vacille et une partie du web mondial se fige\"}]},{\"@type\":\"WebSite\",\"@id\":\"https:\\\/\\\/www.webdo.tn\\\/fr\\\/#website\",\"url\":\"https:\\\/\\\/www.webdo.tn\\\/fr\\\/\",\"name\":\"webdo\",\"description\":\"Tunisie - News en Tunisie et \u00e0 l&#039;international sur Webdo.tn\",\"publisher\":{\"@id\":\"https:\\\/\\\/www.webdo.tn\\\/fr\\\/#organization\"},\"potentialAction\":[{\"@type\":\"SearchAction\",\"target\":{\"@type\":\"EntryPoint\",\"urlTemplate\":\"https:\\\/\\\/www.webdo.tn\\\/fr\\\/?s={search_term_string}\"},\"query-input\":{\"@type\":\"PropertyValueSpecification\",\"valueRequired\":true,\"valueName\":\"search_term_string\"}}],\"inLanguage\":\"fr-FR\"},{\"@type\":\"Organization\",\"@id\":\"https:\\\/\\\/www.webdo.tn\\\/fr\\\/#organization\",\"name\":\"Webdo\",\"alternateName\":\"Webdo.tn\",\"url\":\"https:\\\/\\\/www.webdo.tn\\\/fr\\\/\",\"logo\":{\"@type\":\"ImageObject\",\"inLanguage\":\"fr-FR\",\"@id\":\"https:\\\/\\\/www.webdo.tn\\\/fr\\\/#\\\/schema\\\/logo\\\/image\\\/\",\"url\":\"https:\\\/\\\/www.webdo.tn\\\/fr\\\/wp-content\\\/uploads\\\/2025\\\/06\\\/Webdo-Tunisie_168377.jpg\",\"contentUrl\":\"https:\\\/\\\/www.webdo.tn\\\/fr\\\/wp-content\\\/uploads\\\/2025\\\/06\\\/Webdo-Tunisie_168377.jpg\",\"width\":301,\"height\":301,\"caption\":\"Webdo\"},\"image\":{\"@id\":\"https:\\\/\\\/www.webdo.tn\\\/fr\\\/#\\\/schema\\\/logo\\\/image\\\/\"},\"sameAs\":[\"https:\\\/\\\/www.facebook.com\\\/webdotn\",\"https:\\\/\\\/x.com\\\/webdo_tn\"],\"description\":\"Webdo est un m\u00e9dia num\u00e9rique tunisien fond\u00e9 en 2010, sp\u00e9cialis\u00e9 dans l\u2019actualit\u00e9 nationale et internationale, l\u2019\u00e9conomie, la soci\u00e9t\u00e9 et les analyses politiques. Le site s\u2019adresse \u00e0 un large public francophone et couvre l\u2019information tunisienne en temps r\u00e9el.\",\"email\":\"redac@webdo.tn\",\"legalName\":\"YNJ SARL\",\"foundingDate\":\"2010-09-06\",\"numberOfEmployees\":{\"@type\":\"QuantitativeValue\",\"minValue\":\"11\",\"maxValue\":\"50\"}},{\"@type\":\"Person\",\"@id\":\"https:\\\/\\\/www.webdo.tn\\\/fr\\\/#\\\/schema\\\/person\\\/c652cd8fc2b1b44412b5ffb48c5a911d\",\"name\":\"Mohamed Hedi Touati\",\"image\":{\"@type\":\"ImageObject\",\"inLanguage\":\"fr-FR\",\"@id\":\"https:\\\/\\\/secure.gravatar.com\\\/avatar\\\/9cfd402c745b7a685f13eed0ea6e59d2144a3c2fc50a3db6fd5ed451f6cddf1a?s=96&d=mm&r=g\",\"url\":\"https:\\\/\\\/secure.gravatar.com\\\/avatar\\\/9cfd402c745b7a685f13eed0ea6e59d2144a3c2fc50a3db6fd5ed451f6cddf1a?s=96&d=mm&r=g\",\"contentUrl\":\"https:\\\/\\\/secure.gravatar.com\\\/avatar\\\/9cfd402c745b7a685f13eed0ea6e59d2144a3c2fc50a3db6fd5ed451f6cddf1a?s=96&d=mm&r=g\",\"caption\":\"Mohamed Hedi Touati\"},\"url\":\"https:\\\/\\\/www.webdo.tn\\\/fr\\\/actualite\\\/author\\\/mohamed-hedi-touati\\\/\"}]}<\/script>\n<!-- \/ Yoast SEO Premium plugin. -->","yoast_head_json":{"title":"Panne g\u00e9ante sur Internet : Cloudflare vacille et une partie du web mondial se fige - webdo","description":"Cloudflare fait face \u00e0 une panne \u00e9norme, rendant de nombreux services inaccessibles. Informez-vous sur cette d\u00e9faillance sur Internet.","canonical":"https:\/\/www.webdo.tn\/fr\/actualite\/international\/panne-geante-sur-internet-cloudflare-vacille-et-une-partie-du-web-mondial-se-fige\/387797\/","og_locale":"fr_FR","og_type":"article","og_title":"Panne g\u00e9ante sur Internet : Cloudflare vacille et une partie du web mondial se fige","og_description":"Cloudflare fait face \u00e0 une panne \u00e9norme, rendant de nombreux services inaccessibles. Informez-vous sur cette d\u00e9faillance sur Internet.","og_url":"https:\/\/www.webdo.tn\/fr\/actualite\/international\/panne-geante-sur-internet-cloudflare-vacille-et-une-partie-du-web-mondial-se-fige\/387797\/","og_site_name":"webdo","article_publisher":"https:\/\/www.facebook.com\/webdotn","article_published_time":"2025-11-18T14:46:21+00:00","article_modified_time":"2026-03-31T12:53:23+00:00","og_image":[{"width":1200,"height":602,"url":"https:\/\/www.webdo.tn\/fr\/wp-content\/uploads\/2025\/11\/Capture-decran-2025-11-18-145219.png","type":"image\/png"}],"author":"Mohamed Hedi Touati","twitter_card":"summary_large_image","twitter_creator":"@webdo_tn","twitter_site":"@webdo_tn","twitter_misc":{"\u00c9crit par":"Mohamed Hedi Touati","Dur\u00e9e de lecture estim\u00e9e":"2 minutes"},"schema":{"@context":"https:\/\/schema.org","@graph":[{"@type":"NewsArticle","@id":"https:\/\/www.webdo.tn\/fr\/actualite\/international\/panne-geante-sur-internet-cloudflare-vacille-et-une-partie-du-web-mondial-se-fige\/387797\/#article","isPartOf":{"@id":"https:\/\/www.webdo.tn\/fr\/actualite\/international\/panne-geante-sur-internet-cloudflare-vacille-et-une-partie-du-web-mondial-se-fige\/387797\/"},"author":{"name":"Mohamed Hedi Touati","@id":"https:\/\/www.webdo.tn\/fr\/#\/schema\/person\/c652cd8fc2b1b44412b5ffb48c5a911d"},"headline":"Panne g\u00e9ante sur Internet : Cloudflare vacille et une partie du web mondial se fige","datePublished":"2025-11-18T14:46:21+00:00","dateModified":"2026-03-31T12:53:23+00:00","mainEntityOfPage":{"@id":"https:\/\/www.webdo.tn\/fr\/actualite\/international\/panne-geante-sur-internet-cloudflare-vacille-et-une-partie-du-web-mondial-se-fige\/387797\/"},"wordCount":382,"publisher":{"@id":"https:\/\/www.webdo.tn\/fr\/#organization"},"image":{"@id":"https:\/\/www.webdo.tn\/fr\/actualite\/international\/panne-geante-sur-internet-cloudflare-vacille-et-une-partie-du-web-mondial-se-fige\/387797\/#primaryimage"},"thumbnailUrl":"https:\/\/www.webdo.tn\/fr\/wp-content\/uploads\/2025\/11\/Capture-decran-2025-11-18-145219.png","keywords":["cloudfare","Internet","panne mondiale"],"articleSection":["International"],"inLanguage":"fr-FR"},{"@type":"WebPage","@id":"https:\/\/www.webdo.tn\/fr\/actualite\/international\/panne-geante-sur-internet-cloudflare-vacille-et-une-partie-du-web-mondial-se-fige\/387797\/","url":"https:\/\/www.webdo.tn\/fr\/actualite\/international\/panne-geante-sur-internet-cloudflare-vacille-et-une-partie-du-web-mondial-se-fige\/387797\/","name":"Panne g\u00e9ante sur Internet : Cloudflare vacille et une partie du web mondial se fige - webdo","isPartOf":{"@id":"https:\/\/www.webdo.tn\/fr\/#website"},"primaryImageOfPage":{"@id":"https:\/\/www.webdo.tn\/fr\/actualite\/international\/panne-geante-sur-internet-cloudflare-vacille-et-une-partie-du-web-mondial-se-fige\/387797\/#primaryimage"},"image":{"@id":"https:\/\/www.webdo.tn\/fr\/actualite\/international\/panne-geante-sur-internet-cloudflare-vacille-et-une-partie-du-web-mondial-se-fige\/387797\/#primaryimage"},"thumbnailUrl":"https:\/\/www.webdo.tn\/fr\/wp-content\/uploads\/2025\/11\/Capture-decran-2025-11-18-145219.png","datePublished":"2025-11-18T14:46:21+00:00","dateModified":"2026-03-31T12:53:23+00:00","description":"Cloudflare fait face \u00e0 une panne \u00e9norme, rendant de nombreux services inaccessibles. Informez-vous sur cette d\u00e9faillance sur Internet.","breadcrumb":{"@id":"https:\/\/www.webdo.tn\/fr\/actualite\/international\/panne-geante-sur-internet-cloudflare-vacille-et-une-partie-du-web-mondial-se-fige\/387797\/#breadcrumb"},"inLanguage":"fr-FR","potentialAction":[{"@type":"ReadAction","target":["https:\/\/www.webdo.tn\/fr\/actualite\/international\/panne-geante-sur-internet-cloudflare-vacille-et-une-partie-du-web-mondial-se-fige\/387797\/"]}]},{"@type":"ImageObject","inLanguage":"fr-FR","@id":"https:\/\/www.webdo.tn\/fr\/actualite\/international\/panne-geante-sur-internet-cloudflare-vacille-et-une-partie-du-web-mondial-se-fige\/387797\/#primaryimage","url":"https:\/\/www.webdo.tn\/fr\/wp-content\/uploads\/2025\/11\/Capture-decran-2025-11-18-145219.png","contentUrl":"https:\/\/www.webdo.tn\/fr\/wp-content\/uploads\/2025\/11\/Capture-decran-2025-11-18-145219.png","width":1200,"height":602,"caption":"Panne g\u00e9ante sur Internet : Cloudflare vacille et une partie du web mondial se fige"},{"@type":"BreadcrumbList","@id":"https:\/\/www.webdo.tn\/fr\/actualite\/international\/panne-geante-sur-internet-cloudflare-vacille-et-une-partie-du-web-mondial-se-fige\/387797\/#breadcrumb","itemListElement":[{"@type":"ListItem","position":1,"name":"Accueil","item":"https:\/\/www.webdo.tn\/fr\/"},{"@type":"ListItem","position":2,"name":"Panne g\u00e9ante sur Internet : Cloudflare vacille et une partie du web mondial se fige"}]},{"@type":"WebSite","@id":"https:\/\/www.webdo.tn\/fr\/#website","url":"https:\/\/www.webdo.tn\/fr\/","name":"webdo","description":"Tunisie - News en Tunisie et \u00e0 l&#039;international sur Webdo.tn","publisher":{"@id":"https:\/\/www.webdo.tn\/fr\/#organization"},"potentialAction":[{"@type":"SearchAction","target":{"@type":"EntryPoint","urlTemplate":"https:\/\/www.webdo.tn\/fr\/?s={search_term_string}"},"query-input":{"@type":"PropertyValueSpecification","valueRequired":true,"valueName":"search_term_string"}}],"inLanguage":"fr-FR"},{"@type":"Organization","@id":"https:\/\/www.webdo.tn\/fr\/#organization","name":"Webdo","alternateName":"Webdo.tn","url":"https:\/\/www.webdo.tn\/fr\/","logo":{"@type":"ImageObject","inLanguage":"fr-FR","@id":"https:\/\/www.webdo.tn\/fr\/#\/schema\/logo\/image\/","url":"https:\/\/www.webdo.tn\/fr\/wp-content\/uploads\/2025\/06\/Webdo-Tunisie_168377.jpg","contentUrl":"https:\/\/www.webdo.tn\/fr\/wp-content\/uploads\/2025\/06\/Webdo-Tunisie_168377.jpg","width":301,"height":301,"caption":"Webdo"},"image":{"@id":"https:\/\/www.webdo.tn\/fr\/#\/schema\/logo\/image\/"},"sameAs":["https:\/\/www.facebook.com\/webdotn","https:\/\/x.com\/webdo_tn"],"description":"Webdo est un m\u00e9dia num\u00e9rique tunisien fond\u00e9 en 2010, sp\u00e9cialis\u00e9 dans l\u2019actualit\u00e9 nationale et internationale, l\u2019\u00e9conomie, la soci\u00e9t\u00e9 et les analyses politiques. Le site s\u2019adresse \u00e0 un large public francophone et couvre l\u2019information tunisienne en temps r\u00e9el.","email":"redac@webdo.tn","legalName":"YNJ SARL","foundingDate":"2010-09-06","numberOfEmployees":{"@type":"QuantitativeValue","minValue":"11","maxValue":"50"}},{"@type":"Person","@id":"https:\/\/www.webdo.tn\/fr\/#\/schema\/person\/c652cd8fc2b1b44412b5ffb48c5a911d","name":"Mohamed Hedi Touati","image":{"@type":"ImageObject","inLanguage":"fr-FR","@id":"https:\/\/secure.gravatar.com\/avatar\/9cfd402c745b7a685f13eed0ea6e59d2144a3c2fc50a3db6fd5ed451f6cddf1a?s=96&d=mm&r=g","url":"https:\/\/secure.gravatar.com\/avatar\/9cfd402c745b7a685f13eed0ea6e59d2144a3c2fc50a3db6fd5ed451f6cddf1a?s=96&d=mm&r=g","contentUrl":"https:\/\/secure.gravatar.com\/avatar\/9cfd402c745b7a685f13eed0ea6e59d2144a3c2fc50a3db6fd5ed451f6cddf1a?s=96&d=mm&r=g","caption":"Mohamed Hedi Touati"},"url":"https:\/\/www.webdo.tn\/fr\/actualite\/author\/mohamed-hedi-touati\/"}]}},"_links":{"self":[{"href":"https:\/\/www.webdo.tn\/fr\/wp-json\/wp\/v2\/posts\/387797","targetHints":{"allow":["GET"]}}],"collection":[{"href":"https:\/\/www.webdo.tn\/fr\/wp-json\/wp\/v2\/posts"}],"about":[{"href":"https:\/\/www.webdo.tn\/fr\/wp-json\/wp\/v2\/types\/post"}],"author":[{"embeddable":true,"href":"https:\/\/www.webdo.tn\/fr\/wp-json\/wp\/v2\/users\/3191"}],"replies":[{"embeddable":true,"href":"https:\/\/www.webdo.tn\/fr\/wp-json\/wp\/v2\/comments?post=387797"}],"version-history":[{"count":0,"href":"https:\/\/www.webdo.tn\/fr\/wp-json\/wp\/v2\/posts\/387797\/revisions"}],"wp:featuredmedia":[{"embeddable":true,"href":"https:\/\/www.webdo.tn\/fr\/wp-json\/wp\/v2\/media\/387798"}],"wp:attachment":[{"href":"https:\/\/www.webdo.tn\/fr\/wp-json\/wp\/v2\/media?parent=387797"}],"wp:term":[{"taxonomy":"category","embeddable":true,"href":"https:\/\/www.webdo.tn\/fr\/wp-json\/wp\/v2\/categories?post=387797"},{"taxonomy":"post_tag","embeddable":true,"href":"https:\/\/www.webdo.tn\/fr\/wp-json\/wp\/v2\/tags?post=387797"}],"curies":[{"name":"wp","href":"https:\/\/api.w.org\/{rel}","templated":true}]}}