{"id":387595,"date":"2025-11-14T11:24:36","date_gmt":"2025-11-14T10:24:36","guid":{"rendered":"https:\/\/www.webdo.tn\/fr\/?p=387595"},"modified":"2025-11-14T11:24:45","modified_gmt":"2025-11-14T10:24:45","slug":"ciff-2025-preserver-et-transmettre-le-patrimoine-cinematographique-arabe","status":"publish","type":"post","link":"https:\/\/www.webdo.tn\/fr\/actualite\/culture\/ciff-2025-preserver-et-transmettre-le-patrimoine-cinematographique-arabe\/387595\/","title":{"rendered":"CIFF 2025 \u2013 Pr\u00e9server et transmettre le patrimoine cin\u00e9matographique arabe"},"content":{"rendered":"\n<p><\/p>\n\n\n\n<p>Lors de la 46\u1d49 \u00e9dition du Festival international du film du Caire (CIFF), qui se d\u00e9roule du 12 au 21 novembre 2025, un panel organis\u00e9 en partenariat avec Coventry University s\u2019est pench\u00e9 sur une question essentielle : comment restaurer et pr\u00e9server le patrimoine visuel du cin\u00e9ma arabe ?<\/p>\n\n\n\n<p>Intitul\u00e9 <em>\u00ab <\/em><strong>Restaurer le patrimoine visuel du cin\u00e9ma arabe<\/strong><em> \u00bb<\/em>, ce rendez-vous a r\u00e9uni des acteurs essentiels du champ de la pr\u00e9servation : Hussein Fahmy, Tamer El Said, Ossen El Sawaf et Stefanie Schulte Strathaus, sous la mod\u00e9ration de Maggie Morgan. Durant pr\u00e8s d\u2019une heure et demie, les intervenants ont explor\u00e9 le travail de restauration comme un acte artistique, un devoir moral, un effort collectif, mais aussi un travail de pr\u00e9servation et de m\u00e9moire. De leurs \u00e9changes s\u2019est d\u00e9gag\u00e9e une vision nuanc\u00e9e, parfois complexe, mais toujours passionn\u00e9e de ce que signifie sauver l\u2019image arabe.<\/p>\n\n\n\n<p>D\u00e8s l\u2019ouverture, Hussein Fahmy prend la parole pour saluer les participants et remercier son \u00e9quipe. Il rend hommage au travail accompli et situe le contexte : <a href=\"https:\/\/www.webdo.tn\/fr\/actualite\/culture\/cairo-classics-2025-quand-la-memoire-du-cinema-devient-un-acte-de-resistance-culturelle\/386132\/\">le CIFF pr\u00e9sente cette ann\u00e9e dix nouveaux films restaur\u00e9s, qui s\u2019ajoutent aux dix programm\u00e9s l\u2019an pass\u00e9 et qui sont de nouveau propos\u00e9s cette ann\u00e9e, tant ils avaient remport\u00e9 un grand succ\u00e8s aupr\u00e8s du public lors de la 45\u1d49 \u00e9dition<\/a>. Vingt films en deux \u00e9ditions, une progression assum\u00e9e. Mais derri\u00e8re ces chiffres se cache une r\u00e9alit\u00e9 bien plus dense : l\u2019institution dont il fait partie poss\u00e8de environ 1 400 films n\u00e9cessitant une restauration. \u00ab<em> C\u2019est un vrai tr\u00e9sor <\/em>\u00bb, dit-il, conscient de la responsabilit\u00e9 immense qui repose sur ses \u00e9paules.<\/p>\n\n\n\n<p>Choisir les films \u00e0 restaurer rel\u00e8ve d\u2019un v\u00e9ritable casse-t\u00eate. Les priorit\u00e9s sont fix\u00e9es en fonction de l\u2019importance artistique des \u0153uvres et de leurs auteurs : il cite par exemple Hassan Limam, dont les films doivent \u00eatre restaur\u00e9s en priorit\u00e9. La restauration devient alors un acte de s\u00e9lection, mais aussi un devoir de transmission. Il rappelle que, pendant longtemps, pr\u00e9server un film \u00e9tait extr\u00eamement complexe : les n\u00e9gatifs \u00e9taient dispers\u00e9s dans de multiples bo\u00eetes, n\u00e9cessitant des conditions de conservation strictes, notamment le froid. La num\u00e9risation permet aujourd\u2019hui une stabilisation durable, tout en ouvrant la voie \u00e0 une diffusion plus large, notamment gr\u00e2ce aux sous-titres en anglais d\u00e9sormais int\u00e9gr\u00e9s aux copies restaur\u00e9es.<\/p>\n\n\n\n<p>Mais il insiste sur un point souvent mal compris : \u00ab <em>Restaurer ne veut pas dire simplement r\u00e9parer des d\u00e9fauts et des imperfections.<\/em> \u00bb La restauration est un processus bien plus profond, qui interroge le sens m\u00eame du film.<\/p>\n\n\n\n<p>Cette r\u00e9flexion est reprise et largement d\u00e9velopp\u00e9e par Tamer El Said, fondateur de la cin\u00e9math\u00e8que du Caire en 2012. Son institution, situ\u00e9e en plein centre-ville, travaille depuis plus d\u2019une d\u00e9cennie \u00e0 pr\u00e9server les archives du cin\u00e9ma \u00e9gyptien, \u00e0 les restaurer, \u00e0 les num\u00e9riser et \u00e0 leur offrir une nouvelle vie. Pour lui, la question \u00ab <em>Pourquoi restaurer ?<\/em> \u00bb m\u00e9rite d\u2019\u00eatre pos\u00e9e. L\u2019\u00c9gypte poss\u00e8de des archives \u00e9normes sur le plan cin\u00e9matographique, et il consid\u00e8re essentiel de les rendre accessibles, de cr\u00e9er de nouveaux d\u00e9bats, d\u2019offrir aux jeunes cin\u00e9astes la possibilit\u00e9 de se nourrir de ce patrimoine. Pendant trop longtemps, dit-il, la restauration se faisait chez les Occidentaux. D\u2019o\u00f9 l\u2019importance cruciale de ramener ce savoir-faire dans la r\u00e9gion, de \u00ab <em>se r\u00e9approprier notre patrimoine<\/em> \u00bb.<\/p>\n\n\n\n<p>Dans son laboratoire, Tamer utilise un appareil capable de scanner tous les formats, en pr\u00e9servant le support original sans l\u2019endommager. Sa structure poss\u00e8de aussi un appareil de colorisation, un atelier pour d\u00e9velopper les films analogiques, et proc\u00e8der ensuite \u00e0 la num\u00e9risation afin de conserver chaque film sous deux formes : analogique et num\u00e9rique. Gr\u00e2ce \u00e0 cette ma\u00eetrise technique, mais aussi \u00e0 un r\u00e9seau international solide, son \u00e9quipe peut retrouver \u00e0 l\u2019\u00e9tranger des copies disparues d\u2019\u00c9gypte. Les collaborations universitaires int\u00e8grent \u00e9galement un volet de formation permanent.<\/p>\n\n\n\n<p>Pour lui, restaurer exige de suivre des r\u00e8gles \u00e9thiques pr\u00e9cises : m\u00eame si la technologie permet aujourd\u2019hui d\u2019obtenir une qualit\u00e9 exceptionnelle, voire de coloriser des films anciens, il refuse toute intervention qui modifierait la nature m\u00eame de l\u2019\u0153uvre. \u00ab <em>Un film de 1958 doit correspondre \u00e0 son \u00e9poque<\/em> \u00bb, affirme-t-il. Sans sources de recherche, une restauration peut facilement trahir un film. Il cite un exemple frappant : en consultant les archives de Hussein Sharif, ils d\u00e9couvrent que pour un de ses films, il avait d\u00e9cid\u00e9 que chaque sc\u00e8ne devait avoir une couleur diff\u00e9rente. Sans ce document, lors de la restauration, ils auraient pu uniformiser les teintes, \u00e0 l\u2019encontre de la volont\u00e9 du cin\u00e9aste, et produire ainsi une \u0153uvre diff\u00e9rente de celle voulue par son r\u00e9alisateur.<\/p>\n\n\n\n<p>Cette exigence traverse le programme <em>Remastered<\/em>, un cycle de quatre mois durant lequel neuf mentors ont form\u00e9 huit restaurateurs d\u2019image et huit restaurateurs de son. Les participants n\u2019ont pas seulement appris les outils techniques : ils ont travaill\u00e9 \u00e0 comprendre ce que les cin\u00e9astes voulaient dire, \u00e0 analyser les dommages sur les pellicules, \u00e0 manipuler les supports originaux avec discernement. La venue d\u2019une sp\u00e9cialiste de Bologne \u2014 l\u2019un des plus importants centres de restauration de film au monde \u2014 a marqu\u00e9 un moment fort, d\u2019autant plus qu\u2019elle avait travaill\u00e9 sur <em>La Momie<\/em> de Shadi Abdel Salem.<\/p>\n\n\n\n<p>\u00c0 l\u2019issue de cette formation, un partenariat avec Misr International a permis la restauration de quatre films de Youssef Chahine. Trois d\u2019entre eux avaient \u00e9t\u00e9 restaur\u00e9s auparavant, mais d\u2019une mani\u00e8re qui ne respectait pas les exigences techniques et esth\u00e9tiques n\u00e9cessaires \u00e0 la fid\u00e9lit\u00e9 des \u0153uvres. Leur travail vise donc \u00e0 reprendre int\u00e9gralement ces restaurations pour en restituer l\u2019int\u00e9grit\u00e9, tout en restaurant \u00e9galement un quatri\u00e8me film. Parall\u00e8lement, d\u2019autres projets avancent : des films l\u00e9gendaires arabes, notamment syriens et soudanais.<\/p>\n\n\n\n<p><\/p>\n\n\n<div class=\"wp-block-image\">\n<figure class=\"aligncenter size-large\"><img decoding=\"async\" width=\"1024\" height=\"576\" src=\"https:\/\/www.webdo.tn\/fr\/wp-content\/uploads\/2025\/11\/CIFF-2025-Panel-Restauration-1-1024x576.jpg\" alt=\"CIFF 2025 Panel Restauration \" class=\"wp-image-387596\" srcset=\"https:\/\/www.webdo.tn\/fr\/wp-content\/uploads\/2025\/11\/CIFF-2025-Panel-Restauration-1-1024x576.jpg 1024w, https:\/\/www.webdo.tn\/fr\/wp-content\/uploads\/2025\/11\/CIFF-2025-Panel-Restauration-1-300x169.jpg 300w, https:\/\/www.webdo.tn\/fr\/wp-content\/uploads\/2025\/11\/CIFF-2025-Panel-Restauration-1-768x432.jpg 768w, https:\/\/www.webdo.tn\/fr\/wp-content\/uploads\/2025\/11\/CIFF-2025-Panel-Restauration-1-1536x864.jpg 1536w, https:\/\/www.webdo.tn\/fr\/wp-content\/uploads\/2025\/11\/CIFF-2025-Panel-Restauration-1-750x422.jpg 750w, https:\/\/www.webdo.tn\/fr\/wp-content\/uploads\/2025\/11\/CIFF-2025-Panel-Restauration-1-1140x641.jpg 1140w, https:\/\/www.webdo.tn\/fr\/wp-content\/uploads\/2025\/11\/CIFF-2025-Panel-Restauration-1.jpg 2000w\" sizes=\"(max-width: 1024px) 100vw, 1024px\" \/><figcaption class=\"wp-element-caption\">CIFF 2025 &#8211; Hussein Fahmy et Tamer El Said<\/figcaption><\/figure>\n<\/div>\n\n\n<p><\/p>\n\n\n\n<p>\u00c0 ce stade de la discussion, la question de la collaboration internationale est pos\u00e9e : pourquoi est-elle si importante, et \u00e0 qui appartiennent ces films ? C\u2019est Stefanie Schulte Strathaus, de l\u2019Arsenal \u2013 Institut f\u00fcr Film und Videokunst e.V., qui prend la parole. Elle commence par interroger sa propre pr\u00e9sence dans un panel consacr\u00e9 au cin\u00e9ma arabe, avant de pr\u00e9senter le \u00ab <em>living archive<\/em> \u00bb qu\u2019elle dirige, fond\u00e9 en 1963. Les archives de l\u2019Arsenal rassemblent des films venus du monde entier : de l\u2019Est, de l\u2019Ouest, d\u2019Am\u00e9rique latine. Elle raconte comment, d\u00e8s la premi\u00e8re \u00e9dition du Festival de Berlin en 1971, l\u2019Arsenal sous-titrait les films en allemand pour les montrer dans l\u2019espace germanophone. Les copies, conserv\u00e9es au fil des d\u00e9cennies, ont fini par vieillir et repr\u00e9senter un v\u00e9ritable enjeu de pr\u00e9servation.<\/p>\n\n\n\n<p>Mais un obstacle apparaissait : les fonds disponibles \u00e9taient r\u00e9serv\u00e9s \u00e0 la restauration et \u00e0 la pr\u00e9servation des archives allemandes. La question des films internationaux restait donc sans r\u00e9ponse, jusqu\u2019au jour o\u00f9 une chercheuse indienne, incapable de retrouver un film dans son propre pays, finit par le d\u00e9couvrir chez eux. De l\u00e0 est n\u00e9e l\u2019id\u00e9e d\u2019ouvrir leurs collections, de permettre aux gens de venir rechercher leurs films. Ce geste a attir\u00e9 des financements, permis des restaurations communes et donn\u00e9 naissance \u00e0 une dynamique internationale de collaboration. \u00ab <em>La question n\u2019est pas de savoir qui poss\u00e8de le film, mais comment le pr\u00e9server ensemble<\/em> \u00bb, r\u00e9sume-t-elle.<\/p>\n\n\n\n<p>La r\u00e9flexion s\u2019approfondit encore lorsque Ossen El Sawaf, de l\u2019Association Jocelyne Saab, intervient. Fond\u00e9e en 2019, cette ONG s\u2019est donn\u00e9e pour mission de restaurer les films de la r\u00e9alisatrice, dont beaucoup \u00e9taient endommag\u00e9s. Il raconte une anecdote r\u00e9v\u00e9latrice : un technicien \u00e9tranger, tr\u00e8s fier de son travail sur la restauration sonore, finit par avouer qu\u2019il ne comprenait pas l\u2019arabe. Comment restaurer un son sans comprendre ce qu\u2019il porte ? Cette question ouvre tout un champ de r\u00e9flexion : restaurer ne consiste pas \u00e0 \u00ab nettoyer \u00bb une piste sonore, mais \u00e0 pr\u00e9server un h\u00e9ritage, des id\u00e9es, un langage.<\/p>\n\n\n\n<p>Il rappelle \u00e9galement l\u2019aspect financier : restaurer un film \u00e0 l\u2019\u00e9tranger est extr\u00eamement cher, parfois plus cher que la production du film lui-m\u00eame. Et surtout, envoyer les films hors du monde arabe signifie confier leur traitement \u00e0 des institutions qui, m\u00eame bien intentionn\u00e9es, prennent des d\u00e9cisions selon leurs propres crit\u00e8res. Pour \u00e9viter cela, l\u2019association mise sur la recherche, l\u2019\u00e9tude des archives personnelles et la formation. Elle organise des workshops pour former de nouveaux restaurateurs, qui \u00e0 leur tour formeront d\u2019autres. Un workshop d\u00e9bute d\u2019ailleurs au sein m\u00eame de ce festival.<\/p>\n\n\n\n<p>L\u2019objectif est double : restaurer et diffuser. Ossen explique que les archives du film <em>Dunia <\/em>(2005), conserv\u00e9es \u00e0 la Cin\u00e9math\u00e8que fran\u00e7aise, \u00e9taient tellement ab\u00eem\u00e9es qu\u2019elles \u00e9taient inutilisables \u2014 preuve de l\u2019urgence de reprendre la main sur la restauration dans la r\u00e9gion. Une nouvelle structure ouvrira au Liban en 2026, avec un personnel form\u00e9 et d\u00e9di\u00e9. L\u2019association souhaite multiplier les workshops dans de nombreux pays arabes, afin d\u2019enraciner cette pratique dans un tissu culturel local. L\u2019Archive Circulation Initiative, autre entit\u00e9 que l\u2019association a fond\u00e9e, met en relation chercheurs, restaurateurs et institutions, documente les processus et aide les films restaur\u00e9s \u00e0 retrouver une visibilit\u00e9.<\/p>\n\n\n\n<p>C\u2019est alors qu\u2019une question pr\u00e9cise est pos\u00e9e \u00e0 Tamer El Said : comment se coordonne la restauration en \u00c9gypte, et les cin\u00e9astes arabes sont-ils impliqu\u00e9s ? Il rappelle l\u2019existence d\u2019une grande entraide, fond\u00e9e sur un r\u00e9seau solide d\u2019institutions, de mus\u00e9es du cin\u00e9ma, et de collaborations \u2014 notamment avec Misr International. Ce travail s\u2019articule aussi avec les initiatives du CIFF ou de l\u2019Association Jocelyne Saab. Mais il insiste : personne ne peut travailler seul. Rechercher les copies, comprendre l\u2019histoire d\u2019un film est un travail complexe, impliquant de multiples intervenants. Parfois, pour d\u00e9cider si une imperfection doit \u00eatre conserv\u00e9e ou supprim\u00e9e, il faut retrouver une copie \u00e0 l\u2019\u00e9tranger et la comparer avec la copie qu\u2019on a, pour d\u00e9terminer si ce \u00ab d\u00e9faut \u00bb appara\u00eet sur toutes les copies ou sur une seule, et s\u2019il s\u2019agit d\u2019un choix artistique. \u00ab <em>Cela n\u2019est possible que si nous connaissons la volont\u00e9 du cin\u00e9aste <\/em>\u00bb, dit-il.<\/p>\n\n\n\n<p>Enfin, la question est pos\u00e9e : existe-t-il un projet de coloriser les films en noir et blanc ? Hussein Fahmy r\u00e9pond cat\u00e9goriquement : non. Si un r\u00e9alisateur a choisi le noir et blanc, il faut respecter ce choix. \u00ab <em>C\u2019est notre devoir moral<\/em> \u00bb, affirme-t-il. Il reconna\u00eet que des exp\u00e9riences de colorisation ont eu lieu ailleurs, mais sans grand succ\u00e8s. En revanche, il souligne, au-del\u00e0 de la restauration, l\u2019importance essentielle de diffuser les films restaur\u00e9s, de les faire revivre aupr\u00e8s du public.<\/p>\n\n\n\n<p>Au terme du panel, une id\u00e9e domine : restaurer un film arabe n\u2019est pas seulement une op\u00e9ration technique. C\u2019est un processus qui exige de la recherche, de l\u2019\u00e9thique, du respect, une collaboration internationale, un savoir-faire local, et surtout une conscience aigu\u00eb de ce que repr\u00e9sente la m\u00e9moire cin\u00e9matographique. C\u2019est un geste de sauvegarde, mais aussi un geste de transmission. Et dans ce travail patient, multiple, exigeant, le patrimoine visuel du cin\u00e9ma arabe retrouve une vie nouvelle \u2014 et un avenir.<\/p>\n\n\n\n<p>Au-del\u00e0 de tout ce travail de restauration, une question demeure, presque urgente : que fera-t-on de cette m\u00e9moire si les jeunes g\u00e9n\u00e9rations ne s\u2019en emparent pas ? Les intervenants l\u2019ont rappel\u00e9 \u00e0 plusieurs reprises, parfois explicitement, parfois par la simple force de leurs t\u00e9moignages : restaurer ne suffit pas, encore faut-il regarder. Ces films, revenus d\u2019un long silence, ne demandent qu\u2019\u00e0 dialoguer avec un public nouveau, \u00e0 transmettre des formes, des id\u00e9es, des gestes de cin\u00e9ma que l\u2019on ne fabrique plus de la m\u00eame mani\u00e8re. La pr\u00e9servation n\u2019a de sens que si elle ouvre un passage, si elle pousse les jeunes cin\u00e9astes \u00e0 comprendre d\u2019o\u00f9 ils viennent pour imaginer o\u00f9 ils peuvent aller. Et peut-\u00eatre est-ce l\u00e0 l\u2019enjeu le plus essentiel : que ce patrimoine restaur\u00e9 devienne non seulement un h\u00e9ritage, mais aussi un point de d\u00e9part, une invitation \u00e0 apprendre, \u00e0 questionner, \u00e0 cr\u00e9er \u2014 et surtout \u00e0 aller voir ces films pour leur offrir une nouvelle vie.<\/p>\n\n\n\n<p><strong>Ne\u00efla Driss<\/strong><\/p>\n","protected":false},"excerpt":{"rendered":"<p>Lors de la 46\u1d49 \u00e9dition du Festival international du film du Caire (CIFF), qui se d\u00e9roule du 12 au 21 novembre 2025, un panel organis\u00e9 en partenariat avec Coventry University s\u2019est pench\u00e9 sur une question essentielle : comment restaurer et pr\u00e9server le patrimoine visuel du cin\u00e9ma arabe ? Intitul\u00e9 \u00ab Restaurer le patrimoine visuel du [&hellip;]<\/p>\n","protected":false},"author":3164,"featured_media":387597,"comment_status":"closed","ping_status":"closed","sticky":false,"template":"","format":"standard","meta":{"footnotes":""},"categories":[2594],"tags":[3257,12391,2626,2628,3255,8975],"class_list":["post-387595","post","type-post","status-publish","format-standard","has-post-thumbnail","hentry","category-culture","tag-ciff","tag-ciff-2025-2","tag-cinema","tag-festival","tag-festival-international-du-film-du-caire","tag-festival-international-du-film-du-caire-ciff"],"yoast_head":"<!-- This site is optimized with the Yoast SEO Premium plugin v27.5 (Yoast SEO v27.5) - https:\/\/yoast.com\/product\/yoast-seo-premium-wordpress\/ -->\n<title>CIFF 2025 \u2013 Pr\u00e9server et transmettre le patrimoine cin\u00e9matographique arabe - webdo<\/title>\n<meta name=\"description\" content=\"Au CIFF 2025, un panel interroge la restauration du patrimoine visuel du cin\u00e9ma arabe et sa transmission aux jeunes g\u00e9n\u00e9rations.\" \/>\n<link rel=\"canonical\" href=\"https:\/\/www.webdo.tn\/fr\/actualite\/culture\/ciff-2025-preserver-et-transmettre-le-patrimoine-cinematographique-arabe\/387595\/\" \/>\n<meta property=\"og:locale\" content=\"fr_FR\" \/>\n<meta property=\"og:type\" content=\"article\" \/>\n<meta property=\"og:title\" content=\"CIFF 2025 \u2013 Pr\u00e9server et transmettre le patrimoine cin\u00e9matographique arabe\" \/>\n<meta property=\"og:description\" content=\"Au CIFF 2025, un panel interroge la restauration du patrimoine visuel du cin\u00e9ma arabe et sa transmission aux jeunes g\u00e9n\u00e9rations.\" \/>\n<meta property=\"og:url\" content=\"https:\/\/www.webdo.tn\/fr\/actualite\/culture\/ciff-2025-preserver-et-transmettre-le-patrimoine-cinematographique-arabe\/387595\/\" \/>\n<meta property=\"og:site_name\" content=\"webdo\" \/>\n<meta property=\"article:publisher\" content=\"https:\/\/www.facebook.com\/webdotn\" \/>\n<meta property=\"article:author\" content=\"https:\/\/www.facebook.com\/massir.destiniii\/\" \/>\n<meta property=\"article:published_time\" content=\"2025-11-14T10:24:36+00:00\" \/>\n<meta property=\"article:modified_time\" content=\"2025-11-14T10:24:45+00:00\" \/>\n<meta property=\"og:image\" content=\"https:\/\/www.webdo.tn\/fr\/wp-content\/uploads\/2025\/11\/CIFF-2025-Panel-Restauration-.jpg\" \/>\n\t<meta property=\"og:image:width\" content=\"2000\" \/>\n\t<meta property=\"og:image:height\" content=\"1125\" \/>\n\t<meta property=\"og:image:type\" content=\"image\/jpeg\" \/>\n<meta name=\"author\" content=\"Ne\u00efla DRISS\" \/>\n<meta name=\"twitter:card\" content=\"summary_large_image\" \/>\n<meta name=\"twitter:creator\" content=\"@https:\/\/x.com\/MassirDestin\" \/>\n<meta name=\"twitter:site\" content=\"@webdo_tn\" \/>\n<meta name=\"twitter:label1\" content=\"\u00c9crit par\" \/>\n\t<meta name=\"twitter:data1\" content=\"Ne\u00efla DRISS\" \/>\n\t<meta name=\"twitter:label2\" content=\"Dur\u00e9e de lecture estim\u00e9e\" \/>\n\t<meta name=\"twitter:data2\" content=\"10 minutes\" \/>\n<script type=\"application\/ld+json\" class=\"yoast-schema-graph\">{\"@context\":\"https:\\\/\\\/schema.org\",\"@graph\":[{\"@type\":\"NewsArticle\",\"@id\":\"https:\\\/\\\/www.webdo.tn\\\/fr\\\/actualite\\\/culture\\\/ciff-2025-preserver-et-transmettre-le-patrimoine-cinematographique-arabe\\\/387595\\\/#article\",\"isPartOf\":{\"@id\":\"https:\\\/\\\/www.webdo.tn\\\/fr\\\/actualite\\\/culture\\\/ciff-2025-preserver-et-transmettre-le-patrimoine-cinematographique-arabe\\\/387595\\\/\"},\"author\":{\"name\":\"Ne\u00efla DRISS\",\"@id\":\"https:\\\/\\\/www.webdo.tn\\\/fr\\\/#\\\/schema\\\/person\\\/60d5ba619ed3f58783b0dc82b7dada80\"},\"headline\":\"CIFF 2025 \u2013 Pr\u00e9server et transmettre le patrimoine cin\u00e9matographique arabe\",\"datePublished\":\"2025-11-14T10:24:36+00:00\",\"dateModified\":\"2025-11-14T10:24:45+00:00\",\"mainEntityOfPage\":{\"@id\":\"https:\\\/\\\/www.webdo.tn\\\/fr\\\/actualite\\\/culture\\\/ciff-2025-preserver-et-transmettre-le-patrimoine-cinematographique-arabe\\\/387595\\\/\"},\"wordCount\":2111,\"publisher\":{\"@id\":\"https:\\\/\\\/www.webdo.tn\\\/fr\\\/#organization\"},\"image\":{\"@id\":\"https:\\\/\\\/www.webdo.tn\\\/fr\\\/actualite\\\/culture\\\/ciff-2025-preserver-et-transmettre-le-patrimoine-cinematographique-arabe\\\/387595\\\/#primaryimage\"},\"thumbnailUrl\":\"https:\\\/\\\/www.webdo.tn\\\/fr\\\/wp-content\\\/uploads\\\/2025\\\/11\\\/CIFF-2025-Panel-Restauration-.jpg\",\"keywords\":[\"CIFF\",\"CIFF 2025\",\"Cin\u00e9ma\",\"Festival\",\"Festival International du Film du Caire\",\"Festival International du Film du Caire (CIFF)\"],\"articleSection\":[\"Culture\"],\"inLanguage\":\"fr-FR\"},{\"@type\":\"WebPage\",\"@id\":\"https:\\\/\\\/www.webdo.tn\\\/fr\\\/actualite\\\/culture\\\/ciff-2025-preserver-et-transmettre-le-patrimoine-cinematographique-arabe\\\/387595\\\/\",\"url\":\"https:\\\/\\\/www.webdo.tn\\\/fr\\\/actualite\\\/culture\\\/ciff-2025-preserver-et-transmettre-le-patrimoine-cinematographique-arabe\\\/387595\\\/\",\"name\":\"CIFF 2025 \u2013 Pr\u00e9server et transmettre le patrimoine cin\u00e9matographique arabe - webdo\",\"isPartOf\":{\"@id\":\"https:\\\/\\\/www.webdo.tn\\\/fr\\\/#website\"},\"primaryImageOfPage\":{\"@id\":\"https:\\\/\\\/www.webdo.tn\\\/fr\\\/actualite\\\/culture\\\/ciff-2025-preserver-et-transmettre-le-patrimoine-cinematographique-arabe\\\/387595\\\/#primaryimage\"},\"image\":{\"@id\":\"https:\\\/\\\/www.webdo.tn\\\/fr\\\/actualite\\\/culture\\\/ciff-2025-preserver-et-transmettre-le-patrimoine-cinematographique-arabe\\\/387595\\\/#primaryimage\"},\"thumbnailUrl\":\"https:\\\/\\\/www.webdo.tn\\\/fr\\\/wp-content\\\/uploads\\\/2025\\\/11\\\/CIFF-2025-Panel-Restauration-.jpg\",\"datePublished\":\"2025-11-14T10:24:36+00:00\",\"dateModified\":\"2025-11-14T10:24:45+00:00\",\"description\":\"Au CIFF 2025, un panel interroge la restauration du patrimoine visuel du cin\u00e9ma arabe et sa transmission aux jeunes g\u00e9n\u00e9rations.\",\"breadcrumb\":{\"@id\":\"https:\\\/\\\/www.webdo.tn\\\/fr\\\/actualite\\\/culture\\\/ciff-2025-preserver-et-transmettre-le-patrimoine-cinematographique-arabe\\\/387595\\\/#breadcrumb\"},\"inLanguage\":\"fr-FR\",\"potentialAction\":[{\"@type\":\"ReadAction\",\"target\":[\"https:\\\/\\\/www.webdo.tn\\\/fr\\\/actualite\\\/culture\\\/ciff-2025-preserver-et-transmettre-le-patrimoine-cinematographique-arabe\\\/387595\\\/\"]}]},{\"@type\":\"ImageObject\",\"inLanguage\":\"fr-FR\",\"@id\":\"https:\\\/\\\/www.webdo.tn\\\/fr\\\/actualite\\\/culture\\\/ciff-2025-preserver-et-transmettre-le-patrimoine-cinematographique-arabe\\\/387595\\\/#primaryimage\",\"url\":\"https:\\\/\\\/www.webdo.tn\\\/fr\\\/wp-content\\\/uploads\\\/2025\\\/11\\\/CIFF-2025-Panel-Restauration-.jpg\",\"contentUrl\":\"https:\\\/\\\/www.webdo.tn\\\/fr\\\/wp-content\\\/uploads\\\/2025\\\/11\\\/CIFF-2025-Panel-Restauration-.jpg\",\"width\":2000,\"height\":1125,\"caption\":\"CIFF 2025 - \\\" Restaurer le patrimoine visuel du cin\u00e9ma arabe \\\"\"},{\"@type\":\"BreadcrumbList\",\"@id\":\"https:\\\/\\\/www.webdo.tn\\\/fr\\\/actualite\\\/culture\\\/ciff-2025-preserver-et-transmettre-le-patrimoine-cinematographique-arabe\\\/387595\\\/#breadcrumb\",\"itemListElement\":[{\"@type\":\"ListItem\",\"position\":1,\"name\":\"Accueil\",\"item\":\"https:\\\/\\\/www.webdo.tn\\\/fr\\\/\"},{\"@type\":\"ListItem\",\"position\":2,\"name\":\"CIFF 2025 \u2013 Pr\u00e9server et transmettre le patrimoine cin\u00e9matographique arabe\"}]},{\"@type\":\"WebSite\",\"@id\":\"https:\\\/\\\/www.webdo.tn\\\/fr\\\/#website\",\"url\":\"https:\\\/\\\/www.webdo.tn\\\/fr\\\/\",\"name\":\"webdo\",\"description\":\"Tunisie - News en Tunisie et \u00e0 l&#039;international sur Webdo.tn\",\"publisher\":{\"@id\":\"https:\\\/\\\/www.webdo.tn\\\/fr\\\/#organization\"},\"potentialAction\":[{\"@type\":\"SearchAction\",\"target\":{\"@type\":\"EntryPoint\",\"urlTemplate\":\"https:\\\/\\\/www.webdo.tn\\\/fr\\\/?s={search_term_string}\"},\"query-input\":{\"@type\":\"PropertyValueSpecification\",\"valueRequired\":true,\"valueName\":\"search_term_string\"}}],\"inLanguage\":\"fr-FR\"},{\"@type\":\"Organization\",\"@id\":\"https:\\\/\\\/www.webdo.tn\\\/fr\\\/#organization\",\"name\":\"Webdo\",\"alternateName\":\"Webdo.tn\",\"url\":\"https:\\\/\\\/www.webdo.tn\\\/fr\\\/\",\"logo\":{\"@type\":\"ImageObject\",\"inLanguage\":\"fr-FR\",\"@id\":\"https:\\\/\\\/www.webdo.tn\\\/fr\\\/#\\\/schema\\\/logo\\\/image\\\/\",\"url\":\"https:\\\/\\\/www.webdo.tn\\\/fr\\\/wp-content\\\/uploads\\\/2025\\\/06\\\/Webdo-Tunisie_168377.jpg\",\"contentUrl\":\"https:\\\/\\\/www.webdo.tn\\\/fr\\\/wp-content\\\/uploads\\\/2025\\\/06\\\/Webdo-Tunisie_168377.jpg\",\"width\":301,\"height\":301,\"caption\":\"Webdo\"},\"image\":{\"@id\":\"https:\\\/\\\/www.webdo.tn\\\/fr\\\/#\\\/schema\\\/logo\\\/image\\\/\"},\"sameAs\":[\"https:\\\/\\\/www.facebook.com\\\/webdotn\",\"https:\\\/\\\/x.com\\\/webdo_tn\"],\"description\":\"Webdo est un m\u00e9dia num\u00e9rique tunisien fond\u00e9 en 2010, sp\u00e9cialis\u00e9 dans l\u2019actualit\u00e9 nationale et internationale, l\u2019\u00e9conomie, la soci\u00e9t\u00e9 et les analyses politiques. Le site s\u2019adresse \u00e0 un large public francophone et couvre l\u2019information tunisienne en temps r\u00e9el.\",\"email\":\"redac@webdo.tn\",\"legalName\":\"YNJ SARL\",\"foundingDate\":\"2010-09-06\",\"numberOfEmployees\":{\"@type\":\"QuantitativeValue\",\"minValue\":\"11\",\"maxValue\":\"50\"}},{\"@type\":\"Person\",\"@id\":\"https:\\\/\\\/www.webdo.tn\\\/fr\\\/#\\\/schema\\\/person\\\/60d5ba619ed3f58783b0dc82b7dada80\",\"name\":\"Ne\u00efla DRISS\",\"image\":{\"@type\":\"ImageObject\",\"inLanguage\":\"fr-FR\",\"@id\":\"https:\\\/\\\/www.webdo.tn\\\/fr\\\/wp-content\\\/uploads\\\/2026\\\/04\\\/neila-driss_avatar-96x96.jpg\",\"url\":\"https:\\\/\\\/www.webdo.tn\\\/fr\\\/wp-content\\\/uploads\\\/2026\\\/04\\\/neila-driss_avatar-96x96.jpg\",\"contentUrl\":\"https:\\\/\\\/www.webdo.tn\\\/fr\\\/wp-content\\\/uploads\\\/2026\\\/04\\\/neila-driss_avatar-96x96.jpg\",\"caption\":\"Ne\u00efla DRISS\"},\"description\":\"Ne\u00efla Driss est juriste, journaliste culturelle et critique de cin\u00e9ma tunisienne. Titulaire d\u2019un DEA en droit priv\u00e9 de l\u2019Universit\u00e9 Paris II et d\u2019un DESS de l\u2019IHEC Carthage, elle d\u00e9bute sa carri\u00e8re comme juriste sp\u00e9cialis\u00e9e en gestion de patrimoine immobilier. Elle s\u2019oriente ensuite vers l\u2019\u00e9criture en ligne, o\u00f9 elle se distingue d\u00e8s 2006 aux Tunisia Blog Awards, avant de se consacrer au journalisme culturel, avec une sp\u00e9cialisation dans la critique cin\u00e9matographique. Elle couvre r\u00e9guli\u00e8rement les grands festivals internationaux, notamment le Festival de Cannes, les Journ\u00e9es Cin\u00e9matographiques de Carthage et le Festival du film du Caire. Membre de l\u2019ATPCC et de la FIPRESCI, elle participe \u00e0 des jurys et initiatives internationales de critique. Depuis 2024, elle est \u00e9lectrice internationale aux Golden Globes. Facebook : https:\\\/\\\/www.facebook.com\\\/massir.destiniii\\\/ X : https:\\\/\\\/x.com\\\/MassirDestin\",\"sameAs\":[\"https:\\\/\\\/www.facebook.com\\\/massir.destiniii\\\/\",\"https:\\\/\\\/www.instagram.com\\\/neila.driss\\\/?hl=fr\",\"https:\\\/\\\/www.linkedin.com\\\/in\\\/neila-driss-22606a80\\\/\",\"https:\\\/\\\/x.com\\\/https:\\\/\\\/x.com\\\/MassirDestin\"],\"knowsAbout\":[\"Cin\u00e9ma international\",\"critique cin\u00e9matographique\",\"festivals de cin\u00e9ma\",\"journalisme culturel\"],\"knowsLanguage\":[\"Fran\u00e7ais\",\"Arabe\",\"Anglais\"],\"jobTitle\":\"Journaliste culturelle et critique de cin\u00e9ma\",\"worksFor\":\"Webdo\",\"url\":\"https:\\\/\\\/www.webdo.tn\\\/fr\\\/actualite\\\/author\\\/neila-driss\\\/\"}]}<\/script>\n<!-- \/ Yoast SEO Premium plugin. -->","yoast_head_json":{"title":"CIFF 2025 \u2013 Pr\u00e9server et transmettre le patrimoine cin\u00e9matographique arabe - webdo","description":"Au CIFF 2025, un panel interroge la restauration du patrimoine visuel du cin\u00e9ma arabe et sa transmission aux jeunes g\u00e9n\u00e9rations.","canonical":"https:\/\/www.webdo.tn\/fr\/actualite\/culture\/ciff-2025-preserver-et-transmettre-le-patrimoine-cinematographique-arabe\/387595\/","og_locale":"fr_FR","og_type":"article","og_title":"CIFF 2025 \u2013 Pr\u00e9server et transmettre le patrimoine cin\u00e9matographique arabe","og_description":"Au CIFF 2025, un panel interroge la restauration du patrimoine visuel du cin\u00e9ma arabe et sa transmission aux jeunes g\u00e9n\u00e9rations.","og_url":"https:\/\/www.webdo.tn\/fr\/actualite\/culture\/ciff-2025-preserver-et-transmettre-le-patrimoine-cinematographique-arabe\/387595\/","og_site_name":"webdo","article_publisher":"https:\/\/www.facebook.com\/webdotn","article_author":"https:\/\/www.facebook.com\/massir.destiniii\/","article_published_time":"2025-11-14T10:24:36+00:00","article_modified_time":"2025-11-14T10:24:45+00:00","og_image":[{"width":2000,"height":1125,"url":"https:\/\/www.webdo.tn\/fr\/wp-content\/uploads\/2025\/11\/CIFF-2025-Panel-Restauration-.jpg","type":"image\/jpeg"}],"author":"Ne\u00efla DRISS","twitter_card":"summary_large_image","twitter_creator":"@https:\/\/x.com\/MassirDestin","twitter_site":"@webdo_tn","twitter_misc":{"\u00c9crit par":"Ne\u00efla DRISS","Dur\u00e9e de lecture estim\u00e9e":"10 minutes"},"schema":{"@context":"https:\/\/schema.org","@graph":[{"@type":"NewsArticle","@id":"https:\/\/www.webdo.tn\/fr\/actualite\/culture\/ciff-2025-preserver-et-transmettre-le-patrimoine-cinematographique-arabe\/387595\/#article","isPartOf":{"@id":"https:\/\/www.webdo.tn\/fr\/actualite\/culture\/ciff-2025-preserver-et-transmettre-le-patrimoine-cinematographique-arabe\/387595\/"},"author":{"name":"Ne\u00efla DRISS","@id":"https:\/\/www.webdo.tn\/fr\/#\/schema\/person\/60d5ba619ed3f58783b0dc82b7dada80"},"headline":"CIFF 2025 \u2013 Pr\u00e9server et transmettre le patrimoine cin\u00e9matographique arabe","datePublished":"2025-11-14T10:24:36+00:00","dateModified":"2025-11-14T10:24:45+00:00","mainEntityOfPage":{"@id":"https:\/\/www.webdo.tn\/fr\/actualite\/culture\/ciff-2025-preserver-et-transmettre-le-patrimoine-cinematographique-arabe\/387595\/"},"wordCount":2111,"publisher":{"@id":"https:\/\/www.webdo.tn\/fr\/#organization"},"image":{"@id":"https:\/\/www.webdo.tn\/fr\/actualite\/culture\/ciff-2025-preserver-et-transmettre-le-patrimoine-cinematographique-arabe\/387595\/#primaryimage"},"thumbnailUrl":"https:\/\/www.webdo.tn\/fr\/wp-content\/uploads\/2025\/11\/CIFF-2025-Panel-Restauration-.jpg","keywords":["CIFF","CIFF 2025","Cin\u00e9ma","Festival","Festival International du Film du Caire","Festival International du Film du Caire (CIFF)"],"articleSection":["Culture"],"inLanguage":"fr-FR"},{"@type":"WebPage","@id":"https:\/\/www.webdo.tn\/fr\/actualite\/culture\/ciff-2025-preserver-et-transmettre-le-patrimoine-cinematographique-arabe\/387595\/","url":"https:\/\/www.webdo.tn\/fr\/actualite\/culture\/ciff-2025-preserver-et-transmettre-le-patrimoine-cinematographique-arabe\/387595\/","name":"CIFF 2025 \u2013 Pr\u00e9server et transmettre le patrimoine cin\u00e9matographique arabe - webdo","isPartOf":{"@id":"https:\/\/www.webdo.tn\/fr\/#website"},"primaryImageOfPage":{"@id":"https:\/\/www.webdo.tn\/fr\/actualite\/culture\/ciff-2025-preserver-et-transmettre-le-patrimoine-cinematographique-arabe\/387595\/#primaryimage"},"image":{"@id":"https:\/\/www.webdo.tn\/fr\/actualite\/culture\/ciff-2025-preserver-et-transmettre-le-patrimoine-cinematographique-arabe\/387595\/#primaryimage"},"thumbnailUrl":"https:\/\/www.webdo.tn\/fr\/wp-content\/uploads\/2025\/11\/CIFF-2025-Panel-Restauration-.jpg","datePublished":"2025-11-14T10:24:36+00:00","dateModified":"2025-11-14T10:24:45+00:00","description":"Au CIFF 2025, un panel interroge la restauration du patrimoine visuel du cin\u00e9ma arabe et sa transmission aux jeunes g\u00e9n\u00e9rations.","breadcrumb":{"@id":"https:\/\/www.webdo.tn\/fr\/actualite\/culture\/ciff-2025-preserver-et-transmettre-le-patrimoine-cinematographique-arabe\/387595\/#breadcrumb"},"inLanguage":"fr-FR","potentialAction":[{"@type":"ReadAction","target":["https:\/\/www.webdo.tn\/fr\/actualite\/culture\/ciff-2025-preserver-et-transmettre-le-patrimoine-cinematographique-arabe\/387595\/"]}]},{"@type":"ImageObject","inLanguage":"fr-FR","@id":"https:\/\/www.webdo.tn\/fr\/actualite\/culture\/ciff-2025-preserver-et-transmettre-le-patrimoine-cinematographique-arabe\/387595\/#primaryimage","url":"https:\/\/www.webdo.tn\/fr\/wp-content\/uploads\/2025\/11\/CIFF-2025-Panel-Restauration-.jpg","contentUrl":"https:\/\/www.webdo.tn\/fr\/wp-content\/uploads\/2025\/11\/CIFF-2025-Panel-Restauration-.jpg","width":2000,"height":1125,"caption":"CIFF 2025 - \" Restaurer le patrimoine visuel du cin\u00e9ma arabe \""},{"@type":"BreadcrumbList","@id":"https:\/\/www.webdo.tn\/fr\/actualite\/culture\/ciff-2025-preserver-et-transmettre-le-patrimoine-cinematographique-arabe\/387595\/#breadcrumb","itemListElement":[{"@type":"ListItem","position":1,"name":"Accueil","item":"https:\/\/www.webdo.tn\/fr\/"},{"@type":"ListItem","position":2,"name":"CIFF 2025 \u2013 Pr\u00e9server et transmettre le patrimoine cin\u00e9matographique arabe"}]},{"@type":"WebSite","@id":"https:\/\/www.webdo.tn\/fr\/#website","url":"https:\/\/www.webdo.tn\/fr\/","name":"webdo","description":"Tunisie - News en Tunisie et \u00e0 l&#039;international sur Webdo.tn","publisher":{"@id":"https:\/\/www.webdo.tn\/fr\/#organization"},"potentialAction":[{"@type":"SearchAction","target":{"@type":"EntryPoint","urlTemplate":"https:\/\/www.webdo.tn\/fr\/?s={search_term_string}"},"query-input":{"@type":"PropertyValueSpecification","valueRequired":true,"valueName":"search_term_string"}}],"inLanguage":"fr-FR"},{"@type":"Organization","@id":"https:\/\/www.webdo.tn\/fr\/#organization","name":"Webdo","alternateName":"Webdo.tn","url":"https:\/\/www.webdo.tn\/fr\/","logo":{"@type":"ImageObject","inLanguage":"fr-FR","@id":"https:\/\/www.webdo.tn\/fr\/#\/schema\/logo\/image\/","url":"https:\/\/www.webdo.tn\/fr\/wp-content\/uploads\/2025\/06\/Webdo-Tunisie_168377.jpg","contentUrl":"https:\/\/www.webdo.tn\/fr\/wp-content\/uploads\/2025\/06\/Webdo-Tunisie_168377.jpg","width":301,"height":301,"caption":"Webdo"},"image":{"@id":"https:\/\/www.webdo.tn\/fr\/#\/schema\/logo\/image\/"},"sameAs":["https:\/\/www.facebook.com\/webdotn","https:\/\/x.com\/webdo_tn"],"description":"Webdo est un m\u00e9dia num\u00e9rique tunisien fond\u00e9 en 2010, sp\u00e9cialis\u00e9 dans l\u2019actualit\u00e9 nationale et internationale, l\u2019\u00e9conomie, la soci\u00e9t\u00e9 et les analyses politiques. Le site s\u2019adresse \u00e0 un large public francophone et couvre l\u2019information tunisienne en temps r\u00e9el.","email":"redac@webdo.tn","legalName":"YNJ SARL","foundingDate":"2010-09-06","numberOfEmployees":{"@type":"QuantitativeValue","minValue":"11","maxValue":"50"}},{"@type":"Person","@id":"https:\/\/www.webdo.tn\/fr\/#\/schema\/person\/60d5ba619ed3f58783b0dc82b7dada80","name":"Ne\u00efla DRISS","image":{"@type":"ImageObject","inLanguage":"fr-FR","@id":"https:\/\/www.webdo.tn\/fr\/wp-content\/uploads\/2026\/04\/neila-driss_avatar-96x96.jpg","url":"https:\/\/www.webdo.tn\/fr\/wp-content\/uploads\/2026\/04\/neila-driss_avatar-96x96.jpg","contentUrl":"https:\/\/www.webdo.tn\/fr\/wp-content\/uploads\/2026\/04\/neila-driss_avatar-96x96.jpg","caption":"Ne\u00efla DRISS"},"description":"Ne\u00efla Driss est juriste, journaliste culturelle et critique de cin\u00e9ma tunisienne. Titulaire d\u2019un DEA en droit priv\u00e9 de l\u2019Universit\u00e9 Paris II et d\u2019un DESS de l\u2019IHEC Carthage, elle d\u00e9bute sa carri\u00e8re comme juriste sp\u00e9cialis\u00e9e en gestion de patrimoine immobilier. Elle s\u2019oriente ensuite vers l\u2019\u00e9criture en ligne, o\u00f9 elle se distingue d\u00e8s 2006 aux Tunisia Blog Awards, avant de se consacrer au journalisme culturel, avec une sp\u00e9cialisation dans la critique cin\u00e9matographique. Elle couvre r\u00e9guli\u00e8rement les grands festivals internationaux, notamment le Festival de Cannes, les Journ\u00e9es Cin\u00e9matographiques de Carthage et le Festival du film du Caire. Membre de l\u2019ATPCC et de la FIPRESCI, elle participe \u00e0 des jurys et initiatives internationales de critique. Depuis 2024, elle est \u00e9lectrice internationale aux Golden Globes. Facebook : https:\/\/www.facebook.com\/massir.destiniii\/ X : https:\/\/x.com\/MassirDestin","sameAs":["https:\/\/www.facebook.com\/massir.destiniii\/","https:\/\/www.instagram.com\/neila.driss\/?hl=fr","https:\/\/www.linkedin.com\/in\/neila-driss-22606a80\/","https:\/\/x.com\/https:\/\/x.com\/MassirDestin"],"knowsAbout":["Cin\u00e9ma international","critique cin\u00e9matographique","festivals de cin\u00e9ma","journalisme culturel"],"knowsLanguage":["Fran\u00e7ais","Arabe","Anglais"],"jobTitle":"Journaliste culturelle et critique de cin\u00e9ma","worksFor":"Webdo","url":"https:\/\/www.webdo.tn\/fr\/actualite\/author\/neila-driss\/"}]}},"_links":{"self":[{"href":"https:\/\/www.webdo.tn\/fr\/wp-json\/wp\/v2\/posts\/387595","targetHints":{"allow":["GET"]}}],"collection":[{"href":"https:\/\/www.webdo.tn\/fr\/wp-json\/wp\/v2\/posts"}],"about":[{"href":"https:\/\/www.webdo.tn\/fr\/wp-json\/wp\/v2\/types\/post"}],"author":[{"embeddable":true,"href":"https:\/\/www.webdo.tn\/fr\/wp-json\/wp\/v2\/users\/3164"}],"replies":[{"embeddable":true,"href":"https:\/\/www.webdo.tn\/fr\/wp-json\/wp\/v2\/comments?post=387595"}],"version-history":[{"count":0,"href":"https:\/\/www.webdo.tn\/fr\/wp-json\/wp\/v2\/posts\/387595\/revisions"}],"wp:featuredmedia":[{"embeddable":true,"href":"https:\/\/www.webdo.tn\/fr\/wp-json\/wp\/v2\/media\/387597"}],"wp:attachment":[{"href":"https:\/\/www.webdo.tn\/fr\/wp-json\/wp\/v2\/media?parent=387595"}],"wp:term":[{"taxonomy":"category","embeddable":true,"href":"https:\/\/www.webdo.tn\/fr\/wp-json\/wp\/v2\/categories?post=387595"},{"taxonomy":"post_tag","embeddable":true,"href":"https:\/\/www.webdo.tn\/fr\/wp-json\/wp\/v2\/tags?post=387595"}],"curies":[{"name":"wp","href":"https:\/\/api.w.org\/{rel}","templated":true}]}}