{"id":387429,"date":"2025-11-12T11:34:03","date_gmt":"2025-11-12T10:34:03","guid":{"rendered":"https:\/\/www.webdo.tn\/fr\/?p=387429"},"modified":"2025-11-12T11:34:13","modified_gmt":"2025-11-12T10:34:13","slug":"mondiaux-de-karate-2025-cinq-tunisiens-en-lice-pour-briller-en-egypte","status":"publish","type":"post","link":"https:\/\/www.webdo.tn\/fr\/actualite\/sport\/mondiaux-de-karate-2025-cinq-tunisiens-en-lice-pour-briller-en-egypte\/387429\/","title":{"rendered":"Mondiaux de karat\u00e9 2025 : Cinq Tunisiens en lice pour briller en \u00c9gypte"},"content":{"rendered":"\n<p>La Tunisie alignera cinq repr\u00e9sentants aux Championnats du monde de karat\u00e9 seniors, qui se d\u00e9rouleront du 27 au 30 novembre en \u00c9gypte, a annonc\u00e9 le directeur technique national (DTN), Mohamed Amine Hasnaoui. L\u2019\u00e9quipe tunisienne esp\u00e8re d\u00e9crocher une m\u00e9daille mondiale tout en pr\u00e9parant la rel\u00e8ve pour les prochaines \u00e9ch\u00e9ances internationales.<\/p>\n\n\n\n<p>La d\u00e9l\u00e9gation tunisienne sera compos\u00e9e de Wafa Mahjoub (-61 kg), Issra Bettaieb (-68 kg), Mohamed Ayat (-60 kg), Ahmed Rayane Tlili (-75 kg) et Rayane Ghazouani (-84 kg). Tous les athl\u00e8tes prendront part aux \u00e9preuves individuelles de kumite.<\/p>\n\n\n\n<p>Selon Hasnaoui, les deux karat\u00e9kas f\u00e9minines, Mahjoub et Bettaieb, rejoindront la s\u00e9lection nationale apr\u00e8s leur participation aux Jeux de la Solidarit\u00e9 Islamique qui se tiennent actuellement \u00e0 Ryad (Arabie Saoudite).<\/p>\n\n\n\n<p>De leur c\u00f4t\u00e9, Mohamed Ayat et Rayane Ghazouani poursuivent leur pr\u00e9paration \u00e0 Tunis, tandis que Rayane Tlili, bas\u00e9 en Allemagne, rejoindra le groupe avant le d\u00e9part pour l\u2019\u00c9gypte.<\/p>\n\n\n\n<p>Les cinq athl\u00e8tes effectueront un stage collectif du 16 au 22 novembre \u00e0 Ain Draham, ultime \u00e9tape de pr\u00e9paration avant de s\u2019envoler pour l\u2019\u00c9gypte le 25 novembre.<\/p>\n\n\n\n<p>Le DTN a pr\u00e9cis\u00e9 que la Tunisie vise une place sur le podium, port\u00e9e par l\u2019exp\u00e9rience internationale de Wafa Mahjoub, d\u00e9j\u00e0 m\u00e9daill\u00e9e sur le circuit africain.<\/p>\n\n\n\n<p>Mais au-del\u00e0 de la qu\u00eate de m\u00e9daille, cette participation rev\u00eat une valeur formatrice pour les jeunes karat\u00e9kas tunisiens, invit\u00e9s \u00e0 se mesurer au plus haut niveau mondial.<\/p>\n\n\n\n<p><\/p>\n\n\n\n<blockquote class=\"wp-block-quote is-layout-flow wp-block-quote-is-layout-flow\">\n<p><strong>Lire aussi<\/strong><\/p>\n\n\n\n<ul class=\"wp-block-list\">\n<li><a href=\"https:\/\/www.webdo.tn\/fr\/actualite\/sport\/karate-championnat-dafrique-2025-la-tunisie-decroche-6-medailles-dont-2-en-or\/380448\/\">Karat\u00e9 \u2013 Championnat d\u2019Afrique 2025 : La Tunisie d\u00e9croche 6 m\u00e9dailles dont 2 en or<\/a><\/li>\n<\/ul>\n<\/blockquote>\n","protected":false},"excerpt":{"rendered":"<p>La Tunisie alignera cinq repr\u00e9sentants aux Championnats du monde de karat\u00e9 seniors, qui se d\u00e9rouleront du 27 au 30 novembre en \u00c9gypte, a annonc\u00e9 le directeur technique national (DTN), Mohamed Amine Hasnaoui. L\u2019\u00e9quipe tunisienne esp\u00e8re d\u00e9crocher une m\u00e9daille mondiale tout en pr\u00e9parant la rel\u00e8ve pour les prochaines \u00e9ch\u00e9ances internationales. La d\u00e9l\u00e9gation tunisienne sera compos\u00e9e de [&hellip;]<\/p>\n","protected":false},"author":3191,"featured_media":387430,"comment_status":"closed","ping_status":"closed","sticky":false,"template":"","format":"standard","meta":{"footnotes":""},"categories":[2593],"tags":[6451,12326,13238,2608],"class_list":["post-387429","post","type-post","status-publish","format-standard","has-post-thumbnail","hentry","category-sport","tag-championnats-du-monde","tag-karate","tag-mondiaux-de-karate","tag-tunisie"],"yoast_head":"<!-- This site is optimized with the Yoast SEO Premium plugin v27.4 (Yoast SEO v27.5) - https:\/\/yoast.com\/product\/yoast-seo-premium-wordpress\/ -->\n<title>Mondiaux de karat\u00e9 2025 : Cinq Tunisiens en lice pour briller en \u00c9gypte - webdo<\/title>\n<meta name=\"description\" content=\"La Tunisie aligne cinq repr\u00e9sentants pour les Mondiaux de karat\u00e9 2025 en \u00c9gypte. Suivez leurs performances lors de cet \u00e9v\u00e9nement.\" \/>\n<link rel=\"canonical\" href=\"https:\/\/www.webdo.tn\/fr\/actualite\/sport\/mondiaux-de-karate-2025-cinq-tunisiens-en-lice-pour-briller-en-egypte\/387429\/\" \/>\n<meta property=\"og:locale\" content=\"fr_FR\" \/>\n<meta property=\"og:type\" content=\"article\" \/>\n<meta property=\"og:title\" content=\"Mondiaux de karat\u00e9 2025 : Cinq Tunisiens en lice pour briller en \u00c9gypte\" \/>\n<meta property=\"og:description\" content=\"La Tunisie aligne cinq repr\u00e9sentants pour les Mondiaux de karat\u00e9 2025 en \u00c9gypte. Suivez leurs performances lors de cet \u00e9v\u00e9nement.\" \/>\n<meta property=\"og:url\" content=\"https:\/\/www.webdo.tn\/fr\/actualite\/sport\/mondiaux-de-karate-2025-cinq-tunisiens-en-lice-pour-briller-en-egypte\/387429\/\" \/>\n<meta property=\"og:site_name\" content=\"webdo\" \/>\n<meta property=\"article:publisher\" content=\"https:\/\/www.facebook.com\/webdotn\" \/>\n<meta property=\"article:published_time\" content=\"2025-11-12T10:34:03+00:00\" \/>\n<meta property=\"article:modified_time\" content=\"2025-11-12T10:34:13+00:00\" \/>\n<meta property=\"og:image\" content=\"https:\/\/www.webdo.tn\/fr\/wp-content\/uploads\/2025\/11\/Wafa-mahjoub.jpg\" \/>\n\t<meta property=\"og:image:width\" content=\"1200\" \/>\n\t<meta property=\"og:image:height\" content=\"595\" \/>\n\t<meta property=\"og:image:type\" content=\"image\/jpeg\" \/>\n<meta name=\"author\" content=\"Mohamed Hedi Touati\" \/>\n<meta name=\"twitter:card\" content=\"summary_large_image\" \/>\n<meta name=\"twitter:creator\" content=\"@webdo_tn\" \/>\n<meta name=\"twitter:site\" content=\"@webdo_tn\" \/>\n<meta name=\"twitter:label1\" content=\"\u00c9crit par\" \/>\n\t<meta name=\"twitter:data1\" content=\"Mohamed Hedi Touati\" \/>\n\t<meta name=\"twitter:label2\" content=\"Dur\u00e9e de lecture estim\u00e9e\" \/>\n\t<meta name=\"twitter:data2\" content=\"2 minutes\" \/>\n<script type=\"application\/ld+json\" class=\"yoast-schema-graph\">{\"@context\":\"https:\\\/\\\/schema.org\",\"@graph\":[{\"@type\":\"NewsArticle\",\"@id\":\"https:\\\/\\\/www.webdo.tn\\\/fr\\\/actualite\\\/sport\\\/mondiaux-de-karate-2025-cinq-tunisiens-en-lice-pour-briller-en-egypte\\\/387429\\\/#article\",\"isPartOf\":{\"@id\":\"https:\\\/\\\/www.webdo.tn\\\/fr\\\/actualite\\\/sport\\\/mondiaux-de-karate-2025-cinq-tunisiens-en-lice-pour-briller-en-egypte\\\/387429\\\/\"},\"author\":{\"name\":\"Mohamed Hedi Touati\",\"@id\":\"https:\\\/\\\/www.webdo.tn\\\/fr\\\/#\\\/schema\\\/person\\\/c652cd8fc2b1b44412b5ffb48c5a911d\"},\"headline\":\"Mondiaux de karat\u00e9 2025 : Cinq Tunisiens en lice pour briller en \u00c9gypte\",\"datePublished\":\"2025-11-12T10:34:03+00:00\",\"dateModified\":\"2025-11-12T10:34:13+00:00\",\"mainEntityOfPage\":{\"@id\":\"https:\\\/\\\/www.webdo.tn\\\/fr\\\/actualite\\\/sport\\\/mondiaux-de-karate-2025-cinq-tunisiens-en-lice-pour-briller-en-egypte\\\/387429\\\/\"},\"wordCount\":279,\"publisher\":{\"@id\":\"https:\\\/\\\/www.webdo.tn\\\/fr\\\/#organization\"},\"image\":{\"@id\":\"https:\\\/\\\/www.webdo.tn\\\/fr\\\/actualite\\\/sport\\\/mondiaux-de-karate-2025-cinq-tunisiens-en-lice-pour-briller-en-egypte\\\/387429\\\/#primaryimage\"},\"thumbnailUrl\":\"https:\\\/\\\/www.webdo.tn\\\/fr\\\/wp-content\\\/uploads\\\/2025\\\/11\\\/Wafa-mahjoub.jpg\",\"keywords\":[\"championnats du monde\",\"karat\u00e9\",\"mondiaux de karat\u00e9\",\"Tunisie\"],\"articleSection\":[\"Sport\"],\"inLanguage\":\"fr-FR\"},{\"@type\":\"WebPage\",\"@id\":\"https:\\\/\\\/www.webdo.tn\\\/fr\\\/actualite\\\/sport\\\/mondiaux-de-karate-2025-cinq-tunisiens-en-lice-pour-briller-en-egypte\\\/387429\\\/\",\"url\":\"https:\\\/\\\/www.webdo.tn\\\/fr\\\/actualite\\\/sport\\\/mondiaux-de-karate-2025-cinq-tunisiens-en-lice-pour-briller-en-egypte\\\/387429\\\/\",\"name\":\"Mondiaux de karat\u00e9 2025 : Cinq Tunisiens en lice pour briller en \u00c9gypte - webdo\",\"isPartOf\":{\"@id\":\"https:\\\/\\\/www.webdo.tn\\\/fr\\\/#website\"},\"primaryImageOfPage\":{\"@id\":\"https:\\\/\\\/www.webdo.tn\\\/fr\\\/actualite\\\/sport\\\/mondiaux-de-karate-2025-cinq-tunisiens-en-lice-pour-briller-en-egypte\\\/387429\\\/#primaryimage\"},\"image\":{\"@id\":\"https:\\\/\\\/www.webdo.tn\\\/fr\\\/actualite\\\/sport\\\/mondiaux-de-karate-2025-cinq-tunisiens-en-lice-pour-briller-en-egypte\\\/387429\\\/#primaryimage\"},\"thumbnailUrl\":\"https:\\\/\\\/www.webdo.tn\\\/fr\\\/wp-content\\\/uploads\\\/2025\\\/11\\\/Wafa-mahjoub.jpg\",\"datePublished\":\"2025-11-12T10:34:03+00:00\",\"dateModified\":\"2025-11-12T10:34:13+00:00\",\"description\":\"La Tunisie aligne cinq repr\u00e9sentants pour les Mondiaux de karat\u00e9 2025 en \u00c9gypte. Suivez leurs performances lors de cet \u00e9v\u00e9nement.\",\"breadcrumb\":{\"@id\":\"https:\\\/\\\/www.webdo.tn\\\/fr\\\/actualite\\\/sport\\\/mondiaux-de-karate-2025-cinq-tunisiens-en-lice-pour-briller-en-egypte\\\/387429\\\/#breadcrumb\"},\"inLanguage\":\"fr-FR\",\"potentialAction\":[{\"@type\":\"ReadAction\",\"target\":[\"https:\\\/\\\/www.webdo.tn\\\/fr\\\/actualite\\\/sport\\\/mondiaux-de-karate-2025-cinq-tunisiens-en-lice-pour-briller-en-egypte\\\/387429\\\/\"]}]},{\"@type\":\"ImageObject\",\"inLanguage\":\"fr-FR\",\"@id\":\"https:\\\/\\\/www.webdo.tn\\\/fr\\\/actualite\\\/sport\\\/mondiaux-de-karate-2025-cinq-tunisiens-en-lice-pour-briller-en-egypte\\\/387429\\\/#primaryimage\",\"url\":\"https:\\\/\\\/www.webdo.tn\\\/fr\\\/wp-content\\\/uploads\\\/2025\\\/11\\\/Wafa-mahjoub.jpg\",\"contentUrl\":\"https:\\\/\\\/www.webdo.tn\\\/fr\\\/wp-content\\\/uploads\\\/2025\\\/11\\\/Wafa-mahjoub.jpg\",\"width\":1200,\"height\":595,\"caption\":\"Wafa Mahjoub, championne d'Afrique\"},{\"@type\":\"BreadcrumbList\",\"@id\":\"https:\\\/\\\/www.webdo.tn\\\/fr\\\/actualite\\\/sport\\\/mondiaux-de-karate-2025-cinq-tunisiens-en-lice-pour-briller-en-egypte\\\/387429\\\/#breadcrumb\",\"itemListElement\":[{\"@type\":\"ListItem\",\"position\":1,\"name\":\"Accueil\",\"item\":\"https:\\\/\\\/www.webdo.tn\\\/fr\\\/\"},{\"@type\":\"ListItem\",\"position\":2,\"name\":\"Mondiaux de karat\u00e9 2025 : Cinq Tunisiens en lice pour briller en \u00c9gypte\"}]},{\"@type\":\"WebSite\",\"@id\":\"https:\\\/\\\/www.webdo.tn\\\/fr\\\/#website\",\"url\":\"https:\\\/\\\/www.webdo.tn\\\/fr\\\/\",\"name\":\"webdo\",\"description\":\"Tunisie - News en Tunisie et \u00e0 l&#039;international sur Webdo.tn\",\"publisher\":{\"@id\":\"https:\\\/\\\/www.webdo.tn\\\/fr\\\/#organization\"},\"potentialAction\":[{\"@type\":\"SearchAction\",\"target\":{\"@type\":\"EntryPoint\",\"urlTemplate\":\"https:\\\/\\\/www.webdo.tn\\\/fr\\\/?s={search_term_string}\"},\"query-input\":{\"@type\":\"PropertyValueSpecification\",\"valueRequired\":true,\"valueName\":\"search_term_string\"}}],\"inLanguage\":\"fr-FR\"},{\"@type\":\"Organization\",\"@id\":\"https:\\\/\\\/www.webdo.tn\\\/fr\\\/#organization\",\"name\":\"Webdo\",\"alternateName\":\"Webdo.tn\",\"url\":\"https:\\\/\\\/www.webdo.tn\\\/fr\\\/\",\"logo\":{\"@type\":\"ImageObject\",\"inLanguage\":\"fr-FR\",\"@id\":\"https:\\\/\\\/www.webdo.tn\\\/fr\\\/#\\\/schema\\\/logo\\\/image\\\/\",\"url\":\"https:\\\/\\\/www.webdo.tn\\\/fr\\\/wp-content\\\/uploads\\\/2025\\\/06\\\/Webdo-Tunisie_168377.jpg\",\"contentUrl\":\"https:\\\/\\\/www.webdo.tn\\\/fr\\\/wp-content\\\/uploads\\\/2025\\\/06\\\/Webdo-Tunisie_168377.jpg\",\"width\":301,\"height\":301,\"caption\":\"Webdo\"},\"image\":{\"@id\":\"https:\\\/\\\/www.webdo.tn\\\/fr\\\/#\\\/schema\\\/logo\\\/image\\\/\"},\"sameAs\":[\"https:\\\/\\\/www.facebook.com\\\/webdotn\",\"https:\\\/\\\/x.com\\\/webdo_tn\"],\"description\":\"Webdo est un m\u00e9dia num\u00e9rique tunisien fond\u00e9 en 2010, sp\u00e9cialis\u00e9 dans l\u2019actualit\u00e9 nationale et internationale, l\u2019\u00e9conomie, la soci\u00e9t\u00e9 et les analyses politiques. Le site s\u2019adresse \u00e0 un large public francophone et couvre l\u2019information tunisienne en temps r\u00e9el.\",\"email\":\"redac@webdo.tn\",\"legalName\":\"YNJ SARL\",\"foundingDate\":\"2010-09-06\",\"numberOfEmployees\":{\"@type\":\"QuantitativeValue\",\"minValue\":\"11\",\"maxValue\":\"50\"}},{\"@type\":\"Person\",\"@id\":\"https:\\\/\\\/www.webdo.tn\\\/fr\\\/#\\\/schema\\\/person\\\/c652cd8fc2b1b44412b5ffb48c5a911d\",\"name\":\"Mohamed Hedi Touati\",\"image\":{\"@type\":\"ImageObject\",\"inLanguage\":\"fr-FR\",\"@id\":\"https:\\\/\\\/secure.gravatar.com\\\/avatar\\\/9cfd402c745b7a685f13eed0ea6e59d2144a3c2fc50a3db6fd5ed451f6cddf1a?s=96&d=mm&r=g\",\"url\":\"https:\\\/\\\/secure.gravatar.com\\\/avatar\\\/9cfd402c745b7a685f13eed0ea6e59d2144a3c2fc50a3db6fd5ed451f6cddf1a?s=96&d=mm&r=g\",\"contentUrl\":\"https:\\\/\\\/secure.gravatar.com\\\/avatar\\\/9cfd402c745b7a685f13eed0ea6e59d2144a3c2fc50a3db6fd5ed451f6cddf1a?s=96&d=mm&r=g\",\"caption\":\"Mohamed Hedi Touati\"},\"url\":\"https:\\\/\\\/www.webdo.tn\\\/fr\\\/actualite\\\/author\\\/mohamed-hedi-touati\\\/\"}]}<\/script>\n<!-- \/ Yoast SEO Premium plugin. -->","yoast_head_json":{"title":"Mondiaux de karat\u00e9 2025 : Cinq Tunisiens en lice pour briller en \u00c9gypte - webdo","description":"La Tunisie aligne cinq repr\u00e9sentants pour les Mondiaux de karat\u00e9 2025 en \u00c9gypte. Suivez leurs performances lors de cet \u00e9v\u00e9nement.","canonical":"https:\/\/www.webdo.tn\/fr\/actualite\/sport\/mondiaux-de-karate-2025-cinq-tunisiens-en-lice-pour-briller-en-egypte\/387429\/","og_locale":"fr_FR","og_type":"article","og_title":"Mondiaux de karat\u00e9 2025 : Cinq Tunisiens en lice pour briller en \u00c9gypte","og_description":"La Tunisie aligne cinq repr\u00e9sentants pour les Mondiaux de karat\u00e9 2025 en \u00c9gypte. Suivez leurs performances lors de cet \u00e9v\u00e9nement.","og_url":"https:\/\/www.webdo.tn\/fr\/actualite\/sport\/mondiaux-de-karate-2025-cinq-tunisiens-en-lice-pour-briller-en-egypte\/387429\/","og_site_name":"webdo","article_publisher":"https:\/\/www.facebook.com\/webdotn","article_published_time":"2025-11-12T10:34:03+00:00","article_modified_time":"2025-11-12T10:34:13+00:00","og_image":[{"width":1200,"height":595,"url":"https:\/\/www.webdo.tn\/fr\/wp-content\/uploads\/2025\/11\/Wafa-mahjoub.jpg","type":"image\/jpeg"}],"author":"Mohamed Hedi Touati","twitter_card":"summary_large_image","twitter_creator":"@webdo_tn","twitter_site":"@webdo_tn","twitter_misc":{"\u00c9crit par":"Mohamed Hedi Touati","Dur\u00e9e de lecture estim\u00e9e":"2 minutes"},"schema":{"@context":"https:\/\/schema.org","@graph":[{"@type":"NewsArticle","@id":"https:\/\/www.webdo.tn\/fr\/actualite\/sport\/mondiaux-de-karate-2025-cinq-tunisiens-en-lice-pour-briller-en-egypte\/387429\/#article","isPartOf":{"@id":"https:\/\/www.webdo.tn\/fr\/actualite\/sport\/mondiaux-de-karate-2025-cinq-tunisiens-en-lice-pour-briller-en-egypte\/387429\/"},"author":{"name":"Mohamed Hedi Touati","@id":"https:\/\/www.webdo.tn\/fr\/#\/schema\/person\/c652cd8fc2b1b44412b5ffb48c5a911d"},"headline":"Mondiaux de karat\u00e9 2025 : Cinq Tunisiens en lice pour briller en \u00c9gypte","datePublished":"2025-11-12T10:34:03+00:00","dateModified":"2025-11-12T10:34:13+00:00","mainEntityOfPage":{"@id":"https:\/\/www.webdo.tn\/fr\/actualite\/sport\/mondiaux-de-karate-2025-cinq-tunisiens-en-lice-pour-briller-en-egypte\/387429\/"},"wordCount":279,"publisher":{"@id":"https:\/\/www.webdo.tn\/fr\/#organization"},"image":{"@id":"https:\/\/www.webdo.tn\/fr\/actualite\/sport\/mondiaux-de-karate-2025-cinq-tunisiens-en-lice-pour-briller-en-egypte\/387429\/#primaryimage"},"thumbnailUrl":"https:\/\/www.webdo.tn\/fr\/wp-content\/uploads\/2025\/11\/Wafa-mahjoub.jpg","keywords":["championnats du monde","karat\u00e9","mondiaux de karat\u00e9","Tunisie"],"articleSection":["Sport"],"inLanguage":"fr-FR"},{"@type":"WebPage","@id":"https:\/\/www.webdo.tn\/fr\/actualite\/sport\/mondiaux-de-karate-2025-cinq-tunisiens-en-lice-pour-briller-en-egypte\/387429\/","url":"https:\/\/www.webdo.tn\/fr\/actualite\/sport\/mondiaux-de-karate-2025-cinq-tunisiens-en-lice-pour-briller-en-egypte\/387429\/","name":"Mondiaux de karat\u00e9 2025 : Cinq Tunisiens en lice pour briller en \u00c9gypte - webdo","isPartOf":{"@id":"https:\/\/www.webdo.tn\/fr\/#website"},"primaryImageOfPage":{"@id":"https:\/\/www.webdo.tn\/fr\/actualite\/sport\/mondiaux-de-karate-2025-cinq-tunisiens-en-lice-pour-briller-en-egypte\/387429\/#primaryimage"},"image":{"@id":"https:\/\/www.webdo.tn\/fr\/actualite\/sport\/mondiaux-de-karate-2025-cinq-tunisiens-en-lice-pour-briller-en-egypte\/387429\/#primaryimage"},"thumbnailUrl":"https:\/\/www.webdo.tn\/fr\/wp-content\/uploads\/2025\/11\/Wafa-mahjoub.jpg","datePublished":"2025-11-12T10:34:03+00:00","dateModified":"2025-11-12T10:34:13+00:00","description":"La Tunisie aligne cinq repr\u00e9sentants pour les Mondiaux de karat\u00e9 2025 en \u00c9gypte. Suivez leurs performances lors de cet \u00e9v\u00e9nement.","breadcrumb":{"@id":"https:\/\/www.webdo.tn\/fr\/actualite\/sport\/mondiaux-de-karate-2025-cinq-tunisiens-en-lice-pour-briller-en-egypte\/387429\/#breadcrumb"},"inLanguage":"fr-FR","potentialAction":[{"@type":"ReadAction","target":["https:\/\/www.webdo.tn\/fr\/actualite\/sport\/mondiaux-de-karate-2025-cinq-tunisiens-en-lice-pour-briller-en-egypte\/387429\/"]}]},{"@type":"ImageObject","inLanguage":"fr-FR","@id":"https:\/\/www.webdo.tn\/fr\/actualite\/sport\/mondiaux-de-karate-2025-cinq-tunisiens-en-lice-pour-briller-en-egypte\/387429\/#primaryimage","url":"https:\/\/www.webdo.tn\/fr\/wp-content\/uploads\/2025\/11\/Wafa-mahjoub.jpg","contentUrl":"https:\/\/www.webdo.tn\/fr\/wp-content\/uploads\/2025\/11\/Wafa-mahjoub.jpg","width":1200,"height":595,"caption":"Wafa Mahjoub, championne d'Afrique"},{"@type":"BreadcrumbList","@id":"https:\/\/www.webdo.tn\/fr\/actualite\/sport\/mondiaux-de-karate-2025-cinq-tunisiens-en-lice-pour-briller-en-egypte\/387429\/#breadcrumb","itemListElement":[{"@type":"ListItem","position":1,"name":"Accueil","item":"https:\/\/www.webdo.tn\/fr\/"},{"@type":"ListItem","position":2,"name":"Mondiaux de karat\u00e9 2025 : Cinq Tunisiens en lice pour briller en \u00c9gypte"}]},{"@type":"WebSite","@id":"https:\/\/www.webdo.tn\/fr\/#website","url":"https:\/\/www.webdo.tn\/fr\/","name":"webdo","description":"Tunisie - News en Tunisie et \u00e0 l&#039;international sur Webdo.tn","publisher":{"@id":"https:\/\/www.webdo.tn\/fr\/#organization"},"potentialAction":[{"@type":"SearchAction","target":{"@type":"EntryPoint","urlTemplate":"https:\/\/www.webdo.tn\/fr\/?s={search_term_string}"},"query-input":{"@type":"PropertyValueSpecification","valueRequired":true,"valueName":"search_term_string"}}],"inLanguage":"fr-FR"},{"@type":"Organization","@id":"https:\/\/www.webdo.tn\/fr\/#organization","name":"Webdo","alternateName":"Webdo.tn","url":"https:\/\/www.webdo.tn\/fr\/","logo":{"@type":"ImageObject","inLanguage":"fr-FR","@id":"https:\/\/www.webdo.tn\/fr\/#\/schema\/logo\/image\/","url":"https:\/\/www.webdo.tn\/fr\/wp-content\/uploads\/2025\/06\/Webdo-Tunisie_168377.jpg","contentUrl":"https:\/\/www.webdo.tn\/fr\/wp-content\/uploads\/2025\/06\/Webdo-Tunisie_168377.jpg","width":301,"height":301,"caption":"Webdo"},"image":{"@id":"https:\/\/www.webdo.tn\/fr\/#\/schema\/logo\/image\/"},"sameAs":["https:\/\/www.facebook.com\/webdotn","https:\/\/x.com\/webdo_tn"],"description":"Webdo est un m\u00e9dia num\u00e9rique tunisien fond\u00e9 en 2010, sp\u00e9cialis\u00e9 dans l\u2019actualit\u00e9 nationale et internationale, l\u2019\u00e9conomie, la soci\u00e9t\u00e9 et les analyses politiques. Le site s\u2019adresse \u00e0 un large public francophone et couvre l\u2019information tunisienne en temps r\u00e9el.","email":"redac@webdo.tn","legalName":"YNJ SARL","foundingDate":"2010-09-06","numberOfEmployees":{"@type":"QuantitativeValue","minValue":"11","maxValue":"50"}},{"@type":"Person","@id":"https:\/\/www.webdo.tn\/fr\/#\/schema\/person\/c652cd8fc2b1b44412b5ffb48c5a911d","name":"Mohamed Hedi Touati","image":{"@type":"ImageObject","inLanguage":"fr-FR","@id":"https:\/\/secure.gravatar.com\/avatar\/9cfd402c745b7a685f13eed0ea6e59d2144a3c2fc50a3db6fd5ed451f6cddf1a?s=96&d=mm&r=g","url":"https:\/\/secure.gravatar.com\/avatar\/9cfd402c745b7a685f13eed0ea6e59d2144a3c2fc50a3db6fd5ed451f6cddf1a?s=96&d=mm&r=g","contentUrl":"https:\/\/secure.gravatar.com\/avatar\/9cfd402c745b7a685f13eed0ea6e59d2144a3c2fc50a3db6fd5ed451f6cddf1a?s=96&d=mm&r=g","caption":"Mohamed Hedi Touati"},"url":"https:\/\/www.webdo.tn\/fr\/actualite\/author\/mohamed-hedi-touati\/"}]}},"_links":{"self":[{"href":"https:\/\/www.webdo.tn\/fr\/wp-json\/wp\/v2\/posts\/387429","targetHints":{"allow":["GET"]}}],"collection":[{"href":"https:\/\/www.webdo.tn\/fr\/wp-json\/wp\/v2\/posts"}],"about":[{"href":"https:\/\/www.webdo.tn\/fr\/wp-json\/wp\/v2\/types\/post"}],"author":[{"embeddable":true,"href":"https:\/\/www.webdo.tn\/fr\/wp-json\/wp\/v2\/users\/3191"}],"replies":[{"embeddable":true,"href":"https:\/\/www.webdo.tn\/fr\/wp-json\/wp\/v2\/comments?post=387429"}],"version-history":[{"count":0,"href":"https:\/\/www.webdo.tn\/fr\/wp-json\/wp\/v2\/posts\/387429\/revisions"}],"wp:featuredmedia":[{"embeddable":true,"href":"https:\/\/www.webdo.tn\/fr\/wp-json\/wp\/v2\/media\/387430"}],"wp:attachment":[{"href":"https:\/\/www.webdo.tn\/fr\/wp-json\/wp\/v2\/media?parent=387429"}],"wp:term":[{"taxonomy":"category","embeddable":true,"href":"https:\/\/www.webdo.tn\/fr\/wp-json\/wp\/v2\/categories?post=387429"},{"taxonomy":"post_tag","embeddable":true,"href":"https:\/\/www.webdo.tn\/fr\/wp-json\/wp\/v2\/tags?post=387429"}],"curies":[{"name":"wp","href":"https:\/\/api.w.org\/{rel}","templated":true}]}}