{"id":386977,"date":"2025-11-05T17:23:34","date_gmt":"2025-11-05T16:23:34","guid":{"rendered":"https:\/\/www.webdo.tn\/fr\/?p=386977"},"modified":"2025-11-05T17:33:20","modified_gmt":"2025-11-05T16:33:20","slug":"golden-globes-2026-helen-mirren-honoree-par-le-prix-cecil-b-demille","status":"publish","type":"post","link":"https:\/\/www.webdo.tn\/fr\/actualite\/culture\/golden-globes-2026-helen-mirren-honoree-par-le-prix-cecil-b-demille\/386977\/","title":{"rendered":"Golden Globes 2026 : Helen Mirren honor\u00e9e par le prix Cecil B. DeMille"},"content":{"rendered":"\n<p><\/p>\n\n\n\n<p>Les Golden Globes ont annonc\u00e9 que l\u2019actrice, productrice et triple laur\u00e9ate Helen Mirren recevra le prix Cecil B. DeMille en 2026, en reconnaissance de son apport exceptionnel et durable au monde du divertissement. Le prix lui sera remis lors de <a href=\"https:\/\/www.webdo.tn\/fr\/actualite\/culture\/golden-eve-une-nouvelle-soiree-des-golden-globes-en-prime-time-sur-cbs\/383909\/\">la nouvelle \u00e9mission annuelle en prime time intitul\u00e9e \u00ab Golden Eve \u00bb<\/a>, diffus\u00e9e le jeudi 8 janvier 2026 \u00e0 20h (ET\/PT) sur CBS et en streaming sur Paramount+.<\/p>\n\n\n\n<h3 class=\"wp-block-heading\" id=\"h-une-carriere-d-exception-saluee\"><strong>Une carri\u00e8re d\u2019exception salu\u00e9e<\/strong><\/h3>\n\n\n\n<p>Consid\u00e9r\u00e9e comme l\u2019une des plus grandes com\u00e9diennes de sa g\u00e9n\u00e9ration, Helen Mirren a marqu\u00e9 plus de six d\u00e9cennies de cin\u00e9ma, de th\u00e9\u00e2tre et de t\u00e9l\u00e9vision. R\u00e9compens\u00e9e \u00e0 trois reprises par les Golden Globes, elle a notamment \u00e9t\u00e9 distingu\u00e9e pour ses interpr\u00e9tations de la reine Elizabeth II dans <em>The Queen<\/em> (2006) et d\u2019Elizabeth I dans <em>Elizabeth I<\/em> (2005). Ces r\u00f4les embl\u00e9matiques ont confirm\u00e9 son talent pour incarner des figures complexes et puissantes, oscillant entre autorit\u00e9, \u00e9motion et fragilit\u00e9.<\/p>\n\n\n\n<p>Laur\u00e9ate d\u2019un Oscar, de plusieurs Emmy Awards, BAFTA, SAG Awards et d\u2019un Tony Award, Helen Mirren est l\u2019une des rares artistes \u00e0 avoir remport\u00e9 les distinctions les plus prestigieuses du cin\u00e9ma et du th\u00e9\u00e2tre. En 2003, elle a \u00e9t\u00e9 faite Dame de l\u2019Empire britannique pour l\u2019ensemble de son \u0153uvre artistique.<\/p>\n\n\n\n<p>Pour Helen Hoehne, pr\u00e9sidente des Golden Globes, <em>\u00ab Helen Mirren est une force de la nature et sa carri\u00e8re est tout simplement extraordinaire. Ses performances transcendent le temps et continuent d\u2019inspirer des g\u00e9n\u00e9rations d\u2019artistes et de spectateurs \u00e0 travers le monde<\/em>. \u00bb<\/p>\n\n\n\n<h3 class=\"wp-block-heading\" id=\"h-golden-eve-une-soiree-dediee-a-l-heritage-du-cinema-et-de-la-television\"><strong>\u201cGolden Eve\u201d : une soir\u00e9e d\u00e9di\u00e9e \u00e0 l\u2019h\u00e9ritage du cin\u00e9ma et de la t\u00e9l\u00e9vision<\/strong><\/h3>\n\n\n\n<p>Cette ann\u00e9e, les Golden Globes innovent avec la cr\u00e9ation de \u00ab Golden Eve \u00bb, une \u00e9mission sp\u00e9ciale consacr\u00e9e aux laur\u00e9ats des prix Cecil B. DeMille et Carol Burnett, deux distinctions honorant respectivement une carri\u00e8re exceptionnelle dans le cin\u00e9ma et \u00e0 la t\u00e9l\u00e9vision.<\/p>\n\n\n\n<p>Apr\u00e8s le succ\u00e8s de la Golden Gala 2025, qui c\u00e9l\u00e9brait Viola Davis et Ted Danson, cette nouvelle formule offrira un regard in\u00e9dit sur le parcours des artistes honor\u00e9s, avec des images d\u2019archives, des entretiens exclusifs et des moments marquants de leur carri\u00e8re.<\/p>\n\n\n\n<p>\u00ab Golden Eve \u00bb s\u2019inscrira dans le cadre de la Golden Week, une s\u00e9rie d\u2019\u00e9v\u00e9nements et d\u2019\u00e9missions diffus\u00e9s sur les plateformes du groupe Paramount, en pr\u00e9lude \u00e0 la 83\u1d49 c\u00e9r\u00e9monie des Golden Globes, pr\u00e9vue le dimanche 11 janvier 2026. Cette \u00e9dition sera anim\u00e9e par la com\u00e9dienne et humoriste Nikki Glaser, d\u00e9j\u00e0 nomm\u00e9e aux Golden Globes, aux GRAMMY Awards et aux Emmy Awards.<\/p>\n\n\n\n<h3 class=\"wp-block-heading\" id=\"h-un-prix-charge-d-histoire\"><strong>Un prix charg\u00e9 d\u2019histoire<\/strong><\/h3>\n\n\n\n<p>Cr\u00e9\u00e9 en 1952 en hommage au r\u00e9alisateur Cecil B. DeMille, le prix \u00e9ponyme a depuis r\u00e9compens\u00e9 69 personnalit\u00e9s parmi les plus illustres du cin\u00e9ma mondial. Parmi elles figurent Walt Disney, Audrey Hepburn, Sidney Poitier, Judy Garland, Elizabeth Taylor, Robert Redford, Barbra Streisand, Meryl Streep, Tom Hanks ou encore Oprah Winfrey.<\/p>\n\n\n\n<p>Son \u00e9quivalent pour la t\u00e9l\u00e9vision, le Carol Burnett Award, instaur\u00e9 en 2019 et attribu\u00e9 pour la premi\u00e8re fois \u00e0 la l\u00e9gendaire humoriste am\u00e9ricaine Carol Burnett, distingue un artiste ayant marqu\u00e9 l\u2019histoire du petit \u00e9cran par la qualit\u00e9 et l\u2019influence de son \u0153uvre.<\/p>\n\n\n\n<h3 class=\"wp-block-heading\" id=\"h-une-institution-du-cinema-mondial\"><strong>Une institution du cin\u00e9ma mondial<\/strong><\/h3>\n\n\n\n<p>Depuis 1944, les Golden Globes sont consid\u00e9r\u00e9s comme l\u2019une des c\u00e9r\u00e9monies les plus prestigieuses d\u2019Hollywood, honorant chaque ann\u00e9e le meilleur du cin\u00e9ma et de la t\u00e9l\u00e9vision, et d\u00e9sormais du podcast. Diffus\u00e9s dans plus de 185 pays, ils constituent un \u00e9v\u00e9nement mondial surnomm\u00e9 \u00ab Hollywood\u2019s Party of the Year \u00bb, v\u00e9ritable ouverture de la saison des r\u00e9compenses.<\/p>\n\n\n\n<p>Les Golden Globes sont produits par Dick Clark Productions, soci\u00e9t\u00e9 \u00e9galement derri\u00e8re des \u00e9missions embl\u00e9matiques telles que les American Music Awards, les Billboard Music Awards ou So You Think You Can Dance.<\/p>\n\n\n\n<h3 class=\"wp-block-heading\" id=\"h-une-ouverture-internationale\"><strong>Une ouverture internationale<\/strong><\/h3>\n\n\n\n<p>Ces derni\u00e8res ann\u00e9es, les Golden Globes ont profond\u00e9ment renouvel\u00e9 leur composition en s\u2019ouvrant \u00e0 des critiques de cin\u00e9ma venus du monde entier, afin de mieux repr\u00e9senter la diversit\u00e9 culturelle du public et du cin\u00e9ma mondial. Cette ouverture a permis d\u2019int\u00e9grer plus d\u2019une centaine de nouveaux votants internationaux issus de diff\u00e9rents continents. <a href=\"https:\/\/www.webdo.tn\/fr\/actualite\/culture\/83%e1%b5%89-golden-globes-awards-la-critique-tunisienne-neila-driss-confirmee-comme-votante-internationale\/380937\/\">J\u2019ai, pour ma part, l\u2019honneur d\u2019en faire partie en tant que critique tunisienne,<\/a> la seule actuellement r\u00e9sidente en Tunisie \u00e0 participer au vote des Golden Globes.<\/p>\n\n\n\n<h3 class=\"wp-block-heading\" id=\"h-un-engagement-culturel-et-humanitaire\"><strong>Un engagement culturel et humanitaire<\/strong><\/h3>\n\n\n\n<p>Au-del\u00e0 du prestige de sa c\u00e9r\u00e9monie, l\u2019organisation des Golden Globes a consacr\u00e9 au fil des d\u00e9cennies plus de 55 millions de dollars \u00e0 des actions caritatives, des bourses d\u2019\u00e9tudes, des projets de restauration de films et des initiatives favorisant la diversit\u00e9 et l\u2019acc\u00e8s \u00e0 l\u2019industrie du divertissement pour les communaut\u00e9s sous-repr\u00e9sent\u00e9es.<\/p>\n\n\n\n<h3 class=\"wp-block-heading\" id=\"h-un-hommage-attendu\"><strong>Un hommage attendu<\/strong><\/h3>\n\n\n\n<p>L\u2019annonce de la distinction d\u2019Helen Mirren s\u2019inscrit dans une longue tradition de reconnaissance du talent et de l\u2019engagement des artistes ayant marqu\u00e9 durablement le septi\u00e8me art. \u00c0 80 ans, l\u2019actrice britannique rejoint ainsi le panth\u00e9on des grandes figures honor\u00e9es par le Cecil B. DeMille Award, symbole d\u2019une carri\u00e8re exemplaire et d\u2019une passion in\u00e9branlable pour l\u2019art de raconter des histoires.<\/p>\n\n\n\n<p><strong>Ne\u00efla Driss<\/strong><\/p>\n\n\n\n<p><strong><em>Lire sur le m\u00eame sujet:<\/em><\/strong><\/p>\n\n\n\n<ul class=\"wp-block-list\">\n<li><a href=\"https:\/\/www.webdo.tn\/fr\/actualite\/culture\/golden-globes-un-hommage-exceptionnel-au-talent-bresilien-en-2026\/385851\/\">Golden Globes\u00ae : un hommage exceptionnel au talent br\u00e9silien en 2026<\/a><\/li>\n\n\n\n<li><a href=\"https:\/\/www.webdo.tn\/fr\/actualite\/culture\/golden-eve-une-nouvelle-soiree-des-golden-globes-en-prime-time-sur-cbs\/383909\/\">Golden Eve : une nouvelle soir\u00e9e des Golden Globes en prime time sur CBS<\/a><\/li>\n\n\n\n<li><a href=\"https:\/\/www.webdo.tn\/fr\/actualite\/culture\/83%e1%b5%89-golden-globes-awards-la-critique-tunisienne-neila-driss-confirmee-comme-votante-internationale\/380937\/\">83\u1d49 Golden Globes Awards \u2013 La critique tunisienne Ne\u00efla Driss confirm\u00e9e comme votante internationale<\/a><\/li>\n\n\n\n<li><a href=\"https:\/\/www.webdo.tn\/fr\/actualite\/culture\/golden-globes-2026-les-candidatures-sont-ouvertes-mais-ou-sont-les-films-tunisiens\/380872\/\">Golden Globes 2026 \u2013 Les candidatures sont ouvertes, mais o\u00f9 sont les films tunisiens ?<\/a><\/li>\n\n\n\n<li><a href=\"https:\/\/www.webdo.tn\/fr\/actualite\/culture\/cannes-2025-les-golden-globes-lancent-leur-prix-du-documentaire\/222227\/\">Cannes 2025 \u2013 Les Golden Globes lancent leur prix du documentaire<\/a><\/li>\n\n\n\n<li><a href=\"https:\/\/www.webdo.tn\/fr\/actualite\/culture\/les-golden-globes-2025-une-edition-triomphante-sur-tous-les-fronts\/218878\/\">Les Golden Globes 2025 : une \u00e9dition triomphante sur tous les fronts<\/a><\/li>\n\n\n\n<li><a href=\"https:\/\/www.webdo.tn\/fr\/actualite\/culture\/decouvrez-le-palmares-des-golden-globes-2025\/218870\/\">D\u00e9couvrez le palmar\u00e8s des Golden Globes 2025 !<\/a><\/li>\n<\/ul>\n\n\n\n<p><\/p>\n","protected":false},"excerpt":{"rendered":"<p>Les Golden Globes ont annonc\u00e9 que l\u2019actrice, productrice et triple laur\u00e9ate Helen Mirren recevra le prix Cecil B. DeMille en 2026, en reconnaissance de son apport exceptionnel et durable au monde du divertissement. Le prix lui sera remis lors de la nouvelle \u00e9mission annuelle en prime time intitul\u00e9e \u00ab Golden Eve \u00bb, diffus\u00e9e le jeudi [&hellip;]<\/p>\n","protected":false},"author":3164,"featured_media":386980,"comment_status":"closed","ping_status":"closed","sticky":false,"template":"","format":"standard","meta":{"footnotes":""},"categories":[2594],"tags":[4724,2626,4494,12364,3106],"class_list":["post-386977","post","type-post","status-publish","format-standard","has-post-thumbnail","hentry","category-culture","tag-actrice","tag-cinema","tag-golden-globes","tag-golden-globes-2026","tag-hommage"],"yoast_head":"<!-- This site is optimized with the Yoast SEO Premium plugin v27.5 (Yoast SEO v27.5) - https:\/\/yoast.com\/product\/yoast-seo-premium-wordpress\/ -->\n<title>Golden Globes 2026 : Helen Mirren honor\u00e9e par le prix Cecil B. DeMille - webdo<\/title>\n<meta name=\"description\" content=\"Helen Mirren recevra le prix Cecil B. DeMille lors de l\u2019\u00e9mission sp\u00e9ciale \u00ab Golden Eve \u00bb diffus\u00e9e le 8 janvier 2026 avant les Golden Globes.\" \/>\n<link rel=\"canonical\" href=\"https:\/\/www.webdo.tn\/fr\/actualite\/culture\/golden-globes-2026-helen-mirren-honoree-par-le-prix-cecil-b-demille\/386977\/\" \/>\n<meta property=\"og:locale\" content=\"fr_FR\" \/>\n<meta property=\"og:type\" content=\"article\" \/>\n<meta property=\"og:title\" content=\"Golden Globes 2026 : Helen Mirren honor\u00e9e par le prix Cecil B. DeMille\" \/>\n<meta property=\"og:description\" content=\"Helen Mirren recevra le prix Cecil B. DeMille lors de l\u2019\u00e9mission sp\u00e9ciale \u00ab Golden Eve \u00bb diffus\u00e9e le 8 janvier 2026 avant les Golden Globes.\" \/>\n<meta property=\"og:url\" content=\"https:\/\/www.webdo.tn\/fr\/actualite\/culture\/golden-globes-2026-helen-mirren-honoree-par-le-prix-cecil-b-demille\/386977\/\" \/>\n<meta property=\"og:site_name\" content=\"webdo\" \/>\n<meta property=\"article:publisher\" content=\"https:\/\/www.facebook.com\/webdotn\" \/>\n<meta property=\"article:author\" content=\"https:\/\/www.facebook.com\/massir.destiniii\/\" \/>\n<meta property=\"article:published_time\" content=\"2025-11-05T16:23:34+00:00\" \/>\n<meta property=\"article:modified_time\" content=\"2025-11-05T16:33:20+00:00\" \/>\n<meta property=\"og:image\" content=\"https:\/\/www.webdo.tn\/fr\/wp-content\/uploads\/2025\/11\/Golden-Globes-Helen-Mirren-H.jpg\" \/>\n\t<meta property=\"og:image:width\" content=\"2560\" \/>\n\t<meta property=\"og:image:height\" content=\"1440\" \/>\n\t<meta property=\"og:image:type\" content=\"image\/jpeg\" \/>\n<meta name=\"author\" content=\"Ne\u00efla DRISS\" \/>\n<meta name=\"twitter:card\" content=\"summary_large_image\" \/>\n<meta name=\"twitter:creator\" content=\"@https:\/\/x.com\/MassirDestin\" \/>\n<meta name=\"twitter:site\" content=\"@webdo_tn\" \/>\n<meta name=\"twitter:label1\" content=\"\u00c9crit par\" \/>\n\t<meta name=\"twitter:data1\" content=\"Ne\u00efla DRISS\" \/>\n\t<meta name=\"twitter:label2\" content=\"Dur\u00e9e de lecture estim\u00e9e\" \/>\n\t<meta name=\"twitter:data2\" content=\"5 minutes\" \/>\n<script type=\"application\/ld+json\" class=\"yoast-schema-graph\">{\"@context\":\"https:\\\/\\\/schema.org\",\"@graph\":[{\"@type\":\"NewsArticle\",\"@id\":\"https:\\\/\\\/www.webdo.tn\\\/fr\\\/actualite\\\/culture\\\/golden-globes-2026-helen-mirren-honoree-par-le-prix-cecil-b-demille\\\/386977\\\/#article\",\"isPartOf\":{\"@id\":\"https:\\\/\\\/www.webdo.tn\\\/fr\\\/actualite\\\/culture\\\/golden-globes-2026-helen-mirren-honoree-par-le-prix-cecil-b-demille\\\/386977\\\/\"},\"author\":{\"name\":\"Ne\u00efla DRISS\",\"@id\":\"https:\\\/\\\/www.webdo.tn\\\/fr\\\/#\\\/schema\\\/person\\\/60d5ba619ed3f58783b0dc82b7dada80\"},\"headline\":\"Golden Globes 2026 : Helen Mirren honor\u00e9e par le prix Cecil B. DeMille\",\"datePublished\":\"2025-11-05T16:23:34+00:00\",\"dateModified\":\"2025-11-05T16:33:20+00:00\",\"mainEntityOfPage\":{\"@id\":\"https:\\\/\\\/www.webdo.tn\\\/fr\\\/actualite\\\/culture\\\/golden-globes-2026-helen-mirren-honoree-par-le-prix-cecil-b-demille\\\/386977\\\/\"},\"wordCount\":995,\"publisher\":{\"@id\":\"https:\\\/\\\/www.webdo.tn\\\/fr\\\/#organization\"},\"image\":{\"@id\":\"https:\\\/\\\/www.webdo.tn\\\/fr\\\/actualite\\\/culture\\\/golden-globes-2026-helen-mirren-honoree-par-le-prix-cecil-b-demille\\\/386977\\\/#primaryimage\"},\"thumbnailUrl\":\"https:\\\/\\\/www.webdo.tn\\\/fr\\\/wp-content\\\/uploads\\\/2025\\\/11\\\/Golden-Globes-Helen-Mirren-H.jpg\",\"keywords\":[\"actrice\",\"Cin\u00e9ma\",\"Golden Globes\",\"Golden Globes 2026\",\"Hommage\"],\"articleSection\":[\"Culture\"],\"inLanguage\":\"fr-FR\"},{\"@type\":\"WebPage\",\"@id\":\"https:\\\/\\\/www.webdo.tn\\\/fr\\\/actualite\\\/culture\\\/golden-globes-2026-helen-mirren-honoree-par-le-prix-cecil-b-demille\\\/386977\\\/\",\"url\":\"https:\\\/\\\/www.webdo.tn\\\/fr\\\/actualite\\\/culture\\\/golden-globes-2026-helen-mirren-honoree-par-le-prix-cecil-b-demille\\\/386977\\\/\",\"name\":\"Golden Globes 2026 : Helen Mirren honor\u00e9e par le prix Cecil B. DeMille - webdo\",\"isPartOf\":{\"@id\":\"https:\\\/\\\/www.webdo.tn\\\/fr\\\/#website\"},\"primaryImageOfPage\":{\"@id\":\"https:\\\/\\\/www.webdo.tn\\\/fr\\\/actualite\\\/culture\\\/golden-globes-2026-helen-mirren-honoree-par-le-prix-cecil-b-demille\\\/386977\\\/#primaryimage\"},\"image\":{\"@id\":\"https:\\\/\\\/www.webdo.tn\\\/fr\\\/actualite\\\/culture\\\/golden-globes-2026-helen-mirren-honoree-par-le-prix-cecil-b-demille\\\/386977\\\/#primaryimage\"},\"thumbnailUrl\":\"https:\\\/\\\/www.webdo.tn\\\/fr\\\/wp-content\\\/uploads\\\/2025\\\/11\\\/Golden-Globes-Helen-Mirren-H.jpg\",\"datePublished\":\"2025-11-05T16:23:34+00:00\",\"dateModified\":\"2025-11-05T16:33:20+00:00\",\"description\":\"Helen Mirren recevra le prix Cecil B. DeMille lors de l\u2019\u00e9mission sp\u00e9ciale \u00ab Golden Eve \u00bb diffus\u00e9e le 8 janvier 2026 avant les Golden Globes.\",\"breadcrumb\":{\"@id\":\"https:\\\/\\\/www.webdo.tn\\\/fr\\\/actualite\\\/culture\\\/golden-globes-2026-helen-mirren-honoree-par-le-prix-cecil-b-demille\\\/386977\\\/#breadcrumb\"},\"inLanguage\":\"fr-FR\",\"potentialAction\":[{\"@type\":\"ReadAction\",\"target\":[\"https:\\\/\\\/www.webdo.tn\\\/fr\\\/actualite\\\/culture\\\/golden-globes-2026-helen-mirren-honoree-par-le-prix-cecil-b-demille\\\/386977\\\/\"]}]},{\"@type\":\"ImageObject\",\"inLanguage\":\"fr-FR\",\"@id\":\"https:\\\/\\\/www.webdo.tn\\\/fr\\\/actualite\\\/culture\\\/golden-globes-2026-helen-mirren-honoree-par-le-prix-cecil-b-demille\\\/386977\\\/#primaryimage\",\"url\":\"https:\\\/\\\/www.webdo.tn\\\/fr\\\/wp-content\\\/uploads\\\/2025\\\/11\\\/Golden-Globes-Helen-Mirren-H.jpg\",\"contentUrl\":\"https:\\\/\\\/www.webdo.tn\\\/fr\\\/wp-content\\\/uploads\\\/2025\\\/11\\\/Golden-Globes-Helen-Mirren-H.jpg\",\"width\":2560,\"height\":1440,\"caption\":\"Golden Globes 2026 Helen Mirren\"},{\"@type\":\"BreadcrumbList\",\"@id\":\"https:\\\/\\\/www.webdo.tn\\\/fr\\\/actualite\\\/culture\\\/golden-globes-2026-helen-mirren-honoree-par-le-prix-cecil-b-demille\\\/386977\\\/#breadcrumb\",\"itemListElement\":[{\"@type\":\"ListItem\",\"position\":1,\"name\":\"Accueil\",\"item\":\"https:\\\/\\\/www.webdo.tn\\\/fr\\\/\"},{\"@type\":\"ListItem\",\"position\":2,\"name\":\"Golden Globes 2026 : Helen Mirren honor\u00e9e par le prix Cecil B. DeMille\"}]},{\"@type\":\"WebSite\",\"@id\":\"https:\\\/\\\/www.webdo.tn\\\/fr\\\/#website\",\"url\":\"https:\\\/\\\/www.webdo.tn\\\/fr\\\/\",\"name\":\"webdo\",\"description\":\"Tunisie - News en Tunisie et \u00e0 l&#039;international sur Webdo.tn\",\"publisher\":{\"@id\":\"https:\\\/\\\/www.webdo.tn\\\/fr\\\/#organization\"},\"potentialAction\":[{\"@type\":\"SearchAction\",\"target\":{\"@type\":\"EntryPoint\",\"urlTemplate\":\"https:\\\/\\\/www.webdo.tn\\\/fr\\\/?s={search_term_string}\"},\"query-input\":{\"@type\":\"PropertyValueSpecification\",\"valueRequired\":true,\"valueName\":\"search_term_string\"}}],\"inLanguage\":\"fr-FR\"},{\"@type\":\"Organization\",\"@id\":\"https:\\\/\\\/www.webdo.tn\\\/fr\\\/#organization\",\"name\":\"Webdo\",\"alternateName\":\"Webdo.tn\",\"url\":\"https:\\\/\\\/www.webdo.tn\\\/fr\\\/\",\"logo\":{\"@type\":\"ImageObject\",\"inLanguage\":\"fr-FR\",\"@id\":\"https:\\\/\\\/www.webdo.tn\\\/fr\\\/#\\\/schema\\\/logo\\\/image\\\/\",\"url\":\"https:\\\/\\\/www.webdo.tn\\\/fr\\\/wp-content\\\/uploads\\\/2025\\\/06\\\/Webdo-Tunisie_168377.jpg\",\"contentUrl\":\"https:\\\/\\\/www.webdo.tn\\\/fr\\\/wp-content\\\/uploads\\\/2025\\\/06\\\/Webdo-Tunisie_168377.jpg\",\"width\":301,\"height\":301,\"caption\":\"Webdo\"},\"image\":{\"@id\":\"https:\\\/\\\/www.webdo.tn\\\/fr\\\/#\\\/schema\\\/logo\\\/image\\\/\"},\"sameAs\":[\"https:\\\/\\\/www.facebook.com\\\/webdotn\",\"https:\\\/\\\/x.com\\\/webdo_tn\"],\"description\":\"Webdo est un m\u00e9dia num\u00e9rique tunisien fond\u00e9 en 2010, sp\u00e9cialis\u00e9 dans l\u2019actualit\u00e9 nationale et internationale, l\u2019\u00e9conomie, la soci\u00e9t\u00e9 et les analyses politiques. Le site s\u2019adresse \u00e0 un large public francophone et couvre l\u2019information tunisienne en temps r\u00e9el.\",\"email\":\"redac@webdo.tn\",\"legalName\":\"YNJ SARL\",\"foundingDate\":\"2010-09-06\",\"numberOfEmployees\":{\"@type\":\"QuantitativeValue\",\"minValue\":\"11\",\"maxValue\":\"50\"}},{\"@type\":\"Person\",\"@id\":\"https:\\\/\\\/www.webdo.tn\\\/fr\\\/#\\\/schema\\\/person\\\/60d5ba619ed3f58783b0dc82b7dada80\",\"name\":\"Ne\u00efla DRISS\",\"image\":{\"@type\":\"ImageObject\",\"inLanguage\":\"fr-FR\",\"@id\":\"https:\\\/\\\/www.webdo.tn\\\/fr\\\/wp-content\\\/uploads\\\/2026\\\/04\\\/neila-driss_avatar-96x96.jpg\",\"url\":\"https:\\\/\\\/www.webdo.tn\\\/fr\\\/wp-content\\\/uploads\\\/2026\\\/04\\\/neila-driss_avatar-96x96.jpg\",\"contentUrl\":\"https:\\\/\\\/www.webdo.tn\\\/fr\\\/wp-content\\\/uploads\\\/2026\\\/04\\\/neila-driss_avatar-96x96.jpg\",\"caption\":\"Ne\u00efla DRISS\"},\"description\":\"Ne\u00efla Driss est juriste, journaliste culturelle et critique de cin\u00e9ma tunisienne. Titulaire d\u2019un DEA en droit priv\u00e9 de l\u2019Universit\u00e9 Paris II et d\u2019un DESS de l\u2019IHEC Carthage, elle d\u00e9bute sa carri\u00e8re comme juriste sp\u00e9cialis\u00e9e en gestion de patrimoine immobilier. Elle s\u2019oriente ensuite vers l\u2019\u00e9criture en ligne, o\u00f9 elle se distingue d\u00e8s 2006 aux Tunisia Blog Awards, avant de se consacrer au journalisme culturel, avec une sp\u00e9cialisation dans la critique cin\u00e9matographique. Elle couvre r\u00e9guli\u00e8rement les grands festivals internationaux, notamment le Festival de Cannes, les Journ\u00e9es Cin\u00e9matographiques de Carthage et le Festival du film du Caire. Membre de l\u2019ATPCC et de la FIPRESCI, elle participe \u00e0 des jurys et initiatives internationales de critique. Depuis 2024, elle est \u00e9lectrice internationale aux Golden Globes. Facebook : https:\\\/\\\/www.facebook.com\\\/massir.destiniii\\\/ X : https:\\\/\\\/x.com\\\/MassirDestin\",\"sameAs\":[\"https:\\\/\\\/www.facebook.com\\\/massir.destiniii\\\/\",\"https:\\\/\\\/www.instagram.com\\\/neila.driss\\\/?hl=fr\",\"https:\\\/\\\/www.linkedin.com\\\/in\\\/neila-driss-22606a80\\\/\",\"https:\\\/\\\/x.com\\\/https:\\\/\\\/x.com\\\/MassirDestin\"],\"knowsAbout\":[\"Cin\u00e9ma international\",\"critique cin\u00e9matographique\",\"festivals de cin\u00e9ma\",\"journalisme culturel\"],\"knowsLanguage\":[\"Fran\u00e7ais\",\"Arabe\",\"Anglais\"],\"jobTitle\":\"Journaliste culturelle et critique de cin\u00e9ma\",\"worksFor\":\"Webdo\",\"url\":\"https:\\\/\\\/www.webdo.tn\\\/fr\\\/actualite\\\/author\\\/neila-driss\\\/\"}]}<\/script>\n<!-- \/ Yoast SEO Premium plugin. -->","yoast_head_json":{"title":"Golden Globes 2026 : Helen Mirren honor\u00e9e par le prix Cecil B. DeMille - webdo","description":"Helen Mirren recevra le prix Cecil B. DeMille lors de l\u2019\u00e9mission sp\u00e9ciale \u00ab Golden Eve \u00bb diffus\u00e9e le 8 janvier 2026 avant les Golden Globes.","canonical":"https:\/\/www.webdo.tn\/fr\/actualite\/culture\/golden-globes-2026-helen-mirren-honoree-par-le-prix-cecil-b-demille\/386977\/","og_locale":"fr_FR","og_type":"article","og_title":"Golden Globes 2026 : Helen Mirren honor\u00e9e par le prix Cecil B. DeMille","og_description":"Helen Mirren recevra le prix Cecil B. DeMille lors de l\u2019\u00e9mission sp\u00e9ciale \u00ab Golden Eve \u00bb diffus\u00e9e le 8 janvier 2026 avant les Golden Globes.","og_url":"https:\/\/www.webdo.tn\/fr\/actualite\/culture\/golden-globes-2026-helen-mirren-honoree-par-le-prix-cecil-b-demille\/386977\/","og_site_name":"webdo","article_publisher":"https:\/\/www.facebook.com\/webdotn","article_author":"https:\/\/www.facebook.com\/massir.destiniii\/","article_published_time":"2025-11-05T16:23:34+00:00","article_modified_time":"2025-11-05T16:33:20+00:00","og_image":[{"width":2560,"height":1440,"url":"https:\/\/www.webdo.tn\/fr\/wp-content\/uploads\/2025\/11\/Golden-Globes-Helen-Mirren-H.jpg","type":"image\/jpeg"}],"author":"Ne\u00efla DRISS","twitter_card":"summary_large_image","twitter_creator":"@https:\/\/x.com\/MassirDestin","twitter_site":"@webdo_tn","twitter_misc":{"\u00c9crit par":"Ne\u00efla DRISS","Dur\u00e9e de lecture estim\u00e9e":"5 minutes"},"schema":{"@context":"https:\/\/schema.org","@graph":[{"@type":"NewsArticle","@id":"https:\/\/www.webdo.tn\/fr\/actualite\/culture\/golden-globes-2026-helen-mirren-honoree-par-le-prix-cecil-b-demille\/386977\/#article","isPartOf":{"@id":"https:\/\/www.webdo.tn\/fr\/actualite\/culture\/golden-globes-2026-helen-mirren-honoree-par-le-prix-cecil-b-demille\/386977\/"},"author":{"name":"Ne\u00efla DRISS","@id":"https:\/\/www.webdo.tn\/fr\/#\/schema\/person\/60d5ba619ed3f58783b0dc82b7dada80"},"headline":"Golden Globes 2026 : Helen Mirren honor\u00e9e par le prix Cecil B. DeMille","datePublished":"2025-11-05T16:23:34+00:00","dateModified":"2025-11-05T16:33:20+00:00","mainEntityOfPage":{"@id":"https:\/\/www.webdo.tn\/fr\/actualite\/culture\/golden-globes-2026-helen-mirren-honoree-par-le-prix-cecil-b-demille\/386977\/"},"wordCount":995,"publisher":{"@id":"https:\/\/www.webdo.tn\/fr\/#organization"},"image":{"@id":"https:\/\/www.webdo.tn\/fr\/actualite\/culture\/golden-globes-2026-helen-mirren-honoree-par-le-prix-cecil-b-demille\/386977\/#primaryimage"},"thumbnailUrl":"https:\/\/www.webdo.tn\/fr\/wp-content\/uploads\/2025\/11\/Golden-Globes-Helen-Mirren-H.jpg","keywords":["actrice","Cin\u00e9ma","Golden Globes","Golden Globes 2026","Hommage"],"articleSection":["Culture"],"inLanguage":"fr-FR"},{"@type":"WebPage","@id":"https:\/\/www.webdo.tn\/fr\/actualite\/culture\/golden-globes-2026-helen-mirren-honoree-par-le-prix-cecil-b-demille\/386977\/","url":"https:\/\/www.webdo.tn\/fr\/actualite\/culture\/golden-globes-2026-helen-mirren-honoree-par-le-prix-cecil-b-demille\/386977\/","name":"Golden Globes 2026 : Helen Mirren honor\u00e9e par le prix Cecil B. DeMille - webdo","isPartOf":{"@id":"https:\/\/www.webdo.tn\/fr\/#website"},"primaryImageOfPage":{"@id":"https:\/\/www.webdo.tn\/fr\/actualite\/culture\/golden-globes-2026-helen-mirren-honoree-par-le-prix-cecil-b-demille\/386977\/#primaryimage"},"image":{"@id":"https:\/\/www.webdo.tn\/fr\/actualite\/culture\/golden-globes-2026-helen-mirren-honoree-par-le-prix-cecil-b-demille\/386977\/#primaryimage"},"thumbnailUrl":"https:\/\/www.webdo.tn\/fr\/wp-content\/uploads\/2025\/11\/Golden-Globes-Helen-Mirren-H.jpg","datePublished":"2025-11-05T16:23:34+00:00","dateModified":"2025-11-05T16:33:20+00:00","description":"Helen Mirren recevra le prix Cecil B. DeMille lors de l\u2019\u00e9mission sp\u00e9ciale \u00ab Golden Eve \u00bb diffus\u00e9e le 8 janvier 2026 avant les Golden Globes.","breadcrumb":{"@id":"https:\/\/www.webdo.tn\/fr\/actualite\/culture\/golden-globes-2026-helen-mirren-honoree-par-le-prix-cecil-b-demille\/386977\/#breadcrumb"},"inLanguage":"fr-FR","potentialAction":[{"@type":"ReadAction","target":["https:\/\/www.webdo.tn\/fr\/actualite\/culture\/golden-globes-2026-helen-mirren-honoree-par-le-prix-cecil-b-demille\/386977\/"]}]},{"@type":"ImageObject","inLanguage":"fr-FR","@id":"https:\/\/www.webdo.tn\/fr\/actualite\/culture\/golden-globes-2026-helen-mirren-honoree-par-le-prix-cecil-b-demille\/386977\/#primaryimage","url":"https:\/\/www.webdo.tn\/fr\/wp-content\/uploads\/2025\/11\/Golden-Globes-Helen-Mirren-H.jpg","contentUrl":"https:\/\/www.webdo.tn\/fr\/wp-content\/uploads\/2025\/11\/Golden-Globes-Helen-Mirren-H.jpg","width":2560,"height":1440,"caption":"Golden Globes 2026 Helen Mirren"},{"@type":"BreadcrumbList","@id":"https:\/\/www.webdo.tn\/fr\/actualite\/culture\/golden-globes-2026-helen-mirren-honoree-par-le-prix-cecil-b-demille\/386977\/#breadcrumb","itemListElement":[{"@type":"ListItem","position":1,"name":"Accueil","item":"https:\/\/www.webdo.tn\/fr\/"},{"@type":"ListItem","position":2,"name":"Golden Globes 2026 : Helen Mirren honor\u00e9e par le prix Cecil B. DeMille"}]},{"@type":"WebSite","@id":"https:\/\/www.webdo.tn\/fr\/#website","url":"https:\/\/www.webdo.tn\/fr\/","name":"webdo","description":"Tunisie - News en Tunisie et \u00e0 l&#039;international sur Webdo.tn","publisher":{"@id":"https:\/\/www.webdo.tn\/fr\/#organization"},"potentialAction":[{"@type":"SearchAction","target":{"@type":"EntryPoint","urlTemplate":"https:\/\/www.webdo.tn\/fr\/?s={search_term_string}"},"query-input":{"@type":"PropertyValueSpecification","valueRequired":true,"valueName":"search_term_string"}}],"inLanguage":"fr-FR"},{"@type":"Organization","@id":"https:\/\/www.webdo.tn\/fr\/#organization","name":"Webdo","alternateName":"Webdo.tn","url":"https:\/\/www.webdo.tn\/fr\/","logo":{"@type":"ImageObject","inLanguage":"fr-FR","@id":"https:\/\/www.webdo.tn\/fr\/#\/schema\/logo\/image\/","url":"https:\/\/www.webdo.tn\/fr\/wp-content\/uploads\/2025\/06\/Webdo-Tunisie_168377.jpg","contentUrl":"https:\/\/www.webdo.tn\/fr\/wp-content\/uploads\/2025\/06\/Webdo-Tunisie_168377.jpg","width":301,"height":301,"caption":"Webdo"},"image":{"@id":"https:\/\/www.webdo.tn\/fr\/#\/schema\/logo\/image\/"},"sameAs":["https:\/\/www.facebook.com\/webdotn","https:\/\/x.com\/webdo_tn"],"description":"Webdo est un m\u00e9dia num\u00e9rique tunisien fond\u00e9 en 2010, sp\u00e9cialis\u00e9 dans l\u2019actualit\u00e9 nationale et internationale, l\u2019\u00e9conomie, la soci\u00e9t\u00e9 et les analyses politiques. Le site s\u2019adresse \u00e0 un large public francophone et couvre l\u2019information tunisienne en temps r\u00e9el.","email":"redac@webdo.tn","legalName":"YNJ SARL","foundingDate":"2010-09-06","numberOfEmployees":{"@type":"QuantitativeValue","minValue":"11","maxValue":"50"}},{"@type":"Person","@id":"https:\/\/www.webdo.tn\/fr\/#\/schema\/person\/60d5ba619ed3f58783b0dc82b7dada80","name":"Ne\u00efla DRISS","image":{"@type":"ImageObject","inLanguage":"fr-FR","@id":"https:\/\/www.webdo.tn\/fr\/wp-content\/uploads\/2026\/04\/neila-driss_avatar-96x96.jpg","url":"https:\/\/www.webdo.tn\/fr\/wp-content\/uploads\/2026\/04\/neila-driss_avatar-96x96.jpg","contentUrl":"https:\/\/www.webdo.tn\/fr\/wp-content\/uploads\/2026\/04\/neila-driss_avatar-96x96.jpg","caption":"Ne\u00efla DRISS"},"description":"Ne\u00efla Driss est juriste, journaliste culturelle et critique de cin\u00e9ma tunisienne. Titulaire d\u2019un DEA en droit priv\u00e9 de l\u2019Universit\u00e9 Paris II et d\u2019un DESS de l\u2019IHEC Carthage, elle d\u00e9bute sa carri\u00e8re comme juriste sp\u00e9cialis\u00e9e en gestion de patrimoine immobilier. Elle s\u2019oriente ensuite vers l\u2019\u00e9criture en ligne, o\u00f9 elle se distingue d\u00e8s 2006 aux Tunisia Blog Awards, avant de se consacrer au journalisme culturel, avec une sp\u00e9cialisation dans la critique cin\u00e9matographique. Elle couvre r\u00e9guli\u00e8rement les grands festivals internationaux, notamment le Festival de Cannes, les Journ\u00e9es Cin\u00e9matographiques de Carthage et le Festival du film du Caire. Membre de l\u2019ATPCC et de la FIPRESCI, elle participe \u00e0 des jurys et initiatives internationales de critique. Depuis 2024, elle est \u00e9lectrice internationale aux Golden Globes. Facebook : https:\/\/www.facebook.com\/massir.destiniii\/ X : https:\/\/x.com\/MassirDestin","sameAs":["https:\/\/www.facebook.com\/massir.destiniii\/","https:\/\/www.instagram.com\/neila.driss\/?hl=fr","https:\/\/www.linkedin.com\/in\/neila-driss-22606a80\/","https:\/\/x.com\/https:\/\/x.com\/MassirDestin"],"knowsAbout":["Cin\u00e9ma international","critique cin\u00e9matographique","festivals de cin\u00e9ma","journalisme culturel"],"knowsLanguage":["Fran\u00e7ais","Arabe","Anglais"],"jobTitle":"Journaliste culturelle et critique de cin\u00e9ma","worksFor":"Webdo","url":"https:\/\/www.webdo.tn\/fr\/actualite\/author\/neila-driss\/"}]}},"_links":{"self":[{"href":"https:\/\/www.webdo.tn\/fr\/wp-json\/wp\/v2\/posts\/386977","targetHints":{"allow":["GET"]}}],"collection":[{"href":"https:\/\/www.webdo.tn\/fr\/wp-json\/wp\/v2\/posts"}],"about":[{"href":"https:\/\/www.webdo.tn\/fr\/wp-json\/wp\/v2\/types\/post"}],"author":[{"embeddable":true,"href":"https:\/\/www.webdo.tn\/fr\/wp-json\/wp\/v2\/users\/3164"}],"replies":[{"embeddable":true,"href":"https:\/\/www.webdo.tn\/fr\/wp-json\/wp\/v2\/comments?post=386977"}],"version-history":[{"count":0,"href":"https:\/\/www.webdo.tn\/fr\/wp-json\/wp\/v2\/posts\/386977\/revisions"}],"wp:featuredmedia":[{"embeddable":true,"href":"https:\/\/www.webdo.tn\/fr\/wp-json\/wp\/v2\/media\/386980"}],"wp:attachment":[{"href":"https:\/\/www.webdo.tn\/fr\/wp-json\/wp\/v2\/media?parent=386977"}],"wp:term":[{"taxonomy":"category","embeddable":true,"href":"https:\/\/www.webdo.tn\/fr\/wp-json\/wp\/v2\/categories?post=386977"},{"taxonomy":"post_tag","embeddable":true,"href":"https:\/\/www.webdo.tn\/fr\/wp-json\/wp\/v2\/tags?post=386977"}],"curies":[{"name":"wp","href":"https:\/\/api.w.org\/{rel}","templated":true}]}}