{"id":386565,"date":"2025-10-30T08:59:53","date_gmt":"2025-10-30T07:59:53","guid":{"rendered":"https:\/\/www.webdo.tn\/fr\/?p=386565"},"modified":"2025-10-30T08:59:53","modified_gmt":"2025-10-30T07:59:53","slug":"tunisie-jaouhar-ben-mbarek-entame-une-greve-de-la-faim-sauvage","status":"publish","type":"post","link":"https:\/\/www.webdo.tn\/fr\/actualite\/national\/tunisie-jaouhar-ben-mbarek-entame-une-greve-de-la-faim-sauvage\/386565\/","title":{"rendered":"Tunisie : Jaouhar Ben Mbarek entame une gr\u00e8ve de la faim sauvage"},"content":{"rendered":"\n<p>Jaouhar Ben Mbarek, d\u00e9tenu dans le cadre de l\u2019affaire dite du \u00ab complot contre la s\u00fbret\u00e9 de l\u2019\u00c9tat \u00bb, a entam\u00e9 depuis minuit une gr\u00e8ve de la faim sauvage, refusant de s\u2019alimenter, de boire et de prendre ses m\u00e9dicaments.<\/p>\n\n\n\n<p>Selon le comit\u00e9 de d\u00e9fense, ce geste extr\u00eame constitue un acte de protestation contre un proc\u00e8s jug\u00e9 in\u00e9quitable et d\u00e9nu\u00e9 de fondement, qualifi\u00e9 par le d\u00e9tenu de \u00ab proc\u00e8s impossible \u00bb. D\u00e9j\u00e0 atteint d\u2019hypertension et pr\u00e9sentant les premiers signes de diab\u00e8te, Jaouhar Ben Mbarek expose ainsi sa sant\u00e9 \u00e0 un risque vital.<\/p>\n\n\n\n<p>Ses avocats d\u00e9noncent une strat\u00e9gie d\u2019usure et une lente \u00e9limination des opposants politiques, rendue possible par des d\u00e9tentions prolong\u00e9es et des conditions de d\u00e9tention jug\u00e9es d\u00e9gradantes.<\/p>\n\n\n\n<p>L\u2019affaire dite de \u00ab complot contre la s\u00fbret\u00e9 de l\u2019\u00c9tat \u00bb remonte \u00e0 f\u00e9vrier 2023, lorsque plusieurs figures politiques, avocats et militants &#8211; dont Jaouhar Ben Mbarek, condamn\u00e9 \u00e0 18 ans de prison &#8211; ont \u00e9t\u00e9 arr\u00eat\u00e9s et accus\u00e9s de complot contre le pouvoir.<\/p>\n\n\n\n<p>Les autorit\u00e9s les soup\u00e7onnent d\u2019avoir tent\u00e9 de renverser le r\u00e9gime ou de porter atteinte \u00e0 la s\u00e9curit\u00e9 nationale, des accusations que la d\u00e9fense juge infond\u00e9es et politiquement motiv\u00e9es.<\/p>\n\n\n\n<p>Le prochain renvoi de l\u2019affaire est fix\u00e9 au 17 novembre 2025.<\/p>\n\n\n\n<p><\/p>\n\n\n\n<blockquote class=\"wp-block-quote is-layout-flow wp-block-quote-is-layout-flow\">\n<blockquote class=\"wp-block-quote is-layout-flow wp-block-quote-is-layout-flow\">\n<p>Lire aussi<\/p>\n\n\n\n<ul class=\"wp-block-list\">\n<li><a href=\"https:\/\/www.webdo.tn\/fr\/actualite\/national\/affaire-du-complot-contre-letat-laudience-dappel-reportee-au-17-novembre\/386361\/\">Affaire du complot contre l\u2019\u00c9tat : L\u2019audience d\u2019appel report\u00e9e au 17 novembre<\/a><\/li>\n\n\n\n<li><a href=\"https:\/\/www.webdo.tn\/fr\/actualite\/national\/tunisie-affaire-du-complot-la-liste-complete-des-37-condamnes-publiee-par-la-tap\/221397\/\">Tunisie \u2013 Affaire du complot : la liste compl\u00e8te des 37 condamn\u00e9s<\/a><\/li>\n\n\n\n<li><a href=\"https:\/\/www.webdo.tn\/fr\/actualite\/national\/tunisie-affaire-de-complot-des-peines-de-prison-allant-de-13-a-66-ans-prononcees-contre-les-accuses\/221382\/\">Tunisie \u2013 Affaire de \u00ab\u00a0complot\u00a0\u00bb : Des peines de prison allant de 13 \u00e0 66 ans prononc\u00e9es contre les accus\u00e9s<\/a><\/li>\n<\/ul>\n<\/blockquote>\n<\/blockquote>\n","protected":false},"excerpt":{"rendered":"<p>Jaouhar Ben Mbarek, d\u00e9tenu dans le cadre de l\u2019affaire dite du \u00ab complot contre la s\u00fbret\u00e9 de l\u2019\u00c9tat \u00bb, a entam\u00e9 depuis minuit une gr\u00e8ve de la faim sauvage, refusant de s\u2019alimenter, de boire et de prendre ses m\u00e9dicaments. Selon le comit\u00e9 de d\u00e9fense, ce geste extr\u00eame constitue un acte de protestation contre un proc\u00e8s [&hellip;]<\/p>\n","protected":false},"author":3191,"featured_media":386566,"comment_status":"closed","ping_status":"closed","sticky":false,"template":"","format":"standard","meta":{"footnotes":""},"categories":[44],"tags":[3000,6427,2608],"class_list":["post-386565","post","type-post","status-publish","format-standard","has-post-thumbnail","hentry","category-national","tag-complot-contre-la-surete-de-letat","tag-jaouher-ben-mbarek","tag-tunisie"],"yoast_head":"<!-- This site is optimized with the Yoast SEO Premium plugin v27.5 (Yoast SEO v27.5) - https:\/\/yoast.com\/product\/yoast-seo-premium-wordpress\/ -->\n<title>Tunisie : Jaouhar Ben Mbarek entame une gr\u00e8ve de la faim sauvage - webdo<\/title>\n<meta name=\"description\" content=\"Jaouhar Ben Mbarek commence une gr\u00e8ve de la faim sauvage pour protester contre un proc\u00e8s jug\u00e9 in\u00e9quitable. D\u00e9couvrez ses motivations.\" \/>\n<link rel=\"canonical\" href=\"https:\/\/www.webdo.tn\/fr\/actualite\/national\/tunisie-jaouhar-ben-mbarek-entame-une-greve-de-la-faim-sauvage\/386565\/\" \/>\n<meta property=\"og:locale\" content=\"fr_FR\" \/>\n<meta property=\"og:type\" content=\"article\" \/>\n<meta property=\"og:title\" content=\"Tunisie : Jaouhar Ben Mbarek entame une gr\u00e8ve de la faim sauvage\" \/>\n<meta property=\"og:description\" content=\"Jaouhar Ben Mbarek commence une gr\u00e8ve de la faim sauvage pour protester contre un proc\u00e8s jug\u00e9 in\u00e9quitable. D\u00e9couvrez ses motivations.\" \/>\n<meta property=\"og:url\" content=\"https:\/\/www.webdo.tn\/fr\/actualite\/national\/tunisie-jaouhar-ben-mbarek-entame-une-greve-de-la-faim-sauvage\/386565\/\" \/>\n<meta property=\"og:site_name\" content=\"webdo\" \/>\n<meta property=\"article:publisher\" content=\"https:\/\/www.facebook.com\/webdotn\" \/>\n<meta property=\"article:published_time\" content=\"2025-10-30T07:59:53+00:00\" \/>\n<meta property=\"og:image\" content=\"https:\/\/www.webdo.tn\/fr\/wp-content\/uploads\/2025\/10\/jaouhar-ben-mbarek.jpg\" \/>\n\t<meta property=\"og:image:width\" content=\"1200\" \/>\n\t<meta property=\"og:image:height\" content=\"589\" \/>\n\t<meta property=\"og:image:type\" content=\"image\/jpeg\" \/>\n<meta name=\"author\" content=\"Mohamed Hedi Touati\" \/>\n<meta name=\"twitter:card\" content=\"summary_large_image\" \/>\n<meta name=\"twitter:creator\" content=\"@webdo_tn\" \/>\n<meta name=\"twitter:site\" content=\"@webdo_tn\" \/>\n<meta name=\"twitter:label1\" content=\"\u00c9crit par\" \/>\n\t<meta name=\"twitter:data1\" content=\"Mohamed Hedi Touati\" \/>\n\t<meta name=\"twitter:label2\" content=\"Dur\u00e9e de lecture estim\u00e9e\" \/>\n\t<meta name=\"twitter:data2\" content=\"2 minutes\" \/>\n<script type=\"application\/ld+json\" class=\"yoast-schema-graph\">{\"@context\":\"https:\\\/\\\/schema.org\",\"@graph\":[{\"@type\":\"NewsArticle\",\"@id\":\"https:\\\/\\\/www.webdo.tn\\\/fr\\\/actualite\\\/national\\\/tunisie-jaouhar-ben-mbarek-entame-une-greve-de-la-faim-sauvage\\\/386565\\\/#article\",\"isPartOf\":{\"@id\":\"https:\\\/\\\/www.webdo.tn\\\/fr\\\/actualite\\\/national\\\/tunisie-jaouhar-ben-mbarek-entame-une-greve-de-la-faim-sauvage\\\/386565\\\/\"},\"author\":{\"name\":\"Mohamed Hedi Touati\",\"@id\":\"https:\\\/\\\/www.webdo.tn\\\/fr\\\/#\\\/schema\\\/person\\\/c652cd8fc2b1b44412b5ffb48c5a911d\"},\"headline\":\"Tunisie : Jaouhar Ben Mbarek entame une gr\u00e8ve de la faim sauvage\",\"datePublished\":\"2025-10-30T07:59:53+00:00\",\"mainEntityOfPage\":{\"@id\":\"https:\\\/\\\/www.webdo.tn\\\/fr\\\/actualite\\\/national\\\/tunisie-jaouhar-ben-mbarek-entame-une-greve-de-la-faim-sauvage\\\/386565\\\/\"},\"wordCount\":284,\"publisher\":{\"@id\":\"https:\\\/\\\/www.webdo.tn\\\/fr\\\/#organization\"},\"image\":{\"@id\":\"https:\\\/\\\/www.webdo.tn\\\/fr\\\/actualite\\\/national\\\/tunisie-jaouhar-ben-mbarek-entame-une-greve-de-la-faim-sauvage\\\/386565\\\/#primaryimage\"},\"thumbnailUrl\":\"https:\\\/\\\/www.webdo.tn\\\/fr\\\/wp-content\\\/uploads\\\/2025\\\/10\\\/jaouhar-ben-mbarek.jpg\",\"keywords\":[\"complot contre la s\u00fbret\u00e9 de l'Etat\",\"jaouher ben mbarek\",\"Tunisie\"],\"articleSection\":[\"National\"],\"inLanguage\":\"fr-FR\"},{\"@type\":\"WebPage\",\"@id\":\"https:\\\/\\\/www.webdo.tn\\\/fr\\\/actualite\\\/national\\\/tunisie-jaouhar-ben-mbarek-entame-une-greve-de-la-faim-sauvage\\\/386565\\\/\",\"url\":\"https:\\\/\\\/www.webdo.tn\\\/fr\\\/actualite\\\/national\\\/tunisie-jaouhar-ben-mbarek-entame-une-greve-de-la-faim-sauvage\\\/386565\\\/\",\"name\":\"Tunisie : Jaouhar Ben Mbarek entame une gr\u00e8ve de la faim sauvage - webdo\",\"isPartOf\":{\"@id\":\"https:\\\/\\\/www.webdo.tn\\\/fr\\\/#website\"},\"primaryImageOfPage\":{\"@id\":\"https:\\\/\\\/www.webdo.tn\\\/fr\\\/actualite\\\/national\\\/tunisie-jaouhar-ben-mbarek-entame-une-greve-de-la-faim-sauvage\\\/386565\\\/#primaryimage\"},\"image\":{\"@id\":\"https:\\\/\\\/www.webdo.tn\\\/fr\\\/actualite\\\/national\\\/tunisie-jaouhar-ben-mbarek-entame-une-greve-de-la-faim-sauvage\\\/386565\\\/#primaryimage\"},\"thumbnailUrl\":\"https:\\\/\\\/www.webdo.tn\\\/fr\\\/wp-content\\\/uploads\\\/2025\\\/10\\\/jaouhar-ben-mbarek.jpg\",\"datePublished\":\"2025-10-30T07:59:53+00:00\",\"description\":\"Jaouhar Ben Mbarek commence une gr\u00e8ve de la faim sauvage pour protester contre un proc\u00e8s jug\u00e9 in\u00e9quitable. D\u00e9couvrez ses motivations.\",\"breadcrumb\":{\"@id\":\"https:\\\/\\\/www.webdo.tn\\\/fr\\\/actualite\\\/national\\\/tunisie-jaouhar-ben-mbarek-entame-une-greve-de-la-faim-sauvage\\\/386565\\\/#breadcrumb\"},\"inLanguage\":\"fr-FR\",\"potentialAction\":[{\"@type\":\"ReadAction\",\"target\":[\"https:\\\/\\\/www.webdo.tn\\\/fr\\\/actualite\\\/national\\\/tunisie-jaouhar-ben-mbarek-entame-une-greve-de-la-faim-sauvage\\\/386565\\\/\"]}]},{\"@type\":\"ImageObject\",\"inLanguage\":\"fr-FR\",\"@id\":\"https:\\\/\\\/www.webdo.tn\\\/fr\\\/actualite\\\/national\\\/tunisie-jaouhar-ben-mbarek-entame-une-greve-de-la-faim-sauvage\\\/386565\\\/#primaryimage\",\"url\":\"https:\\\/\\\/www.webdo.tn\\\/fr\\\/wp-content\\\/uploads\\\/2025\\\/10\\\/jaouhar-ben-mbarek.jpg\",\"contentUrl\":\"https:\\\/\\\/www.webdo.tn\\\/fr\\\/wp-content\\\/uploads\\\/2025\\\/10\\\/jaouhar-ben-mbarek.jpg\",\"width\":1200,\"height\":589,\"caption\":\"Tunisie : Jaouhar Ben Mbarek entame une gr\u00e8ve de la faim sauvage\"},{\"@type\":\"BreadcrumbList\",\"@id\":\"https:\\\/\\\/www.webdo.tn\\\/fr\\\/actualite\\\/national\\\/tunisie-jaouhar-ben-mbarek-entame-une-greve-de-la-faim-sauvage\\\/386565\\\/#breadcrumb\",\"itemListElement\":[{\"@type\":\"ListItem\",\"position\":1,\"name\":\"Accueil\",\"item\":\"https:\\\/\\\/www.webdo.tn\\\/fr\\\/\"},{\"@type\":\"ListItem\",\"position\":2,\"name\":\"Tunisie : Jaouhar Ben Mbarek entame une gr\u00e8ve de la faim sauvage\"}]},{\"@type\":\"WebSite\",\"@id\":\"https:\\\/\\\/www.webdo.tn\\\/fr\\\/#website\",\"url\":\"https:\\\/\\\/www.webdo.tn\\\/fr\\\/\",\"name\":\"webdo\",\"description\":\"Tunisie - News en Tunisie et \u00e0 l&#039;international sur Webdo.tn\",\"publisher\":{\"@id\":\"https:\\\/\\\/www.webdo.tn\\\/fr\\\/#organization\"},\"potentialAction\":[{\"@type\":\"SearchAction\",\"target\":{\"@type\":\"EntryPoint\",\"urlTemplate\":\"https:\\\/\\\/www.webdo.tn\\\/fr\\\/?s={search_term_string}\"},\"query-input\":{\"@type\":\"PropertyValueSpecification\",\"valueRequired\":true,\"valueName\":\"search_term_string\"}}],\"inLanguage\":\"fr-FR\"},{\"@type\":\"Organization\",\"@id\":\"https:\\\/\\\/www.webdo.tn\\\/fr\\\/#organization\",\"name\":\"Webdo\",\"alternateName\":\"Webdo.tn\",\"url\":\"https:\\\/\\\/www.webdo.tn\\\/fr\\\/\",\"logo\":{\"@type\":\"ImageObject\",\"inLanguage\":\"fr-FR\",\"@id\":\"https:\\\/\\\/www.webdo.tn\\\/fr\\\/#\\\/schema\\\/logo\\\/image\\\/\",\"url\":\"https:\\\/\\\/www.webdo.tn\\\/fr\\\/wp-content\\\/uploads\\\/2025\\\/06\\\/Webdo-Tunisie_168377.jpg\",\"contentUrl\":\"https:\\\/\\\/www.webdo.tn\\\/fr\\\/wp-content\\\/uploads\\\/2025\\\/06\\\/Webdo-Tunisie_168377.jpg\",\"width\":301,\"height\":301,\"caption\":\"Webdo\"},\"image\":{\"@id\":\"https:\\\/\\\/www.webdo.tn\\\/fr\\\/#\\\/schema\\\/logo\\\/image\\\/\"},\"sameAs\":[\"https:\\\/\\\/www.facebook.com\\\/webdotn\",\"https:\\\/\\\/x.com\\\/webdo_tn\"],\"description\":\"Webdo est un m\u00e9dia num\u00e9rique tunisien fond\u00e9 en 2010, sp\u00e9cialis\u00e9 dans l\u2019actualit\u00e9 nationale et internationale, l\u2019\u00e9conomie, la soci\u00e9t\u00e9 et les analyses politiques. Le site s\u2019adresse \u00e0 un large public francophone et couvre l\u2019information tunisienne en temps r\u00e9el.\",\"email\":\"redac@webdo.tn\",\"legalName\":\"YNJ SARL\",\"foundingDate\":\"2010-09-06\",\"numberOfEmployees\":{\"@type\":\"QuantitativeValue\",\"minValue\":\"11\",\"maxValue\":\"50\"}},{\"@type\":\"Person\",\"@id\":\"https:\\\/\\\/www.webdo.tn\\\/fr\\\/#\\\/schema\\\/person\\\/c652cd8fc2b1b44412b5ffb48c5a911d\",\"name\":\"Mohamed Hedi Touati\",\"image\":{\"@type\":\"ImageObject\",\"inLanguage\":\"fr-FR\",\"@id\":\"https:\\\/\\\/secure.gravatar.com\\\/avatar\\\/9cfd402c745b7a685f13eed0ea6e59d2144a3c2fc50a3db6fd5ed451f6cddf1a?s=96&d=mm&r=g\",\"url\":\"https:\\\/\\\/secure.gravatar.com\\\/avatar\\\/9cfd402c745b7a685f13eed0ea6e59d2144a3c2fc50a3db6fd5ed451f6cddf1a?s=96&d=mm&r=g\",\"contentUrl\":\"https:\\\/\\\/secure.gravatar.com\\\/avatar\\\/9cfd402c745b7a685f13eed0ea6e59d2144a3c2fc50a3db6fd5ed451f6cddf1a?s=96&d=mm&r=g\",\"caption\":\"Mohamed Hedi Touati\"},\"url\":\"https:\\\/\\\/www.webdo.tn\\\/fr\\\/actualite\\\/author\\\/mohamed-hedi-touati\\\/\"}]}<\/script>\n<!-- \/ Yoast SEO Premium plugin. -->","yoast_head_json":{"title":"Tunisie : Jaouhar Ben Mbarek entame une gr\u00e8ve de la faim sauvage - webdo","description":"Jaouhar Ben Mbarek commence une gr\u00e8ve de la faim sauvage pour protester contre un proc\u00e8s jug\u00e9 in\u00e9quitable. D\u00e9couvrez ses motivations.","canonical":"https:\/\/www.webdo.tn\/fr\/actualite\/national\/tunisie-jaouhar-ben-mbarek-entame-une-greve-de-la-faim-sauvage\/386565\/","og_locale":"fr_FR","og_type":"article","og_title":"Tunisie : Jaouhar Ben Mbarek entame une gr\u00e8ve de la faim sauvage","og_description":"Jaouhar Ben Mbarek commence une gr\u00e8ve de la faim sauvage pour protester contre un proc\u00e8s jug\u00e9 in\u00e9quitable. D\u00e9couvrez ses motivations.","og_url":"https:\/\/www.webdo.tn\/fr\/actualite\/national\/tunisie-jaouhar-ben-mbarek-entame-une-greve-de-la-faim-sauvage\/386565\/","og_site_name":"webdo","article_publisher":"https:\/\/www.facebook.com\/webdotn","article_published_time":"2025-10-30T07:59:53+00:00","og_image":[{"width":1200,"height":589,"url":"https:\/\/www.webdo.tn\/fr\/wp-content\/uploads\/2025\/10\/jaouhar-ben-mbarek.jpg","type":"image\/jpeg"}],"author":"Mohamed Hedi Touati","twitter_card":"summary_large_image","twitter_creator":"@webdo_tn","twitter_site":"@webdo_tn","twitter_misc":{"\u00c9crit par":"Mohamed Hedi Touati","Dur\u00e9e de lecture estim\u00e9e":"2 minutes"},"schema":{"@context":"https:\/\/schema.org","@graph":[{"@type":"NewsArticle","@id":"https:\/\/www.webdo.tn\/fr\/actualite\/national\/tunisie-jaouhar-ben-mbarek-entame-une-greve-de-la-faim-sauvage\/386565\/#article","isPartOf":{"@id":"https:\/\/www.webdo.tn\/fr\/actualite\/national\/tunisie-jaouhar-ben-mbarek-entame-une-greve-de-la-faim-sauvage\/386565\/"},"author":{"name":"Mohamed Hedi Touati","@id":"https:\/\/www.webdo.tn\/fr\/#\/schema\/person\/c652cd8fc2b1b44412b5ffb48c5a911d"},"headline":"Tunisie : Jaouhar Ben Mbarek entame une gr\u00e8ve de la faim sauvage","datePublished":"2025-10-30T07:59:53+00:00","mainEntityOfPage":{"@id":"https:\/\/www.webdo.tn\/fr\/actualite\/national\/tunisie-jaouhar-ben-mbarek-entame-une-greve-de-la-faim-sauvage\/386565\/"},"wordCount":284,"publisher":{"@id":"https:\/\/www.webdo.tn\/fr\/#organization"},"image":{"@id":"https:\/\/www.webdo.tn\/fr\/actualite\/national\/tunisie-jaouhar-ben-mbarek-entame-une-greve-de-la-faim-sauvage\/386565\/#primaryimage"},"thumbnailUrl":"https:\/\/www.webdo.tn\/fr\/wp-content\/uploads\/2025\/10\/jaouhar-ben-mbarek.jpg","keywords":["complot contre la s\u00fbret\u00e9 de l'Etat","jaouher ben mbarek","Tunisie"],"articleSection":["National"],"inLanguage":"fr-FR"},{"@type":"WebPage","@id":"https:\/\/www.webdo.tn\/fr\/actualite\/national\/tunisie-jaouhar-ben-mbarek-entame-une-greve-de-la-faim-sauvage\/386565\/","url":"https:\/\/www.webdo.tn\/fr\/actualite\/national\/tunisie-jaouhar-ben-mbarek-entame-une-greve-de-la-faim-sauvage\/386565\/","name":"Tunisie : Jaouhar Ben Mbarek entame une gr\u00e8ve de la faim sauvage - webdo","isPartOf":{"@id":"https:\/\/www.webdo.tn\/fr\/#website"},"primaryImageOfPage":{"@id":"https:\/\/www.webdo.tn\/fr\/actualite\/national\/tunisie-jaouhar-ben-mbarek-entame-une-greve-de-la-faim-sauvage\/386565\/#primaryimage"},"image":{"@id":"https:\/\/www.webdo.tn\/fr\/actualite\/national\/tunisie-jaouhar-ben-mbarek-entame-une-greve-de-la-faim-sauvage\/386565\/#primaryimage"},"thumbnailUrl":"https:\/\/www.webdo.tn\/fr\/wp-content\/uploads\/2025\/10\/jaouhar-ben-mbarek.jpg","datePublished":"2025-10-30T07:59:53+00:00","description":"Jaouhar Ben Mbarek commence une gr\u00e8ve de la faim sauvage pour protester contre un proc\u00e8s jug\u00e9 in\u00e9quitable. D\u00e9couvrez ses motivations.","breadcrumb":{"@id":"https:\/\/www.webdo.tn\/fr\/actualite\/national\/tunisie-jaouhar-ben-mbarek-entame-une-greve-de-la-faim-sauvage\/386565\/#breadcrumb"},"inLanguage":"fr-FR","potentialAction":[{"@type":"ReadAction","target":["https:\/\/www.webdo.tn\/fr\/actualite\/national\/tunisie-jaouhar-ben-mbarek-entame-une-greve-de-la-faim-sauvage\/386565\/"]}]},{"@type":"ImageObject","inLanguage":"fr-FR","@id":"https:\/\/www.webdo.tn\/fr\/actualite\/national\/tunisie-jaouhar-ben-mbarek-entame-une-greve-de-la-faim-sauvage\/386565\/#primaryimage","url":"https:\/\/www.webdo.tn\/fr\/wp-content\/uploads\/2025\/10\/jaouhar-ben-mbarek.jpg","contentUrl":"https:\/\/www.webdo.tn\/fr\/wp-content\/uploads\/2025\/10\/jaouhar-ben-mbarek.jpg","width":1200,"height":589,"caption":"Tunisie : Jaouhar Ben Mbarek entame une gr\u00e8ve de la faim sauvage"},{"@type":"BreadcrumbList","@id":"https:\/\/www.webdo.tn\/fr\/actualite\/national\/tunisie-jaouhar-ben-mbarek-entame-une-greve-de-la-faim-sauvage\/386565\/#breadcrumb","itemListElement":[{"@type":"ListItem","position":1,"name":"Accueil","item":"https:\/\/www.webdo.tn\/fr\/"},{"@type":"ListItem","position":2,"name":"Tunisie : Jaouhar Ben Mbarek entame une gr\u00e8ve de la faim sauvage"}]},{"@type":"WebSite","@id":"https:\/\/www.webdo.tn\/fr\/#website","url":"https:\/\/www.webdo.tn\/fr\/","name":"webdo","description":"Tunisie - News en Tunisie et \u00e0 l&#039;international sur Webdo.tn","publisher":{"@id":"https:\/\/www.webdo.tn\/fr\/#organization"},"potentialAction":[{"@type":"SearchAction","target":{"@type":"EntryPoint","urlTemplate":"https:\/\/www.webdo.tn\/fr\/?s={search_term_string}"},"query-input":{"@type":"PropertyValueSpecification","valueRequired":true,"valueName":"search_term_string"}}],"inLanguage":"fr-FR"},{"@type":"Organization","@id":"https:\/\/www.webdo.tn\/fr\/#organization","name":"Webdo","alternateName":"Webdo.tn","url":"https:\/\/www.webdo.tn\/fr\/","logo":{"@type":"ImageObject","inLanguage":"fr-FR","@id":"https:\/\/www.webdo.tn\/fr\/#\/schema\/logo\/image\/","url":"https:\/\/www.webdo.tn\/fr\/wp-content\/uploads\/2025\/06\/Webdo-Tunisie_168377.jpg","contentUrl":"https:\/\/www.webdo.tn\/fr\/wp-content\/uploads\/2025\/06\/Webdo-Tunisie_168377.jpg","width":301,"height":301,"caption":"Webdo"},"image":{"@id":"https:\/\/www.webdo.tn\/fr\/#\/schema\/logo\/image\/"},"sameAs":["https:\/\/www.facebook.com\/webdotn","https:\/\/x.com\/webdo_tn"],"description":"Webdo est un m\u00e9dia num\u00e9rique tunisien fond\u00e9 en 2010, sp\u00e9cialis\u00e9 dans l\u2019actualit\u00e9 nationale et internationale, l\u2019\u00e9conomie, la soci\u00e9t\u00e9 et les analyses politiques. Le site s\u2019adresse \u00e0 un large public francophone et couvre l\u2019information tunisienne en temps r\u00e9el.","email":"redac@webdo.tn","legalName":"YNJ SARL","foundingDate":"2010-09-06","numberOfEmployees":{"@type":"QuantitativeValue","minValue":"11","maxValue":"50"}},{"@type":"Person","@id":"https:\/\/www.webdo.tn\/fr\/#\/schema\/person\/c652cd8fc2b1b44412b5ffb48c5a911d","name":"Mohamed Hedi Touati","image":{"@type":"ImageObject","inLanguage":"fr-FR","@id":"https:\/\/secure.gravatar.com\/avatar\/9cfd402c745b7a685f13eed0ea6e59d2144a3c2fc50a3db6fd5ed451f6cddf1a?s=96&d=mm&r=g","url":"https:\/\/secure.gravatar.com\/avatar\/9cfd402c745b7a685f13eed0ea6e59d2144a3c2fc50a3db6fd5ed451f6cddf1a?s=96&d=mm&r=g","contentUrl":"https:\/\/secure.gravatar.com\/avatar\/9cfd402c745b7a685f13eed0ea6e59d2144a3c2fc50a3db6fd5ed451f6cddf1a?s=96&d=mm&r=g","caption":"Mohamed Hedi Touati"},"url":"https:\/\/www.webdo.tn\/fr\/actualite\/author\/mohamed-hedi-touati\/"}]}},"_links":{"self":[{"href":"https:\/\/www.webdo.tn\/fr\/wp-json\/wp\/v2\/posts\/386565","targetHints":{"allow":["GET"]}}],"collection":[{"href":"https:\/\/www.webdo.tn\/fr\/wp-json\/wp\/v2\/posts"}],"about":[{"href":"https:\/\/www.webdo.tn\/fr\/wp-json\/wp\/v2\/types\/post"}],"author":[{"embeddable":true,"href":"https:\/\/www.webdo.tn\/fr\/wp-json\/wp\/v2\/users\/3191"}],"replies":[{"embeddable":true,"href":"https:\/\/www.webdo.tn\/fr\/wp-json\/wp\/v2\/comments?post=386565"}],"version-history":[{"count":0,"href":"https:\/\/www.webdo.tn\/fr\/wp-json\/wp\/v2\/posts\/386565\/revisions"}],"wp:featuredmedia":[{"embeddable":true,"href":"https:\/\/www.webdo.tn\/fr\/wp-json\/wp\/v2\/media\/386566"}],"wp:attachment":[{"href":"https:\/\/www.webdo.tn\/fr\/wp-json\/wp\/v2\/media?parent=386565"}],"wp:term":[{"taxonomy":"category","embeddable":true,"href":"https:\/\/www.webdo.tn\/fr\/wp-json\/wp\/v2\/categories?post=386565"},{"taxonomy":"post_tag","embeddable":true,"href":"https:\/\/www.webdo.tn\/fr\/wp-json\/wp\/v2\/tags?post=386565"}],"curies":[{"name":"wp","href":"https:\/\/api.w.org\/{rel}","templated":true}]}}