{"id":386517,"date":"2025-10-29T12:20:05","date_gmt":"2025-10-29T11:20:05","guid":{"rendered":"https:\/\/www.webdo.tn\/fr\/?p=386517"},"modified":"2025-10-30T10:57:18","modified_gmt":"2025-10-30T09:57:18","slug":"taekwondo-mondiaux-en-chine-lor-historique-de-la-tunisienne-wafa-masghouni","status":"publish","type":"post","link":"https:\/\/www.webdo.tn\/fr\/actualite\/sport\/taekwondo-mondiaux-en-chine-lor-historique-de-la-tunisienne-wafa-masghouni\/386517\/","title":{"rendered":"Taekwondo &#8211; Mondiaux en Chine : L\u2019or historique de la Tunisienne Wafa Masghouni"},"content":{"rendered":"\n<p>La Tunisie signe un exploit retentissant sur la sc\u00e8ne mondiale du taekwondo. La championne tunisienne Wafa Masghouni a d\u00e9croch\u00e9 ce mercredi la m\u00e9daille d\u2019or aux Championnats du monde organis\u00e9s en Chine, dans la cat\u00e9gorie des -62 kg.<\/p>\n\n\n\n<h2 class=\"wp-block-heading\" id=\"h-une-victoire-eclatante-en-finale\">Une victoire \u00e9clatante en finale<\/h2>\n\n\n\n<p>Wafa Masghouni s\u2019est impos\u00e9e brillamment en finale face \u00e0 la Hongroise Viviana Marton, championne olympique en titre et t\u00eate de s\u00e9rie num\u00e9ro un du tournoi.<\/p>\n\n\n\n<p>Une performance exceptionnelle pour la Tunisienne, qui a domin\u00e9 les d\u00e9bats avec assurance et sang-froid, confirmant sa mont\u00e9e en puissance sur la sc\u00e8ne internationale.<\/p>\n\n\n\n<h2 class=\"wp-block-heading\" id=\"h-une-premiere-historique-pour-la-tunisie\">Une premi\u00e8re historique pour la Tunisie<\/h2>\n\n\n\n<p>Ce sacre mondial constitue une premi\u00e8re dans l\u2019histoire du taekwondo tunisien f\u00e9minin. La victoire de Masghouni consacre des ann\u00e9es de travail et d\u2019abn\u00e9gation, tout en offrant \u00e0 la Tunisie une place de choix parmi les grandes nations de la discipline.<\/p>\n\n\n\n<p>Rappelons qu&rsquo;il y a un an, la jeune Wafa Masghouni, championne d\u2019Afrique et arabe en titre avait d\u00e9croch\u00e9, la m\u00e9daille d\u2019or au Championnat du monde\u00a0de taekwondo junior des -63 kg \u00e0 Cheonggyecheon en Cor\u00e9e du Sud.<\/p>\n\n\n\n<h2 class=\"wp-block-heading\" id=\"h-fierte-nationale-et-reconnaissance-internationale\">Fiert\u00e9 nationale et reconnaissance internationale<\/h2>\n\n\n\n<p>Au-del\u00e0 de la m\u00e9daille, cette victoire symbolise la r\u00e9ussite du sport f\u00e9minin tunisien, capable d\u00e9sormais de rivaliser avec les meilleures athl\u00e8tes du monde.<\/p>\n\n\n\n<p>Le triomphe de Wafa Masghouni vient enrichir le palmar\u00e8s du taekwondo tunisien et renforcer la visibilit\u00e9 du sport national sur la sc\u00e8ne internationale.<\/p>\n\n\n\n<p>Samedi dernier, Mohamed Khalil Jendoubi a d\u00e9croch\u00e9, la m\u00e9daille d\u2019or mondiale dans la cat\u00e9gorie des -63 kg, apr\u00e8s une finale ma\u00eetris\u00e9e face \u00e0 l\u2019Iranien Ali Haj Mousaei. <\/p>\n\n\n\n<p><\/p>\n\n\n\n<p><\/p>\n\n\n\n<blockquote class=\"wp-block-quote is-layout-flow wp-block-quote-is-layout-flow\">\n<blockquote class=\"wp-block-quote is-layout-flow wp-block-quote-is-layout-flow\">\n<p>Lire aussi<\/p>\n\n\n\n<ul class=\"wp-block-list\">\n<li><a href=\"https:\/\/www.webdo.tn\/fr\/actualite\/sport\/taekwondo-mohamed-khalil-jendoubi-sur-le-toit-du-monde\/386303\/\">Taekwondo : Mohamed Khalil Jendoubi sur le toit du monde<\/a><\/li>\n\n\n\n<li><a href=\"https:\/\/www.webdo.tn\/fr\/actualite\/sport\/mondiaux-de-taekwondo-2025-12-athletes-tunisiens-en-stage-en-chine\/385421\/\">Mondiaux de Taekwondo 2025 : 12 athl\u00e8tes tunisiens en stage en Chine<\/a><\/li>\n\n\n\n<li><a href=\"https:\/\/www.webdo.tn\/fr\/actualite\/sport\/wafa-masghouni-championne-du-monde-de-taekwondo\/216768\/\">Wafa Masghouni, championne du monde de taekwondo<\/a><\/li>\n<\/ul>\n<\/blockquote>\n<\/blockquote>\n","protected":false},"excerpt":{"rendered":"<p>La Tunisie signe un exploit retentissant sur la sc\u00e8ne mondiale du taekwondo. La championne tunisienne Wafa Masghouni a d\u00e9croch\u00e9 ce mercredi la m\u00e9daille d\u2019or aux Championnats du monde organis\u00e9s en Chine, dans la cat\u00e9gorie des -62 kg. Une victoire \u00e9clatante en finale Wafa Masghouni s\u2019est impos\u00e9e brillamment en finale face \u00e0 la Hongroise Viviana Marton, [&hellip;]<\/p>\n","protected":false},"author":3191,"featured_media":386518,"comment_status":"closed","ping_status":"closed","sticky":false,"template":"","format":"standard","meta":{"footnotes":""},"categories":[2593],"tags":[3797,2608,5541],"class_list":["post-386517","post","type-post","status-publish","format-standard","has-post-thumbnail","hentry","category-sport","tag-taekwondo-tunisien","tag-tunisie","tag-wafa-masghouni"],"yoast_head":"<!-- This site is optimized with the Yoast SEO Premium plugin v27.5 (Yoast SEO v27.5) - https:\/\/yoast.com\/product\/yoast-seo-premium-wordpress\/ -->\n<title>Taekwondo - Mondiaux en Chine : L\u2019or historique de la Tunisienne Wafa Masghouni - webdo<\/title>\n<meta name=\"description\" content=\"La Tunisienne Wafa Masghouni cr\u00e9e l&#039;histoire en gagnant l&#039;or aux Championnats du monde de taekwondo en Chine dans la cat\u00e9gorie -62 kg.\" \/>\n<link rel=\"canonical\" href=\"https:\/\/www.webdo.tn\/fr\/actualite\/sport\/taekwondo-mondiaux-en-chine-lor-historique-de-la-tunisienne-wafa-masghouni\/386517\/\" \/>\n<meta property=\"og:locale\" content=\"fr_FR\" \/>\n<meta property=\"og:type\" content=\"article\" \/>\n<meta property=\"og:title\" content=\"Taekwondo - Mondiaux en Chine : L\u2019or historique de la Tunisienne Wafa Masghouni\" \/>\n<meta property=\"og:description\" content=\"La Tunisienne Wafa Masghouni cr\u00e9e l&#039;histoire en gagnant l&#039;or aux Championnats du monde de taekwondo en Chine dans la cat\u00e9gorie -62 kg.\" \/>\n<meta property=\"og:url\" content=\"https:\/\/www.webdo.tn\/fr\/actualite\/sport\/taekwondo-mondiaux-en-chine-lor-historique-de-la-tunisienne-wafa-masghouni\/386517\/\" \/>\n<meta property=\"og:site_name\" content=\"webdo\" \/>\n<meta property=\"article:publisher\" content=\"https:\/\/www.facebook.com\/webdotn\" \/>\n<meta property=\"article:published_time\" content=\"2025-10-29T11:20:05+00:00\" \/>\n<meta property=\"article:modified_time\" content=\"2025-10-30T09:57:18+00:00\" \/>\n<meta property=\"og:image\" content=\"https:\/\/www.webdo.tn\/fr\/wp-content\/uploads\/2025\/10\/wafa.jpg\" \/>\n\t<meta property=\"og:image:width\" content=\"1200\" \/>\n\t<meta property=\"og:image:height\" content=\"602\" \/>\n\t<meta property=\"og:image:type\" content=\"image\/jpeg\" \/>\n<meta name=\"author\" content=\"Mohamed Hedi Touati\" \/>\n<meta name=\"twitter:card\" content=\"summary_large_image\" \/>\n<meta name=\"twitter:creator\" content=\"@webdo_tn\" \/>\n<meta name=\"twitter:site\" content=\"@webdo_tn\" \/>\n<meta name=\"twitter:label1\" content=\"\u00c9crit par\" \/>\n\t<meta name=\"twitter:data1\" content=\"Mohamed Hedi Touati\" \/>\n\t<meta name=\"twitter:label2\" content=\"Dur\u00e9e de lecture estim\u00e9e\" \/>\n\t<meta name=\"twitter:data2\" content=\"2 minutes\" \/>\n<script type=\"application\/ld+json\" class=\"yoast-schema-graph\">{\"@context\":\"https:\\\/\\\/schema.org\",\"@graph\":[{\"@type\":\"NewsArticle\",\"@id\":\"https:\\\/\\\/www.webdo.tn\\\/fr\\\/actualite\\\/sport\\\/taekwondo-mondiaux-en-chine-lor-historique-de-la-tunisienne-wafa-masghouni\\\/386517\\\/#article\",\"isPartOf\":{\"@id\":\"https:\\\/\\\/www.webdo.tn\\\/fr\\\/actualite\\\/sport\\\/taekwondo-mondiaux-en-chine-lor-historique-de-la-tunisienne-wafa-masghouni\\\/386517\\\/\"},\"author\":{\"name\":\"Mohamed Hedi Touati\",\"@id\":\"https:\\\/\\\/www.webdo.tn\\\/fr\\\/#\\\/schema\\\/person\\\/c652cd8fc2b1b44412b5ffb48c5a911d\"},\"headline\":\"Taekwondo &#8211; Mondiaux en Chine : L\u2019or historique de la Tunisienne Wafa Masghouni\",\"datePublished\":\"2025-10-29T11:20:05+00:00\",\"dateModified\":\"2025-10-30T09:57:18+00:00\",\"mainEntityOfPage\":{\"@id\":\"https:\\\/\\\/www.webdo.tn\\\/fr\\\/actualite\\\/sport\\\/taekwondo-mondiaux-en-chine-lor-historique-de-la-tunisienne-wafa-masghouni\\\/386517\\\/\"},\"wordCount\":331,\"publisher\":{\"@id\":\"https:\\\/\\\/www.webdo.tn\\\/fr\\\/#organization\"},\"image\":{\"@id\":\"https:\\\/\\\/www.webdo.tn\\\/fr\\\/actualite\\\/sport\\\/taekwondo-mondiaux-en-chine-lor-historique-de-la-tunisienne-wafa-masghouni\\\/386517\\\/#primaryimage\"},\"thumbnailUrl\":\"https:\\\/\\\/www.webdo.tn\\\/fr\\\/wp-content\\\/uploads\\\/2025\\\/10\\\/wafa.jpg\",\"keywords\":[\"taekwondo tunisien\",\"Tunisie\",\"Wafa Masghouni\"],\"articleSection\":[\"Sport\"],\"inLanguage\":\"fr-FR\"},{\"@type\":\"WebPage\",\"@id\":\"https:\\\/\\\/www.webdo.tn\\\/fr\\\/actualite\\\/sport\\\/taekwondo-mondiaux-en-chine-lor-historique-de-la-tunisienne-wafa-masghouni\\\/386517\\\/\",\"url\":\"https:\\\/\\\/www.webdo.tn\\\/fr\\\/actualite\\\/sport\\\/taekwondo-mondiaux-en-chine-lor-historique-de-la-tunisienne-wafa-masghouni\\\/386517\\\/\",\"name\":\"Taekwondo - Mondiaux en Chine : L\u2019or historique de la Tunisienne Wafa Masghouni - webdo\",\"isPartOf\":{\"@id\":\"https:\\\/\\\/www.webdo.tn\\\/fr\\\/#website\"},\"primaryImageOfPage\":{\"@id\":\"https:\\\/\\\/www.webdo.tn\\\/fr\\\/actualite\\\/sport\\\/taekwondo-mondiaux-en-chine-lor-historique-de-la-tunisienne-wafa-masghouni\\\/386517\\\/#primaryimage\"},\"image\":{\"@id\":\"https:\\\/\\\/www.webdo.tn\\\/fr\\\/actualite\\\/sport\\\/taekwondo-mondiaux-en-chine-lor-historique-de-la-tunisienne-wafa-masghouni\\\/386517\\\/#primaryimage\"},\"thumbnailUrl\":\"https:\\\/\\\/www.webdo.tn\\\/fr\\\/wp-content\\\/uploads\\\/2025\\\/10\\\/wafa.jpg\",\"datePublished\":\"2025-10-29T11:20:05+00:00\",\"dateModified\":\"2025-10-30T09:57:18+00:00\",\"description\":\"La Tunisienne Wafa Masghouni cr\u00e9e l'histoire en gagnant l'or aux Championnats du monde de taekwondo en Chine dans la cat\u00e9gorie -62 kg.\",\"breadcrumb\":{\"@id\":\"https:\\\/\\\/www.webdo.tn\\\/fr\\\/actualite\\\/sport\\\/taekwondo-mondiaux-en-chine-lor-historique-de-la-tunisienne-wafa-masghouni\\\/386517\\\/#breadcrumb\"},\"inLanguage\":\"fr-FR\",\"potentialAction\":[{\"@type\":\"ReadAction\",\"target\":[\"https:\\\/\\\/www.webdo.tn\\\/fr\\\/actualite\\\/sport\\\/taekwondo-mondiaux-en-chine-lor-historique-de-la-tunisienne-wafa-masghouni\\\/386517\\\/\"]}]},{\"@type\":\"ImageObject\",\"inLanguage\":\"fr-FR\",\"@id\":\"https:\\\/\\\/www.webdo.tn\\\/fr\\\/actualite\\\/sport\\\/taekwondo-mondiaux-en-chine-lor-historique-de-la-tunisienne-wafa-masghouni\\\/386517\\\/#primaryimage\",\"url\":\"https:\\\/\\\/www.webdo.tn\\\/fr\\\/wp-content\\\/uploads\\\/2025\\\/10\\\/wafa.jpg\",\"contentUrl\":\"https:\\\/\\\/www.webdo.tn\\\/fr\\\/wp-content\\\/uploads\\\/2025\\\/10\\\/wafa.jpg\",\"width\":1200,\"height\":602,\"caption\":\"Taekwondo - Mondiaux en Chine : L\u2019or historique de la Tunisienne Wafa Masghouni\"},{\"@type\":\"BreadcrumbList\",\"@id\":\"https:\\\/\\\/www.webdo.tn\\\/fr\\\/actualite\\\/sport\\\/taekwondo-mondiaux-en-chine-lor-historique-de-la-tunisienne-wafa-masghouni\\\/386517\\\/#breadcrumb\",\"itemListElement\":[{\"@type\":\"ListItem\",\"position\":1,\"name\":\"Accueil\",\"item\":\"https:\\\/\\\/www.webdo.tn\\\/fr\\\/\"},{\"@type\":\"ListItem\",\"position\":2,\"name\":\"Taekwondo &#8211; Mondiaux en Chine : L\u2019or historique de la Tunisienne Wafa Masghouni\"}]},{\"@type\":\"WebSite\",\"@id\":\"https:\\\/\\\/www.webdo.tn\\\/fr\\\/#website\",\"url\":\"https:\\\/\\\/www.webdo.tn\\\/fr\\\/\",\"name\":\"webdo\",\"description\":\"Tunisie - News en Tunisie et \u00e0 l&#039;international sur Webdo.tn\",\"publisher\":{\"@id\":\"https:\\\/\\\/www.webdo.tn\\\/fr\\\/#organization\"},\"potentialAction\":[{\"@type\":\"SearchAction\",\"target\":{\"@type\":\"EntryPoint\",\"urlTemplate\":\"https:\\\/\\\/www.webdo.tn\\\/fr\\\/?s={search_term_string}\"},\"query-input\":{\"@type\":\"PropertyValueSpecification\",\"valueRequired\":true,\"valueName\":\"search_term_string\"}}],\"inLanguage\":\"fr-FR\"},{\"@type\":\"Organization\",\"@id\":\"https:\\\/\\\/www.webdo.tn\\\/fr\\\/#organization\",\"name\":\"Webdo\",\"alternateName\":\"Webdo.tn\",\"url\":\"https:\\\/\\\/www.webdo.tn\\\/fr\\\/\",\"logo\":{\"@type\":\"ImageObject\",\"inLanguage\":\"fr-FR\",\"@id\":\"https:\\\/\\\/www.webdo.tn\\\/fr\\\/#\\\/schema\\\/logo\\\/image\\\/\",\"url\":\"https:\\\/\\\/www.webdo.tn\\\/fr\\\/wp-content\\\/uploads\\\/2025\\\/06\\\/Webdo-Tunisie_168377.jpg\",\"contentUrl\":\"https:\\\/\\\/www.webdo.tn\\\/fr\\\/wp-content\\\/uploads\\\/2025\\\/06\\\/Webdo-Tunisie_168377.jpg\",\"width\":301,\"height\":301,\"caption\":\"Webdo\"},\"image\":{\"@id\":\"https:\\\/\\\/www.webdo.tn\\\/fr\\\/#\\\/schema\\\/logo\\\/image\\\/\"},\"sameAs\":[\"https:\\\/\\\/www.facebook.com\\\/webdotn\",\"https:\\\/\\\/x.com\\\/webdo_tn\"],\"description\":\"Webdo est un m\u00e9dia num\u00e9rique tunisien fond\u00e9 en 2010, sp\u00e9cialis\u00e9 dans l\u2019actualit\u00e9 nationale et internationale, l\u2019\u00e9conomie, la soci\u00e9t\u00e9 et les analyses politiques. Le site s\u2019adresse \u00e0 un large public francophone et couvre l\u2019information tunisienne en temps r\u00e9el.\",\"email\":\"redac@webdo.tn\",\"legalName\":\"YNJ SARL\",\"foundingDate\":\"2010-09-06\",\"numberOfEmployees\":{\"@type\":\"QuantitativeValue\",\"minValue\":\"11\",\"maxValue\":\"50\"}},{\"@type\":\"Person\",\"@id\":\"https:\\\/\\\/www.webdo.tn\\\/fr\\\/#\\\/schema\\\/person\\\/c652cd8fc2b1b44412b5ffb48c5a911d\",\"name\":\"Mohamed Hedi Touati\",\"image\":{\"@type\":\"ImageObject\",\"inLanguage\":\"fr-FR\",\"@id\":\"https:\\\/\\\/secure.gravatar.com\\\/avatar\\\/9cfd402c745b7a685f13eed0ea6e59d2144a3c2fc50a3db6fd5ed451f6cddf1a?s=96&d=mm&r=g\",\"url\":\"https:\\\/\\\/secure.gravatar.com\\\/avatar\\\/9cfd402c745b7a685f13eed0ea6e59d2144a3c2fc50a3db6fd5ed451f6cddf1a?s=96&d=mm&r=g\",\"contentUrl\":\"https:\\\/\\\/secure.gravatar.com\\\/avatar\\\/9cfd402c745b7a685f13eed0ea6e59d2144a3c2fc50a3db6fd5ed451f6cddf1a?s=96&d=mm&r=g\",\"caption\":\"Mohamed Hedi Touati\"},\"url\":\"https:\\\/\\\/www.webdo.tn\\\/fr\\\/actualite\\\/author\\\/mohamed-hedi-touati\\\/\"}]}<\/script>\n<!-- \/ Yoast SEO Premium plugin. -->","yoast_head_json":{"title":"Taekwondo - Mondiaux en Chine : L\u2019or historique de la Tunisienne Wafa Masghouni - webdo","description":"La Tunisienne Wafa Masghouni cr\u00e9e l'histoire en gagnant l'or aux Championnats du monde de taekwondo en Chine dans la cat\u00e9gorie -62 kg.","canonical":"https:\/\/www.webdo.tn\/fr\/actualite\/sport\/taekwondo-mondiaux-en-chine-lor-historique-de-la-tunisienne-wafa-masghouni\/386517\/","og_locale":"fr_FR","og_type":"article","og_title":"Taekwondo - Mondiaux en Chine : L\u2019or historique de la Tunisienne Wafa Masghouni","og_description":"La Tunisienne Wafa Masghouni cr\u00e9e l'histoire en gagnant l'or aux Championnats du monde de taekwondo en Chine dans la cat\u00e9gorie -62 kg.","og_url":"https:\/\/www.webdo.tn\/fr\/actualite\/sport\/taekwondo-mondiaux-en-chine-lor-historique-de-la-tunisienne-wafa-masghouni\/386517\/","og_site_name":"webdo","article_publisher":"https:\/\/www.facebook.com\/webdotn","article_published_time":"2025-10-29T11:20:05+00:00","article_modified_time":"2025-10-30T09:57:18+00:00","og_image":[{"width":1200,"height":602,"url":"https:\/\/www.webdo.tn\/fr\/wp-content\/uploads\/2025\/10\/wafa.jpg","type":"image\/jpeg"}],"author":"Mohamed Hedi Touati","twitter_card":"summary_large_image","twitter_creator":"@webdo_tn","twitter_site":"@webdo_tn","twitter_misc":{"\u00c9crit par":"Mohamed Hedi Touati","Dur\u00e9e de lecture estim\u00e9e":"2 minutes"},"schema":{"@context":"https:\/\/schema.org","@graph":[{"@type":"NewsArticle","@id":"https:\/\/www.webdo.tn\/fr\/actualite\/sport\/taekwondo-mondiaux-en-chine-lor-historique-de-la-tunisienne-wafa-masghouni\/386517\/#article","isPartOf":{"@id":"https:\/\/www.webdo.tn\/fr\/actualite\/sport\/taekwondo-mondiaux-en-chine-lor-historique-de-la-tunisienne-wafa-masghouni\/386517\/"},"author":{"name":"Mohamed Hedi Touati","@id":"https:\/\/www.webdo.tn\/fr\/#\/schema\/person\/c652cd8fc2b1b44412b5ffb48c5a911d"},"headline":"Taekwondo &#8211; Mondiaux en Chine : L\u2019or historique de la Tunisienne Wafa Masghouni","datePublished":"2025-10-29T11:20:05+00:00","dateModified":"2025-10-30T09:57:18+00:00","mainEntityOfPage":{"@id":"https:\/\/www.webdo.tn\/fr\/actualite\/sport\/taekwondo-mondiaux-en-chine-lor-historique-de-la-tunisienne-wafa-masghouni\/386517\/"},"wordCount":331,"publisher":{"@id":"https:\/\/www.webdo.tn\/fr\/#organization"},"image":{"@id":"https:\/\/www.webdo.tn\/fr\/actualite\/sport\/taekwondo-mondiaux-en-chine-lor-historique-de-la-tunisienne-wafa-masghouni\/386517\/#primaryimage"},"thumbnailUrl":"https:\/\/www.webdo.tn\/fr\/wp-content\/uploads\/2025\/10\/wafa.jpg","keywords":["taekwondo tunisien","Tunisie","Wafa Masghouni"],"articleSection":["Sport"],"inLanguage":"fr-FR"},{"@type":"WebPage","@id":"https:\/\/www.webdo.tn\/fr\/actualite\/sport\/taekwondo-mondiaux-en-chine-lor-historique-de-la-tunisienne-wafa-masghouni\/386517\/","url":"https:\/\/www.webdo.tn\/fr\/actualite\/sport\/taekwondo-mondiaux-en-chine-lor-historique-de-la-tunisienne-wafa-masghouni\/386517\/","name":"Taekwondo - Mondiaux en Chine : L\u2019or historique de la Tunisienne Wafa Masghouni - webdo","isPartOf":{"@id":"https:\/\/www.webdo.tn\/fr\/#website"},"primaryImageOfPage":{"@id":"https:\/\/www.webdo.tn\/fr\/actualite\/sport\/taekwondo-mondiaux-en-chine-lor-historique-de-la-tunisienne-wafa-masghouni\/386517\/#primaryimage"},"image":{"@id":"https:\/\/www.webdo.tn\/fr\/actualite\/sport\/taekwondo-mondiaux-en-chine-lor-historique-de-la-tunisienne-wafa-masghouni\/386517\/#primaryimage"},"thumbnailUrl":"https:\/\/www.webdo.tn\/fr\/wp-content\/uploads\/2025\/10\/wafa.jpg","datePublished":"2025-10-29T11:20:05+00:00","dateModified":"2025-10-30T09:57:18+00:00","description":"La Tunisienne Wafa Masghouni cr\u00e9e l'histoire en gagnant l'or aux Championnats du monde de taekwondo en Chine dans la cat\u00e9gorie -62 kg.","breadcrumb":{"@id":"https:\/\/www.webdo.tn\/fr\/actualite\/sport\/taekwondo-mondiaux-en-chine-lor-historique-de-la-tunisienne-wafa-masghouni\/386517\/#breadcrumb"},"inLanguage":"fr-FR","potentialAction":[{"@type":"ReadAction","target":["https:\/\/www.webdo.tn\/fr\/actualite\/sport\/taekwondo-mondiaux-en-chine-lor-historique-de-la-tunisienne-wafa-masghouni\/386517\/"]}]},{"@type":"ImageObject","inLanguage":"fr-FR","@id":"https:\/\/www.webdo.tn\/fr\/actualite\/sport\/taekwondo-mondiaux-en-chine-lor-historique-de-la-tunisienne-wafa-masghouni\/386517\/#primaryimage","url":"https:\/\/www.webdo.tn\/fr\/wp-content\/uploads\/2025\/10\/wafa.jpg","contentUrl":"https:\/\/www.webdo.tn\/fr\/wp-content\/uploads\/2025\/10\/wafa.jpg","width":1200,"height":602,"caption":"Taekwondo - Mondiaux en Chine : L\u2019or historique de la Tunisienne Wafa Masghouni"},{"@type":"BreadcrumbList","@id":"https:\/\/www.webdo.tn\/fr\/actualite\/sport\/taekwondo-mondiaux-en-chine-lor-historique-de-la-tunisienne-wafa-masghouni\/386517\/#breadcrumb","itemListElement":[{"@type":"ListItem","position":1,"name":"Accueil","item":"https:\/\/www.webdo.tn\/fr\/"},{"@type":"ListItem","position":2,"name":"Taekwondo &#8211; Mondiaux en Chine : L\u2019or historique de la Tunisienne Wafa Masghouni"}]},{"@type":"WebSite","@id":"https:\/\/www.webdo.tn\/fr\/#website","url":"https:\/\/www.webdo.tn\/fr\/","name":"webdo","description":"Tunisie - News en Tunisie et \u00e0 l&#039;international sur Webdo.tn","publisher":{"@id":"https:\/\/www.webdo.tn\/fr\/#organization"},"potentialAction":[{"@type":"SearchAction","target":{"@type":"EntryPoint","urlTemplate":"https:\/\/www.webdo.tn\/fr\/?s={search_term_string}"},"query-input":{"@type":"PropertyValueSpecification","valueRequired":true,"valueName":"search_term_string"}}],"inLanguage":"fr-FR"},{"@type":"Organization","@id":"https:\/\/www.webdo.tn\/fr\/#organization","name":"Webdo","alternateName":"Webdo.tn","url":"https:\/\/www.webdo.tn\/fr\/","logo":{"@type":"ImageObject","inLanguage":"fr-FR","@id":"https:\/\/www.webdo.tn\/fr\/#\/schema\/logo\/image\/","url":"https:\/\/www.webdo.tn\/fr\/wp-content\/uploads\/2025\/06\/Webdo-Tunisie_168377.jpg","contentUrl":"https:\/\/www.webdo.tn\/fr\/wp-content\/uploads\/2025\/06\/Webdo-Tunisie_168377.jpg","width":301,"height":301,"caption":"Webdo"},"image":{"@id":"https:\/\/www.webdo.tn\/fr\/#\/schema\/logo\/image\/"},"sameAs":["https:\/\/www.facebook.com\/webdotn","https:\/\/x.com\/webdo_tn"],"description":"Webdo est un m\u00e9dia num\u00e9rique tunisien fond\u00e9 en 2010, sp\u00e9cialis\u00e9 dans l\u2019actualit\u00e9 nationale et internationale, l\u2019\u00e9conomie, la soci\u00e9t\u00e9 et les analyses politiques. Le site s\u2019adresse \u00e0 un large public francophone et couvre l\u2019information tunisienne en temps r\u00e9el.","email":"redac@webdo.tn","legalName":"YNJ SARL","foundingDate":"2010-09-06","numberOfEmployees":{"@type":"QuantitativeValue","minValue":"11","maxValue":"50"}},{"@type":"Person","@id":"https:\/\/www.webdo.tn\/fr\/#\/schema\/person\/c652cd8fc2b1b44412b5ffb48c5a911d","name":"Mohamed Hedi Touati","image":{"@type":"ImageObject","inLanguage":"fr-FR","@id":"https:\/\/secure.gravatar.com\/avatar\/9cfd402c745b7a685f13eed0ea6e59d2144a3c2fc50a3db6fd5ed451f6cddf1a?s=96&d=mm&r=g","url":"https:\/\/secure.gravatar.com\/avatar\/9cfd402c745b7a685f13eed0ea6e59d2144a3c2fc50a3db6fd5ed451f6cddf1a?s=96&d=mm&r=g","contentUrl":"https:\/\/secure.gravatar.com\/avatar\/9cfd402c745b7a685f13eed0ea6e59d2144a3c2fc50a3db6fd5ed451f6cddf1a?s=96&d=mm&r=g","caption":"Mohamed Hedi Touati"},"url":"https:\/\/www.webdo.tn\/fr\/actualite\/author\/mohamed-hedi-touati\/"}]}},"_links":{"self":[{"href":"https:\/\/www.webdo.tn\/fr\/wp-json\/wp\/v2\/posts\/386517","targetHints":{"allow":["GET"]}}],"collection":[{"href":"https:\/\/www.webdo.tn\/fr\/wp-json\/wp\/v2\/posts"}],"about":[{"href":"https:\/\/www.webdo.tn\/fr\/wp-json\/wp\/v2\/types\/post"}],"author":[{"embeddable":true,"href":"https:\/\/www.webdo.tn\/fr\/wp-json\/wp\/v2\/users\/3191"}],"replies":[{"embeddable":true,"href":"https:\/\/www.webdo.tn\/fr\/wp-json\/wp\/v2\/comments?post=386517"}],"version-history":[{"count":0,"href":"https:\/\/www.webdo.tn\/fr\/wp-json\/wp\/v2\/posts\/386517\/revisions"}],"wp:featuredmedia":[{"embeddable":true,"href":"https:\/\/www.webdo.tn\/fr\/wp-json\/wp\/v2\/media\/386518"}],"wp:attachment":[{"href":"https:\/\/www.webdo.tn\/fr\/wp-json\/wp\/v2\/media?parent=386517"}],"wp:term":[{"taxonomy":"category","embeddable":true,"href":"https:\/\/www.webdo.tn\/fr\/wp-json\/wp\/v2\/categories?post=386517"},{"taxonomy":"post_tag","embeddable":true,"href":"https:\/\/www.webdo.tn\/fr\/wp-json\/wp\/v2\/tags?post=386517"}],"curies":[{"name":"wp","href":"https:\/\/api.w.org\/{rel}","templated":true}]}}