{"id":386480,"date":"2025-10-28T19:47:37","date_gmt":"2025-10-28T18:47:37","guid":{"rendered":"https:\/\/www.webdo.tn\/fr\/?p=386480"},"modified":"2025-10-28T19:47:38","modified_gmt":"2025-10-28T18:47:38","slug":"le-dernier-generique-de-cine-jamil-quand-la-lumiere-seteint-a-el-menzah-6","status":"publish","type":"post","link":"https:\/\/www.webdo.tn\/fr\/actualite\/culture\/le-dernier-generique-de-cine-jamil-quand-la-lumiere-seteint-a-el-menzah-6\/386480\/","title":{"rendered":"Le dernier g\u00e9n\u00e9rique de Cin\u00e9 Jamil : Quand la lumi\u00e8re s\u2019\u00e9teint \u00e0 El Menzah 6"},"content":{"rendered":"\n<p>Il y a des silences qui en disent long. Celui qui s\u2019installe, d\u00e9sormais, derri\u00e8re les portes closes du Cin\u00e9 Jamil El Menzah 6 a la douceur m\u00e9lancolique des fins d\u2019\u00e9poque. Ce cin\u00e9ma, qui fut bien plus qu\u2019une salle obscure, vient de tirer d\u00e9finitivement sa r\u00e9v\u00e9rence &#8211; et avec lui, c\u2019est un morceau du c\u0153ur cin\u00e9phile de Tunis qui s\u2019\u00e9teint.<\/p>\n\n\n\n<p>Dans cette salle, combien d\u2019amiti\u00e9s sont n\u00e9es, combien de r\u00eaves ont pris forme dans l\u2019ombre tremblante des images projet\u00e9es ? Le Cin\u00e9 Jamil n\u2019\u00e9tait pas qu\u2019un lieu de diffusion : c\u2019\u00e9tait un refuge pour les amoureux du grand \u00e9cran, un espace de libert\u00e9 o\u00f9 les films tunisiens c\u00f4toyaient les \u0153uvres du monde, o\u00f9 les voix du public prolongeaient souvent la s\u00e9ance, autour d\u2019un caf\u00e9, en discussions passionn\u00e9es.<\/p>\n\n\n\n<p>Aujourd\u2019hui, le projecteur s\u2019arr\u00eate, la poussi\u00e8re retombe sur les fauteuils, et les \u00e9chos des applaudissements s\u2019\u00e9loignent comme un souvenir fragile. On ne sait pas ce qui a pr\u00e9cipit\u00e9 la fermeture &#8211; le poids des ann\u00e9es, la crise du cin\u00e9ma, ou simplement l\u2019usure d\u2019un r\u00eave. Peu importe. Ce qui reste, c\u2019est la trace lumineuse de ce lieu dans la m\u00e9moire collective : celle d\u2019un cin\u00e9ma qui, pendant des d\u00e9cennies, a su faire battre le c\u0153ur d\u2019El Menzah 6.<\/p>\n\n\n\n<p>Ce soir, les cin\u00e9philes n\u2019iront pas au Jamil. Mais quelque part, dans la p\u00e9nombre de leurs souvenirs, la pellicule continue de tourner.<\/p>\n","protected":false},"excerpt":{"rendered":"<p>Il y a des silences qui en disent long. Celui qui s\u2019installe, d\u00e9sormais, derri\u00e8re les portes closes du Cin\u00e9 Jamil El Menzah 6 a la douceur m\u00e9lancolique des fins d\u2019\u00e9poque. Ce cin\u00e9ma, qui fut bien plus qu\u2019une salle obscure, vient de tirer d\u00e9finitivement sa r\u00e9v\u00e9rence &#8211; et avec lui, c\u2019est un morceau du c\u0153ur cin\u00e9phile [&hellip;]<\/p>\n","protected":false},"author":3189,"featured_media":386481,"comment_status":"closed","ping_status":"closed","sticky":false,"template":"","format":"standard","meta":{"footnotes":""},"categories":[2594],"tags":[2626,2608],"class_list":["post-386480","post","type-post","status-publish","format-standard","has-post-thumbnail","hentry","category-culture","tag-cinema","tag-tunisie"],"yoast_head":"<!-- This site is optimized with the Yoast SEO Premium plugin v27.4 (Yoast SEO v27.5) - https:\/\/yoast.com\/product\/yoast-seo-premium-wordpress\/ -->\n<title>Le dernier g\u00e9n\u00e9rique de Cin\u00e9 Jamil : Quand la lumi\u00e8re s\u2019\u00e9teint \u00e0 El Menzah 6 - webdo<\/title>\n<meta name=\"description\" content=\"Quand la lumi\u00e8re s\u2019\u00e9teint \u00e0 El Menzah 6, le Cin\u00e9 Jamil laisse un h\u00e9ritage cin\u00e9matographique puissant. D\u00e9couvrez ce dernier g\u00e9n\u00e9rique.\" \/>\n<link rel=\"canonical\" href=\"https:\/\/www.webdo.tn\/fr\/actualite\/culture\/le-dernier-generique-de-cine-jamil-quand-la-lumiere-seteint-a-el-menzah-6\/386480\/\" \/>\n<meta property=\"og:locale\" content=\"fr_FR\" \/>\n<meta property=\"og:type\" content=\"article\" \/>\n<meta property=\"og:title\" content=\"Le dernier g\u00e9n\u00e9rique de Cin\u00e9 Jamil : Quand la lumi\u00e8re s\u2019\u00e9teint \u00e0 El Menzah 6\" \/>\n<meta property=\"og:description\" content=\"Quand la lumi\u00e8re s\u2019\u00e9teint \u00e0 El Menzah 6, le Cin\u00e9 Jamil laisse un h\u00e9ritage cin\u00e9matographique puissant. D\u00e9couvrez ce dernier g\u00e9n\u00e9rique.\" \/>\n<meta property=\"og:url\" content=\"https:\/\/www.webdo.tn\/fr\/actualite\/culture\/le-dernier-generique-de-cine-jamil-quand-la-lumiere-seteint-a-el-menzah-6\/386480\/\" \/>\n<meta property=\"og:site_name\" content=\"webdo\" \/>\n<meta property=\"article:publisher\" content=\"https:\/\/www.facebook.com\/webdotn\" \/>\n<meta property=\"article:author\" content=\"https:\/\/www.facebook.com\/youssef.rc.92\" \/>\n<meta property=\"article:published_time\" content=\"2025-10-28T18:47:37+00:00\" \/>\n<meta property=\"article:modified_time\" content=\"2025-10-28T18:47:38+00:00\" \/>\n<meta property=\"og:image\" content=\"https:\/\/www.webdo.tn\/fr\/wp-content\/uploads\/2025\/10\/cinema-e1678528983237.jpeg\" \/>\n\t<meta property=\"og:image:width\" content=\"1200\" \/>\n\t<meta property=\"og:image:height\" content=\"600\" \/>\n\t<meta property=\"og:image:type\" content=\"image\/jpeg\" \/>\n<meta name=\"author\" content=\"Maher Chaabane\" \/>\n<meta name=\"twitter:card\" content=\"summary_large_image\" \/>\n<meta name=\"twitter:creator\" content=\"@webdo_tn\" \/>\n<meta name=\"twitter:site\" content=\"@webdo_tn\" \/>\n<meta name=\"twitter:label1\" content=\"\u00c9crit par\" \/>\n\t<meta name=\"twitter:data1\" content=\"Maher Chaabane\" \/>\n\t<meta name=\"twitter:label2\" content=\"Dur\u00e9e de lecture estim\u00e9e\" \/>\n\t<meta name=\"twitter:data2\" content=\"2 minutes\" \/>\n<script type=\"application\/ld+json\" class=\"yoast-schema-graph\">{\"@context\":\"https:\\\/\\\/schema.org\",\"@graph\":[{\"@type\":\"NewsArticle\",\"@id\":\"https:\\\/\\\/www.webdo.tn\\\/fr\\\/actualite\\\/culture\\\/le-dernier-generique-de-cine-jamil-quand-la-lumiere-seteint-a-el-menzah-6\\\/386480\\\/#article\",\"isPartOf\":{\"@id\":\"https:\\\/\\\/www.webdo.tn\\\/fr\\\/actualite\\\/culture\\\/le-dernier-generique-de-cine-jamil-quand-la-lumiere-seteint-a-el-menzah-6\\\/386480\\\/\"},\"author\":{\"name\":\"Maher Chaabane\",\"@id\":\"https:\\\/\\\/www.webdo.tn\\\/fr\\\/#\\\/schema\\\/person\\\/57c261717927697fcf719ab1058a8003\"},\"headline\":\"Le dernier g\u00e9n\u00e9rique de Cin\u00e9 Jamil : Quand la lumi\u00e8re s\u2019\u00e9teint \u00e0 El Menzah 6\",\"datePublished\":\"2025-10-28T18:47:37+00:00\",\"dateModified\":\"2025-10-28T18:47:38+00:00\",\"mainEntityOfPage\":{\"@id\":\"https:\\\/\\\/www.webdo.tn\\\/fr\\\/actualite\\\/culture\\\/le-dernier-generique-de-cine-jamil-quand-la-lumiere-seteint-a-el-menzah-6\\\/386480\\\/\"},\"wordCount\":284,\"publisher\":{\"@id\":\"https:\\\/\\\/www.webdo.tn\\\/fr\\\/#organization\"},\"image\":{\"@id\":\"https:\\\/\\\/www.webdo.tn\\\/fr\\\/actualite\\\/culture\\\/le-dernier-generique-de-cine-jamil-quand-la-lumiere-seteint-a-el-menzah-6\\\/386480\\\/#primaryimage\"},\"thumbnailUrl\":\"https:\\\/\\\/www.webdo.tn\\\/fr\\\/wp-content\\\/uploads\\\/2025\\\/10\\\/cinema-e1678528983237.jpeg\",\"keywords\":[\"Cin\u00e9ma\",\"Tunisie\"],\"articleSection\":[\"Culture\"],\"inLanguage\":\"fr-FR\"},{\"@type\":\"WebPage\",\"@id\":\"https:\\\/\\\/www.webdo.tn\\\/fr\\\/actualite\\\/culture\\\/le-dernier-generique-de-cine-jamil-quand-la-lumiere-seteint-a-el-menzah-6\\\/386480\\\/\",\"url\":\"https:\\\/\\\/www.webdo.tn\\\/fr\\\/actualite\\\/culture\\\/le-dernier-generique-de-cine-jamil-quand-la-lumiere-seteint-a-el-menzah-6\\\/386480\\\/\",\"name\":\"Le dernier g\u00e9n\u00e9rique de Cin\u00e9 Jamil : Quand la lumi\u00e8re s\u2019\u00e9teint \u00e0 El Menzah 6 - webdo\",\"isPartOf\":{\"@id\":\"https:\\\/\\\/www.webdo.tn\\\/fr\\\/#website\"},\"primaryImageOfPage\":{\"@id\":\"https:\\\/\\\/www.webdo.tn\\\/fr\\\/actualite\\\/culture\\\/le-dernier-generique-de-cine-jamil-quand-la-lumiere-seteint-a-el-menzah-6\\\/386480\\\/#primaryimage\"},\"image\":{\"@id\":\"https:\\\/\\\/www.webdo.tn\\\/fr\\\/actualite\\\/culture\\\/le-dernier-generique-de-cine-jamil-quand-la-lumiere-seteint-a-el-menzah-6\\\/386480\\\/#primaryimage\"},\"thumbnailUrl\":\"https:\\\/\\\/www.webdo.tn\\\/fr\\\/wp-content\\\/uploads\\\/2025\\\/10\\\/cinema-e1678528983237.jpeg\",\"datePublished\":\"2025-10-28T18:47:37+00:00\",\"dateModified\":\"2025-10-28T18:47:38+00:00\",\"description\":\"Quand la lumi\u00e8re s\u2019\u00e9teint \u00e0 El Menzah 6, le Cin\u00e9 Jamil laisse un h\u00e9ritage cin\u00e9matographique puissant. D\u00e9couvrez ce dernier g\u00e9n\u00e9rique.\",\"breadcrumb\":{\"@id\":\"https:\\\/\\\/www.webdo.tn\\\/fr\\\/actualite\\\/culture\\\/le-dernier-generique-de-cine-jamil-quand-la-lumiere-seteint-a-el-menzah-6\\\/386480\\\/#breadcrumb\"},\"inLanguage\":\"fr-FR\",\"potentialAction\":[{\"@type\":\"ReadAction\",\"target\":[\"https:\\\/\\\/www.webdo.tn\\\/fr\\\/actualite\\\/culture\\\/le-dernier-generique-de-cine-jamil-quand-la-lumiere-seteint-a-el-menzah-6\\\/386480\\\/\"]}]},{\"@type\":\"ImageObject\",\"inLanguage\":\"fr-FR\",\"@id\":\"https:\\\/\\\/www.webdo.tn\\\/fr\\\/actualite\\\/culture\\\/le-dernier-generique-de-cine-jamil-quand-la-lumiere-seteint-a-el-menzah-6\\\/386480\\\/#primaryimage\",\"url\":\"https:\\\/\\\/www.webdo.tn\\\/fr\\\/wp-content\\\/uploads\\\/2025\\\/10\\\/cinema-e1678528983237.jpeg\",\"contentUrl\":\"https:\\\/\\\/www.webdo.tn\\\/fr\\\/wp-content\\\/uploads\\\/2025\\\/10\\\/cinema-e1678528983237.jpeg\",\"width\":1200,\"height\":600,\"caption\":\"Le dernier g\u00e9n\u00e9rique de Cin\u00e9 Jamil : Quand la lumi\u00e8re s\u2019\u00e9teint \u00e0 El Menzah 6\"},{\"@type\":\"BreadcrumbList\",\"@id\":\"https:\\\/\\\/www.webdo.tn\\\/fr\\\/actualite\\\/culture\\\/le-dernier-generique-de-cine-jamil-quand-la-lumiere-seteint-a-el-menzah-6\\\/386480\\\/#breadcrumb\",\"itemListElement\":[{\"@type\":\"ListItem\",\"position\":1,\"name\":\"Accueil\",\"item\":\"https:\\\/\\\/www.webdo.tn\\\/fr\\\/\"},{\"@type\":\"ListItem\",\"position\":2,\"name\":\"Le dernier g\u00e9n\u00e9rique de Cin\u00e9 Jamil : Quand la lumi\u00e8re s\u2019\u00e9teint \u00e0 El Menzah 6\"}]},{\"@type\":\"WebSite\",\"@id\":\"https:\\\/\\\/www.webdo.tn\\\/fr\\\/#website\",\"url\":\"https:\\\/\\\/www.webdo.tn\\\/fr\\\/\",\"name\":\"webdo\",\"description\":\"Tunisie - News en Tunisie et \u00e0 l&#039;international sur Webdo.tn\",\"publisher\":{\"@id\":\"https:\\\/\\\/www.webdo.tn\\\/fr\\\/#organization\"},\"potentialAction\":[{\"@type\":\"SearchAction\",\"target\":{\"@type\":\"EntryPoint\",\"urlTemplate\":\"https:\\\/\\\/www.webdo.tn\\\/fr\\\/?s={search_term_string}\"},\"query-input\":{\"@type\":\"PropertyValueSpecification\",\"valueRequired\":true,\"valueName\":\"search_term_string\"}}],\"inLanguage\":\"fr-FR\"},{\"@type\":\"Organization\",\"@id\":\"https:\\\/\\\/www.webdo.tn\\\/fr\\\/#organization\",\"name\":\"Webdo\",\"alternateName\":\"Webdo.tn\",\"url\":\"https:\\\/\\\/www.webdo.tn\\\/fr\\\/\",\"logo\":{\"@type\":\"ImageObject\",\"inLanguage\":\"fr-FR\",\"@id\":\"https:\\\/\\\/www.webdo.tn\\\/fr\\\/#\\\/schema\\\/logo\\\/image\\\/\",\"url\":\"https:\\\/\\\/www.webdo.tn\\\/fr\\\/wp-content\\\/uploads\\\/2025\\\/06\\\/Webdo-Tunisie_168377.jpg\",\"contentUrl\":\"https:\\\/\\\/www.webdo.tn\\\/fr\\\/wp-content\\\/uploads\\\/2025\\\/06\\\/Webdo-Tunisie_168377.jpg\",\"width\":301,\"height\":301,\"caption\":\"Webdo\"},\"image\":{\"@id\":\"https:\\\/\\\/www.webdo.tn\\\/fr\\\/#\\\/schema\\\/logo\\\/image\\\/\"},\"sameAs\":[\"https:\\\/\\\/www.facebook.com\\\/webdotn\",\"https:\\\/\\\/x.com\\\/webdo_tn\"],\"description\":\"Webdo est un m\u00e9dia num\u00e9rique tunisien fond\u00e9 en 2010, sp\u00e9cialis\u00e9 dans l\u2019actualit\u00e9 nationale et internationale, l\u2019\u00e9conomie, la soci\u00e9t\u00e9 et les analyses politiques. Le site s\u2019adresse \u00e0 un large public francophone et couvre l\u2019information tunisienne en temps r\u00e9el.\",\"email\":\"redac@webdo.tn\",\"legalName\":\"YNJ SARL\",\"foundingDate\":\"2010-09-06\",\"numberOfEmployees\":{\"@type\":\"QuantitativeValue\",\"minValue\":\"11\",\"maxValue\":\"50\"}},{\"@type\":\"Person\",\"@id\":\"https:\\\/\\\/www.webdo.tn\\\/fr\\\/#\\\/schema\\\/person\\\/57c261717927697fcf719ab1058a8003\",\"name\":\"Maher Chaabane\",\"image\":{\"@type\":\"ImageObject\",\"inLanguage\":\"fr-FR\",\"@id\":\"https:\\\/\\\/www.webdo.tn\\\/fr\\\/wp-content\\\/uploads\\\/2026\\\/04\\\/maher-chaabane_avatar_2-96x96.jpg\",\"url\":\"https:\\\/\\\/www.webdo.tn\\\/fr\\\/wp-content\\\/uploads\\\/2026\\\/04\\\/maher-chaabane_avatar_2-96x96.jpg\",\"contentUrl\":\"https:\\\/\\\/www.webdo.tn\\\/fr\\\/wp-content\\\/uploads\\\/2026\\\/04\\\/maher-chaabane_avatar_2-96x96.jpg\",\"caption\":\"Maher Chaabane\"},\"description\":\"Maher Chaabane est journaliste et r\u00e9dacteur en chef de Webdo.tn depuis 2012. Il d\u00e9bute sa carri\u00e8re au sein du groupe Tunis Hebdo en 2000, o\u00f9 il couvre pendant plusieurs ann\u00e9es l\u2019actualit\u00e9 sportive et internationale, avant d\u2019occuper les fonctions de r\u00e9dacteur en chef adjoint. Fort de plus de deux d\u00e9cennies d\u2019exp\u00e9rience dans le journalisme, il supervise aujourd\u2019hui la production \u00e9ditoriale de Webdo et contribue activement \u00e0 la ligne du m\u00e9dia, en particulier sur les sujets d\u2019actualit\u00e9 nationale et internationale. https:\\\/\\\/www.facebook.com\\\/youssef.rc.92\",\"sameAs\":[\"https:\\\/\\\/www.facebook.com\\\/youssef.rc.92\"],\"knowsAbout\":[\"journalisme\",\"actualit\u00e9 internationale\",\"sport\",\"r\u00e9daction\",\"m\u00e9dias\",\"information\"],\"knowsLanguage\":[\"Fran\u00e7ais\",\"Arabe\"],\"jobTitle\":\"R\u00e9dacteur en chef\",\"worksFor\":\"Webdo.tn\",\"url\":\"https:\\\/\\\/www.webdo.tn\\\/fr\\\/actualite\\\/author\\\/maher-chaabane\\\/\"}]}<\/script>\n<!-- \/ Yoast SEO Premium plugin. -->","yoast_head_json":{"title":"Le dernier g\u00e9n\u00e9rique de Cin\u00e9 Jamil : Quand la lumi\u00e8re s\u2019\u00e9teint \u00e0 El Menzah 6 - webdo","description":"Quand la lumi\u00e8re s\u2019\u00e9teint \u00e0 El Menzah 6, le Cin\u00e9 Jamil laisse un h\u00e9ritage cin\u00e9matographique puissant. D\u00e9couvrez ce dernier g\u00e9n\u00e9rique.","canonical":"https:\/\/www.webdo.tn\/fr\/actualite\/culture\/le-dernier-generique-de-cine-jamil-quand-la-lumiere-seteint-a-el-menzah-6\/386480\/","og_locale":"fr_FR","og_type":"article","og_title":"Le dernier g\u00e9n\u00e9rique de Cin\u00e9 Jamil : Quand la lumi\u00e8re s\u2019\u00e9teint \u00e0 El Menzah 6","og_description":"Quand la lumi\u00e8re s\u2019\u00e9teint \u00e0 El Menzah 6, le Cin\u00e9 Jamil laisse un h\u00e9ritage cin\u00e9matographique puissant. D\u00e9couvrez ce dernier g\u00e9n\u00e9rique.","og_url":"https:\/\/www.webdo.tn\/fr\/actualite\/culture\/le-dernier-generique-de-cine-jamil-quand-la-lumiere-seteint-a-el-menzah-6\/386480\/","og_site_name":"webdo","article_publisher":"https:\/\/www.facebook.com\/webdotn","article_author":"https:\/\/www.facebook.com\/youssef.rc.92","article_published_time":"2025-10-28T18:47:37+00:00","article_modified_time":"2025-10-28T18:47:38+00:00","og_image":[{"width":1200,"height":600,"url":"https:\/\/www.webdo.tn\/fr\/wp-content\/uploads\/2025\/10\/cinema-e1678528983237.jpeg","type":"image\/jpeg"}],"author":"Maher Chaabane","twitter_card":"summary_large_image","twitter_creator":"@webdo_tn","twitter_site":"@webdo_tn","twitter_misc":{"\u00c9crit par":"Maher Chaabane","Dur\u00e9e de lecture estim\u00e9e":"2 minutes"},"schema":{"@context":"https:\/\/schema.org","@graph":[{"@type":"NewsArticle","@id":"https:\/\/www.webdo.tn\/fr\/actualite\/culture\/le-dernier-generique-de-cine-jamil-quand-la-lumiere-seteint-a-el-menzah-6\/386480\/#article","isPartOf":{"@id":"https:\/\/www.webdo.tn\/fr\/actualite\/culture\/le-dernier-generique-de-cine-jamil-quand-la-lumiere-seteint-a-el-menzah-6\/386480\/"},"author":{"name":"Maher Chaabane","@id":"https:\/\/www.webdo.tn\/fr\/#\/schema\/person\/57c261717927697fcf719ab1058a8003"},"headline":"Le dernier g\u00e9n\u00e9rique de Cin\u00e9 Jamil : Quand la lumi\u00e8re s\u2019\u00e9teint \u00e0 El Menzah 6","datePublished":"2025-10-28T18:47:37+00:00","dateModified":"2025-10-28T18:47:38+00:00","mainEntityOfPage":{"@id":"https:\/\/www.webdo.tn\/fr\/actualite\/culture\/le-dernier-generique-de-cine-jamil-quand-la-lumiere-seteint-a-el-menzah-6\/386480\/"},"wordCount":284,"publisher":{"@id":"https:\/\/www.webdo.tn\/fr\/#organization"},"image":{"@id":"https:\/\/www.webdo.tn\/fr\/actualite\/culture\/le-dernier-generique-de-cine-jamil-quand-la-lumiere-seteint-a-el-menzah-6\/386480\/#primaryimage"},"thumbnailUrl":"https:\/\/www.webdo.tn\/fr\/wp-content\/uploads\/2025\/10\/cinema-e1678528983237.jpeg","keywords":["Cin\u00e9ma","Tunisie"],"articleSection":["Culture"],"inLanguage":"fr-FR"},{"@type":"WebPage","@id":"https:\/\/www.webdo.tn\/fr\/actualite\/culture\/le-dernier-generique-de-cine-jamil-quand-la-lumiere-seteint-a-el-menzah-6\/386480\/","url":"https:\/\/www.webdo.tn\/fr\/actualite\/culture\/le-dernier-generique-de-cine-jamil-quand-la-lumiere-seteint-a-el-menzah-6\/386480\/","name":"Le dernier g\u00e9n\u00e9rique de Cin\u00e9 Jamil : Quand la lumi\u00e8re s\u2019\u00e9teint \u00e0 El Menzah 6 - webdo","isPartOf":{"@id":"https:\/\/www.webdo.tn\/fr\/#website"},"primaryImageOfPage":{"@id":"https:\/\/www.webdo.tn\/fr\/actualite\/culture\/le-dernier-generique-de-cine-jamil-quand-la-lumiere-seteint-a-el-menzah-6\/386480\/#primaryimage"},"image":{"@id":"https:\/\/www.webdo.tn\/fr\/actualite\/culture\/le-dernier-generique-de-cine-jamil-quand-la-lumiere-seteint-a-el-menzah-6\/386480\/#primaryimage"},"thumbnailUrl":"https:\/\/www.webdo.tn\/fr\/wp-content\/uploads\/2025\/10\/cinema-e1678528983237.jpeg","datePublished":"2025-10-28T18:47:37+00:00","dateModified":"2025-10-28T18:47:38+00:00","description":"Quand la lumi\u00e8re s\u2019\u00e9teint \u00e0 El Menzah 6, le Cin\u00e9 Jamil laisse un h\u00e9ritage cin\u00e9matographique puissant. D\u00e9couvrez ce dernier g\u00e9n\u00e9rique.","breadcrumb":{"@id":"https:\/\/www.webdo.tn\/fr\/actualite\/culture\/le-dernier-generique-de-cine-jamil-quand-la-lumiere-seteint-a-el-menzah-6\/386480\/#breadcrumb"},"inLanguage":"fr-FR","potentialAction":[{"@type":"ReadAction","target":["https:\/\/www.webdo.tn\/fr\/actualite\/culture\/le-dernier-generique-de-cine-jamil-quand-la-lumiere-seteint-a-el-menzah-6\/386480\/"]}]},{"@type":"ImageObject","inLanguage":"fr-FR","@id":"https:\/\/www.webdo.tn\/fr\/actualite\/culture\/le-dernier-generique-de-cine-jamil-quand-la-lumiere-seteint-a-el-menzah-6\/386480\/#primaryimage","url":"https:\/\/www.webdo.tn\/fr\/wp-content\/uploads\/2025\/10\/cinema-e1678528983237.jpeg","contentUrl":"https:\/\/www.webdo.tn\/fr\/wp-content\/uploads\/2025\/10\/cinema-e1678528983237.jpeg","width":1200,"height":600,"caption":"Le dernier g\u00e9n\u00e9rique de Cin\u00e9 Jamil : Quand la lumi\u00e8re s\u2019\u00e9teint \u00e0 El Menzah 6"},{"@type":"BreadcrumbList","@id":"https:\/\/www.webdo.tn\/fr\/actualite\/culture\/le-dernier-generique-de-cine-jamil-quand-la-lumiere-seteint-a-el-menzah-6\/386480\/#breadcrumb","itemListElement":[{"@type":"ListItem","position":1,"name":"Accueil","item":"https:\/\/www.webdo.tn\/fr\/"},{"@type":"ListItem","position":2,"name":"Le dernier g\u00e9n\u00e9rique de Cin\u00e9 Jamil : Quand la lumi\u00e8re s\u2019\u00e9teint \u00e0 El Menzah 6"}]},{"@type":"WebSite","@id":"https:\/\/www.webdo.tn\/fr\/#website","url":"https:\/\/www.webdo.tn\/fr\/","name":"webdo","description":"Tunisie - News en Tunisie et \u00e0 l&#039;international sur Webdo.tn","publisher":{"@id":"https:\/\/www.webdo.tn\/fr\/#organization"},"potentialAction":[{"@type":"SearchAction","target":{"@type":"EntryPoint","urlTemplate":"https:\/\/www.webdo.tn\/fr\/?s={search_term_string}"},"query-input":{"@type":"PropertyValueSpecification","valueRequired":true,"valueName":"search_term_string"}}],"inLanguage":"fr-FR"},{"@type":"Organization","@id":"https:\/\/www.webdo.tn\/fr\/#organization","name":"Webdo","alternateName":"Webdo.tn","url":"https:\/\/www.webdo.tn\/fr\/","logo":{"@type":"ImageObject","inLanguage":"fr-FR","@id":"https:\/\/www.webdo.tn\/fr\/#\/schema\/logo\/image\/","url":"https:\/\/www.webdo.tn\/fr\/wp-content\/uploads\/2025\/06\/Webdo-Tunisie_168377.jpg","contentUrl":"https:\/\/www.webdo.tn\/fr\/wp-content\/uploads\/2025\/06\/Webdo-Tunisie_168377.jpg","width":301,"height":301,"caption":"Webdo"},"image":{"@id":"https:\/\/www.webdo.tn\/fr\/#\/schema\/logo\/image\/"},"sameAs":["https:\/\/www.facebook.com\/webdotn","https:\/\/x.com\/webdo_tn"],"description":"Webdo est un m\u00e9dia num\u00e9rique tunisien fond\u00e9 en 2010, sp\u00e9cialis\u00e9 dans l\u2019actualit\u00e9 nationale et internationale, l\u2019\u00e9conomie, la soci\u00e9t\u00e9 et les analyses politiques. Le site s\u2019adresse \u00e0 un large public francophone et couvre l\u2019information tunisienne en temps r\u00e9el.","email":"redac@webdo.tn","legalName":"YNJ SARL","foundingDate":"2010-09-06","numberOfEmployees":{"@type":"QuantitativeValue","minValue":"11","maxValue":"50"}},{"@type":"Person","@id":"https:\/\/www.webdo.tn\/fr\/#\/schema\/person\/57c261717927697fcf719ab1058a8003","name":"Maher Chaabane","image":{"@type":"ImageObject","inLanguage":"fr-FR","@id":"https:\/\/www.webdo.tn\/fr\/wp-content\/uploads\/2026\/04\/maher-chaabane_avatar_2-96x96.jpg","url":"https:\/\/www.webdo.tn\/fr\/wp-content\/uploads\/2026\/04\/maher-chaabane_avatar_2-96x96.jpg","contentUrl":"https:\/\/www.webdo.tn\/fr\/wp-content\/uploads\/2026\/04\/maher-chaabane_avatar_2-96x96.jpg","caption":"Maher Chaabane"},"description":"Maher Chaabane est journaliste et r\u00e9dacteur en chef de Webdo.tn depuis 2012. Il d\u00e9bute sa carri\u00e8re au sein du groupe Tunis Hebdo en 2000, o\u00f9 il couvre pendant plusieurs ann\u00e9es l\u2019actualit\u00e9 sportive et internationale, avant d\u2019occuper les fonctions de r\u00e9dacteur en chef adjoint. Fort de plus de deux d\u00e9cennies d\u2019exp\u00e9rience dans le journalisme, il supervise aujourd\u2019hui la production \u00e9ditoriale de Webdo et contribue activement \u00e0 la ligne du m\u00e9dia, en particulier sur les sujets d\u2019actualit\u00e9 nationale et internationale. https:\/\/www.facebook.com\/youssef.rc.92","sameAs":["https:\/\/www.facebook.com\/youssef.rc.92"],"knowsAbout":["journalisme","actualit\u00e9 internationale","sport","r\u00e9daction","m\u00e9dias","information"],"knowsLanguage":["Fran\u00e7ais","Arabe"],"jobTitle":"R\u00e9dacteur en chef","worksFor":"Webdo.tn","url":"https:\/\/www.webdo.tn\/fr\/actualite\/author\/maher-chaabane\/"}]}},"_links":{"self":[{"href":"https:\/\/www.webdo.tn\/fr\/wp-json\/wp\/v2\/posts\/386480","targetHints":{"allow":["GET"]}}],"collection":[{"href":"https:\/\/www.webdo.tn\/fr\/wp-json\/wp\/v2\/posts"}],"about":[{"href":"https:\/\/www.webdo.tn\/fr\/wp-json\/wp\/v2\/types\/post"}],"author":[{"embeddable":true,"href":"https:\/\/www.webdo.tn\/fr\/wp-json\/wp\/v2\/users\/3189"}],"replies":[{"embeddable":true,"href":"https:\/\/www.webdo.tn\/fr\/wp-json\/wp\/v2\/comments?post=386480"}],"version-history":[{"count":0,"href":"https:\/\/www.webdo.tn\/fr\/wp-json\/wp\/v2\/posts\/386480\/revisions"}],"wp:featuredmedia":[{"embeddable":true,"href":"https:\/\/www.webdo.tn\/fr\/wp-json\/wp\/v2\/media\/386481"}],"wp:attachment":[{"href":"https:\/\/www.webdo.tn\/fr\/wp-json\/wp\/v2\/media?parent=386480"}],"wp:term":[{"taxonomy":"category","embeddable":true,"href":"https:\/\/www.webdo.tn\/fr\/wp-json\/wp\/v2\/categories?post=386480"},{"taxonomy":"post_tag","embeddable":true,"href":"https:\/\/www.webdo.tn\/fr\/wp-json\/wp\/v2\/tags?post=386480"}],"curies":[{"name":"wp","href":"https:\/\/api.w.org\/{rel}","templated":true}]}}