{"id":386404,"date":"2025-10-27T19:56:24","date_gmt":"2025-10-27T18:56:24","guid":{"rendered":"https:\/\/www.webdo.tn\/fr\/?p=386404"},"modified":"2025-10-28T10:17:49","modified_gmt":"2025-10-28T09:17:49","slug":"tunisie-apres-latfd-la-suspension-du-ftdes-accentue-la-pression-sur-la-societe-civile","status":"publish","type":"post","link":"https:\/\/www.webdo.tn\/fr\/actualite\/national\/tunisie-apres-latfd-la-suspension-du-ftdes-accentue-la-pression-sur-la-societe-civile\/386404\/","title":{"rendered":"Tunisie : Apr\u00e8s l\u2019ATFD, la suspension du FTDES accentue la pression sur la soci\u00e9t\u00e9 civile"},"content":{"rendered":"\n<p>Quelques jours apr\u00e8s la suspension de l\u2019Association tunisienne des femmes d\u00e9mocrates (ATFD), les autorit\u00e9s ont d\u00e9cid\u00e9 de geler pour un mois les activit\u00e9s du Forum tunisien des droits \u00e9conomiques et sociaux (FTDES). Cette d\u00e9cision, notifi\u00e9e r\u00e9cemment aux responsables de l\u2019organisation, a \u00e9t\u00e9 re\u00e7ue avec incompr\u00e9hension par ses membres, qui assurent avoir respect\u00e9 toutes les obligations l\u00e9gales et administratives.<\/p>\n\n\n\n<p>Selon Romdhane Ben Amor, porte-parole du FTDES, cette mesure s\u2019inscrit dans la continuit\u00e9 d\u2019une s\u00e9rie de contr\u00f4les et d\u2019audits engag\u00e9s depuis plusieurs mois.<\/p>\n\n\n\n<p>\u00ab Ce qui se passe aujourd\u2019hui peut se reproduire demain. Rien ne nous fera peur ni n\u2019affaiblira notre d\u00e9termination. O\u00f9 que nous soyons, nous resterons fid\u00e8les aux opprim\u00e9s et attach\u00e9s aux valeurs de justice et de dignit\u00e9 \u00bb, a-t-il d\u00e9clar\u00e9 dans un message rendu public.<\/p>\n\n\n\n<blockquote class=\"wp-block-quote is-layout-flow wp-block-quote-is-layout-flow\">\n<blockquote class=\"wp-block-quote is-layout-flow wp-block-quote-is-layout-flow\">\n<p>Lire aussi:<\/p>\n\n\n\n<p><a href=\"https:\/\/www.webdo.tn\/fr\/actualite\/national\/tunisie-suspension-de-latfd-une-vague-de-reactions-solidaires-contre-une-decision-jugee-arbitraire\/386339\/\">Tunisie \u2013 Suspension de l\u2019ATFD : Une vague de r\u00e9actions solidaires contre une d\u00e9cision jug\u00e9e arbitraire<\/a><\/p>\n<\/blockquote>\n<\/blockquote>\n\n\n\n<h2 class=\"wp-block-heading\" id=\"h-un-acteur-historique-du-debat-social\"><strong>Un acteur historique du d\u00e9bat social<\/strong><\/h2>\n\n\n\n<p>Cr\u00e9\u00e9 en 2011, dans le sillage de la r\u00e9volution, le FTDES s\u2019est impos\u00e9 comme un acteur central de l\u2019analyse sociale en Tunisie, publiant r\u00e9guli\u00e8rement des \u00e9tudes sur le ch\u00f4mage, les in\u00e9galit\u00e9s r\u00e9gionales, la pauvret\u00e9 ou les migrations. Ses travaux ont souvent aliment\u00e9 le d\u00e9bat public et contribu\u00e9 \u00e0 \u00e9clairer les politiques sociales.<\/p>\n\n\n\n<p>L\u2019organisation a indiqu\u00e9 qu\u2019elle se conformerait \u00e0 la d\u00e9cision administrative tout en r\u00e9affirmant son engagement \u201cenvers les causes sociales et les luttes pour la dignit\u00e9\u201d.<\/p>\n\n\n\n<h2 class=\"wp-block-heading\" id=\"h-un-contexte-de-vigilance-accrue\"><strong>Un contexte de vigilance accrue<\/strong><\/h2>\n\n\n\n<p>Cette suspension intervient dans un climat de surveillance renforc\u00e9e du secteur associatif, marqu\u00e9 ces derniers mois par plusieurs v\u00e9rifications administratives et financi\u00e8res.<br>Si les autorit\u00e9s affirment agir dans le cadre de la loi, certaines voix au sein de la soci\u00e9t\u00e9 civile redoutent un r\u00e9tr\u00e9cissement progressif de l\u2019espace d\u2019expression ind\u00e9pendant.<\/p>\n\n\n\n<p>Le d\u00e9cret-loi 88 de 2011, qui garantit la libert\u00e9 d\u2019association, reste en vigueur. Mais son interpr\u00e9tation et son application suscitent aujourd\u2019hui des d\u00e9bats sur l\u2019\u00e9quilibre entre contr\u00f4le administratif et vitalit\u00e9 du tissu associatif, pilier de la vie d\u00e9mocratique tunisienne depuis plus d\u2019une d\u00e9cennie.<\/p>\n\n\n\n<blockquote class=\"wp-block-quote is-layout-flow wp-block-quote-is-layout-flow\">\n<blockquote class=\"wp-block-quote is-layout-flow wp-block-quote-is-layout-flow\">\n<p>Pour approfondir:<\/p>\n\n\n\n<p><a href=\"https:\/\/www.webdo.tn\/fr\/actualite\/national\/tunisie-letat-relance-la-traque-des-fonds-etrangers-dans-le-milieu-associatif\/386180\/\">Tunisie : L\u2019\u00c9tat relance la traque des fonds \u00e9trangers dans le milieu associatif<br><\/a><\/p>\n<\/blockquote>\n<\/blockquote>\n\n\n\n<iframe src=\"https:\/\/www.facebook.com\/plugins\/post.php?href=https%3A%2F%2Fwww.facebook.com%2Fromdhane.benamor%2Fposts%2Fpfbid0o8KXH6mPcXoHd6XVr2AksKdurA1ji34N4sDYjGegM3xMYyY8eQSScwXqAnbLE39vl&#038;show_text=true&#038;width=500\" width=\"500\" height=\"403\" style=\"border:none;overflow:hidden\" scrolling=\"no\" frameborder=\"0\" allowfullscreen=\"true\" allow=\"autoplay; clipboard-write; encrypted-media; picture-in-picture; web-share\"><\/iframe>\n","protected":false},"excerpt":{"rendered":"<p>Quelques jours apr\u00e8s la suspension de l\u2019Association tunisienne des femmes d\u00e9mocrates (ATFD), les autorit\u00e9s ont d\u00e9cid\u00e9 de geler pour un mois les activit\u00e9s du Forum tunisien des droits \u00e9conomiques et sociaux (FTDES). Cette d\u00e9cision, notifi\u00e9e r\u00e9cemment aux responsables de l\u2019organisation, a \u00e9t\u00e9 re\u00e7ue avec incompr\u00e9hension par ses membres, qui assurent avoir respect\u00e9 toutes les obligations [&hellip;]<\/p>\n","protected":false},"author":3203,"featured_media":386409,"comment_status":"closed","ping_status":"closed","sticky":false,"template":"","format":"standard","meta":{"footnotes":""},"categories":[44],"tags":[5636,3228,2608],"class_list":["post-386404","post","type-post","status-publish","format-standard","has-post-thumbnail","hentry","category-national","tag-associations-en-tunisie","tag-ftdes","tag-tunisie"],"yoast_head":"<!-- This site is optimized with the Yoast SEO Premium plugin v27.4 (Yoast SEO v27.5) - https:\/\/yoast.com\/product\/yoast-seo-premium-wordpress\/ -->\n<title>Tunisie : Apr\u00e8s l\u2019ATFD, la suspension du FTDES accentue la pression sur la soci\u00e9t\u00e9 civile - webdo<\/title>\n<meta name=\"description\" content=\"La suspension du FTDES apr\u00e8s l\u2019ATFD accro\u00eet la pression sur la soci\u00e9t\u00e9 civile en Tunisie et suscite l\u2019inqui\u00e9tude.\" \/>\n<link rel=\"canonical\" href=\"https:\/\/www.webdo.tn\/fr\/actualite\/national\/tunisie-apres-latfd-la-suspension-du-ftdes-accentue-la-pression-sur-la-societe-civile\/386404\/\" \/>\n<meta property=\"og:locale\" content=\"fr_FR\" \/>\n<meta property=\"og:type\" content=\"article\" \/>\n<meta property=\"og:title\" content=\"Tunisie : Apr\u00e8s l\u2019ATFD, la suspension du FTDES accentue la pression sur la soci\u00e9t\u00e9 civile\" \/>\n<meta property=\"og:description\" content=\"La suspension du FTDES apr\u00e8s l\u2019ATFD accro\u00eet la pression sur la soci\u00e9t\u00e9 civile en Tunisie et suscite l\u2019inqui\u00e9tude.\" \/>\n<meta property=\"og:url\" content=\"https:\/\/www.webdo.tn\/fr\/actualite\/national\/tunisie-apres-latfd-la-suspension-du-ftdes-accentue-la-pression-sur-la-societe-civile\/386404\/\" \/>\n<meta property=\"og:site_name\" content=\"webdo\" \/>\n<meta property=\"article:publisher\" content=\"https:\/\/www.facebook.com\/webdotn\" \/>\n<meta property=\"article:published_time\" content=\"2025-10-27T18:56:24+00:00\" \/>\n<meta property=\"article:modified_time\" content=\"2025-10-28T09:17:49+00:00\" \/>\n<meta property=\"og:image\" content=\"https:\/\/www.webdo.tn\/fr\/wp-content\/uploads\/2025\/10\/FTDES.jpg\" \/>\n\t<meta property=\"og:image:width\" content=\"1200\" \/>\n\t<meta property=\"og:image:height\" content=\"514\" \/>\n\t<meta property=\"og:image:type\" content=\"image\/jpeg\" \/>\n<meta name=\"author\" content=\"Ramzi Haddad\" \/>\n<meta name=\"twitter:card\" content=\"summary_large_image\" \/>\n<meta name=\"twitter:creator\" content=\"@webdo_tn\" \/>\n<meta name=\"twitter:site\" content=\"@webdo_tn\" \/>\n<meta name=\"twitter:label1\" content=\"\u00c9crit par\" \/>\n\t<meta name=\"twitter:data1\" content=\"Ramzi Haddad\" \/>\n\t<meta name=\"twitter:label2\" content=\"Dur\u00e9e de lecture estim\u00e9e\" \/>\n\t<meta name=\"twitter:data2\" content=\"1 minute\" \/>\n<script type=\"application\/ld+json\" class=\"yoast-schema-graph\">{\"@context\":\"https:\\\/\\\/schema.org\",\"@graph\":[{\"@type\":\"NewsArticle\",\"@id\":\"https:\\\/\\\/www.webdo.tn\\\/fr\\\/actualite\\\/national\\\/tunisie-apres-latfd-la-suspension-du-ftdes-accentue-la-pression-sur-la-societe-civile\\\/386404\\\/#article\",\"isPartOf\":{\"@id\":\"https:\\\/\\\/www.webdo.tn\\\/fr\\\/actualite\\\/national\\\/tunisie-apres-latfd-la-suspension-du-ftdes-accentue-la-pression-sur-la-societe-civile\\\/386404\\\/\"},\"author\":{\"name\":\"Ramzi Haddad\",\"@id\":\"https:\\\/\\\/www.webdo.tn\\\/fr\\\/#\\\/schema\\\/person\\\/5663044c25eb36d8f88ba5b653f12f8c\"},\"headline\":\"Tunisie : Apr\u00e8s l\u2019ATFD, la suspension du FTDES accentue la pression sur la soci\u00e9t\u00e9 civile\",\"datePublished\":\"2025-10-27T18:56:24+00:00\",\"dateModified\":\"2025-10-28T09:17:49+00:00\",\"mainEntityOfPage\":{\"@id\":\"https:\\\/\\\/www.webdo.tn\\\/fr\\\/actualite\\\/national\\\/tunisie-apres-latfd-la-suspension-du-ftdes-accentue-la-pression-sur-la-societe-civile\\\/386404\\\/\"},\"wordCount\":412,\"publisher\":{\"@id\":\"https:\\\/\\\/www.webdo.tn\\\/fr\\\/#organization\"},\"image\":{\"@id\":\"https:\\\/\\\/www.webdo.tn\\\/fr\\\/actualite\\\/national\\\/tunisie-apres-latfd-la-suspension-du-ftdes-accentue-la-pression-sur-la-societe-civile\\\/386404\\\/#primaryimage\"},\"thumbnailUrl\":\"https:\\\/\\\/www.webdo.tn\\\/fr\\\/wp-content\\\/uploads\\\/2025\\\/10\\\/FTDES.jpg\",\"keywords\":[\"Associations en Tunisie\",\"ftdes\",\"Tunisie\"],\"articleSection\":[\"National\"],\"inLanguage\":\"fr-FR\"},{\"@type\":\"WebPage\",\"@id\":\"https:\\\/\\\/www.webdo.tn\\\/fr\\\/actualite\\\/national\\\/tunisie-apres-latfd-la-suspension-du-ftdes-accentue-la-pression-sur-la-societe-civile\\\/386404\\\/\",\"url\":\"https:\\\/\\\/www.webdo.tn\\\/fr\\\/actualite\\\/national\\\/tunisie-apres-latfd-la-suspension-du-ftdes-accentue-la-pression-sur-la-societe-civile\\\/386404\\\/\",\"name\":\"Tunisie : Apr\u00e8s l\u2019ATFD, la suspension du FTDES accentue la pression sur la soci\u00e9t\u00e9 civile - webdo\",\"isPartOf\":{\"@id\":\"https:\\\/\\\/www.webdo.tn\\\/fr\\\/#website\"},\"primaryImageOfPage\":{\"@id\":\"https:\\\/\\\/www.webdo.tn\\\/fr\\\/actualite\\\/national\\\/tunisie-apres-latfd-la-suspension-du-ftdes-accentue-la-pression-sur-la-societe-civile\\\/386404\\\/#primaryimage\"},\"image\":{\"@id\":\"https:\\\/\\\/www.webdo.tn\\\/fr\\\/actualite\\\/national\\\/tunisie-apres-latfd-la-suspension-du-ftdes-accentue-la-pression-sur-la-societe-civile\\\/386404\\\/#primaryimage\"},\"thumbnailUrl\":\"https:\\\/\\\/www.webdo.tn\\\/fr\\\/wp-content\\\/uploads\\\/2025\\\/10\\\/FTDES.jpg\",\"datePublished\":\"2025-10-27T18:56:24+00:00\",\"dateModified\":\"2025-10-28T09:17:49+00:00\",\"description\":\"La suspension du FTDES apr\u00e8s l\u2019ATFD accro\u00eet la pression sur la soci\u00e9t\u00e9 civile en Tunisie et suscite l\u2019inqui\u00e9tude.\",\"breadcrumb\":{\"@id\":\"https:\\\/\\\/www.webdo.tn\\\/fr\\\/actualite\\\/national\\\/tunisie-apres-latfd-la-suspension-du-ftdes-accentue-la-pression-sur-la-societe-civile\\\/386404\\\/#breadcrumb\"},\"inLanguage\":\"fr-FR\",\"potentialAction\":[{\"@type\":\"ReadAction\",\"target\":[\"https:\\\/\\\/www.webdo.tn\\\/fr\\\/actualite\\\/national\\\/tunisie-apres-latfd-la-suspension-du-ftdes-accentue-la-pression-sur-la-societe-civile\\\/386404\\\/\"]}]},{\"@type\":\"ImageObject\",\"inLanguage\":\"fr-FR\",\"@id\":\"https:\\\/\\\/www.webdo.tn\\\/fr\\\/actualite\\\/national\\\/tunisie-apres-latfd-la-suspension-du-ftdes-accentue-la-pression-sur-la-societe-civile\\\/386404\\\/#primaryimage\",\"url\":\"https:\\\/\\\/www.webdo.tn\\\/fr\\\/wp-content\\\/uploads\\\/2025\\\/10\\\/FTDES.jpg\",\"contentUrl\":\"https:\\\/\\\/www.webdo.tn\\\/fr\\\/wp-content\\\/uploads\\\/2025\\\/10\\\/FTDES.jpg\",\"width\":1200,\"height\":514,\"caption\":\"FTDES\"},{\"@type\":\"BreadcrumbList\",\"@id\":\"https:\\\/\\\/www.webdo.tn\\\/fr\\\/actualite\\\/national\\\/tunisie-apres-latfd-la-suspension-du-ftdes-accentue-la-pression-sur-la-societe-civile\\\/386404\\\/#breadcrumb\",\"itemListElement\":[{\"@type\":\"ListItem\",\"position\":1,\"name\":\"Accueil\",\"item\":\"https:\\\/\\\/www.webdo.tn\\\/fr\\\/\"},{\"@type\":\"ListItem\",\"position\":2,\"name\":\"Tunisie : Apr\u00e8s l\u2019ATFD, la suspension du FTDES accentue la pression sur la soci\u00e9t\u00e9 civile\"}]},{\"@type\":\"WebSite\",\"@id\":\"https:\\\/\\\/www.webdo.tn\\\/fr\\\/#website\",\"url\":\"https:\\\/\\\/www.webdo.tn\\\/fr\\\/\",\"name\":\"webdo\",\"description\":\"Tunisie - News en Tunisie et \u00e0 l&#039;international sur Webdo.tn\",\"publisher\":{\"@id\":\"https:\\\/\\\/www.webdo.tn\\\/fr\\\/#organization\"},\"potentialAction\":[{\"@type\":\"SearchAction\",\"target\":{\"@type\":\"EntryPoint\",\"urlTemplate\":\"https:\\\/\\\/www.webdo.tn\\\/fr\\\/?s={search_term_string}\"},\"query-input\":{\"@type\":\"PropertyValueSpecification\",\"valueRequired\":true,\"valueName\":\"search_term_string\"}}],\"inLanguage\":\"fr-FR\"},{\"@type\":\"Organization\",\"@id\":\"https:\\\/\\\/www.webdo.tn\\\/fr\\\/#organization\",\"name\":\"Webdo\",\"alternateName\":\"Webdo.tn\",\"url\":\"https:\\\/\\\/www.webdo.tn\\\/fr\\\/\",\"logo\":{\"@type\":\"ImageObject\",\"inLanguage\":\"fr-FR\",\"@id\":\"https:\\\/\\\/www.webdo.tn\\\/fr\\\/#\\\/schema\\\/logo\\\/image\\\/\",\"url\":\"https:\\\/\\\/www.webdo.tn\\\/fr\\\/wp-content\\\/uploads\\\/2025\\\/06\\\/Webdo-Tunisie_168377.jpg\",\"contentUrl\":\"https:\\\/\\\/www.webdo.tn\\\/fr\\\/wp-content\\\/uploads\\\/2025\\\/06\\\/Webdo-Tunisie_168377.jpg\",\"width\":301,\"height\":301,\"caption\":\"Webdo\"},\"image\":{\"@id\":\"https:\\\/\\\/www.webdo.tn\\\/fr\\\/#\\\/schema\\\/logo\\\/image\\\/\"},\"sameAs\":[\"https:\\\/\\\/www.facebook.com\\\/webdotn\",\"https:\\\/\\\/x.com\\\/webdo_tn\"],\"description\":\"Webdo est un m\u00e9dia num\u00e9rique tunisien fond\u00e9 en 2010, sp\u00e9cialis\u00e9 dans l\u2019actualit\u00e9 nationale et internationale, l\u2019\u00e9conomie, la soci\u00e9t\u00e9 et les analyses politiques. Le site s\u2019adresse \u00e0 un large public francophone et couvre l\u2019information tunisienne en temps r\u00e9el.\",\"email\":\"redac@webdo.tn\",\"legalName\":\"YNJ SARL\",\"foundingDate\":\"2010-09-06\",\"numberOfEmployees\":{\"@type\":\"QuantitativeValue\",\"minValue\":\"11\",\"maxValue\":\"50\"}},{\"@type\":\"Person\",\"@id\":\"https:\\\/\\\/www.webdo.tn\\\/fr\\\/#\\\/schema\\\/person\\\/5663044c25eb36d8f88ba5b653f12f8c\",\"name\":\"Ramzi Haddad\",\"image\":{\"@type\":\"ImageObject\",\"inLanguage\":\"fr-FR\",\"@id\":\"https:\\\/\\\/www.webdo.tn\\\/fr\\\/wp-content\\\/uploads\\\/2026\\\/04\\\/ramzi-haddad_avatar-96x96.jpg\",\"url\":\"https:\\\/\\\/www.webdo.tn\\\/fr\\\/wp-content\\\/uploads\\\/2026\\\/04\\\/ramzi-haddad_avatar-96x96.jpg\",\"contentUrl\":\"https:\\\/\\\/www.webdo.tn\\\/fr\\\/wp-content\\\/uploads\\\/2026\\\/04\\\/ramzi-haddad_avatar-96x96.jpg\",\"caption\":\"Ramzi Haddad\"},\"description\":\"Signature \u00e9ditoriale de Walid Ben Youssef Ramzi Haddad est le pseudonyme \u00e9ditorial de Walid Ben Youssef, fondateur et g\u00e9rant de Webdo.tn. Cette signature est d\u00e9di\u00e9e \u00e0 la couverture de l'actualit\u00e9 nationale et internationale, ainsi qu'aux analyses des dynamiques num\u00e9riques. Ce profil b\u00e9n\u00e9ficie de l'expertise de Walid Ben Youssef, pionnier du web en Tunisie depuis 2000 et dipl\u00f4m\u00e9 en Math\u00e9matiques pures de l'Universit\u00e9 d'Oregon. \u00c0 travers cette signature, la r\u00e9daction de Webdo garantit une information structur\u00e9e et v\u00e9rifi\u00e9e, fid\u00e8le aux standards journalistiques du m\u00e9dia.\",\"url\":\"https:\\\/\\\/www.webdo.tn\\\/fr\\\/actualite\\\/author\\\/ramzi-haddad\\\/\"}]}<\/script>\n<!-- \/ Yoast SEO Premium plugin. -->","yoast_head_json":{"title":"Tunisie : Apr\u00e8s l\u2019ATFD, la suspension du FTDES accentue la pression sur la soci\u00e9t\u00e9 civile - webdo","description":"La suspension du FTDES apr\u00e8s l\u2019ATFD accro\u00eet la pression sur la soci\u00e9t\u00e9 civile en Tunisie et suscite l\u2019inqui\u00e9tude.","canonical":"https:\/\/www.webdo.tn\/fr\/actualite\/national\/tunisie-apres-latfd-la-suspension-du-ftdes-accentue-la-pression-sur-la-societe-civile\/386404\/","og_locale":"fr_FR","og_type":"article","og_title":"Tunisie : Apr\u00e8s l\u2019ATFD, la suspension du FTDES accentue la pression sur la soci\u00e9t\u00e9 civile","og_description":"La suspension du FTDES apr\u00e8s l\u2019ATFD accro\u00eet la pression sur la soci\u00e9t\u00e9 civile en Tunisie et suscite l\u2019inqui\u00e9tude.","og_url":"https:\/\/www.webdo.tn\/fr\/actualite\/national\/tunisie-apres-latfd-la-suspension-du-ftdes-accentue-la-pression-sur-la-societe-civile\/386404\/","og_site_name":"webdo","article_publisher":"https:\/\/www.facebook.com\/webdotn","article_published_time":"2025-10-27T18:56:24+00:00","article_modified_time":"2025-10-28T09:17:49+00:00","og_image":[{"width":1200,"height":514,"url":"https:\/\/www.webdo.tn\/fr\/wp-content\/uploads\/2025\/10\/FTDES.jpg","type":"image\/jpeg"}],"author":"Ramzi Haddad","twitter_card":"summary_large_image","twitter_creator":"@webdo_tn","twitter_site":"@webdo_tn","twitter_misc":{"\u00c9crit par":"Ramzi Haddad","Dur\u00e9e de lecture estim\u00e9e":"1 minute"},"schema":{"@context":"https:\/\/schema.org","@graph":[{"@type":"NewsArticle","@id":"https:\/\/www.webdo.tn\/fr\/actualite\/national\/tunisie-apres-latfd-la-suspension-du-ftdes-accentue-la-pression-sur-la-societe-civile\/386404\/#article","isPartOf":{"@id":"https:\/\/www.webdo.tn\/fr\/actualite\/national\/tunisie-apres-latfd-la-suspension-du-ftdes-accentue-la-pression-sur-la-societe-civile\/386404\/"},"author":{"name":"Ramzi Haddad","@id":"https:\/\/www.webdo.tn\/fr\/#\/schema\/person\/5663044c25eb36d8f88ba5b653f12f8c"},"headline":"Tunisie : Apr\u00e8s l\u2019ATFD, la suspension du FTDES accentue la pression sur la soci\u00e9t\u00e9 civile","datePublished":"2025-10-27T18:56:24+00:00","dateModified":"2025-10-28T09:17:49+00:00","mainEntityOfPage":{"@id":"https:\/\/www.webdo.tn\/fr\/actualite\/national\/tunisie-apres-latfd-la-suspension-du-ftdes-accentue-la-pression-sur-la-societe-civile\/386404\/"},"wordCount":412,"publisher":{"@id":"https:\/\/www.webdo.tn\/fr\/#organization"},"image":{"@id":"https:\/\/www.webdo.tn\/fr\/actualite\/national\/tunisie-apres-latfd-la-suspension-du-ftdes-accentue-la-pression-sur-la-societe-civile\/386404\/#primaryimage"},"thumbnailUrl":"https:\/\/www.webdo.tn\/fr\/wp-content\/uploads\/2025\/10\/FTDES.jpg","keywords":["Associations en Tunisie","ftdes","Tunisie"],"articleSection":["National"],"inLanguage":"fr-FR"},{"@type":"WebPage","@id":"https:\/\/www.webdo.tn\/fr\/actualite\/national\/tunisie-apres-latfd-la-suspension-du-ftdes-accentue-la-pression-sur-la-societe-civile\/386404\/","url":"https:\/\/www.webdo.tn\/fr\/actualite\/national\/tunisie-apres-latfd-la-suspension-du-ftdes-accentue-la-pression-sur-la-societe-civile\/386404\/","name":"Tunisie : Apr\u00e8s l\u2019ATFD, la suspension du FTDES accentue la pression sur la soci\u00e9t\u00e9 civile - webdo","isPartOf":{"@id":"https:\/\/www.webdo.tn\/fr\/#website"},"primaryImageOfPage":{"@id":"https:\/\/www.webdo.tn\/fr\/actualite\/national\/tunisie-apres-latfd-la-suspension-du-ftdes-accentue-la-pression-sur-la-societe-civile\/386404\/#primaryimage"},"image":{"@id":"https:\/\/www.webdo.tn\/fr\/actualite\/national\/tunisie-apres-latfd-la-suspension-du-ftdes-accentue-la-pression-sur-la-societe-civile\/386404\/#primaryimage"},"thumbnailUrl":"https:\/\/www.webdo.tn\/fr\/wp-content\/uploads\/2025\/10\/FTDES.jpg","datePublished":"2025-10-27T18:56:24+00:00","dateModified":"2025-10-28T09:17:49+00:00","description":"La suspension du FTDES apr\u00e8s l\u2019ATFD accro\u00eet la pression sur la soci\u00e9t\u00e9 civile en Tunisie et suscite l\u2019inqui\u00e9tude.","breadcrumb":{"@id":"https:\/\/www.webdo.tn\/fr\/actualite\/national\/tunisie-apres-latfd-la-suspension-du-ftdes-accentue-la-pression-sur-la-societe-civile\/386404\/#breadcrumb"},"inLanguage":"fr-FR","potentialAction":[{"@type":"ReadAction","target":["https:\/\/www.webdo.tn\/fr\/actualite\/national\/tunisie-apres-latfd-la-suspension-du-ftdes-accentue-la-pression-sur-la-societe-civile\/386404\/"]}]},{"@type":"ImageObject","inLanguage":"fr-FR","@id":"https:\/\/www.webdo.tn\/fr\/actualite\/national\/tunisie-apres-latfd-la-suspension-du-ftdes-accentue-la-pression-sur-la-societe-civile\/386404\/#primaryimage","url":"https:\/\/www.webdo.tn\/fr\/wp-content\/uploads\/2025\/10\/FTDES.jpg","contentUrl":"https:\/\/www.webdo.tn\/fr\/wp-content\/uploads\/2025\/10\/FTDES.jpg","width":1200,"height":514,"caption":"FTDES"},{"@type":"BreadcrumbList","@id":"https:\/\/www.webdo.tn\/fr\/actualite\/national\/tunisie-apres-latfd-la-suspension-du-ftdes-accentue-la-pression-sur-la-societe-civile\/386404\/#breadcrumb","itemListElement":[{"@type":"ListItem","position":1,"name":"Accueil","item":"https:\/\/www.webdo.tn\/fr\/"},{"@type":"ListItem","position":2,"name":"Tunisie : Apr\u00e8s l\u2019ATFD, la suspension du FTDES accentue la pression sur la soci\u00e9t\u00e9 civile"}]},{"@type":"WebSite","@id":"https:\/\/www.webdo.tn\/fr\/#website","url":"https:\/\/www.webdo.tn\/fr\/","name":"webdo","description":"Tunisie - News en Tunisie et \u00e0 l&#039;international sur Webdo.tn","publisher":{"@id":"https:\/\/www.webdo.tn\/fr\/#organization"},"potentialAction":[{"@type":"SearchAction","target":{"@type":"EntryPoint","urlTemplate":"https:\/\/www.webdo.tn\/fr\/?s={search_term_string}"},"query-input":{"@type":"PropertyValueSpecification","valueRequired":true,"valueName":"search_term_string"}}],"inLanguage":"fr-FR"},{"@type":"Organization","@id":"https:\/\/www.webdo.tn\/fr\/#organization","name":"Webdo","alternateName":"Webdo.tn","url":"https:\/\/www.webdo.tn\/fr\/","logo":{"@type":"ImageObject","inLanguage":"fr-FR","@id":"https:\/\/www.webdo.tn\/fr\/#\/schema\/logo\/image\/","url":"https:\/\/www.webdo.tn\/fr\/wp-content\/uploads\/2025\/06\/Webdo-Tunisie_168377.jpg","contentUrl":"https:\/\/www.webdo.tn\/fr\/wp-content\/uploads\/2025\/06\/Webdo-Tunisie_168377.jpg","width":301,"height":301,"caption":"Webdo"},"image":{"@id":"https:\/\/www.webdo.tn\/fr\/#\/schema\/logo\/image\/"},"sameAs":["https:\/\/www.facebook.com\/webdotn","https:\/\/x.com\/webdo_tn"],"description":"Webdo est un m\u00e9dia num\u00e9rique tunisien fond\u00e9 en 2010, sp\u00e9cialis\u00e9 dans l\u2019actualit\u00e9 nationale et internationale, l\u2019\u00e9conomie, la soci\u00e9t\u00e9 et les analyses politiques. Le site s\u2019adresse \u00e0 un large public francophone et couvre l\u2019information tunisienne en temps r\u00e9el.","email":"redac@webdo.tn","legalName":"YNJ SARL","foundingDate":"2010-09-06","numberOfEmployees":{"@type":"QuantitativeValue","minValue":"11","maxValue":"50"}},{"@type":"Person","@id":"https:\/\/www.webdo.tn\/fr\/#\/schema\/person\/5663044c25eb36d8f88ba5b653f12f8c","name":"Ramzi Haddad","image":{"@type":"ImageObject","inLanguage":"fr-FR","@id":"https:\/\/www.webdo.tn\/fr\/wp-content\/uploads\/2026\/04\/ramzi-haddad_avatar-96x96.jpg","url":"https:\/\/www.webdo.tn\/fr\/wp-content\/uploads\/2026\/04\/ramzi-haddad_avatar-96x96.jpg","contentUrl":"https:\/\/www.webdo.tn\/fr\/wp-content\/uploads\/2026\/04\/ramzi-haddad_avatar-96x96.jpg","caption":"Ramzi Haddad"},"description":"Signature \u00e9ditoriale de Walid Ben Youssef Ramzi Haddad est le pseudonyme \u00e9ditorial de Walid Ben Youssef, fondateur et g\u00e9rant de Webdo.tn. Cette signature est d\u00e9di\u00e9e \u00e0 la couverture de l'actualit\u00e9 nationale et internationale, ainsi qu'aux analyses des dynamiques num\u00e9riques. Ce profil b\u00e9n\u00e9ficie de l'expertise de Walid Ben Youssef, pionnier du web en Tunisie depuis 2000 et dipl\u00f4m\u00e9 en Math\u00e9matiques pures de l'Universit\u00e9 d'Oregon. \u00c0 travers cette signature, la r\u00e9daction de Webdo garantit une information structur\u00e9e et v\u00e9rifi\u00e9e, fid\u00e8le aux standards journalistiques du m\u00e9dia.","url":"https:\/\/www.webdo.tn\/fr\/actualite\/author\/ramzi-haddad\/"}]}},"_links":{"self":[{"href":"https:\/\/www.webdo.tn\/fr\/wp-json\/wp\/v2\/posts\/386404","targetHints":{"allow":["GET"]}}],"collection":[{"href":"https:\/\/www.webdo.tn\/fr\/wp-json\/wp\/v2\/posts"}],"about":[{"href":"https:\/\/www.webdo.tn\/fr\/wp-json\/wp\/v2\/types\/post"}],"author":[{"embeddable":true,"href":"https:\/\/www.webdo.tn\/fr\/wp-json\/wp\/v2\/users\/3203"}],"replies":[{"embeddable":true,"href":"https:\/\/www.webdo.tn\/fr\/wp-json\/wp\/v2\/comments?post=386404"}],"version-history":[{"count":0,"href":"https:\/\/www.webdo.tn\/fr\/wp-json\/wp\/v2\/posts\/386404\/revisions"}],"wp:featuredmedia":[{"embeddable":true,"href":"https:\/\/www.webdo.tn\/fr\/wp-json\/wp\/v2\/media\/386409"}],"wp:attachment":[{"href":"https:\/\/www.webdo.tn\/fr\/wp-json\/wp\/v2\/media?parent=386404"}],"wp:term":[{"taxonomy":"category","embeddable":true,"href":"https:\/\/www.webdo.tn\/fr\/wp-json\/wp\/v2\/categories?post=386404"},{"taxonomy":"post_tag","embeddable":true,"href":"https:\/\/www.webdo.tn\/fr\/wp-json\/wp\/v2\/tags?post=386404"}],"curies":[{"name":"wp","href":"https:\/\/api.w.org\/{rel}","templated":true}]}}