{"id":386361,"date":"2025-10-27T11:19:08","date_gmt":"2025-10-27T10:19:08","guid":{"rendered":"https:\/\/www.webdo.tn\/fr\/?p=386361"},"modified":"2025-10-27T13:31:41","modified_gmt":"2025-10-27T12:31:41","slug":"affaire-du-complot-contre-letat-laudience-dappel-reportee-au-17-novembre","status":"publish","type":"post","link":"https:\/\/www.webdo.tn\/fr\/actualite\/national\/affaire-du-complot-contre-letat-laudience-dappel-reportee-au-17-novembre\/386361\/","title":{"rendered":"Affaire du complot contre l\u2019\u00c9tat : L\u2019audience d\u2019appel report\u00e9e au 17 novembre"},"content":{"rendered":"\n<p>Nouveau rebondissement dans l\u2019affaire dite du \u00ab complot contre la s\u00fbret\u00e9 de l\u2019\u00c9tat \u00bb. La chambre criminelle sp\u00e9cialis\u00e9e dans les affaires de terrorisme aupr\u00e8s de la cour d\u2019appel de Tunis a d\u00e9cid\u00e9, ce lundi 27 octobre, de reporter l\u2019audience d\u2019appel au 17 novembre 2025.<\/p>\n\n\n\n<p>Pr\u00e9vue initialement pour se tenir ce lundi, l\u2019audience s\u2019est d\u00e9roul\u00e9e \u00e0 distance, sans la pr\u00e9sence physique des accus\u00e9s. Apr\u00e8s une br\u00e8ve s\u00e9ance, la cour a finalement d\u00e9cid\u00e9 de renvoyer l\u2019examen du dossier n\u00b01 au 17 novembre, sans pr\u00e9ciser les motifs du report.<\/p>\n\n\n\n<p>Le comit\u00e9 de d\u00e9fense, qui d\u00e9nonce depuis plusieurs semaines des \u00ab atteintes aux droits de la d\u00e9fense \u00bb, a r\u00e9it\u00e9r\u00e9 ses critiques contre une proc\u00e9dure qu\u2019il juge \u00ab opaque \u00bb et \u00ab politiquement motiv\u00e9e \u00bb.<\/p>\n\n\n\n<p>L\u2019affaire du complot contre l\u2019\u00c9tat implique plusieurs personnalit\u00e9s politiques et figures de l\u2019opposition, poursuivies pour des accusations graves : complot contre la s\u00fbret\u00e9 int\u00e9rieure et ext\u00e9rieure de l\u2019\u00c9tat, appartenance \u00e0 un groupe terroriste, financement du terrorisme, blanchiment d\u2019argent, incitation \u00e0 la violence via les r\u00e9seaux sociaux.<\/p>\n\n\n\n<p>Les avocats de la d\u00e9fense affirment que le dossier repose sur des \u00e9l\u00e9ments \u00ab fabriqu\u00e9s \u00bb et d\u00e9noncent une instrumentalisation judiciaire destin\u00e9e \u00e0 neutraliser l\u2019opposition.<\/p>\n\n\n\n<p><\/p>\n\n\n\n<blockquote class=\"wp-block-quote is-layout-flow wp-block-quote-is-layout-flow\">\n<blockquote class=\"wp-block-quote is-layout-flow wp-block-quote-is-layout-flow\">\n<p><strong>Lire aussi<\/strong><\/p>\n\n\n\n<ul class=\"wp-block-list\">\n<li><a href=\"https:\/\/www.webdo.tn\/fr\/actualite\/national\/tunisie-affaire-du-complot-la-liste-complete-des-37-condamnes-publiee-par-la-tap\/221397\/\">Tunisie \u2013 Affaire du complot : la liste compl\u00e8te des 37 condamn\u00e9s<\/a><\/li>\n\n\n\n<li><a href=\"https:\/\/www.webdo.tn\/fr\/actualite\/national\/tunisie-affaire-de-complot-des-peines-de-prison-allant-de-13-a-66-ans-prononcees-contre-les-accuses\/221382\/\">Tunisie \u2013 Affaire de \u00ab\u00a0complot\u00a0\u00bb : Des peines de prison allant de 13 \u00e0 66 ans prononc\u00e9es contre les accus\u00e9s<\/a><\/li>\n<\/ul>\n<\/blockquote>\n<\/blockquote>\n","protected":false},"excerpt":{"rendered":"<p>Nouveau rebondissement dans l\u2019affaire dite du \u00ab complot contre la s\u00fbret\u00e9 de l\u2019\u00c9tat \u00bb. La chambre criminelle sp\u00e9cialis\u00e9e dans les affaires de terrorisme aupr\u00e8s de la cour d\u2019appel de Tunis a d\u00e9cid\u00e9, ce lundi 27 octobre, de reporter l\u2019audience d\u2019appel au 17 novembre 2025. Pr\u00e9vue initialement pour se tenir ce lundi, l\u2019audience s\u2019est d\u00e9roul\u00e9e \u00e0 [&hellip;]<\/p>\n","protected":false},"author":3191,"featured_media":386362,"comment_status":"closed","ping_status":"closed","sticky":false,"template":"","format":"standard","meta":{"footnotes":""},"categories":[44],"tags":[3000,2619,2608],"class_list":["post-386361","post","type-post","status-publish","format-standard","has-post-thumbnail","hentry","category-national","tag-complot-contre-la-surete-de-letat","tag-justice","tag-tunisie"],"yoast_head":"<!-- This site is optimized with the Yoast SEO Premium plugin v27.5 (Yoast SEO v27.5) - https:\/\/yoast.com\/product\/yoast-seo-premium-wordpress\/ -->\n<title>Affaire du complot contre l\u2019\u00c9tat : L\u2019audience d\u2019appel report\u00e9e au 17 novembre - webdo<\/title>\n<meta name=\"description\" content=\"L\u2019audience d\u2019appel dans l\u2019affaire du complot contre l\u2019\u00c9tat est report\u00e9e au 17 novembre. D\u00e9couvrez les derniers d\u00e9tails.\" \/>\n<link rel=\"canonical\" href=\"https:\/\/www.webdo.tn\/fr\/actualite\/national\/affaire-du-complot-contre-letat-laudience-dappel-reportee-au-17-novembre\/386361\/\" \/>\n<meta property=\"og:locale\" content=\"fr_FR\" \/>\n<meta property=\"og:type\" content=\"article\" \/>\n<meta property=\"og:title\" content=\"Affaire du complot contre l\u2019\u00c9tat : L\u2019audience d\u2019appel report\u00e9e au 17 novembre\" \/>\n<meta property=\"og:description\" content=\"L\u2019audience d\u2019appel dans l\u2019affaire du complot contre l\u2019\u00c9tat est report\u00e9e au 17 novembre. D\u00e9couvrez les derniers d\u00e9tails.\" \/>\n<meta property=\"og:url\" content=\"https:\/\/www.webdo.tn\/fr\/actualite\/national\/affaire-du-complot-contre-letat-laudience-dappel-reportee-au-17-novembre\/386361\/\" \/>\n<meta property=\"og:site_name\" content=\"webdo\" \/>\n<meta property=\"article:publisher\" content=\"https:\/\/www.facebook.com\/webdotn\" \/>\n<meta property=\"article:published_time\" content=\"2025-10-27T10:19:08+00:00\" \/>\n<meta property=\"article:modified_time\" content=\"2025-10-27T12:31:41+00:00\" \/>\n<meta property=\"og:image\" content=\"https:\/\/www.webdo.tn\/fr\/wp-content\/uploads\/2025\/10\/justice.jpg\" \/>\n\t<meta property=\"og:image:width\" content=\"1207\" \/>\n\t<meta property=\"og:image:height\" content=\"600\" \/>\n\t<meta property=\"og:image:type\" content=\"image\/jpeg\" \/>\n<meta name=\"author\" content=\"Mohamed Hedi Touati\" \/>\n<meta name=\"twitter:card\" content=\"summary_large_image\" \/>\n<meta name=\"twitter:creator\" content=\"@webdo_tn\" \/>\n<meta name=\"twitter:site\" content=\"@webdo_tn\" \/>\n<meta name=\"twitter:label1\" content=\"\u00c9crit par\" \/>\n\t<meta name=\"twitter:data1\" content=\"Mohamed Hedi Touati\" \/>\n\t<meta name=\"twitter:label2\" content=\"Dur\u00e9e de lecture estim\u00e9e\" \/>\n\t<meta name=\"twitter:data2\" content=\"2 minutes\" \/>\n<script type=\"application\/ld+json\" class=\"yoast-schema-graph\">{\"@context\":\"https:\\\/\\\/schema.org\",\"@graph\":[{\"@type\":\"NewsArticle\",\"@id\":\"https:\\\/\\\/www.webdo.tn\\\/fr\\\/actualite\\\/national\\\/affaire-du-complot-contre-letat-laudience-dappel-reportee-au-17-novembre\\\/386361\\\/#article\",\"isPartOf\":{\"@id\":\"https:\\\/\\\/www.webdo.tn\\\/fr\\\/actualite\\\/national\\\/affaire-du-complot-contre-letat-laudience-dappel-reportee-au-17-novembre\\\/386361\\\/\"},\"author\":{\"name\":\"Mohamed Hedi Touati\",\"@id\":\"https:\\\/\\\/www.webdo.tn\\\/fr\\\/#\\\/schema\\\/person\\\/c652cd8fc2b1b44412b5ffb48c5a911d\"},\"headline\":\"Affaire du complot contre l\u2019\u00c9tat : L\u2019audience d\u2019appel report\u00e9e au 17 novembre\",\"datePublished\":\"2025-10-27T10:19:08+00:00\",\"dateModified\":\"2025-10-27T12:31:41+00:00\",\"mainEntityOfPage\":{\"@id\":\"https:\\\/\\\/www.webdo.tn\\\/fr\\\/actualite\\\/national\\\/affaire-du-complot-contre-letat-laudience-dappel-reportee-au-17-novembre\\\/386361\\\/\"},\"wordCount\":264,\"publisher\":{\"@id\":\"https:\\\/\\\/www.webdo.tn\\\/fr\\\/#organization\"},\"image\":{\"@id\":\"https:\\\/\\\/www.webdo.tn\\\/fr\\\/actualite\\\/national\\\/affaire-du-complot-contre-letat-laudience-dappel-reportee-au-17-novembre\\\/386361\\\/#primaryimage\"},\"thumbnailUrl\":\"https:\\\/\\\/www.webdo.tn\\\/fr\\\/wp-content\\\/uploads\\\/2025\\\/10\\\/justice.jpg\",\"keywords\":[\"complot contre la s\u00fbret\u00e9 de l'Etat\",\"justice\",\"Tunisie\"],\"articleSection\":[\"National\"],\"inLanguage\":\"fr-FR\"},{\"@type\":\"WebPage\",\"@id\":\"https:\\\/\\\/www.webdo.tn\\\/fr\\\/actualite\\\/national\\\/affaire-du-complot-contre-letat-laudience-dappel-reportee-au-17-novembre\\\/386361\\\/\",\"url\":\"https:\\\/\\\/www.webdo.tn\\\/fr\\\/actualite\\\/national\\\/affaire-du-complot-contre-letat-laudience-dappel-reportee-au-17-novembre\\\/386361\\\/\",\"name\":\"Affaire du complot contre l\u2019\u00c9tat : L\u2019audience d\u2019appel report\u00e9e au 17 novembre - webdo\",\"isPartOf\":{\"@id\":\"https:\\\/\\\/www.webdo.tn\\\/fr\\\/#website\"},\"primaryImageOfPage\":{\"@id\":\"https:\\\/\\\/www.webdo.tn\\\/fr\\\/actualite\\\/national\\\/affaire-du-complot-contre-letat-laudience-dappel-reportee-au-17-novembre\\\/386361\\\/#primaryimage\"},\"image\":{\"@id\":\"https:\\\/\\\/www.webdo.tn\\\/fr\\\/actualite\\\/national\\\/affaire-du-complot-contre-letat-laudience-dappel-reportee-au-17-novembre\\\/386361\\\/#primaryimage\"},\"thumbnailUrl\":\"https:\\\/\\\/www.webdo.tn\\\/fr\\\/wp-content\\\/uploads\\\/2025\\\/10\\\/justice.jpg\",\"datePublished\":\"2025-10-27T10:19:08+00:00\",\"dateModified\":\"2025-10-27T12:31:41+00:00\",\"description\":\"L\u2019audience d\u2019appel dans l\u2019affaire du complot contre l\u2019\u00c9tat est report\u00e9e au 17 novembre. D\u00e9couvrez les derniers d\u00e9tails.\",\"breadcrumb\":{\"@id\":\"https:\\\/\\\/www.webdo.tn\\\/fr\\\/actualite\\\/national\\\/affaire-du-complot-contre-letat-laudience-dappel-reportee-au-17-novembre\\\/386361\\\/#breadcrumb\"},\"inLanguage\":\"fr-FR\",\"potentialAction\":[{\"@type\":\"ReadAction\",\"target\":[\"https:\\\/\\\/www.webdo.tn\\\/fr\\\/actualite\\\/national\\\/affaire-du-complot-contre-letat-laudience-dappel-reportee-au-17-novembre\\\/386361\\\/\"]}]},{\"@type\":\"ImageObject\",\"inLanguage\":\"fr-FR\",\"@id\":\"https:\\\/\\\/www.webdo.tn\\\/fr\\\/actualite\\\/national\\\/affaire-du-complot-contre-letat-laudience-dappel-reportee-au-17-novembre\\\/386361\\\/#primaryimage\",\"url\":\"https:\\\/\\\/www.webdo.tn\\\/fr\\\/wp-content\\\/uploads\\\/2025\\\/10\\\/justice.jpg\",\"contentUrl\":\"https:\\\/\\\/www.webdo.tn\\\/fr\\\/wp-content\\\/uploads\\\/2025\\\/10\\\/justice.jpg\",\"width\":1207,\"height\":600,\"caption\":\"Peines de 15 \u00e0 30 ans pour quatre trafiquants internationaux de coca\u00efne \u00e0 Tunis\"},{\"@type\":\"BreadcrumbList\",\"@id\":\"https:\\\/\\\/www.webdo.tn\\\/fr\\\/actualite\\\/national\\\/affaire-du-complot-contre-letat-laudience-dappel-reportee-au-17-novembre\\\/386361\\\/#breadcrumb\",\"itemListElement\":[{\"@type\":\"ListItem\",\"position\":1,\"name\":\"Accueil\",\"item\":\"https:\\\/\\\/www.webdo.tn\\\/fr\\\/\"},{\"@type\":\"ListItem\",\"position\":2,\"name\":\"Affaire du complot contre l\u2019\u00c9tat : L\u2019audience d\u2019appel report\u00e9e au 17 novembre\"}]},{\"@type\":\"WebSite\",\"@id\":\"https:\\\/\\\/www.webdo.tn\\\/fr\\\/#website\",\"url\":\"https:\\\/\\\/www.webdo.tn\\\/fr\\\/\",\"name\":\"webdo\",\"description\":\"Tunisie - News en Tunisie et \u00e0 l&#039;international sur Webdo.tn\",\"publisher\":{\"@id\":\"https:\\\/\\\/www.webdo.tn\\\/fr\\\/#organization\"},\"potentialAction\":[{\"@type\":\"SearchAction\",\"target\":{\"@type\":\"EntryPoint\",\"urlTemplate\":\"https:\\\/\\\/www.webdo.tn\\\/fr\\\/?s={search_term_string}\"},\"query-input\":{\"@type\":\"PropertyValueSpecification\",\"valueRequired\":true,\"valueName\":\"search_term_string\"}}],\"inLanguage\":\"fr-FR\"},{\"@type\":\"Organization\",\"@id\":\"https:\\\/\\\/www.webdo.tn\\\/fr\\\/#organization\",\"name\":\"Webdo\",\"alternateName\":\"Webdo.tn\",\"url\":\"https:\\\/\\\/www.webdo.tn\\\/fr\\\/\",\"logo\":{\"@type\":\"ImageObject\",\"inLanguage\":\"fr-FR\",\"@id\":\"https:\\\/\\\/www.webdo.tn\\\/fr\\\/#\\\/schema\\\/logo\\\/image\\\/\",\"url\":\"https:\\\/\\\/www.webdo.tn\\\/fr\\\/wp-content\\\/uploads\\\/2025\\\/06\\\/Webdo-Tunisie_168377.jpg\",\"contentUrl\":\"https:\\\/\\\/www.webdo.tn\\\/fr\\\/wp-content\\\/uploads\\\/2025\\\/06\\\/Webdo-Tunisie_168377.jpg\",\"width\":301,\"height\":301,\"caption\":\"Webdo\"},\"image\":{\"@id\":\"https:\\\/\\\/www.webdo.tn\\\/fr\\\/#\\\/schema\\\/logo\\\/image\\\/\"},\"sameAs\":[\"https:\\\/\\\/www.facebook.com\\\/webdotn\",\"https:\\\/\\\/x.com\\\/webdo_tn\"],\"description\":\"Webdo est un m\u00e9dia num\u00e9rique tunisien fond\u00e9 en 2010, sp\u00e9cialis\u00e9 dans l\u2019actualit\u00e9 nationale et internationale, l\u2019\u00e9conomie, la soci\u00e9t\u00e9 et les analyses politiques. Le site s\u2019adresse \u00e0 un large public francophone et couvre l\u2019information tunisienne en temps r\u00e9el.\",\"email\":\"redac@webdo.tn\",\"legalName\":\"YNJ SARL\",\"foundingDate\":\"2010-09-06\",\"numberOfEmployees\":{\"@type\":\"QuantitativeValue\",\"minValue\":\"11\",\"maxValue\":\"50\"}},{\"@type\":\"Person\",\"@id\":\"https:\\\/\\\/www.webdo.tn\\\/fr\\\/#\\\/schema\\\/person\\\/c652cd8fc2b1b44412b5ffb48c5a911d\",\"name\":\"Mohamed Hedi Touati\",\"image\":{\"@type\":\"ImageObject\",\"inLanguage\":\"fr-FR\",\"@id\":\"https:\\\/\\\/secure.gravatar.com\\\/avatar\\\/9cfd402c745b7a685f13eed0ea6e59d2144a3c2fc50a3db6fd5ed451f6cddf1a?s=96&d=mm&r=g\",\"url\":\"https:\\\/\\\/secure.gravatar.com\\\/avatar\\\/9cfd402c745b7a685f13eed0ea6e59d2144a3c2fc50a3db6fd5ed451f6cddf1a?s=96&d=mm&r=g\",\"contentUrl\":\"https:\\\/\\\/secure.gravatar.com\\\/avatar\\\/9cfd402c745b7a685f13eed0ea6e59d2144a3c2fc50a3db6fd5ed451f6cddf1a?s=96&d=mm&r=g\",\"caption\":\"Mohamed Hedi Touati\"},\"url\":\"https:\\\/\\\/www.webdo.tn\\\/fr\\\/actualite\\\/author\\\/mohamed-hedi-touati\\\/\"}]}<\/script>\n<!-- \/ Yoast SEO Premium plugin. -->","yoast_head_json":{"title":"Affaire du complot contre l\u2019\u00c9tat : L\u2019audience d\u2019appel report\u00e9e au 17 novembre - webdo","description":"L\u2019audience d\u2019appel dans l\u2019affaire du complot contre l\u2019\u00c9tat est report\u00e9e au 17 novembre. D\u00e9couvrez les derniers d\u00e9tails.","canonical":"https:\/\/www.webdo.tn\/fr\/actualite\/national\/affaire-du-complot-contre-letat-laudience-dappel-reportee-au-17-novembre\/386361\/","og_locale":"fr_FR","og_type":"article","og_title":"Affaire du complot contre l\u2019\u00c9tat : L\u2019audience d\u2019appel report\u00e9e au 17 novembre","og_description":"L\u2019audience d\u2019appel dans l\u2019affaire du complot contre l\u2019\u00c9tat est report\u00e9e au 17 novembre. D\u00e9couvrez les derniers d\u00e9tails.","og_url":"https:\/\/www.webdo.tn\/fr\/actualite\/national\/affaire-du-complot-contre-letat-laudience-dappel-reportee-au-17-novembre\/386361\/","og_site_name":"webdo","article_publisher":"https:\/\/www.facebook.com\/webdotn","article_published_time":"2025-10-27T10:19:08+00:00","article_modified_time":"2025-10-27T12:31:41+00:00","og_image":[{"width":1207,"height":600,"url":"https:\/\/www.webdo.tn\/fr\/wp-content\/uploads\/2025\/10\/justice.jpg","type":"image\/jpeg"}],"author":"Mohamed Hedi Touati","twitter_card":"summary_large_image","twitter_creator":"@webdo_tn","twitter_site":"@webdo_tn","twitter_misc":{"\u00c9crit par":"Mohamed Hedi Touati","Dur\u00e9e de lecture estim\u00e9e":"2 minutes"},"schema":{"@context":"https:\/\/schema.org","@graph":[{"@type":"NewsArticle","@id":"https:\/\/www.webdo.tn\/fr\/actualite\/national\/affaire-du-complot-contre-letat-laudience-dappel-reportee-au-17-novembre\/386361\/#article","isPartOf":{"@id":"https:\/\/www.webdo.tn\/fr\/actualite\/national\/affaire-du-complot-contre-letat-laudience-dappel-reportee-au-17-novembre\/386361\/"},"author":{"name":"Mohamed Hedi Touati","@id":"https:\/\/www.webdo.tn\/fr\/#\/schema\/person\/c652cd8fc2b1b44412b5ffb48c5a911d"},"headline":"Affaire du complot contre l\u2019\u00c9tat : L\u2019audience d\u2019appel report\u00e9e au 17 novembre","datePublished":"2025-10-27T10:19:08+00:00","dateModified":"2025-10-27T12:31:41+00:00","mainEntityOfPage":{"@id":"https:\/\/www.webdo.tn\/fr\/actualite\/national\/affaire-du-complot-contre-letat-laudience-dappel-reportee-au-17-novembre\/386361\/"},"wordCount":264,"publisher":{"@id":"https:\/\/www.webdo.tn\/fr\/#organization"},"image":{"@id":"https:\/\/www.webdo.tn\/fr\/actualite\/national\/affaire-du-complot-contre-letat-laudience-dappel-reportee-au-17-novembre\/386361\/#primaryimage"},"thumbnailUrl":"https:\/\/www.webdo.tn\/fr\/wp-content\/uploads\/2025\/10\/justice.jpg","keywords":["complot contre la s\u00fbret\u00e9 de l'Etat","justice","Tunisie"],"articleSection":["National"],"inLanguage":"fr-FR"},{"@type":"WebPage","@id":"https:\/\/www.webdo.tn\/fr\/actualite\/national\/affaire-du-complot-contre-letat-laudience-dappel-reportee-au-17-novembre\/386361\/","url":"https:\/\/www.webdo.tn\/fr\/actualite\/national\/affaire-du-complot-contre-letat-laudience-dappel-reportee-au-17-novembre\/386361\/","name":"Affaire du complot contre l\u2019\u00c9tat : L\u2019audience d\u2019appel report\u00e9e au 17 novembre - webdo","isPartOf":{"@id":"https:\/\/www.webdo.tn\/fr\/#website"},"primaryImageOfPage":{"@id":"https:\/\/www.webdo.tn\/fr\/actualite\/national\/affaire-du-complot-contre-letat-laudience-dappel-reportee-au-17-novembre\/386361\/#primaryimage"},"image":{"@id":"https:\/\/www.webdo.tn\/fr\/actualite\/national\/affaire-du-complot-contre-letat-laudience-dappel-reportee-au-17-novembre\/386361\/#primaryimage"},"thumbnailUrl":"https:\/\/www.webdo.tn\/fr\/wp-content\/uploads\/2025\/10\/justice.jpg","datePublished":"2025-10-27T10:19:08+00:00","dateModified":"2025-10-27T12:31:41+00:00","description":"L\u2019audience d\u2019appel dans l\u2019affaire du complot contre l\u2019\u00c9tat est report\u00e9e au 17 novembre. D\u00e9couvrez les derniers d\u00e9tails.","breadcrumb":{"@id":"https:\/\/www.webdo.tn\/fr\/actualite\/national\/affaire-du-complot-contre-letat-laudience-dappel-reportee-au-17-novembre\/386361\/#breadcrumb"},"inLanguage":"fr-FR","potentialAction":[{"@type":"ReadAction","target":["https:\/\/www.webdo.tn\/fr\/actualite\/national\/affaire-du-complot-contre-letat-laudience-dappel-reportee-au-17-novembre\/386361\/"]}]},{"@type":"ImageObject","inLanguage":"fr-FR","@id":"https:\/\/www.webdo.tn\/fr\/actualite\/national\/affaire-du-complot-contre-letat-laudience-dappel-reportee-au-17-novembre\/386361\/#primaryimage","url":"https:\/\/www.webdo.tn\/fr\/wp-content\/uploads\/2025\/10\/justice.jpg","contentUrl":"https:\/\/www.webdo.tn\/fr\/wp-content\/uploads\/2025\/10\/justice.jpg","width":1207,"height":600,"caption":"Peines de 15 \u00e0 30 ans pour quatre trafiquants internationaux de coca\u00efne \u00e0 Tunis"},{"@type":"BreadcrumbList","@id":"https:\/\/www.webdo.tn\/fr\/actualite\/national\/affaire-du-complot-contre-letat-laudience-dappel-reportee-au-17-novembre\/386361\/#breadcrumb","itemListElement":[{"@type":"ListItem","position":1,"name":"Accueil","item":"https:\/\/www.webdo.tn\/fr\/"},{"@type":"ListItem","position":2,"name":"Affaire du complot contre l\u2019\u00c9tat : L\u2019audience d\u2019appel report\u00e9e au 17 novembre"}]},{"@type":"WebSite","@id":"https:\/\/www.webdo.tn\/fr\/#website","url":"https:\/\/www.webdo.tn\/fr\/","name":"webdo","description":"Tunisie - News en Tunisie et \u00e0 l&#039;international sur Webdo.tn","publisher":{"@id":"https:\/\/www.webdo.tn\/fr\/#organization"},"potentialAction":[{"@type":"SearchAction","target":{"@type":"EntryPoint","urlTemplate":"https:\/\/www.webdo.tn\/fr\/?s={search_term_string}"},"query-input":{"@type":"PropertyValueSpecification","valueRequired":true,"valueName":"search_term_string"}}],"inLanguage":"fr-FR"},{"@type":"Organization","@id":"https:\/\/www.webdo.tn\/fr\/#organization","name":"Webdo","alternateName":"Webdo.tn","url":"https:\/\/www.webdo.tn\/fr\/","logo":{"@type":"ImageObject","inLanguage":"fr-FR","@id":"https:\/\/www.webdo.tn\/fr\/#\/schema\/logo\/image\/","url":"https:\/\/www.webdo.tn\/fr\/wp-content\/uploads\/2025\/06\/Webdo-Tunisie_168377.jpg","contentUrl":"https:\/\/www.webdo.tn\/fr\/wp-content\/uploads\/2025\/06\/Webdo-Tunisie_168377.jpg","width":301,"height":301,"caption":"Webdo"},"image":{"@id":"https:\/\/www.webdo.tn\/fr\/#\/schema\/logo\/image\/"},"sameAs":["https:\/\/www.facebook.com\/webdotn","https:\/\/x.com\/webdo_tn"],"description":"Webdo est un m\u00e9dia num\u00e9rique tunisien fond\u00e9 en 2010, sp\u00e9cialis\u00e9 dans l\u2019actualit\u00e9 nationale et internationale, l\u2019\u00e9conomie, la soci\u00e9t\u00e9 et les analyses politiques. Le site s\u2019adresse \u00e0 un large public francophone et couvre l\u2019information tunisienne en temps r\u00e9el.","email":"redac@webdo.tn","legalName":"YNJ SARL","foundingDate":"2010-09-06","numberOfEmployees":{"@type":"QuantitativeValue","minValue":"11","maxValue":"50"}},{"@type":"Person","@id":"https:\/\/www.webdo.tn\/fr\/#\/schema\/person\/c652cd8fc2b1b44412b5ffb48c5a911d","name":"Mohamed Hedi Touati","image":{"@type":"ImageObject","inLanguage":"fr-FR","@id":"https:\/\/secure.gravatar.com\/avatar\/9cfd402c745b7a685f13eed0ea6e59d2144a3c2fc50a3db6fd5ed451f6cddf1a?s=96&d=mm&r=g","url":"https:\/\/secure.gravatar.com\/avatar\/9cfd402c745b7a685f13eed0ea6e59d2144a3c2fc50a3db6fd5ed451f6cddf1a?s=96&d=mm&r=g","contentUrl":"https:\/\/secure.gravatar.com\/avatar\/9cfd402c745b7a685f13eed0ea6e59d2144a3c2fc50a3db6fd5ed451f6cddf1a?s=96&d=mm&r=g","caption":"Mohamed Hedi Touati"},"url":"https:\/\/www.webdo.tn\/fr\/actualite\/author\/mohamed-hedi-touati\/"}]}},"_links":{"self":[{"href":"https:\/\/www.webdo.tn\/fr\/wp-json\/wp\/v2\/posts\/386361","targetHints":{"allow":["GET"]}}],"collection":[{"href":"https:\/\/www.webdo.tn\/fr\/wp-json\/wp\/v2\/posts"}],"about":[{"href":"https:\/\/www.webdo.tn\/fr\/wp-json\/wp\/v2\/types\/post"}],"author":[{"embeddable":true,"href":"https:\/\/www.webdo.tn\/fr\/wp-json\/wp\/v2\/users\/3191"}],"replies":[{"embeddable":true,"href":"https:\/\/www.webdo.tn\/fr\/wp-json\/wp\/v2\/comments?post=386361"}],"version-history":[{"count":0,"href":"https:\/\/www.webdo.tn\/fr\/wp-json\/wp\/v2\/posts\/386361\/revisions"}],"wp:featuredmedia":[{"embeddable":true,"href":"https:\/\/www.webdo.tn\/fr\/wp-json\/wp\/v2\/media\/386362"}],"wp:attachment":[{"href":"https:\/\/www.webdo.tn\/fr\/wp-json\/wp\/v2\/media?parent=386361"}],"wp:term":[{"taxonomy":"category","embeddable":true,"href":"https:\/\/www.webdo.tn\/fr\/wp-json\/wp\/v2\/categories?post=386361"},{"taxonomy":"post_tag","embeddable":true,"href":"https:\/\/www.webdo.tn\/fr\/wp-json\/wp\/v2\/tags?post=386361"}],"curies":[{"name":"wp","href":"https:\/\/api.w.org\/{rel}","templated":true}]}}