{"id":386353,"date":"2025-10-27T10:22:00","date_gmt":"2025-10-27T09:22:00","guid":{"rendered":"https:\/\/www.webdo.tn\/fr\/?p=386353"},"modified":"2025-10-27T13:38:35","modified_gmt":"2025-10-27T12:38:35","slug":"complot-contre-la-surete-de-letat-laudience-dappel-se-tient-aujourdhui-a-distance","status":"publish","type":"post","link":"https:\/\/www.webdo.tn\/fr\/actualite\/national\/complot-contre-la-surete-de-letat-laudience-dappel-se-tient-aujourdhui-a-distance\/386353\/","title":{"rendered":"\u00ab\u00a0Complot contre la s\u00fbret\u00e9 de l\u2019\u00c9tat\u00a0\u00bb : L\u2019audience d\u2019appel se tient aujourd\u2019hui\u2026 \u00e0 distance"},"content":{"rendered":"\n<p>Le tribunal de premi\u00e8re instance de Tunis organise ce lundi l\u2019audience d\u2019appel dans l\u2019affaire m\u00e9diatis\u00e9e dite du \u00ab complot contre la s\u00fbret\u00e9 de l\u2019\u00c9tat \u00bb. \u00c0 noter : les accus\u00e9s ne seront pas physiquement pr\u00e9sents dans la salle d\u2019audience, une modalit\u00e9 qualifi\u00e9e de \u00ab violation des droits de la d\u00e9fense \u00bb par le comit\u00e9 de leurs avocats.<\/p>\n\n\n\n<h2 class=\"wp-block-heading\" id=\"h-presence-virtuelle-et-visibilite-restreinte\">Pr\u00e9sence virtuelle et visibilit\u00e9 restreinte<\/h2>\n\n\n\n<p>L\u2019audience d\u2019appel, pr\u00e9vue d\u00e8s ce lundi 27 octobre, se d\u00e9roulera enti\u00e8rement \u00e0 distance. Le comit\u00e9 de d\u00e9fense d\u00e9nonce une \u00ab d\u00e9cision pr\u00e9cipit\u00e9e et opaque \u00bb : selon lui, la date de l\u2019audience a \u00e9t\u00e9 inscrite dans le registre tardivement &#8211; \u00e0 14h le jour de l\u2019audience &#8211; emp\u00eachant d\u2019informer d\u00fbment les d\u00e9tenus.<\/p>\n\n\n\n<blockquote class=\"wp-block-quote is-layout-flow wp-block-quote-is-layout-flow\">\n<blockquote class=\"wp-block-quote is-layout-flow wp-block-quote-is-layout-flow\">\n<p><strong>Lire aussi<\/strong><\/p>\n\n\n\n<ul class=\"wp-block-list\">\n<li><a href=\"https:\/\/www.webdo.tn\/fr\/actualite\/national\/tunisie-affaire-du-complot-la-liste-complete-des-37-condamnes-publiee-par-la-tap\/221397\/\">Tunisie \u2013 Affaire du complot : la liste compl\u00e8te des 37 condamn\u00e9s<\/a><\/li>\n<\/ul>\n<\/blockquote>\n<\/blockquote>\n\n\n\n<p>En outre, l\u2019absence physique des accus\u00e9s dans la salle est d\u00e9nonc\u00e9e comme une \u00ab mise \u00e0 l\u2019\u00e9cart d\u00e9lib\u00e9r\u00e9e \u00bb par le comit\u00e9, qui estime que cette modalit\u00e9 limite s\u00e9v\u00e8rement l\u2019acc\u00e8s des familles, journalistes et observateurs au proc\u00e8s.<\/p>\n\n\n\n<h2 class=\"wp-block-heading\" id=\"h-les-charges-a-l-encontre-des-prevenus\">Les charges \u00e0 l\u2019encontre des pr\u00e9venus<\/h2>\n\n\n\n<p>Les personnes mises en cause sont poursuivies pour des infractions graves : constitution d\u2019un groupe terroriste, complot contre la s\u00fbret\u00e9 int\u00e9rieure et ext\u00e9rieure de l\u2019\u00c9tat, financement du terrorisme, blanchiment d\u2019argent, tentative de renversement du r\u00e9gime, et incitation \u00e0 la violence via les r\u00e9seaux sociaux.<\/p>\n\n\n\n<blockquote class=\"wp-block-quote is-layout-flow wp-block-quote-is-layout-flow\">\n<blockquote class=\"wp-block-quote is-layout-flow wp-block-quote-is-layout-flow\">\n<p><strong>Lire aussi<\/strong><\/p>\n\n\n\n<ul class=\"wp-block-list\">\n<li><a href=\"https:\/\/www.webdo.tn\/fr\/actualite\/national\/tunisie-affaire-de-complot-des-peines-de-prison-allant-de-13-a-66-ans-prononcees-contre-les-accuses\/221382\/\">Tunisie \u2013 Affaire de \u00ab\u00a0complot\u00a0\u00bb : Des peines de prison allant de 13 \u00e0 66 ans prononc\u00e9es contre les accus\u00e9s<\/a><\/li>\n<\/ul>\n<\/blockquote>\n<\/blockquote>\n\n\n\n<p>Le comit\u00e9 de d\u00e9fense affirme que la proc\u00e9dure en appel \u00ab suit les m\u00eames man\u0153uvres proc\u00e9durales \u00bb que le premier proc\u00e8s, qu\u2019il juge \u00e9galement entach\u00e9 de d\u00e9fauts de transparence.<\/p>\n\n\n\n<p><\/p>\n\n\n\n<blockquote class=\"wp-block-quote is-layout-flow wp-block-quote-is-layout-flow\">\n<blockquote class=\"wp-block-quote is-layout-flow wp-block-quote-is-layout-flow\">\n<p>Lire aussi<\/p>\n\n\n\n<ul class=\"wp-block-list\">\n<li><strong>Complot contre la s\u00fbret\u00e9 de l\u2019Etat : L\u2019audience d\u2019appel fix\u00e9e au 27 octobre<\/strong><\/li>\n<\/ul>\n<\/blockquote>\n<\/blockquote>\n","protected":false},"excerpt":{"rendered":"<p>Le tribunal de premi\u00e8re instance de Tunis organise ce lundi l\u2019audience d\u2019appel dans l\u2019affaire m\u00e9diatis\u00e9e dite du \u00ab complot contre la s\u00fbret\u00e9 de l\u2019\u00c9tat \u00bb. \u00c0 noter : les accus\u00e9s ne seront pas physiquement pr\u00e9sents dans la salle d\u2019audience, une modalit\u00e9 qualifi\u00e9e de \u00ab violation des droits de la d\u00e9fense \u00bb par le comit\u00e9 de [&hellip;]<\/p>\n","protected":false},"author":3191,"featured_media":386354,"comment_status":"closed","ping_status":"closed","sticky":false,"template":"","format":"standard","meta":{"footnotes":""},"categories":[44],"tags":[4263,3000,2619,2608],"class_list":["post-386353","post","type-post","status-publish","format-standard","has-post-thumbnail","hentry","category-national","tag-appel","tag-complot-contre-la-surete-de-letat","tag-justice","tag-tunisie"],"yoast_head":"<!-- This site is optimized with the Yoast SEO Premium plugin v27.5 (Yoast SEO v27.5) - https:\/\/yoast.com\/product\/yoast-seo-premium-wordpress\/ -->\n<title>&quot;Complot contre la s\u00fbret\u00e9 de l\u2019\u00c9tat&quot; : L\u2019audience d\u2019appel se tient aujourd\u2019hui\u2026 \u00e0 distance - webdo<\/title>\n<meta name=\"description\" content=\"Aujourd&#039;hui, l&#039;audience d&#039;appel pour le complot contre la s\u00fbret\u00e9 de l&#039;\u00c9tat se d\u00e9roule \u00e0 distance, une premi\u00e8re dans cette affaire.\" \/>\n<link rel=\"canonical\" href=\"https:\/\/www.webdo.tn\/fr\/actualite\/national\/complot-contre-la-surete-de-letat-laudience-dappel-se-tient-aujourdhui-a-distance\/386353\/\" \/>\n<meta property=\"og:locale\" content=\"fr_FR\" \/>\n<meta property=\"og:type\" content=\"article\" \/>\n<meta property=\"og:title\" content=\"&quot;Complot contre la s\u00fbret\u00e9 de l\u2019\u00c9tat&quot; : L\u2019audience d\u2019appel se tient aujourd\u2019hui\u2026 \u00e0 distance\" \/>\n<meta property=\"og:description\" content=\"Aujourd&#039;hui, l&#039;audience d&#039;appel pour le complot contre la s\u00fbret\u00e9 de l&#039;\u00c9tat se d\u00e9roule \u00e0 distance, une premi\u00e8re dans cette affaire.\" \/>\n<meta property=\"og:url\" content=\"https:\/\/www.webdo.tn\/fr\/actualite\/national\/complot-contre-la-surete-de-letat-laudience-dappel-se-tient-aujourdhui-a-distance\/386353\/\" \/>\n<meta property=\"og:site_name\" content=\"webdo\" \/>\n<meta property=\"article:publisher\" content=\"https:\/\/www.facebook.com\/webdotn\" \/>\n<meta property=\"article:published_time\" content=\"2025-10-27T09:22:00+00:00\" \/>\n<meta property=\"article:modified_time\" content=\"2025-10-27T12:38:35+00:00\" \/>\n<meta property=\"og:image\" content=\"https:\/\/www.webdo.tn\/fr\/wp-content\/uploads\/2025\/10\/complot-1.jpg\" \/>\n\t<meta property=\"og:image:width\" content=\"630\" \/>\n\t<meta property=\"og:image:height\" content=\"317\" \/>\n\t<meta property=\"og:image:type\" content=\"image\/jpeg\" \/>\n<meta name=\"author\" content=\"Mohamed Hedi Touati\" \/>\n<meta name=\"twitter:card\" content=\"summary_large_image\" \/>\n<meta name=\"twitter:creator\" content=\"@webdo_tn\" \/>\n<meta name=\"twitter:site\" content=\"@webdo_tn\" \/>\n<meta name=\"twitter:label1\" content=\"\u00c9crit par\" \/>\n\t<meta name=\"twitter:data1\" content=\"Mohamed Hedi Touati\" \/>\n\t<meta name=\"twitter:label2\" content=\"Dur\u00e9e de lecture estim\u00e9e\" \/>\n\t<meta name=\"twitter:data2\" content=\"2 minutes\" \/>\n<script type=\"application\/ld+json\" class=\"yoast-schema-graph\">{\"@context\":\"https:\\\/\\\/schema.org\",\"@graph\":[{\"@type\":\"NewsArticle\",\"@id\":\"https:\\\/\\\/www.webdo.tn\\\/fr\\\/actualite\\\/national\\\/complot-contre-la-surete-de-letat-laudience-dappel-se-tient-aujourdhui-a-distance\\\/386353\\\/#article\",\"isPartOf\":{\"@id\":\"https:\\\/\\\/www.webdo.tn\\\/fr\\\/actualite\\\/national\\\/complot-contre-la-surete-de-letat-laudience-dappel-se-tient-aujourdhui-a-distance\\\/386353\\\/\"},\"author\":{\"name\":\"Mohamed Hedi Touati\",\"@id\":\"https:\\\/\\\/www.webdo.tn\\\/fr\\\/#\\\/schema\\\/person\\\/c652cd8fc2b1b44412b5ffb48c5a911d\"},\"headline\":\"\u00ab\u00a0Complot contre la s\u00fbret\u00e9 de l\u2019\u00c9tat\u00a0\u00bb : L\u2019audience d\u2019appel se tient aujourd\u2019hui\u2026 \u00e0 distance\",\"datePublished\":\"2025-10-27T09:22:00+00:00\",\"dateModified\":\"2025-10-27T12:38:35+00:00\",\"mainEntityOfPage\":{\"@id\":\"https:\\\/\\\/www.webdo.tn\\\/fr\\\/actualite\\\/national\\\/complot-contre-la-surete-de-letat-laudience-dappel-se-tient-aujourdhui-a-distance\\\/386353\\\/\"},\"wordCount\":339,\"publisher\":{\"@id\":\"https:\\\/\\\/www.webdo.tn\\\/fr\\\/#organization\"},\"image\":{\"@id\":\"https:\\\/\\\/www.webdo.tn\\\/fr\\\/actualite\\\/national\\\/complot-contre-la-surete-de-letat-laudience-dappel-se-tient-aujourdhui-a-distance\\\/386353\\\/#primaryimage\"},\"thumbnailUrl\":\"https:\\\/\\\/www.webdo.tn\\\/fr\\\/wp-content\\\/uploads\\\/2025\\\/10\\\/complot-1.jpg\",\"keywords\":[\"appel\",\"complot contre la s\u00fbret\u00e9 de l'Etat\",\"justice\",\"Tunisie\"],\"articleSection\":[\"National\"],\"inLanguage\":\"fr-FR\"},{\"@type\":\"WebPage\",\"@id\":\"https:\\\/\\\/www.webdo.tn\\\/fr\\\/actualite\\\/national\\\/complot-contre-la-surete-de-letat-laudience-dappel-se-tient-aujourdhui-a-distance\\\/386353\\\/\",\"url\":\"https:\\\/\\\/www.webdo.tn\\\/fr\\\/actualite\\\/national\\\/complot-contre-la-surete-de-letat-laudience-dappel-se-tient-aujourdhui-a-distance\\\/386353\\\/\",\"name\":\"\\\"Complot contre la s\u00fbret\u00e9 de l\u2019\u00c9tat\\\" : L\u2019audience d\u2019appel se tient aujourd\u2019hui\u2026 \u00e0 distance - webdo\",\"isPartOf\":{\"@id\":\"https:\\\/\\\/www.webdo.tn\\\/fr\\\/#website\"},\"primaryImageOfPage\":{\"@id\":\"https:\\\/\\\/www.webdo.tn\\\/fr\\\/actualite\\\/national\\\/complot-contre-la-surete-de-letat-laudience-dappel-se-tient-aujourdhui-a-distance\\\/386353\\\/#primaryimage\"},\"image\":{\"@id\":\"https:\\\/\\\/www.webdo.tn\\\/fr\\\/actualite\\\/national\\\/complot-contre-la-surete-de-letat-laudience-dappel-se-tient-aujourdhui-a-distance\\\/386353\\\/#primaryimage\"},\"thumbnailUrl\":\"https:\\\/\\\/www.webdo.tn\\\/fr\\\/wp-content\\\/uploads\\\/2025\\\/10\\\/complot-1.jpg\",\"datePublished\":\"2025-10-27T09:22:00+00:00\",\"dateModified\":\"2025-10-27T12:38:35+00:00\",\"description\":\"Aujourd'hui, l'audience d'appel pour le complot contre la s\u00fbret\u00e9 de l'\u00c9tat se d\u00e9roule \u00e0 distance, une premi\u00e8re dans cette affaire.\",\"breadcrumb\":{\"@id\":\"https:\\\/\\\/www.webdo.tn\\\/fr\\\/actualite\\\/national\\\/complot-contre-la-surete-de-letat-laudience-dappel-se-tient-aujourdhui-a-distance\\\/386353\\\/#breadcrumb\"},\"inLanguage\":\"fr-FR\",\"potentialAction\":[{\"@type\":\"ReadAction\",\"target\":[\"https:\\\/\\\/www.webdo.tn\\\/fr\\\/actualite\\\/national\\\/complot-contre-la-surete-de-letat-laudience-dappel-se-tient-aujourdhui-a-distance\\\/386353\\\/\"]}]},{\"@type\":\"ImageObject\",\"inLanguage\":\"fr-FR\",\"@id\":\"https:\\\/\\\/www.webdo.tn\\\/fr\\\/actualite\\\/national\\\/complot-contre-la-surete-de-letat-laudience-dappel-se-tient-aujourdhui-a-distance\\\/386353\\\/#primaryimage\",\"url\":\"https:\\\/\\\/www.webdo.tn\\\/fr\\\/wp-content\\\/uploads\\\/2025\\\/10\\\/complot-1.jpg\",\"contentUrl\":\"https:\\\/\\\/www.webdo.tn\\\/fr\\\/wp-content\\\/uploads\\\/2025\\\/10\\\/complot-1.jpg\",\"width\":630,\"height\":317,\"caption\":\"\\\"Complot contre la s\u00fbret\u00e9 de l\u2019\u00c9tat\\\" : L\u2019audience d\u2019appel se tient aujourd\u2019hui\u2026 \u00e0 distance\"},{\"@type\":\"BreadcrumbList\",\"@id\":\"https:\\\/\\\/www.webdo.tn\\\/fr\\\/actualite\\\/national\\\/complot-contre-la-surete-de-letat-laudience-dappel-se-tient-aujourdhui-a-distance\\\/386353\\\/#breadcrumb\",\"itemListElement\":[{\"@type\":\"ListItem\",\"position\":1,\"name\":\"Accueil\",\"item\":\"https:\\\/\\\/www.webdo.tn\\\/fr\\\/\"},{\"@type\":\"ListItem\",\"position\":2,\"name\":\"\u00ab\u00a0Complot contre la s\u00fbret\u00e9 de l\u2019\u00c9tat\u00a0\u00bb : L\u2019audience d\u2019appel se tient aujourd\u2019hui\u2026 \u00e0 distance\"}]},{\"@type\":\"WebSite\",\"@id\":\"https:\\\/\\\/www.webdo.tn\\\/fr\\\/#website\",\"url\":\"https:\\\/\\\/www.webdo.tn\\\/fr\\\/\",\"name\":\"webdo\",\"description\":\"Tunisie - News en Tunisie et \u00e0 l&#039;international sur Webdo.tn\",\"publisher\":{\"@id\":\"https:\\\/\\\/www.webdo.tn\\\/fr\\\/#organization\"},\"potentialAction\":[{\"@type\":\"SearchAction\",\"target\":{\"@type\":\"EntryPoint\",\"urlTemplate\":\"https:\\\/\\\/www.webdo.tn\\\/fr\\\/?s={search_term_string}\"},\"query-input\":{\"@type\":\"PropertyValueSpecification\",\"valueRequired\":true,\"valueName\":\"search_term_string\"}}],\"inLanguage\":\"fr-FR\"},{\"@type\":\"Organization\",\"@id\":\"https:\\\/\\\/www.webdo.tn\\\/fr\\\/#organization\",\"name\":\"Webdo\",\"alternateName\":\"Webdo.tn\",\"url\":\"https:\\\/\\\/www.webdo.tn\\\/fr\\\/\",\"logo\":{\"@type\":\"ImageObject\",\"inLanguage\":\"fr-FR\",\"@id\":\"https:\\\/\\\/www.webdo.tn\\\/fr\\\/#\\\/schema\\\/logo\\\/image\\\/\",\"url\":\"https:\\\/\\\/www.webdo.tn\\\/fr\\\/wp-content\\\/uploads\\\/2025\\\/06\\\/Webdo-Tunisie_168377.jpg\",\"contentUrl\":\"https:\\\/\\\/www.webdo.tn\\\/fr\\\/wp-content\\\/uploads\\\/2025\\\/06\\\/Webdo-Tunisie_168377.jpg\",\"width\":301,\"height\":301,\"caption\":\"Webdo\"},\"image\":{\"@id\":\"https:\\\/\\\/www.webdo.tn\\\/fr\\\/#\\\/schema\\\/logo\\\/image\\\/\"},\"sameAs\":[\"https:\\\/\\\/www.facebook.com\\\/webdotn\",\"https:\\\/\\\/x.com\\\/webdo_tn\"],\"description\":\"Webdo est un m\u00e9dia num\u00e9rique tunisien fond\u00e9 en 2010, sp\u00e9cialis\u00e9 dans l\u2019actualit\u00e9 nationale et internationale, l\u2019\u00e9conomie, la soci\u00e9t\u00e9 et les analyses politiques. Le site s\u2019adresse \u00e0 un large public francophone et couvre l\u2019information tunisienne en temps r\u00e9el.\",\"email\":\"redac@webdo.tn\",\"legalName\":\"YNJ SARL\",\"foundingDate\":\"2010-09-06\",\"numberOfEmployees\":{\"@type\":\"QuantitativeValue\",\"minValue\":\"11\",\"maxValue\":\"50\"}},{\"@type\":\"Person\",\"@id\":\"https:\\\/\\\/www.webdo.tn\\\/fr\\\/#\\\/schema\\\/person\\\/c652cd8fc2b1b44412b5ffb48c5a911d\",\"name\":\"Mohamed Hedi Touati\",\"image\":{\"@type\":\"ImageObject\",\"inLanguage\":\"fr-FR\",\"@id\":\"https:\\\/\\\/secure.gravatar.com\\\/avatar\\\/9cfd402c745b7a685f13eed0ea6e59d2144a3c2fc50a3db6fd5ed451f6cddf1a?s=96&d=mm&r=g\",\"url\":\"https:\\\/\\\/secure.gravatar.com\\\/avatar\\\/9cfd402c745b7a685f13eed0ea6e59d2144a3c2fc50a3db6fd5ed451f6cddf1a?s=96&d=mm&r=g\",\"contentUrl\":\"https:\\\/\\\/secure.gravatar.com\\\/avatar\\\/9cfd402c745b7a685f13eed0ea6e59d2144a3c2fc50a3db6fd5ed451f6cddf1a?s=96&d=mm&r=g\",\"caption\":\"Mohamed Hedi Touati\"},\"url\":\"https:\\\/\\\/www.webdo.tn\\\/fr\\\/actualite\\\/author\\\/mohamed-hedi-touati\\\/\"}]}<\/script>\n<!-- \/ Yoast SEO Premium plugin. -->","yoast_head_json":{"title":"\"Complot contre la s\u00fbret\u00e9 de l\u2019\u00c9tat\" : L\u2019audience d\u2019appel se tient aujourd\u2019hui\u2026 \u00e0 distance - webdo","description":"Aujourd'hui, l'audience d'appel pour le complot contre la s\u00fbret\u00e9 de l'\u00c9tat se d\u00e9roule \u00e0 distance, une premi\u00e8re dans cette affaire.","canonical":"https:\/\/www.webdo.tn\/fr\/actualite\/national\/complot-contre-la-surete-de-letat-laudience-dappel-se-tient-aujourdhui-a-distance\/386353\/","og_locale":"fr_FR","og_type":"article","og_title":"\"Complot contre la s\u00fbret\u00e9 de l\u2019\u00c9tat\" : L\u2019audience d\u2019appel se tient aujourd\u2019hui\u2026 \u00e0 distance","og_description":"Aujourd'hui, l'audience d'appel pour le complot contre la s\u00fbret\u00e9 de l'\u00c9tat se d\u00e9roule \u00e0 distance, une premi\u00e8re dans cette affaire.","og_url":"https:\/\/www.webdo.tn\/fr\/actualite\/national\/complot-contre-la-surete-de-letat-laudience-dappel-se-tient-aujourdhui-a-distance\/386353\/","og_site_name":"webdo","article_publisher":"https:\/\/www.facebook.com\/webdotn","article_published_time":"2025-10-27T09:22:00+00:00","article_modified_time":"2025-10-27T12:38:35+00:00","og_image":[{"width":630,"height":317,"url":"https:\/\/www.webdo.tn\/fr\/wp-content\/uploads\/2025\/10\/complot-1.jpg","type":"image\/jpeg"}],"author":"Mohamed Hedi Touati","twitter_card":"summary_large_image","twitter_creator":"@webdo_tn","twitter_site":"@webdo_tn","twitter_misc":{"\u00c9crit par":"Mohamed Hedi Touati","Dur\u00e9e de lecture estim\u00e9e":"2 minutes"},"schema":{"@context":"https:\/\/schema.org","@graph":[{"@type":"NewsArticle","@id":"https:\/\/www.webdo.tn\/fr\/actualite\/national\/complot-contre-la-surete-de-letat-laudience-dappel-se-tient-aujourdhui-a-distance\/386353\/#article","isPartOf":{"@id":"https:\/\/www.webdo.tn\/fr\/actualite\/national\/complot-contre-la-surete-de-letat-laudience-dappel-se-tient-aujourdhui-a-distance\/386353\/"},"author":{"name":"Mohamed Hedi Touati","@id":"https:\/\/www.webdo.tn\/fr\/#\/schema\/person\/c652cd8fc2b1b44412b5ffb48c5a911d"},"headline":"\u00ab\u00a0Complot contre la s\u00fbret\u00e9 de l\u2019\u00c9tat\u00a0\u00bb : L\u2019audience d\u2019appel se tient aujourd\u2019hui\u2026 \u00e0 distance","datePublished":"2025-10-27T09:22:00+00:00","dateModified":"2025-10-27T12:38:35+00:00","mainEntityOfPage":{"@id":"https:\/\/www.webdo.tn\/fr\/actualite\/national\/complot-contre-la-surete-de-letat-laudience-dappel-se-tient-aujourdhui-a-distance\/386353\/"},"wordCount":339,"publisher":{"@id":"https:\/\/www.webdo.tn\/fr\/#organization"},"image":{"@id":"https:\/\/www.webdo.tn\/fr\/actualite\/national\/complot-contre-la-surete-de-letat-laudience-dappel-se-tient-aujourdhui-a-distance\/386353\/#primaryimage"},"thumbnailUrl":"https:\/\/www.webdo.tn\/fr\/wp-content\/uploads\/2025\/10\/complot-1.jpg","keywords":["appel","complot contre la s\u00fbret\u00e9 de l'Etat","justice","Tunisie"],"articleSection":["National"],"inLanguage":"fr-FR"},{"@type":"WebPage","@id":"https:\/\/www.webdo.tn\/fr\/actualite\/national\/complot-contre-la-surete-de-letat-laudience-dappel-se-tient-aujourdhui-a-distance\/386353\/","url":"https:\/\/www.webdo.tn\/fr\/actualite\/national\/complot-contre-la-surete-de-letat-laudience-dappel-se-tient-aujourdhui-a-distance\/386353\/","name":"\"Complot contre la s\u00fbret\u00e9 de l\u2019\u00c9tat\" : L\u2019audience d\u2019appel se tient aujourd\u2019hui\u2026 \u00e0 distance - webdo","isPartOf":{"@id":"https:\/\/www.webdo.tn\/fr\/#website"},"primaryImageOfPage":{"@id":"https:\/\/www.webdo.tn\/fr\/actualite\/national\/complot-contre-la-surete-de-letat-laudience-dappel-se-tient-aujourdhui-a-distance\/386353\/#primaryimage"},"image":{"@id":"https:\/\/www.webdo.tn\/fr\/actualite\/national\/complot-contre-la-surete-de-letat-laudience-dappel-se-tient-aujourdhui-a-distance\/386353\/#primaryimage"},"thumbnailUrl":"https:\/\/www.webdo.tn\/fr\/wp-content\/uploads\/2025\/10\/complot-1.jpg","datePublished":"2025-10-27T09:22:00+00:00","dateModified":"2025-10-27T12:38:35+00:00","description":"Aujourd'hui, l'audience d'appel pour le complot contre la s\u00fbret\u00e9 de l'\u00c9tat se d\u00e9roule \u00e0 distance, une premi\u00e8re dans cette affaire.","breadcrumb":{"@id":"https:\/\/www.webdo.tn\/fr\/actualite\/national\/complot-contre-la-surete-de-letat-laudience-dappel-se-tient-aujourdhui-a-distance\/386353\/#breadcrumb"},"inLanguage":"fr-FR","potentialAction":[{"@type":"ReadAction","target":["https:\/\/www.webdo.tn\/fr\/actualite\/national\/complot-contre-la-surete-de-letat-laudience-dappel-se-tient-aujourdhui-a-distance\/386353\/"]}]},{"@type":"ImageObject","inLanguage":"fr-FR","@id":"https:\/\/www.webdo.tn\/fr\/actualite\/national\/complot-contre-la-surete-de-letat-laudience-dappel-se-tient-aujourdhui-a-distance\/386353\/#primaryimage","url":"https:\/\/www.webdo.tn\/fr\/wp-content\/uploads\/2025\/10\/complot-1.jpg","contentUrl":"https:\/\/www.webdo.tn\/fr\/wp-content\/uploads\/2025\/10\/complot-1.jpg","width":630,"height":317,"caption":"\"Complot contre la s\u00fbret\u00e9 de l\u2019\u00c9tat\" : L\u2019audience d\u2019appel se tient aujourd\u2019hui\u2026 \u00e0 distance"},{"@type":"BreadcrumbList","@id":"https:\/\/www.webdo.tn\/fr\/actualite\/national\/complot-contre-la-surete-de-letat-laudience-dappel-se-tient-aujourdhui-a-distance\/386353\/#breadcrumb","itemListElement":[{"@type":"ListItem","position":1,"name":"Accueil","item":"https:\/\/www.webdo.tn\/fr\/"},{"@type":"ListItem","position":2,"name":"\u00ab\u00a0Complot contre la s\u00fbret\u00e9 de l\u2019\u00c9tat\u00a0\u00bb : L\u2019audience d\u2019appel se tient aujourd\u2019hui\u2026 \u00e0 distance"}]},{"@type":"WebSite","@id":"https:\/\/www.webdo.tn\/fr\/#website","url":"https:\/\/www.webdo.tn\/fr\/","name":"webdo","description":"Tunisie - News en Tunisie et \u00e0 l&#039;international sur Webdo.tn","publisher":{"@id":"https:\/\/www.webdo.tn\/fr\/#organization"},"potentialAction":[{"@type":"SearchAction","target":{"@type":"EntryPoint","urlTemplate":"https:\/\/www.webdo.tn\/fr\/?s={search_term_string}"},"query-input":{"@type":"PropertyValueSpecification","valueRequired":true,"valueName":"search_term_string"}}],"inLanguage":"fr-FR"},{"@type":"Organization","@id":"https:\/\/www.webdo.tn\/fr\/#organization","name":"Webdo","alternateName":"Webdo.tn","url":"https:\/\/www.webdo.tn\/fr\/","logo":{"@type":"ImageObject","inLanguage":"fr-FR","@id":"https:\/\/www.webdo.tn\/fr\/#\/schema\/logo\/image\/","url":"https:\/\/www.webdo.tn\/fr\/wp-content\/uploads\/2025\/06\/Webdo-Tunisie_168377.jpg","contentUrl":"https:\/\/www.webdo.tn\/fr\/wp-content\/uploads\/2025\/06\/Webdo-Tunisie_168377.jpg","width":301,"height":301,"caption":"Webdo"},"image":{"@id":"https:\/\/www.webdo.tn\/fr\/#\/schema\/logo\/image\/"},"sameAs":["https:\/\/www.facebook.com\/webdotn","https:\/\/x.com\/webdo_tn"],"description":"Webdo est un m\u00e9dia num\u00e9rique tunisien fond\u00e9 en 2010, sp\u00e9cialis\u00e9 dans l\u2019actualit\u00e9 nationale et internationale, l\u2019\u00e9conomie, la soci\u00e9t\u00e9 et les analyses politiques. Le site s\u2019adresse \u00e0 un large public francophone et couvre l\u2019information tunisienne en temps r\u00e9el.","email":"redac@webdo.tn","legalName":"YNJ SARL","foundingDate":"2010-09-06","numberOfEmployees":{"@type":"QuantitativeValue","minValue":"11","maxValue":"50"}},{"@type":"Person","@id":"https:\/\/www.webdo.tn\/fr\/#\/schema\/person\/c652cd8fc2b1b44412b5ffb48c5a911d","name":"Mohamed Hedi Touati","image":{"@type":"ImageObject","inLanguage":"fr-FR","@id":"https:\/\/secure.gravatar.com\/avatar\/9cfd402c745b7a685f13eed0ea6e59d2144a3c2fc50a3db6fd5ed451f6cddf1a?s=96&d=mm&r=g","url":"https:\/\/secure.gravatar.com\/avatar\/9cfd402c745b7a685f13eed0ea6e59d2144a3c2fc50a3db6fd5ed451f6cddf1a?s=96&d=mm&r=g","contentUrl":"https:\/\/secure.gravatar.com\/avatar\/9cfd402c745b7a685f13eed0ea6e59d2144a3c2fc50a3db6fd5ed451f6cddf1a?s=96&d=mm&r=g","caption":"Mohamed Hedi Touati"},"url":"https:\/\/www.webdo.tn\/fr\/actualite\/author\/mohamed-hedi-touati\/"}]}},"_links":{"self":[{"href":"https:\/\/www.webdo.tn\/fr\/wp-json\/wp\/v2\/posts\/386353","targetHints":{"allow":["GET"]}}],"collection":[{"href":"https:\/\/www.webdo.tn\/fr\/wp-json\/wp\/v2\/posts"}],"about":[{"href":"https:\/\/www.webdo.tn\/fr\/wp-json\/wp\/v2\/types\/post"}],"author":[{"embeddable":true,"href":"https:\/\/www.webdo.tn\/fr\/wp-json\/wp\/v2\/users\/3191"}],"replies":[{"embeddable":true,"href":"https:\/\/www.webdo.tn\/fr\/wp-json\/wp\/v2\/comments?post=386353"}],"version-history":[{"count":0,"href":"https:\/\/www.webdo.tn\/fr\/wp-json\/wp\/v2\/posts\/386353\/revisions"}],"wp:featuredmedia":[{"embeddable":true,"href":"https:\/\/www.webdo.tn\/fr\/wp-json\/wp\/v2\/media\/386354"}],"wp:attachment":[{"href":"https:\/\/www.webdo.tn\/fr\/wp-json\/wp\/v2\/media?parent=386353"}],"wp:term":[{"taxonomy":"category","embeddable":true,"href":"https:\/\/www.webdo.tn\/fr\/wp-json\/wp\/v2\/categories?post=386353"},{"taxonomy":"post_tag","embeddable":true,"href":"https:\/\/www.webdo.tn\/fr\/wp-json\/wp\/v2\/tags?post=386353"}],"curies":[{"name":"wp","href":"https:\/\/api.w.org\/{rel}","templated":true}]}}