{"id":386321,"date":"2025-10-26T12:06:44","date_gmt":"2025-10-26T11:06:44","guid":{"rendered":"https:\/\/www.webdo.tn\/fr\/?p=386321"},"modified":"2025-10-26T12:06:45","modified_gmt":"2025-10-26T11:06:45","slug":"ligue-1-11e-journee-le-club-africain-en-patron-avec-un-quatrieme-succes-de-rang","status":"publish","type":"post","link":"https:\/\/www.webdo.tn\/fr\/actualite\/sport\/ligue-1-11e-journee-le-club-africain-en-patron-avec-un-quatrieme-succes-de-rang\/386321\/","title":{"rendered":"Ligue 1 &#8211; 11e journ\u00e9e : Le Club Africain en patron avec un quatri\u00e8me succ\u00e8s de rang"},"content":{"rendered":"\n<p>Le Club Africain ne se contente plus de jouer : il impose sa loi. En s\u2019imposant avec autorit\u00e9 sur la pelouse de la JS Kairouanaise (3-1), le club de Bab Jedid signe une quatri\u00e8me victoire cons\u00e9cutive et s\u2019empare seul de la t\u00eate du championnat, en attendant la mise \u00e0 jour des autres rencontres. Une d\u00e9monstration \u00e9clatante : le CA n\u2019a plus peur, il avance, s\u00fbr de son identit\u00e9 et de sa force.<\/p>\n\n\n\n<h2 class=\"wp-block-heading\" id=\"h-une-equipe-en-mission\">Une \u00e9quipe en mission<\/h2>\n\n\n\n<p>Chaque match devient pour les Rouge et Blanc un acte de conqu\u00eate. Discipline, rigueur et solidarit\u00e9 : voil\u00e0 le triptyque qui guide le Club Africain cette saison. Loin du triomphalisme facile, le CA avance avec calme, conviction et audace, affichant une coh\u00e9sion qui fait d\u00e9sormais peur \u00e0 ses adversaires.<\/p>\n\n\n\n<p>Le fauteuil de leader est d\u00e9sormais bien en place, mais le Club Africain ne compte pas s\u2019y installer pour contempler ses victoires. L\u2019\u00e9quipe respire la stabilit\u00e9, et son prochain d\u00e9fi face \u00e0 l\u2019AS Soliman, s\u2019annonce crucial. Trois points ? Non. C\u2019est une occasion de confirmer sa supr\u00e9matie et de montrer que ce CA-l\u00e0 a soif de continuer sa marche en avant, co\u00fbte que co\u00fbte.<\/p>\n\n\n\n<h2 class=\"wp-block-heading\" id=\"h-une-dynamique-a-cultiver\">Une dynamique \u00e0 cultiver<\/h2>\n\n\n\n<p>Le vrai d\u00e9fi ne sera pas de gagner, mais de maintenir cette intensit\u00e9 sur la longueur. Dans un championnat encore long et impr\u00e9visible, la r\u00e9gularit\u00e9 sera la cl\u00e9. Mais avec cette confiance affich\u00e9e, cette solidarit\u00e9 sans faille et cette volont\u00e9 de marquer chaque week-end de son empreinte, le Club Africain appara\u00eet d\u00e9j\u00e0 comme le club que tout le monde attend cette saison.<\/p>\n\n\n\n<p><strong>11\u00e8me Journ\u00e9e<\/strong><\/p>\n\n\n\n<p><strong>Samedi 25 octobre<\/strong><\/p>\n\n\n\n<ul class=\"wp-block-list\">\n<li>JS Kairouanaise &#8211; Club Africain 1-3<\/li>\n\n\n\n<li>ES M\u00e9tlaoui &#8211; AS Gab\u00e8s 1-0<\/li>\n<\/ul>\n\n\n\n<p><strong>Dimanche 26 octobre (14h30)<\/strong><\/p>\n\n\n\n<ul class=\"wp-block-list\">\n<li>AS Soliman &#8211; JS Omrane<\/li>\n\n\n\n<li>Olympique de B\u00e9ja &#8211; ES Zarzis<\/li>\n<\/ul>\n\n\n\n<p><strong>Mardi 29 octobre (14h30)<\/strong><\/p>\n\n\n\n<ul class=\"wp-block-list\">\n<li>AS Marsa &#8211; ES Sahel<\/li>\n\n\n\n<li>Stade Tunisien &#8211; CS Sfaxien<\/li>\n\n\n\n<li>US Monastirienne &#8211; US Ben Guerdane<\/li>\n<\/ul>\n\n\n\n<p><strong>Jeudi 30 octobre (14h30)<\/strong><\/p>\n\n\n\n<ul class=\"wp-block-list\">\n<li>ES Tunis &#8211; CA Bizertin<\/li>\n<\/ul>\n\n\n\n<p><strong>Classement<\/strong><\/p>\n\n\n<div class=\"wp-block-image\">\n<figure class=\"aligncenter size-full\"><img decoding=\"async\" width=\"554\" height=\"774\" src=\"https:\/\/www.webdo.tn\/fr\/wp-content\/uploads\/2025\/10\/Capture-decran-2025-10-26-120235.png\" alt=\"\" class=\"wp-image-386322\" srcset=\"https:\/\/www.webdo.tn\/fr\/wp-content\/uploads\/2025\/10\/Capture-decran-2025-10-26-120235.png 554w, https:\/\/www.webdo.tn\/fr\/wp-content\/uploads\/2025\/10\/Capture-decran-2025-10-26-120235-215x300.png 215w, https:\/\/www.webdo.tn\/fr\/wp-content\/uploads\/2025\/10\/Capture-decran-2025-10-26-120235-360x504.png 360w\" sizes=\"(max-width: 554px) 100vw, 554px\" \/><\/figure>\n<\/div>\n\n\n<p><\/p>\n\n\n\n<p><strong>Programme de la 12\u00e8me journ\u00e9e<\/strong><\/p>\n\n\n\n<p><strong>Samedi 1er novembre (14h30)<\/strong><\/p>\n\n\n\n<ul class=\"wp-block-list\">\n<li>Club Africain &#8211; AS Soliman<\/li>\n\n\n\n<li>ES Sahel &#8211; ES M\u00e9tlaoui<\/li>\n\n\n\n<li>AS Gab\u00e8s &#8211; US Monastirienne<\/li>\n\n\n\n<li>US Ben Guerdane &#8211; JS Kairouanaise<\/li>\n<\/ul>\n\n\n\n<p><strong>Dimanche 2 novembre (14h30)<\/strong><\/p>\n\n\n\n<ul class=\"wp-block-list\">\n<li>CS Sfaxien &#8211; ES Tunis<\/li>\n\n\n\n<li>JS Omrane &#8211; Stade Tunisien<\/li>\n\n\n\n<li>CA Bizertin &#8211; Olympique de B\u00e9ja<\/li>\n\n\n\n<li>ES Zarzis &#8211; AS Marsa<\/li>\n<\/ul>\n","protected":false},"excerpt":{"rendered":"<p>Le Club Africain ne se contente plus de jouer : il impose sa loi. En s\u2019imposant avec autorit\u00e9 sur la pelouse de la JS Kairouanaise (3-1), le club de Bab Jedid signe une quatri\u00e8me victoire cons\u00e9cutive et s\u2019empare seul de la t\u00eate du championnat, en attendant la mise \u00e0 jour des autres rencontres. Une d\u00e9monstration [&hellip;]<\/p>\n","protected":false},"author":3189,"featured_media":386323,"comment_status":"closed","ping_status":"closed","sticky":false,"template":"","format":"standard","meta":{"footnotes":""},"categories":[2593],"tags":[3738,3101,2622,2777,2608],"class_list":["post-386321","post","type-post","status-publish","format-standard","has-post-thumbnail","hentry","category-sport","tag-championnat-de-tunisie","tag-club-africain","tag-football","tag-ligue-1","tag-tunisie"],"yoast_head":"<!-- This site is optimized with the Yoast SEO Premium plugin v27.4 (Yoast SEO v27.5) - https:\/\/yoast.com\/product\/yoast-seo-premium-wordpress\/ -->\n<title>Ligue 1 - 11e journ\u00e9e : Le Club Africain en patron avec un quatri\u00e8me succ\u00e8s de rang - webdo<\/title>\n<meta name=\"description\" content=\"Ligue 1 : Le Club Africain s\u2019impose avec autorit\u00e9 et encha\u00eene sa quatri\u00e8me victoire cons\u00e9cutive. Un parcours impressionnant !\" \/>\n<link rel=\"canonical\" href=\"https:\/\/www.webdo.tn\/fr\/actualite\/sport\/ligue-1-11e-journee-le-club-africain-en-patron-avec-un-quatrieme-succes-de-rang\/386321\/\" \/>\n<meta property=\"og:locale\" content=\"fr_FR\" \/>\n<meta property=\"og:type\" content=\"article\" \/>\n<meta property=\"og:title\" content=\"Ligue 1 - 11e journ\u00e9e : Le Club Africain en patron avec un quatri\u00e8me succ\u00e8s de rang\" \/>\n<meta property=\"og:description\" content=\"Ligue 1 : Le Club Africain s\u2019impose avec autorit\u00e9 et encha\u00eene sa quatri\u00e8me victoire cons\u00e9cutive. Un parcours impressionnant !\" \/>\n<meta property=\"og:url\" content=\"https:\/\/www.webdo.tn\/fr\/actualite\/sport\/ligue-1-11e-journee-le-club-africain-en-patron-avec-un-quatrieme-succes-de-rang\/386321\/\" \/>\n<meta property=\"og:site_name\" content=\"webdo\" \/>\n<meta property=\"article:publisher\" content=\"https:\/\/www.facebook.com\/webdotn\" \/>\n<meta property=\"article:author\" content=\"https:\/\/www.facebook.com\/youssef.rc.92\" \/>\n<meta property=\"article:published_time\" content=\"2025-10-26T11:06:44+00:00\" \/>\n<meta property=\"article:modified_time\" content=\"2025-10-26T11:06:45+00:00\" \/>\n<meta property=\"og:image\" content=\"https:\/\/www.webdo.tn\/fr\/wp-content\/uploads\/2025\/10\/571554639_1276606037841632_3860014618715448757_n.jpg\" \/>\n\t<meta property=\"og:image:width\" content=\"1200\" \/>\n\t<meta property=\"og:image:height\" content=\"599\" \/>\n\t<meta property=\"og:image:type\" content=\"image\/jpeg\" \/>\n<meta name=\"author\" content=\"Maher Chaabane\" \/>\n<meta name=\"twitter:card\" content=\"summary_large_image\" \/>\n<meta name=\"twitter:creator\" content=\"@webdo_tn\" \/>\n<meta name=\"twitter:site\" content=\"@webdo_tn\" \/>\n<meta name=\"twitter:label1\" content=\"\u00c9crit par\" \/>\n\t<meta name=\"twitter:data1\" content=\"Maher Chaabane\" \/>\n\t<meta name=\"twitter:label2\" content=\"Dur\u00e9e de lecture estim\u00e9e\" \/>\n\t<meta name=\"twitter:data2\" content=\"3 minutes\" \/>\n<script type=\"application\/ld+json\" class=\"yoast-schema-graph\">{\"@context\":\"https:\\\/\\\/schema.org\",\"@graph\":[{\"@type\":\"NewsArticle\",\"@id\":\"https:\\\/\\\/www.webdo.tn\\\/fr\\\/actualite\\\/sport\\\/ligue-1-11e-journee-le-club-africain-en-patron-avec-un-quatrieme-succes-de-rang\\\/386321\\\/#article\",\"isPartOf\":{\"@id\":\"https:\\\/\\\/www.webdo.tn\\\/fr\\\/actualite\\\/sport\\\/ligue-1-11e-journee-le-club-africain-en-patron-avec-un-quatrieme-succes-de-rang\\\/386321\\\/\"},\"author\":{\"name\":\"Maher Chaabane\",\"@id\":\"https:\\\/\\\/www.webdo.tn\\\/fr\\\/#\\\/schema\\\/person\\\/57c261717927697fcf719ab1058a8003\"},\"headline\":\"Ligue 1 &#8211; 11e journ\u00e9e : Le Club Africain en patron avec un quatri\u00e8me succ\u00e8s de rang\",\"datePublished\":\"2025-10-26T11:06:44+00:00\",\"dateModified\":\"2025-10-26T11:06:45+00:00\",\"mainEntityOfPage\":{\"@id\":\"https:\\\/\\\/www.webdo.tn\\\/fr\\\/actualite\\\/sport\\\/ligue-1-11e-journee-le-club-africain-en-patron-avec-un-quatrieme-succes-de-rang\\\/386321\\\/\"},\"wordCount\":412,\"publisher\":{\"@id\":\"https:\\\/\\\/www.webdo.tn\\\/fr\\\/#organization\"},\"image\":{\"@id\":\"https:\\\/\\\/www.webdo.tn\\\/fr\\\/actualite\\\/sport\\\/ligue-1-11e-journee-le-club-africain-en-patron-avec-un-quatrieme-succes-de-rang\\\/386321\\\/#primaryimage\"},\"thumbnailUrl\":\"https:\\\/\\\/www.webdo.tn\\\/fr\\\/wp-content\\\/uploads\\\/2025\\\/10\\\/571554639_1276606037841632_3860014618715448757_n.jpg\",\"keywords\":[\"championnat de tunisie\",\"Club Africain\",\"football\",\"Ligue 1\",\"Tunisie\"],\"articleSection\":[\"Sport\"],\"inLanguage\":\"fr-FR\"},{\"@type\":\"WebPage\",\"@id\":\"https:\\\/\\\/www.webdo.tn\\\/fr\\\/actualite\\\/sport\\\/ligue-1-11e-journee-le-club-africain-en-patron-avec-un-quatrieme-succes-de-rang\\\/386321\\\/\",\"url\":\"https:\\\/\\\/www.webdo.tn\\\/fr\\\/actualite\\\/sport\\\/ligue-1-11e-journee-le-club-africain-en-patron-avec-un-quatrieme-succes-de-rang\\\/386321\\\/\",\"name\":\"Ligue 1 - 11e journ\u00e9e : Le Club Africain en patron avec un quatri\u00e8me succ\u00e8s de rang - webdo\",\"isPartOf\":{\"@id\":\"https:\\\/\\\/www.webdo.tn\\\/fr\\\/#website\"},\"primaryImageOfPage\":{\"@id\":\"https:\\\/\\\/www.webdo.tn\\\/fr\\\/actualite\\\/sport\\\/ligue-1-11e-journee-le-club-africain-en-patron-avec-un-quatrieme-succes-de-rang\\\/386321\\\/#primaryimage\"},\"image\":{\"@id\":\"https:\\\/\\\/www.webdo.tn\\\/fr\\\/actualite\\\/sport\\\/ligue-1-11e-journee-le-club-africain-en-patron-avec-un-quatrieme-succes-de-rang\\\/386321\\\/#primaryimage\"},\"thumbnailUrl\":\"https:\\\/\\\/www.webdo.tn\\\/fr\\\/wp-content\\\/uploads\\\/2025\\\/10\\\/571554639_1276606037841632_3860014618715448757_n.jpg\",\"datePublished\":\"2025-10-26T11:06:44+00:00\",\"dateModified\":\"2025-10-26T11:06:45+00:00\",\"description\":\"Ligue 1 : Le Club Africain s\u2019impose avec autorit\u00e9 et encha\u00eene sa quatri\u00e8me victoire cons\u00e9cutive. Un parcours impressionnant !\",\"breadcrumb\":{\"@id\":\"https:\\\/\\\/www.webdo.tn\\\/fr\\\/actualite\\\/sport\\\/ligue-1-11e-journee-le-club-africain-en-patron-avec-un-quatrieme-succes-de-rang\\\/386321\\\/#breadcrumb\"},\"inLanguage\":\"fr-FR\",\"potentialAction\":[{\"@type\":\"ReadAction\",\"target\":[\"https:\\\/\\\/www.webdo.tn\\\/fr\\\/actualite\\\/sport\\\/ligue-1-11e-journee-le-club-africain-en-patron-avec-un-quatrieme-succes-de-rang\\\/386321\\\/\"]}]},{\"@type\":\"ImageObject\",\"inLanguage\":\"fr-FR\",\"@id\":\"https:\\\/\\\/www.webdo.tn\\\/fr\\\/actualite\\\/sport\\\/ligue-1-11e-journee-le-club-africain-en-patron-avec-un-quatrieme-succes-de-rang\\\/386321\\\/#primaryimage\",\"url\":\"https:\\\/\\\/www.webdo.tn\\\/fr\\\/wp-content\\\/uploads\\\/2025\\\/10\\\/571554639_1276606037841632_3860014618715448757_n.jpg\",\"contentUrl\":\"https:\\\/\\\/www.webdo.tn\\\/fr\\\/wp-content\\\/uploads\\\/2025\\\/10\\\/571554639_1276606037841632_3860014618715448757_n.jpg\",\"width\":1200,\"height\":599,\"caption\":\"Cr\u00e9dit : Page Facebook Club Africain\"},{\"@type\":\"BreadcrumbList\",\"@id\":\"https:\\\/\\\/www.webdo.tn\\\/fr\\\/actualite\\\/sport\\\/ligue-1-11e-journee-le-club-africain-en-patron-avec-un-quatrieme-succes-de-rang\\\/386321\\\/#breadcrumb\",\"itemListElement\":[{\"@type\":\"ListItem\",\"position\":1,\"name\":\"Accueil\",\"item\":\"https:\\\/\\\/www.webdo.tn\\\/fr\\\/\"},{\"@type\":\"ListItem\",\"position\":2,\"name\":\"Ligue 1 &#8211; 11e journ\u00e9e : Le Club Africain en patron avec un quatri\u00e8me succ\u00e8s de rang\"}]},{\"@type\":\"WebSite\",\"@id\":\"https:\\\/\\\/www.webdo.tn\\\/fr\\\/#website\",\"url\":\"https:\\\/\\\/www.webdo.tn\\\/fr\\\/\",\"name\":\"webdo\",\"description\":\"Tunisie - News en Tunisie et \u00e0 l&#039;international sur Webdo.tn\",\"publisher\":{\"@id\":\"https:\\\/\\\/www.webdo.tn\\\/fr\\\/#organization\"},\"potentialAction\":[{\"@type\":\"SearchAction\",\"target\":{\"@type\":\"EntryPoint\",\"urlTemplate\":\"https:\\\/\\\/www.webdo.tn\\\/fr\\\/?s={search_term_string}\"},\"query-input\":{\"@type\":\"PropertyValueSpecification\",\"valueRequired\":true,\"valueName\":\"search_term_string\"}}],\"inLanguage\":\"fr-FR\"},{\"@type\":\"Organization\",\"@id\":\"https:\\\/\\\/www.webdo.tn\\\/fr\\\/#organization\",\"name\":\"Webdo\",\"alternateName\":\"Webdo.tn\",\"url\":\"https:\\\/\\\/www.webdo.tn\\\/fr\\\/\",\"logo\":{\"@type\":\"ImageObject\",\"inLanguage\":\"fr-FR\",\"@id\":\"https:\\\/\\\/www.webdo.tn\\\/fr\\\/#\\\/schema\\\/logo\\\/image\\\/\",\"url\":\"https:\\\/\\\/www.webdo.tn\\\/fr\\\/wp-content\\\/uploads\\\/2025\\\/06\\\/Webdo-Tunisie_168377.jpg\",\"contentUrl\":\"https:\\\/\\\/www.webdo.tn\\\/fr\\\/wp-content\\\/uploads\\\/2025\\\/06\\\/Webdo-Tunisie_168377.jpg\",\"width\":301,\"height\":301,\"caption\":\"Webdo\"},\"image\":{\"@id\":\"https:\\\/\\\/www.webdo.tn\\\/fr\\\/#\\\/schema\\\/logo\\\/image\\\/\"},\"sameAs\":[\"https:\\\/\\\/www.facebook.com\\\/webdotn\",\"https:\\\/\\\/x.com\\\/webdo_tn\"],\"description\":\"Webdo est un m\u00e9dia num\u00e9rique tunisien fond\u00e9 en 2010, sp\u00e9cialis\u00e9 dans l\u2019actualit\u00e9 nationale et internationale, l\u2019\u00e9conomie, la soci\u00e9t\u00e9 et les analyses politiques. Le site s\u2019adresse \u00e0 un large public francophone et couvre l\u2019information tunisienne en temps r\u00e9el.\",\"email\":\"redac@webdo.tn\",\"legalName\":\"YNJ SARL\",\"foundingDate\":\"2010-09-06\",\"numberOfEmployees\":{\"@type\":\"QuantitativeValue\",\"minValue\":\"11\",\"maxValue\":\"50\"}},{\"@type\":\"Person\",\"@id\":\"https:\\\/\\\/www.webdo.tn\\\/fr\\\/#\\\/schema\\\/person\\\/57c261717927697fcf719ab1058a8003\",\"name\":\"Maher Chaabane\",\"image\":{\"@type\":\"ImageObject\",\"inLanguage\":\"fr-FR\",\"@id\":\"https:\\\/\\\/www.webdo.tn\\\/fr\\\/wp-content\\\/uploads\\\/2026\\\/04\\\/maher-chaabane_avatar_2-96x96.jpg\",\"url\":\"https:\\\/\\\/www.webdo.tn\\\/fr\\\/wp-content\\\/uploads\\\/2026\\\/04\\\/maher-chaabane_avatar_2-96x96.jpg\",\"contentUrl\":\"https:\\\/\\\/www.webdo.tn\\\/fr\\\/wp-content\\\/uploads\\\/2026\\\/04\\\/maher-chaabane_avatar_2-96x96.jpg\",\"caption\":\"Maher Chaabane\"},\"description\":\"Maher Chaabane est journaliste et r\u00e9dacteur en chef de Webdo.tn depuis 2012. Il d\u00e9bute sa carri\u00e8re au sein du groupe Tunis Hebdo en 2000, o\u00f9 il couvre pendant plusieurs ann\u00e9es l\u2019actualit\u00e9 sportive et internationale, avant d\u2019occuper les fonctions de r\u00e9dacteur en chef adjoint. Fort de plus de deux d\u00e9cennies d\u2019exp\u00e9rience dans le journalisme, il supervise aujourd\u2019hui la production \u00e9ditoriale de Webdo et contribue activement \u00e0 la ligne du m\u00e9dia, en particulier sur les sujets d\u2019actualit\u00e9 nationale et internationale. https:\\\/\\\/www.facebook.com\\\/youssef.rc.92\",\"sameAs\":[\"https:\\\/\\\/www.facebook.com\\\/youssef.rc.92\"],\"knowsAbout\":[\"journalisme\",\"actualit\u00e9 internationale\",\"sport\",\"r\u00e9daction\",\"m\u00e9dias\",\"information\"],\"knowsLanguage\":[\"Fran\u00e7ais\",\"Arabe\"],\"jobTitle\":\"R\u00e9dacteur en chef\",\"worksFor\":\"Webdo.tn\",\"url\":\"https:\\\/\\\/www.webdo.tn\\\/fr\\\/actualite\\\/author\\\/maher-chaabane\\\/\"}]}<\/script>\n<!-- \/ Yoast SEO Premium plugin. -->","yoast_head_json":{"title":"Ligue 1 - 11e journ\u00e9e : Le Club Africain en patron avec un quatri\u00e8me succ\u00e8s de rang - webdo","description":"Ligue 1 : Le Club Africain s\u2019impose avec autorit\u00e9 et encha\u00eene sa quatri\u00e8me victoire cons\u00e9cutive. Un parcours impressionnant !","canonical":"https:\/\/www.webdo.tn\/fr\/actualite\/sport\/ligue-1-11e-journee-le-club-africain-en-patron-avec-un-quatrieme-succes-de-rang\/386321\/","og_locale":"fr_FR","og_type":"article","og_title":"Ligue 1 - 11e journ\u00e9e : Le Club Africain en patron avec un quatri\u00e8me succ\u00e8s de rang","og_description":"Ligue 1 : Le Club Africain s\u2019impose avec autorit\u00e9 et encha\u00eene sa quatri\u00e8me victoire cons\u00e9cutive. Un parcours impressionnant !","og_url":"https:\/\/www.webdo.tn\/fr\/actualite\/sport\/ligue-1-11e-journee-le-club-africain-en-patron-avec-un-quatrieme-succes-de-rang\/386321\/","og_site_name":"webdo","article_publisher":"https:\/\/www.facebook.com\/webdotn","article_author":"https:\/\/www.facebook.com\/youssef.rc.92","article_published_time":"2025-10-26T11:06:44+00:00","article_modified_time":"2025-10-26T11:06:45+00:00","og_image":[{"width":1200,"height":599,"url":"https:\/\/www.webdo.tn\/fr\/wp-content\/uploads\/2025\/10\/571554639_1276606037841632_3860014618715448757_n.jpg","type":"image\/jpeg"}],"author":"Maher Chaabane","twitter_card":"summary_large_image","twitter_creator":"@webdo_tn","twitter_site":"@webdo_tn","twitter_misc":{"\u00c9crit par":"Maher Chaabane","Dur\u00e9e de lecture estim\u00e9e":"3 minutes"},"schema":{"@context":"https:\/\/schema.org","@graph":[{"@type":"NewsArticle","@id":"https:\/\/www.webdo.tn\/fr\/actualite\/sport\/ligue-1-11e-journee-le-club-africain-en-patron-avec-un-quatrieme-succes-de-rang\/386321\/#article","isPartOf":{"@id":"https:\/\/www.webdo.tn\/fr\/actualite\/sport\/ligue-1-11e-journee-le-club-africain-en-patron-avec-un-quatrieme-succes-de-rang\/386321\/"},"author":{"name":"Maher Chaabane","@id":"https:\/\/www.webdo.tn\/fr\/#\/schema\/person\/57c261717927697fcf719ab1058a8003"},"headline":"Ligue 1 &#8211; 11e journ\u00e9e : Le Club Africain en patron avec un quatri\u00e8me succ\u00e8s de rang","datePublished":"2025-10-26T11:06:44+00:00","dateModified":"2025-10-26T11:06:45+00:00","mainEntityOfPage":{"@id":"https:\/\/www.webdo.tn\/fr\/actualite\/sport\/ligue-1-11e-journee-le-club-africain-en-patron-avec-un-quatrieme-succes-de-rang\/386321\/"},"wordCount":412,"publisher":{"@id":"https:\/\/www.webdo.tn\/fr\/#organization"},"image":{"@id":"https:\/\/www.webdo.tn\/fr\/actualite\/sport\/ligue-1-11e-journee-le-club-africain-en-patron-avec-un-quatrieme-succes-de-rang\/386321\/#primaryimage"},"thumbnailUrl":"https:\/\/www.webdo.tn\/fr\/wp-content\/uploads\/2025\/10\/571554639_1276606037841632_3860014618715448757_n.jpg","keywords":["championnat de tunisie","Club Africain","football","Ligue 1","Tunisie"],"articleSection":["Sport"],"inLanguage":"fr-FR"},{"@type":"WebPage","@id":"https:\/\/www.webdo.tn\/fr\/actualite\/sport\/ligue-1-11e-journee-le-club-africain-en-patron-avec-un-quatrieme-succes-de-rang\/386321\/","url":"https:\/\/www.webdo.tn\/fr\/actualite\/sport\/ligue-1-11e-journee-le-club-africain-en-patron-avec-un-quatrieme-succes-de-rang\/386321\/","name":"Ligue 1 - 11e journ\u00e9e : Le Club Africain en patron avec un quatri\u00e8me succ\u00e8s de rang - webdo","isPartOf":{"@id":"https:\/\/www.webdo.tn\/fr\/#website"},"primaryImageOfPage":{"@id":"https:\/\/www.webdo.tn\/fr\/actualite\/sport\/ligue-1-11e-journee-le-club-africain-en-patron-avec-un-quatrieme-succes-de-rang\/386321\/#primaryimage"},"image":{"@id":"https:\/\/www.webdo.tn\/fr\/actualite\/sport\/ligue-1-11e-journee-le-club-africain-en-patron-avec-un-quatrieme-succes-de-rang\/386321\/#primaryimage"},"thumbnailUrl":"https:\/\/www.webdo.tn\/fr\/wp-content\/uploads\/2025\/10\/571554639_1276606037841632_3860014618715448757_n.jpg","datePublished":"2025-10-26T11:06:44+00:00","dateModified":"2025-10-26T11:06:45+00:00","description":"Ligue 1 : Le Club Africain s\u2019impose avec autorit\u00e9 et encha\u00eene sa quatri\u00e8me victoire cons\u00e9cutive. Un parcours impressionnant !","breadcrumb":{"@id":"https:\/\/www.webdo.tn\/fr\/actualite\/sport\/ligue-1-11e-journee-le-club-africain-en-patron-avec-un-quatrieme-succes-de-rang\/386321\/#breadcrumb"},"inLanguage":"fr-FR","potentialAction":[{"@type":"ReadAction","target":["https:\/\/www.webdo.tn\/fr\/actualite\/sport\/ligue-1-11e-journee-le-club-africain-en-patron-avec-un-quatrieme-succes-de-rang\/386321\/"]}]},{"@type":"ImageObject","inLanguage":"fr-FR","@id":"https:\/\/www.webdo.tn\/fr\/actualite\/sport\/ligue-1-11e-journee-le-club-africain-en-patron-avec-un-quatrieme-succes-de-rang\/386321\/#primaryimage","url":"https:\/\/www.webdo.tn\/fr\/wp-content\/uploads\/2025\/10\/571554639_1276606037841632_3860014618715448757_n.jpg","contentUrl":"https:\/\/www.webdo.tn\/fr\/wp-content\/uploads\/2025\/10\/571554639_1276606037841632_3860014618715448757_n.jpg","width":1200,"height":599,"caption":"Cr\u00e9dit : Page Facebook Club Africain"},{"@type":"BreadcrumbList","@id":"https:\/\/www.webdo.tn\/fr\/actualite\/sport\/ligue-1-11e-journee-le-club-africain-en-patron-avec-un-quatrieme-succes-de-rang\/386321\/#breadcrumb","itemListElement":[{"@type":"ListItem","position":1,"name":"Accueil","item":"https:\/\/www.webdo.tn\/fr\/"},{"@type":"ListItem","position":2,"name":"Ligue 1 &#8211; 11e journ\u00e9e : Le Club Africain en patron avec un quatri\u00e8me succ\u00e8s de rang"}]},{"@type":"WebSite","@id":"https:\/\/www.webdo.tn\/fr\/#website","url":"https:\/\/www.webdo.tn\/fr\/","name":"webdo","description":"Tunisie - News en Tunisie et \u00e0 l&#039;international sur Webdo.tn","publisher":{"@id":"https:\/\/www.webdo.tn\/fr\/#organization"},"potentialAction":[{"@type":"SearchAction","target":{"@type":"EntryPoint","urlTemplate":"https:\/\/www.webdo.tn\/fr\/?s={search_term_string}"},"query-input":{"@type":"PropertyValueSpecification","valueRequired":true,"valueName":"search_term_string"}}],"inLanguage":"fr-FR"},{"@type":"Organization","@id":"https:\/\/www.webdo.tn\/fr\/#organization","name":"Webdo","alternateName":"Webdo.tn","url":"https:\/\/www.webdo.tn\/fr\/","logo":{"@type":"ImageObject","inLanguage":"fr-FR","@id":"https:\/\/www.webdo.tn\/fr\/#\/schema\/logo\/image\/","url":"https:\/\/www.webdo.tn\/fr\/wp-content\/uploads\/2025\/06\/Webdo-Tunisie_168377.jpg","contentUrl":"https:\/\/www.webdo.tn\/fr\/wp-content\/uploads\/2025\/06\/Webdo-Tunisie_168377.jpg","width":301,"height":301,"caption":"Webdo"},"image":{"@id":"https:\/\/www.webdo.tn\/fr\/#\/schema\/logo\/image\/"},"sameAs":["https:\/\/www.facebook.com\/webdotn","https:\/\/x.com\/webdo_tn"],"description":"Webdo est un m\u00e9dia num\u00e9rique tunisien fond\u00e9 en 2010, sp\u00e9cialis\u00e9 dans l\u2019actualit\u00e9 nationale et internationale, l\u2019\u00e9conomie, la soci\u00e9t\u00e9 et les analyses politiques. Le site s\u2019adresse \u00e0 un large public francophone et couvre l\u2019information tunisienne en temps r\u00e9el.","email":"redac@webdo.tn","legalName":"YNJ SARL","foundingDate":"2010-09-06","numberOfEmployees":{"@type":"QuantitativeValue","minValue":"11","maxValue":"50"}},{"@type":"Person","@id":"https:\/\/www.webdo.tn\/fr\/#\/schema\/person\/57c261717927697fcf719ab1058a8003","name":"Maher Chaabane","image":{"@type":"ImageObject","inLanguage":"fr-FR","@id":"https:\/\/www.webdo.tn\/fr\/wp-content\/uploads\/2026\/04\/maher-chaabane_avatar_2-96x96.jpg","url":"https:\/\/www.webdo.tn\/fr\/wp-content\/uploads\/2026\/04\/maher-chaabane_avatar_2-96x96.jpg","contentUrl":"https:\/\/www.webdo.tn\/fr\/wp-content\/uploads\/2026\/04\/maher-chaabane_avatar_2-96x96.jpg","caption":"Maher Chaabane"},"description":"Maher Chaabane est journaliste et r\u00e9dacteur en chef de Webdo.tn depuis 2012. Il d\u00e9bute sa carri\u00e8re au sein du groupe Tunis Hebdo en 2000, o\u00f9 il couvre pendant plusieurs ann\u00e9es l\u2019actualit\u00e9 sportive et internationale, avant d\u2019occuper les fonctions de r\u00e9dacteur en chef adjoint. Fort de plus de deux d\u00e9cennies d\u2019exp\u00e9rience dans le journalisme, il supervise aujourd\u2019hui la production \u00e9ditoriale de Webdo et contribue activement \u00e0 la ligne du m\u00e9dia, en particulier sur les sujets d\u2019actualit\u00e9 nationale et internationale. https:\/\/www.facebook.com\/youssef.rc.92","sameAs":["https:\/\/www.facebook.com\/youssef.rc.92"],"knowsAbout":["journalisme","actualit\u00e9 internationale","sport","r\u00e9daction","m\u00e9dias","information"],"knowsLanguage":["Fran\u00e7ais","Arabe"],"jobTitle":"R\u00e9dacteur en chef","worksFor":"Webdo.tn","url":"https:\/\/www.webdo.tn\/fr\/actualite\/author\/maher-chaabane\/"}]}},"_links":{"self":[{"href":"https:\/\/www.webdo.tn\/fr\/wp-json\/wp\/v2\/posts\/386321","targetHints":{"allow":["GET"]}}],"collection":[{"href":"https:\/\/www.webdo.tn\/fr\/wp-json\/wp\/v2\/posts"}],"about":[{"href":"https:\/\/www.webdo.tn\/fr\/wp-json\/wp\/v2\/types\/post"}],"author":[{"embeddable":true,"href":"https:\/\/www.webdo.tn\/fr\/wp-json\/wp\/v2\/users\/3189"}],"replies":[{"embeddable":true,"href":"https:\/\/www.webdo.tn\/fr\/wp-json\/wp\/v2\/comments?post=386321"}],"version-history":[{"count":0,"href":"https:\/\/www.webdo.tn\/fr\/wp-json\/wp\/v2\/posts\/386321\/revisions"}],"wp:featuredmedia":[{"embeddable":true,"href":"https:\/\/www.webdo.tn\/fr\/wp-json\/wp\/v2\/media\/386323"}],"wp:attachment":[{"href":"https:\/\/www.webdo.tn\/fr\/wp-json\/wp\/v2\/media?parent=386321"}],"wp:term":[{"taxonomy":"category","embeddable":true,"href":"https:\/\/www.webdo.tn\/fr\/wp-json\/wp\/v2\/categories?post=386321"},{"taxonomy":"post_tag","embeddable":true,"href":"https:\/\/www.webdo.tn\/fr\/wp-json\/wp\/v2\/tags?post=386321"}],"curies":[{"name":"wp","href":"https:\/\/api.w.org\/{rel}","templated":true}]}}