{"id":386303,"date":"2025-10-26T10:16:22","date_gmt":"2025-10-26T09:16:22","guid":{"rendered":"https:\/\/www.webdo.tn\/fr\/?p=386303"},"modified":"2025-10-26T11:45:06","modified_gmt":"2025-10-26T10:45:06","slug":"taekwondo-mohamed-khalil-jendoubi-sur-le-toit-du-monde","status":"publish","type":"post","link":"https:\/\/www.webdo.tn\/fr\/actualite\/sport\/taekwondo-mohamed-khalil-jendoubi-sur-le-toit-du-monde\/386303\/","title":{"rendered":"Taekwondo : Mohamed Khalil Jendoubi sur le toit du monde"},"content":{"rendered":"\n<p>Nouvel exploit pour le taekwondo tunisien : Mohamed Khalil Jendoubi a d\u00e9croch\u00e9, ce samedi \u00e0 Nanjing (Chine), la m\u00e9daille d\u2019or mondiale dans la cat\u00e9gorie des -63 kg, apr\u00e8s une finale ma\u00eetris\u00e9e face \u00e0 l\u2019Iranien Ali Haj Mousaei. D\u00e9j\u00e0 double m\u00e9daill\u00e9 olympique, le jeune champion confirme sa stature internationale en offrant \u00e0 la Tunisie un nouveau titre plan\u00e9taire.<\/p>\n\n\n\n<h2 class=\"wp-block-heading\" id=\"h-une-ascension-sans-faute-jusqu-a-l-or\">Une ascension sans faute jusqu\u2019\u00e0 l\u2019or<\/h2>\n\n\n\n<p>Avant de triompher en finale, Jendoubi avait r\u00e9alis\u00e9 un parcours exemplaire. Il s\u2019\u00e9tait impos\u00e9 successivement face au Surinamais Bendjino Maisedjan (2-0 ; 16-3 \/ 15-3), au Russe Maksim Osin (2-0 ; 10-9 \/ 4-1), au Hongrois Omar Gergely (2-0 ; 13-1 \/ 11-10) et au Kazakh Samirkhan Ababakirov (2-1 ; 6-4 \/ 4-2 \/ 3-11) en quart de finale.<\/p>\n\n\n\n<p>Le Tunisien s\u2019\u00e9tait ensuite retrouv\u00e9 qualifi\u00e9 directement pour la finale, son adversaire potentiel des demi-finales, le Jordanien Mahmoud Al-Taraira, ayant b\u00e9n\u00e9fici\u00e9 d\u2019une victoire m\u00e9dicale sur un joueur chinois bless\u00e9. Selon le r\u00e8glement de la F\u00e9d\u00e9ration mondiale de taekwondo (WT), un athl\u00e8te d\u00e9clar\u00e9 vainqueur par d\u00e9cision m\u00e9dicale est dispens\u00e9 du combat suivant pour raisons de sant\u00e9, ce qui a propuls\u00e9 Jendoubi directement en finale.<\/p>\n\n\n\n<h2 class=\"wp-block-heading\" id=\"h-un-palmares-deja-legendaire\">Un palmar\u00e8s d\u00e9j\u00e0 l\u00e9gendaire<\/h2>\n\n\n\n<p>\u00c0 seulement 23 ans, Mohamed Khalil Jendoubi continue d\u2019\u00e9crire l\u2019histoire du sport tunisien. Apr\u00e8s l\u2019argent olympique de Tokyo 2020 (report\u00e9 \u00e0 2021) et le bronze de Paris 2024, le champion originaire de La Marsa s\u2019offre son premier titre mondial. Ce sacre le place parmi les meilleurs taekwondo\u00efstes de sa g\u00e9n\u00e9ration et confirme la constance de ses performances depuis pr\u00e8s d\u2019une d\u00e9cennie.<\/p>\n\n\n\n<h2 class=\"wp-block-heading\" id=\"h-les-autres-resultats-tunisiens\">Les autres r\u00e9sultats tunisiens<\/h2>\n\n\n\n<p>Dans la m\u00eame comp\u00e9tition, la Tunisienne Ikram Dhahri s\u2019est arr\u00eat\u00e9e en 32es de finale. Apr\u00e8s une victoire convaincante face \u00e0 la Hongkongaise Lam Siu Wai (2-0 ; 8-0 \/ 3-0), elle a \u00e9t\u00e9 \u00e9limin\u00e9e par la num\u00e9ro deux mondiale ta\u00efwanaise Luo Yu-Yun (ou Liu Yu-Yun), sur le score de (0-0 \/ 2-4).<\/p>\n\n\n\n<p><\/p>\n\n\n\n<blockquote class=\"wp-block-quote is-layout-flow wp-block-quote-is-layout-flow\">\n<blockquote class=\"wp-block-quote is-layout-flow wp-block-quote-is-layout-flow\">\n<p><strong>Lire aussi<\/strong><\/p>\n\n\n\n<ul class=\"wp-block-list\">\n<li><a href=\"https:\/\/www.webdo.tn\/fr\/actualite\/sport\/taekwondo-firas-katoussi-toujours-au-sommet-mohamed-khalil-jendoubi-dans-le-top-3-mondial\/220985\/\">Taekwondo : Firas Katoussi toujours au sommet, Mohamed Khalil Jendoubi dans le top 3 mondial<\/a><\/li>\n\n\n\n<li><a href=\"https:\/\/www.webdo.tn\/fr\/actualite\/sport\/jo-2024-taekwondo-khalil-jendoubi-decroche-le-bronze\/215704\/\">JO 2024 \u2013 Taekwondo : Khalil Jendoubi d\u00e9croche le bronze<\/a><\/li>\n\n\n\n<li><a href=\"https:\/\/www.webdo.tn\/fr\/actualite\/sport\/championnat-du-monde-de-taekwondo-l-or-pour-khalil-jendoubi\/209221\/\">Championnat du monde de taekwondo : l\u2019or pour Khalil Jendoubi<\/a><\/li>\n<\/ul>\n<\/blockquote>\n<\/blockquote>\n","protected":false},"excerpt":{"rendered":"<p>Nouvel exploit pour le taekwondo tunisien : Mohamed Khalil Jendoubi a d\u00e9croch\u00e9, ce samedi \u00e0 Nanjing (Chine), la m\u00e9daille d\u2019or mondiale dans la cat\u00e9gorie des -63 kg, apr\u00e8s une finale ma\u00eetris\u00e9e face \u00e0 l\u2019Iranien Ali Haj Mousaei. D\u00e9j\u00e0 double m\u00e9daill\u00e9 olympique, le jeune champion confirme sa stature internationale en offrant \u00e0 la Tunisie un nouveau [&hellip;]<\/p>\n","protected":false},"author":3191,"featured_media":386304,"comment_status":"closed","ping_status":"closed","sticky":false,"template":"","format":"standard","meta":{"footnotes":""},"categories":[2593],"tags":[4587,5907,3795,2608],"class_list":["post-386303","post","type-post","status-publish","format-standard","has-post-thumbnail","hentry","category-sport","tag-champion-du-monde","tag-mohamed-khalil-jendoubi","tag-taekwondo","tag-tunisie"],"yoast_head":"<!-- This site is optimized with the Yoast SEO Premium plugin v27.4 (Yoast SEO v27.5) - https:\/\/yoast.com\/product\/yoast-seo-premium-wordpress\/ -->\n<title>Taekwondo : Mohamed Khalil Jendoubi sur le toit du monde - webdo<\/title>\n<meta name=\"description\" content=\"Revivez le triomphe de Mohamed Khalil Jendoubi au championnat mondial de taekwondo. Un parcours exceptionnel pour un champion tunisien.\" \/>\n<link rel=\"canonical\" href=\"https:\/\/www.webdo.tn\/fr\/actualite\/sport\/taekwondo-mohamed-khalil-jendoubi-sur-le-toit-du-monde\/386303\/\" \/>\n<meta property=\"og:locale\" content=\"fr_FR\" \/>\n<meta property=\"og:type\" content=\"article\" \/>\n<meta property=\"og:title\" content=\"Taekwondo : Mohamed Khalil Jendoubi sur le toit du monde\" \/>\n<meta property=\"og:description\" content=\"Revivez le triomphe de Mohamed Khalil Jendoubi au championnat mondial de taekwondo. Un parcours exceptionnel pour un champion tunisien.\" \/>\n<meta property=\"og:url\" content=\"https:\/\/www.webdo.tn\/fr\/actualite\/sport\/taekwondo-mohamed-khalil-jendoubi-sur-le-toit-du-monde\/386303\/\" \/>\n<meta property=\"og:site_name\" content=\"webdo\" \/>\n<meta property=\"article:publisher\" content=\"https:\/\/www.facebook.com\/webdotn\" \/>\n<meta property=\"article:published_time\" content=\"2025-10-26T09:16:22+00:00\" \/>\n<meta property=\"article:modified_time\" content=\"2025-10-26T10:45:06+00:00\" \/>\n<meta property=\"og:image\" content=\"https:\/\/www.webdo.tn\/fr\/wp-content\/uploads\/2025\/10\/570003544_1434854878650228_7278933127824013605_n.jpg\" \/>\n\t<meta property=\"og:image:width\" content=\"1200\" \/>\n\t<meta property=\"og:image:height\" content=\"601\" \/>\n\t<meta property=\"og:image:type\" content=\"image\/jpeg\" \/>\n<meta name=\"author\" content=\"Mohamed Hedi Touati\" \/>\n<meta name=\"twitter:card\" content=\"summary_large_image\" \/>\n<meta name=\"twitter:creator\" content=\"@webdo_tn\" \/>\n<meta name=\"twitter:site\" content=\"@webdo_tn\" \/>\n<meta name=\"twitter:label1\" content=\"\u00c9crit par\" \/>\n\t<meta name=\"twitter:data1\" content=\"Mohamed Hedi Touati\" \/>\n\t<meta name=\"twitter:label2\" content=\"Dur\u00e9e de lecture estim\u00e9e\" \/>\n\t<meta name=\"twitter:data2\" content=\"2 minutes\" \/>\n<script type=\"application\/ld+json\" class=\"yoast-schema-graph\">{\"@context\":\"https:\\\/\\\/schema.org\",\"@graph\":[{\"@type\":\"NewsArticle\",\"@id\":\"https:\\\/\\\/www.webdo.tn\\\/fr\\\/actualite\\\/sport\\\/taekwondo-mohamed-khalil-jendoubi-sur-le-toit-du-monde\\\/386303\\\/#article\",\"isPartOf\":{\"@id\":\"https:\\\/\\\/www.webdo.tn\\\/fr\\\/actualite\\\/sport\\\/taekwondo-mohamed-khalil-jendoubi-sur-le-toit-du-monde\\\/386303\\\/\"},\"author\":{\"name\":\"Mohamed Hedi Touati\",\"@id\":\"https:\\\/\\\/www.webdo.tn\\\/fr\\\/#\\\/schema\\\/person\\\/c652cd8fc2b1b44412b5ffb48c5a911d\"},\"headline\":\"Taekwondo : Mohamed Khalil Jendoubi sur le toit du monde\",\"datePublished\":\"2025-10-26T09:16:22+00:00\",\"dateModified\":\"2025-10-26T10:45:06+00:00\",\"mainEntityOfPage\":{\"@id\":\"https:\\\/\\\/www.webdo.tn\\\/fr\\\/actualite\\\/sport\\\/taekwondo-mohamed-khalil-jendoubi-sur-le-toit-du-monde\\\/386303\\\/\"},\"wordCount\":375,\"publisher\":{\"@id\":\"https:\\\/\\\/www.webdo.tn\\\/fr\\\/#organization\"},\"image\":{\"@id\":\"https:\\\/\\\/www.webdo.tn\\\/fr\\\/actualite\\\/sport\\\/taekwondo-mohamed-khalil-jendoubi-sur-le-toit-du-monde\\\/386303\\\/#primaryimage\"},\"thumbnailUrl\":\"https:\\\/\\\/www.webdo.tn\\\/fr\\\/wp-content\\\/uploads\\\/2025\\\/10\\\/570003544_1434854878650228_7278933127824013605_n.jpg\",\"keywords\":[\"champion du monde\",\"Mohamed Khalil Jendoubi\",\"taekwondo\",\"Tunisie\"],\"articleSection\":[\"Sport\"],\"inLanguage\":\"fr-FR\"},{\"@type\":\"WebPage\",\"@id\":\"https:\\\/\\\/www.webdo.tn\\\/fr\\\/actualite\\\/sport\\\/taekwondo-mohamed-khalil-jendoubi-sur-le-toit-du-monde\\\/386303\\\/\",\"url\":\"https:\\\/\\\/www.webdo.tn\\\/fr\\\/actualite\\\/sport\\\/taekwondo-mohamed-khalil-jendoubi-sur-le-toit-du-monde\\\/386303\\\/\",\"name\":\"Taekwondo : Mohamed Khalil Jendoubi sur le toit du monde - webdo\",\"isPartOf\":{\"@id\":\"https:\\\/\\\/www.webdo.tn\\\/fr\\\/#website\"},\"primaryImageOfPage\":{\"@id\":\"https:\\\/\\\/www.webdo.tn\\\/fr\\\/actualite\\\/sport\\\/taekwondo-mohamed-khalil-jendoubi-sur-le-toit-du-monde\\\/386303\\\/#primaryimage\"},\"image\":{\"@id\":\"https:\\\/\\\/www.webdo.tn\\\/fr\\\/actualite\\\/sport\\\/taekwondo-mohamed-khalil-jendoubi-sur-le-toit-du-monde\\\/386303\\\/#primaryimage\"},\"thumbnailUrl\":\"https:\\\/\\\/www.webdo.tn\\\/fr\\\/wp-content\\\/uploads\\\/2025\\\/10\\\/570003544_1434854878650228_7278933127824013605_n.jpg\",\"datePublished\":\"2025-10-26T09:16:22+00:00\",\"dateModified\":\"2025-10-26T10:45:06+00:00\",\"description\":\"Revivez le triomphe de Mohamed Khalil Jendoubi au championnat mondial de taekwondo. Un parcours exceptionnel pour un champion tunisien.\",\"breadcrumb\":{\"@id\":\"https:\\\/\\\/www.webdo.tn\\\/fr\\\/actualite\\\/sport\\\/taekwondo-mohamed-khalil-jendoubi-sur-le-toit-du-monde\\\/386303\\\/#breadcrumb\"},\"inLanguage\":\"fr-FR\",\"potentialAction\":[{\"@type\":\"ReadAction\",\"target\":[\"https:\\\/\\\/www.webdo.tn\\\/fr\\\/actualite\\\/sport\\\/taekwondo-mohamed-khalil-jendoubi-sur-le-toit-du-monde\\\/386303\\\/\"]}]},{\"@type\":\"ImageObject\",\"inLanguage\":\"fr-FR\",\"@id\":\"https:\\\/\\\/www.webdo.tn\\\/fr\\\/actualite\\\/sport\\\/taekwondo-mohamed-khalil-jendoubi-sur-le-toit-du-monde\\\/386303\\\/#primaryimage\",\"url\":\"https:\\\/\\\/www.webdo.tn\\\/fr\\\/wp-content\\\/uploads\\\/2025\\\/10\\\/570003544_1434854878650228_7278933127824013605_n.jpg\",\"contentUrl\":\"https:\\\/\\\/www.webdo.tn\\\/fr\\\/wp-content\\\/uploads\\\/2025\\\/10\\\/570003544_1434854878650228_7278933127824013605_n.jpg\",\"width\":1200,\"height\":601,\"caption\":\"Taekwondo : Mohamed Khalil Jendoubi sur le toit du monde\"},{\"@type\":\"BreadcrumbList\",\"@id\":\"https:\\\/\\\/www.webdo.tn\\\/fr\\\/actualite\\\/sport\\\/taekwondo-mohamed-khalil-jendoubi-sur-le-toit-du-monde\\\/386303\\\/#breadcrumb\",\"itemListElement\":[{\"@type\":\"ListItem\",\"position\":1,\"name\":\"Accueil\",\"item\":\"https:\\\/\\\/www.webdo.tn\\\/fr\\\/\"},{\"@type\":\"ListItem\",\"position\":2,\"name\":\"Taekwondo : Mohamed Khalil Jendoubi sur le toit du monde\"}]},{\"@type\":\"WebSite\",\"@id\":\"https:\\\/\\\/www.webdo.tn\\\/fr\\\/#website\",\"url\":\"https:\\\/\\\/www.webdo.tn\\\/fr\\\/\",\"name\":\"webdo\",\"description\":\"Tunisie - News en Tunisie et \u00e0 l&#039;international sur Webdo.tn\",\"publisher\":{\"@id\":\"https:\\\/\\\/www.webdo.tn\\\/fr\\\/#organization\"},\"potentialAction\":[{\"@type\":\"SearchAction\",\"target\":{\"@type\":\"EntryPoint\",\"urlTemplate\":\"https:\\\/\\\/www.webdo.tn\\\/fr\\\/?s={search_term_string}\"},\"query-input\":{\"@type\":\"PropertyValueSpecification\",\"valueRequired\":true,\"valueName\":\"search_term_string\"}}],\"inLanguage\":\"fr-FR\"},{\"@type\":\"Organization\",\"@id\":\"https:\\\/\\\/www.webdo.tn\\\/fr\\\/#organization\",\"name\":\"Webdo\",\"alternateName\":\"Webdo.tn\",\"url\":\"https:\\\/\\\/www.webdo.tn\\\/fr\\\/\",\"logo\":{\"@type\":\"ImageObject\",\"inLanguage\":\"fr-FR\",\"@id\":\"https:\\\/\\\/www.webdo.tn\\\/fr\\\/#\\\/schema\\\/logo\\\/image\\\/\",\"url\":\"https:\\\/\\\/www.webdo.tn\\\/fr\\\/wp-content\\\/uploads\\\/2025\\\/06\\\/Webdo-Tunisie_168377.jpg\",\"contentUrl\":\"https:\\\/\\\/www.webdo.tn\\\/fr\\\/wp-content\\\/uploads\\\/2025\\\/06\\\/Webdo-Tunisie_168377.jpg\",\"width\":301,\"height\":301,\"caption\":\"Webdo\"},\"image\":{\"@id\":\"https:\\\/\\\/www.webdo.tn\\\/fr\\\/#\\\/schema\\\/logo\\\/image\\\/\"},\"sameAs\":[\"https:\\\/\\\/www.facebook.com\\\/webdotn\",\"https:\\\/\\\/x.com\\\/webdo_tn\"],\"description\":\"Webdo est un m\u00e9dia num\u00e9rique tunisien fond\u00e9 en 2010, sp\u00e9cialis\u00e9 dans l\u2019actualit\u00e9 nationale et internationale, l\u2019\u00e9conomie, la soci\u00e9t\u00e9 et les analyses politiques. Le site s\u2019adresse \u00e0 un large public francophone et couvre l\u2019information tunisienne en temps r\u00e9el.\",\"email\":\"redac@webdo.tn\",\"legalName\":\"YNJ SARL\",\"foundingDate\":\"2010-09-06\",\"numberOfEmployees\":{\"@type\":\"QuantitativeValue\",\"minValue\":\"11\",\"maxValue\":\"50\"}},{\"@type\":\"Person\",\"@id\":\"https:\\\/\\\/www.webdo.tn\\\/fr\\\/#\\\/schema\\\/person\\\/c652cd8fc2b1b44412b5ffb48c5a911d\",\"name\":\"Mohamed Hedi Touati\",\"image\":{\"@type\":\"ImageObject\",\"inLanguage\":\"fr-FR\",\"@id\":\"https:\\\/\\\/secure.gravatar.com\\\/avatar\\\/9cfd402c745b7a685f13eed0ea6e59d2144a3c2fc50a3db6fd5ed451f6cddf1a?s=96&d=mm&r=g\",\"url\":\"https:\\\/\\\/secure.gravatar.com\\\/avatar\\\/9cfd402c745b7a685f13eed0ea6e59d2144a3c2fc50a3db6fd5ed451f6cddf1a?s=96&d=mm&r=g\",\"contentUrl\":\"https:\\\/\\\/secure.gravatar.com\\\/avatar\\\/9cfd402c745b7a685f13eed0ea6e59d2144a3c2fc50a3db6fd5ed451f6cddf1a?s=96&d=mm&r=g\",\"caption\":\"Mohamed Hedi Touati\"},\"url\":\"https:\\\/\\\/www.webdo.tn\\\/fr\\\/actualite\\\/author\\\/mohamed-hedi-touati\\\/\"}]}<\/script>\n<!-- \/ Yoast SEO Premium plugin. -->","yoast_head_json":{"title":"Taekwondo : Mohamed Khalil Jendoubi sur le toit du monde - webdo","description":"Revivez le triomphe de Mohamed Khalil Jendoubi au championnat mondial de taekwondo. Un parcours exceptionnel pour un champion tunisien.","canonical":"https:\/\/www.webdo.tn\/fr\/actualite\/sport\/taekwondo-mohamed-khalil-jendoubi-sur-le-toit-du-monde\/386303\/","og_locale":"fr_FR","og_type":"article","og_title":"Taekwondo : Mohamed Khalil Jendoubi sur le toit du monde","og_description":"Revivez le triomphe de Mohamed Khalil Jendoubi au championnat mondial de taekwondo. Un parcours exceptionnel pour un champion tunisien.","og_url":"https:\/\/www.webdo.tn\/fr\/actualite\/sport\/taekwondo-mohamed-khalil-jendoubi-sur-le-toit-du-monde\/386303\/","og_site_name":"webdo","article_publisher":"https:\/\/www.facebook.com\/webdotn","article_published_time":"2025-10-26T09:16:22+00:00","article_modified_time":"2025-10-26T10:45:06+00:00","og_image":[{"width":1200,"height":601,"url":"https:\/\/www.webdo.tn\/fr\/wp-content\/uploads\/2025\/10\/570003544_1434854878650228_7278933127824013605_n.jpg","type":"image\/jpeg"}],"author":"Mohamed Hedi Touati","twitter_card":"summary_large_image","twitter_creator":"@webdo_tn","twitter_site":"@webdo_tn","twitter_misc":{"\u00c9crit par":"Mohamed Hedi Touati","Dur\u00e9e de lecture estim\u00e9e":"2 minutes"},"schema":{"@context":"https:\/\/schema.org","@graph":[{"@type":"NewsArticle","@id":"https:\/\/www.webdo.tn\/fr\/actualite\/sport\/taekwondo-mohamed-khalil-jendoubi-sur-le-toit-du-monde\/386303\/#article","isPartOf":{"@id":"https:\/\/www.webdo.tn\/fr\/actualite\/sport\/taekwondo-mohamed-khalil-jendoubi-sur-le-toit-du-monde\/386303\/"},"author":{"name":"Mohamed Hedi Touati","@id":"https:\/\/www.webdo.tn\/fr\/#\/schema\/person\/c652cd8fc2b1b44412b5ffb48c5a911d"},"headline":"Taekwondo : Mohamed Khalil Jendoubi sur le toit du monde","datePublished":"2025-10-26T09:16:22+00:00","dateModified":"2025-10-26T10:45:06+00:00","mainEntityOfPage":{"@id":"https:\/\/www.webdo.tn\/fr\/actualite\/sport\/taekwondo-mohamed-khalil-jendoubi-sur-le-toit-du-monde\/386303\/"},"wordCount":375,"publisher":{"@id":"https:\/\/www.webdo.tn\/fr\/#organization"},"image":{"@id":"https:\/\/www.webdo.tn\/fr\/actualite\/sport\/taekwondo-mohamed-khalil-jendoubi-sur-le-toit-du-monde\/386303\/#primaryimage"},"thumbnailUrl":"https:\/\/www.webdo.tn\/fr\/wp-content\/uploads\/2025\/10\/570003544_1434854878650228_7278933127824013605_n.jpg","keywords":["champion du monde","Mohamed Khalil Jendoubi","taekwondo","Tunisie"],"articleSection":["Sport"],"inLanguage":"fr-FR"},{"@type":"WebPage","@id":"https:\/\/www.webdo.tn\/fr\/actualite\/sport\/taekwondo-mohamed-khalil-jendoubi-sur-le-toit-du-monde\/386303\/","url":"https:\/\/www.webdo.tn\/fr\/actualite\/sport\/taekwondo-mohamed-khalil-jendoubi-sur-le-toit-du-monde\/386303\/","name":"Taekwondo : Mohamed Khalil Jendoubi sur le toit du monde - webdo","isPartOf":{"@id":"https:\/\/www.webdo.tn\/fr\/#website"},"primaryImageOfPage":{"@id":"https:\/\/www.webdo.tn\/fr\/actualite\/sport\/taekwondo-mohamed-khalil-jendoubi-sur-le-toit-du-monde\/386303\/#primaryimage"},"image":{"@id":"https:\/\/www.webdo.tn\/fr\/actualite\/sport\/taekwondo-mohamed-khalil-jendoubi-sur-le-toit-du-monde\/386303\/#primaryimage"},"thumbnailUrl":"https:\/\/www.webdo.tn\/fr\/wp-content\/uploads\/2025\/10\/570003544_1434854878650228_7278933127824013605_n.jpg","datePublished":"2025-10-26T09:16:22+00:00","dateModified":"2025-10-26T10:45:06+00:00","description":"Revivez le triomphe de Mohamed Khalil Jendoubi au championnat mondial de taekwondo. Un parcours exceptionnel pour un champion tunisien.","breadcrumb":{"@id":"https:\/\/www.webdo.tn\/fr\/actualite\/sport\/taekwondo-mohamed-khalil-jendoubi-sur-le-toit-du-monde\/386303\/#breadcrumb"},"inLanguage":"fr-FR","potentialAction":[{"@type":"ReadAction","target":["https:\/\/www.webdo.tn\/fr\/actualite\/sport\/taekwondo-mohamed-khalil-jendoubi-sur-le-toit-du-monde\/386303\/"]}]},{"@type":"ImageObject","inLanguage":"fr-FR","@id":"https:\/\/www.webdo.tn\/fr\/actualite\/sport\/taekwondo-mohamed-khalil-jendoubi-sur-le-toit-du-monde\/386303\/#primaryimage","url":"https:\/\/www.webdo.tn\/fr\/wp-content\/uploads\/2025\/10\/570003544_1434854878650228_7278933127824013605_n.jpg","contentUrl":"https:\/\/www.webdo.tn\/fr\/wp-content\/uploads\/2025\/10\/570003544_1434854878650228_7278933127824013605_n.jpg","width":1200,"height":601,"caption":"Taekwondo : Mohamed Khalil Jendoubi sur le toit du monde"},{"@type":"BreadcrumbList","@id":"https:\/\/www.webdo.tn\/fr\/actualite\/sport\/taekwondo-mohamed-khalil-jendoubi-sur-le-toit-du-monde\/386303\/#breadcrumb","itemListElement":[{"@type":"ListItem","position":1,"name":"Accueil","item":"https:\/\/www.webdo.tn\/fr\/"},{"@type":"ListItem","position":2,"name":"Taekwondo : Mohamed Khalil Jendoubi sur le toit du monde"}]},{"@type":"WebSite","@id":"https:\/\/www.webdo.tn\/fr\/#website","url":"https:\/\/www.webdo.tn\/fr\/","name":"webdo","description":"Tunisie - News en Tunisie et \u00e0 l&#039;international sur Webdo.tn","publisher":{"@id":"https:\/\/www.webdo.tn\/fr\/#organization"},"potentialAction":[{"@type":"SearchAction","target":{"@type":"EntryPoint","urlTemplate":"https:\/\/www.webdo.tn\/fr\/?s={search_term_string}"},"query-input":{"@type":"PropertyValueSpecification","valueRequired":true,"valueName":"search_term_string"}}],"inLanguage":"fr-FR"},{"@type":"Organization","@id":"https:\/\/www.webdo.tn\/fr\/#organization","name":"Webdo","alternateName":"Webdo.tn","url":"https:\/\/www.webdo.tn\/fr\/","logo":{"@type":"ImageObject","inLanguage":"fr-FR","@id":"https:\/\/www.webdo.tn\/fr\/#\/schema\/logo\/image\/","url":"https:\/\/www.webdo.tn\/fr\/wp-content\/uploads\/2025\/06\/Webdo-Tunisie_168377.jpg","contentUrl":"https:\/\/www.webdo.tn\/fr\/wp-content\/uploads\/2025\/06\/Webdo-Tunisie_168377.jpg","width":301,"height":301,"caption":"Webdo"},"image":{"@id":"https:\/\/www.webdo.tn\/fr\/#\/schema\/logo\/image\/"},"sameAs":["https:\/\/www.facebook.com\/webdotn","https:\/\/x.com\/webdo_tn"],"description":"Webdo est un m\u00e9dia num\u00e9rique tunisien fond\u00e9 en 2010, sp\u00e9cialis\u00e9 dans l\u2019actualit\u00e9 nationale et internationale, l\u2019\u00e9conomie, la soci\u00e9t\u00e9 et les analyses politiques. Le site s\u2019adresse \u00e0 un large public francophone et couvre l\u2019information tunisienne en temps r\u00e9el.","email":"redac@webdo.tn","legalName":"YNJ SARL","foundingDate":"2010-09-06","numberOfEmployees":{"@type":"QuantitativeValue","minValue":"11","maxValue":"50"}},{"@type":"Person","@id":"https:\/\/www.webdo.tn\/fr\/#\/schema\/person\/c652cd8fc2b1b44412b5ffb48c5a911d","name":"Mohamed Hedi Touati","image":{"@type":"ImageObject","inLanguage":"fr-FR","@id":"https:\/\/secure.gravatar.com\/avatar\/9cfd402c745b7a685f13eed0ea6e59d2144a3c2fc50a3db6fd5ed451f6cddf1a?s=96&d=mm&r=g","url":"https:\/\/secure.gravatar.com\/avatar\/9cfd402c745b7a685f13eed0ea6e59d2144a3c2fc50a3db6fd5ed451f6cddf1a?s=96&d=mm&r=g","contentUrl":"https:\/\/secure.gravatar.com\/avatar\/9cfd402c745b7a685f13eed0ea6e59d2144a3c2fc50a3db6fd5ed451f6cddf1a?s=96&d=mm&r=g","caption":"Mohamed Hedi Touati"},"url":"https:\/\/www.webdo.tn\/fr\/actualite\/author\/mohamed-hedi-touati\/"}]}},"_links":{"self":[{"href":"https:\/\/www.webdo.tn\/fr\/wp-json\/wp\/v2\/posts\/386303","targetHints":{"allow":["GET"]}}],"collection":[{"href":"https:\/\/www.webdo.tn\/fr\/wp-json\/wp\/v2\/posts"}],"about":[{"href":"https:\/\/www.webdo.tn\/fr\/wp-json\/wp\/v2\/types\/post"}],"author":[{"embeddable":true,"href":"https:\/\/www.webdo.tn\/fr\/wp-json\/wp\/v2\/users\/3191"}],"replies":[{"embeddable":true,"href":"https:\/\/www.webdo.tn\/fr\/wp-json\/wp\/v2\/comments?post=386303"}],"version-history":[{"count":0,"href":"https:\/\/www.webdo.tn\/fr\/wp-json\/wp\/v2\/posts\/386303\/revisions"}],"wp:featuredmedia":[{"embeddable":true,"href":"https:\/\/www.webdo.tn\/fr\/wp-json\/wp\/v2\/media\/386304"}],"wp:attachment":[{"href":"https:\/\/www.webdo.tn\/fr\/wp-json\/wp\/v2\/media?parent=386303"}],"wp:term":[{"taxonomy":"category","embeddable":true,"href":"https:\/\/www.webdo.tn\/fr\/wp-json\/wp\/v2\/categories?post=386303"},{"taxonomy":"post_tag","embeddable":true,"href":"https:\/\/www.webdo.tn\/fr\/wp-json\/wp\/v2\/tags?post=386303"}],"curies":[{"name":"wp","href":"https:\/\/api.w.org\/{rel}","templated":true}]}}