{"id":386279,"date":"2025-10-25T10:43:18","date_gmt":"2025-10-25T09:43:18","guid":{"rendered":"https:\/\/www.webdo.tn\/fr\/?p=386279"},"modified":"2025-10-25T10:50:51","modified_gmt":"2025-10-25T09:50:51","slug":"pont-de-bizerte-2027-la-chine-appuie-aussi-la-depollution-a-gabes","status":"publish","type":"post","link":"https:\/\/www.webdo.tn\/fr\/actualite\/national\/pont-de-bizerte-2027-la-chine-appuie-aussi-la-depollution-a-gabes\/386279\/","title":{"rendered":"Pont de Bizerte 2027 : la Chine appuie aussi la d\u00e9pollution \u00e0 Gab\u00e8s"},"content":{"rendered":"\n<blockquote class=\"wp-block-quote is-layout-flow wp-block-quote-is-layout-flow\">\n<p><strong>La Chine confirme la progression de ses projets en Tunisie : le pont de Bizerte devrait \u00eatre pr\u00eat \u00e0 l\u2019exploitation \u00e0 la mi-2027, tandis qu\u2019une \u00e9quipe technique chinoise est intervenue \u00e0 Gab\u00e8s pour appuyer les efforts de modernisation du complexe chimique et la lutte contre la pollution,<a href=\"https:\/\/www.tap.info.tn\/ar\/Portal_AR_Video_%D9%88%D8%A7%D8%A8_%D8%B3%D9%8A%D8%AA_%D9%85%D8%B9%D8%B1%D8%B6_%D9%81%D9%8A%D8%AF%D9%8A%D9%88\/19378572-%D9%81%D9%8A-%D8%AD%D9%88%D8%A7%D8%B1-%D8%A8%D8%A7%D9%84%D8%A3%D8%B3%D8%AA%D9%88%D8%AF%D9%8A%D9%88\" target=\"_blank\" rel=\"noreferrer noopener\"> a d\u00e9clar\u00e9 l\u2019ambassadeur de Chine en Tunisie, Wan Li, lors d\u2019une interview accord\u00e9e \u00e0 l\u2019agence TAP.<\/a><\/strong><\/p>\n<\/blockquote>\n\n\n\n<h2 class=\"wp-block-heading\" id=\"h-le-pont-de-bizerte-entre-dans-une-phase-decisive\"><strong>Le pont de Bizerte entre dans une phase d\u00e9cisive<\/strong><\/h2>\n\n\n\n<p>L\u2019ambassadeur a indiqu\u00e9 que 14 % des travaux de fondation du futur pont de Bizerte sont d\u00e9j\u00e0 achev\u00e9s.<br>Confi\u00e9 \u00e0 la soci\u00e9t\u00e9 Sichuan Road and Bridge \u00e0 la suite d\u2019un appel d\u2019offres international, le chantier progresse conform\u00e9ment au calendrier fix\u00e9 avec les autorit\u00e9s tunisiennes, pour une mise en service pr\u00e9vue au second semestre 2027.<\/p>\n\n\n\n<p>Les travaux de forage ont d\u00e9but\u00e9 en juillet dernier, et plusieurs cargaisons d\u2019\u00e9quipements et de mat\u00e9riaux chinois sont arriv\u00e9es sur le site au cours des derniers mois.<br>Selon le diplomate, ce projet constitue \u00ab un mod\u00e8le de coop\u00e9ration internationale \u00bb, mobilisant \u00e0 la fois des ing\u00e9nieurs tunisiens et des experts chinois.<\/p>\n\n\n\n<h2 class=\"wp-block-heading\"><strong>Une mission technique chinoise \u00e0 Gab\u00e8s pour diagnostiquer la pollution<\/strong><\/h2>\n\n\n\n<p>En parall\u00e8le, la Chine apporte son soutien technique \u00e0 la modernisation du complexe chimique de Gab\u00e8s.<br>Une \u00e9quipe sp\u00e9cialis\u00e9e a \u00e9t\u00e9 d\u00e9p\u00each\u00e9e cette semaine pour \u00e9valuer les conditions environnementales et proposer des solutions de traitement des \u00e9missions nocives, en r\u00e9ponse \u00e0 une demande du gouvernement tunisien.<\/p>\n\n\n\n<p>\u00ab L\u2019\u00c9tat tunisien a sollicit\u00e9 l\u2019aide de la Chine pour moderniser les unit\u00e9s de production et r\u00e9duire les gaz nocifs \u00bb, a expliqu\u00e9 Wan Li, rappelant que la Chine a elle-m\u00eame connu de graves \u00e9pisodes de pollution industrielle avant d\u2019engager sa transition verte.<\/p>\n\n\n\n<p>Le diplomate a rappel\u00e9 les engagements de la Chine en mati\u00e8re d\u2019environnement : r\u00e9duction des \u00e9missions de carbone avant 2030, neutralit\u00e9 carbone avant 2060, et baisse de 11,6 % de la consommation \u00e9nerg\u00e9tique par unit\u00e9 de PIB entre 2021 et 2024.<br>Ces progr\u00e8s, selon lui, d\u00e9montrent qu\u2019il est possible de concilier d\u00e9veloppement industriel et protection de l\u2019environnement.<\/p>\n\n\n\n<blockquote class=\"wp-block-quote is-layout-flow wp-block-quote-is-layout-flow\">\n<blockquote class=\"wp-block-quote is-layout-flow wp-block-quote-is-layout-flow\">\n<p><strong>Lire aussi:<\/strong><\/p>\n\n\n\n<p><a href=\"https:\/\/www.webdo.tn\/fr\/actualite\/national\/la-chine-voit-en-la-tunisie-une-passerelle-strategique-vers-lafrique\/386245\/\">La Chine voit en la Tunisie une passerelle strat\u00e9gique vers l\u2019Afrique<br><\/a><\/p>\n<\/blockquote>\n<\/blockquote>\n\n\n\n<p><\/p>\n","protected":false},"excerpt":{"rendered":"<p>La Chine confirme la progression de ses projets en Tunisie : le pont de Bizerte devrait \u00eatre pr\u00eat \u00e0 l\u2019exploitation \u00e0 la mi-2027, tandis qu\u2019une \u00e9quipe technique chinoise est intervenue \u00e0 Gab\u00e8s pour appuyer les efforts de modernisation du complexe chimique et la lutte contre la pollution, a d\u00e9clar\u00e9 l\u2019ambassadeur de Chine en Tunisie, Wan [&hellip;]<\/p>\n","protected":false},"author":4779,"featured_media":386281,"comment_status":"closed","ping_status":"closed","sticky":false,"template":"","format":"standard","meta":{"footnotes":""},"categories":[44],"tags":[],"class_list":["post-386279","post","type-post","status-publish","format-standard","has-post-thumbnail","hentry","category-national"],"yoast_head":"<!-- This site is optimized with the Yoast SEO Premium plugin v27.5 (Yoast SEO v27.5) - https:\/\/yoast.com\/product\/yoast-seo-premium-wordpress\/ -->\n<title>Pont de Bizerte 2027 : la Chine appuie aussi la d\u00e9pollution \u00e0 Gab\u00e8s - webdo<\/title>\n<meta name=\"description\" content=\"Le Pont de Bizerte 2027 avance efficacement, avec un soutien chinois pour la d\u00e9pollution \u00e0 Gab\u00e8s et des travaux achev\u00e9s.\" \/>\n<link rel=\"canonical\" href=\"https:\/\/www.webdo.tn\/fr\/actualite\/national\/pont-de-bizerte-2027-la-chine-appuie-aussi-la-depollution-a-gabes\/386279\/\" \/>\n<meta property=\"og:locale\" content=\"fr_FR\" \/>\n<meta property=\"og:type\" content=\"article\" \/>\n<meta property=\"og:title\" content=\"Pont de Bizerte 2027 : la Chine appuie aussi la d\u00e9pollution \u00e0 Gab\u00e8s\" \/>\n<meta property=\"og:description\" content=\"Le Pont de Bizerte 2027 avance efficacement, avec un soutien chinois pour la d\u00e9pollution \u00e0 Gab\u00e8s et des travaux achev\u00e9s.\" \/>\n<meta property=\"og:url\" content=\"https:\/\/www.webdo.tn\/fr\/actualite\/national\/pont-de-bizerte-2027-la-chine-appuie-aussi-la-depollution-a-gabes\/386279\/\" \/>\n<meta property=\"og:site_name\" content=\"webdo\" \/>\n<meta property=\"article:publisher\" content=\"https:\/\/www.facebook.com\/webdotn\" \/>\n<meta property=\"article:published_time\" content=\"2025-10-25T09:43:18+00:00\" \/>\n<meta property=\"article:modified_time\" content=\"2025-10-25T09:50:51+00:00\" \/>\n<meta property=\"og:image\" content=\"https:\/\/www.webdo.tn\/fr\/wp-content\/uploads\/2025\/10\/Wan-Li.jpg\" \/>\n\t<meta property=\"og:image:width\" content=\"1200\" \/>\n\t<meta property=\"og:image:height\" content=\"605\" \/>\n\t<meta property=\"og:image:type\" content=\"image\/jpeg\" \/>\n<meta name=\"author\" content=\"Firas Ben Abdeltif\" \/>\n<meta name=\"twitter:card\" content=\"summary_large_image\" \/>\n<meta name=\"twitter:creator\" content=\"@webdo_tn\" \/>\n<meta name=\"twitter:site\" content=\"@webdo_tn\" \/>\n<meta name=\"twitter:label1\" content=\"\u00c9crit par\" \/>\n\t<meta name=\"twitter:data1\" content=\"Firas Ben Abdeltif\" \/>\n\t<meta name=\"twitter:label2\" content=\"Dur\u00e9e de lecture estim\u00e9e\" \/>\n\t<meta name=\"twitter:data2\" content=\"2 minutes\" \/>\n<script type=\"application\/ld+json\" class=\"yoast-schema-graph\">{\"@context\":\"https:\\\/\\\/schema.org\",\"@graph\":[{\"@type\":\"NewsArticle\",\"@id\":\"https:\\\/\\\/www.webdo.tn\\\/fr\\\/actualite\\\/national\\\/pont-de-bizerte-2027-la-chine-appuie-aussi-la-depollution-a-gabes\\\/386279\\\/#article\",\"isPartOf\":{\"@id\":\"https:\\\/\\\/www.webdo.tn\\\/fr\\\/actualite\\\/national\\\/pont-de-bizerte-2027-la-chine-appuie-aussi-la-depollution-a-gabes\\\/386279\\\/\"},\"author\":{\"name\":\"Firas Ben Abdeltif\",\"@id\":\"https:\\\/\\\/www.webdo.tn\\\/fr\\\/#\\\/schema\\\/person\\\/19664196c9bfdcda126f3c27709f7d11\"},\"headline\":\"Pont de Bizerte 2027 : la Chine appuie aussi la d\u00e9pollution \u00e0 Gab\u00e8s\",\"datePublished\":\"2025-10-25T09:43:18+00:00\",\"dateModified\":\"2025-10-25T09:50:51+00:00\",\"mainEntityOfPage\":{\"@id\":\"https:\\\/\\\/www.webdo.tn\\\/fr\\\/actualite\\\/national\\\/pont-de-bizerte-2027-la-chine-appuie-aussi-la-depollution-a-gabes\\\/386279\\\/\"},\"wordCount\":385,\"publisher\":{\"@id\":\"https:\\\/\\\/www.webdo.tn\\\/fr\\\/#organization\"},\"image\":{\"@id\":\"https:\\\/\\\/www.webdo.tn\\\/fr\\\/actualite\\\/national\\\/pont-de-bizerte-2027-la-chine-appuie-aussi-la-depollution-a-gabes\\\/386279\\\/#primaryimage\"},\"thumbnailUrl\":\"https:\\\/\\\/www.webdo.tn\\\/fr\\\/wp-content\\\/uploads\\\/2025\\\/10\\\/Wan-Li.jpg\",\"articleSection\":[\"National\"],\"inLanguage\":\"fr-FR\"},{\"@type\":\"WebPage\",\"@id\":\"https:\\\/\\\/www.webdo.tn\\\/fr\\\/actualite\\\/national\\\/pont-de-bizerte-2027-la-chine-appuie-aussi-la-depollution-a-gabes\\\/386279\\\/\",\"url\":\"https:\\\/\\\/www.webdo.tn\\\/fr\\\/actualite\\\/national\\\/pont-de-bizerte-2027-la-chine-appuie-aussi-la-depollution-a-gabes\\\/386279\\\/\",\"name\":\"Pont de Bizerte 2027 : la Chine appuie aussi la d\u00e9pollution \u00e0 Gab\u00e8s - webdo\",\"isPartOf\":{\"@id\":\"https:\\\/\\\/www.webdo.tn\\\/fr\\\/#website\"},\"primaryImageOfPage\":{\"@id\":\"https:\\\/\\\/www.webdo.tn\\\/fr\\\/actualite\\\/national\\\/pont-de-bizerte-2027-la-chine-appuie-aussi-la-depollution-a-gabes\\\/386279\\\/#primaryimage\"},\"image\":{\"@id\":\"https:\\\/\\\/www.webdo.tn\\\/fr\\\/actualite\\\/national\\\/pont-de-bizerte-2027-la-chine-appuie-aussi-la-depollution-a-gabes\\\/386279\\\/#primaryimage\"},\"thumbnailUrl\":\"https:\\\/\\\/www.webdo.tn\\\/fr\\\/wp-content\\\/uploads\\\/2025\\\/10\\\/Wan-Li.jpg\",\"datePublished\":\"2025-10-25T09:43:18+00:00\",\"dateModified\":\"2025-10-25T09:50:51+00:00\",\"description\":\"Le Pont de Bizerte 2027 avance efficacement, avec un soutien chinois pour la d\u00e9pollution \u00e0 Gab\u00e8s et des travaux achev\u00e9s.\",\"breadcrumb\":{\"@id\":\"https:\\\/\\\/www.webdo.tn\\\/fr\\\/actualite\\\/national\\\/pont-de-bizerte-2027-la-chine-appuie-aussi-la-depollution-a-gabes\\\/386279\\\/#breadcrumb\"},\"inLanguage\":\"fr-FR\",\"potentialAction\":[{\"@type\":\"ReadAction\",\"target\":[\"https:\\\/\\\/www.webdo.tn\\\/fr\\\/actualite\\\/national\\\/pont-de-bizerte-2027-la-chine-appuie-aussi-la-depollution-a-gabes\\\/386279\\\/\"]}]},{\"@type\":\"ImageObject\",\"inLanguage\":\"fr-FR\",\"@id\":\"https:\\\/\\\/www.webdo.tn\\\/fr\\\/actualite\\\/national\\\/pont-de-bizerte-2027-la-chine-appuie-aussi-la-depollution-a-gabes\\\/386279\\\/#primaryimage\",\"url\":\"https:\\\/\\\/www.webdo.tn\\\/fr\\\/wp-content\\\/uploads\\\/2025\\\/10\\\/Wan-Li.jpg\",\"contentUrl\":\"https:\\\/\\\/www.webdo.tn\\\/fr\\\/wp-content\\\/uploads\\\/2025\\\/10\\\/Wan-Li.jpg\",\"width\":1200,\"height\":605,\"caption\":\"Wan Li, ambassadeur de Chine en Tunisie, s'exprime \u00e0 l'agence TAP sur le renforcement du partenariat strat\u00e9gique sino-tunisien.\"},{\"@type\":\"BreadcrumbList\",\"@id\":\"https:\\\/\\\/www.webdo.tn\\\/fr\\\/actualite\\\/national\\\/pont-de-bizerte-2027-la-chine-appuie-aussi-la-depollution-a-gabes\\\/386279\\\/#breadcrumb\",\"itemListElement\":[{\"@type\":\"ListItem\",\"position\":1,\"name\":\"Accueil\",\"item\":\"https:\\\/\\\/www.webdo.tn\\\/fr\\\/\"},{\"@type\":\"ListItem\",\"position\":2,\"name\":\"Pont de Bizerte 2027 : la Chine appuie aussi la d\u00e9pollution \u00e0 Gab\u00e8s\"}]},{\"@type\":\"WebSite\",\"@id\":\"https:\\\/\\\/www.webdo.tn\\\/fr\\\/#website\",\"url\":\"https:\\\/\\\/www.webdo.tn\\\/fr\\\/\",\"name\":\"webdo\",\"description\":\"Tunisie - News en Tunisie et \u00e0 l&#039;international sur Webdo.tn\",\"publisher\":{\"@id\":\"https:\\\/\\\/www.webdo.tn\\\/fr\\\/#organization\"},\"potentialAction\":[{\"@type\":\"SearchAction\",\"target\":{\"@type\":\"EntryPoint\",\"urlTemplate\":\"https:\\\/\\\/www.webdo.tn\\\/fr\\\/?s={search_term_string}\"},\"query-input\":{\"@type\":\"PropertyValueSpecification\",\"valueRequired\":true,\"valueName\":\"search_term_string\"}}],\"inLanguage\":\"fr-FR\"},{\"@type\":\"Organization\",\"@id\":\"https:\\\/\\\/www.webdo.tn\\\/fr\\\/#organization\",\"name\":\"Webdo\",\"alternateName\":\"Webdo.tn\",\"url\":\"https:\\\/\\\/www.webdo.tn\\\/fr\\\/\",\"logo\":{\"@type\":\"ImageObject\",\"inLanguage\":\"fr-FR\",\"@id\":\"https:\\\/\\\/www.webdo.tn\\\/fr\\\/#\\\/schema\\\/logo\\\/image\\\/\",\"url\":\"https:\\\/\\\/www.webdo.tn\\\/fr\\\/wp-content\\\/uploads\\\/2025\\\/06\\\/Webdo-Tunisie_168377.jpg\",\"contentUrl\":\"https:\\\/\\\/www.webdo.tn\\\/fr\\\/wp-content\\\/uploads\\\/2025\\\/06\\\/Webdo-Tunisie_168377.jpg\",\"width\":301,\"height\":301,\"caption\":\"Webdo\"},\"image\":{\"@id\":\"https:\\\/\\\/www.webdo.tn\\\/fr\\\/#\\\/schema\\\/logo\\\/image\\\/\"},\"sameAs\":[\"https:\\\/\\\/www.facebook.com\\\/webdotn\",\"https:\\\/\\\/x.com\\\/webdo_tn\"],\"description\":\"Webdo est un m\u00e9dia num\u00e9rique tunisien fond\u00e9 en 2010, sp\u00e9cialis\u00e9 dans l\u2019actualit\u00e9 nationale et internationale, l\u2019\u00e9conomie, la soci\u00e9t\u00e9 et les analyses politiques. Le site s\u2019adresse \u00e0 un large public francophone et couvre l\u2019information tunisienne en temps r\u00e9el.\",\"email\":\"redac@webdo.tn\",\"legalName\":\"YNJ SARL\",\"foundingDate\":\"2010-09-06\",\"numberOfEmployees\":{\"@type\":\"QuantitativeValue\",\"minValue\":\"11\",\"maxValue\":\"50\"}},{\"@type\":\"Person\",\"@id\":\"https:\\\/\\\/www.webdo.tn\\\/fr\\\/#\\\/schema\\\/person\\\/19664196c9bfdcda126f3c27709f7d11\",\"name\":\"Firas Ben Abdeltif\",\"image\":{\"@type\":\"ImageObject\",\"inLanguage\":\"fr-FR\",\"@id\":\"https:\\\/\\\/secure.gravatar.com\\\/avatar\\\/161a347d40df098a084778c52ed133dbd85f14df003867067c5948081241ec55?s=96&d=mm&r=g\",\"url\":\"https:\\\/\\\/secure.gravatar.com\\\/avatar\\\/161a347d40df098a084778c52ed133dbd85f14df003867067c5948081241ec55?s=96&d=mm&r=g\",\"contentUrl\":\"https:\\\/\\\/secure.gravatar.com\\\/avatar\\\/161a347d40df098a084778c52ed133dbd85f14df003867067c5948081241ec55?s=96&d=mm&r=g\",\"caption\":\"Firas Ben Abdeltif\"},\"url\":\"https:\\\/\\\/www.webdo.tn\\\/fr\\\/actualite\\\/author\\\/firas-ben-abdeltif\\\/\"}]}<\/script>\n<!-- \/ Yoast SEO Premium plugin. -->","yoast_head_json":{"title":"Pont de Bizerte 2027 : la Chine appuie aussi la d\u00e9pollution \u00e0 Gab\u00e8s - webdo","description":"Le Pont de Bizerte 2027 avance efficacement, avec un soutien chinois pour la d\u00e9pollution \u00e0 Gab\u00e8s et des travaux achev\u00e9s.","canonical":"https:\/\/www.webdo.tn\/fr\/actualite\/national\/pont-de-bizerte-2027-la-chine-appuie-aussi-la-depollution-a-gabes\/386279\/","og_locale":"fr_FR","og_type":"article","og_title":"Pont de Bizerte 2027 : la Chine appuie aussi la d\u00e9pollution \u00e0 Gab\u00e8s","og_description":"Le Pont de Bizerte 2027 avance efficacement, avec un soutien chinois pour la d\u00e9pollution \u00e0 Gab\u00e8s et des travaux achev\u00e9s.","og_url":"https:\/\/www.webdo.tn\/fr\/actualite\/national\/pont-de-bizerte-2027-la-chine-appuie-aussi-la-depollution-a-gabes\/386279\/","og_site_name":"webdo","article_publisher":"https:\/\/www.facebook.com\/webdotn","article_published_time":"2025-10-25T09:43:18+00:00","article_modified_time":"2025-10-25T09:50:51+00:00","og_image":[{"width":1200,"height":605,"url":"https:\/\/www.webdo.tn\/fr\/wp-content\/uploads\/2025\/10\/Wan-Li.jpg","type":"image\/jpeg"}],"author":"Firas Ben Abdeltif","twitter_card":"summary_large_image","twitter_creator":"@webdo_tn","twitter_site":"@webdo_tn","twitter_misc":{"\u00c9crit par":"Firas Ben Abdeltif","Dur\u00e9e de lecture estim\u00e9e":"2 minutes"},"schema":{"@context":"https:\/\/schema.org","@graph":[{"@type":"NewsArticle","@id":"https:\/\/www.webdo.tn\/fr\/actualite\/national\/pont-de-bizerte-2027-la-chine-appuie-aussi-la-depollution-a-gabes\/386279\/#article","isPartOf":{"@id":"https:\/\/www.webdo.tn\/fr\/actualite\/national\/pont-de-bizerte-2027-la-chine-appuie-aussi-la-depollution-a-gabes\/386279\/"},"author":{"name":"Firas Ben Abdeltif","@id":"https:\/\/www.webdo.tn\/fr\/#\/schema\/person\/19664196c9bfdcda126f3c27709f7d11"},"headline":"Pont de Bizerte 2027 : la Chine appuie aussi la d\u00e9pollution \u00e0 Gab\u00e8s","datePublished":"2025-10-25T09:43:18+00:00","dateModified":"2025-10-25T09:50:51+00:00","mainEntityOfPage":{"@id":"https:\/\/www.webdo.tn\/fr\/actualite\/national\/pont-de-bizerte-2027-la-chine-appuie-aussi-la-depollution-a-gabes\/386279\/"},"wordCount":385,"publisher":{"@id":"https:\/\/www.webdo.tn\/fr\/#organization"},"image":{"@id":"https:\/\/www.webdo.tn\/fr\/actualite\/national\/pont-de-bizerte-2027-la-chine-appuie-aussi-la-depollution-a-gabes\/386279\/#primaryimage"},"thumbnailUrl":"https:\/\/www.webdo.tn\/fr\/wp-content\/uploads\/2025\/10\/Wan-Li.jpg","articleSection":["National"],"inLanguage":"fr-FR"},{"@type":"WebPage","@id":"https:\/\/www.webdo.tn\/fr\/actualite\/national\/pont-de-bizerte-2027-la-chine-appuie-aussi-la-depollution-a-gabes\/386279\/","url":"https:\/\/www.webdo.tn\/fr\/actualite\/national\/pont-de-bizerte-2027-la-chine-appuie-aussi-la-depollution-a-gabes\/386279\/","name":"Pont de Bizerte 2027 : la Chine appuie aussi la d\u00e9pollution \u00e0 Gab\u00e8s - webdo","isPartOf":{"@id":"https:\/\/www.webdo.tn\/fr\/#website"},"primaryImageOfPage":{"@id":"https:\/\/www.webdo.tn\/fr\/actualite\/national\/pont-de-bizerte-2027-la-chine-appuie-aussi-la-depollution-a-gabes\/386279\/#primaryimage"},"image":{"@id":"https:\/\/www.webdo.tn\/fr\/actualite\/national\/pont-de-bizerte-2027-la-chine-appuie-aussi-la-depollution-a-gabes\/386279\/#primaryimage"},"thumbnailUrl":"https:\/\/www.webdo.tn\/fr\/wp-content\/uploads\/2025\/10\/Wan-Li.jpg","datePublished":"2025-10-25T09:43:18+00:00","dateModified":"2025-10-25T09:50:51+00:00","description":"Le Pont de Bizerte 2027 avance efficacement, avec un soutien chinois pour la d\u00e9pollution \u00e0 Gab\u00e8s et des travaux achev\u00e9s.","breadcrumb":{"@id":"https:\/\/www.webdo.tn\/fr\/actualite\/national\/pont-de-bizerte-2027-la-chine-appuie-aussi-la-depollution-a-gabes\/386279\/#breadcrumb"},"inLanguage":"fr-FR","potentialAction":[{"@type":"ReadAction","target":["https:\/\/www.webdo.tn\/fr\/actualite\/national\/pont-de-bizerte-2027-la-chine-appuie-aussi-la-depollution-a-gabes\/386279\/"]}]},{"@type":"ImageObject","inLanguage":"fr-FR","@id":"https:\/\/www.webdo.tn\/fr\/actualite\/national\/pont-de-bizerte-2027-la-chine-appuie-aussi-la-depollution-a-gabes\/386279\/#primaryimage","url":"https:\/\/www.webdo.tn\/fr\/wp-content\/uploads\/2025\/10\/Wan-Li.jpg","contentUrl":"https:\/\/www.webdo.tn\/fr\/wp-content\/uploads\/2025\/10\/Wan-Li.jpg","width":1200,"height":605,"caption":"Wan Li, ambassadeur de Chine en Tunisie, s'exprime \u00e0 l'agence TAP sur le renforcement du partenariat strat\u00e9gique sino-tunisien."},{"@type":"BreadcrumbList","@id":"https:\/\/www.webdo.tn\/fr\/actualite\/national\/pont-de-bizerte-2027-la-chine-appuie-aussi-la-depollution-a-gabes\/386279\/#breadcrumb","itemListElement":[{"@type":"ListItem","position":1,"name":"Accueil","item":"https:\/\/www.webdo.tn\/fr\/"},{"@type":"ListItem","position":2,"name":"Pont de Bizerte 2027 : la Chine appuie aussi la d\u00e9pollution \u00e0 Gab\u00e8s"}]},{"@type":"WebSite","@id":"https:\/\/www.webdo.tn\/fr\/#website","url":"https:\/\/www.webdo.tn\/fr\/","name":"webdo","description":"Tunisie - News en Tunisie et \u00e0 l&#039;international sur Webdo.tn","publisher":{"@id":"https:\/\/www.webdo.tn\/fr\/#organization"},"potentialAction":[{"@type":"SearchAction","target":{"@type":"EntryPoint","urlTemplate":"https:\/\/www.webdo.tn\/fr\/?s={search_term_string}"},"query-input":{"@type":"PropertyValueSpecification","valueRequired":true,"valueName":"search_term_string"}}],"inLanguage":"fr-FR"},{"@type":"Organization","@id":"https:\/\/www.webdo.tn\/fr\/#organization","name":"Webdo","alternateName":"Webdo.tn","url":"https:\/\/www.webdo.tn\/fr\/","logo":{"@type":"ImageObject","inLanguage":"fr-FR","@id":"https:\/\/www.webdo.tn\/fr\/#\/schema\/logo\/image\/","url":"https:\/\/www.webdo.tn\/fr\/wp-content\/uploads\/2025\/06\/Webdo-Tunisie_168377.jpg","contentUrl":"https:\/\/www.webdo.tn\/fr\/wp-content\/uploads\/2025\/06\/Webdo-Tunisie_168377.jpg","width":301,"height":301,"caption":"Webdo"},"image":{"@id":"https:\/\/www.webdo.tn\/fr\/#\/schema\/logo\/image\/"},"sameAs":["https:\/\/www.facebook.com\/webdotn","https:\/\/x.com\/webdo_tn"],"description":"Webdo est un m\u00e9dia num\u00e9rique tunisien fond\u00e9 en 2010, sp\u00e9cialis\u00e9 dans l\u2019actualit\u00e9 nationale et internationale, l\u2019\u00e9conomie, la soci\u00e9t\u00e9 et les analyses politiques. Le site s\u2019adresse \u00e0 un large public francophone et couvre l\u2019information tunisienne en temps r\u00e9el.","email":"redac@webdo.tn","legalName":"YNJ SARL","foundingDate":"2010-09-06","numberOfEmployees":{"@type":"QuantitativeValue","minValue":"11","maxValue":"50"}},{"@type":"Person","@id":"https:\/\/www.webdo.tn\/fr\/#\/schema\/person\/19664196c9bfdcda126f3c27709f7d11","name":"Firas Ben Abdeltif","image":{"@type":"ImageObject","inLanguage":"fr-FR","@id":"https:\/\/secure.gravatar.com\/avatar\/161a347d40df098a084778c52ed133dbd85f14df003867067c5948081241ec55?s=96&d=mm&r=g","url":"https:\/\/secure.gravatar.com\/avatar\/161a347d40df098a084778c52ed133dbd85f14df003867067c5948081241ec55?s=96&d=mm&r=g","contentUrl":"https:\/\/secure.gravatar.com\/avatar\/161a347d40df098a084778c52ed133dbd85f14df003867067c5948081241ec55?s=96&d=mm&r=g","caption":"Firas Ben Abdeltif"},"url":"https:\/\/www.webdo.tn\/fr\/actualite\/author\/firas-ben-abdeltif\/"}]}},"_links":{"self":[{"href":"https:\/\/www.webdo.tn\/fr\/wp-json\/wp\/v2\/posts\/386279","targetHints":{"allow":["GET"]}}],"collection":[{"href":"https:\/\/www.webdo.tn\/fr\/wp-json\/wp\/v2\/posts"}],"about":[{"href":"https:\/\/www.webdo.tn\/fr\/wp-json\/wp\/v2\/types\/post"}],"author":[{"embeddable":true,"href":"https:\/\/www.webdo.tn\/fr\/wp-json\/wp\/v2\/users\/4779"}],"replies":[{"embeddable":true,"href":"https:\/\/www.webdo.tn\/fr\/wp-json\/wp\/v2\/comments?post=386279"}],"version-history":[{"count":0,"href":"https:\/\/www.webdo.tn\/fr\/wp-json\/wp\/v2\/posts\/386279\/revisions"}],"wp:featuredmedia":[{"embeddable":true,"href":"https:\/\/www.webdo.tn\/fr\/wp-json\/wp\/v2\/media\/386281"}],"wp:attachment":[{"href":"https:\/\/www.webdo.tn\/fr\/wp-json\/wp\/v2\/media?parent=386279"}],"wp:term":[{"taxonomy":"category","embeddable":true,"href":"https:\/\/www.webdo.tn\/fr\/wp-json\/wp\/v2\/categories?post=386279"},{"taxonomy":"post_tag","embeddable":true,"href":"https:\/\/www.webdo.tn\/fr\/wp-json\/wp\/v2\/tags?post=386279"}],"curies":[{"name":"wp","href":"https:\/\/api.w.org\/{rel}","templated":true}]}}