{"id":386267,"date":"2025-10-25T07:50:29","date_gmt":"2025-10-25T06:50:29","guid":{"rendered":"https:\/\/www.webdo.tn\/fr\/?p=386267"},"modified":"2025-10-25T07:50:37","modified_gmt":"2025-10-25T06:50:37","slug":"venezuela-lombre-dune-intervention-americaine-washington-envoie-un-porte-avions-dans-les-caraibes","status":"publish","type":"post","link":"https:\/\/www.webdo.tn\/fr\/actualite\/international\/venezuela-lombre-dune-intervention-americaine-washington-envoie-un-porte-avions-dans-les-caraibes\/386267\/","title":{"rendered":"Venezuela \u2013 L\u2019ombre d\u2019une intervention am\u00e9ricaine : Washington envoie un porte-avions dans les Cara\u00efbes"},"content":{"rendered":"\n<p>Les \u00c9tats-Unis ont ordonn\u00e9 le d\u00e9ploiement du porte-avions USS Gerald R. Ford, accompagn\u00e9 de cinq destroyers, vers les c\u00f4tes d\u2019Am\u00e9rique latine \u2014 un mouvement qualifi\u00e9 de \u201crenforcement de la s\u00e9curit\u00e9 r\u00e9gionale\u201d par le Pentagone, mais interpr\u00e9t\u00e9 par de nombreux observateurs comme une pr\u00e9paration \u00e0 une confrontation directe avec le Venezuela.<\/p>\n\n\n\n<p>Cette op\u00e9ration, annonc\u00e9e le 24 octobre 2025, porte \u00e0 plus de 10 000 militaires am\u00e9ricains la pr\u00e9sence navale dans la zone sous commandement du USSOUTHCOM. Le communiqu\u00e9 officiel \u00e9voque une mission de lutte contre les trafics de drogue et \u201cles activit\u00e9s illicites compromettant la s\u00e9curit\u00e9 du continent am\u00e9ricain\u201d.<\/p>\n\n\n\n<h2 class=\"wp-block-heading\" id=\"h-le-pretexte-antidrogue-et-la-logique-d-encerclement\">Le pr\u00e9texte antidrogue et la logique d\u2019encerclement<\/h2>\n\n\n\n<p>L\u2019argument de la lutte antidrogue sert depuis plusieurs semaines de justification \u00e0 des frappes am\u00e9ricaines en mer des Cara\u00efbes, souvent men\u00e9es sans preuves tangibles. Des experts du droit international et des repr\u00e9sentants de l\u2019ONU d\u00e9noncent des violations du droit international et des ex\u00e9cutions extrajudiciaires.<\/p>\n\n\n\n<p>Le pr\u00e9sident Donald Trump, dans une s\u00e9rie de d\u00e9clarations muscl\u00e9es, a reconnu avoir autoris\u00e9 la CIA \u00e0 op\u00e9rer sur le sol v\u00e9n\u00e9zu\u00e9lien, laissant entendre que des attaques pourraient suivre.<br>Cette strat\u00e9gie du fait accompli rappelle les logiques de \u201cchangement de r\u00e9gime\u201d exp\u00e9riment\u00e9es dans d\u2019autres r\u00e9gions : pression militaire, isolement diplomatique, puis n\u00e9gociation forc\u00e9e avec un pouvoir affaibli.<\/p>\n\n\n\n<p>Face \u00e0 cette escalade, le ministre v\u00e9n\u00e9zu\u00e9lien de la D\u00e9fense Vladimir Padrino a r\u00e9agi avec fermet\u00e9 : \u201cLes forces arm\u00e9es ne permettront jamais un gouvernement soumis aux int\u00e9r\u00eats de Washington.\u201d<br>Il a qualifi\u00e9 cette situation de \u201cplus grave menace militaire des cent derni\u00e8res ann\u00e9es\u201d, tout en r\u00e9affirmant le souhait de Caracas d\u2019\u00e9viter la guerre.<\/p>\n\n\n\n<p>Pour le r\u00e9gime de Nicol\u00e1s Maduro, cette mont\u00e9e en puissance am\u00e9ricaine n\u2019est qu\u2019un pr\u00e9texte pour tenter de renverser un pouvoir rest\u00e9 insoumis depuis plus de vingt ans \u00e0 la domination \u00e9conomique de Washington.<\/p>\n\n\n\n<h2 class=\"wp-block-heading\" id=\"h-le-petrole-enjeu-cache-de-la-confrontation\">Le p\u00e9trole, enjeu cach\u00e9 de la confrontation<\/h2>\n\n\n\n<p>Officiellement absente du discours am\u00e9ricain, la question p\u00e9troli\u00e8re demeure pourtant le c\u0153ur silencieux du conflit.<br>Le Venezuela d\u00e9tient les plus grandes r\u00e9serves prouv\u00e9es de p\u00e9trole au monde, mais ses exportations sont paralys\u00e9es par les sanctions am\u00e9ricaines impos\u00e9es depuis 2019.<br>Priv\u00e9 de revenus, Caracas s\u2019est tourn\u00e9 vers la Chine et la Russie, transformant son p\u00e9trole en outil g\u00e9opolitique.<\/p>\n\n\n\n<p>En r\u00e9ponse, Washington cherche \u00e0 reprendre pied dans le secteur \u00e9nerg\u00e9tique v\u00e9n\u00e9zu\u00e9lien.<br>Des sources proches du d\u00e9partement d\u2019\u00c9tat \u00e9voquent depuis juillet des discussions sur des autorisations limit\u00e9es pour Chevron et d\u2019autres compagnies am\u00e9ricaines, tandis que Trump multiplie les pressions diplomatiques pour couper le lien \u00e9nerg\u00e9tique sino-v\u00e9n\u00e9zu\u00e9lien.<\/p>\n\n\n\n<p>En clair, derri\u00e8re le langage de la \u201cs\u00e9curit\u00e9\u201d, se profile une bataille pour le contr\u00f4le des ressources p\u00e9troli\u00e8res et la reconfiguration des flux \u00e9nerg\u00e9tiques de la r\u00e9gion.<\/p>\n\n\n\n<blockquote class=\"wp-block-quote is-layout-flow wp-block-quote-is-layout-flow\">\n<blockquote class=\"wp-block-quote is-layout-flow wp-block-quote-is-layout-flow\">\n<p><strong>Lire aussi:<\/strong><\/p>\n\n\n\n<p><a href=\"https:\/\/www.webdo.tn\/fr\/actualite\/international\/maria-corina-machado-prix-nobel-de-la-paix-2025-symbole-du-courage-democratique\/385408\/\">Maria Corina Machado, prix Nobel de la paix 2025, symbole du courage d\u00e9mocratique<\/a><\/p>\n\n\n\n<p><a href=\"https:\/\/www.webdo.tn\/fr\/actualite\/international\/nobel-de-la-paix-le-reve-trumpien-seffondre\/385404\/\">Nobel de la paix : Le r\u00eave trumpien s\u2019effondre !<\/a><a href=\"https:\/\/www.webdo.tn\/fr\/actualite\/international\/maria-corina-machado-prix-nobel-de-la-paix-2025-symbole-du-courage-democratique\/385408\/\"><br><\/a><\/p>\n<\/blockquote>\n<\/blockquote>\n","protected":false},"excerpt":{"rendered":"<p>Les \u00c9tats-Unis ont ordonn\u00e9 le d\u00e9ploiement du porte-avions USS Gerald R. Ford, accompagn\u00e9 de cinq destroyers, vers les c\u00f4tes d\u2019Am\u00e9rique latine \u2014 un mouvement qualifi\u00e9 de \u201crenforcement de la s\u00e9curit\u00e9 r\u00e9gionale\u201d par le Pentagone, mais interpr\u00e9t\u00e9 par de nombreux observateurs comme une pr\u00e9paration \u00e0 une confrontation directe avec le Venezuela. Cette op\u00e9ration, annonc\u00e9e le 24 [&hellip;]<\/p>\n","protected":false},"author":3203,"featured_media":386269,"comment_status":"closed","ping_status":"closed","sticky":false,"template":"","format":"standard","meta":{"footnotes":""},"categories":[2598],"tags":[3035,7743],"class_list":["post-386267","post","type-post","status-publish","format-standard","has-post-thumbnail","hentry","category-international","tag-etats-unis","tag-venezuela"],"yoast_head":"<!-- This site is optimized with the Yoast SEO Premium plugin v27.4 (Yoast SEO v27.4) - https:\/\/yoast.com\/product\/yoast-seo-premium-wordpress\/ -->\n<title>Venezuela \u2013 L\u2019ombre d\u2019une intervention am\u00e9ricaine : Washington envoie un porte-avions dans les Cara\u00efbes - webdo<\/title>\n<meta name=\"description\" content=\"D\u00e9couvrez les enjeux li\u00e9s \u00e0 l&#039;intervention am\u00e9ricaine au Venezuela \u2013 L&#039;ombre d&#039;une intervention am\u00e9ricaine sur la s\u00e9curit\u00e9 r\u00e9gionale.\" \/>\n<link rel=\"canonical\" href=\"https:\/\/www.webdo.tn\/fr\/actualite\/international\/venezuela-lombre-dune-intervention-americaine-washington-envoie-un-porte-avions-dans-les-caraibes\/386267\/\" \/>\n<meta property=\"og:locale\" content=\"fr_FR\" \/>\n<meta property=\"og:type\" content=\"article\" \/>\n<meta property=\"og:title\" content=\"Venezuela \u2013 L\u2019ombre d\u2019une intervention am\u00e9ricaine : Washington envoie un porte-avions dans les Cara\u00efbes\" \/>\n<meta property=\"og:description\" content=\"D\u00e9couvrez les enjeux li\u00e9s \u00e0 l&#039;intervention am\u00e9ricaine au Venezuela \u2013 L&#039;ombre d&#039;une intervention am\u00e9ricaine sur la s\u00e9curit\u00e9 r\u00e9gionale.\" \/>\n<meta property=\"og:url\" content=\"https:\/\/www.webdo.tn\/fr\/actualite\/international\/venezuela-lombre-dune-intervention-americaine-washington-envoie-un-porte-avions-dans-les-caraibes\/386267\/\" \/>\n<meta property=\"og:site_name\" content=\"webdo\" \/>\n<meta property=\"article:publisher\" content=\"https:\/\/www.facebook.com\/webdotn\" \/>\n<meta property=\"article:published_time\" content=\"2025-10-25T06:50:29+00:00\" \/>\n<meta property=\"article:modified_time\" content=\"2025-10-25T06:50:37+00:00\" \/>\n<meta property=\"og:image\" content=\"https:\/\/www.webdo.tn\/fr\/wp-content\/uploads\/2025\/10\/The-USS-Gerald-R.-Ford.jpg\" \/>\n\t<meta property=\"og:image:width\" content=\"1200\" \/>\n\t<meta property=\"og:image:height\" content=\"600\" \/>\n\t<meta property=\"og:image:type\" content=\"image\/jpeg\" \/>\n<meta name=\"author\" content=\"Ramzi Haddad\" \/>\n<meta name=\"twitter:card\" content=\"summary_large_image\" \/>\n<meta name=\"twitter:creator\" content=\"@webdo_tn\" \/>\n<meta name=\"twitter:site\" content=\"@webdo_tn\" \/>\n<meta name=\"twitter:label1\" content=\"\u00c9crit par\" \/>\n\t<meta name=\"twitter:data1\" content=\"Ramzi Haddad\" \/>\n\t<meta name=\"twitter:label2\" content=\"Dur\u00e9e de lecture estim\u00e9e\" \/>\n\t<meta name=\"twitter:data2\" content=\"3 minutes\" \/>\n<script type=\"application\/ld+json\" class=\"yoast-schema-graph\">{\"@context\":\"https:\\\/\\\/schema.org\",\"@graph\":[{\"@type\":\"NewsArticle\",\"@id\":\"https:\\\/\\\/www.webdo.tn\\\/fr\\\/actualite\\\/international\\\/venezuela-lombre-dune-intervention-americaine-washington-envoie-un-porte-avions-dans-les-caraibes\\\/386267\\\/#article\",\"isPartOf\":{\"@id\":\"https:\\\/\\\/www.webdo.tn\\\/fr\\\/actualite\\\/international\\\/venezuela-lombre-dune-intervention-americaine-washington-envoie-un-porte-avions-dans-les-caraibes\\\/386267\\\/\"},\"author\":{\"name\":\"Ramzi Haddad\",\"@id\":\"https:\\\/\\\/www.webdo.tn\\\/fr\\\/#\\\/schema\\\/person\\\/5663044c25eb36d8f88ba5b653f12f8c\"},\"headline\":\"Venezuela \u2013 L\u2019ombre d\u2019une intervention am\u00e9ricaine : Washington envoie un porte-avions dans les Cara\u00efbes\",\"datePublished\":\"2025-10-25T06:50:29+00:00\",\"dateModified\":\"2025-10-25T06:50:37+00:00\",\"mainEntityOfPage\":{\"@id\":\"https:\\\/\\\/www.webdo.tn\\\/fr\\\/actualite\\\/international\\\/venezuela-lombre-dune-intervention-americaine-washington-envoie-un-porte-avions-dans-les-caraibes\\\/386267\\\/\"},\"wordCount\":552,\"publisher\":{\"@id\":\"https:\\\/\\\/www.webdo.tn\\\/fr\\\/#organization\"},\"image\":{\"@id\":\"https:\\\/\\\/www.webdo.tn\\\/fr\\\/actualite\\\/international\\\/venezuela-lombre-dune-intervention-americaine-washington-envoie-un-porte-avions-dans-les-caraibes\\\/386267\\\/#primaryimage\"},\"thumbnailUrl\":\"https:\\\/\\\/www.webdo.tn\\\/fr\\\/wp-content\\\/uploads\\\/2025\\\/10\\\/The-USS-Gerald-R.-Ford.jpg\",\"keywords\":[\"Etats-Unis\",\"venezuela\"],\"articleSection\":[\"International\"],\"inLanguage\":\"fr-FR\"},{\"@type\":\"WebPage\",\"@id\":\"https:\\\/\\\/www.webdo.tn\\\/fr\\\/actualite\\\/international\\\/venezuela-lombre-dune-intervention-americaine-washington-envoie-un-porte-avions-dans-les-caraibes\\\/386267\\\/\",\"url\":\"https:\\\/\\\/www.webdo.tn\\\/fr\\\/actualite\\\/international\\\/venezuela-lombre-dune-intervention-americaine-washington-envoie-un-porte-avions-dans-les-caraibes\\\/386267\\\/\",\"name\":\"Venezuela \u2013 L\u2019ombre d\u2019une intervention am\u00e9ricaine : Washington envoie un porte-avions dans les Cara\u00efbes - webdo\",\"isPartOf\":{\"@id\":\"https:\\\/\\\/www.webdo.tn\\\/fr\\\/#website\"},\"primaryImageOfPage\":{\"@id\":\"https:\\\/\\\/www.webdo.tn\\\/fr\\\/actualite\\\/international\\\/venezuela-lombre-dune-intervention-americaine-washington-envoie-un-porte-avions-dans-les-caraibes\\\/386267\\\/#primaryimage\"},\"image\":{\"@id\":\"https:\\\/\\\/www.webdo.tn\\\/fr\\\/actualite\\\/international\\\/venezuela-lombre-dune-intervention-americaine-washington-envoie-un-porte-avions-dans-les-caraibes\\\/386267\\\/#primaryimage\"},\"thumbnailUrl\":\"https:\\\/\\\/www.webdo.tn\\\/fr\\\/wp-content\\\/uploads\\\/2025\\\/10\\\/The-USS-Gerald-R.-Ford.jpg\",\"datePublished\":\"2025-10-25T06:50:29+00:00\",\"dateModified\":\"2025-10-25T06:50:37+00:00\",\"description\":\"D\u00e9couvrez les enjeux li\u00e9s \u00e0 l'intervention am\u00e9ricaine au Venezuela \u2013 L'ombre d'une intervention am\u00e9ricaine sur la s\u00e9curit\u00e9 r\u00e9gionale.\",\"breadcrumb\":{\"@id\":\"https:\\\/\\\/www.webdo.tn\\\/fr\\\/actualite\\\/international\\\/venezuela-lombre-dune-intervention-americaine-washington-envoie-un-porte-avions-dans-les-caraibes\\\/386267\\\/#breadcrumb\"},\"inLanguage\":\"fr-FR\",\"potentialAction\":[{\"@type\":\"ReadAction\",\"target\":[\"https:\\\/\\\/www.webdo.tn\\\/fr\\\/actualite\\\/international\\\/venezuela-lombre-dune-intervention-americaine-washington-envoie-un-porte-avions-dans-les-caraibes\\\/386267\\\/\"]}]},{\"@type\":\"ImageObject\",\"inLanguage\":\"fr-FR\",\"@id\":\"https:\\\/\\\/www.webdo.tn\\\/fr\\\/actualite\\\/international\\\/venezuela-lombre-dune-intervention-americaine-washington-envoie-un-porte-avions-dans-les-caraibes\\\/386267\\\/#primaryimage\",\"url\":\"https:\\\/\\\/www.webdo.tn\\\/fr\\\/wp-content\\\/uploads\\\/2025\\\/10\\\/The-USS-Gerald-R.-Ford.jpg\",\"contentUrl\":\"https:\\\/\\\/www.webdo.tn\\\/fr\\\/wp-content\\\/uploads\\\/2025\\\/10\\\/The-USS-Gerald-R.-Ford.jpg\",\"width\":1200,\"height\":600,\"caption\":\"Le navire de l'US Navy (porte-avions) USS Gerald R. Ford, le plus grand porte-avions du monde, vu dans la mer du Nord lors de l'exercice de l'OTAN Neptune Strike 2025.\"},{\"@type\":\"BreadcrumbList\",\"@id\":\"https:\\\/\\\/www.webdo.tn\\\/fr\\\/actualite\\\/international\\\/venezuela-lombre-dune-intervention-americaine-washington-envoie-un-porte-avions-dans-les-caraibes\\\/386267\\\/#breadcrumb\",\"itemListElement\":[{\"@type\":\"ListItem\",\"position\":1,\"name\":\"Accueil\",\"item\":\"https:\\\/\\\/www.webdo.tn\\\/fr\\\/\"},{\"@type\":\"ListItem\",\"position\":2,\"name\":\"Venezuela \u2013 L\u2019ombre d\u2019une intervention am\u00e9ricaine : Washington envoie un porte-avions dans les Cara\u00efbes\"}]},{\"@type\":\"WebSite\",\"@id\":\"https:\\\/\\\/www.webdo.tn\\\/fr\\\/#website\",\"url\":\"https:\\\/\\\/www.webdo.tn\\\/fr\\\/\",\"name\":\"webdo\",\"description\":\"Tunisie - News en Tunisie et \u00e0 l&#039;international sur Webdo.tn\",\"publisher\":{\"@id\":\"https:\\\/\\\/www.webdo.tn\\\/fr\\\/#organization\"},\"potentialAction\":[{\"@type\":\"SearchAction\",\"target\":{\"@type\":\"EntryPoint\",\"urlTemplate\":\"https:\\\/\\\/www.webdo.tn\\\/fr\\\/?s={search_term_string}\"},\"query-input\":{\"@type\":\"PropertyValueSpecification\",\"valueRequired\":true,\"valueName\":\"search_term_string\"}}],\"inLanguage\":\"fr-FR\"},{\"@type\":\"Organization\",\"@id\":\"https:\\\/\\\/www.webdo.tn\\\/fr\\\/#organization\",\"name\":\"Webdo\",\"alternateName\":\"Webdo.tn\",\"url\":\"https:\\\/\\\/www.webdo.tn\\\/fr\\\/\",\"logo\":{\"@type\":\"ImageObject\",\"inLanguage\":\"fr-FR\",\"@id\":\"https:\\\/\\\/www.webdo.tn\\\/fr\\\/#\\\/schema\\\/logo\\\/image\\\/\",\"url\":\"https:\\\/\\\/www.webdo.tn\\\/fr\\\/wp-content\\\/uploads\\\/2025\\\/06\\\/Webdo-Tunisie_168377.jpg\",\"contentUrl\":\"https:\\\/\\\/www.webdo.tn\\\/fr\\\/wp-content\\\/uploads\\\/2025\\\/06\\\/Webdo-Tunisie_168377.jpg\",\"width\":301,\"height\":301,\"caption\":\"Webdo\"},\"image\":{\"@id\":\"https:\\\/\\\/www.webdo.tn\\\/fr\\\/#\\\/schema\\\/logo\\\/image\\\/\"},\"sameAs\":[\"https:\\\/\\\/www.facebook.com\\\/webdotn\",\"https:\\\/\\\/x.com\\\/webdo_tn\"],\"description\":\"Webdo est un m\u00e9dia num\u00e9rique tunisien fond\u00e9 en 2010, sp\u00e9cialis\u00e9 dans l\u2019actualit\u00e9 nationale et internationale, l\u2019\u00e9conomie, la soci\u00e9t\u00e9 et les analyses politiques. Le site s\u2019adresse \u00e0 un large public francophone et couvre l\u2019information tunisienne en temps r\u00e9el.\",\"email\":\"redac@webdo.tn\",\"legalName\":\"YNJ SARL\",\"foundingDate\":\"2010-09-06\",\"numberOfEmployees\":{\"@type\":\"QuantitativeValue\",\"minValue\":\"11\",\"maxValue\":\"50\"}},{\"@type\":\"Person\",\"@id\":\"https:\\\/\\\/www.webdo.tn\\\/fr\\\/#\\\/schema\\\/person\\\/5663044c25eb36d8f88ba5b653f12f8c\",\"name\":\"Ramzi Haddad\",\"image\":{\"@type\":\"ImageObject\",\"inLanguage\":\"fr-FR\",\"@id\":\"https:\\\/\\\/www.webdo.tn\\\/fr\\\/wp-content\\\/uploads\\\/2026\\\/04\\\/ramzi-haddad_avatar-96x96.jpg\",\"url\":\"https:\\\/\\\/www.webdo.tn\\\/fr\\\/wp-content\\\/uploads\\\/2026\\\/04\\\/ramzi-haddad_avatar-96x96.jpg\",\"contentUrl\":\"https:\\\/\\\/www.webdo.tn\\\/fr\\\/wp-content\\\/uploads\\\/2026\\\/04\\\/ramzi-haddad_avatar-96x96.jpg\",\"caption\":\"Ramzi Haddad\"},\"description\":\"Signature \u00e9ditoriale de Walid Ben Youssef Ramzi Haddad est le pseudonyme \u00e9ditorial de Walid Ben Youssef, fondateur et g\u00e9rant de Webdo.tn. Cette signature est d\u00e9di\u00e9e \u00e0 la couverture de l'actualit\u00e9 nationale et internationale, ainsi qu'aux analyses des dynamiques num\u00e9riques. Ce profil b\u00e9n\u00e9ficie de l'expertise de Walid Ben Youssef, pionnier du web en Tunisie depuis 2000 et dipl\u00f4m\u00e9 en Math\u00e9matiques pures de l'Universit\u00e9 d'Oregon. \u00c0 travers cette signature, la r\u00e9daction de Webdo garantit une information structur\u00e9e et v\u00e9rifi\u00e9e, fid\u00e8le aux standards journalistiques du m\u00e9dia.\",\"url\":\"https:\\\/\\\/www.webdo.tn\\\/fr\\\/actualite\\\/author\\\/ramzi-haddad\\\/\"}]}<\/script>\n<!-- \/ Yoast SEO Premium plugin. -->","yoast_head_json":{"title":"Venezuela \u2013 L\u2019ombre d\u2019une intervention am\u00e9ricaine : Washington envoie un porte-avions dans les Cara\u00efbes - webdo","description":"D\u00e9couvrez les enjeux li\u00e9s \u00e0 l'intervention am\u00e9ricaine au Venezuela \u2013 L'ombre d'une intervention am\u00e9ricaine sur la s\u00e9curit\u00e9 r\u00e9gionale.","canonical":"https:\/\/www.webdo.tn\/fr\/actualite\/international\/venezuela-lombre-dune-intervention-americaine-washington-envoie-un-porte-avions-dans-les-caraibes\/386267\/","og_locale":"fr_FR","og_type":"article","og_title":"Venezuela \u2013 L\u2019ombre d\u2019une intervention am\u00e9ricaine : Washington envoie un porte-avions dans les Cara\u00efbes","og_description":"D\u00e9couvrez les enjeux li\u00e9s \u00e0 l'intervention am\u00e9ricaine au Venezuela \u2013 L'ombre d'une intervention am\u00e9ricaine sur la s\u00e9curit\u00e9 r\u00e9gionale.","og_url":"https:\/\/www.webdo.tn\/fr\/actualite\/international\/venezuela-lombre-dune-intervention-americaine-washington-envoie-un-porte-avions-dans-les-caraibes\/386267\/","og_site_name":"webdo","article_publisher":"https:\/\/www.facebook.com\/webdotn","article_published_time":"2025-10-25T06:50:29+00:00","article_modified_time":"2025-10-25T06:50:37+00:00","og_image":[{"width":1200,"height":600,"url":"https:\/\/www.webdo.tn\/fr\/wp-content\/uploads\/2025\/10\/The-USS-Gerald-R.-Ford.jpg","type":"image\/jpeg"}],"author":"Ramzi Haddad","twitter_card":"summary_large_image","twitter_creator":"@webdo_tn","twitter_site":"@webdo_tn","twitter_misc":{"\u00c9crit par":"Ramzi Haddad","Dur\u00e9e de lecture estim\u00e9e":"3 minutes"},"schema":{"@context":"https:\/\/schema.org","@graph":[{"@type":"NewsArticle","@id":"https:\/\/www.webdo.tn\/fr\/actualite\/international\/venezuela-lombre-dune-intervention-americaine-washington-envoie-un-porte-avions-dans-les-caraibes\/386267\/#article","isPartOf":{"@id":"https:\/\/www.webdo.tn\/fr\/actualite\/international\/venezuela-lombre-dune-intervention-americaine-washington-envoie-un-porte-avions-dans-les-caraibes\/386267\/"},"author":{"name":"Ramzi Haddad","@id":"https:\/\/www.webdo.tn\/fr\/#\/schema\/person\/5663044c25eb36d8f88ba5b653f12f8c"},"headline":"Venezuela \u2013 L\u2019ombre d\u2019une intervention am\u00e9ricaine : Washington envoie un porte-avions dans les Cara\u00efbes","datePublished":"2025-10-25T06:50:29+00:00","dateModified":"2025-10-25T06:50:37+00:00","mainEntityOfPage":{"@id":"https:\/\/www.webdo.tn\/fr\/actualite\/international\/venezuela-lombre-dune-intervention-americaine-washington-envoie-un-porte-avions-dans-les-caraibes\/386267\/"},"wordCount":552,"publisher":{"@id":"https:\/\/www.webdo.tn\/fr\/#organization"},"image":{"@id":"https:\/\/www.webdo.tn\/fr\/actualite\/international\/venezuela-lombre-dune-intervention-americaine-washington-envoie-un-porte-avions-dans-les-caraibes\/386267\/#primaryimage"},"thumbnailUrl":"https:\/\/www.webdo.tn\/fr\/wp-content\/uploads\/2025\/10\/The-USS-Gerald-R.-Ford.jpg","keywords":["Etats-Unis","venezuela"],"articleSection":["International"],"inLanguage":"fr-FR"},{"@type":"WebPage","@id":"https:\/\/www.webdo.tn\/fr\/actualite\/international\/venezuela-lombre-dune-intervention-americaine-washington-envoie-un-porte-avions-dans-les-caraibes\/386267\/","url":"https:\/\/www.webdo.tn\/fr\/actualite\/international\/venezuela-lombre-dune-intervention-americaine-washington-envoie-un-porte-avions-dans-les-caraibes\/386267\/","name":"Venezuela \u2013 L\u2019ombre d\u2019une intervention am\u00e9ricaine : Washington envoie un porte-avions dans les Cara\u00efbes - webdo","isPartOf":{"@id":"https:\/\/www.webdo.tn\/fr\/#website"},"primaryImageOfPage":{"@id":"https:\/\/www.webdo.tn\/fr\/actualite\/international\/venezuela-lombre-dune-intervention-americaine-washington-envoie-un-porte-avions-dans-les-caraibes\/386267\/#primaryimage"},"image":{"@id":"https:\/\/www.webdo.tn\/fr\/actualite\/international\/venezuela-lombre-dune-intervention-americaine-washington-envoie-un-porte-avions-dans-les-caraibes\/386267\/#primaryimage"},"thumbnailUrl":"https:\/\/www.webdo.tn\/fr\/wp-content\/uploads\/2025\/10\/The-USS-Gerald-R.-Ford.jpg","datePublished":"2025-10-25T06:50:29+00:00","dateModified":"2025-10-25T06:50:37+00:00","description":"D\u00e9couvrez les enjeux li\u00e9s \u00e0 l'intervention am\u00e9ricaine au Venezuela \u2013 L'ombre d'une intervention am\u00e9ricaine sur la s\u00e9curit\u00e9 r\u00e9gionale.","breadcrumb":{"@id":"https:\/\/www.webdo.tn\/fr\/actualite\/international\/venezuela-lombre-dune-intervention-americaine-washington-envoie-un-porte-avions-dans-les-caraibes\/386267\/#breadcrumb"},"inLanguage":"fr-FR","potentialAction":[{"@type":"ReadAction","target":["https:\/\/www.webdo.tn\/fr\/actualite\/international\/venezuela-lombre-dune-intervention-americaine-washington-envoie-un-porte-avions-dans-les-caraibes\/386267\/"]}]},{"@type":"ImageObject","inLanguage":"fr-FR","@id":"https:\/\/www.webdo.tn\/fr\/actualite\/international\/venezuela-lombre-dune-intervention-americaine-washington-envoie-un-porte-avions-dans-les-caraibes\/386267\/#primaryimage","url":"https:\/\/www.webdo.tn\/fr\/wp-content\/uploads\/2025\/10\/The-USS-Gerald-R.-Ford.jpg","contentUrl":"https:\/\/www.webdo.tn\/fr\/wp-content\/uploads\/2025\/10\/The-USS-Gerald-R.-Ford.jpg","width":1200,"height":600,"caption":"Le navire de l'US Navy (porte-avions) USS Gerald R. Ford, le plus grand porte-avions du monde, vu dans la mer du Nord lors de l'exercice de l'OTAN Neptune Strike 2025."},{"@type":"BreadcrumbList","@id":"https:\/\/www.webdo.tn\/fr\/actualite\/international\/venezuela-lombre-dune-intervention-americaine-washington-envoie-un-porte-avions-dans-les-caraibes\/386267\/#breadcrumb","itemListElement":[{"@type":"ListItem","position":1,"name":"Accueil","item":"https:\/\/www.webdo.tn\/fr\/"},{"@type":"ListItem","position":2,"name":"Venezuela \u2013 L\u2019ombre d\u2019une intervention am\u00e9ricaine : Washington envoie un porte-avions dans les Cara\u00efbes"}]},{"@type":"WebSite","@id":"https:\/\/www.webdo.tn\/fr\/#website","url":"https:\/\/www.webdo.tn\/fr\/","name":"webdo","description":"Tunisie - News en Tunisie et \u00e0 l&#039;international sur Webdo.tn","publisher":{"@id":"https:\/\/www.webdo.tn\/fr\/#organization"},"potentialAction":[{"@type":"SearchAction","target":{"@type":"EntryPoint","urlTemplate":"https:\/\/www.webdo.tn\/fr\/?s={search_term_string}"},"query-input":{"@type":"PropertyValueSpecification","valueRequired":true,"valueName":"search_term_string"}}],"inLanguage":"fr-FR"},{"@type":"Organization","@id":"https:\/\/www.webdo.tn\/fr\/#organization","name":"Webdo","alternateName":"Webdo.tn","url":"https:\/\/www.webdo.tn\/fr\/","logo":{"@type":"ImageObject","inLanguage":"fr-FR","@id":"https:\/\/www.webdo.tn\/fr\/#\/schema\/logo\/image\/","url":"https:\/\/www.webdo.tn\/fr\/wp-content\/uploads\/2025\/06\/Webdo-Tunisie_168377.jpg","contentUrl":"https:\/\/www.webdo.tn\/fr\/wp-content\/uploads\/2025\/06\/Webdo-Tunisie_168377.jpg","width":301,"height":301,"caption":"Webdo"},"image":{"@id":"https:\/\/www.webdo.tn\/fr\/#\/schema\/logo\/image\/"},"sameAs":["https:\/\/www.facebook.com\/webdotn","https:\/\/x.com\/webdo_tn"],"description":"Webdo est un m\u00e9dia num\u00e9rique tunisien fond\u00e9 en 2010, sp\u00e9cialis\u00e9 dans l\u2019actualit\u00e9 nationale et internationale, l\u2019\u00e9conomie, la soci\u00e9t\u00e9 et les analyses politiques. Le site s\u2019adresse \u00e0 un large public francophone et couvre l\u2019information tunisienne en temps r\u00e9el.","email":"redac@webdo.tn","legalName":"YNJ SARL","foundingDate":"2010-09-06","numberOfEmployees":{"@type":"QuantitativeValue","minValue":"11","maxValue":"50"}},{"@type":"Person","@id":"https:\/\/www.webdo.tn\/fr\/#\/schema\/person\/5663044c25eb36d8f88ba5b653f12f8c","name":"Ramzi Haddad","image":{"@type":"ImageObject","inLanguage":"fr-FR","@id":"https:\/\/www.webdo.tn\/fr\/wp-content\/uploads\/2026\/04\/ramzi-haddad_avatar-96x96.jpg","url":"https:\/\/www.webdo.tn\/fr\/wp-content\/uploads\/2026\/04\/ramzi-haddad_avatar-96x96.jpg","contentUrl":"https:\/\/www.webdo.tn\/fr\/wp-content\/uploads\/2026\/04\/ramzi-haddad_avatar-96x96.jpg","caption":"Ramzi Haddad"},"description":"Signature \u00e9ditoriale de Walid Ben Youssef Ramzi Haddad est le pseudonyme \u00e9ditorial de Walid Ben Youssef, fondateur et g\u00e9rant de Webdo.tn. Cette signature est d\u00e9di\u00e9e \u00e0 la couverture de l'actualit\u00e9 nationale et internationale, ainsi qu'aux analyses des dynamiques num\u00e9riques. Ce profil b\u00e9n\u00e9ficie de l'expertise de Walid Ben Youssef, pionnier du web en Tunisie depuis 2000 et dipl\u00f4m\u00e9 en Math\u00e9matiques pures de l'Universit\u00e9 d'Oregon. \u00c0 travers cette signature, la r\u00e9daction de Webdo garantit une information structur\u00e9e et v\u00e9rifi\u00e9e, fid\u00e8le aux standards journalistiques du m\u00e9dia.","url":"https:\/\/www.webdo.tn\/fr\/actualite\/author\/ramzi-haddad\/"}]}},"_links":{"self":[{"href":"https:\/\/www.webdo.tn\/fr\/wp-json\/wp\/v2\/posts\/386267","targetHints":{"allow":["GET"]}}],"collection":[{"href":"https:\/\/www.webdo.tn\/fr\/wp-json\/wp\/v2\/posts"}],"about":[{"href":"https:\/\/www.webdo.tn\/fr\/wp-json\/wp\/v2\/types\/post"}],"author":[{"embeddable":true,"href":"https:\/\/www.webdo.tn\/fr\/wp-json\/wp\/v2\/users\/3203"}],"replies":[{"embeddable":true,"href":"https:\/\/www.webdo.tn\/fr\/wp-json\/wp\/v2\/comments?post=386267"}],"version-history":[{"count":0,"href":"https:\/\/www.webdo.tn\/fr\/wp-json\/wp\/v2\/posts\/386267\/revisions"}],"wp:featuredmedia":[{"embeddable":true,"href":"https:\/\/www.webdo.tn\/fr\/wp-json\/wp\/v2\/media\/386269"}],"wp:attachment":[{"href":"https:\/\/www.webdo.tn\/fr\/wp-json\/wp\/v2\/media?parent=386267"}],"wp:term":[{"taxonomy":"category","embeddable":true,"href":"https:\/\/www.webdo.tn\/fr\/wp-json\/wp\/v2\/categories?post=386267"},{"taxonomy":"post_tag","embeddable":true,"href":"https:\/\/www.webdo.tn\/fr\/wp-json\/wp\/v2\/tags?post=386267"}],"curies":[{"name":"wp","href":"https:\/\/api.w.org\/{rel}","templated":true}]}}