{"id":386248,"date":"2025-10-24T19:54:13","date_gmt":"2025-10-24T18:54:13","guid":{"rendered":"https:\/\/www.webdo.tn\/fr\/?p=386248"},"modified":"2025-10-24T19:54:14","modified_gmt":"2025-10-24T18:54:14","slug":"tunisair-leve-252-md-sur-le-marche-obligataire","status":"publish","type":"post","link":"https:\/\/www.webdo.tn\/fr\/actualite\/national\/tunisair-leve-252-md-sur-le-marche-obligataire\/386248\/","title":{"rendered":"Tunisair l\u00e8ve 25,2 MD sur le march\u00e9 obligataire"},"content":{"rendered":"\n<p>La compagnie a\u00e9rienne nationale Tunisair a annonc\u00e9 avoir lev\u00e9 25,2 millions de dinars dans le cadre de son emprunt obligataire \u201cTunisair 2025-1\u201d, une op\u00e9ration cl\u00f4tur\u00e9e le 17 octobre, selon le Conseil du march\u00e9 financier (CMF).<\/p>\n\n\n\n<h2 class=\"wp-block-heading\" id=\"h-une-levee-de-fonds-en-deca-du-plafond-prevu\">Une lev\u00e9e de fonds en de\u00e7\u00e0 du plafond pr\u00e9vu<\/h2>\n\n\n\n<p>L\u2019op\u00e9ration, ouverte le 6 octobre 2025, portait sur un montant maximum de 30 millions de dinars, mais les souscriptions ont atteint 25,2 MD, soit 84% du montant initialement vis\u00e9. Cette \u00e9mission obligataire a \u00e9t\u00e9 r\u00e9alis\u00e9e sans appel public \u00e0 l\u2019\u00e9pargne, une formule privil\u00e9gi\u00e9e pour les investisseurs institutionnels et partenaires financiers de l\u2019entreprise.<\/p>\n\n\n\n<h2 class=\"wp-block-heading\" id=\"h-stabiliser-les-finances-du-transporteur-national\">Stabiliser les finances du transporteur national<\/h2>\n\n\n\n<p>Tunisair a pr\u00e9cis\u00e9 que cette lev\u00e9e de fonds vise \u00e0 renforcer ses ressources financi\u00e8res et \u00e0 soutenir ses engagements dans un contexte marqu\u00e9 par une conjoncture \u00e9conomique difficile et une forte pression sur le secteur a\u00e9rien.<\/p>\n\n\n\n<p><\/p>\n\n\n\n<blockquote class=\"wp-block-quote is-layout-flow wp-block-quote-is-layout-flow\">\n<blockquote class=\"wp-block-quote is-layout-flow wp-block-quote-is-layout-flow\">\n<p><strong>Lire aussi<\/strong><\/p>\n\n\n\n<ul class=\"wp-block-list\">\n<li><a href=\"https:\/\/www.webdo.tn\/fr\/actualite\/national\/tunisair-en-mode-relance-un-plan-strategique-pour-redecoller\/383787\/\">Tunisair en mode relance : Un plan strat\u00e9gique pour red\u00e9coller<\/a><\/li>\n\n\n\n<li><a href=\"https:\/\/www.webdo.tn\/fr\/actualite\/national\/tunisair-un-deficit-net-de-335-md-a-fin-2021-malgre-une-hausse-du-chiffre-daffaires\/382943\/\">Tunisair\u00a0: Un d\u00e9ficit net de 335 MD \u00e0 fin 2021 malgr\u00e9 une hausse du chiffre d\u2019affaires<\/a><\/li>\n<\/ul>\n<\/blockquote>\n<\/blockquote>\n\n\n\n<p><\/p>\n\n\n\n<p>L\u2019op\u00e9ration s\u2019inscrit dans le plan de redressement financier engag\u00e9 par la compagnie, confront\u00e9e depuis plusieurs ann\u00e9es \u00e0 un endettement \u00e9lev\u00e9, \u00e0 la baisse de la rentabilit\u00e9 et \u00e0 des d\u00e9fis op\u00e9rationnels persistants.<\/p>\n\n\n\n<h2 class=\"wp-block-heading\" id=\"h-une-compagnie-en-quete-de-relance-durable\">Une compagnie en qu\u00eate de relance durable<\/h2>\n\n\n\n<p>Malgr\u00e9 la reprise progressive du trafic a\u00e9rien apr\u00e8s la pand\u00e9mie, Tunisair continue de faire face \u00e0 des difficult\u00e9s structurelles : flotte vieillissante, retards de vols r\u00e9currents et co\u00fbts d\u2019exploitation \u00e9lev\u00e9s.<\/p>\n\n\n\n<p>Les autorit\u00e9s publiques, principales actionnaires, ont r\u00e9it\u00e9r\u00e9 leur engagement \u00e0 accompagner la restructuration de l\u2019entreprise, notamment \u00e0 travers une recapitalisation partielle et la mise en \u0153uvre d\u2019un programme de modernisation visant \u00e0 restaurer la comp\u00e9titivit\u00e9 du pavillon national.<\/p>\n\n\n\n<p><\/p>\n\n\n\n<blockquote class=\"wp-block-quote is-layout-flow wp-block-quote-is-layout-flow\">\n<blockquote class=\"wp-block-quote is-layout-flow wp-block-quote-is-layout-flow\">\n<p>Lire aussi<\/p>\n\n\n\n<ul class=\"wp-block-list\">\n<li><a href=\"https:\/\/www.webdo.tn\/fr\/actualite\/national\/tunisair-legere-hausse-des-revenus-mais-recul-du-trafic-passager\/380562\/\">Tunisair : L\u00e9g\u00e8re hausse des revenus, mais recul du trafic passager<\/a><\/li>\n\n\n\n<li><a href=\"https:\/\/www.webdo.tn\/fr\/actualite\/national\/tunisie-basma-loukil-yaakoubi-elue-presidente-du-conseil-dadministration-de-tunisair\/379200\/\">Tunisie : Basma Loukil Yaakoubi \u00e9lue pr\u00e9sidente du Conseil d\u2019administration de Tunisair<\/a><\/li>\n\n\n\n<li><a href=\"https:\/\/www.webdo.tn\/fr\/actualite\/national\/tunisair-quand-la-fierte-nationale-vire-au-cauchemar-collectif\/378841\/\">Tunisair : Quand la \u00ab\u00a0fiert\u00e9 nationale\u00a0\u00bb vire au cauchemar collectif<\/a><\/li>\n<\/ul>\n<\/blockquote>\n<\/blockquote>\n","protected":false},"excerpt":{"rendered":"<p>La compagnie a\u00e9rienne nationale Tunisair a annonc\u00e9 avoir lev\u00e9 25,2 millions de dinars dans le cadre de son emprunt obligataire \u201cTunisair 2025-1\u201d, une op\u00e9ration cl\u00f4tur\u00e9e le 17 octobre, selon le Conseil du march\u00e9 financier (CMF). Une lev\u00e9e de fonds en de\u00e7\u00e0 du plafond pr\u00e9vu L\u2019op\u00e9ration, ouverte le 6 octobre 2025, portait sur un montant maximum [&hellip;]<\/p>\n","protected":false},"author":3191,"featured_media":383788,"comment_status":"closed","ping_status":"closed","sticky":false,"template":"","format":"standard","meta":{"footnotes":""},"categories":[44],"tags":[5345,3451,2608],"class_list":["post-386248","post","type-post","status-publish","format-standard","has-post-thumbnail","hentry","category-national","tag-emprunt-obligataire","tag-tunisair","tag-tunisie"],"yoast_head":"<!-- This site is optimized with the Yoast SEO Premium plugin v27.4 (Yoast SEO v27.5) - https:\/\/yoast.com\/product\/yoast-seo-premium-wordpress\/ -->\n<title>Tunisair l\u00e8ve 25,2 MD sur le march\u00e9 obligataire - webdo<\/title>\n<meta name=\"description\" content=\"Tunisair l\u00e8ve 25,2 MD sur le march\u00e9 obligataire pour renforcer ses ressources financi\u00e8res dans un contexte \u00e9conomique difficile.\" \/>\n<link rel=\"canonical\" href=\"https:\/\/www.webdo.tn\/fr\/actualite\/national\/tunisair-leve-252-md-sur-le-marche-obligataire\/386248\/\" \/>\n<meta property=\"og:locale\" content=\"fr_FR\" \/>\n<meta property=\"og:type\" content=\"article\" \/>\n<meta property=\"og:title\" content=\"Tunisair l\u00e8ve 25,2 MD sur le march\u00e9 obligataire\" \/>\n<meta property=\"og:description\" content=\"Tunisair l\u00e8ve 25,2 MD sur le march\u00e9 obligataire pour renforcer ses ressources financi\u00e8res dans un contexte \u00e9conomique difficile.\" \/>\n<meta property=\"og:url\" content=\"https:\/\/www.webdo.tn\/fr\/actualite\/national\/tunisair-leve-252-md-sur-le-marche-obligataire\/386248\/\" \/>\n<meta property=\"og:site_name\" content=\"webdo\" \/>\n<meta property=\"article:publisher\" content=\"https:\/\/www.facebook.com\/webdotn\" \/>\n<meta property=\"article:published_time\" content=\"2025-10-24T18:54:13+00:00\" \/>\n<meta property=\"article:modified_time\" content=\"2025-10-24T18:54:14+00:00\" \/>\n<meta property=\"og:image\" content=\"https:\/\/www.webdo.tn\/fr\/wp-content\/uploads\/2025\/09\/Tunisair-1.jpg\" \/>\n\t<meta property=\"og:image:width\" content=\"1200\" \/>\n\t<meta property=\"og:image:height\" content=\"598\" \/>\n\t<meta property=\"og:image:type\" content=\"image\/jpeg\" \/>\n<meta name=\"author\" content=\"Mohamed Hedi Touati\" \/>\n<meta name=\"twitter:card\" content=\"summary_large_image\" \/>\n<meta name=\"twitter:creator\" content=\"@webdo_tn\" \/>\n<meta name=\"twitter:site\" content=\"@webdo_tn\" \/>\n<meta name=\"twitter:label1\" content=\"\u00c9crit par\" \/>\n\t<meta name=\"twitter:data1\" content=\"Mohamed Hedi Touati\" \/>\n\t<meta name=\"twitter:label2\" content=\"Dur\u00e9e de lecture estim\u00e9e\" \/>\n\t<meta name=\"twitter:data2\" content=\"2 minutes\" \/>\n<script type=\"application\/ld+json\" class=\"yoast-schema-graph\">{\"@context\":\"https:\\\/\\\/schema.org\",\"@graph\":[{\"@type\":\"NewsArticle\",\"@id\":\"https:\\\/\\\/www.webdo.tn\\\/fr\\\/actualite\\\/national\\\/tunisair-leve-252-md-sur-le-marche-obligataire\\\/386248\\\/#article\",\"isPartOf\":{\"@id\":\"https:\\\/\\\/www.webdo.tn\\\/fr\\\/actualite\\\/national\\\/tunisair-leve-252-md-sur-le-marche-obligataire\\\/386248\\\/\"},\"author\":{\"name\":\"Mohamed Hedi Touati\",\"@id\":\"https:\\\/\\\/www.webdo.tn\\\/fr\\\/#\\\/schema\\\/person\\\/c652cd8fc2b1b44412b5ffb48c5a911d\"},\"headline\":\"Tunisair l\u00e8ve 25,2 MD sur le march\u00e9 obligataire\",\"datePublished\":\"2025-10-24T18:54:13+00:00\",\"dateModified\":\"2025-10-24T18:54:14+00:00\",\"mainEntityOfPage\":{\"@id\":\"https:\\\/\\\/www.webdo.tn\\\/fr\\\/actualite\\\/national\\\/tunisair-leve-252-md-sur-le-marche-obligataire\\\/386248\\\/\"},\"wordCount\":339,\"publisher\":{\"@id\":\"https:\\\/\\\/www.webdo.tn\\\/fr\\\/#organization\"},\"image\":{\"@id\":\"https:\\\/\\\/www.webdo.tn\\\/fr\\\/actualite\\\/national\\\/tunisair-leve-252-md-sur-le-marche-obligataire\\\/386248\\\/#primaryimage\"},\"thumbnailUrl\":\"https:\\\/\\\/www.webdo.tn\\\/fr\\\/wp-content\\\/uploads\\\/2025\\\/09\\\/Tunisair-1.jpg\",\"keywords\":[\"emprunt obligataire\",\"Tunisair\",\"Tunisie\"],\"articleSection\":[\"National\"],\"inLanguage\":\"fr-FR\"},{\"@type\":\"WebPage\",\"@id\":\"https:\\\/\\\/www.webdo.tn\\\/fr\\\/actualite\\\/national\\\/tunisair-leve-252-md-sur-le-marche-obligataire\\\/386248\\\/\",\"url\":\"https:\\\/\\\/www.webdo.tn\\\/fr\\\/actualite\\\/national\\\/tunisair-leve-252-md-sur-le-marche-obligataire\\\/386248\\\/\",\"name\":\"Tunisair l\u00e8ve 25,2 MD sur le march\u00e9 obligataire - webdo\",\"isPartOf\":{\"@id\":\"https:\\\/\\\/www.webdo.tn\\\/fr\\\/#website\"},\"primaryImageOfPage\":{\"@id\":\"https:\\\/\\\/www.webdo.tn\\\/fr\\\/actualite\\\/national\\\/tunisair-leve-252-md-sur-le-marche-obligataire\\\/386248\\\/#primaryimage\"},\"image\":{\"@id\":\"https:\\\/\\\/www.webdo.tn\\\/fr\\\/actualite\\\/national\\\/tunisair-leve-252-md-sur-le-marche-obligataire\\\/386248\\\/#primaryimage\"},\"thumbnailUrl\":\"https:\\\/\\\/www.webdo.tn\\\/fr\\\/wp-content\\\/uploads\\\/2025\\\/09\\\/Tunisair-1.jpg\",\"datePublished\":\"2025-10-24T18:54:13+00:00\",\"dateModified\":\"2025-10-24T18:54:14+00:00\",\"description\":\"Tunisair l\u00e8ve 25,2 MD sur le march\u00e9 obligataire pour renforcer ses ressources financi\u00e8res dans un contexte \u00e9conomique difficile.\",\"breadcrumb\":{\"@id\":\"https:\\\/\\\/www.webdo.tn\\\/fr\\\/actualite\\\/national\\\/tunisair-leve-252-md-sur-le-marche-obligataire\\\/386248\\\/#breadcrumb\"},\"inLanguage\":\"fr-FR\",\"potentialAction\":[{\"@type\":\"ReadAction\",\"target\":[\"https:\\\/\\\/www.webdo.tn\\\/fr\\\/actualite\\\/national\\\/tunisair-leve-252-md-sur-le-marche-obligataire\\\/386248\\\/\"]}]},{\"@type\":\"ImageObject\",\"inLanguage\":\"fr-FR\",\"@id\":\"https:\\\/\\\/www.webdo.tn\\\/fr\\\/actualite\\\/national\\\/tunisair-leve-252-md-sur-le-marche-obligataire\\\/386248\\\/#primaryimage\",\"url\":\"https:\\\/\\\/www.webdo.tn\\\/fr\\\/wp-content\\\/uploads\\\/2025\\\/09\\\/Tunisair-1.jpg\",\"contentUrl\":\"https:\\\/\\\/www.webdo.tn\\\/fr\\\/wp-content\\\/uploads\\\/2025\\\/09\\\/Tunisair-1.jpg\",\"width\":1200,\"height\":598,\"caption\":\"Tunisair : 49 agents licenci\u00e9s apr\u00e8s la d\u00e9couverte de dipl\u00f4mes falsifi\u00e9s\"},{\"@type\":\"BreadcrumbList\",\"@id\":\"https:\\\/\\\/www.webdo.tn\\\/fr\\\/actualite\\\/national\\\/tunisair-leve-252-md-sur-le-marche-obligataire\\\/386248\\\/#breadcrumb\",\"itemListElement\":[{\"@type\":\"ListItem\",\"position\":1,\"name\":\"Accueil\",\"item\":\"https:\\\/\\\/www.webdo.tn\\\/fr\\\/\"},{\"@type\":\"ListItem\",\"position\":2,\"name\":\"Tunisair l\u00e8ve 25,2 MD sur le march\u00e9 obligataire\"}]},{\"@type\":\"WebSite\",\"@id\":\"https:\\\/\\\/www.webdo.tn\\\/fr\\\/#website\",\"url\":\"https:\\\/\\\/www.webdo.tn\\\/fr\\\/\",\"name\":\"webdo\",\"description\":\"Tunisie - News en Tunisie et \u00e0 l&#039;international sur Webdo.tn\",\"publisher\":{\"@id\":\"https:\\\/\\\/www.webdo.tn\\\/fr\\\/#organization\"},\"potentialAction\":[{\"@type\":\"SearchAction\",\"target\":{\"@type\":\"EntryPoint\",\"urlTemplate\":\"https:\\\/\\\/www.webdo.tn\\\/fr\\\/?s={search_term_string}\"},\"query-input\":{\"@type\":\"PropertyValueSpecification\",\"valueRequired\":true,\"valueName\":\"search_term_string\"}}],\"inLanguage\":\"fr-FR\"},{\"@type\":\"Organization\",\"@id\":\"https:\\\/\\\/www.webdo.tn\\\/fr\\\/#organization\",\"name\":\"Webdo\",\"alternateName\":\"Webdo.tn\",\"url\":\"https:\\\/\\\/www.webdo.tn\\\/fr\\\/\",\"logo\":{\"@type\":\"ImageObject\",\"inLanguage\":\"fr-FR\",\"@id\":\"https:\\\/\\\/www.webdo.tn\\\/fr\\\/#\\\/schema\\\/logo\\\/image\\\/\",\"url\":\"https:\\\/\\\/www.webdo.tn\\\/fr\\\/wp-content\\\/uploads\\\/2025\\\/06\\\/Webdo-Tunisie_168377.jpg\",\"contentUrl\":\"https:\\\/\\\/www.webdo.tn\\\/fr\\\/wp-content\\\/uploads\\\/2025\\\/06\\\/Webdo-Tunisie_168377.jpg\",\"width\":301,\"height\":301,\"caption\":\"Webdo\"},\"image\":{\"@id\":\"https:\\\/\\\/www.webdo.tn\\\/fr\\\/#\\\/schema\\\/logo\\\/image\\\/\"},\"sameAs\":[\"https:\\\/\\\/www.facebook.com\\\/webdotn\",\"https:\\\/\\\/x.com\\\/webdo_tn\"],\"description\":\"Webdo est un m\u00e9dia num\u00e9rique tunisien fond\u00e9 en 2010, sp\u00e9cialis\u00e9 dans l\u2019actualit\u00e9 nationale et internationale, l\u2019\u00e9conomie, la soci\u00e9t\u00e9 et les analyses politiques. Le site s\u2019adresse \u00e0 un large public francophone et couvre l\u2019information tunisienne en temps r\u00e9el.\",\"email\":\"redac@webdo.tn\",\"legalName\":\"YNJ SARL\",\"foundingDate\":\"2010-09-06\",\"numberOfEmployees\":{\"@type\":\"QuantitativeValue\",\"minValue\":\"11\",\"maxValue\":\"50\"}},{\"@type\":\"Person\",\"@id\":\"https:\\\/\\\/www.webdo.tn\\\/fr\\\/#\\\/schema\\\/person\\\/c652cd8fc2b1b44412b5ffb48c5a911d\",\"name\":\"Mohamed Hedi Touati\",\"image\":{\"@type\":\"ImageObject\",\"inLanguage\":\"fr-FR\",\"@id\":\"https:\\\/\\\/secure.gravatar.com\\\/avatar\\\/9cfd402c745b7a685f13eed0ea6e59d2144a3c2fc50a3db6fd5ed451f6cddf1a?s=96&d=mm&r=g\",\"url\":\"https:\\\/\\\/secure.gravatar.com\\\/avatar\\\/9cfd402c745b7a685f13eed0ea6e59d2144a3c2fc50a3db6fd5ed451f6cddf1a?s=96&d=mm&r=g\",\"contentUrl\":\"https:\\\/\\\/secure.gravatar.com\\\/avatar\\\/9cfd402c745b7a685f13eed0ea6e59d2144a3c2fc50a3db6fd5ed451f6cddf1a?s=96&d=mm&r=g\",\"caption\":\"Mohamed Hedi Touati\"},\"url\":\"https:\\\/\\\/www.webdo.tn\\\/fr\\\/actualite\\\/author\\\/mohamed-hedi-touati\\\/\"}]}<\/script>\n<!-- \/ Yoast SEO Premium plugin. -->","yoast_head_json":{"title":"Tunisair l\u00e8ve 25,2 MD sur le march\u00e9 obligataire - webdo","description":"Tunisair l\u00e8ve 25,2 MD sur le march\u00e9 obligataire pour renforcer ses ressources financi\u00e8res dans un contexte \u00e9conomique difficile.","canonical":"https:\/\/www.webdo.tn\/fr\/actualite\/national\/tunisair-leve-252-md-sur-le-marche-obligataire\/386248\/","og_locale":"fr_FR","og_type":"article","og_title":"Tunisair l\u00e8ve 25,2 MD sur le march\u00e9 obligataire","og_description":"Tunisair l\u00e8ve 25,2 MD sur le march\u00e9 obligataire pour renforcer ses ressources financi\u00e8res dans un contexte \u00e9conomique difficile.","og_url":"https:\/\/www.webdo.tn\/fr\/actualite\/national\/tunisair-leve-252-md-sur-le-marche-obligataire\/386248\/","og_site_name":"webdo","article_publisher":"https:\/\/www.facebook.com\/webdotn","article_published_time":"2025-10-24T18:54:13+00:00","article_modified_time":"2025-10-24T18:54:14+00:00","og_image":[{"width":1200,"height":598,"url":"https:\/\/www.webdo.tn\/fr\/wp-content\/uploads\/2025\/09\/Tunisair-1.jpg","type":"image\/jpeg"}],"author":"Mohamed Hedi Touati","twitter_card":"summary_large_image","twitter_creator":"@webdo_tn","twitter_site":"@webdo_tn","twitter_misc":{"\u00c9crit par":"Mohamed Hedi Touati","Dur\u00e9e de lecture estim\u00e9e":"2 minutes"},"schema":{"@context":"https:\/\/schema.org","@graph":[{"@type":"NewsArticle","@id":"https:\/\/www.webdo.tn\/fr\/actualite\/national\/tunisair-leve-252-md-sur-le-marche-obligataire\/386248\/#article","isPartOf":{"@id":"https:\/\/www.webdo.tn\/fr\/actualite\/national\/tunisair-leve-252-md-sur-le-marche-obligataire\/386248\/"},"author":{"name":"Mohamed Hedi Touati","@id":"https:\/\/www.webdo.tn\/fr\/#\/schema\/person\/c652cd8fc2b1b44412b5ffb48c5a911d"},"headline":"Tunisair l\u00e8ve 25,2 MD sur le march\u00e9 obligataire","datePublished":"2025-10-24T18:54:13+00:00","dateModified":"2025-10-24T18:54:14+00:00","mainEntityOfPage":{"@id":"https:\/\/www.webdo.tn\/fr\/actualite\/national\/tunisair-leve-252-md-sur-le-marche-obligataire\/386248\/"},"wordCount":339,"publisher":{"@id":"https:\/\/www.webdo.tn\/fr\/#organization"},"image":{"@id":"https:\/\/www.webdo.tn\/fr\/actualite\/national\/tunisair-leve-252-md-sur-le-marche-obligataire\/386248\/#primaryimage"},"thumbnailUrl":"https:\/\/www.webdo.tn\/fr\/wp-content\/uploads\/2025\/09\/Tunisair-1.jpg","keywords":["emprunt obligataire","Tunisair","Tunisie"],"articleSection":["National"],"inLanguage":"fr-FR"},{"@type":"WebPage","@id":"https:\/\/www.webdo.tn\/fr\/actualite\/national\/tunisair-leve-252-md-sur-le-marche-obligataire\/386248\/","url":"https:\/\/www.webdo.tn\/fr\/actualite\/national\/tunisair-leve-252-md-sur-le-marche-obligataire\/386248\/","name":"Tunisair l\u00e8ve 25,2 MD sur le march\u00e9 obligataire - webdo","isPartOf":{"@id":"https:\/\/www.webdo.tn\/fr\/#website"},"primaryImageOfPage":{"@id":"https:\/\/www.webdo.tn\/fr\/actualite\/national\/tunisair-leve-252-md-sur-le-marche-obligataire\/386248\/#primaryimage"},"image":{"@id":"https:\/\/www.webdo.tn\/fr\/actualite\/national\/tunisair-leve-252-md-sur-le-marche-obligataire\/386248\/#primaryimage"},"thumbnailUrl":"https:\/\/www.webdo.tn\/fr\/wp-content\/uploads\/2025\/09\/Tunisair-1.jpg","datePublished":"2025-10-24T18:54:13+00:00","dateModified":"2025-10-24T18:54:14+00:00","description":"Tunisair l\u00e8ve 25,2 MD sur le march\u00e9 obligataire pour renforcer ses ressources financi\u00e8res dans un contexte \u00e9conomique difficile.","breadcrumb":{"@id":"https:\/\/www.webdo.tn\/fr\/actualite\/national\/tunisair-leve-252-md-sur-le-marche-obligataire\/386248\/#breadcrumb"},"inLanguage":"fr-FR","potentialAction":[{"@type":"ReadAction","target":["https:\/\/www.webdo.tn\/fr\/actualite\/national\/tunisair-leve-252-md-sur-le-marche-obligataire\/386248\/"]}]},{"@type":"ImageObject","inLanguage":"fr-FR","@id":"https:\/\/www.webdo.tn\/fr\/actualite\/national\/tunisair-leve-252-md-sur-le-marche-obligataire\/386248\/#primaryimage","url":"https:\/\/www.webdo.tn\/fr\/wp-content\/uploads\/2025\/09\/Tunisair-1.jpg","contentUrl":"https:\/\/www.webdo.tn\/fr\/wp-content\/uploads\/2025\/09\/Tunisair-1.jpg","width":1200,"height":598,"caption":"Tunisair : 49 agents licenci\u00e9s apr\u00e8s la d\u00e9couverte de dipl\u00f4mes falsifi\u00e9s"},{"@type":"BreadcrumbList","@id":"https:\/\/www.webdo.tn\/fr\/actualite\/national\/tunisair-leve-252-md-sur-le-marche-obligataire\/386248\/#breadcrumb","itemListElement":[{"@type":"ListItem","position":1,"name":"Accueil","item":"https:\/\/www.webdo.tn\/fr\/"},{"@type":"ListItem","position":2,"name":"Tunisair l\u00e8ve 25,2 MD sur le march\u00e9 obligataire"}]},{"@type":"WebSite","@id":"https:\/\/www.webdo.tn\/fr\/#website","url":"https:\/\/www.webdo.tn\/fr\/","name":"webdo","description":"Tunisie - News en Tunisie et \u00e0 l&#039;international sur Webdo.tn","publisher":{"@id":"https:\/\/www.webdo.tn\/fr\/#organization"},"potentialAction":[{"@type":"SearchAction","target":{"@type":"EntryPoint","urlTemplate":"https:\/\/www.webdo.tn\/fr\/?s={search_term_string}"},"query-input":{"@type":"PropertyValueSpecification","valueRequired":true,"valueName":"search_term_string"}}],"inLanguage":"fr-FR"},{"@type":"Organization","@id":"https:\/\/www.webdo.tn\/fr\/#organization","name":"Webdo","alternateName":"Webdo.tn","url":"https:\/\/www.webdo.tn\/fr\/","logo":{"@type":"ImageObject","inLanguage":"fr-FR","@id":"https:\/\/www.webdo.tn\/fr\/#\/schema\/logo\/image\/","url":"https:\/\/www.webdo.tn\/fr\/wp-content\/uploads\/2025\/06\/Webdo-Tunisie_168377.jpg","contentUrl":"https:\/\/www.webdo.tn\/fr\/wp-content\/uploads\/2025\/06\/Webdo-Tunisie_168377.jpg","width":301,"height":301,"caption":"Webdo"},"image":{"@id":"https:\/\/www.webdo.tn\/fr\/#\/schema\/logo\/image\/"},"sameAs":["https:\/\/www.facebook.com\/webdotn","https:\/\/x.com\/webdo_tn"],"description":"Webdo est un m\u00e9dia num\u00e9rique tunisien fond\u00e9 en 2010, sp\u00e9cialis\u00e9 dans l\u2019actualit\u00e9 nationale et internationale, l\u2019\u00e9conomie, la soci\u00e9t\u00e9 et les analyses politiques. Le site s\u2019adresse \u00e0 un large public francophone et couvre l\u2019information tunisienne en temps r\u00e9el.","email":"redac@webdo.tn","legalName":"YNJ SARL","foundingDate":"2010-09-06","numberOfEmployees":{"@type":"QuantitativeValue","minValue":"11","maxValue":"50"}},{"@type":"Person","@id":"https:\/\/www.webdo.tn\/fr\/#\/schema\/person\/c652cd8fc2b1b44412b5ffb48c5a911d","name":"Mohamed Hedi Touati","image":{"@type":"ImageObject","inLanguage":"fr-FR","@id":"https:\/\/secure.gravatar.com\/avatar\/9cfd402c745b7a685f13eed0ea6e59d2144a3c2fc50a3db6fd5ed451f6cddf1a?s=96&d=mm&r=g","url":"https:\/\/secure.gravatar.com\/avatar\/9cfd402c745b7a685f13eed0ea6e59d2144a3c2fc50a3db6fd5ed451f6cddf1a?s=96&d=mm&r=g","contentUrl":"https:\/\/secure.gravatar.com\/avatar\/9cfd402c745b7a685f13eed0ea6e59d2144a3c2fc50a3db6fd5ed451f6cddf1a?s=96&d=mm&r=g","caption":"Mohamed Hedi Touati"},"url":"https:\/\/www.webdo.tn\/fr\/actualite\/author\/mohamed-hedi-touati\/"}]}},"_links":{"self":[{"href":"https:\/\/www.webdo.tn\/fr\/wp-json\/wp\/v2\/posts\/386248","targetHints":{"allow":["GET"]}}],"collection":[{"href":"https:\/\/www.webdo.tn\/fr\/wp-json\/wp\/v2\/posts"}],"about":[{"href":"https:\/\/www.webdo.tn\/fr\/wp-json\/wp\/v2\/types\/post"}],"author":[{"embeddable":true,"href":"https:\/\/www.webdo.tn\/fr\/wp-json\/wp\/v2\/users\/3191"}],"replies":[{"embeddable":true,"href":"https:\/\/www.webdo.tn\/fr\/wp-json\/wp\/v2\/comments?post=386248"}],"version-history":[{"count":0,"href":"https:\/\/www.webdo.tn\/fr\/wp-json\/wp\/v2\/posts\/386248\/revisions"}],"wp:featuredmedia":[{"embeddable":true,"href":"https:\/\/www.webdo.tn\/fr\/wp-json\/wp\/v2\/media\/383788"}],"wp:attachment":[{"href":"https:\/\/www.webdo.tn\/fr\/wp-json\/wp\/v2\/media?parent=386248"}],"wp:term":[{"taxonomy":"category","embeddable":true,"href":"https:\/\/www.webdo.tn\/fr\/wp-json\/wp\/v2\/categories?post=386248"},{"taxonomy":"post_tag","embeddable":true,"href":"https:\/\/www.webdo.tn\/fr\/wp-json\/wp\/v2\/tags?post=386248"}],"curies":[{"name":"wp","href":"https:\/\/api.w.org\/{rel}","templated":true}]}}