{"id":386231,"date":"2025-10-24T16:12:46","date_gmt":"2025-10-24T15:12:46","guid":{"rendered":"https:\/\/www.webdo.tn\/fr\/?p=386231"},"modified":"2025-10-24T16:12:55","modified_gmt":"2025-10-24T15:12:55","slug":"israel-peut-il-vraiment-annexer-la-cisjordanie-malgre-le-non-americain","status":"publish","type":"post","link":"https:\/\/www.webdo.tn\/fr\/actualite\/international\/israel-peut-il-vraiment-annexer-la-cisjordanie-malgre-le-non-americain\/386231\/","title":{"rendered":"Isra\u00ebl peut-il vraiment annexer la Cisjordanie malgr\u00e9 le non am\u00e9ricain ?"},"content":{"rendered":"\n<p><strong>Isra\u00ebl veut aller plus loin que le droit. Le Parlement a vot\u00e9 deux projets de loi pour annexer la Cisjordanie, d\u00e9fiant les \u00c9tats-Unis, pourtant garants de son soutien militaire et diplomatique. Donald Trump a r\u00e9pliqu\u00e9 : \u00ab Isra\u00ebl ne fera rien avec la Cisjordanie \u00bb. Derri\u00e8re ce veto, une v\u00e9rit\u00e9 s\u2019impose : Isra\u00ebl ne peut pas tout. Entre id\u00e9ologie religieuse, calcul politique et d\u00e9pendance strat\u00e9gique, cette confrontation r\u00e9v\u00e8le une impasse vieille de cinquante ans \u2014 celle d\u2019un \u00c9tat qui colonise sans jamais pouvoir annexer officiellement.<\/strong><\/p>\n\n\n\n<h2 class=\"wp-block-heading\" id=\"h-l-amerique-trace-la-ligne-rouge\">L\u2019Am\u00e9rique trace la ligne rouge<\/h2>\n\n\n\n<p>Le retour de Donald Trump \u00e0 la Maison-Blanche a invers\u00e9 les r\u00f4les : apr\u00e8s avoir reconnu J\u00e9rusalem comme capitale d\u2019Isra\u00ebl en 2018, il devient aujourd\u2019hui le gardien du statu quo.<br>Son vice-pr\u00e9sident, JD Vance, pr\u00e9sent \u00e0 J\u00e9rusalem pour surveiller le fragile cessez-le-feu \u00e0 Gaza, a qualifi\u00e9 le vote de la Knesset de <em>\u00ab tr\u00e8s mauvaise id\u00e9e \u00bb<\/em>.<br>D\u00e9sormais, l\u2019arm\u00e9e isra\u00e9lienne doit obtenir l\u2019aval am\u00e9ricain avant toute frappe dans l\u2019enclave.<\/p>\n\n\n\n<p>Cette situation in\u00e9dite illustre la d\u00e9pendance strat\u00e9gique d\u2019Isra\u00ebl : sans le feu vert de Washington, ni l\u2019aide militaire ni la l\u00e9gitimit\u00e9 diplomatique ne peuvent \u00eatre assur\u00e9es.<br>Un paradoxe cruel pour un \u00c9tat qui revendique sa souverainet\u00e9, mais dont les fronti\u00e8res r\u00e9elles se dessinent \u00e0 Washington plus qu\u2019\u00e0 J\u00e9rusalem.<\/p>\n\n\n\n<h2 class=\"wp-block-heading\">Entre promesse biblique et calcul politique<\/h2>\n\n\n\n<p>Pour les d\u00e9put\u00e9s religieux, l\u2019annexion est un devoir spirituel.<br>Le d\u00e9put\u00e9 Avi Maoz, auteur de la proposition, a invoqu\u00e9 <em>\u00ab la terre que Dieu a donn\u00e9e \u00e0 Isra\u00ebl \u00bb<\/em>.<br>Mais pour Netanyahu et son parti, ce z\u00e8le id\u00e9ologique est un danger. En boycottant le vote, le Likoud a choisi la prudence : l\u2019isolement diplomatique serait un prix trop lourd \u00e0 payer alors que les \u00c9tats-Unis demeurent l\u2019alli\u00e9 vital du pays.<\/p>\n\n\n\n<p>Dans ce duel interne, Isra\u00ebl se regarde dans le miroir de sa propre contradiction : l\u2019\u00c9tat biblique et l\u2019\u00c9tat pragmatique se font face.<\/p>\n\n\n\n<h3 class=\"wp-block-heading\">L\u2019annexion rampante, elle, continue<\/h3>\n\n\n\n<p>Depuis 1967, la Cisjordanie vit sous une occupation progressive.<br>Pr\u00e8s de 700 000 colons se sont install\u00e9s dans plus de 250 implantations ill\u00e9gales, modifiant la carte du territoire palestinien.<br>Routes s\u00e9par\u00e9es, murs, checkpoints : chaque pierre pos\u00e9e renforce une annexion silencieuse.<br>M\u00eame sans loi, le fait accompli pr\u00e9vaut.<\/p>\n\n\n\n<p>Ces nouvelles propositions de loi ne font qu\u2019ent\u00e9riner une r\u00e9alit\u00e9 d\u00e9j\u00e0 sur le terrain : la colonisation est devenue un mode de gouvernement.<br>Et chaque avanc\u00e9e parlementaire, m\u00eame symbolique, pr\u00e9pare une prochaine normalisation de l\u2019occupation.<\/p>\n\n\n\n<p>Derri\u00e8re les calculs diplomatiques, le peuple palestinien paie le prix du silence.<br>\u00c0 Gaza, les tr\u00eaves s\u2019encha\u00eenent sans reconstruire la paix.<br>En Cisjordanie, des familles enti\u00e8res sont expuls\u00e9es, des terres confisqu\u00e9es, des maisons ras\u00e9es au bulldozer.<br>Chaque checkpoint rappelle que la libert\u00e9 de mouvement est un privil\u00e8ge, pas un droit.<\/p>\n\n\n\n<p>Pour les Palestiniens, le veto am\u00e9ricain n\u2019est pas une victoire : c\u2019est une pause dans la d\u00e9possession, un sursis avant la prochaine expansion.<\/p>\n\n\n\n<blockquote class=\"wp-block-quote is-layout-flow wp-block-quote-is-layout-flow\">\n<blockquote class=\"wp-block-quote is-layout-flow wp-block-quote-is-layout-flow\">\n<p><strong>Lire aussi: <\/strong><\/p>\n\n\n\n<p><a href=\"https:\/\/www.webdo.tn\/fr\/actualite\/international\/erdogan-denonce-les-violations-israeliennes-du-cessez-le-feu-a-gaza\/386197\/\">Erdogan d\u00e9nonce les violations isra\u00e9liennes du cessez-le-feu \u00e0 Gaza<br><\/a><\/p>\n<\/blockquote>\n<\/blockquote>\n\n\n\n<p><\/p>\n","protected":false},"excerpt":{"rendered":"<p>Isra\u00ebl veut aller plus loin que le droit. Le Parlement a vot\u00e9 deux projets de loi pour annexer la Cisjordanie, d\u00e9fiant les \u00c9tats-Unis, pourtant garants de son soutien militaire et diplomatique. Donald Trump a r\u00e9pliqu\u00e9 : \u00ab Isra\u00ebl ne fera rien avec la Cisjordanie \u00bb. Derri\u00e8re ce veto, une v\u00e9rit\u00e9 s\u2019impose : Isra\u00ebl ne peut [&hellip;]<\/p>\n","protected":false},"author":4779,"featured_media":386233,"comment_status":"closed","ping_status":"closed","sticky":false,"template":"","format":"standard","meta":{"footnotes":""},"categories":[2598],"tags":[3904,5479,3309],"class_list":["post-386231","post","type-post","status-publish","format-standard","has-post-thumbnail","hentry","category-international","tag-cisjordanie","tag-netanyahu","tag-trump"],"yoast_head":"<!-- This site is optimized with the Yoast SEO Premium plugin v27.5 (Yoast SEO v27.5) - https:\/\/yoast.com\/product\/yoast-seo-premium-wordpress\/ -->\n<title>Isra\u00ebl peut-il vraiment annexer la Cisjordanie malgr\u00e9 le non am\u00e9ricain ? - webdo<\/title>\n<meta name=\"description\" content=\"Isra\u00ebl cherche \u00e0 annexer la Cisjordanie. Peut-il vraiment le faire en d\u00e9pit de l&#039;opposition des \u00c9tats-Unis ?\" \/>\n<link rel=\"canonical\" href=\"https:\/\/www.webdo.tn\/fr\/actualite\/international\/israel-peut-il-vraiment-annexer-la-cisjordanie-malgre-le-non-americain\/386231\/\" \/>\n<meta property=\"og:locale\" content=\"fr_FR\" \/>\n<meta property=\"og:type\" content=\"article\" \/>\n<meta property=\"og:title\" content=\"Isra\u00ebl peut-il vraiment annexer la Cisjordanie malgr\u00e9 le non am\u00e9ricain ?\" \/>\n<meta property=\"og:description\" content=\"Isra\u00ebl cherche \u00e0 annexer la Cisjordanie. Peut-il vraiment le faire en d\u00e9pit de l&#039;opposition des \u00c9tats-Unis ?\" \/>\n<meta property=\"og:url\" content=\"https:\/\/www.webdo.tn\/fr\/actualite\/international\/israel-peut-il-vraiment-annexer-la-cisjordanie-malgre-le-non-americain\/386231\/\" \/>\n<meta property=\"og:site_name\" content=\"webdo\" \/>\n<meta property=\"article:publisher\" content=\"https:\/\/www.facebook.com\/webdotn\" \/>\n<meta property=\"article:published_time\" content=\"2025-10-24T15:12:46+00:00\" \/>\n<meta property=\"article:modified_time\" content=\"2025-10-24T15:12:55+00:00\" \/>\n<meta property=\"og:image\" content=\"https:\/\/www.webdo.tn\/fr\/wp-content\/uploads\/2025\/10\/Trump-Netanyahu.jpg\" \/>\n\t<meta property=\"og:image:width\" content=\"1280\" \/>\n\t<meta property=\"og:image:height\" content=\"640\" \/>\n\t<meta property=\"og:image:type\" content=\"image\/jpeg\" \/>\n<meta name=\"author\" content=\"Firas Ben Abdeltif\" \/>\n<meta name=\"twitter:card\" content=\"summary_large_image\" \/>\n<meta name=\"twitter:creator\" content=\"@webdo_tn\" \/>\n<meta name=\"twitter:site\" content=\"@webdo_tn\" \/>\n<meta name=\"twitter:label1\" content=\"\u00c9crit par\" \/>\n\t<meta name=\"twitter:data1\" content=\"Firas Ben Abdeltif\" \/>\n\t<meta name=\"twitter:label2\" content=\"Dur\u00e9e de lecture estim\u00e9e\" \/>\n\t<meta name=\"twitter:data2\" content=\"3 minutes\" \/>\n<script type=\"application\/ld+json\" class=\"yoast-schema-graph\">{\"@context\":\"https:\\\/\\\/schema.org\",\"@graph\":[{\"@type\":\"NewsArticle\",\"@id\":\"https:\\\/\\\/www.webdo.tn\\\/fr\\\/actualite\\\/international\\\/israel-peut-il-vraiment-annexer-la-cisjordanie-malgre-le-non-americain\\\/386231\\\/#article\",\"isPartOf\":{\"@id\":\"https:\\\/\\\/www.webdo.tn\\\/fr\\\/actualite\\\/international\\\/israel-peut-il-vraiment-annexer-la-cisjordanie-malgre-le-non-americain\\\/386231\\\/\"},\"author\":{\"name\":\"Firas Ben Abdeltif\",\"@id\":\"https:\\\/\\\/www.webdo.tn\\\/fr\\\/#\\\/schema\\\/person\\\/19664196c9bfdcda126f3c27709f7d11\"},\"headline\":\"Isra\u00ebl peut-il vraiment annexer la Cisjordanie malgr\u00e9 le non am\u00e9ricain ?\",\"datePublished\":\"2025-10-24T15:12:46+00:00\",\"dateModified\":\"2025-10-24T15:12:55+00:00\",\"mainEntityOfPage\":{\"@id\":\"https:\\\/\\\/www.webdo.tn\\\/fr\\\/actualite\\\/international\\\/israel-peut-il-vraiment-annexer-la-cisjordanie-malgre-le-non-americain\\\/386231\\\/\"},\"wordCount\":550,\"publisher\":{\"@id\":\"https:\\\/\\\/www.webdo.tn\\\/fr\\\/#organization\"},\"image\":{\"@id\":\"https:\\\/\\\/www.webdo.tn\\\/fr\\\/actualite\\\/international\\\/israel-peut-il-vraiment-annexer-la-cisjordanie-malgre-le-non-americain\\\/386231\\\/#primaryimage\"},\"thumbnailUrl\":\"https:\\\/\\\/www.webdo.tn\\\/fr\\\/wp-content\\\/uploads\\\/2025\\\/10\\\/Trump-Netanyahu.jpg\",\"keywords\":[\"cisjordanie\",\"Netanyahu\",\"trump\"],\"articleSection\":[\"International\"],\"inLanguage\":\"fr-FR\"},{\"@type\":\"WebPage\",\"@id\":\"https:\\\/\\\/www.webdo.tn\\\/fr\\\/actualite\\\/international\\\/israel-peut-il-vraiment-annexer-la-cisjordanie-malgre-le-non-americain\\\/386231\\\/\",\"url\":\"https:\\\/\\\/www.webdo.tn\\\/fr\\\/actualite\\\/international\\\/israel-peut-il-vraiment-annexer-la-cisjordanie-malgre-le-non-americain\\\/386231\\\/\",\"name\":\"Isra\u00ebl peut-il vraiment annexer la Cisjordanie malgr\u00e9 le non am\u00e9ricain ? - webdo\",\"isPartOf\":{\"@id\":\"https:\\\/\\\/www.webdo.tn\\\/fr\\\/#website\"},\"primaryImageOfPage\":{\"@id\":\"https:\\\/\\\/www.webdo.tn\\\/fr\\\/actualite\\\/international\\\/israel-peut-il-vraiment-annexer-la-cisjordanie-malgre-le-non-americain\\\/386231\\\/#primaryimage\"},\"image\":{\"@id\":\"https:\\\/\\\/www.webdo.tn\\\/fr\\\/actualite\\\/international\\\/israel-peut-il-vraiment-annexer-la-cisjordanie-malgre-le-non-americain\\\/386231\\\/#primaryimage\"},\"thumbnailUrl\":\"https:\\\/\\\/www.webdo.tn\\\/fr\\\/wp-content\\\/uploads\\\/2025\\\/10\\\/Trump-Netanyahu.jpg\",\"datePublished\":\"2025-10-24T15:12:46+00:00\",\"dateModified\":\"2025-10-24T15:12:55+00:00\",\"description\":\"Isra\u00ebl cherche \u00e0 annexer la Cisjordanie. Peut-il vraiment le faire en d\u00e9pit de l'opposition des \u00c9tats-Unis ?\",\"breadcrumb\":{\"@id\":\"https:\\\/\\\/www.webdo.tn\\\/fr\\\/actualite\\\/international\\\/israel-peut-il-vraiment-annexer-la-cisjordanie-malgre-le-non-americain\\\/386231\\\/#breadcrumb\"},\"inLanguage\":\"fr-FR\",\"potentialAction\":[{\"@type\":\"ReadAction\",\"target\":[\"https:\\\/\\\/www.webdo.tn\\\/fr\\\/actualite\\\/international\\\/israel-peut-il-vraiment-annexer-la-cisjordanie-malgre-le-non-americain\\\/386231\\\/\"]}]},{\"@type\":\"ImageObject\",\"inLanguage\":\"fr-FR\",\"@id\":\"https:\\\/\\\/www.webdo.tn\\\/fr\\\/actualite\\\/international\\\/israel-peut-il-vraiment-annexer-la-cisjordanie-malgre-le-non-americain\\\/386231\\\/#primaryimage\",\"url\":\"https:\\\/\\\/www.webdo.tn\\\/fr\\\/wp-content\\\/uploads\\\/2025\\\/10\\\/Trump-Netanyahu.jpg\",\"contentUrl\":\"https:\\\/\\\/www.webdo.tn\\\/fr\\\/wp-content\\\/uploads\\\/2025\\\/10\\\/Trump-Netanyahu.jpg\",\"width\":1280,\"height\":640,\"caption\":\"Donald Trump et Benyamin Netanyahu\"},{\"@type\":\"BreadcrumbList\",\"@id\":\"https:\\\/\\\/www.webdo.tn\\\/fr\\\/actualite\\\/international\\\/israel-peut-il-vraiment-annexer-la-cisjordanie-malgre-le-non-americain\\\/386231\\\/#breadcrumb\",\"itemListElement\":[{\"@type\":\"ListItem\",\"position\":1,\"name\":\"Accueil\",\"item\":\"https:\\\/\\\/www.webdo.tn\\\/fr\\\/\"},{\"@type\":\"ListItem\",\"position\":2,\"name\":\"Isra\u00ebl peut-il vraiment annexer la Cisjordanie malgr\u00e9 le non am\u00e9ricain ?\"}]},{\"@type\":\"WebSite\",\"@id\":\"https:\\\/\\\/www.webdo.tn\\\/fr\\\/#website\",\"url\":\"https:\\\/\\\/www.webdo.tn\\\/fr\\\/\",\"name\":\"webdo\",\"description\":\"Tunisie - News en Tunisie et \u00e0 l&#039;international sur Webdo.tn\",\"publisher\":{\"@id\":\"https:\\\/\\\/www.webdo.tn\\\/fr\\\/#organization\"},\"potentialAction\":[{\"@type\":\"SearchAction\",\"target\":{\"@type\":\"EntryPoint\",\"urlTemplate\":\"https:\\\/\\\/www.webdo.tn\\\/fr\\\/?s={search_term_string}\"},\"query-input\":{\"@type\":\"PropertyValueSpecification\",\"valueRequired\":true,\"valueName\":\"search_term_string\"}}],\"inLanguage\":\"fr-FR\"},{\"@type\":\"Organization\",\"@id\":\"https:\\\/\\\/www.webdo.tn\\\/fr\\\/#organization\",\"name\":\"Webdo\",\"alternateName\":\"Webdo.tn\",\"url\":\"https:\\\/\\\/www.webdo.tn\\\/fr\\\/\",\"logo\":{\"@type\":\"ImageObject\",\"inLanguage\":\"fr-FR\",\"@id\":\"https:\\\/\\\/www.webdo.tn\\\/fr\\\/#\\\/schema\\\/logo\\\/image\\\/\",\"url\":\"https:\\\/\\\/www.webdo.tn\\\/fr\\\/wp-content\\\/uploads\\\/2025\\\/06\\\/Webdo-Tunisie_168377.jpg\",\"contentUrl\":\"https:\\\/\\\/www.webdo.tn\\\/fr\\\/wp-content\\\/uploads\\\/2025\\\/06\\\/Webdo-Tunisie_168377.jpg\",\"width\":301,\"height\":301,\"caption\":\"Webdo\"},\"image\":{\"@id\":\"https:\\\/\\\/www.webdo.tn\\\/fr\\\/#\\\/schema\\\/logo\\\/image\\\/\"},\"sameAs\":[\"https:\\\/\\\/www.facebook.com\\\/webdotn\",\"https:\\\/\\\/x.com\\\/webdo_tn\"],\"description\":\"Webdo est un m\u00e9dia num\u00e9rique tunisien fond\u00e9 en 2010, sp\u00e9cialis\u00e9 dans l\u2019actualit\u00e9 nationale et internationale, l\u2019\u00e9conomie, la soci\u00e9t\u00e9 et les analyses politiques. Le site s\u2019adresse \u00e0 un large public francophone et couvre l\u2019information tunisienne en temps r\u00e9el.\",\"email\":\"redac@webdo.tn\",\"legalName\":\"YNJ SARL\",\"foundingDate\":\"2010-09-06\",\"numberOfEmployees\":{\"@type\":\"QuantitativeValue\",\"minValue\":\"11\",\"maxValue\":\"50\"}},{\"@type\":\"Person\",\"@id\":\"https:\\\/\\\/www.webdo.tn\\\/fr\\\/#\\\/schema\\\/person\\\/19664196c9bfdcda126f3c27709f7d11\",\"name\":\"Firas Ben Abdeltif\",\"image\":{\"@type\":\"ImageObject\",\"inLanguage\":\"fr-FR\",\"@id\":\"https:\\\/\\\/secure.gravatar.com\\\/avatar\\\/161a347d40df098a084778c52ed133dbd85f14df003867067c5948081241ec55?s=96&d=mm&r=g\",\"url\":\"https:\\\/\\\/secure.gravatar.com\\\/avatar\\\/161a347d40df098a084778c52ed133dbd85f14df003867067c5948081241ec55?s=96&d=mm&r=g\",\"contentUrl\":\"https:\\\/\\\/secure.gravatar.com\\\/avatar\\\/161a347d40df098a084778c52ed133dbd85f14df003867067c5948081241ec55?s=96&d=mm&r=g\",\"caption\":\"Firas Ben Abdeltif\"},\"url\":\"https:\\\/\\\/www.webdo.tn\\\/fr\\\/actualite\\\/author\\\/firas-ben-abdeltif\\\/\"}]}<\/script>\n<!-- \/ Yoast SEO Premium plugin. -->","yoast_head_json":{"title":"Isra\u00ebl peut-il vraiment annexer la Cisjordanie malgr\u00e9 le non am\u00e9ricain ? - webdo","description":"Isra\u00ebl cherche \u00e0 annexer la Cisjordanie. Peut-il vraiment le faire en d\u00e9pit de l'opposition des \u00c9tats-Unis ?","canonical":"https:\/\/www.webdo.tn\/fr\/actualite\/international\/israel-peut-il-vraiment-annexer-la-cisjordanie-malgre-le-non-americain\/386231\/","og_locale":"fr_FR","og_type":"article","og_title":"Isra\u00ebl peut-il vraiment annexer la Cisjordanie malgr\u00e9 le non am\u00e9ricain ?","og_description":"Isra\u00ebl cherche \u00e0 annexer la Cisjordanie. Peut-il vraiment le faire en d\u00e9pit de l'opposition des \u00c9tats-Unis ?","og_url":"https:\/\/www.webdo.tn\/fr\/actualite\/international\/israel-peut-il-vraiment-annexer-la-cisjordanie-malgre-le-non-americain\/386231\/","og_site_name":"webdo","article_publisher":"https:\/\/www.facebook.com\/webdotn","article_published_time":"2025-10-24T15:12:46+00:00","article_modified_time":"2025-10-24T15:12:55+00:00","og_image":[{"width":1280,"height":640,"url":"https:\/\/www.webdo.tn\/fr\/wp-content\/uploads\/2025\/10\/Trump-Netanyahu.jpg","type":"image\/jpeg"}],"author":"Firas Ben Abdeltif","twitter_card":"summary_large_image","twitter_creator":"@webdo_tn","twitter_site":"@webdo_tn","twitter_misc":{"\u00c9crit par":"Firas Ben Abdeltif","Dur\u00e9e de lecture estim\u00e9e":"3 minutes"},"schema":{"@context":"https:\/\/schema.org","@graph":[{"@type":"NewsArticle","@id":"https:\/\/www.webdo.tn\/fr\/actualite\/international\/israel-peut-il-vraiment-annexer-la-cisjordanie-malgre-le-non-americain\/386231\/#article","isPartOf":{"@id":"https:\/\/www.webdo.tn\/fr\/actualite\/international\/israel-peut-il-vraiment-annexer-la-cisjordanie-malgre-le-non-americain\/386231\/"},"author":{"name":"Firas Ben Abdeltif","@id":"https:\/\/www.webdo.tn\/fr\/#\/schema\/person\/19664196c9bfdcda126f3c27709f7d11"},"headline":"Isra\u00ebl peut-il vraiment annexer la Cisjordanie malgr\u00e9 le non am\u00e9ricain ?","datePublished":"2025-10-24T15:12:46+00:00","dateModified":"2025-10-24T15:12:55+00:00","mainEntityOfPage":{"@id":"https:\/\/www.webdo.tn\/fr\/actualite\/international\/israel-peut-il-vraiment-annexer-la-cisjordanie-malgre-le-non-americain\/386231\/"},"wordCount":550,"publisher":{"@id":"https:\/\/www.webdo.tn\/fr\/#organization"},"image":{"@id":"https:\/\/www.webdo.tn\/fr\/actualite\/international\/israel-peut-il-vraiment-annexer-la-cisjordanie-malgre-le-non-americain\/386231\/#primaryimage"},"thumbnailUrl":"https:\/\/www.webdo.tn\/fr\/wp-content\/uploads\/2025\/10\/Trump-Netanyahu.jpg","keywords":["cisjordanie","Netanyahu","trump"],"articleSection":["International"],"inLanguage":"fr-FR"},{"@type":"WebPage","@id":"https:\/\/www.webdo.tn\/fr\/actualite\/international\/israel-peut-il-vraiment-annexer-la-cisjordanie-malgre-le-non-americain\/386231\/","url":"https:\/\/www.webdo.tn\/fr\/actualite\/international\/israel-peut-il-vraiment-annexer-la-cisjordanie-malgre-le-non-americain\/386231\/","name":"Isra\u00ebl peut-il vraiment annexer la Cisjordanie malgr\u00e9 le non am\u00e9ricain ? - webdo","isPartOf":{"@id":"https:\/\/www.webdo.tn\/fr\/#website"},"primaryImageOfPage":{"@id":"https:\/\/www.webdo.tn\/fr\/actualite\/international\/israel-peut-il-vraiment-annexer-la-cisjordanie-malgre-le-non-americain\/386231\/#primaryimage"},"image":{"@id":"https:\/\/www.webdo.tn\/fr\/actualite\/international\/israel-peut-il-vraiment-annexer-la-cisjordanie-malgre-le-non-americain\/386231\/#primaryimage"},"thumbnailUrl":"https:\/\/www.webdo.tn\/fr\/wp-content\/uploads\/2025\/10\/Trump-Netanyahu.jpg","datePublished":"2025-10-24T15:12:46+00:00","dateModified":"2025-10-24T15:12:55+00:00","description":"Isra\u00ebl cherche \u00e0 annexer la Cisjordanie. Peut-il vraiment le faire en d\u00e9pit de l'opposition des \u00c9tats-Unis ?","breadcrumb":{"@id":"https:\/\/www.webdo.tn\/fr\/actualite\/international\/israel-peut-il-vraiment-annexer-la-cisjordanie-malgre-le-non-americain\/386231\/#breadcrumb"},"inLanguage":"fr-FR","potentialAction":[{"@type":"ReadAction","target":["https:\/\/www.webdo.tn\/fr\/actualite\/international\/israel-peut-il-vraiment-annexer-la-cisjordanie-malgre-le-non-americain\/386231\/"]}]},{"@type":"ImageObject","inLanguage":"fr-FR","@id":"https:\/\/www.webdo.tn\/fr\/actualite\/international\/israel-peut-il-vraiment-annexer-la-cisjordanie-malgre-le-non-americain\/386231\/#primaryimage","url":"https:\/\/www.webdo.tn\/fr\/wp-content\/uploads\/2025\/10\/Trump-Netanyahu.jpg","contentUrl":"https:\/\/www.webdo.tn\/fr\/wp-content\/uploads\/2025\/10\/Trump-Netanyahu.jpg","width":1280,"height":640,"caption":"Donald Trump et Benyamin Netanyahu"},{"@type":"BreadcrumbList","@id":"https:\/\/www.webdo.tn\/fr\/actualite\/international\/israel-peut-il-vraiment-annexer-la-cisjordanie-malgre-le-non-americain\/386231\/#breadcrumb","itemListElement":[{"@type":"ListItem","position":1,"name":"Accueil","item":"https:\/\/www.webdo.tn\/fr\/"},{"@type":"ListItem","position":2,"name":"Isra\u00ebl peut-il vraiment annexer la Cisjordanie malgr\u00e9 le non am\u00e9ricain ?"}]},{"@type":"WebSite","@id":"https:\/\/www.webdo.tn\/fr\/#website","url":"https:\/\/www.webdo.tn\/fr\/","name":"webdo","description":"Tunisie - News en Tunisie et \u00e0 l&#039;international sur Webdo.tn","publisher":{"@id":"https:\/\/www.webdo.tn\/fr\/#organization"},"potentialAction":[{"@type":"SearchAction","target":{"@type":"EntryPoint","urlTemplate":"https:\/\/www.webdo.tn\/fr\/?s={search_term_string}"},"query-input":{"@type":"PropertyValueSpecification","valueRequired":true,"valueName":"search_term_string"}}],"inLanguage":"fr-FR"},{"@type":"Organization","@id":"https:\/\/www.webdo.tn\/fr\/#organization","name":"Webdo","alternateName":"Webdo.tn","url":"https:\/\/www.webdo.tn\/fr\/","logo":{"@type":"ImageObject","inLanguage":"fr-FR","@id":"https:\/\/www.webdo.tn\/fr\/#\/schema\/logo\/image\/","url":"https:\/\/www.webdo.tn\/fr\/wp-content\/uploads\/2025\/06\/Webdo-Tunisie_168377.jpg","contentUrl":"https:\/\/www.webdo.tn\/fr\/wp-content\/uploads\/2025\/06\/Webdo-Tunisie_168377.jpg","width":301,"height":301,"caption":"Webdo"},"image":{"@id":"https:\/\/www.webdo.tn\/fr\/#\/schema\/logo\/image\/"},"sameAs":["https:\/\/www.facebook.com\/webdotn","https:\/\/x.com\/webdo_tn"],"description":"Webdo est un m\u00e9dia num\u00e9rique tunisien fond\u00e9 en 2010, sp\u00e9cialis\u00e9 dans l\u2019actualit\u00e9 nationale et internationale, l\u2019\u00e9conomie, la soci\u00e9t\u00e9 et les analyses politiques. Le site s\u2019adresse \u00e0 un large public francophone et couvre l\u2019information tunisienne en temps r\u00e9el.","email":"redac@webdo.tn","legalName":"YNJ SARL","foundingDate":"2010-09-06","numberOfEmployees":{"@type":"QuantitativeValue","minValue":"11","maxValue":"50"}},{"@type":"Person","@id":"https:\/\/www.webdo.tn\/fr\/#\/schema\/person\/19664196c9bfdcda126f3c27709f7d11","name":"Firas Ben Abdeltif","image":{"@type":"ImageObject","inLanguage":"fr-FR","@id":"https:\/\/secure.gravatar.com\/avatar\/161a347d40df098a084778c52ed133dbd85f14df003867067c5948081241ec55?s=96&d=mm&r=g","url":"https:\/\/secure.gravatar.com\/avatar\/161a347d40df098a084778c52ed133dbd85f14df003867067c5948081241ec55?s=96&d=mm&r=g","contentUrl":"https:\/\/secure.gravatar.com\/avatar\/161a347d40df098a084778c52ed133dbd85f14df003867067c5948081241ec55?s=96&d=mm&r=g","caption":"Firas Ben Abdeltif"},"url":"https:\/\/www.webdo.tn\/fr\/actualite\/author\/firas-ben-abdeltif\/"}]}},"_links":{"self":[{"href":"https:\/\/www.webdo.tn\/fr\/wp-json\/wp\/v2\/posts\/386231","targetHints":{"allow":["GET"]}}],"collection":[{"href":"https:\/\/www.webdo.tn\/fr\/wp-json\/wp\/v2\/posts"}],"about":[{"href":"https:\/\/www.webdo.tn\/fr\/wp-json\/wp\/v2\/types\/post"}],"author":[{"embeddable":true,"href":"https:\/\/www.webdo.tn\/fr\/wp-json\/wp\/v2\/users\/4779"}],"replies":[{"embeddable":true,"href":"https:\/\/www.webdo.tn\/fr\/wp-json\/wp\/v2\/comments?post=386231"}],"version-history":[{"count":0,"href":"https:\/\/www.webdo.tn\/fr\/wp-json\/wp\/v2\/posts\/386231\/revisions"}],"wp:featuredmedia":[{"embeddable":true,"href":"https:\/\/www.webdo.tn\/fr\/wp-json\/wp\/v2\/media\/386233"}],"wp:attachment":[{"href":"https:\/\/www.webdo.tn\/fr\/wp-json\/wp\/v2\/media?parent=386231"}],"wp:term":[{"taxonomy":"category","embeddable":true,"href":"https:\/\/www.webdo.tn\/fr\/wp-json\/wp\/v2\/categories?post=386231"},{"taxonomy":"post_tag","embeddable":true,"href":"https:\/\/www.webdo.tn\/fr\/wp-json\/wp\/v2\/tags?post=386231"}],"curies":[{"name":"wp","href":"https:\/\/api.w.org\/{rel}","templated":true}]}}