{"id":386171,"date":"2025-10-23T19:07:18","date_gmt":"2025-10-23T18:07:18","guid":{"rendered":"https:\/\/www.webdo.tn\/fr\/?p=386171"},"modified":"2025-10-24T13:45:22","modified_gmt":"2025-10-24T12:45:22","slug":"tunisie-fonction-publique-seuls-26-retraites-ont-obtenu-un-contrat-dactivites-occasionnelles-en-2025","status":"publish","type":"post","link":"https:\/\/www.webdo.tn\/fr\/actualite\/national\/tunisie-fonction-publique-seuls-26-retraites-ont-obtenu-un-contrat-dactivites-occasionnelles-en-2025\/386171\/","title":{"rendered":"Tunisie &#8211; Fonction publique : Seuls 26 retrait\u00e9s ont obtenu un contrat d\u2019activit\u00e9s occasionnelles en 2025"},"content":{"rendered":"\n<p><\/p>\n\n\n\n<p>Selon les donn\u00e9es communiqu\u00e9es par le pr\u00e9sident de la Haute autorit\u00e9 de la fonction publique, Hatem A\u00efchaouia, le nombre de contrats autorisant des retrait\u00e9s \u00e0 exercer des activit\u00e9s occasionnelles dans le secteur public s\u2019est limit\u00e9 \u00e0 26 durant l\u2019ann\u00e9e 2025. Cette pr\u00e9cision a \u00e9t\u00e9 donn\u00e9e en r\u00e9ponse \u00e0 une question \u00e9crite du d\u00e9put\u00e9 Hlim Bousma.<\/p>\n\n\n\n<p>Le recours \u00e0 ces contrats, explique Hatem A\u00efchaouia, n\u2019est autoris\u00e9 que dans des cas exceptionnels, lorsque l\u2019int\u00e9r\u00eat du service l\u2019exige, et doit \u00eatre pr\u00e9alablement approuv\u00e9 par la Haute autorit\u00e9 de la fonction publique, charg\u00e9e d\u2019apposer son visa sur ces engagements.<\/p>\n\n\n\n<p>Le d\u00e9cret n\u00b0338 de 1987 d\u00e9finit le cadre juridique de ces \u201ctravaux occasionnels\u201d que peuvent accomplir les retrait\u00e9s dans le secteur public. Ces activit\u00e9s peuvent \u00eatre exerc\u00e9es \u00e0 mi-temps et donnent droit \u00e0 un cinqui\u00e8me du salaire correspondant. Elles concernent notamment la recherche scientifique, les consultations, la production d\u2019\u0153uvres scientifiques, litt\u00e9raires ou artistiques, ainsi que la formation professionnelle.<\/p>\n\n\n\n<h2 class=\"wp-block-heading\" id=\"h-les-derogations-a-l-emploi-apres-la-retraite-strictement-encadrees\">Les d\u00e9rogations \u00e0 l\u2019emploi apr\u00e8s la retraite, strictement encadr\u00e9es<\/h2>\n\n\n\n<p>Par ailleurs, les services de la fonction publique ont re\u00e7u 38 projets de d\u00e9crets relatifs \u00e0 l\u2019octroi d\u2019autorisations exceptionnelles pour continuer \u00e0 travailler dans le secteur public apr\u00e8s la retraite. Seuls 9 d\u00e9crets ont finalement \u00e9t\u00e9 publi\u00e9s au <em>Journal officiel<\/em>.<\/p>\n\n\n\n<p>Un <strong>circulaire (n\u00b019 du 31 octobre 2022)<\/strong> a par ailleurs restreint la pr\u00e9sentation des propositions de d\u00e9rogation \u00e0 certains corps sp\u00e9cifiques :<\/p>\n\n\n\n<ul class=\"wp-block-list\">\n<li>les <strong>enseignants universitaires<\/strong>,<\/li>\n\n\n\n<li>les <strong>m\u00e9decins et pharmaciens<\/strong> exer\u00e7ant dans les zones prioritaires,<\/li>\n\n\n\n<li>les <strong>ing\u00e9nieurs<\/strong>,<\/li>\n\n\n\n<li>ainsi que les <strong>cadres sup\u00e9rieurs militaires, douaniers et des forces de s\u00e9curit\u00e9 int\u00e9rieure<\/strong>.<\/li>\n<\/ul>\n\n\n\n<p>Cette politique traduit la volont\u00e9 des autorit\u00e9s de rationaliser le recours aux retrait\u00e9s dans la fonction publique, tout en maintenant la possibilit\u00e9 de mobiliser leurs comp\u00e9tences dans des domaines jug\u00e9s sensibles ou strat\u00e9giques.<\/p>\n\n\n\n<p><strong>Lire aussi :<\/strong> <a href=\"https:\/\/www.webdo.tn\/fr\/actualite\/national\/la-tunisie-le-paradis-fiscal-des-retraites-italiens\/219947\/\">La Tunisie, le paradis fiscal des retrait\u00e9s italiens<\/a><br><\/p>\n","protected":false},"excerpt":{"rendered":"<p>Selon les donn\u00e9es communiqu\u00e9es par le pr\u00e9sident de la Haute autorit\u00e9 de la fonction publique, Hatem A\u00efchaouia, le nombre de contrats autorisant des retrait\u00e9s \u00e0 exercer des activit\u00e9s occasionnelles dans le secteur public s\u2019est limit\u00e9 \u00e0 26 durant l\u2019ann\u00e9e 2025. Cette pr\u00e9cision a \u00e9t\u00e9 donn\u00e9e en r\u00e9ponse \u00e0 une question \u00e9crite du d\u00e9put\u00e9 Hlim Bousma. [&hellip;]<\/p>\n","protected":false},"author":3184,"featured_media":369165,"comment_status":"closed","ping_status":"closed","sticky":false,"template":"","format":"standard","meta":{"footnotes":""},"categories":[44],"tags":[3467,3836,2608],"class_list":["post-386171","post","type-post","status-publish","format-standard","has-post-thumbnail","hentry","category-national","tag-fonction-publique","tag-retraites","tag-tunisie"],"yoast_head":"<!-- This site is optimized with the Yoast SEO Premium plugin v27.5 (Yoast SEO v27.5) - https:\/\/yoast.com\/product\/yoast-seo-premium-wordpress\/ -->\n<title>Tunisie - Fonction publique : Seuls 26 retrait\u00e9s ont obtenu un contrat d\u2019activit\u00e9s occasionnelles en 2025 - webdo<\/title>\n<meta name=\"description\" content=\"D\u00e9couvrez le cadre l\u00e9gal des retrait\u00e9s dans le secteur public, avec des pr\u00e9cisions sur les contrats exceptionnels approuv\u00e9s.\" \/>\n<link rel=\"canonical\" href=\"https:\/\/www.webdo.tn\/fr\/actualite\/national\/tunisie-fonction-publique-seuls-26-retraites-ont-obtenu-un-contrat-dactivites-occasionnelles-en-2025\/386171\/\" \/>\n<meta property=\"og:locale\" content=\"fr_FR\" \/>\n<meta property=\"og:type\" content=\"article\" \/>\n<meta property=\"og:title\" content=\"Tunisie - Fonction publique : Seuls 26 retrait\u00e9s ont obtenu un contrat d\u2019activit\u00e9s occasionnelles en 2025\" \/>\n<meta property=\"og:description\" content=\"D\u00e9couvrez le cadre l\u00e9gal des retrait\u00e9s dans le secteur public, avec des pr\u00e9cisions sur les contrats exceptionnels approuv\u00e9s.\" \/>\n<meta property=\"og:url\" content=\"https:\/\/www.webdo.tn\/fr\/actualite\/national\/tunisie-fonction-publique-seuls-26-retraites-ont-obtenu-un-contrat-dactivites-occasionnelles-en-2025\/386171\/\" \/>\n<meta property=\"og:site_name\" content=\"webdo\" \/>\n<meta property=\"article:publisher\" content=\"https:\/\/www.facebook.com\/webdotn\" \/>\n<meta property=\"article:published_time\" content=\"2025-10-23T18:07:18+00:00\" \/>\n<meta property=\"article:modified_time\" content=\"2025-10-24T12:45:22+00:00\" \/>\n<meta property=\"og:image\" content=\"https:\/\/www.webdo.tn\/fr\/wp-content\/uploads\/2025\/06\/Palis-la-kasbah_138067.jpg\" \/>\n\t<meta property=\"og:image:width\" content=\"800\" \/>\n\t<meta property=\"og:image:height\" content=\"540\" \/>\n\t<meta property=\"og:image:type\" content=\"image\/jpeg\" \/>\n<meta name=\"author\" content=\"Wided Belhaj\" \/>\n<meta name=\"twitter:card\" content=\"summary_large_image\" \/>\n<meta name=\"twitter:creator\" content=\"@webdo_tn\" \/>\n<meta name=\"twitter:site\" content=\"@webdo_tn\" \/>\n<meta name=\"twitter:label1\" content=\"\u00c9crit par\" \/>\n\t<meta name=\"twitter:data1\" content=\"Wided Belhaj\" \/>\n\t<meta name=\"twitter:label2\" content=\"Dur\u00e9e de lecture estim\u00e9e\" \/>\n\t<meta name=\"twitter:data2\" content=\"2 minutes\" \/>\n<script type=\"application\/ld+json\" class=\"yoast-schema-graph\">{\"@context\":\"https:\\\/\\\/schema.org\",\"@graph\":[{\"@type\":\"NewsArticle\",\"@id\":\"https:\\\/\\\/www.webdo.tn\\\/fr\\\/actualite\\\/national\\\/tunisie-fonction-publique-seuls-26-retraites-ont-obtenu-un-contrat-dactivites-occasionnelles-en-2025\\\/386171\\\/#article\",\"isPartOf\":{\"@id\":\"https:\\\/\\\/www.webdo.tn\\\/fr\\\/actualite\\\/national\\\/tunisie-fonction-publique-seuls-26-retraites-ont-obtenu-un-contrat-dactivites-occasionnelles-en-2025\\\/386171\\\/\"},\"author\":{\"name\":\"Wided Belhaj\",\"@id\":\"https:\\\/\\\/www.webdo.tn\\\/fr\\\/#\\\/schema\\\/person\\\/b9ecde7a5574cb4fcf4b496ea5fadb15\"},\"headline\":\"Tunisie &#8211; Fonction publique : Seuls 26 retrait\u00e9s ont obtenu un contrat d\u2019activit\u00e9s occasionnelles en 2025\",\"datePublished\":\"2025-10-23T18:07:18+00:00\",\"dateModified\":\"2025-10-24T12:45:22+00:00\",\"mainEntityOfPage\":{\"@id\":\"https:\\\/\\\/www.webdo.tn\\\/fr\\\/actualite\\\/national\\\/tunisie-fonction-publique-seuls-26-retraites-ont-obtenu-un-contrat-dactivites-occasionnelles-en-2025\\\/386171\\\/\"},\"wordCount\":348,\"publisher\":{\"@id\":\"https:\\\/\\\/www.webdo.tn\\\/fr\\\/#organization\"},\"image\":{\"@id\":\"https:\\\/\\\/www.webdo.tn\\\/fr\\\/actualite\\\/national\\\/tunisie-fonction-publique-seuls-26-retraites-ont-obtenu-un-contrat-dactivites-occasionnelles-en-2025\\\/386171\\\/#primaryimage\"},\"thumbnailUrl\":\"https:\\\/\\\/www.webdo.tn\\\/fr\\\/wp-content\\\/uploads\\\/2025\\\/06\\\/Palis-la-kasbah_138067.jpg\",\"keywords\":[\"fonction publique\",\"retrait\u00e9s\",\"Tunisie\"],\"articleSection\":[\"National\"],\"inLanguage\":\"fr-FR\"},{\"@type\":\"WebPage\",\"@id\":\"https:\\\/\\\/www.webdo.tn\\\/fr\\\/actualite\\\/national\\\/tunisie-fonction-publique-seuls-26-retraites-ont-obtenu-un-contrat-dactivites-occasionnelles-en-2025\\\/386171\\\/\",\"url\":\"https:\\\/\\\/www.webdo.tn\\\/fr\\\/actualite\\\/national\\\/tunisie-fonction-publique-seuls-26-retraites-ont-obtenu-un-contrat-dactivites-occasionnelles-en-2025\\\/386171\\\/\",\"name\":\"Tunisie - Fonction publique : Seuls 26 retrait\u00e9s ont obtenu un contrat d\u2019activit\u00e9s occasionnelles en 2025 - webdo\",\"isPartOf\":{\"@id\":\"https:\\\/\\\/www.webdo.tn\\\/fr\\\/#website\"},\"primaryImageOfPage\":{\"@id\":\"https:\\\/\\\/www.webdo.tn\\\/fr\\\/actualite\\\/national\\\/tunisie-fonction-publique-seuls-26-retraites-ont-obtenu-un-contrat-dactivites-occasionnelles-en-2025\\\/386171\\\/#primaryimage\"},\"image\":{\"@id\":\"https:\\\/\\\/www.webdo.tn\\\/fr\\\/actualite\\\/national\\\/tunisie-fonction-publique-seuls-26-retraites-ont-obtenu-un-contrat-dactivites-occasionnelles-en-2025\\\/386171\\\/#primaryimage\"},\"thumbnailUrl\":\"https:\\\/\\\/www.webdo.tn\\\/fr\\\/wp-content\\\/uploads\\\/2025\\\/06\\\/Palis-la-kasbah_138067.jpg\",\"datePublished\":\"2025-10-23T18:07:18+00:00\",\"dateModified\":\"2025-10-24T12:45:22+00:00\",\"description\":\"D\u00e9couvrez le cadre l\u00e9gal des retrait\u00e9s dans le secteur public, avec des pr\u00e9cisions sur les contrats exceptionnels approuv\u00e9s.\",\"breadcrumb\":{\"@id\":\"https:\\\/\\\/www.webdo.tn\\\/fr\\\/actualite\\\/national\\\/tunisie-fonction-publique-seuls-26-retraites-ont-obtenu-un-contrat-dactivites-occasionnelles-en-2025\\\/386171\\\/#breadcrumb\"},\"inLanguage\":\"fr-FR\",\"potentialAction\":[{\"@type\":\"ReadAction\",\"target\":[\"https:\\\/\\\/www.webdo.tn\\\/fr\\\/actualite\\\/national\\\/tunisie-fonction-publique-seuls-26-retraites-ont-obtenu-un-contrat-dactivites-occasionnelles-en-2025\\\/386171\\\/\"]}]},{\"@type\":\"ImageObject\",\"inLanguage\":\"fr-FR\",\"@id\":\"https:\\\/\\\/www.webdo.tn\\\/fr\\\/actualite\\\/national\\\/tunisie-fonction-publique-seuls-26-retraites-ont-obtenu-un-contrat-dactivites-occasionnelles-en-2025\\\/386171\\\/#primaryimage\",\"url\":\"https:\\\/\\\/www.webdo.tn\\\/fr\\\/wp-content\\\/uploads\\\/2025\\\/06\\\/Palis-la-kasbah_138067.jpg\",\"contentUrl\":\"https:\\\/\\\/www.webdo.tn\\\/fr\\\/wp-content\\\/uploads\\\/2025\\\/06\\\/Palis-la-kasbah_138067.jpg\",\"width\":800,\"height\":540,\"caption\":\"Al-Qods : La Kasbah appelle la communaut\u00e9 internationale \u00e0 assumer ses responsabilit\u00e9s\"},{\"@type\":\"BreadcrumbList\",\"@id\":\"https:\\\/\\\/www.webdo.tn\\\/fr\\\/actualite\\\/national\\\/tunisie-fonction-publique-seuls-26-retraites-ont-obtenu-un-contrat-dactivites-occasionnelles-en-2025\\\/386171\\\/#breadcrumb\",\"itemListElement\":[{\"@type\":\"ListItem\",\"position\":1,\"name\":\"Accueil\",\"item\":\"https:\\\/\\\/www.webdo.tn\\\/fr\\\/\"},{\"@type\":\"ListItem\",\"position\":2,\"name\":\"Tunisie &#8211; Fonction publique : Seuls 26 retrait\u00e9s ont obtenu un contrat d\u2019activit\u00e9s occasionnelles en 2025\"}]},{\"@type\":\"WebSite\",\"@id\":\"https:\\\/\\\/www.webdo.tn\\\/fr\\\/#website\",\"url\":\"https:\\\/\\\/www.webdo.tn\\\/fr\\\/\",\"name\":\"webdo\",\"description\":\"Tunisie - News en Tunisie et \u00e0 l&#039;international sur Webdo.tn\",\"publisher\":{\"@id\":\"https:\\\/\\\/www.webdo.tn\\\/fr\\\/#organization\"},\"potentialAction\":[{\"@type\":\"SearchAction\",\"target\":{\"@type\":\"EntryPoint\",\"urlTemplate\":\"https:\\\/\\\/www.webdo.tn\\\/fr\\\/?s={search_term_string}\"},\"query-input\":{\"@type\":\"PropertyValueSpecification\",\"valueRequired\":true,\"valueName\":\"search_term_string\"}}],\"inLanguage\":\"fr-FR\"},{\"@type\":\"Organization\",\"@id\":\"https:\\\/\\\/www.webdo.tn\\\/fr\\\/#organization\",\"name\":\"Webdo\",\"alternateName\":\"Webdo.tn\",\"url\":\"https:\\\/\\\/www.webdo.tn\\\/fr\\\/\",\"logo\":{\"@type\":\"ImageObject\",\"inLanguage\":\"fr-FR\",\"@id\":\"https:\\\/\\\/www.webdo.tn\\\/fr\\\/#\\\/schema\\\/logo\\\/image\\\/\",\"url\":\"https:\\\/\\\/www.webdo.tn\\\/fr\\\/wp-content\\\/uploads\\\/2025\\\/06\\\/Webdo-Tunisie_168377.jpg\",\"contentUrl\":\"https:\\\/\\\/www.webdo.tn\\\/fr\\\/wp-content\\\/uploads\\\/2025\\\/06\\\/Webdo-Tunisie_168377.jpg\",\"width\":301,\"height\":301,\"caption\":\"Webdo\"},\"image\":{\"@id\":\"https:\\\/\\\/www.webdo.tn\\\/fr\\\/#\\\/schema\\\/logo\\\/image\\\/\"},\"sameAs\":[\"https:\\\/\\\/www.facebook.com\\\/webdotn\",\"https:\\\/\\\/x.com\\\/webdo_tn\"],\"description\":\"Webdo est un m\u00e9dia num\u00e9rique tunisien fond\u00e9 en 2010, sp\u00e9cialis\u00e9 dans l\u2019actualit\u00e9 nationale et internationale, l\u2019\u00e9conomie, la soci\u00e9t\u00e9 et les analyses politiques. Le site s\u2019adresse \u00e0 un large public francophone et couvre l\u2019information tunisienne en temps r\u00e9el.\",\"email\":\"redac@webdo.tn\",\"legalName\":\"YNJ SARL\",\"foundingDate\":\"2010-09-06\",\"numberOfEmployees\":{\"@type\":\"QuantitativeValue\",\"minValue\":\"11\",\"maxValue\":\"50\"}},{\"@type\":\"Person\",\"@id\":\"https:\\\/\\\/www.webdo.tn\\\/fr\\\/#\\\/schema\\\/person\\\/b9ecde7a5574cb4fcf4b496ea5fadb15\",\"name\":\"Wided Belhaj\",\"image\":{\"@type\":\"ImageObject\",\"inLanguage\":\"fr-FR\",\"@id\":\"https:\\\/\\\/www.webdo.tn\\\/fr\\\/wp-content\\\/uploads\\\/2026\\\/04\\\/wided-belhaj_avatar-96x96.jpg\",\"url\":\"https:\\\/\\\/www.webdo.tn\\\/fr\\\/wp-content\\\/uploads\\\/2026\\\/04\\\/wided-belhaj_avatar-96x96.jpg\",\"contentUrl\":\"https:\\\/\\\/www.webdo.tn\\\/fr\\\/wp-content\\\/uploads\\\/2026\\\/04\\\/wided-belhaj_avatar-96x96.jpg\",\"caption\":\"Wided Belhaj\"},\"description\":\"Wided Belhaj est le pseudonyme \u00e9ditorial utilis\u00e9 par Khalil Jelassi, journaliste, ma\u00eetre-assistant \u00e0 l\u2019Institut de presse et des sciences de l\u2019information (IPSI) et chercheur en sciences de l\u2019information et de la communication. Cette signature est d\u00e9di\u00e9e \u00e0 l\u2019analyse des m\u00e9dias, des pratiques journalistiques et des mutations de l\u2019information \u00e0 l\u2019\u00e8re digitale. \u00c0 travers ses contributions, Wided Belhaj propose une lecture analytique de l\u2019actualit\u00e9, en croisant regard critique et expertise acad\u00e9mique.\",\"knowsAbout\":[\"m\u00e9dias\",\"journalisme\",\"communication\",\"information\",\"transformation num\u00e9rique\",\"analyse des m\u00e9dias\"],\"knowsLanguage\":[\"Fran\u00e7ais\",\"Arabe\"],\"jobTitle\":\"Webdo.tn\",\"worksFor\":\"Journaliste \u2013 Analyse des m\u00e9dias\",\"url\":\"https:\\\/\\\/www.webdo.tn\\\/fr\\\/actualite\\\/author\\\/wided-belhaj\\\/\"}]}<\/script>\n<!-- \/ Yoast SEO Premium plugin. -->","yoast_head_json":{"title":"Tunisie - Fonction publique : Seuls 26 retrait\u00e9s ont obtenu un contrat d\u2019activit\u00e9s occasionnelles en 2025 - webdo","description":"D\u00e9couvrez le cadre l\u00e9gal des retrait\u00e9s dans le secteur public, avec des pr\u00e9cisions sur les contrats exceptionnels approuv\u00e9s.","canonical":"https:\/\/www.webdo.tn\/fr\/actualite\/national\/tunisie-fonction-publique-seuls-26-retraites-ont-obtenu-un-contrat-dactivites-occasionnelles-en-2025\/386171\/","og_locale":"fr_FR","og_type":"article","og_title":"Tunisie - Fonction publique : Seuls 26 retrait\u00e9s ont obtenu un contrat d\u2019activit\u00e9s occasionnelles en 2025","og_description":"D\u00e9couvrez le cadre l\u00e9gal des retrait\u00e9s dans le secteur public, avec des pr\u00e9cisions sur les contrats exceptionnels approuv\u00e9s.","og_url":"https:\/\/www.webdo.tn\/fr\/actualite\/national\/tunisie-fonction-publique-seuls-26-retraites-ont-obtenu-un-contrat-dactivites-occasionnelles-en-2025\/386171\/","og_site_name":"webdo","article_publisher":"https:\/\/www.facebook.com\/webdotn","article_published_time":"2025-10-23T18:07:18+00:00","article_modified_time":"2025-10-24T12:45:22+00:00","og_image":[{"width":800,"height":540,"url":"https:\/\/www.webdo.tn\/fr\/wp-content\/uploads\/2025\/06\/Palis-la-kasbah_138067.jpg","type":"image\/jpeg"}],"author":"Wided Belhaj","twitter_card":"summary_large_image","twitter_creator":"@webdo_tn","twitter_site":"@webdo_tn","twitter_misc":{"\u00c9crit par":"Wided Belhaj","Dur\u00e9e de lecture estim\u00e9e":"2 minutes"},"schema":{"@context":"https:\/\/schema.org","@graph":[{"@type":"NewsArticle","@id":"https:\/\/www.webdo.tn\/fr\/actualite\/national\/tunisie-fonction-publique-seuls-26-retraites-ont-obtenu-un-contrat-dactivites-occasionnelles-en-2025\/386171\/#article","isPartOf":{"@id":"https:\/\/www.webdo.tn\/fr\/actualite\/national\/tunisie-fonction-publique-seuls-26-retraites-ont-obtenu-un-contrat-dactivites-occasionnelles-en-2025\/386171\/"},"author":{"name":"Wided Belhaj","@id":"https:\/\/www.webdo.tn\/fr\/#\/schema\/person\/b9ecde7a5574cb4fcf4b496ea5fadb15"},"headline":"Tunisie &#8211; Fonction publique : Seuls 26 retrait\u00e9s ont obtenu un contrat d\u2019activit\u00e9s occasionnelles en 2025","datePublished":"2025-10-23T18:07:18+00:00","dateModified":"2025-10-24T12:45:22+00:00","mainEntityOfPage":{"@id":"https:\/\/www.webdo.tn\/fr\/actualite\/national\/tunisie-fonction-publique-seuls-26-retraites-ont-obtenu-un-contrat-dactivites-occasionnelles-en-2025\/386171\/"},"wordCount":348,"publisher":{"@id":"https:\/\/www.webdo.tn\/fr\/#organization"},"image":{"@id":"https:\/\/www.webdo.tn\/fr\/actualite\/national\/tunisie-fonction-publique-seuls-26-retraites-ont-obtenu-un-contrat-dactivites-occasionnelles-en-2025\/386171\/#primaryimage"},"thumbnailUrl":"https:\/\/www.webdo.tn\/fr\/wp-content\/uploads\/2025\/06\/Palis-la-kasbah_138067.jpg","keywords":["fonction publique","retrait\u00e9s","Tunisie"],"articleSection":["National"],"inLanguage":"fr-FR"},{"@type":"WebPage","@id":"https:\/\/www.webdo.tn\/fr\/actualite\/national\/tunisie-fonction-publique-seuls-26-retraites-ont-obtenu-un-contrat-dactivites-occasionnelles-en-2025\/386171\/","url":"https:\/\/www.webdo.tn\/fr\/actualite\/national\/tunisie-fonction-publique-seuls-26-retraites-ont-obtenu-un-contrat-dactivites-occasionnelles-en-2025\/386171\/","name":"Tunisie - Fonction publique : Seuls 26 retrait\u00e9s ont obtenu un contrat d\u2019activit\u00e9s occasionnelles en 2025 - webdo","isPartOf":{"@id":"https:\/\/www.webdo.tn\/fr\/#website"},"primaryImageOfPage":{"@id":"https:\/\/www.webdo.tn\/fr\/actualite\/national\/tunisie-fonction-publique-seuls-26-retraites-ont-obtenu-un-contrat-dactivites-occasionnelles-en-2025\/386171\/#primaryimage"},"image":{"@id":"https:\/\/www.webdo.tn\/fr\/actualite\/national\/tunisie-fonction-publique-seuls-26-retraites-ont-obtenu-un-contrat-dactivites-occasionnelles-en-2025\/386171\/#primaryimage"},"thumbnailUrl":"https:\/\/www.webdo.tn\/fr\/wp-content\/uploads\/2025\/06\/Palis-la-kasbah_138067.jpg","datePublished":"2025-10-23T18:07:18+00:00","dateModified":"2025-10-24T12:45:22+00:00","description":"D\u00e9couvrez le cadre l\u00e9gal des retrait\u00e9s dans le secteur public, avec des pr\u00e9cisions sur les contrats exceptionnels approuv\u00e9s.","breadcrumb":{"@id":"https:\/\/www.webdo.tn\/fr\/actualite\/national\/tunisie-fonction-publique-seuls-26-retraites-ont-obtenu-un-contrat-dactivites-occasionnelles-en-2025\/386171\/#breadcrumb"},"inLanguage":"fr-FR","potentialAction":[{"@type":"ReadAction","target":["https:\/\/www.webdo.tn\/fr\/actualite\/national\/tunisie-fonction-publique-seuls-26-retraites-ont-obtenu-un-contrat-dactivites-occasionnelles-en-2025\/386171\/"]}]},{"@type":"ImageObject","inLanguage":"fr-FR","@id":"https:\/\/www.webdo.tn\/fr\/actualite\/national\/tunisie-fonction-publique-seuls-26-retraites-ont-obtenu-un-contrat-dactivites-occasionnelles-en-2025\/386171\/#primaryimage","url":"https:\/\/www.webdo.tn\/fr\/wp-content\/uploads\/2025\/06\/Palis-la-kasbah_138067.jpg","contentUrl":"https:\/\/www.webdo.tn\/fr\/wp-content\/uploads\/2025\/06\/Palis-la-kasbah_138067.jpg","width":800,"height":540,"caption":"Al-Qods : La Kasbah appelle la communaut\u00e9 internationale \u00e0 assumer ses responsabilit\u00e9s"},{"@type":"BreadcrumbList","@id":"https:\/\/www.webdo.tn\/fr\/actualite\/national\/tunisie-fonction-publique-seuls-26-retraites-ont-obtenu-un-contrat-dactivites-occasionnelles-en-2025\/386171\/#breadcrumb","itemListElement":[{"@type":"ListItem","position":1,"name":"Accueil","item":"https:\/\/www.webdo.tn\/fr\/"},{"@type":"ListItem","position":2,"name":"Tunisie &#8211; Fonction publique : Seuls 26 retrait\u00e9s ont obtenu un contrat d\u2019activit\u00e9s occasionnelles en 2025"}]},{"@type":"WebSite","@id":"https:\/\/www.webdo.tn\/fr\/#website","url":"https:\/\/www.webdo.tn\/fr\/","name":"webdo","description":"Tunisie - News en Tunisie et \u00e0 l&#039;international sur Webdo.tn","publisher":{"@id":"https:\/\/www.webdo.tn\/fr\/#organization"},"potentialAction":[{"@type":"SearchAction","target":{"@type":"EntryPoint","urlTemplate":"https:\/\/www.webdo.tn\/fr\/?s={search_term_string}"},"query-input":{"@type":"PropertyValueSpecification","valueRequired":true,"valueName":"search_term_string"}}],"inLanguage":"fr-FR"},{"@type":"Organization","@id":"https:\/\/www.webdo.tn\/fr\/#organization","name":"Webdo","alternateName":"Webdo.tn","url":"https:\/\/www.webdo.tn\/fr\/","logo":{"@type":"ImageObject","inLanguage":"fr-FR","@id":"https:\/\/www.webdo.tn\/fr\/#\/schema\/logo\/image\/","url":"https:\/\/www.webdo.tn\/fr\/wp-content\/uploads\/2025\/06\/Webdo-Tunisie_168377.jpg","contentUrl":"https:\/\/www.webdo.tn\/fr\/wp-content\/uploads\/2025\/06\/Webdo-Tunisie_168377.jpg","width":301,"height":301,"caption":"Webdo"},"image":{"@id":"https:\/\/www.webdo.tn\/fr\/#\/schema\/logo\/image\/"},"sameAs":["https:\/\/www.facebook.com\/webdotn","https:\/\/x.com\/webdo_tn"],"description":"Webdo est un m\u00e9dia num\u00e9rique tunisien fond\u00e9 en 2010, sp\u00e9cialis\u00e9 dans l\u2019actualit\u00e9 nationale et internationale, l\u2019\u00e9conomie, la soci\u00e9t\u00e9 et les analyses politiques. Le site s\u2019adresse \u00e0 un large public francophone et couvre l\u2019information tunisienne en temps r\u00e9el.","email":"redac@webdo.tn","legalName":"YNJ SARL","foundingDate":"2010-09-06","numberOfEmployees":{"@type":"QuantitativeValue","minValue":"11","maxValue":"50"}},{"@type":"Person","@id":"https:\/\/www.webdo.tn\/fr\/#\/schema\/person\/b9ecde7a5574cb4fcf4b496ea5fadb15","name":"Wided Belhaj","image":{"@type":"ImageObject","inLanguage":"fr-FR","@id":"https:\/\/www.webdo.tn\/fr\/wp-content\/uploads\/2026\/04\/wided-belhaj_avatar-96x96.jpg","url":"https:\/\/www.webdo.tn\/fr\/wp-content\/uploads\/2026\/04\/wided-belhaj_avatar-96x96.jpg","contentUrl":"https:\/\/www.webdo.tn\/fr\/wp-content\/uploads\/2026\/04\/wided-belhaj_avatar-96x96.jpg","caption":"Wided Belhaj"},"description":"Wided Belhaj est le pseudonyme \u00e9ditorial utilis\u00e9 par Khalil Jelassi, journaliste, ma\u00eetre-assistant \u00e0 l\u2019Institut de presse et des sciences de l\u2019information (IPSI) et chercheur en sciences de l\u2019information et de la communication. Cette signature est d\u00e9di\u00e9e \u00e0 l\u2019analyse des m\u00e9dias, des pratiques journalistiques et des mutations de l\u2019information \u00e0 l\u2019\u00e8re digitale. \u00c0 travers ses contributions, Wided Belhaj propose une lecture analytique de l\u2019actualit\u00e9, en croisant regard critique et expertise acad\u00e9mique.","knowsAbout":["m\u00e9dias","journalisme","communication","information","transformation num\u00e9rique","analyse des m\u00e9dias"],"knowsLanguage":["Fran\u00e7ais","Arabe"],"jobTitle":"Webdo.tn","worksFor":"Journaliste \u2013 Analyse des m\u00e9dias","url":"https:\/\/www.webdo.tn\/fr\/actualite\/author\/wided-belhaj\/"}]}},"_links":{"self":[{"href":"https:\/\/www.webdo.tn\/fr\/wp-json\/wp\/v2\/posts\/386171","targetHints":{"allow":["GET"]}}],"collection":[{"href":"https:\/\/www.webdo.tn\/fr\/wp-json\/wp\/v2\/posts"}],"about":[{"href":"https:\/\/www.webdo.tn\/fr\/wp-json\/wp\/v2\/types\/post"}],"author":[{"embeddable":true,"href":"https:\/\/www.webdo.tn\/fr\/wp-json\/wp\/v2\/users\/3184"}],"replies":[{"embeddable":true,"href":"https:\/\/www.webdo.tn\/fr\/wp-json\/wp\/v2\/comments?post=386171"}],"version-history":[{"count":0,"href":"https:\/\/www.webdo.tn\/fr\/wp-json\/wp\/v2\/posts\/386171\/revisions"}],"wp:featuredmedia":[{"embeddable":true,"href":"https:\/\/www.webdo.tn\/fr\/wp-json\/wp\/v2\/media\/369165"}],"wp:attachment":[{"href":"https:\/\/www.webdo.tn\/fr\/wp-json\/wp\/v2\/media?parent=386171"}],"wp:term":[{"taxonomy":"category","embeddable":true,"href":"https:\/\/www.webdo.tn\/fr\/wp-json\/wp\/v2\/categories?post=386171"},{"taxonomy":"post_tag","embeddable":true,"href":"https:\/\/www.webdo.tn\/fr\/wp-json\/wp\/v2\/tags?post=386171"}],"curies":[{"name":"wp","href":"https:\/\/api.w.org\/{rel}","templated":true}]}}