{"id":386144,"date":"2025-10-23T15:07:44","date_gmt":"2025-10-23T14:07:44","guid":{"rendered":"https:\/\/www.webdo.tn\/fr\/?p=386144"},"modified":"2025-10-23T16:55:14","modified_gmt":"2025-10-23T15:55:14","slug":"des-enseignants-suppleants-exclus-du-recrutement-annoncent-un-sit-in-a-la-kasbah","status":"publish","type":"post","link":"https:\/\/www.webdo.tn\/fr\/actualite\/national\/des-enseignants-suppleants-exclus-du-recrutement-annoncent-un-sit-in-a-la-kasbah\/386144\/","title":{"rendered":"Des enseignants suppl\u00e9ants exclus du recrutement annoncent un sit-in \u00e0 la Kasbah"},"content":{"rendered":"\n<p>Un groupe d\u2019enseignants et de professeurs suppl\u00e9ants dont les noms n\u2019ont pas \u00e9t\u00e9 retenus dans la deuxi\u00e8me vague de recrutements au minist\u00e8re de l\u2019\u00c9ducation a annonc\u00e9 un sit-in de protestation, pr\u00e9vu le lundi 27 octobre devant le si\u00e8ge du gouvernement \u00e0 la Kasbah. Leur revendication : \u00eatre inclus dans la promotion concern\u00e9e par le d\u00e9cret pr\u00e9sidentiel n\u00b021 de 2025.<\/p>\n\n\n\n<h2 class=\"wp-block-heading\" id=\"h-des-enseignants-exclus-malgre-des-annees-de-service\">Des enseignants exclus malgr\u00e9 des ann\u00e9es de service<\/h2>\n\n\n\n<p>Selon Chaima Naffati, coordinatrice du groupe, environ 110 suppl\u00e9ants de l\u2019enseignement primaire et secondaire, issus de diff\u00e9rentes r\u00e9gions, sont concern\u00e9s. Ils affirment avoir travaill\u00e9 entre 2006 et 2024, avec des salaires vers\u00e9s r\u00e9guli\u00e8rement, remplissant ainsi toutes les conditions l\u00e9gales et administratives exig\u00e9es pour une r\u00e9gularisation, rapporte l&rsquo;agence TAP.<\/p>\n\n\n\n<p>Pourtant, leurs noms n\u2019apparaissent pas dans la base de donn\u00e9es num\u00e9rique du minist\u00e8re, bien qu\u2019ils figurent dans la version papier officielle, a-t-elle pr\u00e9cis\u00e9.<\/p>\n\n\n\n<h2 class=\"wp-block-heading\" id=\"h-un-sit-in-pouvant-evoluer-vers-une-greve-de-la-faim\">Un sit-in pouvant \u00e9voluer vers une gr\u00e8ve de la faim<\/h2>\n\n\n\n<p>Les enseignants affirment que le mouvement sera ouvert et pourrait se transformer en gr\u00e8ve de la faim si le minist\u00e8re de l\u2019\u00c9ducation ne r\u00e9agit pas rapidement.<\/p>\n\n\n\n<p>\u00ab Les d\u00e9lais l\u00e9gaux pour l\u2019application du d\u00e9cret pr\u00e9sidentiel expirent en janvier 2026. Au-del\u00e0, nous perdrons notre droit au recrutement \u00bb, a averti Naffati, d\u00e9non\u00e7ant le silence prolong\u00e9 des autorit\u00e9s malgr\u00e9 plusieurs d\u00e9marches engag\u00e9es depuis janvier dernier aupr\u00e8s des d\u00e9l\u00e9gations r\u00e9gionales de l\u2019\u00e9ducation.<\/p>\n\n\n\n<h2 class=\"wp-block-heading\" id=\"h-des-tensions-persistantes-autour-du-recrutement\">Des tensions persistantes autour du recrutement<\/h2>\n\n\n\n<p>Cette contestation s\u2019inscrit dans un contexte social tendu au sein du secteur \u00e9ducatif, o\u00f9 plusieurs cat\u00e9gories de contractuels et de suppl\u00e9ants r\u00e9clament depuis des mois la r\u00e9gularisation de leur statut professionnel. Le minist\u00e8re de l\u2019\u00c9ducation n\u2019a pas encore r\u00e9agi officiellement \u00e0 cette nouvelle mobilisation.<\/p>\n\n\n\n<p><\/p>\n\n\n\n<blockquote class=\"wp-block-quote is-layout-flow wp-block-quote-is-layout-flow\">\n<blockquote class=\"wp-block-quote is-layout-flow wp-block-quote-is-layout-flow\">\n<p><strong>Lire aussi<\/strong><\/p>\n\n\n\n<ul class=\"wp-block-list\">\n<li><a href=\"https:\/\/www.webdo.tn\/fr\/actualite\/national\/tunisie-integration-de-tous-les-enseignants-suppleants-dans-les-etablissements-educatifs\/218942\/\">Tunisie : Int\u00e9gration de tous les enseignants suppl\u00e9ants dans les \u00e9tablissements \u00e9ducatifs<\/a><\/li>\n\n\n\n<li><a href=\"https:\/\/www.webdo.tn\/fr\/actualite\/national\/tunisie-les-enseignants-suppleants-en-greve-ouverte-vers-une-paralysie-des-cours\/218850\/\">Tunisie : Les enseignants suppl\u00e9ants en gr\u00e8ve ouverte : vers une paralysie des cours<\/a><\/li>\n\n\n\n<li><a href=\"https:\/\/www.webdo.tn\/fr\/actualite\/national\/kais-saied-demande-des-mesures-immediates-pour-soutenir-les-enseignants-suppleants\/215859\/\">Ka\u00efs Sa\u00efed demande des mesures imm\u00e9diates pour soutenir les enseignants suppl\u00e9ants<\/a><\/li>\n<\/ul>\n<\/blockquote>\n<\/blockquote>\n","protected":false},"excerpt":{"rendered":"<p>Un groupe d\u2019enseignants et de professeurs suppl\u00e9ants dont les noms n\u2019ont pas \u00e9t\u00e9 retenus dans la deuxi\u00e8me vague de recrutements au minist\u00e8re de l\u2019\u00c9ducation a annonc\u00e9 un sit-in de protestation, pr\u00e9vu le lundi 27 octobre devant le si\u00e8ge du gouvernement \u00e0 la Kasbah. Leur revendication : \u00eatre inclus dans la promotion concern\u00e9e par le d\u00e9cret [&hellip;]<\/p>\n","protected":false},"author":3191,"featured_media":386145,"comment_status":"closed","ping_status":"closed","sticky":false,"template":"","format":"standard","meta":{"footnotes":""},"categories":[44],"tags":[4458,3190,2608],"class_list":["post-386144","post","type-post","status-publish","format-standard","has-post-thumbnail","hentry","category-national","tag-enseignants-suppleants","tag-sit-in","tag-tunisie"],"yoast_head":"<!-- This site is optimized with the Yoast SEO Premium plugin v27.4 (Yoast SEO v27.5) - https:\/\/yoast.com\/product\/yoast-seo-premium-wordpress\/ -->\n<title>Des enseignants suppl\u00e9ants exclus du recrutement annoncent un sit-in \u00e0 la Kasbah - webdo<\/title>\n<meta name=\"description\" content=\"Rassemblement pr\u00e9vu \u00e0 la Kasbah : des enseignants suppl\u00e9ants contestent leur exclusion du recrutement par un sit-in de protestation.\" \/>\n<link rel=\"canonical\" href=\"https:\/\/www.webdo.tn\/fr\/actualite\/national\/des-enseignants-suppleants-exclus-du-recrutement-annoncent-un-sit-in-a-la-kasbah\/386144\/\" \/>\n<meta property=\"og:locale\" content=\"fr_FR\" \/>\n<meta property=\"og:type\" content=\"article\" \/>\n<meta property=\"og:title\" content=\"Des enseignants suppl\u00e9ants exclus du recrutement annoncent un sit-in \u00e0 la Kasbah\" \/>\n<meta property=\"og:description\" content=\"Rassemblement pr\u00e9vu \u00e0 la Kasbah : des enseignants suppl\u00e9ants contestent leur exclusion du recrutement par un sit-in de protestation.\" \/>\n<meta property=\"og:url\" content=\"https:\/\/www.webdo.tn\/fr\/actualite\/national\/des-enseignants-suppleants-exclus-du-recrutement-annoncent-un-sit-in-a-la-kasbah\/386144\/\" \/>\n<meta property=\"og:site_name\" content=\"webdo\" \/>\n<meta property=\"article:publisher\" content=\"https:\/\/www.facebook.com\/webdotn\" \/>\n<meta property=\"article:published_time\" content=\"2025-10-23T14:07:44+00:00\" \/>\n<meta property=\"article:modified_time\" content=\"2025-10-23T15:55:14+00:00\" \/>\n<meta property=\"og:image\" content=\"https:\/\/www.webdo.tn\/fr\/wp-content\/uploads\/2025\/10\/suppleants.jpg\" \/>\n\t<meta property=\"og:image:width\" content=\"750\" \/>\n\t<meta property=\"og:image:height\" content=\"375\" \/>\n\t<meta property=\"og:image:type\" content=\"image\/jpeg\" \/>\n<meta name=\"author\" content=\"Mohamed Hedi Touati\" \/>\n<meta name=\"twitter:card\" content=\"summary_large_image\" \/>\n<meta name=\"twitter:creator\" content=\"@webdo_tn\" \/>\n<meta name=\"twitter:site\" content=\"@webdo_tn\" \/>\n<meta name=\"twitter:label1\" content=\"\u00c9crit par\" \/>\n\t<meta name=\"twitter:data1\" content=\"Mohamed Hedi Touati\" \/>\n\t<meta name=\"twitter:label2\" content=\"Dur\u00e9e de lecture estim\u00e9e\" \/>\n\t<meta name=\"twitter:data2\" content=\"2 minutes\" \/>\n<script type=\"application\/ld+json\" class=\"yoast-schema-graph\">{\"@context\":\"https:\\\/\\\/schema.org\",\"@graph\":[{\"@type\":\"NewsArticle\",\"@id\":\"https:\\\/\\\/www.webdo.tn\\\/fr\\\/actualite\\\/national\\\/des-enseignants-suppleants-exclus-du-recrutement-annoncent-un-sit-in-a-la-kasbah\\\/386144\\\/#article\",\"isPartOf\":{\"@id\":\"https:\\\/\\\/www.webdo.tn\\\/fr\\\/actualite\\\/national\\\/des-enseignants-suppleants-exclus-du-recrutement-annoncent-un-sit-in-a-la-kasbah\\\/386144\\\/\"},\"author\":{\"name\":\"Mohamed Hedi Touati\",\"@id\":\"https:\\\/\\\/www.webdo.tn\\\/fr\\\/#\\\/schema\\\/person\\\/c652cd8fc2b1b44412b5ffb48c5a911d\"},\"headline\":\"Des enseignants suppl\u00e9ants exclus du recrutement annoncent un sit-in \u00e0 la Kasbah\",\"datePublished\":\"2025-10-23T14:07:44+00:00\",\"dateModified\":\"2025-10-23T15:55:14+00:00\",\"mainEntityOfPage\":{\"@id\":\"https:\\\/\\\/www.webdo.tn\\\/fr\\\/actualite\\\/national\\\/des-enseignants-suppleants-exclus-du-recrutement-annoncent-un-sit-in-a-la-kasbah\\\/386144\\\/\"},\"wordCount\":371,\"publisher\":{\"@id\":\"https:\\\/\\\/www.webdo.tn\\\/fr\\\/#organization\"},\"image\":{\"@id\":\"https:\\\/\\\/www.webdo.tn\\\/fr\\\/actualite\\\/national\\\/des-enseignants-suppleants-exclus-du-recrutement-annoncent-un-sit-in-a-la-kasbah\\\/386144\\\/#primaryimage\"},\"thumbnailUrl\":\"https:\\\/\\\/www.webdo.tn\\\/fr\\\/wp-content\\\/uploads\\\/2025\\\/10\\\/suppleants.jpg\",\"keywords\":[\"enseignants suppl\u00e9ants\",\"sit-in\",\"Tunisie\"],\"articleSection\":[\"National\"],\"inLanguage\":\"fr-FR\"},{\"@type\":\"WebPage\",\"@id\":\"https:\\\/\\\/www.webdo.tn\\\/fr\\\/actualite\\\/national\\\/des-enseignants-suppleants-exclus-du-recrutement-annoncent-un-sit-in-a-la-kasbah\\\/386144\\\/\",\"url\":\"https:\\\/\\\/www.webdo.tn\\\/fr\\\/actualite\\\/national\\\/des-enseignants-suppleants-exclus-du-recrutement-annoncent-un-sit-in-a-la-kasbah\\\/386144\\\/\",\"name\":\"Des enseignants suppl\u00e9ants exclus du recrutement annoncent un sit-in \u00e0 la Kasbah - webdo\",\"isPartOf\":{\"@id\":\"https:\\\/\\\/www.webdo.tn\\\/fr\\\/#website\"},\"primaryImageOfPage\":{\"@id\":\"https:\\\/\\\/www.webdo.tn\\\/fr\\\/actualite\\\/national\\\/des-enseignants-suppleants-exclus-du-recrutement-annoncent-un-sit-in-a-la-kasbah\\\/386144\\\/#primaryimage\"},\"image\":{\"@id\":\"https:\\\/\\\/www.webdo.tn\\\/fr\\\/actualite\\\/national\\\/des-enseignants-suppleants-exclus-du-recrutement-annoncent-un-sit-in-a-la-kasbah\\\/386144\\\/#primaryimage\"},\"thumbnailUrl\":\"https:\\\/\\\/www.webdo.tn\\\/fr\\\/wp-content\\\/uploads\\\/2025\\\/10\\\/suppleants.jpg\",\"datePublished\":\"2025-10-23T14:07:44+00:00\",\"dateModified\":\"2025-10-23T15:55:14+00:00\",\"description\":\"Rassemblement pr\u00e9vu \u00e0 la Kasbah : des enseignants suppl\u00e9ants contestent leur exclusion du recrutement par un sit-in de protestation.\",\"breadcrumb\":{\"@id\":\"https:\\\/\\\/www.webdo.tn\\\/fr\\\/actualite\\\/national\\\/des-enseignants-suppleants-exclus-du-recrutement-annoncent-un-sit-in-a-la-kasbah\\\/386144\\\/#breadcrumb\"},\"inLanguage\":\"fr-FR\",\"potentialAction\":[{\"@type\":\"ReadAction\",\"target\":[\"https:\\\/\\\/www.webdo.tn\\\/fr\\\/actualite\\\/national\\\/des-enseignants-suppleants-exclus-du-recrutement-annoncent-un-sit-in-a-la-kasbah\\\/386144\\\/\"]}]},{\"@type\":\"ImageObject\",\"inLanguage\":\"fr-FR\",\"@id\":\"https:\\\/\\\/www.webdo.tn\\\/fr\\\/actualite\\\/national\\\/des-enseignants-suppleants-exclus-du-recrutement-annoncent-un-sit-in-a-la-kasbah\\\/386144\\\/#primaryimage\",\"url\":\"https:\\\/\\\/www.webdo.tn\\\/fr\\\/wp-content\\\/uploads\\\/2025\\\/10\\\/suppleants.jpg\",\"contentUrl\":\"https:\\\/\\\/www.webdo.tn\\\/fr\\\/wp-content\\\/uploads\\\/2025\\\/10\\\/suppleants.jpg\",\"width\":750,\"height\":375,\"caption\":\"Des enseignants suppl\u00e9ants exclus du recrutement annoncent un sit-in \u00e0 la Kasbah\"},{\"@type\":\"BreadcrumbList\",\"@id\":\"https:\\\/\\\/www.webdo.tn\\\/fr\\\/actualite\\\/national\\\/des-enseignants-suppleants-exclus-du-recrutement-annoncent-un-sit-in-a-la-kasbah\\\/386144\\\/#breadcrumb\",\"itemListElement\":[{\"@type\":\"ListItem\",\"position\":1,\"name\":\"Accueil\",\"item\":\"https:\\\/\\\/www.webdo.tn\\\/fr\\\/\"},{\"@type\":\"ListItem\",\"position\":2,\"name\":\"Des enseignants suppl\u00e9ants exclus du recrutement annoncent un sit-in \u00e0 la Kasbah\"}]},{\"@type\":\"WebSite\",\"@id\":\"https:\\\/\\\/www.webdo.tn\\\/fr\\\/#website\",\"url\":\"https:\\\/\\\/www.webdo.tn\\\/fr\\\/\",\"name\":\"webdo\",\"description\":\"Tunisie - News en Tunisie et \u00e0 l&#039;international sur Webdo.tn\",\"publisher\":{\"@id\":\"https:\\\/\\\/www.webdo.tn\\\/fr\\\/#organization\"},\"potentialAction\":[{\"@type\":\"SearchAction\",\"target\":{\"@type\":\"EntryPoint\",\"urlTemplate\":\"https:\\\/\\\/www.webdo.tn\\\/fr\\\/?s={search_term_string}\"},\"query-input\":{\"@type\":\"PropertyValueSpecification\",\"valueRequired\":true,\"valueName\":\"search_term_string\"}}],\"inLanguage\":\"fr-FR\"},{\"@type\":\"Organization\",\"@id\":\"https:\\\/\\\/www.webdo.tn\\\/fr\\\/#organization\",\"name\":\"Webdo\",\"alternateName\":\"Webdo.tn\",\"url\":\"https:\\\/\\\/www.webdo.tn\\\/fr\\\/\",\"logo\":{\"@type\":\"ImageObject\",\"inLanguage\":\"fr-FR\",\"@id\":\"https:\\\/\\\/www.webdo.tn\\\/fr\\\/#\\\/schema\\\/logo\\\/image\\\/\",\"url\":\"https:\\\/\\\/www.webdo.tn\\\/fr\\\/wp-content\\\/uploads\\\/2025\\\/06\\\/Webdo-Tunisie_168377.jpg\",\"contentUrl\":\"https:\\\/\\\/www.webdo.tn\\\/fr\\\/wp-content\\\/uploads\\\/2025\\\/06\\\/Webdo-Tunisie_168377.jpg\",\"width\":301,\"height\":301,\"caption\":\"Webdo\"},\"image\":{\"@id\":\"https:\\\/\\\/www.webdo.tn\\\/fr\\\/#\\\/schema\\\/logo\\\/image\\\/\"},\"sameAs\":[\"https:\\\/\\\/www.facebook.com\\\/webdotn\",\"https:\\\/\\\/x.com\\\/webdo_tn\"],\"description\":\"Webdo est un m\u00e9dia num\u00e9rique tunisien fond\u00e9 en 2010, sp\u00e9cialis\u00e9 dans l\u2019actualit\u00e9 nationale et internationale, l\u2019\u00e9conomie, la soci\u00e9t\u00e9 et les analyses politiques. Le site s\u2019adresse \u00e0 un large public francophone et couvre l\u2019information tunisienne en temps r\u00e9el.\",\"email\":\"redac@webdo.tn\",\"legalName\":\"YNJ SARL\",\"foundingDate\":\"2010-09-06\",\"numberOfEmployees\":{\"@type\":\"QuantitativeValue\",\"minValue\":\"11\",\"maxValue\":\"50\"}},{\"@type\":\"Person\",\"@id\":\"https:\\\/\\\/www.webdo.tn\\\/fr\\\/#\\\/schema\\\/person\\\/c652cd8fc2b1b44412b5ffb48c5a911d\",\"name\":\"Mohamed Hedi Touati\",\"image\":{\"@type\":\"ImageObject\",\"inLanguage\":\"fr-FR\",\"@id\":\"https:\\\/\\\/secure.gravatar.com\\\/avatar\\\/9cfd402c745b7a685f13eed0ea6e59d2144a3c2fc50a3db6fd5ed451f6cddf1a?s=96&d=mm&r=g\",\"url\":\"https:\\\/\\\/secure.gravatar.com\\\/avatar\\\/9cfd402c745b7a685f13eed0ea6e59d2144a3c2fc50a3db6fd5ed451f6cddf1a?s=96&d=mm&r=g\",\"contentUrl\":\"https:\\\/\\\/secure.gravatar.com\\\/avatar\\\/9cfd402c745b7a685f13eed0ea6e59d2144a3c2fc50a3db6fd5ed451f6cddf1a?s=96&d=mm&r=g\",\"caption\":\"Mohamed Hedi Touati\"},\"url\":\"https:\\\/\\\/www.webdo.tn\\\/fr\\\/actualite\\\/author\\\/mohamed-hedi-touati\\\/\"}]}<\/script>\n<!-- \/ Yoast SEO Premium plugin. -->","yoast_head_json":{"title":"Des enseignants suppl\u00e9ants exclus du recrutement annoncent un sit-in \u00e0 la Kasbah - webdo","description":"Rassemblement pr\u00e9vu \u00e0 la Kasbah : des enseignants suppl\u00e9ants contestent leur exclusion du recrutement par un sit-in de protestation.","canonical":"https:\/\/www.webdo.tn\/fr\/actualite\/national\/des-enseignants-suppleants-exclus-du-recrutement-annoncent-un-sit-in-a-la-kasbah\/386144\/","og_locale":"fr_FR","og_type":"article","og_title":"Des enseignants suppl\u00e9ants exclus du recrutement annoncent un sit-in \u00e0 la Kasbah","og_description":"Rassemblement pr\u00e9vu \u00e0 la Kasbah : des enseignants suppl\u00e9ants contestent leur exclusion du recrutement par un sit-in de protestation.","og_url":"https:\/\/www.webdo.tn\/fr\/actualite\/national\/des-enseignants-suppleants-exclus-du-recrutement-annoncent-un-sit-in-a-la-kasbah\/386144\/","og_site_name":"webdo","article_publisher":"https:\/\/www.facebook.com\/webdotn","article_published_time":"2025-10-23T14:07:44+00:00","article_modified_time":"2025-10-23T15:55:14+00:00","og_image":[{"width":750,"height":375,"url":"https:\/\/www.webdo.tn\/fr\/wp-content\/uploads\/2025\/10\/suppleants.jpg","type":"image\/jpeg"}],"author":"Mohamed Hedi Touati","twitter_card":"summary_large_image","twitter_creator":"@webdo_tn","twitter_site":"@webdo_tn","twitter_misc":{"\u00c9crit par":"Mohamed Hedi Touati","Dur\u00e9e de lecture estim\u00e9e":"2 minutes"},"schema":{"@context":"https:\/\/schema.org","@graph":[{"@type":"NewsArticle","@id":"https:\/\/www.webdo.tn\/fr\/actualite\/national\/des-enseignants-suppleants-exclus-du-recrutement-annoncent-un-sit-in-a-la-kasbah\/386144\/#article","isPartOf":{"@id":"https:\/\/www.webdo.tn\/fr\/actualite\/national\/des-enseignants-suppleants-exclus-du-recrutement-annoncent-un-sit-in-a-la-kasbah\/386144\/"},"author":{"name":"Mohamed Hedi Touati","@id":"https:\/\/www.webdo.tn\/fr\/#\/schema\/person\/c652cd8fc2b1b44412b5ffb48c5a911d"},"headline":"Des enseignants suppl\u00e9ants exclus du recrutement annoncent un sit-in \u00e0 la Kasbah","datePublished":"2025-10-23T14:07:44+00:00","dateModified":"2025-10-23T15:55:14+00:00","mainEntityOfPage":{"@id":"https:\/\/www.webdo.tn\/fr\/actualite\/national\/des-enseignants-suppleants-exclus-du-recrutement-annoncent-un-sit-in-a-la-kasbah\/386144\/"},"wordCount":371,"publisher":{"@id":"https:\/\/www.webdo.tn\/fr\/#organization"},"image":{"@id":"https:\/\/www.webdo.tn\/fr\/actualite\/national\/des-enseignants-suppleants-exclus-du-recrutement-annoncent-un-sit-in-a-la-kasbah\/386144\/#primaryimage"},"thumbnailUrl":"https:\/\/www.webdo.tn\/fr\/wp-content\/uploads\/2025\/10\/suppleants.jpg","keywords":["enseignants suppl\u00e9ants","sit-in","Tunisie"],"articleSection":["National"],"inLanguage":"fr-FR"},{"@type":"WebPage","@id":"https:\/\/www.webdo.tn\/fr\/actualite\/national\/des-enseignants-suppleants-exclus-du-recrutement-annoncent-un-sit-in-a-la-kasbah\/386144\/","url":"https:\/\/www.webdo.tn\/fr\/actualite\/national\/des-enseignants-suppleants-exclus-du-recrutement-annoncent-un-sit-in-a-la-kasbah\/386144\/","name":"Des enseignants suppl\u00e9ants exclus du recrutement annoncent un sit-in \u00e0 la Kasbah - webdo","isPartOf":{"@id":"https:\/\/www.webdo.tn\/fr\/#website"},"primaryImageOfPage":{"@id":"https:\/\/www.webdo.tn\/fr\/actualite\/national\/des-enseignants-suppleants-exclus-du-recrutement-annoncent-un-sit-in-a-la-kasbah\/386144\/#primaryimage"},"image":{"@id":"https:\/\/www.webdo.tn\/fr\/actualite\/national\/des-enseignants-suppleants-exclus-du-recrutement-annoncent-un-sit-in-a-la-kasbah\/386144\/#primaryimage"},"thumbnailUrl":"https:\/\/www.webdo.tn\/fr\/wp-content\/uploads\/2025\/10\/suppleants.jpg","datePublished":"2025-10-23T14:07:44+00:00","dateModified":"2025-10-23T15:55:14+00:00","description":"Rassemblement pr\u00e9vu \u00e0 la Kasbah : des enseignants suppl\u00e9ants contestent leur exclusion du recrutement par un sit-in de protestation.","breadcrumb":{"@id":"https:\/\/www.webdo.tn\/fr\/actualite\/national\/des-enseignants-suppleants-exclus-du-recrutement-annoncent-un-sit-in-a-la-kasbah\/386144\/#breadcrumb"},"inLanguage":"fr-FR","potentialAction":[{"@type":"ReadAction","target":["https:\/\/www.webdo.tn\/fr\/actualite\/national\/des-enseignants-suppleants-exclus-du-recrutement-annoncent-un-sit-in-a-la-kasbah\/386144\/"]}]},{"@type":"ImageObject","inLanguage":"fr-FR","@id":"https:\/\/www.webdo.tn\/fr\/actualite\/national\/des-enseignants-suppleants-exclus-du-recrutement-annoncent-un-sit-in-a-la-kasbah\/386144\/#primaryimage","url":"https:\/\/www.webdo.tn\/fr\/wp-content\/uploads\/2025\/10\/suppleants.jpg","contentUrl":"https:\/\/www.webdo.tn\/fr\/wp-content\/uploads\/2025\/10\/suppleants.jpg","width":750,"height":375,"caption":"Des enseignants suppl\u00e9ants exclus du recrutement annoncent un sit-in \u00e0 la Kasbah"},{"@type":"BreadcrumbList","@id":"https:\/\/www.webdo.tn\/fr\/actualite\/national\/des-enseignants-suppleants-exclus-du-recrutement-annoncent-un-sit-in-a-la-kasbah\/386144\/#breadcrumb","itemListElement":[{"@type":"ListItem","position":1,"name":"Accueil","item":"https:\/\/www.webdo.tn\/fr\/"},{"@type":"ListItem","position":2,"name":"Des enseignants suppl\u00e9ants exclus du recrutement annoncent un sit-in \u00e0 la Kasbah"}]},{"@type":"WebSite","@id":"https:\/\/www.webdo.tn\/fr\/#website","url":"https:\/\/www.webdo.tn\/fr\/","name":"webdo","description":"Tunisie - News en Tunisie et \u00e0 l&#039;international sur Webdo.tn","publisher":{"@id":"https:\/\/www.webdo.tn\/fr\/#organization"},"potentialAction":[{"@type":"SearchAction","target":{"@type":"EntryPoint","urlTemplate":"https:\/\/www.webdo.tn\/fr\/?s={search_term_string}"},"query-input":{"@type":"PropertyValueSpecification","valueRequired":true,"valueName":"search_term_string"}}],"inLanguage":"fr-FR"},{"@type":"Organization","@id":"https:\/\/www.webdo.tn\/fr\/#organization","name":"Webdo","alternateName":"Webdo.tn","url":"https:\/\/www.webdo.tn\/fr\/","logo":{"@type":"ImageObject","inLanguage":"fr-FR","@id":"https:\/\/www.webdo.tn\/fr\/#\/schema\/logo\/image\/","url":"https:\/\/www.webdo.tn\/fr\/wp-content\/uploads\/2025\/06\/Webdo-Tunisie_168377.jpg","contentUrl":"https:\/\/www.webdo.tn\/fr\/wp-content\/uploads\/2025\/06\/Webdo-Tunisie_168377.jpg","width":301,"height":301,"caption":"Webdo"},"image":{"@id":"https:\/\/www.webdo.tn\/fr\/#\/schema\/logo\/image\/"},"sameAs":["https:\/\/www.facebook.com\/webdotn","https:\/\/x.com\/webdo_tn"],"description":"Webdo est un m\u00e9dia num\u00e9rique tunisien fond\u00e9 en 2010, sp\u00e9cialis\u00e9 dans l\u2019actualit\u00e9 nationale et internationale, l\u2019\u00e9conomie, la soci\u00e9t\u00e9 et les analyses politiques. Le site s\u2019adresse \u00e0 un large public francophone et couvre l\u2019information tunisienne en temps r\u00e9el.","email":"redac@webdo.tn","legalName":"YNJ SARL","foundingDate":"2010-09-06","numberOfEmployees":{"@type":"QuantitativeValue","minValue":"11","maxValue":"50"}},{"@type":"Person","@id":"https:\/\/www.webdo.tn\/fr\/#\/schema\/person\/c652cd8fc2b1b44412b5ffb48c5a911d","name":"Mohamed Hedi Touati","image":{"@type":"ImageObject","inLanguage":"fr-FR","@id":"https:\/\/secure.gravatar.com\/avatar\/9cfd402c745b7a685f13eed0ea6e59d2144a3c2fc50a3db6fd5ed451f6cddf1a?s=96&d=mm&r=g","url":"https:\/\/secure.gravatar.com\/avatar\/9cfd402c745b7a685f13eed0ea6e59d2144a3c2fc50a3db6fd5ed451f6cddf1a?s=96&d=mm&r=g","contentUrl":"https:\/\/secure.gravatar.com\/avatar\/9cfd402c745b7a685f13eed0ea6e59d2144a3c2fc50a3db6fd5ed451f6cddf1a?s=96&d=mm&r=g","caption":"Mohamed Hedi Touati"},"url":"https:\/\/www.webdo.tn\/fr\/actualite\/author\/mohamed-hedi-touati\/"}]}},"_links":{"self":[{"href":"https:\/\/www.webdo.tn\/fr\/wp-json\/wp\/v2\/posts\/386144","targetHints":{"allow":["GET"]}}],"collection":[{"href":"https:\/\/www.webdo.tn\/fr\/wp-json\/wp\/v2\/posts"}],"about":[{"href":"https:\/\/www.webdo.tn\/fr\/wp-json\/wp\/v2\/types\/post"}],"author":[{"embeddable":true,"href":"https:\/\/www.webdo.tn\/fr\/wp-json\/wp\/v2\/users\/3191"}],"replies":[{"embeddable":true,"href":"https:\/\/www.webdo.tn\/fr\/wp-json\/wp\/v2\/comments?post=386144"}],"version-history":[{"count":0,"href":"https:\/\/www.webdo.tn\/fr\/wp-json\/wp\/v2\/posts\/386144\/revisions"}],"wp:featuredmedia":[{"embeddable":true,"href":"https:\/\/www.webdo.tn\/fr\/wp-json\/wp\/v2\/media\/386145"}],"wp:attachment":[{"href":"https:\/\/www.webdo.tn\/fr\/wp-json\/wp\/v2\/media?parent=386144"}],"wp:term":[{"taxonomy":"category","embeddable":true,"href":"https:\/\/www.webdo.tn\/fr\/wp-json\/wp\/v2\/categories?post=386144"},{"taxonomy":"post_tag","embeddable":true,"href":"https:\/\/www.webdo.tn\/fr\/wp-json\/wp\/v2\/tags?post=386144"}],"curies":[{"name":"wp","href":"https:\/\/api.w.org\/{rel}","templated":true}]}}