{"id":386123,"date":"2025-10-13T12:19:57","date_gmt":"2025-10-13T11:19:57","guid":{"rendered":"https:\/\/www.webdo.tn\/fr\/?p=386123"},"modified":"2025-10-23T12:22:34","modified_gmt":"2025-10-23T11:22:34","slug":"rsiff-2025-des-courts-metrages-au-coeur-des-realites-arabes","status":"publish","type":"post","link":"https:\/\/www.webdo.tn\/fr\/actualite\/culture\/rsiff-2025-des-courts-metrages-au-coeur-des-realites-arabes\/386123\/","title":{"rendered":"RSIFF 2025 \u2013 Des courts m\u00e9trages au c\u0153ur des r\u00e9alit\u00e9s arabes"},"content":{"rendered":"\n<p>\u00c0 l\u2019approche de sa cinqui\u00e8me \u00e9dition, le <strong>Festival international du film de la Mer Rouge<\/strong> (<em>Red Sea International Film Festival<\/em>, RSIFF) a lev\u00e9 le voile sur la s\u00e9lection officielle de son programme Arab Shorts 2025, une section d\u00e9di\u00e9e aux courts m\u00e9trages arabes en comp\u00e9tition. Cette ann\u00e9e, onze films venus d\u2019Arabie saoudite, de Palestine, du Liban, d\u2019\u00c9gypte, du Maroc, d\u2019Irak et des \u00c9mirats arabes unis y concourront, r\u00e9v\u00e9lant la vitalit\u00e9 et la pluralit\u00e9 des \u00e9critures cin\u00e9matographiques arabes contemporaines. Ces \u0153uvres seront projet\u00e9es du 4 au 13 d\u00e9cembre 2025 dans le quartier historique d\u2019Al-Balad, c\u0153ur battant de Djeddah, o\u00f9 les ruelles anciennes et les \u00e9crans \u00e9ph\u00e9m\u00e8res se rencontrent pour c\u00e9l\u00e9brer un cin\u00e9ma ancr\u00e9 dans la m\u00e9moire et tourn\u00e9 vers l\u2019avenir.<\/p>\n\n\n\n<p><strong>Une mosa\u00efque d\u2019identit\u00e9s et de regards<\/strong><\/p>\n\n\n\n<p>Depuis sa cr\u00e9ation, le RSIFF a fait de la diversit\u00e9 des r\u00e9cits arabes l\u2019un de ses piliers. L\u2019\u00e9dition 2025 ne d\u00e9roge pas \u00e0 cette ambition : le programme Arab Shorts r\u00e9unit des cin\u00e9astes \u00e9mergents dont les \u0153uvres interrogent avec finesse les notions de m\u00e9moire, d\u2019identit\u00e9 et d\u2019appartenance. Ces films courts, souvent intimes mais toujours audacieux, abordent la complexit\u00e9 des soci\u00e9t\u00e9s arabes contemporaines en m\u00ealant r\u00e9alisme, po\u00e9sie et introspection.<\/p>\n\n\n\n<p>Le festival d\u00e9crit cette s\u00e9lection comme \u00ab une nouvelle vague de voix distinctives \u00bb, incarnant \u00e0 la fois la richesse culturelle du monde arabe et l\u2019universalit\u00e9 des \u00e9motions humaines. Chacun des onze films choisis explore un territoire singulier : celui du corps, du deuil, de la foi, de la peur, de la transmission ou encore de la solitude, mais tous partagent une m\u00eame volont\u00e9 \u2014 celle de donner forme au tumulte int\u00e9rieur d\u2019une g\u00e9n\u00e9ration qui observe, questionne et se r\u00e9invente.<\/p>\n\n\n\n<p><strong>Les films s\u00e9lectionn\u00e9s<\/strong><\/p>\n\n\n\n<p><strong>Coyotes<\/strong>, r\u00e9alis\u00e9 par <strong>Said Zagha<\/strong> (<em>Palestine<\/em>)<br>Dans un d\u00e9cor nocturne de Cisjordanie, un chirurgien palestinien rentre chez lui apr\u00e8s une garde \u00e9prouvante. Mais ce trajet banal devient une travers\u00e9e initiatique, o\u00f9 les fronti\u00e8res physiques et psychologiques se confondent. \u00c0 travers ce huis clos mobile, Zagha filme la fatigue, la peur et la r\u00e9sistance du quotidien sous occupation, dans une tension feutr\u00e9e o\u00f9 le silence p\u00e8se plus lourd que les mots.<\/p>\n\n\n\n<p><strong>Empty Lands<\/strong>, de <strong>Karim Eldin El Alfy<\/strong> (<em>\u00c9gypte<\/em>)<br>Un officier fid\u00e8le \u00e0 l\u2019\u00c9tat et son \u00e9pouse emm\u00e9nagent dans une maison autrefois occup\u00e9e par une famille d\u00e9plac\u00e9e. Les traces laiss\u00e9es par l\u2019ancienne pr\u00e9sence \u2014 notamment l\u2019ombre d\u2019une fille disparue \u2014 r\u00e9veillent un malaise diffus. Le film s\u2019impose comme une all\u00e9gorie subtile sur la culpabilit\u00e9 et la m\u00e9moire, interrogeant ce qui reste quand la loyaut\u00e9 se heurte \u00e0 l\u2019injustice.<\/p>\n\n\n\n<p><strong>Quo vadis, Meryem!<\/strong>, d\u2019<strong>Amine Zeriouh<\/strong> (<em>Maroc<\/em>)<br>Lorsqu\u2019une femme rend visite \u00e0 une amie mourante, elle d\u00e9cide de raviver un mariage us\u00e9 par le silence. Mais cette tentative r\u00e9veille d\u2019anciennes blessures familiales. Zeriouh livre ici un portrait sensible et nuanc\u00e9 du couple, o\u00f9 les non-dits deviennent des personnages \u00e0 part enti\u00e8re.<\/p>\n\n\n\n<p><strong>Umbilical Cord<\/strong>, d\u2019<strong>Ahmed Hasan Ahmed<\/strong> (<em>\u00c9mirats arabes unis<\/em>)<br>\u00c0 travers le parcours fi\u00e9vreux d\u2019un homme press\u00e9 par le temps et hant\u00e9 par ses appels manqu\u00e9s, le film adopte la forme d\u2019une odyss\u00e9e po\u00e9tique sur la peur et l\u2019espoir. Le montage rythmique et la photographie \u00e9pur\u00e9e traduisent la tension int\u00e9rieure d\u2019une \u00e2me suspendue entre urgence et r\u00e9demption.<\/p>\n\n\n\n<p><strong>With the Wind<\/strong>, d\u2019<strong>In\u00e8s Lehaire<\/strong> (<em>Maroc<\/em>)<br>Un vieux fleuriste d\u00e9cide de fermer boutique et de distribuer ses derni\u00e8res fleurs, entamant ainsi un voyage m\u00e9lancolique. Derri\u00e8re la simplicit\u00e9 du geste se cache une m\u00e9ditation sur la perte, la transmission et la beaut\u00e9 des adieux. Lehaire signe un film d\u00e9licat, empreint de douceur et de silence, o\u00f9 chaque bouquet devient offrande au temps qui passe.<\/p>\n\n\n\n<p><strong>Beyond the Mind<\/strong>, de <strong>Lanya Nooralddin<\/strong> (<em>Irak<\/em>)<br>L\u2019histoire de Mekhak, un \u00e2ne fid\u00e8le abandonn\u00e9 par sa famille, devient la m\u00e9taphore bouleversante de la d\u00e9votion et du rejet. \u00c0 travers cette fable minimaliste, la r\u00e9alisatrice irakienne aborde la loyaut\u00e9 et la solitude avec une intensit\u00e9 tragique, faisant dialoguer l\u2019humain et l\u2019animal dans un m\u00eame cri d\u2019incompr\u00e9hension.<\/p>\n\n\n\n<p><strong>Irtizaz<\/strong>, de <strong>Sara Balghonaim<\/strong> (<em>Arabie saoudite<\/em>)<br>Dans une soci\u00e9t\u00e9 o\u00f9 le regard social demeure implacable, une jeune divorc\u00e9e assiste \u00e0 des fun\u00e9railles o\u00f9 chaque geste devient comp\u00e9tition silencieuse. Par ce huis clos f\u00e9minin, Balghonaim offre une critique ac\u00e9r\u00e9e des rapports de genre et de classe, tout en r\u00e9v\u00e9lant la force des non-dits dans les espaces sociaux saoudiens.<\/p>\n\n\n\n<p><strong>Opening Ceremony<\/strong>, de <strong>Hussain Almutlaq<\/strong> (<em>Arabie saoudite<\/em>)<br>Un enfant de neuf ans, choisi pour couper le ruban lors de l\u2019inauguration d\u2019un centre culturel, doit en parall\u00e8le remettre une enveloppe secr\u00e8te pour sa m\u00e8re. Entre innocence et devoir, le film capte ce moment o\u00f9 l\u2019enfance bascule vers la conscience morale.<\/p>\n\n\n\n<p><strong>The Sea Remembers My Name<\/strong>, de <strong>Hussein Hossam<\/strong> (<em>\u00c9gypte<\/em>)<br>Apr\u00e8s la noyade de son fr\u00e8re jumeau, un gar\u00e7on endosse son identit\u00e9 pour regagner l\u2019amour d\u2019un p\u00e8re bris\u00e9. Hossam traite le th\u00e8me du deuil avec une sobri\u00e9t\u00e9 poignante, o\u00f9 la mer devient m\u00e9moire et miroir.<\/p>\n\n\n\n<p><strong>What If They Bomb Here Tonight?<\/strong>, de <strong>Samir Syriani<\/strong> (<em>Liban<\/em>)<br>Dans la p\u00e9nombre d\u2019une nuit mena\u00e7ante, un couple libanais reste \u00e9veill\u00e9, partag\u00e9 entre la peur du bombardement et l\u2019impossible d\u00e9cision de fuir. Syriani filme cette tension avec une pr\u00e9cision clinique, explorant la psych\u00e9 d\u2019un pays en attente permanente du pire.<\/p>\n\n\n\n<p><strong>She\u2019s Swimming<\/strong>, de <strong>Liliane Rahal<\/strong> (<em>Liban<\/em>)<br>\u00c0 la suite du d\u00e9c\u00e8s de sa cousine dans un crash a\u00e9rien, une cin\u00e9aste entreprend un voyage int\u00e9rieur au contact de la nature. Par le prisme du deuil, Rahal \u00e9voque la renaissance et la continuit\u00e9, dans un film contemplatif o\u00f9 la mer, encore, devient \u00e9l\u00e9ment de gu\u00e9rison.<\/p>\n\n\n\n<p><strong>Un miroir du monde arabe contemporain<\/strong><\/p>\n\n\n\n<p>En r\u00e9unissant ces onze r\u00e9cits, le Red Sea International Film Festival confirme son r\u00f4le de plateforme essentielle pour la jeune cr\u00e9ation arabe. Chaque film, par sa forme et son ton, t\u00e9moigne d\u2019un cin\u00e9ma en mutation, libre de ses codes, souvent intime mais toujours politique. Qu\u2019ils soient issus de Riyad, Ramallah, Beyrouth ou Casablanca, ces jeunes r\u00e9alisateurs traduisent une m\u00eame urgence : celle de raconter le r\u00e9el, de dire l\u2019indicible, de faire entendre des voix trop longtemps rel\u00e9gu\u00e9es.<\/p>\n\n\n\n<p>\u00c0 travers ces courts m\u00e9trages, le festival c\u00e9l\u00e8bre non seulement la diversit\u00e9 g\u00e9ographique et linguistique du monde arabe, mais aussi son souffle cr\u00e9atif, ancr\u00e9 dans les r\u00e9alit\u00e9s locales tout en dialoguant avec le monde. \u00c0 Djeddah, entre les pierres d\u2019Al-Balad et les lumi\u00e8res du port, ces histoires courtes promettent de r\u00e9sonner longtemps, comme autant d\u2019\u00e9chos d\u2019un cin\u00e9ma en pleine renaissance.<\/p>\n\n\n\n<p><strong>Ne\u00efla Driss<\/strong><\/p>\n","protected":false},"excerpt":{"rendered":"<p>\u00c0 l\u2019approche de sa cinqui\u00e8me \u00e9dition, le Festival international du film de la Mer Rouge (Red Sea International Film Festival, RSIFF) a lev\u00e9 le voile sur la s\u00e9lection officielle de son programme Arab Shorts 2025, une section d\u00e9di\u00e9e aux courts m\u00e9trages arabes en comp\u00e9tition. Cette ann\u00e9e, onze films venus d\u2019Arabie saoudite, de Palestine, du Liban, [&hellip;]<\/p>\n","protected":false},"author":3164,"featured_media":386126,"comment_status":"closed","ping_status":"closed","sticky":false,"template":"","format":"standard","meta":{"footnotes":""},"categories":[2594],"tags":[2626,2629,2930,2628,4709,3986,3987],"class_list":["post-386123","post","type-post","status-publish","format-standard","has-post-thumbnail","hentry","category-culture","tag-cinema","tag-cinema-arabe","tag-courts-metrages","tag-festival","tag-festival-international-du-film-de-la-mer-rouge","tag-rsiff","tag-rsiff-2025"],"yoast_head":"<!-- This site is optimized with the Yoast SEO Premium plugin v27.4 (Yoast SEO v27.4) - https:\/\/yoast.com\/product\/yoast-seo-premium-wordpress\/ -->\n<title>RSIFF 2025 \u2013 Des courts m\u00e9trages au c\u0153ur des r\u00e9alit\u00e9s arabes - webdo<\/title>\n<meta name=\"description\" content=\"RSIFF 2025 d\u00e9voile onze courts arabes de cin\u00e9astes \u00e9mergents, refl\u00e9tant la diversit\u00e9, la m\u00e9moire et les nouvelles voix du cin\u00e9ma de la r\u00e9gion\" \/>\n<link rel=\"canonical\" href=\"https:\/\/www.webdo.tn\/fr\/actualite\/culture\/rsiff-2025-des-courts-metrages-au-coeur-des-realites-arabes\/386123\/\" \/>\n<meta property=\"og:locale\" content=\"fr_FR\" \/>\n<meta property=\"og:type\" content=\"article\" \/>\n<meta property=\"og:title\" content=\"RSIFF 2025 \u2013 Des courts m\u00e9trages au c\u0153ur des r\u00e9alit\u00e9s arabes\" \/>\n<meta property=\"og:description\" content=\"RSIFF 2025 d\u00e9voile onze courts arabes de cin\u00e9astes \u00e9mergents, refl\u00e9tant la diversit\u00e9, la m\u00e9moire et les nouvelles voix du cin\u00e9ma de la r\u00e9gion\" \/>\n<meta property=\"og:url\" content=\"https:\/\/www.webdo.tn\/fr\/actualite\/culture\/rsiff-2025-des-courts-metrages-au-coeur-des-realites-arabes\/386123\/\" \/>\n<meta property=\"og:site_name\" content=\"webdo\" \/>\n<meta property=\"article:publisher\" content=\"https:\/\/www.facebook.com\/webdotn\" \/>\n<meta property=\"article:author\" content=\"https:\/\/www.facebook.com\/massir.destiniii\/\" \/>\n<meta property=\"article:published_time\" content=\"2025-10-13T11:19:57+00:00\" \/>\n<meta property=\"article:modified_time\" content=\"2025-10-23T11:22:34+00:00\" \/>\n<meta property=\"og:image\" content=\"https:\/\/www.webdo.tn\/fr\/wp-content\/uploads\/2025\/10\/RSIFF-2025-Arab-short-selection.jpg\" \/>\n\t<meta property=\"og:image:width\" content=\"2560\" \/>\n\t<meta property=\"og:image:height\" content=\"805\" \/>\n\t<meta property=\"og:image:type\" content=\"image\/jpeg\" \/>\n<meta name=\"author\" content=\"Ne\u00efla DRISS\" \/>\n<meta name=\"twitter:card\" content=\"summary_large_image\" \/>\n<meta name=\"twitter:creator\" content=\"@https:\/\/x.com\/MassirDestin\" \/>\n<meta name=\"twitter:site\" content=\"@webdo_tn\" \/>\n<meta name=\"twitter:label1\" content=\"\u00c9crit par\" \/>\n\t<meta name=\"twitter:data1\" content=\"Ne\u00efla DRISS\" \/>\n\t<meta name=\"twitter:label2\" content=\"Dur\u00e9e de lecture estim\u00e9e\" \/>\n\t<meta name=\"twitter:data2\" content=\"6 minutes\" \/>\n<script type=\"application\/ld+json\" class=\"yoast-schema-graph\">{\"@context\":\"https:\\\/\\\/schema.org\",\"@graph\":[{\"@type\":\"NewsArticle\",\"@id\":\"https:\\\/\\\/www.webdo.tn\\\/fr\\\/actualite\\\/culture\\\/rsiff-2025-des-courts-metrages-au-coeur-des-realites-arabes\\\/386123\\\/#article\",\"isPartOf\":{\"@id\":\"https:\\\/\\\/www.webdo.tn\\\/fr\\\/actualite\\\/culture\\\/rsiff-2025-des-courts-metrages-au-coeur-des-realites-arabes\\\/386123\\\/\"},\"author\":{\"name\":\"Ne\u00efla DRISS\",\"@id\":\"https:\\\/\\\/www.webdo.tn\\\/fr\\\/#\\\/schema\\\/person\\\/60d5ba619ed3f58783b0dc82b7dada80\"},\"headline\":\"RSIFF 2025 \u2013 Des courts m\u00e9trages au c\u0153ur des r\u00e9alit\u00e9s arabes\",\"datePublished\":\"2025-10-13T11:19:57+00:00\",\"dateModified\":\"2025-10-23T11:22:34+00:00\",\"mainEntityOfPage\":{\"@id\":\"https:\\\/\\\/www.webdo.tn\\\/fr\\\/actualite\\\/culture\\\/rsiff-2025-des-courts-metrages-au-coeur-des-realites-arabes\\\/386123\\\/\"},\"wordCount\":1201,\"publisher\":{\"@id\":\"https:\\\/\\\/www.webdo.tn\\\/fr\\\/#organization\"},\"image\":{\"@id\":\"https:\\\/\\\/www.webdo.tn\\\/fr\\\/actualite\\\/culture\\\/rsiff-2025-des-courts-metrages-au-coeur-des-realites-arabes\\\/386123\\\/#primaryimage\"},\"thumbnailUrl\":\"https:\\\/\\\/www.webdo.tn\\\/fr\\\/wp-content\\\/uploads\\\/2025\\\/10\\\/RSIFF-2025-Arab-short-selection.jpg\",\"keywords\":[\"Cin\u00e9ma\",\"Cin\u00e9ma arabe\",\"Courts m\u00e9trages\",\"Festival\",\"Festival International du Film de la Mer Rouge\",\"RSIFF\",\"RSIFF 2025\"],\"articleSection\":[\"Culture\"],\"inLanguage\":\"fr-FR\"},{\"@type\":\"WebPage\",\"@id\":\"https:\\\/\\\/www.webdo.tn\\\/fr\\\/actualite\\\/culture\\\/rsiff-2025-des-courts-metrages-au-coeur-des-realites-arabes\\\/386123\\\/\",\"url\":\"https:\\\/\\\/www.webdo.tn\\\/fr\\\/actualite\\\/culture\\\/rsiff-2025-des-courts-metrages-au-coeur-des-realites-arabes\\\/386123\\\/\",\"name\":\"RSIFF 2025 \u2013 Des courts m\u00e9trages au c\u0153ur des r\u00e9alit\u00e9s arabes - webdo\",\"isPartOf\":{\"@id\":\"https:\\\/\\\/www.webdo.tn\\\/fr\\\/#website\"},\"primaryImageOfPage\":{\"@id\":\"https:\\\/\\\/www.webdo.tn\\\/fr\\\/actualite\\\/culture\\\/rsiff-2025-des-courts-metrages-au-coeur-des-realites-arabes\\\/386123\\\/#primaryimage\"},\"image\":{\"@id\":\"https:\\\/\\\/www.webdo.tn\\\/fr\\\/actualite\\\/culture\\\/rsiff-2025-des-courts-metrages-au-coeur-des-realites-arabes\\\/386123\\\/#primaryimage\"},\"thumbnailUrl\":\"https:\\\/\\\/www.webdo.tn\\\/fr\\\/wp-content\\\/uploads\\\/2025\\\/10\\\/RSIFF-2025-Arab-short-selection.jpg\",\"datePublished\":\"2025-10-13T11:19:57+00:00\",\"dateModified\":\"2025-10-23T11:22:34+00:00\",\"description\":\"RSIFF 2025 d\u00e9voile onze courts arabes de cin\u00e9astes \u00e9mergents, refl\u00e9tant la diversit\u00e9, la m\u00e9moire et les nouvelles voix du cin\u00e9ma de la r\u00e9gion\",\"breadcrumb\":{\"@id\":\"https:\\\/\\\/www.webdo.tn\\\/fr\\\/actualite\\\/culture\\\/rsiff-2025-des-courts-metrages-au-coeur-des-realites-arabes\\\/386123\\\/#breadcrumb\"},\"inLanguage\":\"fr-FR\",\"potentialAction\":[{\"@type\":\"ReadAction\",\"target\":[\"https:\\\/\\\/www.webdo.tn\\\/fr\\\/actualite\\\/culture\\\/rsiff-2025-des-courts-metrages-au-coeur-des-realites-arabes\\\/386123\\\/\"]}]},{\"@type\":\"ImageObject\",\"inLanguage\":\"fr-FR\",\"@id\":\"https:\\\/\\\/www.webdo.tn\\\/fr\\\/actualite\\\/culture\\\/rsiff-2025-des-courts-metrages-au-coeur-des-realites-arabes\\\/386123\\\/#primaryimage\",\"url\":\"https:\\\/\\\/www.webdo.tn\\\/fr\\\/wp-content\\\/uploads\\\/2025\\\/10\\\/RSIFF-2025-Arab-short-selection.jpg\",\"contentUrl\":\"https:\\\/\\\/www.webdo.tn\\\/fr\\\/wp-content\\\/uploads\\\/2025\\\/10\\\/RSIFF-2025-Arab-short-selection.jpg\",\"width\":2560,\"height\":805,\"caption\":\"RSIFF 2025 Courts m\u00e9trages arabes\"},{\"@type\":\"BreadcrumbList\",\"@id\":\"https:\\\/\\\/www.webdo.tn\\\/fr\\\/actualite\\\/culture\\\/rsiff-2025-des-courts-metrages-au-coeur-des-realites-arabes\\\/386123\\\/#breadcrumb\",\"itemListElement\":[{\"@type\":\"ListItem\",\"position\":1,\"name\":\"Accueil\",\"item\":\"https:\\\/\\\/www.webdo.tn\\\/fr\\\/\"},{\"@type\":\"ListItem\",\"position\":2,\"name\":\"RSIFF 2025 \u2013 Des courts m\u00e9trages au c\u0153ur des r\u00e9alit\u00e9s arabes\"}]},{\"@type\":\"WebSite\",\"@id\":\"https:\\\/\\\/www.webdo.tn\\\/fr\\\/#website\",\"url\":\"https:\\\/\\\/www.webdo.tn\\\/fr\\\/\",\"name\":\"webdo\",\"description\":\"Tunisie - News en Tunisie et \u00e0 l&#039;international sur Webdo.tn\",\"publisher\":{\"@id\":\"https:\\\/\\\/www.webdo.tn\\\/fr\\\/#organization\"},\"potentialAction\":[{\"@type\":\"SearchAction\",\"target\":{\"@type\":\"EntryPoint\",\"urlTemplate\":\"https:\\\/\\\/www.webdo.tn\\\/fr\\\/?s={search_term_string}\"},\"query-input\":{\"@type\":\"PropertyValueSpecification\",\"valueRequired\":true,\"valueName\":\"search_term_string\"}}],\"inLanguage\":\"fr-FR\"},{\"@type\":\"Organization\",\"@id\":\"https:\\\/\\\/www.webdo.tn\\\/fr\\\/#organization\",\"name\":\"Webdo\",\"alternateName\":\"Webdo.tn\",\"url\":\"https:\\\/\\\/www.webdo.tn\\\/fr\\\/\",\"logo\":{\"@type\":\"ImageObject\",\"inLanguage\":\"fr-FR\",\"@id\":\"https:\\\/\\\/www.webdo.tn\\\/fr\\\/#\\\/schema\\\/logo\\\/image\\\/\",\"url\":\"https:\\\/\\\/www.webdo.tn\\\/fr\\\/wp-content\\\/uploads\\\/2025\\\/06\\\/Webdo-Tunisie_168377.jpg\",\"contentUrl\":\"https:\\\/\\\/www.webdo.tn\\\/fr\\\/wp-content\\\/uploads\\\/2025\\\/06\\\/Webdo-Tunisie_168377.jpg\",\"width\":301,\"height\":301,\"caption\":\"Webdo\"},\"image\":{\"@id\":\"https:\\\/\\\/www.webdo.tn\\\/fr\\\/#\\\/schema\\\/logo\\\/image\\\/\"},\"sameAs\":[\"https:\\\/\\\/www.facebook.com\\\/webdotn\",\"https:\\\/\\\/x.com\\\/webdo_tn\"],\"description\":\"Webdo est un m\u00e9dia num\u00e9rique tunisien fond\u00e9 en 2010, sp\u00e9cialis\u00e9 dans l\u2019actualit\u00e9 nationale et internationale, l\u2019\u00e9conomie, la soci\u00e9t\u00e9 et les analyses politiques. Le site s\u2019adresse \u00e0 un large public francophone et couvre l\u2019information tunisienne en temps r\u00e9el.\",\"email\":\"redac@webdo.tn\",\"legalName\":\"YNJ SARL\",\"foundingDate\":\"2010-09-06\",\"numberOfEmployees\":{\"@type\":\"QuantitativeValue\",\"minValue\":\"11\",\"maxValue\":\"50\"}},{\"@type\":\"Person\",\"@id\":\"https:\\\/\\\/www.webdo.tn\\\/fr\\\/#\\\/schema\\\/person\\\/60d5ba619ed3f58783b0dc82b7dada80\",\"name\":\"Ne\u00efla DRISS\",\"image\":{\"@type\":\"ImageObject\",\"inLanguage\":\"fr-FR\",\"@id\":\"https:\\\/\\\/www.webdo.tn\\\/fr\\\/wp-content\\\/uploads\\\/2026\\\/04\\\/neila-driss_avatar-96x96.jpg\",\"url\":\"https:\\\/\\\/www.webdo.tn\\\/fr\\\/wp-content\\\/uploads\\\/2026\\\/04\\\/neila-driss_avatar-96x96.jpg\",\"contentUrl\":\"https:\\\/\\\/www.webdo.tn\\\/fr\\\/wp-content\\\/uploads\\\/2026\\\/04\\\/neila-driss_avatar-96x96.jpg\",\"caption\":\"Ne\u00efla DRISS\"},\"description\":\"Ne\u00efla Driss est juriste, journaliste culturelle et critique de cin\u00e9ma tunisienne. Titulaire d\u2019un DEA en droit priv\u00e9 de l\u2019Universit\u00e9 Paris II et d\u2019un DESS de l\u2019IHEC Carthage, elle d\u00e9bute sa carri\u00e8re comme juriste sp\u00e9cialis\u00e9e en gestion de patrimoine immobilier. Elle s\u2019oriente ensuite vers l\u2019\u00e9criture en ligne, o\u00f9 elle se distingue d\u00e8s 2006 aux Tunisia Blog Awards, avant de se consacrer au journalisme culturel, avec une sp\u00e9cialisation dans la critique cin\u00e9matographique. Elle couvre r\u00e9guli\u00e8rement les grands festivals internationaux, notamment le Festival de Cannes, les Journ\u00e9es Cin\u00e9matographiques de Carthage et le Festival du film du Caire. Membre de l\u2019ATPCC et de la FIPRESCI, elle participe \u00e0 des jurys et initiatives internationales de critique. Depuis 2024, elle est \u00e9lectrice internationale aux Golden Globes. Facebook : https:\\\/\\\/www.facebook.com\\\/massir.destiniii\\\/ X : https:\\\/\\\/x.com\\\/MassirDestin\",\"sameAs\":[\"https:\\\/\\\/www.facebook.com\\\/massir.destiniii\\\/\",\"https:\\\/\\\/www.instagram.com\\\/neila.driss\\\/?hl=fr\",\"https:\\\/\\\/www.linkedin.com\\\/in\\\/neila-driss-22606a80\\\/\",\"https:\\\/\\\/x.com\\\/https:\\\/\\\/x.com\\\/MassirDestin\"],\"knowsAbout\":[\"Cin\u00e9ma international\",\"critique cin\u00e9matographique\",\"festivals de cin\u00e9ma\",\"journalisme culturel\"],\"knowsLanguage\":[\"Fran\u00e7ais\",\"Arabe\",\"Anglais\"],\"jobTitle\":\"Journaliste culturelle et critique de cin\u00e9ma\",\"worksFor\":\"Webdo\",\"url\":\"https:\\\/\\\/www.webdo.tn\\\/fr\\\/actualite\\\/author\\\/neila-driss\\\/\"}]}<\/script>\n<!-- \/ Yoast SEO Premium plugin. -->","yoast_head_json":{"title":"RSIFF 2025 \u2013 Des courts m\u00e9trages au c\u0153ur des r\u00e9alit\u00e9s arabes - webdo","description":"RSIFF 2025 d\u00e9voile onze courts arabes de cin\u00e9astes \u00e9mergents, refl\u00e9tant la diversit\u00e9, la m\u00e9moire et les nouvelles voix du cin\u00e9ma de la r\u00e9gion","canonical":"https:\/\/www.webdo.tn\/fr\/actualite\/culture\/rsiff-2025-des-courts-metrages-au-coeur-des-realites-arabes\/386123\/","og_locale":"fr_FR","og_type":"article","og_title":"RSIFF 2025 \u2013 Des courts m\u00e9trages au c\u0153ur des r\u00e9alit\u00e9s arabes","og_description":"RSIFF 2025 d\u00e9voile onze courts arabes de cin\u00e9astes \u00e9mergents, refl\u00e9tant la diversit\u00e9, la m\u00e9moire et les nouvelles voix du cin\u00e9ma de la r\u00e9gion","og_url":"https:\/\/www.webdo.tn\/fr\/actualite\/culture\/rsiff-2025-des-courts-metrages-au-coeur-des-realites-arabes\/386123\/","og_site_name":"webdo","article_publisher":"https:\/\/www.facebook.com\/webdotn","article_author":"https:\/\/www.facebook.com\/massir.destiniii\/","article_published_time":"2025-10-13T11:19:57+00:00","article_modified_time":"2025-10-23T11:22:34+00:00","og_image":[{"width":2560,"height":805,"url":"https:\/\/www.webdo.tn\/fr\/wp-content\/uploads\/2025\/10\/RSIFF-2025-Arab-short-selection.jpg","type":"image\/jpeg"}],"author":"Ne\u00efla DRISS","twitter_card":"summary_large_image","twitter_creator":"@https:\/\/x.com\/MassirDestin","twitter_site":"@webdo_tn","twitter_misc":{"\u00c9crit par":"Ne\u00efla DRISS","Dur\u00e9e de lecture estim\u00e9e":"6 minutes"},"schema":{"@context":"https:\/\/schema.org","@graph":[{"@type":"NewsArticle","@id":"https:\/\/www.webdo.tn\/fr\/actualite\/culture\/rsiff-2025-des-courts-metrages-au-coeur-des-realites-arabes\/386123\/#article","isPartOf":{"@id":"https:\/\/www.webdo.tn\/fr\/actualite\/culture\/rsiff-2025-des-courts-metrages-au-coeur-des-realites-arabes\/386123\/"},"author":{"name":"Ne\u00efla DRISS","@id":"https:\/\/www.webdo.tn\/fr\/#\/schema\/person\/60d5ba619ed3f58783b0dc82b7dada80"},"headline":"RSIFF 2025 \u2013 Des courts m\u00e9trages au c\u0153ur des r\u00e9alit\u00e9s arabes","datePublished":"2025-10-13T11:19:57+00:00","dateModified":"2025-10-23T11:22:34+00:00","mainEntityOfPage":{"@id":"https:\/\/www.webdo.tn\/fr\/actualite\/culture\/rsiff-2025-des-courts-metrages-au-coeur-des-realites-arabes\/386123\/"},"wordCount":1201,"publisher":{"@id":"https:\/\/www.webdo.tn\/fr\/#organization"},"image":{"@id":"https:\/\/www.webdo.tn\/fr\/actualite\/culture\/rsiff-2025-des-courts-metrages-au-coeur-des-realites-arabes\/386123\/#primaryimage"},"thumbnailUrl":"https:\/\/www.webdo.tn\/fr\/wp-content\/uploads\/2025\/10\/RSIFF-2025-Arab-short-selection.jpg","keywords":["Cin\u00e9ma","Cin\u00e9ma arabe","Courts m\u00e9trages","Festival","Festival International du Film de la Mer Rouge","RSIFF","RSIFF 2025"],"articleSection":["Culture"],"inLanguage":"fr-FR"},{"@type":"WebPage","@id":"https:\/\/www.webdo.tn\/fr\/actualite\/culture\/rsiff-2025-des-courts-metrages-au-coeur-des-realites-arabes\/386123\/","url":"https:\/\/www.webdo.tn\/fr\/actualite\/culture\/rsiff-2025-des-courts-metrages-au-coeur-des-realites-arabes\/386123\/","name":"RSIFF 2025 \u2013 Des courts m\u00e9trages au c\u0153ur des r\u00e9alit\u00e9s arabes - webdo","isPartOf":{"@id":"https:\/\/www.webdo.tn\/fr\/#website"},"primaryImageOfPage":{"@id":"https:\/\/www.webdo.tn\/fr\/actualite\/culture\/rsiff-2025-des-courts-metrages-au-coeur-des-realites-arabes\/386123\/#primaryimage"},"image":{"@id":"https:\/\/www.webdo.tn\/fr\/actualite\/culture\/rsiff-2025-des-courts-metrages-au-coeur-des-realites-arabes\/386123\/#primaryimage"},"thumbnailUrl":"https:\/\/www.webdo.tn\/fr\/wp-content\/uploads\/2025\/10\/RSIFF-2025-Arab-short-selection.jpg","datePublished":"2025-10-13T11:19:57+00:00","dateModified":"2025-10-23T11:22:34+00:00","description":"RSIFF 2025 d\u00e9voile onze courts arabes de cin\u00e9astes \u00e9mergents, refl\u00e9tant la diversit\u00e9, la m\u00e9moire et les nouvelles voix du cin\u00e9ma de la r\u00e9gion","breadcrumb":{"@id":"https:\/\/www.webdo.tn\/fr\/actualite\/culture\/rsiff-2025-des-courts-metrages-au-coeur-des-realites-arabes\/386123\/#breadcrumb"},"inLanguage":"fr-FR","potentialAction":[{"@type":"ReadAction","target":["https:\/\/www.webdo.tn\/fr\/actualite\/culture\/rsiff-2025-des-courts-metrages-au-coeur-des-realites-arabes\/386123\/"]}]},{"@type":"ImageObject","inLanguage":"fr-FR","@id":"https:\/\/www.webdo.tn\/fr\/actualite\/culture\/rsiff-2025-des-courts-metrages-au-coeur-des-realites-arabes\/386123\/#primaryimage","url":"https:\/\/www.webdo.tn\/fr\/wp-content\/uploads\/2025\/10\/RSIFF-2025-Arab-short-selection.jpg","contentUrl":"https:\/\/www.webdo.tn\/fr\/wp-content\/uploads\/2025\/10\/RSIFF-2025-Arab-short-selection.jpg","width":2560,"height":805,"caption":"RSIFF 2025 Courts m\u00e9trages arabes"},{"@type":"BreadcrumbList","@id":"https:\/\/www.webdo.tn\/fr\/actualite\/culture\/rsiff-2025-des-courts-metrages-au-coeur-des-realites-arabes\/386123\/#breadcrumb","itemListElement":[{"@type":"ListItem","position":1,"name":"Accueil","item":"https:\/\/www.webdo.tn\/fr\/"},{"@type":"ListItem","position":2,"name":"RSIFF 2025 \u2013 Des courts m\u00e9trages au c\u0153ur des r\u00e9alit\u00e9s arabes"}]},{"@type":"WebSite","@id":"https:\/\/www.webdo.tn\/fr\/#website","url":"https:\/\/www.webdo.tn\/fr\/","name":"webdo","description":"Tunisie - News en Tunisie et \u00e0 l&#039;international sur Webdo.tn","publisher":{"@id":"https:\/\/www.webdo.tn\/fr\/#organization"},"potentialAction":[{"@type":"SearchAction","target":{"@type":"EntryPoint","urlTemplate":"https:\/\/www.webdo.tn\/fr\/?s={search_term_string}"},"query-input":{"@type":"PropertyValueSpecification","valueRequired":true,"valueName":"search_term_string"}}],"inLanguage":"fr-FR"},{"@type":"Organization","@id":"https:\/\/www.webdo.tn\/fr\/#organization","name":"Webdo","alternateName":"Webdo.tn","url":"https:\/\/www.webdo.tn\/fr\/","logo":{"@type":"ImageObject","inLanguage":"fr-FR","@id":"https:\/\/www.webdo.tn\/fr\/#\/schema\/logo\/image\/","url":"https:\/\/www.webdo.tn\/fr\/wp-content\/uploads\/2025\/06\/Webdo-Tunisie_168377.jpg","contentUrl":"https:\/\/www.webdo.tn\/fr\/wp-content\/uploads\/2025\/06\/Webdo-Tunisie_168377.jpg","width":301,"height":301,"caption":"Webdo"},"image":{"@id":"https:\/\/www.webdo.tn\/fr\/#\/schema\/logo\/image\/"},"sameAs":["https:\/\/www.facebook.com\/webdotn","https:\/\/x.com\/webdo_tn"],"description":"Webdo est un m\u00e9dia num\u00e9rique tunisien fond\u00e9 en 2010, sp\u00e9cialis\u00e9 dans l\u2019actualit\u00e9 nationale et internationale, l\u2019\u00e9conomie, la soci\u00e9t\u00e9 et les analyses politiques. Le site s\u2019adresse \u00e0 un large public francophone et couvre l\u2019information tunisienne en temps r\u00e9el.","email":"redac@webdo.tn","legalName":"YNJ SARL","foundingDate":"2010-09-06","numberOfEmployees":{"@type":"QuantitativeValue","minValue":"11","maxValue":"50"}},{"@type":"Person","@id":"https:\/\/www.webdo.tn\/fr\/#\/schema\/person\/60d5ba619ed3f58783b0dc82b7dada80","name":"Ne\u00efla DRISS","image":{"@type":"ImageObject","inLanguage":"fr-FR","@id":"https:\/\/www.webdo.tn\/fr\/wp-content\/uploads\/2026\/04\/neila-driss_avatar-96x96.jpg","url":"https:\/\/www.webdo.tn\/fr\/wp-content\/uploads\/2026\/04\/neila-driss_avatar-96x96.jpg","contentUrl":"https:\/\/www.webdo.tn\/fr\/wp-content\/uploads\/2026\/04\/neila-driss_avatar-96x96.jpg","caption":"Ne\u00efla DRISS"},"description":"Ne\u00efla Driss est juriste, journaliste culturelle et critique de cin\u00e9ma tunisienne. Titulaire d\u2019un DEA en droit priv\u00e9 de l\u2019Universit\u00e9 Paris II et d\u2019un DESS de l\u2019IHEC Carthage, elle d\u00e9bute sa carri\u00e8re comme juriste sp\u00e9cialis\u00e9e en gestion de patrimoine immobilier. Elle s\u2019oriente ensuite vers l\u2019\u00e9criture en ligne, o\u00f9 elle se distingue d\u00e8s 2006 aux Tunisia Blog Awards, avant de se consacrer au journalisme culturel, avec une sp\u00e9cialisation dans la critique cin\u00e9matographique. Elle couvre r\u00e9guli\u00e8rement les grands festivals internationaux, notamment le Festival de Cannes, les Journ\u00e9es Cin\u00e9matographiques de Carthage et le Festival du film du Caire. Membre de l\u2019ATPCC et de la FIPRESCI, elle participe \u00e0 des jurys et initiatives internationales de critique. Depuis 2024, elle est \u00e9lectrice internationale aux Golden Globes. Facebook : https:\/\/www.facebook.com\/massir.destiniii\/ X : https:\/\/x.com\/MassirDestin","sameAs":["https:\/\/www.facebook.com\/massir.destiniii\/","https:\/\/www.instagram.com\/neila.driss\/?hl=fr","https:\/\/www.linkedin.com\/in\/neila-driss-22606a80\/","https:\/\/x.com\/https:\/\/x.com\/MassirDestin"],"knowsAbout":["Cin\u00e9ma international","critique cin\u00e9matographique","festivals de cin\u00e9ma","journalisme culturel"],"knowsLanguage":["Fran\u00e7ais","Arabe","Anglais"],"jobTitle":"Journaliste culturelle et critique de cin\u00e9ma","worksFor":"Webdo","url":"https:\/\/www.webdo.tn\/fr\/actualite\/author\/neila-driss\/"}]}},"_links":{"self":[{"href":"https:\/\/www.webdo.tn\/fr\/wp-json\/wp\/v2\/posts\/386123","targetHints":{"allow":["GET"]}}],"collection":[{"href":"https:\/\/www.webdo.tn\/fr\/wp-json\/wp\/v2\/posts"}],"about":[{"href":"https:\/\/www.webdo.tn\/fr\/wp-json\/wp\/v2\/types\/post"}],"author":[{"embeddable":true,"href":"https:\/\/www.webdo.tn\/fr\/wp-json\/wp\/v2\/users\/3164"}],"replies":[{"embeddable":true,"href":"https:\/\/www.webdo.tn\/fr\/wp-json\/wp\/v2\/comments?post=386123"}],"version-history":[{"count":0,"href":"https:\/\/www.webdo.tn\/fr\/wp-json\/wp\/v2\/posts\/386123\/revisions"}],"wp:featuredmedia":[{"embeddable":true,"href":"https:\/\/www.webdo.tn\/fr\/wp-json\/wp\/v2\/media\/386126"}],"wp:attachment":[{"href":"https:\/\/www.webdo.tn\/fr\/wp-json\/wp\/v2\/media?parent=386123"}],"wp:term":[{"taxonomy":"category","embeddable":true,"href":"https:\/\/www.webdo.tn\/fr\/wp-json\/wp\/v2\/categories?post=386123"},{"taxonomy":"post_tag","embeddable":true,"href":"https:\/\/www.webdo.tn\/fr\/wp-json\/wp\/v2\/tags?post=386123"}],"curies":[{"name":"wp","href":"https:\/\/api.w.org\/{rel}","templated":true}]}}