{"id":386121,"date":"2025-10-23T12:16:39","date_gmt":"2025-10-23T11:16:39","guid":{"rendered":"https:\/\/www.webdo.tn\/fr\/?p=386121"},"modified":"2025-10-23T12:16:39","modified_gmt":"2025-10-23T11:16:39","slug":"orange-tunisie-la-15%e1%b5%89-edition-du-summer-challenge-celebre-linnovation-durable-des-jeunes-talents","status":"publish","type":"post","link":"https:\/\/www.webdo.tn\/fr\/actualite\/national\/orange-tunisie-la-15%e1%b5%89-edition-du-summer-challenge-celebre-linnovation-durable-des-jeunes-talents\/386121\/","title":{"rendered":"Orange Tunisie : la 15\u1d49 \u00e9dition du Summer Challenge c\u00e9l\u00e8bre l\u2019innovation durable des jeunes talents"},"content":{"rendered":"\n<p>La c\u00e9r\u00e9monie de cl\u00f4ture de la 15\u1d49 \u00e9dition du Orange Summer Challenge (OSC) s\u2019est tenue ce mercredi au Th\u00e9\u00e2tre des Jeunes Cr\u00e9ateurs \u00e0 la Cit\u00e9 de la Culture. L\u2019\u00e9v\u00e9nement, organis\u00e9 par le r\u00e9seau Orange Digital Centers en Afrique et au Moyen-Orient, met en lumi\u00e8re les jeunes talents tunisiens engag\u00e9s dans la technologie et l\u2019innovation durable.<\/p>\n\n\n\n<h2 class=\"wp-block-heading\" id=\"h-startup4good-transformer-des-idees-en-solutions-concretes\">Startup4Good : transformer des id\u00e9es en solutions concr\u00e8tes<\/h2>\n\n\n\n<p>Plac\u00e9e sous le th\u00e8me \u00ab Startup4Good : des solutions durables port\u00e9es par les talents de demain \u00bb, cette \u00e9dition a r\u00e9uni 25 stagiaires encadrant 4 porteurs de projets, avec pour objectif de convertir des id\u00e9es novatrices en solutions technologiques concr\u00e8tes.<\/p>\n\n\n\n<p>Pendant trois mois, les participants ont b\u00e9n\u00e9fici\u00e9 d\u2019un coaching intensif, assur\u00e9 par l\u2019Orange Developer Center, le FabLab Solidaire EL FabSpace Lac, ainsi que les partenaires AWS, META, Dar Blockchain &amp; The Hashgraph Association et le PNUD. Plus de 50 sessions de formation et de mentorat ont \u00e9t\u00e9 dispens\u00e9es sur des th\u00e9matiques cl\u00e9s telles que l\u2019intelligence artificielle, le cloud computing et la gestion financi\u00e8re.<\/p>\n\n\n\n<h2 class=\"wp-block-heading\" id=\"h-quatre-projets-a-fort-impact-environnemental-et-societal\">Quatre projets \u00e0 fort impact environnemental et soci\u00e9tal<\/h2>\n\n\n\n<p>Les jeunes talents ont d\u00e9velopp\u00e9 des solutions innovantes dans les secteurs environnement, \u00e9conomie circulaire, agriculture et gestion de l\u2019eau :<\/p>\n\n\n\n<ul class=\"wp-block-list\">\n<li>AlgaePool : production locale de spiruline via des unit\u00e9s modulaires fabriqu\u00e9es \u00e0 partir de containers recycl\u00e9s.<\/li>\n<\/ul>\n\n\n\n<ul class=\"wp-block-list\">\n<li>Valbio D\u00e9chets Composites : transformation de d\u00e9chets plastiques et agricoles en granul\u00e9s \u00e9cologiques et filaments 3D.<\/li>\n<\/ul>\n\n\n\n<ul class=\"wp-block-list\">\n<li>Bean Back : revalorisation du marc de caf\u00e9 pour des usages en cosm\u00e9tique, agriculture et agroalimentaire.<\/li>\n<\/ul>\n\n\n\n<ul class=\"wp-block-list\">\n<li>WEDTECT \u2013 DripIn : syst\u00e8me intelligent bas\u00e9 sur l\u2019IA et le cloud pour d\u00e9tecter les fuites d\u2019eau et optimiser la gestion des ressources hydriques.<\/li>\n<\/ul>\n\n\n\n<p>Plus de 300 participants, issus du monde acad\u00e9mique, professionnel et m\u00e9diatique, ont assist\u00e9 aux pr\u00e9sentations et vot\u00e9 en direct pour \u00e9lire l\u2019\u00e9quipe la plus convaincante.<\/p>\n\n\n\n<h2 class=\"wp-block-heading\" id=\"h-des-prix-pour-stimuler-l-innovation-et-la-montee-en-competences\">Des prix pour stimuler l\u2019innovation et la mont\u00e9e en comp\u00e9tences<\/h2>\n\n\n\n<p>Les laur\u00e9ats de l\u2019\u00e9dition 2025 ont \u00e9t\u00e9 r\u00e9compens\u00e9s par Orange Tunisie :<\/p>\n\n\n\n<ul class=\"wp-block-list\">\n<li>1er prix \u2013 WEDTECT : 7000 DT<\/li>\n\n\n\n<li>2\u1d49 prix \u2013 Bean Back : 5000 DT<\/li>\n\n\n\n<li>3\u1d49 prix \u2013 AlgaePool : 3000 DT<\/li>\n\n\n\n<li>4\u1d49 prix \u2013 Valbio D\u00e9chets Composites : 2000 DT<\/li>\n<\/ul>\n\n\n\n<p>Ces \u00e9quipes repr\u00e9senteront la Tunisie lors de la finale internationale du OSC, aux c\u00f4t\u00e9s des gagnants de 14 autres pays du r\u00e9seau Orange Digital Center, avec un soutien financier et un accompagnement personnalis\u00e9 pour concr\u00e9tiser leurs projets \u00e0 grande \u00e9chelle.<\/p>\n\n\n\n<h2 class=\"wp-block-heading\" id=\"h-orange-summer-challenge-un-tremplin-pour-les-talents\">Orange Summer Challenge : un tremplin pour les talents<\/h2>\n\n\n\n<p>Cr\u00e9\u00e9 en 2010, le Orange Summer Challenge est un programme de stage d\u2019\u00e9t\u00e9 sous forme de comp\u00e9tition, offrant aux jeunes participants la possibilit\u00e9 de d\u00e9velopper leurs comp\u00e9tences techniques, entrepreneuriales et soft skills, tout en apportant des solutions technologiques aux enjeux soci\u00e9taux.<\/p>\n\n\n\n<p><\/p>\n\n\n\n<blockquote class=\"wp-block-quote is-layout-flow wp-block-quote-is-layout-flow\">\n<blockquote class=\"wp-block-quote is-layout-flow wp-block-quote-is-layout-flow\">\n<p><strong>Lire aussi<\/strong><\/p>\n\n\n\n<ul class=\"wp-block-list\">\n<li><a href=\"https:\/\/www.webdo.tn\/fr\/actualite\/national\/fondation-orange-tunisie-un-nouvel-elan-pour-leducation-numerique-et-solidaire\/384483\/\">Fondation Orange Tunisie : Un nouvel \u00e9lan pour l\u2019\u00e9ducation num\u00e9rique et solidaire<\/a><\/li>\n\n\n\n<li><a href=\"https:\/\/www.webdo.tn\/fr\/actualite\/national\/orange-tunisie-celebre-lexcellence-scolaire-lors-de-la-12%e1%b5%89-edition-de-smart-day\/384255\/\">Orange Tunisie c\u00e9l\u00e8bre l\u2019excellence scolaire lors de la 12\u1d49 \u00e9dition de Smart Day<\/a><\/li>\n\n\n\n<li><a href=\"https:\/\/www.webdo.tn\/fr\/actualite\/national\/orange-fab-tunisie-ouvre-sa-8%e1%b5%89-saison-appel-a-candidatures-pour-les-start-up\/384006\/\">Orange Fab Tunisie ouvre sa 8\u1d49 saison : appel \u00e0 candidatures pour les start-up<\/a><\/li>\n<\/ul>\n<\/blockquote>\n<\/blockquote>\n","protected":false},"excerpt":{"rendered":"<p>La c\u00e9r\u00e9monie de cl\u00f4ture de la 15\u1d49 \u00e9dition du Orange Summer Challenge (OSC) s\u2019est tenue ce mercredi au Th\u00e9\u00e2tre des Jeunes Cr\u00e9ateurs \u00e0 la Cit\u00e9 de la Culture. L\u2019\u00e9v\u00e9nement, organis\u00e9 par le r\u00e9seau Orange Digital Centers en Afrique et au Moyen-Orient, met en lumi\u00e8re les jeunes talents tunisiens engag\u00e9s dans la technologie et l\u2019innovation durable. [&hellip;]<\/p>\n","protected":false},"author":3191,"featured_media":386124,"comment_status":"closed","ping_status":"closed","sticky":false,"template":"","format":"standard","meta":{"footnotes":""},"categories":[44,11909],"tags":[5095,2718,2608],"class_list":["post-386121","post","type-post","status-publish","format-standard","has-post-thumbnail","hentry","category-national","category-tendances","tag-orange-summer-challenge","tag-orange-tunisie","tag-tunisie"],"yoast_head":"<!-- This site is optimized with the Yoast SEO Premium plugin v27.5 (Yoast SEO v27.5) - https:\/\/yoast.com\/product\/yoast-seo-premium-wordpress\/ -->\n<title>Orange Tunisie : la 15\u1d49 \u00e9dition du Summer Challenge c\u00e9l\u00e8bre l\u2019innovation durable des jeunes talents - webdo<\/title>\n<meta name=\"description\" content=\"D\u00e9couvrez comment Orange Tunisie c\u00e9l\u00e8bre l\u2019innovation durable lors de la 15\u1d49 \u00e9dition du Summer Challenge avec des jeunes talents.\" \/>\n<link rel=\"canonical\" href=\"https:\/\/www.webdo.tn\/fr\/actualite\/national\/orange-tunisie-la-15\u1d49-edition-du-summer-challenge-celebre-linnovation-durable-des-jeunes-talents\/386121\/\" \/>\n<meta property=\"og:locale\" content=\"fr_FR\" \/>\n<meta property=\"og:type\" content=\"article\" \/>\n<meta property=\"og:title\" content=\"Orange Tunisie : la 15\u1d49 \u00e9dition du Summer Challenge c\u00e9l\u00e8bre l\u2019innovation durable des jeunes talents\" \/>\n<meta property=\"og:description\" content=\"D\u00e9couvrez comment Orange Tunisie c\u00e9l\u00e8bre l\u2019innovation durable lors de la 15\u1d49 \u00e9dition du Summer Challenge avec des jeunes talents.\" \/>\n<meta property=\"og:url\" content=\"https:\/\/www.webdo.tn\/fr\/actualite\/national\/orange-tunisie-la-15\u1d49-edition-du-summer-challenge-celebre-linnovation-durable-des-jeunes-talents\/386121\/\" \/>\n<meta property=\"og:site_name\" content=\"webdo\" \/>\n<meta property=\"article:publisher\" content=\"https:\/\/www.facebook.com\/webdotn\" \/>\n<meta property=\"article:published_time\" content=\"2025-10-23T11:16:39+00:00\" \/>\n<meta property=\"og:image\" content=\"https:\/\/www.webdo.tn\/fr\/wp-content\/uploads\/2025\/10\/image001.jpg\" \/>\n\t<meta property=\"og:image:width\" content=\"931\" \/>\n\t<meta property=\"og:image:height\" content=\"452\" \/>\n\t<meta property=\"og:image:type\" content=\"image\/jpeg\" \/>\n<meta name=\"author\" content=\"Mohamed Hedi Touati\" \/>\n<meta name=\"twitter:card\" content=\"summary_large_image\" \/>\n<meta name=\"twitter:creator\" content=\"@webdo_tn\" \/>\n<meta name=\"twitter:site\" content=\"@webdo_tn\" \/>\n<meta name=\"twitter:label1\" content=\"\u00c9crit par\" \/>\n\t<meta name=\"twitter:data1\" content=\"Mohamed Hedi Touati\" \/>\n\t<meta name=\"twitter:label2\" content=\"Dur\u00e9e de lecture estim\u00e9e\" \/>\n\t<meta name=\"twitter:data2\" content=\"3 minutes\" \/>\n<script type=\"application\/ld+json\" class=\"yoast-schema-graph\">{\"@context\":\"https:\\\/\\\/schema.org\",\"@graph\":[{\"@type\":\"NewsArticle\",\"@id\":\"https:\\\/\\\/www.webdo.tn\\\/fr\\\/actualite\\\/national\\\/orange-tunisie-la-15%e1%b5%89-edition-du-summer-challenge-celebre-linnovation-durable-des-jeunes-talents\\\/386121\\\/#article\",\"isPartOf\":{\"@id\":\"https:\\\/\\\/www.webdo.tn\\\/fr\\\/actualite\\\/national\\\/orange-tunisie-la-15%e1%b5%89-edition-du-summer-challenge-celebre-linnovation-durable-des-jeunes-talents\\\/386121\\\/\"},\"author\":{\"name\":\"Mohamed Hedi Touati\",\"@id\":\"https:\\\/\\\/www.webdo.tn\\\/fr\\\/#\\\/schema\\\/person\\\/c652cd8fc2b1b44412b5ffb48c5a911d\"},\"headline\":\"Orange Tunisie : la 15\u1d49 \u00e9dition du Summer Challenge c\u00e9l\u00e8bre l\u2019innovation durable des jeunes talents\",\"datePublished\":\"2025-10-23T11:16:39+00:00\",\"mainEntityOfPage\":{\"@id\":\"https:\\\/\\\/www.webdo.tn\\\/fr\\\/actualite\\\/national\\\/orange-tunisie-la-15%e1%b5%89-edition-du-summer-challenge-celebre-linnovation-durable-des-jeunes-talents\\\/386121\\\/\"},\"wordCount\":519,\"publisher\":{\"@id\":\"https:\\\/\\\/www.webdo.tn\\\/fr\\\/#organization\"},\"image\":{\"@id\":\"https:\\\/\\\/www.webdo.tn\\\/fr\\\/actualite\\\/national\\\/orange-tunisie-la-15%e1%b5%89-edition-du-summer-challenge-celebre-linnovation-durable-des-jeunes-talents\\\/386121\\\/#primaryimage\"},\"thumbnailUrl\":\"https:\\\/\\\/www.webdo.tn\\\/fr\\\/wp-content\\\/uploads\\\/2025\\\/10\\\/image001.jpg\",\"keywords\":[\"Orange Summer Challenge\",\"Orange Tunisie\",\"Tunisie\"],\"articleSection\":[\"National\",\"Tendances\"],\"inLanguage\":\"fr-FR\"},{\"@type\":\"WebPage\",\"@id\":\"https:\\\/\\\/www.webdo.tn\\\/fr\\\/actualite\\\/national\\\/orange-tunisie-la-15%e1%b5%89-edition-du-summer-challenge-celebre-linnovation-durable-des-jeunes-talents\\\/386121\\\/\",\"url\":\"https:\\\/\\\/www.webdo.tn\\\/fr\\\/actualite\\\/national\\\/orange-tunisie-la-15%e1%b5%89-edition-du-summer-challenge-celebre-linnovation-durable-des-jeunes-talents\\\/386121\\\/\",\"name\":\"Orange Tunisie : la 15\u1d49 \u00e9dition du Summer Challenge c\u00e9l\u00e8bre l\u2019innovation durable des jeunes talents - webdo\",\"isPartOf\":{\"@id\":\"https:\\\/\\\/www.webdo.tn\\\/fr\\\/#website\"},\"primaryImageOfPage\":{\"@id\":\"https:\\\/\\\/www.webdo.tn\\\/fr\\\/actualite\\\/national\\\/orange-tunisie-la-15%e1%b5%89-edition-du-summer-challenge-celebre-linnovation-durable-des-jeunes-talents\\\/386121\\\/#primaryimage\"},\"image\":{\"@id\":\"https:\\\/\\\/www.webdo.tn\\\/fr\\\/actualite\\\/national\\\/orange-tunisie-la-15%e1%b5%89-edition-du-summer-challenge-celebre-linnovation-durable-des-jeunes-talents\\\/386121\\\/#primaryimage\"},\"thumbnailUrl\":\"https:\\\/\\\/www.webdo.tn\\\/fr\\\/wp-content\\\/uploads\\\/2025\\\/10\\\/image001.jpg\",\"datePublished\":\"2025-10-23T11:16:39+00:00\",\"description\":\"D\u00e9couvrez comment Orange Tunisie c\u00e9l\u00e8bre l\u2019innovation durable lors de la 15\u1d49 \u00e9dition du Summer Challenge avec des jeunes talents.\",\"breadcrumb\":{\"@id\":\"https:\\\/\\\/www.webdo.tn\\\/fr\\\/actualite\\\/national\\\/orange-tunisie-la-15%e1%b5%89-edition-du-summer-challenge-celebre-linnovation-durable-des-jeunes-talents\\\/386121\\\/#breadcrumb\"},\"inLanguage\":\"fr-FR\",\"potentialAction\":[{\"@type\":\"ReadAction\",\"target\":[\"https:\\\/\\\/www.webdo.tn\\\/fr\\\/actualite\\\/national\\\/orange-tunisie-la-15%e1%b5%89-edition-du-summer-challenge-celebre-linnovation-durable-des-jeunes-talents\\\/386121\\\/\"]}]},{\"@type\":\"ImageObject\",\"inLanguage\":\"fr-FR\",\"@id\":\"https:\\\/\\\/www.webdo.tn\\\/fr\\\/actualite\\\/national\\\/orange-tunisie-la-15%e1%b5%89-edition-du-summer-challenge-celebre-linnovation-durable-des-jeunes-talents\\\/386121\\\/#primaryimage\",\"url\":\"https:\\\/\\\/www.webdo.tn\\\/fr\\\/wp-content\\\/uploads\\\/2025\\\/10\\\/image001.jpg\",\"contentUrl\":\"https:\\\/\\\/www.webdo.tn\\\/fr\\\/wp-content\\\/uploads\\\/2025\\\/10\\\/image001.jpg\",\"width\":931,\"height\":452,\"caption\":\"Orange Tunisie : la 15\u1d49 \u00e9dition du Summer Challenge c\u00e9l\u00e8bre l\u2019innovation durable des jeunes talents\"},{\"@type\":\"BreadcrumbList\",\"@id\":\"https:\\\/\\\/www.webdo.tn\\\/fr\\\/actualite\\\/national\\\/orange-tunisie-la-15%e1%b5%89-edition-du-summer-challenge-celebre-linnovation-durable-des-jeunes-talents\\\/386121\\\/#breadcrumb\",\"itemListElement\":[{\"@type\":\"ListItem\",\"position\":1,\"name\":\"Accueil\",\"item\":\"https:\\\/\\\/www.webdo.tn\\\/fr\\\/\"},{\"@type\":\"ListItem\",\"position\":2,\"name\":\"Orange Tunisie : la 15\u1d49 \u00e9dition du Summer Challenge c\u00e9l\u00e8bre l\u2019innovation durable des jeunes talents\"}]},{\"@type\":\"WebSite\",\"@id\":\"https:\\\/\\\/www.webdo.tn\\\/fr\\\/#website\",\"url\":\"https:\\\/\\\/www.webdo.tn\\\/fr\\\/\",\"name\":\"webdo\",\"description\":\"Tunisie - News en Tunisie et \u00e0 l&#039;international sur Webdo.tn\",\"publisher\":{\"@id\":\"https:\\\/\\\/www.webdo.tn\\\/fr\\\/#organization\"},\"potentialAction\":[{\"@type\":\"SearchAction\",\"target\":{\"@type\":\"EntryPoint\",\"urlTemplate\":\"https:\\\/\\\/www.webdo.tn\\\/fr\\\/?s={search_term_string}\"},\"query-input\":{\"@type\":\"PropertyValueSpecification\",\"valueRequired\":true,\"valueName\":\"search_term_string\"}}],\"inLanguage\":\"fr-FR\"},{\"@type\":\"Organization\",\"@id\":\"https:\\\/\\\/www.webdo.tn\\\/fr\\\/#organization\",\"name\":\"Webdo\",\"alternateName\":\"Webdo.tn\",\"url\":\"https:\\\/\\\/www.webdo.tn\\\/fr\\\/\",\"logo\":{\"@type\":\"ImageObject\",\"inLanguage\":\"fr-FR\",\"@id\":\"https:\\\/\\\/www.webdo.tn\\\/fr\\\/#\\\/schema\\\/logo\\\/image\\\/\",\"url\":\"https:\\\/\\\/www.webdo.tn\\\/fr\\\/wp-content\\\/uploads\\\/2025\\\/06\\\/Webdo-Tunisie_168377.jpg\",\"contentUrl\":\"https:\\\/\\\/www.webdo.tn\\\/fr\\\/wp-content\\\/uploads\\\/2025\\\/06\\\/Webdo-Tunisie_168377.jpg\",\"width\":301,\"height\":301,\"caption\":\"Webdo\"},\"image\":{\"@id\":\"https:\\\/\\\/www.webdo.tn\\\/fr\\\/#\\\/schema\\\/logo\\\/image\\\/\"},\"sameAs\":[\"https:\\\/\\\/www.facebook.com\\\/webdotn\",\"https:\\\/\\\/x.com\\\/webdo_tn\"],\"description\":\"Webdo est un m\u00e9dia num\u00e9rique tunisien fond\u00e9 en 2010, sp\u00e9cialis\u00e9 dans l\u2019actualit\u00e9 nationale et internationale, l\u2019\u00e9conomie, la soci\u00e9t\u00e9 et les analyses politiques. Le site s\u2019adresse \u00e0 un large public francophone et couvre l\u2019information tunisienne en temps r\u00e9el.\",\"email\":\"redac@webdo.tn\",\"legalName\":\"YNJ SARL\",\"foundingDate\":\"2010-09-06\",\"numberOfEmployees\":{\"@type\":\"QuantitativeValue\",\"minValue\":\"11\",\"maxValue\":\"50\"}},{\"@type\":\"Person\",\"@id\":\"https:\\\/\\\/www.webdo.tn\\\/fr\\\/#\\\/schema\\\/person\\\/c652cd8fc2b1b44412b5ffb48c5a911d\",\"name\":\"Mohamed Hedi Touati\",\"image\":{\"@type\":\"ImageObject\",\"inLanguage\":\"fr-FR\",\"@id\":\"https:\\\/\\\/secure.gravatar.com\\\/avatar\\\/9cfd402c745b7a685f13eed0ea6e59d2144a3c2fc50a3db6fd5ed451f6cddf1a?s=96&d=mm&r=g\",\"url\":\"https:\\\/\\\/secure.gravatar.com\\\/avatar\\\/9cfd402c745b7a685f13eed0ea6e59d2144a3c2fc50a3db6fd5ed451f6cddf1a?s=96&d=mm&r=g\",\"contentUrl\":\"https:\\\/\\\/secure.gravatar.com\\\/avatar\\\/9cfd402c745b7a685f13eed0ea6e59d2144a3c2fc50a3db6fd5ed451f6cddf1a?s=96&d=mm&r=g\",\"caption\":\"Mohamed Hedi Touati\"},\"url\":\"https:\\\/\\\/www.webdo.tn\\\/fr\\\/actualite\\\/author\\\/mohamed-hedi-touati\\\/\"}]}<\/script>\n<!-- \/ Yoast SEO Premium plugin. -->","yoast_head_json":{"title":"Orange Tunisie : la 15\u1d49 \u00e9dition du Summer Challenge c\u00e9l\u00e8bre l\u2019innovation durable des jeunes talents - webdo","description":"D\u00e9couvrez comment Orange Tunisie c\u00e9l\u00e8bre l\u2019innovation durable lors de la 15\u1d49 \u00e9dition du Summer Challenge avec des jeunes talents.","canonical":"https:\/\/www.webdo.tn\/fr\/actualite\/national\/orange-tunisie-la-15\u1d49-edition-du-summer-challenge-celebre-linnovation-durable-des-jeunes-talents\/386121\/","og_locale":"fr_FR","og_type":"article","og_title":"Orange Tunisie : la 15\u1d49 \u00e9dition du Summer Challenge c\u00e9l\u00e8bre l\u2019innovation durable des jeunes talents","og_description":"D\u00e9couvrez comment Orange Tunisie c\u00e9l\u00e8bre l\u2019innovation durable lors de la 15\u1d49 \u00e9dition du Summer Challenge avec des jeunes talents.","og_url":"https:\/\/www.webdo.tn\/fr\/actualite\/national\/orange-tunisie-la-15\u1d49-edition-du-summer-challenge-celebre-linnovation-durable-des-jeunes-talents\/386121\/","og_site_name":"webdo","article_publisher":"https:\/\/www.facebook.com\/webdotn","article_published_time":"2025-10-23T11:16:39+00:00","og_image":[{"width":931,"height":452,"url":"https:\/\/www.webdo.tn\/fr\/wp-content\/uploads\/2025\/10\/image001.jpg","type":"image\/jpeg"}],"author":"Mohamed Hedi Touati","twitter_card":"summary_large_image","twitter_creator":"@webdo_tn","twitter_site":"@webdo_tn","twitter_misc":{"\u00c9crit par":"Mohamed Hedi Touati","Dur\u00e9e de lecture estim\u00e9e":"3 minutes"},"schema":{"@context":"https:\/\/schema.org","@graph":[{"@type":"NewsArticle","@id":"https:\/\/www.webdo.tn\/fr\/actualite\/national\/orange-tunisie-la-15%e1%b5%89-edition-du-summer-challenge-celebre-linnovation-durable-des-jeunes-talents\/386121\/#article","isPartOf":{"@id":"https:\/\/www.webdo.tn\/fr\/actualite\/national\/orange-tunisie-la-15%e1%b5%89-edition-du-summer-challenge-celebre-linnovation-durable-des-jeunes-talents\/386121\/"},"author":{"name":"Mohamed Hedi Touati","@id":"https:\/\/www.webdo.tn\/fr\/#\/schema\/person\/c652cd8fc2b1b44412b5ffb48c5a911d"},"headline":"Orange Tunisie : la 15\u1d49 \u00e9dition du Summer Challenge c\u00e9l\u00e8bre l\u2019innovation durable des jeunes talents","datePublished":"2025-10-23T11:16:39+00:00","mainEntityOfPage":{"@id":"https:\/\/www.webdo.tn\/fr\/actualite\/national\/orange-tunisie-la-15%e1%b5%89-edition-du-summer-challenge-celebre-linnovation-durable-des-jeunes-talents\/386121\/"},"wordCount":519,"publisher":{"@id":"https:\/\/www.webdo.tn\/fr\/#organization"},"image":{"@id":"https:\/\/www.webdo.tn\/fr\/actualite\/national\/orange-tunisie-la-15%e1%b5%89-edition-du-summer-challenge-celebre-linnovation-durable-des-jeunes-talents\/386121\/#primaryimage"},"thumbnailUrl":"https:\/\/www.webdo.tn\/fr\/wp-content\/uploads\/2025\/10\/image001.jpg","keywords":["Orange Summer Challenge","Orange Tunisie","Tunisie"],"articleSection":["National","Tendances"],"inLanguage":"fr-FR"},{"@type":"WebPage","@id":"https:\/\/www.webdo.tn\/fr\/actualite\/national\/orange-tunisie-la-15%e1%b5%89-edition-du-summer-challenge-celebre-linnovation-durable-des-jeunes-talents\/386121\/","url":"https:\/\/www.webdo.tn\/fr\/actualite\/national\/orange-tunisie-la-15%e1%b5%89-edition-du-summer-challenge-celebre-linnovation-durable-des-jeunes-talents\/386121\/","name":"Orange Tunisie : la 15\u1d49 \u00e9dition du Summer Challenge c\u00e9l\u00e8bre l\u2019innovation durable des jeunes talents - webdo","isPartOf":{"@id":"https:\/\/www.webdo.tn\/fr\/#website"},"primaryImageOfPage":{"@id":"https:\/\/www.webdo.tn\/fr\/actualite\/national\/orange-tunisie-la-15%e1%b5%89-edition-du-summer-challenge-celebre-linnovation-durable-des-jeunes-talents\/386121\/#primaryimage"},"image":{"@id":"https:\/\/www.webdo.tn\/fr\/actualite\/national\/orange-tunisie-la-15%e1%b5%89-edition-du-summer-challenge-celebre-linnovation-durable-des-jeunes-talents\/386121\/#primaryimage"},"thumbnailUrl":"https:\/\/www.webdo.tn\/fr\/wp-content\/uploads\/2025\/10\/image001.jpg","datePublished":"2025-10-23T11:16:39+00:00","description":"D\u00e9couvrez comment Orange Tunisie c\u00e9l\u00e8bre l\u2019innovation durable lors de la 15\u1d49 \u00e9dition du Summer Challenge avec des jeunes talents.","breadcrumb":{"@id":"https:\/\/www.webdo.tn\/fr\/actualite\/national\/orange-tunisie-la-15%e1%b5%89-edition-du-summer-challenge-celebre-linnovation-durable-des-jeunes-talents\/386121\/#breadcrumb"},"inLanguage":"fr-FR","potentialAction":[{"@type":"ReadAction","target":["https:\/\/www.webdo.tn\/fr\/actualite\/national\/orange-tunisie-la-15%e1%b5%89-edition-du-summer-challenge-celebre-linnovation-durable-des-jeunes-talents\/386121\/"]}]},{"@type":"ImageObject","inLanguage":"fr-FR","@id":"https:\/\/www.webdo.tn\/fr\/actualite\/national\/orange-tunisie-la-15%e1%b5%89-edition-du-summer-challenge-celebre-linnovation-durable-des-jeunes-talents\/386121\/#primaryimage","url":"https:\/\/www.webdo.tn\/fr\/wp-content\/uploads\/2025\/10\/image001.jpg","contentUrl":"https:\/\/www.webdo.tn\/fr\/wp-content\/uploads\/2025\/10\/image001.jpg","width":931,"height":452,"caption":"Orange Tunisie : la 15\u1d49 \u00e9dition du Summer Challenge c\u00e9l\u00e8bre l\u2019innovation durable des jeunes talents"},{"@type":"BreadcrumbList","@id":"https:\/\/www.webdo.tn\/fr\/actualite\/national\/orange-tunisie-la-15%e1%b5%89-edition-du-summer-challenge-celebre-linnovation-durable-des-jeunes-talents\/386121\/#breadcrumb","itemListElement":[{"@type":"ListItem","position":1,"name":"Accueil","item":"https:\/\/www.webdo.tn\/fr\/"},{"@type":"ListItem","position":2,"name":"Orange Tunisie : la 15\u1d49 \u00e9dition du Summer Challenge c\u00e9l\u00e8bre l\u2019innovation durable des jeunes talents"}]},{"@type":"WebSite","@id":"https:\/\/www.webdo.tn\/fr\/#website","url":"https:\/\/www.webdo.tn\/fr\/","name":"webdo","description":"Tunisie - News en Tunisie et \u00e0 l&#039;international sur Webdo.tn","publisher":{"@id":"https:\/\/www.webdo.tn\/fr\/#organization"},"potentialAction":[{"@type":"SearchAction","target":{"@type":"EntryPoint","urlTemplate":"https:\/\/www.webdo.tn\/fr\/?s={search_term_string}"},"query-input":{"@type":"PropertyValueSpecification","valueRequired":true,"valueName":"search_term_string"}}],"inLanguage":"fr-FR"},{"@type":"Organization","@id":"https:\/\/www.webdo.tn\/fr\/#organization","name":"Webdo","alternateName":"Webdo.tn","url":"https:\/\/www.webdo.tn\/fr\/","logo":{"@type":"ImageObject","inLanguage":"fr-FR","@id":"https:\/\/www.webdo.tn\/fr\/#\/schema\/logo\/image\/","url":"https:\/\/www.webdo.tn\/fr\/wp-content\/uploads\/2025\/06\/Webdo-Tunisie_168377.jpg","contentUrl":"https:\/\/www.webdo.tn\/fr\/wp-content\/uploads\/2025\/06\/Webdo-Tunisie_168377.jpg","width":301,"height":301,"caption":"Webdo"},"image":{"@id":"https:\/\/www.webdo.tn\/fr\/#\/schema\/logo\/image\/"},"sameAs":["https:\/\/www.facebook.com\/webdotn","https:\/\/x.com\/webdo_tn"],"description":"Webdo est un m\u00e9dia num\u00e9rique tunisien fond\u00e9 en 2010, sp\u00e9cialis\u00e9 dans l\u2019actualit\u00e9 nationale et internationale, l\u2019\u00e9conomie, la soci\u00e9t\u00e9 et les analyses politiques. Le site s\u2019adresse \u00e0 un large public francophone et couvre l\u2019information tunisienne en temps r\u00e9el.","email":"redac@webdo.tn","legalName":"YNJ SARL","foundingDate":"2010-09-06","numberOfEmployees":{"@type":"QuantitativeValue","minValue":"11","maxValue":"50"}},{"@type":"Person","@id":"https:\/\/www.webdo.tn\/fr\/#\/schema\/person\/c652cd8fc2b1b44412b5ffb48c5a911d","name":"Mohamed Hedi Touati","image":{"@type":"ImageObject","inLanguage":"fr-FR","@id":"https:\/\/secure.gravatar.com\/avatar\/9cfd402c745b7a685f13eed0ea6e59d2144a3c2fc50a3db6fd5ed451f6cddf1a?s=96&d=mm&r=g","url":"https:\/\/secure.gravatar.com\/avatar\/9cfd402c745b7a685f13eed0ea6e59d2144a3c2fc50a3db6fd5ed451f6cddf1a?s=96&d=mm&r=g","contentUrl":"https:\/\/secure.gravatar.com\/avatar\/9cfd402c745b7a685f13eed0ea6e59d2144a3c2fc50a3db6fd5ed451f6cddf1a?s=96&d=mm&r=g","caption":"Mohamed Hedi Touati"},"url":"https:\/\/www.webdo.tn\/fr\/actualite\/author\/mohamed-hedi-touati\/"}]}},"_links":{"self":[{"href":"https:\/\/www.webdo.tn\/fr\/wp-json\/wp\/v2\/posts\/386121","targetHints":{"allow":["GET"]}}],"collection":[{"href":"https:\/\/www.webdo.tn\/fr\/wp-json\/wp\/v2\/posts"}],"about":[{"href":"https:\/\/www.webdo.tn\/fr\/wp-json\/wp\/v2\/types\/post"}],"author":[{"embeddable":true,"href":"https:\/\/www.webdo.tn\/fr\/wp-json\/wp\/v2\/users\/3191"}],"replies":[{"embeddable":true,"href":"https:\/\/www.webdo.tn\/fr\/wp-json\/wp\/v2\/comments?post=386121"}],"version-history":[{"count":0,"href":"https:\/\/www.webdo.tn\/fr\/wp-json\/wp\/v2\/posts\/386121\/revisions"}],"wp:featuredmedia":[{"embeddable":true,"href":"https:\/\/www.webdo.tn\/fr\/wp-json\/wp\/v2\/media\/386124"}],"wp:attachment":[{"href":"https:\/\/www.webdo.tn\/fr\/wp-json\/wp\/v2\/media?parent=386121"}],"wp:term":[{"taxonomy":"category","embeddable":true,"href":"https:\/\/www.webdo.tn\/fr\/wp-json\/wp\/v2\/categories?post=386121"},{"taxonomy":"post_tag","embeddable":true,"href":"https:\/\/www.webdo.tn\/fr\/wp-json\/wp\/v2\/tags?post=386121"}],"curies":[{"name":"wp","href":"https:\/\/api.w.org\/{rel}","templated":true}]}}