{"id":386105,"date":"2025-10-23T09:28:26","date_gmt":"2025-10-23T08:28:26","guid":{"rendered":"https:\/\/www.webdo.tn\/fr\/?p=386105"},"modified":"2025-10-23T10:55:10","modified_gmt":"2025-10-23T09:55:10","slug":"affaire-bsaies-zeghidi-la-justice-fixe-une-nouvelle-audience-au-20-novembre","status":"publish","type":"post","link":"https:\/\/www.webdo.tn\/fr\/actualite\/national\/affaire-bsaies-zeghidi-la-justice-fixe-une-nouvelle-audience-au-20-novembre\/386105\/","title":{"rendered":"Affaire Bsaies-Zeghidi : La justice fixe une nouvelle audience au 20 novembre"},"content":{"rendered":"\n<p><strong>Les journalistes Borhen Bsaies et Mourad Zeghidi seront de nouveau entendus par la justice tunisienne le 20 novembre 2025, date fix\u00e9e pour la prochaine audience dans l\u2019affaire qui les oppose au minist\u00e8re public, selon des sources proches du dossier.<\/strong><\/p>\n\n\n\n<p>Arr\u00eat\u00e9s le 11 mai 2024, les deux journalistes sont poursuivis dans le cadre d\u2019un dossier m\u00ealant accusations de blanchiment d\u2019argent et application du d\u00e9cret-loi n\u00b054, texte controvers\u00e9 encadrant les infractions li\u00e9es aux syst\u00e8mes d\u2019information et de communication.<\/p>\n\n\n\n<p>\u00c0 l\u2019\u00e9poque de leur arrestation, Mohamed Zitouna, porte-parole du tribunal de premi\u00e8re instance de Tunis, avait d\u00e9clar\u00e9 que des informations jug\u00e9es s\u00e9rieuses avaient conduit le parquet \u00e0 ouvrir une enqu\u00eate pour infractions financi\u00e8res pr\u00e9sum\u00e9es, notamment pour enrichissement illicite \u00e0 travers des activit\u00e9s m\u00e9diatiques consid\u00e9r\u00e9es comme suspectes.<\/p>\n\n\n\n<h2 class=\"wp-block-heading\" id=\"h-une-detention-prolongee-qui-fait-debat\">Une d\u00e9tention prolong\u00e9e qui fait d\u00e9bat<\/h2>\n\n\n\n<p>Depuis plusieurs mois, le comit\u00e9 de d\u00e9fense des deux pr\u00e9venus conteste le maintien en d\u00e9tention pr\u00e9ventive, qualifi\u00e9 de \u00ab juridiquement injustifi\u00e9 \u00bb. Selon leurs avocats, l\u2019ensemble des actes d\u2019enqu\u00eate aurait \u00e9t\u00e9 finalis\u00e9 d\u00e8s le 1er juin 2024, soit \u00e0 l\u2019issue de la premi\u00e8re p\u00e9riode l\u00e9gale de d\u00e9tention.<\/p>\n\n\n\n<p>La d\u00e9fense d\u00e9nonce un prolongement arbitraire et parle d\u2019un \u00ab acharnement judiciaire \u00bb, estimant que rien ne justifie la poursuite de l\u2019incarc\u00e9ration en l\u2019absence de nouveaux \u00e9l\u00e9ments dans le dossier.<\/p>\n\n\n\n<h2 class=\"wp-block-heading\" id=\"h-vers-un-nouvel-episode-judiciaire\">Vers un nouvel \u00e9pisode judiciaire<\/h2>\n\n\n\n<p>La tenue de l\u2019audience du 20 novembre marquera une nouvelle \u00e9tape dans cette proc\u00e9dure \u00e0 forte port\u00e9e symbolique, qui continue d\u2019alimenter le d\u00e9bat sur l\u2019usage du d\u00e9cret 54 contre des figures m\u00e9diatiques.<\/p>\n\n\n\n<p>Les proches des journalistes esp\u00e8rent que cette audience permettra d\u2019aboutir \u00e0 un r\u00e9examen de leur situation judiciaire apr\u00e8s plus d\u2019un an et demi de d\u00e9tention.<\/p>\n\n\n\n<p><\/p>\n\n\n\n<blockquote class=\"wp-block-quote is-layout-flow wp-block-quote-is-layout-flow\">\n<blockquote class=\"wp-block-quote is-layout-flow wp-block-quote-is-layout-flow\">\n<p>Lire aussi<\/p>\n\n\n\n<ul class=\"wp-block-list\">\n<li><a href=\"https:\/\/www.webdo.tn\/fr\/actualite\/national\/tunisie-500-jours-de-detention-pour-mourad-zeghidi-et-borhene-bsaies-le-snjt-appelle-a-leur-liberation-immediate\/384089\/\">Tunisie : 500 jours de d\u00e9tention pour Mourad Zeghidi et Borh\u00e8ne Bsa\u00efes, le SNJT appelle \u00e0 leur lib\u00e9ration imm\u00e9diate<\/a><\/li>\n\n\n\n<li><a href=\"https:\/\/www.webdo.tn\/fr\/actualite\/national\/tunisie-quatre-mois-de-detention-supplementaires-pour-le-journaliste-mourad-zeghidi\/376366\/\">Tunisie : Quatre mois de d\u00e9tention suppl\u00e9mentaires pour le journaliste Mourad Zeghidi<\/a><\/li>\n\n\n\n<li><a href=\"https:\/\/www.webdo.tn\/fr\/actualite\/national\/nouvelle-enquete-sur-zeghidi-et-bssaies-pour-enrichissement-illicite\/214417\/\">Nouvelle enqu\u00eate sur Zeghidi et Bssaies pour enrichissement illicite<\/a><\/li>\n\n\n\n<li><a href=\"https:\/\/www.webdo.tn\/fr\/actualite\/national\/tunisie-les-journalistes-bssaies-et-zeghidi-frappes-d-un-an-de-prison\/214324\/\">Tunisie : Les journalistes Bssaies et Zeghidi frapp\u00e9s d\u2019un an de prison<\/a><\/li>\n\n\n\n<li><a href=\"https:\/\/www.webdo.tn\/fr\/actualite\/national\/la-peine-de-borhene-bsaies-reduite-a-huit-mois-de-prison\/215496\/\">La peine de Borhene Bsaies r\u00e9duite \u00e0 huit mois de prison<\/a><\/li>\n<\/ul>\n<\/blockquote>\n<\/blockquote>\n","protected":false},"excerpt":{"rendered":"<p>Les journalistes Borhen Bsaies et Mourad Zeghidi seront de nouveau entendus par la justice tunisienne le 20 novembre 2025, date fix\u00e9e pour la prochaine audience dans l\u2019affaire qui les oppose au minist\u00e8re public, selon des sources proches du dossier. Arr\u00eat\u00e9s le 11 mai 2024, les deux journalistes sont poursuivis dans le cadre d\u2019un dossier m\u00ealant [&hellip;]<\/p>\n","protected":false},"author":3191,"featured_media":386106,"comment_status":"closed","ping_status":"closed","sticky":false,"template":"","format":"standard","meta":{"footnotes":""},"categories":[44],"tags":[6432,2619,4868,2608],"class_list":["post-386105","post","type-post","status-publish","format-standard","has-post-thumbnail","hentry","category-national","tag-borhen-bsaies","tag-justice","tag-mourad-zeghidi","tag-tunisie"],"yoast_head":"<!-- This site is optimized with the Yoast SEO Premium plugin v27.5 (Yoast SEO v27.5) - https:\/\/yoast.com\/product\/yoast-seo-premium-wordpress\/ -->\n<title>Affaire Bsaies-Zeghidi : La justice fixe une nouvelle audience au 20 novembre - webdo<\/title>\n<meta name=\"description\" content=\"La justice fixe une nouvelle audience pour l&#039;Affaire Bessais-Zeghidi au 20 novembre. Suivez les derni\u00e8res actualit\u00e9s juridiques.\" \/>\n<link rel=\"canonical\" href=\"https:\/\/www.webdo.tn\/fr\/actualite\/national\/affaire-bsaies-zeghidi-la-justice-fixe-une-nouvelle-audience-au-20-novembre\/386105\/\" \/>\n<meta property=\"og:locale\" content=\"fr_FR\" \/>\n<meta property=\"og:type\" content=\"article\" \/>\n<meta property=\"og:title\" content=\"Affaire Bsaies-Zeghidi : La justice fixe une nouvelle audience au 20 novembre\" \/>\n<meta property=\"og:description\" content=\"La justice fixe une nouvelle audience pour l&#039;Affaire Bessais-Zeghidi au 20 novembre. Suivez les derni\u00e8res actualit\u00e9s juridiques.\" \/>\n<meta property=\"og:url\" content=\"https:\/\/www.webdo.tn\/fr\/actualite\/national\/affaire-bsaies-zeghidi-la-justice-fixe-une-nouvelle-audience-au-20-novembre\/386105\/\" \/>\n<meta property=\"og:site_name\" content=\"webdo\" \/>\n<meta property=\"article:publisher\" content=\"https:\/\/www.facebook.com\/webdotn\" \/>\n<meta property=\"article:published_time\" content=\"2025-10-23T08:28:26+00:00\" \/>\n<meta property=\"article:modified_time\" content=\"2025-10-23T09:55:10+00:00\" \/>\n<meta property=\"og:image\" content=\"https:\/\/www.webdo.tn\/fr\/wp-content\/uploads\/2025\/10\/Bsaies-Zeghidi.jpg\" \/>\n\t<meta property=\"og:image:width\" content=\"1200\" \/>\n\t<meta property=\"og:image:height\" content=\"600\" \/>\n\t<meta property=\"og:image:type\" content=\"image\/jpeg\" \/>\n<meta name=\"author\" content=\"Mohamed Hedi Touati\" \/>\n<meta name=\"twitter:card\" content=\"summary_large_image\" \/>\n<meta name=\"twitter:creator\" content=\"@webdo_tn\" \/>\n<meta name=\"twitter:site\" content=\"@webdo_tn\" \/>\n<meta name=\"twitter:label1\" content=\"\u00c9crit par\" \/>\n\t<meta name=\"twitter:data1\" content=\"Mohamed Hedi Touati\" \/>\n\t<meta name=\"twitter:label2\" content=\"Dur\u00e9e de lecture estim\u00e9e\" \/>\n\t<meta name=\"twitter:data2\" content=\"2 minutes\" \/>\n<script type=\"application\/ld+json\" class=\"yoast-schema-graph\">{\"@context\":\"https:\\\/\\\/schema.org\",\"@graph\":[{\"@type\":\"NewsArticle\",\"@id\":\"https:\\\/\\\/www.webdo.tn\\\/fr\\\/actualite\\\/national\\\/affaire-bsaies-zeghidi-la-justice-fixe-une-nouvelle-audience-au-20-novembre\\\/386105\\\/#article\",\"isPartOf\":{\"@id\":\"https:\\\/\\\/www.webdo.tn\\\/fr\\\/actualite\\\/national\\\/affaire-bsaies-zeghidi-la-justice-fixe-une-nouvelle-audience-au-20-novembre\\\/386105\\\/\"},\"author\":{\"name\":\"Mohamed Hedi Touati\",\"@id\":\"https:\\\/\\\/www.webdo.tn\\\/fr\\\/#\\\/schema\\\/person\\\/c652cd8fc2b1b44412b5ffb48c5a911d\"},\"headline\":\"Affaire Bsaies-Zeghidi : La justice fixe une nouvelle audience au 20 novembre\",\"datePublished\":\"2025-10-23T08:28:26+00:00\",\"dateModified\":\"2025-10-23T09:55:10+00:00\",\"mainEntityOfPage\":{\"@id\":\"https:\\\/\\\/www.webdo.tn\\\/fr\\\/actualite\\\/national\\\/affaire-bsaies-zeghidi-la-justice-fixe-une-nouvelle-audience-au-20-novembre\\\/386105\\\/\"},\"wordCount\":392,\"publisher\":{\"@id\":\"https:\\\/\\\/www.webdo.tn\\\/fr\\\/#organization\"},\"image\":{\"@id\":\"https:\\\/\\\/www.webdo.tn\\\/fr\\\/actualite\\\/national\\\/affaire-bsaies-zeghidi-la-justice-fixe-une-nouvelle-audience-au-20-novembre\\\/386105\\\/#primaryimage\"},\"thumbnailUrl\":\"https:\\\/\\\/www.webdo.tn\\\/fr\\\/wp-content\\\/uploads\\\/2025\\\/10\\\/Bsaies-Zeghidi.jpg\",\"keywords\":[\"Borhen Bsaies\",\"justice\",\"Mourad Zeghidi\",\"Tunisie\"],\"articleSection\":[\"National\"],\"inLanguage\":\"fr-FR\"},{\"@type\":\"WebPage\",\"@id\":\"https:\\\/\\\/www.webdo.tn\\\/fr\\\/actualite\\\/national\\\/affaire-bsaies-zeghidi-la-justice-fixe-une-nouvelle-audience-au-20-novembre\\\/386105\\\/\",\"url\":\"https:\\\/\\\/www.webdo.tn\\\/fr\\\/actualite\\\/national\\\/affaire-bsaies-zeghidi-la-justice-fixe-une-nouvelle-audience-au-20-novembre\\\/386105\\\/\",\"name\":\"Affaire Bsaies-Zeghidi : La justice fixe une nouvelle audience au 20 novembre - webdo\",\"isPartOf\":{\"@id\":\"https:\\\/\\\/www.webdo.tn\\\/fr\\\/#website\"},\"primaryImageOfPage\":{\"@id\":\"https:\\\/\\\/www.webdo.tn\\\/fr\\\/actualite\\\/national\\\/affaire-bsaies-zeghidi-la-justice-fixe-une-nouvelle-audience-au-20-novembre\\\/386105\\\/#primaryimage\"},\"image\":{\"@id\":\"https:\\\/\\\/www.webdo.tn\\\/fr\\\/actualite\\\/national\\\/affaire-bsaies-zeghidi-la-justice-fixe-une-nouvelle-audience-au-20-novembre\\\/386105\\\/#primaryimage\"},\"thumbnailUrl\":\"https:\\\/\\\/www.webdo.tn\\\/fr\\\/wp-content\\\/uploads\\\/2025\\\/10\\\/Bsaies-Zeghidi.jpg\",\"datePublished\":\"2025-10-23T08:28:26+00:00\",\"dateModified\":\"2025-10-23T09:55:10+00:00\",\"description\":\"La justice fixe une nouvelle audience pour l'Affaire Bessais-Zeghidi au 20 novembre. Suivez les derni\u00e8res actualit\u00e9s juridiques.\",\"breadcrumb\":{\"@id\":\"https:\\\/\\\/www.webdo.tn\\\/fr\\\/actualite\\\/national\\\/affaire-bsaies-zeghidi-la-justice-fixe-une-nouvelle-audience-au-20-novembre\\\/386105\\\/#breadcrumb\"},\"inLanguage\":\"fr-FR\",\"potentialAction\":[{\"@type\":\"ReadAction\",\"target\":[\"https:\\\/\\\/www.webdo.tn\\\/fr\\\/actualite\\\/national\\\/affaire-bsaies-zeghidi-la-justice-fixe-une-nouvelle-audience-au-20-novembre\\\/386105\\\/\"]}]},{\"@type\":\"ImageObject\",\"inLanguage\":\"fr-FR\",\"@id\":\"https:\\\/\\\/www.webdo.tn\\\/fr\\\/actualite\\\/national\\\/affaire-bsaies-zeghidi-la-justice-fixe-une-nouvelle-audience-au-20-novembre\\\/386105\\\/#primaryimage\",\"url\":\"https:\\\/\\\/www.webdo.tn\\\/fr\\\/wp-content\\\/uploads\\\/2025\\\/10\\\/Bsaies-Zeghidi.jpg\",\"contentUrl\":\"https:\\\/\\\/www.webdo.tn\\\/fr\\\/wp-content\\\/uploads\\\/2025\\\/10\\\/Bsaies-Zeghidi.jpg\",\"width\":1200,\"height\":600,\"caption\":\"Affaire Bessais-Zeghidi : La justice fixe une nouvelle audience au 20 novembre\"},{\"@type\":\"BreadcrumbList\",\"@id\":\"https:\\\/\\\/www.webdo.tn\\\/fr\\\/actualite\\\/national\\\/affaire-bsaies-zeghidi-la-justice-fixe-une-nouvelle-audience-au-20-novembre\\\/386105\\\/#breadcrumb\",\"itemListElement\":[{\"@type\":\"ListItem\",\"position\":1,\"name\":\"Accueil\",\"item\":\"https:\\\/\\\/www.webdo.tn\\\/fr\\\/\"},{\"@type\":\"ListItem\",\"position\":2,\"name\":\"Affaire Bsaies-Zeghidi : La justice fixe une nouvelle audience au 20 novembre\"}]},{\"@type\":\"WebSite\",\"@id\":\"https:\\\/\\\/www.webdo.tn\\\/fr\\\/#website\",\"url\":\"https:\\\/\\\/www.webdo.tn\\\/fr\\\/\",\"name\":\"webdo\",\"description\":\"Tunisie - News en Tunisie et \u00e0 l&#039;international sur Webdo.tn\",\"publisher\":{\"@id\":\"https:\\\/\\\/www.webdo.tn\\\/fr\\\/#organization\"},\"potentialAction\":[{\"@type\":\"SearchAction\",\"target\":{\"@type\":\"EntryPoint\",\"urlTemplate\":\"https:\\\/\\\/www.webdo.tn\\\/fr\\\/?s={search_term_string}\"},\"query-input\":{\"@type\":\"PropertyValueSpecification\",\"valueRequired\":true,\"valueName\":\"search_term_string\"}}],\"inLanguage\":\"fr-FR\"},{\"@type\":\"Organization\",\"@id\":\"https:\\\/\\\/www.webdo.tn\\\/fr\\\/#organization\",\"name\":\"Webdo\",\"alternateName\":\"Webdo.tn\",\"url\":\"https:\\\/\\\/www.webdo.tn\\\/fr\\\/\",\"logo\":{\"@type\":\"ImageObject\",\"inLanguage\":\"fr-FR\",\"@id\":\"https:\\\/\\\/www.webdo.tn\\\/fr\\\/#\\\/schema\\\/logo\\\/image\\\/\",\"url\":\"https:\\\/\\\/www.webdo.tn\\\/fr\\\/wp-content\\\/uploads\\\/2025\\\/06\\\/Webdo-Tunisie_168377.jpg\",\"contentUrl\":\"https:\\\/\\\/www.webdo.tn\\\/fr\\\/wp-content\\\/uploads\\\/2025\\\/06\\\/Webdo-Tunisie_168377.jpg\",\"width\":301,\"height\":301,\"caption\":\"Webdo\"},\"image\":{\"@id\":\"https:\\\/\\\/www.webdo.tn\\\/fr\\\/#\\\/schema\\\/logo\\\/image\\\/\"},\"sameAs\":[\"https:\\\/\\\/www.facebook.com\\\/webdotn\",\"https:\\\/\\\/x.com\\\/webdo_tn\"],\"description\":\"Webdo est un m\u00e9dia num\u00e9rique tunisien fond\u00e9 en 2010, sp\u00e9cialis\u00e9 dans l\u2019actualit\u00e9 nationale et internationale, l\u2019\u00e9conomie, la soci\u00e9t\u00e9 et les analyses politiques. Le site s\u2019adresse \u00e0 un large public francophone et couvre l\u2019information tunisienne en temps r\u00e9el.\",\"email\":\"redac@webdo.tn\",\"legalName\":\"YNJ SARL\",\"foundingDate\":\"2010-09-06\",\"numberOfEmployees\":{\"@type\":\"QuantitativeValue\",\"minValue\":\"11\",\"maxValue\":\"50\"}},{\"@type\":\"Person\",\"@id\":\"https:\\\/\\\/www.webdo.tn\\\/fr\\\/#\\\/schema\\\/person\\\/c652cd8fc2b1b44412b5ffb48c5a911d\",\"name\":\"Mohamed Hedi Touati\",\"image\":{\"@type\":\"ImageObject\",\"inLanguage\":\"fr-FR\",\"@id\":\"https:\\\/\\\/secure.gravatar.com\\\/avatar\\\/9cfd402c745b7a685f13eed0ea6e59d2144a3c2fc50a3db6fd5ed451f6cddf1a?s=96&d=mm&r=g\",\"url\":\"https:\\\/\\\/secure.gravatar.com\\\/avatar\\\/9cfd402c745b7a685f13eed0ea6e59d2144a3c2fc50a3db6fd5ed451f6cddf1a?s=96&d=mm&r=g\",\"contentUrl\":\"https:\\\/\\\/secure.gravatar.com\\\/avatar\\\/9cfd402c745b7a685f13eed0ea6e59d2144a3c2fc50a3db6fd5ed451f6cddf1a?s=96&d=mm&r=g\",\"caption\":\"Mohamed Hedi Touati\"},\"url\":\"https:\\\/\\\/www.webdo.tn\\\/fr\\\/actualite\\\/author\\\/mohamed-hedi-touati\\\/\"}]}<\/script>\n<!-- \/ Yoast SEO Premium plugin. -->","yoast_head_json":{"title":"Affaire Bsaies-Zeghidi : La justice fixe une nouvelle audience au 20 novembre - webdo","description":"La justice fixe une nouvelle audience pour l'Affaire Bessais-Zeghidi au 20 novembre. Suivez les derni\u00e8res actualit\u00e9s juridiques.","canonical":"https:\/\/www.webdo.tn\/fr\/actualite\/national\/affaire-bsaies-zeghidi-la-justice-fixe-une-nouvelle-audience-au-20-novembre\/386105\/","og_locale":"fr_FR","og_type":"article","og_title":"Affaire Bsaies-Zeghidi : La justice fixe une nouvelle audience au 20 novembre","og_description":"La justice fixe une nouvelle audience pour l'Affaire Bessais-Zeghidi au 20 novembre. Suivez les derni\u00e8res actualit\u00e9s juridiques.","og_url":"https:\/\/www.webdo.tn\/fr\/actualite\/national\/affaire-bsaies-zeghidi-la-justice-fixe-une-nouvelle-audience-au-20-novembre\/386105\/","og_site_name":"webdo","article_publisher":"https:\/\/www.facebook.com\/webdotn","article_published_time":"2025-10-23T08:28:26+00:00","article_modified_time":"2025-10-23T09:55:10+00:00","og_image":[{"width":1200,"height":600,"url":"https:\/\/www.webdo.tn\/fr\/wp-content\/uploads\/2025\/10\/Bsaies-Zeghidi.jpg","type":"image\/jpeg"}],"author":"Mohamed Hedi Touati","twitter_card":"summary_large_image","twitter_creator":"@webdo_tn","twitter_site":"@webdo_tn","twitter_misc":{"\u00c9crit par":"Mohamed Hedi Touati","Dur\u00e9e de lecture estim\u00e9e":"2 minutes"},"schema":{"@context":"https:\/\/schema.org","@graph":[{"@type":"NewsArticle","@id":"https:\/\/www.webdo.tn\/fr\/actualite\/national\/affaire-bsaies-zeghidi-la-justice-fixe-une-nouvelle-audience-au-20-novembre\/386105\/#article","isPartOf":{"@id":"https:\/\/www.webdo.tn\/fr\/actualite\/national\/affaire-bsaies-zeghidi-la-justice-fixe-une-nouvelle-audience-au-20-novembre\/386105\/"},"author":{"name":"Mohamed Hedi Touati","@id":"https:\/\/www.webdo.tn\/fr\/#\/schema\/person\/c652cd8fc2b1b44412b5ffb48c5a911d"},"headline":"Affaire Bsaies-Zeghidi : La justice fixe une nouvelle audience au 20 novembre","datePublished":"2025-10-23T08:28:26+00:00","dateModified":"2025-10-23T09:55:10+00:00","mainEntityOfPage":{"@id":"https:\/\/www.webdo.tn\/fr\/actualite\/national\/affaire-bsaies-zeghidi-la-justice-fixe-une-nouvelle-audience-au-20-novembre\/386105\/"},"wordCount":392,"publisher":{"@id":"https:\/\/www.webdo.tn\/fr\/#organization"},"image":{"@id":"https:\/\/www.webdo.tn\/fr\/actualite\/national\/affaire-bsaies-zeghidi-la-justice-fixe-une-nouvelle-audience-au-20-novembre\/386105\/#primaryimage"},"thumbnailUrl":"https:\/\/www.webdo.tn\/fr\/wp-content\/uploads\/2025\/10\/Bsaies-Zeghidi.jpg","keywords":["Borhen Bsaies","justice","Mourad Zeghidi","Tunisie"],"articleSection":["National"],"inLanguage":"fr-FR"},{"@type":"WebPage","@id":"https:\/\/www.webdo.tn\/fr\/actualite\/national\/affaire-bsaies-zeghidi-la-justice-fixe-une-nouvelle-audience-au-20-novembre\/386105\/","url":"https:\/\/www.webdo.tn\/fr\/actualite\/national\/affaire-bsaies-zeghidi-la-justice-fixe-une-nouvelle-audience-au-20-novembre\/386105\/","name":"Affaire Bsaies-Zeghidi : La justice fixe une nouvelle audience au 20 novembre - webdo","isPartOf":{"@id":"https:\/\/www.webdo.tn\/fr\/#website"},"primaryImageOfPage":{"@id":"https:\/\/www.webdo.tn\/fr\/actualite\/national\/affaire-bsaies-zeghidi-la-justice-fixe-une-nouvelle-audience-au-20-novembre\/386105\/#primaryimage"},"image":{"@id":"https:\/\/www.webdo.tn\/fr\/actualite\/national\/affaire-bsaies-zeghidi-la-justice-fixe-une-nouvelle-audience-au-20-novembre\/386105\/#primaryimage"},"thumbnailUrl":"https:\/\/www.webdo.tn\/fr\/wp-content\/uploads\/2025\/10\/Bsaies-Zeghidi.jpg","datePublished":"2025-10-23T08:28:26+00:00","dateModified":"2025-10-23T09:55:10+00:00","description":"La justice fixe une nouvelle audience pour l'Affaire Bessais-Zeghidi au 20 novembre. Suivez les derni\u00e8res actualit\u00e9s juridiques.","breadcrumb":{"@id":"https:\/\/www.webdo.tn\/fr\/actualite\/national\/affaire-bsaies-zeghidi-la-justice-fixe-une-nouvelle-audience-au-20-novembre\/386105\/#breadcrumb"},"inLanguage":"fr-FR","potentialAction":[{"@type":"ReadAction","target":["https:\/\/www.webdo.tn\/fr\/actualite\/national\/affaire-bsaies-zeghidi-la-justice-fixe-une-nouvelle-audience-au-20-novembre\/386105\/"]}]},{"@type":"ImageObject","inLanguage":"fr-FR","@id":"https:\/\/www.webdo.tn\/fr\/actualite\/national\/affaire-bsaies-zeghidi-la-justice-fixe-une-nouvelle-audience-au-20-novembre\/386105\/#primaryimage","url":"https:\/\/www.webdo.tn\/fr\/wp-content\/uploads\/2025\/10\/Bsaies-Zeghidi.jpg","contentUrl":"https:\/\/www.webdo.tn\/fr\/wp-content\/uploads\/2025\/10\/Bsaies-Zeghidi.jpg","width":1200,"height":600,"caption":"Affaire Bessais-Zeghidi : La justice fixe une nouvelle audience au 20 novembre"},{"@type":"BreadcrumbList","@id":"https:\/\/www.webdo.tn\/fr\/actualite\/national\/affaire-bsaies-zeghidi-la-justice-fixe-une-nouvelle-audience-au-20-novembre\/386105\/#breadcrumb","itemListElement":[{"@type":"ListItem","position":1,"name":"Accueil","item":"https:\/\/www.webdo.tn\/fr\/"},{"@type":"ListItem","position":2,"name":"Affaire Bsaies-Zeghidi : La justice fixe une nouvelle audience au 20 novembre"}]},{"@type":"WebSite","@id":"https:\/\/www.webdo.tn\/fr\/#website","url":"https:\/\/www.webdo.tn\/fr\/","name":"webdo","description":"Tunisie - News en Tunisie et \u00e0 l&#039;international sur Webdo.tn","publisher":{"@id":"https:\/\/www.webdo.tn\/fr\/#organization"},"potentialAction":[{"@type":"SearchAction","target":{"@type":"EntryPoint","urlTemplate":"https:\/\/www.webdo.tn\/fr\/?s={search_term_string}"},"query-input":{"@type":"PropertyValueSpecification","valueRequired":true,"valueName":"search_term_string"}}],"inLanguage":"fr-FR"},{"@type":"Organization","@id":"https:\/\/www.webdo.tn\/fr\/#organization","name":"Webdo","alternateName":"Webdo.tn","url":"https:\/\/www.webdo.tn\/fr\/","logo":{"@type":"ImageObject","inLanguage":"fr-FR","@id":"https:\/\/www.webdo.tn\/fr\/#\/schema\/logo\/image\/","url":"https:\/\/www.webdo.tn\/fr\/wp-content\/uploads\/2025\/06\/Webdo-Tunisie_168377.jpg","contentUrl":"https:\/\/www.webdo.tn\/fr\/wp-content\/uploads\/2025\/06\/Webdo-Tunisie_168377.jpg","width":301,"height":301,"caption":"Webdo"},"image":{"@id":"https:\/\/www.webdo.tn\/fr\/#\/schema\/logo\/image\/"},"sameAs":["https:\/\/www.facebook.com\/webdotn","https:\/\/x.com\/webdo_tn"],"description":"Webdo est un m\u00e9dia num\u00e9rique tunisien fond\u00e9 en 2010, sp\u00e9cialis\u00e9 dans l\u2019actualit\u00e9 nationale et internationale, l\u2019\u00e9conomie, la soci\u00e9t\u00e9 et les analyses politiques. Le site s\u2019adresse \u00e0 un large public francophone et couvre l\u2019information tunisienne en temps r\u00e9el.","email":"redac@webdo.tn","legalName":"YNJ SARL","foundingDate":"2010-09-06","numberOfEmployees":{"@type":"QuantitativeValue","minValue":"11","maxValue":"50"}},{"@type":"Person","@id":"https:\/\/www.webdo.tn\/fr\/#\/schema\/person\/c652cd8fc2b1b44412b5ffb48c5a911d","name":"Mohamed Hedi Touati","image":{"@type":"ImageObject","inLanguage":"fr-FR","@id":"https:\/\/secure.gravatar.com\/avatar\/9cfd402c745b7a685f13eed0ea6e59d2144a3c2fc50a3db6fd5ed451f6cddf1a?s=96&d=mm&r=g","url":"https:\/\/secure.gravatar.com\/avatar\/9cfd402c745b7a685f13eed0ea6e59d2144a3c2fc50a3db6fd5ed451f6cddf1a?s=96&d=mm&r=g","contentUrl":"https:\/\/secure.gravatar.com\/avatar\/9cfd402c745b7a685f13eed0ea6e59d2144a3c2fc50a3db6fd5ed451f6cddf1a?s=96&d=mm&r=g","caption":"Mohamed Hedi Touati"},"url":"https:\/\/www.webdo.tn\/fr\/actualite\/author\/mohamed-hedi-touati\/"}]}},"_links":{"self":[{"href":"https:\/\/www.webdo.tn\/fr\/wp-json\/wp\/v2\/posts\/386105","targetHints":{"allow":["GET"]}}],"collection":[{"href":"https:\/\/www.webdo.tn\/fr\/wp-json\/wp\/v2\/posts"}],"about":[{"href":"https:\/\/www.webdo.tn\/fr\/wp-json\/wp\/v2\/types\/post"}],"author":[{"embeddable":true,"href":"https:\/\/www.webdo.tn\/fr\/wp-json\/wp\/v2\/users\/3191"}],"replies":[{"embeddable":true,"href":"https:\/\/www.webdo.tn\/fr\/wp-json\/wp\/v2\/comments?post=386105"}],"version-history":[{"count":0,"href":"https:\/\/www.webdo.tn\/fr\/wp-json\/wp\/v2\/posts\/386105\/revisions"}],"wp:featuredmedia":[{"embeddable":true,"href":"https:\/\/www.webdo.tn\/fr\/wp-json\/wp\/v2\/media\/386106"}],"wp:attachment":[{"href":"https:\/\/www.webdo.tn\/fr\/wp-json\/wp\/v2\/media?parent=386105"}],"wp:term":[{"taxonomy":"category","embeddable":true,"href":"https:\/\/www.webdo.tn\/fr\/wp-json\/wp\/v2\/categories?post=386105"},{"taxonomy":"post_tag","embeddable":true,"href":"https:\/\/www.webdo.tn\/fr\/wp-json\/wp\/v2\/tags?post=386105"}],"curies":[{"name":"wp","href":"https:\/\/api.w.org\/{rel}","templated":true}]}}