{"id":386041,"date":"2025-10-22T07:56:17","date_gmt":"2025-10-22T06:56:17","guid":{"rendered":"https:\/\/www.webdo.tn\/fr\/?p=386041"},"modified":"2025-10-22T07:56:17","modified_gmt":"2025-10-22T06:56:17","slug":"la-tunisie-mise-sur-la-reinsertion-des-personnes-de-retour-des-zones-de-conflit","status":"publish","type":"post","link":"https:\/\/www.webdo.tn\/fr\/actualite\/national\/la-tunisie-mise-sur-la-reinsertion-des-personnes-de-retour-des-zones-de-conflit\/386041\/","title":{"rendered":"La Tunisie mise sur la r\u00e9insertion des personnes de retour des zones de conflit"},"content":{"rendered":"\n<p><strong>La question sensible des Tunisiennes et Tunisiens de retour des zones de conflit refait surface. En marge d\u2019un s\u00e9minaire organis\u00e9 \u00e0 Sfax pour pr\u00e9senter la strat\u00e9gie nationale 2023-2027 de pr\u00e9vention de l\u2019extr\u00e9misme violent et de lutte contre le terrorisme, le repr\u00e9sentant de la pr\u00e9sidence du gouvernement au sein de la commission nationale, Mourad Mahjoubi, a annonc\u00e9 que \u00ab un projet est en cours d\u2019\u00e9laboration pour attirer et r\u00e9int\u00e9grer ces personnes \u00bb.<\/strong><\/p>\n\n\n\n<p>Ce programme, a-t-il expliqu\u00e9, mobilise plusieurs minist\u00e8res et institutions, et repose sur une approche inclusive, m\u00ealant accompagnement social, psychologique et \u00e9ducatif. L\u2019objectif affich\u00e9 est clair : \u00e9viter la marginalisation et pr\u00e9venir toute r\u00e9cidive vers la violence, en misant sur la r\u00e9habilitation plut\u00f4t que l\u2019exclusion.<\/p>\n\n\n\n<blockquote class=\"wp-block-quote is-layout-flow wp-block-quote-is-layout-flow\">\n<p>\u00ab Le succ\u00e8s de la lutte contre l\u2019extr\u00e9misme ne peut se limiter \u00e0 la seule approche s\u00e9curitaire. Il faut s\u2019appuyer sur les forces locales, la soci\u00e9t\u00e9 civile et le secteur priv\u00e9 \u00bb, a soulign\u00e9 Mahjoubi.<\/p>\n<\/blockquote>\n\n\n\n<p>Selon lui, la premi\u00e8re strat\u00e9gie nationale, appliqu\u00e9e depuis 2016, a permis de contenir la menace terroriste sur le plan s\u00e9curitaire et militaire \u2014 la Tunisie n\u2019ayant connu aucun attentat majeur depuis 2015. Mais la nouvelle feuille de route veut d\u00e9sormais consolider une approche globale, int\u00e9grant les dimensions \u00e9ducative, sociale, culturelle et religieuse.<\/p>\n\n\n\n<p>Mahjoubi a \u00e9galement insist\u00e9 sur l\u2019importance du travail local et r\u00e9gional, gage d\u2019une meilleure application des politiques de pr\u00e9vention et de sensibilisation. Il a cit\u00e9 plusieurs indicateurs de r\u00e9ussite, parmi lesquels la r\u00e9duction de l\u2019abandon scolaire, la diminution des divorces et le renforcement du tissu familial, autant de leviers de r\u00e9silience face \u00e0 la radicalisation.<\/p>\n\n\n\n<p>Le s\u00e9minaire de Sfax, tenu en partenariat avec le Centre international pour l\u2019excellence dans la lutte contre l\u2019extr\u00e9misme violent (Hedayah), s\u2019inscrit dans une tourn\u00e9e nationale couvrant les cinq grands p\u00f4les r\u00e9gionaux. Ces rencontres visent \u00e0 former des acteurs locaux au discours religieux mod\u00e9r\u00e9, \u00e0 la communication strat\u00e9gique et \u00e0 la promotion des valeurs humanistes communes.<\/p>\n\n\n\n<p>Alors que le dossier des revenants des zones de tension continue de susciter de vifs d\u00e9bats politiques et soci\u00e9taux, la d\u00e9marche gouvernementale semble vouloir conciler s\u00e9curit\u00e9 et r\u00e9insertion \u2014 un \u00e9quilibre d\u00e9licat, mais n\u00e9cessaire, pour tourner la page des ann\u00e9es noires du terrorisme en Tunisie.<\/p>\n\n\n\n<p><strong>Lire aussi :<\/strong><a href=\"https:\/\/www.webdo.tn\/fr\/actualite\/national\/tunisie-mesures-en-faveur-d-enfants-rapatries-des-zones-de-conflit\/205559\/\"> Tunisie : Mesures en faveur d\u2019enfants rapatri\u00e9s des zones de conflit<\/a><br><\/p>\n","protected":false},"excerpt":{"rendered":"<p>La question sensible des Tunisiennes et Tunisiens de retour des zones de conflit refait surface. En marge d\u2019un s\u00e9minaire organis\u00e9 \u00e0 Sfax pour pr\u00e9senter la strat\u00e9gie nationale 2023-2027 de pr\u00e9vention de l\u2019extr\u00e9misme violent et de lutte contre le terrorisme, le repr\u00e9sentant de la pr\u00e9sidence du gouvernement au sein de la commission nationale, Mourad Mahjoubi, a [&hellip;]<\/p>\n","protected":false},"author":3184,"featured_media":386042,"comment_status":"closed","ping_status":"closed","sticky":false,"template":"","format":"standard","meta":{"footnotes":""},"categories":[44],"tags":[2608,2844],"class_list":["post-386041","post","type-post","status-publish","format-standard","has-post-thumbnail","hentry","category-national","tag-tunisie","tag-zones-de-conflit"],"yoast_head":"<!-- This site is optimized with the Yoast SEO Premium plugin v27.4 (Yoast SEO v27.5) - https:\/\/yoast.com\/product\/yoast-seo-premium-wordpress\/ -->\n<title>La Tunisie mise sur la r\u00e9insertion des personnes de retour des zones de conflit - webdo<\/title>\n<meta name=\"description\" content=\"D\u00e9couvrez les zones de conflit et leur impact. Un projet de r\u00e9int\u00e9gration et de r\u00e9habilitation des retours est en cours.\" \/>\n<link rel=\"canonical\" href=\"https:\/\/www.webdo.tn\/fr\/actualite\/national\/la-tunisie-mise-sur-la-reinsertion-des-personnes-de-retour-des-zones-de-conflit\/386041\/\" \/>\n<meta property=\"og:locale\" content=\"fr_FR\" \/>\n<meta property=\"og:type\" content=\"article\" \/>\n<meta property=\"og:title\" content=\"La Tunisie mise sur la r\u00e9insertion des personnes de retour des zones de conflit\" \/>\n<meta property=\"og:description\" content=\"D\u00e9couvrez les zones de conflit et leur impact. Un projet de r\u00e9int\u00e9gration et de r\u00e9habilitation des retours est en cours.\" \/>\n<meta property=\"og:url\" content=\"https:\/\/www.webdo.tn\/fr\/actualite\/national\/la-tunisie-mise-sur-la-reinsertion-des-personnes-de-retour-des-zones-de-conflit\/386041\/\" \/>\n<meta property=\"og:site_name\" content=\"webdo\" \/>\n<meta property=\"article:publisher\" content=\"https:\/\/www.facebook.com\/webdotn\" \/>\n<meta property=\"article:published_time\" content=\"2025-10-22T06:56:17+00:00\" \/>\n<meta property=\"og:image\" content=\"https:\/\/www.webdo.tn\/fr\/wp-content\/uploads\/2025\/10\/Capture-decran-2025-10-22-075521.jpg\" \/>\n\t<meta property=\"og:image:width\" content=\"1343\" \/>\n\t<meta property=\"og:image:height\" content=\"763\" \/>\n\t<meta property=\"og:image:type\" content=\"image\/jpeg\" \/>\n<meta name=\"author\" content=\"Wided Belhaj\" \/>\n<meta name=\"twitter:card\" content=\"summary_large_image\" \/>\n<meta name=\"twitter:creator\" content=\"@webdo_tn\" \/>\n<meta name=\"twitter:site\" content=\"@webdo_tn\" \/>\n<meta name=\"twitter:label1\" content=\"\u00c9crit par\" \/>\n\t<meta name=\"twitter:data1\" content=\"Wided Belhaj\" \/>\n\t<meta name=\"twitter:label2\" content=\"Dur\u00e9e de lecture estim\u00e9e\" \/>\n\t<meta name=\"twitter:data2\" content=\"2 minutes\" \/>\n<script type=\"application\/ld+json\" class=\"yoast-schema-graph\">{\"@context\":\"https:\\\/\\\/schema.org\",\"@graph\":[{\"@type\":\"NewsArticle\",\"@id\":\"https:\\\/\\\/www.webdo.tn\\\/fr\\\/actualite\\\/national\\\/la-tunisie-mise-sur-la-reinsertion-des-personnes-de-retour-des-zones-de-conflit\\\/386041\\\/#article\",\"isPartOf\":{\"@id\":\"https:\\\/\\\/www.webdo.tn\\\/fr\\\/actualite\\\/national\\\/la-tunisie-mise-sur-la-reinsertion-des-personnes-de-retour-des-zones-de-conflit\\\/386041\\\/\"},\"author\":{\"name\":\"Wided Belhaj\",\"@id\":\"https:\\\/\\\/www.webdo.tn\\\/fr\\\/#\\\/schema\\\/person\\\/b9ecde7a5574cb4fcf4b496ea5fadb15\"},\"headline\":\"La Tunisie mise sur la r\u00e9insertion des personnes de retour des zones de conflit\",\"datePublished\":\"2025-10-22T06:56:17+00:00\",\"mainEntityOfPage\":{\"@id\":\"https:\\\/\\\/www.webdo.tn\\\/fr\\\/actualite\\\/national\\\/la-tunisie-mise-sur-la-reinsertion-des-personnes-de-retour-des-zones-de-conflit\\\/386041\\\/\"},\"wordCount\":430,\"publisher\":{\"@id\":\"https:\\\/\\\/www.webdo.tn\\\/fr\\\/#organization\"},\"image\":{\"@id\":\"https:\\\/\\\/www.webdo.tn\\\/fr\\\/actualite\\\/national\\\/la-tunisie-mise-sur-la-reinsertion-des-personnes-de-retour-des-zones-de-conflit\\\/386041\\\/#primaryimage\"},\"thumbnailUrl\":\"https:\\\/\\\/www.webdo.tn\\\/fr\\\/wp-content\\\/uploads\\\/2025\\\/10\\\/Capture-decran-2025-10-22-075521.jpg\",\"keywords\":[\"Tunisie\",\"zones de conflit\"],\"articleSection\":[\"National\"],\"inLanguage\":\"fr-FR\"},{\"@type\":\"WebPage\",\"@id\":\"https:\\\/\\\/www.webdo.tn\\\/fr\\\/actualite\\\/national\\\/la-tunisie-mise-sur-la-reinsertion-des-personnes-de-retour-des-zones-de-conflit\\\/386041\\\/\",\"url\":\"https:\\\/\\\/www.webdo.tn\\\/fr\\\/actualite\\\/national\\\/la-tunisie-mise-sur-la-reinsertion-des-personnes-de-retour-des-zones-de-conflit\\\/386041\\\/\",\"name\":\"La Tunisie mise sur la r\u00e9insertion des personnes de retour des zones de conflit - webdo\",\"isPartOf\":{\"@id\":\"https:\\\/\\\/www.webdo.tn\\\/fr\\\/#website\"},\"primaryImageOfPage\":{\"@id\":\"https:\\\/\\\/www.webdo.tn\\\/fr\\\/actualite\\\/national\\\/la-tunisie-mise-sur-la-reinsertion-des-personnes-de-retour-des-zones-de-conflit\\\/386041\\\/#primaryimage\"},\"image\":{\"@id\":\"https:\\\/\\\/www.webdo.tn\\\/fr\\\/actualite\\\/national\\\/la-tunisie-mise-sur-la-reinsertion-des-personnes-de-retour-des-zones-de-conflit\\\/386041\\\/#primaryimage\"},\"thumbnailUrl\":\"https:\\\/\\\/www.webdo.tn\\\/fr\\\/wp-content\\\/uploads\\\/2025\\\/10\\\/Capture-decran-2025-10-22-075521.jpg\",\"datePublished\":\"2025-10-22T06:56:17+00:00\",\"description\":\"D\u00e9couvrez les zones de conflit et leur impact. Un projet de r\u00e9int\u00e9gration et de r\u00e9habilitation des retours est en cours.\",\"breadcrumb\":{\"@id\":\"https:\\\/\\\/www.webdo.tn\\\/fr\\\/actualite\\\/national\\\/la-tunisie-mise-sur-la-reinsertion-des-personnes-de-retour-des-zones-de-conflit\\\/386041\\\/#breadcrumb\"},\"inLanguage\":\"fr-FR\",\"potentialAction\":[{\"@type\":\"ReadAction\",\"target\":[\"https:\\\/\\\/www.webdo.tn\\\/fr\\\/actualite\\\/national\\\/la-tunisie-mise-sur-la-reinsertion-des-personnes-de-retour-des-zones-de-conflit\\\/386041\\\/\"]}]},{\"@type\":\"ImageObject\",\"inLanguage\":\"fr-FR\",\"@id\":\"https:\\\/\\\/www.webdo.tn\\\/fr\\\/actualite\\\/national\\\/la-tunisie-mise-sur-la-reinsertion-des-personnes-de-retour-des-zones-de-conflit\\\/386041\\\/#primaryimage\",\"url\":\"https:\\\/\\\/www.webdo.tn\\\/fr\\\/wp-content\\\/uploads\\\/2025\\\/10\\\/Capture-decran-2025-10-22-075521.jpg\",\"contentUrl\":\"https:\\\/\\\/www.webdo.tn\\\/fr\\\/wp-content\\\/uploads\\\/2025\\\/10\\\/Capture-decran-2025-10-22-075521.jpg\",\"width\":1343,\"height\":763,\"caption\":\"Libye\"},{\"@type\":\"BreadcrumbList\",\"@id\":\"https:\\\/\\\/www.webdo.tn\\\/fr\\\/actualite\\\/national\\\/la-tunisie-mise-sur-la-reinsertion-des-personnes-de-retour-des-zones-de-conflit\\\/386041\\\/#breadcrumb\",\"itemListElement\":[{\"@type\":\"ListItem\",\"position\":1,\"name\":\"Accueil\",\"item\":\"https:\\\/\\\/www.webdo.tn\\\/fr\\\/\"},{\"@type\":\"ListItem\",\"position\":2,\"name\":\"La Tunisie mise sur la r\u00e9insertion des personnes de retour des zones de conflit\"}]},{\"@type\":\"WebSite\",\"@id\":\"https:\\\/\\\/www.webdo.tn\\\/fr\\\/#website\",\"url\":\"https:\\\/\\\/www.webdo.tn\\\/fr\\\/\",\"name\":\"webdo\",\"description\":\"Tunisie - News en Tunisie et \u00e0 l&#039;international sur Webdo.tn\",\"publisher\":{\"@id\":\"https:\\\/\\\/www.webdo.tn\\\/fr\\\/#organization\"},\"potentialAction\":[{\"@type\":\"SearchAction\",\"target\":{\"@type\":\"EntryPoint\",\"urlTemplate\":\"https:\\\/\\\/www.webdo.tn\\\/fr\\\/?s={search_term_string}\"},\"query-input\":{\"@type\":\"PropertyValueSpecification\",\"valueRequired\":true,\"valueName\":\"search_term_string\"}}],\"inLanguage\":\"fr-FR\"},{\"@type\":\"Organization\",\"@id\":\"https:\\\/\\\/www.webdo.tn\\\/fr\\\/#organization\",\"name\":\"Webdo\",\"alternateName\":\"Webdo.tn\",\"url\":\"https:\\\/\\\/www.webdo.tn\\\/fr\\\/\",\"logo\":{\"@type\":\"ImageObject\",\"inLanguage\":\"fr-FR\",\"@id\":\"https:\\\/\\\/www.webdo.tn\\\/fr\\\/#\\\/schema\\\/logo\\\/image\\\/\",\"url\":\"https:\\\/\\\/www.webdo.tn\\\/fr\\\/wp-content\\\/uploads\\\/2025\\\/06\\\/Webdo-Tunisie_168377.jpg\",\"contentUrl\":\"https:\\\/\\\/www.webdo.tn\\\/fr\\\/wp-content\\\/uploads\\\/2025\\\/06\\\/Webdo-Tunisie_168377.jpg\",\"width\":301,\"height\":301,\"caption\":\"Webdo\"},\"image\":{\"@id\":\"https:\\\/\\\/www.webdo.tn\\\/fr\\\/#\\\/schema\\\/logo\\\/image\\\/\"},\"sameAs\":[\"https:\\\/\\\/www.facebook.com\\\/webdotn\",\"https:\\\/\\\/x.com\\\/webdo_tn\"],\"description\":\"Webdo est un m\u00e9dia num\u00e9rique tunisien fond\u00e9 en 2010, sp\u00e9cialis\u00e9 dans l\u2019actualit\u00e9 nationale et internationale, l\u2019\u00e9conomie, la soci\u00e9t\u00e9 et les analyses politiques. Le site s\u2019adresse \u00e0 un large public francophone et couvre l\u2019information tunisienne en temps r\u00e9el.\",\"email\":\"redac@webdo.tn\",\"legalName\":\"YNJ SARL\",\"foundingDate\":\"2010-09-06\",\"numberOfEmployees\":{\"@type\":\"QuantitativeValue\",\"minValue\":\"11\",\"maxValue\":\"50\"}},{\"@type\":\"Person\",\"@id\":\"https:\\\/\\\/www.webdo.tn\\\/fr\\\/#\\\/schema\\\/person\\\/b9ecde7a5574cb4fcf4b496ea5fadb15\",\"name\":\"Wided Belhaj\",\"image\":{\"@type\":\"ImageObject\",\"inLanguage\":\"fr-FR\",\"@id\":\"https:\\\/\\\/www.webdo.tn\\\/fr\\\/wp-content\\\/uploads\\\/2026\\\/04\\\/wided-belhaj_avatar-96x96.jpg\",\"url\":\"https:\\\/\\\/www.webdo.tn\\\/fr\\\/wp-content\\\/uploads\\\/2026\\\/04\\\/wided-belhaj_avatar-96x96.jpg\",\"contentUrl\":\"https:\\\/\\\/www.webdo.tn\\\/fr\\\/wp-content\\\/uploads\\\/2026\\\/04\\\/wided-belhaj_avatar-96x96.jpg\",\"caption\":\"Wided Belhaj\"},\"description\":\"Wided Belhaj est le pseudonyme \u00e9ditorial utilis\u00e9 par Khalil Jelassi, journaliste, ma\u00eetre-assistant \u00e0 l\u2019Institut de presse et des sciences de l\u2019information (IPSI) et chercheur en sciences de l\u2019information et de la communication. Cette signature est d\u00e9di\u00e9e \u00e0 l\u2019analyse des m\u00e9dias, des pratiques journalistiques et des mutations de l\u2019information \u00e0 l\u2019\u00e8re digitale. \u00c0 travers ses contributions, Wided Belhaj propose une lecture analytique de l\u2019actualit\u00e9, en croisant regard critique et expertise acad\u00e9mique.\",\"knowsAbout\":[\"m\u00e9dias\",\"journalisme\",\"communication\",\"information\",\"transformation num\u00e9rique\",\"analyse des m\u00e9dias\"],\"knowsLanguage\":[\"Fran\u00e7ais\",\"Arabe\"],\"jobTitle\":\"Webdo.tn\",\"worksFor\":\"Journaliste \u2013 Analyse des m\u00e9dias\",\"url\":\"https:\\\/\\\/www.webdo.tn\\\/fr\\\/actualite\\\/author\\\/wided-belhaj\\\/\"}]}<\/script>\n<!-- \/ Yoast SEO Premium plugin. -->","yoast_head_json":{"title":"La Tunisie mise sur la r\u00e9insertion des personnes de retour des zones de conflit - webdo","description":"D\u00e9couvrez les zones de conflit et leur impact. Un projet de r\u00e9int\u00e9gration et de r\u00e9habilitation des retours est en cours.","canonical":"https:\/\/www.webdo.tn\/fr\/actualite\/national\/la-tunisie-mise-sur-la-reinsertion-des-personnes-de-retour-des-zones-de-conflit\/386041\/","og_locale":"fr_FR","og_type":"article","og_title":"La Tunisie mise sur la r\u00e9insertion des personnes de retour des zones de conflit","og_description":"D\u00e9couvrez les zones de conflit et leur impact. Un projet de r\u00e9int\u00e9gration et de r\u00e9habilitation des retours est en cours.","og_url":"https:\/\/www.webdo.tn\/fr\/actualite\/national\/la-tunisie-mise-sur-la-reinsertion-des-personnes-de-retour-des-zones-de-conflit\/386041\/","og_site_name":"webdo","article_publisher":"https:\/\/www.facebook.com\/webdotn","article_published_time":"2025-10-22T06:56:17+00:00","og_image":[{"width":1343,"height":763,"url":"https:\/\/www.webdo.tn\/fr\/wp-content\/uploads\/2025\/10\/Capture-decran-2025-10-22-075521.jpg","type":"image\/jpeg"}],"author":"Wided Belhaj","twitter_card":"summary_large_image","twitter_creator":"@webdo_tn","twitter_site":"@webdo_tn","twitter_misc":{"\u00c9crit par":"Wided Belhaj","Dur\u00e9e de lecture estim\u00e9e":"2 minutes"},"schema":{"@context":"https:\/\/schema.org","@graph":[{"@type":"NewsArticle","@id":"https:\/\/www.webdo.tn\/fr\/actualite\/national\/la-tunisie-mise-sur-la-reinsertion-des-personnes-de-retour-des-zones-de-conflit\/386041\/#article","isPartOf":{"@id":"https:\/\/www.webdo.tn\/fr\/actualite\/national\/la-tunisie-mise-sur-la-reinsertion-des-personnes-de-retour-des-zones-de-conflit\/386041\/"},"author":{"name":"Wided Belhaj","@id":"https:\/\/www.webdo.tn\/fr\/#\/schema\/person\/b9ecde7a5574cb4fcf4b496ea5fadb15"},"headline":"La Tunisie mise sur la r\u00e9insertion des personnes de retour des zones de conflit","datePublished":"2025-10-22T06:56:17+00:00","mainEntityOfPage":{"@id":"https:\/\/www.webdo.tn\/fr\/actualite\/national\/la-tunisie-mise-sur-la-reinsertion-des-personnes-de-retour-des-zones-de-conflit\/386041\/"},"wordCount":430,"publisher":{"@id":"https:\/\/www.webdo.tn\/fr\/#organization"},"image":{"@id":"https:\/\/www.webdo.tn\/fr\/actualite\/national\/la-tunisie-mise-sur-la-reinsertion-des-personnes-de-retour-des-zones-de-conflit\/386041\/#primaryimage"},"thumbnailUrl":"https:\/\/www.webdo.tn\/fr\/wp-content\/uploads\/2025\/10\/Capture-decran-2025-10-22-075521.jpg","keywords":["Tunisie","zones de conflit"],"articleSection":["National"],"inLanguage":"fr-FR"},{"@type":"WebPage","@id":"https:\/\/www.webdo.tn\/fr\/actualite\/national\/la-tunisie-mise-sur-la-reinsertion-des-personnes-de-retour-des-zones-de-conflit\/386041\/","url":"https:\/\/www.webdo.tn\/fr\/actualite\/national\/la-tunisie-mise-sur-la-reinsertion-des-personnes-de-retour-des-zones-de-conflit\/386041\/","name":"La Tunisie mise sur la r\u00e9insertion des personnes de retour des zones de conflit - webdo","isPartOf":{"@id":"https:\/\/www.webdo.tn\/fr\/#website"},"primaryImageOfPage":{"@id":"https:\/\/www.webdo.tn\/fr\/actualite\/national\/la-tunisie-mise-sur-la-reinsertion-des-personnes-de-retour-des-zones-de-conflit\/386041\/#primaryimage"},"image":{"@id":"https:\/\/www.webdo.tn\/fr\/actualite\/national\/la-tunisie-mise-sur-la-reinsertion-des-personnes-de-retour-des-zones-de-conflit\/386041\/#primaryimage"},"thumbnailUrl":"https:\/\/www.webdo.tn\/fr\/wp-content\/uploads\/2025\/10\/Capture-decran-2025-10-22-075521.jpg","datePublished":"2025-10-22T06:56:17+00:00","description":"D\u00e9couvrez les zones de conflit et leur impact. Un projet de r\u00e9int\u00e9gration et de r\u00e9habilitation des retours est en cours.","breadcrumb":{"@id":"https:\/\/www.webdo.tn\/fr\/actualite\/national\/la-tunisie-mise-sur-la-reinsertion-des-personnes-de-retour-des-zones-de-conflit\/386041\/#breadcrumb"},"inLanguage":"fr-FR","potentialAction":[{"@type":"ReadAction","target":["https:\/\/www.webdo.tn\/fr\/actualite\/national\/la-tunisie-mise-sur-la-reinsertion-des-personnes-de-retour-des-zones-de-conflit\/386041\/"]}]},{"@type":"ImageObject","inLanguage":"fr-FR","@id":"https:\/\/www.webdo.tn\/fr\/actualite\/national\/la-tunisie-mise-sur-la-reinsertion-des-personnes-de-retour-des-zones-de-conflit\/386041\/#primaryimage","url":"https:\/\/www.webdo.tn\/fr\/wp-content\/uploads\/2025\/10\/Capture-decran-2025-10-22-075521.jpg","contentUrl":"https:\/\/www.webdo.tn\/fr\/wp-content\/uploads\/2025\/10\/Capture-decran-2025-10-22-075521.jpg","width":1343,"height":763,"caption":"Libye"},{"@type":"BreadcrumbList","@id":"https:\/\/www.webdo.tn\/fr\/actualite\/national\/la-tunisie-mise-sur-la-reinsertion-des-personnes-de-retour-des-zones-de-conflit\/386041\/#breadcrumb","itemListElement":[{"@type":"ListItem","position":1,"name":"Accueil","item":"https:\/\/www.webdo.tn\/fr\/"},{"@type":"ListItem","position":2,"name":"La Tunisie mise sur la r\u00e9insertion des personnes de retour des zones de conflit"}]},{"@type":"WebSite","@id":"https:\/\/www.webdo.tn\/fr\/#website","url":"https:\/\/www.webdo.tn\/fr\/","name":"webdo","description":"Tunisie - News en Tunisie et \u00e0 l&#039;international sur Webdo.tn","publisher":{"@id":"https:\/\/www.webdo.tn\/fr\/#organization"},"potentialAction":[{"@type":"SearchAction","target":{"@type":"EntryPoint","urlTemplate":"https:\/\/www.webdo.tn\/fr\/?s={search_term_string}"},"query-input":{"@type":"PropertyValueSpecification","valueRequired":true,"valueName":"search_term_string"}}],"inLanguage":"fr-FR"},{"@type":"Organization","@id":"https:\/\/www.webdo.tn\/fr\/#organization","name":"Webdo","alternateName":"Webdo.tn","url":"https:\/\/www.webdo.tn\/fr\/","logo":{"@type":"ImageObject","inLanguage":"fr-FR","@id":"https:\/\/www.webdo.tn\/fr\/#\/schema\/logo\/image\/","url":"https:\/\/www.webdo.tn\/fr\/wp-content\/uploads\/2025\/06\/Webdo-Tunisie_168377.jpg","contentUrl":"https:\/\/www.webdo.tn\/fr\/wp-content\/uploads\/2025\/06\/Webdo-Tunisie_168377.jpg","width":301,"height":301,"caption":"Webdo"},"image":{"@id":"https:\/\/www.webdo.tn\/fr\/#\/schema\/logo\/image\/"},"sameAs":["https:\/\/www.facebook.com\/webdotn","https:\/\/x.com\/webdo_tn"],"description":"Webdo est un m\u00e9dia num\u00e9rique tunisien fond\u00e9 en 2010, sp\u00e9cialis\u00e9 dans l\u2019actualit\u00e9 nationale et internationale, l\u2019\u00e9conomie, la soci\u00e9t\u00e9 et les analyses politiques. Le site s\u2019adresse \u00e0 un large public francophone et couvre l\u2019information tunisienne en temps r\u00e9el.","email":"redac@webdo.tn","legalName":"YNJ SARL","foundingDate":"2010-09-06","numberOfEmployees":{"@type":"QuantitativeValue","minValue":"11","maxValue":"50"}},{"@type":"Person","@id":"https:\/\/www.webdo.tn\/fr\/#\/schema\/person\/b9ecde7a5574cb4fcf4b496ea5fadb15","name":"Wided Belhaj","image":{"@type":"ImageObject","inLanguage":"fr-FR","@id":"https:\/\/www.webdo.tn\/fr\/wp-content\/uploads\/2026\/04\/wided-belhaj_avatar-96x96.jpg","url":"https:\/\/www.webdo.tn\/fr\/wp-content\/uploads\/2026\/04\/wided-belhaj_avatar-96x96.jpg","contentUrl":"https:\/\/www.webdo.tn\/fr\/wp-content\/uploads\/2026\/04\/wided-belhaj_avatar-96x96.jpg","caption":"Wided Belhaj"},"description":"Wided Belhaj est le pseudonyme \u00e9ditorial utilis\u00e9 par Khalil Jelassi, journaliste, ma\u00eetre-assistant \u00e0 l\u2019Institut de presse et des sciences de l\u2019information (IPSI) et chercheur en sciences de l\u2019information et de la communication. Cette signature est d\u00e9di\u00e9e \u00e0 l\u2019analyse des m\u00e9dias, des pratiques journalistiques et des mutations de l\u2019information \u00e0 l\u2019\u00e8re digitale. \u00c0 travers ses contributions, Wided Belhaj propose une lecture analytique de l\u2019actualit\u00e9, en croisant regard critique et expertise acad\u00e9mique.","knowsAbout":["m\u00e9dias","journalisme","communication","information","transformation num\u00e9rique","analyse des m\u00e9dias"],"knowsLanguage":["Fran\u00e7ais","Arabe"],"jobTitle":"Webdo.tn","worksFor":"Journaliste \u2013 Analyse des m\u00e9dias","url":"https:\/\/www.webdo.tn\/fr\/actualite\/author\/wided-belhaj\/"}]}},"_links":{"self":[{"href":"https:\/\/www.webdo.tn\/fr\/wp-json\/wp\/v2\/posts\/386041","targetHints":{"allow":["GET"]}}],"collection":[{"href":"https:\/\/www.webdo.tn\/fr\/wp-json\/wp\/v2\/posts"}],"about":[{"href":"https:\/\/www.webdo.tn\/fr\/wp-json\/wp\/v2\/types\/post"}],"author":[{"embeddable":true,"href":"https:\/\/www.webdo.tn\/fr\/wp-json\/wp\/v2\/users\/3184"}],"replies":[{"embeddable":true,"href":"https:\/\/www.webdo.tn\/fr\/wp-json\/wp\/v2\/comments?post=386041"}],"version-history":[{"count":0,"href":"https:\/\/www.webdo.tn\/fr\/wp-json\/wp\/v2\/posts\/386041\/revisions"}],"wp:featuredmedia":[{"embeddable":true,"href":"https:\/\/www.webdo.tn\/fr\/wp-json\/wp\/v2\/media\/386042"}],"wp:attachment":[{"href":"https:\/\/www.webdo.tn\/fr\/wp-json\/wp\/v2\/media?parent=386041"}],"wp:term":[{"taxonomy":"category","embeddable":true,"href":"https:\/\/www.webdo.tn\/fr\/wp-json\/wp\/v2\/categories?post=386041"},{"taxonomy":"post_tag","embeddable":true,"href":"https:\/\/www.webdo.tn\/fr\/wp-json\/wp\/v2\/tags?post=386041"}],"curies":[{"name":"wp","href":"https:\/\/api.w.org\/{rel}","templated":true}]}}