{"id":385990,"date":"2025-10-21T08:00:55","date_gmt":"2025-10-21T07:00:55","guid":{"rendered":"https:\/\/www.webdo.tn\/fr\/?p=385990"},"modified":"2025-10-21T10:56:27","modified_gmt":"2025-10-21T09:56:27","slug":"tunisie-la-tension-a-son-apogee-entre-le-bardo-et-la-kasbah","status":"publish","type":"post","link":"https:\/\/www.webdo.tn\/fr\/actualite\/national\/tunisie-la-tension-a-son-apogee-entre-le-bardo-et-la-kasbah\/385990\/","title":{"rendered":"Tunisie : La tension \u00e0 son apog\u00e9e entre le Bardo et la Kasbah"},"content":{"rendered":"\n<p><\/p>\n\n\n\n<p>La tension politique atteint un nouveau sommet entre le Parlement et le gouvernement. Lors de la s\u00e9ance pl\u00e9ni\u00e8re tenue lundi au Bardo pour d\u00e9battre de la situation environnementale \u00e0 Gab\u00e8s, le d\u00e9put\u00e9 Bilal Mechri a lanc\u00e9 un appel sans \u00e9quivoque \u00e0 ses coll\u00e8gues pour \u00ab\u00a0assumer leurs responsabilit\u00e9s\u00a0\u00bb et \u00ab\u00a0pr\u00e9senter une motion de censure contre le gouvernement\u00a0\u00bb.<\/p>\n\n\n\n<p>Dans une intervention virulente, l\u2019\u00e9lu a accus\u00e9 l\u2019ex\u00e9cutif \u00ab\u00a0de mettre en jeu le pays\u00a0\u00bb et d\u2019avoir perdu toute l\u00e9gitimit\u00e9 populaire. \u00ab\u00a0Le peuple en a marre, Monsieur le Pr\u00e9sident\u00a0\u00bb, a-t-il lanc\u00e9 du perchoir, dans une atmosph\u00e8re \u00e9lectrique o\u00f9 les critiques contre la Kasbah se multiplient.<\/p>\n\n\n\n<p>Bilal Mechri est all\u00e9 plus loin en \u00e9voquant un \u00ab\u00a0complot interne au sein des hautes sph\u00e8res de l\u2019\u00c9tat\u00a0\u00bb, pointant du doigt \u00ab\u00a0ceux qui ont vendu la r\u00e9colte des dattes, des c\u00e9r\u00e9ales et des olives \u00e0 la mafia \u00e9trang\u00e8re\u00a0\u00bb et \u00ab\u00a0ceux qui ont coup\u00e9 l\u2019eau et l\u2019\u00e9lectricit\u00e9 aux citoyens dans les r\u00e9gions\u00a0\u00bb.<\/p>\n\n\n\n<p>Ces d\u00e9clarations incendiaires traduisent le profond malaise qui s\u2019installe entre le Bardo et la Kasbah. Alors que la col\u00e8re sociale enfle et que plusieurs r\u00e9gions menacent d\u2019entrer en gr\u00e8ve, le foss\u00e9 se creuse entre un Parlement en qu\u00eate d\u2019affirmation et un gouvernement accus\u00e9 d\u2019impuissance et de favoritisme.<\/p>\n\n\n\n<p>La crise politique semble d\u00e9sormais s\u2019inviter ouvertement dans l\u2019h\u00e9micycle, et les appels \u00e0 la rupture avec l\u2019actuel ex\u00e9cutif se font de plus en plus insistants.<\/p>\n\n\n\n<p>Lors de cette meme pl\u00e9ni\u00e8re de nombreux d\u00e9put\u00e9s ont appel\u00e9 \u00e0 la d\u00e9mission de la ministre de l&rsquo;Industrie sur fond de crise environnementale \u00e0 Gab\u00e8s. <\/p>\n\n\n\n<p>Cette escalade intervient \u00e0 quelques jours de l\u2019ouverture attendue des d\u00e9bats sur la loi de finances, un texte crucial pour l\u2019\u00e9quilibre \u00e9conomique du pays. Plusieurs observateurs s\u2019interrogent d\u00e9sormais : cette tension politique risque-t-elle de perturber les discussions budg\u00e9taires ? Des \u00e9lus craignent que le climat conflictuel entre les deux institutions ne compromette le dialogue n\u00e9cessaire pour adopter le budget dans les d\u00e9lais, d\u2019autant que les priorit\u00e9s \u00e9conomiques et sociales s\u2019annoncent particuli\u00e8rement sensibles cette ann\u00e9e.<\/p>\n\n\n\n<p><\/p>\n\n\n\n<p><strong>Lire aussi  :<a href=\"https:\/\/www.webdo.tn\/fr\/actualite\/national\/le-parlement-convoque-le-gouvernement-au-sujet-de-la-crise-de-gabes\/385800\/\"> <\/a><\/strong><a href=\"https:\/\/www.webdo.tn\/fr\/actualite\/national\/le-parlement-convoque-le-gouvernement-au-sujet-de-la-crise-de-gabes\/385800\/\">Le Parlement convoque le gouvernement au sujet de la crise de Gab\u00e8s<\/a><br><\/p>\n","protected":false},"excerpt":{"rendered":"<p>La tension politique atteint un nouveau sommet entre le Parlement et le gouvernement. Lors de la s\u00e9ance pl\u00e9ni\u00e8re tenue lundi au Bardo pour d\u00e9battre de la situation environnementale \u00e0 Gab\u00e8s, le d\u00e9put\u00e9 Bilal Mechri a lanc\u00e9 un appel sans \u00e9quivoque \u00e0 ses coll\u00e8gues pour \u00ab\u00a0assumer leurs responsabilit\u00e9s\u00a0\u00bb et \u00ab\u00a0pr\u00e9senter une motion de censure contre le [&hellip;]<\/p>\n","protected":false},"author":3184,"featured_media":385991,"comment_status":"closed","ping_status":"closed","sticky":false,"template":"","format":"standard","meta":{"footnotes":""},"categories":[44],"tags":[2813,5898,2651,2608],"class_list":["post-385990","post","type-post","status-publish","format-standard","has-post-thumbnail","hentry","category-national","tag-arp","tag-bardo","tag-gouvernement","tag-tunisie"],"yoast_head":"<!-- This site is optimized with the Yoast SEO Premium plugin v27.4 (Yoast SEO v27.5) - https:\/\/yoast.com\/product\/yoast-seo-premium-wordpress\/ -->\n<title>Tunisie : La tension \u00e0 son apog\u00e9e entre le Bardo et la Kasbah - webdo<\/title>\n<meta name=\"description\" content=\"D\u00e9couvrez la crise actuelle \u00e0 la Kasbah et les tensions entre le gouvernement et le Parlement unissant les d\u00e9put\u00e9s.\" \/>\n<link rel=\"canonical\" href=\"https:\/\/www.webdo.tn\/fr\/actualite\/national\/tunisie-la-tension-a-son-apogee-entre-le-bardo-et-la-kasbah\/385990\/\" \/>\n<meta property=\"og:locale\" content=\"fr_FR\" \/>\n<meta property=\"og:type\" content=\"article\" \/>\n<meta property=\"og:title\" content=\"Tunisie : La tension \u00e0 son apog\u00e9e entre le Bardo et la Kasbah\" \/>\n<meta property=\"og:description\" content=\"D\u00e9couvrez la crise actuelle \u00e0 la Kasbah et les tensions entre le gouvernement et le Parlement unissant les d\u00e9put\u00e9s.\" \/>\n<meta property=\"og:url\" content=\"https:\/\/www.webdo.tn\/fr\/actualite\/national\/tunisie-la-tension-a-son-apogee-entre-le-bardo-et-la-kasbah\/385990\/\" \/>\n<meta property=\"og:site_name\" content=\"webdo\" \/>\n<meta property=\"article:publisher\" content=\"https:\/\/www.facebook.com\/webdotn\" \/>\n<meta property=\"article:published_time\" content=\"2025-10-21T07:00:55+00:00\" \/>\n<meta property=\"article:modified_time\" content=\"2025-10-21T09:56:27+00:00\" \/>\n<meta property=\"og:image\" content=\"https:\/\/www.webdo.tn\/fr\/wp-content\/uploads\/2025\/10\/568715228_1153849770189137_6215204949834133901_n.jpg\" \/>\n\t<meta property=\"og:image:width\" content=\"1600\" \/>\n\t<meta property=\"og:image:height\" content=\"1046\" \/>\n\t<meta property=\"og:image:type\" content=\"image\/jpeg\" \/>\n<meta name=\"author\" content=\"Wided Belhaj\" \/>\n<meta name=\"twitter:card\" content=\"summary_large_image\" \/>\n<meta name=\"twitter:creator\" content=\"@webdo_tn\" \/>\n<meta name=\"twitter:site\" content=\"@webdo_tn\" \/>\n<meta name=\"twitter:label1\" content=\"\u00c9crit par\" \/>\n\t<meta name=\"twitter:data1\" content=\"Wided Belhaj\" \/>\n\t<meta name=\"twitter:label2\" content=\"Dur\u00e9e de lecture estim\u00e9e\" \/>\n\t<meta name=\"twitter:data2\" content=\"2 minutes\" \/>\n<script type=\"application\/ld+json\" class=\"yoast-schema-graph\">{\"@context\":\"https:\\\/\\\/schema.org\",\"@graph\":[{\"@type\":\"NewsArticle\",\"@id\":\"https:\\\/\\\/www.webdo.tn\\\/fr\\\/actualite\\\/national\\\/tunisie-la-tension-a-son-apogee-entre-le-bardo-et-la-kasbah\\\/385990\\\/#article\",\"isPartOf\":{\"@id\":\"https:\\\/\\\/www.webdo.tn\\\/fr\\\/actualite\\\/national\\\/tunisie-la-tension-a-son-apogee-entre-le-bardo-et-la-kasbah\\\/385990\\\/\"},\"author\":{\"name\":\"Wided Belhaj\",\"@id\":\"https:\\\/\\\/www.webdo.tn\\\/fr\\\/#\\\/schema\\\/person\\\/b9ecde7a5574cb4fcf4b496ea5fadb15\"},\"headline\":\"Tunisie : La tension \u00e0 son apog\u00e9e entre le Bardo et la Kasbah\",\"datePublished\":\"2025-10-21T07:00:55+00:00\",\"dateModified\":\"2025-10-21T09:56:27+00:00\",\"mainEntityOfPage\":{\"@id\":\"https:\\\/\\\/www.webdo.tn\\\/fr\\\/actualite\\\/national\\\/tunisie-la-tension-a-son-apogee-entre-le-bardo-et-la-kasbah\\\/385990\\\/\"},\"wordCount\":400,\"publisher\":{\"@id\":\"https:\\\/\\\/www.webdo.tn\\\/fr\\\/#organization\"},\"image\":{\"@id\":\"https:\\\/\\\/www.webdo.tn\\\/fr\\\/actualite\\\/national\\\/tunisie-la-tension-a-son-apogee-entre-le-bardo-et-la-kasbah\\\/385990\\\/#primaryimage\"},\"thumbnailUrl\":\"https:\\\/\\\/www.webdo.tn\\\/fr\\\/wp-content\\\/uploads\\\/2025\\\/10\\\/568715228_1153849770189137_6215204949834133901_n.jpg\",\"keywords\":[\"ARP\",\"Bardo\",\"gouvernement\",\"Tunisie\"],\"articleSection\":[\"National\"],\"inLanguage\":\"fr-FR\"},{\"@type\":\"WebPage\",\"@id\":\"https:\\\/\\\/www.webdo.tn\\\/fr\\\/actualite\\\/national\\\/tunisie-la-tension-a-son-apogee-entre-le-bardo-et-la-kasbah\\\/385990\\\/\",\"url\":\"https:\\\/\\\/www.webdo.tn\\\/fr\\\/actualite\\\/national\\\/tunisie-la-tension-a-son-apogee-entre-le-bardo-et-la-kasbah\\\/385990\\\/\",\"name\":\"Tunisie : La tension \u00e0 son apog\u00e9e entre le Bardo et la Kasbah - webdo\",\"isPartOf\":{\"@id\":\"https:\\\/\\\/www.webdo.tn\\\/fr\\\/#website\"},\"primaryImageOfPage\":{\"@id\":\"https:\\\/\\\/www.webdo.tn\\\/fr\\\/actualite\\\/national\\\/tunisie-la-tension-a-son-apogee-entre-le-bardo-et-la-kasbah\\\/385990\\\/#primaryimage\"},\"image\":{\"@id\":\"https:\\\/\\\/www.webdo.tn\\\/fr\\\/actualite\\\/national\\\/tunisie-la-tension-a-son-apogee-entre-le-bardo-et-la-kasbah\\\/385990\\\/#primaryimage\"},\"thumbnailUrl\":\"https:\\\/\\\/www.webdo.tn\\\/fr\\\/wp-content\\\/uploads\\\/2025\\\/10\\\/568715228_1153849770189137_6215204949834133901_n.jpg\",\"datePublished\":\"2025-10-21T07:00:55+00:00\",\"dateModified\":\"2025-10-21T09:56:27+00:00\",\"description\":\"D\u00e9couvrez la crise actuelle \u00e0 la Kasbah et les tensions entre le gouvernement et le Parlement unissant les d\u00e9put\u00e9s.\",\"breadcrumb\":{\"@id\":\"https:\\\/\\\/www.webdo.tn\\\/fr\\\/actualite\\\/national\\\/tunisie-la-tension-a-son-apogee-entre-le-bardo-et-la-kasbah\\\/385990\\\/#breadcrumb\"},\"inLanguage\":\"fr-FR\",\"potentialAction\":[{\"@type\":\"ReadAction\",\"target\":[\"https:\\\/\\\/www.webdo.tn\\\/fr\\\/actualite\\\/national\\\/tunisie-la-tension-a-son-apogee-entre-le-bardo-et-la-kasbah\\\/385990\\\/\"]}]},{\"@type\":\"ImageObject\",\"inLanguage\":\"fr-FR\",\"@id\":\"https:\\\/\\\/www.webdo.tn\\\/fr\\\/actualite\\\/national\\\/tunisie-la-tension-a-son-apogee-entre-le-bardo-et-la-kasbah\\\/385990\\\/#primaryimage\",\"url\":\"https:\\\/\\\/www.webdo.tn\\\/fr\\\/wp-content\\\/uploads\\\/2025\\\/10\\\/568715228_1153849770189137_6215204949834133901_n.jpg\",\"contentUrl\":\"https:\\\/\\\/www.webdo.tn\\\/fr\\\/wp-content\\\/uploads\\\/2025\\\/10\\\/568715228_1153849770189137_6215204949834133901_n.jpg\",\"width\":1600,\"height\":1046,\"caption\":\"Budget de l\u2019\u00c9tat 2026 : L\u2019ARP entamera l\u2019examen du projet les 5 et 6 novembre\"},{\"@type\":\"BreadcrumbList\",\"@id\":\"https:\\\/\\\/www.webdo.tn\\\/fr\\\/actualite\\\/national\\\/tunisie-la-tension-a-son-apogee-entre-le-bardo-et-la-kasbah\\\/385990\\\/#breadcrumb\",\"itemListElement\":[{\"@type\":\"ListItem\",\"position\":1,\"name\":\"Accueil\",\"item\":\"https:\\\/\\\/www.webdo.tn\\\/fr\\\/\"},{\"@type\":\"ListItem\",\"position\":2,\"name\":\"Tunisie : La tension \u00e0 son apog\u00e9e entre le Bardo et la Kasbah\"}]},{\"@type\":\"WebSite\",\"@id\":\"https:\\\/\\\/www.webdo.tn\\\/fr\\\/#website\",\"url\":\"https:\\\/\\\/www.webdo.tn\\\/fr\\\/\",\"name\":\"webdo\",\"description\":\"Tunisie - News en Tunisie et \u00e0 l&#039;international sur Webdo.tn\",\"publisher\":{\"@id\":\"https:\\\/\\\/www.webdo.tn\\\/fr\\\/#organization\"},\"potentialAction\":[{\"@type\":\"SearchAction\",\"target\":{\"@type\":\"EntryPoint\",\"urlTemplate\":\"https:\\\/\\\/www.webdo.tn\\\/fr\\\/?s={search_term_string}\"},\"query-input\":{\"@type\":\"PropertyValueSpecification\",\"valueRequired\":true,\"valueName\":\"search_term_string\"}}],\"inLanguage\":\"fr-FR\"},{\"@type\":\"Organization\",\"@id\":\"https:\\\/\\\/www.webdo.tn\\\/fr\\\/#organization\",\"name\":\"Webdo\",\"alternateName\":\"Webdo.tn\",\"url\":\"https:\\\/\\\/www.webdo.tn\\\/fr\\\/\",\"logo\":{\"@type\":\"ImageObject\",\"inLanguage\":\"fr-FR\",\"@id\":\"https:\\\/\\\/www.webdo.tn\\\/fr\\\/#\\\/schema\\\/logo\\\/image\\\/\",\"url\":\"https:\\\/\\\/www.webdo.tn\\\/fr\\\/wp-content\\\/uploads\\\/2025\\\/06\\\/Webdo-Tunisie_168377.jpg\",\"contentUrl\":\"https:\\\/\\\/www.webdo.tn\\\/fr\\\/wp-content\\\/uploads\\\/2025\\\/06\\\/Webdo-Tunisie_168377.jpg\",\"width\":301,\"height\":301,\"caption\":\"Webdo\"},\"image\":{\"@id\":\"https:\\\/\\\/www.webdo.tn\\\/fr\\\/#\\\/schema\\\/logo\\\/image\\\/\"},\"sameAs\":[\"https:\\\/\\\/www.facebook.com\\\/webdotn\",\"https:\\\/\\\/x.com\\\/webdo_tn\"],\"description\":\"Webdo est un m\u00e9dia num\u00e9rique tunisien fond\u00e9 en 2010, sp\u00e9cialis\u00e9 dans l\u2019actualit\u00e9 nationale et internationale, l\u2019\u00e9conomie, la soci\u00e9t\u00e9 et les analyses politiques. Le site s\u2019adresse \u00e0 un large public francophone et couvre l\u2019information tunisienne en temps r\u00e9el.\",\"email\":\"redac@webdo.tn\",\"legalName\":\"YNJ SARL\",\"foundingDate\":\"2010-09-06\",\"numberOfEmployees\":{\"@type\":\"QuantitativeValue\",\"minValue\":\"11\",\"maxValue\":\"50\"}},{\"@type\":\"Person\",\"@id\":\"https:\\\/\\\/www.webdo.tn\\\/fr\\\/#\\\/schema\\\/person\\\/b9ecde7a5574cb4fcf4b496ea5fadb15\",\"name\":\"Wided Belhaj\",\"image\":{\"@type\":\"ImageObject\",\"inLanguage\":\"fr-FR\",\"@id\":\"https:\\\/\\\/www.webdo.tn\\\/fr\\\/wp-content\\\/uploads\\\/2026\\\/04\\\/wided-belhaj_avatar-96x96.jpg\",\"url\":\"https:\\\/\\\/www.webdo.tn\\\/fr\\\/wp-content\\\/uploads\\\/2026\\\/04\\\/wided-belhaj_avatar-96x96.jpg\",\"contentUrl\":\"https:\\\/\\\/www.webdo.tn\\\/fr\\\/wp-content\\\/uploads\\\/2026\\\/04\\\/wided-belhaj_avatar-96x96.jpg\",\"caption\":\"Wided Belhaj\"},\"description\":\"Wided Belhaj est le pseudonyme \u00e9ditorial utilis\u00e9 par Khalil Jelassi, journaliste, ma\u00eetre-assistant \u00e0 l\u2019Institut de presse et des sciences de l\u2019information (IPSI) et chercheur en sciences de l\u2019information et de la communication. Cette signature est d\u00e9di\u00e9e \u00e0 l\u2019analyse des m\u00e9dias, des pratiques journalistiques et des mutations de l\u2019information \u00e0 l\u2019\u00e8re digitale. \u00c0 travers ses contributions, Wided Belhaj propose une lecture analytique de l\u2019actualit\u00e9, en croisant regard critique et expertise acad\u00e9mique.\",\"knowsAbout\":[\"m\u00e9dias\",\"journalisme\",\"communication\",\"information\",\"transformation num\u00e9rique\",\"analyse des m\u00e9dias\"],\"knowsLanguage\":[\"Fran\u00e7ais\",\"Arabe\"],\"jobTitle\":\"Webdo.tn\",\"worksFor\":\"Journaliste \u2013 Analyse des m\u00e9dias\",\"url\":\"https:\\\/\\\/www.webdo.tn\\\/fr\\\/actualite\\\/author\\\/wided-belhaj\\\/\"}]}<\/script>\n<!-- \/ Yoast SEO Premium plugin. -->","yoast_head_json":{"title":"Tunisie : La tension \u00e0 son apog\u00e9e entre le Bardo et la Kasbah - webdo","description":"D\u00e9couvrez la crise actuelle \u00e0 la Kasbah et les tensions entre le gouvernement et le Parlement unissant les d\u00e9put\u00e9s.","canonical":"https:\/\/www.webdo.tn\/fr\/actualite\/national\/tunisie-la-tension-a-son-apogee-entre-le-bardo-et-la-kasbah\/385990\/","og_locale":"fr_FR","og_type":"article","og_title":"Tunisie : La tension \u00e0 son apog\u00e9e entre le Bardo et la Kasbah","og_description":"D\u00e9couvrez la crise actuelle \u00e0 la Kasbah et les tensions entre le gouvernement et le Parlement unissant les d\u00e9put\u00e9s.","og_url":"https:\/\/www.webdo.tn\/fr\/actualite\/national\/tunisie-la-tension-a-son-apogee-entre-le-bardo-et-la-kasbah\/385990\/","og_site_name":"webdo","article_publisher":"https:\/\/www.facebook.com\/webdotn","article_published_time":"2025-10-21T07:00:55+00:00","article_modified_time":"2025-10-21T09:56:27+00:00","og_image":[{"width":1600,"height":1046,"url":"https:\/\/www.webdo.tn\/fr\/wp-content\/uploads\/2025\/10\/568715228_1153849770189137_6215204949834133901_n.jpg","type":"image\/jpeg"}],"author":"Wided Belhaj","twitter_card":"summary_large_image","twitter_creator":"@webdo_tn","twitter_site":"@webdo_tn","twitter_misc":{"\u00c9crit par":"Wided Belhaj","Dur\u00e9e de lecture estim\u00e9e":"2 minutes"},"schema":{"@context":"https:\/\/schema.org","@graph":[{"@type":"NewsArticle","@id":"https:\/\/www.webdo.tn\/fr\/actualite\/national\/tunisie-la-tension-a-son-apogee-entre-le-bardo-et-la-kasbah\/385990\/#article","isPartOf":{"@id":"https:\/\/www.webdo.tn\/fr\/actualite\/national\/tunisie-la-tension-a-son-apogee-entre-le-bardo-et-la-kasbah\/385990\/"},"author":{"name":"Wided Belhaj","@id":"https:\/\/www.webdo.tn\/fr\/#\/schema\/person\/b9ecde7a5574cb4fcf4b496ea5fadb15"},"headline":"Tunisie : La tension \u00e0 son apog\u00e9e entre le Bardo et la Kasbah","datePublished":"2025-10-21T07:00:55+00:00","dateModified":"2025-10-21T09:56:27+00:00","mainEntityOfPage":{"@id":"https:\/\/www.webdo.tn\/fr\/actualite\/national\/tunisie-la-tension-a-son-apogee-entre-le-bardo-et-la-kasbah\/385990\/"},"wordCount":400,"publisher":{"@id":"https:\/\/www.webdo.tn\/fr\/#organization"},"image":{"@id":"https:\/\/www.webdo.tn\/fr\/actualite\/national\/tunisie-la-tension-a-son-apogee-entre-le-bardo-et-la-kasbah\/385990\/#primaryimage"},"thumbnailUrl":"https:\/\/www.webdo.tn\/fr\/wp-content\/uploads\/2025\/10\/568715228_1153849770189137_6215204949834133901_n.jpg","keywords":["ARP","Bardo","gouvernement","Tunisie"],"articleSection":["National"],"inLanguage":"fr-FR"},{"@type":"WebPage","@id":"https:\/\/www.webdo.tn\/fr\/actualite\/national\/tunisie-la-tension-a-son-apogee-entre-le-bardo-et-la-kasbah\/385990\/","url":"https:\/\/www.webdo.tn\/fr\/actualite\/national\/tunisie-la-tension-a-son-apogee-entre-le-bardo-et-la-kasbah\/385990\/","name":"Tunisie : La tension \u00e0 son apog\u00e9e entre le Bardo et la Kasbah - webdo","isPartOf":{"@id":"https:\/\/www.webdo.tn\/fr\/#website"},"primaryImageOfPage":{"@id":"https:\/\/www.webdo.tn\/fr\/actualite\/national\/tunisie-la-tension-a-son-apogee-entre-le-bardo-et-la-kasbah\/385990\/#primaryimage"},"image":{"@id":"https:\/\/www.webdo.tn\/fr\/actualite\/national\/tunisie-la-tension-a-son-apogee-entre-le-bardo-et-la-kasbah\/385990\/#primaryimage"},"thumbnailUrl":"https:\/\/www.webdo.tn\/fr\/wp-content\/uploads\/2025\/10\/568715228_1153849770189137_6215204949834133901_n.jpg","datePublished":"2025-10-21T07:00:55+00:00","dateModified":"2025-10-21T09:56:27+00:00","description":"D\u00e9couvrez la crise actuelle \u00e0 la Kasbah et les tensions entre le gouvernement et le Parlement unissant les d\u00e9put\u00e9s.","breadcrumb":{"@id":"https:\/\/www.webdo.tn\/fr\/actualite\/national\/tunisie-la-tension-a-son-apogee-entre-le-bardo-et-la-kasbah\/385990\/#breadcrumb"},"inLanguage":"fr-FR","potentialAction":[{"@type":"ReadAction","target":["https:\/\/www.webdo.tn\/fr\/actualite\/national\/tunisie-la-tension-a-son-apogee-entre-le-bardo-et-la-kasbah\/385990\/"]}]},{"@type":"ImageObject","inLanguage":"fr-FR","@id":"https:\/\/www.webdo.tn\/fr\/actualite\/national\/tunisie-la-tension-a-son-apogee-entre-le-bardo-et-la-kasbah\/385990\/#primaryimage","url":"https:\/\/www.webdo.tn\/fr\/wp-content\/uploads\/2025\/10\/568715228_1153849770189137_6215204949834133901_n.jpg","contentUrl":"https:\/\/www.webdo.tn\/fr\/wp-content\/uploads\/2025\/10\/568715228_1153849770189137_6215204949834133901_n.jpg","width":1600,"height":1046,"caption":"Budget de l\u2019\u00c9tat 2026 : L\u2019ARP entamera l\u2019examen du projet les 5 et 6 novembre"},{"@type":"BreadcrumbList","@id":"https:\/\/www.webdo.tn\/fr\/actualite\/national\/tunisie-la-tension-a-son-apogee-entre-le-bardo-et-la-kasbah\/385990\/#breadcrumb","itemListElement":[{"@type":"ListItem","position":1,"name":"Accueil","item":"https:\/\/www.webdo.tn\/fr\/"},{"@type":"ListItem","position":2,"name":"Tunisie : La tension \u00e0 son apog\u00e9e entre le Bardo et la Kasbah"}]},{"@type":"WebSite","@id":"https:\/\/www.webdo.tn\/fr\/#website","url":"https:\/\/www.webdo.tn\/fr\/","name":"webdo","description":"Tunisie - News en Tunisie et \u00e0 l&#039;international sur Webdo.tn","publisher":{"@id":"https:\/\/www.webdo.tn\/fr\/#organization"},"potentialAction":[{"@type":"SearchAction","target":{"@type":"EntryPoint","urlTemplate":"https:\/\/www.webdo.tn\/fr\/?s={search_term_string}"},"query-input":{"@type":"PropertyValueSpecification","valueRequired":true,"valueName":"search_term_string"}}],"inLanguage":"fr-FR"},{"@type":"Organization","@id":"https:\/\/www.webdo.tn\/fr\/#organization","name":"Webdo","alternateName":"Webdo.tn","url":"https:\/\/www.webdo.tn\/fr\/","logo":{"@type":"ImageObject","inLanguage":"fr-FR","@id":"https:\/\/www.webdo.tn\/fr\/#\/schema\/logo\/image\/","url":"https:\/\/www.webdo.tn\/fr\/wp-content\/uploads\/2025\/06\/Webdo-Tunisie_168377.jpg","contentUrl":"https:\/\/www.webdo.tn\/fr\/wp-content\/uploads\/2025\/06\/Webdo-Tunisie_168377.jpg","width":301,"height":301,"caption":"Webdo"},"image":{"@id":"https:\/\/www.webdo.tn\/fr\/#\/schema\/logo\/image\/"},"sameAs":["https:\/\/www.facebook.com\/webdotn","https:\/\/x.com\/webdo_tn"],"description":"Webdo est un m\u00e9dia num\u00e9rique tunisien fond\u00e9 en 2010, sp\u00e9cialis\u00e9 dans l\u2019actualit\u00e9 nationale et internationale, l\u2019\u00e9conomie, la soci\u00e9t\u00e9 et les analyses politiques. Le site s\u2019adresse \u00e0 un large public francophone et couvre l\u2019information tunisienne en temps r\u00e9el.","email":"redac@webdo.tn","legalName":"YNJ SARL","foundingDate":"2010-09-06","numberOfEmployees":{"@type":"QuantitativeValue","minValue":"11","maxValue":"50"}},{"@type":"Person","@id":"https:\/\/www.webdo.tn\/fr\/#\/schema\/person\/b9ecde7a5574cb4fcf4b496ea5fadb15","name":"Wided Belhaj","image":{"@type":"ImageObject","inLanguage":"fr-FR","@id":"https:\/\/www.webdo.tn\/fr\/wp-content\/uploads\/2026\/04\/wided-belhaj_avatar-96x96.jpg","url":"https:\/\/www.webdo.tn\/fr\/wp-content\/uploads\/2026\/04\/wided-belhaj_avatar-96x96.jpg","contentUrl":"https:\/\/www.webdo.tn\/fr\/wp-content\/uploads\/2026\/04\/wided-belhaj_avatar-96x96.jpg","caption":"Wided Belhaj"},"description":"Wided Belhaj est le pseudonyme \u00e9ditorial utilis\u00e9 par Khalil Jelassi, journaliste, ma\u00eetre-assistant \u00e0 l\u2019Institut de presse et des sciences de l\u2019information (IPSI) et chercheur en sciences de l\u2019information et de la communication. Cette signature est d\u00e9di\u00e9e \u00e0 l\u2019analyse des m\u00e9dias, des pratiques journalistiques et des mutations de l\u2019information \u00e0 l\u2019\u00e8re digitale. \u00c0 travers ses contributions, Wided Belhaj propose une lecture analytique de l\u2019actualit\u00e9, en croisant regard critique et expertise acad\u00e9mique.","knowsAbout":["m\u00e9dias","journalisme","communication","information","transformation num\u00e9rique","analyse des m\u00e9dias"],"knowsLanguage":["Fran\u00e7ais","Arabe"],"jobTitle":"Webdo.tn","worksFor":"Journaliste \u2013 Analyse des m\u00e9dias","url":"https:\/\/www.webdo.tn\/fr\/actualite\/author\/wided-belhaj\/"}]}},"_links":{"self":[{"href":"https:\/\/www.webdo.tn\/fr\/wp-json\/wp\/v2\/posts\/385990","targetHints":{"allow":["GET"]}}],"collection":[{"href":"https:\/\/www.webdo.tn\/fr\/wp-json\/wp\/v2\/posts"}],"about":[{"href":"https:\/\/www.webdo.tn\/fr\/wp-json\/wp\/v2\/types\/post"}],"author":[{"embeddable":true,"href":"https:\/\/www.webdo.tn\/fr\/wp-json\/wp\/v2\/users\/3184"}],"replies":[{"embeddable":true,"href":"https:\/\/www.webdo.tn\/fr\/wp-json\/wp\/v2\/comments?post=385990"}],"version-history":[{"count":0,"href":"https:\/\/www.webdo.tn\/fr\/wp-json\/wp\/v2\/posts\/385990\/revisions"}],"wp:featuredmedia":[{"embeddable":true,"href":"https:\/\/www.webdo.tn\/fr\/wp-json\/wp\/v2\/media\/385991"}],"wp:attachment":[{"href":"https:\/\/www.webdo.tn\/fr\/wp-json\/wp\/v2\/media?parent=385990"}],"wp:term":[{"taxonomy":"category","embeddable":true,"href":"https:\/\/www.webdo.tn\/fr\/wp-json\/wp\/v2\/categories?post=385990"},{"taxonomy":"post_tag","embeddable":true,"href":"https:\/\/www.webdo.tn\/fr\/wp-json\/wp\/v2\/tags?post=385990"}],"curies":[{"name":"wp","href":"https:\/\/api.w.org\/{rel}","templated":true}]}}