{"id":385987,"date":"2025-10-21T07:41:26","date_gmt":"2025-10-21T06:41:26","guid":{"rendered":"https:\/\/www.webdo.tn\/fr\/?p=385987"},"modified":"2025-10-21T08:35:41","modified_gmt":"2025-10-21T07:35:41","slug":"gabes-malade-de-sa-pollution-le-gouvernement-repond-par-un-pole-anticancer","status":"publish","type":"post","link":"https:\/\/www.webdo.tn\/fr\/actualite\/regions\/gabes-malade-de-sa-pollution-le-gouvernement-repond-par-un-pole-anticancer\/385987\/","title":{"rendered":"Gab\u00e8s malade de sa pollution : Le gouvernement r\u00e9pond par un p\u00f4le anticancer"},"content":{"rendered":"\n<p><\/p>\n\n\n\n<p>Alors que Gab\u00e8s suffoque toujours sous le poids de la pollution industrielle, le gouvernement tunisien tente de rassurer. Lors d\u2019une s\u00e9ance pl\u00e9ni\u00e8re consacr\u00e9e \u00e0 la situation environnementale de la r\u00e9gion, le ministre de la Sant\u00e9, Mustapha Ferjani, a assur\u00e9 que \u00ab la question de Gab\u00e8s n\u2019est pas seulement locale ou environnementale, mais une question nationale \u00bb, rappelant qu\u2019elle touche directement \u00e0 \u00ab la sant\u00e9 des citoyens et \u00e0 leur droit \u00e0 un environnement sain \u00bb.<\/p>\n\n\n\n<p>Le ministre a promis des \u00ab solutions pratiques \u00bb pour concilier d\u00e9veloppement \u00e9conomique et sant\u00e9 publique, \u00e9voquant le choix de \u00ab l\u2019industrie propre \u00bb comme unique voie possible. Selon lui, il n\u2019est plus question d\u2019\u00ab opposer le droit au travail et le droit \u00e0 la sant\u00e9 \u00bb. Une affirmation qui sonne comme un v\u0153u pieux pour de nombreux habitants, lass\u00e9s des promesses non tenues depuis des d\u00e9cennies.<\/p>\n\n\n\n<p>Ferjani a \u00e9galement insist\u00e9 sur la \u00ab responsabilit\u00e9 collective \u00bb et la \u00ab n\u00e9cessit\u00e9 d\u2019une coordination entre les minist\u00e8res \u00bb afin d\u2019assurer un suivi r\u00e9gulier de la situation environnementale et de garantir la mise en \u0153uvre rapide des projets annonc\u00e9s.<\/p>\n\n\n\n<p>Mais au milieu de cette crise chronique de confiance et de gouvernance, une annonce a particuli\u00e8rement retenu l\u2019attention : celle de la cr\u00e9ation, d\u2019ici deux ans, d\u2019un p\u00f4le sp\u00e9cialis\u00e9 dans les maladies canc\u00e9reuses \u00e0 Gab\u00e8s. Ce complexe m\u00e9dical, pr\u00e9sent\u00e9 comme une mesure phare, vise \u00e0 offrir des soins int\u00e9gr\u00e9s aux patients de la r\u00e9gion et \u00e0 d\u00e9sengorger les grands h\u00f4pitaux.<\/p>\n\n\n\n<p>Une annonce qui ne manque pas de soulever des interrogations. Car si la construction d\u2019un centre anticancer t\u00e9moigne d\u2019une volont\u00e9 de r\u00e9pondre \u00e0 une urgence sanitaire, elle r\u00e9v\u00e8le surtout une r\u00e9alit\u00e9 am\u00e8re : Gab\u00e8s est devenue, au fil des ans, l\u2019un des foyers les plus expos\u00e9s aux maladies chroniques li\u00e9es \u00e0 la pollution. Investir dans le traitement des cancers sans s\u2019attaquer de mani\u00e8re radicale \u00e0 leurs causes revient \u00e0 panser les plaies sans fermer la blessure.<\/p>\n\n\n\n<p>Le ministre a par ailleurs mis\u00e9 sur la \u00ab num\u00e9risation \u00bb pour am\u00e9liorer la gestion des donn\u00e9es m\u00e9dicales et le suivi des patients, \u00e9voquant le futur \u00ab h\u00f4pital num\u00e9rique \u00bb du minist\u00e8re. Mais sur le terrain, les habitants de Gab\u00e8s attendent d\u2019abord un air respirable, une mer non toxique et une industrie qui ne tue pas \u00e0 petit feu.<\/p>\n\n\n\n<p><\/p>\n\n\n\n<p>Lire aussi<\/p>\n\n\n\n<ul class=\"wp-block-list\">\n<li><a href=\"https:\/\/www.webdo.tn\/fr\/actualite\/regions\/tunisie-six-projets-inacheves-a-200-md-au-coeur-de-la-crise-environnementale-de-gabes\/385958\/\">Tunisie : Six projets inachev\u00e9s \u00e0 200 MD au c\u0153ur de la crise environnementale de Gabes<\/a><\/li>\n\n\n\n<li><a href=\"https:\/\/www.webdo.tn\/fr\/actualite\/regions\/tunisie-gabes-etouffe-le-gouvernement-promet-enfin-dagir\/385953\/\">Tunisie\u00a0: Gab\u00e8s \u00e9touffe, le gouvernement promet enfin d\u2019agir<\/a><\/li>\n\n\n\n<li><a href=\"https:\/\/www.webdo.tn\/fr\/actualite\/national\/a-gabes-une-catastrophe-evitee-selon-la-garde-nationale\/385898\/\">\u00c0 Gab\u00e8s, une catastrophe \u00e9vit\u00e9e, selon la Garde Nationale<\/a><\/li>\n\n\n\n<li><a href=\"https:\/\/www.webdo.tn\/fr\/actualite\/regions\/gabes-mer-empoisonnee-150-ans-de-pollution-a-reparer\/385661\/\">Gab\u00e8s, mer empoisonn\u00e9e : 150 ans de pollution \u00e0 r\u00e9parer<\/a><\/li>\n\n\n\n<li><a href=\"https:\/\/www.webdo.tn\/fr\/actualite\/regions\/gabes-nouvelle-vague-dasphyxie-au-college-chatt-essalem-la-colere-monte\/385655\/\">Gab\u00e8s : Nouvelle vague d\u2019asphyxie au coll\u00e8ge Chatt Essalem, la col\u00e8re monte<\/a><\/li>\n\n\n\n<li><a href=\"https:\/\/www.webdo.tn\/fr\/actualite\/national\/gabes-etouffe-encore-kais-saied-depeche-ses-ministres-apres-une-nouvelle-fuite-toxique\/385488\/\">Gab\u00e8s \u00e9touffe encore : Ka\u00efs Sa\u00efed d\u00e9p\u00eache ses ministres apr\u00e8s une nouvelle fuite toxique<\/a><\/li>\n\n\n\n<li><a href=\"https:\/\/www.webdo.tn\/fr\/actualite\/regions\/gabes-colere-a-chatt-essalem-apres-de-nouveaux-cas-dasphyxie\/385436\/\">Gab\u00e8s : Col\u00e8re \u00e0 Chatt Essalem apr\u00e8s de nouveaux cas d\u2019asphyxie<\/a><\/li>\n<\/ul>\n","protected":false},"excerpt":{"rendered":"<p>Alors que Gab\u00e8s suffoque toujours sous le poids de la pollution industrielle, le gouvernement tunisien tente de rassurer. Lors d\u2019une s\u00e9ance pl\u00e9ni\u00e8re consacr\u00e9e \u00e0 la situation environnementale de la r\u00e9gion, le ministre de la Sant\u00e9, Mustapha Ferjani, a assur\u00e9 que \u00ab la question de Gab\u00e8s n\u2019est pas seulement locale ou environnementale, mais une question nationale [&hellip;]<\/p>\n","protected":false},"author":3184,"featured_media":385988,"comment_status":"closed","ping_status":"closed","sticky":false,"template":"","format":"standard","meta":{"footnotes":""},"categories":[2595],"tags":[6973,3126,2608],"class_list":["post-385987","post","type-post","status-publish","format-standard","has-post-thumbnail","hentry","category-regions","tag-cancer","tag-gabes","tag-tunisie"],"yoast_head":"<!-- This site is optimized with the Yoast SEO Premium plugin v27.5 (Yoast SEO v27.5) - https:\/\/yoast.com\/product\/yoast-seo-premium-wordpress\/ -->\n<title>Gab\u00e8s malade de sa pollution : Le gouvernement r\u00e9pond par un p\u00f4le anticancer - webdo<\/title>\n<meta name=\"description\" content=\"D\u00e9couvrez la situation de Gab\u00e8s face \u00e0 la pollution industrielle et les promesses du gouvernement tunisien pour un environnement sain.\" \/>\n<link rel=\"canonical\" href=\"https:\/\/www.webdo.tn\/fr\/actualite\/regions\/gabes-malade-de-sa-pollution-le-gouvernement-repond-par-un-pole-anticancer\/385987\/\" \/>\n<meta property=\"og:locale\" content=\"fr_FR\" \/>\n<meta property=\"og:type\" content=\"article\" \/>\n<meta property=\"og:title\" content=\"Gab\u00e8s malade de sa pollution : Le gouvernement r\u00e9pond par un p\u00f4le anticancer\" \/>\n<meta property=\"og:description\" content=\"D\u00e9couvrez la situation de Gab\u00e8s face \u00e0 la pollution industrielle et les promesses du gouvernement tunisien pour un environnement sain.\" \/>\n<meta property=\"og:url\" content=\"https:\/\/www.webdo.tn\/fr\/actualite\/regions\/gabes-malade-de-sa-pollution-le-gouvernement-repond-par-un-pole-anticancer\/385987\/\" \/>\n<meta property=\"og:site_name\" content=\"webdo\" \/>\n<meta property=\"article:publisher\" content=\"https:\/\/www.facebook.com\/webdotn\" \/>\n<meta property=\"article:published_time\" content=\"2025-10-21T06:41:26+00:00\" \/>\n<meta property=\"article:modified_time\" content=\"2025-10-21T07:35:41+00:00\" \/>\n<meta property=\"og:image\" content=\"https:\/\/www.webdo.tn\/fr\/wp-content\/uploads\/2025\/10\/Capture-decran-2025-10-21-074036.jpg\" \/>\n\t<meta property=\"og:image:width\" content=\"1312\" \/>\n\t<meta property=\"og:image:height\" content=\"731\" \/>\n\t<meta property=\"og:image:type\" content=\"image\/jpeg\" \/>\n<meta name=\"author\" content=\"Wided Belhaj\" \/>\n<meta name=\"twitter:card\" content=\"summary_large_image\" \/>\n<meta name=\"twitter:creator\" content=\"@webdo_tn\" \/>\n<meta name=\"twitter:site\" content=\"@webdo_tn\" \/>\n<meta name=\"twitter:label1\" content=\"\u00c9crit par\" \/>\n\t<meta name=\"twitter:data1\" content=\"Wided Belhaj\" \/>\n\t<meta name=\"twitter:label2\" content=\"Dur\u00e9e de lecture estim\u00e9e\" \/>\n\t<meta name=\"twitter:data2\" content=\"3 minutes\" \/>\n<script type=\"application\/ld+json\" class=\"yoast-schema-graph\">{\"@context\":\"https:\\\/\\\/schema.org\",\"@graph\":[{\"@type\":\"NewsArticle\",\"@id\":\"https:\\\/\\\/www.webdo.tn\\\/fr\\\/actualite\\\/regions\\\/gabes-malade-de-sa-pollution-le-gouvernement-repond-par-un-pole-anticancer\\\/385987\\\/#article\",\"isPartOf\":{\"@id\":\"https:\\\/\\\/www.webdo.tn\\\/fr\\\/actualite\\\/regions\\\/gabes-malade-de-sa-pollution-le-gouvernement-repond-par-un-pole-anticancer\\\/385987\\\/\"},\"author\":{\"name\":\"Wided Belhaj\",\"@id\":\"https:\\\/\\\/www.webdo.tn\\\/fr\\\/#\\\/schema\\\/person\\\/b9ecde7a5574cb4fcf4b496ea5fadb15\"},\"headline\":\"Gab\u00e8s malade de sa pollution : Le gouvernement r\u00e9pond par un p\u00f4le anticancer\",\"datePublished\":\"2025-10-21T06:41:26+00:00\",\"dateModified\":\"2025-10-21T07:35:41+00:00\",\"mainEntityOfPage\":{\"@id\":\"https:\\\/\\\/www.webdo.tn\\\/fr\\\/actualite\\\/regions\\\/gabes-malade-de-sa-pollution-le-gouvernement-repond-par-un-pole-anticancer\\\/385987\\\/\"},\"wordCount\":515,\"publisher\":{\"@id\":\"https:\\\/\\\/www.webdo.tn\\\/fr\\\/#organization\"},\"image\":{\"@id\":\"https:\\\/\\\/www.webdo.tn\\\/fr\\\/actualite\\\/regions\\\/gabes-malade-de-sa-pollution-le-gouvernement-repond-par-un-pole-anticancer\\\/385987\\\/#primaryimage\"},\"thumbnailUrl\":\"https:\\\/\\\/www.webdo.tn\\\/fr\\\/wp-content\\\/uploads\\\/2025\\\/10\\\/Capture-decran-2025-10-21-074036.jpg\",\"keywords\":[\"cancer\",\"gab\u00e8s\",\"Tunisie\"],\"articleSection\":[\"regions\"],\"inLanguage\":\"fr-FR\"},{\"@type\":\"WebPage\",\"@id\":\"https:\\\/\\\/www.webdo.tn\\\/fr\\\/actualite\\\/regions\\\/gabes-malade-de-sa-pollution-le-gouvernement-repond-par-un-pole-anticancer\\\/385987\\\/\",\"url\":\"https:\\\/\\\/www.webdo.tn\\\/fr\\\/actualite\\\/regions\\\/gabes-malade-de-sa-pollution-le-gouvernement-repond-par-un-pole-anticancer\\\/385987\\\/\",\"name\":\"Gab\u00e8s malade de sa pollution : Le gouvernement r\u00e9pond par un p\u00f4le anticancer - webdo\",\"isPartOf\":{\"@id\":\"https:\\\/\\\/www.webdo.tn\\\/fr\\\/#website\"},\"primaryImageOfPage\":{\"@id\":\"https:\\\/\\\/www.webdo.tn\\\/fr\\\/actualite\\\/regions\\\/gabes-malade-de-sa-pollution-le-gouvernement-repond-par-un-pole-anticancer\\\/385987\\\/#primaryimage\"},\"image\":{\"@id\":\"https:\\\/\\\/www.webdo.tn\\\/fr\\\/actualite\\\/regions\\\/gabes-malade-de-sa-pollution-le-gouvernement-repond-par-un-pole-anticancer\\\/385987\\\/#primaryimage\"},\"thumbnailUrl\":\"https:\\\/\\\/www.webdo.tn\\\/fr\\\/wp-content\\\/uploads\\\/2025\\\/10\\\/Capture-decran-2025-10-21-074036.jpg\",\"datePublished\":\"2025-10-21T06:41:26+00:00\",\"dateModified\":\"2025-10-21T07:35:41+00:00\",\"description\":\"D\u00e9couvrez la situation de Gab\u00e8s face \u00e0 la pollution industrielle et les promesses du gouvernement tunisien pour un environnement sain.\",\"breadcrumb\":{\"@id\":\"https:\\\/\\\/www.webdo.tn\\\/fr\\\/actualite\\\/regions\\\/gabes-malade-de-sa-pollution-le-gouvernement-repond-par-un-pole-anticancer\\\/385987\\\/#breadcrumb\"},\"inLanguage\":\"fr-FR\",\"potentialAction\":[{\"@type\":\"ReadAction\",\"target\":[\"https:\\\/\\\/www.webdo.tn\\\/fr\\\/actualite\\\/regions\\\/gabes-malade-de-sa-pollution-le-gouvernement-repond-par-un-pole-anticancer\\\/385987\\\/\"]}]},{\"@type\":\"ImageObject\",\"inLanguage\":\"fr-FR\",\"@id\":\"https:\\\/\\\/www.webdo.tn\\\/fr\\\/actualite\\\/regions\\\/gabes-malade-de-sa-pollution-le-gouvernement-repond-par-un-pole-anticancer\\\/385987\\\/#primaryimage\",\"url\":\"https:\\\/\\\/www.webdo.tn\\\/fr\\\/wp-content\\\/uploads\\\/2025\\\/10\\\/Capture-decran-2025-10-21-074036.jpg\",\"contentUrl\":\"https:\\\/\\\/www.webdo.tn\\\/fr\\\/wp-content\\\/uploads\\\/2025\\\/10\\\/Capture-decran-2025-10-21-074036.jpg\",\"width\":1312,\"height\":731,\"caption\":\"Gab\u00e8s\"},{\"@type\":\"BreadcrumbList\",\"@id\":\"https:\\\/\\\/www.webdo.tn\\\/fr\\\/actualite\\\/regions\\\/gabes-malade-de-sa-pollution-le-gouvernement-repond-par-un-pole-anticancer\\\/385987\\\/#breadcrumb\",\"itemListElement\":[{\"@type\":\"ListItem\",\"position\":1,\"name\":\"Accueil\",\"item\":\"https:\\\/\\\/www.webdo.tn\\\/fr\\\/\"},{\"@type\":\"ListItem\",\"position\":2,\"name\":\"Gab\u00e8s malade de sa pollution : Le gouvernement r\u00e9pond par un p\u00f4le anticancer\"}]},{\"@type\":\"WebSite\",\"@id\":\"https:\\\/\\\/www.webdo.tn\\\/fr\\\/#website\",\"url\":\"https:\\\/\\\/www.webdo.tn\\\/fr\\\/\",\"name\":\"webdo\",\"description\":\"Tunisie - News en Tunisie et \u00e0 l&#039;international sur Webdo.tn\",\"publisher\":{\"@id\":\"https:\\\/\\\/www.webdo.tn\\\/fr\\\/#organization\"},\"potentialAction\":[{\"@type\":\"SearchAction\",\"target\":{\"@type\":\"EntryPoint\",\"urlTemplate\":\"https:\\\/\\\/www.webdo.tn\\\/fr\\\/?s={search_term_string}\"},\"query-input\":{\"@type\":\"PropertyValueSpecification\",\"valueRequired\":true,\"valueName\":\"search_term_string\"}}],\"inLanguage\":\"fr-FR\"},{\"@type\":\"Organization\",\"@id\":\"https:\\\/\\\/www.webdo.tn\\\/fr\\\/#organization\",\"name\":\"Webdo\",\"alternateName\":\"Webdo.tn\",\"url\":\"https:\\\/\\\/www.webdo.tn\\\/fr\\\/\",\"logo\":{\"@type\":\"ImageObject\",\"inLanguage\":\"fr-FR\",\"@id\":\"https:\\\/\\\/www.webdo.tn\\\/fr\\\/#\\\/schema\\\/logo\\\/image\\\/\",\"url\":\"https:\\\/\\\/www.webdo.tn\\\/fr\\\/wp-content\\\/uploads\\\/2025\\\/06\\\/Webdo-Tunisie_168377.jpg\",\"contentUrl\":\"https:\\\/\\\/www.webdo.tn\\\/fr\\\/wp-content\\\/uploads\\\/2025\\\/06\\\/Webdo-Tunisie_168377.jpg\",\"width\":301,\"height\":301,\"caption\":\"Webdo\"},\"image\":{\"@id\":\"https:\\\/\\\/www.webdo.tn\\\/fr\\\/#\\\/schema\\\/logo\\\/image\\\/\"},\"sameAs\":[\"https:\\\/\\\/www.facebook.com\\\/webdotn\",\"https:\\\/\\\/x.com\\\/webdo_tn\"],\"description\":\"Webdo est un m\u00e9dia num\u00e9rique tunisien fond\u00e9 en 2010, sp\u00e9cialis\u00e9 dans l\u2019actualit\u00e9 nationale et internationale, l\u2019\u00e9conomie, la soci\u00e9t\u00e9 et les analyses politiques. Le site s\u2019adresse \u00e0 un large public francophone et couvre l\u2019information tunisienne en temps r\u00e9el.\",\"email\":\"redac@webdo.tn\",\"legalName\":\"YNJ SARL\",\"foundingDate\":\"2010-09-06\",\"numberOfEmployees\":{\"@type\":\"QuantitativeValue\",\"minValue\":\"11\",\"maxValue\":\"50\"}},{\"@type\":\"Person\",\"@id\":\"https:\\\/\\\/www.webdo.tn\\\/fr\\\/#\\\/schema\\\/person\\\/b9ecde7a5574cb4fcf4b496ea5fadb15\",\"name\":\"Wided Belhaj\",\"image\":{\"@type\":\"ImageObject\",\"inLanguage\":\"fr-FR\",\"@id\":\"https:\\\/\\\/www.webdo.tn\\\/fr\\\/wp-content\\\/uploads\\\/2026\\\/04\\\/wided-belhaj_avatar-96x96.jpg\",\"url\":\"https:\\\/\\\/www.webdo.tn\\\/fr\\\/wp-content\\\/uploads\\\/2026\\\/04\\\/wided-belhaj_avatar-96x96.jpg\",\"contentUrl\":\"https:\\\/\\\/www.webdo.tn\\\/fr\\\/wp-content\\\/uploads\\\/2026\\\/04\\\/wided-belhaj_avatar-96x96.jpg\",\"caption\":\"Wided Belhaj\"},\"description\":\"Wided Belhaj est le pseudonyme \u00e9ditorial utilis\u00e9 par Khalil Jelassi, journaliste, ma\u00eetre-assistant \u00e0 l\u2019Institut de presse et des sciences de l\u2019information (IPSI) et chercheur en sciences de l\u2019information et de la communication. Cette signature est d\u00e9di\u00e9e \u00e0 l\u2019analyse des m\u00e9dias, des pratiques journalistiques et des mutations de l\u2019information \u00e0 l\u2019\u00e8re digitale. \u00c0 travers ses contributions, Wided Belhaj propose une lecture analytique de l\u2019actualit\u00e9, en croisant regard critique et expertise acad\u00e9mique.\",\"knowsAbout\":[\"m\u00e9dias\",\"journalisme\",\"communication\",\"information\",\"transformation num\u00e9rique\",\"analyse des m\u00e9dias\"],\"knowsLanguage\":[\"Fran\u00e7ais\",\"Arabe\"],\"jobTitle\":\"Webdo.tn\",\"worksFor\":\"Journaliste \u2013 Analyse des m\u00e9dias\",\"url\":\"https:\\\/\\\/www.webdo.tn\\\/fr\\\/actualite\\\/author\\\/wided-belhaj\\\/\"}]}<\/script>\n<!-- \/ Yoast SEO Premium plugin. -->","yoast_head_json":{"title":"Gab\u00e8s malade de sa pollution : Le gouvernement r\u00e9pond par un p\u00f4le anticancer - webdo","description":"D\u00e9couvrez la situation de Gab\u00e8s face \u00e0 la pollution industrielle et les promesses du gouvernement tunisien pour un environnement sain.","canonical":"https:\/\/www.webdo.tn\/fr\/actualite\/regions\/gabes-malade-de-sa-pollution-le-gouvernement-repond-par-un-pole-anticancer\/385987\/","og_locale":"fr_FR","og_type":"article","og_title":"Gab\u00e8s malade de sa pollution : Le gouvernement r\u00e9pond par un p\u00f4le anticancer","og_description":"D\u00e9couvrez la situation de Gab\u00e8s face \u00e0 la pollution industrielle et les promesses du gouvernement tunisien pour un environnement sain.","og_url":"https:\/\/www.webdo.tn\/fr\/actualite\/regions\/gabes-malade-de-sa-pollution-le-gouvernement-repond-par-un-pole-anticancer\/385987\/","og_site_name":"webdo","article_publisher":"https:\/\/www.facebook.com\/webdotn","article_published_time":"2025-10-21T06:41:26+00:00","article_modified_time":"2025-10-21T07:35:41+00:00","og_image":[{"width":1312,"height":731,"url":"https:\/\/www.webdo.tn\/fr\/wp-content\/uploads\/2025\/10\/Capture-decran-2025-10-21-074036.jpg","type":"image\/jpeg"}],"author":"Wided Belhaj","twitter_card":"summary_large_image","twitter_creator":"@webdo_tn","twitter_site":"@webdo_tn","twitter_misc":{"\u00c9crit par":"Wided Belhaj","Dur\u00e9e de lecture estim\u00e9e":"3 minutes"},"schema":{"@context":"https:\/\/schema.org","@graph":[{"@type":"NewsArticle","@id":"https:\/\/www.webdo.tn\/fr\/actualite\/regions\/gabes-malade-de-sa-pollution-le-gouvernement-repond-par-un-pole-anticancer\/385987\/#article","isPartOf":{"@id":"https:\/\/www.webdo.tn\/fr\/actualite\/regions\/gabes-malade-de-sa-pollution-le-gouvernement-repond-par-un-pole-anticancer\/385987\/"},"author":{"name":"Wided Belhaj","@id":"https:\/\/www.webdo.tn\/fr\/#\/schema\/person\/b9ecde7a5574cb4fcf4b496ea5fadb15"},"headline":"Gab\u00e8s malade de sa pollution : Le gouvernement r\u00e9pond par un p\u00f4le anticancer","datePublished":"2025-10-21T06:41:26+00:00","dateModified":"2025-10-21T07:35:41+00:00","mainEntityOfPage":{"@id":"https:\/\/www.webdo.tn\/fr\/actualite\/regions\/gabes-malade-de-sa-pollution-le-gouvernement-repond-par-un-pole-anticancer\/385987\/"},"wordCount":515,"publisher":{"@id":"https:\/\/www.webdo.tn\/fr\/#organization"},"image":{"@id":"https:\/\/www.webdo.tn\/fr\/actualite\/regions\/gabes-malade-de-sa-pollution-le-gouvernement-repond-par-un-pole-anticancer\/385987\/#primaryimage"},"thumbnailUrl":"https:\/\/www.webdo.tn\/fr\/wp-content\/uploads\/2025\/10\/Capture-decran-2025-10-21-074036.jpg","keywords":["cancer","gab\u00e8s","Tunisie"],"articleSection":["regions"],"inLanguage":"fr-FR"},{"@type":"WebPage","@id":"https:\/\/www.webdo.tn\/fr\/actualite\/regions\/gabes-malade-de-sa-pollution-le-gouvernement-repond-par-un-pole-anticancer\/385987\/","url":"https:\/\/www.webdo.tn\/fr\/actualite\/regions\/gabes-malade-de-sa-pollution-le-gouvernement-repond-par-un-pole-anticancer\/385987\/","name":"Gab\u00e8s malade de sa pollution : Le gouvernement r\u00e9pond par un p\u00f4le anticancer - webdo","isPartOf":{"@id":"https:\/\/www.webdo.tn\/fr\/#website"},"primaryImageOfPage":{"@id":"https:\/\/www.webdo.tn\/fr\/actualite\/regions\/gabes-malade-de-sa-pollution-le-gouvernement-repond-par-un-pole-anticancer\/385987\/#primaryimage"},"image":{"@id":"https:\/\/www.webdo.tn\/fr\/actualite\/regions\/gabes-malade-de-sa-pollution-le-gouvernement-repond-par-un-pole-anticancer\/385987\/#primaryimage"},"thumbnailUrl":"https:\/\/www.webdo.tn\/fr\/wp-content\/uploads\/2025\/10\/Capture-decran-2025-10-21-074036.jpg","datePublished":"2025-10-21T06:41:26+00:00","dateModified":"2025-10-21T07:35:41+00:00","description":"D\u00e9couvrez la situation de Gab\u00e8s face \u00e0 la pollution industrielle et les promesses du gouvernement tunisien pour un environnement sain.","breadcrumb":{"@id":"https:\/\/www.webdo.tn\/fr\/actualite\/regions\/gabes-malade-de-sa-pollution-le-gouvernement-repond-par-un-pole-anticancer\/385987\/#breadcrumb"},"inLanguage":"fr-FR","potentialAction":[{"@type":"ReadAction","target":["https:\/\/www.webdo.tn\/fr\/actualite\/regions\/gabes-malade-de-sa-pollution-le-gouvernement-repond-par-un-pole-anticancer\/385987\/"]}]},{"@type":"ImageObject","inLanguage":"fr-FR","@id":"https:\/\/www.webdo.tn\/fr\/actualite\/regions\/gabes-malade-de-sa-pollution-le-gouvernement-repond-par-un-pole-anticancer\/385987\/#primaryimage","url":"https:\/\/www.webdo.tn\/fr\/wp-content\/uploads\/2025\/10\/Capture-decran-2025-10-21-074036.jpg","contentUrl":"https:\/\/www.webdo.tn\/fr\/wp-content\/uploads\/2025\/10\/Capture-decran-2025-10-21-074036.jpg","width":1312,"height":731,"caption":"Gab\u00e8s"},{"@type":"BreadcrumbList","@id":"https:\/\/www.webdo.tn\/fr\/actualite\/regions\/gabes-malade-de-sa-pollution-le-gouvernement-repond-par-un-pole-anticancer\/385987\/#breadcrumb","itemListElement":[{"@type":"ListItem","position":1,"name":"Accueil","item":"https:\/\/www.webdo.tn\/fr\/"},{"@type":"ListItem","position":2,"name":"Gab\u00e8s malade de sa pollution : Le gouvernement r\u00e9pond par un p\u00f4le anticancer"}]},{"@type":"WebSite","@id":"https:\/\/www.webdo.tn\/fr\/#website","url":"https:\/\/www.webdo.tn\/fr\/","name":"webdo","description":"Tunisie - News en Tunisie et \u00e0 l&#039;international sur Webdo.tn","publisher":{"@id":"https:\/\/www.webdo.tn\/fr\/#organization"},"potentialAction":[{"@type":"SearchAction","target":{"@type":"EntryPoint","urlTemplate":"https:\/\/www.webdo.tn\/fr\/?s={search_term_string}"},"query-input":{"@type":"PropertyValueSpecification","valueRequired":true,"valueName":"search_term_string"}}],"inLanguage":"fr-FR"},{"@type":"Organization","@id":"https:\/\/www.webdo.tn\/fr\/#organization","name":"Webdo","alternateName":"Webdo.tn","url":"https:\/\/www.webdo.tn\/fr\/","logo":{"@type":"ImageObject","inLanguage":"fr-FR","@id":"https:\/\/www.webdo.tn\/fr\/#\/schema\/logo\/image\/","url":"https:\/\/www.webdo.tn\/fr\/wp-content\/uploads\/2025\/06\/Webdo-Tunisie_168377.jpg","contentUrl":"https:\/\/www.webdo.tn\/fr\/wp-content\/uploads\/2025\/06\/Webdo-Tunisie_168377.jpg","width":301,"height":301,"caption":"Webdo"},"image":{"@id":"https:\/\/www.webdo.tn\/fr\/#\/schema\/logo\/image\/"},"sameAs":["https:\/\/www.facebook.com\/webdotn","https:\/\/x.com\/webdo_tn"],"description":"Webdo est un m\u00e9dia num\u00e9rique tunisien fond\u00e9 en 2010, sp\u00e9cialis\u00e9 dans l\u2019actualit\u00e9 nationale et internationale, l\u2019\u00e9conomie, la soci\u00e9t\u00e9 et les analyses politiques. Le site s\u2019adresse \u00e0 un large public francophone et couvre l\u2019information tunisienne en temps r\u00e9el.","email":"redac@webdo.tn","legalName":"YNJ SARL","foundingDate":"2010-09-06","numberOfEmployees":{"@type":"QuantitativeValue","minValue":"11","maxValue":"50"}},{"@type":"Person","@id":"https:\/\/www.webdo.tn\/fr\/#\/schema\/person\/b9ecde7a5574cb4fcf4b496ea5fadb15","name":"Wided Belhaj","image":{"@type":"ImageObject","inLanguage":"fr-FR","@id":"https:\/\/www.webdo.tn\/fr\/wp-content\/uploads\/2026\/04\/wided-belhaj_avatar-96x96.jpg","url":"https:\/\/www.webdo.tn\/fr\/wp-content\/uploads\/2026\/04\/wided-belhaj_avatar-96x96.jpg","contentUrl":"https:\/\/www.webdo.tn\/fr\/wp-content\/uploads\/2026\/04\/wided-belhaj_avatar-96x96.jpg","caption":"Wided Belhaj"},"description":"Wided Belhaj est le pseudonyme \u00e9ditorial utilis\u00e9 par Khalil Jelassi, journaliste, ma\u00eetre-assistant \u00e0 l\u2019Institut de presse et des sciences de l\u2019information (IPSI) et chercheur en sciences de l\u2019information et de la communication. Cette signature est d\u00e9di\u00e9e \u00e0 l\u2019analyse des m\u00e9dias, des pratiques journalistiques et des mutations de l\u2019information \u00e0 l\u2019\u00e8re digitale. \u00c0 travers ses contributions, Wided Belhaj propose une lecture analytique de l\u2019actualit\u00e9, en croisant regard critique et expertise acad\u00e9mique.","knowsAbout":["m\u00e9dias","journalisme","communication","information","transformation num\u00e9rique","analyse des m\u00e9dias"],"knowsLanguage":["Fran\u00e7ais","Arabe"],"jobTitle":"Webdo.tn","worksFor":"Journaliste \u2013 Analyse des m\u00e9dias","url":"https:\/\/www.webdo.tn\/fr\/actualite\/author\/wided-belhaj\/"}]}},"_links":{"self":[{"href":"https:\/\/www.webdo.tn\/fr\/wp-json\/wp\/v2\/posts\/385987","targetHints":{"allow":["GET"]}}],"collection":[{"href":"https:\/\/www.webdo.tn\/fr\/wp-json\/wp\/v2\/posts"}],"about":[{"href":"https:\/\/www.webdo.tn\/fr\/wp-json\/wp\/v2\/types\/post"}],"author":[{"embeddable":true,"href":"https:\/\/www.webdo.tn\/fr\/wp-json\/wp\/v2\/users\/3184"}],"replies":[{"embeddable":true,"href":"https:\/\/www.webdo.tn\/fr\/wp-json\/wp\/v2\/comments?post=385987"}],"version-history":[{"count":0,"href":"https:\/\/www.webdo.tn\/fr\/wp-json\/wp\/v2\/posts\/385987\/revisions"}],"wp:featuredmedia":[{"embeddable":true,"href":"https:\/\/www.webdo.tn\/fr\/wp-json\/wp\/v2\/media\/385988"}],"wp:attachment":[{"href":"https:\/\/www.webdo.tn\/fr\/wp-json\/wp\/v2\/media?parent=385987"}],"wp:term":[{"taxonomy":"category","embeddable":true,"href":"https:\/\/www.webdo.tn\/fr\/wp-json\/wp\/v2\/categories?post=385987"},{"taxonomy":"post_tag","embeddable":true,"href":"https:\/\/www.webdo.tn\/fr\/wp-json\/wp\/v2\/tags?post=385987"}],"curies":[{"name":"wp","href":"https:\/\/api.w.org\/{rel}","templated":true}]}}