{"id":385936,"date":"2025-10-20T11:48:40","date_gmt":"2025-10-20T10:48:40","guid":{"rendered":"https:\/\/www.webdo.tn\/fr\/?p=385936"},"modified":"2025-10-20T12:06:44","modified_gmt":"2025-10-20T11:06:44","slug":"tunisie-le-reveil-discret-des-industries-mecaniques-et-electriques","status":"publish","type":"post","link":"https:\/\/www.webdo.tn\/fr\/actualite\/national\/tunisie-le-reveil-discret-des-industries-mecaniques-et-electriques\/385936\/","title":{"rendered":"Tunisie : Le r\u00e9veil discret des industries m\u00e9caniques et \u00e9lectriques"},"content":{"rendered":"\n<h2 class=\"wp-block-heading\" id=\"h-apres-la-stagnation-le-sursaut\">Apr\u00e8s la stagnation, le sursaut<\/h2>\n\n\n\n<p>C\u2019est un souffle timide, mais r\u00e9el. Dans le paysage industriel tunisien, trop souvent frein\u00e9 par la lenteur administrative et les incertitudes politiques, les industries m\u00e9caniques et \u00e9lectriques retrouvent enfin des couleurs.<\/p>\n\n\n\n<p>Relay\u00e9e par l\u2019agence TAP, l\u2019information \u00e9mane du dernier sondage semestriel sur l\u2019investissement r\u00e9alis\u00e9 par l\u2019Institut national de la statistique (INS) : le solde d\u2019opinions positives dans ce secteur est pass\u00e9 de 6 % au second semestre 2024 \u00e0 23 % un an plus tard.<\/p>\n\n\n\n<p>Un bond qui, dans le langage feutr\u00e9 de la statistique, traduit une reprise de confiance chez les industriels et leurs partenaires \u00e9trangers.<\/p>\n\n\n\n<h2 class=\"wp-block-heading\" id=\"h-le-moteur-europeen-redemarre\">Le moteur europ\u00e9en red\u00e9marre<\/h2>\n\n\n\n<p>Ce r\u00e9veil s\u2019explique d\u2019abord par la reprise de la demande europ\u00e9enne, destination de pr\u00e8s de 77 % des exportations tunisiennes dans ce domaine.<\/p>\n\n\n\n<p>Entre janvier et septembre 2025, les exportations m\u00e9caniques et \u00e9lectriques ont progress\u00e9 de 6,4 %, pour atteindre 22,7 milliards de dinars, selon les chiffres de l\u2019INS. Les produits \u00e9lectriques, plus dynamiques, grimpent de 10,4 %, quand le m\u00e9canique stagne \u00e0 +0,5 %.<\/p>\n\n\n\n<p>Mais l\u2019essentiel est ailleurs : ces secteurs portent \u00e0 eux seuls pr\u00e8s de la moiti\u00e9 des exportations nationales, confirmant que la Tunisie industrielle reste, avant tout, une Tunisie c\u00e2bl\u00e9e \u00e0 l\u2019Europe.<\/p>\n\n\n\n<h2 class=\"wp-block-heading\" id=\"h-l-investissement-reprend-mais-a-deux-vitesses\">L\u2019investissement reprend, mais \u00e0 deux vitesses<\/h2>\n\n\n\n<p>L\u2019enqu\u00eate de l\u2019INS dresse cependant un tableau contrast\u00e9 : l\u2019investissement repart dans les industries chimiques (+21 points) et agroalimentaires (+16 points), mais ralentit dans les mat\u00e9riaux de construction et les industries diverses. Le textile et le cuir, symboles d\u2019un pass\u00e9 manufacturier en mutation, restent stables.<\/p>\n\n\n\n<p>Ce d\u00e9s\u00e9quilibre r\u00e9v\u00e8le une r\u00e9alit\u00e9 : la relance industrielle tunisienne n\u2019est pas homog\u00e8ne, elle se concentre sur les secteurs \u00e0 haute valeur ajout\u00e9e et les cha\u00eenes int\u00e9gr\u00e9es \u00e0 l\u2019\u00e9conomie europ\u00e9enne.<\/p>\n\n\n\n<h2 class=\"wp-block-heading\" id=\"h-une-strategie-a-l-horizon-2035\">Une strat\u00e9gie \u00e0 l\u2019horizon 2035<\/h2>\n\n\n\n<p>Le gouvernement parie sur cette dynamique pour d\u00e9ployer sa Strat\u00e9gie de l\u2019industrie et de l\u2019innovation \u00e0 l\u2019horizon 2035, un plan ambitieux cens\u00e9 cr\u00e9er 840 000 emplois et porter les exportations \u00e0 36 milliards de dinars.<\/p>\n\n\n\n<p>Le texte, con\u00e7u comme une feuille de route de la r\u00e9industrialisation, mise sur la transition num\u00e9rique, la mont\u00e9e en gamme technologique et la formation des comp\u00e9tences locales.<\/p>\n\n\n\n<p>Mais il lui faudra composer avec une r\u00e9alit\u00e9 : un tissu industriel fragment\u00e9, souvent d\u00e9pendant des sous-traitances europ\u00e9ennes, et un environnement d\u2019affaires encore marqu\u00e9 par l\u2019instabilit\u00e9 fiscale et logistique.<\/p>\n\n\n\n<p>Avec 4713 entreprises manufacturi\u00e8res et 530 000 emplois directs, la Tunisie dispose d\u2019un socle solide.<\/p>\n\n\n\n<p>Pr\u00e8s de 45 % des soci\u00e9t\u00e9s sont totalement exportatrices, g\u00e9n\u00e9rant 67 % des emplois industriels et plus de 45 milliards de dinars d\u2019exportations par an.<\/p>\n\n\n\n<p>L\u2019enjeu d\u00e9sormais est clair : convertir la relance en transformation.<\/p>\n\n\n\n<p>Faire de la m\u00e9canique et de l\u2019\u00e9lectricit\u00e9 non plus un simple relais de croissance, mais le c\u0153ur d\u2019une souverainet\u00e9 industrielle repens\u00e9e.<\/p>\n\n\n\n<p><strong>Lire aussi: <\/strong><a href=\"https:\/\/www.webdo.tn\/fr\/actualite\/national\/tunisie-commerce-exterieur-les-importations-senvolent-les-exportations-stagnent\/385588\/\">Tunisie \u2013 Commerce ext\u00e9rieur : Les importations s\u2019envolent, les exportations stagnent<\/a><br><\/p>\n","protected":false},"excerpt":{"rendered":"<p>Apr\u00e8s la stagnation, le sursaut C\u2019est un souffle timide, mais r\u00e9el. Dans le paysage industriel tunisien, trop souvent frein\u00e9 par la lenteur administrative et les incertitudes politiques, les industries m\u00e9caniques et \u00e9lectriques retrouvent enfin des couleurs. Relay\u00e9e par l\u2019agence TAP, l\u2019information \u00e9mane du dernier sondage semestriel sur l\u2019investissement r\u00e9alis\u00e9 par l\u2019Institut national de la statistique [&hellip;]<\/p>\n","protected":false},"author":3203,"featured_media":385943,"comment_status":"closed","ping_status":"closed","sticky":false,"template":"","format":"standard","meta":{"footnotes":""},"categories":[44],"tags":[3012,3374,2608],"class_list":["post-385936","post","type-post","status-publish","format-standard","has-post-thumbnail","hentry","category-national","tag-industrie","tag-ins","tag-tunisie"],"yoast_head":"<!-- This site is optimized with the Yoast SEO Premium plugin v27.5 (Yoast SEO v27.5) - https:\/\/yoast.com\/product\/yoast-seo-premium-wordpress\/ -->\n<title>Tunisie : Le r\u00e9veil discret des industries m\u00e9caniques et \u00e9lectriques - webdo<\/title>\n<meta name=\"description\" content=\"Les industries m\u00e9caniques et \u00e9lectriques en Tunisie connaissent une reprise gr\u00e2ce \u00e0 l&#039;augmentation des exportations vers l&#039;Europe.\" \/>\n<link rel=\"canonical\" href=\"https:\/\/www.webdo.tn\/fr\/actualite\/national\/tunisie-le-reveil-discret-des-industries-mecaniques-et-electriques\/385936\/\" \/>\n<meta property=\"og:locale\" content=\"fr_FR\" \/>\n<meta property=\"og:type\" content=\"article\" \/>\n<meta property=\"og:title\" content=\"Tunisie : Le r\u00e9veil discret des industries m\u00e9caniques et \u00e9lectriques\" \/>\n<meta property=\"og:description\" content=\"Les industries m\u00e9caniques et \u00e9lectriques en Tunisie connaissent une reprise gr\u00e2ce \u00e0 l&#039;augmentation des exportations vers l&#039;Europe.\" \/>\n<meta property=\"og:url\" content=\"https:\/\/www.webdo.tn\/fr\/actualite\/national\/tunisie-le-reveil-discret-des-industries-mecaniques-et-electriques\/385936\/\" \/>\n<meta property=\"og:site_name\" content=\"webdo\" \/>\n<meta property=\"article:publisher\" content=\"https:\/\/www.facebook.com\/webdotn\" \/>\n<meta property=\"article:published_time\" content=\"2025-10-20T10:48:40+00:00\" \/>\n<meta property=\"article:modified_time\" content=\"2025-10-20T11:06:44+00:00\" \/>\n<meta property=\"og:image\" content=\"https:\/\/www.webdo.tn\/fr\/wp-content\/uploads\/2025\/10\/industries-mecaniques-et-electriques.jpg\" \/>\n\t<meta property=\"og:image:width\" content=\"1200\" \/>\n\t<meta property=\"og:image:height\" content=\"600\" \/>\n\t<meta property=\"og:image:type\" content=\"image\/jpeg\" \/>\n<meta name=\"author\" content=\"Ramzi Haddad\" \/>\n<meta name=\"twitter:card\" content=\"summary_large_image\" \/>\n<meta name=\"twitter:creator\" content=\"@webdo_tn\" \/>\n<meta name=\"twitter:site\" content=\"@webdo_tn\" \/>\n<meta name=\"twitter:label1\" content=\"\u00c9crit par\" \/>\n\t<meta name=\"twitter:data1\" content=\"Ramzi Haddad\" \/>\n\t<meta name=\"twitter:label2\" content=\"Dur\u00e9e de lecture estim\u00e9e\" \/>\n\t<meta name=\"twitter:data2\" content=\"3 minutes\" \/>\n<script type=\"application\/ld+json\" class=\"yoast-schema-graph\">{\"@context\":\"https:\\\/\\\/schema.org\",\"@graph\":[{\"@type\":\"NewsArticle\",\"@id\":\"https:\\\/\\\/www.webdo.tn\\\/fr\\\/actualite\\\/national\\\/tunisie-le-reveil-discret-des-industries-mecaniques-et-electriques\\\/385936\\\/#article\",\"isPartOf\":{\"@id\":\"https:\\\/\\\/www.webdo.tn\\\/fr\\\/actualite\\\/national\\\/tunisie-le-reveil-discret-des-industries-mecaniques-et-electriques\\\/385936\\\/\"},\"author\":{\"name\":\"Ramzi Haddad\",\"@id\":\"https:\\\/\\\/www.webdo.tn\\\/fr\\\/#\\\/schema\\\/person\\\/5663044c25eb36d8f88ba5b653f12f8c\"},\"headline\":\"Tunisie : Le r\u00e9veil discret des industries m\u00e9caniques et \u00e9lectriques\",\"datePublished\":\"2025-10-20T10:48:40+00:00\",\"dateModified\":\"2025-10-20T11:06:44+00:00\",\"mainEntityOfPage\":{\"@id\":\"https:\\\/\\\/www.webdo.tn\\\/fr\\\/actualite\\\/national\\\/tunisie-le-reveil-discret-des-industries-mecaniques-et-electriques\\\/385936\\\/\"},\"wordCount\":507,\"publisher\":{\"@id\":\"https:\\\/\\\/www.webdo.tn\\\/fr\\\/#organization\"},\"image\":{\"@id\":\"https:\\\/\\\/www.webdo.tn\\\/fr\\\/actualite\\\/national\\\/tunisie-le-reveil-discret-des-industries-mecaniques-et-electriques\\\/385936\\\/#primaryimage\"},\"thumbnailUrl\":\"https:\\\/\\\/www.webdo.tn\\\/fr\\\/wp-content\\\/uploads\\\/2025\\\/10\\\/industries-mecaniques-et-electriques.jpg\",\"keywords\":[\"industrie\",\"INS\",\"Tunisie\"],\"articleSection\":[\"National\"],\"inLanguage\":\"fr-FR\"},{\"@type\":\"WebPage\",\"@id\":\"https:\\\/\\\/www.webdo.tn\\\/fr\\\/actualite\\\/national\\\/tunisie-le-reveil-discret-des-industries-mecaniques-et-electriques\\\/385936\\\/\",\"url\":\"https:\\\/\\\/www.webdo.tn\\\/fr\\\/actualite\\\/national\\\/tunisie-le-reveil-discret-des-industries-mecaniques-et-electriques\\\/385936\\\/\",\"name\":\"Tunisie : Le r\u00e9veil discret des industries m\u00e9caniques et \u00e9lectriques - webdo\",\"isPartOf\":{\"@id\":\"https:\\\/\\\/www.webdo.tn\\\/fr\\\/#website\"},\"primaryImageOfPage\":{\"@id\":\"https:\\\/\\\/www.webdo.tn\\\/fr\\\/actualite\\\/national\\\/tunisie-le-reveil-discret-des-industries-mecaniques-et-electriques\\\/385936\\\/#primaryimage\"},\"image\":{\"@id\":\"https:\\\/\\\/www.webdo.tn\\\/fr\\\/actualite\\\/national\\\/tunisie-le-reveil-discret-des-industries-mecaniques-et-electriques\\\/385936\\\/#primaryimage\"},\"thumbnailUrl\":\"https:\\\/\\\/www.webdo.tn\\\/fr\\\/wp-content\\\/uploads\\\/2025\\\/10\\\/industries-mecaniques-et-electriques.jpg\",\"datePublished\":\"2025-10-20T10:48:40+00:00\",\"dateModified\":\"2025-10-20T11:06:44+00:00\",\"description\":\"Les industries m\u00e9caniques et \u00e9lectriques en Tunisie connaissent une reprise gr\u00e2ce \u00e0 l'augmentation des exportations vers l'Europe.\",\"breadcrumb\":{\"@id\":\"https:\\\/\\\/www.webdo.tn\\\/fr\\\/actualite\\\/national\\\/tunisie-le-reveil-discret-des-industries-mecaniques-et-electriques\\\/385936\\\/#breadcrumb\"},\"inLanguage\":\"fr-FR\",\"potentialAction\":[{\"@type\":\"ReadAction\",\"target\":[\"https:\\\/\\\/www.webdo.tn\\\/fr\\\/actualite\\\/national\\\/tunisie-le-reveil-discret-des-industries-mecaniques-et-electriques\\\/385936\\\/\"]}]},{\"@type\":\"ImageObject\",\"inLanguage\":\"fr-FR\",\"@id\":\"https:\\\/\\\/www.webdo.tn\\\/fr\\\/actualite\\\/national\\\/tunisie-le-reveil-discret-des-industries-mecaniques-et-electriques\\\/385936\\\/#primaryimage\",\"url\":\"https:\\\/\\\/www.webdo.tn\\\/fr\\\/wp-content\\\/uploads\\\/2025\\\/10\\\/industries-mecaniques-et-electriques.jpg\",\"contentUrl\":\"https:\\\/\\\/www.webdo.tn\\\/fr\\\/wp-content\\\/uploads\\\/2025\\\/10\\\/industries-mecaniques-et-electriques.jpg\",\"width\":1200,\"height\":600,\"caption\":\"Tunisie : rebond des investissements industriels, le secteur m\u00e9canique\"},{\"@type\":\"BreadcrumbList\",\"@id\":\"https:\\\/\\\/www.webdo.tn\\\/fr\\\/actualite\\\/national\\\/tunisie-le-reveil-discret-des-industries-mecaniques-et-electriques\\\/385936\\\/#breadcrumb\",\"itemListElement\":[{\"@type\":\"ListItem\",\"position\":1,\"name\":\"Accueil\",\"item\":\"https:\\\/\\\/www.webdo.tn\\\/fr\\\/\"},{\"@type\":\"ListItem\",\"position\":2,\"name\":\"Tunisie : Le r\u00e9veil discret des industries m\u00e9caniques et \u00e9lectriques\"}]},{\"@type\":\"WebSite\",\"@id\":\"https:\\\/\\\/www.webdo.tn\\\/fr\\\/#website\",\"url\":\"https:\\\/\\\/www.webdo.tn\\\/fr\\\/\",\"name\":\"webdo\",\"description\":\"Tunisie - News en Tunisie et \u00e0 l&#039;international sur Webdo.tn\",\"publisher\":{\"@id\":\"https:\\\/\\\/www.webdo.tn\\\/fr\\\/#organization\"},\"potentialAction\":[{\"@type\":\"SearchAction\",\"target\":{\"@type\":\"EntryPoint\",\"urlTemplate\":\"https:\\\/\\\/www.webdo.tn\\\/fr\\\/?s={search_term_string}\"},\"query-input\":{\"@type\":\"PropertyValueSpecification\",\"valueRequired\":true,\"valueName\":\"search_term_string\"}}],\"inLanguage\":\"fr-FR\"},{\"@type\":\"Organization\",\"@id\":\"https:\\\/\\\/www.webdo.tn\\\/fr\\\/#organization\",\"name\":\"Webdo\",\"alternateName\":\"Webdo.tn\",\"url\":\"https:\\\/\\\/www.webdo.tn\\\/fr\\\/\",\"logo\":{\"@type\":\"ImageObject\",\"inLanguage\":\"fr-FR\",\"@id\":\"https:\\\/\\\/www.webdo.tn\\\/fr\\\/#\\\/schema\\\/logo\\\/image\\\/\",\"url\":\"https:\\\/\\\/www.webdo.tn\\\/fr\\\/wp-content\\\/uploads\\\/2025\\\/06\\\/Webdo-Tunisie_168377.jpg\",\"contentUrl\":\"https:\\\/\\\/www.webdo.tn\\\/fr\\\/wp-content\\\/uploads\\\/2025\\\/06\\\/Webdo-Tunisie_168377.jpg\",\"width\":301,\"height\":301,\"caption\":\"Webdo\"},\"image\":{\"@id\":\"https:\\\/\\\/www.webdo.tn\\\/fr\\\/#\\\/schema\\\/logo\\\/image\\\/\"},\"sameAs\":[\"https:\\\/\\\/www.facebook.com\\\/webdotn\",\"https:\\\/\\\/x.com\\\/webdo_tn\"],\"description\":\"Webdo est un m\u00e9dia num\u00e9rique tunisien fond\u00e9 en 2010, sp\u00e9cialis\u00e9 dans l\u2019actualit\u00e9 nationale et internationale, l\u2019\u00e9conomie, la soci\u00e9t\u00e9 et les analyses politiques. Le site s\u2019adresse \u00e0 un large public francophone et couvre l\u2019information tunisienne en temps r\u00e9el.\",\"email\":\"redac@webdo.tn\",\"legalName\":\"YNJ SARL\",\"foundingDate\":\"2010-09-06\",\"numberOfEmployees\":{\"@type\":\"QuantitativeValue\",\"minValue\":\"11\",\"maxValue\":\"50\"}},{\"@type\":\"Person\",\"@id\":\"https:\\\/\\\/www.webdo.tn\\\/fr\\\/#\\\/schema\\\/person\\\/5663044c25eb36d8f88ba5b653f12f8c\",\"name\":\"Ramzi Haddad\",\"image\":{\"@type\":\"ImageObject\",\"inLanguage\":\"fr-FR\",\"@id\":\"https:\\\/\\\/www.webdo.tn\\\/fr\\\/wp-content\\\/uploads\\\/2026\\\/04\\\/ramzi-haddad_avatar-96x96.jpg\",\"url\":\"https:\\\/\\\/www.webdo.tn\\\/fr\\\/wp-content\\\/uploads\\\/2026\\\/04\\\/ramzi-haddad_avatar-96x96.jpg\",\"contentUrl\":\"https:\\\/\\\/www.webdo.tn\\\/fr\\\/wp-content\\\/uploads\\\/2026\\\/04\\\/ramzi-haddad_avatar-96x96.jpg\",\"caption\":\"Ramzi Haddad\"},\"description\":\"Signature \u00e9ditoriale de Walid Ben Youssef Ramzi Haddad est le pseudonyme \u00e9ditorial de Walid Ben Youssef, fondateur et g\u00e9rant de Webdo.tn. Cette signature est d\u00e9di\u00e9e \u00e0 la couverture de l'actualit\u00e9 nationale et internationale, ainsi qu'aux analyses des dynamiques num\u00e9riques. Ce profil b\u00e9n\u00e9ficie de l'expertise de Walid Ben Youssef, pionnier du web en Tunisie depuis 2000 et dipl\u00f4m\u00e9 en Math\u00e9matiques pures de l'Universit\u00e9 d'Oregon. \u00c0 travers cette signature, la r\u00e9daction de Webdo garantit une information structur\u00e9e et v\u00e9rifi\u00e9e, fid\u00e8le aux standards journalistiques du m\u00e9dia.\",\"url\":\"https:\\\/\\\/www.webdo.tn\\\/fr\\\/actualite\\\/author\\\/ramzi-haddad\\\/\"}]}<\/script>\n<!-- \/ Yoast SEO Premium plugin. -->","yoast_head_json":{"title":"Tunisie : Le r\u00e9veil discret des industries m\u00e9caniques et \u00e9lectriques - webdo","description":"Les industries m\u00e9caniques et \u00e9lectriques en Tunisie connaissent une reprise gr\u00e2ce \u00e0 l'augmentation des exportations vers l'Europe.","canonical":"https:\/\/www.webdo.tn\/fr\/actualite\/national\/tunisie-le-reveil-discret-des-industries-mecaniques-et-electriques\/385936\/","og_locale":"fr_FR","og_type":"article","og_title":"Tunisie : Le r\u00e9veil discret des industries m\u00e9caniques et \u00e9lectriques","og_description":"Les industries m\u00e9caniques et \u00e9lectriques en Tunisie connaissent une reprise gr\u00e2ce \u00e0 l'augmentation des exportations vers l'Europe.","og_url":"https:\/\/www.webdo.tn\/fr\/actualite\/national\/tunisie-le-reveil-discret-des-industries-mecaniques-et-electriques\/385936\/","og_site_name":"webdo","article_publisher":"https:\/\/www.facebook.com\/webdotn","article_published_time":"2025-10-20T10:48:40+00:00","article_modified_time":"2025-10-20T11:06:44+00:00","og_image":[{"width":1200,"height":600,"url":"https:\/\/www.webdo.tn\/fr\/wp-content\/uploads\/2025\/10\/industries-mecaniques-et-electriques.jpg","type":"image\/jpeg"}],"author":"Ramzi Haddad","twitter_card":"summary_large_image","twitter_creator":"@webdo_tn","twitter_site":"@webdo_tn","twitter_misc":{"\u00c9crit par":"Ramzi Haddad","Dur\u00e9e de lecture estim\u00e9e":"3 minutes"},"schema":{"@context":"https:\/\/schema.org","@graph":[{"@type":"NewsArticle","@id":"https:\/\/www.webdo.tn\/fr\/actualite\/national\/tunisie-le-reveil-discret-des-industries-mecaniques-et-electriques\/385936\/#article","isPartOf":{"@id":"https:\/\/www.webdo.tn\/fr\/actualite\/national\/tunisie-le-reveil-discret-des-industries-mecaniques-et-electriques\/385936\/"},"author":{"name":"Ramzi Haddad","@id":"https:\/\/www.webdo.tn\/fr\/#\/schema\/person\/5663044c25eb36d8f88ba5b653f12f8c"},"headline":"Tunisie : Le r\u00e9veil discret des industries m\u00e9caniques et \u00e9lectriques","datePublished":"2025-10-20T10:48:40+00:00","dateModified":"2025-10-20T11:06:44+00:00","mainEntityOfPage":{"@id":"https:\/\/www.webdo.tn\/fr\/actualite\/national\/tunisie-le-reveil-discret-des-industries-mecaniques-et-electriques\/385936\/"},"wordCount":507,"publisher":{"@id":"https:\/\/www.webdo.tn\/fr\/#organization"},"image":{"@id":"https:\/\/www.webdo.tn\/fr\/actualite\/national\/tunisie-le-reveil-discret-des-industries-mecaniques-et-electriques\/385936\/#primaryimage"},"thumbnailUrl":"https:\/\/www.webdo.tn\/fr\/wp-content\/uploads\/2025\/10\/industries-mecaniques-et-electriques.jpg","keywords":["industrie","INS","Tunisie"],"articleSection":["National"],"inLanguage":"fr-FR"},{"@type":"WebPage","@id":"https:\/\/www.webdo.tn\/fr\/actualite\/national\/tunisie-le-reveil-discret-des-industries-mecaniques-et-electriques\/385936\/","url":"https:\/\/www.webdo.tn\/fr\/actualite\/national\/tunisie-le-reveil-discret-des-industries-mecaniques-et-electriques\/385936\/","name":"Tunisie : Le r\u00e9veil discret des industries m\u00e9caniques et \u00e9lectriques - webdo","isPartOf":{"@id":"https:\/\/www.webdo.tn\/fr\/#website"},"primaryImageOfPage":{"@id":"https:\/\/www.webdo.tn\/fr\/actualite\/national\/tunisie-le-reveil-discret-des-industries-mecaniques-et-electriques\/385936\/#primaryimage"},"image":{"@id":"https:\/\/www.webdo.tn\/fr\/actualite\/national\/tunisie-le-reveil-discret-des-industries-mecaniques-et-electriques\/385936\/#primaryimage"},"thumbnailUrl":"https:\/\/www.webdo.tn\/fr\/wp-content\/uploads\/2025\/10\/industries-mecaniques-et-electriques.jpg","datePublished":"2025-10-20T10:48:40+00:00","dateModified":"2025-10-20T11:06:44+00:00","description":"Les industries m\u00e9caniques et \u00e9lectriques en Tunisie connaissent une reprise gr\u00e2ce \u00e0 l'augmentation des exportations vers l'Europe.","breadcrumb":{"@id":"https:\/\/www.webdo.tn\/fr\/actualite\/national\/tunisie-le-reveil-discret-des-industries-mecaniques-et-electriques\/385936\/#breadcrumb"},"inLanguage":"fr-FR","potentialAction":[{"@type":"ReadAction","target":["https:\/\/www.webdo.tn\/fr\/actualite\/national\/tunisie-le-reveil-discret-des-industries-mecaniques-et-electriques\/385936\/"]}]},{"@type":"ImageObject","inLanguage":"fr-FR","@id":"https:\/\/www.webdo.tn\/fr\/actualite\/national\/tunisie-le-reveil-discret-des-industries-mecaniques-et-electriques\/385936\/#primaryimage","url":"https:\/\/www.webdo.tn\/fr\/wp-content\/uploads\/2025\/10\/industries-mecaniques-et-electriques.jpg","contentUrl":"https:\/\/www.webdo.tn\/fr\/wp-content\/uploads\/2025\/10\/industries-mecaniques-et-electriques.jpg","width":1200,"height":600,"caption":"Tunisie : rebond des investissements industriels, le secteur m\u00e9canique"},{"@type":"BreadcrumbList","@id":"https:\/\/www.webdo.tn\/fr\/actualite\/national\/tunisie-le-reveil-discret-des-industries-mecaniques-et-electriques\/385936\/#breadcrumb","itemListElement":[{"@type":"ListItem","position":1,"name":"Accueil","item":"https:\/\/www.webdo.tn\/fr\/"},{"@type":"ListItem","position":2,"name":"Tunisie : Le r\u00e9veil discret des industries m\u00e9caniques et \u00e9lectriques"}]},{"@type":"WebSite","@id":"https:\/\/www.webdo.tn\/fr\/#website","url":"https:\/\/www.webdo.tn\/fr\/","name":"webdo","description":"Tunisie - News en Tunisie et \u00e0 l&#039;international sur Webdo.tn","publisher":{"@id":"https:\/\/www.webdo.tn\/fr\/#organization"},"potentialAction":[{"@type":"SearchAction","target":{"@type":"EntryPoint","urlTemplate":"https:\/\/www.webdo.tn\/fr\/?s={search_term_string}"},"query-input":{"@type":"PropertyValueSpecification","valueRequired":true,"valueName":"search_term_string"}}],"inLanguage":"fr-FR"},{"@type":"Organization","@id":"https:\/\/www.webdo.tn\/fr\/#organization","name":"Webdo","alternateName":"Webdo.tn","url":"https:\/\/www.webdo.tn\/fr\/","logo":{"@type":"ImageObject","inLanguage":"fr-FR","@id":"https:\/\/www.webdo.tn\/fr\/#\/schema\/logo\/image\/","url":"https:\/\/www.webdo.tn\/fr\/wp-content\/uploads\/2025\/06\/Webdo-Tunisie_168377.jpg","contentUrl":"https:\/\/www.webdo.tn\/fr\/wp-content\/uploads\/2025\/06\/Webdo-Tunisie_168377.jpg","width":301,"height":301,"caption":"Webdo"},"image":{"@id":"https:\/\/www.webdo.tn\/fr\/#\/schema\/logo\/image\/"},"sameAs":["https:\/\/www.facebook.com\/webdotn","https:\/\/x.com\/webdo_tn"],"description":"Webdo est un m\u00e9dia num\u00e9rique tunisien fond\u00e9 en 2010, sp\u00e9cialis\u00e9 dans l\u2019actualit\u00e9 nationale et internationale, l\u2019\u00e9conomie, la soci\u00e9t\u00e9 et les analyses politiques. Le site s\u2019adresse \u00e0 un large public francophone et couvre l\u2019information tunisienne en temps r\u00e9el.","email":"redac@webdo.tn","legalName":"YNJ SARL","foundingDate":"2010-09-06","numberOfEmployees":{"@type":"QuantitativeValue","minValue":"11","maxValue":"50"}},{"@type":"Person","@id":"https:\/\/www.webdo.tn\/fr\/#\/schema\/person\/5663044c25eb36d8f88ba5b653f12f8c","name":"Ramzi Haddad","image":{"@type":"ImageObject","inLanguage":"fr-FR","@id":"https:\/\/www.webdo.tn\/fr\/wp-content\/uploads\/2026\/04\/ramzi-haddad_avatar-96x96.jpg","url":"https:\/\/www.webdo.tn\/fr\/wp-content\/uploads\/2026\/04\/ramzi-haddad_avatar-96x96.jpg","contentUrl":"https:\/\/www.webdo.tn\/fr\/wp-content\/uploads\/2026\/04\/ramzi-haddad_avatar-96x96.jpg","caption":"Ramzi Haddad"},"description":"Signature \u00e9ditoriale de Walid Ben Youssef Ramzi Haddad est le pseudonyme \u00e9ditorial de Walid Ben Youssef, fondateur et g\u00e9rant de Webdo.tn. Cette signature est d\u00e9di\u00e9e \u00e0 la couverture de l'actualit\u00e9 nationale et internationale, ainsi qu'aux analyses des dynamiques num\u00e9riques. Ce profil b\u00e9n\u00e9ficie de l'expertise de Walid Ben Youssef, pionnier du web en Tunisie depuis 2000 et dipl\u00f4m\u00e9 en Math\u00e9matiques pures de l'Universit\u00e9 d'Oregon. \u00c0 travers cette signature, la r\u00e9daction de Webdo garantit une information structur\u00e9e et v\u00e9rifi\u00e9e, fid\u00e8le aux standards journalistiques du m\u00e9dia.","url":"https:\/\/www.webdo.tn\/fr\/actualite\/author\/ramzi-haddad\/"}]}},"_links":{"self":[{"href":"https:\/\/www.webdo.tn\/fr\/wp-json\/wp\/v2\/posts\/385936","targetHints":{"allow":["GET"]}}],"collection":[{"href":"https:\/\/www.webdo.tn\/fr\/wp-json\/wp\/v2\/posts"}],"about":[{"href":"https:\/\/www.webdo.tn\/fr\/wp-json\/wp\/v2\/types\/post"}],"author":[{"embeddable":true,"href":"https:\/\/www.webdo.tn\/fr\/wp-json\/wp\/v2\/users\/3203"}],"replies":[{"embeddable":true,"href":"https:\/\/www.webdo.tn\/fr\/wp-json\/wp\/v2\/comments?post=385936"}],"version-history":[{"count":0,"href":"https:\/\/www.webdo.tn\/fr\/wp-json\/wp\/v2\/posts\/385936\/revisions"}],"wp:featuredmedia":[{"embeddable":true,"href":"https:\/\/www.webdo.tn\/fr\/wp-json\/wp\/v2\/media\/385943"}],"wp:attachment":[{"href":"https:\/\/www.webdo.tn\/fr\/wp-json\/wp\/v2\/media?parent=385936"}],"wp:term":[{"taxonomy":"category","embeddable":true,"href":"https:\/\/www.webdo.tn\/fr\/wp-json\/wp\/v2\/categories?post=385936"},{"taxonomy":"post_tag","embeddable":true,"href":"https:\/\/www.webdo.tn\/fr\/wp-json\/wp\/v2\/tags?post=385936"}],"curies":[{"name":"wp","href":"https:\/\/api.w.org\/{rel}","templated":true}]}}