{"id":385885,"date":"2025-10-18T11:30:44","date_gmt":"2025-10-18T10:30:44","guid":{"rendered":"https:\/\/www.webdo.tn\/fr\/?p=385885"},"modified":"2025-10-18T12:04:23","modified_gmt":"2025-10-18T11:04:23","slug":"tunisie-lindependance-energetique-recule-a-36","status":"publish","type":"post","link":"https:\/\/www.webdo.tn\/fr\/actualite\/national\/tunisie-lindependance-energetique-recule-a-36\/385885\/","title":{"rendered":"Tunisie : L\u2019ind\u00e9pendance \u00e9nerg\u00e9tique recule \u00e0 36%"},"content":{"rendered":"\n<p><strong>Le taux d\u2019ind\u00e9pendance \u00e9nerg\u00e9tique de la Tunisie, qui mesure le ratio des ressources d\u2019\u00e9nergie primaire par rapport \u00e0 la consommation primaire, s\u2019est \u00e9tabli \u00e0 36% \u00e0 fin ao\u00fbt 2025, contre 41% un an plus t\u00f4t, selon le dernier rapport de l\u2019Observatoire national de l\u2019\u00e9nergie et des mines.<\/strong><\/p>\n\n\n\n<h2 class=\"wp-block-heading\" id=\"h-un-deficit-energetique-en-hausse\">Un d\u00e9ficit \u00e9nerg\u00e9tique en hausse<\/h2>\n\n\n\n<p>Le bilan d\u2019\u00e9nergie primaire fait \u00e9tat d\u2019un d\u00e9ficit de 4,1 millions de tonnes \u00e9quivalent p\u00e9trole (Mtep), soit une hausse de 14% par rapport \u00e0 fin ao\u00fbt 2024. Cette situation tient notamment compte de la redevance sur le transit du gaz alg\u00e9rien, qui a diminu\u00e9 de 11% sur la p\u00e9riode.<\/p>\n\n\n\n<p>Sans comptabiliser cette redevance, le taux d\u2019ind\u00e9pendance \u00e9nerg\u00e9tique tombe \u00e0 27%, contre 31% \u00e0 fin ao\u00fbt 2024. Les ressources d\u2019\u00e9nergie primaire se sont situ\u00e9es \u00e0 2,4 Mtep, enregistrant une baisse de 8% par rapport \u00e0 la m\u00eame p\u00e9riode de l\u2019an dernier, principalement \u00e0 cause de la diminution de la production nationale de p\u00e9trole brut et de gaz naturel.<\/p>\n\n\n\n<p>La production nationale de p\u00e9trole et de gaz reste dominante, repr\u00e9sentant 68% des ressources primaires totales. L\u2019\u00e9lectricit\u00e9 renouvelable (production STEG et priv\u00e9e, autoproduction) demeure marginale, avec seulement 3% des ressources primaires.<\/p>\n\n\n\n<h2 class=\"wp-block-heading\" id=\"h-une-demande-en-energie-en-legere-progression\">Une demande en \u00e9nergie en l\u00e9g\u00e8re progression<\/h2>\n\n\n\n<p>Entre fin ao\u00fbt 2024 et fin ao\u00fbt 2025, la demande d\u2019\u00e9nergie primaire a augment\u00e9 de 5%, avec un gaz naturel en hausse de 8% et des produits p\u00e9troliers en l\u00e9g\u00e8re progression (+1%). La structure de la consommation a \u00e9galement \u00e9volu\u00e9 : la part des produits p\u00e9troliers a diminu\u00e9 de 49% \u00e0 47%, tandis que celle du gaz naturel est pass\u00e9e de 50% \u00e0 52%.<\/p>\n\n\n\n<p><\/p>\n\n\n\n<ul class=\"wp-block-list\">\n<li>Lire aussi : <a href=\"https:\/\/www.webdo.tn\/fr\/actualite\/national\/tunisie-le-taux-d-independance-energetique-a-atteint-50-en-2022\/202786\/\">Tunisie : Le taux d\u2019ind\u00e9pendance \u00e9nerg\u00e9tique a atteint 50% en 2022 !<\/a><\/li>\n<\/ul>\n","protected":false},"excerpt":{"rendered":"<p>Le taux d\u2019ind\u00e9pendance \u00e9nerg\u00e9tique de la Tunisie, qui mesure le ratio des ressources d\u2019\u00e9nergie primaire par rapport \u00e0 la consommation primaire, s\u2019est \u00e9tabli \u00e0 36% \u00e0 fin ao\u00fbt 2025, contre 41% un an plus t\u00f4t, selon le dernier rapport de l\u2019Observatoire national de l\u2019\u00e9nergie et des mines. Un d\u00e9ficit \u00e9nerg\u00e9tique en hausse Le bilan d\u2019\u00e9nergie [&hellip;]<\/p>\n","protected":false},"author":3191,"featured_media":385886,"comment_status":"closed","ping_status":"closed","sticky":false,"template":"","format":"standard","meta":{"footnotes":""},"categories":[44],"tags":[3763,13134,2608],"class_list":["post-385885","post","type-post","status-publish","format-standard","has-post-thumbnail","hentry","category-national","tag-energie","tag-independance-energetique","tag-tunisie"],"yoast_head":"<!-- This site is optimized with the Yoast SEO Premium plugin v27.4 (Yoast SEO v27.5) - https:\/\/yoast.com\/product\/yoast-seo-premium-wordpress\/ -->\n<title>Tunisie : L\u2019ind\u00e9pendance \u00e9nerg\u00e9tique recule \u00e0 36% - webdo<\/title>\n<meta name=\"description\" content=\"Le taux d\u2019ind\u00e9pendance \u00e9nerg\u00e9tique de la Tunisie recule \u00e0 36%. D\u00e9couvrez les d\u00e9tails du dernier rapport de l&#039;Observatoire national.\" \/>\n<link rel=\"canonical\" href=\"https:\/\/www.webdo.tn\/fr\/actualite\/national\/tunisie-lindependance-energetique-recule-a-36\/385885\/\" \/>\n<meta property=\"og:locale\" content=\"fr_FR\" \/>\n<meta property=\"og:type\" content=\"article\" \/>\n<meta property=\"og:title\" content=\"Tunisie : L\u2019ind\u00e9pendance \u00e9nerg\u00e9tique recule \u00e0 36%\" \/>\n<meta property=\"og:description\" content=\"Le taux d\u2019ind\u00e9pendance \u00e9nerg\u00e9tique de la Tunisie recule \u00e0 36%. D\u00e9couvrez les d\u00e9tails du dernier rapport de l&#039;Observatoire national.\" \/>\n<meta property=\"og:url\" content=\"https:\/\/www.webdo.tn\/fr\/actualite\/national\/tunisie-lindependance-energetique-recule-a-36\/385885\/\" \/>\n<meta property=\"og:site_name\" content=\"webdo\" \/>\n<meta property=\"article:publisher\" content=\"https:\/\/www.facebook.com\/webdotn\" \/>\n<meta property=\"article:published_time\" content=\"2025-10-18T10:30:44+00:00\" \/>\n<meta property=\"article:modified_time\" content=\"2025-10-18T11:04:23+00:00\" \/>\n<meta property=\"og:image\" content=\"https:\/\/www.webdo.tn\/fr\/wp-content\/uploads\/2025\/10\/Observatoire_national_de_lenergie_et_des_mines.jpg\" \/>\n\t<meta property=\"og:image:width\" content=\"1070\" \/>\n\t<meta property=\"og:image:height\" content=\"610\" \/>\n\t<meta property=\"og:image:type\" content=\"image\/jpeg\" \/>\n<meta name=\"author\" content=\"Mohamed Hedi Touati\" \/>\n<meta name=\"twitter:card\" content=\"summary_large_image\" \/>\n<meta name=\"twitter:creator\" content=\"@webdo_tn\" \/>\n<meta name=\"twitter:site\" content=\"@webdo_tn\" \/>\n<meta name=\"twitter:label1\" content=\"\u00c9crit par\" \/>\n\t<meta name=\"twitter:data1\" content=\"Mohamed Hedi Touati\" \/>\n\t<meta name=\"twitter:label2\" content=\"Dur\u00e9e de lecture estim\u00e9e\" \/>\n\t<meta name=\"twitter:data2\" content=\"2 minutes\" \/>\n<script type=\"application\/ld+json\" class=\"yoast-schema-graph\">{\"@context\":\"https:\\\/\\\/schema.org\",\"@graph\":[{\"@type\":\"NewsArticle\",\"@id\":\"https:\\\/\\\/www.webdo.tn\\\/fr\\\/actualite\\\/national\\\/tunisie-lindependance-energetique-recule-a-36\\\/385885\\\/#article\",\"isPartOf\":{\"@id\":\"https:\\\/\\\/www.webdo.tn\\\/fr\\\/actualite\\\/national\\\/tunisie-lindependance-energetique-recule-a-36\\\/385885\\\/\"},\"author\":{\"name\":\"Mohamed Hedi Touati\",\"@id\":\"https:\\\/\\\/www.webdo.tn\\\/fr\\\/#\\\/schema\\\/person\\\/c652cd8fc2b1b44412b5ffb48c5a911d\"},\"headline\":\"Tunisie : L\u2019ind\u00e9pendance \u00e9nerg\u00e9tique recule \u00e0 36%\",\"datePublished\":\"2025-10-18T10:30:44+00:00\",\"dateModified\":\"2025-10-18T11:04:23+00:00\",\"mainEntityOfPage\":{\"@id\":\"https:\\\/\\\/www.webdo.tn\\\/fr\\\/actualite\\\/national\\\/tunisie-lindependance-energetique-recule-a-36\\\/385885\\\/\"},\"wordCount\":288,\"publisher\":{\"@id\":\"https:\\\/\\\/www.webdo.tn\\\/fr\\\/#organization\"},\"image\":{\"@id\":\"https:\\\/\\\/www.webdo.tn\\\/fr\\\/actualite\\\/national\\\/tunisie-lindependance-energetique-recule-a-36\\\/385885\\\/#primaryimage\"},\"thumbnailUrl\":\"https:\\\/\\\/www.webdo.tn\\\/fr\\\/wp-content\\\/uploads\\\/2025\\\/10\\\/Observatoire_national_de_lenergie_et_des_mines.jpg\",\"keywords\":[\"\u00e9nergie\",\"ind\u00e9pendance \u00e9nerg\u00e9tique\",\"Tunisie\"],\"articleSection\":[\"National\"],\"inLanguage\":\"fr-FR\"},{\"@type\":\"WebPage\",\"@id\":\"https:\\\/\\\/www.webdo.tn\\\/fr\\\/actualite\\\/national\\\/tunisie-lindependance-energetique-recule-a-36\\\/385885\\\/\",\"url\":\"https:\\\/\\\/www.webdo.tn\\\/fr\\\/actualite\\\/national\\\/tunisie-lindependance-energetique-recule-a-36\\\/385885\\\/\",\"name\":\"Tunisie : L\u2019ind\u00e9pendance \u00e9nerg\u00e9tique recule \u00e0 36% - webdo\",\"isPartOf\":{\"@id\":\"https:\\\/\\\/www.webdo.tn\\\/fr\\\/#website\"},\"primaryImageOfPage\":{\"@id\":\"https:\\\/\\\/www.webdo.tn\\\/fr\\\/actualite\\\/national\\\/tunisie-lindependance-energetique-recule-a-36\\\/385885\\\/#primaryimage\"},\"image\":{\"@id\":\"https:\\\/\\\/www.webdo.tn\\\/fr\\\/actualite\\\/national\\\/tunisie-lindependance-energetique-recule-a-36\\\/385885\\\/#primaryimage\"},\"thumbnailUrl\":\"https:\\\/\\\/www.webdo.tn\\\/fr\\\/wp-content\\\/uploads\\\/2025\\\/10\\\/Observatoire_national_de_lenergie_et_des_mines.jpg\",\"datePublished\":\"2025-10-18T10:30:44+00:00\",\"dateModified\":\"2025-10-18T11:04:23+00:00\",\"description\":\"Le taux d\u2019ind\u00e9pendance \u00e9nerg\u00e9tique de la Tunisie recule \u00e0 36%. D\u00e9couvrez les d\u00e9tails du dernier rapport de l'Observatoire national.\",\"breadcrumb\":{\"@id\":\"https:\\\/\\\/www.webdo.tn\\\/fr\\\/actualite\\\/national\\\/tunisie-lindependance-energetique-recule-a-36\\\/385885\\\/#breadcrumb\"},\"inLanguage\":\"fr-FR\",\"potentialAction\":[{\"@type\":\"ReadAction\",\"target\":[\"https:\\\/\\\/www.webdo.tn\\\/fr\\\/actualite\\\/national\\\/tunisie-lindependance-energetique-recule-a-36\\\/385885\\\/\"]}]},{\"@type\":\"ImageObject\",\"inLanguage\":\"fr-FR\",\"@id\":\"https:\\\/\\\/www.webdo.tn\\\/fr\\\/actualite\\\/national\\\/tunisie-lindependance-energetique-recule-a-36\\\/385885\\\/#primaryimage\",\"url\":\"https:\\\/\\\/www.webdo.tn\\\/fr\\\/wp-content\\\/uploads\\\/2025\\\/10\\\/Observatoire_national_de_lenergie_et_des_mines.jpg\",\"contentUrl\":\"https:\\\/\\\/www.webdo.tn\\\/fr\\\/wp-content\\\/uploads\\\/2025\\\/10\\\/Observatoire_national_de_lenergie_et_des_mines.jpg\",\"width\":1070,\"height\":610,\"caption\":\"Tunisie : L\u2019ind\u00e9pendance \u00e9nerg\u00e9tique recule \u00e0 36%\"},{\"@type\":\"BreadcrumbList\",\"@id\":\"https:\\\/\\\/www.webdo.tn\\\/fr\\\/actualite\\\/national\\\/tunisie-lindependance-energetique-recule-a-36\\\/385885\\\/#breadcrumb\",\"itemListElement\":[{\"@type\":\"ListItem\",\"position\":1,\"name\":\"Accueil\",\"item\":\"https:\\\/\\\/www.webdo.tn\\\/fr\\\/\"},{\"@type\":\"ListItem\",\"position\":2,\"name\":\"Tunisie : L\u2019ind\u00e9pendance \u00e9nerg\u00e9tique recule \u00e0 36%\"}]},{\"@type\":\"WebSite\",\"@id\":\"https:\\\/\\\/www.webdo.tn\\\/fr\\\/#website\",\"url\":\"https:\\\/\\\/www.webdo.tn\\\/fr\\\/\",\"name\":\"webdo\",\"description\":\"Tunisie - News en Tunisie et \u00e0 l&#039;international sur Webdo.tn\",\"publisher\":{\"@id\":\"https:\\\/\\\/www.webdo.tn\\\/fr\\\/#organization\"},\"potentialAction\":[{\"@type\":\"SearchAction\",\"target\":{\"@type\":\"EntryPoint\",\"urlTemplate\":\"https:\\\/\\\/www.webdo.tn\\\/fr\\\/?s={search_term_string}\"},\"query-input\":{\"@type\":\"PropertyValueSpecification\",\"valueRequired\":true,\"valueName\":\"search_term_string\"}}],\"inLanguage\":\"fr-FR\"},{\"@type\":\"Organization\",\"@id\":\"https:\\\/\\\/www.webdo.tn\\\/fr\\\/#organization\",\"name\":\"Webdo\",\"alternateName\":\"Webdo.tn\",\"url\":\"https:\\\/\\\/www.webdo.tn\\\/fr\\\/\",\"logo\":{\"@type\":\"ImageObject\",\"inLanguage\":\"fr-FR\",\"@id\":\"https:\\\/\\\/www.webdo.tn\\\/fr\\\/#\\\/schema\\\/logo\\\/image\\\/\",\"url\":\"https:\\\/\\\/www.webdo.tn\\\/fr\\\/wp-content\\\/uploads\\\/2025\\\/06\\\/Webdo-Tunisie_168377.jpg\",\"contentUrl\":\"https:\\\/\\\/www.webdo.tn\\\/fr\\\/wp-content\\\/uploads\\\/2025\\\/06\\\/Webdo-Tunisie_168377.jpg\",\"width\":301,\"height\":301,\"caption\":\"Webdo\"},\"image\":{\"@id\":\"https:\\\/\\\/www.webdo.tn\\\/fr\\\/#\\\/schema\\\/logo\\\/image\\\/\"},\"sameAs\":[\"https:\\\/\\\/www.facebook.com\\\/webdotn\",\"https:\\\/\\\/x.com\\\/webdo_tn\"],\"description\":\"Webdo est un m\u00e9dia num\u00e9rique tunisien fond\u00e9 en 2010, sp\u00e9cialis\u00e9 dans l\u2019actualit\u00e9 nationale et internationale, l\u2019\u00e9conomie, la soci\u00e9t\u00e9 et les analyses politiques. Le site s\u2019adresse \u00e0 un large public francophone et couvre l\u2019information tunisienne en temps r\u00e9el.\",\"email\":\"redac@webdo.tn\",\"legalName\":\"YNJ SARL\",\"foundingDate\":\"2010-09-06\",\"numberOfEmployees\":{\"@type\":\"QuantitativeValue\",\"minValue\":\"11\",\"maxValue\":\"50\"}},{\"@type\":\"Person\",\"@id\":\"https:\\\/\\\/www.webdo.tn\\\/fr\\\/#\\\/schema\\\/person\\\/c652cd8fc2b1b44412b5ffb48c5a911d\",\"name\":\"Mohamed Hedi Touati\",\"image\":{\"@type\":\"ImageObject\",\"inLanguage\":\"fr-FR\",\"@id\":\"https:\\\/\\\/secure.gravatar.com\\\/avatar\\\/9cfd402c745b7a685f13eed0ea6e59d2144a3c2fc50a3db6fd5ed451f6cddf1a?s=96&d=mm&r=g\",\"url\":\"https:\\\/\\\/secure.gravatar.com\\\/avatar\\\/9cfd402c745b7a685f13eed0ea6e59d2144a3c2fc50a3db6fd5ed451f6cddf1a?s=96&d=mm&r=g\",\"contentUrl\":\"https:\\\/\\\/secure.gravatar.com\\\/avatar\\\/9cfd402c745b7a685f13eed0ea6e59d2144a3c2fc50a3db6fd5ed451f6cddf1a?s=96&d=mm&r=g\",\"caption\":\"Mohamed Hedi Touati\"},\"url\":\"https:\\\/\\\/www.webdo.tn\\\/fr\\\/actualite\\\/author\\\/mohamed-hedi-touati\\\/\"}]}<\/script>\n<!-- \/ Yoast SEO Premium plugin. -->","yoast_head_json":{"title":"Tunisie : L\u2019ind\u00e9pendance \u00e9nerg\u00e9tique recule \u00e0 36% - webdo","description":"Le taux d\u2019ind\u00e9pendance \u00e9nerg\u00e9tique de la Tunisie recule \u00e0 36%. D\u00e9couvrez les d\u00e9tails du dernier rapport de l'Observatoire national.","canonical":"https:\/\/www.webdo.tn\/fr\/actualite\/national\/tunisie-lindependance-energetique-recule-a-36\/385885\/","og_locale":"fr_FR","og_type":"article","og_title":"Tunisie : L\u2019ind\u00e9pendance \u00e9nerg\u00e9tique recule \u00e0 36%","og_description":"Le taux d\u2019ind\u00e9pendance \u00e9nerg\u00e9tique de la Tunisie recule \u00e0 36%. D\u00e9couvrez les d\u00e9tails du dernier rapport de l'Observatoire national.","og_url":"https:\/\/www.webdo.tn\/fr\/actualite\/national\/tunisie-lindependance-energetique-recule-a-36\/385885\/","og_site_name":"webdo","article_publisher":"https:\/\/www.facebook.com\/webdotn","article_published_time":"2025-10-18T10:30:44+00:00","article_modified_time":"2025-10-18T11:04:23+00:00","og_image":[{"width":1070,"height":610,"url":"https:\/\/www.webdo.tn\/fr\/wp-content\/uploads\/2025\/10\/Observatoire_national_de_lenergie_et_des_mines.jpg","type":"image\/jpeg"}],"author":"Mohamed Hedi Touati","twitter_card":"summary_large_image","twitter_creator":"@webdo_tn","twitter_site":"@webdo_tn","twitter_misc":{"\u00c9crit par":"Mohamed Hedi Touati","Dur\u00e9e de lecture estim\u00e9e":"2 minutes"},"schema":{"@context":"https:\/\/schema.org","@graph":[{"@type":"NewsArticle","@id":"https:\/\/www.webdo.tn\/fr\/actualite\/national\/tunisie-lindependance-energetique-recule-a-36\/385885\/#article","isPartOf":{"@id":"https:\/\/www.webdo.tn\/fr\/actualite\/national\/tunisie-lindependance-energetique-recule-a-36\/385885\/"},"author":{"name":"Mohamed Hedi Touati","@id":"https:\/\/www.webdo.tn\/fr\/#\/schema\/person\/c652cd8fc2b1b44412b5ffb48c5a911d"},"headline":"Tunisie : L\u2019ind\u00e9pendance \u00e9nerg\u00e9tique recule \u00e0 36%","datePublished":"2025-10-18T10:30:44+00:00","dateModified":"2025-10-18T11:04:23+00:00","mainEntityOfPage":{"@id":"https:\/\/www.webdo.tn\/fr\/actualite\/national\/tunisie-lindependance-energetique-recule-a-36\/385885\/"},"wordCount":288,"publisher":{"@id":"https:\/\/www.webdo.tn\/fr\/#organization"},"image":{"@id":"https:\/\/www.webdo.tn\/fr\/actualite\/national\/tunisie-lindependance-energetique-recule-a-36\/385885\/#primaryimage"},"thumbnailUrl":"https:\/\/www.webdo.tn\/fr\/wp-content\/uploads\/2025\/10\/Observatoire_national_de_lenergie_et_des_mines.jpg","keywords":["\u00e9nergie","ind\u00e9pendance \u00e9nerg\u00e9tique","Tunisie"],"articleSection":["National"],"inLanguage":"fr-FR"},{"@type":"WebPage","@id":"https:\/\/www.webdo.tn\/fr\/actualite\/national\/tunisie-lindependance-energetique-recule-a-36\/385885\/","url":"https:\/\/www.webdo.tn\/fr\/actualite\/national\/tunisie-lindependance-energetique-recule-a-36\/385885\/","name":"Tunisie : L\u2019ind\u00e9pendance \u00e9nerg\u00e9tique recule \u00e0 36% - webdo","isPartOf":{"@id":"https:\/\/www.webdo.tn\/fr\/#website"},"primaryImageOfPage":{"@id":"https:\/\/www.webdo.tn\/fr\/actualite\/national\/tunisie-lindependance-energetique-recule-a-36\/385885\/#primaryimage"},"image":{"@id":"https:\/\/www.webdo.tn\/fr\/actualite\/national\/tunisie-lindependance-energetique-recule-a-36\/385885\/#primaryimage"},"thumbnailUrl":"https:\/\/www.webdo.tn\/fr\/wp-content\/uploads\/2025\/10\/Observatoire_national_de_lenergie_et_des_mines.jpg","datePublished":"2025-10-18T10:30:44+00:00","dateModified":"2025-10-18T11:04:23+00:00","description":"Le taux d\u2019ind\u00e9pendance \u00e9nerg\u00e9tique de la Tunisie recule \u00e0 36%. D\u00e9couvrez les d\u00e9tails du dernier rapport de l'Observatoire national.","breadcrumb":{"@id":"https:\/\/www.webdo.tn\/fr\/actualite\/national\/tunisie-lindependance-energetique-recule-a-36\/385885\/#breadcrumb"},"inLanguage":"fr-FR","potentialAction":[{"@type":"ReadAction","target":["https:\/\/www.webdo.tn\/fr\/actualite\/national\/tunisie-lindependance-energetique-recule-a-36\/385885\/"]}]},{"@type":"ImageObject","inLanguage":"fr-FR","@id":"https:\/\/www.webdo.tn\/fr\/actualite\/national\/tunisie-lindependance-energetique-recule-a-36\/385885\/#primaryimage","url":"https:\/\/www.webdo.tn\/fr\/wp-content\/uploads\/2025\/10\/Observatoire_national_de_lenergie_et_des_mines.jpg","contentUrl":"https:\/\/www.webdo.tn\/fr\/wp-content\/uploads\/2025\/10\/Observatoire_national_de_lenergie_et_des_mines.jpg","width":1070,"height":610,"caption":"Tunisie : L\u2019ind\u00e9pendance \u00e9nerg\u00e9tique recule \u00e0 36%"},{"@type":"BreadcrumbList","@id":"https:\/\/www.webdo.tn\/fr\/actualite\/national\/tunisie-lindependance-energetique-recule-a-36\/385885\/#breadcrumb","itemListElement":[{"@type":"ListItem","position":1,"name":"Accueil","item":"https:\/\/www.webdo.tn\/fr\/"},{"@type":"ListItem","position":2,"name":"Tunisie : L\u2019ind\u00e9pendance \u00e9nerg\u00e9tique recule \u00e0 36%"}]},{"@type":"WebSite","@id":"https:\/\/www.webdo.tn\/fr\/#website","url":"https:\/\/www.webdo.tn\/fr\/","name":"webdo","description":"Tunisie - News en Tunisie et \u00e0 l&#039;international sur Webdo.tn","publisher":{"@id":"https:\/\/www.webdo.tn\/fr\/#organization"},"potentialAction":[{"@type":"SearchAction","target":{"@type":"EntryPoint","urlTemplate":"https:\/\/www.webdo.tn\/fr\/?s={search_term_string}"},"query-input":{"@type":"PropertyValueSpecification","valueRequired":true,"valueName":"search_term_string"}}],"inLanguage":"fr-FR"},{"@type":"Organization","@id":"https:\/\/www.webdo.tn\/fr\/#organization","name":"Webdo","alternateName":"Webdo.tn","url":"https:\/\/www.webdo.tn\/fr\/","logo":{"@type":"ImageObject","inLanguage":"fr-FR","@id":"https:\/\/www.webdo.tn\/fr\/#\/schema\/logo\/image\/","url":"https:\/\/www.webdo.tn\/fr\/wp-content\/uploads\/2025\/06\/Webdo-Tunisie_168377.jpg","contentUrl":"https:\/\/www.webdo.tn\/fr\/wp-content\/uploads\/2025\/06\/Webdo-Tunisie_168377.jpg","width":301,"height":301,"caption":"Webdo"},"image":{"@id":"https:\/\/www.webdo.tn\/fr\/#\/schema\/logo\/image\/"},"sameAs":["https:\/\/www.facebook.com\/webdotn","https:\/\/x.com\/webdo_tn"],"description":"Webdo est un m\u00e9dia num\u00e9rique tunisien fond\u00e9 en 2010, sp\u00e9cialis\u00e9 dans l\u2019actualit\u00e9 nationale et internationale, l\u2019\u00e9conomie, la soci\u00e9t\u00e9 et les analyses politiques. Le site s\u2019adresse \u00e0 un large public francophone et couvre l\u2019information tunisienne en temps r\u00e9el.","email":"redac@webdo.tn","legalName":"YNJ SARL","foundingDate":"2010-09-06","numberOfEmployees":{"@type":"QuantitativeValue","minValue":"11","maxValue":"50"}},{"@type":"Person","@id":"https:\/\/www.webdo.tn\/fr\/#\/schema\/person\/c652cd8fc2b1b44412b5ffb48c5a911d","name":"Mohamed Hedi Touati","image":{"@type":"ImageObject","inLanguage":"fr-FR","@id":"https:\/\/secure.gravatar.com\/avatar\/9cfd402c745b7a685f13eed0ea6e59d2144a3c2fc50a3db6fd5ed451f6cddf1a?s=96&d=mm&r=g","url":"https:\/\/secure.gravatar.com\/avatar\/9cfd402c745b7a685f13eed0ea6e59d2144a3c2fc50a3db6fd5ed451f6cddf1a?s=96&d=mm&r=g","contentUrl":"https:\/\/secure.gravatar.com\/avatar\/9cfd402c745b7a685f13eed0ea6e59d2144a3c2fc50a3db6fd5ed451f6cddf1a?s=96&d=mm&r=g","caption":"Mohamed Hedi Touati"},"url":"https:\/\/www.webdo.tn\/fr\/actualite\/author\/mohamed-hedi-touati\/"}]}},"_links":{"self":[{"href":"https:\/\/www.webdo.tn\/fr\/wp-json\/wp\/v2\/posts\/385885","targetHints":{"allow":["GET"]}}],"collection":[{"href":"https:\/\/www.webdo.tn\/fr\/wp-json\/wp\/v2\/posts"}],"about":[{"href":"https:\/\/www.webdo.tn\/fr\/wp-json\/wp\/v2\/types\/post"}],"author":[{"embeddable":true,"href":"https:\/\/www.webdo.tn\/fr\/wp-json\/wp\/v2\/users\/3191"}],"replies":[{"embeddable":true,"href":"https:\/\/www.webdo.tn\/fr\/wp-json\/wp\/v2\/comments?post=385885"}],"version-history":[{"count":0,"href":"https:\/\/www.webdo.tn\/fr\/wp-json\/wp\/v2\/posts\/385885\/revisions"}],"wp:featuredmedia":[{"embeddable":true,"href":"https:\/\/www.webdo.tn\/fr\/wp-json\/wp\/v2\/media\/385886"}],"wp:attachment":[{"href":"https:\/\/www.webdo.tn\/fr\/wp-json\/wp\/v2\/media?parent=385885"}],"wp:term":[{"taxonomy":"category","embeddable":true,"href":"https:\/\/www.webdo.tn\/fr\/wp-json\/wp\/v2\/categories?post=385885"},{"taxonomy":"post_tag","embeddable":true,"href":"https:\/\/www.webdo.tn\/fr\/wp-json\/wp\/v2\/tags?post=385885"}],"curies":[{"name":"wp","href":"https:\/\/api.w.org\/{rel}","templated":true}]}}