{"id":385825,"date":"2025-10-17T12:03:01","date_gmt":"2025-10-17T11:03:01","guid":{"rendered":"https:\/\/www.webdo.tn\/fr\/?p=385825"},"modified":"2025-10-17T18:43:04","modified_gmt":"2025-10-17T17:43:04","slug":"entree-sud-de-tunis-deviation-partielle-du-trafic-au-pont-de-la-cagna-pendant-un-mois","status":"publish","type":"post","link":"https:\/\/www.webdo.tn\/fr\/actualite\/national\/entree-sud-de-tunis-deviation-partielle-du-trafic-au-pont-de-la-cagna-pendant-un-mois\/385825\/","title":{"rendered":"Entr\u00e9e Sud de Tunis : D\u00e9viation partielle du trafic au pont de La Cagna pendant un mois"},"content":{"rendered":"\n<p>Le minist\u00e8re de l\u2019\u00c9quipement a annonc\u00e9 qu\u2019une d\u00e9viation partielle du trafic sera mise en place \u00e0 partir du samedi 18 octobre 2025 sur la route r\u00e9gionale n\u00b022, au niveau du pont de La Cagna, et ce pour une dur\u00e9e de 30 jours. Cette mesure s\u2019inscrit dans le cadre du projet d\u2019extension de l\u2019entr\u00e9e Sud de la Capitale, un chantier majeur visant \u00e0 fluidifier la circulation vers le centre de Tunis.<\/p>\n\n\n\n<p>Les automobilistes en provenance du Centre de traumatologie et des grands br\u00fbl\u00e9s de Ben Arous et se dirigeant vers le centre-ville, l\u2019a\u00e9roport ou Bizerte devront emprunter la voie de droite avant le pont de La Cagna, puis suivre la nouvelle route temporaire am\u00e9nag\u00e9e sp\u00e9cialement pour cette p\u00e9riode de travaux.<\/p>\n\n\n\n<p>En revanche, le trafic demeure inchang\u00e9 pour les conducteurs se dirigeant vers El Ouardia et Bab Alioua via le pont de La Cagna.<\/p>\n\n\n\n<p><\/p>\n\n\n<div class=\"wp-block-image\">\n<figure class=\"aligncenter size-large\"><img decoding=\"async\" width=\"1016\" height=\"1024\" src=\"https:\/\/www.webdo.tn\/fr\/wp-content\/uploads\/2025\/10\/565661324_1243295837824315_2004280443400428643_n-1-1016x1024.jpg\" alt=\"\" class=\"wp-image-385829\" srcset=\"https:\/\/www.webdo.tn\/fr\/wp-content\/uploads\/2025\/10\/565661324_1243295837824315_2004280443400428643_n-1-1016x1024.jpg 1016w, https:\/\/www.webdo.tn\/fr\/wp-content\/uploads\/2025\/10\/565661324_1243295837824315_2004280443400428643_n-1-298x300.jpg 298w, https:\/\/www.webdo.tn\/fr\/wp-content\/uploads\/2025\/10\/565661324_1243295837824315_2004280443400428643_n-1-150x150.jpg 150w, https:\/\/www.webdo.tn\/fr\/wp-content\/uploads\/2025\/10\/565661324_1243295837824315_2004280443400428643_n-1-768x774.jpg 768w, https:\/\/www.webdo.tn\/fr\/wp-content\/uploads\/2025\/10\/565661324_1243295837824315_2004280443400428643_n-1-75x75.jpg 75w, https:\/\/www.webdo.tn\/fr\/wp-content\/uploads\/2025\/10\/565661324_1243295837824315_2004280443400428643_n-1-750x756.jpg 750w, https:\/\/www.webdo.tn\/fr\/wp-content\/uploads\/2025\/10\/565661324_1243295837824315_2004280443400428643_n-1-1140x1149.jpg 1140w, https:\/\/www.webdo.tn\/fr\/wp-content\/uploads\/2025\/10\/565661324_1243295837824315_2004280443400428643_n-1.jpg 1241w\" sizes=\"(max-width: 1016px) 100vw, 1016px\" \/><\/figure>\n<\/div>\n\n\n<p><\/p>\n\n\n\n<iframe src=\"https:\/\/www.facebook.com\/plugins\/post.php?href=https%3A%2F%2Fwww.facebook.com%2FMinEquip%2Fposts%2Fpfbid02ostUtggzgdkiJYYUtXLQWZhnc4kzKwdbveDRU28WL41dgU8qRAWqvAdAWe7VW9Zjl&#038;show_text=true&#038;width=500\" width=\"500\" height=\"250\" style=\"border:none;overflow:hidden\" scrolling=\"no\" frameborder=\"0\" allowfullscreen=\"true\" allow=\"autoplay; clipboard-write; encrypted-media; picture-in-picture; web-share\"><\/iframe>\n\n\n\n<p><\/p>\n\n\n\n<ul class=\"wp-block-list\">\n<li>Lire aussi : <a href=\"https:\/\/www.webdo.tn\/fr\/actualite\/regions\/entree-sud-de-tunis-detournement-partiel-de-la-circulation-a-ben\/383732\/\">Entr\u00e9e sud de Tunis : D\u00e9tournement partiel de la circulation \u00e0 Ben Arous<\/a><\/li>\n<\/ul>\n","protected":false},"excerpt":{"rendered":"<p>Le minist\u00e8re de l\u2019\u00c9quipement a annonc\u00e9 qu\u2019une d\u00e9viation partielle du trafic sera mise en place \u00e0 partir du samedi 18 octobre 2025 sur la route r\u00e9gionale n\u00b022, au niveau du pont de La Cagna, et ce pour une dur\u00e9e de 30 jours. Cette mesure s\u2019inscrit dans le cadre du projet d\u2019extension de l\u2019entr\u00e9e Sud de [&hellip;]<\/p>\n","protected":false},"author":3191,"featured_media":385828,"comment_status":"closed","ping_status":"closed","sticky":false,"template":"","format":"standard","meta":{"footnotes":""},"categories":[44],"tags":[12896,3969,3926,2640,2608],"class_list":["post-385825","post","type-post","status-publish","format-standard","has-post-thumbnail","hentry","category-national","tag-entree-sud-de-la-capitale","tag-la-cagna","tag-travaux","tag-tunis","tag-tunisie"],"yoast_head":"<!-- This site is optimized with the Yoast SEO Premium plugin v27.4 (Yoast SEO v27.5) - https:\/\/yoast.com\/product\/yoast-seo-premium-wordpress\/ -->\n<title>Entr\u00e9e Sud de Tunis : D\u00e9viation partielle du trafic au pont de La Cagna pendant un mois - webdo<\/title>\n<meta name=\"description\" content=\"Entr\u00e9e Sud de Tunis : d\u00e9viation partielle du trafic au pont de La Cagna pour un meilleur flux pendant 30 jours \u00e0 partir du 18 octobre.\" \/>\n<link rel=\"canonical\" href=\"https:\/\/www.webdo.tn\/fr\/actualite\/national\/entree-sud-de-tunis-deviation-partielle-du-trafic-au-pont-de-la-cagna-pendant-un-mois\/385825\/\" \/>\n<meta property=\"og:locale\" content=\"fr_FR\" \/>\n<meta property=\"og:type\" content=\"article\" \/>\n<meta property=\"og:title\" content=\"Entr\u00e9e Sud de Tunis : D\u00e9viation partielle du trafic au pont de La Cagna pendant un mois\" \/>\n<meta property=\"og:description\" content=\"Entr\u00e9e Sud de Tunis : d\u00e9viation partielle du trafic au pont de La Cagna pour un meilleur flux pendant 30 jours \u00e0 partir du 18 octobre.\" \/>\n<meta property=\"og:url\" content=\"https:\/\/www.webdo.tn\/fr\/actualite\/national\/entree-sud-de-tunis-deviation-partielle-du-trafic-au-pont-de-la-cagna-pendant-un-mois\/385825\/\" \/>\n<meta property=\"og:site_name\" content=\"webdo\" \/>\n<meta property=\"article:publisher\" content=\"https:\/\/www.facebook.com\/webdotn\" \/>\n<meta property=\"article:published_time\" content=\"2025-10-17T11:03:01+00:00\" \/>\n<meta property=\"article:modified_time\" content=\"2025-10-17T17:43:04+00:00\" \/>\n<meta property=\"og:image\" content=\"https:\/\/www.webdo.tn\/fr\/wp-content\/uploads\/2025\/10\/plan.jpg\" \/>\n\t<meta property=\"og:image:width\" content=\"1200\" \/>\n\t<meta property=\"og:image:height\" content=\"601\" \/>\n\t<meta property=\"og:image:type\" content=\"image\/jpeg\" \/>\n<meta name=\"author\" content=\"Mohamed Hedi Touati\" \/>\n<meta name=\"twitter:card\" content=\"summary_large_image\" \/>\n<meta name=\"twitter:creator\" content=\"@webdo_tn\" \/>\n<meta name=\"twitter:site\" content=\"@webdo_tn\" \/>\n<meta name=\"twitter:label1\" content=\"\u00c9crit par\" \/>\n\t<meta name=\"twitter:data1\" content=\"Mohamed Hedi Touati\" \/>\n\t<meta name=\"twitter:label2\" content=\"Dur\u00e9e de lecture estim\u00e9e\" \/>\n\t<meta name=\"twitter:data2\" content=\"2 minutes\" \/>\n<script type=\"application\/ld+json\" class=\"yoast-schema-graph\">{\"@context\":\"https:\\\/\\\/schema.org\",\"@graph\":[{\"@type\":\"NewsArticle\",\"@id\":\"https:\\\/\\\/www.webdo.tn\\\/fr\\\/actualite\\\/national\\\/entree-sud-de-tunis-deviation-partielle-du-trafic-au-pont-de-la-cagna-pendant-un-mois\\\/385825\\\/#article\",\"isPartOf\":{\"@id\":\"https:\\\/\\\/www.webdo.tn\\\/fr\\\/actualite\\\/national\\\/entree-sud-de-tunis-deviation-partielle-du-trafic-au-pont-de-la-cagna-pendant-un-mois\\\/385825\\\/\"},\"author\":{\"name\":\"Mohamed Hedi Touati\",\"@id\":\"https:\\\/\\\/www.webdo.tn\\\/fr\\\/#\\\/schema\\\/person\\\/c652cd8fc2b1b44412b5ffb48c5a911d\"},\"headline\":\"Entr\u00e9e Sud de Tunis : D\u00e9viation partielle du trafic au pont de La Cagna pendant un mois\",\"datePublished\":\"2025-10-17T11:03:01+00:00\",\"dateModified\":\"2025-10-17T17:43:04+00:00\",\"mainEntityOfPage\":{\"@id\":\"https:\\\/\\\/www.webdo.tn\\\/fr\\\/actualite\\\/national\\\/entree-sud-de-tunis-deviation-partielle-du-trafic-au-pont-de-la-cagna-pendant-un-mois\\\/385825\\\/\"},\"wordCount\":188,\"publisher\":{\"@id\":\"https:\\\/\\\/www.webdo.tn\\\/fr\\\/#organization\"},\"image\":{\"@id\":\"https:\\\/\\\/www.webdo.tn\\\/fr\\\/actualite\\\/national\\\/entree-sud-de-tunis-deviation-partielle-du-trafic-au-pont-de-la-cagna-pendant-un-mois\\\/385825\\\/#primaryimage\"},\"thumbnailUrl\":\"https:\\\/\\\/www.webdo.tn\\\/fr\\\/wp-content\\\/uploads\\\/2025\\\/10\\\/plan.jpg\",\"keywords\":[\"Entr\u00e9e sud de la capitale\",\"La Cagna\",\"travaux\",\"Tunis\",\"Tunisie\"],\"articleSection\":[\"National\"],\"inLanguage\":\"fr-FR\"},{\"@type\":\"WebPage\",\"@id\":\"https:\\\/\\\/www.webdo.tn\\\/fr\\\/actualite\\\/national\\\/entree-sud-de-tunis-deviation-partielle-du-trafic-au-pont-de-la-cagna-pendant-un-mois\\\/385825\\\/\",\"url\":\"https:\\\/\\\/www.webdo.tn\\\/fr\\\/actualite\\\/national\\\/entree-sud-de-tunis-deviation-partielle-du-trafic-au-pont-de-la-cagna-pendant-un-mois\\\/385825\\\/\",\"name\":\"Entr\u00e9e Sud de Tunis : D\u00e9viation partielle du trafic au pont de La Cagna pendant un mois - webdo\",\"isPartOf\":{\"@id\":\"https:\\\/\\\/www.webdo.tn\\\/fr\\\/#website\"},\"primaryImageOfPage\":{\"@id\":\"https:\\\/\\\/www.webdo.tn\\\/fr\\\/actualite\\\/national\\\/entree-sud-de-tunis-deviation-partielle-du-trafic-au-pont-de-la-cagna-pendant-un-mois\\\/385825\\\/#primaryimage\"},\"image\":{\"@id\":\"https:\\\/\\\/www.webdo.tn\\\/fr\\\/actualite\\\/national\\\/entree-sud-de-tunis-deviation-partielle-du-trafic-au-pont-de-la-cagna-pendant-un-mois\\\/385825\\\/#primaryimage\"},\"thumbnailUrl\":\"https:\\\/\\\/www.webdo.tn\\\/fr\\\/wp-content\\\/uploads\\\/2025\\\/10\\\/plan.jpg\",\"datePublished\":\"2025-10-17T11:03:01+00:00\",\"dateModified\":\"2025-10-17T17:43:04+00:00\",\"description\":\"Entr\u00e9e Sud de Tunis : d\u00e9viation partielle du trafic au pont de La Cagna pour un meilleur flux pendant 30 jours \u00e0 partir du 18 octobre.\",\"breadcrumb\":{\"@id\":\"https:\\\/\\\/www.webdo.tn\\\/fr\\\/actualite\\\/national\\\/entree-sud-de-tunis-deviation-partielle-du-trafic-au-pont-de-la-cagna-pendant-un-mois\\\/385825\\\/#breadcrumb\"},\"inLanguage\":\"fr-FR\",\"potentialAction\":[{\"@type\":\"ReadAction\",\"target\":[\"https:\\\/\\\/www.webdo.tn\\\/fr\\\/actualite\\\/national\\\/entree-sud-de-tunis-deviation-partielle-du-trafic-au-pont-de-la-cagna-pendant-un-mois\\\/385825\\\/\"]}]},{\"@type\":\"ImageObject\",\"inLanguage\":\"fr-FR\",\"@id\":\"https:\\\/\\\/www.webdo.tn\\\/fr\\\/actualite\\\/national\\\/entree-sud-de-tunis-deviation-partielle-du-trafic-au-pont-de-la-cagna-pendant-un-mois\\\/385825\\\/#primaryimage\",\"url\":\"https:\\\/\\\/www.webdo.tn\\\/fr\\\/wp-content\\\/uploads\\\/2025\\\/10\\\/plan.jpg\",\"contentUrl\":\"https:\\\/\\\/www.webdo.tn\\\/fr\\\/wp-content\\\/uploads\\\/2025\\\/10\\\/plan.jpg\",\"width\":1200,\"height\":601,\"caption\":\"Entr\u00e9e Sud de Tunis : D\u00e9viation partielle du trafic au pont de La Cagna pendant un mois\"},{\"@type\":\"BreadcrumbList\",\"@id\":\"https:\\\/\\\/www.webdo.tn\\\/fr\\\/actualite\\\/national\\\/entree-sud-de-tunis-deviation-partielle-du-trafic-au-pont-de-la-cagna-pendant-un-mois\\\/385825\\\/#breadcrumb\",\"itemListElement\":[{\"@type\":\"ListItem\",\"position\":1,\"name\":\"Accueil\",\"item\":\"https:\\\/\\\/www.webdo.tn\\\/fr\\\/\"},{\"@type\":\"ListItem\",\"position\":2,\"name\":\"Entr\u00e9e Sud de Tunis : D\u00e9viation partielle du trafic au pont de La Cagna pendant un mois\"}]},{\"@type\":\"WebSite\",\"@id\":\"https:\\\/\\\/www.webdo.tn\\\/fr\\\/#website\",\"url\":\"https:\\\/\\\/www.webdo.tn\\\/fr\\\/\",\"name\":\"webdo\",\"description\":\"Tunisie - News en Tunisie et \u00e0 l&#039;international sur Webdo.tn\",\"publisher\":{\"@id\":\"https:\\\/\\\/www.webdo.tn\\\/fr\\\/#organization\"},\"potentialAction\":[{\"@type\":\"SearchAction\",\"target\":{\"@type\":\"EntryPoint\",\"urlTemplate\":\"https:\\\/\\\/www.webdo.tn\\\/fr\\\/?s={search_term_string}\"},\"query-input\":{\"@type\":\"PropertyValueSpecification\",\"valueRequired\":true,\"valueName\":\"search_term_string\"}}],\"inLanguage\":\"fr-FR\"},{\"@type\":\"Organization\",\"@id\":\"https:\\\/\\\/www.webdo.tn\\\/fr\\\/#organization\",\"name\":\"Webdo\",\"alternateName\":\"Webdo.tn\",\"url\":\"https:\\\/\\\/www.webdo.tn\\\/fr\\\/\",\"logo\":{\"@type\":\"ImageObject\",\"inLanguage\":\"fr-FR\",\"@id\":\"https:\\\/\\\/www.webdo.tn\\\/fr\\\/#\\\/schema\\\/logo\\\/image\\\/\",\"url\":\"https:\\\/\\\/www.webdo.tn\\\/fr\\\/wp-content\\\/uploads\\\/2025\\\/06\\\/Webdo-Tunisie_168377.jpg\",\"contentUrl\":\"https:\\\/\\\/www.webdo.tn\\\/fr\\\/wp-content\\\/uploads\\\/2025\\\/06\\\/Webdo-Tunisie_168377.jpg\",\"width\":301,\"height\":301,\"caption\":\"Webdo\"},\"image\":{\"@id\":\"https:\\\/\\\/www.webdo.tn\\\/fr\\\/#\\\/schema\\\/logo\\\/image\\\/\"},\"sameAs\":[\"https:\\\/\\\/www.facebook.com\\\/webdotn\",\"https:\\\/\\\/x.com\\\/webdo_tn\"],\"description\":\"Webdo est un m\u00e9dia num\u00e9rique tunisien fond\u00e9 en 2010, sp\u00e9cialis\u00e9 dans l\u2019actualit\u00e9 nationale et internationale, l\u2019\u00e9conomie, la soci\u00e9t\u00e9 et les analyses politiques. Le site s\u2019adresse \u00e0 un large public francophone et couvre l\u2019information tunisienne en temps r\u00e9el.\",\"email\":\"redac@webdo.tn\",\"legalName\":\"YNJ SARL\",\"foundingDate\":\"2010-09-06\",\"numberOfEmployees\":{\"@type\":\"QuantitativeValue\",\"minValue\":\"11\",\"maxValue\":\"50\"}},{\"@type\":\"Person\",\"@id\":\"https:\\\/\\\/www.webdo.tn\\\/fr\\\/#\\\/schema\\\/person\\\/c652cd8fc2b1b44412b5ffb48c5a911d\",\"name\":\"Mohamed Hedi Touati\",\"image\":{\"@type\":\"ImageObject\",\"inLanguage\":\"fr-FR\",\"@id\":\"https:\\\/\\\/secure.gravatar.com\\\/avatar\\\/9cfd402c745b7a685f13eed0ea6e59d2144a3c2fc50a3db6fd5ed451f6cddf1a?s=96&d=mm&r=g\",\"url\":\"https:\\\/\\\/secure.gravatar.com\\\/avatar\\\/9cfd402c745b7a685f13eed0ea6e59d2144a3c2fc50a3db6fd5ed451f6cddf1a?s=96&d=mm&r=g\",\"contentUrl\":\"https:\\\/\\\/secure.gravatar.com\\\/avatar\\\/9cfd402c745b7a685f13eed0ea6e59d2144a3c2fc50a3db6fd5ed451f6cddf1a?s=96&d=mm&r=g\",\"caption\":\"Mohamed Hedi Touati\"},\"url\":\"https:\\\/\\\/www.webdo.tn\\\/fr\\\/actualite\\\/author\\\/mohamed-hedi-touati\\\/\"}]}<\/script>\n<!-- \/ Yoast SEO Premium plugin. -->","yoast_head_json":{"title":"Entr\u00e9e Sud de Tunis : D\u00e9viation partielle du trafic au pont de La Cagna pendant un mois - webdo","description":"Entr\u00e9e Sud de Tunis : d\u00e9viation partielle du trafic au pont de La Cagna pour un meilleur flux pendant 30 jours \u00e0 partir du 18 octobre.","canonical":"https:\/\/www.webdo.tn\/fr\/actualite\/national\/entree-sud-de-tunis-deviation-partielle-du-trafic-au-pont-de-la-cagna-pendant-un-mois\/385825\/","og_locale":"fr_FR","og_type":"article","og_title":"Entr\u00e9e Sud de Tunis : D\u00e9viation partielle du trafic au pont de La Cagna pendant un mois","og_description":"Entr\u00e9e Sud de Tunis : d\u00e9viation partielle du trafic au pont de La Cagna pour un meilleur flux pendant 30 jours \u00e0 partir du 18 octobre.","og_url":"https:\/\/www.webdo.tn\/fr\/actualite\/national\/entree-sud-de-tunis-deviation-partielle-du-trafic-au-pont-de-la-cagna-pendant-un-mois\/385825\/","og_site_name":"webdo","article_publisher":"https:\/\/www.facebook.com\/webdotn","article_published_time":"2025-10-17T11:03:01+00:00","article_modified_time":"2025-10-17T17:43:04+00:00","og_image":[{"width":1200,"height":601,"url":"https:\/\/www.webdo.tn\/fr\/wp-content\/uploads\/2025\/10\/plan.jpg","type":"image\/jpeg"}],"author":"Mohamed Hedi Touati","twitter_card":"summary_large_image","twitter_creator":"@webdo_tn","twitter_site":"@webdo_tn","twitter_misc":{"\u00c9crit par":"Mohamed Hedi Touati","Dur\u00e9e de lecture estim\u00e9e":"2 minutes"},"schema":{"@context":"https:\/\/schema.org","@graph":[{"@type":"NewsArticle","@id":"https:\/\/www.webdo.tn\/fr\/actualite\/national\/entree-sud-de-tunis-deviation-partielle-du-trafic-au-pont-de-la-cagna-pendant-un-mois\/385825\/#article","isPartOf":{"@id":"https:\/\/www.webdo.tn\/fr\/actualite\/national\/entree-sud-de-tunis-deviation-partielle-du-trafic-au-pont-de-la-cagna-pendant-un-mois\/385825\/"},"author":{"name":"Mohamed Hedi Touati","@id":"https:\/\/www.webdo.tn\/fr\/#\/schema\/person\/c652cd8fc2b1b44412b5ffb48c5a911d"},"headline":"Entr\u00e9e Sud de Tunis : D\u00e9viation partielle du trafic au pont de La Cagna pendant un mois","datePublished":"2025-10-17T11:03:01+00:00","dateModified":"2025-10-17T17:43:04+00:00","mainEntityOfPage":{"@id":"https:\/\/www.webdo.tn\/fr\/actualite\/national\/entree-sud-de-tunis-deviation-partielle-du-trafic-au-pont-de-la-cagna-pendant-un-mois\/385825\/"},"wordCount":188,"publisher":{"@id":"https:\/\/www.webdo.tn\/fr\/#organization"},"image":{"@id":"https:\/\/www.webdo.tn\/fr\/actualite\/national\/entree-sud-de-tunis-deviation-partielle-du-trafic-au-pont-de-la-cagna-pendant-un-mois\/385825\/#primaryimage"},"thumbnailUrl":"https:\/\/www.webdo.tn\/fr\/wp-content\/uploads\/2025\/10\/plan.jpg","keywords":["Entr\u00e9e sud de la capitale","La Cagna","travaux","Tunis","Tunisie"],"articleSection":["National"],"inLanguage":"fr-FR"},{"@type":"WebPage","@id":"https:\/\/www.webdo.tn\/fr\/actualite\/national\/entree-sud-de-tunis-deviation-partielle-du-trafic-au-pont-de-la-cagna-pendant-un-mois\/385825\/","url":"https:\/\/www.webdo.tn\/fr\/actualite\/national\/entree-sud-de-tunis-deviation-partielle-du-trafic-au-pont-de-la-cagna-pendant-un-mois\/385825\/","name":"Entr\u00e9e Sud de Tunis : D\u00e9viation partielle du trafic au pont de La Cagna pendant un mois - webdo","isPartOf":{"@id":"https:\/\/www.webdo.tn\/fr\/#website"},"primaryImageOfPage":{"@id":"https:\/\/www.webdo.tn\/fr\/actualite\/national\/entree-sud-de-tunis-deviation-partielle-du-trafic-au-pont-de-la-cagna-pendant-un-mois\/385825\/#primaryimage"},"image":{"@id":"https:\/\/www.webdo.tn\/fr\/actualite\/national\/entree-sud-de-tunis-deviation-partielle-du-trafic-au-pont-de-la-cagna-pendant-un-mois\/385825\/#primaryimage"},"thumbnailUrl":"https:\/\/www.webdo.tn\/fr\/wp-content\/uploads\/2025\/10\/plan.jpg","datePublished":"2025-10-17T11:03:01+00:00","dateModified":"2025-10-17T17:43:04+00:00","description":"Entr\u00e9e Sud de Tunis : d\u00e9viation partielle du trafic au pont de La Cagna pour un meilleur flux pendant 30 jours \u00e0 partir du 18 octobre.","breadcrumb":{"@id":"https:\/\/www.webdo.tn\/fr\/actualite\/national\/entree-sud-de-tunis-deviation-partielle-du-trafic-au-pont-de-la-cagna-pendant-un-mois\/385825\/#breadcrumb"},"inLanguage":"fr-FR","potentialAction":[{"@type":"ReadAction","target":["https:\/\/www.webdo.tn\/fr\/actualite\/national\/entree-sud-de-tunis-deviation-partielle-du-trafic-au-pont-de-la-cagna-pendant-un-mois\/385825\/"]}]},{"@type":"ImageObject","inLanguage":"fr-FR","@id":"https:\/\/www.webdo.tn\/fr\/actualite\/national\/entree-sud-de-tunis-deviation-partielle-du-trafic-au-pont-de-la-cagna-pendant-un-mois\/385825\/#primaryimage","url":"https:\/\/www.webdo.tn\/fr\/wp-content\/uploads\/2025\/10\/plan.jpg","contentUrl":"https:\/\/www.webdo.tn\/fr\/wp-content\/uploads\/2025\/10\/plan.jpg","width":1200,"height":601,"caption":"Entr\u00e9e Sud de Tunis : D\u00e9viation partielle du trafic au pont de La Cagna pendant un mois"},{"@type":"BreadcrumbList","@id":"https:\/\/www.webdo.tn\/fr\/actualite\/national\/entree-sud-de-tunis-deviation-partielle-du-trafic-au-pont-de-la-cagna-pendant-un-mois\/385825\/#breadcrumb","itemListElement":[{"@type":"ListItem","position":1,"name":"Accueil","item":"https:\/\/www.webdo.tn\/fr\/"},{"@type":"ListItem","position":2,"name":"Entr\u00e9e Sud de Tunis : D\u00e9viation partielle du trafic au pont de La Cagna pendant un mois"}]},{"@type":"WebSite","@id":"https:\/\/www.webdo.tn\/fr\/#website","url":"https:\/\/www.webdo.tn\/fr\/","name":"webdo","description":"Tunisie - News en Tunisie et \u00e0 l&#039;international sur Webdo.tn","publisher":{"@id":"https:\/\/www.webdo.tn\/fr\/#organization"},"potentialAction":[{"@type":"SearchAction","target":{"@type":"EntryPoint","urlTemplate":"https:\/\/www.webdo.tn\/fr\/?s={search_term_string}"},"query-input":{"@type":"PropertyValueSpecification","valueRequired":true,"valueName":"search_term_string"}}],"inLanguage":"fr-FR"},{"@type":"Organization","@id":"https:\/\/www.webdo.tn\/fr\/#organization","name":"Webdo","alternateName":"Webdo.tn","url":"https:\/\/www.webdo.tn\/fr\/","logo":{"@type":"ImageObject","inLanguage":"fr-FR","@id":"https:\/\/www.webdo.tn\/fr\/#\/schema\/logo\/image\/","url":"https:\/\/www.webdo.tn\/fr\/wp-content\/uploads\/2025\/06\/Webdo-Tunisie_168377.jpg","contentUrl":"https:\/\/www.webdo.tn\/fr\/wp-content\/uploads\/2025\/06\/Webdo-Tunisie_168377.jpg","width":301,"height":301,"caption":"Webdo"},"image":{"@id":"https:\/\/www.webdo.tn\/fr\/#\/schema\/logo\/image\/"},"sameAs":["https:\/\/www.facebook.com\/webdotn","https:\/\/x.com\/webdo_tn"],"description":"Webdo est un m\u00e9dia num\u00e9rique tunisien fond\u00e9 en 2010, sp\u00e9cialis\u00e9 dans l\u2019actualit\u00e9 nationale et internationale, l\u2019\u00e9conomie, la soci\u00e9t\u00e9 et les analyses politiques. Le site s\u2019adresse \u00e0 un large public francophone et couvre l\u2019information tunisienne en temps r\u00e9el.","email":"redac@webdo.tn","legalName":"YNJ SARL","foundingDate":"2010-09-06","numberOfEmployees":{"@type":"QuantitativeValue","minValue":"11","maxValue":"50"}},{"@type":"Person","@id":"https:\/\/www.webdo.tn\/fr\/#\/schema\/person\/c652cd8fc2b1b44412b5ffb48c5a911d","name":"Mohamed Hedi Touati","image":{"@type":"ImageObject","inLanguage":"fr-FR","@id":"https:\/\/secure.gravatar.com\/avatar\/9cfd402c745b7a685f13eed0ea6e59d2144a3c2fc50a3db6fd5ed451f6cddf1a?s=96&d=mm&r=g","url":"https:\/\/secure.gravatar.com\/avatar\/9cfd402c745b7a685f13eed0ea6e59d2144a3c2fc50a3db6fd5ed451f6cddf1a?s=96&d=mm&r=g","contentUrl":"https:\/\/secure.gravatar.com\/avatar\/9cfd402c745b7a685f13eed0ea6e59d2144a3c2fc50a3db6fd5ed451f6cddf1a?s=96&d=mm&r=g","caption":"Mohamed Hedi Touati"},"url":"https:\/\/www.webdo.tn\/fr\/actualite\/author\/mohamed-hedi-touati\/"}]}},"_links":{"self":[{"href":"https:\/\/www.webdo.tn\/fr\/wp-json\/wp\/v2\/posts\/385825","targetHints":{"allow":["GET"]}}],"collection":[{"href":"https:\/\/www.webdo.tn\/fr\/wp-json\/wp\/v2\/posts"}],"about":[{"href":"https:\/\/www.webdo.tn\/fr\/wp-json\/wp\/v2\/types\/post"}],"author":[{"embeddable":true,"href":"https:\/\/www.webdo.tn\/fr\/wp-json\/wp\/v2\/users\/3191"}],"replies":[{"embeddable":true,"href":"https:\/\/www.webdo.tn\/fr\/wp-json\/wp\/v2\/comments?post=385825"}],"version-history":[{"count":0,"href":"https:\/\/www.webdo.tn\/fr\/wp-json\/wp\/v2\/posts\/385825\/revisions"}],"wp:featuredmedia":[{"embeddable":true,"href":"https:\/\/www.webdo.tn\/fr\/wp-json\/wp\/v2\/media\/385828"}],"wp:attachment":[{"href":"https:\/\/www.webdo.tn\/fr\/wp-json\/wp\/v2\/media?parent=385825"}],"wp:term":[{"taxonomy":"category","embeddable":true,"href":"https:\/\/www.webdo.tn\/fr\/wp-json\/wp\/v2\/categories?post=385825"},{"taxonomy":"post_tag","embeddable":true,"href":"https:\/\/www.webdo.tn\/fr\/wp-json\/wp\/v2\/tags?post=385825"}],"curies":[{"name":"wp","href":"https:\/\/api.w.org\/{rel}","templated":true}]}}