{"id":385765,"date":"2025-10-16T14:16:25","date_gmt":"2025-10-16T13:16:25","guid":{"rendered":"https:\/\/www.webdo.tn\/fr\/?p=385765"},"modified":"2025-10-16T14:18:02","modified_gmt":"2025-10-16T13:18:02","slug":"tunisie-bresil-les-aigles-de-carthage-retrouveront-la-selecao-le-18-novembre-a-lille","status":"publish","type":"post","link":"https:\/\/www.webdo.tn\/fr\/actualite\/sport\/tunisie-bresil-les-aigles-de-carthage-retrouveront-la-selecao-le-18-novembre-a-lille\/385765\/","title":{"rendered":"Tunisie &#8211; Br\u00e9sil : Les Aigles de Carthage retrouveront la Sele\u00e7\u00e3o le 18 novembre \u00e0 Lille"},"content":{"rendered":"\n<p>La F\u00e9d\u00e9ration tunisienne de football (FTF) a confirm\u00e9, ce jeudi, la tenue d\u2019un match amical de prestige entre la Tunisie et le Br\u00e9sil, pr\u00e9vu le 18 novembre \u00e0 20h30 au Stade Pierre-Mauroy de Lille (France).<\/p>\n\n\n\n<p>Cette rencontre marquera les retrouvailles entre les deux s\u00e9lections, trois ans apr\u00e8s leur dernier duel, disput\u00e9 \u00e9galement en France, et remport\u00e9 largement par la Sele\u00e7\u00e3o (5-1) en septembre 2022.<\/p>\n\n\n\n<p>Avant d\u2019affronter les Br\u00e9siliens, les Aigles de Carthage disputeront un premier match amical face \u00e0 la Jordanie, le 14 novembre, dans le cadre de leur pr\u00e9paration aux prochaines \u00e9ch\u00e9ances internationales.<\/p>\n\n\n\n<iframe src=\"https:\/\/www.facebook.com\/plugins\/post.php?href=https%3A%2F%2Fwww.facebook.com%2FFTF.OFFICIELLE%2Fposts%2Fpfbid02z8RmSmpxtVuCVRb2zBit8CBgUKoGof6EMBhqT5398aNQG6vP9EXJpgLMKNREEAHbl&#038;show_text=true&#038;width=500\" width=\"500\" height=\"498\" style=\"border:none;overflow:hidden\" scrolling=\"no\" frameborder=\"0\" allowfullscreen=\"true\" allow=\"autoplay; clipboard-write; encrypted-media; picture-in-picture; web-share\"><\/iframe>\n\n\n\n<ul class=\"wp-block-list\">\n<li>Lire aussi : <a href=\"https:\/\/www.webdo.tn\/fr\/actualite\/sport\/amical-la-tunisie-battue-lourdement-par-le-bresil\/174071\/\">Amical : La Tunisie battue lourdement par le Br\u00e9sil<\/a><\/li>\n<\/ul>\n","protected":false},"excerpt":{"rendered":"<p>La F\u00e9d\u00e9ration tunisienne de football (FTF) a confirm\u00e9, ce jeudi, la tenue d\u2019un match amical de prestige entre la Tunisie et le Br\u00e9sil, pr\u00e9vu le 18 novembre \u00e0 20h30 au Stade Pierre-Mauroy de Lille (France). Cette rencontre marquera les retrouvailles entre les deux s\u00e9lections, trois ans apr\u00e8s leur dernier duel, disput\u00e9 \u00e9galement en France, et [&hellip;]<\/p>\n","protected":false},"author":3191,"featured_media":385766,"comment_status":"closed","ping_status":"closed","sticky":false,"template":"","format":"standard","meta":{"footnotes":""},"categories":[2593],"tags":[2625,4949,2622,13123,2608],"class_list":["post-385765","post","type-post","status-publish","format-standard","has-post-thumbnail","hentry","category-sport","tag-amical","tag-bresil","tag-football","tag-lille","tag-tunisie"],"yoast_head":"<!-- This site is optimized with the Yoast SEO Premium plugin v27.5 (Yoast SEO v27.5) - https:\/\/yoast.com\/product\/yoast-seo-premium-wordpress\/ -->\n<title>Tunisie - Br\u00e9sil : Les Aigles de Carthage retrouveront la Sele\u00e7\u00e3o le 18 novembre \u00e0 Lille - webdo<\/title>\n<meta name=\"description\" content=\"Le 18 novembre, assistez au match amical entre la Tunisie et le Br\u00e9sil \u00e0 Lille. Suivez les Aigles de Carthage dans cette rencontre.\" \/>\n<link rel=\"canonical\" href=\"https:\/\/www.webdo.tn\/fr\/actualite\/sport\/tunisie-bresil-les-aigles-de-carthage-retrouveront-la-selecao-le-18-novembre-a-lille\/385765\/\" \/>\n<meta property=\"og:locale\" content=\"fr_FR\" \/>\n<meta property=\"og:type\" content=\"article\" \/>\n<meta property=\"og:title\" content=\"Tunisie - Br\u00e9sil : Les Aigles de Carthage retrouveront la Sele\u00e7\u00e3o le 18 novembre \u00e0 Lille\" \/>\n<meta property=\"og:description\" content=\"Le 18 novembre, assistez au match amical entre la Tunisie et le Br\u00e9sil \u00e0 Lille. Suivez les Aigles de Carthage dans cette rencontre.\" \/>\n<meta property=\"og:url\" content=\"https:\/\/www.webdo.tn\/fr\/actualite\/sport\/tunisie-bresil-les-aigles-de-carthage-retrouveront-la-selecao-le-18-novembre-a-lille\/385765\/\" \/>\n<meta property=\"og:site_name\" content=\"webdo\" \/>\n<meta property=\"article:publisher\" content=\"https:\/\/www.facebook.com\/webdotn\" \/>\n<meta property=\"article:published_time\" content=\"2025-10-16T13:16:25+00:00\" \/>\n<meta property=\"article:modified_time\" content=\"2025-10-16T13:18:02+00:00\" \/>\n<meta property=\"og:image\" content=\"https:\/\/www.webdo.tn\/fr\/wp-content\/uploads\/2025\/10\/TUN-BRE.jpg\" \/>\n\t<meta property=\"og:image:width\" content=\"1000\" \/>\n\t<meta property=\"og:image:height\" content=\"501\" \/>\n\t<meta property=\"og:image:type\" content=\"image\/jpeg\" \/>\n<meta name=\"author\" content=\"Mohamed Hedi Touati\" \/>\n<meta name=\"twitter:card\" content=\"summary_large_image\" \/>\n<meta name=\"twitter:creator\" content=\"@webdo_tn\" \/>\n<meta name=\"twitter:site\" content=\"@webdo_tn\" \/>\n<meta name=\"twitter:label1\" content=\"\u00c9crit par\" \/>\n\t<meta name=\"twitter:data1\" content=\"Mohamed Hedi Touati\" \/>\n\t<meta name=\"twitter:label2\" content=\"Dur\u00e9e de lecture estim\u00e9e\" \/>\n\t<meta name=\"twitter:data2\" content=\"1 minute\" \/>\n<script type=\"application\/ld+json\" class=\"yoast-schema-graph\">{\"@context\":\"https:\\\/\\\/schema.org\",\"@graph\":[{\"@type\":\"NewsArticle\",\"@id\":\"https:\\\/\\\/www.webdo.tn\\\/fr\\\/actualite\\\/sport\\\/tunisie-bresil-les-aigles-de-carthage-retrouveront-la-selecao-le-18-novembre-a-lille\\\/385765\\\/#article\",\"isPartOf\":{\"@id\":\"https:\\\/\\\/www.webdo.tn\\\/fr\\\/actualite\\\/sport\\\/tunisie-bresil-les-aigles-de-carthage-retrouveront-la-selecao-le-18-novembre-a-lille\\\/385765\\\/\"},\"author\":{\"name\":\"Mohamed Hedi Touati\",\"@id\":\"https:\\\/\\\/www.webdo.tn\\\/fr\\\/#\\\/schema\\\/person\\\/c652cd8fc2b1b44412b5ffb48c5a911d\"},\"headline\":\"Tunisie &#8211; Br\u00e9sil : Les Aigles de Carthage retrouveront la Sele\u00e7\u00e3o le 18 novembre \u00e0 Lille\",\"datePublished\":\"2025-10-16T13:16:25+00:00\",\"dateModified\":\"2025-10-16T13:18:02+00:00\",\"mainEntityOfPage\":{\"@id\":\"https:\\\/\\\/www.webdo.tn\\\/fr\\\/actualite\\\/sport\\\/tunisie-bresil-les-aigles-de-carthage-retrouveront-la-selecao-le-18-novembre-a-lille\\\/385765\\\/\"},\"wordCount\":127,\"publisher\":{\"@id\":\"https:\\\/\\\/www.webdo.tn\\\/fr\\\/#organization\"},\"image\":{\"@id\":\"https:\\\/\\\/www.webdo.tn\\\/fr\\\/actualite\\\/sport\\\/tunisie-bresil-les-aigles-de-carthage-retrouveront-la-selecao-le-18-novembre-a-lille\\\/385765\\\/#primaryimage\"},\"thumbnailUrl\":\"https:\\\/\\\/www.webdo.tn\\\/fr\\\/wp-content\\\/uploads\\\/2025\\\/10\\\/TUN-BRE.jpg\",\"keywords\":[\"amical\",\"Br\u00e9sil\",\"football\",\"lille\",\"Tunisie\"],\"articleSection\":[\"Sport\"],\"inLanguage\":\"fr-FR\"},{\"@type\":\"WebPage\",\"@id\":\"https:\\\/\\\/www.webdo.tn\\\/fr\\\/actualite\\\/sport\\\/tunisie-bresil-les-aigles-de-carthage-retrouveront-la-selecao-le-18-novembre-a-lille\\\/385765\\\/\",\"url\":\"https:\\\/\\\/www.webdo.tn\\\/fr\\\/actualite\\\/sport\\\/tunisie-bresil-les-aigles-de-carthage-retrouveront-la-selecao-le-18-novembre-a-lille\\\/385765\\\/\",\"name\":\"Tunisie - Br\u00e9sil : Les Aigles de Carthage retrouveront la Sele\u00e7\u00e3o le 18 novembre \u00e0 Lille - webdo\",\"isPartOf\":{\"@id\":\"https:\\\/\\\/www.webdo.tn\\\/fr\\\/#website\"},\"primaryImageOfPage\":{\"@id\":\"https:\\\/\\\/www.webdo.tn\\\/fr\\\/actualite\\\/sport\\\/tunisie-bresil-les-aigles-de-carthage-retrouveront-la-selecao-le-18-novembre-a-lille\\\/385765\\\/#primaryimage\"},\"image\":{\"@id\":\"https:\\\/\\\/www.webdo.tn\\\/fr\\\/actualite\\\/sport\\\/tunisie-bresil-les-aigles-de-carthage-retrouveront-la-selecao-le-18-novembre-a-lille\\\/385765\\\/#primaryimage\"},\"thumbnailUrl\":\"https:\\\/\\\/www.webdo.tn\\\/fr\\\/wp-content\\\/uploads\\\/2025\\\/10\\\/TUN-BRE.jpg\",\"datePublished\":\"2025-10-16T13:16:25+00:00\",\"dateModified\":\"2025-10-16T13:18:02+00:00\",\"description\":\"Le 18 novembre, assistez au match amical entre la Tunisie et le Br\u00e9sil \u00e0 Lille. Suivez les Aigles de Carthage dans cette rencontre.\",\"breadcrumb\":{\"@id\":\"https:\\\/\\\/www.webdo.tn\\\/fr\\\/actualite\\\/sport\\\/tunisie-bresil-les-aigles-de-carthage-retrouveront-la-selecao-le-18-novembre-a-lille\\\/385765\\\/#breadcrumb\"},\"inLanguage\":\"fr-FR\",\"potentialAction\":[{\"@type\":\"ReadAction\",\"target\":[\"https:\\\/\\\/www.webdo.tn\\\/fr\\\/actualite\\\/sport\\\/tunisie-bresil-les-aigles-de-carthage-retrouveront-la-selecao-le-18-novembre-a-lille\\\/385765\\\/\"]}]},{\"@type\":\"ImageObject\",\"inLanguage\":\"fr-FR\",\"@id\":\"https:\\\/\\\/www.webdo.tn\\\/fr\\\/actualite\\\/sport\\\/tunisie-bresil-les-aigles-de-carthage-retrouveront-la-selecao-le-18-novembre-a-lille\\\/385765\\\/#primaryimage\",\"url\":\"https:\\\/\\\/www.webdo.tn\\\/fr\\\/wp-content\\\/uploads\\\/2025\\\/10\\\/TUN-BRE.jpg\",\"contentUrl\":\"https:\\\/\\\/www.webdo.tn\\\/fr\\\/wp-content\\\/uploads\\\/2025\\\/10\\\/TUN-BRE.jpg\",\"width\":1000,\"height\":501,\"caption\":\"Tunisie - Br\u00e9sil : Les Aigles de Carthage retrouveront la Sele\u00e7\u00e3o le 18 novembre \u00e0 Lille\"},{\"@type\":\"BreadcrumbList\",\"@id\":\"https:\\\/\\\/www.webdo.tn\\\/fr\\\/actualite\\\/sport\\\/tunisie-bresil-les-aigles-de-carthage-retrouveront-la-selecao-le-18-novembre-a-lille\\\/385765\\\/#breadcrumb\",\"itemListElement\":[{\"@type\":\"ListItem\",\"position\":1,\"name\":\"Accueil\",\"item\":\"https:\\\/\\\/www.webdo.tn\\\/fr\\\/\"},{\"@type\":\"ListItem\",\"position\":2,\"name\":\"Tunisie &#8211; Br\u00e9sil : Les Aigles de Carthage retrouveront la Sele\u00e7\u00e3o le 18 novembre \u00e0 Lille\"}]},{\"@type\":\"WebSite\",\"@id\":\"https:\\\/\\\/www.webdo.tn\\\/fr\\\/#website\",\"url\":\"https:\\\/\\\/www.webdo.tn\\\/fr\\\/\",\"name\":\"webdo\",\"description\":\"Tunisie - News en Tunisie et \u00e0 l&#039;international sur Webdo.tn\",\"publisher\":{\"@id\":\"https:\\\/\\\/www.webdo.tn\\\/fr\\\/#organization\"},\"potentialAction\":[{\"@type\":\"SearchAction\",\"target\":{\"@type\":\"EntryPoint\",\"urlTemplate\":\"https:\\\/\\\/www.webdo.tn\\\/fr\\\/?s={search_term_string}\"},\"query-input\":{\"@type\":\"PropertyValueSpecification\",\"valueRequired\":true,\"valueName\":\"search_term_string\"}}],\"inLanguage\":\"fr-FR\"},{\"@type\":\"Organization\",\"@id\":\"https:\\\/\\\/www.webdo.tn\\\/fr\\\/#organization\",\"name\":\"Webdo\",\"alternateName\":\"Webdo.tn\",\"url\":\"https:\\\/\\\/www.webdo.tn\\\/fr\\\/\",\"logo\":{\"@type\":\"ImageObject\",\"inLanguage\":\"fr-FR\",\"@id\":\"https:\\\/\\\/www.webdo.tn\\\/fr\\\/#\\\/schema\\\/logo\\\/image\\\/\",\"url\":\"https:\\\/\\\/www.webdo.tn\\\/fr\\\/wp-content\\\/uploads\\\/2025\\\/06\\\/Webdo-Tunisie_168377.jpg\",\"contentUrl\":\"https:\\\/\\\/www.webdo.tn\\\/fr\\\/wp-content\\\/uploads\\\/2025\\\/06\\\/Webdo-Tunisie_168377.jpg\",\"width\":301,\"height\":301,\"caption\":\"Webdo\"},\"image\":{\"@id\":\"https:\\\/\\\/www.webdo.tn\\\/fr\\\/#\\\/schema\\\/logo\\\/image\\\/\"},\"sameAs\":[\"https:\\\/\\\/www.facebook.com\\\/webdotn\",\"https:\\\/\\\/x.com\\\/webdo_tn\"],\"description\":\"Webdo est un m\u00e9dia num\u00e9rique tunisien fond\u00e9 en 2010, sp\u00e9cialis\u00e9 dans l\u2019actualit\u00e9 nationale et internationale, l\u2019\u00e9conomie, la soci\u00e9t\u00e9 et les analyses politiques. Le site s\u2019adresse \u00e0 un large public francophone et couvre l\u2019information tunisienne en temps r\u00e9el.\",\"email\":\"redac@webdo.tn\",\"legalName\":\"YNJ SARL\",\"foundingDate\":\"2010-09-06\",\"numberOfEmployees\":{\"@type\":\"QuantitativeValue\",\"minValue\":\"11\",\"maxValue\":\"50\"}},{\"@type\":\"Person\",\"@id\":\"https:\\\/\\\/www.webdo.tn\\\/fr\\\/#\\\/schema\\\/person\\\/c652cd8fc2b1b44412b5ffb48c5a911d\",\"name\":\"Mohamed Hedi Touati\",\"image\":{\"@type\":\"ImageObject\",\"inLanguage\":\"fr-FR\",\"@id\":\"https:\\\/\\\/secure.gravatar.com\\\/avatar\\\/9cfd402c745b7a685f13eed0ea6e59d2144a3c2fc50a3db6fd5ed451f6cddf1a?s=96&d=mm&r=g\",\"url\":\"https:\\\/\\\/secure.gravatar.com\\\/avatar\\\/9cfd402c745b7a685f13eed0ea6e59d2144a3c2fc50a3db6fd5ed451f6cddf1a?s=96&d=mm&r=g\",\"contentUrl\":\"https:\\\/\\\/secure.gravatar.com\\\/avatar\\\/9cfd402c745b7a685f13eed0ea6e59d2144a3c2fc50a3db6fd5ed451f6cddf1a?s=96&d=mm&r=g\",\"caption\":\"Mohamed Hedi Touati\"},\"url\":\"https:\\\/\\\/www.webdo.tn\\\/fr\\\/actualite\\\/author\\\/mohamed-hedi-touati\\\/\"}]}<\/script>\n<!-- \/ Yoast SEO Premium plugin. -->","yoast_head_json":{"title":"Tunisie - Br\u00e9sil : Les Aigles de Carthage retrouveront la Sele\u00e7\u00e3o le 18 novembre \u00e0 Lille - webdo","description":"Le 18 novembre, assistez au match amical entre la Tunisie et le Br\u00e9sil \u00e0 Lille. Suivez les Aigles de Carthage dans cette rencontre.","canonical":"https:\/\/www.webdo.tn\/fr\/actualite\/sport\/tunisie-bresil-les-aigles-de-carthage-retrouveront-la-selecao-le-18-novembre-a-lille\/385765\/","og_locale":"fr_FR","og_type":"article","og_title":"Tunisie - Br\u00e9sil : Les Aigles de Carthage retrouveront la Sele\u00e7\u00e3o le 18 novembre \u00e0 Lille","og_description":"Le 18 novembre, assistez au match amical entre la Tunisie et le Br\u00e9sil \u00e0 Lille. Suivez les Aigles de Carthage dans cette rencontre.","og_url":"https:\/\/www.webdo.tn\/fr\/actualite\/sport\/tunisie-bresil-les-aigles-de-carthage-retrouveront-la-selecao-le-18-novembre-a-lille\/385765\/","og_site_name":"webdo","article_publisher":"https:\/\/www.facebook.com\/webdotn","article_published_time":"2025-10-16T13:16:25+00:00","article_modified_time":"2025-10-16T13:18:02+00:00","og_image":[{"width":1000,"height":501,"url":"https:\/\/www.webdo.tn\/fr\/wp-content\/uploads\/2025\/10\/TUN-BRE.jpg","type":"image\/jpeg"}],"author":"Mohamed Hedi Touati","twitter_card":"summary_large_image","twitter_creator":"@webdo_tn","twitter_site":"@webdo_tn","twitter_misc":{"\u00c9crit par":"Mohamed Hedi Touati","Dur\u00e9e de lecture estim\u00e9e":"1 minute"},"schema":{"@context":"https:\/\/schema.org","@graph":[{"@type":"NewsArticle","@id":"https:\/\/www.webdo.tn\/fr\/actualite\/sport\/tunisie-bresil-les-aigles-de-carthage-retrouveront-la-selecao-le-18-novembre-a-lille\/385765\/#article","isPartOf":{"@id":"https:\/\/www.webdo.tn\/fr\/actualite\/sport\/tunisie-bresil-les-aigles-de-carthage-retrouveront-la-selecao-le-18-novembre-a-lille\/385765\/"},"author":{"name":"Mohamed Hedi Touati","@id":"https:\/\/www.webdo.tn\/fr\/#\/schema\/person\/c652cd8fc2b1b44412b5ffb48c5a911d"},"headline":"Tunisie &#8211; Br\u00e9sil : Les Aigles de Carthage retrouveront la Sele\u00e7\u00e3o le 18 novembre \u00e0 Lille","datePublished":"2025-10-16T13:16:25+00:00","dateModified":"2025-10-16T13:18:02+00:00","mainEntityOfPage":{"@id":"https:\/\/www.webdo.tn\/fr\/actualite\/sport\/tunisie-bresil-les-aigles-de-carthage-retrouveront-la-selecao-le-18-novembre-a-lille\/385765\/"},"wordCount":127,"publisher":{"@id":"https:\/\/www.webdo.tn\/fr\/#organization"},"image":{"@id":"https:\/\/www.webdo.tn\/fr\/actualite\/sport\/tunisie-bresil-les-aigles-de-carthage-retrouveront-la-selecao-le-18-novembre-a-lille\/385765\/#primaryimage"},"thumbnailUrl":"https:\/\/www.webdo.tn\/fr\/wp-content\/uploads\/2025\/10\/TUN-BRE.jpg","keywords":["amical","Br\u00e9sil","football","lille","Tunisie"],"articleSection":["Sport"],"inLanguage":"fr-FR"},{"@type":"WebPage","@id":"https:\/\/www.webdo.tn\/fr\/actualite\/sport\/tunisie-bresil-les-aigles-de-carthage-retrouveront-la-selecao-le-18-novembre-a-lille\/385765\/","url":"https:\/\/www.webdo.tn\/fr\/actualite\/sport\/tunisie-bresil-les-aigles-de-carthage-retrouveront-la-selecao-le-18-novembre-a-lille\/385765\/","name":"Tunisie - Br\u00e9sil : Les Aigles de Carthage retrouveront la Sele\u00e7\u00e3o le 18 novembre \u00e0 Lille - webdo","isPartOf":{"@id":"https:\/\/www.webdo.tn\/fr\/#website"},"primaryImageOfPage":{"@id":"https:\/\/www.webdo.tn\/fr\/actualite\/sport\/tunisie-bresil-les-aigles-de-carthage-retrouveront-la-selecao-le-18-novembre-a-lille\/385765\/#primaryimage"},"image":{"@id":"https:\/\/www.webdo.tn\/fr\/actualite\/sport\/tunisie-bresil-les-aigles-de-carthage-retrouveront-la-selecao-le-18-novembre-a-lille\/385765\/#primaryimage"},"thumbnailUrl":"https:\/\/www.webdo.tn\/fr\/wp-content\/uploads\/2025\/10\/TUN-BRE.jpg","datePublished":"2025-10-16T13:16:25+00:00","dateModified":"2025-10-16T13:18:02+00:00","description":"Le 18 novembre, assistez au match amical entre la Tunisie et le Br\u00e9sil \u00e0 Lille. Suivez les Aigles de Carthage dans cette rencontre.","breadcrumb":{"@id":"https:\/\/www.webdo.tn\/fr\/actualite\/sport\/tunisie-bresil-les-aigles-de-carthage-retrouveront-la-selecao-le-18-novembre-a-lille\/385765\/#breadcrumb"},"inLanguage":"fr-FR","potentialAction":[{"@type":"ReadAction","target":["https:\/\/www.webdo.tn\/fr\/actualite\/sport\/tunisie-bresil-les-aigles-de-carthage-retrouveront-la-selecao-le-18-novembre-a-lille\/385765\/"]}]},{"@type":"ImageObject","inLanguage":"fr-FR","@id":"https:\/\/www.webdo.tn\/fr\/actualite\/sport\/tunisie-bresil-les-aigles-de-carthage-retrouveront-la-selecao-le-18-novembre-a-lille\/385765\/#primaryimage","url":"https:\/\/www.webdo.tn\/fr\/wp-content\/uploads\/2025\/10\/TUN-BRE.jpg","contentUrl":"https:\/\/www.webdo.tn\/fr\/wp-content\/uploads\/2025\/10\/TUN-BRE.jpg","width":1000,"height":501,"caption":"Tunisie - Br\u00e9sil : Les Aigles de Carthage retrouveront la Sele\u00e7\u00e3o le 18 novembre \u00e0 Lille"},{"@type":"BreadcrumbList","@id":"https:\/\/www.webdo.tn\/fr\/actualite\/sport\/tunisie-bresil-les-aigles-de-carthage-retrouveront-la-selecao-le-18-novembre-a-lille\/385765\/#breadcrumb","itemListElement":[{"@type":"ListItem","position":1,"name":"Accueil","item":"https:\/\/www.webdo.tn\/fr\/"},{"@type":"ListItem","position":2,"name":"Tunisie &#8211; Br\u00e9sil : Les Aigles de Carthage retrouveront la Sele\u00e7\u00e3o le 18 novembre \u00e0 Lille"}]},{"@type":"WebSite","@id":"https:\/\/www.webdo.tn\/fr\/#website","url":"https:\/\/www.webdo.tn\/fr\/","name":"webdo","description":"Tunisie - News en Tunisie et \u00e0 l&#039;international sur Webdo.tn","publisher":{"@id":"https:\/\/www.webdo.tn\/fr\/#organization"},"potentialAction":[{"@type":"SearchAction","target":{"@type":"EntryPoint","urlTemplate":"https:\/\/www.webdo.tn\/fr\/?s={search_term_string}"},"query-input":{"@type":"PropertyValueSpecification","valueRequired":true,"valueName":"search_term_string"}}],"inLanguage":"fr-FR"},{"@type":"Organization","@id":"https:\/\/www.webdo.tn\/fr\/#organization","name":"Webdo","alternateName":"Webdo.tn","url":"https:\/\/www.webdo.tn\/fr\/","logo":{"@type":"ImageObject","inLanguage":"fr-FR","@id":"https:\/\/www.webdo.tn\/fr\/#\/schema\/logo\/image\/","url":"https:\/\/www.webdo.tn\/fr\/wp-content\/uploads\/2025\/06\/Webdo-Tunisie_168377.jpg","contentUrl":"https:\/\/www.webdo.tn\/fr\/wp-content\/uploads\/2025\/06\/Webdo-Tunisie_168377.jpg","width":301,"height":301,"caption":"Webdo"},"image":{"@id":"https:\/\/www.webdo.tn\/fr\/#\/schema\/logo\/image\/"},"sameAs":["https:\/\/www.facebook.com\/webdotn","https:\/\/x.com\/webdo_tn"],"description":"Webdo est un m\u00e9dia num\u00e9rique tunisien fond\u00e9 en 2010, sp\u00e9cialis\u00e9 dans l\u2019actualit\u00e9 nationale et internationale, l\u2019\u00e9conomie, la soci\u00e9t\u00e9 et les analyses politiques. Le site s\u2019adresse \u00e0 un large public francophone et couvre l\u2019information tunisienne en temps r\u00e9el.","email":"redac@webdo.tn","legalName":"YNJ SARL","foundingDate":"2010-09-06","numberOfEmployees":{"@type":"QuantitativeValue","minValue":"11","maxValue":"50"}},{"@type":"Person","@id":"https:\/\/www.webdo.tn\/fr\/#\/schema\/person\/c652cd8fc2b1b44412b5ffb48c5a911d","name":"Mohamed Hedi Touati","image":{"@type":"ImageObject","inLanguage":"fr-FR","@id":"https:\/\/secure.gravatar.com\/avatar\/9cfd402c745b7a685f13eed0ea6e59d2144a3c2fc50a3db6fd5ed451f6cddf1a?s=96&d=mm&r=g","url":"https:\/\/secure.gravatar.com\/avatar\/9cfd402c745b7a685f13eed0ea6e59d2144a3c2fc50a3db6fd5ed451f6cddf1a?s=96&d=mm&r=g","contentUrl":"https:\/\/secure.gravatar.com\/avatar\/9cfd402c745b7a685f13eed0ea6e59d2144a3c2fc50a3db6fd5ed451f6cddf1a?s=96&d=mm&r=g","caption":"Mohamed Hedi Touati"},"url":"https:\/\/www.webdo.tn\/fr\/actualite\/author\/mohamed-hedi-touati\/"}]}},"_links":{"self":[{"href":"https:\/\/www.webdo.tn\/fr\/wp-json\/wp\/v2\/posts\/385765","targetHints":{"allow":["GET"]}}],"collection":[{"href":"https:\/\/www.webdo.tn\/fr\/wp-json\/wp\/v2\/posts"}],"about":[{"href":"https:\/\/www.webdo.tn\/fr\/wp-json\/wp\/v2\/types\/post"}],"author":[{"embeddable":true,"href":"https:\/\/www.webdo.tn\/fr\/wp-json\/wp\/v2\/users\/3191"}],"replies":[{"embeddable":true,"href":"https:\/\/www.webdo.tn\/fr\/wp-json\/wp\/v2\/comments?post=385765"}],"version-history":[{"count":0,"href":"https:\/\/www.webdo.tn\/fr\/wp-json\/wp\/v2\/posts\/385765\/revisions"}],"wp:featuredmedia":[{"embeddable":true,"href":"https:\/\/www.webdo.tn\/fr\/wp-json\/wp\/v2\/media\/385766"}],"wp:attachment":[{"href":"https:\/\/www.webdo.tn\/fr\/wp-json\/wp\/v2\/media?parent=385765"}],"wp:term":[{"taxonomy":"category","embeddable":true,"href":"https:\/\/www.webdo.tn\/fr\/wp-json\/wp\/v2\/categories?post=385765"},{"taxonomy":"post_tag","embeddable":true,"href":"https:\/\/www.webdo.tn\/fr\/wp-json\/wp\/v2\/tags?post=385765"}],"curies":[{"name":"wp","href":"https:\/\/api.w.org\/{rel}","templated":true}]}}