{"id":385664,"date":"2025-10-14T18:20:09","date_gmt":"2025-10-14T17:20:09","guid":{"rendered":"https:\/\/www.webdo.tn\/fr\/?p=385664"},"modified":"2025-10-15T09:52:10","modified_gmt":"2025-10-15T08:52:10","slug":"saied-accorde-une-grace-presidentielle-a-plus-de-mille-detenus","status":"publish","type":"post","link":"https:\/\/www.webdo.tn\/fr\/actualite\/national\/saied-accorde-une-grace-presidentielle-a-plus-de-mille-detenus\/385664\/","title":{"rendered":"Sa\u00efed accorde une gr\u00e2ce pr\u00e9sidentielle \u00e0 plus de mille d\u00e9tenus"},"content":{"rendered":"\n<p><\/p>\n\n\n\n<p>\u00c0 l\u2019occasion du 62\u1d49 anniversaire de la F\u00eate de l\u2019\u00c9vacuation, le pr\u00e9sident de la R\u00e9publique, Ka\u00efs Sa\u00efed, a sign\u00e9 un d\u00e9cret de gr\u00e2ce pr\u00e9sidentielle touchant un total de <strong>1125 d\u00e9tenus<\/strong>. Cette d\u00e9cision, traditionnellement prise lors des grandes f\u00eates nationales, a conduit \u00e0 la <strong>lib\u00e9ration imm\u00e9diate de 364 prisonniers<\/strong>.<\/p>\n\n\n\n<p>Selon le communiqu\u00e9 de la Pr\u00e9sidence de la R\u00e9publique publi\u00e9 ce mardi, <strong>1035 autres d\u00e9tenus<\/strong> b\u00e9n\u00e9ficieront quant \u00e0 eux d\u2019un <strong>r\u00e9gime de lib\u00e9ration conditionnelle<\/strong>, sous r\u00e9serve du respect des conditions l\u00e9gales et du suivi judiciaire requis.<\/p>\n\n\n\n<p>Ce geste s\u2019inscrit dans le cadre des mesures de cl\u00e9mence que l\u2019\u00c9tat peut accorder \u00e0 l\u2019occasion des c\u00e9l\u00e9brations nationales, notamment le 15 octobre, date symbolique marquant le d\u00e9part des derni\u00e8res forces coloniales fran\u00e7aises de Bizerte en 1963.<\/p>\n\n\n\n<p>Aucune pr\u00e9cision n\u2019a \u00e9t\u00e9 donn\u00e9e sur les crit\u00e8res retenus pour cette gr\u00e2ce, mais celle-ci intervient dans un contexte marqu\u00e9 par des appels d\u2019organisations de la soci\u00e9t\u00e9 civile \u00e0 am\u00e9liorer les conditions carc\u00e9rales et \u00e0 encourager les m\u00e9canismes de r\u00e9insertion des d\u00e9tenus.<\/p>\n\n\n\n<p><\/p>\n\n\n\n<p><strong>Lire aussi <\/strong>: <a href=\"https:\/\/www.webdo.tn\/fr\/actualite\/national\/la-ltdh-denonce-des-depassements-dangereux-dans-les-prisons-tunisiennes\/381024\/\">La LTDH d\u00e9nonce des \u00ab\u00a0d\u00e9passements dangereux\u00a0\u00bb dans les prisons tunisiennes<\/a><br><\/p>\n","protected":false},"excerpt":{"rendered":"<p>\u00c0 l\u2019occasion du 62\u1d49 anniversaire de la F\u00eate de l\u2019\u00c9vacuation, le pr\u00e9sident de la R\u00e9publique, Ka\u00efs Sa\u00efed, a sign\u00e9 un d\u00e9cret de gr\u00e2ce pr\u00e9sidentielle touchant un total de 1125 d\u00e9tenus. Cette d\u00e9cision, traditionnellement prise lors des grandes f\u00eates nationales, a conduit \u00e0 la lib\u00e9ration imm\u00e9diate de 364 prisonniers. Selon le communiqu\u00e9 de la Pr\u00e9sidence de [&hellip;]<\/p>\n","protected":false},"author":3184,"featured_media":384177,"comment_status":"closed","ping_status":"closed","sticky":false,"template":"","format":"standard","meta":{"footnotes":""},"categories":[44],"tags":[3583,2614,2608],"class_list":["post-385664","post","type-post","status-publish","format-standard","has-post-thumbnail","hentry","category-national","tag-grace-presidentielle","tag-kais-saied","tag-tunisie"],"yoast_head":"<!-- This site is optimized with the Yoast SEO Premium plugin v27.4 (Yoast SEO v27.5) - https:\/\/yoast.com\/product\/yoast-seo-premium-wordpress\/ -->\n<title>Sa\u00efed accorde une gr\u00e2ce pr\u00e9sidentielle \u00e0 plus de mille d\u00e9tenus - webdo<\/title>\n<meta name=\"description\" content=\"Sa\u00efed accorde une gr\u00e2ce pr\u00e9sidentielle \u00e0 plus de mille d\u00e9tenus lors de la F\u00eate de l\u2019\u00c9vacuation. D\u00e9couvrez les d\u00e9tails.\" \/>\n<link rel=\"canonical\" href=\"https:\/\/www.webdo.tn\/fr\/actualite\/national\/saied-accorde-une-grace-presidentielle-a-plus-de-mille-detenus\/385664\/\" \/>\n<meta property=\"og:locale\" content=\"fr_FR\" \/>\n<meta property=\"og:type\" content=\"article\" \/>\n<meta property=\"og:title\" content=\"Sa\u00efed accorde une gr\u00e2ce pr\u00e9sidentielle \u00e0 plus de mille d\u00e9tenus\" \/>\n<meta property=\"og:description\" content=\"Sa\u00efed accorde une gr\u00e2ce pr\u00e9sidentielle \u00e0 plus de mille d\u00e9tenus lors de la F\u00eate de l\u2019\u00c9vacuation. D\u00e9couvrez les d\u00e9tails.\" \/>\n<meta property=\"og:url\" content=\"https:\/\/www.webdo.tn\/fr\/actualite\/national\/saied-accorde-une-grace-presidentielle-a-plus-de-mille-detenus\/385664\/\" \/>\n<meta property=\"og:site_name\" content=\"webdo\" \/>\n<meta property=\"article:publisher\" content=\"https:\/\/www.facebook.com\/webdotn\" \/>\n<meta property=\"article:published_time\" content=\"2025-10-14T17:20:09+00:00\" \/>\n<meta property=\"article:modified_time\" content=\"2025-10-15T08:52:10+00:00\" \/>\n<meta property=\"og:image\" content=\"https:\/\/www.webdo.tn\/fr\/wp-content\/uploads\/2025\/09\/prison-1.jpg\" \/>\n\t<meta property=\"og:image:width\" content=\"1200\" \/>\n\t<meta property=\"og:image:height\" content=\"604\" \/>\n\t<meta property=\"og:image:type\" content=\"image\/jpeg\" \/>\n<meta name=\"author\" content=\"Wided Belhaj\" \/>\n<meta name=\"twitter:card\" content=\"summary_large_image\" \/>\n<meta name=\"twitter:creator\" content=\"@webdo_tn\" \/>\n<meta name=\"twitter:site\" content=\"@webdo_tn\" \/>\n<meta name=\"twitter:label1\" content=\"\u00c9crit par\" \/>\n\t<meta name=\"twitter:data1\" content=\"Wided Belhaj\" \/>\n\t<meta name=\"twitter:label2\" content=\"Dur\u00e9e de lecture estim\u00e9e\" \/>\n\t<meta name=\"twitter:data2\" content=\"2 minutes\" \/>\n<script type=\"application\/ld+json\" class=\"yoast-schema-graph\">{\"@context\":\"https:\\\/\\\/schema.org\",\"@graph\":[{\"@type\":\"NewsArticle\",\"@id\":\"https:\\\/\\\/www.webdo.tn\\\/fr\\\/actualite\\\/national\\\/saied-accorde-une-grace-presidentielle-a-plus-de-mille-detenus\\\/385664\\\/#article\",\"isPartOf\":{\"@id\":\"https:\\\/\\\/www.webdo.tn\\\/fr\\\/actualite\\\/national\\\/saied-accorde-une-grace-presidentielle-a-plus-de-mille-detenus\\\/385664\\\/\"},\"author\":{\"name\":\"Wided Belhaj\",\"@id\":\"https:\\\/\\\/www.webdo.tn\\\/fr\\\/#\\\/schema\\\/person\\\/b9ecde7a5574cb4fcf4b496ea5fadb15\"},\"headline\":\"Sa\u00efed accorde une gr\u00e2ce pr\u00e9sidentielle \u00e0 plus de mille d\u00e9tenus\",\"datePublished\":\"2025-10-14T17:20:09+00:00\",\"dateModified\":\"2025-10-15T08:52:10+00:00\",\"mainEntityOfPage\":{\"@id\":\"https:\\\/\\\/www.webdo.tn\\\/fr\\\/actualite\\\/national\\\/saied-accorde-une-grace-presidentielle-a-plus-de-mille-detenus\\\/385664\\\/\"},\"wordCount\":223,\"publisher\":{\"@id\":\"https:\\\/\\\/www.webdo.tn\\\/fr\\\/#organization\"},\"image\":{\"@id\":\"https:\\\/\\\/www.webdo.tn\\\/fr\\\/actualite\\\/national\\\/saied-accorde-une-grace-presidentielle-a-plus-de-mille-detenus\\\/385664\\\/#primaryimage\"},\"thumbnailUrl\":\"https:\\\/\\\/www.webdo.tn\\\/fr\\\/wp-content\\\/uploads\\\/2025\\\/09\\\/prison-1.jpg\",\"keywords\":[\"gr\u00e2ce pr\u00e9sidentielle\",\"Kais Saied\",\"Tunisie\"],\"articleSection\":[\"National\"],\"inLanguage\":\"fr-FR\"},{\"@type\":\"WebPage\",\"@id\":\"https:\\\/\\\/www.webdo.tn\\\/fr\\\/actualite\\\/national\\\/saied-accorde-une-grace-presidentielle-a-plus-de-mille-detenus\\\/385664\\\/\",\"url\":\"https:\\\/\\\/www.webdo.tn\\\/fr\\\/actualite\\\/national\\\/saied-accorde-une-grace-presidentielle-a-plus-de-mille-detenus\\\/385664\\\/\",\"name\":\"Sa\u00efed accorde une gr\u00e2ce pr\u00e9sidentielle \u00e0 plus de mille d\u00e9tenus - webdo\",\"isPartOf\":{\"@id\":\"https:\\\/\\\/www.webdo.tn\\\/fr\\\/#website\"},\"primaryImageOfPage\":{\"@id\":\"https:\\\/\\\/www.webdo.tn\\\/fr\\\/actualite\\\/national\\\/saied-accorde-une-grace-presidentielle-a-plus-de-mille-detenus\\\/385664\\\/#primaryimage\"},\"image\":{\"@id\":\"https:\\\/\\\/www.webdo.tn\\\/fr\\\/actualite\\\/national\\\/saied-accorde-une-grace-presidentielle-a-plus-de-mille-detenus\\\/385664\\\/#primaryimage\"},\"thumbnailUrl\":\"https:\\\/\\\/www.webdo.tn\\\/fr\\\/wp-content\\\/uploads\\\/2025\\\/09\\\/prison-1.jpg\",\"datePublished\":\"2025-10-14T17:20:09+00:00\",\"dateModified\":\"2025-10-15T08:52:10+00:00\",\"description\":\"Sa\u00efed accorde une gr\u00e2ce pr\u00e9sidentielle \u00e0 plus de mille d\u00e9tenus lors de la F\u00eate de l\u2019\u00c9vacuation. D\u00e9couvrez les d\u00e9tails.\",\"breadcrumb\":{\"@id\":\"https:\\\/\\\/www.webdo.tn\\\/fr\\\/actualite\\\/national\\\/saied-accorde-une-grace-presidentielle-a-plus-de-mille-detenus\\\/385664\\\/#breadcrumb\"},\"inLanguage\":\"fr-FR\",\"potentialAction\":[{\"@type\":\"ReadAction\",\"target\":[\"https:\\\/\\\/www.webdo.tn\\\/fr\\\/actualite\\\/national\\\/saied-accorde-une-grace-presidentielle-a-plus-de-mille-detenus\\\/385664\\\/\"]}]},{\"@type\":\"ImageObject\",\"inLanguage\":\"fr-FR\",\"@id\":\"https:\\\/\\\/www.webdo.tn\\\/fr\\\/actualite\\\/national\\\/saied-accorde-une-grace-presidentielle-a-plus-de-mille-detenus\\\/385664\\\/#primaryimage\",\"url\":\"https:\\\/\\\/www.webdo.tn\\\/fr\\\/wp-content\\\/uploads\\\/2025\\\/09\\\/prison-1.jpg\",\"contentUrl\":\"https:\\\/\\\/www.webdo.tn\\\/fr\\\/wp-content\\\/uploads\\\/2025\\\/09\\\/prison-1.jpg\",\"width\":1200,\"height\":604,\"caption\":\"Mahdia : Neuf personnes plac\u00e9es en garde \u00e0 vue dans une affaire de fouilles arch\u00e9ologiques\"},{\"@type\":\"BreadcrumbList\",\"@id\":\"https:\\\/\\\/www.webdo.tn\\\/fr\\\/actualite\\\/national\\\/saied-accorde-une-grace-presidentielle-a-plus-de-mille-detenus\\\/385664\\\/#breadcrumb\",\"itemListElement\":[{\"@type\":\"ListItem\",\"position\":1,\"name\":\"Accueil\",\"item\":\"https:\\\/\\\/www.webdo.tn\\\/fr\\\/\"},{\"@type\":\"ListItem\",\"position\":2,\"name\":\"Sa\u00efed accorde une gr\u00e2ce pr\u00e9sidentielle \u00e0 plus de mille d\u00e9tenus\"}]},{\"@type\":\"WebSite\",\"@id\":\"https:\\\/\\\/www.webdo.tn\\\/fr\\\/#website\",\"url\":\"https:\\\/\\\/www.webdo.tn\\\/fr\\\/\",\"name\":\"webdo\",\"description\":\"Tunisie - News en Tunisie et \u00e0 l&#039;international sur Webdo.tn\",\"publisher\":{\"@id\":\"https:\\\/\\\/www.webdo.tn\\\/fr\\\/#organization\"},\"potentialAction\":[{\"@type\":\"SearchAction\",\"target\":{\"@type\":\"EntryPoint\",\"urlTemplate\":\"https:\\\/\\\/www.webdo.tn\\\/fr\\\/?s={search_term_string}\"},\"query-input\":{\"@type\":\"PropertyValueSpecification\",\"valueRequired\":true,\"valueName\":\"search_term_string\"}}],\"inLanguage\":\"fr-FR\"},{\"@type\":\"Organization\",\"@id\":\"https:\\\/\\\/www.webdo.tn\\\/fr\\\/#organization\",\"name\":\"Webdo\",\"alternateName\":\"Webdo.tn\",\"url\":\"https:\\\/\\\/www.webdo.tn\\\/fr\\\/\",\"logo\":{\"@type\":\"ImageObject\",\"inLanguage\":\"fr-FR\",\"@id\":\"https:\\\/\\\/www.webdo.tn\\\/fr\\\/#\\\/schema\\\/logo\\\/image\\\/\",\"url\":\"https:\\\/\\\/www.webdo.tn\\\/fr\\\/wp-content\\\/uploads\\\/2025\\\/06\\\/Webdo-Tunisie_168377.jpg\",\"contentUrl\":\"https:\\\/\\\/www.webdo.tn\\\/fr\\\/wp-content\\\/uploads\\\/2025\\\/06\\\/Webdo-Tunisie_168377.jpg\",\"width\":301,\"height\":301,\"caption\":\"Webdo\"},\"image\":{\"@id\":\"https:\\\/\\\/www.webdo.tn\\\/fr\\\/#\\\/schema\\\/logo\\\/image\\\/\"},\"sameAs\":[\"https:\\\/\\\/www.facebook.com\\\/webdotn\",\"https:\\\/\\\/x.com\\\/webdo_tn\"],\"description\":\"Webdo est un m\u00e9dia num\u00e9rique tunisien fond\u00e9 en 2010, sp\u00e9cialis\u00e9 dans l\u2019actualit\u00e9 nationale et internationale, l\u2019\u00e9conomie, la soci\u00e9t\u00e9 et les analyses politiques. Le site s\u2019adresse \u00e0 un large public francophone et couvre l\u2019information tunisienne en temps r\u00e9el.\",\"email\":\"redac@webdo.tn\",\"legalName\":\"YNJ SARL\",\"foundingDate\":\"2010-09-06\",\"numberOfEmployees\":{\"@type\":\"QuantitativeValue\",\"minValue\":\"11\",\"maxValue\":\"50\"}},{\"@type\":\"Person\",\"@id\":\"https:\\\/\\\/www.webdo.tn\\\/fr\\\/#\\\/schema\\\/person\\\/b9ecde7a5574cb4fcf4b496ea5fadb15\",\"name\":\"Wided Belhaj\",\"image\":{\"@type\":\"ImageObject\",\"inLanguage\":\"fr-FR\",\"@id\":\"https:\\\/\\\/www.webdo.tn\\\/fr\\\/wp-content\\\/uploads\\\/2026\\\/04\\\/wided-belhaj_avatar-96x96.jpg\",\"url\":\"https:\\\/\\\/www.webdo.tn\\\/fr\\\/wp-content\\\/uploads\\\/2026\\\/04\\\/wided-belhaj_avatar-96x96.jpg\",\"contentUrl\":\"https:\\\/\\\/www.webdo.tn\\\/fr\\\/wp-content\\\/uploads\\\/2026\\\/04\\\/wided-belhaj_avatar-96x96.jpg\",\"caption\":\"Wided Belhaj\"},\"description\":\"Wided Belhaj est le pseudonyme \u00e9ditorial utilis\u00e9 par Khalil Jelassi, journaliste, ma\u00eetre-assistant \u00e0 l\u2019Institut de presse et des sciences de l\u2019information (IPSI) et chercheur en sciences de l\u2019information et de la communication. Cette signature est d\u00e9di\u00e9e \u00e0 l\u2019analyse des m\u00e9dias, des pratiques journalistiques et des mutations de l\u2019information \u00e0 l\u2019\u00e8re digitale. \u00c0 travers ses contributions, Wided Belhaj propose une lecture analytique de l\u2019actualit\u00e9, en croisant regard critique et expertise acad\u00e9mique.\",\"knowsAbout\":[\"m\u00e9dias\",\"journalisme\",\"communication\",\"information\",\"transformation num\u00e9rique\",\"analyse des m\u00e9dias\"],\"knowsLanguage\":[\"Fran\u00e7ais\",\"Arabe\"],\"jobTitle\":\"Webdo.tn\",\"worksFor\":\"Journaliste \u2013 Analyse des m\u00e9dias\",\"url\":\"https:\\\/\\\/www.webdo.tn\\\/fr\\\/actualite\\\/author\\\/wided-belhaj\\\/\"}]}<\/script>\n<!-- \/ Yoast SEO Premium plugin. -->","yoast_head_json":{"title":"Sa\u00efed accorde une gr\u00e2ce pr\u00e9sidentielle \u00e0 plus de mille d\u00e9tenus - webdo","description":"Sa\u00efed accorde une gr\u00e2ce pr\u00e9sidentielle \u00e0 plus de mille d\u00e9tenus lors de la F\u00eate de l\u2019\u00c9vacuation. D\u00e9couvrez les d\u00e9tails.","canonical":"https:\/\/www.webdo.tn\/fr\/actualite\/national\/saied-accorde-une-grace-presidentielle-a-plus-de-mille-detenus\/385664\/","og_locale":"fr_FR","og_type":"article","og_title":"Sa\u00efed accorde une gr\u00e2ce pr\u00e9sidentielle \u00e0 plus de mille d\u00e9tenus","og_description":"Sa\u00efed accorde une gr\u00e2ce pr\u00e9sidentielle \u00e0 plus de mille d\u00e9tenus lors de la F\u00eate de l\u2019\u00c9vacuation. D\u00e9couvrez les d\u00e9tails.","og_url":"https:\/\/www.webdo.tn\/fr\/actualite\/national\/saied-accorde-une-grace-presidentielle-a-plus-de-mille-detenus\/385664\/","og_site_name":"webdo","article_publisher":"https:\/\/www.facebook.com\/webdotn","article_published_time":"2025-10-14T17:20:09+00:00","article_modified_time":"2025-10-15T08:52:10+00:00","og_image":[{"width":1200,"height":604,"url":"https:\/\/www.webdo.tn\/fr\/wp-content\/uploads\/2025\/09\/prison-1.jpg","type":"image\/jpeg"}],"author":"Wided Belhaj","twitter_card":"summary_large_image","twitter_creator":"@webdo_tn","twitter_site":"@webdo_tn","twitter_misc":{"\u00c9crit par":"Wided Belhaj","Dur\u00e9e de lecture estim\u00e9e":"2 minutes"},"schema":{"@context":"https:\/\/schema.org","@graph":[{"@type":"NewsArticle","@id":"https:\/\/www.webdo.tn\/fr\/actualite\/national\/saied-accorde-une-grace-presidentielle-a-plus-de-mille-detenus\/385664\/#article","isPartOf":{"@id":"https:\/\/www.webdo.tn\/fr\/actualite\/national\/saied-accorde-une-grace-presidentielle-a-plus-de-mille-detenus\/385664\/"},"author":{"name":"Wided Belhaj","@id":"https:\/\/www.webdo.tn\/fr\/#\/schema\/person\/b9ecde7a5574cb4fcf4b496ea5fadb15"},"headline":"Sa\u00efed accorde une gr\u00e2ce pr\u00e9sidentielle \u00e0 plus de mille d\u00e9tenus","datePublished":"2025-10-14T17:20:09+00:00","dateModified":"2025-10-15T08:52:10+00:00","mainEntityOfPage":{"@id":"https:\/\/www.webdo.tn\/fr\/actualite\/national\/saied-accorde-une-grace-presidentielle-a-plus-de-mille-detenus\/385664\/"},"wordCount":223,"publisher":{"@id":"https:\/\/www.webdo.tn\/fr\/#organization"},"image":{"@id":"https:\/\/www.webdo.tn\/fr\/actualite\/national\/saied-accorde-une-grace-presidentielle-a-plus-de-mille-detenus\/385664\/#primaryimage"},"thumbnailUrl":"https:\/\/www.webdo.tn\/fr\/wp-content\/uploads\/2025\/09\/prison-1.jpg","keywords":["gr\u00e2ce pr\u00e9sidentielle","Kais Saied","Tunisie"],"articleSection":["National"],"inLanguage":"fr-FR"},{"@type":"WebPage","@id":"https:\/\/www.webdo.tn\/fr\/actualite\/national\/saied-accorde-une-grace-presidentielle-a-plus-de-mille-detenus\/385664\/","url":"https:\/\/www.webdo.tn\/fr\/actualite\/national\/saied-accorde-une-grace-presidentielle-a-plus-de-mille-detenus\/385664\/","name":"Sa\u00efed accorde une gr\u00e2ce pr\u00e9sidentielle \u00e0 plus de mille d\u00e9tenus - webdo","isPartOf":{"@id":"https:\/\/www.webdo.tn\/fr\/#website"},"primaryImageOfPage":{"@id":"https:\/\/www.webdo.tn\/fr\/actualite\/national\/saied-accorde-une-grace-presidentielle-a-plus-de-mille-detenus\/385664\/#primaryimage"},"image":{"@id":"https:\/\/www.webdo.tn\/fr\/actualite\/national\/saied-accorde-une-grace-presidentielle-a-plus-de-mille-detenus\/385664\/#primaryimage"},"thumbnailUrl":"https:\/\/www.webdo.tn\/fr\/wp-content\/uploads\/2025\/09\/prison-1.jpg","datePublished":"2025-10-14T17:20:09+00:00","dateModified":"2025-10-15T08:52:10+00:00","description":"Sa\u00efed accorde une gr\u00e2ce pr\u00e9sidentielle \u00e0 plus de mille d\u00e9tenus lors de la F\u00eate de l\u2019\u00c9vacuation. D\u00e9couvrez les d\u00e9tails.","breadcrumb":{"@id":"https:\/\/www.webdo.tn\/fr\/actualite\/national\/saied-accorde-une-grace-presidentielle-a-plus-de-mille-detenus\/385664\/#breadcrumb"},"inLanguage":"fr-FR","potentialAction":[{"@type":"ReadAction","target":["https:\/\/www.webdo.tn\/fr\/actualite\/national\/saied-accorde-une-grace-presidentielle-a-plus-de-mille-detenus\/385664\/"]}]},{"@type":"ImageObject","inLanguage":"fr-FR","@id":"https:\/\/www.webdo.tn\/fr\/actualite\/national\/saied-accorde-une-grace-presidentielle-a-plus-de-mille-detenus\/385664\/#primaryimage","url":"https:\/\/www.webdo.tn\/fr\/wp-content\/uploads\/2025\/09\/prison-1.jpg","contentUrl":"https:\/\/www.webdo.tn\/fr\/wp-content\/uploads\/2025\/09\/prison-1.jpg","width":1200,"height":604,"caption":"Mahdia : Neuf personnes plac\u00e9es en garde \u00e0 vue dans une affaire de fouilles arch\u00e9ologiques"},{"@type":"BreadcrumbList","@id":"https:\/\/www.webdo.tn\/fr\/actualite\/national\/saied-accorde-une-grace-presidentielle-a-plus-de-mille-detenus\/385664\/#breadcrumb","itemListElement":[{"@type":"ListItem","position":1,"name":"Accueil","item":"https:\/\/www.webdo.tn\/fr\/"},{"@type":"ListItem","position":2,"name":"Sa\u00efed accorde une gr\u00e2ce pr\u00e9sidentielle \u00e0 plus de mille d\u00e9tenus"}]},{"@type":"WebSite","@id":"https:\/\/www.webdo.tn\/fr\/#website","url":"https:\/\/www.webdo.tn\/fr\/","name":"webdo","description":"Tunisie - News en Tunisie et \u00e0 l&#039;international sur Webdo.tn","publisher":{"@id":"https:\/\/www.webdo.tn\/fr\/#organization"},"potentialAction":[{"@type":"SearchAction","target":{"@type":"EntryPoint","urlTemplate":"https:\/\/www.webdo.tn\/fr\/?s={search_term_string}"},"query-input":{"@type":"PropertyValueSpecification","valueRequired":true,"valueName":"search_term_string"}}],"inLanguage":"fr-FR"},{"@type":"Organization","@id":"https:\/\/www.webdo.tn\/fr\/#organization","name":"Webdo","alternateName":"Webdo.tn","url":"https:\/\/www.webdo.tn\/fr\/","logo":{"@type":"ImageObject","inLanguage":"fr-FR","@id":"https:\/\/www.webdo.tn\/fr\/#\/schema\/logo\/image\/","url":"https:\/\/www.webdo.tn\/fr\/wp-content\/uploads\/2025\/06\/Webdo-Tunisie_168377.jpg","contentUrl":"https:\/\/www.webdo.tn\/fr\/wp-content\/uploads\/2025\/06\/Webdo-Tunisie_168377.jpg","width":301,"height":301,"caption":"Webdo"},"image":{"@id":"https:\/\/www.webdo.tn\/fr\/#\/schema\/logo\/image\/"},"sameAs":["https:\/\/www.facebook.com\/webdotn","https:\/\/x.com\/webdo_tn"],"description":"Webdo est un m\u00e9dia num\u00e9rique tunisien fond\u00e9 en 2010, sp\u00e9cialis\u00e9 dans l\u2019actualit\u00e9 nationale et internationale, l\u2019\u00e9conomie, la soci\u00e9t\u00e9 et les analyses politiques. Le site s\u2019adresse \u00e0 un large public francophone et couvre l\u2019information tunisienne en temps r\u00e9el.","email":"redac@webdo.tn","legalName":"YNJ SARL","foundingDate":"2010-09-06","numberOfEmployees":{"@type":"QuantitativeValue","minValue":"11","maxValue":"50"}},{"@type":"Person","@id":"https:\/\/www.webdo.tn\/fr\/#\/schema\/person\/b9ecde7a5574cb4fcf4b496ea5fadb15","name":"Wided Belhaj","image":{"@type":"ImageObject","inLanguage":"fr-FR","@id":"https:\/\/www.webdo.tn\/fr\/wp-content\/uploads\/2026\/04\/wided-belhaj_avatar-96x96.jpg","url":"https:\/\/www.webdo.tn\/fr\/wp-content\/uploads\/2026\/04\/wided-belhaj_avatar-96x96.jpg","contentUrl":"https:\/\/www.webdo.tn\/fr\/wp-content\/uploads\/2026\/04\/wided-belhaj_avatar-96x96.jpg","caption":"Wided Belhaj"},"description":"Wided Belhaj est le pseudonyme \u00e9ditorial utilis\u00e9 par Khalil Jelassi, journaliste, ma\u00eetre-assistant \u00e0 l\u2019Institut de presse et des sciences de l\u2019information (IPSI) et chercheur en sciences de l\u2019information et de la communication. Cette signature est d\u00e9di\u00e9e \u00e0 l\u2019analyse des m\u00e9dias, des pratiques journalistiques et des mutations de l\u2019information \u00e0 l\u2019\u00e8re digitale. \u00c0 travers ses contributions, Wided Belhaj propose une lecture analytique de l\u2019actualit\u00e9, en croisant regard critique et expertise acad\u00e9mique.","knowsAbout":["m\u00e9dias","journalisme","communication","information","transformation num\u00e9rique","analyse des m\u00e9dias"],"knowsLanguage":["Fran\u00e7ais","Arabe"],"jobTitle":"Webdo.tn","worksFor":"Journaliste \u2013 Analyse des m\u00e9dias","url":"https:\/\/www.webdo.tn\/fr\/actualite\/author\/wided-belhaj\/"}]}},"_links":{"self":[{"href":"https:\/\/www.webdo.tn\/fr\/wp-json\/wp\/v2\/posts\/385664","targetHints":{"allow":["GET"]}}],"collection":[{"href":"https:\/\/www.webdo.tn\/fr\/wp-json\/wp\/v2\/posts"}],"about":[{"href":"https:\/\/www.webdo.tn\/fr\/wp-json\/wp\/v2\/types\/post"}],"author":[{"embeddable":true,"href":"https:\/\/www.webdo.tn\/fr\/wp-json\/wp\/v2\/users\/3184"}],"replies":[{"embeddable":true,"href":"https:\/\/www.webdo.tn\/fr\/wp-json\/wp\/v2\/comments?post=385664"}],"version-history":[{"count":0,"href":"https:\/\/www.webdo.tn\/fr\/wp-json\/wp\/v2\/posts\/385664\/revisions"}],"wp:featuredmedia":[{"embeddable":true,"href":"https:\/\/www.webdo.tn\/fr\/wp-json\/wp\/v2\/media\/384177"}],"wp:attachment":[{"href":"https:\/\/www.webdo.tn\/fr\/wp-json\/wp\/v2\/media?parent=385664"}],"wp:term":[{"taxonomy":"category","embeddable":true,"href":"https:\/\/www.webdo.tn\/fr\/wp-json\/wp\/v2\/categories?post=385664"},{"taxonomy":"post_tag","embeddable":true,"href":"https:\/\/www.webdo.tn\/fr\/wp-json\/wp\/v2\/tags?post=385664"}],"curies":[{"name":"wp","href":"https:\/\/api.w.org\/{rel}","templated":true}]}}