{"id":385616,"date":"2025-10-13T16:00:42","date_gmt":"2025-10-13T15:00:42","guid":{"rendered":"https:\/\/www.webdo.tn\/fr\/?p=385616"},"modified":"2025-10-14T08:57:15","modified_gmt":"2025-10-14T07:57:15","slug":"gaza-1872-prisonniers-palestiniens-liberes-dans-le-cadre-de-la-deuxieme-vague-dechanges","status":"publish","type":"post","link":"https:\/\/www.webdo.tn\/fr\/actualite\/international\/gaza-1872-prisonniers-palestiniens-liberes-dans-le-cadre-de-la-deuxieme-vague-dechanges\/385616\/","title":{"rendered":"Gaza : 1872 prisonniers palestiniens lib\u00e9r\u00e9s dans le cadre de la deuxi\u00e8me vague d\u2019\u00e9changes"},"content":{"rendered":"\n<p>Les forces d\u2019occupation isra\u00e9liennes ont lib\u00e9r\u00e9 lundi 1872 prisonniers palestiniens, dans le cadre de la deuxi\u00e8me vague de lib\u00e9rations pr\u00e9vues par l\u2019accord de cessez-le-feu sign\u00e9 le 9 octobre.<\/p>\n\n\n\n<p>Trente huit bus et dix ambulances ont transport\u00e9 les anciens d\u00e9tenus depuis le centre de d\u00e9tention de Ketziot (N\u00e9guev) vers la bande de Gaza, o\u00f9 ils ont \u00e9t\u00e9 accueillis dans une sc\u00e8ne d\u2019\u00e9motion au complexe m\u00e9dical Nasser \u00e0 Khan Youn\u00e8s. Plusieurs lib\u00e9r\u00e9s ont imm\u00e9diatement re\u00e7u des soins m\u00e9dicaux avant de retrouver leurs proches.<\/p>\n\n\n\n<p>Cette deuxi\u00e8me vague comprend 154 prisonniers condamn\u00e9s \u00e0 de lourdes peines ou \u00e0 la perp\u00e9tuit\u00e9, transf\u00e9r\u00e9s vers l\u2019\u00c9gypte, ainsi que 1718 d\u00e9tenus originaires de Gaza, arr\u00eat\u00e9s apr\u00e8s le 7 octobre 2023.<\/p>\n\n\n\n<p>Plus t\u00f4t dans la journ\u00e9e, une premi\u00e8re vague de 96 prisonniers, dont plusieurs condamn\u00e9s \u00e0 perp\u00e9tuit\u00e9, avait \u00e9t\u00e9 rel\u00e2ch\u00e9e du centre p\u00e9nitentiaire d\u2019Ofer vers Ramallah, dans le cadre du m\u00eame accord.<\/p>\n\n\n\n<p>Cet accord de cessez-le-feu, annonc\u00e9 par le pr\u00e9sident am\u00e9ricain Donald Trump, pr\u00e9voit notamment la fin de la guerre contre Gaza, le retrait des troupes isra\u00e9liennes, l\u2019entr\u00e9e massive de l\u2019aide humanitaire et l\u2019\u00e9change de prisonniers entre les deux parties.<\/p>\n\n\n\n<p>Selon les organisations de d\u00e9fense des d\u00e9tenus palestiniens, plus de 11 000 personnes restent encore incarc\u00e9r\u00e9es dans les prisons isra\u00e9liennes, souvent dans des conditions inhumaines marqu\u00e9es par la torture, la privation et la n\u00e9gligence m\u00e9dicale.<\/p>\n\n\n\n<p>Depuis le 7 octobre 2023, l\u2019agression contre Gaza a fait 67.869 martyrs et plus de 170.000 bless\u00e9s, majoritairement des femmes et des enfants. La famine provoqu\u00e9e par le si\u00e8ge a \u00e9galement caus\u00e9 la mort de 463 civils, dont 157 enfants.<\/p>\n\n\n\n<p><\/p>\n\n\n\n<p><\/p>\n\n\n\n<ul class=\"wp-block-list\">\n<li>Lire aussi : <a href=\"https:\/\/www.webdo.tn\/fr\/actualite\/international\/hamas-remet-les-premiers-otages-dans-le-cadre-du-cessez-le-feu\/385545\/\">Hamas remet les premiers otages dans le cadre du cessez-le-feu<\/a><\/li>\n<\/ul>\n","protected":false},"excerpt":{"rendered":"<p>Les forces d\u2019occupation isra\u00e9liennes ont lib\u00e9r\u00e9 lundi 1872 prisonniers palestiniens, dans le cadre de la deuxi\u00e8me vague de lib\u00e9rations pr\u00e9vues par l\u2019accord de cessez-le-feu sign\u00e9 le 9 octobre. Trente huit bus et dix ambulances ont transport\u00e9 les anciens d\u00e9tenus depuis le centre de d\u00e9tention de Ketziot (N\u00e9guev) vers la bande de Gaza, o\u00f9 ils ont [&hellip;]<\/p>\n","protected":false},"author":3191,"featured_media":385617,"comment_status":"closed","ping_status":"closed","sticky":false,"template":"","format":"standard","meta":{"footnotes":""},"categories":[2598],"tags":[2689,3349,7496],"class_list":["post-385616","post","type-post","status-publish","format-standard","has-post-thumbnail","hentry","category-international","tag-gaza","tag-hamas","tag-prisonniers-palestiniens"],"yoast_head":"<!-- This site is optimized with the Yoast SEO Premium plugin v27.4 (Yoast SEO v27.4) - https:\/\/yoast.com\/product\/yoast-seo-premium-wordpress\/ -->\n<title>Gaza : 1872 prisonniers palestiniens lib\u00e9r\u00e9s dans le cadre de la deuxi\u00e8me vague d\u2019\u00e9changes - webdo<\/title>\n<meta name=\"description\" content=\"1872 prisonniers palestiniens lib\u00e9r\u00e9s \u00e0 Gaza lors de la deuxi\u00e8me vague d\u2019\u00e9changes. Revivez les moments d\u2019\u00e9motion et de retrouvailles.\" \/>\n<link rel=\"canonical\" href=\"https:\/\/www.webdo.tn\/fr\/actualite\/international\/gaza-1872-prisonniers-palestiniens-liberes-dans-le-cadre-de-la-deuxieme-vague-dechanges\/385616\/\" \/>\n<meta property=\"og:locale\" content=\"fr_FR\" \/>\n<meta property=\"og:type\" content=\"article\" \/>\n<meta property=\"og:title\" content=\"Gaza : 1872 prisonniers palestiniens lib\u00e9r\u00e9s dans le cadre de la deuxi\u00e8me vague d\u2019\u00e9changes\" \/>\n<meta property=\"og:description\" content=\"1872 prisonniers palestiniens lib\u00e9r\u00e9s \u00e0 Gaza lors de la deuxi\u00e8me vague d\u2019\u00e9changes. Revivez les moments d\u2019\u00e9motion et de retrouvailles.\" \/>\n<meta property=\"og:url\" content=\"https:\/\/www.webdo.tn\/fr\/actualite\/international\/gaza-1872-prisonniers-palestiniens-liberes-dans-le-cadre-de-la-deuxieme-vague-dechanges\/385616\/\" \/>\n<meta property=\"og:site_name\" content=\"webdo\" \/>\n<meta property=\"article:publisher\" content=\"https:\/\/www.facebook.com\/webdotn\" \/>\n<meta property=\"article:published_time\" content=\"2025-10-13T15:00:42+00:00\" \/>\n<meta property=\"article:modified_time\" content=\"2025-10-14T07:57:15+00:00\" \/>\n<meta property=\"og:image\" content=\"https:\/\/www.webdo.tn\/fr\/wp-content\/uploads\/2025\/10\/Prisonniers-palestiniens.jpg\" \/>\n\t<meta property=\"og:image:width\" content=\"1200\" \/>\n\t<meta property=\"og:image:height\" content=\"600\" \/>\n\t<meta property=\"og:image:type\" content=\"image\/jpeg\" \/>\n<meta name=\"author\" content=\"Mohamed Hedi Touati\" \/>\n<meta name=\"twitter:card\" content=\"summary_large_image\" \/>\n<meta name=\"twitter:creator\" content=\"@webdo_tn\" \/>\n<meta name=\"twitter:site\" content=\"@webdo_tn\" \/>\n<meta name=\"twitter:label1\" content=\"\u00c9crit par\" \/>\n\t<meta name=\"twitter:data1\" content=\"Mohamed Hedi Touati\" \/>\n\t<meta name=\"twitter:label2\" content=\"Dur\u00e9e de lecture estim\u00e9e\" \/>\n\t<meta name=\"twitter:data2\" content=\"2 minutes\" \/>\n<script type=\"application\/ld+json\" class=\"yoast-schema-graph\">{\"@context\":\"https:\\\/\\\/schema.org\",\"@graph\":[{\"@type\":\"NewsArticle\",\"@id\":\"https:\\\/\\\/www.webdo.tn\\\/fr\\\/actualite\\\/international\\\/gaza-1872-prisonniers-palestiniens-liberes-dans-le-cadre-de-la-deuxieme-vague-dechanges\\\/385616\\\/#article\",\"isPartOf\":{\"@id\":\"https:\\\/\\\/www.webdo.tn\\\/fr\\\/actualite\\\/international\\\/gaza-1872-prisonniers-palestiniens-liberes-dans-le-cadre-de-la-deuxieme-vague-dechanges\\\/385616\\\/\"},\"author\":{\"name\":\"Mohamed Hedi Touati\",\"@id\":\"https:\\\/\\\/www.webdo.tn\\\/fr\\\/#\\\/schema\\\/person\\\/c652cd8fc2b1b44412b5ffb48c5a911d\"},\"headline\":\"Gaza : 1872 prisonniers palestiniens lib\u00e9r\u00e9s dans le cadre de la deuxi\u00e8me vague d\u2019\u00e9changes\",\"datePublished\":\"2025-10-13T15:00:42+00:00\",\"dateModified\":\"2025-10-14T07:57:15+00:00\",\"mainEntityOfPage\":{\"@id\":\"https:\\\/\\\/www.webdo.tn\\\/fr\\\/actualite\\\/international\\\/gaza-1872-prisonniers-palestiniens-liberes-dans-le-cadre-de-la-deuxieme-vague-dechanges\\\/385616\\\/\"},\"wordCount\":324,\"publisher\":{\"@id\":\"https:\\\/\\\/www.webdo.tn\\\/fr\\\/#organization\"},\"image\":{\"@id\":\"https:\\\/\\\/www.webdo.tn\\\/fr\\\/actualite\\\/international\\\/gaza-1872-prisonniers-palestiniens-liberes-dans-le-cadre-de-la-deuxieme-vague-dechanges\\\/385616\\\/#primaryimage\"},\"thumbnailUrl\":\"https:\\\/\\\/www.webdo.tn\\\/fr\\\/wp-content\\\/uploads\\\/2025\\\/10\\\/Prisonniers-palestiniens.jpg\",\"keywords\":[\"Gaza\",\"hamas\",\"prisonniers palestiniens\"],\"articleSection\":[\"International\"],\"inLanguage\":\"fr-FR\"},{\"@type\":\"WebPage\",\"@id\":\"https:\\\/\\\/www.webdo.tn\\\/fr\\\/actualite\\\/international\\\/gaza-1872-prisonniers-palestiniens-liberes-dans-le-cadre-de-la-deuxieme-vague-dechanges\\\/385616\\\/\",\"url\":\"https:\\\/\\\/www.webdo.tn\\\/fr\\\/actualite\\\/international\\\/gaza-1872-prisonniers-palestiniens-liberes-dans-le-cadre-de-la-deuxieme-vague-dechanges\\\/385616\\\/\",\"name\":\"Gaza : 1872 prisonniers palestiniens lib\u00e9r\u00e9s dans le cadre de la deuxi\u00e8me vague d\u2019\u00e9changes - webdo\",\"isPartOf\":{\"@id\":\"https:\\\/\\\/www.webdo.tn\\\/fr\\\/#website\"},\"primaryImageOfPage\":{\"@id\":\"https:\\\/\\\/www.webdo.tn\\\/fr\\\/actualite\\\/international\\\/gaza-1872-prisonniers-palestiniens-liberes-dans-le-cadre-de-la-deuxieme-vague-dechanges\\\/385616\\\/#primaryimage\"},\"image\":{\"@id\":\"https:\\\/\\\/www.webdo.tn\\\/fr\\\/actualite\\\/international\\\/gaza-1872-prisonniers-palestiniens-liberes-dans-le-cadre-de-la-deuxieme-vague-dechanges\\\/385616\\\/#primaryimage\"},\"thumbnailUrl\":\"https:\\\/\\\/www.webdo.tn\\\/fr\\\/wp-content\\\/uploads\\\/2025\\\/10\\\/Prisonniers-palestiniens.jpg\",\"datePublished\":\"2025-10-13T15:00:42+00:00\",\"dateModified\":\"2025-10-14T07:57:15+00:00\",\"description\":\"1872 prisonniers palestiniens lib\u00e9r\u00e9s \u00e0 Gaza lors de la deuxi\u00e8me vague d\u2019\u00e9changes. Revivez les moments d\u2019\u00e9motion et de retrouvailles.\",\"breadcrumb\":{\"@id\":\"https:\\\/\\\/www.webdo.tn\\\/fr\\\/actualite\\\/international\\\/gaza-1872-prisonniers-palestiniens-liberes-dans-le-cadre-de-la-deuxieme-vague-dechanges\\\/385616\\\/#breadcrumb\"},\"inLanguage\":\"fr-FR\",\"potentialAction\":[{\"@type\":\"ReadAction\",\"target\":[\"https:\\\/\\\/www.webdo.tn\\\/fr\\\/actualite\\\/international\\\/gaza-1872-prisonniers-palestiniens-liberes-dans-le-cadre-de-la-deuxieme-vague-dechanges\\\/385616\\\/\"]}]},{\"@type\":\"ImageObject\",\"inLanguage\":\"fr-FR\",\"@id\":\"https:\\\/\\\/www.webdo.tn\\\/fr\\\/actualite\\\/international\\\/gaza-1872-prisonniers-palestiniens-liberes-dans-le-cadre-de-la-deuxieme-vague-dechanges\\\/385616\\\/#primaryimage\",\"url\":\"https:\\\/\\\/www.webdo.tn\\\/fr\\\/wp-content\\\/uploads\\\/2025\\\/10\\\/Prisonniers-palestiniens.jpg\",\"contentUrl\":\"https:\\\/\\\/www.webdo.tn\\\/fr\\\/wp-content\\\/uploads\\\/2025\\\/10\\\/Prisonniers-palestiniens.jpg\",\"width\":1200,\"height\":600,\"caption\":\"Gaza : 1872 prisonniers palestiniens lib\u00e9r\u00e9s dans le cadre de la deuxi\u00e8me vague d\u2019\u00e9changes\"},{\"@type\":\"BreadcrumbList\",\"@id\":\"https:\\\/\\\/www.webdo.tn\\\/fr\\\/actualite\\\/international\\\/gaza-1872-prisonniers-palestiniens-liberes-dans-le-cadre-de-la-deuxieme-vague-dechanges\\\/385616\\\/#breadcrumb\",\"itemListElement\":[{\"@type\":\"ListItem\",\"position\":1,\"name\":\"Accueil\",\"item\":\"https:\\\/\\\/www.webdo.tn\\\/fr\\\/\"},{\"@type\":\"ListItem\",\"position\":2,\"name\":\"Gaza : 1872 prisonniers palestiniens lib\u00e9r\u00e9s dans le cadre de la deuxi\u00e8me vague d\u2019\u00e9changes\"}]},{\"@type\":\"WebSite\",\"@id\":\"https:\\\/\\\/www.webdo.tn\\\/fr\\\/#website\",\"url\":\"https:\\\/\\\/www.webdo.tn\\\/fr\\\/\",\"name\":\"webdo\",\"description\":\"Tunisie - News en Tunisie et \u00e0 l&#039;international sur Webdo.tn\",\"publisher\":{\"@id\":\"https:\\\/\\\/www.webdo.tn\\\/fr\\\/#organization\"},\"potentialAction\":[{\"@type\":\"SearchAction\",\"target\":{\"@type\":\"EntryPoint\",\"urlTemplate\":\"https:\\\/\\\/www.webdo.tn\\\/fr\\\/?s={search_term_string}\"},\"query-input\":{\"@type\":\"PropertyValueSpecification\",\"valueRequired\":true,\"valueName\":\"search_term_string\"}}],\"inLanguage\":\"fr-FR\"},{\"@type\":\"Organization\",\"@id\":\"https:\\\/\\\/www.webdo.tn\\\/fr\\\/#organization\",\"name\":\"Webdo\",\"alternateName\":\"Webdo.tn\",\"url\":\"https:\\\/\\\/www.webdo.tn\\\/fr\\\/\",\"logo\":{\"@type\":\"ImageObject\",\"inLanguage\":\"fr-FR\",\"@id\":\"https:\\\/\\\/www.webdo.tn\\\/fr\\\/#\\\/schema\\\/logo\\\/image\\\/\",\"url\":\"https:\\\/\\\/www.webdo.tn\\\/fr\\\/wp-content\\\/uploads\\\/2025\\\/06\\\/Webdo-Tunisie_168377.jpg\",\"contentUrl\":\"https:\\\/\\\/www.webdo.tn\\\/fr\\\/wp-content\\\/uploads\\\/2025\\\/06\\\/Webdo-Tunisie_168377.jpg\",\"width\":301,\"height\":301,\"caption\":\"Webdo\"},\"image\":{\"@id\":\"https:\\\/\\\/www.webdo.tn\\\/fr\\\/#\\\/schema\\\/logo\\\/image\\\/\"},\"sameAs\":[\"https:\\\/\\\/www.facebook.com\\\/webdotn\",\"https:\\\/\\\/x.com\\\/webdo_tn\"],\"description\":\"Webdo est un m\u00e9dia num\u00e9rique tunisien fond\u00e9 en 2010, sp\u00e9cialis\u00e9 dans l\u2019actualit\u00e9 nationale et internationale, l\u2019\u00e9conomie, la soci\u00e9t\u00e9 et les analyses politiques. Le site s\u2019adresse \u00e0 un large public francophone et couvre l\u2019information tunisienne en temps r\u00e9el.\",\"email\":\"redac@webdo.tn\",\"legalName\":\"YNJ SARL\",\"foundingDate\":\"2010-09-06\",\"numberOfEmployees\":{\"@type\":\"QuantitativeValue\",\"minValue\":\"11\",\"maxValue\":\"50\"}},{\"@type\":\"Person\",\"@id\":\"https:\\\/\\\/www.webdo.tn\\\/fr\\\/#\\\/schema\\\/person\\\/c652cd8fc2b1b44412b5ffb48c5a911d\",\"name\":\"Mohamed Hedi Touati\",\"image\":{\"@type\":\"ImageObject\",\"inLanguage\":\"fr-FR\",\"@id\":\"https:\\\/\\\/secure.gravatar.com\\\/avatar\\\/9cfd402c745b7a685f13eed0ea6e59d2144a3c2fc50a3db6fd5ed451f6cddf1a?s=96&d=mm&r=g\",\"url\":\"https:\\\/\\\/secure.gravatar.com\\\/avatar\\\/9cfd402c745b7a685f13eed0ea6e59d2144a3c2fc50a3db6fd5ed451f6cddf1a?s=96&d=mm&r=g\",\"contentUrl\":\"https:\\\/\\\/secure.gravatar.com\\\/avatar\\\/9cfd402c745b7a685f13eed0ea6e59d2144a3c2fc50a3db6fd5ed451f6cddf1a?s=96&d=mm&r=g\",\"caption\":\"Mohamed Hedi Touati\"},\"url\":\"https:\\\/\\\/www.webdo.tn\\\/fr\\\/actualite\\\/author\\\/mohamed-hedi-touati\\\/\"}]}<\/script>\n<!-- \/ Yoast SEO Premium plugin. -->","yoast_head_json":{"title":"Gaza : 1872 prisonniers palestiniens lib\u00e9r\u00e9s dans le cadre de la deuxi\u00e8me vague d\u2019\u00e9changes - webdo","description":"1872 prisonniers palestiniens lib\u00e9r\u00e9s \u00e0 Gaza lors de la deuxi\u00e8me vague d\u2019\u00e9changes. Revivez les moments d\u2019\u00e9motion et de retrouvailles.","canonical":"https:\/\/www.webdo.tn\/fr\/actualite\/international\/gaza-1872-prisonniers-palestiniens-liberes-dans-le-cadre-de-la-deuxieme-vague-dechanges\/385616\/","og_locale":"fr_FR","og_type":"article","og_title":"Gaza : 1872 prisonniers palestiniens lib\u00e9r\u00e9s dans le cadre de la deuxi\u00e8me vague d\u2019\u00e9changes","og_description":"1872 prisonniers palestiniens lib\u00e9r\u00e9s \u00e0 Gaza lors de la deuxi\u00e8me vague d\u2019\u00e9changes. Revivez les moments d\u2019\u00e9motion et de retrouvailles.","og_url":"https:\/\/www.webdo.tn\/fr\/actualite\/international\/gaza-1872-prisonniers-palestiniens-liberes-dans-le-cadre-de-la-deuxieme-vague-dechanges\/385616\/","og_site_name":"webdo","article_publisher":"https:\/\/www.facebook.com\/webdotn","article_published_time":"2025-10-13T15:00:42+00:00","article_modified_time":"2025-10-14T07:57:15+00:00","og_image":[{"width":1200,"height":600,"url":"https:\/\/www.webdo.tn\/fr\/wp-content\/uploads\/2025\/10\/Prisonniers-palestiniens.jpg","type":"image\/jpeg"}],"author":"Mohamed Hedi Touati","twitter_card":"summary_large_image","twitter_creator":"@webdo_tn","twitter_site":"@webdo_tn","twitter_misc":{"\u00c9crit par":"Mohamed Hedi Touati","Dur\u00e9e de lecture estim\u00e9e":"2 minutes"},"schema":{"@context":"https:\/\/schema.org","@graph":[{"@type":"NewsArticle","@id":"https:\/\/www.webdo.tn\/fr\/actualite\/international\/gaza-1872-prisonniers-palestiniens-liberes-dans-le-cadre-de-la-deuxieme-vague-dechanges\/385616\/#article","isPartOf":{"@id":"https:\/\/www.webdo.tn\/fr\/actualite\/international\/gaza-1872-prisonniers-palestiniens-liberes-dans-le-cadre-de-la-deuxieme-vague-dechanges\/385616\/"},"author":{"name":"Mohamed Hedi Touati","@id":"https:\/\/www.webdo.tn\/fr\/#\/schema\/person\/c652cd8fc2b1b44412b5ffb48c5a911d"},"headline":"Gaza : 1872 prisonniers palestiniens lib\u00e9r\u00e9s dans le cadre de la deuxi\u00e8me vague d\u2019\u00e9changes","datePublished":"2025-10-13T15:00:42+00:00","dateModified":"2025-10-14T07:57:15+00:00","mainEntityOfPage":{"@id":"https:\/\/www.webdo.tn\/fr\/actualite\/international\/gaza-1872-prisonniers-palestiniens-liberes-dans-le-cadre-de-la-deuxieme-vague-dechanges\/385616\/"},"wordCount":324,"publisher":{"@id":"https:\/\/www.webdo.tn\/fr\/#organization"},"image":{"@id":"https:\/\/www.webdo.tn\/fr\/actualite\/international\/gaza-1872-prisonniers-palestiniens-liberes-dans-le-cadre-de-la-deuxieme-vague-dechanges\/385616\/#primaryimage"},"thumbnailUrl":"https:\/\/www.webdo.tn\/fr\/wp-content\/uploads\/2025\/10\/Prisonniers-palestiniens.jpg","keywords":["Gaza","hamas","prisonniers palestiniens"],"articleSection":["International"],"inLanguage":"fr-FR"},{"@type":"WebPage","@id":"https:\/\/www.webdo.tn\/fr\/actualite\/international\/gaza-1872-prisonniers-palestiniens-liberes-dans-le-cadre-de-la-deuxieme-vague-dechanges\/385616\/","url":"https:\/\/www.webdo.tn\/fr\/actualite\/international\/gaza-1872-prisonniers-palestiniens-liberes-dans-le-cadre-de-la-deuxieme-vague-dechanges\/385616\/","name":"Gaza : 1872 prisonniers palestiniens lib\u00e9r\u00e9s dans le cadre de la deuxi\u00e8me vague d\u2019\u00e9changes - webdo","isPartOf":{"@id":"https:\/\/www.webdo.tn\/fr\/#website"},"primaryImageOfPage":{"@id":"https:\/\/www.webdo.tn\/fr\/actualite\/international\/gaza-1872-prisonniers-palestiniens-liberes-dans-le-cadre-de-la-deuxieme-vague-dechanges\/385616\/#primaryimage"},"image":{"@id":"https:\/\/www.webdo.tn\/fr\/actualite\/international\/gaza-1872-prisonniers-palestiniens-liberes-dans-le-cadre-de-la-deuxieme-vague-dechanges\/385616\/#primaryimage"},"thumbnailUrl":"https:\/\/www.webdo.tn\/fr\/wp-content\/uploads\/2025\/10\/Prisonniers-palestiniens.jpg","datePublished":"2025-10-13T15:00:42+00:00","dateModified":"2025-10-14T07:57:15+00:00","description":"1872 prisonniers palestiniens lib\u00e9r\u00e9s \u00e0 Gaza lors de la deuxi\u00e8me vague d\u2019\u00e9changes. Revivez les moments d\u2019\u00e9motion et de retrouvailles.","breadcrumb":{"@id":"https:\/\/www.webdo.tn\/fr\/actualite\/international\/gaza-1872-prisonniers-palestiniens-liberes-dans-le-cadre-de-la-deuxieme-vague-dechanges\/385616\/#breadcrumb"},"inLanguage":"fr-FR","potentialAction":[{"@type":"ReadAction","target":["https:\/\/www.webdo.tn\/fr\/actualite\/international\/gaza-1872-prisonniers-palestiniens-liberes-dans-le-cadre-de-la-deuxieme-vague-dechanges\/385616\/"]}]},{"@type":"ImageObject","inLanguage":"fr-FR","@id":"https:\/\/www.webdo.tn\/fr\/actualite\/international\/gaza-1872-prisonniers-palestiniens-liberes-dans-le-cadre-de-la-deuxieme-vague-dechanges\/385616\/#primaryimage","url":"https:\/\/www.webdo.tn\/fr\/wp-content\/uploads\/2025\/10\/Prisonniers-palestiniens.jpg","contentUrl":"https:\/\/www.webdo.tn\/fr\/wp-content\/uploads\/2025\/10\/Prisonniers-palestiniens.jpg","width":1200,"height":600,"caption":"Gaza : 1872 prisonniers palestiniens lib\u00e9r\u00e9s dans le cadre de la deuxi\u00e8me vague d\u2019\u00e9changes"},{"@type":"BreadcrumbList","@id":"https:\/\/www.webdo.tn\/fr\/actualite\/international\/gaza-1872-prisonniers-palestiniens-liberes-dans-le-cadre-de-la-deuxieme-vague-dechanges\/385616\/#breadcrumb","itemListElement":[{"@type":"ListItem","position":1,"name":"Accueil","item":"https:\/\/www.webdo.tn\/fr\/"},{"@type":"ListItem","position":2,"name":"Gaza : 1872 prisonniers palestiniens lib\u00e9r\u00e9s dans le cadre de la deuxi\u00e8me vague d\u2019\u00e9changes"}]},{"@type":"WebSite","@id":"https:\/\/www.webdo.tn\/fr\/#website","url":"https:\/\/www.webdo.tn\/fr\/","name":"webdo","description":"Tunisie - News en Tunisie et \u00e0 l&#039;international sur Webdo.tn","publisher":{"@id":"https:\/\/www.webdo.tn\/fr\/#organization"},"potentialAction":[{"@type":"SearchAction","target":{"@type":"EntryPoint","urlTemplate":"https:\/\/www.webdo.tn\/fr\/?s={search_term_string}"},"query-input":{"@type":"PropertyValueSpecification","valueRequired":true,"valueName":"search_term_string"}}],"inLanguage":"fr-FR"},{"@type":"Organization","@id":"https:\/\/www.webdo.tn\/fr\/#organization","name":"Webdo","alternateName":"Webdo.tn","url":"https:\/\/www.webdo.tn\/fr\/","logo":{"@type":"ImageObject","inLanguage":"fr-FR","@id":"https:\/\/www.webdo.tn\/fr\/#\/schema\/logo\/image\/","url":"https:\/\/www.webdo.tn\/fr\/wp-content\/uploads\/2025\/06\/Webdo-Tunisie_168377.jpg","contentUrl":"https:\/\/www.webdo.tn\/fr\/wp-content\/uploads\/2025\/06\/Webdo-Tunisie_168377.jpg","width":301,"height":301,"caption":"Webdo"},"image":{"@id":"https:\/\/www.webdo.tn\/fr\/#\/schema\/logo\/image\/"},"sameAs":["https:\/\/www.facebook.com\/webdotn","https:\/\/x.com\/webdo_tn"],"description":"Webdo est un m\u00e9dia num\u00e9rique tunisien fond\u00e9 en 2010, sp\u00e9cialis\u00e9 dans l\u2019actualit\u00e9 nationale et internationale, l\u2019\u00e9conomie, la soci\u00e9t\u00e9 et les analyses politiques. Le site s\u2019adresse \u00e0 un large public francophone et couvre l\u2019information tunisienne en temps r\u00e9el.","email":"redac@webdo.tn","legalName":"YNJ SARL","foundingDate":"2010-09-06","numberOfEmployees":{"@type":"QuantitativeValue","minValue":"11","maxValue":"50"}},{"@type":"Person","@id":"https:\/\/www.webdo.tn\/fr\/#\/schema\/person\/c652cd8fc2b1b44412b5ffb48c5a911d","name":"Mohamed Hedi Touati","image":{"@type":"ImageObject","inLanguage":"fr-FR","@id":"https:\/\/secure.gravatar.com\/avatar\/9cfd402c745b7a685f13eed0ea6e59d2144a3c2fc50a3db6fd5ed451f6cddf1a?s=96&d=mm&r=g","url":"https:\/\/secure.gravatar.com\/avatar\/9cfd402c745b7a685f13eed0ea6e59d2144a3c2fc50a3db6fd5ed451f6cddf1a?s=96&d=mm&r=g","contentUrl":"https:\/\/secure.gravatar.com\/avatar\/9cfd402c745b7a685f13eed0ea6e59d2144a3c2fc50a3db6fd5ed451f6cddf1a?s=96&d=mm&r=g","caption":"Mohamed Hedi Touati"},"url":"https:\/\/www.webdo.tn\/fr\/actualite\/author\/mohamed-hedi-touati\/"}]}},"_links":{"self":[{"href":"https:\/\/www.webdo.tn\/fr\/wp-json\/wp\/v2\/posts\/385616","targetHints":{"allow":["GET"]}}],"collection":[{"href":"https:\/\/www.webdo.tn\/fr\/wp-json\/wp\/v2\/posts"}],"about":[{"href":"https:\/\/www.webdo.tn\/fr\/wp-json\/wp\/v2\/types\/post"}],"author":[{"embeddable":true,"href":"https:\/\/www.webdo.tn\/fr\/wp-json\/wp\/v2\/users\/3191"}],"replies":[{"embeddable":true,"href":"https:\/\/www.webdo.tn\/fr\/wp-json\/wp\/v2\/comments?post=385616"}],"version-history":[{"count":0,"href":"https:\/\/www.webdo.tn\/fr\/wp-json\/wp\/v2\/posts\/385616\/revisions"}],"wp:featuredmedia":[{"embeddable":true,"href":"https:\/\/www.webdo.tn\/fr\/wp-json\/wp\/v2\/media\/385617"}],"wp:attachment":[{"href":"https:\/\/www.webdo.tn\/fr\/wp-json\/wp\/v2\/media?parent=385616"}],"wp:term":[{"taxonomy":"category","embeddable":true,"href":"https:\/\/www.webdo.tn\/fr\/wp-json\/wp\/v2\/categories?post=385616"},{"taxonomy":"post_tag","embeddable":true,"href":"https:\/\/www.webdo.tn\/fr\/wp-json\/wp\/v2\/tags?post=385616"}],"curies":[{"name":"wp","href":"https:\/\/api.w.org\/{rel}","templated":true}]}}