{"id":385595,"date":"2025-10-13T12:31:07","date_gmt":"2025-10-13T11:31:07","guid":{"rendered":"https:\/\/www.webdo.tn\/fr\/?p=385595"},"modified":"2025-10-13T16:22:11","modified_gmt":"2025-10-13T15:22:11","slug":"riadh-mouakher-definitivement-relaxe-par-la-cour-dappel-de-tunis","status":"publish","type":"post","link":"https:\/\/www.webdo.tn\/fr\/actualite\/national\/riadh-mouakher-definitivement-relaxe-par-la-cour-dappel-de-tunis\/385595\/","title":{"rendered":"Riadh Mouakher d\u00e9finitivement relax\u00e9 par la Cour d\u2019appel de Tunis"},"content":{"rendered":"\n<p><strong>La Cour d\u2019appel de Tunis a d\u00e9finitivement clos le dossier visant l\u2019ancien ministre de l\u2019Environnement Riadh Mouakher. La chambre criminelle sp\u00e9cialis\u00e9e dans les affaires de corruption financi\u00e8re a en effet d\u00e9cid\u00e9 de rejeter la recevabilit\u00e9 de l\u2019affaire, annulant ainsi la condamnation prononc\u00e9e en premi\u00e8re instance.<\/strong><\/p>\n\n\n\n<p>L\u2019affaire remonte \u00e0 f\u00e9vrier 2023, lorsque Riadh Mouakher, qui avait dirig\u00e9 le minist\u00e8re de l\u2019Environnement entre 2017 et 2018, avait \u00e9t\u00e9 plac\u00e9 en garde \u00e0 vue pour suspicion d\u2019exploitation de la fonction publique \u00e0 des fins personnelles, conform\u00e9ment \u00e0 l\u2019article 96 du code p\u00e9nal.<\/p>\n\n\n\n<p>Le dossier concernait un march\u00e9 public d\u2019achat de v\u00e9hicules administratifs conclu durant son mandat, et impliquait \u00e9galement un cadre de la Protection civile relevant du m\u00eame minist\u00e8re.<\/p>\n\n\n\n<p>En novembre 2024, la chambre criminelle sp\u00e9cialis\u00e9e du tribunal de premi\u00e8re instance de Tunis avait condamn\u00e9 Mouakher \u00e0 trois ans de prison, et le cadre \u00e0 deux ans, pour irr\u00e9gularit\u00e9s dans la proc\u00e9dure d\u2019attribution du march\u00e9.<\/p>\n\n\n\n<p>Les deux hommes avaient aussit\u00f4t fait appel, contestant la r\u00e9gularit\u00e9 du jugement et la validit\u00e9 des preuves retenues.<\/p>\n\n\n\n<p>Lors de l\u2019audience d\u2019appel, la Cour avait d\u00e9cid\u00e9 la remise en libert\u00e9 des pr\u00e9venus, tout en les pla\u00e7ant sous contr\u00f4le judiciaire.<\/p>\n\n\n\n<p>Apr\u00e8s plusieurs reports \u2014 le dernier en mai 2025 \u2014, la Cour d\u2019appel a finalement rendu son verdict : le jugement de premi\u00e8re instance est censur\u00e9 et l\u2019affaire est d\u00e9clar\u00e9e irrecevable, rapporte aujourd&rsquo;hui Mosaique fm.<\/p>\n\n\n\n<p>Cette d\u00e9cision signifie que la juridiction d\u2019appel n\u2019a pas jug\u00e9 le fond du dossier, mais a estim\u00e9 que les conditions l\u00e9gales de poursuite n\u2019\u00e9taient pas r\u00e9unies.<\/p>\n\n\n\n<p>Elle met ainsi fin aux poursuites engag\u00e9es contre Riadh Mouakher et le cadre de la Protection civile, blanchissant les deux hommes apr\u00e8s pr\u00e8s de deux ans et demi de proc\u00e9dure.<\/p>\n\n\n\n<p>Cette relaxe intervient dans un contexte o\u00f9 plusieurs anciens responsables publics font face \u00e0 des proc\u00e8s pour suspicion de corruption. Elle suscite d\u00e9j\u00e0 des r\u00e9actions contrast\u00e9es : certains y voient une application stricte du droit, d\u2019autres un nouveau revers pour la lutte contre la corruption en Tunisie.<\/p>\n\n\n\n<p><\/p>\n\n\n\n<ul class=\"wp-block-list\">\n<li>Lire aussi : <a href=\"https:\/\/www.webdo.tn\/fr\/actualite\/national\/tunisie-l-ancien-ministre-riadh-mouakher-remis-en-liberte\/219975\/\">Tunisie : L\u2019ancien ministre Riadh Mouakher remis en libert\u00e9<\/a><\/li>\n<\/ul>\n","protected":false},"excerpt":{"rendered":"<p>La Cour d\u2019appel de Tunis a d\u00e9finitivement clos le dossier visant l\u2019ancien ministre de l\u2019Environnement Riadh Mouakher. La chambre criminelle sp\u00e9cialis\u00e9e dans les affaires de corruption financi\u00e8re a en effet d\u00e9cid\u00e9 de rejeter la recevabilit\u00e9 de l\u2019affaire, annulant ainsi la condamnation prononc\u00e9e en premi\u00e8re instance. L\u2019affaire remonte \u00e0 f\u00e9vrier 2023, lorsque Riadh Mouakher, qui avait [&hellip;]<\/p>\n","protected":false},"author":3191,"featured_media":385596,"comment_status":"closed","ping_status":"closed","sticky":false,"template":"","format":"standard","meta":{"footnotes":""},"categories":[44],"tags":[2619,4994,2608],"class_list":["post-385595","post","type-post","status-publish","format-standard","has-post-thumbnail","hentry","category-national","tag-justice","tag-riadh-mouakher","tag-tunisie"],"yoast_head":"<!-- This site is optimized with the Yoast SEO Premium plugin v27.5 (Yoast SEO v27.5) - https:\/\/yoast.com\/product\/yoast-seo-premium-wordpress\/ -->\n<title>Riadh Mouakher d\u00e9finitivement relax\u00e9 par la Cour d\u2019appel de Tunis - webdo<\/title>\n<meta name=\"description\" content=\"La Cour d\u2019appel de Tunis a clos le dossier de Riadh Mouakher, un ancien ministre, en annulant sa condamnation pour exploitation abusive.\" \/>\n<link rel=\"canonical\" href=\"https:\/\/www.webdo.tn\/fr\/actualite\/national\/riadh-mouakher-definitivement-relaxe-par-la-cour-dappel-de-tunis\/385595\/\" \/>\n<meta property=\"og:locale\" content=\"fr_FR\" \/>\n<meta property=\"og:type\" content=\"article\" \/>\n<meta property=\"og:title\" content=\"Riadh Mouakher d\u00e9finitivement relax\u00e9 par la Cour d\u2019appel de Tunis\" \/>\n<meta property=\"og:description\" content=\"La Cour d\u2019appel de Tunis a clos le dossier de Riadh Mouakher, un ancien ministre, en annulant sa condamnation pour exploitation abusive.\" \/>\n<meta property=\"og:url\" content=\"https:\/\/www.webdo.tn\/fr\/actualite\/national\/riadh-mouakher-definitivement-relaxe-par-la-cour-dappel-de-tunis\/385595\/\" \/>\n<meta property=\"og:site_name\" content=\"webdo\" \/>\n<meta property=\"article:publisher\" content=\"https:\/\/www.facebook.com\/webdotn\" \/>\n<meta property=\"article:published_time\" content=\"2025-10-13T11:31:07+00:00\" \/>\n<meta property=\"article:modified_time\" content=\"2025-10-13T15:22:11+00:00\" \/>\n<meta property=\"og:image\" content=\"https:\/\/www.webdo.tn\/fr\/wp-content\/uploads\/2025\/10\/Riadh-mouakher.jpg\" \/>\n\t<meta property=\"og:image:width\" content=\"1200\" \/>\n\t<meta property=\"og:image:height\" content=\"593\" \/>\n\t<meta property=\"og:image:type\" content=\"image\/jpeg\" \/>\n<meta name=\"author\" content=\"Mohamed Hedi Touati\" \/>\n<meta name=\"twitter:card\" content=\"summary_large_image\" \/>\n<meta name=\"twitter:creator\" content=\"@webdo_tn\" \/>\n<meta name=\"twitter:site\" content=\"@webdo_tn\" \/>\n<meta name=\"twitter:label1\" content=\"\u00c9crit par\" \/>\n\t<meta name=\"twitter:data1\" content=\"Mohamed Hedi Touati\" \/>\n\t<meta name=\"twitter:label2\" content=\"Dur\u00e9e de lecture estim\u00e9e\" \/>\n\t<meta name=\"twitter:data2\" content=\"2 minutes\" \/>\n<script type=\"application\/ld+json\" class=\"yoast-schema-graph\">{\"@context\":\"https:\\\/\\\/schema.org\",\"@graph\":[{\"@type\":\"NewsArticle\",\"@id\":\"https:\\\/\\\/www.webdo.tn\\\/fr\\\/actualite\\\/national\\\/riadh-mouakher-definitivement-relaxe-par-la-cour-dappel-de-tunis\\\/385595\\\/#article\",\"isPartOf\":{\"@id\":\"https:\\\/\\\/www.webdo.tn\\\/fr\\\/actualite\\\/national\\\/riadh-mouakher-definitivement-relaxe-par-la-cour-dappel-de-tunis\\\/385595\\\/\"},\"author\":{\"name\":\"Mohamed Hedi Touati\",\"@id\":\"https:\\\/\\\/www.webdo.tn\\\/fr\\\/#\\\/schema\\\/person\\\/c652cd8fc2b1b44412b5ffb48c5a911d\"},\"headline\":\"Riadh Mouakher d\u00e9finitivement relax\u00e9 par la Cour d\u2019appel de Tunis\",\"datePublished\":\"2025-10-13T11:31:07+00:00\",\"dateModified\":\"2025-10-13T15:22:11+00:00\",\"mainEntityOfPage\":{\"@id\":\"https:\\\/\\\/www.webdo.tn\\\/fr\\\/actualite\\\/national\\\/riadh-mouakher-definitivement-relaxe-par-la-cour-dappel-de-tunis\\\/385595\\\/\"},\"wordCount\":395,\"publisher\":{\"@id\":\"https:\\\/\\\/www.webdo.tn\\\/fr\\\/#organization\"},\"image\":{\"@id\":\"https:\\\/\\\/www.webdo.tn\\\/fr\\\/actualite\\\/national\\\/riadh-mouakher-definitivement-relaxe-par-la-cour-dappel-de-tunis\\\/385595\\\/#primaryimage\"},\"thumbnailUrl\":\"https:\\\/\\\/www.webdo.tn\\\/fr\\\/wp-content\\\/uploads\\\/2025\\\/10\\\/Riadh-mouakher.jpg\",\"keywords\":[\"justice\",\"Riadh Mouakher\",\"Tunisie\"],\"articleSection\":[\"National\"],\"inLanguage\":\"fr-FR\"},{\"@type\":\"WebPage\",\"@id\":\"https:\\\/\\\/www.webdo.tn\\\/fr\\\/actualite\\\/national\\\/riadh-mouakher-definitivement-relaxe-par-la-cour-dappel-de-tunis\\\/385595\\\/\",\"url\":\"https:\\\/\\\/www.webdo.tn\\\/fr\\\/actualite\\\/national\\\/riadh-mouakher-definitivement-relaxe-par-la-cour-dappel-de-tunis\\\/385595\\\/\",\"name\":\"Riadh Mouakher d\u00e9finitivement relax\u00e9 par la Cour d\u2019appel de Tunis - webdo\",\"isPartOf\":{\"@id\":\"https:\\\/\\\/www.webdo.tn\\\/fr\\\/#website\"},\"primaryImageOfPage\":{\"@id\":\"https:\\\/\\\/www.webdo.tn\\\/fr\\\/actualite\\\/national\\\/riadh-mouakher-definitivement-relaxe-par-la-cour-dappel-de-tunis\\\/385595\\\/#primaryimage\"},\"image\":{\"@id\":\"https:\\\/\\\/www.webdo.tn\\\/fr\\\/actualite\\\/national\\\/riadh-mouakher-definitivement-relaxe-par-la-cour-dappel-de-tunis\\\/385595\\\/#primaryimage\"},\"thumbnailUrl\":\"https:\\\/\\\/www.webdo.tn\\\/fr\\\/wp-content\\\/uploads\\\/2025\\\/10\\\/Riadh-mouakher.jpg\",\"datePublished\":\"2025-10-13T11:31:07+00:00\",\"dateModified\":\"2025-10-13T15:22:11+00:00\",\"description\":\"La Cour d\u2019appel de Tunis a clos le dossier de Riadh Mouakher, un ancien ministre, en annulant sa condamnation pour exploitation abusive.\",\"breadcrumb\":{\"@id\":\"https:\\\/\\\/www.webdo.tn\\\/fr\\\/actualite\\\/national\\\/riadh-mouakher-definitivement-relaxe-par-la-cour-dappel-de-tunis\\\/385595\\\/#breadcrumb\"},\"inLanguage\":\"fr-FR\",\"potentialAction\":[{\"@type\":\"ReadAction\",\"target\":[\"https:\\\/\\\/www.webdo.tn\\\/fr\\\/actualite\\\/national\\\/riadh-mouakher-definitivement-relaxe-par-la-cour-dappel-de-tunis\\\/385595\\\/\"]}]},{\"@type\":\"ImageObject\",\"inLanguage\":\"fr-FR\",\"@id\":\"https:\\\/\\\/www.webdo.tn\\\/fr\\\/actualite\\\/national\\\/riadh-mouakher-definitivement-relaxe-par-la-cour-dappel-de-tunis\\\/385595\\\/#primaryimage\",\"url\":\"https:\\\/\\\/www.webdo.tn\\\/fr\\\/wp-content\\\/uploads\\\/2025\\\/10\\\/Riadh-mouakher.jpg\",\"contentUrl\":\"https:\\\/\\\/www.webdo.tn\\\/fr\\\/wp-content\\\/uploads\\\/2025\\\/10\\\/Riadh-mouakher.jpg\",\"width\":1200,\"height\":593,\"caption\":\"Riadh Mouakher d\u00e9finitivement relax\u00e9 par la Cour d\u2019appel de Tunis\"},{\"@type\":\"BreadcrumbList\",\"@id\":\"https:\\\/\\\/www.webdo.tn\\\/fr\\\/actualite\\\/national\\\/riadh-mouakher-definitivement-relaxe-par-la-cour-dappel-de-tunis\\\/385595\\\/#breadcrumb\",\"itemListElement\":[{\"@type\":\"ListItem\",\"position\":1,\"name\":\"Accueil\",\"item\":\"https:\\\/\\\/www.webdo.tn\\\/fr\\\/\"},{\"@type\":\"ListItem\",\"position\":2,\"name\":\"Riadh Mouakher d\u00e9finitivement relax\u00e9 par la Cour d\u2019appel de Tunis\"}]},{\"@type\":\"WebSite\",\"@id\":\"https:\\\/\\\/www.webdo.tn\\\/fr\\\/#website\",\"url\":\"https:\\\/\\\/www.webdo.tn\\\/fr\\\/\",\"name\":\"webdo\",\"description\":\"Tunisie - News en Tunisie et \u00e0 l&#039;international sur Webdo.tn\",\"publisher\":{\"@id\":\"https:\\\/\\\/www.webdo.tn\\\/fr\\\/#organization\"},\"potentialAction\":[{\"@type\":\"SearchAction\",\"target\":{\"@type\":\"EntryPoint\",\"urlTemplate\":\"https:\\\/\\\/www.webdo.tn\\\/fr\\\/?s={search_term_string}\"},\"query-input\":{\"@type\":\"PropertyValueSpecification\",\"valueRequired\":true,\"valueName\":\"search_term_string\"}}],\"inLanguage\":\"fr-FR\"},{\"@type\":\"Organization\",\"@id\":\"https:\\\/\\\/www.webdo.tn\\\/fr\\\/#organization\",\"name\":\"Webdo\",\"alternateName\":\"Webdo.tn\",\"url\":\"https:\\\/\\\/www.webdo.tn\\\/fr\\\/\",\"logo\":{\"@type\":\"ImageObject\",\"inLanguage\":\"fr-FR\",\"@id\":\"https:\\\/\\\/www.webdo.tn\\\/fr\\\/#\\\/schema\\\/logo\\\/image\\\/\",\"url\":\"https:\\\/\\\/www.webdo.tn\\\/fr\\\/wp-content\\\/uploads\\\/2025\\\/06\\\/Webdo-Tunisie_168377.jpg\",\"contentUrl\":\"https:\\\/\\\/www.webdo.tn\\\/fr\\\/wp-content\\\/uploads\\\/2025\\\/06\\\/Webdo-Tunisie_168377.jpg\",\"width\":301,\"height\":301,\"caption\":\"Webdo\"},\"image\":{\"@id\":\"https:\\\/\\\/www.webdo.tn\\\/fr\\\/#\\\/schema\\\/logo\\\/image\\\/\"},\"sameAs\":[\"https:\\\/\\\/www.facebook.com\\\/webdotn\",\"https:\\\/\\\/x.com\\\/webdo_tn\"],\"description\":\"Webdo est un m\u00e9dia num\u00e9rique tunisien fond\u00e9 en 2010, sp\u00e9cialis\u00e9 dans l\u2019actualit\u00e9 nationale et internationale, l\u2019\u00e9conomie, la soci\u00e9t\u00e9 et les analyses politiques. Le site s\u2019adresse \u00e0 un large public francophone et couvre l\u2019information tunisienne en temps r\u00e9el.\",\"email\":\"redac@webdo.tn\",\"legalName\":\"YNJ SARL\",\"foundingDate\":\"2010-09-06\",\"numberOfEmployees\":{\"@type\":\"QuantitativeValue\",\"minValue\":\"11\",\"maxValue\":\"50\"}},{\"@type\":\"Person\",\"@id\":\"https:\\\/\\\/www.webdo.tn\\\/fr\\\/#\\\/schema\\\/person\\\/c652cd8fc2b1b44412b5ffb48c5a911d\",\"name\":\"Mohamed Hedi Touati\",\"image\":{\"@type\":\"ImageObject\",\"inLanguage\":\"fr-FR\",\"@id\":\"https:\\\/\\\/secure.gravatar.com\\\/avatar\\\/9cfd402c745b7a685f13eed0ea6e59d2144a3c2fc50a3db6fd5ed451f6cddf1a?s=96&d=mm&r=g\",\"url\":\"https:\\\/\\\/secure.gravatar.com\\\/avatar\\\/9cfd402c745b7a685f13eed0ea6e59d2144a3c2fc50a3db6fd5ed451f6cddf1a?s=96&d=mm&r=g\",\"contentUrl\":\"https:\\\/\\\/secure.gravatar.com\\\/avatar\\\/9cfd402c745b7a685f13eed0ea6e59d2144a3c2fc50a3db6fd5ed451f6cddf1a?s=96&d=mm&r=g\",\"caption\":\"Mohamed Hedi Touati\"},\"url\":\"https:\\\/\\\/www.webdo.tn\\\/fr\\\/actualite\\\/author\\\/mohamed-hedi-touati\\\/\"}]}<\/script>\n<!-- \/ Yoast SEO Premium plugin. -->","yoast_head_json":{"title":"Riadh Mouakher d\u00e9finitivement relax\u00e9 par la Cour d\u2019appel de Tunis - webdo","description":"La Cour d\u2019appel de Tunis a clos le dossier de Riadh Mouakher, un ancien ministre, en annulant sa condamnation pour exploitation abusive.","canonical":"https:\/\/www.webdo.tn\/fr\/actualite\/national\/riadh-mouakher-definitivement-relaxe-par-la-cour-dappel-de-tunis\/385595\/","og_locale":"fr_FR","og_type":"article","og_title":"Riadh Mouakher d\u00e9finitivement relax\u00e9 par la Cour d\u2019appel de Tunis","og_description":"La Cour d\u2019appel de Tunis a clos le dossier de Riadh Mouakher, un ancien ministre, en annulant sa condamnation pour exploitation abusive.","og_url":"https:\/\/www.webdo.tn\/fr\/actualite\/national\/riadh-mouakher-definitivement-relaxe-par-la-cour-dappel-de-tunis\/385595\/","og_site_name":"webdo","article_publisher":"https:\/\/www.facebook.com\/webdotn","article_published_time":"2025-10-13T11:31:07+00:00","article_modified_time":"2025-10-13T15:22:11+00:00","og_image":[{"width":1200,"height":593,"url":"https:\/\/www.webdo.tn\/fr\/wp-content\/uploads\/2025\/10\/Riadh-mouakher.jpg","type":"image\/jpeg"}],"author":"Mohamed Hedi Touati","twitter_card":"summary_large_image","twitter_creator":"@webdo_tn","twitter_site":"@webdo_tn","twitter_misc":{"\u00c9crit par":"Mohamed Hedi Touati","Dur\u00e9e de lecture estim\u00e9e":"2 minutes"},"schema":{"@context":"https:\/\/schema.org","@graph":[{"@type":"NewsArticle","@id":"https:\/\/www.webdo.tn\/fr\/actualite\/national\/riadh-mouakher-definitivement-relaxe-par-la-cour-dappel-de-tunis\/385595\/#article","isPartOf":{"@id":"https:\/\/www.webdo.tn\/fr\/actualite\/national\/riadh-mouakher-definitivement-relaxe-par-la-cour-dappel-de-tunis\/385595\/"},"author":{"name":"Mohamed Hedi Touati","@id":"https:\/\/www.webdo.tn\/fr\/#\/schema\/person\/c652cd8fc2b1b44412b5ffb48c5a911d"},"headline":"Riadh Mouakher d\u00e9finitivement relax\u00e9 par la Cour d\u2019appel de Tunis","datePublished":"2025-10-13T11:31:07+00:00","dateModified":"2025-10-13T15:22:11+00:00","mainEntityOfPage":{"@id":"https:\/\/www.webdo.tn\/fr\/actualite\/national\/riadh-mouakher-definitivement-relaxe-par-la-cour-dappel-de-tunis\/385595\/"},"wordCount":395,"publisher":{"@id":"https:\/\/www.webdo.tn\/fr\/#organization"},"image":{"@id":"https:\/\/www.webdo.tn\/fr\/actualite\/national\/riadh-mouakher-definitivement-relaxe-par-la-cour-dappel-de-tunis\/385595\/#primaryimage"},"thumbnailUrl":"https:\/\/www.webdo.tn\/fr\/wp-content\/uploads\/2025\/10\/Riadh-mouakher.jpg","keywords":["justice","Riadh Mouakher","Tunisie"],"articleSection":["National"],"inLanguage":"fr-FR"},{"@type":"WebPage","@id":"https:\/\/www.webdo.tn\/fr\/actualite\/national\/riadh-mouakher-definitivement-relaxe-par-la-cour-dappel-de-tunis\/385595\/","url":"https:\/\/www.webdo.tn\/fr\/actualite\/national\/riadh-mouakher-definitivement-relaxe-par-la-cour-dappel-de-tunis\/385595\/","name":"Riadh Mouakher d\u00e9finitivement relax\u00e9 par la Cour d\u2019appel de Tunis - webdo","isPartOf":{"@id":"https:\/\/www.webdo.tn\/fr\/#website"},"primaryImageOfPage":{"@id":"https:\/\/www.webdo.tn\/fr\/actualite\/national\/riadh-mouakher-definitivement-relaxe-par-la-cour-dappel-de-tunis\/385595\/#primaryimage"},"image":{"@id":"https:\/\/www.webdo.tn\/fr\/actualite\/national\/riadh-mouakher-definitivement-relaxe-par-la-cour-dappel-de-tunis\/385595\/#primaryimage"},"thumbnailUrl":"https:\/\/www.webdo.tn\/fr\/wp-content\/uploads\/2025\/10\/Riadh-mouakher.jpg","datePublished":"2025-10-13T11:31:07+00:00","dateModified":"2025-10-13T15:22:11+00:00","description":"La Cour d\u2019appel de Tunis a clos le dossier de Riadh Mouakher, un ancien ministre, en annulant sa condamnation pour exploitation abusive.","breadcrumb":{"@id":"https:\/\/www.webdo.tn\/fr\/actualite\/national\/riadh-mouakher-definitivement-relaxe-par-la-cour-dappel-de-tunis\/385595\/#breadcrumb"},"inLanguage":"fr-FR","potentialAction":[{"@type":"ReadAction","target":["https:\/\/www.webdo.tn\/fr\/actualite\/national\/riadh-mouakher-definitivement-relaxe-par-la-cour-dappel-de-tunis\/385595\/"]}]},{"@type":"ImageObject","inLanguage":"fr-FR","@id":"https:\/\/www.webdo.tn\/fr\/actualite\/national\/riadh-mouakher-definitivement-relaxe-par-la-cour-dappel-de-tunis\/385595\/#primaryimage","url":"https:\/\/www.webdo.tn\/fr\/wp-content\/uploads\/2025\/10\/Riadh-mouakher.jpg","contentUrl":"https:\/\/www.webdo.tn\/fr\/wp-content\/uploads\/2025\/10\/Riadh-mouakher.jpg","width":1200,"height":593,"caption":"Riadh Mouakher d\u00e9finitivement relax\u00e9 par la Cour d\u2019appel de Tunis"},{"@type":"BreadcrumbList","@id":"https:\/\/www.webdo.tn\/fr\/actualite\/national\/riadh-mouakher-definitivement-relaxe-par-la-cour-dappel-de-tunis\/385595\/#breadcrumb","itemListElement":[{"@type":"ListItem","position":1,"name":"Accueil","item":"https:\/\/www.webdo.tn\/fr\/"},{"@type":"ListItem","position":2,"name":"Riadh Mouakher d\u00e9finitivement relax\u00e9 par la Cour d\u2019appel de Tunis"}]},{"@type":"WebSite","@id":"https:\/\/www.webdo.tn\/fr\/#website","url":"https:\/\/www.webdo.tn\/fr\/","name":"webdo","description":"Tunisie - News en Tunisie et \u00e0 l&#039;international sur Webdo.tn","publisher":{"@id":"https:\/\/www.webdo.tn\/fr\/#organization"},"potentialAction":[{"@type":"SearchAction","target":{"@type":"EntryPoint","urlTemplate":"https:\/\/www.webdo.tn\/fr\/?s={search_term_string}"},"query-input":{"@type":"PropertyValueSpecification","valueRequired":true,"valueName":"search_term_string"}}],"inLanguage":"fr-FR"},{"@type":"Organization","@id":"https:\/\/www.webdo.tn\/fr\/#organization","name":"Webdo","alternateName":"Webdo.tn","url":"https:\/\/www.webdo.tn\/fr\/","logo":{"@type":"ImageObject","inLanguage":"fr-FR","@id":"https:\/\/www.webdo.tn\/fr\/#\/schema\/logo\/image\/","url":"https:\/\/www.webdo.tn\/fr\/wp-content\/uploads\/2025\/06\/Webdo-Tunisie_168377.jpg","contentUrl":"https:\/\/www.webdo.tn\/fr\/wp-content\/uploads\/2025\/06\/Webdo-Tunisie_168377.jpg","width":301,"height":301,"caption":"Webdo"},"image":{"@id":"https:\/\/www.webdo.tn\/fr\/#\/schema\/logo\/image\/"},"sameAs":["https:\/\/www.facebook.com\/webdotn","https:\/\/x.com\/webdo_tn"],"description":"Webdo est un m\u00e9dia num\u00e9rique tunisien fond\u00e9 en 2010, sp\u00e9cialis\u00e9 dans l\u2019actualit\u00e9 nationale et internationale, l\u2019\u00e9conomie, la soci\u00e9t\u00e9 et les analyses politiques. Le site s\u2019adresse \u00e0 un large public francophone et couvre l\u2019information tunisienne en temps r\u00e9el.","email":"redac@webdo.tn","legalName":"YNJ SARL","foundingDate":"2010-09-06","numberOfEmployees":{"@type":"QuantitativeValue","minValue":"11","maxValue":"50"}},{"@type":"Person","@id":"https:\/\/www.webdo.tn\/fr\/#\/schema\/person\/c652cd8fc2b1b44412b5ffb48c5a911d","name":"Mohamed Hedi Touati","image":{"@type":"ImageObject","inLanguage":"fr-FR","@id":"https:\/\/secure.gravatar.com\/avatar\/9cfd402c745b7a685f13eed0ea6e59d2144a3c2fc50a3db6fd5ed451f6cddf1a?s=96&d=mm&r=g","url":"https:\/\/secure.gravatar.com\/avatar\/9cfd402c745b7a685f13eed0ea6e59d2144a3c2fc50a3db6fd5ed451f6cddf1a?s=96&d=mm&r=g","contentUrl":"https:\/\/secure.gravatar.com\/avatar\/9cfd402c745b7a685f13eed0ea6e59d2144a3c2fc50a3db6fd5ed451f6cddf1a?s=96&d=mm&r=g","caption":"Mohamed Hedi Touati"},"url":"https:\/\/www.webdo.tn\/fr\/actualite\/author\/mohamed-hedi-touati\/"}]}},"_links":{"self":[{"href":"https:\/\/www.webdo.tn\/fr\/wp-json\/wp\/v2\/posts\/385595","targetHints":{"allow":["GET"]}}],"collection":[{"href":"https:\/\/www.webdo.tn\/fr\/wp-json\/wp\/v2\/posts"}],"about":[{"href":"https:\/\/www.webdo.tn\/fr\/wp-json\/wp\/v2\/types\/post"}],"author":[{"embeddable":true,"href":"https:\/\/www.webdo.tn\/fr\/wp-json\/wp\/v2\/users\/3191"}],"replies":[{"embeddable":true,"href":"https:\/\/www.webdo.tn\/fr\/wp-json\/wp\/v2\/comments?post=385595"}],"version-history":[{"count":0,"href":"https:\/\/www.webdo.tn\/fr\/wp-json\/wp\/v2\/posts\/385595\/revisions"}],"wp:featuredmedia":[{"embeddable":true,"href":"https:\/\/www.webdo.tn\/fr\/wp-json\/wp\/v2\/media\/385596"}],"wp:attachment":[{"href":"https:\/\/www.webdo.tn\/fr\/wp-json\/wp\/v2\/media?parent=385595"}],"wp:term":[{"taxonomy":"category","embeddable":true,"href":"https:\/\/www.webdo.tn\/fr\/wp-json\/wp\/v2\/categories?post=385595"},{"taxonomy":"post_tag","embeddable":true,"href":"https:\/\/www.webdo.tn\/fr\/wp-json\/wp\/v2\/tags?post=385595"}],"curies":[{"name":"wp","href":"https:\/\/api.w.org\/{rel}","templated":true}]}}