{"id":385468,"date":"2025-10-11T09:12:40","date_gmt":"2025-10-11T08:12:40","guid":{"rendered":"https:\/\/www.webdo.tn\/fr\/?p=385468"},"modified":"2025-10-13T08:42:00","modified_gmt":"2025-10-13T07:42:00","slug":"trump-transforme-le-nobel-de-machado-en-hommage-personnel","status":"publish","type":"post","link":"https:\/\/www.webdo.tn\/fr\/actualite\/international\/trump-transforme-le-nobel-de-machado-en-hommage-personnel\/385468\/","title":{"rendered":"Trump transforme le Nobel de Machado en hommage personnel"},"content":{"rendered":"\n<p>Fid\u00e8le \u00e0 son style, Donald Trump a trouv\u00e9 le moyen de ramener \u00e0 lui le prix Nobel de la paix attribu\u00e9 vendredi \u00e0 Maria Corina Machado, figure de l\u2019opposition v\u00e9n\u00e9zu\u00e9lienne r\u00e9compens\u00e9e pour son combat d\u00e9mocratique contre le r\u00e9gime de Nicol\u00e1s Maduro.<\/p>\n\n\n\n<p>Lors d\u2019une conf\u00e9rence de presse \u00e0 Washington, le pr\u00e9sident am\u00e9ricain a affirm\u00e9 que la laur\u00e9ate l\u2019avait appel\u00e9 \u201cpour lui d\u00e9dier\u201d la distinction.<\/p>\n\n\n\n<p>\u201cElle m\u2019a dit qu\u2019elle l\u2019acceptait en mon honneur, parce que je le m\u00e9rite vraiment\u201d, a lanc\u00e9 Trump, avant d\u2019ajouter, non sans humour : \u201cJe ne lui ai pas demand\u00e9 de me le donner, mais elle aurait pu.\u201d<\/p>\n\n\n\n<p>Maria Corina Machado a bien confirm\u00e9 un entretien t\u00e9l\u00e9phonique avec le pr\u00e9sident am\u00e9ricain dans un entretien \u00e0 El Pa\u00eds, mais sans mentionner de d\u00e9dicace.<\/p>\n\n\n\n<p>\u00c0 la Maison-Blanche, ces d\u00e9clarations font grincer des dents : plusieurs conseillers d\u00e9noncent une r\u00e9cup\u00e9ration politique, tandis que Trump assure qu\u2019il \u201ccontinuera \u00e0 sauver des vies et \u00e0 conclure des accords de paix\u201d.<\/p>\n\n\n\n<p><\/p>\n\n\n\n<blockquote class=\"twitter-tweet\" data-media-max-width=\"560\"><p lang=\"en\" dir=\"ltr\">Trump: &quot;The person who actually got the Nobel Prize called today, called me, and said &#39;I&#39;m accepting this in honor of you, because you really deserved it.&#39; A really nice thing to do. I didn&#39;t say &#39;Then give it to me, though.&#39;&quot; <a href=\"https:\/\/t.co\/NsMY97IP2J\">pic.twitter.com\/NsMY97IP2J<\/a><\/p>&mdash; Aaron Rupar (@atrupar) <a href=\"https:\/\/twitter.com\/atrupar\/status\/1976774847557435774?ref_src=twsrc%5Etfw\">October 10, 2025<\/a><\/blockquote> <script async src=\"https:\/\/platform.twitter.com\/widgets.js\" charset=\"utf-8\"><\/script>\n\n\n\n<p><\/p>\n\n\n\n<p>Lire aussi :<\/p>\n\n\n\n<ul class=\"wp-block-list\">\n<li><a href=\"https:\/\/www.webdo.tn\/fr\/actualite\/international\/nobel-de-la-paix-le-reve-trumpien-seffondre\/385404\/\">Nobel de la paix : Le r\u00eave trumpien s\u2019effondre !<\/a><\/li>\n\n\n\n<li><a href=\"https:\/\/www.webdo.tn\/fr\/actualite\/international\/maria-corina-machado-prix-nobel-de-la-paix-2025-symbole-du-courage-democratique\/385408\/\">Maria Corina Machado, prix Nobel de la paix 2025, symbole du courage d\u00e9mocratique<\/a><\/li>\n<\/ul>\n","protected":false},"excerpt":{"rendered":"<p>Fid\u00e8le \u00e0 son style, Donald Trump a trouv\u00e9 le moyen de ramener \u00e0 lui le prix Nobel de la paix attribu\u00e9 vendredi \u00e0 Maria Corina Machado, figure de l\u2019opposition v\u00e9n\u00e9zu\u00e9lienne r\u00e9compens\u00e9e pour son combat d\u00e9mocratique contre le r\u00e9gime de Nicol\u00e1s Maduro. Lors d\u2019une conf\u00e9rence de presse \u00e0 Washington, le pr\u00e9sident am\u00e9ricain a affirm\u00e9 que la [&hellip;]<\/p>\n","protected":false},"author":3191,"featured_media":385469,"comment_status":"closed","ping_status":"closed","sticky":false,"template":"","format":"standard","meta":{"footnotes":""},"categories":[2598],"tags":[2916,13081,12821],"class_list":["post-385468","post","type-post","status-publish","format-standard","has-post-thumbnail","hentry","category-international","tag-donald-trump","tag-maria-corina-machado","tag-prix-nobel-de-la-paix"],"yoast_head":"<!-- This site is optimized with the Yoast SEO Premium plugin v27.5 (Yoast SEO v27.5) - https:\/\/yoast.com\/product\/yoast-seo-premium-wordpress\/ -->\n<title>Trump transforme le Nobel de Machado en hommage personnel - webdo<\/title>\n<meta name=\"description\" content=\"Lors d&#039;une d\u00e9claration, Trump a li\u00e9 le prix Nobel de Machado \u00e0 sa propre r\u00e9putation. En savoir plus sur cet hommage personnel.\" \/>\n<link rel=\"canonical\" href=\"https:\/\/www.webdo.tn\/fr\/actualite\/international\/trump-transforme-le-nobel-de-machado-en-hommage-personnel\/385468\/\" \/>\n<meta property=\"og:locale\" content=\"fr_FR\" \/>\n<meta property=\"og:type\" content=\"article\" \/>\n<meta property=\"og:title\" content=\"Trump transforme le Nobel de Machado en hommage personnel\" \/>\n<meta property=\"og:description\" content=\"Lors d&#039;une d\u00e9claration, Trump a li\u00e9 le prix Nobel de Machado \u00e0 sa propre r\u00e9putation. En savoir plus sur cet hommage personnel.\" \/>\n<meta property=\"og:url\" content=\"https:\/\/www.webdo.tn\/fr\/actualite\/international\/trump-transforme-le-nobel-de-machado-en-hommage-personnel\/385468\/\" \/>\n<meta property=\"og:site_name\" content=\"webdo\" \/>\n<meta property=\"article:publisher\" content=\"https:\/\/www.facebook.com\/webdotn\" \/>\n<meta property=\"article:published_time\" content=\"2025-10-11T08:12:40+00:00\" \/>\n<meta property=\"article:modified_time\" content=\"2025-10-13T07:42:00+00:00\" \/>\n<meta property=\"og:image\" content=\"https:\/\/www.webdo.tn\/fr\/wp-content\/uploads\/2025\/10\/Trump-1.jpg\" \/>\n\t<meta property=\"og:image:width\" content=\"800\" \/>\n\t<meta property=\"og:image:height\" content=\"397\" \/>\n\t<meta property=\"og:image:type\" content=\"image\/jpeg\" \/>\n<meta name=\"author\" content=\"Mohamed Hedi Touati\" \/>\n<meta name=\"twitter:card\" content=\"summary_large_image\" \/>\n<meta name=\"twitter:creator\" content=\"@webdo_tn\" \/>\n<meta name=\"twitter:site\" content=\"@webdo_tn\" \/>\n<meta name=\"twitter:label1\" content=\"\u00c9crit par\" \/>\n\t<meta name=\"twitter:data1\" content=\"Mohamed Hedi Touati\" \/>\n\t<meta name=\"twitter:label2\" content=\"Dur\u00e9e de lecture estim\u00e9e\" \/>\n\t<meta name=\"twitter:data2\" content=\"2 minutes\" \/>\n<script type=\"application\/ld+json\" class=\"yoast-schema-graph\">{\"@context\":\"https:\\\/\\\/schema.org\",\"@graph\":[{\"@type\":\"NewsArticle\",\"@id\":\"https:\\\/\\\/www.webdo.tn\\\/fr\\\/actualite\\\/international\\\/trump-transforme-le-nobel-de-machado-en-hommage-personnel\\\/385468\\\/#article\",\"isPartOf\":{\"@id\":\"https:\\\/\\\/www.webdo.tn\\\/fr\\\/actualite\\\/international\\\/trump-transforme-le-nobel-de-machado-en-hommage-personnel\\\/385468\\\/\"},\"author\":{\"name\":\"Mohamed Hedi Touati\",\"@id\":\"https:\\\/\\\/www.webdo.tn\\\/fr\\\/#\\\/schema\\\/person\\\/c652cd8fc2b1b44412b5ffb48c5a911d\"},\"headline\":\"Trump transforme le Nobel de Machado en hommage personnel\",\"datePublished\":\"2025-10-11T08:12:40+00:00\",\"dateModified\":\"2025-10-13T07:42:00+00:00\",\"mainEntityOfPage\":{\"@id\":\"https:\\\/\\\/www.webdo.tn\\\/fr\\\/actualite\\\/international\\\/trump-transforme-le-nobel-de-machado-en-hommage-personnel\\\/385468\\\/\"},\"wordCount\":271,\"publisher\":{\"@id\":\"https:\\\/\\\/www.webdo.tn\\\/fr\\\/#organization\"},\"image\":{\"@id\":\"https:\\\/\\\/www.webdo.tn\\\/fr\\\/actualite\\\/international\\\/trump-transforme-le-nobel-de-machado-en-hommage-personnel\\\/385468\\\/#primaryimage\"},\"thumbnailUrl\":\"https:\\\/\\\/www.webdo.tn\\\/fr\\\/wp-content\\\/uploads\\\/2025\\\/10\\\/Trump-1.jpg\",\"keywords\":[\"Donald Trump\",\"Maria Corina Machado\",\"prix nobel de la paix\"],\"articleSection\":[\"International\"],\"inLanguage\":\"fr-FR\"},{\"@type\":\"WebPage\",\"@id\":\"https:\\\/\\\/www.webdo.tn\\\/fr\\\/actualite\\\/international\\\/trump-transforme-le-nobel-de-machado-en-hommage-personnel\\\/385468\\\/\",\"url\":\"https:\\\/\\\/www.webdo.tn\\\/fr\\\/actualite\\\/international\\\/trump-transforme-le-nobel-de-machado-en-hommage-personnel\\\/385468\\\/\",\"name\":\"Trump transforme le Nobel de Machado en hommage personnel - webdo\",\"isPartOf\":{\"@id\":\"https:\\\/\\\/www.webdo.tn\\\/fr\\\/#website\"},\"primaryImageOfPage\":{\"@id\":\"https:\\\/\\\/www.webdo.tn\\\/fr\\\/actualite\\\/international\\\/trump-transforme-le-nobel-de-machado-en-hommage-personnel\\\/385468\\\/#primaryimage\"},\"image\":{\"@id\":\"https:\\\/\\\/www.webdo.tn\\\/fr\\\/actualite\\\/international\\\/trump-transforme-le-nobel-de-machado-en-hommage-personnel\\\/385468\\\/#primaryimage\"},\"thumbnailUrl\":\"https:\\\/\\\/www.webdo.tn\\\/fr\\\/wp-content\\\/uploads\\\/2025\\\/10\\\/Trump-1.jpg\",\"datePublished\":\"2025-10-11T08:12:40+00:00\",\"dateModified\":\"2025-10-13T07:42:00+00:00\",\"description\":\"Lors d'une d\u00e9claration, Trump a li\u00e9 le prix Nobel de Machado \u00e0 sa propre r\u00e9putation. En savoir plus sur cet hommage personnel.\",\"breadcrumb\":{\"@id\":\"https:\\\/\\\/www.webdo.tn\\\/fr\\\/actualite\\\/international\\\/trump-transforme-le-nobel-de-machado-en-hommage-personnel\\\/385468\\\/#breadcrumb\"},\"inLanguage\":\"fr-FR\",\"potentialAction\":[{\"@type\":\"ReadAction\",\"target\":[\"https:\\\/\\\/www.webdo.tn\\\/fr\\\/actualite\\\/international\\\/trump-transforme-le-nobel-de-machado-en-hommage-personnel\\\/385468\\\/\"]}]},{\"@type\":\"ImageObject\",\"inLanguage\":\"fr-FR\",\"@id\":\"https:\\\/\\\/www.webdo.tn\\\/fr\\\/actualite\\\/international\\\/trump-transforme-le-nobel-de-machado-en-hommage-personnel\\\/385468\\\/#primaryimage\",\"url\":\"https:\\\/\\\/www.webdo.tn\\\/fr\\\/wp-content\\\/uploads\\\/2025\\\/10\\\/Trump-1.jpg\",\"contentUrl\":\"https:\\\/\\\/www.webdo.tn\\\/fr\\\/wp-content\\\/uploads\\\/2025\\\/10\\\/Trump-1.jpg\",\"width\":800,\"height\":397,\"caption\":\"Trump transforme le Nobel de Machado en hommage personnel\"},{\"@type\":\"BreadcrumbList\",\"@id\":\"https:\\\/\\\/www.webdo.tn\\\/fr\\\/actualite\\\/international\\\/trump-transforme-le-nobel-de-machado-en-hommage-personnel\\\/385468\\\/#breadcrumb\",\"itemListElement\":[{\"@type\":\"ListItem\",\"position\":1,\"name\":\"Accueil\",\"item\":\"https:\\\/\\\/www.webdo.tn\\\/fr\\\/\"},{\"@type\":\"ListItem\",\"position\":2,\"name\":\"Trump transforme le Nobel de Machado en hommage personnel\"}]},{\"@type\":\"WebSite\",\"@id\":\"https:\\\/\\\/www.webdo.tn\\\/fr\\\/#website\",\"url\":\"https:\\\/\\\/www.webdo.tn\\\/fr\\\/\",\"name\":\"webdo\",\"description\":\"Tunisie - News en Tunisie et \u00e0 l&#039;international sur Webdo.tn\",\"publisher\":{\"@id\":\"https:\\\/\\\/www.webdo.tn\\\/fr\\\/#organization\"},\"potentialAction\":[{\"@type\":\"SearchAction\",\"target\":{\"@type\":\"EntryPoint\",\"urlTemplate\":\"https:\\\/\\\/www.webdo.tn\\\/fr\\\/?s={search_term_string}\"},\"query-input\":{\"@type\":\"PropertyValueSpecification\",\"valueRequired\":true,\"valueName\":\"search_term_string\"}}],\"inLanguage\":\"fr-FR\"},{\"@type\":\"Organization\",\"@id\":\"https:\\\/\\\/www.webdo.tn\\\/fr\\\/#organization\",\"name\":\"Webdo\",\"alternateName\":\"Webdo.tn\",\"url\":\"https:\\\/\\\/www.webdo.tn\\\/fr\\\/\",\"logo\":{\"@type\":\"ImageObject\",\"inLanguage\":\"fr-FR\",\"@id\":\"https:\\\/\\\/www.webdo.tn\\\/fr\\\/#\\\/schema\\\/logo\\\/image\\\/\",\"url\":\"https:\\\/\\\/www.webdo.tn\\\/fr\\\/wp-content\\\/uploads\\\/2025\\\/06\\\/Webdo-Tunisie_168377.jpg\",\"contentUrl\":\"https:\\\/\\\/www.webdo.tn\\\/fr\\\/wp-content\\\/uploads\\\/2025\\\/06\\\/Webdo-Tunisie_168377.jpg\",\"width\":301,\"height\":301,\"caption\":\"Webdo\"},\"image\":{\"@id\":\"https:\\\/\\\/www.webdo.tn\\\/fr\\\/#\\\/schema\\\/logo\\\/image\\\/\"},\"sameAs\":[\"https:\\\/\\\/www.facebook.com\\\/webdotn\",\"https:\\\/\\\/x.com\\\/webdo_tn\"],\"description\":\"Webdo est un m\u00e9dia num\u00e9rique tunisien fond\u00e9 en 2010, sp\u00e9cialis\u00e9 dans l\u2019actualit\u00e9 nationale et internationale, l\u2019\u00e9conomie, la soci\u00e9t\u00e9 et les analyses politiques. Le site s\u2019adresse \u00e0 un large public francophone et couvre l\u2019information tunisienne en temps r\u00e9el.\",\"email\":\"redac@webdo.tn\",\"legalName\":\"YNJ SARL\",\"foundingDate\":\"2010-09-06\",\"numberOfEmployees\":{\"@type\":\"QuantitativeValue\",\"minValue\":\"11\",\"maxValue\":\"50\"}},{\"@type\":\"Person\",\"@id\":\"https:\\\/\\\/www.webdo.tn\\\/fr\\\/#\\\/schema\\\/person\\\/c652cd8fc2b1b44412b5ffb48c5a911d\",\"name\":\"Mohamed Hedi Touati\",\"image\":{\"@type\":\"ImageObject\",\"inLanguage\":\"fr-FR\",\"@id\":\"https:\\\/\\\/secure.gravatar.com\\\/avatar\\\/9cfd402c745b7a685f13eed0ea6e59d2144a3c2fc50a3db6fd5ed451f6cddf1a?s=96&d=mm&r=g\",\"url\":\"https:\\\/\\\/secure.gravatar.com\\\/avatar\\\/9cfd402c745b7a685f13eed0ea6e59d2144a3c2fc50a3db6fd5ed451f6cddf1a?s=96&d=mm&r=g\",\"contentUrl\":\"https:\\\/\\\/secure.gravatar.com\\\/avatar\\\/9cfd402c745b7a685f13eed0ea6e59d2144a3c2fc50a3db6fd5ed451f6cddf1a?s=96&d=mm&r=g\",\"caption\":\"Mohamed Hedi Touati\"},\"url\":\"https:\\\/\\\/www.webdo.tn\\\/fr\\\/actualite\\\/author\\\/mohamed-hedi-touati\\\/\"}]}<\/script>\n<!-- \/ Yoast SEO Premium plugin. -->","yoast_head_json":{"title":"Trump transforme le Nobel de Machado en hommage personnel - webdo","description":"Lors d'une d\u00e9claration, Trump a li\u00e9 le prix Nobel de Machado \u00e0 sa propre r\u00e9putation. En savoir plus sur cet hommage personnel.","canonical":"https:\/\/www.webdo.tn\/fr\/actualite\/international\/trump-transforme-le-nobel-de-machado-en-hommage-personnel\/385468\/","og_locale":"fr_FR","og_type":"article","og_title":"Trump transforme le Nobel de Machado en hommage personnel","og_description":"Lors d'une d\u00e9claration, Trump a li\u00e9 le prix Nobel de Machado \u00e0 sa propre r\u00e9putation. En savoir plus sur cet hommage personnel.","og_url":"https:\/\/www.webdo.tn\/fr\/actualite\/international\/trump-transforme-le-nobel-de-machado-en-hommage-personnel\/385468\/","og_site_name":"webdo","article_publisher":"https:\/\/www.facebook.com\/webdotn","article_published_time":"2025-10-11T08:12:40+00:00","article_modified_time":"2025-10-13T07:42:00+00:00","og_image":[{"width":800,"height":397,"url":"https:\/\/www.webdo.tn\/fr\/wp-content\/uploads\/2025\/10\/Trump-1.jpg","type":"image\/jpeg"}],"author":"Mohamed Hedi Touati","twitter_card":"summary_large_image","twitter_creator":"@webdo_tn","twitter_site":"@webdo_tn","twitter_misc":{"\u00c9crit par":"Mohamed Hedi Touati","Dur\u00e9e de lecture estim\u00e9e":"2 minutes"},"schema":{"@context":"https:\/\/schema.org","@graph":[{"@type":"NewsArticle","@id":"https:\/\/www.webdo.tn\/fr\/actualite\/international\/trump-transforme-le-nobel-de-machado-en-hommage-personnel\/385468\/#article","isPartOf":{"@id":"https:\/\/www.webdo.tn\/fr\/actualite\/international\/trump-transforme-le-nobel-de-machado-en-hommage-personnel\/385468\/"},"author":{"name":"Mohamed Hedi Touati","@id":"https:\/\/www.webdo.tn\/fr\/#\/schema\/person\/c652cd8fc2b1b44412b5ffb48c5a911d"},"headline":"Trump transforme le Nobel de Machado en hommage personnel","datePublished":"2025-10-11T08:12:40+00:00","dateModified":"2025-10-13T07:42:00+00:00","mainEntityOfPage":{"@id":"https:\/\/www.webdo.tn\/fr\/actualite\/international\/trump-transforme-le-nobel-de-machado-en-hommage-personnel\/385468\/"},"wordCount":271,"publisher":{"@id":"https:\/\/www.webdo.tn\/fr\/#organization"},"image":{"@id":"https:\/\/www.webdo.tn\/fr\/actualite\/international\/trump-transforme-le-nobel-de-machado-en-hommage-personnel\/385468\/#primaryimage"},"thumbnailUrl":"https:\/\/www.webdo.tn\/fr\/wp-content\/uploads\/2025\/10\/Trump-1.jpg","keywords":["Donald Trump","Maria Corina Machado","prix nobel de la paix"],"articleSection":["International"],"inLanguage":"fr-FR"},{"@type":"WebPage","@id":"https:\/\/www.webdo.tn\/fr\/actualite\/international\/trump-transforme-le-nobel-de-machado-en-hommage-personnel\/385468\/","url":"https:\/\/www.webdo.tn\/fr\/actualite\/international\/trump-transforme-le-nobel-de-machado-en-hommage-personnel\/385468\/","name":"Trump transforme le Nobel de Machado en hommage personnel - webdo","isPartOf":{"@id":"https:\/\/www.webdo.tn\/fr\/#website"},"primaryImageOfPage":{"@id":"https:\/\/www.webdo.tn\/fr\/actualite\/international\/trump-transforme-le-nobel-de-machado-en-hommage-personnel\/385468\/#primaryimage"},"image":{"@id":"https:\/\/www.webdo.tn\/fr\/actualite\/international\/trump-transforme-le-nobel-de-machado-en-hommage-personnel\/385468\/#primaryimage"},"thumbnailUrl":"https:\/\/www.webdo.tn\/fr\/wp-content\/uploads\/2025\/10\/Trump-1.jpg","datePublished":"2025-10-11T08:12:40+00:00","dateModified":"2025-10-13T07:42:00+00:00","description":"Lors d'une d\u00e9claration, Trump a li\u00e9 le prix Nobel de Machado \u00e0 sa propre r\u00e9putation. En savoir plus sur cet hommage personnel.","breadcrumb":{"@id":"https:\/\/www.webdo.tn\/fr\/actualite\/international\/trump-transforme-le-nobel-de-machado-en-hommage-personnel\/385468\/#breadcrumb"},"inLanguage":"fr-FR","potentialAction":[{"@type":"ReadAction","target":["https:\/\/www.webdo.tn\/fr\/actualite\/international\/trump-transforme-le-nobel-de-machado-en-hommage-personnel\/385468\/"]}]},{"@type":"ImageObject","inLanguage":"fr-FR","@id":"https:\/\/www.webdo.tn\/fr\/actualite\/international\/trump-transforme-le-nobel-de-machado-en-hommage-personnel\/385468\/#primaryimage","url":"https:\/\/www.webdo.tn\/fr\/wp-content\/uploads\/2025\/10\/Trump-1.jpg","contentUrl":"https:\/\/www.webdo.tn\/fr\/wp-content\/uploads\/2025\/10\/Trump-1.jpg","width":800,"height":397,"caption":"Trump transforme le Nobel de Machado en hommage personnel"},{"@type":"BreadcrumbList","@id":"https:\/\/www.webdo.tn\/fr\/actualite\/international\/trump-transforme-le-nobel-de-machado-en-hommage-personnel\/385468\/#breadcrumb","itemListElement":[{"@type":"ListItem","position":1,"name":"Accueil","item":"https:\/\/www.webdo.tn\/fr\/"},{"@type":"ListItem","position":2,"name":"Trump transforme le Nobel de Machado en hommage personnel"}]},{"@type":"WebSite","@id":"https:\/\/www.webdo.tn\/fr\/#website","url":"https:\/\/www.webdo.tn\/fr\/","name":"webdo","description":"Tunisie - News en Tunisie et \u00e0 l&#039;international sur Webdo.tn","publisher":{"@id":"https:\/\/www.webdo.tn\/fr\/#organization"},"potentialAction":[{"@type":"SearchAction","target":{"@type":"EntryPoint","urlTemplate":"https:\/\/www.webdo.tn\/fr\/?s={search_term_string}"},"query-input":{"@type":"PropertyValueSpecification","valueRequired":true,"valueName":"search_term_string"}}],"inLanguage":"fr-FR"},{"@type":"Organization","@id":"https:\/\/www.webdo.tn\/fr\/#organization","name":"Webdo","alternateName":"Webdo.tn","url":"https:\/\/www.webdo.tn\/fr\/","logo":{"@type":"ImageObject","inLanguage":"fr-FR","@id":"https:\/\/www.webdo.tn\/fr\/#\/schema\/logo\/image\/","url":"https:\/\/www.webdo.tn\/fr\/wp-content\/uploads\/2025\/06\/Webdo-Tunisie_168377.jpg","contentUrl":"https:\/\/www.webdo.tn\/fr\/wp-content\/uploads\/2025\/06\/Webdo-Tunisie_168377.jpg","width":301,"height":301,"caption":"Webdo"},"image":{"@id":"https:\/\/www.webdo.tn\/fr\/#\/schema\/logo\/image\/"},"sameAs":["https:\/\/www.facebook.com\/webdotn","https:\/\/x.com\/webdo_tn"],"description":"Webdo est un m\u00e9dia num\u00e9rique tunisien fond\u00e9 en 2010, sp\u00e9cialis\u00e9 dans l\u2019actualit\u00e9 nationale et internationale, l\u2019\u00e9conomie, la soci\u00e9t\u00e9 et les analyses politiques. Le site s\u2019adresse \u00e0 un large public francophone et couvre l\u2019information tunisienne en temps r\u00e9el.","email":"redac@webdo.tn","legalName":"YNJ SARL","foundingDate":"2010-09-06","numberOfEmployees":{"@type":"QuantitativeValue","minValue":"11","maxValue":"50"}},{"@type":"Person","@id":"https:\/\/www.webdo.tn\/fr\/#\/schema\/person\/c652cd8fc2b1b44412b5ffb48c5a911d","name":"Mohamed Hedi Touati","image":{"@type":"ImageObject","inLanguage":"fr-FR","@id":"https:\/\/secure.gravatar.com\/avatar\/9cfd402c745b7a685f13eed0ea6e59d2144a3c2fc50a3db6fd5ed451f6cddf1a?s=96&d=mm&r=g","url":"https:\/\/secure.gravatar.com\/avatar\/9cfd402c745b7a685f13eed0ea6e59d2144a3c2fc50a3db6fd5ed451f6cddf1a?s=96&d=mm&r=g","contentUrl":"https:\/\/secure.gravatar.com\/avatar\/9cfd402c745b7a685f13eed0ea6e59d2144a3c2fc50a3db6fd5ed451f6cddf1a?s=96&d=mm&r=g","caption":"Mohamed Hedi Touati"},"url":"https:\/\/www.webdo.tn\/fr\/actualite\/author\/mohamed-hedi-touati\/"}]}},"_links":{"self":[{"href":"https:\/\/www.webdo.tn\/fr\/wp-json\/wp\/v2\/posts\/385468","targetHints":{"allow":["GET"]}}],"collection":[{"href":"https:\/\/www.webdo.tn\/fr\/wp-json\/wp\/v2\/posts"}],"about":[{"href":"https:\/\/www.webdo.tn\/fr\/wp-json\/wp\/v2\/types\/post"}],"author":[{"embeddable":true,"href":"https:\/\/www.webdo.tn\/fr\/wp-json\/wp\/v2\/users\/3191"}],"replies":[{"embeddable":true,"href":"https:\/\/www.webdo.tn\/fr\/wp-json\/wp\/v2\/comments?post=385468"}],"version-history":[{"count":0,"href":"https:\/\/www.webdo.tn\/fr\/wp-json\/wp\/v2\/posts\/385468\/revisions"}],"wp:featuredmedia":[{"embeddable":true,"href":"https:\/\/www.webdo.tn\/fr\/wp-json\/wp\/v2\/media\/385469"}],"wp:attachment":[{"href":"https:\/\/www.webdo.tn\/fr\/wp-json\/wp\/v2\/media?parent=385468"}],"wp:term":[{"taxonomy":"category","embeddable":true,"href":"https:\/\/www.webdo.tn\/fr\/wp-json\/wp\/v2\/categories?post=385468"},{"taxonomy":"post_tag","embeddable":true,"href":"https:\/\/www.webdo.tn\/fr\/wp-json\/wp\/v2\/tags?post=385468"}],"curies":[{"name":"wp","href":"https:\/\/api.w.org\/{rel}","templated":true}]}}