{"id":385421,"date":"2025-10-10T12:16:16","date_gmt":"2025-10-10T11:16:16","guid":{"rendered":"https:\/\/www.webdo.tn\/fr\/?p=385421"},"modified":"2025-10-10T12:16:16","modified_gmt":"2025-10-10T11:16:16","slug":"mondiaux-de-taekwondo-2025-12-athletes-tunisiens-en-stage-en-chine","status":"publish","type":"post","link":"https:\/\/www.webdo.tn\/fr\/actualite\/sport\/mondiaux-de-taekwondo-2025-12-athletes-tunisiens-en-stage-en-chine\/385421\/","title":{"rendered":"Mondiaux de Taekwondo 2025 : 12 athl\u00e8tes tunisiens en stage en Chine"},"content":{"rendered":"\n<p><strong>La d\u00e9l\u00e9gation tunisienne de taekwondo est actuellement en Chine pour un stage de pr\u00e9paration avant les Championnats du monde, pr\u00e9vus du 24 au 30 octobre \u00e0 Wuxi. Douze athl\u00e8tes, six hommes et six femmes, repr\u00e9senteront la Tunisie lors de cette comp\u00e9tition internationale majeure.<\/strong><\/p>\n\n\n\n<p>Partie mercredi matin, l\u2019\u00e9quipe nationale tunisienne de taekwondo a entam\u00e9 son ultime phase de pr\u00e9paration \u00e0 la R\u00e9publique populaire de Chine. Ce stage s\u2019inscrit dans la continuit\u00e9 du travail de fond men\u00e9 depuis plusieurs mois pour aff\u00fbter la condition physique et la concentration des athl\u00e8tes avant l\u2019un des plus grands rendez-vous mondiaux de la discipline.<\/p>\n\n\n\n<p>Les Championnats du monde se tiendront au Centre international des expositions Taihu \u00e0 Wuxi, une ville connue pour accueillir r\u00e9guli\u00e8rement des \u00e9v\u00e9nements d\u2019envergure internationale.<\/p>\n\n\n\n<p>La Tunisie alignera une s\u00e9lection \u00e9quilibr\u00e9e compos\u00e9e de douze taekwondo\u00efstes :<\/p>\n\n\n\n<ul class=\"wp-block-list\">\n<li>Hommes : Mohamed Amine Zoghlami (54 kg), Noureddine Triki (58 kg), Mohamed Khalil Jendoubi (63 kg), Fares Boujemai (68 kg), Firas Kattoussi (-80 kg) et Moataz Ifaoui (+87 kg).<\/li>\n<\/ul>\n\n\n\n<ul class=\"wp-block-list\">\n<li>Femmes : A\u00efcha Zoghbi (46 kg), Ikram Dhahri (49 kg), Ouhoud Ben Aoun (53 kg), Cha\u00efma Toumi (57 kg), et Wafa Masghouni (62 kg).<\/li>\n<\/ul>\n\n\n\n<p>Ces athl\u00e8tes auront pour mission de confirmer la progression du taekwondo tunisien sur la sc\u00e8ne internationale et, pourquoi pas, de d\u00e9crocher des m\u00e9dailles face aux meilleurs combattants du monde.<\/p>\n\n\n\n<p><\/p>\n\n\n\n<ul class=\"wp-block-list\">\n<li>Lire aussi : <a href=\"https:\/\/www.webdo.tn\/fr\/actualite\/sport\/taekwondo-open-international-dastana-la-tunisie-rafle-sept-medailles-dont-cinq-en-or\/381465\/\">Taekwondo \u2013 Open international d\u2019Astana : La Tunisie rafle sept m\u00e9dailles, dont cinq en or<\/a><\/li>\n<\/ul>\n","protected":false},"excerpt":{"rendered":"<p>La d\u00e9l\u00e9gation tunisienne de taekwondo est actuellement en Chine pour un stage de pr\u00e9paration avant les Championnats du monde, pr\u00e9vus du 24 au 30 octobre \u00e0 Wuxi. Douze athl\u00e8tes, six hommes et six femmes, repr\u00e9senteront la Tunisie lors de cette comp\u00e9tition internationale majeure. Partie mercredi matin, l\u2019\u00e9quipe nationale tunisienne de taekwondo a entam\u00e9 son ultime [&hellip;]<\/p>\n","protected":false},"author":3191,"featured_media":385422,"comment_status":"closed","ping_status":"closed","sticky":false,"template":"","format":"standard","meta":{"footnotes":""},"categories":[2593],"tags":[2694,13083,2608],"class_list":["post-385421","post","type-post","status-publish","format-standard","has-post-thumbnail","hentry","category-sport","tag-chine","tag-mondiaux-de-taekwondo","tag-tunisie"],"yoast_head":"<!-- This site is optimized with the Yoast SEO Premium plugin v27.4 (Yoast SEO v27.5) - https:\/\/yoast.com\/product\/yoast-seo-premium-wordpress\/ -->\n<title>Mondiaux de Taekwondo 2025 : 12 athl\u00e8tes tunisiens en stage en Chine - webdo<\/title>\n<meta name=\"description\" content=\"D\u00e9couvrez les pr\u00e9paratifs de la d\u00e9l\u00e9gation tunisienne pour les Mondiaux de Taekwondo 2025 avec douze athl\u00e8tes en stage en Chine.\" \/>\n<link rel=\"canonical\" href=\"https:\/\/www.webdo.tn\/fr\/actualite\/sport\/mondiaux-de-taekwondo-2025-12-athletes-tunisiens-en-stage-en-chine\/385421\/\" \/>\n<meta property=\"og:locale\" content=\"fr_FR\" \/>\n<meta property=\"og:type\" content=\"article\" \/>\n<meta property=\"og:title\" content=\"Mondiaux de Taekwondo 2025 : 12 athl\u00e8tes tunisiens en stage en Chine\" \/>\n<meta property=\"og:description\" content=\"D\u00e9couvrez les pr\u00e9paratifs de la d\u00e9l\u00e9gation tunisienne pour les Mondiaux de Taekwondo 2025 avec douze athl\u00e8tes en stage en Chine.\" \/>\n<meta property=\"og:url\" content=\"https:\/\/www.webdo.tn\/fr\/actualite\/sport\/mondiaux-de-taekwondo-2025-12-athletes-tunisiens-en-stage-en-chine\/385421\/\" \/>\n<meta property=\"og:site_name\" content=\"webdo\" \/>\n<meta property=\"article:publisher\" content=\"https:\/\/www.facebook.com\/webdotn\" \/>\n<meta property=\"article:published_time\" content=\"2025-10-10T11:16:16+00:00\" \/>\n<meta property=\"og:image\" content=\"https:\/\/www.webdo.tn\/fr\/wp-content\/uploads\/2025\/10\/Mondiaux-de-Taekwondo-12-athletes-tunisiens-en-stage-en-Chine.jpg\" \/>\n\t<meta property=\"og:image:width\" content=\"1200\" \/>\n\t<meta property=\"og:image:height\" content=\"617\" \/>\n\t<meta property=\"og:image:type\" content=\"image\/jpeg\" \/>\n<meta name=\"author\" content=\"Mohamed Hedi Touati\" \/>\n<meta name=\"twitter:card\" content=\"summary_large_image\" \/>\n<meta name=\"twitter:creator\" content=\"@webdo_tn\" \/>\n<meta name=\"twitter:site\" content=\"@webdo_tn\" \/>\n<meta name=\"twitter:label1\" content=\"\u00c9crit par\" \/>\n\t<meta name=\"twitter:data1\" content=\"Mohamed Hedi Touati\" \/>\n\t<meta name=\"twitter:label2\" content=\"Dur\u00e9e de lecture estim\u00e9e\" \/>\n\t<meta name=\"twitter:data2\" content=\"2 minutes\" \/>\n<script type=\"application\/ld+json\" class=\"yoast-schema-graph\">{\"@context\":\"https:\\\/\\\/schema.org\",\"@graph\":[{\"@type\":\"NewsArticle\",\"@id\":\"https:\\\/\\\/www.webdo.tn\\\/fr\\\/actualite\\\/sport\\\/mondiaux-de-taekwondo-2025-12-athletes-tunisiens-en-stage-en-chine\\\/385421\\\/#article\",\"isPartOf\":{\"@id\":\"https:\\\/\\\/www.webdo.tn\\\/fr\\\/actualite\\\/sport\\\/mondiaux-de-taekwondo-2025-12-athletes-tunisiens-en-stage-en-chine\\\/385421\\\/\"},\"author\":{\"name\":\"Mohamed Hedi Touati\",\"@id\":\"https:\\\/\\\/www.webdo.tn\\\/fr\\\/#\\\/schema\\\/person\\\/c652cd8fc2b1b44412b5ffb48c5a911d\"},\"headline\":\"Mondiaux de Taekwondo 2025 : 12 athl\u00e8tes tunisiens en stage en Chine\",\"datePublished\":\"2025-10-10T11:16:16+00:00\",\"mainEntityOfPage\":{\"@id\":\"https:\\\/\\\/www.webdo.tn\\\/fr\\\/actualite\\\/sport\\\/mondiaux-de-taekwondo-2025-12-athletes-tunisiens-en-stage-en-chine\\\/385421\\\/\"},\"wordCount\":252,\"publisher\":{\"@id\":\"https:\\\/\\\/www.webdo.tn\\\/fr\\\/#organization\"},\"image\":{\"@id\":\"https:\\\/\\\/www.webdo.tn\\\/fr\\\/actualite\\\/sport\\\/mondiaux-de-taekwondo-2025-12-athletes-tunisiens-en-stage-en-chine\\\/385421\\\/#primaryimage\"},\"thumbnailUrl\":\"https:\\\/\\\/www.webdo.tn\\\/fr\\\/wp-content\\\/uploads\\\/2025\\\/10\\\/Mondiaux-de-Taekwondo-12-athletes-tunisiens-en-stage-en-Chine.jpg\",\"keywords\":[\"chine\",\"Mondiaux de Taekwondo\",\"Tunisie\"],\"articleSection\":[\"Sport\"],\"inLanguage\":\"fr-FR\"},{\"@type\":\"WebPage\",\"@id\":\"https:\\\/\\\/www.webdo.tn\\\/fr\\\/actualite\\\/sport\\\/mondiaux-de-taekwondo-2025-12-athletes-tunisiens-en-stage-en-chine\\\/385421\\\/\",\"url\":\"https:\\\/\\\/www.webdo.tn\\\/fr\\\/actualite\\\/sport\\\/mondiaux-de-taekwondo-2025-12-athletes-tunisiens-en-stage-en-chine\\\/385421\\\/\",\"name\":\"Mondiaux de Taekwondo 2025 : 12 athl\u00e8tes tunisiens en stage en Chine - webdo\",\"isPartOf\":{\"@id\":\"https:\\\/\\\/www.webdo.tn\\\/fr\\\/#website\"},\"primaryImageOfPage\":{\"@id\":\"https:\\\/\\\/www.webdo.tn\\\/fr\\\/actualite\\\/sport\\\/mondiaux-de-taekwondo-2025-12-athletes-tunisiens-en-stage-en-chine\\\/385421\\\/#primaryimage\"},\"image\":{\"@id\":\"https:\\\/\\\/www.webdo.tn\\\/fr\\\/actualite\\\/sport\\\/mondiaux-de-taekwondo-2025-12-athletes-tunisiens-en-stage-en-chine\\\/385421\\\/#primaryimage\"},\"thumbnailUrl\":\"https:\\\/\\\/www.webdo.tn\\\/fr\\\/wp-content\\\/uploads\\\/2025\\\/10\\\/Mondiaux-de-Taekwondo-12-athletes-tunisiens-en-stage-en-Chine.jpg\",\"datePublished\":\"2025-10-10T11:16:16+00:00\",\"description\":\"D\u00e9couvrez les pr\u00e9paratifs de la d\u00e9l\u00e9gation tunisienne pour les Mondiaux de Taekwondo 2025 avec douze athl\u00e8tes en stage en Chine.\",\"breadcrumb\":{\"@id\":\"https:\\\/\\\/www.webdo.tn\\\/fr\\\/actualite\\\/sport\\\/mondiaux-de-taekwondo-2025-12-athletes-tunisiens-en-stage-en-chine\\\/385421\\\/#breadcrumb\"},\"inLanguage\":\"fr-FR\",\"potentialAction\":[{\"@type\":\"ReadAction\",\"target\":[\"https:\\\/\\\/www.webdo.tn\\\/fr\\\/actualite\\\/sport\\\/mondiaux-de-taekwondo-2025-12-athletes-tunisiens-en-stage-en-chine\\\/385421\\\/\"]}]},{\"@type\":\"ImageObject\",\"inLanguage\":\"fr-FR\",\"@id\":\"https:\\\/\\\/www.webdo.tn\\\/fr\\\/actualite\\\/sport\\\/mondiaux-de-taekwondo-2025-12-athletes-tunisiens-en-stage-en-chine\\\/385421\\\/#primaryimage\",\"url\":\"https:\\\/\\\/www.webdo.tn\\\/fr\\\/wp-content\\\/uploads\\\/2025\\\/10\\\/Mondiaux-de-Taekwondo-12-athletes-tunisiens-en-stage-en-Chine.jpg\",\"contentUrl\":\"https:\\\/\\\/www.webdo.tn\\\/fr\\\/wp-content\\\/uploads\\\/2025\\\/10\\\/Mondiaux-de-Taekwondo-12-athletes-tunisiens-en-stage-en-Chine.jpg\",\"width\":1200,\"height\":617,\"caption\":\"Mondiaux de Taekwondo 2025 : 12 athl\u00e8tes tunisiens en stage en Chine\"},{\"@type\":\"BreadcrumbList\",\"@id\":\"https:\\\/\\\/www.webdo.tn\\\/fr\\\/actualite\\\/sport\\\/mondiaux-de-taekwondo-2025-12-athletes-tunisiens-en-stage-en-chine\\\/385421\\\/#breadcrumb\",\"itemListElement\":[{\"@type\":\"ListItem\",\"position\":1,\"name\":\"Accueil\",\"item\":\"https:\\\/\\\/www.webdo.tn\\\/fr\\\/\"},{\"@type\":\"ListItem\",\"position\":2,\"name\":\"Mondiaux de Taekwondo 2025 : 12 athl\u00e8tes tunisiens en stage en Chine\"}]},{\"@type\":\"WebSite\",\"@id\":\"https:\\\/\\\/www.webdo.tn\\\/fr\\\/#website\",\"url\":\"https:\\\/\\\/www.webdo.tn\\\/fr\\\/\",\"name\":\"webdo\",\"description\":\"Tunisie - News en Tunisie et \u00e0 l&#039;international sur Webdo.tn\",\"publisher\":{\"@id\":\"https:\\\/\\\/www.webdo.tn\\\/fr\\\/#organization\"},\"potentialAction\":[{\"@type\":\"SearchAction\",\"target\":{\"@type\":\"EntryPoint\",\"urlTemplate\":\"https:\\\/\\\/www.webdo.tn\\\/fr\\\/?s={search_term_string}\"},\"query-input\":{\"@type\":\"PropertyValueSpecification\",\"valueRequired\":true,\"valueName\":\"search_term_string\"}}],\"inLanguage\":\"fr-FR\"},{\"@type\":\"Organization\",\"@id\":\"https:\\\/\\\/www.webdo.tn\\\/fr\\\/#organization\",\"name\":\"Webdo\",\"alternateName\":\"Webdo.tn\",\"url\":\"https:\\\/\\\/www.webdo.tn\\\/fr\\\/\",\"logo\":{\"@type\":\"ImageObject\",\"inLanguage\":\"fr-FR\",\"@id\":\"https:\\\/\\\/www.webdo.tn\\\/fr\\\/#\\\/schema\\\/logo\\\/image\\\/\",\"url\":\"https:\\\/\\\/www.webdo.tn\\\/fr\\\/wp-content\\\/uploads\\\/2025\\\/06\\\/Webdo-Tunisie_168377.jpg\",\"contentUrl\":\"https:\\\/\\\/www.webdo.tn\\\/fr\\\/wp-content\\\/uploads\\\/2025\\\/06\\\/Webdo-Tunisie_168377.jpg\",\"width\":301,\"height\":301,\"caption\":\"Webdo\"},\"image\":{\"@id\":\"https:\\\/\\\/www.webdo.tn\\\/fr\\\/#\\\/schema\\\/logo\\\/image\\\/\"},\"sameAs\":[\"https:\\\/\\\/www.facebook.com\\\/webdotn\",\"https:\\\/\\\/x.com\\\/webdo_tn\"],\"description\":\"Webdo est un m\u00e9dia num\u00e9rique tunisien fond\u00e9 en 2010, sp\u00e9cialis\u00e9 dans l\u2019actualit\u00e9 nationale et internationale, l\u2019\u00e9conomie, la soci\u00e9t\u00e9 et les analyses politiques. Le site s\u2019adresse \u00e0 un large public francophone et couvre l\u2019information tunisienne en temps r\u00e9el.\",\"email\":\"redac@webdo.tn\",\"legalName\":\"YNJ SARL\",\"foundingDate\":\"2010-09-06\",\"numberOfEmployees\":{\"@type\":\"QuantitativeValue\",\"minValue\":\"11\",\"maxValue\":\"50\"}},{\"@type\":\"Person\",\"@id\":\"https:\\\/\\\/www.webdo.tn\\\/fr\\\/#\\\/schema\\\/person\\\/c652cd8fc2b1b44412b5ffb48c5a911d\",\"name\":\"Mohamed Hedi Touati\",\"image\":{\"@type\":\"ImageObject\",\"inLanguage\":\"fr-FR\",\"@id\":\"https:\\\/\\\/secure.gravatar.com\\\/avatar\\\/9cfd402c745b7a685f13eed0ea6e59d2144a3c2fc50a3db6fd5ed451f6cddf1a?s=96&d=mm&r=g\",\"url\":\"https:\\\/\\\/secure.gravatar.com\\\/avatar\\\/9cfd402c745b7a685f13eed0ea6e59d2144a3c2fc50a3db6fd5ed451f6cddf1a?s=96&d=mm&r=g\",\"contentUrl\":\"https:\\\/\\\/secure.gravatar.com\\\/avatar\\\/9cfd402c745b7a685f13eed0ea6e59d2144a3c2fc50a3db6fd5ed451f6cddf1a?s=96&d=mm&r=g\",\"caption\":\"Mohamed Hedi Touati\"},\"url\":\"https:\\\/\\\/www.webdo.tn\\\/fr\\\/actualite\\\/author\\\/mohamed-hedi-touati\\\/\"}]}<\/script>\n<!-- \/ Yoast SEO Premium plugin. -->","yoast_head_json":{"title":"Mondiaux de Taekwondo 2025 : 12 athl\u00e8tes tunisiens en stage en Chine - webdo","description":"D\u00e9couvrez les pr\u00e9paratifs de la d\u00e9l\u00e9gation tunisienne pour les Mondiaux de Taekwondo 2025 avec douze athl\u00e8tes en stage en Chine.","canonical":"https:\/\/www.webdo.tn\/fr\/actualite\/sport\/mondiaux-de-taekwondo-2025-12-athletes-tunisiens-en-stage-en-chine\/385421\/","og_locale":"fr_FR","og_type":"article","og_title":"Mondiaux de Taekwondo 2025 : 12 athl\u00e8tes tunisiens en stage en Chine","og_description":"D\u00e9couvrez les pr\u00e9paratifs de la d\u00e9l\u00e9gation tunisienne pour les Mondiaux de Taekwondo 2025 avec douze athl\u00e8tes en stage en Chine.","og_url":"https:\/\/www.webdo.tn\/fr\/actualite\/sport\/mondiaux-de-taekwondo-2025-12-athletes-tunisiens-en-stage-en-chine\/385421\/","og_site_name":"webdo","article_publisher":"https:\/\/www.facebook.com\/webdotn","article_published_time":"2025-10-10T11:16:16+00:00","og_image":[{"width":1200,"height":617,"url":"https:\/\/www.webdo.tn\/fr\/wp-content\/uploads\/2025\/10\/Mondiaux-de-Taekwondo-12-athletes-tunisiens-en-stage-en-Chine.jpg","type":"image\/jpeg"}],"author":"Mohamed Hedi Touati","twitter_card":"summary_large_image","twitter_creator":"@webdo_tn","twitter_site":"@webdo_tn","twitter_misc":{"\u00c9crit par":"Mohamed Hedi Touati","Dur\u00e9e de lecture estim\u00e9e":"2 minutes"},"schema":{"@context":"https:\/\/schema.org","@graph":[{"@type":"NewsArticle","@id":"https:\/\/www.webdo.tn\/fr\/actualite\/sport\/mondiaux-de-taekwondo-2025-12-athletes-tunisiens-en-stage-en-chine\/385421\/#article","isPartOf":{"@id":"https:\/\/www.webdo.tn\/fr\/actualite\/sport\/mondiaux-de-taekwondo-2025-12-athletes-tunisiens-en-stage-en-chine\/385421\/"},"author":{"name":"Mohamed Hedi Touati","@id":"https:\/\/www.webdo.tn\/fr\/#\/schema\/person\/c652cd8fc2b1b44412b5ffb48c5a911d"},"headline":"Mondiaux de Taekwondo 2025 : 12 athl\u00e8tes tunisiens en stage en Chine","datePublished":"2025-10-10T11:16:16+00:00","mainEntityOfPage":{"@id":"https:\/\/www.webdo.tn\/fr\/actualite\/sport\/mondiaux-de-taekwondo-2025-12-athletes-tunisiens-en-stage-en-chine\/385421\/"},"wordCount":252,"publisher":{"@id":"https:\/\/www.webdo.tn\/fr\/#organization"},"image":{"@id":"https:\/\/www.webdo.tn\/fr\/actualite\/sport\/mondiaux-de-taekwondo-2025-12-athletes-tunisiens-en-stage-en-chine\/385421\/#primaryimage"},"thumbnailUrl":"https:\/\/www.webdo.tn\/fr\/wp-content\/uploads\/2025\/10\/Mondiaux-de-Taekwondo-12-athletes-tunisiens-en-stage-en-Chine.jpg","keywords":["chine","Mondiaux de Taekwondo","Tunisie"],"articleSection":["Sport"],"inLanguage":"fr-FR"},{"@type":"WebPage","@id":"https:\/\/www.webdo.tn\/fr\/actualite\/sport\/mondiaux-de-taekwondo-2025-12-athletes-tunisiens-en-stage-en-chine\/385421\/","url":"https:\/\/www.webdo.tn\/fr\/actualite\/sport\/mondiaux-de-taekwondo-2025-12-athletes-tunisiens-en-stage-en-chine\/385421\/","name":"Mondiaux de Taekwondo 2025 : 12 athl\u00e8tes tunisiens en stage en Chine - webdo","isPartOf":{"@id":"https:\/\/www.webdo.tn\/fr\/#website"},"primaryImageOfPage":{"@id":"https:\/\/www.webdo.tn\/fr\/actualite\/sport\/mondiaux-de-taekwondo-2025-12-athletes-tunisiens-en-stage-en-chine\/385421\/#primaryimage"},"image":{"@id":"https:\/\/www.webdo.tn\/fr\/actualite\/sport\/mondiaux-de-taekwondo-2025-12-athletes-tunisiens-en-stage-en-chine\/385421\/#primaryimage"},"thumbnailUrl":"https:\/\/www.webdo.tn\/fr\/wp-content\/uploads\/2025\/10\/Mondiaux-de-Taekwondo-12-athletes-tunisiens-en-stage-en-Chine.jpg","datePublished":"2025-10-10T11:16:16+00:00","description":"D\u00e9couvrez les pr\u00e9paratifs de la d\u00e9l\u00e9gation tunisienne pour les Mondiaux de Taekwondo 2025 avec douze athl\u00e8tes en stage en Chine.","breadcrumb":{"@id":"https:\/\/www.webdo.tn\/fr\/actualite\/sport\/mondiaux-de-taekwondo-2025-12-athletes-tunisiens-en-stage-en-chine\/385421\/#breadcrumb"},"inLanguage":"fr-FR","potentialAction":[{"@type":"ReadAction","target":["https:\/\/www.webdo.tn\/fr\/actualite\/sport\/mondiaux-de-taekwondo-2025-12-athletes-tunisiens-en-stage-en-chine\/385421\/"]}]},{"@type":"ImageObject","inLanguage":"fr-FR","@id":"https:\/\/www.webdo.tn\/fr\/actualite\/sport\/mondiaux-de-taekwondo-2025-12-athletes-tunisiens-en-stage-en-chine\/385421\/#primaryimage","url":"https:\/\/www.webdo.tn\/fr\/wp-content\/uploads\/2025\/10\/Mondiaux-de-Taekwondo-12-athletes-tunisiens-en-stage-en-Chine.jpg","contentUrl":"https:\/\/www.webdo.tn\/fr\/wp-content\/uploads\/2025\/10\/Mondiaux-de-Taekwondo-12-athletes-tunisiens-en-stage-en-Chine.jpg","width":1200,"height":617,"caption":"Mondiaux de Taekwondo 2025 : 12 athl\u00e8tes tunisiens en stage en Chine"},{"@type":"BreadcrumbList","@id":"https:\/\/www.webdo.tn\/fr\/actualite\/sport\/mondiaux-de-taekwondo-2025-12-athletes-tunisiens-en-stage-en-chine\/385421\/#breadcrumb","itemListElement":[{"@type":"ListItem","position":1,"name":"Accueil","item":"https:\/\/www.webdo.tn\/fr\/"},{"@type":"ListItem","position":2,"name":"Mondiaux de Taekwondo 2025 : 12 athl\u00e8tes tunisiens en stage en Chine"}]},{"@type":"WebSite","@id":"https:\/\/www.webdo.tn\/fr\/#website","url":"https:\/\/www.webdo.tn\/fr\/","name":"webdo","description":"Tunisie - News en Tunisie et \u00e0 l&#039;international sur Webdo.tn","publisher":{"@id":"https:\/\/www.webdo.tn\/fr\/#organization"},"potentialAction":[{"@type":"SearchAction","target":{"@type":"EntryPoint","urlTemplate":"https:\/\/www.webdo.tn\/fr\/?s={search_term_string}"},"query-input":{"@type":"PropertyValueSpecification","valueRequired":true,"valueName":"search_term_string"}}],"inLanguage":"fr-FR"},{"@type":"Organization","@id":"https:\/\/www.webdo.tn\/fr\/#organization","name":"Webdo","alternateName":"Webdo.tn","url":"https:\/\/www.webdo.tn\/fr\/","logo":{"@type":"ImageObject","inLanguage":"fr-FR","@id":"https:\/\/www.webdo.tn\/fr\/#\/schema\/logo\/image\/","url":"https:\/\/www.webdo.tn\/fr\/wp-content\/uploads\/2025\/06\/Webdo-Tunisie_168377.jpg","contentUrl":"https:\/\/www.webdo.tn\/fr\/wp-content\/uploads\/2025\/06\/Webdo-Tunisie_168377.jpg","width":301,"height":301,"caption":"Webdo"},"image":{"@id":"https:\/\/www.webdo.tn\/fr\/#\/schema\/logo\/image\/"},"sameAs":["https:\/\/www.facebook.com\/webdotn","https:\/\/x.com\/webdo_tn"],"description":"Webdo est un m\u00e9dia num\u00e9rique tunisien fond\u00e9 en 2010, sp\u00e9cialis\u00e9 dans l\u2019actualit\u00e9 nationale et internationale, l\u2019\u00e9conomie, la soci\u00e9t\u00e9 et les analyses politiques. Le site s\u2019adresse \u00e0 un large public francophone et couvre l\u2019information tunisienne en temps r\u00e9el.","email":"redac@webdo.tn","legalName":"YNJ SARL","foundingDate":"2010-09-06","numberOfEmployees":{"@type":"QuantitativeValue","minValue":"11","maxValue":"50"}},{"@type":"Person","@id":"https:\/\/www.webdo.tn\/fr\/#\/schema\/person\/c652cd8fc2b1b44412b5ffb48c5a911d","name":"Mohamed Hedi Touati","image":{"@type":"ImageObject","inLanguage":"fr-FR","@id":"https:\/\/secure.gravatar.com\/avatar\/9cfd402c745b7a685f13eed0ea6e59d2144a3c2fc50a3db6fd5ed451f6cddf1a?s=96&d=mm&r=g","url":"https:\/\/secure.gravatar.com\/avatar\/9cfd402c745b7a685f13eed0ea6e59d2144a3c2fc50a3db6fd5ed451f6cddf1a?s=96&d=mm&r=g","contentUrl":"https:\/\/secure.gravatar.com\/avatar\/9cfd402c745b7a685f13eed0ea6e59d2144a3c2fc50a3db6fd5ed451f6cddf1a?s=96&d=mm&r=g","caption":"Mohamed Hedi Touati"},"url":"https:\/\/www.webdo.tn\/fr\/actualite\/author\/mohamed-hedi-touati\/"}]}},"_links":{"self":[{"href":"https:\/\/www.webdo.tn\/fr\/wp-json\/wp\/v2\/posts\/385421","targetHints":{"allow":["GET"]}}],"collection":[{"href":"https:\/\/www.webdo.tn\/fr\/wp-json\/wp\/v2\/posts"}],"about":[{"href":"https:\/\/www.webdo.tn\/fr\/wp-json\/wp\/v2\/types\/post"}],"author":[{"embeddable":true,"href":"https:\/\/www.webdo.tn\/fr\/wp-json\/wp\/v2\/users\/3191"}],"replies":[{"embeddable":true,"href":"https:\/\/www.webdo.tn\/fr\/wp-json\/wp\/v2\/comments?post=385421"}],"version-history":[{"count":0,"href":"https:\/\/www.webdo.tn\/fr\/wp-json\/wp\/v2\/posts\/385421\/revisions"}],"wp:featuredmedia":[{"embeddable":true,"href":"https:\/\/www.webdo.tn\/fr\/wp-json\/wp\/v2\/media\/385422"}],"wp:attachment":[{"href":"https:\/\/www.webdo.tn\/fr\/wp-json\/wp\/v2\/media?parent=385421"}],"wp:term":[{"taxonomy":"category","embeddable":true,"href":"https:\/\/www.webdo.tn\/fr\/wp-json\/wp\/v2\/categories?post=385421"},{"taxonomy":"post_tag","embeddable":true,"href":"https:\/\/www.webdo.tn\/fr\/wp-json\/wp\/v2\/tags?post=385421"}],"curies":[{"name":"wp","href":"https:\/\/api.w.org\/{rel}","templated":true}]}}