{"id":385128,"date":"2025-10-07T12:58:39","date_gmt":"2025-10-07T11:58:39","guid":{"rendered":"https:\/\/www.webdo.tn\/fr\/?p=385128"},"modified":"2025-10-07T12:58:40","modified_gmt":"2025-10-07T11:58:40","slug":"plus-de-20-000-etudiants-tunisiens-poursuivent-leurs-etudes-a-letranger-la-france-et-allemagne-en-tete","status":"publish","type":"post","link":"https:\/\/www.webdo.tn\/fr\/actualite\/national\/plus-de-20-000-etudiants-tunisiens-poursuivent-leurs-etudes-a-letranger-la-france-et-allemagne-en-tete\/385128\/","title":{"rendered":"Plus de 20.000 \u00e9tudiants tunisiens poursuivent leurs \u00e9tudes \u00e0 l\u2019\u00e9tranger : La France et Allemagne en t\u00eate"},"content":{"rendered":"\n<p>Selon les derni\u00e8res donn\u00e9es du minist\u00e8re de l\u2019Enseignement sup\u00e9rieur et de la Recherche scientifique, plus de 20.000 \u00e9tudiants tunisiens ont \u00e9t\u00e9 accueillis par des universit\u00e9s \u00e0 l\u2019\u00e9tranger au cours de l\u2019ann\u00e9e 2024, confirmant la forte dynamique de la mobilit\u00e9 acad\u00e9mique internationale.<\/p>\n\n\n\n<p>La France reste la premi\u00e8re destination, avec 8153 \u00e9tudiants tunisiens inscrits dans ses \u00e9tablissements sup\u00e9rieurs, soit pr\u00e8s de 58% du total. L\u2019Allemagne arrive en deuxi\u00e8me position avec 6852 \u00e9tudiants, consolidant ainsi les liens bilat\u00e9raux gr\u00e2ce notamment au programme de partenariat \u00ab Ta\u2019ziz \u00bb, lanc\u00e9 en 2023 par l\u2019Office allemand d\u2019\u00e9changes universitaires (DAAD).<\/p>\n\n\n\n<p>Ce programme favorise le d\u00e9veloppement de la coop\u00e9ration universitaire et scientifique, avec des accords de co-dipl\u00f4mes et de doubles dipl\u00f4mes en ing\u00e9nierie, ainsi que des \u00e9changes dans les sciences humaines et sociales.<\/p>\n\n\n\n<p>En troisi\u00e8me position, l\u2019Italie accueille 1123 \u00e9tudiants tunisiens, suivie par l\u2019Espagne (1090) et le Canada (858). La Russie compl\u00e8te le top 6 avec environ 800 \u00e9tudiants.<\/p>\n\n\n\n<p>Le ministre Mondher Bela\u00efd a soulign\u00e9 lors de la conf\u00e9rence de cl\u00f4ture du programme \u00ab Ta\u2019ziz \u00bb que ces \u00e9changes renforcent les capacit\u00e9s des universit\u00e9s tunisiennes et des chercheurs, tout en cr\u00e9ant des synergies avec les acteurs \u00e9conomiques et sociaux.<\/p>\n\n\n\n<p>Il a \u00e9galement rappel\u00e9 que des \u00e9tudiants allemands choisissent de suivre leurs \u00e9tudes en Tunisie, notamment via les programmes de co-dipl\u00f4mes et Erasmus+, illustrant un v\u00e9ritable flux bidirectionnel d\u2019\u00e9changes acad\u00e9miques.<\/p>\n\n\n\n<p>Le ministre a enfin salu\u00e9 le r\u00f4le de l\u2019Office allemand d\u2019\u00e9changes universitaires, qui contribue \u00e0 la qualit\u00e9 et \u00e0 l\u2019efficacit\u00e9 de ces programmes, et encourag\u00e9 le renforcement de la mobilit\u00e9 acad\u00e9mique et scientifique pour les \u00e9tudiants, chercheurs, doctorants et enseignants tunisiens.<\/p>\n\n\n\n<p><\/p>\n\n\n\n<figure class=\"wp-block-table\"><table class=\"has-fixed-layout\"><thead><tr><th>Rang<\/th><th>Pays<\/th><th>Nombre d\u2019\u00e9tudiants tunisiens<\/th><th>% du total approximatif<\/th><\/tr><\/thead><tbody><tr><td>1<\/td><td>France<\/td><td>8 153<\/td><td>57,9 %<\/td><\/tr><tr><td>2<\/td><td>Allemagne<\/td><td>6 852<\/td><td>20 %<\/td><\/tr><tr><td>3<\/td><td>Italie<\/td><td>1 123<\/td><td>8 %<\/td><\/tr><tr><td>4<\/td><td>Espagne<\/td><td>1 090<\/td><td>7,7 %<\/td><\/tr><tr><td>5<\/td><td>Canada<\/td><td>858<\/td><td>6 %<\/td><\/tr><tr><td>6<\/td><td>Russie<\/td><td>800<\/td><td>5,7 %<\/td><\/tr><\/tbody><\/table><\/figure>\n\n\n\n<p><\/p>\n\n\n\n<ul class=\"wp-block-list\">\n<li>Lire aussi : <a href=\"https:\/\/www.webdo.tn\/fr\/actualite\/national\/la-tunisie-et-l-italie-ouvrent-de-nouvelles-perspectives-pour-les-chercheurs-et-etudiants\/220572\/\">La Tunisie et l\u2019Italie ouvrent de nouvelles perspectives pour les chercheurs et \u00e9tudiants<\/a><\/li>\n<\/ul>\n","protected":false},"excerpt":{"rendered":"<p>Selon les derni\u00e8res donn\u00e9es du minist\u00e8re de l\u2019Enseignement sup\u00e9rieur et de la Recherche scientifique, plus de 20.000 \u00e9tudiants tunisiens ont \u00e9t\u00e9 accueillis par des universit\u00e9s \u00e0 l\u2019\u00e9tranger au cours de l\u2019ann\u00e9e 2024, confirmant la forte dynamique de la mobilit\u00e9 acad\u00e9mique internationale. La France reste la premi\u00e8re destination, avec 8153 \u00e9tudiants tunisiens inscrits dans ses \u00e9tablissements [&hellip;]<\/p>\n","protected":false},"author":3191,"featured_media":385130,"comment_status":"closed","ping_status":"closed","sticky":false,"template":"","format":"standard","meta":{"footnotes":""},"categories":[44],"tags":[3852,2608],"class_list":["post-385128","post","type-post","status-publish","format-standard","has-post-thumbnail","hentry","category-national","tag-etudiants","tag-tunisie"],"yoast_head":"<!-- This site is optimized with the Yoast SEO Premium plugin v27.4 (Yoast SEO v27.4) - https:\/\/yoast.com\/product\/yoast-seo-premium-wordpress\/ -->\n<title>Plus de 20.000 \u00e9tudiants tunisiens poursuivent leurs \u00e9tudes \u00e0 l\u2019\u00e9tranger : La France et Allemagne en t\u00eate - webdo<\/title>\n<meta name=\"description\" content=\"Plus de 20.000 \u00e9tudiants tunisiens ont choisi d&#039;\u00e9tudier \u00e0 l\u2019\u00e9tranger, avec des destinations principales comme la France et l&#039;Allemagne.\" \/>\n<link rel=\"canonical\" href=\"https:\/\/www.webdo.tn\/fr\/actualite\/national\/plus-de-20-000-etudiants-tunisiens-poursuivent-leurs-etudes-a-letranger-la-france-et-allemagne-en-tete\/385128\/\" \/>\n<meta property=\"og:locale\" content=\"fr_FR\" \/>\n<meta property=\"og:type\" content=\"article\" \/>\n<meta property=\"og:title\" content=\"Plus de 20.000 \u00e9tudiants tunisiens poursuivent leurs \u00e9tudes \u00e0 l\u2019\u00e9tranger : La France et Allemagne en t\u00eate\" \/>\n<meta property=\"og:description\" content=\"Plus de 20.000 \u00e9tudiants tunisiens ont choisi d&#039;\u00e9tudier \u00e0 l\u2019\u00e9tranger, avec des destinations principales comme la France et l&#039;Allemagne.\" \/>\n<meta property=\"og:url\" content=\"https:\/\/www.webdo.tn\/fr\/actualite\/national\/plus-de-20-000-etudiants-tunisiens-poursuivent-leurs-etudes-a-letranger-la-france-et-allemagne-en-tete\/385128\/\" \/>\n<meta property=\"og:site_name\" content=\"webdo\" \/>\n<meta property=\"article:publisher\" content=\"https:\/\/www.facebook.com\/webdotn\" \/>\n<meta property=\"article:published_time\" content=\"2025-10-07T11:58:39+00:00\" \/>\n<meta property=\"article:modified_time\" content=\"2025-10-07T11:58:40+00:00\" \/>\n<meta property=\"og:image\" content=\"https:\/\/www.webdo.tn\/fr\/wp-content\/uploads\/2025\/10\/etudiants.jpg\" \/>\n\t<meta property=\"og:image:width\" content=\"1200\" \/>\n\t<meta property=\"og:image:height\" content=\"590\" \/>\n\t<meta property=\"og:image:type\" content=\"image\/jpeg\" \/>\n<meta name=\"author\" content=\"Mohamed Hedi Touati\" \/>\n<meta name=\"twitter:card\" content=\"summary_large_image\" \/>\n<meta name=\"twitter:creator\" content=\"@webdo_tn\" \/>\n<meta name=\"twitter:site\" content=\"@webdo_tn\" \/>\n<meta name=\"twitter:label1\" content=\"\u00c9crit par\" \/>\n\t<meta name=\"twitter:data1\" content=\"Mohamed Hedi Touati\" \/>\n\t<meta name=\"twitter:label2\" content=\"Dur\u00e9e de lecture estim\u00e9e\" \/>\n\t<meta name=\"twitter:data2\" content=\"2 minutes\" \/>\n<script type=\"application\/ld+json\" class=\"yoast-schema-graph\">{\"@context\":\"https:\\\/\\\/schema.org\",\"@graph\":[{\"@type\":\"NewsArticle\",\"@id\":\"https:\\\/\\\/www.webdo.tn\\\/fr\\\/actualite\\\/national\\\/plus-de-20-000-etudiants-tunisiens-poursuivent-leurs-etudes-a-letranger-la-france-et-allemagne-en-tete\\\/385128\\\/#article\",\"isPartOf\":{\"@id\":\"https:\\\/\\\/www.webdo.tn\\\/fr\\\/actualite\\\/national\\\/plus-de-20-000-etudiants-tunisiens-poursuivent-leurs-etudes-a-letranger-la-france-et-allemagne-en-tete\\\/385128\\\/\"},\"author\":{\"name\":\"Mohamed Hedi Touati\",\"@id\":\"https:\\\/\\\/www.webdo.tn\\\/fr\\\/#\\\/schema\\\/person\\\/c652cd8fc2b1b44412b5ffb48c5a911d\"},\"headline\":\"Plus de 20.000 \u00e9tudiants tunisiens poursuivent leurs \u00e9tudes \u00e0 l\u2019\u00e9tranger : La France et Allemagne en t\u00eate\",\"datePublished\":\"2025-10-07T11:58:39+00:00\",\"dateModified\":\"2025-10-07T11:58:40+00:00\",\"mainEntityOfPage\":{\"@id\":\"https:\\\/\\\/www.webdo.tn\\\/fr\\\/actualite\\\/national\\\/plus-de-20-000-etudiants-tunisiens-poursuivent-leurs-etudes-a-letranger-la-france-et-allemagne-en-tete\\\/385128\\\/\"},\"wordCount\":336,\"publisher\":{\"@id\":\"https:\\\/\\\/www.webdo.tn\\\/fr\\\/#organization\"},\"image\":{\"@id\":\"https:\\\/\\\/www.webdo.tn\\\/fr\\\/actualite\\\/national\\\/plus-de-20-000-etudiants-tunisiens-poursuivent-leurs-etudes-a-letranger-la-france-et-allemagne-en-tete\\\/385128\\\/#primaryimage\"},\"thumbnailUrl\":\"https:\\\/\\\/www.webdo.tn\\\/fr\\\/wp-content\\\/uploads\\\/2025\\\/10\\\/etudiants.jpg\",\"keywords\":[\"\u00e9tudiants\",\"Tunisie\"],\"articleSection\":[\"National\"],\"inLanguage\":\"fr-FR\"},{\"@type\":\"WebPage\",\"@id\":\"https:\\\/\\\/www.webdo.tn\\\/fr\\\/actualite\\\/national\\\/plus-de-20-000-etudiants-tunisiens-poursuivent-leurs-etudes-a-letranger-la-france-et-allemagne-en-tete\\\/385128\\\/\",\"url\":\"https:\\\/\\\/www.webdo.tn\\\/fr\\\/actualite\\\/national\\\/plus-de-20-000-etudiants-tunisiens-poursuivent-leurs-etudes-a-letranger-la-france-et-allemagne-en-tete\\\/385128\\\/\",\"name\":\"Plus de 20.000 \u00e9tudiants tunisiens poursuivent leurs \u00e9tudes \u00e0 l\u2019\u00e9tranger : La France et Allemagne en t\u00eate - webdo\",\"isPartOf\":{\"@id\":\"https:\\\/\\\/www.webdo.tn\\\/fr\\\/#website\"},\"primaryImageOfPage\":{\"@id\":\"https:\\\/\\\/www.webdo.tn\\\/fr\\\/actualite\\\/national\\\/plus-de-20-000-etudiants-tunisiens-poursuivent-leurs-etudes-a-letranger-la-france-et-allemagne-en-tete\\\/385128\\\/#primaryimage\"},\"image\":{\"@id\":\"https:\\\/\\\/www.webdo.tn\\\/fr\\\/actualite\\\/national\\\/plus-de-20-000-etudiants-tunisiens-poursuivent-leurs-etudes-a-letranger-la-france-et-allemagne-en-tete\\\/385128\\\/#primaryimage\"},\"thumbnailUrl\":\"https:\\\/\\\/www.webdo.tn\\\/fr\\\/wp-content\\\/uploads\\\/2025\\\/10\\\/etudiants.jpg\",\"datePublished\":\"2025-10-07T11:58:39+00:00\",\"dateModified\":\"2025-10-07T11:58:40+00:00\",\"description\":\"Plus de 20.000 \u00e9tudiants tunisiens ont choisi d'\u00e9tudier \u00e0 l\u2019\u00e9tranger, avec des destinations principales comme la France et l'Allemagne.\",\"breadcrumb\":{\"@id\":\"https:\\\/\\\/www.webdo.tn\\\/fr\\\/actualite\\\/national\\\/plus-de-20-000-etudiants-tunisiens-poursuivent-leurs-etudes-a-letranger-la-france-et-allemagne-en-tete\\\/385128\\\/#breadcrumb\"},\"inLanguage\":\"fr-FR\",\"potentialAction\":[{\"@type\":\"ReadAction\",\"target\":[\"https:\\\/\\\/www.webdo.tn\\\/fr\\\/actualite\\\/national\\\/plus-de-20-000-etudiants-tunisiens-poursuivent-leurs-etudes-a-letranger-la-france-et-allemagne-en-tete\\\/385128\\\/\"]}]},{\"@type\":\"ImageObject\",\"inLanguage\":\"fr-FR\",\"@id\":\"https:\\\/\\\/www.webdo.tn\\\/fr\\\/actualite\\\/national\\\/plus-de-20-000-etudiants-tunisiens-poursuivent-leurs-etudes-a-letranger-la-france-et-allemagne-en-tete\\\/385128\\\/#primaryimage\",\"url\":\"https:\\\/\\\/www.webdo.tn\\\/fr\\\/wp-content\\\/uploads\\\/2025\\\/10\\\/etudiants.jpg\",\"contentUrl\":\"https:\\\/\\\/www.webdo.tn\\\/fr\\\/wp-content\\\/uploads\\\/2025\\\/10\\\/etudiants.jpg\",\"width\":1200,\"height\":590,\"caption\":\"Plus de 20.000 \u00e9tudiants tunisiens poursuivent leurs \u00e9tudes \u00e0 l\u2019\u00e9tranger : La France et Allemagne en t\u00eate\"},{\"@type\":\"BreadcrumbList\",\"@id\":\"https:\\\/\\\/www.webdo.tn\\\/fr\\\/actualite\\\/national\\\/plus-de-20-000-etudiants-tunisiens-poursuivent-leurs-etudes-a-letranger-la-france-et-allemagne-en-tete\\\/385128\\\/#breadcrumb\",\"itemListElement\":[{\"@type\":\"ListItem\",\"position\":1,\"name\":\"Accueil\",\"item\":\"https:\\\/\\\/www.webdo.tn\\\/fr\\\/\"},{\"@type\":\"ListItem\",\"position\":2,\"name\":\"Plus de 20.000 \u00e9tudiants tunisiens poursuivent leurs \u00e9tudes \u00e0 l\u2019\u00e9tranger : La France et Allemagne en t\u00eate\"}]},{\"@type\":\"WebSite\",\"@id\":\"https:\\\/\\\/www.webdo.tn\\\/fr\\\/#website\",\"url\":\"https:\\\/\\\/www.webdo.tn\\\/fr\\\/\",\"name\":\"webdo\",\"description\":\"Tunisie - News en Tunisie et \u00e0 l&#039;international sur Webdo.tn\",\"publisher\":{\"@id\":\"https:\\\/\\\/www.webdo.tn\\\/fr\\\/#organization\"},\"potentialAction\":[{\"@type\":\"SearchAction\",\"target\":{\"@type\":\"EntryPoint\",\"urlTemplate\":\"https:\\\/\\\/www.webdo.tn\\\/fr\\\/?s={search_term_string}\"},\"query-input\":{\"@type\":\"PropertyValueSpecification\",\"valueRequired\":true,\"valueName\":\"search_term_string\"}}],\"inLanguage\":\"fr-FR\"},{\"@type\":\"Organization\",\"@id\":\"https:\\\/\\\/www.webdo.tn\\\/fr\\\/#organization\",\"name\":\"Webdo\",\"alternateName\":\"Webdo.tn\",\"url\":\"https:\\\/\\\/www.webdo.tn\\\/fr\\\/\",\"logo\":{\"@type\":\"ImageObject\",\"inLanguage\":\"fr-FR\",\"@id\":\"https:\\\/\\\/www.webdo.tn\\\/fr\\\/#\\\/schema\\\/logo\\\/image\\\/\",\"url\":\"https:\\\/\\\/www.webdo.tn\\\/fr\\\/wp-content\\\/uploads\\\/2025\\\/06\\\/Webdo-Tunisie_168377.jpg\",\"contentUrl\":\"https:\\\/\\\/www.webdo.tn\\\/fr\\\/wp-content\\\/uploads\\\/2025\\\/06\\\/Webdo-Tunisie_168377.jpg\",\"width\":301,\"height\":301,\"caption\":\"Webdo\"},\"image\":{\"@id\":\"https:\\\/\\\/www.webdo.tn\\\/fr\\\/#\\\/schema\\\/logo\\\/image\\\/\"},\"sameAs\":[\"https:\\\/\\\/www.facebook.com\\\/webdotn\",\"https:\\\/\\\/x.com\\\/webdo_tn\"],\"description\":\"Webdo est un m\u00e9dia num\u00e9rique tunisien fond\u00e9 en 2010, sp\u00e9cialis\u00e9 dans l\u2019actualit\u00e9 nationale et internationale, l\u2019\u00e9conomie, la soci\u00e9t\u00e9 et les analyses politiques. Le site s\u2019adresse \u00e0 un large public francophone et couvre l\u2019information tunisienne en temps r\u00e9el.\",\"email\":\"redac@webdo.tn\",\"legalName\":\"YNJ SARL\",\"foundingDate\":\"2010-09-06\",\"numberOfEmployees\":{\"@type\":\"QuantitativeValue\",\"minValue\":\"11\",\"maxValue\":\"50\"}},{\"@type\":\"Person\",\"@id\":\"https:\\\/\\\/www.webdo.tn\\\/fr\\\/#\\\/schema\\\/person\\\/c652cd8fc2b1b44412b5ffb48c5a911d\",\"name\":\"Mohamed Hedi Touati\",\"image\":{\"@type\":\"ImageObject\",\"inLanguage\":\"fr-FR\",\"@id\":\"https:\\\/\\\/secure.gravatar.com\\\/avatar\\\/9cfd402c745b7a685f13eed0ea6e59d2144a3c2fc50a3db6fd5ed451f6cddf1a?s=96&d=mm&r=g\",\"url\":\"https:\\\/\\\/secure.gravatar.com\\\/avatar\\\/9cfd402c745b7a685f13eed0ea6e59d2144a3c2fc50a3db6fd5ed451f6cddf1a?s=96&d=mm&r=g\",\"contentUrl\":\"https:\\\/\\\/secure.gravatar.com\\\/avatar\\\/9cfd402c745b7a685f13eed0ea6e59d2144a3c2fc50a3db6fd5ed451f6cddf1a?s=96&d=mm&r=g\",\"caption\":\"Mohamed Hedi Touati\"},\"url\":\"https:\\\/\\\/www.webdo.tn\\\/fr\\\/actualite\\\/author\\\/mohamed-hedi-touati\\\/\"}]}<\/script>\n<!-- \/ Yoast SEO Premium plugin. -->","yoast_head_json":{"title":"Plus de 20.000 \u00e9tudiants tunisiens poursuivent leurs \u00e9tudes \u00e0 l\u2019\u00e9tranger : La France et Allemagne en t\u00eate - webdo","description":"Plus de 20.000 \u00e9tudiants tunisiens ont choisi d'\u00e9tudier \u00e0 l\u2019\u00e9tranger, avec des destinations principales comme la France et l'Allemagne.","canonical":"https:\/\/www.webdo.tn\/fr\/actualite\/national\/plus-de-20-000-etudiants-tunisiens-poursuivent-leurs-etudes-a-letranger-la-france-et-allemagne-en-tete\/385128\/","og_locale":"fr_FR","og_type":"article","og_title":"Plus de 20.000 \u00e9tudiants tunisiens poursuivent leurs \u00e9tudes \u00e0 l\u2019\u00e9tranger : La France et Allemagne en t\u00eate","og_description":"Plus de 20.000 \u00e9tudiants tunisiens ont choisi d'\u00e9tudier \u00e0 l\u2019\u00e9tranger, avec des destinations principales comme la France et l'Allemagne.","og_url":"https:\/\/www.webdo.tn\/fr\/actualite\/national\/plus-de-20-000-etudiants-tunisiens-poursuivent-leurs-etudes-a-letranger-la-france-et-allemagne-en-tete\/385128\/","og_site_name":"webdo","article_publisher":"https:\/\/www.facebook.com\/webdotn","article_published_time":"2025-10-07T11:58:39+00:00","article_modified_time":"2025-10-07T11:58:40+00:00","og_image":[{"width":1200,"height":590,"url":"https:\/\/www.webdo.tn\/fr\/wp-content\/uploads\/2025\/10\/etudiants.jpg","type":"image\/jpeg"}],"author":"Mohamed Hedi Touati","twitter_card":"summary_large_image","twitter_creator":"@webdo_tn","twitter_site":"@webdo_tn","twitter_misc":{"\u00c9crit par":"Mohamed Hedi Touati","Dur\u00e9e de lecture estim\u00e9e":"2 minutes"},"schema":{"@context":"https:\/\/schema.org","@graph":[{"@type":"NewsArticle","@id":"https:\/\/www.webdo.tn\/fr\/actualite\/national\/plus-de-20-000-etudiants-tunisiens-poursuivent-leurs-etudes-a-letranger-la-france-et-allemagne-en-tete\/385128\/#article","isPartOf":{"@id":"https:\/\/www.webdo.tn\/fr\/actualite\/national\/plus-de-20-000-etudiants-tunisiens-poursuivent-leurs-etudes-a-letranger-la-france-et-allemagne-en-tete\/385128\/"},"author":{"name":"Mohamed Hedi Touati","@id":"https:\/\/www.webdo.tn\/fr\/#\/schema\/person\/c652cd8fc2b1b44412b5ffb48c5a911d"},"headline":"Plus de 20.000 \u00e9tudiants tunisiens poursuivent leurs \u00e9tudes \u00e0 l\u2019\u00e9tranger : La France et Allemagne en t\u00eate","datePublished":"2025-10-07T11:58:39+00:00","dateModified":"2025-10-07T11:58:40+00:00","mainEntityOfPage":{"@id":"https:\/\/www.webdo.tn\/fr\/actualite\/national\/plus-de-20-000-etudiants-tunisiens-poursuivent-leurs-etudes-a-letranger-la-france-et-allemagne-en-tete\/385128\/"},"wordCount":336,"publisher":{"@id":"https:\/\/www.webdo.tn\/fr\/#organization"},"image":{"@id":"https:\/\/www.webdo.tn\/fr\/actualite\/national\/plus-de-20-000-etudiants-tunisiens-poursuivent-leurs-etudes-a-letranger-la-france-et-allemagne-en-tete\/385128\/#primaryimage"},"thumbnailUrl":"https:\/\/www.webdo.tn\/fr\/wp-content\/uploads\/2025\/10\/etudiants.jpg","keywords":["\u00e9tudiants","Tunisie"],"articleSection":["National"],"inLanguage":"fr-FR"},{"@type":"WebPage","@id":"https:\/\/www.webdo.tn\/fr\/actualite\/national\/plus-de-20-000-etudiants-tunisiens-poursuivent-leurs-etudes-a-letranger-la-france-et-allemagne-en-tete\/385128\/","url":"https:\/\/www.webdo.tn\/fr\/actualite\/national\/plus-de-20-000-etudiants-tunisiens-poursuivent-leurs-etudes-a-letranger-la-france-et-allemagne-en-tete\/385128\/","name":"Plus de 20.000 \u00e9tudiants tunisiens poursuivent leurs \u00e9tudes \u00e0 l\u2019\u00e9tranger : La France et Allemagne en t\u00eate - webdo","isPartOf":{"@id":"https:\/\/www.webdo.tn\/fr\/#website"},"primaryImageOfPage":{"@id":"https:\/\/www.webdo.tn\/fr\/actualite\/national\/plus-de-20-000-etudiants-tunisiens-poursuivent-leurs-etudes-a-letranger-la-france-et-allemagne-en-tete\/385128\/#primaryimage"},"image":{"@id":"https:\/\/www.webdo.tn\/fr\/actualite\/national\/plus-de-20-000-etudiants-tunisiens-poursuivent-leurs-etudes-a-letranger-la-france-et-allemagne-en-tete\/385128\/#primaryimage"},"thumbnailUrl":"https:\/\/www.webdo.tn\/fr\/wp-content\/uploads\/2025\/10\/etudiants.jpg","datePublished":"2025-10-07T11:58:39+00:00","dateModified":"2025-10-07T11:58:40+00:00","description":"Plus de 20.000 \u00e9tudiants tunisiens ont choisi d'\u00e9tudier \u00e0 l\u2019\u00e9tranger, avec des destinations principales comme la France et l'Allemagne.","breadcrumb":{"@id":"https:\/\/www.webdo.tn\/fr\/actualite\/national\/plus-de-20-000-etudiants-tunisiens-poursuivent-leurs-etudes-a-letranger-la-france-et-allemagne-en-tete\/385128\/#breadcrumb"},"inLanguage":"fr-FR","potentialAction":[{"@type":"ReadAction","target":["https:\/\/www.webdo.tn\/fr\/actualite\/national\/plus-de-20-000-etudiants-tunisiens-poursuivent-leurs-etudes-a-letranger-la-france-et-allemagne-en-tete\/385128\/"]}]},{"@type":"ImageObject","inLanguage":"fr-FR","@id":"https:\/\/www.webdo.tn\/fr\/actualite\/national\/plus-de-20-000-etudiants-tunisiens-poursuivent-leurs-etudes-a-letranger-la-france-et-allemagne-en-tete\/385128\/#primaryimage","url":"https:\/\/www.webdo.tn\/fr\/wp-content\/uploads\/2025\/10\/etudiants.jpg","contentUrl":"https:\/\/www.webdo.tn\/fr\/wp-content\/uploads\/2025\/10\/etudiants.jpg","width":1200,"height":590,"caption":"Plus de 20.000 \u00e9tudiants tunisiens poursuivent leurs \u00e9tudes \u00e0 l\u2019\u00e9tranger : La France et Allemagne en t\u00eate"},{"@type":"BreadcrumbList","@id":"https:\/\/www.webdo.tn\/fr\/actualite\/national\/plus-de-20-000-etudiants-tunisiens-poursuivent-leurs-etudes-a-letranger-la-france-et-allemagne-en-tete\/385128\/#breadcrumb","itemListElement":[{"@type":"ListItem","position":1,"name":"Accueil","item":"https:\/\/www.webdo.tn\/fr\/"},{"@type":"ListItem","position":2,"name":"Plus de 20.000 \u00e9tudiants tunisiens poursuivent leurs \u00e9tudes \u00e0 l\u2019\u00e9tranger : La France et Allemagne en t\u00eate"}]},{"@type":"WebSite","@id":"https:\/\/www.webdo.tn\/fr\/#website","url":"https:\/\/www.webdo.tn\/fr\/","name":"webdo","description":"Tunisie - News en Tunisie et \u00e0 l&#039;international sur Webdo.tn","publisher":{"@id":"https:\/\/www.webdo.tn\/fr\/#organization"},"potentialAction":[{"@type":"SearchAction","target":{"@type":"EntryPoint","urlTemplate":"https:\/\/www.webdo.tn\/fr\/?s={search_term_string}"},"query-input":{"@type":"PropertyValueSpecification","valueRequired":true,"valueName":"search_term_string"}}],"inLanguage":"fr-FR"},{"@type":"Organization","@id":"https:\/\/www.webdo.tn\/fr\/#organization","name":"Webdo","alternateName":"Webdo.tn","url":"https:\/\/www.webdo.tn\/fr\/","logo":{"@type":"ImageObject","inLanguage":"fr-FR","@id":"https:\/\/www.webdo.tn\/fr\/#\/schema\/logo\/image\/","url":"https:\/\/www.webdo.tn\/fr\/wp-content\/uploads\/2025\/06\/Webdo-Tunisie_168377.jpg","contentUrl":"https:\/\/www.webdo.tn\/fr\/wp-content\/uploads\/2025\/06\/Webdo-Tunisie_168377.jpg","width":301,"height":301,"caption":"Webdo"},"image":{"@id":"https:\/\/www.webdo.tn\/fr\/#\/schema\/logo\/image\/"},"sameAs":["https:\/\/www.facebook.com\/webdotn","https:\/\/x.com\/webdo_tn"],"description":"Webdo est un m\u00e9dia num\u00e9rique tunisien fond\u00e9 en 2010, sp\u00e9cialis\u00e9 dans l\u2019actualit\u00e9 nationale et internationale, l\u2019\u00e9conomie, la soci\u00e9t\u00e9 et les analyses politiques. Le site s\u2019adresse \u00e0 un large public francophone et couvre l\u2019information tunisienne en temps r\u00e9el.","email":"redac@webdo.tn","legalName":"YNJ SARL","foundingDate":"2010-09-06","numberOfEmployees":{"@type":"QuantitativeValue","minValue":"11","maxValue":"50"}},{"@type":"Person","@id":"https:\/\/www.webdo.tn\/fr\/#\/schema\/person\/c652cd8fc2b1b44412b5ffb48c5a911d","name":"Mohamed Hedi Touati","image":{"@type":"ImageObject","inLanguage":"fr-FR","@id":"https:\/\/secure.gravatar.com\/avatar\/9cfd402c745b7a685f13eed0ea6e59d2144a3c2fc50a3db6fd5ed451f6cddf1a?s=96&d=mm&r=g","url":"https:\/\/secure.gravatar.com\/avatar\/9cfd402c745b7a685f13eed0ea6e59d2144a3c2fc50a3db6fd5ed451f6cddf1a?s=96&d=mm&r=g","contentUrl":"https:\/\/secure.gravatar.com\/avatar\/9cfd402c745b7a685f13eed0ea6e59d2144a3c2fc50a3db6fd5ed451f6cddf1a?s=96&d=mm&r=g","caption":"Mohamed Hedi Touati"},"url":"https:\/\/www.webdo.tn\/fr\/actualite\/author\/mohamed-hedi-touati\/"}]}},"_links":{"self":[{"href":"https:\/\/www.webdo.tn\/fr\/wp-json\/wp\/v2\/posts\/385128","targetHints":{"allow":["GET"]}}],"collection":[{"href":"https:\/\/www.webdo.tn\/fr\/wp-json\/wp\/v2\/posts"}],"about":[{"href":"https:\/\/www.webdo.tn\/fr\/wp-json\/wp\/v2\/types\/post"}],"author":[{"embeddable":true,"href":"https:\/\/www.webdo.tn\/fr\/wp-json\/wp\/v2\/users\/3191"}],"replies":[{"embeddable":true,"href":"https:\/\/www.webdo.tn\/fr\/wp-json\/wp\/v2\/comments?post=385128"}],"version-history":[{"count":0,"href":"https:\/\/www.webdo.tn\/fr\/wp-json\/wp\/v2\/posts\/385128\/revisions"}],"wp:featuredmedia":[{"embeddable":true,"href":"https:\/\/www.webdo.tn\/fr\/wp-json\/wp\/v2\/media\/385130"}],"wp:attachment":[{"href":"https:\/\/www.webdo.tn\/fr\/wp-json\/wp\/v2\/media?parent=385128"}],"wp:term":[{"taxonomy":"category","embeddable":true,"href":"https:\/\/www.webdo.tn\/fr\/wp-json\/wp\/v2\/categories?post=385128"},{"taxonomy":"post_tag","embeddable":true,"href":"https:\/\/www.webdo.tn\/fr\/wp-json\/wp\/v2\/tags?post=385128"}],"curies":[{"name":"wp","href":"https:\/\/api.w.org\/{rel}","templated":true}]}}