{"id":384997,"date":"2025-10-06T10:10:48","date_gmt":"2025-10-06T09:10:48","guid":{"rendered":"https:\/\/www.webdo.tn\/fr\/?p=384997"},"modified":"2025-10-06T10:13:11","modified_gmt":"2025-10-06T09:13:11","slug":"deux-greffes-dorganes-reussies-grace-a-une-coordination-medicale-nationale","status":"publish","type":"post","link":"https:\/\/www.webdo.tn\/fr\/actualite\/national\/deux-greffes-dorganes-reussies-grace-a-une-coordination-medicale-nationale\/384997\/","title":{"rendered":"Deux greffes d\u2019organes r\u00e9ussies gr\u00e2ce \u00e0 une coordination m\u00e9dicale nationale"},"content":{"rendered":"\n<p>Deux op\u00e9rations de greffe d\u2019organes ont \u00e9t\u00e9 r\u00e9alis\u00e9es avec succ\u00e8s ce week-end \u00e0 Kairouan, \u00e0 partir d\u2019un donneur \u00e2g\u00e9 de 32 ans. Une prouesse rendue possible gr\u00e2ce \u00e0 une coordination entre plusieurs h\u00f4pitaux du pays, sous la supervision du Centre national pour la promotion de la transplantation d\u2019organes.<\/p>\n\n\n\n<p>Les interventions ont mobilis\u00e9 les \u00e9quipes des h\u00f4pitaux Ibn El Jazzar de Kairouan, Fattouma Bourguiba de Monastir, Sahloul de Sousse et Charles Nicolle de Tunis. Cette collaboration exemplaire a permis de sauver plusieurs vies, illustrant l\u2019efficacit\u00e9 du dispositif national de greffe.<\/p>\n\n\n\n<h2 class=\"wp-block-heading\">Un geste de noblesse<\/h2>\n\n\n\n<p>Selon le minist\u00e8re de la Sant\u00e9, la famille du donneur a pris la d\u00e9cision g\u00e9n\u00e9reuse d\u2019offrir une seconde chance \u00e0 des patients en attente, transformant la perte d\u2019un \u00eatre cher en un acte d\u2019espoir et d\u2019humanit\u00e9.<\/p>\n\n\n\n<p>Le minist\u00e8re a salu\u00e9 le professionnalisme des \u00e9quipes m\u00e9dicales et du personnel de sant\u00e9 ayant contribu\u00e9 \u00e0 la r\u00e9ussite des op\u00e9rations. Il a \u00e9galement rendu hommage \u00e0 la m\u00e9moire du donneur et \u00e0 la noblesse de sa famille, symbole de solidarit\u00e9 et de don de soi.<\/p>\n\n\n\n<p><\/p>\n\n\n\n<iframe src=\"https:\/\/www.facebook.com\/plugins\/post.php?href=https%3A%2F%2Fwww.facebook.com%2Fsantetunisie.rns.tn%2Fposts%2Fpfbid0khyQC62B9cFYiaQ73zZhDQsgmTYWSdcrEQv25z3qkTQCJd4iVdTUHq5NVhyZLUtzl&#038;show_text=true&#038;width=500\" width=\"500\" height=\"698\" style=\"border:none;overflow:hidden\" scrolling=\"no\" frameborder=\"0\" allowfullscreen=\"true\" allow=\"autoplay; clipboard-write; encrypted-media; picture-in-picture; web-share\"><\/iframe>\n\n\n\n<p><\/p>\n\n\n\n<ul class=\"wp-block-list\">\n<li>Lire aussi : <a href=\"https:\/\/www.webdo.tn\/fr\/actualite\/national\/espoir-en-attente-la-greffe-dorganes-face-a-ses-limites-en-tunisie\/381046\/\">Espoir en attente : La greffe d\u2019organes face \u00e0 ses limites en Tunisie<\/a><\/li>\n<\/ul>\n","protected":false},"excerpt":{"rendered":"<p>Deux op\u00e9rations de greffe d\u2019organes ont \u00e9t\u00e9 r\u00e9alis\u00e9es avec succ\u00e8s ce week-end \u00e0 Kairouan, \u00e0 partir d\u2019un donneur \u00e2g\u00e9 de 32 ans. Une prouesse rendue possible gr\u00e2ce \u00e0 une coordination entre plusieurs h\u00f4pitaux du pays, sous la supervision du Centre national pour la promotion de la transplantation d\u2019organes. Les interventions ont mobilis\u00e9 les \u00e9quipes des [&hellip;]<\/p>\n","protected":false},"author":3191,"featured_media":384998,"comment_status":"closed","ping_status":"closed","sticky":false,"template":"","format":"standard","meta":{"footnotes":""},"categories":[44],"tags":[11242,2608],"class_list":["post-384997","post","type-post","status-publish","format-standard","has-post-thumbnail","hentry","category-national","tag-greffe-dorganes","tag-tunisie"],"yoast_head":"<!-- This site is optimized with the Yoast SEO Premium plugin v27.5 (Yoast SEO v27.5) - https:\/\/yoast.com\/product\/yoast-seo-premium-wordpress\/ -->\n<title>Deux greffes d\u2019organes r\u00e9ussies gr\u00e2ce \u00e0 une coordination m\u00e9dicale nationale - webdo<\/title>\n<meta name=\"description\" content=\"D\u00e9couvrez comment deux greffes d\u2019organes r\u00e9ussies illustrent l&#039;importance de la coordination m\u00e9dicale nationale en Tunisie.\" \/>\n<link rel=\"canonical\" href=\"https:\/\/www.webdo.tn\/fr\/actualite\/national\/deux-greffes-dorganes-reussies-grace-a-une-coordination-medicale-nationale\/384997\/\" \/>\n<meta property=\"og:locale\" content=\"fr_FR\" \/>\n<meta property=\"og:type\" content=\"article\" \/>\n<meta property=\"og:title\" content=\"Deux greffes d\u2019organes r\u00e9ussies gr\u00e2ce \u00e0 une coordination m\u00e9dicale nationale\" \/>\n<meta property=\"og:description\" content=\"D\u00e9couvrez comment deux greffes d\u2019organes r\u00e9ussies illustrent l&#039;importance de la coordination m\u00e9dicale nationale en Tunisie.\" \/>\n<meta property=\"og:url\" content=\"https:\/\/www.webdo.tn\/fr\/actualite\/national\/deux-greffes-dorganes-reussies-grace-a-une-coordination-medicale-nationale\/384997\/\" \/>\n<meta property=\"og:site_name\" content=\"webdo\" \/>\n<meta property=\"article:publisher\" content=\"https:\/\/www.facebook.com\/webdotn\" \/>\n<meta property=\"article:published_time\" content=\"2025-10-06T09:10:48+00:00\" \/>\n<meta property=\"article:modified_time\" content=\"2025-10-06T09:13:11+00:00\" \/>\n<meta property=\"og:image\" content=\"https:\/\/www.webdo.tn\/fr\/wp-content\/uploads\/2025\/10\/ibn-jazzar.jpg\" \/>\n\t<meta property=\"og:image:width\" content=\"850\" \/>\n\t<meta property=\"og:image:height\" content=\"491\" \/>\n\t<meta property=\"og:image:type\" content=\"image\/jpeg\" \/>\n<meta name=\"author\" content=\"Mohamed Hedi Touati\" \/>\n<meta name=\"twitter:card\" content=\"summary_large_image\" \/>\n<meta name=\"twitter:creator\" content=\"@webdo_tn\" \/>\n<meta name=\"twitter:site\" content=\"@webdo_tn\" \/>\n<meta name=\"twitter:label1\" content=\"\u00c9crit par\" \/>\n\t<meta name=\"twitter:data1\" content=\"Mohamed Hedi Touati\" \/>\n\t<meta name=\"twitter:label2\" content=\"Dur\u00e9e de lecture estim\u00e9e\" \/>\n\t<meta name=\"twitter:data2\" content=\"2 minutes\" \/>\n<script type=\"application\/ld+json\" class=\"yoast-schema-graph\">{\"@context\":\"https:\\\/\\\/schema.org\",\"@graph\":[{\"@type\":\"NewsArticle\",\"@id\":\"https:\\\/\\\/www.webdo.tn\\\/fr\\\/actualite\\\/national\\\/deux-greffes-dorganes-reussies-grace-a-une-coordination-medicale-nationale\\\/384997\\\/#article\",\"isPartOf\":{\"@id\":\"https:\\\/\\\/www.webdo.tn\\\/fr\\\/actualite\\\/national\\\/deux-greffes-dorganes-reussies-grace-a-une-coordination-medicale-nationale\\\/384997\\\/\"},\"author\":{\"name\":\"Mohamed Hedi Touati\",\"@id\":\"https:\\\/\\\/www.webdo.tn\\\/fr\\\/#\\\/schema\\\/person\\\/c652cd8fc2b1b44412b5ffb48c5a911d\"},\"headline\":\"Deux greffes d\u2019organes r\u00e9ussies gr\u00e2ce \u00e0 une coordination m\u00e9dicale nationale\",\"datePublished\":\"2025-10-06T09:10:48+00:00\",\"dateModified\":\"2025-10-06T09:13:11+00:00\",\"mainEntityOfPage\":{\"@id\":\"https:\\\/\\\/www.webdo.tn\\\/fr\\\/actualite\\\/national\\\/deux-greffes-dorganes-reussies-grace-a-une-coordination-medicale-nationale\\\/384997\\\/\"},\"wordCount\":218,\"publisher\":{\"@id\":\"https:\\\/\\\/www.webdo.tn\\\/fr\\\/#organization\"},\"image\":{\"@id\":\"https:\\\/\\\/www.webdo.tn\\\/fr\\\/actualite\\\/national\\\/deux-greffes-dorganes-reussies-grace-a-une-coordination-medicale-nationale\\\/384997\\\/#primaryimage\"},\"thumbnailUrl\":\"https:\\\/\\\/www.webdo.tn\\\/fr\\\/wp-content\\\/uploads\\\/2025\\\/10\\\/ibn-jazzar.jpg\",\"keywords\":[\"\\\"greffe d'organes\\\"]\",\"Tunisie\"],\"articleSection\":[\"National\"],\"inLanguage\":\"fr-FR\"},{\"@type\":\"WebPage\",\"@id\":\"https:\\\/\\\/www.webdo.tn\\\/fr\\\/actualite\\\/national\\\/deux-greffes-dorganes-reussies-grace-a-une-coordination-medicale-nationale\\\/384997\\\/\",\"url\":\"https:\\\/\\\/www.webdo.tn\\\/fr\\\/actualite\\\/national\\\/deux-greffes-dorganes-reussies-grace-a-une-coordination-medicale-nationale\\\/384997\\\/\",\"name\":\"Deux greffes d\u2019organes r\u00e9ussies gr\u00e2ce \u00e0 une coordination m\u00e9dicale nationale - webdo\",\"isPartOf\":{\"@id\":\"https:\\\/\\\/www.webdo.tn\\\/fr\\\/#website\"},\"primaryImageOfPage\":{\"@id\":\"https:\\\/\\\/www.webdo.tn\\\/fr\\\/actualite\\\/national\\\/deux-greffes-dorganes-reussies-grace-a-une-coordination-medicale-nationale\\\/384997\\\/#primaryimage\"},\"image\":{\"@id\":\"https:\\\/\\\/www.webdo.tn\\\/fr\\\/actualite\\\/national\\\/deux-greffes-dorganes-reussies-grace-a-une-coordination-medicale-nationale\\\/384997\\\/#primaryimage\"},\"thumbnailUrl\":\"https:\\\/\\\/www.webdo.tn\\\/fr\\\/wp-content\\\/uploads\\\/2025\\\/10\\\/ibn-jazzar.jpg\",\"datePublished\":\"2025-10-06T09:10:48+00:00\",\"dateModified\":\"2025-10-06T09:13:11+00:00\",\"description\":\"D\u00e9couvrez comment deux greffes d\u2019organes r\u00e9ussies illustrent l'importance de la coordination m\u00e9dicale nationale en Tunisie.\",\"breadcrumb\":{\"@id\":\"https:\\\/\\\/www.webdo.tn\\\/fr\\\/actualite\\\/national\\\/deux-greffes-dorganes-reussies-grace-a-une-coordination-medicale-nationale\\\/384997\\\/#breadcrumb\"},\"inLanguage\":\"fr-FR\",\"potentialAction\":[{\"@type\":\"ReadAction\",\"target\":[\"https:\\\/\\\/www.webdo.tn\\\/fr\\\/actualite\\\/national\\\/deux-greffes-dorganes-reussies-grace-a-une-coordination-medicale-nationale\\\/384997\\\/\"]}]},{\"@type\":\"ImageObject\",\"inLanguage\":\"fr-FR\",\"@id\":\"https:\\\/\\\/www.webdo.tn\\\/fr\\\/actualite\\\/national\\\/deux-greffes-dorganes-reussies-grace-a-une-coordination-medicale-nationale\\\/384997\\\/#primaryimage\",\"url\":\"https:\\\/\\\/www.webdo.tn\\\/fr\\\/wp-content\\\/uploads\\\/2025\\\/10\\\/ibn-jazzar.jpg\",\"contentUrl\":\"https:\\\/\\\/www.webdo.tn\\\/fr\\\/wp-content\\\/uploads\\\/2025\\\/10\\\/ibn-jazzar.jpg\",\"width\":850,\"height\":491,\"caption\":\"Deux greffes d\u2019organes r\u00e9ussies gr\u00e2ce \u00e0 une coordination m\u00e9dicale nationale\"},{\"@type\":\"BreadcrumbList\",\"@id\":\"https:\\\/\\\/www.webdo.tn\\\/fr\\\/actualite\\\/national\\\/deux-greffes-dorganes-reussies-grace-a-une-coordination-medicale-nationale\\\/384997\\\/#breadcrumb\",\"itemListElement\":[{\"@type\":\"ListItem\",\"position\":1,\"name\":\"Accueil\",\"item\":\"https:\\\/\\\/www.webdo.tn\\\/fr\\\/\"},{\"@type\":\"ListItem\",\"position\":2,\"name\":\"Deux greffes d\u2019organes r\u00e9ussies gr\u00e2ce \u00e0 une coordination m\u00e9dicale nationale\"}]},{\"@type\":\"WebSite\",\"@id\":\"https:\\\/\\\/www.webdo.tn\\\/fr\\\/#website\",\"url\":\"https:\\\/\\\/www.webdo.tn\\\/fr\\\/\",\"name\":\"webdo\",\"description\":\"Tunisie - News en Tunisie et \u00e0 l&#039;international sur Webdo.tn\",\"publisher\":{\"@id\":\"https:\\\/\\\/www.webdo.tn\\\/fr\\\/#organization\"},\"potentialAction\":[{\"@type\":\"SearchAction\",\"target\":{\"@type\":\"EntryPoint\",\"urlTemplate\":\"https:\\\/\\\/www.webdo.tn\\\/fr\\\/?s={search_term_string}\"},\"query-input\":{\"@type\":\"PropertyValueSpecification\",\"valueRequired\":true,\"valueName\":\"search_term_string\"}}],\"inLanguage\":\"fr-FR\"},{\"@type\":\"Organization\",\"@id\":\"https:\\\/\\\/www.webdo.tn\\\/fr\\\/#organization\",\"name\":\"Webdo\",\"alternateName\":\"Webdo.tn\",\"url\":\"https:\\\/\\\/www.webdo.tn\\\/fr\\\/\",\"logo\":{\"@type\":\"ImageObject\",\"inLanguage\":\"fr-FR\",\"@id\":\"https:\\\/\\\/www.webdo.tn\\\/fr\\\/#\\\/schema\\\/logo\\\/image\\\/\",\"url\":\"https:\\\/\\\/www.webdo.tn\\\/fr\\\/wp-content\\\/uploads\\\/2025\\\/06\\\/Webdo-Tunisie_168377.jpg\",\"contentUrl\":\"https:\\\/\\\/www.webdo.tn\\\/fr\\\/wp-content\\\/uploads\\\/2025\\\/06\\\/Webdo-Tunisie_168377.jpg\",\"width\":301,\"height\":301,\"caption\":\"Webdo\"},\"image\":{\"@id\":\"https:\\\/\\\/www.webdo.tn\\\/fr\\\/#\\\/schema\\\/logo\\\/image\\\/\"},\"sameAs\":[\"https:\\\/\\\/www.facebook.com\\\/webdotn\",\"https:\\\/\\\/x.com\\\/webdo_tn\"],\"description\":\"Webdo est un m\u00e9dia num\u00e9rique tunisien fond\u00e9 en 2010, sp\u00e9cialis\u00e9 dans l\u2019actualit\u00e9 nationale et internationale, l\u2019\u00e9conomie, la soci\u00e9t\u00e9 et les analyses politiques. Le site s\u2019adresse \u00e0 un large public francophone et couvre l\u2019information tunisienne en temps r\u00e9el.\",\"email\":\"redac@webdo.tn\",\"legalName\":\"YNJ SARL\",\"foundingDate\":\"2010-09-06\",\"numberOfEmployees\":{\"@type\":\"QuantitativeValue\",\"minValue\":\"11\",\"maxValue\":\"50\"}},{\"@type\":\"Person\",\"@id\":\"https:\\\/\\\/www.webdo.tn\\\/fr\\\/#\\\/schema\\\/person\\\/c652cd8fc2b1b44412b5ffb48c5a911d\",\"name\":\"Mohamed Hedi Touati\",\"image\":{\"@type\":\"ImageObject\",\"inLanguage\":\"fr-FR\",\"@id\":\"https:\\\/\\\/secure.gravatar.com\\\/avatar\\\/9cfd402c745b7a685f13eed0ea6e59d2144a3c2fc50a3db6fd5ed451f6cddf1a?s=96&d=mm&r=g\",\"url\":\"https:\\\/\\\/secure.gravatar.com\\\/avatar\\\/9cfd402c745b7a685f13eed0ea6e59d2144a3c2fc50a3db6fd5ed451f6cddf1a?s=96&d=mm&r=g\",\"contentUrl\":\"https:\\\/\\\/secure.gravatar.com\\\/avatar\\\/9cfd402c745b7a685f13eed0ea6e59d2144a3c2fc50a3db6fd5ed451f6cddf1a?s=96&d=mm&r=g\",\"caption\":\"Mohamed Hedi Touati\"},\"url\":\"https:\\\/\\\/www.webdo.tn\\\/fr\\\/actualite\\\/author\\\/mohamed-hedi-touati\\\/\"}]}<\/script>\n<!-- \/ Yoast SEO Premium plugin. -->","yoast_head_json":{"title":"Deux greffes d\u2019organes r\u00e9ussies gr\u00e2ce \u00e0 une coordination m\u00e9dicale nationale - webdo","description":"D\u00e9couvrez comment deux greffes d\u2019organes r\u00e9ussies illustrent l'importance de la coordination m\u00e9dicale nationale en Tunisie.","canonical":"https:\/\/www.webdo.tn\/fr\/actualite\/national\/deux-greffes-dorganes-reussies-grace-a-une-coordination-medicale-nationale\/384997\/","og_locale":"fr_FR","og_type":"article","og_title":"Deux greffes d\u2019organes r\u00e9ussies gr\u00e2ce \u00e0 une coordination m\u00e9dicale nationale","og_description":"D\u00e9couvrez comment deux greffes d\u2019organes r\u00e9ussies illustrent l'importance de la coordination m\u00e9dicale nationale en Tunisie.","og_url":"https:\/\/www.webdo.tn\/fr\/actualite\/national\/deux-greffes-dorganes-reussies-grace-a-une-coordination-medicale-nationale\/384997\/","og_site_name":"webdo","article_publisher":"https:\/\/www.facebook.com\/webdotn","article_published_time":"2025-10-06T09:10:48+00:00","article_modified_time":"2025-10-06T09:13:11+00:00","og_image":[{"width":850,"height":491,"url":"https:\/\/www.webdo.tn\/fr\/wp-content\/uploads\/2025\/10\/ibn-jazzar.jpg","type":"image\/jpeg"}],"author":"Mohamed Hedi Touati","twitter_card":"summary_large_image","twitter_creator":"@webdo_tn","twitter_site":"@webdo_tn","twitter_misc":{"\u00c9crit par":"Mohamed Hedi Touati","Dur\u00e9e de lecture estim\u00e9e":"2 minutes"},"schema":{"@context":"https:\/\/schema.org","@graph":[{"@type":"NewsArticle","@id":"https:\/\/www.webdo.tn\/fr\/actualite\/national\/deux-greffes-dorganes-reussies-grace-a-une-coordination-medicale-nationale\/384997\/#article","isPartOf":{"@id":"https:\/\/www.webdo.tn\/fr\/actualite\/national\/deux-greffes-dorganes-reussies-grace-a-une-coordination-medicale-nationale\/384997\/"},"author":{"name":"Mohamed Hedi Touati","@id":"https:\/\/www.webdo.tn\/fr\/#\/schema\/person\/c652cd8fc2b1b44412b5ffb48c5a911d"},"headline":"Deux greffes d\u2019organes r\u00e9ussies gr\u00e2ce \u00e0 une coordination m\u00e9dicale nationale","datePublished":"2025-10-06T09:10:48+00:00","dateModified":"2025-10-06T09:13:11+00:00","mainEntityOfPage":{"@id":"https:\/\/www.webdo.tn\/fr\/actualite\/national\/deux-greffes-dorganes-reussies-grace-a-une-coordination-medicale-nationale\/384997\/"},"wordCount":218,"publisher":{"@id":"https:\/\/www.webdo.tn\/fr\/#organization"},"image":{"@id":"https:\/\/www.webdo.tn\/fr\/actualite\/national\/deux-greffes-dorganes-reussies-grace-a-une-coordination-medicale-nationale\/384997\/#primaryimage"},"thumbnailUrl":"https:\/\/www.webdo.tn\/fr\/wp-content\/uploads\/2025\/10\/ibn-jazzar.jpg","keywords":["\"greffe d'organes\"]","Tunisie"],"articleSection":["National"],"inLanguage":"fr-FR"},{"@type":"WebPage","@id":"https:\/\/www.webdo.tn\/fr\/actualite\/national\/deux-greffes-dorganes-reussies-grace-a-une-coordination-medicale-nationale\/384997\/","url":"https:\/\/www.webdo.tn\/fr\/actualite\/national\/deux-greffes-dorganes-reussies-grace-a-une-coordination-medicale-nationale\/384997\/","name":"Deux greffes d\u2019organes r\u00e9ussies gr\u00e2ce \u00e0 une coordination m\u00e9dicale nationale - webdo","isPartOf":{"@id":"https:\/\/www.webdo.tn\/fr\/#website"},"primaryImageOfPage":{"@id":"https:\/\/www.webdo.tn\/fr\/actualite\/national\/deux-greffes-dorganes-reussies-grace-a-une-coordination-medicale-nationale\/384997\/#primaryimage"},"image":{"@id":"https:\/\/www.webdo.tn\/fr\/actualite\/national\/deux-greffes-dorganes-reussies-grace-a-une-coordination-medicale-nationale\/384997\/#primaryimage"},"thumbnailUrl":"https:\/\/www.webdo.tn\/fr\/wp-content\/uploads\/2025\/10\/ibn-jazzar.jpg","datePublished":"2025-10-06T09:10:48+00:00","dateModified":"2025-10-06T09:13:11+00:00","description":"D\u00e9couvrez comment deux greffes d\u2019organes r\u00e9ussies illustrent l'importance de la coordination m\u00e9dicale nationale en Tunisie.","breadcrumb":{"@id":"https:\/\/www.webdo.tn\/fr\/actualite\/national\/deux-greffes-dorganes-reussies-grace-a-une-coordination-medicale-nationale\/384997\/#breadcrumb"},"inLanguage":"fr-FR","potentialAction":[{"@type":"ReadAction","target":["https:\/\/www.webdo.tn\/fr\/actualite\/national\/deux-greffes-dorganes-reussies-grace-a-une-coordination-medicale-nationale\/384997\/"]}]},{"@type":"ImageObject","inLanguage":"fr-FR","@id":"https:\/\/www.webdo.tn\/fr\/actualite\/national\/deux-greffes-dorganes-reussies-grace-a-une-coordination-medicale-nationale\/384997\/#primaryimage","url":"https:\/\/www.webdo.tn\/fr\/wp-content\/uploads\/2025\/10\/ibn-jazzar.jpg","contentUrl":"https:\/\/www.webdo.tn\/fr\/wp-content\/uploads\/2025\/10\/ibn-jazzar.jpg","width":850,"height":491,"caption":"Deux greffes d\u2019organes r\u00e9ussies gr\u00e2ce \u00e0 une coordination m\u00e9dicale nationale"},{"@type":"BreadcrumbList","@id":"https:\/\/www.webdo.tn\/fr\/actualite\/national\/deux-greffes-dorganes-reussies-grace-a-une-coordination-medicale-nationale\/384997\/#breadcrumb","itemListElement":[{"@type":"ListItem","position":1,"name":"Accueil","item":"https:\/\/www.webdo.tn\/fr\/"},{"@type":"ListItem","position":2,"name":"Deux greffes d\u2019organes r\u00e9ussies gr\u00e2ce \u00e0 une coordination m\u00e9dicale nationale"}]},{"@type":"WebSite","@id":"https:\/\/www.webdo.tn\/fr\/#website","url":"https:\/\/www.webdo.tn\/fr\/","name":"webdo","description":"Tunisie - News en Tunisie et \u00e0 l&#039;international sur Webdo.tn","publisher":{"@id":"https:\/\/www.webdo.tn\/fr\/#organization"},"potentialAction":[{"@type":"SearchAction","target":{"@type":"EntryPoint","urlTemplate":"https:\/\/www.webdo.tn\/fr\/?s={search_term_string}"},"query-input":{"@type":"PropertyValueSpecification","valueRequired":true,"valueName":"search_term_string"}}],"inLanguage":"fr-FR"},{"@type":"Organization","@id":"https:\/\/www.webdo.tn\/fr\/#organization","name":"Webdo","alternateName":"Webdo.tn","url":"https:\/\/www.webdo.tn\/fr\/","logo":{"@type":"ImageObject","inLanguage":"fr-FR","@id":"https:\/\/www.webdo.tn\/fr\/#\/schema\/logo\/image\/","url":"https:\/\/www.webdo.tn\/fr\/wp-content\/uploads\/2025\/06\/Webdo-Tunisie_168377.jpg","contentUrl":"https:\/\/www.webdo.tn\/fr\/wp-content\/uploads\/2025\/06\/Webdo-Tunisie_168377.jpg","width":301,"height":301,"caption":"Webdo"},"image":{"@id":"https:\/\/www.webdo.tn\/fr\/#\/schema\/logo\/image\/"},"sameAs":["https:\/\/www.facebook.com\/webdotn","https:\/\/x.com\/webdo_tn"],"description":"Webdo est un m\u00e9dia num\u00e9rique tunisien fond\u00e9 en 2010, sp\u00e9cialis\u00e9 dans l\u2019actualit\u00e9 nationale et internationale, l\u2019\u00e9conomie, la soci\u00e9t\u00e9 et les analyses politiques. Le site s\u2019adresse \u00e0 un large public francophone et couvre l\u2019information tunisienne en temps r\u00e9el.","email":"redac@webdo.tn","legalName":"YNJ SARL","foundingDate":"2010-09-06","numberOfEmployees":{"@type":"QuantitativeValue","minValue":"11","maxValue":"50"}},{"@type":"Person","@id":"https:\/\/www.webdo.tn\/fr\/#\/schema\/person\/c652cd8fc2b1b44412b5ffb48c5a911d","name":"Mohamed Hedi Touati","image":{"@type":"ImageObject","inLanguage":"fr-FR","@id":"https:\/\/secure.gravatar.com\/avatar\/9cfd402c745b7a685f13eed0ea6e59d2144a3c2fc50a3db6fd5ed451f6cddf1a?s=96&d=mm&r=g","url":"https:\/\/secure.gravatar.com\/avatar\/9cfd402c745b7a685f13eed0ea6e59d2144a3c2fc50a3db6fd5ed451f6cddf1a?s=96&d=mm&r=g","contentUrl":"https:\/\/secure.gravatar.com\/avatar\/9cfd402c745b7a685f13eed0ea6e59d2144a3c2fc50a3db6fd5ed451f6cddf1a?s=96&d=mm&r=g","caption":"Mohamed Hedi Touati"},"url":"https:\/\/www.webdo.tn\/fr\/actualite\/author\/mohamed-hedi-touati\/"}]}},"_links":{"self":[{"href":"https:\/\/www.webdo.tn\/fr\/wp-json\/wp\/v2\/posts\/384997","targetHints":{"allow":["GET"]}}],"collection":[{"href":"https:\/\/www.webdo.tn\/fr\/wp-json\/wp\/v2\/posts"}],"about":[{"href":"https:\/\/www.webdo.tn\/fr\/wp-json\/wp\/v2\/types\/post"}],"author":[{"embeddable":true,"href":"https:\/\/www.webdo.tn\/fr\/wp-json\/wp\/v2\/users\/3191"}],"replies":[{"embeddable":true,"href":"https:\/\/www.webdo.tn\/fr\/wp-json\/wp\/v2\/comments?post=384997"}],"version-history":[{"count":0,"href":"https:\/\/www.webdo.tn\/fr\/wp-json\/wp\/v2\/posts\/384997\/revisions"}],"wp:featuredmedia":[{"embeddable":true,"href":"https:\/\/www.webdo.tn\/fr\/wp-json\/wp\/v2\/media\/384998"}],"wp:attachment":[{"href":"https:\/\/www.webdo.tn\/fr\/wp-json\/wp\/v2\/media?parent=384997"}],"wp:term":[{"taxonomy":"category","embeddable":true,"href":"https:\/\/www.webdo.tn\/fr\/wp-json\/wp\/v2\/categories?post=384997"},{"taxonomy":"post_tag","embeddable":true,"href":"https:\/\/www.webdo.tn\/fr\/wp-json\/wp\/v2\/tags?post=384997"}],"curies":[{"name":"wp","href":"https:\/\/api.w.org\/{rel}","templated":true}]}}