{"id":384983,"date":"2025-10-06T09:06:31","date_gmt":"2025-10-06T08:06:31","guid":{"rendered":"https:\/\/www.webdo.tn\/fr\/?p=384983"},"modified":"2025-10-06T18:47:23","modified_gmt":"2025-10-06T17:47:23","slug":"tunisie-graves-revelations-dun-avocat-un-handicape-mental-meurt-en-prison","status":"publish","type":"post","link":"https:\/\/www.webdo.tn\/fr\/actualite\/national\/tunisie-graves-revelations-dun-avocat-un-handicape-mental-meurt-en-prison\/384983\/","title":{"rendered":"Tunisie : Graves r\u00e9v\u00e9lations d&rsquo;un avocat, un handicap\u00e9 mental meurt en prison"},"content":{"rendered":"\n<p><\/p>\n\n\n\n<p>Un Tunisien souffrant d\u2019une d\u00e9ficience mentale est d\u00e9c\u00e9d\u00e9, r\u00e9cemment, en d\u00e9tention, suscitant indignation et inqui\u00e9tude quant au traitement des personnes vuln\u00e9rables dans le syst\u00e8me judiciaire tunisien. Selon le t\u00e9moignage de l&rsquo;avocat Mohamed Daoudi ayant suivi le dossier, son client, intern\u00e9 depuis 2010 \u00e0 l\u2019h\u00f4pital psychiatrique de Razi, a \u00e9t\u00e9 impliqu\u00e9 \u00e0 tort dans une affaire de trafic de drogue.<\/p>\n\n\n\n<p>\u00ab Le pr\u00e9venu ne pouvait pas se contr\u00f4ler et n\u2019avait aucune implication dans l\u2019affaire \u00bb, explique l\u2019avocat. Pourtant, d\u00e8s l\u2019instruction polici\u00e8re, aucune mention de son handicap n\u2019a \u00e9t\u00e9 ajout\u00e9e au dossier, et il n\u2019a jamais \u00e9t\u00e9 entendu sur les faits qui lui \u00e9taient reproch\u00e9s. Le 29 septembre 2025, un mandat de d\u00e9p\u00f4t a \u00e9t\u00e9 \u00e9mis contre lui, sans m\u00eame un interrogatoire pr\u00e9alable.<\/p>\n\n\n\n<p>Durant sa d\u00e9tention, l\u2019homme n\u2019a pas re\u00e7u de soins, ni de nourriture ni ses m\u00e9dicaments. Les conditions \u00e9taient telles qu\u2019il a \u00e9t\u00e9 attach\u00e9 et a subi des blessures importantes. L\u2019avocat a multipli\u00e9 les d\u00e9marches aupr\u00e8s du juge d\u2019instruction et du procureur pour demander un transfert vers un \u00e9tablissement m\u00e9dical, en invoquant la loi de 1992 sur les personnes vuln\u00e9rables. Mais les autorit\u00e9s judiciaires ont syst\u00e9matiquement refus\u00e9 ou retard\u00e9 l\u2019examen de sa situation, toujours selon les d\u00e9clarations de l&rsquo;avocat. <\/p>\n\n\n\n<p>Le 3 octobre, l\u2019avocat a encore pr\u00e9sent\u00e9 une demande pour un examen m\u00e9dical urgent, mais le juge a r\u00e9pondu qu\u2019il n\u2019\u00e9tait \u00ab pas comp\u00e9tent \u00bb pour traiter la requ\u00eate. Deux jours plus tard, l\u2019homme en question \u00e9tait mort en prison.<\/p>\n\n\n\n<p>Cette affaire illustre les difficult\u00e9s persistantes du syst\u00e8me judiciaire tunisien, particuli\u00e8rement depuis la condamnation \u00e0 mort prononc\u00e9e contre un autre citoyen pour un post sur les r\u00e9seaux sociaux. Les observateurs d\u00e9noncent un manque de formation sur les droits des personnes vuln\u00e9rables et un recours limit\u00e9 aux mesures alternatives \u00e0 l\u2019incarc\u00e9ration pour les d\u00e9tenus souffrant de troubles mentaux.<\/p>\n\n\n\n<p><\/p>\n\n\n\n<p><strong>Lire aussi :&nbsp;<\/strong><a href=\"https:\/\/www.webdo.tn\/fr\/actualite\/national\/nabeul-peine-de-mort-prononcee-en-premiere-instance-pour-des-publications-sur-facebook\/384854\/\">Nabeul : peine de mort prononc\u00e9e en premi\u00e8re instance pour des publications sur Facebook<\/a><\/p>\n\n\n\n<p><\/p>\n\n\n\n<iframe src=\"https:\/\/www.facebook.com\/plugins\/post.php?href=https%3A%2F%2Fwww.facebook.com%2Fhamma.daoudi%2Fposts%2Fpfbid0ug2pYRi3tLRQEDRV7UHzuAHSBP5nDWfb8SKVJQjSUKqi1JZqHERgxG59Mr6pNKrxl&#038;show_text=true&#038;width=500\" width=\"500\" height=\"761\" style=\"border:none;overflow:hidden\" scrolling=\"no\" frameborder=\"0\" allowfullscreen=\"true\" allow=\"autoplay; clipboard-write; encrypted-media; picture-in-picture; web-share\"><\/iframe>\n","protected":false},"excerpt":{"rendered":"<p>Un Tunisien souffrant d\u2019une d\u00e9ficience mentale est d\u00e9c\u00e9d\u00e9, r\u00e9cemment, en d\u00e9tention, suscitant indignation et inqui\u00e9tude quant au traitement des personnes vuln\u00e9rables dans le syst\u00e8me judiciaire tunisien. Selon le t\u00e9moignage de l&rsquo;avocat Mohamed Daoudi ayant suivi le dossier, son client, intern\u00e9 depuis 2010 \u00e0 l\u2019h\u00f4pital psychiatrique de Razi, a \u00e9t\u00e9 impliqu\u00e9 \u00e0 tort dans une affaire [&hellip;]<\/p>\n","protected":false},"author":3184,"featured_media":384177,"comment_status":"closed","ping_status":"closed","sticky":false,"template":"","format":"standard","meta":{"footnotes":""},"categories":[44],"tags":[3042],"class_list":["post-384983","post","type-post","status-publish","format-standard","has-post-thumbnail","hentry","category-national","tag-avocat"],"yoast_head":"<!-- This site is optimized with the Yoast SEO Premium plugin v27.5 (Yoast SEO v27.5) - https:\/\/yoast.com\/product\/yoast-seo-premium-wordpress\/ -->\n<title>Tunisie : Graves r\u00e9v\u00e9lations d&#039;un avocat, un handicap\u00e9 mental meurt en prison - webdo<\/title>\n<meta name=\"description\" content=\"Un Tunisien souffrant d\u2019une d\u00e9ficience mentale est d\u00e9c\u00e9d\u00e9 en prison, soulevant des questions sur le traitement des personnes vuln\u00e9rables.\" \/>\n<link rel=\"canonical\" href=\"https:\/\/www.webdo.tn\/fr\/actualite\/national\/tunisie-graves-revelations-dun-avocat-un-handicape-mental-meurt-en-prison\/384983\/\" \/>\n<meta property=\"og:locale\" content=\"fr_FR\" \/>\n<meta property=\"og:type\" content=\"article\" \/>\n<meta property=\"og:title\" content=\"Tunisie : Graves r\u00e9v\u00e9lations d&#039;un avocat, un handicap\u00e9 mental meurt en prison\" \/>\n<meta property=\"og:description\" content=\"Un Tunisien souffrant d\u2019une d\u00e9ficience mentale est d\u00e9c\u00e9d\u00e9 en prison, soulevant des questions sur le traitement des personnes vuln\u00e9rables.\" \/>\n<meta property=\"og:url\" content=\"https:\/\/www.webdo.tn\/fr\/actualite\/national\/tunisie-graves-revelations-dun-avocat-un-handicape-mental-meurt-en-prison\/384983\/\" \/>\n<meta property=\"og:site_name\" content=\"webdo\" \/>\n<meta property=\"article:publisher\" content=\"https:\/\/www.facebook.com\/webdotn\" \/>\n<meta property=\"article:published_time\" content=\"2025-10-06T08:06:31+00:00\" \/>\n<meta property=\"article:modified_time\" content=\"2025-10-06T17:47:23+00:00\" \/>\n<meta property=\"og:image\" content=\"https:\/\/www.webdo.tn\/fr\/wp-content\/uploads\/2025\/09\/prison-1.jpg\" \/>\n\t<meta property=\"og:image:width\" content=\"1200\" \/>\n\t<meta property=\"og:image:height\" content=\"604\" \/>\n\t<meta property=\"og:image:type\" content=\"image\/jpeg\" \/>\n<meta name=\"author\" content=\"Wided Belhaj\" \/>\n<meta name=\"twitter:card\" content=\"summary_large_image\" \/>\n<meta name=\"twitter:creator\" content=\"@webdo_tn\" \/>\n<meta name=\"twitter:site\" content=\"@webdo_tn\" \/>\n<meta name=\"twitter:label1\" content=\"\u00c9crit par\" \/>\n\t<meta name=\"twitter:data1\" content=\"Wided Belhaj\" \/>\n\t<meta name=\"twitter:label2\" content=\"Dur\u00e9e de lecture estim\u00e9e\" \/>\n\t<meta name=\"twitter:data2\" content=\"2 minutes\" \/>\n<script type=\"application\/ld+json\" class=\"yoast-schema-graph\">{\"@context\":\"https:\\\/\\\/schema.org\",\"@graph\":[{\"@type\":\"NewsArticle\",\"@id\":\"https:\\\/\\\/www.webdo.tn\\\/fr\\\/actualite\\\/national\\\/tunisie-graves-revelations-dun-avocat-un-handicape-mental-meurt-en-prison\\\/384983\\\/#article\",\"isPartOf\":{\"@id\":\"https:\\\/\\\/www.webdo.tn\\\/fr\\\/actualite\\\/national\\\/tunisie-graves-revelations-dun-avocat-un-handicape-mental-meurt-en-prison\\\/384983\\\/\"},\"author\":{\"name\":\"Wided Belhaj\",\"@id\":\"https:\\\/\\\/www.webdo.tn\\\/fr\\\/#\\\/schema\\\/person\\\/b9ecde7a5574cb4fcf4b496ea5fadb15\"},\"headline\":\"Tunisie : Graves r\u00e9v\u00e9lations d&rsquo;un avocat, un handicap\u00e9 mental meurt en prison\",\"datePublished\":\"2025-10-06T08:06:31+00:00\",\"dateModified\":\"2025-10-06T17:47:23+00:00\",\"mainEntityOfPage\":{\"@id\":\"https:\\\/\\\/www.webdo.tn\\\/fr\\\/actualite\\\/national\\\/tunisie-graves-revelations-dun-avocat-un-handicape-mental-meurt-en-prison\\\/384983\\\/\"},\"wordCount\":380,\"publisher\":{\"@id\":\"https:\\\/\\\/www.webdo.tn\\\/fr\\\/#organization\"},\"image\":{\"@id\":\"https:\\\/\\\/www.webdo.tn\\\/fr\\\/actualite\\\/national\\\/tunisie-graves-revelations-dun-avocat-un-handicape-mental-meurt-en-prison\\\/384983\\\/#primaryimage\"},\"thumbnailUrl\":\"https:\\\/\\\/www.webdo.tn\\\/fr\\\/wp-content\\\/uploads\\\/2025\\\/09\\\/prison-1.jpg\",\"keywords\":[\"avocat\"],\"articleSection\":[\"National\"],\"inLanguage\":\"fr-FR\"},{\"@type\":\"WebPage\",\"@id\":\"https:\\\/\\\/www.webdo.tn\\\/fr\\\/actualite\\\/national\\\/tunisie-graves-revelations-dun-avocat-un-handicape-mental-meurt-en-prison\\\/384983\\\/\",\"url\":\"https:\\\/\\\/www.webdo.tn\\\/fr\\\/actualite\\\/national\\\/tunisie-graves-revelations-dun-avocat-un-handicape-mental-meurt-en-prison\\\/384983\\\/\",\"name\":\"Tunisie : Graves r\u00e9v\u00e9lations d'un avocat, un handicap\u00e9 mental meurt en prison - webdo\",\"isPartOf\":{\"@id\":\"https:\\\/\\\/www.webdo.tn\\\/fr\\\/#website\"},\"primaryImageOfPage\":{\"@id\":\"https:\\\/\\\/www.webdo.tn\\\/fr\\\/actualite\\\/national\\\/tunisie-graves-revelations-dun-avocat-un-handicape-mental-meurt-en-prison\\\/384983\\\/#primaryimage\"},\"image\":{\"@id\":\"https:\\\/\\\/www.webdo.tn\\\/fr\\\/actualite\\\/national\\\/tunisie-graves-revelations-dun-avocat-un-handicape-mental-meurt-en-prison\\\/384983\\\/#primaryimage\"},\"thumbnailUrl\":\"https:\\\/\\\/www.webdo.tn\\\/fr\\\/wp-content\\\/uploads\\\/2025\\\/09\\\/prison-1.jpg\",\"datePublished\":\"2025-10-06T08:06:31+00:00\",\"dateModified\":\"2025-10-06T17:47:23+00:00\",\"description\":\"Un Tunisien souffrant d\u2019une d\u00e9ficience mentale est d\u00e9c\u00e9d\u00e9 en prison, soulevant des questions sur le traitement des personnes vuln\u00e9rables.\",\"breadcrumb\":{\"@id\":\"https:\\\/\\\/www.webdo.tn\\\/fr\\\/actualite\\\/national\\\/tunisie-graves-revelations-dun-avocat-un-handicape-mental-meurt-en-prison\\\/384983\\\/#breadcrumb\"},\"inLanguage\":\"fr-FR\",\"potentialAction\":[{\"@type\":\"ReadAction\",\"target\":[\"https:\\\/\\\/www.webdo.tn\\\/fr\\\/actualite\\\/national\\\/tunisie-graves-revelations-dun-avocat-un-handicape-mental-meurt-en-prison\\\/384983\\\/\"]}]},{\"@type\":\"ImageObject\",\"inLanguage\":\"fr-FR\",\"@id\":\"https:\\\/\\\/www.webdo.tn\\\/fr\\\/actualite\\\/national\\\/tunisie-graves-revelations-dun-avocat-un-handicape-mental-meurt-en-prison\\\/384983\\\/#primaryimage\",\"url\":\"https:\\\/\\\/www.webdo.tn\\\/fr\\\/wp-content\\\/uploads\\\/2025\\\/09\\\/prison-1.jpg\",\"contentUrl\":\"https:\\\/\\\/www.webdo.tn\\\/fr\\\/wp-content\\\/uploads\\\/2025\\\/09\\\/prison-1.jpg\",\"width\":1200,\"height\":604,\"caption\":\"Mahdia : Neuf personnes plac\u00e9es en garde \u00e0 vue dans une affaire de fouilles arch\u00e9ologiques\"},{\"@type\":\"BreadcrumbList\",\"@id\":\"https:\\\/\\\/www.webdo.tn\\\/fr\\\/actualite\\\/national\\\/tunisie-graves-revelations-dun-avocat-un-handicape-mental-meurt-en-prison\\\/384983\\\/#breadcrumb\",\"itemListElement\":[{\"@type\":\"ListItem\",\"position\":1,\"name\":\"Accueil\",\"item\":\"https:\\\/\\\/www.webdo.tn\\\/fr\\\/\"},{\"@type\":\"ListItem\",\"position\":2,\"name\":\"Tunisie : Graves r\u00e9v\u00e9lations d&rsquo;un avocat, un handicap\u00e9 mental meurt en prison\"}]},{\"@type\":\"WebSite\",\"@id\":\"https:\\\/\\\/www.webdo.tn\\\/fr\\\/#website\",\"url\":\"https:\\\/\\\/www.webdo.tn\\\/fr\\\/\",\"name\":\"webdo\",\"description\":\"Tunisie - News en Tunisie et \u00e0 l&#039;international sur Webdo.tn\",\"publisher\":{\"@id\":\"https:\\\/\\\/www.webdo.tn\\\/fr\\\/#organization\"},\"potentialAction\":[{\"@type\":\"SearchAction\",\"target\":{\"@type\":\"EntryPoint\",\"urlTemplate\":\"https:\\\/\\\/www.webdo.tn\\\/fr\\\/?s={search_term_string}\"},\"query-input\":{\"@type\":\"PropertyValueSpecification\",\"valueRequired\":true,\"valueName\":\"search_term_string\"}}],\"inLanguage\":\"fr-FR\"},{\"@type\":\"Organization\",\"@id\":\"https:\\\/\\\/www.webdo.tn\\\/fr\\\/#organization\",\"name\":\"Webdo\",\"alternateName\":\"Webdo.tn\",\"url\":\"https:\\\/\\\/www.webdo.tn\\\/fr\\\/\",\"logo\":{\"@type\":\"ImageObject\",\"inLanguage\":\"fr-FR\",\"@id\":\"https:\\\/\\\/www.webdo.tn\\\/fr\\\/#\\\/schema\\\/logo\\\/image\\\/\",\"url\":\"https:\\\/\\\/www.webdo.tn\\\/fr\\\/wp-content\\\/uploads\\\/2025\\\/06\\\/Webdo-Tunisie_168377.jpg\",\"contentUrl\":\"https:\\\/\\\/www.webdo.tn\\\/fr\\\/wp-content\\\/uploads\\\/2025\\\/06\\\/Webdo-Tunisie_168377.jpg\",\"width\":301,\"height\":301,\"caption\":\"Webdo\"},\"image\":{\"@id\":\"https:\\\/\\\/www.webdo.tn\\\/fr\\\/#\\\/schema\\\/logo\\\/image\\\/\"},\"sameAs\":[\"https:\\\/\\\/www.facebook.com\\\/webdotn\",\"https:\\\/\\\/x.com\\\/webdo_tn\"],\"description\":\"Webdo est un m\u00e9dia num\u00e9rique tunisien fond\u00e9 en 2010, sp\u00e9cialis\u00e9 dans l\u2019actualit\u00e9 nationale et internationale, l\u2019\u00e9conomie, la soci\u00e9t\u00e9 et les analyses politiques. Le site s\u2019adresse \u00e0 un large public francophone et couvre l\u2019information tunisienne en temps r\u00e9el.\",\"email\":\"redac@webdo.tn\",\"legalName\":\"YNJ SARL\",\"foundingDate\":\"2010-09-06\",\"numberOfEmployees\":{\"@type\":\"QuantitativeValue\",\"minValue\":\"11\",\"maxValue\":\"50\"}},{\"@type\":\"Person\",\"@id\":\"https:\\\/\\\/www.webdo.tn\\\/fr\\\/#\\\/schema\\\/person\\\/b9ecde7a5574cb4fcf4b496ea5fadb15\",\"name\":\"Wided Belhaj\",\"image\":{\"@type\":\"ImageObject\",\"inLanguage\":\"fr-FR\",\"@id\":\"https:\\\/\\\/www.webdo.tn\\\/fr\\\/wp-content\\\/uploads\\\/2026\\\/04\\\/wided-belhaj_avatar-96x96.jpg\",\"url\":\"https:\\\/\\\/www.webdo.tn\\\/fr\\\/wp-content\\\/uploads\\\/2026\\\/04\\\/wided-belhaj_avatar-96x96.jpg\",\"contentUrl\":\"https:\\\/\\\/www.webdo.tn\\\/fr\\\/wp-content\\\/uploads\\\/2026\\\/04\\\/wided-belhaj_avatar-96x96.jpg\",\"caption\":\"Wided Belhaj\"},\"description\":\"Wided Belhaj est le pseudonyme \u00e9ditorial utilis\u00e9 par Khalil Jelassi, journaliste, ma\u00eetre-assistant \u00e0 l\u2019Institut de presse et des sciences de l\u2019information (IPSI) et chercheur en sciences de l\u2019information et de la communication. Cette signature est d\u00e9di\u00e9e \u00e0 l\u2019analyse des m\u00e9dias, des pratiques journalistiques et des mutations de l\u2019information \u00e0 l\u2019\u00e8re digitale. \u00c0 travers ses contributions, Wided Belhaj propose une lecture analytique de l\u2019actualit\u00e9, en croisant regard critique et expertise acad\u00e9mique.\",\"knowsAbout\":[\"m\u00e9dias\",\"journalisme\",\"communication\",\"information\",\"transformation num\u00e9rique\",\"analyse des m\u00e9dias\"],\"knowsLanguage\":[\"Fran\u00e7ais\",\"Arabe\"],\"jobTitle\":\"Webdo.tn\",\"worksFor\":\"Journaliste \u2013 Analyse des m\u00e9dias\",\"url\":\"https:\\\/\\\/www.webdo.tn\\\/fr\\\/actualite\\\/author\\\/wided-belhaj\\\/\"}]}<\/script>\n<!-- \/ Yoast SEO Premium plugin. -->","yoast_head_json":{"title":"Tunisie : Graves r\u00e9v\u00e9lations d'un avocat, un handicap\u00e9 mental meurt en prison - webdo","description":"Un Tunisien souffrant d\u2019une d\u00e9ficience mentale est d\u00e9c\u00e9d\u00e9 en prison, soulevant des questions sur le traitement des personnes vuln\u00e9rables.","canonical":"https:\/\/www.webdo.tn\/fr\/actualite\/national\/tunisie-graves-revelations-dun-avocat-un-handicape-mental-meurt-en-prison\/384983\/","og_locale":"fr_FR","og_type":"article","og_title":"Tunisie : Graves r\u00e9v\u00e9lations d'un avocat, un handicap\u00e9 mental meurt en prison","og_description":"Un Tunisien souffrant d\u2019une d\u00e9ficience mentale est d\u00e9c\u00e9d\u00e9 en prison, soulevant des questions sur le traitement des personnes vuln\u00e9rables.","og_url":"https:\/\/www.webdo.tn\/fr\/actualite\/national\/tunisie-graves-revelations-dun-avocat-un-handicape-mental-meurt-en-prison\/384983\/","og_site_name":"webdo","article_publisher":"https:\/\/www.facebook.com\/webdotn","article_published_time":"2025-10-06T08:06:31+00:00","article_modified_time":"2025-10-06T17:47:23+00:00","og_image":[{"width":1200,"height":604,"url":"https:\/\/www.webdo.tn\/fr\/wp-content\/uploads\/2025\/09\/prison-1.jpg","type":"image\/jpeg"}],"author":"Wided Belhaj","twitter_card":"summary_large_image","twitter_creator":"@webdo_tn","twitter_site":"@webdo_tn","twitter_misc":{"\u00c9crit par":"Wided Belhaj","Dur\u00e9e de lecture estim\u00e9e":"2 minutes"},"schema":{"@context":"https:\/\/schema.org","@graph":[{"@type":"NewsArticle","@id":"https:\/\/www.webdo.tn\/fr\/actualite\/national\/tunisie-graves-revelations-dun-avocat-un-handicape-mental-meurt-en-prison\/384983\/#article","isPartOf":{"@id":"https:\/\/www.webdo.tn\/fr\/actualite\/national\/tunisie-graves-revelations-dun-avocat-un-handicape-mental-meurt-en-prison\/384983\/"},"author":{"name":"Wided Belhaj","@id":"https:\/\/www.webdo.tn\/fr\/#\/schema\/person\/b9ecde7a5574cb4fcf4b496ea5fadb15"},"headline":"Tunisie : Graves r\u00e9v\u00e9lations d&rsquo;un avocat, un handicap\u00e9 mental meurt en prison","datePublished":"2025-10-06T08:06:31+00:00","dateModified":"2025-10-06T17:47:23+00:00","mainEntityOfPage":{"@id":"https:\/\/www.webdo.tn\/fr\/actualite\/national\/tunisie-graves-revelations-dun-avocat-un-handicape-mental-meurt-en-prison\/384983\/"},"wordCount":380,"publisher":{"@id":"https:\/\/www.webdo.tn\/fr\/#organization"},"image":{"@id":"https:\/\/www.webdo.tn\/fr\/actualite\/national\/tunisie-graves-revelations-dun-avocat-un-handicape-mental-meurt-en-prison\/384983\/#primaryimage"},"thumbnailUrl":"https:\/\/www.webdo.tn\/fr\/wp-content\/uploads\/2025\/09\/prison-1.jpg","keywords":["avocat"],"articleSection":["National"],"inLanguage":"fr-FR"},{"@type":"WebPage","@id":"https:\/\/www.webdo.tn\/fr\/actualite\/national\/tunisie-graves-revelations-dun-avocat-un-handicape-mental-meurt-en-prison\/384983\/","url":"https:\/\/www.webdo.tn\/fr\/actualite\/national\/tunisie-graves-revelations-dun-avocat-un-handicape-mental-meurt-en-prison\/384983\/","name":"Tunisie : Graves r\u00e9v\u00e9lations d'un avocat, un handicap\u00e9 mental meurt en prison - webdo","isPartOf":{"@id":"https:\/\/www.webdo.tn\/fr\/#website"},"primaryImageOfPage":{"@id":"https:\/\/www.webdo.tn\/fr\/actualite\/national\/tunisie-graves-revelations-dun-avocat-un-handicape-mental-meurt-en-prison\/384983\/#primaryimage"},"image":{"@id":"https:\/\/www.webdo.tn\/fr\/actualite\/national\/tunisie-graves-revelations-dun-avocat-un-handicape-mental-meurt-en-prison\/384983\/#primaryimage"},"thumbnailUrl":"https:\/\/www.webdo.tn\/fr\/wp-content\/uploads\/2025\/09\/prison-1.jpg","datePublished":"2025-10-06T08:06:31+00:00","dateModified":"2025-10-06T17:47:23+00:00","description":"Un Tunisien souffrant d\u2019une d\u00e9ficience mentale est d\u00e9c\u00e9d\u00e9 en prison, soulevant des questions sur le traitement des personnes vuln\u00e9rables.","breadcrumb":{"@id":"https:\/\/www.webdo.tn\/fr\/actualite\/national\/tunisie-graves-revelations-dun-avocat-un-handicape-mental-meurt-en-prison\/384983\/#breadcrumb"},"inLanguage":"fr-FR","potentialAction":[{"@type":"ReadAction","target":["https:\/\/www.webdo.tn\/fr\/actualite\/national\/tunisie-graves-revelations-dun-avocat-un-handicape-mental-meurt-en-prison\/384983\/"]}]},{"@type":"ImageObject","inLanguage":"fr-FR","@id":"https:\/\/www.webdo.tn\/fr\/actualite\/national\/tunisie-graves-revelations-dun-avocat-un-handicape-mental-meurt-en-prison\/384983\/#primaryimage","url":"https:\/\/www.webdo.tn\/fr\/wp-content\/uploads\/2025\/09\/prison-1.jpg","contentUrl":"https:\/\/www.webdo.tn\/fr\/wp-content\/uploads\/2025\/09\/prison-1.jpg","width":1200,"height":604,"caption":"Mahdia : Neuf personnes plac\u00e9es en garde \u00e0 vue dans une affaire de fouilles arch\u00e9ologiques"},{"@type":"BreadcrumbList","@id":"https:\/\/www.webdo.tn\/fr\/actualite\/national\/tunisie-graves-revelations-dun-avocat-un-handicape-mental-meurt-en-prison\/384983\/#breadcrumb","itemListElement":[{"@type":"ListItem","position":1,"name":"Accueil","item":"https:\/\/www.webdo.tn\/fr\/"},{"@type":"ListItem","position":2,"name":"Tunisie : Graves r\u00e9v\u00e9lations d&rsquo;un avocat, un handicap\u00e9 mental meurt en prison"}]},{"@type":"WebSite","@id":"https:\/\/www.webdo.tn\/fr\/#website","url":"https:\/\/www.webdo.tn\/fr\/","name":"webdo","description":"Tunisie - News en Tunisie et \u00e0 l&#039;international sur Webdo.tn","publisher":{"@id":"https:\/\/www.webdo.tn\/fr\/#organization"},"potentialAction":[{"@type":"SearchAction","target":{"@type":"EntryPoint","urlTemplate":"https:\/\/www.webdo.tn\/fr\/?s={search_term_string}"},"query-input":{"@type":"PropertyValueSpecification","valueRequired":true,"valueName":"search_term_string"}}],"inLanguage":"fr-FR"},{"@type":"Organization","@id":"https:\/\/www.webdo.tn\/fr\/#organization","name":"Webdo","alternateName":"Webdo.tn","url":"https:\/\/www.webdo.tn\/fr\/","logo":{"@type":"ImageObject","inLanguage":"fr-FR","@id":"https:\/\/www.webdo.tn\/fr\/#\/schema\/logo\/image\/","url":"https:\/\/www.webdo.tn\/fr\/wp-content\/uploads\/2025\/06\/Webdo-Tunisie_168377.jpg","contentUrl":"https:\/\/www.webdo.tn\/fr\/wp-content\/uploads\/2025\/06\/Webdo-Tunisie_168377.jpg","width":301,"height":301,"caption":"Webdo"},"image":{"@id":"https:\/\/www.webdo.tn\/fr\/#\/schema\/logo\/image\/"},"sameAs":["https:\/\/www.facebook.com\/webdotn","https:\/\/x.com\/webdo_tn"],"description":"Webdo est un m\u00e9dia num\u00e9rique tunisien fond\u00e9 en 2010, sp\u00e9cialis\u00e9 dans l\u2019actualit\u00e9 nationale et internationale, l\u2019\u00e9conomie, la soci\u00e9t\u00e9 et les analyses politiques. Le site s\u2019adresse \u00e0 un large public francophone et couvre l\u2019information tunisienne en temps r\u00e9el.","email":"redac@webdo.tn","legalName":"YNJ SARL","foundingDate":"2010-09-06","numberOfEmployees":{"@type":"QuantitativeValue","minValue":"11","maxValue":"50"}},{"@type":"Person","@id":"https:\/\/www.webdo.tn\/fr\/#\/schema\/person\/b9ecde7a5574cb4fcf4b496ea5fadb15","name":"Wided Belhaj","image":{"@type":"ImageObject","inLanguage":"fr-FR","@id":"https:\/\/www.webdo.tn\/fr\/wp-content\/uploads\/2026\/04\/wided-belhaj_avatar-96x96.jpg","url":"https:\/\/www.webdo.tn\/fr\/wp-content\/uploads\/2026\/04\/wided-belhaj_avatar-96x96.jpg","contentUrl":"https:\/\/www.webdo.tn\/fr\/wp-content\/uploads\/2026\/04\/wided-belhaj_avatar-96x96.jpg","caption":"Wided Belhaj"},"description":"Wided Belhaj est le pseudonyme \u00e9ditorial utilis\u00e9 par Khalil Jelassi, journaliste, ma\u00eetre-assistant \u00e0 l\u2019Institut de presse et des sciences de l\u2019information (IPSI) et chercheur en sciences de l\u2019information et de la communication. Cette signature est d\u00e9di\u00e9e \u00e0 l\u2019analyse des m\u00e9dias, des pratiques journalistiques et des mutations de l\u2019information \u00e0 l\u2019\u00e8re digitale. \u00c0 travers ses contributions, Wided Belhaj propose une lecture analytique de l\u2019actualit\u00e9, en croisant regard critique et expertise acad\u00e9mique.","knowsAbout":["m\u00e9dias","journalisme","communication","information","transformation num\u00e9rique","analyse des m\u00e9dias"],"knowsLanguage":["Fran\u00e7ais","Arabe"],"jobTitle":"Webdo.tn","worksFor":"Journaliste \u2013 Analyse des m\u00e9dias","url":"https:\/\/www.webdo.tn\/fr\/actualite\/author\/wided-belhaj\/"}]}},"_links":{"self":[{"href":"https:\/\/www.webdo.tn\/fr\/wp-json\/wp\/v2\/posts\/384983","targetHints":{"allow":["GET"]}}],"collection":[{"href":"https:\/\/www.webdo.tn\/fr\/wp-json\/wp\/v2\/posts"}],"about":[{"href":"https:\/\/www.webdo.tn\/fr\/wp-json\/wp\/v2\/types\/post"}],"author":[{"embeddable":true,"href":"https:\/\/www.webdo.tn\/fr\/wp-json\/wp\/v2\/users\/3184"}],"replies":[{"embeddable":true,"href":"https:\/\/www.webdo.tn\/fr\/wp-json\/wp\/v2\/comments?post=384983"}],"version-history":[{"count":0,"href":"https:\/\/www.webdo.tn\/fr\/wp-json\/wp\/v2\/posts\/384983\/revisions"}],"wp:featuredmedia":[{"embeddable":true,"href":"https:\/\/www.webdo.tn\/fr\/wp-json\/wp\/v2\/media\/384177"}],"wp:attachment":[{"href":"https:\/\/www.webdo.tn\/fr\/wp-json\/wp\/v2\/media?parent=384983"}],"wp:term":[{"taxonomy":"category","embeddable":true,"href":"https:\/\/www.webdo.tn\/fr\/wp-json\/wp\/v2\/categories?post=384983"},{"taxonomy":"post_tag","embeddable":true,"href":"https:\/\/www.webdo.tn\/fr\/wp-json\/wp\/v2\/tags?post=384983"}],"curies":[{"name":"wp","href":"https:\/\/api.w.org\/{rel}","templated":true}]}}