{"id":384875,"date":"2025-10-03T20:21:24","date_gmt":"2025-10-03T19:21:24","guid":{"rendered":"https:\/\/www.webdo.tn\/fr\/?p=384875"},"modified":"2025-10-04T10:21:33","modified_gmt":"2025-10-04T09:21:33","slug":"mondiaux-de-para-athletisme-largent-et-un-record-dafrique-pour-nidhal-khelifi","status":"publish","type":"post","link":"https:\/\/www.webdo.tn\/fr\/actualite\/sport\/mondiaux-de-para-athletisme-largent-et-un-record-dafrique-pour-nidhal-khelifi\/384875\/","title":{"rendered":"Mondiaux de para-athl\u00e9tisme : L\u2019argent et un record d\u2019Afrique pour Nidhal Khelifi"},"content":{"rendered":"\n<p><strong>Le Tunisien Mohamed Nidhal Khelifi a d\u00e9croch\u00e9 vendredi la m\u00e9daille d\u2019argent du 800 m fauteuil (T53) aux Mondiaux 2025 de para-athl\u00e9tisme, \u00e9tablissant au passage un nouveau record d\u2019Afrique en 1 min 37 sec 15.<\/strong><\/p>\n\n\n\n<p>Le titre mondial est revenu au Tha\u00eflandais Pongsakorn Paeyo, auteur d\u2019un chrono de 1 min 35 sec 76, qui constitue un nouveau record des championnats. Le podium a \u00e9t\u00e9 compl\u00e9t\u00e9 par le Russe Vitalii Grintsenko, troisi\u00e8me en 1 min 37 sec 52.<\/p>\n\n\n\n<p>Avec sa performance, Khelifi signe l\u2019un des meilleurs r\u00e9sultats tunisiens de la comp\u00e9tition et confirme sa progression sur la sc\u00e8ne internationale.<\/p>\n\n\n\n<h2 class=\"wp-block-heading\" id=\"h-un-total-de-6-medailles-pour-la-tunisie\">Un total de 6 m\u00e9dailles pour la Tunisie<\/h2>\n\n\n\n<p>La d\u00e9l\u00e9gation tunisienne cumule d\u00e9sormais six m\u00e9dailles \u00e0 New Delhi :<\/p>\n\n\n\n<ul class=\"wp-block-list\">\n<li>Raoua Tlili, m\u00e9daille d\u2019or (disque F41)<\/li>\n\n\n\n<li>Yassine Gharbi, m\u00e9daille d\u2019or (400 m fauteuil T54)<\/li>\n\n\n\n<li>Marwa Brahmi, m\u00e9daille d\u2019argent (lancer de massue F32)<\/li>\n\n\n\n<li>Yassine Guenichi, m\u00e9daille d\u2019argent (poids F36)<\/li>\n\n\n\n<li>Mohamed Nidhal Khelifi, m\u00e9daille d\u2019argent (800 m fauteuil T53)<\/li>\n\n\n\n<li>Raoua Tlili, m\u00e9daille de bronze (poids F41)<\/li>\n<\/ul>\n\n\n\n<p><\/p>\n\n\n\n<ul class=\"wp-block-list\">\n<li>Lire aussi : <a href=\"https:\/\/www.webdo.tn\/fr\/actualite\/sport\/mondiaux-de-para-athletisme-raoua-tlili-decroche-lor-et-une-cinquieme-medaille-pour-la-tunisie\/384830\/\">Mondiaux de para-athl\u00e9tisme : Raoua Tlili d\u00e9croche l\u2019or et une cinqui\u00e8me m\u00e9daille pour la Tunisie<\/a><\/li>\n<\/ul>\n","protected":false},"excerpt":{"rendered":"<p>Le Tunisien Mohamed Nidhal Khelifi a d\u00e9croch\u00e9 vendredi la m\u00e9daille d\u2019argent du 800 m fauteuil (T53) aux Mondiaux 2025 de para-athl\u00e9tisme, \u00e9tablissant au passage un nouveau record d\u2019Afrique en 1 min 37 sec 15. Le titre mondial est revenu au Tha\u00eflandais Pongsakorn Paeyo, auteur d\u2019un chrono de 1 min 35 sec 76, qui constitue un [&hellip;]<\/p>\n","protected":false},"author":3191,"featured_media":384876,"comment_status":"closed","ping_status":"closed","sticky":false,"template":"","format":"standard","meta":{"footnotes":""},"categories":[2593],"tags":[5807,4283,13035,6478],"class_list":["post-384875","post","type-post","status-publish","format-standard","has-post-thumbnail","hentry","category-sport","tag-medaille-dargent","tag-mondial-2025","tag-nidhal-khelifi","tag-para-athletisme"],"yoast_head":"<!-- This site is optimized with the Yoast SEO Premium plugin v27.4 (Yoast SEO v27.5) - https:\/\/yoast.com\/product\/yoast-seo-premium-wordpress\/ -->\n<title>Mondiaux de para-athl\u00e9tisme : L\u2019argent et un record d\u2019Afrique pour Nidhal Khelifi - webdo<\/title>\n<meta name=\"description\" content=\"Nidhal Khelifi r\u00e9alise une performance exceptionnelle avec une m\u00e9daille d\u2019argent et un record d\u2019Afrique aux Mondiaux de para-athl\u00e9tisme.\" \/>\n<link rel=\"canonical\" href=\"https:\/\/www.webdo.tn\/fr\/actualite\/sport\/mondiaux-de-para-athletisme-largent-et-un-record-dafrique-pour-nidhal-khelifi\/384875\/\" \/>\n<meta property=\"og:locale\" content=\"fr_FR\" \/>\n<meta property=\"og:type\" content=\"article\" \/>\n<meta property=\"og:title\" content=\"Mondiaux de para-athl\u00e9tisme : L\u2019argent et un record d\u2019Afrique pour Nidhal Khelifi\" \/>\n<meta property=\"og:description\" content=\"Nidhal Khelifi r\u00e9alise une performance exceptionnelle avec une m\u00e9daille d\u2019argent et un record d\u2019Afrique aux Mondiaux de para-athl\u00e9tisme.\" \/>\n<meta property=\"og:url\" content=\"https:\/\/www.webdo.tn\/fr\/actualite\/sport\/mondiaux-de-para-athletisme-largent-et-un-record-dafrique-pour-nidhal-khelifi\/384875\/\" \/>\n<meta property=\"og:site_name\" content=\"webdo\" \/>\n<meta property=\"article:publisher\" content=\"https:\/\/www.facebook.com\/webdotn\" \/>\n<meta property=\"article:published_time\" content=\"2025-10-03T19:21:24+00:00\" \/>\n<meta property=\"article:modified_time\" content=\"2025-10-04T09:21:33+00:00\" \/>\n<meta property=\"og:image\" content=\"https:\/\/www.webdo.tn\/fr\/wp-content\/uploads\/2025\/10\/mohamed-nidhal-khelifi.jpg\" \/>\n\t<meta property=\"og:image:width\" content=\"1000\" \/>\n\t<meta property=\"og:image:height\" content=\"505\" \/>\n\t<meta property=\"og:image:type\" content=\"image\/jpeg\" \/>\n<meta name=\"author\" content=\"Mohamed Hedi Touati\" \/>\n<meta name=\"twitter:card\" content=\"summary_large_image\" \/>\n<meta name=\"twitter:creator\" content=\"@webdo_tn\" \/>\n<meta name=\"twitter:site\" content=\"@webdo_tn\" \/>\n<meta name=\"twitter:label1\" content=\"\u00c9crit par\" \/>\n\t<meta name=\"twitter:data1\" content=\"Mohamed Hedi Touati\" \/>\n\t<meta name=\"twitter:label2\" content=\"Dur\u00e9e de lecture estim\u00e9e\" \/>\n\t<meta name=\"twitter:data2\" content=\"2 minutes\" \/>\n<script type=\"application\/ld+json\" class=\"yoast-schema-graph\">{\"@context\":\"https:\\\/\\\/schema.org\",\"@graph\":[{\"@type\":\"NewsArticle\",\"@id\":\"https:\\\/\\\/www.webdo.tn\\\/fr\\\/actualite\\\/sport\\\/mondiaux-de-para-athletisme-largent-et-un-record-dafrique-pour-nidhal-khelifi\\\/384875\\\/#article\",\"isPartOf\":{\"@id\":\"https:\\\/\\\/www.webdo.tn\\\/fr\\\/actualite\\\/sport\\\/mondiaux-de-para-athletisme-largent-et-un-record-dafrique-pour-nidhal-khelifi\\\/384875\\\/\"},\"author\":{\"name\":\"Mohamed Hedi Touati\",\"@id\":\"https:\\\/\\\/www.webdo.tn\\\/fr\\\/#\\\/schema\\\/person\\\/c652cd8fc2b1b44412b5ffb48c5a911d\"},\"headline\":\"Mondiaux de para-athl\u00e9tisme : L\u2019argent et un record d\u2019Afrique pour Nidhal Khelifi\",\"datePublished\":\"2025-10-03T19:21:24+00:00\",\"dateModified\":\"2025-10-04T09:21:33+00:00\",\"mainEntityOfPage\":{\"@id\":\"https:\\\/\\\/www.webdo.tn\\\/fr\\\/actualite\\\/sport\\\/mondiaux-de-para-athletisme-largent-et-un-record-dafrique-pour-nidhal-khelifi\\\/384875\\\/\"},\"wordCount\":208,\"publisher\":{\"@id\":\"https:\\\/\\\/www.webdo.tn\\\/fr\\\/#organization\"},\"image\":{\"@id\":\"https:\\\/\\\/www.webdo.tn\\\/fr\\\/actualite\\\/sport\\\/mondiaux-de-para-athletisme-largent-et-un-record-dafrique-pour-nidhal-khelifi\\\/384875\\\/#primaryimage\"},\"thumbnailUrl\":\"https:\\\/\\\/www.webdo.tn\\\/fr\\\/wp-content\\\/uploads\\\/2025\\\/10\\\/mohamed-nidhal-khelifi.jpg\",\"keywords\":[\"m\u00e9daille d'argent\",\"Mondial 2025\",\"Nidhal Khelifi\",\"para-athl\u00e9tisme\"],\"articleSection\":[\"Sport\"],\"inLanguage\":\"fr-FR\"},{\"@type\":\"WebPage\",\"@id\":\"https:\\\/\\\/www.webdo.tn\\\/fr\\\/actualite\\\/sport\\\/mondiaux-de-para-athletisme-largent-et-un-record-dafrique-pour-nidhal-khelifi\\\/384875\\\/\",\"url\":\"https:\\\/\\\/www.webdo.tn\\\/fr\\\/actualite\\\/sport\\\/mondiaux-de-para-athletisme-largent-et-un-record-dafrique-pour-nidhal-khelifi\\\/384875\\\/\",\"name\":\"Mondiaux de para-athl\u00e9tisme : L\u2019argent et un record d\u2019Afrique pour Nidhal Khelifi - webdo\",\"isPartOf\":{\"@id\":\"https:\\\/\\\/www.webdo.tn\\\/fr\\\/#website\"},\"primaryImageOfPage\":{\"@id\":\"https:\\\/\\\/www.webdo.tn\\\/fr\\\/actualite\\\/sport\\\/mondiaux-de-para-athletisme-largent-et-un-record-dafrique-pour-nidhal-khelifi\\\/384875\\\/#primaryimage\"},\"image\":{\"@id\":\"https:\\\/\\\/www.webdo.tn\\\/fr\\\/actualite\\\/sport\\\/mondiaux-de-para-athletisme-largent-et-un-record-dafrique-pour-nidhal-khelifi\\\/384875\\\/#primaryimage\"},\"thumbnailUrl\":\"https:\\\/\\\/www.webdo.tn\\\/fr\\\/wp-content\\\/uploads\\\/2025\\\/10\\\/mohamed-nidhal-khelifi.jpg\",\"datePublished\":\"2025-10-03T19:21:24+00:00\",\"dateModified\":\"2025-10-04T09:21:33+00:00\",\"description\":\"Nidhal Khelifi r\u00e9alise une performance exceptionnelle avec une m\u00e9daille d\u2019argent et un record d\u2019Afrique aux Mondiaux de para-athl\u00e9tisme.\",\"breadcrumb\":{\"@id\":\"https:\\\/\\\/www.webdo.tn\\\/fr\\\/actualite\\\/sport\\\/mondiaux-de-para-athletisme-largent-et-un-record-dafrique-pour-nidhal-khelifi\\\/384875\\\/#breadcrumb\"},\"inLanguage\":\"fr-FR\",\"potentialAction\":[{\"@type\":\"ReadAction\",\"target\":[\"https:\\\/\\\/www.webdo.tn\\\/fr\\\/actualite\\\/sport\\\/mondiaux-de-para-athletisme-largent-et-un-record-dafrique-pour-nidhal-khelifi\\\/384875\\\/\"]}]},{\"@type\":\"ImageObject\",\"inLanguage\":\"fr-FR\",\"@id\":\"https:\\\/\\\/www.webdo.tn\\\/fr\\\/actualite\\\/sport\\\/mondiaux-de-para-athletisme-largent-et-un-record-dafrique-pour-nidhal-khelifi\\\/384875\\\/#primaryimage\",\"url\":\"https:\\\/\\\/www.webdo.tn\\\/fr\\\/wp-content\\\/uploads\\\/2025\\\/10\\\/mohamed-nidhal-khelifi.jpg\",\"contentUrl\":\"https:\\\/\\\/www.webdo.tn\\\/fr\\\/wp-content\\\/uploads\\\/2025\\\/10\\\/mohamed-nidhal-khelifi.jpg\",\"width\":1000,\"height\":505,\"caption\":\"Mondiaux de para-athl\u00e9tisme : L\u2019argent et un record d\u2019Afrique pour Nidhal Khelifi\"},{\"@type\":\"BreadcrumbList\",\"@id\":\"https:\\\/\\\/www.webdo.tn\\\/fr\\\/actualite\\\/sport\\\/mondiaux-de-para-athletisme-largent-et-un-record-dafrique-pour-nidhal-khelifi\\\/384875\\\/#breadcrumb\",\"itemListElement\":[{\"@type\":\"ListItem\",\"position\":1,\"name\":\"Accueil\",\"item\":\"https:\\\/\\\/www.webdo.tn\\\/fr\\\/\"},{\"@type\":\"ListItem\",\"position\":2,\"name\":\"Mondiaux de para-athl\u00e9tisme : L\u2019argent et un record d\u2019Afrique pour Nidhal Khelifi\"}]},{\"@type\":\"WebSite\",\"@id\":\"https:\\\/\\\/www.webdo.tn\\\/fr\\\/#website\",\"url\":\"https:\\\/\\\/www.webdo.tn\\\/fr\\\/\",\"name\":\"webdo\",\"description\":\"Tunisie - News en Tunisie et \u00e0 l&#039;international sur Webdo.tn\",\"publisher\":{\"@id\":\"https:\\\/\\\/www.webdo.tn\\\/fr\\\/#organization\"},\"potentialAction\":[{\"@type\":\"SearchAction\",\"target\":{\"@type\":\"EntryPoint\",\"urlTemplate\":\"https:\\\/\\\/www.webdo.tn\\\/fr\\\/?s={search_term_string}\"},\"query-input\":{\"@type\":\"PropertyValueSpecification\",\"valueRequired\":true,\"valueName\":\"search_term_string\"}}],\"inLanguage\":\"fr-FR\"},{\"@type\":\"Organization\",\"@id\":\"https:\\\/\\\/www.webdo.tn\\\/fr\\\/#organization\",\"name\":\"Webdo\",\"alternateName\":\"Webdo.tn\",\"url\":\"https:\\\/\\\/www.webdo.tn\\\/fr\\\/\",\"logo\":{\"@type\":\"ImageObject\",\"inLanguage\":\"fr-FR\",\"@id\":\"https:\\\/\\\/www.webdo.tn\\\/fr\\\/#\\\/schema\\\/logo\\\/image\\\/\",\"url\":\"https:\\\/\\\/www.webdo.tn\\\/fr\\\/wp-content\\\/uploads\\\/2025\\\/06\\\/Webdo-Tunisie_168377.jpg\",\"contentUrl\":\"https:\\\/\\\/www.webdo.tn\\\/fr\\\/wp-content\\\/uploads\\\/2025\\\/06\\\/Webdo-Tunisie_168377.jpg\",\"width\":301,\"height\":301,\"caption\":\"Webdo\"},\"image\":{\"@id\":\"https:\\\/\\\/www.webdo.tn\\\/fr\\\/#\\\/schema\\\/logo\\\/image\\\/\"},\"sameAs\":[\"https:\\\/\\\/www.facebook.com\\\/webdotn\",\"https:\\\/\\\/x.com\\\/webdo_tn\"],\"description\":\"Webdo est un m\u00e9dia num\u00e9rique tunisien fond\u00e9 en 2010, sp\u00e9cialis\u00e9 dans l\u2019actualit\u00e9 nationale et internationale, l\u2019\u00e9conomie, la soci\u00e9t\u00e9 et les analyses politiques. Le site s\u2019adresse \u00e0 un large public francophone et couvre l\u2019information tunisienne en temps r\u00e9el.\",\"email\":\"redac@webdo.tn\",\"legalName\":\"YNJ SARL\",\"foundingDate\":\"2010-09-06\",\"numberOfEmployees\":{\"@type\":\"QuantitativeValue\",\"minValue\":\"11\",\"maxValue\":\"50\"}},{\"@type\":\"Person\",\"@id\":\"https:\\\/\\\/www.webdo.tn\\\/fr\\\/#\\\/schema\\\/person\\\/c652cd8fc2b1b44412b5ffb48c5a911d\",\"name\":\"Mohamed Hedi Touati\",\"image\":{\"@type\":\"ImageObject\",\"inLanguage\":\"fr-FR\",\"@id\":\"https:\\\/\\\/secure.gravatar.com\\\/avatar\\\/9cfd402c745b7a685f13eed0ea6e59d2144a3c2fc50a3db6fd5ed451f6cddf1a?s=96&d=mm&r=g\",\"url\":\"https:\\\/\\\/secure.gravatar.com\\\/avatar\\\/9cfd402c745b7a685f13eed0ea6e59d2144a3c2fc50a3db6fd5ed451f6cddf1a?s=96&d=mm&r=g\",\"contentUrl\":\"https:\\\/\\\/secure.gravatar.com\\\/avatar\\\/9cfd402c745b7a685f13eed0ea6e59d2144a3c2fc50a3db6fd5ed451f6cddf1a?s=96&d=mm&r=g\",\"caption\":\"Mohamed Hedi Touati\"},\"url\":\"https:\\\/\\\/www.webdo.tn\\\/fr\\\/actualite\\\/author\\\/mohamed-hedi-touati\\\/\"}]}<\/script>\n<!-- \/ Yoast SEO Premium plugin. -->","yoast_head_json":{"title":"Mondiaux de para-athl\u00e9tisme : L\u2019argent et un record d\u2019Afrique pour Nidhal Khelifi - webdo","description":"Nidhal Khelifi r\u00e9alise une performance exceptionnelle avec une m\u00e9daille d\u2019argent et un record d\u2019Afrique aux Mondiaux de para-athl\u00e9tisme.","canonical":"https:\/\/www.webdo.tn\/fr\/actualite\/sport\/mondiaux-de-para-athletisme-largent-et-un-record-dafrique-pour-nidhal-khelifi\/384875\/","og_locale":"fr_FR","og_type":"article","og_title":"Mondiaux de para-athl\u00e9tisme : L\u2019argent et un record d\u2019Afrique pour Nidhal Khelifi","og_description":"Nidhal Khelifi r\u00e9alise une performance exceptionnelle avec une m\u00e9daille d\u2019argent et un record d\u2019Afrique aux Mondiaux de para-athl\u00e9tisme.","og_url":"https:\/\/www.webdo.tn\/fr\/actualite\/sport\/mondiaux-de-para-athletisme-largent-et-un-record-dafrique-pour-nidhal-khelifi\/384875\/","og_site_name":"webdo","article_publisher":"https:\/\/www.facebook.com\/webdotn","article_published_time":"2025-10-03T19:21:24+00:00","article_modified_time":"2025-10-04T09:21:33+00:00","og_image":[{"width":1000,"height":505,"url":"https:\/\/www.webdo.tn\/fr\/wp-content\/uploads\/2025\/10\/mohamed-nidhal-khelifi.jpg","type":"image\/jpeg"}],"author":"Mohamed Hedi Touati","twitter_card":"summary_large_image","twitter_creator":"@webdo_tn","twitter_site":"@webdo_tn","twitter_misc":{"\u00c9crit par":"Mohamed Hedi Touati","Dur\u00e9e de lecture estim\u00e9e":"2 minutes"},"schema":{"@context":"https:\/\/schema.org","@graph":[{"@type":"NewsArticle","@id":"https:\/\/www.webdo.tn\/fr\/actualite\/sport\/mondiaux-de-para-athletisme-largent-et-un-record-dafrique-pour-nidhal-khelifi\/384875\/#article","isPartOf":{"@id":"https:\/\/www.webdo.tn\/fr\/actualite\/sport\/mondiaux-de-para-athletisme-largent-et-un-record-dafrique-pour-nidhal-khelifi\/384875\/"},"author":{"name":"Mohamed Hedi Touati","@id":"https:\/\/www.webdo.tn\/fr\/#\/schema\/person\/c652cd8fc2b1b44412b5ffb48c5a911d"},"headline":"Mondiaux de para-athl\u00e9tisme : L\u2019argent et un record d\u2019Afrique pour Nidhal Khelifi","datePublished":"2025-10-03T19:21:24+00:00","dateModified":"2025-10-04T09:21:33+00:00","mainEntityOfPage":{"@id":"https:\/\/www.webdo.tn\/fr\/actualite\/sport\/mondiaux-de-para-athletisme-largent-et-un-record-dafrique-pour-nidhal-khelifi\/384875\/"},"wordCount":208,"publisher":{"@id":"https:\/\/www.webdo.tn\/fr\/#organization"},"image":{"@id":"https:\/\/www.webdo.tn\/fr\/actualite\/sport\/mondiaux-de-para-athletisme-largent-et-un-record-dafrique-pour-nidhal-khelifi\/384875\/#primaryimage"},"thumbnailUrl":"https:\/\/www.webdo.tn\/fr\/wp-content\/uploads\/2025\/10\/mohamed-nidhal-khelifi.jpg","keywords":["m\u00e9daille d'argent","Mondial 2025","Nidhal Khelifi","para-athl\u00e9tisme"],"articleSection":["Sport"],"inLanguage":"fr-FR"},{"@type":"WebPage","@id":"https:\/\/www.webdo.tn\/fr\/actualite\/sport\/mondiaux-de-para-athletisme-largent-et-un-record-dafrique-pour-nidhal-khelifi\/384875\/","url":"https:\/\/www.webdo.tn\/fr\/actualite\/sport\/mondiaux-de-para-athletisme-largent-et-un-record-dafrique-pour-nidhal-khelifi\/384875\/","name":"Mondiaux de para-athl\u00e9tisme : L\u2019argent et un record d\u2019Afrique pour Nidhal Khelifi - webdo","isPartOf":{"@id":"https:\/\/www.webdo.tn\/fr\/#website"},"primaryImageOfPage":{"@id":"https:\/\/www.webdo.tn\/fr\/actualite\/sport\/mondiaux-de-para-athletisme-largent-et-un-record-dafrique-pour-nidhal-khelifi\/384875\/#primaryimage"},"image":{"@id":"https:\/\/www.webdo.tn\/fr\/actualite\/sport\/mondiaux-de-para-athletisme-largent-et-un-record-dafrique-pour-nidhal-khelifi\/384875\/#primaryimage"},"thumbnailUrl":"https:\/\/www.webdo.tn\/fr\/wp-content\/uploads\/2025\/10\/mohamed-nidhal-khelifi.jpg","datePublished":"2025-10-03T19:21:24+00:00","dateModified":"2025-10-04T09:21:33+00:00","description":"Nidhal Khelifi r\u00e9alise une performance exceptionnelle avec une m\u00e9daille d\u2019argent et un record d\u2019Afrique aux Mondiaux de para-athl\u00e9tisme.","breadcrumb":{"@id":"https:\/\/www.webdo.tn\/fr\/actualite\/sport\/mondiaux-de-para-athletisme-largent-et-un-record-dafrique-pour-nidhal-khelifi\/384875\/#breadcrumb"},"inLanguage":"fr-FR","potentialAction":[{"@type":"ReadAction","target":["https:\/\/www.webdo.tn\/fr\/actualite\/sport\/mondiaux-de-para-athletisme-largent-et-un-record-dafrique-pour-nidhal-khelifi\/384875\/"]}]},{"@type":"ImageObject","inLanguage":"fr-FR","@id":"https:\/\/www.webdo.tn\/fr\/actualite\/sport\/mondiaux-de-para-athletisme-largent-et-un-record-dafrique-pour-nidhal-khelifi\/384875\/#primaryimage","url":"https:\/\/www.webdo.tn\/fr\/wp-content\/uploads\/2025\/10\/mohamed-nidhal-khelifi.jpg","contentUrl":"https:\/\/www.webdo.tn\/fr\/wp-content\/uploads\/2025\/10\/mohamed-nidhal-khelifi.jpg","width":1000,"height":505,"caption":"Mondiaux de para-athl\u00e9tisme : L\u2019argent et un record d\u2019Afrique pour Nidhal Khelifi"},{"@type":"BreadcrumbList","@id":"https:\/\/www.webdo.tn\/fr\/actualite\/sport\/mondiaux-de-para-athletisme-largent-et-un-record-dafrique-pour-nidhal-khelifi\/384875\/#breadcrumb","itemListElement":[{"@type":"ListItem","position":1,"name":"Accueil","item":"https:\/\/www.webdo.tn\/fr\/"},{"@type":"ListItem","position":2,"name":"Mondiaux de para-athl\u00e9tisme : L\u2019argent et un record d\u2019Afrique pour Nidhal Khelifi"}]},{"@type":"WebSite","@id":"https:\/\/www.webdo.tn\/fr\/#website","url":"https:\/\/www.webdo.tn\/fr\/","name":"webdo","description":"Tunisie - News en Tunisie et \u00e0 l&#039;international sur Webdo.tn","publisher":{"@id":"https:\/\/www.webdo.tn\/fr\/#organization"},"potentialAction":[{"@type":"SearchAction","target":{"@type":"EntryPoint","urlTemplate":"https:\/\/www.webdo.tn\/fr\/?s={search_term_string}"},"query-input":{"@type":"PropertyValueSpecification","valueRequired":true,"valueName":"search_term_string"}}],"inLanguage":"fr-FR"},{"@type":"Organization","@id":"https:\/\/www.webdo.tn\/fr\/#organization","name":"Webdo","alternateName":"Webdo.tn","url":"https:\/\/www.webdo.tn\/fr\/","logo":{"@type":"ImageObject","inLanguage":"fr-FR","@id":"https:\/\/www.webdo.tn\/fr\/#\/schema\/logo\/image\/","url":"https:\/\/www.webdo.tn\/fr\/wp-content\/uploads\/2025\/06\/Webdo-Tunisie_168377.jpg","contentUrl":"https:\/\/www.webdo.tn\/fr\/wp-content\/uploads\/2025\/06\/Webdo-Tunisie_168377.jpg","width":301,"height":301,"caption":"Webdo"},"image":{"@id":"https:\/\/www.webdo.tn\/fr\/#\/schema\/logo\/image\/"},"sameAs":["https:\/\/www.facebook.com\/webdotn","https:\/\/x.com\/webdo_tn"],"description":"Webdo est un m\u00e9dia num\u00e9rique tunisien fond\u00e9 en 2010, sp\u00e9cialis\u00e9 dans l\u2019actualit\u00e9 nationale et internationale, l\u2019\u00e9conomie, la soci\u00e9t\u00e9 et les analyses politiques. Le site s\u2019adresse \u00e0 un large public francophone et couvre l\u2019information tunisienne en temps r\u00e9el.","email":"redac@webdo.tn","legalName":"YNJ SARL","foundingDate":"2010-09-06","numberOfEmployees":{"@type":"QuantitativeValue","minValue":"11","maxValue":"50"}},{"@type":"Person","@id":"https:\/\/www.webdo.tn\/fr\/#\/schema\/person\/c652cd8fc2b1b44412b5ffb48c5a911d","name":"Mohamed Hedi Touati","image":{"@type":"ImageObject","inLanguage":"fr-FR","@id":"https:\/\/secure.gravatar.com\/avatar\/9cfd402c745b7a685f13eed0ea6e59d2144a3c2fc50a3db6fd5ed451f6cddf1a?s=96&d=mm&r=g","url":"https:\/\/secure.gravatar.com\/avatar\/9cfd402c745b7a685f13eed0ea6e59d2144a3c2fc50a3db6fd5ed451f6cddf1a?s=96&d=mm&r=g","contentUrl":"https:\/\/secure.gravatar.com\/avatar\/9cfd402c745b7a685f13eed0ea6e59d2144a3c2fc50a3db6fd5ed451f6cddf1a?s=96&d=mm&r=g","caption":"Mohamed Hedi Touati"},"url":"https:\/\/www.webdo.tn\/fr\/actualite\/author\/mohamed-hedi-touati\/"}]}},"_links":{"self":[{"href":"https:\/\/www.webdo.tn\/fr\/wp-json\/wp\/v2\/posts\/384875","targetHints":{"allow":["GET"]}}],"collection":[{"href":"https:\/\/www.webdo.tn\/fr\/wp-json\/wp\/v2\/posts"}],"about":[{"href":"https:\/\/www.webdo.tn\/fr\/wp-json\/wp\/v2\/types\/post"}],"author":[{"embeddable":true,"href":"https:\/\/www.webdo.tn\/fr\/wp-json\/wp\/v2\/users\/3191"}],"replies":[{"embeddable":true,"href":"https:\/\/www.webdo.tn\/fr\/wp-json\/wp\/v2\/comments?post=384875"}],"version-history":[{"count":0,"href":"https:\/\/www.webdo.tn\/fr\/wp-json\/wp\/v2\/posts\/384875\/revisions"}],"wp:featuredmedia":[{"embeddable":true,"href":"https:\/\/www.webdo.tn\/fr\/wp-json\/wp\/v2\/media\/384876"}],"wp:attachment":[{"href":"https:\/\/www.webdo.tn\/fr\/wp-json\/wp\/v2\/media?parent=384875"}],"wp:term":[{"taxonomy":"category","embeddable":true,"href":"https:\/\/www.webdo.tn\/fr\/wp-json\/wp\/v2\/categories?post=384875"},{"taxonomy":"post_tag","embeddable":true,"href":"https:\/\/www.webdo.tn\/fr\/wp-json\/wp\/v2\/tags?post=384875"}],"curies":[{"name":"wp","href":"https:\/\/api.w.org\/{rel}","templated":true}]}}