{"id":384531,"date":"2025-09-30T09:50:50","date_gmt":"2025-09-30T08:50:50","guid":{"rendered":"https:\/\/www.webdo.tn\/fr\/?p=384531"},"modified":"2025-10-01T08:34:48","modified_gmt":"2025-10-01T07:34:48","slug":"tunisie-quand-les-berceaux-se-vident-et-les-seniors-saccumulent","status":"publish","type":"post","link":"https:\/\/www.webdo.tn\/fr\/actualite\/national\/tunisie-quand-les-berceaux-se-vident-et-les-seniors-saccumulent\/384531\/","title":{"rendered":"Tunisie : Quand les berceaux se vident et les seniors s\u2019accumulent"},"content":{"rendered":"\n<p>La Tunisie est entr\u00e9e dans une <strong>phase d\u00e9mographique sans pr\u00e9c\u00e9dent<\/strong>. Selon les conclusions du recensement g\u00e9n\u00e9ral de la population et de l\u2019habitat 2024,<a href=\"https:\/\/www.ins.tn\/sites\/default\/files-ftp3\/files\/2025-09\/RGPH2024-Analyses%20Th%C3%A9matiques.pdf\" target=\"_blank\" rel=\"noreferrer noopener\"> publi\u00e9es par l\u2019INS en 2025<\/a>, le pays conna\u00eet un <strong>vieillissement acc\u00e9l\u00e9r\u00e9<\/strong> et une <strong>baisse historique de sa natalit\u00e9<\/strong>. Pr\u00e8s de <strong>17 % de la population a d\u00e9sormais plus de 60 ans<\/strong>, un record, tandis que les mariages et les naissances sont en chute libre. Cette mutation profonde de la soci\u00e9t\u00e9 tunisienne pose une question cruciale : comment le pays peut-il absorber un tel choc sans fragiliser son \u00e9quilibre socio-\u00e9conomique ?<\/p>\n\n\n\n<h2 class=\"wp-block-heading\" id=\"h-une-pyramide-des-ages-modifiee\">Une pyramide des \u00e2ges modifi\u00e9e<\/h2>\n\n\n\n<p>Les donn\u00e9es de l\u2019Institut National de la Statistique (INS) dessinent une Tunisie qui change de visage \u00e0 un rythme in\u00e9dit. L&rsquo;augmentation de la part des seniors est spectaculaire, passant de 14 % il y a dix ans \u00e0 <strong>17 %<\/strong> aujourd&rsquo;hui.<\/p>\n\n\n\n<p>Dans le m\u00eame temps, les fondements du renouvellement d\u00e9mographique s&rsquo;effondrent :<\/p>\n\n\n\n<ul class=\"wp-block-list\">\n<li>Le nombre de <strong>nouveaux-n\u00e9s a chut\u00e9 de 8 %<\/strong> par rapport \u00e0 la d\u00e9cennie pr\u00e9c\u00e9dente.<\/li>\n\n\n\n<li>Le nombre de <strong>mariages annuels a diminu\u00e9 de pr\u00e8s de 12 %<\/strong>, l&rsquo;\u00e2ge moyen au mariage progressant.<\/li>\n<\/ul>\n\n\n\n<p>Cette r\u00e9organisation n&rsquo;est pas uniforme. Elle est exacerb\u00e9e par l&rsquo;<strong>exode int\u00e9rieur<\/strong> qui concentre les jeunes dans les grandes villes et laisse les r\u00e9gions de l&rsquo;int\u00e9rieur face \u00e0 un vieillissement encore plus marqu\u00e9. Ces chiffres traduisent un <strong>changement structurel<\/strong> bien au-del\u00e0 des variations conjoncturelles.<\/p>\n\n\n\n<h2 class=\"wp-block-heading\" id=\"h-une-reponse-politique-face-a-l-urgence\">Une r\u00e9ponse politique face \u00e0 l&rsquo;urgence<\/h2>\n\n\n\n<p>Face \u00e0 la d\u00e9crue des naissances, le gouvernement tunisien cherche activement \u00e0 inverser la tendance. En juin 2025, le ministre de la Sant\u00e9, <strong>Mustapha Ferjani<\/strong>, a insist\u00e9 sur l&rsquo;urgence d&rsquo;\u00e9tablir une \u00ab <strong>strat\u00e9gie nationale<\/strong> \u00bb claire. L&rsquo;objectif est double : <strong>relancer la natalit\u00e9<\/strong> et am\u00e9liorer les indicateurs de croissance d\u00e9mographique, consid\u00e9r\u00e9s comme vitaux pour l&rsquo;\u00e9quilibre socio-\u00e9conomique du pays.<\/p>\n\n\n\n<p>Cette baisse d\u00e9mographique a d\u00e9j\u00e0 des r\u00e9percussions concr\u00e8tes et imm\u00e9diates, notamment sur le syst\u00e8me de sant\u00e9. M. Ferjani a mis en garde sur la <strong>viabilit\u00e9 des services de maternit\u00e9<\/strong> : pour \u00eatre efficace et respecter les normes scientifiques, un service de gyn\u00e9cologie-obst\u00e9trique doit enregistrer au moins <strong>300 naissances par an<\/strong>. Avec le recul actuel, ce seuil minimal risque de ne plus \u00eatre atteint dans plusieurs structures hospitali\u00e8res, mena\u00e7ant la qualit\u00e9 et la continuit\u00e9 des soins.<\/p>\n\n\n\n<p><strong>Lire aussi:<\/strong> <a href=\"https:\/\/www.webdo.tn\/fr\/actualite\/national\/tunisie-le-gouvernement-veut-que-les-tunisiens-fassent-des-bebes\/222343\/?utm_source=chatgpt.com\">Tunisie : Le gouvernement veut que les Tunisiens fassent des b\u00e9b\u00e9s<\/a><\/p>\n\n\n\n<h2 class=\"wp-block-heading\" id=\"h-la-societe-en-mutation-quand-les-jeunes-retardent-le-foyer\">La soci\u00e9t\u00e9 en mutation : Quand les jeunes retardent le foyer<\/h2>\n\n\n\n<p>Les raisons de ce recul d\u00e9mographique sont intrins\u00e8quement li\u00e9es \u00e0 la <strong>modernisation de la soci\u00e9t\u00e9 tunisienne<\/strong> et \u00e0 ses difficult\u00e9s \u00e9conomiques.<\/p>\n\n\n\n<ul class=\"wp-block-list\">\n<li><strong>Obstacles \u00e9conomiques :<\/strong> Le <strong>ch\u00f4mage<\/strong>, la <strong>pr\u00e9carit\u00e9<\/strong> et l\u2019explosion du <strong>co\u00fbt du logement<\/strong> freinent la capacit\u00e9 des jeunes couples \u00e0 envisager l\u2019enfant.<\/li>\n\n\n\n<li><strong>Facteurs socioculturels :<\/strong> L&rsquo;\u00e9mancipation des jeunes femmes est un facteur cl\u00e9. Mieux <strong>\u00e9duqu\u00e9es<\/strong> et plus ins\u00e9r\u00e9es sur le march\u00e9 du travail, elles choisissent de <strong>retarder le mariage et la maternit\u00e9<\/strong>, priorisant leur carri\u00e8re et leur ind\u00e9pendance.<\/li>\n\n\n\n<li><strong>Urbanisation :<\/strong> L\u2019exode rural modifie les modes de vie et la structure familiale, les grandes villes offrant moins d&rsquo;incitations aux familles nombreuses.<\/li>\n<\/ul>\n\n\n\n<p>La Tunisie se retrouve ainsi \u00e0 payer le prix d\u2019un <strong>d\u00e9s\u00e9quilibre interg\u00e9n\u00e9rationnel<\/strong> complexe.<\/p>\n\n\n\n<p><strong>Lire aussi:<\/strong> <a href=\"https:\/\/www.webdo.tn\/fr\/actualite\/national\/tunisie-mariages-et-naissances-en-chute-libre-la-demographie-bascule\/383662\/?utm_source=chatgpt.com\">Tunisie : mariages et naissances en chute libre, la d\u00e9mographie bascule<\/a><\/p>\n\n\n\n<h2 class=\"wp-block-heading\" id=\"h-consequences-et-perspectives-le-risque-d-un-vieillissement-precoce\">Cons\u00e9quences et perspectives : Le risque d\u2019un vieillissement pr\u00e9coce<\/h2>\n\n\n\n<p>Si la Tunisie n&rsquo;est pas la seule au Maghreb \u00e0 vieillir (le Maroc et l&rsquo;Alg\u00e9rie sont \u00e9galement concern\u00e9s), elle le fait \u00e0 un rythme plus soutenu et, surtout, sans disposer des <strong>filets sociaux robustes<\/strong> de certaines nations europ\u00e9ennes qui pr\u00e9sentent une pyramide des \u00e2ges similaire.<\/p>\n\n\n\n<p>Les cons\u00e9quences sont lourdes :<\/p>\n\n\n\n<ul class=\"wp-block-list\">\n<li><strong>Pression fiscale :<\/strong> Le vieillissement met les <strong>syst\u00e8mes de retraite et de sant\u00e9<\/strong> sous une pression budg\u00e9taire sans pr\u00e9c\u00e9dent.<\/li>\n\n\n\n<li><strong>March\u00e9 du travail :<\/strong> Le pays fait face au spectre d&rsquo;une <strong>p\u00e9nurie de jeunes actifs<\/strong> et d&rsquo;une hausse de la d\u00e9pendance des retrait\u00e9s.<\/li>\n<\/ul>\n\n\n\n<p>Toutefois, ce d\u00e9fi peut se transformer en <strong>avantage strat\u00e9gique<\/strong>. Une population plus r\u00e9duite, si elle est mieux qualifi\u00e9e gr\u00e2ce \u00e0 des r\u00e9formes \u00e9ducatives et \u00e9conomiques, pourrait transformer ce risque en opportunit\u00e9.<\/p>\n\n\n\n<p><strong>Lire aussi:<\/strong> <a href=\"https:\/\/www.webdo.tn\/fr\/actualite\/international\/le-mariage-en-net-recul-au-maghreb-un-bouleversement-social-en-cours\/381161\/\">Le mariage en net recul au Maghreb <\/a><\/p>\n\n\n\n<p>La Tunisie est \u00e0 la crois\u00e9e des chemins. Pour surmonter ce d\u00e9fi in\u00e9dit, elle doit trouver des <strong>r\u00e9ponses structurelles et durables<\/strong> qui permettront de pr\u00e9parer une soci\u00e9t\u00e9 o\u00f9 la <strong>solidarit\u00e9 interg\u00e9n\u00e9rationnelle<\/strong> peut \u00eatre maintenue face aux imp\u00e9ratifs de l&rsquo;\u00e9conomie et de la modernit\u00e9.<\/p>\n","protected":false},"excerpt":{"rendered":"<p>La Tunisie est entr\u00e9e dans une phase d\u00e9mographique sans pr\u00e9c\u00e9dent. Selon les conclusions du recensement g\u00e9n\u00e9ral de la population et de l\u2019habitat 2024, publi\u00e9es par l\u2019INS en 2025, le pays conna\u00eet un vieillissement acc\u00e9l\u00e9r\u00e9 et une baisse historique de sa natalit\u00e9. Pr\u00e8s de 17 % de la population a d\u00e9sormais plus de 60 ans, un [&hellip;]<\/p>\n","protected":false},"author":4779,"featured_media":384533,"comment_status":"closed","ping_status":"closed","sticky":false,"template":"","format":"standard","meta":{"footnotes":""},"categories":[44],"tags":[3374,2608,9050],"class_list":["post-384531","post","type-post","status-publish","format-standard","has-post-thumbnail","hentry","category-national","tag-ins","tag-tunisie","tag-vieillissement-de-la-population"],"yoast_head":"<!-- This site is optimized with the Yoast SEO Premium plugin v27.5 (Yoast SEO v27.5) - https:\/\/yoast.com\/product\/yoast-seo-premium-wordpress\/ -->\n<title>Tunisie : Quand les berceaux se vident et les seniors s\u2019accumulent - webdo<\/title>\n<meta name=\"description\" content=\"Analyse des tendances en Tunisie : le vieillissement de la population atteint des niveaux records, avec des implications socio-\u00e9conomiques.\" \/>\n<link rel=\"canonical\" href=\"https:\/\/www.webdo.tn\/fr\/actualite\/national\/tunisie-quand-les-berceaux-se-vident-et-les-seniors-saccumulent\/384531\/\" \/>\n<meta property=\"og:locale\" content=\"fr_FR\" \/>\n<meta property=\"og:type\" content=\"article\" \/>\n<meta property=\"og:title\" content=\"Tunisie : Quand les berceaux se vident et les seniors s\u2019accumulent\" \/>\n<meta property=\"og:description\" content=\"Analyse des tendances en Tunisie : le vieillissement de la population atteint des niveaux records, avec des implications socio-\u00e9conomiques.\" \/>\n<meta property=\"og:url\" content=\"https:\/\/www.webdo.tn\/fr\/actualite\/national\/tunisie-quand-les-berceaux-se-vident-et-les-seniors-saccumulent\/384531\/\" \/>\n<meta property=\"og:site_name\" content=\"webdo\" \/>\n<meta property=\"article:publisher\" content=\"https:\/\/www.facebook.com\/webdotn\" \/>\n<meta property=\"article:published_time\" content=\"2025-09-30T08:50:50+00:00\" \/>\n<meta property=\"article:modified_time\" content=\"2025-10-01T07:34:48+00:00\" \/>\n<meta property=\"og:image\" content=\"https:\/\/www.webdo.tn\/fr\/wp-content\/uploads\/2025\/09\/Tunisie-Vieillissement.jpg\" \/>\n\t<meta property=\"og:image:width\" content=\"1024\" \/>\n\t<meta property=\"og:image:height\" content=\"592\" \/>\n\t<meta property=\"og:image:type\" content=\"image\/jpeg\" \/>\n<meta name=\"author\" content=\"Firas Ben Abdeltif\" \/>\n<meta name=\"twitter:card\" content=\"summary_large_image\" \/>\n<meta name=\"twitter:creator\" content=\"@webdo_tn\" \/>\n<meta name=\"twitter:site\" content=\"@webdo_tn\" \/>\n<meta name=\"twitter:label1\" content=\"\u00c9crit par\" \/>\n\t<meta name=\"twitter:data1\" content=\"Firas Ben Abdeltif\" \/>\n\t<meta name=\"twitter:label2\" content=\"Dur\u00e9e de lecture estim\u00e9e\" \/>\n\t<meta name=\"twitter:data2\" content=\"4 minutes\" \/>\n<script type=\"application\/ld+json\" class=\"yoast-schema-graph\">{\"@context\":\"https:\\\/\\\/schema.org\",\"@graph\":[{\"@type\":\"NewsArticle\",\"@id\":\"https:\\\/\\\/www.webdo.tn\\\/fr\\\/actualite\\\/national\\\/tunisie-quand-les-berceaux-se-vident-et-les-seniors-saccumulent\\\/384531\\\/#article\",\"isPartOf\":{\"@id\":\"https:\\\/\\\/www.webdo.tn\\\/fr\\\/actualite\\\/national\\\/tunisie-quand-les-berceaux-se-vident-et-les-seniors-saccumulent\\\/384531\\\/\"},\"author\":{\"name\":\"Firas Ben Abdeltif\",\"@id\":\"https:\\\/\\\/www.webdo.tn\\\/fr\\\/#\\\/schema\\\/person\\\/19664196c9bfdcda126f3c27709f7d11\"},\"headline\":\"Tunisie : Quand les berceaux se vident et les seniors s\u2019accumulent\",\"datePublished\":\"2025-09-30T08:50:50+00:00\",\"dateModified\":\"2025-10-01T07:34:48+00:00\",\"mainEntityOfPage\":{\"@id\":\"https:\\\/\\\/www.webdo.tn\\\/fr\\\/actualite\\\/national\\\/tunisie-quand-les-berceaux-se-vident-et-les-seniors-saccumulent\\\/384531\\\/\"},\"wordCount\":787,\"publisher\":{\"@id\":\"https:\\\/\\\/www.webdo.tn\\\/fr\\\/#organization\"},\"image\":{\"@id\":\"https:\\\/\\\/www.webdo.tn\\\/fr\\\/actualite\\\/national\\\/tunisie-quand-les-berceaux-se-vident-et-les-seniors-saccumulent\\\/384531\\\/#primaryimage\"},\"thumbnailUrl\":\"https:\\\/\\\/www.webdo.tn\\\/fr\\\/wp-content\\\/uploads\\\/2025\\\/09\\\/Tunisie-Vieillissement.jpg\",\"keywords\":[\"INS\",\"Tunisie\",\"vieillissement de la population\"],\"articleSection\":[\"National\"],\"inLanguage\":\"fr-FR\"},{\"@type\":\"WebPage\",\"@id\":\"https:\\\/\\\/www.webdo.tn\\\/fr\\\/actualite\\\/national\\\/tunisie-quand-les-berceaux-se-vident-et-les-seniors-saccumulent\\\/384531\\\/\",\"url\":\"https:\\\/\\\/www.webdo.tn\\\/fr\\\/actualite\\\/national\\\/tunisie-quand-les-berceaux-se-vident-et-les-seniors-saccumulent\\\/384531\\\/\",\"name\":\"Tunisie : Quand les berceaux se vident et les seniors s\u2019accumulent - webdo\",\"isPartOf\":{\"@id\":\"https:\\\/\\\/www.webdo.tn\\\/fr\\\/#website\"},\"primaryImageOfPage\":{\"@id\":\"https:\\\/\\\/www.webdo.tn\\\/fr\\\/actualite\\\/national\\\/tunisie-quand-les-berceaux-se-vident-et-les-seniors-saccumulent\\\/384531\\\/#primaryimage\"},\"image\":{\"@id\":\"https:\\\/\\\/www.webdo.tn\\\/fr\\\/actualite\\\/national\\\/tunisie-quand-les-berceaux-se-vident-et-les-seniors-saccumulent\\\/384531\\\/#primaryimage\"},\"thumbnailUrl\":\"https:\\\/\\\/www.webdo.tn\\\/fr\\\/wp-content\\\/uploads\\\/2025\\\/09\\\/Tunisie-Vieillissement.jpg\",\"datePublished\":\"2025-09-30T08:50:50+00:00\",\"dateModified\":\"2025-10-01T07:34:48+00:00\",\"description\":\"Analyse des tendances en Tunisie : le vieillissement de la population atteint des niveaux records, avec des implications socio-\u00e9conomiques.\",\"breadcrumb\":{\"@id\":\"https:\\\/\\\/www.webdo.tn\\\/fr\\\/actualite\\\/national\\\/tunisie-quand-les-berceaux-se-vident-et-les-seniors-saccumulent\\\/384531\\\/#breadcrumb\"},\"inLanguage\":\"fr-FR\",\"potentialAction\":[{\"@type\":\"ReadAction\",\"target\":[\"https:\\\/\\\/www.webdo.tn\\\/fr\\\/actualite\\\/national\\\/tunisie-quand-les-berceaux-se-vident-et-les-seniors-saccumulent\\\/384531\\\/\"]}]},{\"@type\":\"ImageObject\",\"inLanguage\":\"fr-FR\",\"@id\":\"https:\\\/\\\/www.webdo.tn\\\/fr\\\/actualite\\\/national\\\/tunisie-quand-les-berceaux-se-vident-et-les-seniors-saccumulent\\\/384531\\\/#primaryimage\",\"url\":\"https:\\\/\\\/www.webdo.tn\\\/fr\\\/wp-content\\\/uploads\\\/2025\\\/09\\\/Tunisie-Vieillissement.jpg\",\"contentUrl\":\"https:\\\/\\\/www.webdo.tn\\\/fr\\\/wp-content\\\/uploads\\\/2025\\\/09\\\/Tunisie-Vieillissement.jpg\",\"width\":1024,\"height\":592,\"caption\":\"Tunisie : l\u2019\u00c9tat veut encourager les naissances face au vieillissement de la population\"},{\"@type\":\"BreadcrumbList\",\"@id\":\"https:\\\/\\\/www.webdo.tn\\\/fr\\\/actualite\\\/national\\\/tunisie-quand-les-berceaux-se-vident-et-les-seniors-saccumulent\\\/384531\\\/#breadcrumb\",\"itemListElement\":[{\"@type\":\"ListItem\",\"position\":1,\"name\":\"Accueil\",\"item\":\"https:\\\/\\\/www.webdo.tn\\\/fr\\\/\"},{\"@type\":\"ListItem\",\"position\":2,\"name\":\"Tunisie : Quand les berceaux se vident et les seniors s\u2019accumulent\"}]},{\"@type\":\"WebSite\",\"@id\":\"https:\\\/\\\/www.webdo.tn\\\/fr\\\/#website\",\"url\":\"https:\\\/\\\/www.webdo.tn\\\/fr\\\/\",\"name\":\"webdo\",\"description\":\"Tunisie - News en Tunisie et \u00e0 l&#039;international sur Webdo.tn\",\"publisher\":{\"@id\":\"https:\\\/\\\/www.webdo.tn\\\/fr\\\/#organization\"},\"potentialAction\":[{\"@type\":\"SearchAction\",\"target\":{\"@type\":\"EntryPoint\",\"urlTemplate\":\"https:\\\/\\\/www.webdo.tn\\\/fr\\\/?s={search_term_string}\"},\"query-input\":{\"@type\":\"PropertyValueSpecification\",\"valueRequired\":true,\"valueName\":\"search_term_string\"}}],\"inLanguage\":\"fr-FR\"},{\"@type\":\"Organization\",\"@id\":\"https:\\\/\\\/www.webdo.tn\\\/fr\\\/#organization\",\"name\":\"Webdo\",\"alternateName\":\"Webdo.tn\",\"url\":\"https:\\\/\\\/www.webdo.tn\\\/fr\\\/\",\"logo\":{\"@type\":\"ImageObject\",\"inLanguage\":\"fr-FR\",\"@id\":\"https:\\\/\\\/www.webdo.tn\\\/fr\\\/#\\\/schema\\\/logo\\\/image\\\/\",\"url\":\"https:\\\/\\\/www.webdo.tn\\\/fr\\\/wp-content\\\/uploads\\\/2025\\\/06\\\/Webdo-Tunisie_168377.jpg\",\"contentUrl\":\"https:\\\/\\\/www.webdo.tn\\\/fr\\\/wp-content\\\/uploads\\\/2025\\\/06\\\/Webdo-Tunisie_168377.jpg\",\"width\":301,\"height\":301,\"caption\":\"Webdo\"},\"image\":{\"@id\":\"https:\\\/\\\/www.webdo.tn\\\/fr\\\/#\\\/schema\\\/logo\\\/image\\\/\"},\"sameAs\":[\"https:\\\/\\\/www.facebook.com\\\/webdotn\",\"https:\\\/\\\/x.com\\\/webdo_tn\"],\"description\":\"Webdo est un m\u00e9dia num\u00e9rique tunisien fond\u00e9 en 2010, sp\u00e9cialis\u00e9 dans l\u2019actualit\u00e9 nationale et internationale, l\u2019\u00e9conomie, la soci\u00e9t\u00e9 et les analyses politiques. Le site s\u2019adresse \u00e0 un large public francophone et couvre l\u2019information tunisienne en temps r\u00e9el.\",\"email\":\"redac@webdo.tn\",\"legalName\":\"YNJ SARL\",\"foundingDate\":\"2010-09-06\",\"numberOfEmployees\":{\"@type\":\"QuantitativeValue\",\"minValue\":\"11\",\"maxValue\":\"50\"}},{\"@type\":\"Person\",\"@id\":\"https:\\\/\\\/www.webdo.tn\\\/fr\\\/#\\\/schema\\\/person\\\/19664196c9bfdcda126f3c27709f7d11\",\"name\":\"Firas Ben Abdeltif\",\"image\":{\"@type\":\"ImageObject\",\"inLanguage\":\"fr-FR\",\"@id\":\"https:\\\/\\\/secure.gravatar.com\\\/avatar\\\/161a347d40df098a084778c52ed133dbd85f14df003867067c5948081241ec55?s=96&d=mm&r=g\",\"url\":\"https:\\\/\\\/secure.gravatar.com\\\/avatar\\\/161a347d40df098a084778c52ed133dbd85f14df003867067c5948081241ec55?s=96&d=mm&r=g\",\"contentUrl\":\"https:\\\/\\\/secure.gravatar.com\\\/avatar\\\/161a347d40df098a084778c52ed133dbd85f14df003867067c5948081241ec55?s=96&d=mm&r=g\",\"caption\":\"Firas Ben Abdeltif\"},\"url\":\"https:\\\/\\\/www.webdo.tn\\\/fr\\\/actualite\\\/author\\\/firas-ben-abdeltif\\\/\"}]}<\/script>\n<!-- \/ Yoast SEO Premium plugin. -->","yoast_head_json":{"title":"Tunisie : Quand les berceaux se vident et les seniors s\u2019accumulent - webdo","description":"Analyse des tendances en Tunisie : le vieillissement de la population atteint des niveaux records, avec des implications socio-\u00e9conomiques.","canonical":"https:\/\/www.webdo.tn\/fr\/actualite\/national\/tunisie-quand-les-berceaux-se-vident-et-les-seniors-saccumulent\/384531\/","og_locale":"fr_FR","og_type":"article","og_title":"Tunisie : Quand les berceaux se vident et les seniors s\u2019accumulent","og_description":"Analyse des tendances en Tunisie : le vieillissement de la population atteint des niveaux records, avec des implications socio-\u00e9conomiques.","og_url":"https:\/\/www.webdo.tn\/fr\/actualite\/national\/tunisie-quand-les-berceaux-se-vident-et-les-seniors-saccumulent\/384531\/","og_site_name":"webdo","article_publisher":"https:\/\/www.facebook.com\/webdotn","article_published_time":"2025-09-30T08:50:50+00:00","article_modified_time":"2025-10-01T07:34:48+00:00","og_image":[{"width":1024,"height":592,"url":"https:\/\/www.webdo.tn\/fr\/wp-content\/uploads\/2025\/09\/Tunisie-Vieillissement.jpg","type":"image\/jpeg"}],"author":"Firas Ben Abdeltif","twitter_card":"summary_large_image","twitter_creator":"@webdo_tn","twitter_site":"@webdo_tn","twitter_misc":{"\u00c9crit par":"Firas Ben Abdeltif","Dur\u00e9e de lecture estim\u00e9e":"4 minutes"},"schema":{"@context":"https:\/\/schema.org","@graph":[{"@type":"NewsArticle","@id":"https:\/\/www.webdo.tn\/fr\/actualite\/national\/tunisie-quand-les-berceaux-se-vident-et-les-seniors-saccumulent\/384531\/#article","isPartOf":{"@id":"https:\/\/www.webdo.tn\/fr\/actualite\/national\/tunisie-quand-les-berceaux-se-vident-et-les-seniors-saccumulent\/384531\/"},"author":{"name":"Firas Ben Abdeltif","@id":"https:\/\/www.webdo.tn\/fr\/#\/schema\/person\/19664196c9bfdcda126f3c27709f7d11"},"headline":"Tunisie : Quand les berceaux se vident et les seniors s\u2019accumulent","datePublished":"2025-09-30T08:50:50+00:00","dateModified":"2025-10-01T07:34:48+00:00","mainEntityOfPage":{"@id":"https:\/\/www.webdo.tn\/fr\/actualite\/national\/tunisie-quand-les-berceaux-se-vident-et-les-seniors-saccumulent\/384531\/"},"wordCount":787,"publisher":{"@id":"https:\/\/www.webdo.tn\/fr\/#organization"},"image":{"@id":"https:\/\/www.webdo.tn\/fr\/actualite\/national\/tunisie-quand-les-berceaux-se-vident-et-les-seniors-saccumulent\/384531\/#primaryimage"},"thumbnailUrl":"https:\/\/www.webdo.tn\/fr\/wp-content\/uploads\/2025\/09\/Tunisie-Vieillissement.jpg","keywords":["INS","Tunisie","vieillissement de la population"],"articleSection":["National"],"inLanguage":"fr-FR"},{"@type":"WebPage","@id":"https:\/\/www.webdo.tn\/fr\/actualite\/national\/tunisie-quand-les-berceaux-se-vident-et-les-seniors-saccumulent\/384531\/","url":"https:\/\/www.webdo.tn\/fr\/actualite\/national\/tunisie-quand-les-berceaux-se-vident-et-les-seniors-saccumulent\/384531\/","name":"Tunisie : Quand les berceaux se vident et les seniors s\u2019accumulent - webdo","isPartOf":{"@id":"https:\/\/www.webdo.tn\/fr\/#website"},"primaryImageOfPage":{"@id":"https:\/\/www.webdo.tn\/fr\/actualite\/national\/tunisie-quand-les-berceaux-se-vident-et-les-seniors-saccumulent\/384531\/#primaryimage"},"image":{"@id":"https:\/\/www.webdo.tn\/fr\/actualite\/national\/tunisie-quand-les-berceaux-se-vident-et-les-seniors-saccumulent\/384531\/#primaryimage"},"thumbnailUrl":"https:\/\/www.webdo.tn\/fr\/wp-content\/uploads\/2025\/09\/Tunisie-Vieillissement.jpg","datePublished":"2025-09-30T08:50:50+00:00","dateModified":"2025-10-01T07:34:48+00:00","description":"Analyse des tendances en Tunisie : le vieillissement de la population atteint des niveaux records, avec des implications socio-\u00e9conomiques.","breadcrumb":{"@id":"https:\/\/www.webdo.tn\/fr\/actualite\/national\/tunisie-quand-les-berceaux-se-vident-et-les-seniors-saccumulent\/384531\/#breadcrumb"},"inLanguage":"fr-FR","potentialAction":[{"@type":"ReadAction","target":["https:\/\/www.webdo.tn\/fr\/actualite\/national\/tunisie-quand-les-berceaux-se-vident-et-les-seniors-saccumulent\/384531\/"]}]},{"@type":"ImageObject","inLanguage":"fr-FR","@id":"https:\/\/www.webdo.tn\/fr\/actualite\/national\/tunisie-quand-les-berceaux-se-vident-et-les-seniors-saccumulent\/384531\/#primaryimage","url":"https:\/\/www.webdo.tn\/fr\/wp-content\/uploads\/2025\/09\/Tunisie-Vieillissement.jpg","contentUrl":"https:\/\/www.webdo.tn\/fr\/wp-content\/uploads\/2025\/09\/Tunisie-Vieillissement.jpg","width":1024,"height":592,"caption":"Tunisie : l\u2019\u00c9tat veut encourager les naissances face au vieillissement de la population"},{"@type":"BreadcrumbList","@id":"https:\/\/www.webdo.tn\/fr\/actualite\/national\/tunisie-quand-les-berceaux-se-vident-et-les-seniors-saccumulent\/384531\/#breadcrumb","itemListElement":[{"@type":"ListItem","position":1,"name":"Accueil","item":"https:\/\/www.webdo.tn\/fr\/"},{"@type":"ListItem","position":2,"name":"Tunisie : Quand les berceaux se vident et les seniors s\u2019accumulent"}]},{"@type":"WebSite","@id":"https:\/\/www.webdo.tn\/fr\/#website","url":"https:\/\/www.webdo.tn\/fr\/","name":"webdo","description":"Tunisie - News en Tunisie et \u00e0 l&#039;international sur Webdo.tn","publisher":{"@id":"https:\/\/www.webdo.tn\/fr\/#organization"},"potentialAction":[{"@type":"SearchAction","target":{"@type":"EntryPoint","urlTemplate":"https:\/\/www.webdo.tn\/fr\/?s={search_term_string}"},"query-input":{"@type":"PropertyValueSpecification","valueRequired":true,"valueName":"search_term_string"}}],"inLanguage":"fr-FR"},{"@type":"Organization","@id":"https:\/\/www.webdo.tn\/fr\/#organization","name":"Webdo","alternateName":"Webdo.tn","url":"https:\/\/www.webdo.tn\/fr\/","logo":{"@type":"ImageObject","inLanguage":"fr-FR","@id":"https:\/\/www.webdo.tn\/fr\/#\/schema\/logo\/image\/","url":"https:\/\/www.webdo.tn\/fr\/wp-content\/uploads\/2025\/06\/Webdo-Tunisie_168377.jpg","contentUrl":"https:\/\/www.webdo.tn\/fr\/wp-content\/uploads\/2025\/06\/Webdo-Tunisie_168377.jpg","width":301,"height":301,"caption":"Webdo"},"image":{"@id":"https:\/\/www.webdo.tn\/fr\/#\/schema\/logo\/image\/"},"sameAs":["https:\/\/www.facebook.com\/webdotn","https:\/\/x.com\/webdo_tn"],"description":"Webdo est un m\u00e9dia num\u00e9rique tunisien fond\u00e9 en 2010, sp\u00e9cialis\u00e9 dans l\u2019actualit\u00e9 nationale et internationale, l\u2019\u00e9conomie, la soci\u00e9t\u00e9 et les analyses politiques. Le site s\u2019adresse \u00e0 un large public francophone et couvre l\u2019information tunisienne en temps r\u00e9el.","email":"redac@webdo.tn","legalName":"YNJ SARL","foundingDate":"2010-09-06","numberOfEmployees":{"@type":"QuantitativeValue","minValue":"11","maxValue":"50"}},{"@type":"Person","@id":"https:\/\/www.webdo.tn\/fr\/#\/schema\/person\/19664196c9bfdcda126f3c27709f7d11","name":"Firas Ben Abdeltif","image":{"@type":"ImageObject","inLanguage":"fr-FR","@id":"https:\/\/secure.gravatar.com\/avatar\/161a347d40df098a084778c52ed133dbd85f14df003867067c5948081241ec55?s=96&d=mm&r=g","url":"https:\/\/secure.gravatar.com\/avatar\/161a347d40df098a084778c52ed133dbd85f14df003867067c5948081241ec55?s=96&d=mm&r=g","contentUrl":"https:\/\/secure.gravatar.com\/avatar\/161a347d40df098a084778c52ed133dbd85f14df003867067c5948081241ec55?s=96&d=mm&r=g","caption":"Firas Ben Abdeltif"},"url":"https:\/\/www.webdo.tn\/fr\/actualite\/author\/firas-ben-abdeltif\/"}]}},"_links":{"self":[{"href":"https:\/\/www.webdo.tn\/fr\/wp-json\/wp\/v2\/posts\/384531","targetHints":{"allow":["GET"]}}],"collection":[{"href":"https:\/\/www.webdo.tn\/fr\/wp-json\/wp\/v2\/posts"}],"about":[{"href":"https:\/\/www.webdo.tn\/fr\/wp-json\/wp\/v2\/types\/post"}],"author":[{"embeddable":true,"href":"https:\/\/www.webdo.tn\/fr\/wp-json\/wp\/v2\/users\/4779"}],"replies":[{"embeddable":true,"href":"https:\/\/www.webdo.tn\/fr\/wp-json\/wp\/v2\/comments?post=384531"}],"version-history":[{"count":0,"href":"https:\/\/www.webdo.tn\/fr\/wp-json\/wp\/v2\/posts\/384531\/revisions"}],"wp:featuredmedia":[{"embeddable":true,"href":"https:\/\/www.webdo.tn\/fr\/wp-json\/wp\/v2\/media\/384533"}],"wp:attachment":[{"href":"https:\/\/www.webdo.tn\/fr\/wp-json\/wp\/v2\/media?parent=384531"}],"wp:term":[{"taxonomy":"category","embeddable":true,"href":"https:\/\/www.webdo.tn\/fr\/wp-json\/wp\/v2\/categories?post=384531"},{"taxonomy":"post_tag","embeddable":true,"href":"https:\/\/www.webdo.tn\/fr\/wp-json\/wp\/v2\/tags?post=384531"}],"curies":[{"name":"wp","href":"https:\/\/api.w.org\/{rel}","templated":true}]}}