{"id":384275,"date":"2025-09-25T18:33:10","date_gmt":"2025-09-25T17:33:10","guid":{"rendered":"https:\/\/www.webdo.tn\/fr\/?p=384275"},"modified":"2025-09-26T10:51:33","modified_gmt":"2025-09-26T09:51:33","slug":"une-vague-inquietante-nouvelle-saisie-record-de-comprimes-decstasy-a-la-goulette","status":"publish","type":"post","link":"https:\/\/www.webdo.tn\/fr\/actualite\/national\/une-vague-inquietante-nouvelle-saisie-record-de-comprimes-decstasy-a-la-goulette\/384275\/","title":{"rendered":"Une vague inqui\u00e9tante, nouvelle saisie record de comprim\u00e9s d\u2019ecstasy \u00e0 la Goulette"},"content":{"rendered":"\n<p><\/p>\n\n\n\n<p>Les agents de la douane tunisienne au port de la Goulette ont r\u00e9ussi \u00e0 d\u00e9jouer une tentative de contrebande portant sur une quantit\u00e9 \u00ab tr\u00e8s importante \u00bb de comprim\u00e9s de drogue, principalement de l\u2019ecstasy, dissimul\u00e9s dans une voiture en provenance d\u2019un pays europ\u00e9en.<\/p>\n\n\n\n<p>Selon les premi\u00e8res informations, cit\u00e9es par Mosaique FM, les agents ont suspect\u00e9 le v\u00e9hicule lors des op\u00e9rations de contr\u00f4le des passagers d\u00e9barquant d\u2019un ferry. Soumise au scanner, puis \u00e0 une fouille minutieuse, la voiture a r\u00e9v\u00e9l\u00e9 la pr\u00e9sence de centaines de milliers de comprim\u00e9s.<\/p>\n\n\n\n<p>La d\u00e9couverte a imm\u00e9diatement \u00e9t\u00e9 signal\u00e9e au parquet du tribunal de premi\u00e8re instance de Tunis, qui a ordonn\u00e9 l\u2019ouverture d\u2019une enqu\u00eate. Le dossier a \u00e9t\u00e9 confi\u00e9 aux services de la brigade anti-stup\u00e9fiants relevant de la police judiciaire \u00e0 El Gorjani afin d\u2019identifier les responsables et les \u00e9ventuelles ramifications de ce r\u00e9seau.<\/p>\n\n\n\n<h2 class=\"wp-block-heading\" id=\"h-une-serie-de-saisies-inquietantes\">Une s\u00e9rie de saisies inqui\u00e9tantes<\/h2>\n\n\n\n<p>Cett<a href=\"https:\/\/www.webdo.tn\/fr\/actualite\/national\/plus-de-dix-millions-de-comprimes-de-stupefiants-saisis-au-port-de-rades\/384027\/\">e affaire intervient quelques jours seulement apr\u00e8s d\u2019autres saisies spectaculaires au port de Rad\u00e8<\/a>s, o\u00f9 les services douaniers avaient intercept\u00e9 d\u2019importantes quantit\u00e9s de stup\u00e9fiants et de psychotropes cach\u00e9es dans des cargaisons import\u00e9es. <\/p>\n\n\n\n<p>Ces op\u00e9rations t\u00e9moignent d\u2019une intensification des tentatives de faire entrer en Tunisie des drogues de synth\u00e8se, qui connaissent une recrudescence dans les milieux de consommation.<\/p>\n\n\n\n<h2 class=\"wp-block-heading\" id=\"h-enjeux-securitaires\">Enjeux s\u00e9curitaires <\/h2>\n\n\n\n<p>La multiplication de ces saisies illustre non seulement la pression croissante des r\u00e9seaux de trafic sur les fronti\u00e8res maritimes tunisiennes, mais aussi les risques majeurs pour la jeunesse tunisienne, particuli\u00e8rement cibl\u00e9e par la circulation de comprim\u00e9s de type ecstasy. Les autorit\u00e9s affirment vouloir renforcer la surveillance des ports et intensifier la coop\u00e9ration internationale pour d\u00e9manteler ces fili\u00e8res.<\/p>\n\n\n\n<p><\/p>\n\n\n\n<p><\/p>\n\n\n\n<p><strong>Lire aussi :<\/strong><a href=\"https:\/\/www.webdo.tn\/fr\/actualite\/national\/tunisie-saisies-record-de-drogue\/382553\/\"> Tunisie : Saisies record de drogue<\/a><br><\/p>\n","protected":false},"excerpt":{"rendered":"<p>Les agents de la douane tunisienne au port de la Goulette ont r\u00e9ussi \u00e0 d\u00e9jouer une tentative de contrebande portant sur une quantit\u00e9 \u00ab tr\u00e8s importante \u00bb de comprim\u00e9s de drogue, principalement de l\u2019ecstasy, dissimul\u00e9s dans une voiture en provenance d\u2019un pays europ\u00e9en. Selon les premi\u00e8res informations, cit\u00e9es par Mosaique FM, les agents ont suspect\u00e9 [&hellip;]<\/p>\n","protected":false},"author":3184,"featured_media":384276,"comment_status":"closed","ping_status":"closed","sticky":false,"template":"","format":"standard","meta":{"footnotes":""},"categories":[44],"tags":[2644,12971,2608],"class_list":["post-384275","post","type-post","status-publish","format-standard","has-post-thumbnail","hentry","category-national","tag-drogue","tag-saidie","tag-tunisie"],"yoast_head":"<!-- This site is optimized with the Yoast SEO Premium plugin v27.5 (Yoast SEO v27.5) - https:\/\/yoast.com\/product\/yoast-seo-premium-wordpress\/ -->\n<title>Une vague inqui\u00e9tante, nouvelle saisie record de comprim\u00e9s d\u2019ecstasy \u00e0 la Goulette - webdo<\/title>\n<meta name=\"description\" content=\"Les agents de douane ont d\u00e9couvert une importante quantit\u00e9 d&#039;ecstasy dans une voiture au port de la Goulette.\" \/>\n<link rel=\"canonical\" href=\"https:\/\/www.webdo.tn\/fr\/actualite\/national\/une-vague-inquietante-nouvelle-saisie-record-de-comprimes-decstasy-a-la-goulette\/384275\/\" \/>\n<meta property=\"og:locale\" content=\"fr_FR\" \/>\n<meta property=\"og:type\" content=\"article\" \/>\n<meta property=\"og:title\" content=\"Une vague inqui\u00e9tante, nouvelle saisie record de comprim\u00e9s d\u2019ecstasy \u00e0 la Goulette\" \/>\n<meta property=\"og:description\" content=\"Les agents de douane ont d\u00e9couvert une importante quantit\u00e9 d&#039;ecstasy dans une voiture au port de la Goulette.\" \/>\n<meta property=\"og:url\" content=\"https:\/\/www.webdo.tn\/fr\/actualite\/national\/une-vague-inquietante-nouvelle-saisie-record-de-comprimes-decstasy-a-la-goulette\/384275\/\" \/>\n<meta property=\"og:site_name\" content=\"webdo\" \/>\n<meta property=\"article:publisher\" content=\"https:\/\/www.facebook.com\/webdotn\" \/>\n<meta property=\"article:published_time\" content=\"2025-09-25T17:33:10+00:00\" \/>\n<meta property=\"article:modified_time\" content=\"2025-09-26T09:51:33+00:00\" \/>\n<meta property=\"og:image\" content=\"https:\/\/www.webdo.tn\/fr\/wp-content\/uploads\/2025\/09\/Capture-decran-2025-09-25-183014.jpg\" \/>\n\t<meta property=\"og:image:width\" content=\"1350\" \/>\n\t<meta property=\"og:image:height\" content=\"746\" \/>\n\t<meta property=\"og:image:type\" content=\"image\/jpeg\" \/>\n<meta name=\"author\" content=\"Wided Belhaj\" \/>\n<meta name=\"twitter:card\" content=\"summary_large_image\" \/>\n<meta name=\"twitter:creator\" content=\"@webdo_tn\" \/>\n<meta name=\"twitter:site\" content=\"@webdo_tn\" \/>\n<meta name=\"twitter:label1\" content=\"\u00c9crit par\" \/>\n\t<meta name=\"twitter:data1\" content=\"Wided Belhaj\" \/>\n\t<meta name=\"twitter:label2\" content=\"Dur\u00e9e de lecture estim\u00e9e\" \/>\n\t<meta name=\"twitter:data2\" content=\"2 minutes\" \/>\n<script type=\"application\/ld+json\" class=\"yoast-schema-graph\">{\"@context\":\"https:\\\/\\\/schema.org\",\"@graph\":[{\"@type\":\"NewsArticle\",\"@id\":\"https:\\\/\\\/www.webdo.tn\\\/fr\\\/actualite\\\/national\\\/une-vague-inquietante-nouvelle-saisie-record-de-comprimes-decstasy-a-la-goulette\\\/384275\\\/#article\",\"isPartOf\":{\"@id\":\"https:\\\/\\\/www.webdo.tn\\\/fr\\\/actualite\\\/national\\\/une-vague-inquietante-nouvelle-saisie-record-de-comprimes-decstasy-a-la-goulette\\\/384275\\\/\"},\"author\":{\"name\":\"Wided Belhaj\",\"@id\":\"https:\\\/\\\/www.webdo.tn\\\/fr\\\/#\\\/schema\\\/person\\\/b9ecde7a5574cb4fcf4b496ea5fadb15\"},\"headline\":\"Une vague inqui\u00e9tante, nouvelle saisie record de comprim\u00e9s d\u2019ecstasy \u00e0 la Goulette\",\"datePublished\":\"2025-09-25T17:33:10+00:00\",\"dateModified\":\"2025-09-26T09:51:33+00:00\",\"mainEntityOfPage\":{\"@id\":\"https:\\\/\\\/www.webdo.tn\\\/fr\\\/actualite\\\/national\\\/une-vague-inquietante-nouvelle-saisie-record-de-comprimes-decstasy-a-la-goulette\\\/384275\\\/\"},\"wordCount\":328,\"publisher\":{\"@id\":\"https:\\\/\\\/www.webdo.tn\\\/fr\\\/#organization\"},\"image\":{\"@id\":\"https:\\\/\\\/www.webdo.tn\\\/fr\\\/actualite\\\/national\\\/une-vague-inquietante-nouvelle-saisie-record-de-comprimes-decstasy-a-la-goulette\\\/384275\\\/#primaryimage\"},\"thumbnailUrl\":\"https:\\\/\\\/www.webdo.tn\\\/fr\\\/wp-content\\\/uploads\\\/2025\\\/09\\\/Capture-decran-2025-09-25-183014.jpg\",\"keywords\":[\"drogue\",\"Saidie\",\"Tunisie\"],\"articleSection\":[\"National\"],\"inLanguage\":\"fr-FR\"},{\"@type\":\"WebPage\",\"@id\":\"https:\\\/\\\/www.webdo.tn\\\/fr\\\/actualite\\\/national\\\/une-vague-inquietante-nouvelle-saisie-record-de-comprimes-decstasy-a-la-goulette\\\/384275\\\/\",\"url\":\"https:\\\/\\\/www.webdo.tn\\\/fr\\\/actualite\\\/national\\\/une-vague-inquietante-nouvelle-saisie-record-de-comprimes-decstasy-a-la-goulette\\\/384275\\\/\",\"name\":\"Une vague inqui\u00e9tante, nouvelle saisie record de comprim\u00e9s d\u2019ecstasy \u00e0 la Goulette - webdo\",\"isPartOf\":{\"@id\":\"https:\\\/\\\/www.webdo.tn\\\/fr\\\/#website\"},\"primaryImageOfPage\":{\"@id\":\"https:\\\/\\\/www.webdo.tn\\\/fr\\\/actualite\\\/national\\\/une-vague-inquietante-nouvelle-saisie-record-de-comprimes-decstasy-a-la-goulette\\\/384275\\\/#primaryimage\"},\"image\":{\"@id\":\"https:\\\/\\\/www.webdo.tn\\\/fr\\\/actualite\\\/national\\\/une-vague-inquietante-nouvelle-saisie-record-de-comprimes-decstasy-a-la-goulette\\\/384275\\\/#primaryimage\"},\"thumbnailUrl\":\"https:\\\/\\\/www.webdo.tn\\\/fr\\\/wp-content\\\/uploads\\\/2025\\\/09\\\/Capture-decran-2025-09-25-183014.jpg\",\"datePublished\":\"2025-09-25T17:33:10+00:00\",\"dateModified\":\"2025-09-26T09:51:33+00:00\",\"description\":\"Les agents de douane ont d\u00e9couvert une importante quantit\u00e9 d'ecstasy dans une voiture au port de la Goulette.\",\"breadcrumb\":{\"@id\":\"https:\\\/\\\/www.webdo.tn\\\/fr\\\/actualite\\\/national\\\/une-vague-inquietante-nouvelle-saisie-record-de-comprimes-decstasy-a-la-goulette\\\/384275\\\/#breadcrumb\"},\"inLanguage\":\"fr-FR\",\"potentialAction\":[{\"@type\":\"ReadAction\",\"target\":[\"https:\\\/\\\/www.webdo.tn\\\/fr\\\/actualite\\\/national\\\/une-vague-inquietante-nouvelle-saisie-record-de-comprimes-decstasy-a-la-goulette\\\/384275\\\/\"]}]},{\"@type\":\"ImageObject\",\"inLanguage\":\"fr-FR\",\"@id\":\"https:\\\/\\\/www.webdo.tn\\\/fr\\\/actualite\\\/national\\\/une-vague-inquietante-nouvelle-saisie-record-de-comprimes-decstasy-a-la-goulette\\\/384275\\\/#primaryimage\",\"url\":\"https:\\\/\\\/www.webdo.tn\\\/fr\\\/wp-content\\\/uploads\\\/2025\\\/09\\\/Capture-decran-2025-09-25-183014.jpg\",\"contentUrl\":\"https:\\\/\\\/www.webdo.tn\\\/fr\\\/wp-content\\\/uploads\\\/2025\\\/09\\\/Capture-decran-2025-09-25-183014.jpg\",\"width\":1350,\"height\":746,\"caption\":\"Douane\"},{\"@type\":\"BreadcrumbList\",\"@id\":\"https:\\\/\\\/www.webdo.tn\\\/fr\\\/actualite\\\/national\\\/une-vague-inquietante-nouvelle-saisie-record-de-comprimes-decstasy-a-la-goulette\\\/384275\\\/#breadcrumb\",\"itemListElement\":[{\"@type\":\"ListItem\",\"position\":1,\"name\":\"Accueil\",\"item\":\"https:\\\/\\\/www.webdo.tn\\\/fr\\\/\"},{\"@type\":\"ListItem\",\"position\":2,\"name\":\"Une vague inqui\u00e9tante, nouvelle saisie record de comprim\u00e9s d\u2019ecstasy \u00e0 la Goulette\"}]},{\"@type\":\"WebSite\",\"@id\":\"https:\\\/\\\/www.webdo.tn\\\/fr\\\/#website\",\"url\":\"https:\\\/\\\/www.webdo.tn\\\/fr\\\/\",\"name\":\"webdo\",\"description\":\"Tunisie - News en Tunisie et \u00e0 l&#039;international sur Webdo.tn\",\"publisher\":{\"@id\":\"https:\\\/\\\/www.webdo.tn\\\/fr\\\/#organization\"},\"potentialAction\":[{\"@type\":\"SearchAction\",\"target\":{\"@type\":\"EntryPoint\",\"urlTemplate\":\"https:\\\/\\\/www.webdo.tn\\\/fr\\\/?s={search_term_string}\"},\"query-input\":{\"@type\":\"PropertyValueSpecification\",\"valueRequired\":true,\"valueName\":\"search_term_string\"}}],\"inLanguage\":\"fr-FR\"},{\"@type\":\"Organization\",\"@id\":\"https:\\\/\\\/www.webdo.tn\\\/fr\\\/#organization\",\"name\":\"Webdo\",\"alternateName\":\"Webdo.tn\",\"url\":\"https:\\\/\\\/www.webdo.tn\\\/fr\\\/\",\"logo\":{\"@type\":\"ImageObject\",\"inLanguage\":\"fr-FR\",\"@id\":\"https:\\\/\\\/www.webdo.tn\\\/fr\\\/#\\\/schema\\\/logo\\\/image\\\/\",\"url\":\"https:\\\/\\\/www.webdo.tn\\\/fr\\\/wp-content\\\/uploads\\\/2025\\\/06\\\/Webdo-Tunisie_168377.jpg\",\"contentUrl\":\"https:\\\/\\\/www.webdo.tn\\\/fr\\\/wp-content\\\/uploads\\\/2025\\\/06\\\/Webdo-Tunisie_168377.jpg\",\"width\":301,\"height\":301,\"caption\":\"Webdo\"},\"image\":{\"@id\":\"https:\\\/\\\/www.webdo.tn\\\/fr\\\/#\\\/schema\\\/logo\\\/image\\\/\"},\"sameAs\":[\"https:\\\/\\\/www.facebook.com\\\/webdotn\",\"https:\\\/\\\/x.com\\\/webdo_tn\"],\"description\":\"Webdo est un m\u00e9dia num\u00e9rique tunisien fond\u00e9 en 2010, sp\u00e9cialis\u00e9 dans l\u2019actualit\u00e9 nationale et internationale, l\u2019\u00e9conomie, la soci\u00e9t\u00e9 et les analyses politiques. Le site s\u2019adresse \u00e0 un large public francophone et couvre l\u2019information tunisienne en temps r\u00e9el.\",\"email\":\"redac@webdo.tn\",\"legalName\":\"YNJ SARL\",\"foundingDate\":\"2010-09-06\",\"numberOfEmployees\":{\"@type\":\"QuantitativeValue\",\"minValue\":\"11\",\"maxValue\":\"50\"}},{\"@type\":\"Person\",\"@id\":\"https:\\\/\\\/www.webdo.tn\\\/fr\\\/#\\\/schema\\\/person\\\/b9ecde7a5574cb4fcf4b496ea5fadb15\",\"name\":\"Wided Belhaj\",\"image\":{\"@type\":\"ImageObject\",\"inLanguage\":\"fr-FR\",\"@id\":\"https:\\\/\\\/www.webdo.tn\\\/fr\\\/wp-content\\\/uploads\\\/2026\\\/04\\\/wided-belhaj_avatar-96x96.jpg\",\"url\":\"https:\\\/\\\/www.webdo.tn\\\/fr\\\/wp-content\\\/uploads\\\/2026\\\/04\\\/wided-belhaj_avatar-96x96.jpg\",\"contentUrl\":\"https:\\\/\\\/www.webdo.tn\\\/fr\\\/wp-content\\\/uploads\\\/2026\\\/04\\\/wided-belhaj_avatar-96x96.jpg\",\"caption\":\"Wided Belhaj\"},\"description\":\"Wided Belhaj est le pseudonyme \u00e9ditorial utilis\u00e9 par Khalil Jelassi, journaliste, ma\u00eetre-assistant \u00e0 l\u2019Institut de presse et des sciences de l\u2019information (IPSI) et chercheur en sciences de l\u2019information et de la communication. Cette signature est d\u00e9di\u00e9e \u00e0 l\u2019analyse des m\u00e9dias, des pratiques journalistiques et des mutations de l\u2019information \u00e0 l\u2019\u00e8re digitale. \u00c0 travers ses contributions, Wided Belhaj propose une lecture analytique de l\u2019actualit\u00e9, en croisant regard critique et expertise acad\u00e9mique.\",\"knowsAbout\":[\"m\u00e9dias\",\"journalisme\",\"communication\",\"information\",\"transformation num\u00e9rique\",\"analyse des m\u00e9dias\"],\"knowsLanguage\":[\"Fran\u00e7ais\",\"Arabe\"],\"jobTitle\":\"Webdo.tn\",\"worksFor\":\"Journaliste \u2013 Analyse des m\u00e9dias\",\"url\":\"https:\\\/\\\/www.webdo.tn\\\/fr\\\/actualite\\\/author\\\/wided-belhaj\\\/\"}]}<\/script>\n<!-- \/ Yoast SEO Premium plugin. -->","yoast_head_json":{"title":"Une vague inqui\u00e9tante, nouvelle saisie record de comprim\u00e9s d\u2019ecstasy \u00e0 la Goulette - webdo","description":"Les agents de douane ont d\u00e9couvert une importante quantit\u00e9 d'ecstasy dans une voiture au port de la Goulette.","canonical":"https:\/\/www.webdo.tn\/fr\/actualite\/national\/une-vague-inquietante-nouvelle-saisie-record-de-comprimes-decstasy-a-la-goulette\/384275\/","og_locale":"fr_FR","og_type":"article","og_title":"Une vague inqui\u00e9tante, nouvelle saisie record de comprim\u00e9s d\u2019ecstasy \u00e0 la Goulette","og_description":"Les agents de douane ont d\u00e9couvert une importante quantit\u00e9 d'ecstasy dans une voiture au port de la Goulette.","og_url":"https:\/\/www.webdo.tn\/fr\/actualite\/national\/une-vague-inquietante-nouvelle-saisie-record-de-comprimes-decstasy-a-la-goulette\/384275\/","og_site_name":"webdo","article_publisher":"https:\/\/www.facebook.com\/webdotn","article_published_time":"2025-09-25T17:33:10+00:00","article_modified_time":"2025-09-26T09:51:33+00:00","og_image":[{"width":1350,"height":746,"url":"https:\/\/www.webdo.tn\/fr\/wp-content\/uploads\/2025\/09\/Capture-decran-2025-09-25-183014.jpg","type":"image\/jpeg"}],"author":"Wided Belhaj","twitter_card":"summary_large_image","twitter_creator":"@webdo_tn","twitter_site":"@webdo_tn","twitter_misc":{"\u00c9crit par":"Wided Belhaj","Dur\u00e9e de lecture estim\u00e9e":"2 minutes"},"schema":{"@context":"https:\/\/schema.org","@graph":[{"@type":"NewsArticle","@id":"https:\/\/www.webdo.tn\/fr\/actualite\/national\/une-vague-inquietante-nouvelle-saisie-record-de-comprimes-decstasy-a-la-goulette\/384275\/#article","isPartOf":{"@id":"https:\/\/www.webdo.tn\/fr\/actualite\/national\/une-vague-inquietante-nouvelle-saisie-record-de-comprimes-decstasy-a-la-goulette\/384275\/"},"author":{"name":"Wided Belhaj","@id":"https:\/\/www.webdo.tn\/fr\/#\/schema\/person\/b9ecde7a5574cb4fcf4b496ea5fadb15"},"headline":"Une vague inqui\u00e9tante, nouvelle saisie record de comprim\u00e9s d\u2019ecstasy \u00e0 la Goulette","datePublished":"2025-09-25T17:33:10+00:00","dateModified":"2025-09-26T09:51:33+00:00","mainEntityOfPage":{"@id":"https:\/\/www.webdo.tn\/fr\/actualite\/national\/une-vague-inquietante-nouvelle-saisie-record-de-comprimes-decstasy-a-la-goulette\/384275\/"},"wordCount":328,"publisher":{"@id":"https:\/\/www.webdo.tn\/fr\/#organization"},"image":{"@id":"https:\/\/www.webdo.tn\/fr\/actualite\/national\/une-vague-inquietante-nouvelle-saisie-record-de-comprimes-decstasy-a-la-goulette\/384275\/#primaryimage"},"thumbnailUrl":"https:\/\/www.webdo.tn\/fr\/wp-content\/uploads\/2025\/09\/Capture-decran-2025-09-25-183014.jpg","keywords":["drogue","Saidie","Tunisie"],"articleSection":["National"],"inLanguage":"fr-FR"},{"@type":"WebPage","@id":"https:\/\/www.webdo.tn\/fr\/actualite\/national\/une-vague-inquietante-nouvelle-saisie-record-de-comprimes-decstasy-a-la-goulette\/384275\/","url":"https:\/\/www.webdo.tn\/fr\/actualite\/national\/une-vague-inquietante-nouvelle-saisie-record-de-comprimes-decstasy-a-la-goulette\/384275\/","name":"Une vague inqui\u00e9tante, nouvelle saisie record de comprim\u00e9s d\u2019ecstasy \u00e0 la Goulette - webdo","isPartOf":{"@id":"https:\/\/www.webdo.tn\/fr\/#website"},"primaryImageOfPage":{"@id":"https:\/\/www.webdo.tn\/fr\/actualite\/national\/une-vague-inquietante-nouvelle-saisie-record-de-comprimes-decstasy-a-la-goulette\/384275\/#primaryimage"},"image":{"@id":"https:\/\/www.webdo.tn\/fr\/actualite\/national\/une-vague-inquietante-nouvelle-saisie-record-de-comprimes-decstasy-a-la-goulette\/384275\/#primaryimage"},"thumbnailUrl":"https:\/\/www.webdo.tn\/fr\/wp-content\/uploads\/2025\/09\/Capture-decran-2025-09-25-183014.jpg","datePublished":"2025-09-25T17:33:10+00:00","dateModified":"2025-09-26T09:51:33+00:00","description":"Les agents de douane ont d\u00e9couvert une importante quantit\u00e9 d'ecstasy dans une voiture au port de la Goulette.","breadcrumb":{"@id":"https:\/\/www.webdo.tn\/fr\/actualite\/national\/une-vague-inquietante-nouvelle-saisie-record-de-comprimes-decstasy-a-la-goulette\/384275\/#breadcrumb"},"inLanguage":"fr-FR","potentialAction":[{"@type":"ReadAction","target":["https:\/\/www.webdo.tn\/fr\/actualite\/national\/une-vague-inquietante-nouvelle-saisie-record-de-comprimes-decstasy-a-la-goulette\/384275\/"]}]},{"@type":"ImageObject","inLanguage":"fr-FR","@id":"https:\/\/www.webdo.tn\/fr\/actualite\/national\/une-vague-inquietante-nouvelle-saisie-record-de-comprimes-decstasy-a-la-goulette\/384275\/#primaryimage","url":"https:\/\/www.webdo.tn\/fr\/wp-content\/uploads\/2025\/09\/Capture-decran-2025-09-25-183014.jpg","contentUrl":"https:\/\/www.webdo.tn\/fr\/wp-content\/uploads\/2025\/09\/Capture-decran-2025-09-25-183014.jpg","width":1350,"height":746,"caption":"Douane"},{"@type":"BreadcrumbList","@id":"https:\/\/www.webdo.tn\/fr\/actualite\/national\/une-vague-inquietante-nouvelle-saisie-record-de-comprimes-decstasy-a-la-goulette\/384275\/#breadcrumb","itemListElement":[{"@type":"ListItem","position":1,"name":"Accueil","item":"https:\/\/www.webdo.tn\/fr\/"},{"@type":"ListItem","position":2,"name":"Une vague inqui\u00e9tante, nouvelle saisie record de comprim\u00e9s d\u2019ecstasy \u00e0 la Goulette"}]},{"@type":"WebSite","@id":"https:\/\/www.webdo.tn\/fr\/#website","url":"https:\/\/www.webdo.tn\/fr\/","name":"webdo","description":"Tunisie - News en Tunisie et \u00e0 l&#039;international sur Webdo.tn","publisher":{"@id":"https:\/\/www.webdo.tn\/fr\/#organization"},"potentialAction":[{"@type":"SearchAction","target":{"@type":"EntryPoint","urlTemplate":"https:\/\/www.webdo.tn\/fr\/?s={search_term_string}"},"query-input":{"@type":"PropertyValueSpecification","valueRequired":true,"valueName":"search_term_string"}}],"inLanguage":"fr-FR"},{"@type":"Organization","@id":"https:\/\/www.webdo.tn\/fr\/#organization","name":"Webdo","alternateName":"Webdo.tn","url":"https:\/\/www.webdo.tn\/fr\/","logo":{"@type":"ImageObject","inLanguage":"fr-FR","@id":"https:\/\/www.webdo.tn\/fr\/#\/schema\/logo\/image\/","url":"https:\/\/www.webdo.tn\/fr\/wp-content\/uploads\/2025\/06\/Webdo-Tunisie_168377.jpg","contentUrl":"https:\/\/www.webdo.tn\/fr\/wp-content\/uploads\/2025\/06\/Webdo-Tunisie_168377.jpg","width":301,"height":301,"caption":"Webdo"},"image":{"@id":"https:\/\/www.webdo.tn\/fr\/#\/schema\/logo\/image\/"},"sameAs":["https:\/\/www.facebook.com\/webdotn","https:\/\/x.com\/webdo_tn"],"description":"Webdo est un m\u00e9dia num\u00e9rique tunisien fond\u00e9 en 2010, sp\u00e9cialis\u00e9 dans l\u2019actualit\u00e9 nationale et internationale, l\u2019\u00e9conomie, la soci\u00e9t\u00e9 et les analyses politiques. Le site s\u2019adresse \u00e0 un large public francophone et couvre l\u2019information tunisienne en temps r\u00e9el.","email":"redac@webdo.tn","legalName":"YNJ SARL","foundingDate":"2010-09-06","numberOfEmployees":{"@type":"QuantitativeValue","minValue":"11","maxValue":"50"}},{"@type":"Person","@id":"https:\/\/www.webdo.tn\/fr\/#\/schema\/person\/b9ecde7a5574cb4fcf4b496ea5fadb15","name":"Wided Belhaj","image":{"@type":"ImageObject","inLanguage":"fr-FR","@id":"https:\/\/www.webdo.tn\/fr\/wp-content\/uploads\/2026\/04\/wided-belhaj_avatar-96x96.jpg","url":"https:\/\/www.webdo.tn\/fr\/wp-content\/uploads\/2026\/04\/wided-belhaj_avatar-96x96.jpg","contentUrl":"https:\/\/www.webdo.tn\/fr\/wp-content\/uploads\/2026\/04\/wided-belhaj_avatar-96x96.jpg","caption":"Wided Belhaj"},"description":"Wided Belhaj est le pseudonyme \u00e9ditorial utilis\u00e9 par Khalil Jelassi, journaliste, ma\u00eetre-assistant \u00e0 l\u2019Institut de presse et des sciences de l\u2019information (IPSI) et chercheur en sciences de l\u2019information et de la communication. Cette signature est d\u00e9di\u00e9e \u00e0 l\u2019analyse des m\u00e9dias, des pratiques journalistiques et des mutations de l\u2019information \u00e0 l\u2019\u00e8re digitale. \u00c0 travers ses contributions, Wided Belhaj propose une lecture analytique de l\u2019actualit\u00e9, en croisant regard critique et expertise acad\u00e9mique.","knowsAbout":["m\u00e9dias","journalisme","communication","information","transformation num\u00e9rique","analyse des m\u00e9dias"],"knowsLanguage":["Fran\u00e7ais","Arabe"],"jobTitle":"Webdo.tn","worksFor":"Journaliste \u2013 Analyse des m\u00e9dias","url":"https:\/\/www.webdo.tn\/fr\/actualite\/author\/wided-belhaj\/"}]}},"_links":{"self":[{"href":"https:\/\/www.webdo.tn\/fr\/wp-json\/wp\/v2\/posts\/384275","targetHints":{"allow":["GET"]}}],"collection":[{"href":"https:\/\/www.webdo.tn\/fr\/wp-json\/wp\/v2\/posts"}],"about":[{"href":"https:\/\/www.webdo.tn\/fr\/wp-json\/wp\/v2\/types\/post"}],"author":[{"embeddable":true,"href":"https:\/\/www.webdo.tn\/fr\/wp-json\/wp\/v2\/users\/3184"}],"replies":[{"embeddable":true,"href":"https:\/\/www.webdo.tn\/fr\/wp-json\/wp\/v2\/comments?post=384275"}],"version-history":[{"count":0,"href":"https:\/\/www.webdo.tn\/fr\/wp-json\/wp\/v2\/posts\/384275\/revisions"}],"wp:featuredmedia":[{"embeddable":true,"href":"https:\/\/www.webdo.tn\/fr\/wp-json\/wp\/v2\/media\/384276"}],"wp:attachment":[{"href":"https:\/\/www.webdo.tn\/fr\/wp-json\/wp\/v2\/media?parent=384275"}],"wp:term":[{"taxonomy":"category","embeddable":true,"href":"https:\/\/www.webdo.tn\/fr\/wp-json\/wp\/v2\/categories?post=384275"},{"taxonomy":"post_tag","embeddable":true,"href":"https:\/\/www.webdo.tn\/fr\/wp-json\/wp\/v2\/tags?post=384275"}],"curies":[{"name":"wp","href":"https:\/\/api.w.org\/{rel}","templated":true}]}}