{"id":384201,"date":"2025-09-24T15:11:53","date_gmt":"2025-09-24T14:11:53","guid":{"rendered":"https:\/\/www.webdo.tn\/fr\/?p=384201"},"modified":"2025-09-24T15:11:54","modified_gmt":"2025-09-24T14:11:54","slug":"tunis-arrestation-dun-eleve-apres-une-agression-au-couteau-devant-un-lycee","status":"publish","type":"post","link":"https:\/\/www.webdo.tn\/fr\/actualite\/divers\/tunis-arrestation-dun-eleve-apres-une-agression-au-couteau-devant-un-lycee\/384201\/","title":{"rendered":"Tunis : arrestation d\u2019un \u00e9l\u00e8ve apr\u00e8s une agression au couteau devant un lyc\u00e9e"},"content":{"rendered":"\n<p>Le parquet pr\u00e8s le tribunal de premi\u00e8re instance de Tunis 2 a autoris\u00e9 les agents de la brigade de police judiciaire de Sidi Hassine Sijoumi \u00e0 placer en garde \u00e0 vue un \u00e9l\u00e8ve, soup\u00e7onn\u00e9 d\u2019avoir agress\u00e9 un camarade \u00e0 l\u2019aide d\u2019un objet tranchant devant l\u2019un des lyc\u00e9es de Sidi Hassine, lui sectionnant les art\u00e8res de la main droite, selon une source bien inform\u00e9e cit\u00e9e par <em>Mosa\u00efque<\/em>.<\/p>\n\n\n\n<p>D\u2019apr\u00e8s les informations disponibles, la zone de s\u00e9curit\u00e9 nationale de Sidi Hassine Sijoumi a re\u00e7u hier un appel t\u00e9l\u00e9phonique de l\u2019administration d\u2019un \u00e9tablissement de la r\u00e9gion, signalant l\u2019agression d\u2019un \u00e9l\u00e8ve devant la porte principale.<\/p>\n\n\n\n<p>Une patrouille relevant de la brigade de police judiciaire s\u2019est rendue sur les lieux. Apr\u00e8s des investigations approfondies, les soup\u00e7ons se sont port\u00e9s sur un \u00e9l\u00e8ve qui a \u00e9t\u00e9 arr\u00eat\u00e9. Les agents ont \u00e9galement saisi le couteau utilis\u00e9 dans l\u2019agression. L\u2019enqu\u00eate a r\u00e9v\u00e9l\u00e9 l\u2019existence de diff\u00e9rends ant\u00e9rieurs entre les deux \u00e9l\u00e8ves. Le suspect a \u00e9t\u00e9 plac\u00e9 en garde \u00e0 vue dans le cadre de l\u2019instruction.<\/p>\n\n\n\n<p>De son c\u00f4t\u00e9, la victime a \u00e9t\u00e9 transport\u00e9e \u00e0 l\u2019h\u00f4pital pour subir une intervention chirurgicale, son agression ayant entra\u00een\u00e9 la section des art\u00e8res de sa main droite.<\/p>\n\n\n\n<p><\/p>\n\n\n\n<p><strong>Lire aussi <\/strong>: <a href=\"https:\/\/www.webdo.tn\/fr\/actualite\/divers\/tunisie-en-deux-semaines-deux-enseignants-poignardes\/217398\/\">Tunisie : En deux semaines, deux enseignants poignard\u00e9s<br><\/a><\/p>\n","protected":false},"excerpt":{"rendered":"<p>Le parquet pr\u00e8s le tribunal de premi\u00e8re instance de Tunis 2 a autoris\u00e9 les agents de la brigade de police judiciaire de Sidi Hassine Sijoumi \u00e0 placer en garde \u00e0 vue un \u00e9l\u00e8ve, soup\u00e7onn\u00e9 d\u2019avoir agress\u00e9 un camarade \u00e0 l\u2019aide d\u2019un objet tranchant devant l\u2019un des lyc\u00e9es de Sidi Hassine, lui sectionnant les art\u00e8res de [&hellip;]<\/p>\n","protected":false},"author":3184,"featured_media":384202,"comment_status":"closed","ping_status":"closed","sticky":false,"template":"","format":"standard","meta":{"footnotes":""},"categories":[2839],"tags":[3435,2870,2608],"class_list":["post-384201","post","type-post","status-publish","format-standard","has-post-thumbnail","hentry","category-divers","tag-agression","tag-lycee","tag-tunisie"],"yoast_head":"<!-- This site is optimized with the Yoast SEO Premium plugin v27.4 (Yoast SEO v27.5) - https:\/\/yoast.com\/product\/yoast-seo-premium-wordpress\/ -->\n<title>Tunis : arrestation d\u2019un \u00e9l\u00e8ve apr\u00e8s une agression au couteau devant un lyc\u00e9e - webdo<\/title>\n<meta name=\"description\" content=\"Un \u00e9l\u00e8ve est plac\u00e9 en garde \u00e0 vue apr\u00e8s une agression pr\u00e8s d&#039;un lyc\u00e9e \u00e0 Sidi Hassine, un \u00e9v\u00e9nement choquant \u00e0 d\u00e9couvrir.\" \/>\n<link rel=\"canonical\" href=\"https:\/\/www.webdo.tn\/fr\/actualite\/divers\/tunis-arrestation-dun-eleve-apres-une-agression-au-couteau-devant-un-lycee\/384201\/\" \/>\n<meta property=\"og:locale\" content=\"fr_FR\" \/>\n<meta property=\"og:type\" content=\"article\" \/>\n<meta property=\"og:title\" content=\"Tunis : arrestation d\u2019un \u00e9l\u00e8ve apr\u00e8s une agression au couteau devant un lyc\u00e9e\" \/>\n<meta property=\"og:description\" content=\"Un \u00e9l\u00e8ve est plac\u00e9 en garde \u00e0 vue apr\u00e8s une agression pr\u00e8s d&#039;un lyc\u00e9e \u00e0 Sidi Hassine, un \u00e9v\u00e9nement choquant \u00e0 d\u00e9couvrir.\" \/>\n<meta property=\"og:url\" content=\"https:\/\/www.webdo.tn\/fr\/actualite\/divers\/tunis-arrestation-dun-eleve-apres-une-agression-au-couteau-devant-un-lycee\/384201\/\" \/>\n<meta property=\"og:site_name\" content=\"webdo\" \/>\n<meta property=\"article:publisher\" content=\"https:\/\/www.facebook.com\/webdotn\" \/>\n<meta property=\"article:published_time\" content=\"2025-09-24T14:11:53+00:00\" \/>\n<meta property=\"article:modified_time\" content=\"2025-09-24T14:11:54+00:00\" \/>\n<meta property=\"og:image\" content=\"https:\/\/www.webdo.tn\/fr\/wp-content\/uploads\/2025\/09\/Capture-decran-2025-09-24-151043.jpg\" \/>\n\t<meta property=\"og:image:width\" content=\"1151\" \/>\n\t<meta property=\"og:image:height\" content=\"685\" \/>\n\t<meta property=\"og:image:type\" content=\"image\/jpeg\" \/>\n<meta name=\"author\" content=\"Wided Belhaj\" \/>\n<meta name=\"twitter:card\" content=\"summary_large_image\" \/>\n<meta name=\"twitter:creator\" content=\"@webdo_tn\" \/>\n<meta name=\"twitter:site\" content=\"@webdo_tn\" \/>\n<meta name=\"twitter:label1\" content=\"\u00c9crit par\" \/>\n\t<meta name=\"twitter:data1\" content=\"Wided Belhaj\" \/>\n\t<meta name=\"twitter:label2\" content=\"Dur\u00e9e de lecture estim\u00e9e\" \/>\n\t<meta name=\"twitter:data2\" content=\"2 minutes\" \/>\n<script type=\"application\/ld+json\" class=\"yoast-schema-graph\">{\"@context\":\"https:\\\/\\\/schema.org\",\"@graph\":[{\"@type\":\"NewsArticle\",\"@id\":\"https:\\\/\\\/www.webdo.tn\\\/fr\\\/actualite\\\/divers\\\/tunis-arrestation-dun-eleve-apres-une-agression-au-couteau-devant-un-lycee\\\/384201\\\/#article\",\"isPartOf\":{\"@id\":\"https:\\\/\\\/www.webdo.tn\\\/fr\\\/actualite\\\/divers\\\/tunis-arrestation-dun-eleve-apres-une-agression-au-couteau-devant-un-lycee\\\/384201\\\/\"},\"author\":{\"name\":\"Wided Belhaj\",\"@id\":\"https:\\\/\\\/www.webdo.tn\\\/fr\\\/#\\\/schema\\\/person\\\/b9ecde7a5574cb4fcf4b496ea5fadb15\"},\"headline\":\"Tunis : arrestation d\u2019un \u00e9l\u00e8ve apr\u00e8s une agression au couteau devant un lyc\u00e9e\",\"datePublished\":\"2025-09-24T14:11:53+00:00\",\"dateModified\":\"2025-09-24T14:11:54+00:00\",\"mainEntityOfPage\":{\"@id\":\"https:\\\/\\\/www.webdo.tn\\\/fr\\\/actualite\\\/divers\\\/tunis-arrestation-dun-eleve-apres-une-agression-au-couteau-devant-un-lycee\\\/384201\\\/\"},\"wordCount\":259,\"publisher\":{\"@id\":\"https:\\\/\\\/www.webdo.tn\\\/fr\\\/#organization\"},\"image\":{\"@id\":\"https:\\\/\\\/www.webdo.tn\\\/fr\\\/actualite\\\/divers\\\/tunis-arrestation-dun-eleve-apres-une-agression-au-couteau-devant-un-lycee\\\/384201\\\/#primaryimage\"},\"thumbnailUrl\":\"https:\\\/\\\/www.webdo.tn\\\/fr\\\/wp-content\\\/uploads\\\/2025\\\/09\\\/Capture-decran-2025-09-24-151043.jpg\",\"keywords\":[\"agression\",\"lyc\u00e9e\",\"Tunisie\"],\"articleSection\":[\"Divers\"],\"inLanguage\":\"fr-FR\"},{\"@type\":\"WebPage\",\"@id\":\"https:\\\/\\\/www.webdo.tn\\\/fr\\\/actualite\\\/divers\\\/tunis-arrestation-dun-eleve-apres-une-agression-au-couteau-devant-un-lycee\\\/384201\\\/\",\"url\":\"https:\\\/\\\/www.webdo.tn\\\/fr\\\/actualite\\\/divers\\\/tunis-arrestation-dun-eleve-apres-une-agression-au-couteau-devant-un-lycee\\\/384201\\\/\",\"name\":\"Tunis : arrestation d\u2019un \u00e9l\u00e8ve apr\u00e8s une agression au couteau devant un lyc\u00e9e - webdo\",\"isPartOf\":{\"@id\":\"https:\\\/\\\/www.webdo.tn\\\/fr\\\/#website\"},\"primaryImageOfPage\":{\"@id\":\"https:\\\/\\\/www.webdo.tn\\\/fr\\\/actualite\\\/divers\\\/tunis-arrestation-dun-eleve-apres-une-agression-au-couteau-devant-un-lycee\\\/384201\\\/#primaryimage\"},\"image\":{\"@id\":\"https:\\\/\\\/www.webdo.tn\\\/fr\\\/actualite\\\/divers\\\/tunis-arrestation-dun-eleve-apres-une-agression-au-couteau-devant-un-lycee\\\/384201\\\/#primaryimage\"},\"thumbnailUrl\":\"https:\\\/\\\/www.webdo.tn\\\/fr\\\/wp-content\\\/uploads\\\/2025\\\/09\\\/Capture-decran-2025-09-24-151043.jpg\",\"datePublished\":\"2025-09-24T14:11:53+00:00\",\"dateModified\":\"2025-09-24T14:11:54+00:00\",\"description\":\"Un \u00e9l\u00e8ve est plac\u00e9 en garde \u00e0 vue apr\u00e8s une agression pr\u00e8s d'un lyc\u00e9e \u00e0 Sidi Hassine, un \u00e9v\u00e9nement choquant \u00e0 d\u00e9couvrir.\",\"breadcrumb\":{\"@id\":\"https:\\\/\\\/www.webdo.tn\\\/fr\\\/actualite\\\/divers\\\/tunis-arrestation-dun-eleve-apres-une-agression-au-couteau-devant-un-lycee\\\/384201\\\/#breadcrumb\"},\"inLanguage\":\"fr-FR\",\"potentialAction\":[{\"@type\":\"ReadAction\",\"target\":[\"https:\\\/\\\/www.webdo.tn\\\/fr\\\/actualite\\\/divers\\\/tunis-arrestation-dun-eleve-apres-une-agression-au-couteau-devant-un-lycee\\\/384201\\\/\"]}]},{\"@type\":\"ImageObject\",\"inLanguage\":\"fr-FR\",\"@id\":\"https:\\\/\\\/www.webdo.tn\\\/fr\\\/actualite\\\/divers\\\/tunis-arrestation-dun-eleve-apres-une-agression-au-couteau-devant-un-lycee\\\/384201\\\/#primaryimage\",\"url\":\"https:\\\/\\\/www.webdo.tn\\\/fr\\\/wp-content\\\/uploads\\\/2025\\\/09\\\/Capture-decran-2025-09-24-151043.jpg\",\"contentUrl\":\"https:\\\/\\\/www.webdo.tn\\\/fr\\\/wp-content\\\/uploads\\\/2025\\\/09\\\/Capture-decran-2025-09-24-151043.jpg\",\"width\":1151,\"height\":685,\"caption\":\"justice\"},{\"@type\":\"BreadcrumbList\",\"@id\":\"https:\\\/\\\/www.webdo.tn\\\/fr\\\/actualite\\\/divers\\\/tunis-arrestation-dun-eleve-apres-une-agression-au-couteau-devant-un-lycee\\\/384201\\\/#breadcrumb\",\"itemListElement\":[{\"@type\":\"ListItem\",\"position\":1,\"name\":\"Accueil\",\"item\":\"https:\\\/\\\/www.webdo.tn\\\/fr\\\/\"},{\"@type\":\"ListItem\",\"position\":2,\"name\":\"Tunis : arrestation d\u2019un \u00e9l\u00e8ve apr\u00e8s une agression au couteau devant un lyc\u00e9e\"}]},{\"@type\":\"WebSite\",\"@id\":\"https:\\\/\\\/www.webdo.tn\\\/fr\\\/#website\",\"url\":\"https:\\\/\\\/www.webdo.tn\\\/fr\\\/\",\"name\":\"webdo\",\"description\":\"Tunisie - News en Tunisie et \u00e0 l&#039;international sur Webdo.tn\",\"publisher\":{\"@id\":\"https:\\\/\\\/www.webdo.tn\\\/fr\\\/#organization\"},\"potentialAction\":[{\"@type\":\"SearchAction\",\"target\":{\"@type\":\"EntryPoint\",\"urlTemplate\":\"https:\\\/\\\/www.webdo.tn\\\/fr\\\/?s={search_term_string}\"},\"query-input\":{\"@type\":\"PropertyValueSpecification\",\"valueRequired\":true,\"valueName\":\"search_term_string\"}}],\"inLanguage\":\"fr-FR\"},{\"@type\":\"Organization\",\"@id\":\"https:\\\/\\\/www.webdo.tn\\\/fr\\\/#organization\",\"name\":\"Webdo\",\"alternateName\":\"Webdo.tn\",\"url\":\"https:\\\/\\\/www.webdo.tn\\\/fr\\\/\",\"logo\":{\"@type\":\"ImageObject\",\"inLanguage\":\"fr-FR\",\"@id\":\"https:\\\/\\\/www.webdo.tn\\\/fr\\\/#\\\/schema\\\/logo\\\/image\\\/\",\"url\":\"https:\\\/\\\/www.webdo.tn\\\/fr\\\/wp-content\\\/uploads\\\/2025\\\/06\\\/Webdo-Tunisie_168377.jpg\",\"contentUrl\":\"https:\\\/\\\/www.webdo.tn\\\/fr\\\/wp-content\\\/uploads\\\/2025\\\/06\\\/Webdo-Tunisie_168377.jpg\",\"width\":301,\"height\":301,\"caption\":\"Webdo\"},\"image\":{\"@id\":\"https:\\\/\\\/www.webdo.tn\\\/fr\\\/#\\\/schema\\\/logo\\\/image\\\/\"},\"sameAs\":[\"https:\\\/\\\/www.facebook.com\\\/webdotn\",\"https:\\\/\\\/x.com\\\/webdo_tn\"],\"description\":\"Webdo est un m\u00e9dia num\u00e9rique tunisien fond\u00e9 en 2010, sp\u00e9cialis\u00e9 dans l\u2019actualit\u00e9 nationale et internationale, l\u2019\u00e9conomie, la soci\u00e9t\u00e9 et les analyses politiques. Le site s\u2019adresse \u00e0 un large public francophone et couvre l\u2019information tunisienne en temps r\u00e9el.\",\"email\":\"redac@webdo.tn\",\"legalName\":\"YNJ SARL\",\"foundingDate\":\"2010-09-06\",\"numberOfEmployees\":{\"@type\":\"QuantitativeValue\",\"minValue\":\"11\",\"maxValue\":\"50\"}},{\"@type\":\"Person\",\"@id\":\"https:\\\/\\\/www.webdo.tn\\\/fr\\\/#\\\/schema\\\/person\\\/b9ecde7a5574cb4fcf4b496ea5fadb15\",\"name\":\"Wided Belhaj\",\"image\":{\"@type\":\"ImageObject\",\"inLanguage\":\"fr-FR\",\"@id\":\"https:\\\/\\\/www.webdo.tn\\\/fr\\\/wp-content\\\/uploads\\\/2026\\\/04\\\/wided-belhaj_avatar-96x96.jpg\",\"url\":\"https:\\\/\\\/www.webdo.tn\\\/fr\\\/wp-content\\\/uploads\\\/2026\\\/04\\\/wided-belhaj_avatar-96x96.jpg\",\"contentUrl\":\"https:\\\/\\\/www.webdo.tn\\\/fr\\\/wp-content\\\/uploads\\\/2026\\\/04\\\/wided-belhaj_avatar-96x96.jpg\",\"caption\":\"Wided Belhaj\"},\"description\":\"Wided Belhaj est le pseudonyme \u00e9ditorial utilis\u00e9 par Khalil Jelassi, journaliste, ma\u00eetre-assistant \u00e0 l\u2019Institut de presse et des sciences de l\u2019information (IPSI) et chercheur en sciences de l\u2019information et de la communication. Cette signature est d\u00e9di\u00e9e \u00e0 l\u2019analyse des m\u00e9dias, des pratiques journalistiques et des mutations de l\u2019information \u00e0 l\u2019\u00e8re digitale. \u00c0 travers ses contributions, Wided Belhaj propose une lecture analytique de l\u2019actualit\u00e9, en croisant regard critique et expertise acad\u00e9mique.\",\"knowsAbout\":[\"m\u00e9dias\",\"journalisme\",\"communication\",\"information\",\"transformation num\u00e9rique\",\"analyse des m\u00e9dias\"],\"knowsLanguage\":[\"Fran\u00e7ais\",\"Arabe\"],\"jobTitle\":\"Webdo.tn\",\"worksFor\":\"Journaliste \u2013 Analyse des m\u00e9dias\",\"url\":\"https:\\\/\\\/www.webdo.tn\\\/fr\\\/actualite\\\/author\\\/wided-belhaj\\\/\"}]}<\/script>\n<!-- \/ Yoast SEO Premium plugin. -->","yoast_head_json":{"title":"Tunis : arrestation d\u2019un \u00e9l\u00e8ve apr\u00e8s une agression au couteau devant un lyc\u00e9e - webdo","description":"Un \u00e9l\u00e8ve est plac\u00e9 en garde \u00e0 vue apr\u00e8s une agression pr\u00e8s d'un lyc\u00e9e \u00e0 Sidi Hassine, un \u00e9v\u00e9nement choquant \u00e0 d\u00e9couvrir.","canonical":"https:\/\/www.webdo.tn\/fr\/actualite\/divers\/tunis-arrestation-dun-eleve-apres-une-agression-au-couteau-devant-un-lycee\/384201\/","og_locale":"fr_FR","og_type":"article","og_title":"Tunis : arrestation d\u2019un \u00e9l\u00e8ve apr\u00e8s une agression au couteau devant un lyc\u00e9e","og_description":"Un \u00e9l\u00e8ve est plac\u00e9 en garde \u00e0 vue apr\u00e8s une agression pr\u00e8s d'un lyc\u00e9e \u00e0 Sidi Hassine, un \u00e9v\u00e9nement choquant \u00e0 d\u00e9couvrir.","og_url":"https:\/\/www.webdo.tn\/fr\/actualite\/divers\/tunis-arrestation-dun-eleve-apres-une-agression-au-couteau-devant-un-lycee\/384201\/","og_site_name":"webdo","article_publisher":"https:\/\/www.facebook.com\/webdotn","article_published_time":"2025-09-24T14:11:53+00:00","article_modified_time":"2025-09-24T14:11:54+00:00","og_image":[{"width":1151,"height":685,"url":"https:\/\/www.webdo.tn\/fr\/wp-content\/uploads\/2025\/09\/Capture-decran-2025-09-24-151043.jpg","type":"image\/jpeg"}],"author":"Wided Belhaj","twitter_card":"summary_large_image","twitter_creator":"@webdo_tn","twitter_site":"@webdo_tn","twitter_misc":{"\u00c9crit par":"Wided Belhaj","Dur\u00e9e de lecture estim\u00e9e":"2 minutes"},"schema":{"@context":"https:\/\/schema.org","@graph":[{"@type":"NewsArticle","@id":"https:\/\/www.webdo.tn\/fr\/actualite\/divers\/tunis-arrestation-dun-eleve-apres-une-agression-au-couteau-devant-un-lycee\/384201\/#article","isPartOf":{"@id":"https:\/\/www.webdo.tn\/fr\/actualite\/divers\/tunis-arrestation-dun-eleve-apres-une-agression-au-couteau-devant-un-lycee\/384201\/"},"author":{"name":"Wided Belhaj","@id":"https:\/\/www.webdo.tn\/fr\/#\/schema\/person\/b9ecde7a5574cb4fcf4b496ea5fadb15"},"headline":"Tunis : arrestation d\u2019un \u00e9l\u00e8ve apr\u00e8s une agression au couteau devant un lyc\u00e9e","datePublished":"2025-09-24T14:11:53+00:00","dateModified":"2025-09-24T14:11:54+00:00","mainEntityOfPage":{"@id":"https:\/\/www.webdo.tn\/fr\/actualite\/divers\/tunis-arrestation-dun-eleve-apres-une-agression-au-couteau-devant-un-lycee\/384201\/"},"wordCount":259,"publisher":{"@id":"https:\/\/www.webdo.tn\/fr\/#organization"},"image":{"@id":"https:\/\/www.webdo.tn\/fr\/actualite\/divers\/tunis-arrestation-dun-eleve-apres-une-agression-au-couteau-devant-un-lycee\/384201\/#primaryimage"},"thumbnailUrl":"https:\/\/www.webdo.tn\/fr\/wp-content\/uploads\/2025\/09\/Capture-decran-2025-09-24-151043.jpg","keywords":["agression","lyc\u00e9e","Tunisie"],"articleSection":["Divers"],"inLanguage":"fr-FR"},{"@type":"WebPage","@id":"https:\/\/www.webdo.tn\/fr\/actualite\/divers\/tunis-arrestation-dun-eleve-apres-une-agression-au-couteau-devant-un-lycee\/384201\/","url":"https:\/\/www.webdo.tn\/fr\/actualite\/divers\/tunis-arrestation-dun-eleve-apres-une-agression-au-couteau-devant-un-lycee\/384201\/","name":"Tunis : arrestation d\u2019un \u00e9l\u00e8ve apr\u00e8s une agression au couteau devant un lyc\u00e9e - webdo","isPartOf":{"@id":"https:\/\/www.webdo.tn\/fr\/#website"},"primaryImageOfPage":{"@id":"https:\/\/www.webdo.tn\/fr\/actualite\/divers\/tunis-arrestation-dun-eleve-apres-une-agression-au-couteau-devant-un-lycee\/384201\/#primaryimage"},"image":{"@id":"https:\/\/www.webdo.tn\/fr\/actualite\/divers\/tunis-arrestation-dun-eleve-apres-une-agression-au-couteau-devant-un-lycee\/384201\/#primaryimage"},"thumbnailUrl":"https:\/\/www.webdo.tn\/fr\/wp-content\/uploads\/2025\/09\/Capture-decran-2025-09-24-151043.jpg","datePublished":"2025-09-24T14:11:53+00:00","dateModified":"2025-09-24T14:11:54+00:00","description":"Un \u00e9l\u00e8ve est plac\u00e9 en garde \u00e0 vue apr\u00e8s une agression pr\u00e8s d'un lyc\u00e9e \u00e0 Sidi Hassine, un \u00e9v\u00e9nement choquant \u00e0 d\u00e9couvrir.","breadcrumb":{"@id":"https:\/\/www.webdo.tn\/fr\/actualite\/divers\/tunis-arrestation-dun-eleve-apres-une-agression-au-couteau-devant-un-lycee\/384201\/#breadcrumb"},"inLanguage":"fr-FR","potentialAction":[{"@type":"ReadAction","target":["https:\/\/www.webdo.tn\/fr\/actualite\/divers\/tunis-arrestation-dun-eleve-apres-une-agression-au-couteau-devant-un-lycee\/384201\/"]}]},{"@type":"ImageObject","inLanguage":"fr-FR","@id":"https:\/\/www.webdo.tn\/fr\/actualite\/divers\/tunis-arrestation-dun-eleve-apres-une-agression-au-couteau-devant-un-lycee\/384201\/#primaryimage","url":"https:\/\/www.webdo.tn\/fr\/wp-content\/uploads\/2025\/09\/Capture-decran-2025-09-24-151043.jpg","contentUrl":"https:\/\/www.webdo.tn\/fr\/wp-content\/uploads\/2025\/09\/Capture-decran-2025-09-24-151043.jpg","width":1151,"height":685,"caption":"justice"},{"@type":"BreadcrumbList","@id":"https:\/\/www.webdo.tn\/fr\/actualite\/divers\/tunis-arrestation-dun-eleve-apres-une-agression-au-couteau-devant-un-lycee\/384201\/#breadcrumb","itemListElement":[{"@type":"ListItem","position":1,"name":"Accueil","item":"https:\/\/www.webdo.tn\/fr\/"},{"@type":"ListItem","position":2,"name":"Tunis : arrestation d\u2019un \u00e9l\u00e8ve apr\u00e8s une agression au couteau devant un lyc\u00e9e"}]},{"@type":"WebSite","@id":"https:\/\/www.webdo.tn\/fr\/#website","url":"https:\/\/www.webdo.tn\/fr\/","name":"webdo","description":"Tunisie - News en Tunisie et \u00e0 l&#039;international sur Webdo.tn","publisher":{"@id":"https:\/\/www.webdo.tn\/fr\/#organization"},"potentialAction":[{"@type":"SearchAction","target":{"@type":"EntryPoint","urlTemplate":"https:\/\/www.webdo.tn\/fr\/?s={search_term_string}"},"query-input":{"@type":"PropertyValueSpecification","valueRequired":true,"valueName":"search_term_string"}}],"inLanguage":"fr-FR"},{"@type":"Organization","@id":"https:\/\/www.webdo.tn\/fr\/#organization","name":"Webdo","alternateName":"Webdo.tn","url":"https:\/\/www.webdo.tn\/fr\/","logo":{"@type":"ImageObject","inLanguage":"fr-FR","@id":"https:\/\/www.webdo.tn\/fr\/#\/schema\/logo\/image\/","url":"https:\/\/www.webdo.tn\/fr\/wp-content\/uploads\/2025\/06\/Webdo-Tunisie_168377.jpg","contentUrl":"https:\/\/www.webdo.tn\/fr\/wp-content\/uploads\/2025\/06\/Webdo-Tunisie_168377.jpg","width":301,"height":301,"caption":"Webdo"},"image":{"@id":"https:\/\/www.webdo.tn\/fr\/#\/schema\/logo\/image\/"},"sameAs":["https:\/\/www.facebook.com\/webdotn","https:\/\/x.com\/webdo_tn"],"description":"Webdo est un m\u00e9dia num\u00e9rique tunisien fond\u00e9 en 2010, sp\u00e9cialis\u00e9 dans l\u2019actualit\u00e9 nationale et internationale, l\u2019\u00e9conomie, la soci\u00e9t\u00e9 et les analyses politiques. Le site s\u2019adresse \u00e0 un large public francophone et couvre l\u2019information tunisienne en temps r\u00e9el.","email":"redac@webdo.tn","legalName":"YNJ SARL","foundingDate":"2010-09-06","numberOfEmployees":{"@type":"QuantitativeValue","minValue":"11","maxValue":"50"}},{"@type":"Person","@id":"https:\/\/www.webdo.tn\/fr\/#\/schema\/person\/b9ecde7a5574cb4fcf4b496ea5fadb15","name":"Wided Belhaj","image":{"@type":"ImageObject","inLanguage":"fr-FR","@id":"https:\/\/www.webdo.tn\/fr\/wp-content\/uploads\/2026\/04\/wided-belhaj_avatar-96x96.jpg","url":"https:\/\/www.webdo.tn\/fr\/wp-content\/uploads\/2026\/04\/wided-belhaj_avatar-96x96.jpg","contentUrl":"https:\/\/www.webdo.tn\/fr\/wp-content\/uploads\/2026\/04\/wided-belhaj_avatar-96x96.jpg","caption":"Wided Belhaj"},"description":"Wided Belhaj est le pseudonyme \u00e9ditorial utilis\u00e9 par Khalil Jelassi, journaliste, ma\u00eetre-assistant \u00e0 l\u2019Institut de presse et des sciences de l\u2019information (IPSI) et chercheur en sciences de l\u2019information et de la communication. Cette signature est d\u00e9di\u00e9e \u00e0 l\u2019analyse des m\u00e9dias, des pratiques journalistiques et des mutations de l\u2019information \u00e0 l\u2019\u00e8re digitale. \u00c0 travers ses contributions, Wided Belhaj propose une lecture analytique de l\u2019actualit\u00e9, en croisant regard critique et expertise acad\u00e9mique.","knowsAbout":["m\u00e9dias","journalisme","communication","information","transformation num\u00e9rique","analyse des m\u00e9dias"],"knowsLanguage":["Fran\u00e7ais","Arabe"],"jobTitle":"Webdo.tn","worksFor":"Journaliste \u2013 Analyse des m\u00e9dias","url":"https:\/\/www.webdo.tn\/fr\/actualite\/author\/wided-belhaj\/"}]}},"_links":{"self":[{"href":"https:\/\/www.webdo.tn\/fr\/wp-json\/wp\/v2\/posts\/384201","targetHints":{"allow":["GET"]}}],"collection":[{"href":"https:\/\/www.webdo.tn\/fr\/wp-json\/wp\/v2\/posts"}],"about":[{"href":"https:\/\/www.webdo.tn\/fr\/wp-json\/wp\/v2\/types\/post"}],"author":[{"embeddable":true,"href":"https:\/\/www.webdo.tn\/fr\/wp-json\/wp\/v2\/users\/3184"}],"replies":[{"embeddable":true,"href":"https:\/\/www.webdo.tn\/fr\/wp-json\/wp\/v2\/comments?post=384201"}],"version-history":[{"count":0,"href":"https:\/\/www.webdo.tn\/fr\/wp-json\/wp\/v2\/posts\/384201\/revisions"}],"wp:featuredmedia":[{"embeddable":true,"href":"https:\/\/www.webdo.tn\/fr\/wp-json\/wp\/v2\/media\/384202"}],"wp:attachment":[{"href":"https:\/\/www.webdo.tn\/fr\/wp-json\/wp\/v2\/media?parent=384201"}],"wp:term":[{"taxonomy":"category","embeddable":true,"href":"https:\/\/www.webdo.tn\/fr\/wp-json\/wp\/v2\/categories?post=384201"},{"taxonomy":"post_tag","embeddable":true,"href":"https:\/\/www.webdo.tn\/fr\/wp-json\/wp\/v2\/tags?post=384201"}],"curies":[{"name":"wp","href":"https:\/\/api.w.org\/{rel}","templated":true}]}}