{"id":384158,"date":"2025-09-24T09:43:50","date_gmt":"2025-09-24T08:43:50","guid":{"rendered":"https:\/\/www.webdo.tn\/fr\/?p=384158"},"modified":"2025-09-24T09:43:51","modified_gmt":"2025-09-24T08:43:51","slug":"snapshot-tunis-ci-git-le-comite-culturel-national","status":"publish","type":"post","link":"https:\/\/www.webdo.tn\/fr\/actualite\/chroniques\/snapshot-tunis-ci-git-le-comite-culturel-national\/384158\/","title":{"rendered":"Snapshot &#8211; Tunis : Ci-g\u00eet le Comit\u00e9 culturel national"},"content":{"rendered":"\n<p>Sur l&rsquo;avenue de la Libert\u00e9, ce qui fut une villa splendide est devenue aujourd&rsquo;hui une ruine abandonn\u00e9e depuis des ann\u00e9es.<\/p>\n\n\n\n<p>Et pourtant, cet \u00e9difice qui aujourd&rsquo;hui menace ruine, appartient au Domaine de l&rsquo;\u00c9tat, pr\u00e9cis\u00e9ment au patrimoine du minist\u00e8re des Affaires culturelles qui y avait install\u00e9 le Comit\u00e9 culturel national et la r\u00e9daction de la revue La Vie culturelle.<\/p>\n\n\n\n<p>Cette villa de ma\u00eetre tombe en ruines et il est \u00e9trange que personne ne s&rsquo;en soucie. D&rsquo;ailleurs, beaucoup de villas des ann\u00e9es trente qui longent cette avenue de la Libert\u00e9 ont c\u00e9d\u00e9 leur emplacement \u00e0 des immeubles sans \u00e2me, juste fonctionnels et sans aucune envergure esth\u00e9tique.<\/p>\n\n\n\n<p><\/p>\n\n\n\n<ul class=\"wp-block-list\">\n<li>Lire aussi : <a href=\"https:\/\/www.webdo.tn\/fr\/actualite\/chroniques\/snapshot-les-ruines-de-la-plus-grande-librairie-de-tunis\/377462\/\">Snapshot : Les ruines de la plus grande librairie de Tunis<\/a><\/li>\n<\/ul>\n\n\n<div class=\"wp-block-image\">\n<figure class=\"aligncenter size-full\"><img decoding=\"async\" width=\"800\" height=\"600\" src=\"https:\/\/www.webdo.tn\/fr\/wp-content\/uploads\/2025\/09\/Comite-culturel-national-1.jpeg\" alt=\"\" class=\"wp-image-384159\" srcset=\"https:\/\/www.webdo.tn\/fr\/wp-content\/uploads\/2025\/09\/Comite-culturel-national-1.jpeg 800w, https:\/\/www.webdo.tn\/fr\/wp-content\/uploads\/2025\/09\/Comite-culturel-national-1-300x225.jpeg 300w, https:\/\/www.webdo.tn\/fr\/wp-content\/uploads\/2025\/09\/Comite-culturel-national-1-768x576.jpeg 768w, https:\/\/www.webdo.tn\/fr\/wp-content\/uploads\/2025\/09\/Comite-culturel-national-1-750x563.jpeg 750w\" sizes=\"(max-width: 800px) 100vw, 800px\" \/><\/figure>\n<\/div>\n\n\n<p><\/p>\n\n\n<div class=\"wp-block-image\">\n<figure class=\"aligncenter size-full\"><img decoding=\"async\" width=\"800\" height=\"600\" src=\"https:\/\/www.webdo.tn\/fr\/wp-content\/uploads\/2025\/09\/Comite-culturel-national-2.jpeg\" alt=\"\" class=\"wp-image-384160\" srcset=\"https:\/\/www.webdo.tn\/fr\/wp-content\/uploads\/2025\/09\/Comite-culturel-national-2.jpeg 800w, https:\/\/www.webdo.tn\/fr\/wp-content\/uploads\/2025\/09\/Comite-culturel-national-2-300x225.jpeg 300w, https:\/\/www.webdo.tn\/fr\/wp-content\/uploads\/2025\/09\/Comite-culturel-national-2-768x576.jpeg 768w, https:\/\/www.webdo.tn\/fr\/wp-content\/uploads\/2025\/09\/Comite-culturel-national-2-750x563.jpeg 750w\" sizes=\"(max-width: 800px) 100vw, 800px\" \/><\/figure>\n<\/div>\n\n\n<p><\/p>\n\n\n<div class=\"wp-block-image\">\n<figure class=\"aligncenter size-full\"><img decoding=\"async\" width=\"800\" height=\"600\" src=\"https:\/\/www.webdo.tn\/fr\/wp-content\/uploads\/2025\/09\/Comite-culturel-national-3.jpeg\" alt=\"\" class=\"wp-image-384163\" srcset=\"https:\/\/www.webdo.tn\/fr\/wp-content\/uploads\/2025\/09\/Comite-culturel-national-3.jpeg 800w, https:\/\/www.webdo.tn\/fr\/wp-content\/uploads\/2025\/09\/Comite-culturel-national-3-300x225.jpeg 300w, https:\/\/www.webdo.tn\/fr\/wp-content\/uploads\/2025\/09\/Comite-culturel-national-3-768x576.jpeg 768w, https:\/\/www.webdo.tn\/fr\/wp-content\/uploads\/2025\/09\/Comite-culturel-national-3-750x563.jpeg 750w\" sizes=\"(max-width: 800px) 100vw, 800px\" \/><\/figure>\n<\/div>","protected":false},"excerpt":{"rendered":"<p>Sur l&rsquo;avenue de la Libert\u00e9, ce qui fut une villa splendide est devenue aujourd&rsquo;hui une ruine abandonn\u00e9e depuis des ann\u00e9es. Et pourtant, cet \u00e9difice qui aujourd&rsquo;hui menace ruine, appartient au Domaine de l&rsquo;\u00c9tat, pr\u00e9cis\u00e9ment au patrimoine du minist\u00e8re des Affaires culturelles qui y avait install\u00e9 le Comit\u00e9 culturel national et la r\u00e9daction de la revue [&hellip;]<\/p>\n","protected":false},"author":3229,"featured_media":384164,"comment_status":"closed","ping_status":"closed","sticky":false,"template":"","format":"standard","meta":{"footnotes":""},"categories":[2596],"tags":[12954,2640,2608,11996],"class_list":["post-384158","post","type-post","status-publish","format-standard","has-post-thumbnail","hentry","category-chroniques","tag-comite-culturel-national","tag-tunis","tag-tunisie","tag-villa"],"yoast_head":"<!-- This site is optimized with the Yoast SEO Premium plugin v27.4 (Yoast SEO v27.4) - https:\/\/yoast.com\/product\/yoast-seo-premium-wordpress\/ -->\n<title>Snapshot - Tunis : Ci-g\u00eet le Comit\u00e9 culturel national - webdo<\/title>\n<meta name=\"description\" content=\"Plongez dans l&#039;histoire de la villa de Tunis o\u00f9 le Comit\u00e9 culturel national a marqu\u00e9 son empreinte avant de sombrer dans l&#039;oubli.\" \/>\n<link rel=\"canonical\" href=\"https:\/\/www.webdo.tn\/fr\/actualite\/chroniques\/snapshot-tunis-ci-git-le-comite-culturel-national\/384158\/\" \/>\n<meta property=\"og:locale\" content=\"fr_FR\" \/>\n<meta property=\"og:type\" content=\"article\" \/>\n<meta property=\"og:title\" content=\"Snapshot - Tunis : Ci-g\u00eet le Comit\u00e9 culturel national\" \/>\n<meta property=\"og:description\" content=\"Plongez dans l&#039;histoire de la villa de Tunis o\u00f9 le Comit\u00e9 culturel national a marqu\u00e9 son empreinte avant de sombrer dans l&#039;oubli.\" \/>\n<meta property=\"og:url\" content=\"https:\/\/www.webdo.tn\/fr\/actualite\/chroniques\/snapshot-tunis-ci-git-le-comite-culturel-national\/384158\/\" \/>\n<meta property=\"og:site_name\" content=\"webdo\" \/>\n<meta property=\"article:publisher\" content=\"https:\/\/www.facebook.com\/webdotn\" \/>\n<meta property=\"article:author\" content=\"https:\/\/www.facebook.com\/hatem.bourial.2025\" \/>\n<meta property=\"article:published_time\" content=\"2025-09-24T08:43:50+00:00\" \/>\n<meta property=\"article:modified_time\" content=\"2025-09-24T08:43:51+00:00\" \/>\n<meta property=\"og:image\" content=\"https:\/\/www.webdo.tn\/fr\/wp-content\/uploads\/2025\/09\/Comite-culturel-national-0.jpeg\" \/>\n\t<meta property=\"og:image:width\" content=\"1200\" \/>\n\t<meta property=\"og:image:height\" content=\"601\" \/>\n\t<meta property=\"og:image:type\" content=\"image\/jpeg\" \/>\n<meta name=\"author\" content=\"Hatem Bourial\" \/>\n<meta name=\"twitter:card\" content=\"summary_large_image\" \/>\n<meta name=\"twitter:creator\" content=\"@webdo_tn\" \/>\n<meta name=\"twitter:site\" content=\"@webdo_tn\" \/>\n<meta name=\"twitter:label1\" content=\"\u00c9crit par\" \/>\n\t<meta name=\"twitter:data1\" content=\"Hatem Bourial\" \/>\n\t<meta name=\"twitter:label2\" content=\"Dur\u00e9e de lecture estim\u00e9e\" \/>\n\t<meta name=\"twitter:data2\" content=\"2 minutes\" \/>\n<script type=\"application\/ld+json\" class=\"yoast-schema-graph\">{\"@context\":\"https:\\\/\\\/schema.org\",\"@graph\":[{\"@type\":\"NewsArticle\",\"@id\":\"https:\\\/\\\/www.webdo.tn\\\/fr\\\/actualite\\\/chroniques\\\/snapshot-tunis-ci-git-le-comite-culturel-national\\\/384158\\\/#article\",\"isPartOf\":{\"@id\":\"https:\\\/\\\/www.webdo.tn\\\/fr\\\/actualite\\\/chroniques\\\/snapshot-tunis-ci-git-le-comite-culturel-national\\\/384158\\\/\"},\"author\":{\"name\":\"Hatem Bourial\",\"@id\":\"https:\\\/\\\/www.webdo.tn\\\/fr\\\/#\\\/schema\\\/person\\\/6bc0beba2cd23aec27cb5df85ca2554f\"},\"headline\":\"Snapshot &#8211; Tunis : Ci-g\u00eet le Comit\u00e9 culturel national\",\"datePublished\":\"2025-09-24T08:43:50+00:00\",\"dateModified\":\"2025-09-24T08:43:51+00:00\",\"mainEntityOfPage\":{\"@id\":\"https:\\\/\\\/www.webdo.tn\\\/fr\\\/actualite\\\/chroniques\\\/snapshot-tunis-ci-git-le-comite-culturel-national\\\/384158\\\/\"},\"wordCount\":140,\"publisher\":{\"@id\":\"https:\\\/\\\/www.webdo.tn\\\/fr\\\/#organization\"},\"image\":{\"@id\":\"https:\\\/\\\/www.webdo.tn\\\/fr\\\/actualite\\\/chroniques\\\/snapshot-tunis-ci-git-le-comite-culturel-national\\\/384158\\\/#primaryimage\"},\"thumbnailUrl\":\"https:\\\/\\\/www.webdo.tn\\\/fr\\\/wp-content\\\/uploads\\\/2025\\\/09\\\/Comite-culturel-national-0.jpeg\",\"keywords\":[\"comit\u00e9 culturel national\",\"Tunis\",\"Tunisie\",\"villa\"],\"articleSection\":[\"Chroniques\"],\"inLanguage\":\"fr-FR\"},{\"@type\":\"WebPage\",\"@id\":\"https:\\\/\\\/www.webdo.tn\\\/fr\\\/actualite\\\/chroniques\\\/snapshot-tunis-ci-git-le-comite-culturel-national\\\/384158\\\/\",\"url\":\"https:\\\/\\\/www.webdo.tn\\\/fr\\\/actualite\\\/chroniques\\\/snapshot-tunis-ci-git-le-comite-culturel-national\\\/384158\\\/\",\"name\":\"Snapshot - Tunis : Ci-g\u00eet le Comit\u00e9 culturel national - webdo\",\"isPartOf\":{\"@id\":\"https:\\\/\\\/www.webdo.tn\\\/fr\\\/#website\"},\"primaryImageOfPage\":{\"@id\":\"https:\\\/\\\/www.webdo.tn\\\/fr\\\/actualite\\\/chroniques\\\/snapshot-tunis-ci-git-le-comite-culturel-national\\\/384158\\\/#primaryimage\"},\"image\":{\"@id\":\"https:\\\/\\\/www.webdo.tn\\\/fr\\\/actualite\\\/chroniques\\\/snapshot-tunis-ci-git-le-comite-culturel-national\\\/384158\\\/#primaryimage\"},\"thumbnailUrl\":\"https:\\\/\\\/www.webdo.tn\\\/fr\\\/wp-content\\\/uploads\\\/2025\\\/09\\\/Comite-culturel-national-0.jpeg\",\"datePublished\":\"2025-09-24T08:43:50+00:00\",\"dateModified\":\"2025-09-24T08:43:51+00:00\",\"description\":\"Plongez dans l'histoire de la villa de Tunis o\u00f9 le Comit\u00e9 culturel national a marqu\u00e9 son empreinte avant de sombrer dans l'oubli.\",\"breadcrumb\":{\"@id\":\"https:\\\/\\\/www.webdo.tn\\\/fr\\\/actualite\\\/chroniques\\\/snapshot-tunis-ci-git-le-comite-culturel-national\\\/384158\\\/#breadcrumb\"},\"inLanguage\":\"fr-FR\",\"potentialAction\":[{\"@type\":\"ReadAction\",\"target\":[\"https:\\\/\\\/www.webdo.tn\\\/fr\\\/actualite\\\/chroniques\\\/snapshot-tunis-ci-git-le-comite-culturel-national\\\/384158\\\/\"]}]},{\"@type\":\"ImageObject\",\"inLanguage\":\"fr-FR\",\"@id\":\"https:\\\/\\\/www.webdo.tn\\\/fr\\\/actualite\\\/chroniques\\\/snapshot-tunis-ci-git-le-comite-culturel-national\\\/384158\\\/#primaryimage\",\"url\":\"https:\\\/\\\/www.webdo.tn\\\/fr\\\/wp-content\\\/uploads\\\/2025\\\/09\\\/Comite-culturel-national-0.jpeg\",\"contentUrl\":\"https:\\\/\\\/www.webdo.tn\\\/fr\\\/wp-content\\\/uploads\\\/2025\\\/09\\\/Comite-culturel-national-0.jpeg\",\"width\":1200,\"height\":601,\"caption\":\"Snapshot - Tunis : Ci-g\u00eet le Comit\u00e9 culturel national\"},{\"@type\":\"BreadcrumbList\",\"@id\":\"https:\\\/\\\/www.webdo.tn\\\/fr\\\/actualite\\\/chroniques\\\/snapshot-tunis-ci-git-le-comite-culturel-national\\\/384158\\\/#breadcrumb\",\"itemListElement\":[{\"@type\":\"ListItem\",\"position\":1,\"name\":\"Accueil\",\"item\":\"https:\\\/\\\/www.webdo.tn\\\/fr\\\/\"},{\"@type\":\"ListItem\",\"position\":2,\"name\":\"Snapshot &#8211; Tunis : Ci-g\u00eet le Comit\u00e9 culturel national\"}]},{\"@type\":\"WebSite\",\"@id\":\"https:\\\/\\\/www.webdo.tn\\\/fr\\\/#website\",\"url\":\"https:\\\/\\\/www.webdo.tn\\\/fr\\\/\",\"name\":\"webdo\",\"description\":\"Tunisie - News en Tunisie et \u00e0 l&#039;international sur Webdo.tn\",\"publisher\":{\"@id\":\"https:\\\/\\\/www.webdo.tn\\\/fr\\\/#organization\"},\"potentialAction\":[{\"@type\":\"SearchAction\",\"target\":{\"@type\":\"EntryPoint\",\"urlTemplate\":\"https:\\\/\\\/www.webdo.tn\\\/fr\\\/?s={search_term_string}\"},\"query-input\":{\"@type\":\"PropertyValueSpecification\",\"valueRequired\":true,\"valueName\":\"search_term_string\"}}],\"inLanguage\":\"fr-FR\"},{\"@type\":\"Organization\",\"@id\":\"https:\\\/\\\/www.webdo.tn\\\/fr\\\/#organization\",\"name\":\"Webdo\",\"alternateName\":\"Webdo.tn\",\"url\":\"https:\\\/\\\/www.webdo.tn\\\/fr\\\/\",\"logo\":{\"@type\":\"ImageObject\",\"inLanguage\":\"fr-FR\",\"@id\":\"https:\\\/\\\/www.webdo.tn\\\/fr\\\/#\\\/schema\\\/logo\\\/image\\\/\",\"url\":\"https:\\\/\\\/www.webdo.tn\\\/fr\\\/wp-content\\\/uploads\\\/2025\\\/06\\\/Webdo-Tunisie_168377.jpg\",\"contentUrl\":\"https:\\\/\\\/www.webdo.tn\\\/fr\\\/wp-content\\\/uploads\\\/2025\\\/06\\\/Webdo-Tunisie_168377.jpg\",\"width\":301,\"height\":301,\"caption\":\"Webdo\"},\"image\":{\"@id\":\"https:\\\/\\\/www.webdo.tn\\\/fr\\\/#\\\/schema\\\/logo\\\/image\\\/\"},\"sameAs\":[\"https:\\\/\\\/www.facebook.com\\\/webdotn\",\"https:\\\/\\\/x.com\\\/webdo_tn\"],\"description\":\"Webdo est un m\u00e9dia num\u00e9rique tunisien fond\u00e9 en 2010, sp\u00e9cialis\u00e9 dans l\u2019actualit\u00e9 nationale et internationale, l\u2019\u00e9conomie, la soci\u00e9t\u00e9 et les analyses politiques. Le site s\u2019adresse \u00e0 un large public francophone et couvre l\u2019information tunisienne en temps r\u00e9el.\",\"email\":\"redac@webdo.tn\",\"legalName\":\"YNJ SARL\",\"foundingDate\":\"2010-09-06\",\"numberOfEmployees\":{\"@type\":\"QuantitativeValue\",\"minValue\":\"11\",\"maxValue\":\"50\"}},{\"@type\":\"Person\",\"@id\":\"https:\\\/\\\/www.webdo.tn\\\/fr\\\/#\\\/schema\\\/person\\\/6bc0beba2cd23aec27cb5df85ca2554f\",\"name\":\"Hatem Bourial\",\"image\":{\"@type\":\"ImageObject\",\"inLanguage\":\"fr-FR\",\"@id\":\"https:\\\/\\\/www.webdo.tn\\\/fr\\\/wp-content\\\/uploads\\\/2026\\\/04\\\/hatem-bourial_avatar-96x96.jpg\",\"url\":\"https:\\\/\\\/www.webdo.tn\\\/fr\\\/wp-content\\\/uploads\\\/2026\\\/04\\\/hatem-bourial_avatar-96x96.jpg\",\"contentUrl\":\"https:\\\/\\\/www.webdo.tn\\\/fr\\\/wp-content\\\/uploads\\\/2026\\\/04\\\/hatem-bourial_avatar-96x96.jpg\",\"caption\":\"Hatem Bourial\"},\"description\":\"Hatem Bourial est journaliste, \u00e9crivain et chroniqueur tunisien. Actif depuis plusieurs d\u00e9cennies, il s\u2019est impos\u00e9 comme un observateur attentif de la soci\u00e9t\u00e9 tunisienne, m\u00ealant dans ses \u00e9crits m\u00e9moire, culture et analyse du quotidien. Auteur de nombreux ouvrages, il d\u00e9veloppe une \u0153uvre \u00e0 la crois\u00e9e du r\u00e9cit, de la po\u00e9sie et de l\u2019observation sociologique. Parall\u00e8lement \u00e0 ses contributions dans la presse, il intervient r\u00e9guli\u00e8rement \u00e0 la radio et dans des espaces culturels, o\u00f9 il explore les enjeux li\u00e9s au patrimoine, \u00e0 l\u2019identit\u00e9 et aux transformations du monde contemporain. \u00c0 travers ses chroniques, Hatem Bourial propose une lecture sensible et approfondie de l\u2019actualit\u00e9, nourrie par une exp\u00e9rience journalistique et litt\u00e9raire reconnue. \ud83d\udd17 Facebook : https:\\\/\\\/www.facebook.com\\\/hatem.bourial.2025\",\"sameAs\":[\"https:\\\/\\\/www.facebook.com\\\/hatem.bourial.2025\",\"https:\\\/\\\/fr.wikipedia.org\\\/wiki\\\/Fichier:Hatem_Bourial.jpg\"],\"knowsAbout\":[\"Culture & patrimoine tunisien\",\"Chronique soci\u00e9tale\",\"Litt\u00e9rature & m\u00e9moire\",\"Cin\u00e9ma & critique culturelle\",\"Identit\u00e9 & mutations sociales\"],\"knowsLanguage\":[\"Arabe\",\"Fran\u00e7ais\",\"Anglais\",\"Italien\",\"Polonais\"],\"jobTitle\":\"Journaliste, \u00e9crivain et chroniqueur culturel\",\"worksFor\":\"Webdo\",\"url\":\"https:\\\/\\\/www.webdo.tn\\\/fr\\\/actualite\\\/author\\\/hatem-bourial-2\\\/\"}]}<\/script>\n<!-- \/ Yoast SEO Premium plugin. -->","yoast_head_json":{"title":"Snapshot - Tunis : Ci-g\u00eet le Comit\u00e9 culturel national - webdo","description":"Plongez dans l'histoire de la villa de Tunis o\u00f9 le Comit\u00e9 culturel national a marqu\u00e9 son empreinte avant de sombrer dans l'oubli.","canonical":"https:\/\/www.webdo.tn\/fr\/actualite\/chroniques\/snapshot-tunis-ci-git-le-comite-culturel-national\/384158\/","og_locale":"fr_FR","og_type":"article","og_title":"Snapshot - Tunis : Ci-g\u00eet le Comit\u00e9 culturel national","og_description":"Plongez dans l'histoire de la villa de Tunis o\u00f9 le Comit\u00e9 culturel national a marqu\u00e9 son empreinte avant de sombrer dans l'oubli.","og_url":"https:\/\/www.webdo.tn\/fr\/actualite\/chroniques\/snapshot-tunis-ci-git-le-comite-culturel-national\/384158\/","og_site_name":"webdo","article_publisher":"https:\/\/www.facebook.com\/webdotn","article_author":"https:\/\/www.facebook.com\/hatem.bourial.2025","article_published_time":"2025-09-24T08:43:50+00:00","article_modified_time":"2025-09-24T08:43:51+00:00","og_image":[{"width":1200,"height":601,"url":"https:\/\/www.webdo.tn\/fr\/wp-content\/uploads\/2025\/09\/Comite-culturel-national-0.jpeg","type":"image\/jpeg"}],"author":"Hatem Bourial","twitter_card":"summary_large_image","twitter_creator":"@webdo_tn","twitter_site":"@webdo_tn","twitter_misc":{"\u00c9crit par":"Hatem Bourial","Dur\u00e9e de lecture estim\u00e9e":"2 minutes"},"schema":{"@context":"https:\/\/schema.org","@graph":[{"@type":"NewsArticle","@id":"https:\/\/www.webdo.tn\/fr\/actualite\/chroniques\/snapshot-tunis-ci-git-le-comite-culturel-national\/384158\/#article","isPartOf":{"@id":"https:\/\/www.webdo.tn\/fr\/actualite\/chroniques\/snapshot-tunis-ci-git-le-comite-culturel-national\/384158\/"},"author":{"name":"Hatem Bourial","@id":"https:\/\/www.webdo.tn\/fr\/#\/schema\/person\/6bc0beba2cd23aec27cb5df85ca2554f"},"headline":"Snapshot &#8211; Tunis : Ci-g\u00eet le Comit\u00e9 culturel national","datePublished":"2025-09-24T08:43:50+00:00","dateModified":"2025-09-24T08:43:51+00:00","mainEntityOfPage":{"@id":"https:\/\/www.webdo.tn\/fr\/actualite\/chroniques\/snapshot-tunis-ci-git-le-comite-culturel-national\/384158\/"},"wordCount":140,"publisher":{"@id":"https:\/\/www.webdo.tn\/fr\/#organization"},"image":{"@id":"https:\/\/www.webdo.tn\/fr\/actualite\/chroniques\/snapshot-tunis-ci-git-le-comite-culturel-national\/384158\/#primaryimage"},"thumbnailUrl":"https:\/\/www.webdo.tn\/fr\/wp-content\/uploads\/2025\/09\/Comite-culturel-national-0.jpeg","keywords":["comit\u00e9 culturel national","Tunis","Tunisie","villa"],"articleSection":["Chroniques"],"inLanguage":"fr-FR"},{"@type":"WebPage","@id":"https:\/\/www.webdo.tn\/fr\/actualite\/chroniques\/snapshot-tunis-ci-git-le-comite-culturel-national\/384158\/","url":"https:\/\/www.webdo.tn\/fr\/actualite\/chroniques\/snapshot-tunis-ci-git-le-comite-culturel-national\/384158\/","name":"Snapshot - Tunis : Ci-g\u00eet le Comit\u00e9 culturel national - webdo","isPartOf":{"@id":"https:\/\/www.webdo.tn\/fr\/#website"},"primaryImageOfPage":{"@id":"https:\/\/www.webdo.tn\/fr\/actualite\/chroniques\/snapshot-tunis-ci-git-le-comite-culturel-national\/384158\/#primaryimage"},"image":{"@id":"https:\/\/www.webdo.tn\/fr\/actualite\/chroniques\/snapshot-tunis-ci-git-le-comite-culturel-national\/384158\/#primaryimage"},"thumbnailUrl":"https:\/\/www.webdo.tn\/fr\/wp-content\/uploads\/2025\/09\/Comite-culturel-national-0.jpeg","datePublished":"2025-09-24T08:43:50+00:00","dateModified":"2025-09-24T08:43:51+00:00","description":"Plongez dans l'histoire de la villa de Tunis o\u00f9 le Comit\u00e9 culturel national a marqu\u00e9 son empreinte avant de sombrer dans l'oubli.","breadcrumb":{"@id":"https:\/\/www.webdo.tn\/fr\/actualite\/chroniques\/snapshot-tunis-ci-git-le-comite-culturel-national\/384158\/#breadcrumb"},"inLanguage":"fr-FR","potentialAction":[{"@type":"ReadAction","target":["https:\/\/www.webdo.tn\/fr\/actualite\/chroniques\/snapshot-tunis-ci-git-le-comite-culturel-national\/384158\/"]}]},{"@type":"ImageObject","inLanguage":"fr-FR","@id":"https:\/\/www.webdo.tn\/fr\/actualite\/chroniques\/snapshot-tunis-ci-git-le-comite-culturel-national\/384158\/#primaryimage","url":"https:\/\/www.webdo.tn\/fr\/wp-content\/uploads\/2025\/09\/Comite-culturel-national-0.jpeg","contentUrl":"https:\/\/www.webdo.tn\/fr\/wp-content\/uploads\/2025\/09\/Comite-culturel-national-0.jpeg","width":1200,"height":601,"caption":"Snapshot - Tunis : Ci-g\u00eet le Comit\u00e9 culturel national"},{"@type":"BreadcrumbList","@id":"https:\/\/www.webdo.tn\/fr\/actualite\/chroniques\/snapshot-tunis-ci-git-le-comite-culturel-national\/384158\/#breadcrumb","itemListElement":[{"@type":"ListItem","position":1,"name":"Accueil","item":"https:\/\/www.webdo.tn\/fr\/"},{"@type":"ListItem","position":2,"name":"Snapshot &#8211; Tunis : Ci-g\u00eet le Comit\u00e9 culturel national"}]},{"@type":"WebSite","@id":"https:\/\/www.webdo.tn\/fr\/#website","url":"https:\/\/www.webdo.tn\/fr\/","name":"webdo","description":"Tunisie - News en Tunisie et \u00e0 l&#039;international sur Webdo.tn","publisher":{"@id":"https:\/\/www.webdo.tn\/fr\/#organization"},"potentialAction":[{"@type":"SearchAction","target":{"@type":"EntryPoint","urlTemplate":"https:\/\/www.webdo.tn\/fr\/?s={search_term_string}"},"query-input":{"@type":"PropertyValueSpecification","valueRequired":true,"valueName":"search_term_string"}}],"inLanguage":"fr-FR"},{"@type":"Organization","@id":"https:\/\/www.webdo.tn\/fr\/#organization","name":"Webdo","alternateName":"Webdo.tn","url":"https:\/\/www.webdo.tn\/fr\/","logo":{"@type":"ImageObject","inLanguage":"fr-FR","@id":"https:\/\/www.webdo.tn\/fr\/#\/schema\/logo\/image\/","url":"https:\/\/www.webdo.tn\/fr\/wp-content\/uploads\/2025\/06\/Webdo-Tunisie_168377.jpg","contentUrl":"https:\/\/www.webdo.tn\/fr\/wp-content\/uploads\/2025\/06\/Webdo-Tunisie_168377.jpg","width":301,"height":301,"caption":"Webdo"},"image":{"@id":"https:\/\/www.webdo.tn\/fr\/#\/schema\/logo\/image\/"},"sameAs":["https:\/\/www.facebook.com\/webdotn","https:\/\/x.com\/webdo_tn"],"description":"Webdo est un m\u00e9dia num\u00e9rique tunisien fond\u00e9 en 2010, sp\u00e9cialis\u00e9 dans l\u2019actualit\u00e9 nationale et internationale, l\u2019\u00e9conomie, la soci\u00e9t\u00e9 et les analyses politiques. Le site s\u2019adresse \u00e0 un large public francophone et couvre l\u2019information tunisienne en temps r\u00e9el.","email":"redac@webdo.tn","legalName":"YNJ SARL","foundingDate":"2010-09-06","numberOfEmployees":{"@type":"QuantitativeValue","minValue":"11","maxValue":"50"}},{"@type":"Person","@id":"https:\/\/www.webdo.tn\/fr\/#\/schema\/person\/6bc0beba2cd23aec27cb5df85ca2554f","name":"Hatem Bourial","image":{"@type":"ImageObject","inLanguage":"fr-FR","@id":"https:\/\/www.webdo.tn\/fr\/wp-content\/uploads\/2026\/04\/hatem-bourial_avatar-96x96.jpg","url":"https:\/\/www.webdo.tn\/fr\/wp-content\/uploads\/2026\/04\/hatem-bourial_avatar-96x96.jpg","contentUrl":"https:\/\/www.webdo.tn\/fr\/wp-content\/uploads\/2026\/04\/hatem-bourial_avatar-96x96.jpg","caption":"Hatem Bourial"},"description":"Hatem Bourial est journaliste, \u00e9crivain et chroniqueur tunisien. Actif depuis plusieurs d\u00e9cennies, il s\u2019est impos\u00e9 comme un observateur attentif de la soci\u00e9t\u00e9 tunisienne, m\u00ealant dans ses \u00e9crits m\u00e9moire, culture et analyse du quotidien. Auteur de nombreux ouvrages, il d\u00e9veloppe une \u0153uvre \u00e0 la crois\u00e9e du r\u00e9cit, de la po\u00e9sie et de l\u2019observation sociologique. Parall\u00e8lement \u00e0 ses contributions dans la presse, il intervient r\u00e9guli\u00e8rement \u00e0 la radio et dans des espaces culturels, o\u00f9 il explore les enjeux li\u00e9s au patrimoine, \u00e0 l\u2019identit\u00e9 et aux transformations du monde contemporain. \u00c0 travers ses chroniques, Hatem Bourial propose une lecture sensible et approfondie de l\u2019actualit\u00e9, nourrie par une exp\u00e9rience journalistique et litt\u00e9raire reconnue. \ud83d\udd17 Facebook : https:\/\/www.facebook.com\/hatem.bourial.2025","sameAs":["https:\/\/www.facebook.com\/hatem.bourial.2025","https:\/\/fr.wikipedia.org\/wiki\/Fichier:Hatem_Bourial.jpg"],"knowsAbout":["Culture & patrimoine tunisien","Chronique soci\u00e9tale","Litt\u00e9rature & m\u00e9moire","Cin\u00e9ma & critique culturelle","Identit\u00e9 & mutations sociales"],"knowsLanguage":["Arabe","Fran\u00e7ais","Anglais","Italien","Polonais"],"jobTitle":"Journaliste, \u00e9crivain et chroniqueur culturel","worksFor":"Webdo","url":"https:\/\/www.webdo.tn\/fr\/actualite\/author\/hatem-bourial-2\/"}]}},"_links":{"self":[{"href":"https:\/\/www.webdo.tn\/fr\/wp-json\/wp\/v2\/posts\/384158","targetHints":{"allow":["GET"]}}],"collection":[{"href":"https:\/\/www.webdo.tn\/fr\/wp-json\/wp\/v2\/posts"}],"about":[{"href":"https:\/\/www.webdo.tn\/fr\/wp-json\/wp\/v2\/types\/post"}],"author":[{"embeddable":true,"href":"https:\/\/www.webdo.tn\/fr\/wp-json\/wp\/v2\/users\/3229"}],"replies":[{"embeddable":true,"href":"https:\/\/www.webdo.tn\/fr\/wp-json\/wp\/v2\/comments?post=384158"}],"version-history":[{"count":0,"href":"https:\/\/www.webdo.tn\/fr\/wp-json\/wp\/v2\/posts\/384158\/revisions"}],"wp:featuredmedia":[{"embeddable":true,"href":"https:\/\/www.webdo.tn\/fr\/wp-json\/wp\/v2\/media\/384164"}],"wp:attachment":[{"href":"https:\/\/www.webdo.tn\/fr\/wp-json\/wp\/v2\/media?parent=384158"}],"wp:term":[{"taxonomy":"category","embeddable":true,"href":"https:\/\/www.webdo.tn\/fr\/wp-json\/wp\/v2\/categories?post=384158"},{"taxonomy":"post_tag","embeddable":true,"href":"https:\/\/www.webdo.tn\/fr\/wp-json\/wp\/v2\/tags?post=384158"}],"curies":[{"name":"wp","href":"https:\/\/api.w.org\/{rel}","templated":true}]}}