{"id":384100,"date":"2025-09-23T22:00:14","date_gmt":"2025-09-23T21:00:14","guid":{"rendered":"https:\/\/www.webdo.tn\/fr\/?p=384100"},"modified":"2025-09-24T08:30:05","modified_gmt":"2025-09-24T07:30:05","slug":"tunisie-la-cheffe-du-gouvernement-presente-les-orientations-du-budget-2026","status":"publish","type":"post","link":"https:\/\/www.webdo.tn\/fr\/actualite\/national\/tunisie-la-cheffe-du-gouvernement-presente-les-orientations-du-budget-2026\/384100\/","title":{"rendered":"Tunisie: La cheffe du gouvernement pr\u00e9sente les orientations du budget 2026"},"content":{"rendered":"\n<p><strong>La cheffe du gouvernement, Sarra Zaafrani Zenzri, a pr\u00e9sid\u00e9 ce mardi 23 septembre 2025, au Palais de la Kasbah, un conseil minist\u00e9riel d\u00e9di\u00e9 \u00e0 l\u2019examen du projet de loi de finances pour l\u2019ann\u00e9e 2026 (dispositions et budget).<\/strong><\/p>\n\n\n\n<p>Dans un <strong>communiqu\u00e9 publi\u00e9 sur la page Facebook officielle de la Pr\u00e9sidence du Gouvernement<\/strong>, il est pr\u00e9cis\u00e9 que cette r\u00e9union s\u2019inscrit dans le cadre de la pr\u00e9paration des grandes orientations budg\u00e9taires et sociales de l\u2019\u00c9tat pour l\u2019ann\u00e9e \u00e0 venir.<\/p>\n\n\n\n<p>En ouverture de la s\u00e9ance, Mme Zaafrani Zenzri a affirm\u00e9 que ce projet de loi constitue un <strong>instrument essentiel pour concr\u00e9tiser les choix de l\u2019\u00c9tat<\/strong> et pour traduire les principes de la Constitution en mati\u00e8re de <strong>d\u00e9veloppement \u00e9quitable et solidaire entre les r\u00e9gions<\/strong>.<br>Elle a soulign\u00e9 que le texte s\u2019inscrit dans la logique du <strong>Plan de d\u00e9veloppement 2026-2030<\/strong>, visant \u00e0 :<\/p>\n\n\n\n<ul class=\"wp-block-list\">\n<li>r\u00e9duire les disparit\u00e9s sociales et r\u00e9gionales,<\/li>\n\n\n\n<li>garantir l\u2019\u00e9galit\u00e9 des chances,<\/li>\n\n\n\n<li>stimuler l\u2019investissement et la cr\u00e9ation de richesses,<\/li>\n\n\n\n<li>consolider la culture du travail et de l\u2019autonomie.<\/li>\n<\/ul>\n\n\n\n<h2 class=\"wp-block-heading\" id=\"h-trois-grands-axes-du-projet\">Trois grands axes du projet<\/h2>\n\n\n\n<p>La ministre des Finances, <strong>Mechket Slama Khaldi<\/strong>, a pr\u00e9sent\u00e9 les grandes lignes du projet de loi, structur\u00e9 autour de trois axes principaux :<\/p>\n\n\n\n<h3 class=\"wp-block-heading\" id=\"h-1-consolider-l-etat-social\">1-Consolider l\u2019\u00c9tat social<\/h3>\n\n\n\n<ul class=\"wp-block-list\">\n<li>Extension de la couverture sociale et diversification du financement des caisses.<\/li>\n\n\n\n<li>Renforcement de la sant\u00e9 publique et de la s\u00e9curit\u00e9 alimentaire.<\/li>\n\n\n\n<li>All\u00e8gement de la pression fiscale et soutien au pouvoir d\u2019achat.<\/li>\n\n\n\n<li>Cr\u00e9ation d\u2019emplois et r\u00e9gularisation de situations administratives en 2026.<\/li>\n\n\n\n<li>Lutte contre la pr\u00e9carit\u00e9 et interdiction du recours \u00e0 la sous-traitance abusive.<\/li>\n\n\n\n<li>Encouragement des Tunisiens de l\u2019\u00e9tranger \u00e0 investir en Tunisie.<\/li>\n<\/ul>\n\n\n\n<h3 class=\"wp-block-heading\" id=\"h-2-soutenir-les-entreprises-et-l-investissement\">2-Soutenir les entreprises et l\u2019investissement<\/h3>\n\n\n\n<ul class=\"wp-block-list\">\n<li>Incitations \u00e0 l\u2019investissement et accompagnement des entreprises.<\/li>\n\n\n\n<li>Mise en \u0153uvre du Plan de d\u00e9veloppement 2026-2030 avec des projets r\u00e9gionaux.<\/li>\n\n\n\n<li>Appui aux entreprises publiques et promotion de l\u2019industrie nationale.<\/li>\n\n\n\n<li>D\u00e9veloppement du secteur touristique.<\/li>\n\n\n\n<li>Acc\u00e9l\u00e9ration de la transformation num\u00e9rique et promotion de la transition \u00e9nerg\u00e9tique.<\/li>\n<\/ul>\n\n\n\n<h3 class=\"wp-block-heading\" id=\"h-3-reformer-le-systeme-fiscal-et-lutter-contre-l-evasion\">3-R\u00e9former le syst\u00e8me fiscal et lutter contre l\u2019\u00e9vasion<\/h3>\n\n\n\n<ul class=\"wp-block-list\">\n<li>R\u00e9forme de la fiscalit\u00e9 et int\u00e9gration de l\u2019\u00e9conomie parall\u00e8le.<\/li>\n\n\n\n<li>Digitalisation des services fiscaux et g\u00e9n\u00e9ralisation du paiement \u00e9lectronique.<\/li>\n\n\n\n<li>Renforcement des ressources propres de l\u2019\u00c9tat.<\/li>\n<\/ul>\n\n\n\n<p>\u00c0 l\u2019issue des travaux, le conseil a recommand\u00e9 de soumettre la <strong>version finale du projet de loi de finances 2026<\/strong> au Conseil des ministres, avant son transfert pour examen et adoption au <strong>Parlement<\/strong> et au <strong>Conseil national des r\u00e9gions et des districts<\/strong>.<\/p>\n","protected":false},"excerpt":{"rendered":"<p>La cheffe du gouvernement, Sarra Zaafrani Zenzri, a pr\u00e9sid\u00e9 ce mardi 23 septembre 2025, au Palais de la Kasbah, un conseil minist\u00e9riel d\u00e9di\u00e9 \u00e0 l\u2019examen du projet de loi de finances pour l\u2019ann\u00e9e 2026 (dispositions et budget). Dans un communiqu\u00e9 publi\u00e9 sur la page Facebook officielle de la Pr\u00e9sidence du Gouvernement, il est pr\u00e9cis\u00e9 que [&hellip;]<\/p>\n","protected":false},"author":3203,"featured_media":384102,"comment_status":"closed","ping_status":"closed","sticky":false,"template":"","format":"standard","meta":{"footnotes":""},"categories":[44],"tags":[4860,2608],"class_list":["post-384100","post","type-post","status-publish","format-standard","has-post-thumbnail","hentry","category-national","tag-projet-de-loi-de-finances","tag-tunisie"],"yoast_head":"<!-- This site is optimized with the Yoast SEO Premium plugin v27.4 (Yoast SEO v27.5) - https:\/\/yoast.com\/product\/yoast-seo-premium-wordpress\/ -->\n<title>Tunisie: La cheffe du gouvernement pr\u00e9sente les orientations du budget 2026 - webdo<\/title>\n<meta name=\"description\" content=\"La cheffe du gouvernement expose les grandes lignes du budget 2026 pour un d\u00e9veloppement \u00e9quitable et solidaire en Tunisie.\" \/>\n<link rel=\"canonical\" href=\"https:\/\/www.webdo.tn\/fr\/actualite\/national\/tunisie-la-cheffe-du-gouvernement-presente-les-orientations-du-budget-2026\/384100\/\" \/>\n<meta property=\"og:locale\" content=\"fr_FR\" \/>\n<meta property=\"og:type\" content=\"article\" \/>\n<meta property=\"og:title\" content=\"Tunisie: La cheffe du gouvernement pr\u00e9sente les orientations du budget 2026\" \/>\n<meta property=\"og:description\" content=\"La cheffe du gouvernement expose les grandes lignes du budget 2026 pour un d\u00e9veloppement \u00e9quitable et solidaire en Tunisie.\" \/>\n<meta property=\"og:url\" content=\"https:\/\/www.webdo.tn\/fr\/actualite\/national\/tunisie-la-cheffe-du-gouvernement-presente-les-orientations-du-budget-2026\/384100\/\" \/>\n<meta property=\"og:site_name\" content=\"webdo\" \/>\n<meta property=\"article:publisher\" content=\"https:\/\/www.facebook.com\/webdotn\" \/>\n<meta property=\"article:published_time\" content=\"2025-09-23T21:00:14+00:00\" \/>\n<meta property=\"article:modified_time\" content=\"2025-09-24T07:30:05+00:00\" \/>\n<meta property=\"og:image\" content=\"https:\/\/www.webdo.tn\/fr\/wp-content\/uploads\/2025\/09\/Sarra-Zaafrani-Zenzri-projet-de-loi-de-finances-pour-lannee-2026.jpg\" \/>\n\t<meta property=\"og:image:width\" content=\"1200\" \/>\n\t<meta property=\"og:image:height\" content=\"596\" \/>\n\t<meta property=\"og:image:type\" content=\"image\/jpeg\" \/>\n<meta name=\"author\" content=\"Ramzi Haddad\" \/>\n<meta name=\"twitter:card\" content=\"summary_large_image\" \/>\n<meta name=\"twitter:creator\" content=\"@webdo_tn\" \/>\n<meta name=\"twitter:site\" content=\"@webdo_tn\" \/>\n<meta name=\"twitter:label1\" content=\"\u00c9crit par\" \/>\n\t<meta name=\"twitter:data1\" content=\"Ramzi Haddad\" \/>\n\t<meta name=\"twitter:label2\" content=\"Dur\u00e9e de lecture estim\u00e9e\" \/>\n\t<meta name=\"twitter:data2\" content=\"3 minutes\" \/>\n<script type=\"application\/ld+json\" class=\"yoast-schema-graph\">{\"@context\":\"https:\\\/\\\/schema.org\",\"@graph\":[{\"@type\":\"NewsArticle\",\"@id\":\"https:\\\/\\\/www.webdo.tn\\\/fr\\\/actualite\\\/national\\\/tunisie-la-cheffe-du-gouvernement-presente-les-orientations-du-budget-2026\\\/384100\\\/#article\",\"isPartOf\":{\"@id\":\"https:\\\/\\\/www.webdo.tn\\\/fr\\\/actualite\\\/national\\\/tunisie-la-cheffe-du-gouvernement-presente-les-orientations-du-budget-2026\\\/384100\\\/\"},\"author\":{\"name\":\"Ramzi Haddad\",\"@id\":\"https:\\\/\\\/www.webdo.tn\\\/fr\\\/#\\\/schema\\\/person\\\/5663044c25eb36d8f88ba5b653f12f8c\"},\"headline\":\"Tunisie: La cheffe du gouvernement pr\u00e9sente les orientations du budget 2026\",\"datePublished\":\"2025-09-23T21:00:14+00:00\",\"dateModified\":\"2025-09-24T07:30:05+00:00\",\"mainEntityOfPage\":{\"@id\":\"https:\\\/\\\/www.webdo.tn\\\/fr\\\/actualite\\\/national\\\/tunisie-la-cheffe-du-gouvernement-presente-les-orientations-du-budget-2026\\\/384100\\\/\"},\"wordCount\":435,\"publisher\":{\"@id\":\"https:\\\/\\\/www.webdo.tn\\\/fr\\\/#organization\"},\"image\":{\"@id\":\"https:\\\/\\\/www.webdo.tn\\\/fr\\\/actualite\\\/national\\\/tunisie-la-cheffe-du-gouvernement-presente-les-orientations-du-budget-2026\\\/384100\\\/#primaryimage\"},\"thumbnailUrl\":\"https:\\\/\\\/www.webdo.tn\\\/fr\\\/wp-content\\\/uploads\\\/2025\\\/09\\\/Sarra-Zaafrani-Zenzri-projet-de-loi-de-finances-pour-lannee-2026.jpg\",\"keywords\":[\"projet de loi de finances\",\"Tunisie\"],\"articleSection\":[\"National\"],\"inLanguage\":\"fr-FR\"},{\"@type\":\"WebPage\",\"@id\":\"https:\\\/\\\/www.webdo.tn\\\/fr\\\/actualite\\\/national\\\/tunisie-la-cheffe-du-gouvernement-presente-les-orientations-du-budget-2026\\\/384100\\\/\",\"url\":\"https:\\\/\\\/www.webdo.tn\\\/fr\\\/actualite\\\/national\\\/tunisie-la-cheffe-du-gouvernement-presente-les-orientations-du-budget-2026\\\/384100\\\/\",\"name\":\"Tunisie: La cheffe du gouvernement pr\u00e9sente les orientations du budget 2026 - webdo\",\"isPartOf\":{\"@id\":\"https:\\\/\\\/www.webdo.tn\\\/fr\\\/#website\"},\"primaryImageOfPage\":{\"@id\":\"https:\\\/\\\/www.webdo.tn\\\/fr\\\/actualite\\\/national\\\/tunisie-la-cheffe-du-gouvernement-presente-les-orientations-du-budget-2026\\\/384100\\\/#primaryimage\"},\"image\":{\"@id\":\"https:\\\/\\\/www.webdo.tn\\\/fr\\\/actualite\\\/national\\\/tunisie-la-cheffe-du-gouvernement-presente-les-orientations-du-budget-2026\\\/384100\\\/#primaryimage\"},\"thumbnailUrl\":\"https:\\\/\\\/www.webdo.tn\\\/fr\\\/wp-content\\\/uploads\\\/2025\\\/09\\\/Sarra-Zaafrani-Zenzri-projet-de-loi-de-finances-pour-lannee-2026.jpg\",\"datePublished\":\"2025-09-23T21:00:14+00:00\",\"dateModified\":\"2025-09-24T07:30:05+00:00\",\"description\":\"La cheffe du gouvernement expose les grandes lignes du budget 2026 pour un d\u00e9veloppement \u00e9quitable et solidaire en Tunisie.\",\"breadcrumb\":{\"@id\":\"https:\\\/\\\/www.webdo.tn\\\/fr\\\/actualite\\\/national\\\/tunisie-la-cheffe-du-gouvernement-presente-les-orientations-du-budget-2026\\\/384100\\\/#breadcrumb\"},\"inLanguage\":\"fr-FR\",\"potentialAction\":[{\"@type\":\"ReadAction\",\"target\":[\"https:\\\/\\\/www.webdo.tn\\\/fr\\\/actualite\\\/national\\\/tunisie-la-cheffe-du-gouvernement-presente-les-orientations-du-budget-2026\\\/384100\\\/\"]}]},{\"@type\":\"ImageObject\",\"inLanguage\":\"fr-FR\",\"@id\":\"https:\\\/\\\/www.webdo.tn\\\/fr\\\/actualite\\\/national\\\/tunisie-la-cheffe-du-gouvernement-presente-les-orientations-du-budget-2026\\\/384100\\\/#primaryimage\",\"url\":\"https:\\\/\\\/www.webdo.tn\\\/fr\\\/wp-content\\\/uploads\\\/2025\\\/09\\\/Sarra-Zaafrani-Zenzri-projet-de-loi-de-finances-pour-lannee-2026.jpg\",\"contentUrl\":\"https:\\\/\\\/www.webdo.tn\\\/fr\\\/wp-content\\\/uploads\\\/2025\\\/09\\\/Sarra-Zaafrani-Zenzri-projet-de-loi-de-finances-pour-lannee-2026.jpg\",\"width\":1200,\"height\":596,\"caption\":\"La cheffe du gouvernement Sarra Zaafrani Zenzri pr\u00e9sidant le conseil minist\u00e9riel consacr\u00e9 au projet de loi de finances 2026\"},{\"@type\":\"BreadcrumbList\",\"@id\":\"https:\\\/\\\/www.webdo.tn\\\/fr\\\/actualite\\\/national\\\/tunisie-la-cheffe-du-gouvernement-presente-les-orientations-du-budget-2026\\\/384100\\\/#breadcrumb\",\"itemListElement\":[{\"@type\":\"ListItem\",\"position\":1,\"name\":\"Accueil\",\"item\":\"https:\\\/\\\/www.webdo.tn\\\/fr\\\/\"},{\"@type\":\"ListItem\",\"position\":2,\"name\":\"Tunisie: La cheffe du gouvernement pr\u00e9sente les orientations du budget 2026\"}]},{\"@type\":\"WebSite\",\"@id\":\"https:\\\/\\\/www.webdo.tn\\\/fr\\\/#website\",\"url\":\"https:\\\/\\\/www.webdo.tn\\\/fr\\\/\",\"name\":\"webdo\",\"description\":\"Tunisie - News en Tunisie et \u00e0 l&#039;international sur Webdo.tn\",\"publisher\":{\"@id\":\"https:\\\/\\\/www.webdo.tn\\\/fr\\\/#organization\"},\"potentialAction\":[{\"@type\":\"SearchAction\",\"target\":{\"@type\":\"EntryPoint\",\"urlTemplate\":\"https:\\\/\\\/www.webdo.tn\\\/fr\\\/?s={search_term_string}\"},\"query-input\":{\"@type\":\"PropertyValueSpecification\",\"valueRequired\":true,\"valueName\":\"search_term_string\"}}],\"inLanguage\":\"fr-FR\"},{\"@type\":\"Organization\",\"@id\":\"https:\\\/\\\/www.webdo.tn\\\/fr\\\/#organization\",\"name\":\"Webdo\",\"alternateName\":\"Webdo.tn\",\"url\":\"https:\\\/\\\/www.webdo.tn\\\/fr\\\/\",\"logo\":{\"@type\":\"ImageObject\",\"inLanguage\":\"fr-FR\",\"@id\":\"https:\\\/\\\/www.webdo.tn\\\/fr\\\/#\\\/schema\\\/logo\\\/image\\\/\",\"url\":\"https:\\\/\\\/www.webdo.tn\\\/fr\\\/wp-content\\\/uploads\\\/2025\\\/06\\\/Webdo-Tunisie_168377.jpg\",\"contentUrl\":\"https:\\\/\\\/www.webdo.tn\\\/fr\\\/wp-content\\\/uploads\\\/2025\\\/06\\\/Webdo-Tunisie_168377.jpg\",\"width\":301,\"height\":301,\"caption\":\"Webdo\"},\"image\":{\"@id\":\"https:\\\/\\\/www.webdo.tn\\\/fr\\\/#\\\/schema\\\/logo\\\/image\\\/\"},\"sameAs\":[\"https:\\\/\\\/www.facebook.com\\\/webdotn\",\"https:\\\/\\\/x.com\\\/webdo_tn\"],\"description\":\"Webdo est un m\u00e9dia num\u00e9rique tunisien fond\u00e9 en 2010, sp\u00e9cialis\u00e9 dans l\u2019actualit\u00e9 nationale et internationale, l\u2019\u00e9conomie, la soci\u00e9t\u00e9 et les analyses politiques. Le site s\u2019adresse \u00e0 un large public francophone et couvre l\u2019information tunisienne en temps r\u00e9el.\",\"email\":\"redac@webdo.tn\",\"legalName\":\"YNJ SARL\",\"foundingDate\":\"2010-09-06\",\"numberOfEmployees\":{\"@type\":\"QuantitativeValue\",\"minValue\":\"11\",\"maxValue\":\"50\"}},{\"@type\":\"Person\",\"@id\":\"https:\\\/\\\/www.webdo.tn\\\/fr\\\/#\\\/schema\\\/person\\\/5663044c25eb36d8f88ba5b653f12f8c\",\"name\":\"Ramzi Haddad\",\"image\":{\"@type\":\"ImageObject\",\"inLanguage\":\"fr-FR\",\"@id\":\"https:\\\/\\\/www.webdo.tn\\\/fr\\\/wp-content\\\/uploads\\\/2026\\\/04\\\/ramzi-haddad_avatar-96x96.jpg\",\"url\":\"https:\\\/\\\/www.webdo.tn\\\/fr\\\/wp-content\\\/uploads\\\/2026\\\/04\\\/ramzi-haddad_avatar-96x96.jpg\",\"contentUrl\":\"https:\\\/\\\/www.webdo.tn\\\/fr\\\/wp-content\\\/uploads\\\/2026\\\/04\\\/ramzi-haddad_avatar-96x96.jpg\",\"caption\":\"Ramzi Haddad\"},\"description\":\"Signature \u00e9ditoriale de Walid Ben Youssef Ramzi Haddad est le pseudonyme \u00e9ditorial de Walid Ben Youssef, fondateur et g\u00e9rant de Webdo.tn. Cette signature est d\u00e9di\u00e9e \u00e0 la couverture de l'actualit\u00e9 nationale et internationale, ainsi qu'aux analyses des dynamiques num\u00e9riques. Ce profil b\u00e9n\u00e9ficie de l'expertise de Walid Ben Youssef, pionnier du web en Tunisie depuis 2000 et dipl\u00f4m\u00e9 en Math\u00e9matiques pures de l'Universit\u00e9 d'Oregon. \u00c0 travers cette signature, la r\u00e9daction de Webdo garantit une information structur\u00e9e et v\u00e9rifi\u00e9e, fid\u00e8le aux standards journalistiques du m\u00e9dia.\",\"url\":\"https:\\\/\\\/www.webdo.tn\\\/fr\\\/actualite\\\/author\\\/ramzi-haddad\\\/\"}]}<\/script>\n<!-- \/ Yoast SEO Premium plugin. -->","yoast_head_json":{"title":"Tunisie: La cheffe du gouvernement pr\u00e9sente les orientations du budget 2026 - webdo","description":"La cheffe du gouvernement expose les grandes lignes du budget 2026 pour un d\u00e9veloppement \u00e9quitable et solidaire en Tunisie.","canonical":"https:\/\/www.webdo.tn\/fr\/actualite\/national\/tunisie-la-cheffe-du-gouvernement-presente-les-orientations-du-budget-2026\/384100\/","og_locale":"fr_FR","og_type":"article","og_title":"Tunisie: La cheffe du gouvernement pr\u00e9sente les orientations du budget 2026","og_description":"La cheffe du gouvernement expose les grandes lignes du budget 2026 pour un d\u00e9veloppement \u00e9quitable et solidaire en Tunisie.","og_url":"https:\/\/www.webdo.tn\/fr\/actualite\/national\/tunisie-la-cheffe-du-gouvernement-presente-les-orientations-du-budget-2026\/384100\/","og_site_name":"webdo","article_publisher":"https:\/\/www.facebook.com\/webdotn","article_published_time":"2025-09-23T21:00:14+00:00","article_modified_time":"2025-09-24T07:30:05+00:00","og_image":[{"width":1200,"height":596,"url":"https:\/\/www.webdo.tn\/fr\/wp-content\/uploads\/2025\/09\/Sarra-Zaafrani-Zenzri-projet-de-loi-de-finances-pour-lannee-2026.jpg","type":"image\/jpeg"}],"author":"Ramzi Haddad","twitter_card":"summary_large_image","twitter_creator":"@webdo_tn","twitter_site":"@webdo_tn","twitter_misc":{"\u00c9crit par":"Ramzi Haddad","Dur\u00e9e de lecture estim\u00e9e":"3 minutes"},"schema":{"@context":"https:\/\/schema.org","@graph":[{"@type":"NewsArticle","@id":"https:\/\/www.webdo.tn\/fr\/actualite\/national\/tunisie-la-cheffe-du-gouvernement-presente-les-orientations-du-budget-2026\/384100\/#article","isPartOf":{"@id":"https:\/\/www.webdo.tn\/fr\/actualite\/national\/tunisie-la-cheffe-du-gouvernement-presente-les-orientations-du-budget-2026\/384100\/"},"author":{"name":"Ramzi Haddad","@id":"https:\/\/www.webdo.tn\/fr\/#\/schema\/person\/5663044c25eb36d8f88ba5b653f12f8c"},"headline":"Tunisie: La cheffe du gouvernement pr\u00e9sente les orientations du budget 2026","datePublished":"2025-09-23T21:00:14+00:00","dateModified":"2025-09-24T07:30:05+00:00","mainEntityOfPage":{"@id":"https:\/\/www.webdo.tn\/fr\/actualite\/national\/tunisie-la-cheffe-du-gouvernement-presente-les-orientations-du-budget-2026\/384100\/"},"wordCount":435,"publisher":{"@id":"https:\/\/www.webdo.tn\/fr\/#organization"},"image":{"@id":"https:\/\/www.webdo.tn\/fr\/actualite\/national\/tunisie-la-cheffe-du-gouvernement-presente-les-orientations-du-budget-2026\/384100\/#primaryimage"},"thumbnailUrl":"https:\/\/www.webdo.tn\/fr\/wp-content\/uploads\/2025\/09\/Sarra-Zaafrani-Zenzri-projet-de-loi-de-finances-pour-lannee-2026.jpg","keywords":["projet de loi de finances","Tunisie"],"articleSection":["National"],"inLanguage":"fr-FR"},{"@type":"WebPage","@id":"https:\/\/www.webdo.tn\/fr\/actualite\/national\/tunisie-la-cheffe-du-gouvernement-presente-les-orientations-du-budget-2026\/384100\/","url":"https:\/\/www.webdo.tn\/fr\/actualite\/national\/tunisie-la-cheffe-du-gouvernement-presente-les-orientations-du-budget-2026\/384100\/","name":"Tunisie: La cheffe du gouvernement pr\u00e9sente les orientations du budget 2026 - webdo","isPartOf":{"@id":"https:\/\/www.webdo.tn\/fr\/#website"},"primaryImageOfPage":{"@id":"https:\/\/www.webdo.tn\/fr\/actualite\/national\/tunisie-la-cheffe-du-gouvernement-presente-les-orientations-du-budget-2026\/384100\/#primaryimage"},"image":{"@id":"https:\/\/www.webdo.tn\/fr\/actualite\/national\/tunisie-la-cheffe-du-gouvernement-presente-les-orientations-du-budget-2026\/384100\/#primaryimage"},"thumbnailUrl":"https:\/\/www.webdo.tn\/fr\/wp-content\/uploads\/2025\/09\/Sarra-Zaafrani-Zenzri-projet-de-loi-de-finances-pour-lannee-2026.jpg","datePublished":"2025-09-23T21:00:14+00:00","dateModified":"2025-09-24T07:30:05+00:00","description":"La cheffe du gouvernement expose les grandes lignes du budget 2026 pour un d\u00e9veloppement \u00e9quitable et solidaire en Tunisie.","breadcrumb":{"@id":"https:\/\/www.webdo.tn\/fr\/actualite\/national\/tunisie-la-cheffe-du-gouvernement-presente-les-orientations-du-budget-2026\/384100\/#breadcrumb"},"inLanguage":"fr-FR","potentialAction":[{"@type":"ReadAction","target":["https:\/\/www.webdo.tn\/fr\/actualite\/national\/tunisie-la-cheffe-du-gouvernement-presente-les-orientations-du-budget-2026\/384100\/"]}]},{"@type":"ImageObject","inLanguage":"fr-FR","@id":"https:\/\/www.webdo.tn\/fr\/actualite\/national\/tunisie-la-cheffe-du-gouvernement-presente-les-orientations-du-budget-2026\/384100\/#primaryimage","url":"https:\/\/www.webdo.tn\/fr\/wp-content\/uploads\/2025\/09\/Sarra-Zaafrani-Zenzri-projet-de-loi-de-finances-pour-lannee-2026.jpg","contentUrl":"https:\/\/www.webdo.tn\/fr\/wp-content\/uploads\/2025\/09\/Sarra-Zaafrani-Zenzri-projet-de-loi-de-finances-pour-lannee-2026.jpg","width":1200,"height":596,"caption":"La cheffe du gouvernement Sarra Zaafrani Zenzri pr\u00e9sidant le conseil minist\u00e9riel consacr\u00e9 au projet de loi de finances 2026"},{"@type":"BreadcrumbList","@id":"https:\/\/www.webdo.tn\/fr\/actualite\/national\/tunisie-la-cheffe-du-gouvernement-presente-les-orientations-du-budget-2026\/384100\/#breadcrumb","itemListElement":[{"@type":"ListItem","position":1,"name":"Accueil","item":"https:\/\/www.webdo.tn\/fr\/"},{"@type":"ListItem","position":2,"name":"Tunisie: La cheffe du gouvernement pr\u00e9sente les orientations du budget 2026"}]},{"@type":"WebSite","@id":"https:\/\/www.webdo.tn\/fr\/#website","url":"https:\/\/www.webdo.tn\/fr\/","name":"webdo","description":"Tunisie - News en Tunisie et \u00e0 l&#039;international sur Webdo.tn","publisher":{"@id":"https:\/\/www.webdo.tn\/fr\/#organization"},"potentialAction":[{"@type":"SearchAction","target":{"@type":"EntryPoint","urlTemplate":"https:\/\/www.webdo.tn\/fr\/?s={search_term_string}"},"query-input":{"@type":"PropertyValueSpecification","valueRequired":true,"valueName":"search_term_string"}}],"inLanguage":"fr-FR"},{"@type":"Organization","@id":"https:\/\/www.webdo.tn\/fr\/#organization","name":"Webdo","alternateName":"Webdo.tn","url":"https:\/\/www.webdo.tn\/fr\/","logo":{"@type":"ImageObject","inLanguage":"fr-FR","@id":"https:\/\/www.webdo.tn\/fr\/#\/schema\/logo\/image\/","url":"https:\/\/www.webdo.tn\/fr\/wp-content\/uploads\/2025\/06\/Webdo-Tunisie_168377.jpg","contentUrl":"https:\/\/www.webdo.tn\/fr\/wp-content\/uploads\/2025\/06\/Webdo-Tunisie_168377.jpg","width":301,"height":301,"caption":"Webdo"},"image":{"@id":"https:\/\/www.webdo.tn\/fr\/#\/schema\/logo\/image\/"},"sameAs":["https:\/\/www.facebook.com\/webdotn","https:\/\/x.com\/webdo_tn"],"description":"Webdo est un m\u00e9dia num\u00e9rique tunisien fond\u00e9 en 2010, sp\u00e9cialis\u00e9 dans l\u2019actualit\u00e9 nationale et internationale, l\u2019\u00e9conomie, la soci\u00e9t\u00e9 et les analyses politiques. Le site s\u2019adresse \u00e0 un large public francophone et couvre l\u2019information tunisienne en temps r\u00e9el.","email":"redac@webdo.tn","legalName":"YNJ SARL","foundingDate":"2010-09-06","numberOfEmployees":{"@type":"QuantitativeValue","minValue":"11","maxValue":"50"}},{"@type":"Person","@id":"https:\/\/www.webdo.tn\/fr\/#\/schema\/person\/5663044c25eb36d8f88ba5b653f12f8c","name":"Ramzi Haddad","image":{"@type":"ImageObject","inLanguage":"fr-FR","@id":"https:\/\/www.webdo.tn\/fr\/wp-content\/uploads\/2026\/04\/ramzi-haddad_avatar-96x96.jpg","url":"https:\/\/www.webdo.tn\/fr\/wp-content\/uploads\/2026\/04\/ramzi-haddad_avatar-96x96.jpg","contentUrl":"https:\/\/www.webdo.tn\/fr\/wp-content\/uploads\/2026\/04\/ramzi-haddad_avatar-96x96.jpg","caption":"Ramzi Haddad"},"description":"Signature \u00e9ditoriale de Walid Ben Youssef Ramzi Haddad est le pseudonyme \u00e9ditorial de Walid Ben Youssef, fondateur et g\u00e9rant de Webdo.tn. Cette signature est d\u00e9di\u00e9e \u00e0 la couverture de l'actualit\u00e9 nationale et internationale, ainsi qu'aux analyses des dynamiques num\u00e9riques. Ce profil b\u00e9n\u00e9ficie de l'expertise de Walid Ben Youssef, pionnier du web en Tunisie depuis 2000 et dipl\u00f4m\u00e9 en Math\u00e9matiques pures de l'Universit\u00e9 d'Oregon. \u00c0 travers cette signature, la r\u00e9daction de Webdo garantit une information structur\u00e9e et v\u00e9rifi\u00e9e, fid\u00e8le aux standards journalistiques du m\u00e9dia.","url":"https:\/\/www.webdo.tn\/fr\/actualite\/author\/ramzi-haddad\/"}]}},"_links":{"self":[{"href":"https:\/\/www.webdo.tn\/fr\/wp-json\/wp\/v2\/posts\/384100","targetHints":{"allow":["GET"]}}],"collection":[{"href":"https:\/\/www.webdo.tn\/fr\/wp-json\/wp\/v2\/posts"}],"about":[{"href":"https:\/\/www.webdo.tn\/fr\/wp-json\/wp\/v2\/types\/post"}],"author":[{"embeddable":true,"href":"https:\/\/www.webdo.tn\/fr\/wp-json\/wp\/v2\/users\/3203"}],"replies":[{"embeddable":true,"href":"https:\/\/www.webdo.tn\/fr\/wp-json\/wp\/v2\/comments?post=384100"}],"version-history":[{"count":0,"href":"https:\/\/www.webdo.tn\/fr\/wp-json\/wp\/v2\/posts\/384100\/revisions"}],"wp:featuredmedia":[{"embeddable":true,"href":"https:\/\/www.webdo.tn\/fr\/wp-json\/wp\/v2\/media\/384102"}],"wp:attachment":[{"href":"https:\/\/www.webdo.tn\/fr\/wp-json\/wp\/v2\/media?parent=384100"}],"wp:term":[{"taxonomy":"category","embeddable":true,"href":"https:\/\/www.webdo.tn\/fr\/wp-json\/wp\/v2\/categories?post=384100"},{"taxonomy":"post_tag","embeddable":true,"href":"https:\/\/www.webdo.tn\/fr\/wp-json\/wp\/v2\/tags?post=384100"}],"curies":[{"name":"wp","href":"https:\/\/api.w.org\/{rel}","templated":true}]}}