{"id":384062,"date":"2025-09-23T12:02:53","date_gmt":"2025-09-23T11:02:53","guid":{"rendered":"https:\/\/www.webdo.tn\/fr\/?p=384062"},"modified":"2025-09-23T12:02:53","modified_gmt":"2025-09-23T11:02:53","slug":"intemperies-a-kasserine-les-cours-suspendus","status":"publish","type":"post","link":"https:\/\/www.webdo.tn\/fr\/actualite\/regions\/intemperies-a-kasserine-les-cours-suspendus\/384062\/","title":{"rendered":"Intemp\u00e9ries \u00e0 Kasserine : Les cours suspendus"},"content":{"rendered":"\n<p>La Commission r\u00e9gionale de lutte contre les catastrophes de Kasserine a annonc\u00e9 la suspension des cours dans toutes les institutions \u00e9ducatives \u00e0 partir de midi ce mardi 23 septembre 2025. Cette mesure pr\u00e9ventive fait suite aux pr\u00e9visions de fortes pluies attendues dans la r\u00e9gion cet apr\u00e8s-midi. Les autorit\u00e9s appellent \u00e0 la vigilance et \u00e0 la prudence.<\/p>\n\n\n\n<p>Selon les pr\u00e9visions m\u00e9t\u00e9orologiques, Kasserine sera touch\u00e9e par d\u2019intenses pr\u00e9cipitations cet apr\u00e8s-midi. La suspension des cours vise \u00e0 prot\u00e9ger les \u00e9l\u00e8ves et le personnel \u00e9ducatif contre les risques li\u00e9s aux intemp\u00e9ries, notamment les inondations locales.<\/p>\n\n\n\n<p>Les autorit\u00e9s locales recommandent aux habitants de limiter leurs d\u00e9placements et de prendre toutes les pr\u00e9cautions n\u00e9cessaires face aux conditions m\u00e9t\u00e9orologiques annonc\u00e9es.<\/p>\n\n\n\n<p><\/p>\n\n\n\n<ul class=\"wp-block-list\">\n<li>Lire aussi : M\u00e9t\u00e9o : <a href=\"https:\/\/www.webdo.tn\/fr\/actualite\/national\/meteo-pluies-orageuses-attendues-cet-apres-midi-sur-la-tunisie\/384049\/\">Pluies orageuses attendues cet apr\u00e8s-midi sur la Tunisie<\/a><\/li>\n<\/ul>\n","protected":false},"excerpt":{"rendered":"<p>La Commission r\u00e9gionale de lutte contre les catastrophes de Kasserine a annonc\u00e9 la suspension des cours dans toutes les institutions \u00e9ducatives \u00e0 partir de midi ce mardi 23 septembre 2025. Cette mesure pr\u00e9ventive fait suite aux pr\u00e9visions de fortes pluies attendues dans la r\u00e9gion cet apr\u00e8s-midi. Les autorit\u00e9s appellent \u00e0 la vigilance et \u00e0 la [&hellip;]<\/p>\n","protected":false},"author":3191,"featured_media":384063,"comment_status":"closed","ping_status":"closed","sticky":false,"template":"","format":"standard","meta":{"footnotes":""},"categories":[2595],"tags":[3164,2712,2744,2670,2608],"class_list":["post-384062","post","type-post","status-publish","format-standard","has-post-thumbnail","hentry","category-regions","tag-inondations","tag-intemperies","tag-kasserine","tag-meteo","tag-tunisie"],"yoast_head":"<!-- This site is optimized with the Yoast SEO Premium plugin v27.5 (Yoast SEO v27.5) - https:\/\/yoast.com\/product\/yoast-seo-premium-wordpress\/ -->\n<title>Intemp\u00e9ries \u00e0 Kasserine : Les cours suspendus - webdo<\/title>\n<meta name=\"description\" content=\"Intemp\u00e9ries \u00e0 Kasserine : toute la communaut\u00e9 doit \u00eatre attentive \u00e0 la suspension des cours pour cause de pr\u00e9visions m\u00e9t\u00e9orologiques s\u00e9v\u00e8res.\" \/>\n<link rel=\"canonical\" href=\"https:\/\/www.webdo.tn\/fr\/actualite\/regions\/intemperies-a-kasserine-les-cours-suspendus\/384062\/\" \/>\n<meta property=\"og:locale\" content=\"fr_FR\" \/>\n<meta property=\"og:type\" content=\"article\" \/>\n<meta property=\"og:title\" content=\"Intemp\u00e9ries \u00e0 Kasserine : Les cours suspendus\" \/>\n<meta property=\"og:description\" content=\"Intemp\u00e9ries \u00e0 Kasserine : toute la communaut\u00e9 doit \u00eatre attentive \u00e0 la suspension des cours pour cause de pr\u00e9visions m\u00e9t\u00e9orologiques s\u00e9v\u00e8res.\" \/>\n<meta property=\"og:url\" content=\"https:\/\/www.webdo.tn\/fr\/actualite\/regions\/intemperies-a-kasserine-les-cours-suspendus\/384062\/\" \/>\n<meta property=\"og:site_name\" content=\"webdo\" \/>\n<meta property=\"article:publisher\" content=\"https:\/\/www.facebook.com\/webdotn\" \/>\n<meta property=\"article:published_time\" content=\"2025-09-23T11:02:53+00:00\" \/>\n<meta property=\"og:image\" content=\"https:\/\/www.webdo.tn\/fr\/wp-content\/uploads\/2025\/09\/intemperies-oued.jpg\" \/>\n\t<meta property=\"og:image:width\" content=\"1200\" \/>\n\t<meta property=\"og:image:height\" content=\"601\" \/>\n\t<meta property=\"og:image:type\" content=\"image\/jpeg\" \/>\n<meta name=\"author\" content=\"Mohamed Hedi Touati\" \/>\n<meta name=\"twitter:card\" content=\"summary_large_image\" \/>\n<meta name=\"twitter:creator\" content=\"@webdo_tn\" \/>\n<meta name=\"twitter:site\" content=\"@webdo_tn\" \/>\n<meta name=\"twitter:label1\" content=\"\u00c9crit par\" \/>\n\t<meta name=\"twitter:data1\" content=\"Mohamed Hedi Touati\" \/>\n\t<meta name=\"twitter:label2\" content=\"Dur\u00e9e de lecture estim\u00e9e\" \/>\n\t<meta name=\"twitter:data2\" content=\"1 minute\" \/>\n<script type=\"application\/ld+json\" class=\"yoast-schema-graph\">{\"@context\":\"https:\\\/\\\/schema.org\",\"@graph\":[{\"@type\":\"NewsArticle\",\"@id\":\"https:\\\/\\\/www.webdo.tn\\\/fr\\\/actualite\\\/regions\\\/intemperies-a-kasserine-les-cours-suspendus\\\/384062\\\/#article\",\"isPartOf\":{\"@id\":\"https:\\\/\\\/www.webdo.tn\\\/fr\\\/actualite\\\/regions\\\/intemperies-a-kasserine-les-cours-suspendus\\\/384062\\\/\"},\"author\":{\"name\":\"Mohamed Hedi Touati\",\"@id\":\"https:\\\/\\\/www.webdo.tn\\\/fr\\\/#\\\/schema\\\/person\\\/c652cd8fc2b1b44412b5ffb48c5a911d\"},\"headline\":\"Intemp\u00e9ries \u00e0 Kasserine : Les cours suspendus\",\"datePublished\":\"2025-09-23T11:02:53+00:00\",\"mainEntityOfPage\":{\"@id\":\"https:\\\/\\\/www.webdo.tn\\\/fr\\\/actualite\\\/regions\\\/intemperies-a-kasserine-les-cours-suspendus\\\/384062\\\/\"},\"wordCount\":151,\"publisher\":{\"@id\":\"https:\\\/\\\/www.webdo.tn\\\/fr\\\/#organization\"},\"image\":{\"@id\":\"https:\\\/\\\/www.webdo.tn\\\/fr\\\/actualite\\\/regions\\\/intemperies-a-kasserine-les-cours-suspendus\\\/384062\\\/#primaryimage\"},\"thumbnailUrl\":\"https:\\\/\\\/www.webdo.tn\\\/fr\\\/wp-content\\\/uploads\\\/2025\\\/09\\\/intemperies-oued.jpg\",\"keywords\":[\"Inondations\",\"Intemp\u00e9ries\",\"Kasserine\",\"m\u00e9t\u00e9o\",\"Tunisie\"],\"articleSection\":[\"regions\"],\"inLanguage\":\"fr-FR\"},{\"@type\":\"WebPage\",\"@id\":\"https:\\\/\\\/www.webdo.tn\\\/fr\\\/actualite\\\/regions\\\/intemperies-a-kasserine-les-cours-suspendus\\\/384062\\\/\",\"url\":\"https:\\\/\\\/www.webdo.tn\\\/fr\\\/actualite\\\/regions\\\/intemperies-a-kasserine-les-cours-suspendus\\\/384062\\\/\",\"name\":\"Intemp\u00e9ries \u00e0 Kasserine : Les cours suspendus - webdo\",\"isPartOf\":{\"@id\":\"https:\\\/\\\/www.webdo.tn\\\/fr\\\/#website\"},\"primaryImageOfPage\":{\"@id\":\"https:\\\/\\\/www.webdo.tn\\\/fr\\\/actualite\\\/regions\\\/intemperies-a-kasserine-les-cours-suspendus\\\/384062\\\/#primaryimage\"},\"image\":{\"@id\":\"https:\\\/\\\/www.webdo.tn\\\/fr\\\/actualite\\\/regions\\\/intemperies-a-kasserine-les-cours-suspendus\\\/384062\\\/#primaryimage\"},\"thumbnailUrl\":\"https:\\\/\\\/www.webdo.tn\\\/fr\\\/wp-content\\\/uploads\\\/2025\\\/09\\\/intemperies-oued.jpg\",\"datePublished\":\"2025-09-23T11:02:53+00:00\",\"description\":\"Intemp\u00e9ries \u00e0 Kasserine : toute la communaut\u00e9 doit \u00eatre attentive \u00e0 la suspension des cours pour cause de pr\u00e9visions m\u00e9t\u00e9orologiques s\u00e9v\u00e8res.\",\"breadcrumb\":{\"@id\":\"https:\\\/\\\/www.webdo.tn\\\/fr\\\/actualite\\\/regions\\\/intemperies-a-kasserine-les-cours-suspendus\\\/384062\\\/#breadcrumb\"},\"inLanguage\":\"fr-FR\",\"potentialAction\":[{\"@type\":\"ReadAction\",\"target\":[\"https:\\\/\\\/www.webdo.tn\\\/fr\\\/actualite\\\/regions\\\/intemperies-a-kasserine-les-cours-suspendus\\\/384062\\\/\"]}]},{\"@type\":\"ImageObject\",\"inLanguage\":\"fr-FR\",\"@id\":\"https:\\\/\\\/www.webdo.tn\\\/fr\\\/actualite\\\/regions\\\/intemperies-a-kasserine-les-cours-suspendus\\\/384062\\\/#primaryimage\",\"url\":\"https:\\\/\\\/www.webdo.tn\\\/fr\\\/wp-content\\\/uploads\\\/2025\\\/09\\\/intemperies-oued.jpg\",\"contentUrl\":\"https:\\\/\\\/www.webdo.tn\\\/fr\\\/wp-content\\\/uploads\\\/2025\\\/09\\\/intemperies-oued.jpg\",\"width\":1200,\"height\":601,\"caption\":\"Jendouba sous les eaux : Crues d\u2019oueds, routes coup\u00e9es et d\u00e9placements fortement perturb\u00e9s\"},{\"@type\":\"BreadcrumbList\",\"@id\":\"https:\\\/\\\/www.webdo.tn\\\/fr\\\/actualite\\\/regions\\\/intemperies-a-kasserine-les-cours-suspendus\\\/384062\\\/#breadcrumb\",\"itemListElement\":[{\"@type\":\"ListItem\",\"position\":1,\"name\":\"Accueil\",\"item\":\"https:\\\/\\\/www.webdo.tn\\\/fr\\\/\"},{\"@type\":\"ListItem\",\"position\":2,\"name\":\"Intemp\u00e9ries \u00e0 Kasserine : Les cours suspendus\"}]},{\"@type\":\"WebSite\",\"@id\":\"https:\\\/\\\/www.webdo.tn\\\/fr\\\/#website\",\"url\":\"https:\\\/\\\/www.webdo.tn\\\/fr\\\/\",\"name\":\"webdo\",\"description\":\"Tunisie - News en Tunisie et \u00e0 l&#039;international sur Webdo.tn\",\"publisher\":{\"@id\":\"https:\\\/\\\/www.webdo.tn\\\/fr\\\/#organization\"},\"potentialAction\":[{\"@type\":\"SearchAction\",\"target\":{\"@type\":\"EntryPoint\",\"urlTemplate\":\"https:\\\/\\\/www.webdo.tn\\\/fr\\\/?s={search_term_string}\"},\"query-input\":{\"@type\":\"PropertyValueSpecification\",\"valueRequired\":true,\"valueName\":\"search_term_string\"}}],\"inLanguage\":\"fr-FR\"},{\"@type\":\"Organization\",\"@id\":\"https:\\\/\\\/www.webdo.tn\\\/fr\\\/#organization\",\"name\":\"Webdo\",\"alternateName\":\"Webdo.tn\",\"url\":\"https:\\\/\\\/www.webdo.tn\\\/fr\\\/\",\"logo\":{\"@type\":\"ImageObject\",\"inLanguage\":\"fr-FR\",\"@id\":\"https:\\\/\\\/www.webdo.tn\\\/fr\\\/#\\\/schema\\\/logo\\\/image\\\/\",\"url\":\"https:\\\/\\\/www.webdo.tn\\\/fr\\\/wp-content\\\/uploads\\\/2025\\\/06\\\/Webdo-Tunisie_168377.jpg\",\"contentUrl\":\"https:\\\/\\\/www.webdo.tn\\\/fr\\\/wp-content\\\/uploads\\\/2025\\\/06\\\/Webdo-Tunisie_168377.jpg\",\"width\":301,\"height\":301,\"caption\":\"Webdo\"},\"image\":{\"@id\":\"https:\\\/\\\/www.webdo.tn\\\/fr\\\/#\\\/schema\\\/logo\\\/image\\\/\"},\"sameAs\":[\"https:\\\/\\\/www.facebook.com\\\/webdotn\",\"https:\\\/\\\/x.com\\\/webdo_tn\"],\"description\":\"Webdo est un m\u00e9dia num\u00e9rique tunisien fond\u00e9 en 2010, sp\u00e9cialis\u00e9 dans l\u2019actualit\u00e9 nationale et internationale, l\u2019\u00e9conomie, la soci\u00e9t\u00e9 et les analyses politiques. Le site s\u2019adresse \u00e0 un large public francophone et couvre l\u2019information tunisienne en temps r\u00e9el.\",\"email\":\"redac@webdo.tn\",\"legalName\":\"YNJ SARL\",\"foundingDate\":\"2010-09-06\",\"numberOfEmployees\":{\"@type\":\"QuantitativeValue\",\"minValue\":\"11\",\"maxValue\":\"50\"}},{\"@type\":\"Person\",\"@id\":\"https:\\\/\\\/www.webdo.tn\\\/fr\\\/#\\\/schema\\\/person\\\/c652cd8fc2b1b44412b5ffb48c5a911d\",\"name\":\"Mohamed Hedi Touati\",\"image\":{\"@type\":\"ImageObject\",\"inLanguage\":\"fr-FR\",\"@id\":\"https:\\\/\\\/secure.gravatar.com\\\/avatar\\\/9cfd402c745b7a685f13eed0ea6e59d2144a3c2fc50a3db6fd5ed451f6cddf1a?s=96&d=mm&r=g\",\"url\":\"https:\\\/\\\/secure.gravatar.com\\\/avatar\\\/9cfd402c745b7a685f13eed0ea6e59d2144a3c2fc50a3db6fd5ed451f6cddf1a?s=96&d=mm&r=g\",\"contentUrl\":\"https:\\\/\\\/secure.gravatar.com\\\/avatar\\\/9cfd402c745b7a685f13eed0ea6e59d2144a3c2fc50a3db6fd5ed451f6cddf1a?s=96&d=mm&r=g\",\"caption\":\"Mohamed Hedi Touati\"},\"url\":\"https:\\\/\\\/www.webdo.tn\\\/fr\\\/actualite\\\/author\\\/mohamed-hedi-touati\\\/\"}]}<\/script>\n<!-- \/ Yoast SEO Premium plugin. -->","yoast_head_json":{"title":"Intemp\u00e9ries \u00e0 Kasserine : Les cours suspendus - webdo","description":"Intemp\u00e9ries \u00e0 Kasserine : toute la communaut\u00e9 doit \u00eatre attentive \u00e0 la suspension des cours pour cause de pr\u00e9visions m\u00e9t\u00e9orologiques s\u00e9v\u00e8res.","canonical":"https:\/\/www.webdo.tn\/fr\/actualite\/regions\/intemperies-a-kasserine-les-cours-suspendus\/384062\/","og_locale":"fr_FR","og_type":"article","og_title":"Intemp\u00e9ries \u00e0 Kasserine : Les cours suspendus","og_description":"Intemp\u00e9ries \u00e0 Kasserine : toute la communaut\u00e9 doit \u00eatre attentive \u00e0 la suspension des cours pour cause de pr\u00e9visions m\u00e9t\u00e9orologiques s\u00e9v\u00e8res.","og_url":"https:\/\/www.webdo.tn\/fr\/actualite\/regions\/intemperies-a-kasserine-les-cours-suspendus\/384062\/","og_site_name":"webdo","article_publisher":"https:\/\/www.facebook.com\/webdotn","article_published_time":"2025-09-23T11:02:53+00:00","og_image":[{"width":1200,"height":601,"url":"https:\/\/www.webdo.tn\/fr\/wp-content\/uploads\/2025\/09\/intemperies-oued.jpg","type":"image\/jpeg"}],"author":"Mohamed Hedi Touati","twitter_card":"summary_large_image","twitter_creator":"@webdo_tn","twitter_site":"@webdo_tn","twitter_misc":{"\u00c9crit par":"Mohamed Hedi Touati","Dur\u00e9e de lecture estim\u00e9e":"1 minute"},"schema":{"@context":"https:\/\/schema.org","@graph":[{"@type":"NewsArticle","@id":"https:\/\/www.webdo.tn\/fr\/actualite\/regions\/intemperies-a-kasserine-les-cours-suspendus\/384062\/#article","isPartOf":{"@id":"https:\/\/www.webdo.tn\/fr\/actualite\/regions\/intemperies-a-kasserine-les-cours-suspendus\/384062\/"},"author":{"name":"Mohamed Hedi Touati","@id":"https:\/\/www.webdo.tn\/fr\/#\/schema\/person\/c652cd8fc2b1b44412b5ffb48c5a911d"},"headline":"Intemp\u00e9ries \u00e0 Kasserine : Les cours suspendus","datePublished":"2025-09-23T11:02:53+00:00","mainEntityOfPage":{"@id":"https:\/\/www.webdo.tn\/fr\/actualite\/regions\/intemperies-a-kasserine-les-cours-suspendus\/384062\/"},"wordCount":151,"publisher":{"@id":"https:\/\/www.webdo.tn\/fr\/#organization"},"image":{"@id":"https:\/\/www.webdo.tn\/fr\/actualite\/regions\/intemperies-a-kasserine-les-cours-suspendus\/384062\/#primaryimage"},"thumbnailUrl":"https:\/\/www.webdo.tn\/fr\/wp-content\/uploads\/2025\/09\/intemperies-oued.jpg","keywords":["Inondations","Intemp\u00e9ries","Kasserine","m\u00e9t\u00e9o","Tunisie"],"articleSection":["regions"],"inLanguage":"fr-FR"},{"@type":"WebPage","@id":"https:\/\/www.webdo.tn\/fr\/actualite\/regions\/intemperies-a-kasserine-les-cours-suspendus\/384062\/","url":"https:\/\/www.webdo.tn\/fr\/actualite\/regions\/intemperies-a-kasserine-les-cours-suspendus\/384062\/","name":"Intemp\u00e9ries \u00e0 Kasserine : Les cours suspendus - webdo","isPartOf":{"@id":"https:\/\/www.webdo.tn\/fr\/#website"},"primaryImageOfPage":{"@id":"https:\/\/www.webdo.tn\/fr\/actualite\/regions\/intemperies-a-kasserine-les-cours-suspendus\/384062\/#primaryimage"},"image":{"@id":"https:\/\/www.webdo.tn\/fr\/actualite\/regions\/intemperies-a-kasserine-les-cours-suspendus\/384062\/#primaryimage"},"thumbnailUrl":"https:\/\/www.webdo.tn\/fr\/wp-content\/uploads\/2025\/09\/intemperies-oued.jpg","datePublished":"2025-09-23T11:02:53+00:00","description":"Intemp\u00e9ries \u00e0 Kasserine : toute la communaut\u00e9 doit \u00eatre attentive \u00e0 la suspension des cours pour cause de pr\u00e9visions m\u00e9t\u00e9orologiques s\u00e9v\u00e8res.","breadcrumb":{"@id":"https:\/\/www.webdo.tn\/fr\/actualite\/regions\/intemperies-a-kasserine-les-cours-suspendus\/384062\/#breadcrumb"},"inLanguage":"fr-FR","potentialAction":[{"@type":"ReadAction","target":["https:\/\/www.webdo.tn\/fr\/actualite\/regions\/intemperies-a-kasserine-les-cours-suspendus\/384062\/"]}]},{"@type":"ImageObject","inLanguage":"fr-FR","@id":"https:\/\/www.webdo.tn\/fr\/actualite\/regions\/intemperies-a-kasserine-les-cours-suspendus\/384062\/#primaryimage","url":"https:\/\/www.webdo.tn\/fr\/wp-content\/uploads\/2025\/09\/intemperies-oued.jpg","contentUrl":"https:\/\/www.webdo.tn\/fr\/wp-content\/uploads\/2025\/09\/intemperies-oued.jpg","width":1200,"height":601,"caption":"Jendouba sous les eaux : Crues d\u2019oueds, routes coup\u00e9es et d\u00e9placements fortement perturb\u00e9s"},{"@type":"BreadcrumbList","@id":"https:\/\/www.webdo.tn\/fr\/actualite\/regions\/intemperies-a-kasserine-les-cours-suspendus\/384062\/#breadcrumb","itemListElement":[{"@type":"ListItem","position":1,"name":"Accueil","item":"https:\/\/www.webdo.tn\/fr\/"},{"@type":"ListItem","position":2,"name":"Intemp\u00e9ries \u00e0 Kasserine : Les cours suspendus"}]},{"@type":"WebSite","@id":"https:\/\/www.webdo.tn\/fr\/#website","url":"https:\/\/www.webdo.tn\/fr\/","name":"webdo","description":"Tunisie - News en Tunisie et \u00e0 l&#039;international sur Webdo.tn","publisher":{"@id":"https:\/\/www.webdo.tn\/fr\/#organization"},"potentialAction":[{"@type":"SearchAction","target":{"@type":"EntryPoint","urlTemplate":"https:\/\/www.webdo.tn\/fr\/?s={search_term_string}"},"query-input":{"@type":"PropertyValueSpecification","valueRequired":true,"valueName":"search_term_string"}}],"inLanguage":"fr-FR"},{"@type":"Organization","@id":"https:\/\/www.webdo.tn\/fr\/#organization","name":"Webdo","alternateName":"Webdo.tn","url":"https:\/\/www.webdo.tn\/fr\/","logo":{"@type":"ImageObject","inLanguage":"fr-FR","@id":"https:\/\/www.webdo.tn\/fr\/#\/schema\/logo\/image\/","url":"https:\/\/www.webdo.tn\/fr\/wp-content\/uploads\/2025\/06\/Webdo-Tunisie_168377.jpg","contentUrl":"https:\/\/www.webdo.tn\/fr\/wp-content\/uploads\/2025\/06\/Webdo-Tunisie_168377.jpg","width":301,"height":301,"caption":"Webdo"},"image":{"@id":"https:\/\/www.webdo.tn\/fr\/#\/schema\/logo\/image\/"},"sameAs":["https:\/\/www.facebook.com\/webdotn","https:\/\/x.com\/webdo_tn"],"description":"Webdo est un m\u00e9dia num\u00e9rique tunisien fond\u00e9 en 2010, sp\u00e9cialis\u00e9 dans l\u2019actualit\u00e9 nationale et internationale, l\u2019\u00e9conomie, la soci\u00e9t\u00e9 et les analyses politiques. Le site s\u2019adresse \u00e0 un large public francophone et couvre l\u2019information tunisienne en temps r\u00e9el.","email":"redac@webdo.tn","legalName":"YNJ SARL","foundingDate":"2010-09-06","numberOfEmployees":{"@type":"QuantitativeValue","minValue":"11","maxValue":"50"}},{"@type":"Person","@id":"https:\/\/www.webdo.tn\/fr\/#\/schema\/person\/c652cd8fc2b1b44412b5ffb48c5a911d","name":"Mohamed Hedi Touati","image":{"@type":"ImageObject","inLanguage":"fr-FR","@id":"https:\/\/secure.gravatar.com\/avatar\/9cfd402c745b7a685f13eed0ea6e59d2144a3c2fc50a3db6fd5ed451f6cddf1a?s=96&d=mm&r=g","url":"https:\/\/secure.gravatar.com\/avatar\/9cfd402c745b7a685f13eed0ea6e59d2144a3c2fc50a3db6fd5ed451f6cddf1a?s=96&d=mm&r=g","contentUrl":"https:\/\/secure.gravatar.com\/avatar\/9cfd402c745b7a685f13eed0ea6e59d2144a3c2fc50a3db6fd5ed451f6cddf1a?s=96&d=mm&r=g","caption":"Mohamed Hedi Touati"},"url":"https:\/\/www.webdo.tn\/fr\/actualite\/author\/mohamed-hedi-touati\/"}]}},"_links":{"self":[{"href":"https:\/\/www.webdo.tn\/fr\/wp-json\/wp\/v2\/posts\/384062","targetHints":{"allow":["GET"]}}],"collection":[{"href":"https:\/\/www.webdo.tn\/fr\/wp-json\/wp\/v2\/posts"}],"about":[{"href":"https:\/\/www.webdo.tn\/fr\/wp-json\/wp\/v2\/types\/post"}],"author":[{"embeddable":true,"href":"https:\/\/www.webdo.tn\/fr\/wp-json\/wp\/v2\/users\/3191"}],"replies":[{"embeddable":true,"href":"https:\/\/www.webdo.tn\/fr\/wp-json\/wp\/v2\/comments?post=384062"}],"version-history":[{"count":0,"href":"https:\/\/www.webdo.tn\/fr\/wp-json\/wp\/v2\/posts\/384062\/revisions"}],"wp:featuredmedia":[{"embeddable":true,"href":"https:\/\/www.webdo.tn\/fr\/wp-json\/wp\/v2\/media\/384063"}],"wp:attachment":[{"href":"https:\/\/www.webdo.tn\/fr\/wp-json\/wp\/v2\/media?parent=384062"}],"wp:term":[{"taxonomy":"category","embeddable":true,"href":"https:\/\/www.webdo.tn\/fr\/wp-json\/wp\/v2\/categories?post=384062"},{"taxonomy":"post_tag","embeddable":true,"href":"https:\/\/www.webdo.tn\/fr\/wp-json\/wp\/v2\/tags?post=384062"}],"curies":[{"name":"wp","href":"https:\/\/api.w.org\/{rel}","templated":true}]}}