{"id":384058,"date":"2025-09-23T11:04:41","date_gmt":"2025-09-23T10:04:41","guid":{"rendered":"https:\/\/www.webdo.tn\/fr\/?p=384058"},"modified":"2025-09-24T08:28:59","modified_gmt":"2025-09-24T07:28:59","slug":"macron-coince-a-new-york-par-le-cortege-de-trump-quand-la-diplomatie-se-joue-dans-la-rue","status":"publish","type":"post","link":"https:\/\/www.webdo.tn\/fr\/actualite\/international\/macron-coince-a-new-york-par-le-cortege-de-trump-quand-la-diplomatie-se-joue-dans-la-rue\/384058\/","title":{"rendered":"Macron coinc\u00e9 \u00e0 New York par le cort\u00e8ge de Trump : Quand la diplomatie se joue dans la rue"},"content":{"rendered":"\n<p>Lundi 22 septembre 2025, Emmanuel Macron a v\u00e9cu une sc\u00e8ne insolite \u00e0 New York. Apr\u00e8s avoir prononc\u00e9 un discours historique \u00e0 l\u2019ONU pour reconna\u00eetre officiellement l\u2019\u00c9tat de Palestine, le pr\u00e9sident fran\u00e7ais s\u2019est retrouv\u00e9 bloqu\u00e9 par les forces de l\u2019ordre\u2026 en raison du passage du cort\u00e8ge pr\u00e9sidentiel de Donald Trump.<\/p>\n\n\n\n<p>\u00c0 la sortie du si\u00e8ge des Nations unies, Emmanuel Macron pensait rejoindre directement l\u2019ambassade de France. Mais la rue \u00e9tait ferm\u00e9e : la police avait stopp\u00e9 toute circulation pour laisser passer la caravane de Donald Trump. Sur une vid\u00e9o diffus\u00e9e par le m\u00e9dia Brut, on voit le chef de l\u2019\u00c9tat fran\u00e7ais \u00e9changer avec un policier qui lui interdit le passage. T\u00e9l\u00e9phone en main, Macron appelle alors son homologue am\u00e9ricain : \u00ab Devine quoi ? J\u2019attends dans la rue parce que tout est bloqu\u00e9 pour toi \u00bb, lui lance-t-il, mi-amus\u00e9, mi-d\u00e9pit\u00e9.<\/p>\n\n\n\n<h2 class=\"wp-block-heading\" id=\"h-une-rencontre-inattendue-avec-la-realite-new-yorkaise\">Une rencontre inattendue avec la r\u00e9alit\u00e9 new-yorkaise<\/h2>\n\n\n\n<p>M\u00eame apr\u00e8s le passage du cort\u00e8ge, le pr\u00e9sident fran\u00e7ais a d\u00fb continuer son chemin\u2026 \u00e0 pied, parcourant pr\u00e8s de trente minutes dans les rues de Manhattan. Occasion inattendue : il a pris des photos avec des passants, re\u00e7u un baiser sur le front d\u2019un admirateur, et poursuivi sa conversation avec Trump.<\/p>\n\n\n\n<p>Cet \u00e9change impromptu illustre la proximit\u00e9 entretenue entre les deux dirigeants. Selon l\u2019\u00c9lys\u00e9e, Emmanuel Macron et Donald Trump s\u2019appellent \u00ab presque tous les jours \u00bb sur leurs t\u00e9l\u00e9phones portables personnels. Une relation faite de respect mutuel malgr\u00e9 des divergences assum\u00e9es. \u00ab Je connais son caract\u00e8re, il conna\u00eet le mien. Il a ses id\u00e9es, j\u2019ai les miennes, mais nous nous respectons \u00bb, d\u00e9clarait Macron en f\u00e9vrier dernier.<\/p>\n\n\n\n<p>L\u2019incident survient \u00e0 la suite d\u2019une prise de parole majeure : le pr\u00e9sident fran\u00e7ais a officialis\u00e9 la reconnaissance par la France d\u2019un \u00c9tat palestinien, sur fond de guerre \u00e0 Gaza et d\u2019un rapport de l\u2019ONU accusant Isra\u00ebl de g\u00e9nocide. Une d\u00e9claration solennelle, aussit\u00f4t suivie d\u2019un contretemps presque burlesque dans les rues new-yorkaises.<\/p>\n\n\n\n<p><\/p>\n\n\n\n<blockquote class=\"twitter-tweet\" data-media-max-width=\"560\"><p lang=\"fr\" dir=\"ltr\">\ud83c\uddeb\ud83c\uddf7\ud83c\uddfa\ud83c\uddf8 INSOLITE | Emmanuel Macron a appel\u00e9 Donald Trump car le convoi du pr\u00e9sident des \u00c9tats-Unis le bloquait dans les rues de New York. (Brut) <a href=\"https:\/\/t.co\/YL0EqY9RPY\">pic.twitter.com\/YL0EqY9RPY<\/a><\/p>&mdash; AlertesInfos (@AlertesInfos) <a href=\"https:\/\/twitter.com\/AlertesInfos\/status\/1970399063443927133?ref_src=twsrc%5Etfw\">September 23, 2025<\/a><\/blockquote> <script async src=\"https:\/\/platform.twitter.com\/widgets.js\" charset=\"utf-8\"><\/script>\n\n\n\n<p><\/p>\n\n\n\n<ul class=\"wp-block-list\">\n<li>Lire aussi : <a href=\"https:\/\/www.webdo.tn\/fr\/actualite\/international\/trump-entre-danse-belliqueuse-et-bluff-diplomatique-face-a-liran-et-israel\/377660\/\">Iran-Isra\u00ebl: Macron \u00e9voque une tr\u00eave, Trump r\u00e9plique : \u00ab Ce n\u2019est pas un cessez-le-feu, c\u2019est plus grand \u00bb<\/a><\/li>\n<\/ul>\n","protected":false},"excerpt":{"rendered":"<p>Lundi 22 septembre 2025, Emmanuel Macron a v\u00e9cu une sc\u00e8ne insolite \u00e0 New York. Apr\u00e8s avoir prononc\u00e9 un discours historique \u00e0 l\u2019ONU pour reconna\u00eetre officiellement l\u2019\u00c9tat de Palestine, le pr\u00e9sident fran\u00e7ais s\u2019est retrouv\u00e9 bloqu\u00e9 par les forces de l\u2019ordre\u2026 en raison du passage du cort\u00e8ge pr\u00e9sidentiel de Donald Trump. \u00c0 la sortie du si\u00e8ge des [&hellip;]<\/p>\n","protected":false},"author":3191,"featured_media":384061,"comment_status":"closed","ping_status":"closed","sticky":false,"template":"","format":"standard","meta":{"footnotes":""},"categories":[2598],"tags":[2916,4009,5467,7245,3296],"class_list":["post-384058","post","type-post","status-publish","format-standard","has-post-thumbnail","hentry","category-international","tag-donald-trump","tag-embouteillage","tag-emmanuel-macron","tag-new-york","tag-onu"],"yoast_head":"<!-- This site is optimized with the Yoast SEO Premium plugin v27.4 (Yoast SEO v27.5) - https:\/\/yoast.com\/product\/yoast-seo-premium-wordpress\/ -->\n<title>Macron coinc\u00e9 \u00e0 New York par le cort\u00e8ge de Trump : Quand la diplomatie se joue dans la rue - webdo<\/title>\n<link rel=\"canonical\" href=\"https:\/\/www.webdo.tn\/fr\/actualite\/international\/macron-coince-a-new-york-par-le-cortege-de-trump-quand-la-diplomatie-se-joue-dans-la-rue\/384058\/\" \/>\n<meta property=\"og:locale\" content=\"fr_FR\" \/>\n<meta property=\"og:type\" content=\"article\" \/>\n<meta property=\"og:title\" content=\"Macron coinc\u00e9 \u00e0 New York par le cort\u00e8ge de Trump : Quand la diplomatie se joue dans la rue\" \/>\n<meta property=\"og:description\" content=\"Lundi 22 septembre 2025, Emmanuel Macron a v\u00e9cu une sc\u00e8ne insolite \u00e0 New York. Apr\u00e8s avoir prononc\u00e9 un discours historique \u00e0 l\u2019ONU pour reconna\u00eetre officiellement l\u2019\u00c9tat de Palestine, le pr\u00e9sident fran\u00e7ais s\u2019est retrouv\u00e9 bloqu\u00e9 par les forces de l\u2019ordre\u2026 en raison du passage du cort\u00e8ge pr\u00e9sidentiel de Donald Trump. \u00c0 la sortie du si\u00e8ge des [&hellip;]\" \/>\n<meta property=\"og:url\" content=\"https:\/\/www.webdo.tn\/fr\/actualite\/international\/macron-coince-a-new-york-par-le-cortege-de-trump-quand-la-diplomatie-se-joue-dans-la-rue\/384058\/\" \/>\n<meta property=\"og:site_name\" content=\"webdo\" \/>\n<meta property=\"article:publisher\" content=\"https:\/\/www.facebook.com\/webdotn\" \/>\n<meta property=\"article:published_time\" content=\"2025-09-23T10:04:41+00:00\" \/>\n<meta property=\"article:modified_time\" content=\"2025-09-24T07:28:59+00:00\" \/>\n<meta property=\"og:image\" content=\"https:\/\/www.webdo.tn\/fr\/wp-content\/uploads\/2025\/09\/Capture-decran-2025-09-23-105724-1.png\" \/>\n\t<meta property=\"og:image:width\" content=\"1202\" \/>\n\t<meta property=\"og:image:height\" content=\"600\" \/>\n\t<meta property=\"og:image:type\" content=\"image\/png\" \/>\n<meta name=\"author\" content=\"Mohamed Hedi Touati\" \/>\n<meta name=\"twitter:card\" content=\"summary_large_image\" \/>\n<meta name=\"twitter:creator\" content=\"@webdo_tn\" \/>\n<meta name=\"twitter:site\" content=\"@webdo_tn\" \/>\n<meta name=\"twitter:label1\" content=\"\u00c9crit par\" \/>\n\t<meta name=\"twitter:data1\" content=\"Mohamed Hedi Touati\" \/>\n\t<meta name=\"twitter:label2\" content=\"Dur\u00e9e de lecture estim\u00e9e\" \/>\n\t<meta name=\"twitter:data2\" content=\"2 minutes\" \/>\n<script type=\"application\/ld+json\" class=\"yoast-schema-graph\">{\"@context\":\"https:\\\/\\\/schema.org\",\"@graph\":[{\"@type\":\"NewsArticle\",\"@id\":\"https:\\\/\\\/www.webdo.tn\\\/fr\\\/actualite\\\/international\\\/macron-coince-a-new-york-par-le-cortege-de-trump-quand-la-diplomatie-se-joue-dans-la-rue\\\/384058\\\/#article\",\"isPartOf\":{\"@id\":\"https:\\\/\\\/www.webdo.tn\\\/fr\\\/actualite\\\/international\\\/macron-coince-a-new-york-par-le-cortege-de-trump-quand-la-diplomatie-se-joue-dans-la-rue\\\/384058\\\/\"},\"author\":{\"name\":\"Mohamed Hedi Touati\",\"@id\":\"https:\\\/\\\/www.webdo.tn\\\/fr\\\/#\\\/schema\\\/person\\\/c652cd8fc2b1b44412b5ffb48c5a911d\"},\"headline\":\"Macron coinc\u00e9 \u00e0 New York par le cort\u00e8ge de Trump : Quand la diplomatie se joue dans la rue\",\"datePublished\":\"2025-09-23T10:04:41+00:00\",\"dateModified\":\"2025-09-24T07:28:59+00:00\",\"mainEntityOfPage\":{\"@id\":\"https:\\\/\\\/www.webdo.tn\\\/fr\\\/actualite\\\/international\\\/macron-coince-a-new-york-par-le-cortege-de-trump-quand-la-diplomatie-se-joue-dans-la-rue\\\/384058\\\/\"},\"wordCount\":428,\"publisher\":{\"@id\":\"https:\\\/\\\/www.webdo.tn\\\/fr\\\/#organization\"},\"image\":{\"@id\":\"https:\\\/\\\/www.webdo.tn\\\/fr\\\/actualite\\\/international\\\/macron-coince-a-new-york-par-le-cortege-de-trump-quand-la-diplomatie-se-joue-dans-la-rue\\\/384058\\\/#primaryimage\"},\"thumbnailUrl\":\"https:\\\/\\\/www.webdo.tn\\\/fr\\\/wp-content\\\/uploads\\\/2025\\\/09\\\/Capture-decran-2025-09-23-105724-1.png\",\"keywords\":[\"Donald Trump\",\"embouteillage\",\"Emmanuel Macron\",\"New York\",\"ONU\"],\"articleSection\":[\"International\"],\"inLanguage\":\"fr-FR\"},{\"@type\":\"WebPage\",\"@id\":\"https:\\\/\\\/www.webdo.tn\\\/fr\\\/actualite\\\/international\\\/macron-coince-a-new-york-par-le-cortege-de-trump-quand-la-diplomatie-se-joue-dans-la-rue\\\/384058\\\/\",\"url\":\"https:\\\/\\\/www.webdo.tn\\\/fr\\\/actualite\\\/international\\\/macron-coince-a-new-york-par-le-cortege-de-trump-quand-la-diplomatie-se-joue-dans-la-rue\\\/384058\\\/\",\"name\":\"Macron coinc\u00e9 \u00e0 New York par le cort\u00e8ge de Trump : Quand la diplomatie se joue dans la rue - webdo\",\"isPartOf\":{\"@id\":\"https:\\\/\\\/www.webdo.tn\\\/fr\\\/#website\"},\"primaryImageOfPage\":{\"@id\":\"https:\\\/\\\/www.webdo.tn\\\/fr\\\/actualite\\\/international\\\/macron-coince-a-new-york-par-le-cortege-de-trump-quand-la-diplomatie-se-joue-dans-la-rue\\\/384058\\\/#primaryimage\"},\"image\":{\"@id\":\"https:\\\/\\\/www.webdo.tn\\\/fr\\\/actualite\\\/international\\\/macron-coince-a-new-york-par-le-cortege-de-trump-quand-la-diplomatie-se-joue-dans-la-rue\\\/384058\\\/#primaryimage\"},\"thumbnailUrl\":\"https:\\\/\\\/www.webdo.tn\\\/fr\\\/wp-content\\\/uploads\\\/2025\\\/09\\\/Capture-decran-2025-09-23-105724-1.png\",\"datePublished\":\"2025-09-23T10:04:41+00:00\",\"dateModified\":\"2025-09-24T07:28:59+00:00\",\"breadcrumb\":{\"@id\":\"https:\\\/\\\/www.webdo.tn\\\/fr\\\/actualite\\\/international\\\/macron-coince-a-new-york-par-le-cortege-de-trump-quand-la-diplomatie-se-joue-dans-la-rue\\\/384058\\\/#breadcrumb\"},\"inLanguage\":\"fr-FR\",\"potentialAction\":[{\"@type\":\"ReadAction\",\"target\":[\"https:\\\/\\\/www.webdo.tn\\\/fr\\\/actualite\\\/international\\\/macron-coince-a-new-york-par-le-cortege-de-trump-quand-la-diplomatie-se-joue-dans-la-rue\\\/384058\\\/\"]}]},{\"@type\":\"ImageObject\",\"inLanguage\":\"fr-FR\",\"@id\":\"https:\\\/\\\/www.webdo.tn\\\/fr\\\/actualite\\\/international\\\/macron-coince-a-new-york-par-le-cortege-de-trump-quand-la-diplomatie-se-joue-dans-la-rue\\\/384058\\\/#primaryimage\",\"url\":\"https:\\\/\\\/www.webdo.tn\\\/fr\\\/wp-content\\\/uploads\\\/2025\\\/09\\\/Capture-decran-2025-09-23-105724-1.png\",\"contentUrl\":\"https:\\\/\\\/www.webdo.tn\\\/fr\\\/wp-content\\\/uploads\\\/2025\\\/09\\\/Capture-decran-2025-09-23-105724-1.png\",\"width\":1202,\"height\":600,\"caption\":\"Macron coinc\u00e9 \u00e0 New York par le cort\u00e8ge de Trump : Quand la diplomatie se joue dans la rue\"},{\"@type\":\"BreadcrumbList\",\"@id\":\"https:\\\/\\\/www.webdo.tn\\\/fr\\\/actualite\\\/international\\\/macron-coince-a-new-york-par-le-cortege-de-trump-quand-la-diplomatie-se-joue-dans-la-rue\\\/384058\\\/#breadcrumb\",\"itemListElement\":[{\"@type\":\"ListItem\",\"position\":1,\"name\":\"Accueil\",\"item\":\"https:\\\/\\\/www.webdo.tn\\\/fr\\\/\"},{\"@type\":\"ListItem\",\"position\":2,\"name\":\"Macron coinc\u00e9 \u00e0 New York par le cort\u00e8ge de Trump : Quand la diplomatie se joue dans la rue\"}]},{\"@type\":\"WebSite\",\"@id\":\"https:\\\/\\\/www.webdo.tn\\\/fr\\\/#website\",\"url\":\"https:\\\/\\\/www.webdo.tn\\\/fr\\\/\",\"name\":\"webdo\",\"description\":\"Tunisie - News en Tunisie et \u00e0 l&#039;international sur Webdo.tn\",\"publisher\":{\"@id\":\"https:\\\/\\\/www.webdo.tn\\\/fr\\\/#organization\"},\"potentialAction\":[{\"@type\":\"SearchAction\",\"target\":{\"@type\":\"EntryPoint\",\"urlTemplate\":\"https:\\\/\\\/www.webdo.tn\\\/fr\\\/?s={search_term_string}\"},\"query-input\":{\"@type\":\"PropertyValueSpecification\",\"valueRequired\":true,\"valueName\":\"search_term_string\"}}],\"inLanguage\":\"fr-FR\"},{\"@type\":\"Organization\",\"@id\":\"https:\\\/\\\/www.webdo.tn\\\/fr\\\/#organization\",\"name\":\"Webdo\",\"alternateName\":\"Webdo.tn\",\"url\":\"https:\\\/\\\/www.webdo.tn\\\/fr\\\/\",\"logo\":{\"@type\":\"ImageObject\",\"inLanguage\":\"fr-FR\",\"@id\":\"https:\\\/\\\/www.webdo.tn\\\/fr\\\/#\\\/schema\\\/logo\\\/image\\\/\",\"url\":\"https:\\\/\\\/www.webdo.tn\\\/fr\\\/wp-content\\\/uploads\\\/2025\\\/06\\\/Webdo-Tunisie_168377.jpg\",\"contentUrl\":\"https:\\\/\\\/www.webdo.tn\\\/fr\\\/wp-content\\\/uploads\\\/2025\\\/06\\\/Webdo-Tunisie_168377.jpg\",\"width\":301,\"height\":301,\"caption\":\"Webdo\"},\"image\":{\"@id\":\"https:\\\/\\\/www.webdo.tn\\\/fr\\\/#\\\/schema\\\/logo\\\/image\\\/\"},\"sameAs\":[\"https:\\\/\\\/www.facebook.com\\\/webdotn\",\"https:\\\/\\\/x.com\\\/webdo_tn\"],\"description\":\"Webdo est un m\u00e9dia num\u00e9rique tunisien fond\u00e9 en 2010, sp\u00e9cialis\u00e9 dans l\u2019actualit\u00e9 nationale et internationale, l\u2019\u00e9conomie, la soci\u00e9t\u00e9 et les analyses politiques. Le site s\u2019adresse \u00e0 un large public francophone et couvre l\u2019information tunisienne en temps r\u00e9el.\",\"email\":\"redac@webdo.tn\",\"legalName\":\"YNJ SARL\",\"foundingDate\":\"2010-09-06\",\"numberOfEmployees\":{\"@type\":\"QuantitativeValue\",\"minValue\":\"11\",\"maxValue\":\"50\"}},{\"@type\":\"Person\",\"@id\":\"https:\\\/\\\/www.webdo.tn\\\/fr\\\/#\\\/schema\\\/person\\\/c652cd8fc2b1b44412b5ffb48c5a911d\",\"name\":\"Mohamed Hedi Touati\",\"image\":{\"@type\":\"ImageObject\",\"inLanguage\":\"fr-FR\",\"@id\":\"https:\\\/\\\/secure.gravatar.com\\\/avatar\\\/9cfd402c745b7a685f13eed0ea6e59d2144a3c2fc50a3db6fd5ed451f6cddf1a?s=96&d=mm&r=g\",\"url\":\"https:\\\/\\\/secure.gravatar.com\\\/avatar\\\/9cfd402c745b7a685f13eed0ea6e59d2144a3c2fc50a3db6fd5ed451f6cddf1a?s=96&d=mm&r=g\",\"contentUrl\":\"https:\\\/\\\/secure.gravatar.com\\\/avatar\\\/9cfd402c745b7a685f13eed0ea6e59d2144a3c2fc50a3db6fd5ed451f6cddf1a?s=96&d=mm&r=g\",\"caption\":\"Mohamed Hedi Touati\"},\"url\":\"https:\\\/\\\/www.webdo.tn\\\/fr\\\/actualite\\\/author\\\/mohamed-hedi-touati\\\/\"}]}<\/script>\n<!-- \/ Yoast SEO Premium plugin. -->","yoast_head_json":{"title":"Macron coinc\u00e9 \u00e0 New York par le cort\u00e8ge de Trump : Quand la diplomatie se joue dans la rue - webdo","canonical":"https:\/\/www.webdo.tn\/fr\/actualite\/international\/macron-coince-a-new-york-par-le-cortege-de-trump-quand-la-diplomatie-se-joue-dans-la-rue\/384058\/","og_locale":"fr_FR","og_type":"article","og_title":"Macron coinc\u00e9 \u00e0 New York par le cort\u00e8ge de Trump : Quand la diplomatie se joue dans la rue","og_description":"Lundi 22 septembre 2025, Emmanuel Macron a v\u00e9cu une sc\u00e8ne insolite \u00e0 New York. Apr\u00e8s avoir prononc\u00e9 un discours historique \u00e0 l\u2019ONU pour reconna\u00eetre officiellement l\u2019\u00c9tat de Palestine, le pr\u00e9sident fran\u00e7ais s\u2019est retrouv\u00e9 bloqu\u00e9 par les forces de l\u2019ordre\u2026 en raison du passage du cort\u00e8ge pr\u00e9sidentiel de Donald Trump. \u00c0 la sortie du si\u00e8ge des [&hellip;]","og_url":"https:\/\/www.webdo.tn\/fr\/actualite\/international\/macron-coince-a-new-york-par-le-cortege-de-trump-quand-la-diplomatie-se-joue-dans-la-rue\/384058\/","og_site_name":"webdo","article_publisher":"https:\/\/www.facebook.com\/webdotn","article_published_time":"2025-09-23T10:04:41+00:00","article_modified_time":"2025-09-24T07:28:59+00:00","og_image":[{"width":1202,"height":600,"url":"https:\/\/www.webdo.tn\/fr\/wp-content\/uploads\/2025\/09\/Capture-decran-2025-09-23-105724-1.png","type":"image\/png"}],"author":"Mohamed Hedi Touati","twitter_card":"summary_large_image","twitter_creator":"@webdo_tn","twitter_site":"@webdo_tn","twitter_misc":{"\u00c9crit par":"Mohamed Hedi Touati","Dur\u00e9e de lecture estim\u00e9e":"2 minutes"},"schema":{"@context":"https:\/\/schema.org","@graph":[{"@type":"NewsArticle","@id":"https:\/\/www.webdo.tn\/fr\/actualite\/international\/macron-coince-a-new-york-par-le-cortege-de-trump-quand-la-diplomatie-se-joue-dans-la-rue\/384058\/#article","isPartOf":{"@id":"https:\/\/www.webdo.tn\/fr\/actualite\/international\/macron-coince-a-new-york-par-le-cortege-de-trump-quand-la-diplomatie-se-joue-dans-la-rue\/384058\/"},"author":{"name":"Mohamed Hedi Touati","@id":"https:\/\/www.webdo.tn\/fr\/#\/schema\/person\/c652cd8fc2b1b44412b5ffb48c5a911d"},"headline":"Macron coinc\u00e9 \u00e0 New York par le cort\u00e8ge de Trump : Quand la diplomatie se joue dans la rue","datePublished":"2025-09-23T10:04:41+00:00","dateModified":"2025-09-24T07:28:59+00:00","mainEntityOfPage":{"@id":"https:\/\/www.webdo.tn\/fr\/actualite\/international\/macron-coince-a-new-york-par-le-cortege-de-trump-quand-la-diplomatie-se-joue-dans-la-rue\/384058\/"},"wordCount":428,"publisher":{"@id":"https:\/\/www.webdo.tn\/fr\/#organization"},"image":{"@id":"https:\/\/www.webdo.tn\/fr\/actualite\/international\/macron-coince-a-new-york-par-le-cortege-de-trump-quand-la-diplomatie-se-joue-dans-la-rue\/384058\/#primaryimage"},"thumbnailUrl":"https:\/\/www.webdo.tn\/fr\/wp-content\/uploads\/2025\/09\/Capture-decran-2025-09-23-105724-1.png","keywords":["Donald Trump","embouteillage","Emmanuel Macron","New York","ONU"],"articleSection":["International"],"inLanguage":"fr-FR"},{"@type":"WebPage","@id":"https:\/\/www.webdo.tn\/fr\/actualite\/international\/macron-coince-a-new-york-par-le-cortege-de-trump-quand-la-diplomatie-se-joue-dans-la-rue\/384058\/","url":"https:\/\/www.webdo.tn\/fr\/actualite\/international\/macron-coince-a-new-york-par-le-cortege-de-trump-quand-la-diplomatie-se-joue-dans-la-rue\/384058\/","name":"Macron coinc\u00e9 \u00e0 New York par le cort\u00e8ge de Trump : Quand la diplomatie se joue dans la rue - webdo","isPartOf":{"@id":"https:\/\/www.webdo.tn\/fr\/#website"},"primaryImageOfPage":{"@id":"https:\/\/www.webdo.tn\/fr\/actualite\/international\/macron-coince-a-new-york-par-le-cortege-de-trump-quand-la-diplomatie-se-joue-dans-la-rue\/384058\/#primaryimage"},"image":{"@id":"https:\/\/www.webdo.tn\/fr\/actualite\/international\/macron-coince-a-new-york-par-le-cortege-de-trump-quand-la-diplomatie-se-joue-dans-la-rue\/384058\/#primaryimage"},"thumbnailUrl":"https:\/\/www.webdo.tn\/fr\/wp-content\/uploads\/2025\/09\/Capture-decran-2025-09-23-105724-1.png","datePublished":"2025-09-23T10:04:41+00:00","dateModified":"2025-09-24T07:28:59+00:00","breadcrumb":{"@id":"https:\/\/www.webdo.tn\/fr\/actualite\/international\/macron-coince-a-new-york-par-le-cortege-de-trump-quand-la-diplomatie-se-joue-dans-la-rue\/384058\/#breadcrumb"},"inLanguage":"fr-FR","potentialAction":[{"@type":"ReadAction","target":["https:\/\/www.webdo.tn\/fr\/actualite\/international\/macron-coince-a-new-york-par-le-cortege-de-trump-quand-la-diplomatie-se-joue-dans-la-rue\/384058\/"]}]},{"@type":"ImageObject","inLanguage":"fr-FR","@id":"https:\/\/www.webdo.tn\/fr\/actualite\/international\/macron-coince-a-new-york-par-le-cortege-de-trump-quand-la-diplomatie-se-joue-dans-la-rue\/384058\/#primaryimage","url":"https:\/\/www.webdo.tn\/fr\/wp-content\/uploads\/2025\/09\/Capture-decran-2025-09-23-105724-1.png","contentUrl":"https:\/\/www.webdo.tn\/fr\/wp-content\/uploads\/2025\/09\/Capture-decran-2025-09-23-105724-1.png","width":1202,"height":600,"caption":"Macron coinc\u00e9 \u00e0 New York par le cort\u00e8ge de Trump : Quand la diplomatie se joue dans la rue"},{"@type":"BreadcrumbList","@id":"https:\/\/www.webdo.tn\/fr\/actualite\/international\/macron-coince-a-new-york-par-le-cortege-de-trump-quand-la-diplomatie-se-joue-dans-la-rue\/384058\/#breadcrumb","itemListElement":[{"@type":"ListItem","position":1,"name":"Accueil","item":"https:\/\/www.webdo.tn\/fr\/"},{"@type":"ListItem","position":2,"name":"Macron coinc\u00e9 \u00e0 New York par le cort\u00e8ge de Trump : Quand la diplomatie se joue dans la rue"}]},{"@type":"WebSite","@id":"https:\/\/www.webdo.tn\/fr\/#website","url":"https:\/\/www.webdo.tn\/fr\/","name":"webdo","description":"Tunisie - News en Tunisie et \u00e0 l&#039;international sur Webdo.tn","publisher":{"@id":"https:\/\/www.webdo.tn\/fr\/#organization"},"potentialAction":[{"@type":"SearchAction","target":{"@type":"EntryPoint","urlTemplate":"https:\/\/www.webdo.tn\/fr\/?s={search_term_string}"},"query-input":{"@type":"PropertyValueSpecification","valueRequired":true,"valueName":"search_term_string"}}],"inLanguage":"fr-FR"},{"@type":"Organization","@id":"https:\/\/www.webdo.tn\/fr\/#organization","name":"Webdo","alternateName":"Webdo.tn","url":"https:\/\/www.webdo.tn\/fr\/","logo":{"@type":"ImageObject","inLanguage":"fr-FR","@id":"https:\/\/www.webdo.tn\/fr\/#\/schema\/logo\/image\/","url":"https:\/\/www.webdo.tn\/fr\/wp-content\/uploads\/2025\/06\/Webdo-Tunisie_168377.jpg","contentUrl":"https:\/\/www.webdo.tn\/fr\/wp-content\/uploads\/2025\/06\/Webdo-Tunisie_168377.jpg","width":301,"height":301,"caption":"Webdo"},"image":{"@id":"https:\/\/www.webdo.tn\/fr\/#\/schema\/logo\/image\/"},"sameAs":["https:\/\/www.facebook.com\/webdotn","https:\/\/x.com\/webdo_tn"],"description":"Webdo est un m\u00e9dia num\u00e9rique tunisien fond\u00e9 en 2010, sp\u00e9cialis\u00e9 dans l\u2019actualit\u00e9 nationale et internationale, l\u2019\u00e9conomie, la soci\u00e9t\u00e9 et les analyses politiques. Le site s\u2019adresse \u00e0 un large public francophone et couvre l\u2019information tunisienne en temps r\u00e9el.","email":"redac@webdo.tn","legalName":"YNJ SARL","foundingDate":"2010-09-06","numberOfEmployees":{"@type":"QuantitativeValue","minValue":"11","maxValue":"50"}},{"@type":"Person","@id":"https:\/\/www.webdo.tn\/fr\/#\/schema\/person\/c652cd8fc2b1b44412b5ffb48c5a911d","name":"Mohamed Hedi Touati","image":{"@type":"ImageObject","inLanguage":"fr-FR","@id":"https:\/\/secure.gravatar.com\/avatar\/9cfd402c745b7a685f13eed0ea6e59d2144a3c2fc50a3db6fd5ed451f6cddf1a?s=96&d=mm&r=g","url":"https:\/\/secure.gravatar.com\/avatar\/9cfd402c745b7a685f13eed0ea6e59d2144a3c2fc50a3db6fd5ed451f6cddf1a?s=96&d=mm&r=g","contentUrl":"https:\/\/secure.gravatar.com\/avatar\/9cfd402c745b7a685f13eed0ea6e59d2144a3c2fc50a3db6fd5ed451f6cddf1a?s=96&d=mm&r=g","caption":"Mohamed Hedi Touati"},"url":"https:\/\/www.webdo.tn\/fr\/actualite\/author\/mohamed-hedi-touati\/"}]}},"_links":{"self":[{"href":"https:\/\/www.webdo.tn\/fr\/wp-json\/wp\/v2\/posts\/384058","targetHints":{"allow":["GET"]}}],"collection":[{"href":"https:\/\/www.webdo.tn\/fr\/wp-json\/wp\/v2\/posts"}],"about":[{"href":"https:\/\/www.webdo.tn\/fr\/wp-json\/wp\/v2\/types\/post"}],"author":[{"embeddable":true,"href":"https:\/\/www.webdo.tn\/fr\/wp-json\/wp\/v2\/users\/3191"}],"replies":[{"embeddable":true,"href":"https:\/\/www.webdo.tn\/fr\/wp-json\/wp\/v2\/comments?post=384058"}],"version-history":[{"count":0,"href":"https:\/\/www.webdo.tn\/fr\/wp-json\/wp\/v2\/posts\/384058\/revisions"}],"wp:featuredmedia":[{"embeddable":true,"href":"https:\/\/www.webdo.tn\/fr\/wp-json\/wp\/v2\/media\/384061"}],"wp:attachment":[{"href":"https:\/\/www.webdo.tn\/fr\/wp-json\/wp\/v2\/media?parent=384058"}],"wp:term":[{"taxonomy":"category","embeddable":true,"href":"https:\/\/www.webdo.tn\/fr\/wp-json\/wp\/v2\/categories?post=384058"},{"taxonomy":"post_tag","embeddable":true,"href":"https:\/\/www.webdo.tn\/fr\/wp-json\/wp\/v2\/tags?post=384058"}],"curies":[{"name":"wp","href":"https:\/\/api.w.org\/{rel}","templated":true}]}}