{"id":384055,"date":"2025-09-23T10:25:41","date_gmt":"2025-09-23T09:25:41","guid":{"rendered":"https:\/\/www.webdo.tn\/fr\/?p=384055"},"modified":"2025-09-23T14:53:53","modified_gmt":"2025-09-23T13:53:53","slug":"mondial-de-volley-la-tunisie-eliminee-en-huitiemes-de-finale-par-la-republique-tcheque","status":"publish","type":"post","link":"https:\/\/www.webdo.tn\/fr\/actualite\/sport\/mondial-de-volley-la-tunisie-eliminee-en-huitiemes-de-finale-par-la-republique-tcheque\/384055\/","title":{"rendered":"Mondial de volley : La Tunisie \u00e9limin\u00e9e en huiti\u00e8mes de finale par la R\u00e9publique tch\u00e8que"},"content":{"rendered":"\n<p>La s\u00e9lection tunisienne de volley-ball a vu son parcours s\u2019arr\u00eater ce mardi matin aux Philippines, en huiti\u00e8mes de finale du Championnat du monde. Les Aigles de Carthage se sont inclin\u00e9s face \u00e0 la R\u00e9publique tch\u00e8que en trois sets secs.<\/p>\n\n\n\n<p>Les Tunisiens, domin\u00e9s dans les deux premi\u00e8res manches, ont pourtant eu l\u2019occasion de relancer le match lors du troisi\u00e8me set. Nettement devant au score (15-8 puis 19-15), ils ont laiss\u00e9 \u00e9chapper leur avance pour finalement s\u2019incliner 23-25, scellant ainsi leur \u00e9limination.<\/p>\n\n\n\n<p>Ce revers met un terme \u00e0 l\u2019aventure mondiale des volleyeurs tunisiens, qui esp\u00e9raient atteindre pour la premi\u00e8re fois les quarts de finale apr\u00e8s avoir atteint les huiti\u00e8mes de finale d\u2019un Mondial, trois fois seulement (2006, 2022 et 2025).<\/p>\n\n\n\n<p><\/p>\n\n\n\n<p><strong>Lire aussi :<\/strong><\/p>\n\n\n\n<ul class=\"wp-block-list\">\n<li><a href=\"https:\/\/www.webdo.tn\/fr\/actualite\/sport\/mondial-de-volley-la-tunisie-affronte-la-tchequie-en-huitiemes-de-finale\/383855\/\">Mondial de volley : La Tunisie affronte la Tch\u00e9quie en huiti\u00e8mes de finale<\/a><\/li>\n\n\n\n<li><a href=\"https:\/\/www.webdo.tn\/fr\/actualite\/sport\/mondial-de-volley-2025-la-tunisie-domine-legypte-et-file-en-huitiemes\/383790\/\">Mondial de volley 2025 : La Tunisie domine l\u2019\u00c9gypte et file en huiti\u00e8mes<\/a><\/li>\n<\/ul>\n","protected":false},"excerpt":{"rendered":"<p>La s\u00e9lection tunisienne de volley-ball a vu son parcours s\u2019arr\u00eater ce mardi matin aux Philippines, en huiti\u00e8mes de finale du Championnat du monde. Les Aigles de Carthage se sont inclin\u00e9s face \u00e0 la R\u00e9publique tch\u00e8que en trois sets secs. Les Tunisiens, domin\u00e9s dans les deux premi\u00e8res manches, ont pourtant eu l\u2019occasion de relancer le match [&hellip;]<\/p>\n","protected":false},"author":3191,"featured_media":384056,"comment_status":"closed","ping_status":"closed","sticky":false,"template":"","format":"standard","meta":{"footnotes":""},"categories":[2593],"tags":[3195,12942,2942,2608],"class_list":["post-384055","post","type-post","status-publish","format-standard","has-post-thumbnail","hentry","category-sport","tag-huitiemes-de-finale","tag-mondial-volleyball","tag-republique-tcheque","tag-tunisie"],"yoast_head":"<!-- This site is optimized with the Yoast SEO Premium plugin v27.4 (Yoast SEO v27.5) - https:\/\/yoast.com\/product\/yoast-seo-premium-wordpress\/ -->\n<title>Mondial de volley : La Tunisie \u00e9limin\u00e9e en huiti\u00e8mes de finale par la R\u00e9publique tch\u00e8que - webdo<\/title>\n<meta name=\"description\" content=\"Malgr\u00e9 une belle performance, la Tunisie est \u00e9limin\u00e9e en huiti\u00e8mes de finale du Mondial de volley contre la R\u00e9publique tch\u00e8que.\" \/>\n<link rel=\"canonical\" href=\"https:\/\/www.webdo.tn\/fr\/actualite\/sport\/mondial-de-volley-la-tunisie-eliminee-en-huitiemes-de-finale-par-la-republique-tcheque\/384055\/\" \/>\n<meta property=\"og:locale\" content=\"fr_FR\" \/>\n<meta property=\"og:type\" content=\"article\" \/>\n<meta property=\"og:title\" content=\"Mondial de volley : La Tunisie \u00e9limin\u00e9e en huiti\u00e8mes de finale par la R\u00e9publique tch\u00e8que\" \/>\n<meta property=\"og:description\" content=\"Malgr\u00e9 une belle performance, la Tunisie est \u00e9limin\u00e9e en huiti\u00e8mes de finale du Mondial de volley contre la R\u00e9publique tch\u00e8que.\" \/>\n<meta property=\"og:url\" content=\"https:\/\/www.webdo.tn\/fr\/actualite\/sport\/mondial-de-volley-la-tunisie-eliminee-en-huitiemes-de-finale-par-la-republique-tcheque\/384055\/\" \/>\n<meta property=\"og:site_name\" content=\"webdo\" \/>\n<meta property=\"article:publisher\" content=\"https:\/\/www.facebook.com\/webdotn\" \/>\n<meta property=\"article:published_time\" content=\"2025-09-23T09:25:41+00:00\" \/>\n<meta property=\"article:modified_time\" content=\"2025-09-23T13:53:53+00:00\" \/>\n<meta property=\"og:image\" content=\"https:\/\/www.webdo.tn\/fr\/wp-content\/uploads\/2025\/09\/EN-volley.jpg\" \/>\n\t<meta property=\"og:image:width\" content=\"1200\" \/>\n\t<meta property=\"og:image:height\" content=\"605\" \/>\n\t<meta property=\"og:image:type\" content=\"image\/jpeg\" \/>\n<meta name=\"author\" content=\"Mohamed Hedi Touati\" \/>\n<meta name=\"twitter:card\" content=\"summary_large_image\" \/>\n<meta name=\"twitter:creator\" content=\"@webdo_tn\" \/>\n<meta name=\"twitter:site\" content=\"@webdo_tn\" \/>\n<meta name=\"twitter:label1\" content=\"\u00c9crit par\" \/>\n\t<meta name=\"twitter:data1\" content=\"Mohamed Hedi Touati\" \/>\n\t<meta name=\"twitter:label2\" content=\"Dur\u00e9e de lecture estim\u00e9e\" \/>\n\t<meta name=\"twitter:data2\" content=\"1 minute\" \/>\n<script type=\"application\/ld+json\" class=\"yoast-schema-graph\">{\"@context\":\"https:\\\/\\\/schema.org\",\"@graph\":[{\"@type\":\"NewsArticle\",\"@id\":\"https:\\\/\\\/www.webdo.tn\\\/fr\\\/actualite\\\/sport\\\/mondial-de-volley-la-tunisie-eliminee-en-huitiemes-de-finale-par-la-republique-tcheque\\\/384055\\\/#article\",\"isPartOf\":{\"@id\":\"https:\\\/\\\/www.webdo.tn\\\/fr\\\/actualite\\\/sport\\\/mondial-de-volley-la-tunisie-eliminee-en-huitiemes-de-finale-par-la-republique-tcheque\\\/384055\\\/\"},\"author\":{\"name\":\"Mohamed Hedi Touati\",\"@id\":\"https:\\\/\\\/www.webdo.tn\\\/fr\\\/#\\\/schema\\\/person\\\/c652cd8fc2b1b44412b5ffb48c5a911d\"},\"headline\":\"Mondial de volley : La Tunisie \u00e9limin\u00e9e en huiti\u00e8mes de finale par la R\u00e9publique tch\u00e8que\",\"datePublished\":\"2025-09-23T09:25:41+00:00\",\"dateModified\":\"2025-09-23T13:53:53+00:00\",\"mainEntityOfPage\":{\"@id\":\"https:\\\/\\\/www.webdo.tn\\\/fr\\\/actualite\\\/sport\\\/mondial-de-volley-la-tunisie-eliminee-en-huitiemes-de-finale-par-la-republique-tcheque\\\/384055\\\/\"},\"wordCount\":178,\"publisher\":{\"@id\":\"https:\\\/\\\/www.webdo.tn\\\/fr\\\/#organization\"},\"image\":{\"@id\":\"https:\\\/\\\/www.webdo.tn\\\/fr\\\/actualite\\\/sport\\\/mondial-de-volley-la-tunisie-eliminee-en-huitiemes-de-finale-par-la-republique-tcheque\\\/384055\\\/#primaryimage\"},\"thumbnailUrl\":\"https:\\\/\\\/www.webdo.tn\\\/fr\\\/wp-content\\\/uploads\\\/2025\\\/09\\\/EN-volley.jpg\",\"keywords\":[\"huiti\u00e8mes de finale\",\"mondial volleyball\",\"R\u00e9publique tch\u00e9que\",\"Tunisie\"],\"articleSection\":[\"Sport\"],\"inLanguage\":\"fr-FR\"},{\"@type\":\"WebPage\",\"@id\":\"https:\\\/\\\/www.webdo.tn\\\/fr\\\/actualite\\\/sport\\\/mondial-de-volley-la-tunisie-eliminee-en-huitiemes-de-finale-par-la-republique-tcheque\\\/384055\\\/\",\"url\":\"https:\\\/\\\/www.webdo.tn\\\/fr\\\/actualite\\\/sport\\\/mondial-de-volley-la-tunisie-eliminee-en-huitiemes-de-finale-par-la-republique-tcheque\\\/384055\\\/\",\"name\":\"Mondial de volley : La Tunisie \u00e9limin\u00e9e en huiti\u00e8mes de finale par la R\u00e9publique tch\u00e8que - webdo\",\"isPartOf\":{\"@id\":\"https:\\\/\\\/www.webdo.tn\\\/fr\\\/#website\"},\"primaryImageOfPage\":{\"@id\":\"https:\\\/\\\/www.webdo.tn\\\/fr\\\/actualite\\\/sport\\\/mondial-de-volley-la-tunisie-eliminee-en-huitiemes-de-finale-par-la-republique-tcheque\\\/384055\\\/#primaryimage\"},\"image\":{\"@id\":\"https:\\\/\\\/www.webdo.tn\\\/fr\\\/actualite\\\/sport\\\/mondial-de-volley-la-tunisie-eliminee-en-huitiemes-de-finale-par-la-republique-tcheque\\\/384055\\\/#primaryimage\"},\"thumbnailUrl\":\"https:\\\/\\\/www.webdo.tn\\\/fr\\\/wp-content\\\/uploads\\\/2025\\\/09\\\/EN-volley.jpg\",\"datePublished\":\"2025-09-23T09:25:41+00:00\",\"dateModified\":\"2025-09-23T13:53:53+00:00\",\"description\":\"Malgr\u00e9 une belle performance, la Tunisie est \u00e9limin\u00e9e en huiti\u00e8mes de finale du Mondial de volley contre la R\u00e9publique tch\u00e8que.\",\"breadcrumb\":{\"@id\":\"https:\\\/\\\/www.webdo.tn\\\/fr\\\/actualite\\\/sport\\\/mondial-de-volley-la-tunisie-eliminee-en-huitiemes-de-finale-par-la-republique-tcheque\\\/384055\\\/#breadcrumb\"},\"inLanguage\":\"fr-FR\",\"potentialAction\":[{\"@type\":\"ReadAction\",\"target\":[\"https:\\\/\\\/www.webdo.tn\\\/fr\\\/actualite\\\/sport\\\/mondial-de-volley-la-tunisie-eliminee-en-huitiemes-de-finale-par-la-republique-tcheque\\\/384055\\\/\"]}]},{\"@type\":\"ImageObject\",\"inLanguage\":\"fr-FR\",\"@id\":\"https:\\\/\\\/www.webdo.tn\\\/fr\\\/actualite\\\/sport\\\/mondial-de-volley-la-tunisie-eliminee-en-huitiemes-de-finale-par-la-republique-tcheque\\\/384055\\\/#primaryimage\",\"url\":\"https:\\\/\\\/www.webdo.tn\\\/fr\\\/wp-content\\\/uploads\\\/2025\\\/09\\\/EN-volley.jpg\",\"contentUrl\":\"https:\\\/\\\/www.webdo.tn\\\/fr\\\/wp-content\\\/uploads\\\/2025\\\/09\\\/EN-volley.jpg\",\"width\":1200,\"height\":605,\"caption\":\"Mondial de volley : La Tunisie \u00e9limin\u00e9e en huiti\u00e8mes de finale par la R\u00e9publique tch\u00e8que\"},{\"@type\":\"BreadcrumbList\",\"@id\":\"https:\\\/\\\/www.webdo.tn\\\/fr\\\/actualite\\\/sport\\\/mondial-de-volley-la-tunisie-eliminee-en-huitiemes-de-finale-par-la-republique-tcheque\\\/384055\\\/#breadcrumb\",\"itemListElement\":[{\"@type\":\"ListItem\",\"position\":1,\"name\":\"Accueil\",\"item\":\"https:\\\/\\\/www.webdo.tn\\\/fr\\\/\"},{\"@type\":\"ListItem\",\"position\":2,\"name\":\"Mondial de volley : La Tunisie \u00e9limin\u00e9e en huiti\u00e8mes de finale par la R\u00e9publique tch\u00e8que\"}]},{\"@type\":\"WebSite\",\"@id\":\"https:\\\/\\\/www.webdo.tn\\\/fr\\\/#website\",\"url\":\"https:\\\/\\\/www.webdo.tn\\\/fr\\\/\",\"name\":\"webdo\",\"description\":\"Tunisie - News en Tunisie et \u00e0 l&#039;international sur Webdo.tn\",\"publisher\":{\"@id\":\"https:\\\/\\\/www.webdo.tn\\\/fr\\\/#organization\"},\"potentialAction\":[{\"@type\":\"SearchAction\",\"target\":{\"@type\":\"EntryPoint\",\"urlTemplate\":\"https:\\\/\\\/www.webdo.tn\\\/fr\\\/?s={search_term_string}\"},\"query-input\":{\"@type\":\"PropertyValueSpecification\",\"valueRequired\":true,\"valueName\":\"search_term_string\"}}],\"inLanguage\":\"fr-FR\"},{\"@type\":\"Organization\",\"@id\":\"https:\\\/\\\/www.webdo.tn\\\/fr\\\/#organization\",\"name\":\"Webdo\",\"alternateName\":\"Webdo.tn\",\"url\":\"https:\\\/\\\/www.webdo.tn\\\/fr\\\/\",\"logo\":{\"@type\":\"ImageObject\",\"inLanguage\":\"fr-FR\",\"@id\":\"https:\\\/\\\/www.webdo.tn\\\/fr\\\/#\\\/schema\\\/logo\\\/image\\\/\",\"url\":\"https:\\\/\\\/www.webdo.tn\\\/fr\\\/wp-content\\\/uploads\\\/2025\\\/06\\\/Webdo-Tunisie_168377.jpg\",\"contentUrl\":\"https:\\\/\\\/www.webdo.tn\\\/fr\\\/wp-content\\\/uploads\\\/2025\\\/06\\\/Webdo-Tunisie_168377.jpg\",\"width\":301,\"height\":301,\"caption\":\"Webdo\"},\"image\":{\"@id\":\"https:\\\/\\\/www.webdo.tn\\\/fr\\\/#\\\/schema\\\/logo\\\/image\\\/\"},\"sameAs\":[\"https:\\\/\\\/www.facebook.com\\\/webdotn\",\"https:\\\/\\\/x.com\\\/webdo_tn\"],\"description\":\"Webdo est un m\u00e9dia num\u00e9rique tunisien fond\u00e9 en 2010, sp\u00e9cialis\u00e9 dans l\u2019actualit\u00e9 nationale et internationale, l\u2019\u00e9conomie, la soci\u00e9t\u00e9 et les analyses politiques. Le site s\u2019adresse \u00e0 un large public francophone et couvre l\u2019information tunisienne en temps r\u00e9el.\",\"email\":\"redac@webdo.tn\",\"legalName\":\"YNJ SARL\",\"foundingDate\":\"2010-09-06\",\"numberOfEmployees\":{\"@type\":\"QuantitativeValue\",\"minValue\":\"11\",\"maxValue\":\"50\"}},{\"@type\":\"Person\",\"@id\":\"https:\\\/\\\/www.webdo.tn\\\/fr\\\/#\\\/schema\\\/person\\\/c652cd8fc2b1b44412b5ffb48c5a911d\",\"name\":\"Mohamed Hedi Touati\",\"image\":{\"@type\":\"ImageObject\",\"inLanguage\":\"fr-FR\",\"@id\":\"https:\\\/\\\/secure.gravatar.com\\\/avatar\\\/9cfd402c745b7a685f13eed0ea6e59d2144a3c2fc50a3db6fd5ed451f6cddf1a?s=96&d=mm&r=g\",\"url\":\"https:\\\/\\\/secure.gravatar.com\\\/avatar\\\/9cfd402c745b7a685f13eed0ea6e59d2144a3c2fc50a3db6fd5ed451f6cddf1a?s=96&d=mm&r=g\",\"contentUrl\":\"https:\\\/\\\/secure.gravatar.com\\\/avatar\\\/9cfd402c745b7a685f13eed0ea6e59d2144a3c2fc50a3db6fd5ed451f6cddf1a?s=96&d=mm&r=g\",\"caption\":\"Mohamed Hedi Touati\"},\"url\":\"https:\\\/\\\/www.webdo.tn\\\/fr\\\/actualite\\\/author\\\/mohamed-hedi-touati\\\/\"}]}<\/script>\n<!-- \/ Yoast SEO Premium plugin. -->","yoast_head_json":{"title":"Mondial de volley : La Tunisie \u00e9limin\u00e9e en huiti\u00e8mes de finale par la R\u00e9publique tch\u00e8que - webdo","description":"Malgr\u00e9 une belle performance, la Tunisie est \u00e9limin\u00e9e en huiti\u00e8mes de finale du Mondial de volley contre la R\u00e9publique tch\u00e8que.","canonical":"https:\/\/www.webdo.tn\/fr\/actualite\/sport\/mondial-de-volley-la-tunisie-eliminee-en-huitiemes-de-finale-par-la-republique-tcheque\/384055\/","og_locale":"fr_FR","og_type":"article","og_title":"Mondial de volley : La Tunisie \u00e9limin\u00e9e en huiti\u00e8mes de finale par la R\u00e9publique tch\u00e8que","og_description":"Malgr\u00e9 une belle performance, la Tunisie est \u00e9limin\u00e9e en huiti\u00e8mes de finale du Mondial de volley contre la R\u00e9publique tch\u00e8que.","og_url":"https:\/\/www.webdo.tn\/fr\/actualite\/sport\/mondial-de-volley-la-tunisie-eliminee-en-huitiemes-de-finale-par-la-republique-tcheque\/384055\/","og_site_name":"webdo","article_publisher":"https:\/\/www.facebook.com\/webdotn","article_published_time":"2025-09-23T09:25:41+00:00","article_modified_time":"2025-09-23T13:53:53+00:00","og_image":[{"width":1200,"height":605,"url":"https:\/\/www.webdo.tn\/fr\/wp-content\/uploads\/2025\/09\/EN-volley.jpg","type":"image\/jpeg"}],"author":"Mohamed Hedi Touati","twitter_card":"summary_large_image","twitter_creator":"@webdo_tn","twitter_site":"@webdo_tn","twitter_misc":{"\u00c9crit par":"Mohamed Hedi Touati","Dur\u00e9e de lecture estim\u00e9e":"1 minute"},"schema":{"@context":"https:\/\/schema.org","@graph":[{"@type":"NewsArticle","@id":"https:\/\/www.webdo.tn\/fr\/actualite\/sport\/mondial-de-volley-la-tunisie-eliminee-en-huitiemes-de-finale-par-la-republique-tcheque\/384055\/#article","isPartOf":{"@id":"https:\/\/www.webdo.tn\/fr\/actualite\/sport\/mondial-de-volley-la-tunisie-eliminee-en-huitiemes-de-finale-par-la-republique-tcheque\/384055\/"},"author":{"name":"Mohamed Hedi Touati","@id":"https:\/\/www.webdo.tn\/fr\/#\/schema\/person\/c652cd8fc2b1b44412b5ffb48c5a911d"},"headline":"Mondial de volley : La Tunisie \u00e9limin\u00e9e en huiti\u00e8mes de finale par la R\u00e9publique tch\u00e8que","datePublished":"2025-09-23T09:25:41+00:00","dateModified":"2025-09-23T13:53:53+00:00","mainEntityOfPage":{"@id":"https:\/\/www.webdo.tn\/fr\/actualite\/sport\/mondial-de-volley-la-tunisie-eliminee-en-huitiemes-de-finale-par-la-republique-tcheque\/384055\/"},"wordCount":178,"publisher":{"@id":"https:\/\/www.webdo.tn\/fr\/#organization"},"image":{"@id":"https:\/\/www.webdo.tn\/fr\/actualite\/sport\/mondial-de-volley-la-tunisie-eliminee-en-huitiemes-de-finale-par-la-republique-tcheque\/384055\/#primaryimage"},"thumbnailUrl":"https:\/\/www.webdo.tn\/fr\/wp-content\/uploads\/2025\/09\/EN-volley.jpg","keywords":["huiti\u00e8mes de finale","mondial volleyball","R\u00e9publique tch\u00e9que","Tunisie"],"articleSection":["Sport"],"inLanguage":"fr-FR"},{"@type":"WebPage","@id":"https:\/\/www.webdo.tn\/fr\/actualite\/sport\/mondial-de-volley-la-tunisie-eliminee-en-huitiemes-de-finale-par-la-republique-tcheque\/384055\/","url":"https:\/\/www.webdo.tn\/fr\/actualite\/sport\/mondial-de-volley-la-tunisie-eliminee-en-huitiemes-de-finale-par-la-republique-tcheque\/384055\/","name":"Mondial de volley : La Tunisie \u00e9limin\u00e9e en huiti\u00e8mes de finale par la R\u00e9publique tch\u00e8que - webdo","isPartOf":{"@id":"https:\/\/www.webdo.tn\/fr\/#website"},"primaryImageOfPage":{"@id":"https:\/\/www.webdo.tn\/fr\/actualite\/sport\/mondial-de-volley-la-tunisie-eliminee-en-huitiemes-de-finale-par-la-republique-tcheque\/384055\/#primaryimage"},"image":{"@id":"https:\/\/www.webdo.tn\/fr\/actualite\/sport\/mondial-de-volley-la-tunisie-eliminee-en-huitiemes-de-finale-par-la-republique-tcheque\/384055\/#primaryimage"},"thumbnailUrl":"https:\/\/www.webdo.tn\/fr\/wp-content\/uploads\/2025\/09\/EN-volley.jpg","datePublished":"2025-09-23T09:25:41+00:00","dateModified":"2025-09-23T13:53:53+00:00","description":"Malgr\u00e9 une belle performance, la Tunisie est \u00e9limin\u00e9e en huiti\u00e8mes de finale du Mondial de volley contre la R\u00e9publique tch\u00e8que.","breadcrumb":{"@id":"https:\/\/www.webdo.tn\/fr\/actualite\/sport\/mondial-de-volley-la-tunisie-eliminee-en-huitiemes-de-finale-par-la-republique-tcheque\/384055\/#breadcrumb"},"inLanguage":"fr-FR","potentialAction":[{"@type":"ReadAction","target":["https:\/\/www.webdo.tn\/fr\/actualite\/sport\/mondial-de-volley-la-tunisie-eliminee-en-huitiemes-de-finale-par-la-republique-tcheque\/384055\/"]}]},{"@type":"ImageObject","inLanguage":"fr-FR","@id":"https:\/\/www.webdo.tn\/fr\/actualite\/sport\/mondial-de-volley-la-tunisie-eliminee-en-huitiemes-de-finale-par-la-republique-tcheque\/384055\/#primaryimage","url":"https:\/\/www.webdo.tn\/fr\/wp-content\/uploads\/2025\/09\/EN-volley.jpg","contentUrl":"https:\/\/www.webdo.tn\/fr\/wp-content\/uploads\/2025\/09\/EN-volley.jpg","width":1200,"height":605,"caption":"Mondial de volley : La Tunisie \u00e9limin\u00e9e en huiti\u00e8mes de finale par la R\u00e9publique tch\u00e8que"},{"@type":"BreadcrumbList","@id":"https:\/\/www.webdo.tn\/fr\/actualite\/sport\/mondial-de-volley-la-tunisie-eliminee-en-huitiemes-de-finale-par-la-republique-tcheque\/384055\/#breadcrumb","itemListElement":[{"@type":"ListItem","position":1,"name":"Accueil","item":"https:\/\/www.webdo.tn\/fr\/"},{"@type":"ListItem","position":2,"name":"Mondial de volley : La Tunisie \u00e9limin\u00e9e en huiti\u00e8mes de finale par la R\u00e9publique tch\u00e8que"}]},{"@type":"WebSite","@id":"https:\/\/www.webdo.tn\/fr\/#website","url":"https:\/\/www.webdo.tn\/fr\/","name":"webdo","description":"Tunisie - News en Tunisie et \u00e0 l&#039;international sur Webdo.tn","publisher":{"@id":"https:\/\/www.webdo.tn\/fr\/#organization"},"potentialAction":[{"@type":"SearchAction","target":{"@type":"EntryPoint","urlTemplate":"https:\/\/www.webdo.tn\/fr\/?s={search_term_string}"},"query-input":{"@type":"PropertyValueSpecification","valueRequired":true,"valueName":"search_term_string"}}],"inLanguage":"fr-FR"},{"@type":"Organization","@id":"https:\/\/www.webdo.tn\/fr\/#organization","name":"Webdo","alternateName":"Webdo.tn","url":"https:\/\/www.webdo.tn\/fr\/","logo":{"@type":"ImageObject","inLanguage":"fr-FR","@id":"https:\/\/www.webdo.tn\/fr\/#\/schema\/logo\/image\/","url":"https:\/\/www.webdo.tn\/fr\/wp-content\/uploads\/2025\/06\/Webdo-Tunisie_168377.jpg","contentUrl":"https:\/\/www.webdo.tn\/fr\/wp-content\/uploads\/2025\/06\/Webdo-Tunisie_168377.jpg","width":301,"height":301,"caption":"Webdo"},"image":{"@id":"https:\/\/www.webdo.tn\/fr\/#\/schema\/logo\/image\/"},"sameAs":["https:\/\/www.facebook.com\/webdotn","https:\/\/x.com\/webdo_tn"],"description":"Webdo est un m\u00e9dia num\u00e9rique tunisien fond\u00e9 en 2010, sp\u00e9cialis\u00e9 dans l\u2019actualit\u00e9 nationale et internationale, l\u2019\u00e9conomie, la soci\u00e9t\u00e9 et les analyses politiques. Le site s\u2019adresse \u00e0 un large public francophone et couvre l\u2019information tunisienne en temps r\u00e9el.","email":"redac@webdo.tn","legalName":"YNJ SARL","foundingDate":"2010-09-06","numberOfEmployees":{"@type":"QuantitativeValue","minValue":"11","maxValue":"50"}},{"@type":"Person","@id":"https:\/\/www.webdo.tn\/fr\/#\/schema\/person\/c652cd8fc2b1b44412b5ffb48c5a911d","name":"Mohamed Hedi Touati","image":{"@type":"ImageObject","inLanguage":"fr-FR","@id":"https:\/\/secure.gravatar.com\/avatar\/9cfd402c745b7a685f13eed0ea6e59d2144a3c2fc50a3db6fd5ed451f6cddf1a?s=96&d=mm&r=g","url":"https:\/\/secure.gravatar.com\/avatar\/9cfd402c745b7a685f13eed0ea6e59d2144a3c2fc50a3db6fd5ed451f6cddf1a?s=96&d=mm&r=g","contentUrl":"https:\/\/secure.gravatar.com\/avatar\/9cfd402c745b7a685f13eed0ea6e59d2144a3c2fc50a3db6fd5ed451f6cddf1a?s=96&d=mm&r=g","caption":"Mohamed Hedi Touati"},"url":"https:\/\/www.webdo.tn\/fr\/actualite\/author\/mohamed-hedi-touati\/"}]}},"_links":{"self":[{"href":"https:\/\/www.webdo.tn\/fr\/wp-json\/wp\/v2\/posts\/384055","targetHints":{"allow":["GET"]}}],"collection":[{"href":"https:\/\/www.webdo.tn\/fr\/wp-json\/wp\/v2\/posts"}],"about":[{"href":"https:\/\/www.webdo.tn\/fr\/wp-json\/wp\/v2\/types\/post"}],"author":[{"embeddable":true,"href":"https:\/\/www.webdo.tn\/fr\/wp-json\/wp\/v2\/users\/3191"}],"replies":[{"embeddable":true,"href":"https:\/\/www.webdo.tn\/fr\/wp-json\/wp\/v2\/comments?post=384055"}],"version-history":[{"count":0,"href":"https:\/\/www.webdo.tn\/fr\/wp-json\/wp\/v2\/posts\/384055\/revisions"}],"wp:featuredmedia":[{"embeddable":true,"href":"https:\/\/www.webdo.tn\/fr\/wp-json\/wp\/v2\/media\/384056"}],"wp:attachment":[{"href":"https:\/\/www.webdo.tn\/fr\/wp-json\/wp\/v2\/media?parent=384055"}],"wp:term":[{"taxonomy":"category","embeddable":true,"href":"https:\/\/www.webdo.tn\/fr\/wp-json\/wp\/v2\/categories?post=384055"},{"taxonomy":"post_tag","embeddable":true,"href":"https:\/\/www.webdo.tn\/fr\/wp-json\/wp\/v2\/tags?post=384055"}],"curies":[{"name":"wp","href":"https:\/\/api.w.org\/{rel}","templated":true}]}}