{"id":384009,"date":"2025-09-22T15:52:17","date_gmt":"2025-09-22T14:52:17","guid":{"rendered":"https:\/\/www.webdo.tn\/fr\/?p=384009"},"modified":"2025-09-23T09:45:20","modified_gmt":"2025-09-23T08:45:20","slug":"tunisie-lotic-alerte-sur-les-defaillances-du-systeme-dassurance-maladie","status":"publish","type":"post","link":"https:\/\/www.webdo.tn\/fr\/actualite\/national\/tunisie-lotic-alerte-sur-les-defaillances-du-systeme-dassurance-maladie\/384009\/","title":{"rendered":"Tunisie : L\u2019OTIC alerte sur les d\u00e9faillances du syst\u00e8me d\u2019assurance maladie"},"content":{"rendered":"\n<p><strong>L\u2019Organisation tunisienne pour informer le consommateur (OTIC) a tir\u00e9 la sonnette d\u2019alarme, lundi 22 septembre 2025, sur les dysfonctionnements majeurs du syst\u00e8me de s\u00e9curit\u00e9 sociale en Tunisie. D\u00e9lais excessifs de remboursement, plafonds inadapt\u00e9s et manque de transparence dans la tarification m\u00e9dicale p\u00e8sent lourdement sur les assur\u00e9s et menacent l\u2019acc\u00e8s \u00e9quitable aux soins.<\/strong><\/p>\n\n\n\n<h2 class=\"wp-block-heading\" id=\"h-des-assures-sociaux-etrangles\">Des assur\u00e9s sociaux \u00e9trangl\u00e9s<\/h2>\n\n\n\n<p>Selon l\u2019OTIC, les assur\u00e9s tunisiens supportent directement entre 38% et 40% des d\u00e9penses de sant\u00e9, bien au-del\u00e0 du seuil de 25% recommand\u00e9 par l\u2019Organisation mondiale de la sant\u00e9 (OMS). Le salaire minimum garanti dans l\u2019industrie, fix\u00e9 \u00e0 566,512 dinars par mois, rend le plafond actuel de remboursement \u00ab injuste \u00bb face \u00e0 l\u2019augmentation continue du prix des traitements.<\/p>\n\n\n\n<p>Les d\u00e9lais de remboursement d\u00e9passent dans de nombreux cas cinq mois, alors que plus de 3 millions de demandes sont d\u00e9pos\u00e9es chaque ann\u00e9e, dont la majorit\u00e9 concerne plus d\u2019un million de malades chroniques. Ces lenteurs administratives, qualifi\u00e9es d\u2019\u00ab injustifi\u00e9es \u00bb, aggravent la d\u00e9t\u00e9rioration de l\u2019\u00e9tat de sant\u00e9 des patients contraints de reporter ou d\u2019abandonner leurs soins.<\/p>\n\n\n\n<h2 class=\"wp-block-heading\" id=\"h-des-plafonds-inadaptes-et-une-tarification-opaque\">Des plafonds inadapt\u00e9s et une tarification opaque<\/h2>\n\n\n\n<p>L\u2019OTIC rel\u00e8ve que les plafonds de couverture n\u2019\u00e9voluent pas au rythme de l\u2019inflation, ce qui oblige les assur\u00e9s \u00e0 assumer de lourdes d\u00e9penses apr\u00e8s seulement quelques mois de traitement.<\/p>\n\n\n\n<p>Par ailleurs, l\u2019organisation d\u00e9nonce un manque de transparence dans la tarification des cliniques et cabinets priv\u00e9s, qui ne publient pas leurs tarifs malgr\u00e9 l\u2019obligation l\u00e9gale, exposant ainsi les patients \u00e0 des \u00ab factures surprises \u00bb. Certains \u00e9tablissements ne respecteraient m\u00eame pas les tarifs de r\u00e9f\u00e9rence de la Caisse nationale d\u2019assurance maladie (CNAM).<\/p>\n\n\n\n<h2 class=\"wp-block-heading\" id=\"h-abus-reveles-par-la-cour-des-comptes\">Abus r\u00e9v\u00e9l\u00e9s par la Cour des comptes<\/h2>\n\n\n\n<p>Le 32\u1d49 rapport annuel de la Cour des comptes a mis en \u00e9vidence de graves abus : marges b\u00e9n\u00e9ficiaires excessives atteignant parfois 300% sur certains produits m\u00e9dicaux, et hausses ill\u00e9gales de prix de m\u00e9dicaments avec des marges allant de 26% \u00e0 160%, au lieu des 10% autoris\u00e9s.<\/p>\n\n\n\n<p>Pour l\u2019OTIC, ces pratiques constituent une \u00ab violation flagrante \u00bb du droit constitutionnel \u00e0 la sant\u00e9, garanti par l\u2019article 38 de la Constitution tunisienne.<\/p>\n\n\n\n<h2 class=\"wp-block-heading\" id=\"h-les-reformes-reclamees-par-l-otic\">Les r\u00e9formes r\u00e9clam\u00e9es par l\u2019OTIC<\/h2>\n\n\n\n<p>Face \u00e0 cette situation, l\u2019organisation appelle \u00e0 fixer un d\u00e9lai maximal de 15 jours pour le traitement et le remboursement des dossiers ; \u00e0 r\u00e9viser r\u00e9guli\u00e8rement le plafond annuel de couverture en fonction du salaire minimum, du pouvoir d\u2019achat et de l\u2019inflation ; \u00e0 \u00e9largir la liste des maladies graves et chroniques prises en charge ; et \u00e0 acc\u00e9l\u00e9rer la g\u00e9n\u00e9ralisation de la carte \u00e9lectronique \u00ab Labess \u00bb, destin\u00e9e \u00e0 fluidifier les proc\u00e9dures.<\/p>\n\n\n\n<p><\/p>\n\n\n\n<ul class=\"wp-block-list\">\n<li>Lire aussi : <a href=\"https:\/\/www.webdo.tn\/fr\/actualite\/national\/tunisie-flambee-record-des-prix-de-la-viande-et-hausse-des-tarifs-internet-alerte-lotic\/384000\/\">Tunisie : Flamb\u00e9e record des prix de la viande et hausse des tarifs internet, alerte l\u2019OTIC<\/a><\/li>\n<\/ul>\n","protected":false},"excerpt":{"rendered":"<p>L\u2019Organisation tunisienne pour informer le consommateur (OTIC) a tir\u00e9 la sonnette d\u2019alarme, lundi 22 septembre 2025, sur les dysfonctionnements majeurs du syst\u00e8me de s\u00e9curit\u00e9 sociale en Tunisie. D\u00e9lais excessifs de remboursement, plafonds inadapt\u00e9s et manque de transparence dans la tarification m\u00e9dicale p\u00e8sent lourdement sur les assur\u00e9s et menacent l\u2019acc\u00e8s \u00e9quitable aux soins. Des assur\u00e9s sociaux [&hellip;]<\/p>\n","protected":false},"author":3191,"featured_media":384010,"comment_status":"closed","ping_status":"closed","sticky":false,"template":"","format":"standard","meta":{"footnotes":""},"categories":[44],"tags":[5371,4588,12936,9361,2608],"class_list":["post-384009","post","type-post","status-publish","format-standard","has-post-thumbnail","hentry","category-national","tag-assurance-maladie","tag-cnam","tag-organisation-tunisienne-pour-informer-le-consommateur","tag-otic","tag-tunisie"],"yoast_head":"<!-- This site is optimized with the Yoast SEO Premium plugin v27.5 (Yoast SEO v27.5) - https:\/\/yoast.com\/product\/yoast-seo-premium-wordpress\/ -->\n<title>Tunisie : L\u2019OTIC alerte sur les d\u00e9faillances du syst\u00e8me d\u2019assurance maladie - webdo<\/title>\n<meta name=\"description\" content=\"Explorez les alertes de l&#039;OTIC concernant le syst\u00e8me d&#039;assurance maladie en Tunisie et les probl\u00e8mes majeurs rencontr\u00e9s par les assur\u00e9s.\" \/>\n<link rel=\"canonical\" href=\"https:\/\/www.webdo.tn\/fr\/actualite\/national\/tunisie-lotic-alerte-sur-les-defaillances-du-systeme-dassurance-maladie\/384009\/\" \/>\n<meta property=\"og:locale\" content=\"fr_FR\" \/>\n<meta property=\"og:type\" content=\"article\" \/>\n<meta property=\"og:title\" content=\"Tunisie : L\u2019OTIC alerte sur les d\u00e9faillances du syst\u00e8me d\u2019assurance maladie\" \/>\n<meta property=\"og:description\" content=\"Explorez les alertes de l&#039;OTIC concernant le syst\u00e8me d&#039;assurance maladie en Tunisie et les probl\u00e8mes majeurs rencontr\u00e9s par les assur\u00e9s.\" \/>\n<meta property=\"og:url\" content=\"https:\/\/www.webdo.tn\/fr\/actualite\/national\/tunisie-lotic-alerte-sur-les-defaillances-du-systeme-dassurance-maladie\/384009\/\" \/>\n<meta property=\"og:site_name\" content=\"webdo\" \/>\n<meta property=\"article:publisher\" content=\"https:\/\/www.facebook.com\/webdotn\" \/>\n<meta property=\"article:published_time\" content=\"2025-09-22T14:52:17+00:00\" \/>\n<meta property=\"article:modified_time\" content=\"2025-09-23T08:45:20+00:00\" \/>\n<meta property=\"og:image\" content=\"https:\/\/www.webdo.tn\/fr\/wp-content\/uploads\/2025\/09\/cnam.jpg\" \/>\n\t<meta property=\"og:image:width\" content=\"1200\" \/>\n\t<meta property=\"og:image:height\" content=\"596\" \/>\n\t<meta property=\"og:image:type\" content=\"image\/jpeg\" \/>\n<meta name=\"author\" content=\"Mohamed Hedi Touati\" \/>\n<meta name=\"twitter:card\" content=\"summary_large_image\" \/>\n<meta name=\"twitter:creator\" content=\"@webdo_tn\" \/>\n<meta name=\"twitter:site\" content=\"@webdo_tn\" \/>\n<meta name=\"twitter:label1\" content=\"\u00c9crit par\" \/>\n\t<meta name=\"twitter:data1\" content=\"Mohamed Hedi Touati\" \/>\n\t<meta name=\"twitter:label2\" content=\"Dur\u00e9e de lecture estim\u00e9e\" \/>\n\t<meta name=\"twitter:data2\" content=\"3 minutes\" \/>\n<script type=\"application\/ld+json\" class=\"yoast-schema-graph\">{\"@context\":\"https:\\\/\\\/schema.org\",\"@graph\":[{\"@type\":\"NewsArticle\",\"@id\":\"https:\\\/\\\/www.webdo.tn\\\/fr\\\/actualite\\\/national\\\/tunisie-lotic-alerte-sur-les-defaillances-du-systeme-dassurance-maladie\\\/384009\\\/#article\",\"isPartOf\":{\"@id\":\"https:\\\/\\\/www.webdo.tn\\\/fr\\\/actualite\\\/national\\\/tunisie-lotic-alerte-sur-les-defaillances-du-systeme-dassurance-maladie\\\/384009\\\/\"},\"author\":{\"name\":\"Mohamed Hedi Touati\",\"@id\":\"https:\\\/\\\/www.webdo.tn\\\/fr\\\/#\\\/schema\\\/person\\\/c652cd8fc2b1b44412b5ffb48c5a911d\"},\"headline\":\"Tunisie : L\u2019OTIC alerte sur les d\u00e9faillances du syst\u00e8me d\u2019assurance maladie\",\"datePublished\":\"2025-09-22T14:52:17+00:00\",\"dateModified\":\"2025-09-23T08:45:20+00:00\",\"mainEntityOfPage\":{\"@id\":\"https:\\\/\\\/www.webdo.tn\\\/fr\\\/actualite\\\/national\\\/tunisie-lotic-alerte-sur-les-defaillances-du-systeme-dassurance-maladie\\\/384009\\\/\"},\"wordCount\":484,\"publisher\":{\"@id\":\"https:\\\/\\\/www.webdo.tn\\\/fr\\\/#organization\"},\"image\":{\"@id\":\"https:\\\/\\\/www.webdo.tn\\\/fr\\\/actualite\\\/national\\\/tunisie-lotic-alerte-sur-les-defaillances-du-systeme-dassurance-maladie\\\/384009\\\/#primaryimage\"},\"thumbnailUrl\":\"https:\\\/\\\/www.webdo.tn\\\/fr\\\/wp-content\\\/uploads\\\/2025\\\/09\\\/cnam.jpg\",\"keywords\":[\"assurance maladie\",\"CNAM\",\"Organisation Tunisienne pour Informer le Consommateur\",\"otic\",\"Tunisie\"],\"articleSection\":[\"National\"],\"inLanguage\":\"fr-FR\"},{\"@type\":\"WebPage\",\"@id\":\"https:\\\/\\\/www.webdo.tn\\\/fr\\\/actualite\\\/national\\\/tunisie-lotic-alerte-sur-les-defaillances-du-systeme-dassurance-maladie\\\/384009\\\/\",\"url\":\"https:\\\/\\\/www.webdo.tn\\\/fr\\\/actualite\\\/national\\\/tunisie-lotic-alerte-sur-les-defaillances-du-systeme-dassurance-maladie\\\/384009\\\/\",\"name\":\"Tunisie : L\u2019OTIC alerte sur les d\u00e9faillances du syst\u00e8me d\u2019assurance maladie - webdo\",\"isPartOf\":{\"@id\":\"https:\\\/\\\/www.webdo.tn\\\/fr\\\/#website\"},\"primaryImageOfPage\":{\"@id\":\"https:\\\/\\\/www.webdo.tn\\\/fr\\\/actualite\\\/national\\\/tunisie-lotic-alerte-sur-les-defaillances-du-systeme-dassurance-maladie\\\/384009\\\/#primaryimage\"},\"image\":{\"@id\":\"https:\\\/\\\/www.webdo.tn\\\/fr\\\/actualite\\\/national\\\/tunisie-lotic-alerte-sur-les-defaillances-du-systeme-dassurance-maladie\\\/384009\\\/#primaryimage\"},\"thumbnailUrl\":\"https:\\\/\\\/www.webdo.tn\\\/fr\\\/wp-content\\\/uploads\\\/2025\\\/09\\\/cnam.jpg\",\"datePublished\":\"2025-09-22T14:52:17+00:00\",\"dateModified\":\"2025-09-23T08:45:20+00:00\",\"description\":\"Explorez les alertes de l'OTIC concernant le syst\u00e8me d'assurance maladie en Tunisie et les probl\u00e8mes majeurs rencontr\u00e9s par les assur\u00e9s.\",\"breadcrumb\":{\"@id\":\"https:\\\/\\\/www.webdo.tn\\\/fr\\\/actualite\\\/national\\\/tunisie-lotic-alerte-sur-les-defaillances-du-systeme-dassurance-maladie\\\/384009\\\/#breadcrumb\"},\"inLanguage\":\"fr-FR\",\"potentialAction\":[{\"@type\":\"ReadAction\",\"target\":[\"https:\\\/\\\/www.webdo.tn\\\/fr\\\/actualite\\\/national\\\/tunisie-lotic-alerte-sur-les-defaillances-du-systeme-dassurance-maladie\\\/384009\\\/\"]}]},{\"@type\":\"ImageObject\",\"inLanguage\":\"fr-FR\",\"@id\":\"https:\\\/\\\/www.webdo.tn\\\/fr\\\/actualite\\\/national\\\/tunisie-lotic-alerte-sur-les-defaillances-du-systeme-dassurance-maladie\\\/384009\\\/#primaryimage\",\"url\":\"https:\\\/\\\/www.webdo.tn\\\/fr\\\/wp-content\\\/uploads\\\/2025\\\/09\\\/cnam.jpg\",\"contentUrl\":\"https:\\\/\\\/www.webdo.tn\\\/fr\\\/wp-content\\\/uploads\\\/2025\\\/09\\\/cnam.jpg\",\"width\":1200,\"height\":596,\"caption\":\"Le manque de liquidit\u00e9s menace la CNAM, au bord de l\u2019implosion\"},{\"@type\":\"BreadcrumbList\",\"@id\":\"https:\\\/\\\/www.webdo.tn\\\/fr\\\/actualite\\\/national\\\/tunisie-lotic-alerte-sur-les-defaillances-du-systeme-dassurance-maladie\\\/384009\\\/#breadcrumb\",\"itemListElement\":[{\"@type\":\"ListItem\",\"position\":1,\"name\":\"Accueil\",\"item\":\"https:\\\/\\\/www.webdo.tn\\\/fr\\\/\"},{\"@type\":\"ListItem\",\"position\":2,\"name\":\"Tunisie : L\u2019OTIC alerte sur les d\u00e9faillances du syst\u00e8me d\u2019assurance maladie\"}]},{\"@type\":\"WebSite\",\"@id\":\"https:\\\/\\\/www.webdo.tn\\\/fr\\\/#website\",\"url\":\"https:\\\/\\\/www.webdo.tn\\\/fr\\\/\",\"name\":\"webdo\",\"description\":\"Tunisie - News en Tunisie et \u00e0 l&#039;international sur Webdo.tn\",\"publisher\":{\"@id\":\"https:\\\/\\\/www.webdo.tn\\\/fr\\\/#organization\"},\"potentialAction\":[{\"@type\":\"SearchAction\",\"target\":{\"@type\":\"EntryPoint\",\"urlTemplate\":\"https:\\\/\\\/www.webdo.tn\\\/fr\\\/?s={search_term_string}\"},\"query-input\":{\"@type\":\"PropertyValueSpecification\",\"valueRequired\":true,\"valueName\":\"search_term_string\"}}],\"inLanguage\":\"fr-FR\"},{\"@type\":\"Organization\",\"@id\":\"https:\\\/\\\/www.webdo.tn\\\/fr\\\/#organization\",\"name\":\"Webdo\",\"alternateName\":\"Webdo.tn\",\"url\":\"https:\\\/\\\/www.webdo.tn\\\/fr\\\/\",\"logo\":{\"@type\":\"ImageObject\",\"inLanguage\":\"fr-FR\",\"@id\":\"https:\\\/\\\/www.webdo.tn\\\/fr\\\/#\\\/schema\\\/logo\\\/image\\\/\",\"url\":\"https:\\\/\\\/www.webdo.tn\\\/fr\\\/wp-content\\\/uploads\\\/2025\\\/06\\\/Webdo-Tunisie_168377.jpg\",\"contentUrl\":\"https:\\\/\\\/www.webdo.tn\\\/fr\\\/wp-content\\\/uploads\\\/2025\\\/06\\\/Webdo-Tunisie_168377.jpg\",\"width\":301,\"height\":301,\"caption\":\"Webdo\"},\"image\":{\"@id\":\"https:\\\/\\\/www.webdo.tn\\\/fr\\\/#\\\/schema\\\/logo\\\/image\\\/\"},\"sameAs\":[\"https:\\\/\\\/www.facebook.com\\\/webdotn\",\"https:\\\/\\\/x.com\\\/webdo_tn\"],\"description\":\"Webdo est un m\u00e9dia num\u00e9rique tunisien fond\u00e9 en 2010, sp\u00e9cialis\u00e9 dans l\u2019actualit\u00e9 nationale et internationale, l\u2019\u00e9conomie, la soci\u00e9t\u00e9 et les analyses politiques. Le site s\u2019adresse \u00e0 un large public francophone et couvre l\u2019information tunisienne en temps r\u00e9el.\",\"email\":\"redac@webdo.tn\",\"legalName\":\"YNJ SARL\",\"foundingDate\":\"2010-09-06\",\"numberOfEmployees\":{\"@type\":\"QuantitativeValue\",\"minValue\":\"11\",\"maxValue\":\"50\"}},{\"@type\":\"Person\",\"@id\":\"https:\\\/\\\/www.webdo.tn\\\/fr\\\/#\\\/schema\\\/person\\\/c652cd8fc2b1b44412b5ffb48c5a911d\",\"name\":\"Mohamed Hedi Touati\",\"image\":{\"@type\":\"ImageObject\",\"inLanguage\":\"fr-FR\",\"@id\":\"https:\\\/\\\/secure.gravatar.com\\\/avatar\\\/9cfd402c745b7a685f13eed0ea6e59d2144a3c2fc50a3db6fd5ed451f6cddf1a?s=96&d=mm&r=g\",\"url\":\"https:\\\/\\\/secure.gravatar.com\\\/avatar\\\/9cfd402c745b7a685f13eed0ea6e59d2144a3c2fc50a3db6fd5ed451f6cddf1a?s=96&d=mm&r=g\",\"contentUrl\":\"https:\\\/\\\/secure.gravatar.com\\\/avatar\\\/9cfd402c745b7a685f13eed0ea6e59d2144a3c2fc50a3db6fd5ed451f6cddf1a?s=96&d=mm&r=g\",\"caption\":\"Mohamed Hedi Touati\"},\"url\":\"https:\\\/\\\/www.webdo.tn\\\/fr\\\/actualite\\\/author\\\/mohamed-hedi-touati\\\/\"}]}<\/script>\n<!-- \/ Yoast SEO Premium plugin. -->","yoast_head_json":{"title":"Tunisie : L\u2019OTIC alerte sur les d\u00e9faillances du syst\u00e8me d\u2019assurance maladie - webdo","description":"Explorez les alertes de l'OTIC concernant le syst\u00e8me d'assurance maladie en Tunisie et les probl\u00e8mes majeurs rencontr\u00e9s par les assur\u00e9s.","canonical":"https:\/\/www.webdo.tn\/fr\/actualite\/national\/tunisie-lotic-alerte-sur-les-defaillances-du-systeme-dassurance-maladie\/384009\/","og_locale":"fr_FR","og_type":"article","og_title":"Tunisie : L\u2019OTIC alerte sur les d\u00e9faillances du syst\u00e8me d\u2019assurance maladie","og_description":"Explorez les alertes de l'OTIC concernant le syst\u00e8me d'assurance maladie en Tunisie et les probl\u00e8mes majeurs rencontr\u00e9s par les assur\u00e9s.","og_url":"https:\/\/www.webdo.tn\/fr\/actualite\/national\/tunisie-lotic-alerte-sur-les-defaillances-du-systeme-dassurance-maladie\/384009\/","og_site_name":"webdo","article_publisher":"https:\/\/www.facebook.com\/webdotn","article_published_time":"2025-09-22T14:52:17+00:00","article_modified_time":"2025-09-23T08:45:20+00:00","og_image":[{"width":1200,"height":596,"url":"https:\/\/www.webdo.tn\/fr\/wp-content\/uploads\/2025\/09\/cnam.jpg","type":"image\/jpeg"}],"author":"Mohamed Hedi Touati","twitter_card":"summary_large_image","twitter_creator":"@webdo_tn","twitter_site":"@webdo_tn","twitter_misc":{"\u00c9crit par":"Mohamed Hedi Touati","Dur\u00e9e de lecture estim\u00e9e":"3 minutes"},"schema":{"@context":"https:\/\/schema.org","@graph":[{"@type":"NewsArticle","@id":"https:\/\/www.webdo.tn\/fr\/actualite\/national\/tunisie-lotic-alerte-sur-les-defaillances-du-systeme-dassurance-maladie\/384009\/#article","isPartOf":{"@id":"https:\/\/www.webdo.tn\/fr\/actualite\/national\/tunisie-lotic-alerte-sur-les-defaillances-du-systeme-dassurance-maladie\/384009\/"},"author":{"name":"Mohamed Hedi Touati","@id":"https:\/\/www.webdo.tn\/fr\/#\/schema\/person\/c652cd8fc2b1b44412b5ffb48c5a911d"},"headline":"Tunisie : L\u2019OTIC alerte sur les d\u00e9faillances du syst\u00e8me d\u2019assurance maladie","datePublished":"2025-09-22T14:52:17+00:00","dateModified":"2025-09-23T08:45:20+00:00","mainEntityOfPage":{"@id":"https:\/\/www.webdo.tn\/fr\/actualite\/national\/tunisie-lotic-alerte-sur-les-defaillances-du-systeme-dassurance-maladie\/384009\/"},"wordCount":484,"publisher":{"@id":"https:\/\/www.webdo.tn\/fr\/#organization"},"image":{"@id":"https:\/\/www.webdo.tn\/fr\/actualite\/national\/tunisie-lotic-alerte-sur-les-defaillances-du-systeme-dassurance-maladie\/384009\/#primaryimage"},"thumbnailUrl":"https:\/\/www.webdo.tn\/fr\/wp-content\/uploads\/2025\/09\/cnam.jpg","keywords":["assurance maladie","CNAM","Organisation Tunisienne pour Informer le Consommateur","otic","Tunisie"],"articleSection":["National"],"inLanguage":"fr-FR"},{"@type":"WebPage","@id":"https:\/\/www.webdo.tn\/fr\/actualite\/national\/tunisie-lotic-alerte-sur-les-defaillances-du-systeme-dassurance-maladie\/384009\/","url":"https:\/\/www.webdo.tn\/fr\/actualite\/national\/tunisie-lotic-alerte-sur-les-defaillances-du-systeme-dassurance-maladie\/384009\/","name":"Tunisie : L\u2019OTIC alerte sur les d\u00e9faillances du syst\u00e8me d\u2019assurance maladie - webdo","isPartOf":{"@id":"https:\/\/www.webdo.tn\/fr\/#website"},"primaryImageOfPage":{"@id":"https:\/\/www.webdo.tn\/fr\/actualite\/national\/tunisie-lotic-alerte-sur-les-defaillances-du-systeme-dassurance-maladie\/384009\/#primaryimage"},"image":{"@id":"https:\/\/www.webdo.tn\/fr\/actualite\/national\/tunisie-lotic-alerte-sur-les-defaillances-du-systeme-dassurance-maladie\/384009\/#primaryimage"},"thumbnailUrl":"https:\/\/www.webdo.tn\/fr\/wp-content\/uploads\/2025\/09\/cnam.jpg","datePublished":"2025-09-22T14:52:17+00:00","dateModified":"2025-09-23T08:45:20+00:00","description":"Explorez les alertes de l'OTIC concernant le syst\u00e8me d'assurance maladie en Tunisie et les probl\u00e8mes majeurs rencontr\u00e9s par les assur\u00e9s.","breadcrumb":{"@id":"https:\/\/www.webdo.tn\/fr\/actualite\/national\/tunisie-lotic-alerte-sur-les-defaillances-du-systeme-dassurance-maladie\/384009\/#breadcrumb"},"inLanguage":"fr-FR","potentialAction":[{"@type":"ReadAction","target":["https:\/\/www.webdo.tn\/fr\/actualite\/national\/tunisie-lotic-alerte-sur-les-defaillances-du-systeme-dassurance-maladie\/384009\/"]}]},{"@type":"ImageObject","inLanguage":"fr-FR","@id":"https:\/\/www.webdo.tn\/fr\/actualite\/national\/tunisie-lotic-alerte-sur-les-defaillances-du-systeme-dassurance-maladie\/384009\/#primaryimage","url":"https:\/\/www.webdo.tn\/fr\/wp-content\/uploads\/2025\/09\/cnam.jpg","contentUrl":"https:\/\/www.webdo.tn\/fr\/wp-content\/uploads\/2025\/09\/cnam.jpg","width":1200,"height":596,"caption":"Le manque de liquidit\u00e9s menace la CNAM, au bord de l\u2019implosion"},{"@type":"BreadcrumbList","@id":"https:\/\/www.webdo.tn\/fr\/actualite\/national\/tunisie-lotic-alerte-sur-les-defaillances-du-systeme-dassurance-maladie\/384009\/#breadcrumb","itemListElement":[{"@type":"ListItem","position":1,"name":"Accueil","item":"https:\/\/www.webdo.tn\/fr\/"},{"@type":"ListItem","position":2,"name":"Tunisie : L\u2019OTIC alerte sur les d\u00e9faillances du syst\u00e8me d\u2019assurance maladie"}]},{"@type":"WebSite","@id":"https:\/\/www.webdo.tn\/fr\/#website","url":"https:\/\/www.webdo.tn\/fr\/","name":"webdo","description":"Tunisie - News en Tunisie et \u00e0 l&#039;international sur Webdo.tn","publisher":{"@id":"https:\/\/www.webdo.tn\/fr\/#organization"},"potentialAction":[{"@type":"SearchAction","target":{"@type":"EntryPoint","urlTemplate":"https:\/\/www.webdo.tn\/fr\/?s={search_term_string}"},"query-input":{"@type":"PropertyValueSpecification","valueRequired":true,"valueName":"search_term_string"}}],"inLanguage":"fr-FR"},{"@type":"Organization","@id":"https:\/\/www.webdo.tn\/fr\/#organization","name":"Webdo","alternateName":"Webdo.tn","url":"https:\/\/www.webdo.tn\/fr\/","logo":{"@type":"ImageObject","inLanguage":"fr-FR","@id":"https:\/\/www.webdo.tn\/fr\/#\/schema\/logo\/image\/","url":"https:\/\/www.webdo.tn\/fr\/wp-content\/uploads\/2025\/06\/Webdo-Tunisie_168377.jpg","contentUrl":"https:\/\/www.webdo.tn\/fr\/wp-content\/uploads\/2025\/06\/Webdo-Tunisie_168377.jpg","width":301,"height":301,"caption":"Webdo"},"image":{"@id":"https:\/\/www.webdo.tn\/fr\/#\/schema\/logo\/image\/"},"sameAs":["https:\/\/www.facebook.com\/webdotn","https:\/\/x.com\/webdo_tn"],"description":"Webdo est un m\u00e9dia num\u00e9rique tunisien fond\u00e9 en 2010, sp\u00e9cialis\u00e9 dans l\u2019actualit\u00e9 nationale et internationale, l\u2019\u00e9conomie, la soci\u00e9t\u00e9 et les analyses politiques. Le site s\u2019adresse \u00e0 un large public francophone et couvre l\u2019information tunisienne en temps r\u00e9el.","email":"redac@webdo.tn","legalName":"YNJ SARL","foundingDate":"2010-09-06","numberOfEmployees":{"@type":"QuantitativeValue","minValue":"11","maxValue":"50"}},{"@type":"Person","@id":"https:\/\/www.webdo.tn\/fr\/#\/schema\/person\/c652cd8fc2b1b44412b5ffb48c5a911d","name":"Mohamed Hedi Touati","image":{"@type":"ImageObject","inLanguage":"fr-FR","@id":"https:\/\/secure.gravatar.com\/avatar\/9cfd402c745b7a685f13eed0ea6e59d2144a3c2fc50a3db6fd5ed451f6cddf1a?s=96&d=mm&r=g","url":"https:\/\/secure.gravatar.com\/avatar\/9cfd402c745b7a685f13eed0ea6e59d2144a3c2fc50a3db6fd5ed451f6cddf1a?s=96&d=mm&r=g","contentUrl":"https:\/\/secure.gravatar.com\/avatar\/9cfd402c745b7a685f13eed0ea6e59d2144a3c2fc50a3db6fd5ed451f6cddf1a?s=96&d=mm&r=g","caption":"Mohamed Hedi Touati"},"url":"https:\/\/www.webdo.tn\/fr\/actualite\/author\/mohamed-hedi-touati\/"}]}},"_links":{"self":[{"href":"https:\/\/www.webdo.tn\/fr\/wp-json\/wp\/v2\/posts\/384009","targetHints":{"allow":["GET"]}}],"collection":[{"href":"https:\/\/www.webdo.tn\/fr\/wp-json\/wp\/v2\/posts"}],"about":[{"href":"https:\/\/www.webdo.tn\/fr\/wp-json\/wp\/v2\/types\/post"}],"author":[{"embeddable":true,"href":"https:\/\/www.webdo.tn\/fr\/wp-json\/wp\/v2\/users\/3191"}],"replies":[{"embeddable":true,"href":"https:\/\/www.webdo.tn\/fr\/wp-json\/wp\/v2\/comments?post=384009"}],"version-history":[{"count":0,"href":"https:\/\/www.webdo.tn\/fr\/wp-json\/wp\/v2\/posts\/384009\/revisions"}],"wp:featuredmedia":[{"embeddable":true,"href":"https:\/\/www.webdo.tn\/fr\/wp-json\/wp\/v2\/media\/384010"}],"wp:attachment":[{"href":"https:\/\/www.webdo.tn\/fr\/wp-json\/wp\/v2\/media?parent=384009"}],"wp:term":[{"taxonomy":"category","embeddable":true,"href":"https:\/\/www.webdo.tn\/fr\/wp-json\/wp\/v2\/categories?post=384009"},{"taxonomy":"post_tag","embeddable":true,"href":"https:\/\/www.webdo.tn\/fr\/wp-json\/wp\/v2\/tags?post=384009"}],"curies":[{"name":"wp","href":"https:\/\/api.w.org\/{rel}","templated":true}]}}